{"id":3124,"date":"2019-07-22T11:20:36","date_gmt":"2019-07-22T11:20:36","guid":{"rendered":"https:\/\/allasorias.hu\/hirek\/?p=3124"},"modified":"2019-07-22T11:20:36","modified_gmt":"2019-07-22T11:20:36","slug":"irany-kozep-kelet-europa","status":"publish","type":"post","link":"https:\/\/allasorias.hu\/hirek\/irany-kozep-kelet-europa\/","title":{"rendered":"Ir\u00e1ny K\u00f6z\u00e9p-Kelet-Eur\u00f3pa"},"content":{"rendered":"<p><strong>A k\u00fclf\u00f6ldi befektet\u0151k el\u0151szeretettel teszik le a voksukat K\u00f6z\u00e9p-Kelet-Eur\u00f3pa mellett. Az eur\u00f3pai rangsorban Nagy-Britannia tov\u00e1bbra is az els\u0151, Magyarorsz\u00e1g a 15. helyen \u00e1ll &#8211; der\u00fcl ki az EY munkahelyteremt\u00e9ssel j\u00e1r\u00f3 befektet\u00e9seket vizsg\u00e1l\u00f3 felm\u00e9r\u00e9s\u00e9b\u0151l. A vil\u00e1g m\u00e1sodik legvonz\u00f3bb befektet\u00e9si c\u00e9lpontja K\u00f6z\u00e9p-Kelet-Eur\u00f3pa &#8211; k\u00f6z\u00f6lte az EY nemzetk\u00f6zi tan\u00e1csad\u00f3 c\u00e9g az EY European Attractiveness Survey alapj\u00e1n, amely a tavaly megval\u00f3sult, munkahelyteremt\u00e9ssel j\u00e1r\u00f3 beruh\u00e1z\u00e1sokat vizsg\u00e1lta. <\/strong><\/p>\n<p>A felm\u00e9r\u00e9st a CSA Institute v\u00e9gezte 2019. janu\u00e1r \u00e9s febru\u00e1r k\u00f6z\u00f6tt 506 nemzetk\u00f6zi d\u00f6nt\u00e9shoz\u00f3 megk\u00e9rdez\u00e9s\u00e9vel. A k\u00f6zlem\u00e9nyben kit\u00e9rnek arra, hogy Eur\u00f3p\u00e1ban hat \u00e9v ut\u00e1n m\u00e9rs\u00e9kl\u0151d\u00f6tt el\u0151sz\u00f6r a m\u0171k\u00f6d\u0151t\u0151ke-befektet\u00e9sek\u00a0 sz\u00e1ma, azonban a 6356 lez\u00e1rt projekttel \u00edgy is az elm\u00falt h\u00fasz \u00e9v m\u00e1sodik legjobb eredm\u00e9ny\u00e9t produk\u00e1lta a kontinens. Kiemelt\u00e9k, Nyugat-Eur\u00f3pa tov\u00e1bbra is a legvonz\u00f3bb terep vil\u00e1gszerte a befektet\u0151k sz\u00e1m\u00e1ra, 56 sz\u00e1zal\u00e9kuk sorolja a h\u00e1rom legn\u00e9pszer\u0171bb c\u00e9lpont k\u00f6z\u00e9. A felm\u00e9r\u00e9s eredm\u00e9nye alapj\u00e1n K\u00f6z\u00e9p-Kelet-Eur\u00f3pa m\u00e1r a m\u00e1sodik legvonz\u00f3bb r\u00e9gi\u00f3, megel\u0151zve \u00c9szak-Amerik\u00e1t \u00e9s K\u00edn\u00e1t is. A legt\u00f6bb eur\u00f3pai m\u0171k\u00f6d\u0151t\u0151ke-befektet\u00e9s tov\u00e1bbra is az Egyes\u00fclt Kir\u00e1lys\u00e1gba ir\u00e1nyult, a k\u00fcsz\u00f6b\u00f6n \u00e1ll\u00f3 Brexit miatt azonban \u00e9rezhet\u0151 a beruh\u00e1z\u00f3k bizonytalans\u00e1ga. A brit piacot Franciaorsz\u00e1g, majd N\u00e9metorsz\u00e1g k\u00f6veti a rangsorban. Magyarorsz\u00e1g a 15. helyen \u00e1ll a tavaly el\u00e9rt 101 FDI-tranzakci\u00f3val. Kimutatt\u00e1k, hogy Eur\u00f3p\u00e1ban a technol\u00f3giai szektor tov\u00e1bbra is vir\u00e1gzik. 2018-ban 1227 munkahelyteremt\u00e9ssel j\u00e1r\u00f3 beruh\u00e1z\u00e1s t\u00f6rt\u00e9nt, ami az \u00f6t \u00e9vvel ezel\u0151tti \u00e9rt\u00e9k dupl\u00e1ja. A n\u00f6veked\u00e9s els\u0151sorban az amerikai befektet\u0151knek volt k\u00f6sz\u00f6nhet\u0151, akik az \u00f6sszes tranzakci\u00f3 37 sz\u00e1zal\u00e9k\u00e1\u00e9rt feleltek. Ugyancsak er\u0151s volt a k\u00fclf\u00f6ldi beruh\u00e1z\u00e1si kedv olyan, hagyom\u00e1nyosnak mondhat\u00f3 eur\u00f3pai ipar\u00e1gakban is, mint a sz\u00e1ll\u00edtm\u00e1nyoz\u00e1s, a g\u00e9pipar \u00e9s a vegyipar. S\u00e1nta Mikl\u00f3s, az EY nemzetk\u00f6zi ad\u00f3z\u00e1ssal foglalkoz\u00f3 vezet\u0151je a k\u00f6zlem\u00e9nyben kifejtette, K\u00f6z\u00e9p- \u00e9s Kelet-Eur\u00f3pa az elm\u00falt harminc \u00e9vben befektet\u00e9si szempontb\u00f3l a kontinens m\u0171helyek\u00e9nt m\u0171k\u00f6d\u00f6tt. A sz\u0171k\u00fcl\u0151 munkaer\u0151piac \u00e9s az emelked\u0151 b\u00e9rek miatt azonban ez megv\u00e1ltozott, K\u00f6z\u00e9p-Eur\u00f3pa m\u00e1r Nyugat-Eur\u00f3pa el\u0151v\u00e1rosa &#8211; fogalmazott a szakember.<\/p>\n<p>Forr\u00e1s: novekedes.hu<\/p>\n","protected":false},"excerpt":{"rendered":"<p>A k\u00fclf\u00f6ldi befektet\u0151k el\u0151szeretettel teszik le a voksukat K\u00f6z\u00e9p-Kelet-Eur\u00f3pa mellett. Az eur\u00f3pai rangsorban Nagy-Britannia tov\u00e1bbra is az els\u0151, Magyarorsz\u00e1g a 15. helyen \u00e1ll &#8211; der\u00fcl ki az EY munkahelyteremt\u00e9ssel j\u00e1r\u00f3 befektet\u00e9seket vizsg\u00e1l\u00f3 felm\u00e9r\u00e9s\u00e9b\u0151l. A vil\u00e1g m\u00e1sodik legvonz\u00f3bb befektet\u00e9si c\u00e9lpontja K\u00f6z\u00e9p-Kelet-Eur\u00f3pa &#8211; k\u00f6z\u00f6lte az EY nemzetk\u00f6zi tan\u00e1csad\u00f3 c\u00e9g az EY European Attractiveness Survey alapj\u00e1n, amely a [&hellip;]<\/p>\n","protected":false},"author":1,"featured_media":3125,"comment_status":"open","ping_status":"open","sticky":false,"template":"","format":"standard","meta":{"_monsterinsights_skip_tracking":false,"footnotes":""},"categories":[201],"tags":[],"class_list":["post-3124","post","type-post","status-publish","format-standard","has-post-thumbnail","hentry","category-kulfold"],"aioseo_notices":[],"aioseo_head":"\n\t\t<!-- All in One SEO 5.0.0.1 - aioseo.com -->\n\t<meta name=\"description\" content=\"A k\u00fclf\u00f6ldi befektet\u0151k el\u0151szeretettel teszik le a voksukat K\u00f6z\u00e9p-Kelet-Eur\u00f3pa mellett. Az eur\u00f3pai rangsorban Nagy-Britannia tov\u00e1bbra is az els\u0151, Magyarorsz\u00e1g a 15. helyen \u00e1ll - der\u00fcl ki az EY munkahelyteremt\u00e9ssel j\u00e1r\u00f3 befektet\u00e9seket vizsg\u00e1l\u00f3 felm\u00e9r\u00e9s\u00e9b\u0151l. A vil\u00e1g m\u00e1sodik legvonz\u00f3bb befektet\u00e9si c\u00e9lpontja K\u00f6z\u00e9p-Kelet-Eur\u00f3pa - k\u00f6z\u00f6lte az EY nemzetk\u00f6zi tan\u00e1csad\u00f3 c\u00e9g az EY European Attractiveness Survey alapj\u00e1n, amely a\" \/>\n\t<meta name=\"robots\" content=\"max-image-preview:large\" \/>\n\t<meta name=\"author\" content=\"Juh\u00e1sz P\u00e9ter\"\/>\n\t<link rel=\"canonical\" href=\"https:\/\/allasorias.hu\/hirek\/irany-kozep-kelet-europa\/\" \/>\n\t<meta name=\"generator\" content=\"All in One SEO (AIOSEO) 5.0.0.1\" \/>\n\t\t<meta property=\"og:locale\" content=\"hu_HU\" \/>\n\t\t<meta property=\"og:site_name\" content=\"AllasOrias.hu | H\u00edrek-lapszemle | \u00dczleti h\u00edrek az \u00e1ll\u00e1s \u00e9s a munka vil\u00e1g\u00e1b\u00f3l\" \/>\n\t\t<meta property=\"og:type\" content=\"article\" \/>\n\t\t<meta property=\"og:title\" content=\"Ir\u00e1ny K\u00f6z\u00e9p-Kelet-Eur\u00f3pa | AllasOrias.hu | H\u00edrek-lapszemle\" \/>\n\t\t<meta property=\"og:description\" content=\"A k\u00fclf\u00f6ldi befektet\u0151k el\u0151szeretettel teszik le a voksukat K\u00f6z\u00e9p-Kelet-Eur\u00f3pa mellett. Az eur\u00f3pai rangsorban Nagy-Britannia tov\u00e1bbra is az els\u0151, Magyarorsz\u00e1g a 15. helyen \u00e1ll - der\u00fcl ki az EY munkahelyteremt\u00e9ssel j\u00e1r\u00f3 befektet\u00e9seket vizsg\u00e1l\u00f3 felm\u00e9r\u00e9s\u00e9b\u0151l. A vil\u00e1g m\u00e1sodik legvonz\u00f3bb befektet\u00e9si c\u00e9lpontja K\u00f6z\u00e9p-Kelet-Eur\u00f3pa - k\u00f6z\u00f6lte az EY nemzetk\u00f6zi tan\u00e1csad\u00f3 c\u00e9g az EY European Attractiveness Survey alapj\u00e1n, amely a\" \/>\n\t\t<meta property=\"og:url\" content=\"https:\/\/allasorias.hu\/hirek\/irany-kozep-kelet-europa\/\" \/>\n\t\t<meta property=\"og:image\" content=\"https:\/\/allasorias.hu\/hirek\/wp-content\/uploads\/2019\/07\/adventure-baltic-sea-car-21014.jpg\" \/>\n\t\t<meta property=\"og:image:secure_url\" content=\"https:\/\/allasorias.hu\/hirek\/wp-content\/uploads\/2019\/07\/adventure-baltic-sea-car-21014.jpg\" \/>\n\t\t<meta property=\"og:image:width\" content=\"640\" \/>\n\t\t<meta property=\"og:image:height\" content=\"426\" \/>\n\t\t<meta property=\"article:published_time\" content=\"2019-07-22T11:20:36+00:00\" \/>\n\t\t<meta property=\"article:modified_time\" content=\"2019-07-22T11:20:36+00:00\" \/>\n\t\t<meta property=\"article:publisher\" content=\"https:\/\/www.facebook.com\/allasorias\" \/>\n\t\t<meta name=\"twitter:card\" content=\"summary_large_image\" \/>\n\t\t<meta name=\"twitter:title\" content=\"Ir\u00e1ny K\u00f6z\u00e9p-Kelet-Eur\u00f3pa | AllasOrias.hu | H\u00edrek-lapszemle\" \/>\n\t\t<meta name=\"twitter:description\" content=\"A k\u00fclf\u00f6ldi befektet\u0151k el\u0151szeretettel teszik le a voksukat K\u00f6z\u00e9p-Kelet-Eur\u00f3pa mellett. Az eur\u00f3pai rangsorban Nagy-Britannia tov\u00e1bbra is az els\u0151, Magyarorsz\u00e1g a 15. helyen \u00e1ll - der\u00fcl ki az EY munkahelyteremt\u00e9ssel j\u00e1r\u00f3 befektet\u00e9seket vizsg\u00e1l\u00f3 felm\u00e9r\u00e9s\u00e9b\u0151l. A vil\u00e1g m\u00e1sodik legvonz\u00f3bb befektet\u00e9si c\u00e9lpontja K\u00f6z\u00e9p-Kelet-Eur\u00f3pa - k\u00f6z\u00f6lte az EY nemzetk\u00f6zi tan\u00e1csad\u00f3 c\u00e9g az EY European Attractiveness Survey alapj\u00e1n, amely a\" \/>\n\t\t<meta name=\"twitter:image\" content=\"https:\/\/allasorias.hu\/hirek\/wp-content\/uploads\/2019\/07\/adventure-baltic-sea-car-21014.jpg\" \/>\n\t\t<meta name=\"twitter:label1\" content=\"Written by\" \/>\n\t\t<meta name=\"twitter:data1\" content=\"Juh\u00e1sz P\u00e9ter\" \/>\n\t\t<meta name=\"twitter:label2\" content=\"Est. reading time\" \/>\n\t\t<meta name=\"twitter:data2\" content=\"2 minutes\" \/>\n\t\t<script type=\"application\/ld+json\" class=\"aioseo-schema\">\n\t\t\t{\"@context\":\"https:\\\/\\\/schema.org\",\"@graph\":[{\"@type\":\"Article\",\"@id\":\"https:\\\/\\\/allasorias.hu\\\/hirek\\\/irany-kozep-kelet-europa\\\/#article\",\"name\":\"Ir\\u00e1ny K\\u00f6z\\u00e9p-Kelet-Eur\\u00f3pa | AllasOrias.hu | H\\u00edrek-lapszemle\",\"headline\":\"Ir\\u00e1ny K\\u00f6z\\u00e9p-Kelet-Eur\\u00f3pa\",\"author\":{\"@id\":\"https:\\\/\\\/allasorias.hu\\\/hirek\\\/author\\\/admin-allasorias\\\/#author\"},\"publisher\":{\"@id\":\"https:\\\/\\\/allasorias.hu\\\/hirek\\\/#organization\"},\"image\":{\"@type\":\"ImageObject\",\"url\":\"https:\\\/\\\/allasorias.hu\\\/hirek\\\/wp-content\\\/uploads\\\/2019\\\/07\\\/adventure-baltic-sea-car-21014.jpg\",\"width\":640,\"height\":426},\"datePublished\":\"2019-07-22T11:20:36+02:00\",\"dateModified\":\"2019-07-22T11:20:36+02:00\",\"inLanguage\":\"hu-HU\",\"mainEntityOfPage\":{\"@id\":\"https:\\\/\\\/allasorias.hu\\\/hirek\\\/irany-kozep-kelet-europa\\\/#webpage\"},\"isPartOf\":{\"@id\":\"https:\\\/\\\/allasorias.hu\\\/hirek\\\/irany-kozep-kelet-europa\\\/#webpage\"},\"articleSection\":\"K\\u00fclf\\u00f6ld\"},{\"@type\":\"BreadcrumbList\",\"@id\":\"https:\\\/\\\/allasorias.hu\\\/hirek\\\/irany-kozep-kelet-europa\\\/#breadcrumblist\",\"itemListElement\":[{\"@type\":\"ListItem\",\"@id\":\"https:\\\/\\\/allasorias.hu\\\/hirek#listItem\",\"position\":1,\"name\":\"Home\",\"item\":\"https:\\\/\\\/allasorias.hu\\\/hirek\",\"nextItem\":{\"@type\":\"ListItem\",\"@id\":\"https:\\\/\\\/allasorias.hu\\\/hirek\\\/temak\\\/kulfold\\\/#listItem\",\"name\":\"K\\u00fclf\\u00f6ld\"}},{\"@type\":\"ListItem\",\"@id\":\"https:\\\/\\\/allasorias.hu\\\/hirek\\\/temak\\\/kulfold\\\/#listItem\",\"position\":2,\"name\":\"K\\u00fclf\\u00f6ld\",\"item\":\"https:\\\/\\\/allasorias.hu\\\/hirek\\\/temak\\\/kulfold\\\/\",\"nextItem\":{\"@type\":\"ListItem\",\"@id\":\"https:\\\/\\\/allasorias.hu\\\/hirek\\\/irany-kozep-kelet-europa\\\/#listItem\",\"name\":\"Ir\\u00e1ny K\\u00f6z\\u00e9p-Kelet-Eur\\u00f3pa\"},\"previousItem\":{\"@type\":\"ListItem\",\"@id\":\"https:\\\/\\\/allasorias.hu\\\/hirek#listItem\",\"name\":\"Home\"}},{\"@type\":\"ListItem\",\"@id\":\"https:\\\/\\\/allasorias.hu\\\/hirek\\\/irany-kozep-kelet-europa\\\/#listItem\",\"position\":3,\"name\":\"Ir\\u00e1ny K\\u00f6z\\u00e9p-Kelet-Eur\\u00f3pa\",\"previousItem\":{\"@type\":\"ListItem\",\"@id\":\"https:\\\/\\\/allasorias.hu\\\/hirek\\\/temak\\\/kulfold\\\/#listItem\",\"name\":\"K\\u00fclf\\u00f6ld\"}}]},{\"@type\":\"Organization\",\"@id\":\"https:\\\/\\\/allasorias.hu\\\/hirek\\\/#organization\",\"name\":\"AllasOrias.hu | H\\u00edrek-lapszemle\",\"description\":\"\\u00dczleti h\\u00edrek az \\u00e1ll\\u00e1s \\u00e9s a munka vil\\u00e1g\\u00e1b\\u00f3l\",\"url\":\"https:\\\/\\\/allasorias.hu\\\/hirek\\\/\",\"logo\":{\"@type\":\"ImageObject\",\"url\":\"https:\\\/\\\/allasorias.hu\\\/hirek\\\/wp-content\\\/uploads\\\/2022\\\/10\\\/allasorias_site_facebok_logo.png\",\"@id\":\"https:\\\/\\\/allasorias.hu\\\/hirek\\\/irany-kozep-kelet-europa\\\/#organizationLogo\"},\"image\":{\"@id\":\"https:\\\/\\\/allasorias.hu\\\/hirek\\\/irany-kozep-kelet-europa\\\/#organizationLogo\"},\"sameAs\":[\"https:\\\/\\\/www.facebook.com\\\/allasorias\",\"https:\\\/\\\/www.linkedin.com\\\/company\\\/allasorias\"]},{\"@type\":\"Person\",\"@id\":\"https:\\\/\\\/allasorias.hu\\\/hirek\\\/author\\\/admin-allasorias\\\/#author\",\"url\":\"https:\\\/\\\/allasorias.hu\\\/hirek\\\/author\\\/admin-allasorias\\\/\",\"name\":\"Juh\\u00e1sz P\\u00e9ter\",\"image\":{\"@type\":\"ImageObject\",\"@id\":\"https:\\\/\\\/allasorias.hu\\\/hirek\\\/irany-kozep-kelet-europa\\\/#authorImage\",\"url\":\"https:\\\/\\\/secure.gravatar.com\\\/avatar\\\/36e6bcb83148978b992977cb0f54d22feb0cce8a0a849a9410532bb2623ba4c6?s=96&d=mm&r=g\",\"width\":96,\"height\":96,\"caption\":\"Juh\\u00e1sz P\\u00e9ter\"}},{\"@type\":\"WebPage\",\"@id\":\"https:\\\/\\\/allasorias.hu\\\/hirek\\\/irany-kozep-kelet-europa\\\/#webpage\",\"url\":\"https:\\\/\\\/allasorias.hu\\\/hirek\\\/irany-kozep-kelet-europa\\\/\",\"name\":\"Ir\\u00e1ny K\\u00f6z\\u00e9p-Kelet-Eur\\u00f3pa | AllasOrias.hu | H\\u00edrek-lapszemle\",\"description\":\"A k\\u00fclf\\u00f6ldi befektet\\u0151k el\\u0151szeretettel teszik le a voksukat K\\u00f6z\\u00e9p-Kelet-Eur\\u00f3pa mellett. Az eur\\u00f3pai rangsorban Nagy-Britannia tov\\u00e1bbra is az els\\u0151, Magyarorsz\\u00e1g a 15. helyen \\u00e1ll - der\\u00fcl ki az EY munkahelyteremt\\u00e9ssel j\\u00e1r\\u00f3 befektet\\u00e9seket vizsg\\u00e1l\\u00f3 felm\\u00e9r\\u00e9s\\u00e9b\\u0151l. A vil\\u00e1g m\\u00e1sodik legvonz\\u00f3bb befektet\\u00e9si c\\u00e9lpontja K\\u00f6z\\u00e9p-Kelet-Eur\\u00f3pa - k\\u00f6z\\u00f6lte az EY nemzetk\\u00f6zi tan\\u00e1csad\\u00f3 c\\u00e9g az EY European Attractiveness Survey alapj\\u00e1n, amely a\",\"inLanguage\":\"hu-HU\",\"isPartOf\":{\"@id\":\"https:\\\/\\\/allasorias.hu\\\/hirek\\\/#website\"},\"breadcrumb\":{\"@id\":\"https:\\\/\\\/allasorias.hu\\\/hirek\\\/irany-kozep-kelet-europa\\\/#breadcrumblist\"},\"author\":{\"@id\":\"https:\\\/\\\/allasorias.hu\\\/hirek\\\/author\\\/admin-allasorias\\\/#author\"},\"creator\":{\"@id\":\"https:\\\/\\\/allasorias.hu\\\/hirek\\\/author\\\/admin-allasorias\\\/#author\"},\"image\":{\"@type\":\"ImageObject\",\"url\":\"https:\\\/\\\/allasorias.hu\\\/hirek\\\/wp-content\\\/uploads\\\/2019\\\/07\\\/adventure-baltic-sea-car-21014.jpg\",\"@id\":\"https:\\\/\\\/allasorias.hu\\\/hirek\\\/irany-kozep-kelet-europa\\\/#mainImage\",\"width\":640,\"height\":426},\"primaryImageOfPage\":{\"@id\":\"https:\\\/\\\/allasorias.hu\\\/hirek\\\/irany-kozep-kelet-europa\\\/#mainImage\"},\"datePublished\":\"2019-07-22T11:20:36+02:00\",\"dateModified\":\"2019-07-22T11:20:36+02:00\"},{\"@type\":\"WebSite\",\"@id\":\"https:\\\/\\\/allasorias.hu\\\/hirek\\\/#website\",\"url\":\"https:\\\/\\\/allasorias.hu\\\/hirek\\\/\",\"name\":\"AllasOrias.hu | H\\u00edrek-lapszemle\",\"description\":\"\\u00dczleti h\\u00edrek az \\u00e1ll\\u00e1s \\u00e9s a munka vil\\u00e1g\\u00e1b\\u00f3l\",\"inLanguage\":\"hu-HU\",\"publisher\":{\"@id\":\"https:\\\/\\\/allasorias.hu\\\/hirek\\\/#organization\"}}]}\n\t\t<\/script>\n\t\t<!-- All in One SEO -->\n\n","aioseo_head_json":{"title":"Ir\u00e1ny K\u00f6z\u00e9p-Kelet-Eur\u00f3pa | AllasOrias.hu | H\u00edrek-lapszemle","description":"A k\u00fclf\u00f6ldi befektet\u0151k el\u0151szeretettel teszik le a voksukat K\u00f6z\u00e9p-Kelet-Eur\u00f3pa mellett. Az eur\u00f3pai rangsorban Nagy-Britannia tov\u00e1bbra is az els\u0151, Magyarorsz\u00e1g a 15. helyen \u00e1ll - der\u00fcl ki az EY munkahelyteremt\u00e9ssel j\u00e1r\u00f3 befektet\u00e9seket vizsg\u00e1l\u00f3 felm\u00e9r\u00e9s\u00e9b\u0151l. A vil\u00e1g m\u00e1sodik legvonz\u00f3bb befektet\u00e9si c\u00e9lpontja K\u00f6z\u00e9p-Kelet-Eur\u00f3pa - k\u00f6z\u00f6lte az EY nemzetk\u00f6zi tan\u00e1csad\u00f3 c\u00e9g az EY European Attractiveness Survey alapj\u00e1n, amely a","canonical_url":"https:\/\/allasorias.hu\/hirek\/irany-kozep-kelet-europa\/","robots":"max-image-preview:large","keywords":"","webmasterTools":{"miscellaneous":""},"schema":{"@context":"https:\/\/schema.org","@graph":[{"@type":"Article","@id":"https:\/\/allasorias.hu\/hirek\/irany-kozep-kelet-europa\/#article","name":"Ir\u00e1ny K\u00f6z\u00e9p-Kelet-Eur\u00f3pa | AllasOrias.hu | H\u00edrek-lapszemle","headline":"Ir\u00e1ny K\u00f6z\u00e9p-Kelet-Eur\u00f3pa","author":{"@id":"https:\/\/allasorias.hu\/hirek\/author\/admin-allasorias\/#author"},"publisher":{"@id":"https:\/\/allasorias.hu\/hirek\/#organization"},"image":{"@type":"ImageObject","url":"https:\/\/allasorias.hu\/hirek\/wp-content\/uploads\/2019\/07\/adventure-baltic-sea-car-21014.jpg","width":640,"height":426},"datePublished":"2019-07-22T11:20:36+02:00","dateModified":"2019-07-22T11:20:36+02:00","inLanguage":"hu-HU","mainEntityOfPage":{"@id":"https:\/\/allasorias.hu\/hirek\/irany-kozep-kelet-europa\/#webpage"},"isPartOf":{"@id":"https:\/\/allasorias.hu\/hirek\/irany-kozep-kelet-europa\/#webpage"},"articleSection":"K\u00fclf\u00f6ld"},{"@type":"BreadcrumbList","@id":"https:\/\/allasorias.hu\/hirek\/irany-kozep-kelet-europa\/#breadcrumblist","itemListElement":[{"@type":"ListItem","@id":"https:\/\/allasorias.hu\/hirek#listItem","position":1,"name":"Home","item":"https:\/\/allasorias.hu\/hirek","nextItem":{"@type":"ListItem","@id":"https:\/\/allasorias.hu\/hirek\/temak\/kulfold\/#listItem","name":"K\u00fclf\u00f6ld"}},{"@type":"ListItem","@id":"https:\/\/allasorias.hu\/hirek\/temak\/kulfold\/#listItem","position":2,"name":"K\u00fclf\u00f6ld","item":"https:\/\/allasorias.hu\/hirek\/temak\/kulfold\/","nextItem":{"@type":"ListItem","@id":"https:\/\/allasorias.hu\/hirek\/irany-kozep-kelet-europa\/#listItem","name":"Ir\u00e1ny K\u00f6z\u00e9p-Kelet-Eur\u00f3pa"},"previousItem":{"@type":"ListItem","@id":"https:\/\/allasorias.hu\/hirek#listItem","name":"Home"}},{"@type":"ListItem","@id":"https:\/\/allasorias.hu\/hirek\/irany-kozep-kelet-europa\/#listItem","position":3,"name":"Ir\u00e1ny K\u00f6z\u00e9p-Kelet-Eur\u00f3pa","previousItem":{"@type":"ListItem","@id":"https:\/\/allasorias.hu\/hirek\/temak\/kulfold\/#listItem","name":"K\u00fclf\u00f6ld"}}]},{"@type":"Organization","@id":"https:\/\/allasorias.hu\/hirek\/#organization","name":"AllasOrias.hu | H\u00edrek-lapszemle","description":"\u00dczleti h\u00edrek az \u00e1ll\u00e1s \u00e9s a munka vil\u00e1g\u00e1b\u00f3l","url":"https:\/\/allasorias.hu\/hirek\/","logo":{"@type":"ImageObject","url":"https:\/\/allasorias.hu\/hirek\/wp-content\/uploads\/2022\/10\/allasorias_site_facebok_logo.png","@id":"https:\/\/allasorias.hu\/hirek\/irany-kozep-kelet-europa\/#organizationLogo"},"image":{"@id":"https:\/\/allasorias.hu\/hirek\/irany-kozep-kelet-europa\/#organizationLogo"},"sameAs":["https:\/\/www.facebook.com\/allasorias","https:\/\/www.linkedin.com\/company\/allasorias"]},{"@type":"Person","@id":"https:\/\/allasorias.hu\/hirek\/author\/admin-allasorias\/#author","url":"https:\/\/allasorias.hu\/hirek\/author\/admin-allasorias\/","name":"Juh\u00e1sz P\u00e9ter","image":{"@type":"ImageObject","@id":"https:\/\/allasorias.hu\/hirek\/irany-kozep-kelet-europa\/#authorImage","url":"https:\/\/secure.gravatar.com\/avatar\/36e6bcb83148978b992977cb0f54d22feb0cce8a0a849a9410532bb2623ba4c6?s=96&d=mm&r=g","width":96,"height":96,"caption":"Juh\u00e1sz P\u00e9ter"}},{"@type":"WebPage","@id":"https:\/\/allasorias.hu\/hirek\/irany-kozep-kelet-europa\/#webpage","url":"https:\/\/allasorias.hu\/hirek\/irany-kozep-kelet-europa\/","name":"Ir\u00e1ny K\u00f6z\u00e9p-Kelet-Eur\u00f3pa | AllasOrias.hu | H\u00edrek-lapszemle","description":"A k\u00fclf\u00f6ldi befektet\u0151k el\u0151szeretettel teszik le a voksukat K\u00f6z\u00e9p-Kelet-Eur\u00f3pa mellett. Az eur\u00f3pai rangsorban Nagy-Britannia tov\u00e1bbra is az els\u0151, Magyarorsz\u00e1g a 15. helyen \u00e1ll - der\u00fcl ki az EY munkahelyteremt\u00e9ssel j\u00e1r\u00f3 befektet\u00e9seket vizsg\u00e1l\u00f3 felm\u00e9r\u00e9s\u00e9b\u0151l. A vil\u00e1g m\u00e1sodik legvonz\u00f3bb befektet\u00e9si c\u00e9lpontja K\u00f6z\u00e9p-Kelet-Eur\u00f3pa - k\u00f6z\u00f6lte az EY nemzetk\u00f6zi tan\u00e1csad\u00f3 c\u00e9g az EY European Attractiveness Survey alapj\u00e1n, amely a","inLanguage":"hu-HU","isPartOf":{"@id":"https:\/\/allasorias.hu\/hirek\/#website"},"breadcrumb":{"@id":"https:\/\/allasorias.hu\/hirek\/irany-kozep-kelet-europa\/#breadcrumblist"},"author":{"@id":"https:\/\/allasorias.hu\/hirek\/author\/admin-allasorias\/#author"},"creator":{"@id":"https:\/\/allasorias.hu\/hirek\/author\/admin-allasorias\/#author"},"image":{"@type":"ImageObject","url":"https:\/\/allasorias.hu\/hirek\/wp-content\/uploads\/2019\/07\/adventure-baltic-sea-car-21014.jpg","@id":"https:\/\/allasorias.hu\/hirek\/irany-kozep-kelet-europa\/#mainImage","width":640,"height":426},"primaryImageOfPage":{"@id":"https:\/\/allasorias.hu\/hirek\/irany-kozep-kelet-europa\/#mainImage"},"datePublished":"2019-07-22T11:20:36+02:00","dateModified":"2019-07-22T11:20:36+02:00"},{"@type":"WebSite","@id":"https:\/\/allasorias.hu\/hirek\/#website","url":"https:\/\/allasorias.hu\/hirek\/","name":"AllasOrias.hu | H\u00edrek-lapszemle","description":"\u00dczleti h\u00edrek az \u00e1ll\u00e1s \u00e9s a munka vil\u00e1g\u00e1b\u00f3l","inLanguage":"hu-HU","publisher":{"@id":"https:\/\/allasorias.hu\/hirek\/#organization"}}]},"og:locale":"hu_HU","og:site_name":"AllasOrias.hu | H\u00edrek-lapszemle | \u00dczleti h\u00edrek az \u00e1ll\u00e1s \u00e9s a munka vil\u00e1g\u00e1b\u00f3l","og:type":"article","og:title":"Ir\u00e1ny K\u00f6z\u00e9p-Kelet-Eur\u00f3pa | AllasOrias.hu | H\u00edrek-lapszemle","og:description":"A k\u00fclf\u00f6ldi befektet\u0151k el\u0151szeretettel teszik le a voksukat K\u00f6z\u00e9p-Kelet-Eur\u00f3pa mellett. Az eur\u00f3pai rangsorban Nagy-Britannia tov\u00e1bbra is az els\u0151, Magyarorsz\u00e1g a 15. helyen \u00e1ll - der\u00fcl ki az EY munkahelyteremt\u00e9ssel j\u00e1r\u00f3 befektet\u00e9seket vizsg\u00e1l\u00f3 felm\u00e9r\u00e9s\u00e9b\u0151l. A vil\u00e1g m\u00e1sodik legvonz\u00f3bb befektet\u00e9si c\u00e9lpontja K\u00f6z\u00e9p-Kelet-Eur\u00f3pa - k\u00f6z\u00f6lte az EY nemzetk\u00f6zi tan\u00e1csad\u00f3 c\u00e9g az EY European Attractiveness Survey alapj\u00e1n, amely a","og:url":"https:\/\/allasorias.hu\/hirek\/irany-kozep-kelet-europa\/","og:image":"https:\/\/allasorias.hu\/hirek\/wp-content\/uploads\/2019\/07\/adventure-baltic-sea-car-21014.jpg","og:image:secure_url":"https:\/\/allasorias.hu\/hirek\/wp-content\/uploads\/2019\/07\/adventure-baltic-sea-car-21014.jpg","og:image:width":640,"og:image:height":426,"article:published_time":"2019-07-22T11:20:36+00:00","article:modified_time":"2019-07-22T11:20:36+00:00","article:publisher":"https:\/\/www.facebook.com\/allasorias","twitter:card":"summary_large_image","twitter:title":"Ir\u00e1ny K\u00f6z\u00e9p-Kelet-Eur\u00f3pa | AllasOrias.hu | H\u00edrek-lapszemle","twitter:description":"A k\u00fclf\u00f6ldi befektet\u0151k el\u0151szeretettel teszik le a voksukat K\u00f6z\u00e9p-Kelet-Eur\u00f3pa mellett. Az eur\u00f3pai rangsorban Nagy-Britannia tov\u00e1bbra is az els\u0151, Magyarorsz\u00e1g a 15. helyen \u00e1ll - der\u00fcl ki az EY munkahelyteremt\u00e9ssel j\u00e1r\u00f3 befektet\u00e9seket vizsg\u00e1l\u00f3 felm\u00e9r\u00e9s\u00e9b\u0151l. A vil\u00e1g m\u00e1sodik legvonz\u00f3bb befektet\u00e9si c\u00e9lpontja K\u00f6z\u00e9p-Kelet-Eur\u00f3pa - k\u00f6z\u00f6lte az EY nemzetk\u00f6zi tan\u00e1csad\u00f3 c\u00e9g az EY European Attractiveness Survey alapj\u00e1n, amely a","twitter:image":"https:\/\/allasorias.hu\/hirek\/wp-content\/uploads\/2019\/07\/adventure-baltic-sea-car-21014.jpg","twitter:label1":"Written by","twitter:data1":"Juh\u00e1sz P\u00e9ter","twitter:label2":"Est. reading time","twitter:data2":"2 minutes"},"aioseo_meta_data":{"post_id":"3124","title":null,"description":null,"keywords":null,"keyphrases":null,"primary_term":null,"canonical_url":null,"og_title":null,"og_description":null,"og_object_type":"default","og_image_type":"default","og_image_url":null,"og_image_width":null,"og_image_height":null,"og_image_custom_url":null,"og_image_custom_fields":null,"og_video":null,"og_custom_url":null,"og_article_section":null,"og_article_tags":null,"twitter_use_og":false,"twitter_card":"default","twitter_image_type":"default","twitter_image_url":null,"twitter_image_custom_url":null,"twitter_image_custom_fields":null,"twitter_title":null,"twitter_description":null,"schema":{"blockGraphs":[],"customGraphs":[],"default":{"data":{"Article":[],"Course":[],"Dataset":[],"FAQPage":[],"Movie":[],"Person":[],"Product":[],"ProductReview":[],"Car":[],"Recipe":[],"Service":[],"SoftwareApplication":[],"WebPage":[]},"graphName":"","isEnabled":true},"graphs":[],"defaultGraph":"","defaultPostTypeGraph":""},"schema_type":null,"schema_type_options":null,"pillar_content":false,"robots_default":true,"robots_noindex":false,"robots_noarchive":false,"robots_nosnippet":false,"robots_nofollow":false,"robots_noimageindex":false,"robots_noodp":false,"robots_notranslate":false,"robots_max_snippet":null,"robots_max_videopreview":null,"robots_max_imagepreview":"large","priority":null,"frequency":null,"location":null,"local_seo":null,"breadcrumb_settings":null,"limit_modified_date":false,"ai":null,"created":"2021-02-01 21:31:47","updated":"2025-10-02 11:37:27","seo_analyzer_scan_date":null,"focus_keyword":null,"additional_keywords":null,"truseo_locale":null},"aioseo_breadcrumb":"<div class=\"aioseo-breadcrumbs\"><span class=\"aioseo-breadcrumb\">\n\t\t\t<a href=\"https:\/\/allasorias.hu\/hirek\" title=\"Home\">Home<\/a>\n\t\t<\/span><span class=\"aioseo-breadcrumb-separator\">&raquo;<\/span><span class=\"aioseo-breadcrumb\">\n\t\t\t<a href=\"https:\/\/allasorias.hu\/hirek\/temak\/kulfold\/\" title=\"K\u00fclf\u00f6ld\">K\u00fclf\u00f6ld<\/a>\n\t\t<\/span><span class=\"aioseo-breadcrumb-separator\">&raquo;<\/span><span class=\"aioseo-breadcrumb\">\n\t\t\tIr\u00e1ny K\u00f6z\u00e9p-Kelet-Eur\u00f3pa\n\t\t<\/span><\/div>","aioseo_breadcrumb_json":[{"label":"Home","link":"https:\/\/allasorias.hu\/hirek"},{"label":"K\u00fclf\u00f6ld","link":"https:\/\/allasorias.hu\/hirek\/temak\/kulfold\/"},{"label":"Ir\u00e1ny K\u00f6z\u00e9p-Kelet-Eur\u00f3pa","link":"https:\/\/allasorias.hu\/hirek\/irany-kozep-kelet-europa\/"}],"_links":{"self":[{"href":"https:\/\/allasorias.hu\/hirek\/wp-json\/wp\/v2\/posts\/3124","targetHints":{"allow":["GET"]}}],"collection":[{"href":"https:\/\/allasorias.hu\/hirek\/wp-json\/wp\/v2\/posts"}],"about":[{"href":"https:\/\/allasorias.hu\/hirek\/wp-json\/wp\/v2\/types\/post"}],"author":[{"embeddable":true,"href":"https:\/\/allasorias.hu\/hirek\/wp-json\/wp\/v2\/users\/1"}],"replies":[{"embeddable":true,"href":"https:\/\/allasorias.hu\/hirek\/wp-json\/wp\/v2\/comments?post=3124"}],"version-history":[{"count":1,"href":"https:\/\/allasorias.hu\/hirek\/wp-json\/wp\/v2\/posts\/3124\/revisions"}],"predecessor-version":[{"id":3126,"href":"https:\/\/allasorias.hu\/hirek\/wp-json\/wp\/v2\/posts\/3124\/revisions\/3126"}],"wp:featuredmedia":[{"embeddable":true,"href":"https:\/\/allasorias.hu\/hirek\/wp-json\/wp\/v2\/media\/3125"}],"wp:attachment":[{"href":"https:\/\/allasorias.hu\/hirek\/wp-json\/wp\/v2\/media?parent=3124"}],"wp:term":[{"taxonomy":"category","embeddable":true,"href":"https:\/\/allasorias.hu\/hirek\/wp-json\/wp\/v2\/categories?post=3124"},{"taxonomy":"post_tag","embeddable":true,"href":"https:\/\/allasorias.hu\/hirek\/wp-json\/wp\/v2\/tags?post=3124"}],"curies":[{"name":"wp","href":"https:\/\/api.w.org\/{rel}","templated":true}]}}