{"id":3112,"date":"2019-07-17T08:06:11","date_gmt":"2019-07-17T08:06:11","guid":{"rendered":"https:\/\/allasorias.hu\/hirek\/?p=3112"},"modified":"2019-07-17T08:06:11","modified_gmt":"2019-07-17T08:06:11","slug":"bajban-az-amerikai-kamionosok-jonnek-a-sofor-nelkuli-jarmuvek","status":"publish","type":"post","link":"https:\/\/allasorias.hu\/hirek\/bajban-az-amerikai-kamionosok-jonnek-a-sofor-nelkuli-jarmuvek\/","title":{"rendered":"Bajban az amerikai kamionosok \u2013 j\u00f6nnek a sof\u0151r n\u00e9lk\u00fcli j\u00e1rm\u0171vek?"},"content":{"rendered":"<div style=\"text-align: justify;\"><strong>Sorra mennek cs\u0151dbe az amerikai kamionos fuvaroz\u00e1sban m\u0171k\u00f6d\u0151 v\u00e1llalatok, az Egyes\u00fclt \u00c1llamokban,\u00a0 t\u00f6bb mint 2500 kamionos vesz\u00edtette el az \u00e1ll\u00e1s\u00e1t. A tavalyi rendk\u00edv\u00fcl nyeres\u00e9ges \u00e9v ut\u00e1n id\u00e9n m\u00e1r \u00e9rezhet\u0151 a kiskereskedelem \u00e9s a feldolgoz\u00f3ipar gyeng\u00e9lked\u00e9se, amit\u0151l a dolgoz\u00f3k is egyre jobban szenvednek \u00edrja a Business Insider. <\/strong><\/div>\n<div style=\"text-align: justify;\">\n<p>A h\u00e1tt\u00e9rben r\u00e9szben az \u00e1ll, hogy \u00e9ves alapon 18 sz\u00e1zal\u00e9kkal cs\u00f6kkent az azonnali kamionkapacit\u00e1s \u00e1ra. Ez olyan megrendel\u00e9seket jelent, amelyek eseti jelleggel ny\u00fajtanak kamionos szolg\u00e1ltat\u00e1sokat egy-egy c\u00e9gnek, \u00e1lland\u00f3 szerz\u0151d\u00e9ses viszony helyett. A cs\u0151dbe ment v\u00e1llalatok k\u00f6z\u00fcl egy\u00e9bk\u00e9nt a minnesotai sz\u00e9khely\u0171 LME 424 kamionost, az ohi\u00f3i Falcon Transport 585 sof\u0151rt, m\u00edg New England Motor Freight egyed\u00fcl 1472 alkalmazottat k\u00fcld\u00f6tt el a cs\u0151d miatt. Az Egyes\u00fclt \u00c1llamokban azonban egy\u00e9bk\u00e9nt sincsenek k\u00f6nny\u0171 helyzetben a kamionosokat alkalmaz\u00f3 fuvaroz\u00f3 c\u00e9gek. Egy kor\u00e1bbi elemz\u00e9s ugyanis m\u00e1r arr\u00f3l sz\u00e1molt be, hogy az USA-ban igen s\u00falyos munkaer\u0151-piaci hi\u00e1ny van kamionosokb\u00f3l, ami jelent\u0151s r\u00e9szben annak k\u00f6sz\u00f6nhet\u0151, hogy a sof\u0151r\u00f6k medi\u00e1n \u00e9ves fizet\u00e9se mind\u00f6ssze 42 ezer doll\u00e1r k\u00f6r\u00fcl van, ami amerikai viszonylatban igen alacsonynak sz\u00e1m\u00edt. Mik\u00f6zben teh\u00e1t a c\u00e9gek er\u0151sen k\u00fcszk\u00f6dnek azzal, hogy munkaer\u0151t tal\u00e1ljanak, arr\u00f3l kevesebb sz\u00f3 esik a szektorban, hogy az 1970-es \u00e9vekhez k\u00e9pest a sof\u0151r\u00f6k fizet\u00e9sei mintegy 50 sz\u00e1zal\u00e9kkal cs\u00f6kkentek. A m\u00e1sik komoly k\u00e9rd\u00e9st az \u00f6nvezet\u0151 aut\u00f3k megjelen\u00e9se jelenti. A technol\u00f3giai vezet\u0151k ugyanis magabiztosak azzal kapcsolatban, hogy m\u00e1r a k\u00f6vetkez\u0151 \u00e9vtizedben minden naposak lesznek az emberi sof\u0151r n\u00e9lk\u00fcli j\u00e1rm\u0171vek. Ez szint\u00e9n igen s\u00falyos le\u00e9p\u00edt\u00e9seket jelentene a szektorban, ahol egyes becsl\u00e9sek szerint jelenleg 3,5 milli\u00f3 amerikai dolgozik. Az \u00f6nvezet\u0151 j\u00e1rm\u0171vek hozz\u00e1vet\u0151leg 300 milli\u00e1rd doll\u00e1rt sp\u00f3rolhatn\u00e1nak az ipar\u00e1gnak. Tov\u00e1bbi probl\u00e9ma, hogy a sof\u0151r\u00f6k \u00e1tlagos \u00e9letkora 55 \u00e9v, vagyis az \u0151 eset\u00fckben m\u00e1r el\u00e9g neh\u00e9z lesz b\u00e1rmilyen \u00e1tk\u00e9pz\u00e9s a k\u00f6vetkez\u0151 \u00e9vtizedben. Mindek\u00f6zben a Morgan Stanley elemz\u0151i nemr\u00e9g \u00fagy sz\u00e1moltak, hogy az \u00f6nvezet\u0151 j\u00e1rm\u0171vek nemcsak p\u00e9nzt sp\u00f3roln\u00e1nak az ipar\u00e1gi szerepl\u0151knek, de a hat\u00e9konys\u00e1got is igen komolyan megn\u00f6veln\u00e9k. A munkaer\u0151k\u00f6lts\u00e9geken a v\u00e1llalatok \u00e9vente mintegy 70 milli\u00e1rd doll\u00e1rt takar\u00edthatn\u00e1nak meg, mik\u00f6zben a termel\u00e9kenys\u00e9g 30 sz\u00e1zal\u00e9kkal b\u0151v\u00fclne, k\u00f6sz\u00f6nhet\u0151en annak, hogy az \u00f6nvezet\u0151 kamionok a h\u00e9t minden napj\u00e1n, 24 \u00f3r\u00e1ban k\u00e9pesek lenn\u00e9nek k\u00f6zlekedni.<\/p>\n<\/div>\n<p>Forr\u00e1s: origo.hu<\/p>\n","protected":false},"excerpt":{"rendered":"<p>Sorra mennek cs\u0151dbe az amerikai kamionos fuvaroz\u00e1sban m\u0171k\u00f6d\u0151 v\u00e1llalatok, az Egyes\u00fclt \u00c1llamokban,\u00a0 t\u00f6bb mint 2500 kamionos vesz\u00edtette el az \u00e1ll\u00e1s\u00e1t. A tavalyi rendk\u00edv\u00fcl nyeres\u00e9ges \u00e9v ut\u00e1n id\u00e9n m\u00e1r \u00e9rezhet\u0151 a kiskereskedelem \u00e9s a feldolgoz\u00f3ipar gyeng\u00e9lked\u00e9se, amit\u0151l a dolgoz\u00f3k is egyre jobban szenvednek \u00edrja a Business Insider. A h\u00e1tt\u00e9rben r\u00e9szben az \u00e1ll, hogy \u00e9ves alapon 18 [&hellip;]<\/p>\n","protected":false},"author":1,"featured_media":2440,"comment_status":"open","ping_status":"open","sticky":false,"template":"","format":"standard","meta":{"_monsterinsights_skip_tracking":false,"footnotes":""},"categories":[201],"tags":[],"class_list":["post-3112","post","type-post","status-publish","format-standard","has-post-thumbnail","hentry","category-kulfold"],"aioseo_notices":[],"aioseo_head":"\n\t\t<!-- All in One SEO 5.0.0.1 - aioseo.com -->\n\t<meta name=\"description\" content=\"Sorra mennek cs\u0151dbe az amerikai kamionos fuvaroz\u00e1sban m\u0171k\u00f6d\u0151 v\u00e1llalatok, az Egyes\u00fclt \u00c1llamokban, t\u00f6bb mint 2500 kamionos vesz\u00edtette el az \u00e1ll\u00e1s\u00e1t. A tavalyi rendk\u00edv\u00fcl nyeres\u00e9ges \u00e9v ut\u00e1n id\u00e9n m\u00e1r \u00e9rezhet\u0151 a kiskereskedelem \u00e9s a feldolgoz\u00f3ipar gyeng\u00e9lked\u00e9se, amit\u0151l a dolgoz\u00f3k is egyre jobban szenvednek \u00edrja a Business Insider. A h\u00e1tt\u00e9rben r\u00e9szben az \u00e1ll, hogy \u00e9ves alapon 18\" \/>\n\t<meta name=\"robots\" content=\"max-image-preview:large\" \/>\n\t<meta name=\"author\" content=\"Juh\u00e1sz P\u00e9ter\"\/>\n\t<link rel=\"canonical\" href=\"https:\/\/allasorias.hu\/hirek\/bajban-az-amerikai-kamionosok-jonnek-a-sofor-nelkuli-jarmuvek\/\" \/>\n\t<meta name=\"generator\" content=\"All in One SEO (AIOSEO) 5.0.0.1\" \/>\n\t\t<meta property=\"og:locale\" content=\"hu_HU\" \/>\n\t\t<meta property=\"og:site_name\" content=\"AllasOrias.hu | H\u00edrek-lapszemle | \u00dczleti h\u00edrek az \u00e1ll\u00e1s \u00e9s a munka vil\u00e1g\u00e1b\u00f3l\" \/>\n\t\t<meta property=\"og:type\" content=\"article\" \/>\n\t\t<meta property=\"og:title\" content=\"Bajban az amerikai kamionosok \u2013 j\u00f6nnek a sof\u0151r n\u00e9lk\u00fcli j\u00e1rm\u0171vek? | AllasOrias.hu | H\u00edrek-lapszemle\" \/>\n\t\t<meta property=\"og:description\" content=\"Sorra mennek cs\u0151dbe az amerikai kamionos fuvaroz\u00e1sban m\u0171k\u00f6d\u0151 v\u00e1llalatok, az Egyes\u00fclt \u00c1llamokban, t\u00f6bb mint 2500 kamionos vesz\u00edtette el az \u00e1ll\u00e1s\u00e1t. A tavalyi rendk\u00edv\u00fcl nyeres\u00e9ges \u00e9v ut\u00e1n id\u00e9n m\u00e1r \u00e9rezhet\u0151 a kiskereskedelem \u00e9s a feldolgoz\u00f3ipar gyeng\u00e9lked\u00e9se, amit\u0151l a dolgoz\u00f3k is egyre jobban szenvednek \u00edrja a Business Insider. A h\u00e1tt\u00e9rben r\u00e9szben az \u00e1ll, hogy \u00e9ves alapon 18\" \/>\n\t\t<meta property=\"og:url\" content=\"https:\/\/allasorias.hu\/hirek\/bajban-az-amerikai-kamionosok-jonnek-a-sofor-nelkuli-jarmuvek\/\" \/>\n\t\t<meta property=\"og:image\" content=\"https:\/\/allasorias.hu\/hirek\/wp-content\/uploads\/2019\/01\/pexels-photo-590022.jpeg\" \/>\n\t\t<meta property=\"og:image:secure_url\" content=\"https:\/\/allasorias.hu\/hirek\/wp-content\/uploads\/2019\/01\/pexels-photo-590022.jpeg\" \/>\n\t\t<meta property=\"og:image:width\" content=\"640\" \/>\n\t\t<meta property=\"og:image:height\" content=\"423\" \/>\n\t\t<meta property=\"article:published_time\" content=\"2019-07-17T08:06:11+00:00\" \/>\n\t\t<meta property=\"article:modified_time\" content=\"2019-07-17T08:06:11+00:00\" \/>\n\t\t<meta property=\"article:publisher\" content=\"https:\/\/www.facebook.com\/allasorias\" \/>\n\t\t<meta name=\"twitter:card\" content=\"summary_large_image\" \/>\n\t\t<meta name=\"twitter:title\" content=\"Bajban az amerikai kamionosok \u2013 j\u00f6nnek a sof\u0151r n\u00e9lk\u00fcli j\u00e1rm\u0171vek? | AllasOrias.hu | H\u00edrek-lapszemle\" \/>\n\t\t<meta name=\"twitter:description\" content=\"Sorra mennek cs\u0151dbe az amerikai kamionos fuvaroz\u00e1sban m\u0171k\u00f6d\u0151 v\u00e1llalatok, az Egyes\u00fclt \u00c1llamokban, t\u00f6bb mint 2500 kamionos vesz\u00edtette el az \u00e1ll\u00e1s\u00e1t. A tavalyi rendk\u00edv\u00fcl nyeres\u00e9ges \u00e9v ut\u00e1n id\u00e9n m\u00e1r \u00e9rezhet\u0151 a kiskereskedelem \u00e9s a feldolgoz\u00f3ipar gyeng\u00e9lked\u00e9se, amit\u0151l a dolgoz\u00f3k is egyre jobban szenvednek \u00edrja a Business Insider. A h\u00e1tt\u00e9rben r\u00e9szben az \u00e1ll, hogy \u00e9ves alapon 18\" \/>\n\t\t<meta name=\"twitter:image\" content=\"https:\/\/allasorias.hu\/hirek\/wp-content\/uploads\/2019\/01\/pexels-photo-590022.jpeg\" \/>\n\t\t<meta name=\"twitter:label1\" content=\"Written by\" \/>\n\t\t<meta name=\"twitter:data1\" content=\"Juh\u00e1sz P\u00e9ter\" \/>\n\t\t<meta name=\"twitter:label2\" content=\"Est. reading time\" \/>\n\t\t<meta name=\"twitter:data2\" content=\"2 minutes\" \/>\n\t\t<script type=\"application\/ld+json\" class=\"aioseo-schema\">\n\t\t\t{\"@context\":\"https:\\\/\\\/schema.org\",\"@graph\":[{\"@type\":\"Article\",\"@id\":\"https:\\\/\\\/allasorias.hu\\\/hirek\\\/bajban-az-amerikai-kamionosok-jonnek-a-sofor-nelkuli-jarmuvek\\\/#article\",\"name\":\"Bajban az amerikai kamionosok \\u2013 j\\u00f6nnek a sof\\u0151r n\\u00e9lk\\u00fcli j\\u00e1rm\\u0171vek? | AllasOrias.hu | H\\u00edrek-lapszemle\",\"headline\":\"Bajban az amerikai kamionosok \\u2013 j\\u00f6nnek a sof\\u0151r n\\u00e9lk\\u00fcli j\\u00e1rm\\u0171vek?\",\"author\":{\"@id\":\"https:\\\/\\\/allasorias.hu\\\/hirek\\\/author\\\/admin-allasorias\\\/#author\"},\"publisher\":{\"@id\":\"https:\\\/\\\/allasorias.hu\\\/hirek\\\/#organization\"},\"image\":{\"@type\":\"ImageObject\",\"url\":\"https:\\\/\\\/allasorias.hu\\\/hirek\\\/wp-content\\\/uploads\\\/2019\\\/01\\\/pexels-photo-590022.jpeg\",\"width\":640,\"height\":423},\"datePublished\":\"2019-07-17T08:06:11+02:00\",\"dateModified\":\"2019-07-17T08:06:11+02:00\",\"inLanguage\":\"hu-HU\",\"mainEntityOfPage\":{\"@id\":\"https:\\\/\\\/allasorias.hu\\\/hirek\\\/bajban-az-amerikai-kamionosok-jonnek-a-sofor-nelkuli-jarmuvek\\\/#webpage\"},\"isPartOf\":{\"@id\":\"https:\\\/\\\/allasorias.hu\\\/hirek\\\/bajban-az-amerikai-kamionosok-jonnek-a-sofor-nelkuli-jarmuvek\\\/#webpage\"},\"articleSection\":\"K\\u00fclf\\u00f6ld\"},{\"@type\":\"BreadcrumbList\",\"@id\":\"https:\\\/\\\/allasorias.hu\\\/hirek\\\/bajban-az-amerikai-kamionosok-jonnek-a-sofor-nelkuli-jarmuvek\\\/#breadcrumblist\",\"itemListElement\":[{\"@type\":\"ListItem\",\"@id\":\"https:\\\/\\\/allasorias.hu\\\/hirek#listItem\",\"position\":1,\"name\":\"Home\",\"item\":\"https:\\\/\\\/allasorias.hu\\\/hirek\",\"nextItem\":{\"@type\":\"ListItem\",\"@id\":\"https:\\\/\\\/allasorias.hu\\\/hirek\\\/temak\\\/kulfold\\\/#listItem\",\"name\":\"K\\u00fclf\\u00f6ld\"}},{\"@type\":\"ListItem\",\"@id\":\"https:\\\/\\\/allasorias.hu\\\/hirek\\\/temak\\\/kulfold\\\/#listItem\",\"position\":2,\"name\":\"K\\u00fclf\\u00f6ld\",\"item\":\"https:\\\/\\\/allasorias.hu\\\/hirek\\\/temak\\\/kulfold\\\/\",\"nextItem\":{\"@type\":\"ListItem\",\"@id\":\"https:\\\/\\\/allasorias.hu\\\/hirek\\\/bajban-az-amerikai-kamionosok-jonnek-a-sofor-nelkuli-jarmuvek\\\/#listItem\",\"name\":\"Bajban az amerikai kamionosok \\u2013 j\\u00f6nnek a sof\\u0151r n\\u00e9lk\\u00fcli j\\u00e1rm\\u0171vek?\"},\"previousItem\":{\"@type\":\"ListItem\",\"@id\":\"https:\\\/\\\/allasorias.hu\\\/hirek#listItem\",\"name\":\"Home\"}},{\"@type\":\"ListItem\",\"@id\":\"https:\\\/\\\/allasorias.hu\\\/hirek\\\/bajban-az-amerikai-kamionosok-jonnek-a-sofor-nelkuli-jarmuvek\\\/#listItem\",\"position\":3,\"name\":\"Bajban az amerikai kamionosok \\u2013 j\\u00f6nnek a sof\\u0151r n\\u00e9lk\\u00fcli j\\u00e1rm\\u0171vek?\",\"previousItem\":{\"@type\":\"ListItem\",\"@id\":\"https:\\\/\\\/allasorias.hu\\\/hirek\\\/temak\\\/kulfold\\\/#listItem\",\"name\":\"K\\u00fclf\\u00f6ld\"}}]},{\"@type\":\"Organization\",\"@id\":\"https:\\\/\\\/allasorias.hu\\\/hirek\\\/#organization\",\"name\":\"AllasOrias.hu | H\\u00edrek-lapszemle\",\"description\":\"\\u00dczleti h\\u00edrek az \\u00e1ll\\u00e1s \\u00e9s a munka vil\\u00e1g\\u00e1b\\u00f3l\",\"url\":\"https:\\\/\\\/allasorias.hu\\\/hirek\\\/\",\"logo\":{\"@type\":\"ImageObject\",\"url\":\"https:\\\/\\\/allasorias.hu\\\/hirek\\\/wp-content\\\/uploads\\\/2022\\\/10\\\/allasorias_site_facebok_logo.png\",\"@id\":\"https:\\\/\\\/allasorias.hu\\\/hirek\\\/bajban-az-amerikai-kamionosok-jonnek-a-sofor-nelkuli-jarmuvek\\\/#organizationLogo\"},\"image\":{\"@id\":\"https:\\\/\\\/allasorias.hu\\\/hirek\\\/bajban-az-amerikai-kamionosok-jonnek-a-sofor-nelkuli-jarmuvek\\\/#organizationLogo\"},\"sameAs\":[\"https:\\\/\\\/www.facebook.com\\\/allasorias\",\"https:\\\/\\\/www.linkedin.com\\\/company\\\/allasorias\"]},{\"@type\":\"Person\",\"@id\":\"https:\\\/\\\/allasorias.hu\\\/hirek\\\/author\\\/admin-allasorias\\\/#author\",\"url\":\"https:\\\/\\\/allasorias.hu\\\/hirek\\\/author\\\/admin-allasorias\\\/\",\"name\":\"Juh\\u00e1sz P\\u00e9ter\",\"image\":{\"@type\":\"ImageObject\",\"@id\":\"https:\\\/\\\/allasorias.hu\\\/hirek\\\/bajban-az-amerikai-kamionosok-jonnek-a-sofor-nelkuli-jarmuvek\\\/#authorImage\",\"url\":\"https:\\\/\\\/secure.gravatar.com\\\/avatar\\\/36e6bcb83148978b992977cb0f54d22feb0cce8a0a849a9410532bb2623ba4c6?s=96&d=mm&r=g\",\"width\":96,\"height\":96,\"caption\":\"Juh\\u00e1sz P\\u00e9ter\"}},{\"@type\":\"WebPage\",\"@id\":\"https:\\\/\\\/allasorias.hu\\\/hirek\\\/bajban-az-amerikai-kamionosok-jonnek-a-sofor-nelkuli-jarmuvek\\\/#webpage\",\"url\":\"https:\\\/\\\/allasorias.hu\\\/hirek\\\/bajban-az-amerikai-kamionosok-jonnek-a-sofor-nelkuli-jarmuvek\\\/\",\"name\":\"Bajban az amerikai kamionosok \\u2013 j\\u00f6nnek a sof\\u0151r n\\u00e9lk\\u00fcli j\\u00e1rm\\u0171vek? | AllasOrias.hu | H\\u00edrek-lapszemle\",\"description\":\"Sorra mennek cs\\u0151dbe az amerikai kamionos fuvaroz\\u00e1sban m\\u0171k\\u00f6d\\u0151 v\\u00e1llalatok, az Egyes\\u00fclt \\u00c1llamokban, t\\u00f6bb mint 2500 kamionos vesz\\u00edtette el az \\u00e1ll\\u00e1s\\u00e1t. A tavalyi rendk\\u00edv\\u00fcl nyeres\\u00e9ges \\u00e9v ut\\u00e1n id\\u00e9n m\\u00e1r \\u00e9rezhet\\u0151 a kiskereskedelem \\u00e9s a feldolgoz\\u00f3ipar gyeng\\u00e9lked\\u00e9se, amit\\u0151l a dolgoz\\u00f3k is egyre jobban szenvednek \\u00edrja a Business Insider. A h\\u00e1tt\\u00e9rben r\\u00e9szben az \\u00e1ll, hogy \\u00e9ves alapon 18\",\"inLanguage\":\"hu-HU\",\"isPartOf\":{\"@id\":\"https:\\\/\\\/allasorias.hu\\\/hirek\\\/#website\"},\"breadcrumb\":{\"@id\":\"https:\\\/\\\/allasorias.hu\\\/hirek\\\/bajban-az-amerikai-kamionosok-jonnek-a-sofor-nelkuli-jarmuvek\\\/#breadcrumblist\"},\"author\":{\"@id\":\"https:\\\/\\\/allasorias.hu\\\/hirek\\\/author\\\/admin-allasorias\\\/#author\"},\"creator\":{\"@id\":\"https:\\\/\\\/allasorias.hu\\\/hirek\\\/author\\\/admin-allasorias\\\/#author\"},\"image\":{\"@type\":\"ImageObject\",\"url\":\"https:\\\/\\\/allasorias.hu\\\/hirek\\\/wp-content\\\/uploads\\\/2019\\\/01\\\/pexels-photo-590022.jpeg\",\"@id\":\"https:\\\/\\\/allasorias.hu\\\/hirek\\\/bajban-az-amerikai-kamionosok-jonnek-a-sofor-nelkuli-jarmuvek\\\/#mainImage\",\"width\":640,\"height\":423},\"primaryImageOfPage\":{\"@id\":\"https:\\\/\\\/allasorias.hu\\\/hirek\\\/bajban-az-amerikai-kamionosok-jonnek-a-sofor-nelkuli-jarmuvek\\\/#mainImage\"},\"datePublished\":\"2019-07-17T08:06:11+02:00\",\"dateModified\":\"2019-07-17T08:06:11+02:00\"},{\"@type\":\"WebSite\",\"@id\":\"https:\\\/\\\/allasorias.hu\\\/hirek\\\/#website\",\"url\":\"https:\\\/\\\/allasorias.hu\\\/hirek\\\/\",\"name\":\"AllasOrias.hu | H\\u00edrek-lapszemle\",\"description\":\"\\u00dczleti h\\u00edrek az \\u00e1ll\\u00e1s \\u00e9s a munka vil\\u00e1g\\u00e1b\\u00f3l\",\"inLanguage\":\"hu-HU\",\"publisher\":{\"@id\":\"https:\\\/\\\/allasorias.hu\\\/hirek\\\/#organization\"}}]}\n\t\t<\/script>\n\t\t<!-- All in One SEO -->\n\n","aioseo_head_json":{"title":"Bajban az amerikai kamionosok \u2013 j\u00f6nnek a sof\u0151r n\u00e9lk\u00fcli j\u00e1rm\u0171vek? | AllasOrias.hu | H\u00edrek-lapszemle","description":"Sorra mennek cs\u0151dbe az amerikai kamionos fuvaroz\u00e1sban m\u0171k\u00f6d\u0151 v\u00e1llalatok, az Egyes\u00fclt \u00c1llamokban, t\u00f6bb mint 2500 kamionos vesz\u00edtette el az \u00e1ll\u00e1s\u00e1t. A tavalyi rendk\u00edv\u00fcl nyeres\u00e9ges \u00e9v ut\u00e1n id\u00e9n m\u00e1r \u00e9rezhet\u0151 a kiskereskedelem \u00e9s a feldolgoz\u00f3ipar gyeng\u00e9lked\u00e9se, amit\u0151l a dolgoz\u00f3k is egyre jobban szenvednek \u00edrja a Business Insider. A h\u00e1tt\u00e9rben r\u00e9szben az \u00e1ll, hogy \u00e9ves alapon 18","canonical_url":"https:\/\/allasorias.hu\/hirek\/bajban-az-amerikai-kamionosok-jonnek-a-sofor-nelkuli-jarmuvek\/","robots":"max-image-preview:large","keywords":"","webmasterTools":{"miscellaneous":""},"schema":{"@context":"https:\/\/schema.org","@graph":[{"@type":"Article","@id":"https:\/\/allasorias.hu\/hirek\/bajban-az-amerikai-kamionosok-jonnek-a-sofor-nelkuli-jarmuvek\/#article","name":"Bajban az amerikai kamionosok \u2013 j\u00f6nnek a sof\u0151r n\u00e9lk\u00fcli j\u00e1rm\u0171vek? | AllasOrias.hu | H\u00edrek-lapszemle","headline":"Bajban az amerikai kamionosok \u2013 j\u00f6nnek a sof\u0151r n\u00e9lk\u00fcli j\u00e1rm\u0171vek?","author":{"@id":"https:\/\/allasorias.hu\/hirek\/author\/admin-allasorias\/#author"},"publisher":{"@id":"https:\/\/allasorias.hu\/hirek\/#organization"},"image":{"@type":"ImageObject","url":"https:\/\/allasorias.hu\/hirek\/wp-content\/uploads\/2019\/01\/pexels-photo-590022.jpeg","width":640,"height":423},"datePublished":"2019-07-17T08:06:11+02:00","dateModified":"2019-07-17T08:06:11+02:00","inLanguage":"hu-HU","mainEntityOfPage":{"@id":"https:\/\/allasorias.hu\/hirek\/bajban-az-amerikai-kamionosok-jonnek-a-sofor-nelkuli-jarmuvek\/#webpage"},"isPartOf":{"@id":"https:\/\/allasorias.hu\/hirek\/bajban-az-amerikai-kamionosok-jonnek-a-sofor-nelkuli-jarmuvek\/#webpage"},"articleSection":"K\u00fclf\u00f6ld"},{"@type":"BreadcrumbList","@id":"https:\/\/allasorias.hu\/hirek\/bajban-az-amerikai-kamionosok-jonnek-a-sofor-nelkuli-jarmuvek\/#breadcrumblist","itemListElement":[{"@type":"ListItem","@id":"https:\/\/allasorias.hu\/hirek#listItem","position":1,"name":"Home","item":"https:\/\/allasorias.hu\/hirek","nextItem":{"@type":"ListItem","@id":"https:\/\/allasorias.hu\/hirek\/temak\/kulfold\/#listItem","name":"K\u00fclf\u00f6ld"}},{"@type":"ListItem","@id":"https:\/\/allasorias.hu\/hirek\/temak\/kulfold\/#listItem","position":2,"name":"K\u00fclf\u00f6ld","item":"https:\/\/allasorias.hu\/hirek\/temak\/kulfold\/","nextItem":{"@type":"ListItem","@id":"https:\/\/allasorias.hu\/hirek\/bajban-az-amerikai-kamionosok-jonnek-a-sofor-nelkuli-jarmuvek\/#listItem","name":"Bajban az amerikai kamionosok \u2013 j\u00f6nnek a sof\u0151r n\u00e9lk\u00fcli j\u00e1rm\u0171vek?"},"previousItem":{"@type":"ListItem","@id":"https:\/\/allasorias.hu\/hirek#listItem","name":"Home"}},{"@type":"ListItem","@id":"https:\/\/allasorias.hu\/hirek\/bajban-az-amerikai-kamionosok-jonnek-a-sofor-nelkuli-jarmuvek\/#listItem","position":3,"name":"Bajban az amerikai kamionosok \u2013 j\u00f6nnek a sof\u0151r n\u00e9lk\u00fcli j\u00e1rm\u0171vek?","previousItem":{"@type":"ListItem","@id":"https:\/\/allasorias.hu\/hirek\/temak\/kulfold\/#listItem","name":"K\u00fclf\u00f6ld"}}]},{"@type":"Organization","@id":"https:\/\/allasorias.hu\/hirek\/#organization","name":"AllasOrias.hu | H\u00edrek-lapszemle","description":"\u00dczleti h\u00edrek az \u00e1ll\u00e1s \u00e9s a munka vil\u00e1g\u00e1b\u00f3l","url":"https:\/\/allasorias.hu\/hirek\/","logo":{"@type":"ImageObject","url":"https:\/\/allasorias.hu\/hirek\/wp-content\/uploads\/2022\/10\/allasorias_site_facebok_logo.png","@id":"https:\/\/allasorias.hu\/hirek\/bajban-az-amerikai-kamionosok-jonnek-a-sofor-nelkuli-jarmuvek\/#organizationLogo"},"image":{"@id":"https:\/\/allasorias.hu\/hirek\/bajban-az-amerikai-kamionosok-jonnek-a-sofor-nelkuli-jarmuvek\/#organizationLogo"},"sameAs":["https:\/\/www.facebook.com\/allasorias","https:\/\/www.linkedin.com\/company\/allasorias"]},{"@type":"Person","@id":"https:\/\/allasorias.hu\/hirek\/author\/admin-allasorias\/#author","url":"https:\/\/allasorias.hu\/hirek\/author\/admin-allasorias\/","name":"Juh\u00e1sz P\u00e9ter","image":{"@type":"ImageObject","@id":"https:\/\/allasorias.hu\/hirek\/bajban-az-amerikai-kamionosok-jonnek-a-sofor-nelkuli-jarmuvek\/#authorImage","url":"https:\/\/secure.gravatar.com\/avatar\/36e6bcb83148978b992977cb0f54d22feb0cce8a0a849a9410532bb2623ba4c6?s=96&d=mm&r=g","width":96,"height":96,"caption":"Juh\u00e1sz P\u00e9ter"}},{"@type":"WebPage","@id":"https:\/\/allasorias.hu\/hirek\/bajban-az-amerikai-kamionosok-jonnek-a-sofor-nelkuli-jarmuvek\/#webpage","url":"https:\/\/allasorias.hu\/hirek\/bajban-az-amerikai-kamionosok-jonnek-a-sofor-nelkuli-jarmuvek\/","name":"Bajban az amerikai kamionosok \u2013 j\u00f6nnek a sof\u0151r n\u00e9lk\u00fcli j\u00e1rm\u0171vek? | AllasOrias.hu | H\u00edrek-lapszemle","description":"Sorra mennek cs\u0151dbe az amerikai kamionos fuvaroz\u00e1sban m\u0171k\u00f6d\u0151 v\u00e1llalatok, az Egyes\u00fclt \u00c1llamokban, t\u00f6bb mint 2500 kamionos vesz\u00edtette el az \u00e1ll\u00e1s\u00e1t. A tavalyi rendk\u00edv\u00fcl nyeres\u00e9ges \u00e9v ut\u00e1n id\u00e9n m\u00e1r \u00e9rezhet\u0151 a kiskereskedelem \u00e9s a feldolgoz\u00f3ipar gyeng\u00e9lked\u00e9se, amit\u0151l a dolgoz\u00f3k is egyre jobban szenvednek \u00edrja a Business Insider. A h\u00e1tt\u00e9rben r\u00e9szben az \u00e1ll, hogy \u00e9ves alapon 18","inLanguage":"hu-HU","isPartOf":{"@id":"https:\/\/allasorias.hu\/hirek\/#website"},"breadcrumb":{"@id":"https:\/\/allasorias.hu\/hirek\/bajban-az-amerikai-kamionosok-jonnek-a-sofor-nelkuli-jarmuvek\/#breadcrumblist"},"author":{"@id":"https:\/\/allasorias.hu\/hirek\/author\/admin-allasorias\/#author"},"creator":{"@id":"https:\/\/allasorias.hu\/hirek\/author\/admin-allasorias\/#author"},"image":{"@type":"ImageObject","url":"https:\/\/allasorias.hu\/hirek\/wp-content\/uploads\/2019\/01\/pexels-photo-590022.jpeg","@id":"https:\/\/allasorias.hu\/hirek\/bajban-az-amerikai-kamionosok-jonnek-a-sofor-nelkuli-jarmuvek\/#mainImage","width":640,"height":423},"primaryImageOfPage":{"@id":"https:\/\/allasorias.hu\/hirek\/bajban-az-amerikai-kamionosok-jonnek-a-sofor-nelkuli-jarmuvek\/#mainImage"},"datePublished":"2019-07-17T08:06:11+02:00","dateModified":"2019-07-17T08:06:11+02:00"},{"@type":"WebSite","@id":"https:\/\/allasorias.hu\/hirek\/#website","url":"https:\/\/allasorias.hu\/hirek\/","name":"AllasOrias.hu | H\u00edrek-lapszemle","description":"\u00dczleti h\u00edrek az \u00e1ll\u00e1s \u00e9s a munka vil\u00e1g\u00e1b\u00f3l","inLanguage":"hu-HU","publisher":{"@id":"https:\/\/allasorias.hu\/hirek\/#organization"}}]},"og:locale":"hu_HU","og:site_name":"AllasOrias.hu | H\u00edrek-lapszemle | \u00dczleti h\u00edrek az \u00e1ll\u00e1s \u00e9s a munka vil\u00e1g\u00e1b\u00f3l","og:type":"article","og:title":"Bajban az amerikai kamionosok \u2013 j\u00f6nnek a sof\u0151r n\u00e9lk\u00fcli j\u00e1rm\u0171vek? | AllasOrias.hu | H\u00edrek-lapszemle","og:description":"Sorra mennek cs\u0151dbe az amerikai kamionos fuvaroz\u00e1sban m\u0171k\u00f6d\u0151 v\u00e1llalatok, az Egyes\u00fclt \u00c1llamokban, t\u00f6bb mint 2500 kamionos vesz\u00edtette el az \u00e1ll\u00e1s\u00e1t. A tavalyi rendk\u00edv\u00fcl nyeres\u00e9ges \u00e9v ut\u00e1n id\u00e9n m\u00e1r \u00e9rezhet\u0151 a kiskereskedelem \u00e9s a feldolgoz\u00f3ipar gyeng\u00e9lked\u00e9se, amit\u0151l a dolgoz\u00f3k is egyre jobban szenvednek \u00edrja a Business Insider. A h\u00e1tt\u00e9rben r\u00e9szben az \u00e1ll, hogy \u00e9ves alapon 18","og:url":"https:\/\/allasorias.hu\/hirek\/bajban-az-amerikai-kamionosok-jonnek-a-sofor-nelkuli-jarmuvek\/","og:image":"https:\/\/allasorias.hu\/hirek\/wp-content\/uploads\/2019\/01\/pexels-photo-590022.jpeg","og:image:secure_url":"https:\/\/allasorias.hu\/hirek\/wp-content\/uploads\/2019\/01\/pexels-photo-590022.jpeg","og:image:width":640,"og:image:height":423,"article:published_time":"2019-07-17T08:06:11+00:00","article:modified_time":"2019-07-17T08:06:11+00:00","article:publisher":"https:\/\/www.facebook.com\/allasorias","twitter:card":"summary_large_image","twitter:title":"Bajban az amerikai kamionosok \u2013 j\u00f6nnek a sof\u0151r n\u00e9lk\u00fcli j\u00e1rm\u0171vek? | AllasOrias.hu | H\u00edrek-lapszemle","twitter:description":"Sorra mennek cs\u0151dbe az amerikai kamionos fuvaroz\u00e1sban m\u0171k\u00f6d\u0151 v\u00e1llalatok, az Egyes\u00fclt \u00c1llamokban, t\u00f6bb mint 2500 kamionos vesz\u00edtette el az \u00e1ll\u00e1s\u00e1t. A tavalyi rendk\u00edv\u00fcl nyeres\u00e9ges \u00e9v ut\u00e1n id\u00e9n m\u00e1r \u00e9rezhet\u0151 a kiskereskedelem \u00e9s a feldolgoz\u00f3ipar gyeng\u00e9lked\u00e9se, amit\u0151l a dolgoz\u00f3k is egyre jobban szenvednek \u00edrja a Business Insider. A h\u00e1tt\u00e9rben r\u00e9szben az \u00e1ll, hogy \u00e9ves alapon 18","twitter:image":"https:\/\/allasorias.hu\/hirek\/wp-content\/uploads\/2019\/01\/pexels-photo-590022.jpeg","twitter:label1":"Written by","twitter:data1":"Juh\u00e1sz P\u00e9ter","twitter:label2":"Est. reading time","twitter:data2":"2 minutes"},"aioseo_meta_data":{"post_id":"3112","title":null,"description":null,"keywords":null,"keyphrases":null,"primary_term":null,"canonical_url":null,"og_title":null,"og_description":null,"og_object_type":"default","og_image_type":"default","og_image_url":null,"og_image_width":null,"og_image_height":null,"og_image_custom_url":null,"og_image_custom_fields":null,"og_video":null,"og_custom_url":null,"og_article_section":null,"og_article_tags":null,"twitter_use_og":false,"twitter_card":"default","twitter_image_type":"default","twitter_image_url":null,"twitter_image_custom_url":null,"twitter_image_custom_fields":null,"twitter_title":null,"twitter_description":null,"schema":{"blockGraphs":[],"customGraphs":[],"default":{"data":{"Article":[],"Course":[],"Dataset":[],"FAQPage":[],"Movie":[],"Person":[],"Product":[],"ProductReview":[],"Car":[],"Recipe":[],"Service":[],"SoftwareApplication":[],"WebPage":[]},"graphName":"","isEnabled":true},"graphs":[]},"schema_type":null,"schema_type_options":null,"pillar_content":false,"robots_default":true,"robots_noindex":false,"robots_noarchive":false,"robots_nosnippet":false,"robots_nofollow":false,"robots_noimageindex":false,"robots_noodp":false,"robots_notranslate":false,"robots_max_snippet":null,"robots_max_videopreview":null,"robots_max_imagepreview":"large","priority":null,"frequency":null,"location":null,"local_seo":null,"breadcrumb_settings":null,"limit_modified_date":false,"ai":null,"created":"2021-02-01 21:31:47","updated":"2025-10-02 11:36:42","seo_analyzer_scan_date":null,"focus_keyword":null,"additional_keywords":null,"truseo_locale":null},"aioseo_breadcrumb":"<div class=\"aioseo-breadcrumbs\"><span class=\"aioseo-breadcrumb\">\n\t\t\t<a href=\"https:\/\/allasorias.hu\/hirek\" title=\"Home\">Home<\/a>\n\t\t<\/span><span class=\"aioseo-breadcrumb-separator\">&raquo;<\/span><span class=\"aioseo-breadcrumb\">\n\t\t\t<a href=\"https:\/\/allasorias.hu\/hirek\/temak\/kulfold\/\" title=\"K\u00fclf\u00f6ld\">K\u00fclf\u00f6ld<\/a>\n\t\t<\/span><span class=\"aioseo-breadcrumb-separator\">&raquo;<\/span><span class=\"aioseo-breadcrumb\">\n\t\t\tBajban az amerikai kamionosok \u2013 j\u00f6nnek a sof\u0151r n\u00e9lk\u00fcli j\u00e1rm\u0171vek?\n\t\t<\/span><\/div>","aioseo_breadcrumb_json":[{"label":"Home","link":"https:\/\/allasorias.hu\/hirek"},{"label":"K\u00fclf\u00f6ld","link":"https:\/\/allasorias.hu\/hirek\/temak\/kulfold\/"},{"label":"Bajban az amerikai kamionosok \u2013 j\u00f6nnek a sof\u0151r n\u00e9lk\u00fcli j\u00e1rm\u0171vek?","link":"https:\/\/allasorias.hu\/hirek\/bajban-az-amerikai-kamionosok-jonnek-a-sofor-nelkuli-jarmuvek\/"}],"_links":{"self":[{"href":"https:\/\/allasorias.hu\/hirek\/wp-json\/wp\/v2\/posts\/3112","targetHints":{"allow":["GET"]}}],"collection":[{"href":"https:\/\/allasorias.hu\/hirek\/wp-json\/wp\/v2\/posts"}],"about":[{"href":"https:\/\/allasorias.hu\/hirek\/wp-json\/wp\/v2\/types\/post"}],"author":[{"embeddable":true,"href":"https:\/\/allasorias.hu\/hirek\/wp-json\/wp\/v2\/users\/1"}],"replies":[{"embeddable":true,"href":"https:\/\/allasorias.hu\/hirek\/wp-json\/wp\/v2\/comments?post=3112"}],"version-history":[{"count":1,"href":"https:\/\/allasorias.hu\/hirek\/wp-json\/wp\/v2\/posts\/3112\/revisions"}],"predecessor-version":[{"id":3113,"href":"https:\/\/allasorias.hu\/hirek\/wp-json\/wp\/v2\/posts\/3112\/revisions\/3113"}],"wp:featuredmedia":[{"embeddable":true,"href":"https:\/\/allasorias.hu\/hirek\/wp-json\/wp\/v2\/media\/2440"}],"wp:attachment":[{"href":"https:\/\/allasorias.hu\/hirek\/wp-json\/wp\/v2\/media?parent=3112"}],"wp:term":[{"taxonomy":"category","embeddable":true,"href":"https:\/\/allasorias.hu\/hirek\/wp-json\/wp\/v2\/categories?post=3112"},{"taxonomy":"post_tag","embeddable":true,"href":"https:\/\/allasorias.hu\/hirek\/wp-json\/wp\/v2\/tags?post=3112"}],"curies":[{"name":"wp","href":"https:\/\/api.w.org\/{rel}","templated":true}]}}