{"id":3102,"date":"2019-07-16T15:52:48","date_gmt":"2019-07-16T15:52:48","guid":{"rendered":"https:\/\/allasorias.hu\/hirek\/?p=3102"},"modified":"2019-07-16T15:56:13","modified_gmt":"2019-07-16T15:56:13","slug":"egyre-tobb-megvaltozott-kepessegu-dolgozik","status":"publish","type":"post","link":"https:\/\/allasorias.hu\/hirek\/egyre-tobb-megvaltozott-kepessegu-dolgozik\/","title":{"rendered":"Egyre t\u00f6bb megv\u00e1ltozott k\u00e9pess\u00e9g\u0171 dolgozik"},"content":{"rendered":"<div style=\"text-align: justify;\"><strong>Tizennyolc sz\u00e1zal\u00e9kr\u00f3l 35%-ra n\u0151tt a \u00a0megv\u00e1ltozott munkak\u00e9pess\u00e9g\u0171ek foglalkoztat\u00e1si r\u00e1t\u00e1ja. A munkaer\u0151-k\u00f6lcs\u00f6nz\u00e9ssel \u00e9s -k\u00f6zvet\u00edt\u00e9ssel foglalkoz\u00f3 t\u00e1rsas\u00e1g, a Trenkwalder Recruitment Kft. becsl\u00e9se szerint ez a trend a munkaer\u0151hi\u00e1nnyal, r\u00e9szben pedig a megv\u00e1ltozott munkak\u00e9pess\u00e9g\u0171ek elhelyezked\u00e9s\u00e9t seg\u00edt\u0151 int\u00e9zked\u00e9sekkel magyar\u00e1zhat\u00f3.<\/strong><\/div>\n<div style=\"text-align: justify;\">\n<p>Ezen int\u00e9zked\u00e9sek, p\u00e9ld\u00e1ul a rehabilit\u00e1ci\u00f3s k\u00e1rtya \u00e9s a rehabilit\u00e1ci\u00f3s hozz\u00e1j\u00e1rul\u00e1s. A rehabilit\u00e1ci\u00f3s k\u00e1rty\u00e1val rendelkez\u0151 munkav\u00e1llal\u00f3 foglalkoztat\u00e1s\u00e1n\u00e1l mentes\u00fclnek a munkaad\u00f3k a 17,5 sz\u00e1zal\u00e9kos szoci\u00e1lis hozz\u00e1j\u00e1rul\u00e1s befizet\u00e9s\u00e9t\u0151l, az idei \u00e9vt\u0151l ez a kedvezm\u00e9ny m\u00e1r minden komplex szakv\u00e9lem\u00e9nnyel rendelkez\u0151 megv\u00e1ltozott munkak\u00e9pess\u00e9g\u0171 szem\u00e9ly ut\u00e1n j\u00e1rhat, \u0151k mintegy 400 ezer embert tesznek ki. A munk\u00e1ltat\u00f3k sz\u00e1m\u00e1ra m\u00e9g nagyobb anyagi \u00f6szt\u00f6nz\u00e9st jelent, hogy minden 25 dolgoz\u00f3n\u00e1l t\u00f6bbet foglalkoztat\u00f3 t\u00e1rsas\u00e1gnak, ahol a megv\u00e1ltozott munkak\u00e9pess\u00e9g\u0171ek sz\u00e1ma nem \u00e9ri el a teljes \u00e1llom\u00e1ny 5 sz\u00e1zal\u00e9k\u00e1t, a munkaad\u00f3knak a hi\u00e1nyz\u00f3 l\u00e9tsz\u00e1m ut\u00e1n rehabilit\u00e1ci\u00f3s hozz\u00e1j\u00e1rul\u00e1s c\u00edmen fejenk\u00e9nt \u00e9vi 1 341 000 forintot kell befizetni\u00fck az \u00e1llamkassz\u00e1ba. A megv\u00e1ltozott munkak\u00e9pess\u00e9g\u0171ek t\u00f6bbs\u00e9ge a feldolgoz\u00f3iparban \u00e9s a szolg\u00e1ltat\u00e1si szektorban, els\u0151sorban hum\u00e1n \u00e9s szoci\u00e1lis ter\u00fcleten dolgozik, 40 sz\u00e1zal\u00e9kuk r\u00e9szmunkaid\u0151ben l\u00e1tja el feladatait. Az \u00e9rintettek 55 sz\u00e1zal\u00e9ka k\u00f6z\u00e9pfok\u00fa v\u00e9gzetts\u00e9ggel rendelkezik, 6 sz\u00e1zal\u00e9kuk pedig diplom\u00e1s. A 250 embern\u00e9l t\u00f6bbet foglalkoztat\u00f3 v\u00e1llalatok mintegy 80 sz\u00e1zal\u00e9k\u00e1n\u00e1l dolgozik megv\u00e1ltozott munkak\u00e9pess\u00e9g\u0171 koll\u00e9ga, a legmagasabb ar\u00e1nyban Fej\u00e9r \u00e9s Gy\u0151r-Moson-Sopron megy\u00e9ben (93, illetve 86 sz\u00e1zal\u00e9k), a legalacsonyabb ar\u00e1nyban pedig N\u00f3gr\u00e1d megy\u00e9ben (55 sz\u00e1zal\u00e9k). Balog Lajos, a Trenkwalder Rehabilit\u00e1ci\u00f3s \u00fczlet\u00e1g\u00e1nak vezet\u0151je szerint tov\u00e1bbi \u00f6szt\u00f6nz\u00e9st jelenthetne, ha rugalmass\u00e1 tenn\u00e9k a rokkants\u00e1gi vagy rehabilit\u00e1ci\u00f3s ell\u00e1t\u00e1s mellett v\u00e9gzett munka 223 500 forintos j\u00f6vedelemkorl\u00e1tj\u00e1t. Ha ezt a kereseti korl\u00e1tot a munkav\u00e1llal\u00f3 h\u00e1rom egym\u00e1st k\u00f6vet\u0151 h\u00f3napban t\u00fall\u00e9pi, a jelenlegi szab\u00e1lyoz\u00e1s szerint teljes m\u00e9rt\u00e9kben elesik az \u00e1tlagosan 73 ezer forint \u00e9rt\u00e9k\u0171 ell\u00e1t\u00e1st\u00f3l. A szakember szerint ezt a probl\u00e9m\u00e1t orvosolhatn\u00e1 egy s\u00e1vosan bevezetett kereseti korl\u00e1t, amely egy, a jelenlegi korl\u00e1t feletti s\u00e1vban csup\u00e1n az ell\u00e1t\u00e1s egy r\u00e9sz\u00e9t vonn\u00e1 el, n\u00f6velve a megv\u00e1ltozott munkak\u00e9pess\u00e9g\u0171ek munkav\u00e1llal\u00e1si kedv\u00e9t. Tov\u00e1bbi \u00f6szt\u00f6nz\u0151kre az\u00e9rt is sz\u00fcks\u00e9g van, mert b\u00e1r az elm\u00falt nyolc \u00e9vben l\u00e1tv\u00e1nyosan, 18-r\u00f3l 35 sz\u00e1zal\u00e9k k\u00f6r\u00fcli szintre n\u0151tt a megv\u00e1ltozott munkak\u00e9pess\u00e9g\u0171ek foglalkoztat\u00e1si ar\u00e1nya, ez az \u00e9rt\u00e9k m\u00e9g mindig az egyik legalacsonyabb az Eur\u00f3pai Uni\u00f3ban, amelynek \u00e1tlaga 50 sz\u00e1zal\u00e9k k\u00f6r\u00fcl mozog.<\/p>\n<\/div>\n<p>Forr\u00e1s: privatbankar.hu<\/p>\n","protected":false},"excerpt":{"rendered":"<p>Tizennyolc sz\u00e1zal\u00e9kr\u00f3l 35%-ra n\u0151tt a \u00a0megv\u00e1ltozott munkak\u00e9pess\u00e9g\u0171ek foglalkoztat\u00e1si r\u00e1t\u00e1ja. A munkaer\u0151-k\u00f6lcs\u00f6nz\u00e9ssel \u00e9s -k\u00f6zvet\u00edt\u00e9ssel foglalkoz\u00f3 t\u00e1rsas\u00e1g, a Trenkwalder Recruitment Kft. becsl\u00e9se szerint ez a trend a munkaer\u0151hi\u00e1nnyal, r\u00e9szben pedig a megv\u00e1ltozott munkak\u00e9pess\u00e9g\u0171ek elhelyezked\u00e9s\u00e9t seg\u00edt\u0151 int\u00e9zked\u00e9sekkel magyar\u00e1zhat\u00f3. Ezen int\u00e9zked\u00e9sek, p\u00e9ld\u00e1ul a rehabilit\u00e1ci\u00f3s k\u00e1rtya \u00e9s a rehabilit\u00e1ci\u00f3s hozz\u00e1j\u00e1rul\u00e1s. A rehabilit\u00e1ci\u00f3s k\u00e1rty\u00e1val rendelkez\u0151 munkav\u00e1llal\u00f3 foglalkoztat\u00e1s\u00e1n\u00e1l mentes\u00fclnek a munkaad\u00f3k a [&hellip;]<\/p>\n","protected":false},"author":1,"featured_media":1992,"comment_status":"open","ping_status":"open","sticky":false,"template":"","format":"standard","meta":{"_monsterinsights_skip_tracking":false,"footnotes":""},"categories":[1],"tags":[],"class_list":["post-3102","post","type-post","status-publish","format-standard","has-post-thumbnail","hentry","category-allaskereses"],"aioseo_notices":[],"aioseo_head":"\n\t\t<!-- All in One SEO 5.0.0.1 - aioseo.com -->\n\t<meta name=\"description\" content=\"Tizennyolc sz\u00e1zal\u00e9kr\u00f3l 35%-ra n\u0151tt a megv\u00e1ltozott munkak\u00e9pess\u00e9g\u0171ek foglalkoztat\u00e1si r\u00e1t\u00e1ja. A munkaer\u0151-k\u00f6lcs\u00f6nz\u00e9ssel \u00e9s -k\u00f6zvet\u00edt\u00e9ssel foglalkoz\u00f3 t\u00e1rsas\u00e1g, a Trenkwalder Recruitment Kft. becsl\u00e9se szerint ez a trend a munkaer\u0151hi\u00e1nnyal, r\u00e9szben pedig a megv\u00e1ltozott munkak\u00e9pess\u00e9g\u0171ek elhelyezked\u00e9s\u00e9t seg\u00edt\u0151 int\u00e9zked\u00e9sekkel magyar\u00e1zhat\u00f3. Ezen int\u00e9zked\u00e9sek, p\u00e9ld\u00e1ul a rehabilit\u00e1ci\u00f3s k\u00e1rtya \u00e9s a rehabilit\u00e1ci\u00f3s hozz\u00e1j\u00e1rul\u00e1s. A rehabilit\u00e1ci\u00f3s k\u00e1rty\u00e1val rendelkez\u0151 munkav\u00e1llal\u00f3 foglalkoztat\u00e1s\u00e1n\u00e1l mentes\u00fclnek a munkaad\u00f3k a\" \/>\n\t<meta name=\"robots\" content=\"max-image-preview:large\" \/>\n\t<meta name=\"author\" content=\"Juh\u00e1sz P\u00e9ter\"\/>\n\t<link rel=\"canonical\" href=\"https:\/\/allasorias.hu\/hirek\/egyre-tobb-megvaltozott-kepessegu-dolgozik\/\" \/>\n\t<meta name=\"generator\" content=\"All in One SEO (AIOSEO) 5.0.0.1\" \/>\n\t\t<meta property=\"og:locale\" content=\"hu_HU\" \/>\n\t\t<meta property=\"og:site_name\" content=\"AllasOrias.hu | H\u00edrek-lapszemle | \u00dczleti h\u00edrek az \u00e1ll\u00e1s \u00e9s a munka vil\u00e1g\u00e1b\u00f3l\" \/>\n\t\t<meta property=\"og:type\" content=\"article\" \/>\n\t\t<meta property=\"og:title\" content=\"Egyre t\u00f6bb megv\u00e1ltozott k\u00e9pess\u00e9g\u0171 dolgozik | AllasOrias.hu | H\u00edrek-lapszemle\" \/>\n\t\t<meta property=\"og:description\" content=\"Tizennyolc sz\u00e1zal\u00e9kr\u00f3l 35%-ra n\u0151tt a megv\u00e1ltozott munkak\u00e9pess\u00e9g\u0171ek foglalkoztat\u00e1si r\u00e1t\u00e1ja. A munkaer\u0151-k\u00f6lcs\u00f6nz\u00e9ssel \u00e9s -k\u00f6zvet\u00edt\u00e9ssel foglalkoz\u00f3 t\u00e1rsas\u00e1g, a Trenkwalder Recruitment Kft. becsl\u00e9se szerint ez a trend a munkaer\u0151hi\u00e1nnyal, r\u00e9szben pedig a megv\u00e1ltozott munkak\u00e9pess\u00e9g\u0171ek elhelyezked\u00e9s\u00e9t seg\u00edt\u0151 int\u00e9zked\u00e9sekkel magyar\u00e1zhat\u00f3. Ezen int\u00e9zked\u00e9sek, p\u00e9ld\u00e1ul a rehabilit\u00e1ci\u00f3s k\u00e1rtya \u00e9s a rehabilit\u00e1ci\u00f3s hozz\u00e1j\u00e1rul\u00e1s. A rehabilit\u00e1ci\u00f3s k\u00e1rty\u00e1val rendelkez\u0151 munkav\u00e1llal\u00f3 foglalkoztat\u00e1s\u00e1n\u00e1l mentes\u00fclnek a munkaad\u00f3k a\" \/>\n\t\t<meta property=\"og:url\" content=\"https:\/\/allasorias.hu\/hirek\/egyre-tobb-megvaltozott-kepessegu-dolgozik\/\" \/>\n\t\t<meta property=\"og:image\" content=\"https:\/\/allasorias.hu\/hirek\/wp-content\/uploads\/2018\/10\/entrepreneur-1340649_640-e1504262937224.jpg\" \/>\n\t\t<meta property=\"og:image:secure_url\" content=\"https:\/\/allasorias.hu\/hirek\/wp-content\/uploads\/2018\/10\/entrepreneur-1340649_640-e1504262937224.jpg\" \/>\n\t\t<meta property=\"og:image:width\" content=\"512\" \/>\n\t\t<meta property=\"og:image:height\" content=\"362\" \/>\n\t\t<meta property=\"article:published_time\" content=\"2019-07-16T15:52:48+00:00\" \/>\n\t\t<meta property=\"article:modified_time\" content=\"2019-07-16T15:56:13+00:00\" \/>\n\t\t<meta property=\"article:publisher\" content=\"https:\/\/www.facebook.com\/allasorias\" \/>\n\t\t<meta name=\"twitter:card\" content=\"summary_large_image\" \/>\n\t\t<meta name=\"twitter:title\" content=\"Egyre t\u00f6bb megv\u00e1ltozott k\u00e9pess\u00e9g\u0171 dolgozik | AllasOrias.hu | H\u00edrek-lapszemle\" \/>\n\t\t<meta name=\"twitter:description\" content=\"Tizennyolc sz\u00e1zal\u00e9kr\u00f3l 35%-ra n\u0151tt a megv\u00e1ltozott munkak\u00e9pess\u00e9g\u0171ek foglalkoztat\u00e1si r\u00e1t\u00e1ja. A munkaer\u0151-k\u00f6lcs\u00f6nz\u00e9ssel \u00e9s -k\u00f6zvet\u00edt\u00e9ssel foglalkoz\u00f3 t\u00e1rsas\u00e1g, a Trenkwalder Recruitment Kft. becsl\u00e9se szerint ez a trend a munkaer\u0151hi\u00e1nnyal, r\u00e9szben pedig a megv\u00e1ltozott munkak\u00e9pess\u00e9g\u0171ek elhelyezked\u00e9s\u00e9t seg\u00edt\u0151 int\u00e9zked\u00e9sekkel magyar\u00e1zhat\u00f3. Ezen int\u00e9zked\u00e9sek, p\u00e9ld\u00e1ul a rehabilit\u00e1ci\u00f3s k\u00e1rtya \u00e9s a rehabilit\u00e1ci\u00f3s hozz\u00e1j\u00e1rul\u00e1s. A rehabilit\u00e1ci\u00f3s k\u00e1rty\u00e1val rendelkez\u0151 munkav\u00e1llal\u00f3 foglalkoztat\u00e1s\u00e1n\u00e1l mentes\u00fclnek a munkaad\u00f3k a\" \/>\n\t\t<meta name=\"twitter:image\" content=\"https:\/\/allasorias.hu\/hirek\/wp-content\/uploads\/2018\/10\/entrepreneur-1340649_640-e1504262937224.jpg\" \/>\n\t\t<meta name=\"twitter:label1\" content=\"Written by\" \/>\n\t\t<meta name=\"twitter:data1\" content=\"Juh\u00e1sz P\u00e9ter\" \/>\n\t\t<meta name=\"twitter:label2\" content=\"Est. reading time\" \/>\n\t\t<meta name=\"twitter:data2\" content=\"3 minutes\" \/>\n\t\t<script type=\"application\/ld+json\" class=\"aioseo-schema\">\n\t\t\t{\"@context\":\"https:\\\/\\\/schema.org\",\"@graph\":[{\"@type\":\"Article\",\"@id\":\"https:\\\/\\\/allasorias.hu\\\/hirek\\\/egyre-tobb-megvaltozott-kepessegu-dolgozik\\\/#article\",\"name\":\"Egyre t\\u00f6bb megv\\u00e1ltozott k\\u00e9pess\\u00e9g\\u0171 dolgozik | AllasOrias.hu | H\\u00edrek-lapszemle\",\"headline\":\"Egyre t\\u00f6bb megv\\u00e1ltozott k\\u00e9pess\\u00e9g\\u0171 dolgozik\",\"author\":{\"@id\":\"https:\\\/\\\/allasorias.hu\\\/hirek\\\/author\\\/admin-allasorias\\\/#author\"},\"publisher\":{\"@id\":\"https:\\\/\\\/allasorias.hu\\\/hirek\\\/#organization\"},\"image\":{\"@type\":\"ImageObject\",\"url\":\"https:\\\/\\\/allasorias.hu\\\/hirek\\\/wp-content\\\/uploads\\\/2018\\\/10\\\/entrepreneur-1340649_640-e1504262937224.jpg\",\"width\":512,\"height\":362},\"datePublished\":\"2019-07-16T15:52:48+02:00\",\"dateModified\":\"2019-07-16T15:56:13+02:00\",\"inLanguage\":\"hu-HU\",\"mainEntityOfPage\":{\"@id\":\"https:\\\/\\\/allasorias.hu\\\/hirek\\\/egyre-tobb-megvaltozott-kepessegu-dolgozik\\\/#webpage\"},\"isPartOf\":{\"@id\":\"https:\\\/\\\/allasorias.hu\\\/hirek\\\/egyre-tobb-megvaltozott-kepessegu-dolgozik\\\/#webpage\"},\"articleSection\":\"\\u00c1ll\\u00e1skeres\\u00e9s\"},{\"@type\":\"BreadcrumbList\",\"@id\":\"https:\\\/\\\/allasorias.hu\\\/hirek\\\/egyre-tobb-megvaltozott-kepessegu-dolgozik\\\/#breadcrumblist\",\"itemListElement\":[{\"@type\":\"ListItem\",\"@id\":\"https:\\\/\\\/allasorias.hu\\\/hirek#listItem\",\"position\":1,\"name\":\"Home\",\"item\":\"https:\\\/\\\/allasorias.hu\\\/hirek\",\"nextItem\":{\"@type\":\"ListItem\",\"@id\":\"https:\\\/\\\/allasorias.hu\\\/hirek\\\/temak\\\/allaskereses\\\/#listItem\",\"name\":\"\\u00c1ll\\u00e1skeres\\u00e9s\"}},{\"@type\":\"ListItem\",\"@id\":\"https:\\\/\\\/allasorias.hu\\\/hirek\\\/temak\\\/allaskereses\\\/#listItem\",\"position\":2,\"name\":\"\\u00c1ll\\u00e1skeres\\u00e9s\",\"item\":\"https:\\\/\\\/allasorias.hu\\\/hirek\\\/temak\\\/allaskereses\\\/\",\"nextItem\":{\"@type\":\"ListItem\",\"@id\":\"https:\\\/\\\/allasorias.hu\\\/hirek\\\/egyre-tobb-megvaltozott-kepessegu-dolgozik\\\/#listItem\",\"name\":\"Egyre t\\u00f6bb megv\\u00e1ltozott k\\u00e9pess\\u00e9g\\u0171 dolgozik\"},\"previousItem\":{\"@type\":\"ListItem\",\"@id\":\"https:\\\/\\\/allasorias.hu\\\/hirek#listItem\",\"name\":\"Home\"}},{\"@type\":\"ListItem\",\"@id\":\"https:\\\/\\\/allasorias.hu\\\/hirek\\\/egyre-tobb-megvaltozott-kepessegu-dolgozik\\\/#listItem\",\"position\":3,\"name\":\"Egyre t\\u00f6bb megv\\u00e1ltozott k\\u00e9pess\\u00e9g\\u0171 dolgozik\",\"previousItem\":{\"@type\":\"ListItem\",\"@id\":\"https:\\\/\\\/allasorias.hu\\\/hirek\\\/temak\\\/allaskereses\\\/#listItem\",\"name\":\"\\u00c1ll\\u00e1skeres\\u00e9s\"}}]},{\"@type\":\"Organization\",\"@id\":\"https:\\\/\\\/allasorias.hu\\\/hirek\\\/#organization\",\"name\":\"AllasOrias.hu | H\\u00edrek-lapszemle\",\"description\":\"\\u00dczleti h\\u00edrek az \\u00e1ll\\u00e1s \\u00e9s a munka vil\\u00e1g\\u00e1b\\u00f3l\",\"url\":\"https:\\\/\\\/allasorias.hu\\\/hirek\\\/\",\"logo\":{\"@type\":\"ImageObject\",\"url\":\"https:\\\/\\\/allasorias.hu\\\/hirek\\\/wp-content\\\/uploads\\\/2022\\\/10\\\/allasorias_site_facebok_logo.png\",\"@id\":\"https:\\\/\\\/allasorias.hu\\\/hirek\\\/egyre-tobb-megvaltozott-kepessegu-dolgozik\\\/#organizationLogo\"},\"image\":{\"@id\":\"https:\\\/\\\/allasorias.hu\\\/hirek\\\/egyre-tobb-megvaltozott-kepessegu-dolgozik\\\/#organizationLogo\"},\"sameAs\":[\"https:\\\/\\\/www.facebook.com\\\/allasorias\",\"https:\\\/\\\/www.linkedin.com\\\/company\\\/allasorias\"]},{\"@type\":\"Person\",\"@id\":\"https:\\\/\\\/allasorias.hu\\\/hirek\\\/author\\\/admin-allasorias\\\/#author\",\"url\":\"https:\\\/\\\/allasorias.hu\\\/hirek\\\/author\\\/admin-allasorias\\\/\",\"name\":\"Juh\\u00e1sz P\\u00e9ter\",\"image\":{\"@type\":\"ImageObject\",\"@id\":\"https:\\\/\\\/allasorias.hu\\\/hirek\\\/egyre-tobb-megvaltozott-kepessegu-dolgozik\\\/#authorImage\",\"url\":\"https:\\\/\\\/secure.gravatar.com\\\/avatar\\\/36e6bcb83148978b992977cb0f54d22feb0cce8a0a849a9410532bb2623ba4c6?s=96&d=mm&r=g\",\"width\":96,\"height\":96,\"caption\":\"Juh\\u00e1sz P\\u00e9ter\"}},{\"@type\":\"WebPage\",\"@id\":\"https:\\\/\\\/allasorias.hu\\\/hirek\\\/egyre-tobb-megvaltozott-kepessegu-dolgozik\\\/#webpage\",\"url\":\"https:\\\/\\\/allasorias.hu\\\/hirek\\\/egyre-tobb-megvaltozott-kepessegu-dolgozik\\\/\",\"name\":\"Egyre t\\u00f6bb megv\\u00e1ltozott k\\u00e9pess\\u00e9g\\u0171 dolgozik | AllasOrias.hu | H\\u00edrek-lapszemle\",\"description\":\"Tizennyolc sz\\u00e1zal\\u00e9kr\\u00f3l 35%-ra n\\u0151tt a megv\\u00e1ltozott munkak\\u00e9pess\\u00e9g\\u0171ek foglalkoztat\\u00e1si r\\u00e1t\\u00e1ja. A munkaer\\u0151-k\\u00f6lcs\\u00f6nz\\u00e9ssel \\u00e9s -k\\u00f6zvet\\u00edt\\u00e9ssel foglalkoz\\u00f3 t\\u00e1rsas\\u00e1g, a Trenkwalder Recruitment Kft. becsl\\u00e9se szerint ez a trend a munkaer\\u0151hi\\u00e1nnyal, r\\u00e9szben pedig a megv\\u00e1ltozott munkak\\u00e9pess\\u00e9g\\u0171ek elhelyezked\\u00e9s\\u00e9t seg\\u00edt\\u0151 int\\u00e9zked\\u00e9sekkel magyar\\u00e1zhat\\u00f3. Ezen int\\u00e9zked\\u00e9sek, p\\u00e9ld\\u00e1ul a rehabilit\\u00e1ci\\u00f3s k\\u00e1rtya \\u00e9s a rehabilit\\u00e1ci\\u00f3s hozz\\u00e1j\\u00e1rul\\u00e1s. A rehabilit\\u00e1ci\\u00f3s k\\u00e1rty\\u00e1val rendelkez\\u0151 munkav\\u00e1llal\\u00f3 foglalkoztat\\u00e1s\\u00e1n\\u00e1l mentes\\u00fclnek a munkaad\\u00f3k a\",\"inLanguage\":\"hu-HU\",\"isPartOf\":{\"@id\":\"https:\\\/\\\/allasorias.hu\\\/hirek\\\/#website\"},\"breadcrumb\":{\"@id\":\"https:\\\/\\\/allasorias.hu\\\/hirek\\\/egyre-tobb-megvaltozott-kepessegu-dolgozik\\\/#breadcrumblist\"},\"author\":{\"@id\":\"https:\\\/\\\/allasorias.hu\\\/hirek\\\/author\\\/admin-allasorias\\\/#author\"},\"creator\":{\"@id\":\"https:\\\/\\\/allasorias.hu\\\/hirek\\\/author\\\/admin-allasorias\\\/#author\"},\"image\":{\"@type\":\"ImageObject\",\"url\":\"https:\\\/\\\/allasorias.hu\\\/hirek\\\/wp-content\\\/uploads\\\/2018\\\/10\\\/entrepreneur-1340649_640-e1504262937224.jpg\",\"@id\":\"https:\\\/\\\/allasorias.hu\\\/hirek\\\/egyre-tobb-megvaltozott-kepessegu-dolgozik\\\/#mainImage\",\"width\":512,\"height\":362},\"primaryImageOfPage\":{\"@id\":\"https:\\\/\\\/allasorias.hu\\\/hirek\\\/egyre-tobb-megvaltozott-kepessegu-dolgozik\\\/#mainImage\"},\"datePublished\":\"2019-07-16T15:52:48+02:00\",\"dateModified\":\"2019-07-16T15:56:13+02:00\"},{\"@type\":\"WebSite\",\"@id\":\"https:\\\/\\\/allasorias.hu\\\/hirek\\\/#website\",\"url\":\"https:\\\/\\\/allasorias.hu\\\/hirek\\\/\",\"name\":\"AllasOrias.hu | H\\u00edrek-lapszemle\",\"description\":\"\\u00dczleti h\\u00edrek az \\u00e1ll\\u00e1s \\u00e9s a munka vil\\u00e1g\\u00e1b\\u00f3l\",\"inLanguage\":\"hu-HU\",\"publisher\":{\"@id\":\"https:\\\/\\\/allasorias.hu\\\/hirek\\\/#organization\"}}]}\n\t\t<\/script>\n\t\t<!-- All in One SEO -->\n\n","aioseo_head_json":{"title":"Egyre t\u00f6bb megv\u00e1ltozott k\u00e9pess\u00e9g\u0171 dolgozik | AllasOrias.hu | H\u00edrek-lapszemle","description":"Tizennyolc sz\u00e1zal\u00e9kr\u00f3l 35%-ra n\u0151tt a megv\u00e1ltozott munkak\u00e9pess\u00e9g\u0171ek foglalkoztat\u00e1si r\u00e1t\u00e1ja. A munkaer\u0151-k\u00f6lcs\u00f6nz\u00e9ssel \u00e9s -k\u00f6zvet\u00edt\u00e9ssel foglalkoz\u00f3 t\u00e1rsas\u00e1g, a Trenkwalder Recruitment Kft. becsl\u00e9se szerint ez a trend a munkaer\u0151hi\u00e1nnyal, r\u00e9szben pedig a megv\u00e1ltozott munkak\u00e9pess\u00e9g\u0171ek elhelyezked\u00e9s\u00e9t seg\u00edt\u0151 int\u00e9zked\u00e9sekkel magyar\u00e1zhat\u00f3. Ezen int\u00e9zked\u00e9sek, p\u00e9ld\u00e1ul a rehabilit\u00e1ci\u00f3s k\u00e1rtya \u00e9s a rehabilit\u00e1ci\u00f3s hozz\u00e1j\u00e1rul\u00e1s. A rehabilit\u00e1ci\u00f3s k\u00e1rty\u00e1val rendelkez\u0151 munkav\u00e1llal\u00f3 foglalkoztat\u00e1s\u00e1n\u00e1l mentes\u00fclnek a munkaad\u00f3k a","canonical_url":"https:\/\/allasorias.hu\/hirek\/egyre-tobb-megvaltozott-kepessegu-dolgozik\/","robots":"max-image-preview:large","keywords":"","webmasterTools":{"miscellaneous":""},"schema":{"@context":"https:\/\/schema.org","@graph":[{"@type":"Article","@id":"https:\/\/allasorias.hu\/hirek\/egyre-tobb-megvaltozott-kepessegu-dolgozik\/#article","name":"Egyre t\u00f6bb megv\u00e1ltozott k\u00e9pess\u00e9g\u0171 dolgozik | AllasOrias.hu | H\u00edrek-lapszemle","headline":"Egyre t\u00f6bb megv\u00e1ltozott k\u00e9pess\u00e9g\u0171 dolgozik","author":{"@id":"https:\/\/allasorias.hu\/hirek\/author\/admin-allasorias\/#author"},"publisher":{"@id":"https:\/\/allasorias.hu\/hirek\/#organization"},"image":{"@type":"ImageObject","url":"https:\/\/allasorias.hu\/hirek\/wp-content\/uploads\/2018\/10\/entrepreneur-1340649_640-e1504262937224.jpg","width":512,"height":362},"datePublished":"2019-07-16T15:52:48+02:00","dateModified":"2019-07-16T15:56:13+02:00","inLanguage":"hu-HU","mainEntityOfPage":{"@id":"https:\/\/allasorias.hu\/hirek\/egyre-tobb-megvaltozott-kepessegu-dolgozik\/#webpage"},"isPartOf":{"@id":"https:\/\/allasorias.hu\/hirek\/egyre-tobb-megvaltozott-kepessegu-dolgozik\/#webpage"},"articleSection":"\u00c1ll\u00e1skeres\u00e9s"},{"@type":"BreadcrumbList","@id":"https:\/\/allasorias.hu\/hirek\/egyre-tobb-megvaltozott-kepessegu-dolgozik\/#breadcrumblist","itemListElement":[{"@type":"ListItem","@id":"https:\/\/allasorias.hu\/hirek#listItem","position":1,"name":"Home","item":"https:\/\/allasorias.hu\/hirek","nextItem":{"@type":"ListItem","@id":"https:\/\/allasorias.hu\/hirek\/temak\/allaskereses\/#listItem","name":"\u00c1ll\u00e1skeres\u00e9s"}},{"@type":"ListItem","@id":"https:\/\/allasorias.hu\/hirek\/temak\/allaskereses\/#listItem","position":2,"name":"\u00c1ll\u00e1skeres\u00e9s","item":"https:\/\/allasorias.hu\/hirek\/temak\/allaskereses\/","nextItem":{"@type":"ListItem","@id":"https:\/\/allasorias.hu\/hirek\/egyre-tobb-megvaltozott-kepessegu-dolgozik\/#listItem","name":"Egyre t\u00f6bb megv\u00e1ltozott k\u00e9pess\u00e9g\u0171 dolgozik"},"previousItem":{"@type":"ListItem","@id":"https:\/\/allasorias.hu\/hirek#listItem","name":"Home"}},{"@type":"ListItem","@id":"https:\/\/allasorias.hu\/hirek\/egyre-tobb-megvaltozott-kepessegu-dolgozik\/#listItem","position":3,"name":"Egyre t\u00f6bb megv\u00e1ltozott k\u00e9pess\u00e9g\u0171 dolgozik","previousItem":{"@type":"ListItem","@id":"https:\/\/allasorias.hu\/hirek\/temak\/allaskereses\/#listItem","name":"\u00c1ll\u00e1skeres\u00e9s"}}]},{"@type":"Organization","@id":"https:\/\/allasorias.hu\/hirek\/#organization","name":"AllasOrias.hu | H\u00edrek-lapszemle","description":"\u00dczleti h\u00edrek az \u00e1ll\u00e1s \u00e9s a munka vil\u00e1g\u00e1b\u00f3l","url":"https:\/\/allasorias.hu\/hirek\/","logo":{"@type":"ImageObject","url":"https:\/\/allasorias.hu\/hirek\/wp-content\/uploads\/2022\/10\/allasorias_site_facebok_logo.png","@id":"https:\/\/allasorias.hu\/hirek\/egyre-tobb-megvaltozott-kepessegu-dolgozik\/#organizationLogo"},"image":{"@id":"https:\/\/allasorias.hu\/hirek\/egyre-tobb-megvaltozott-kepessegu-dolgozik\/#organizationLogo"},"sameAs":["https:\/\/www.facebook.com\/allasorias","https:\/\/www.linkedin.com\/company\/allasorias"]},{"@type":"Person","@id":"https:\/\/allasorias.hu\/hirek\/author\/admin-allasorias\/#author","url":"https:\/\/allasorias.hu\/hirek\/author\/admin-allasorias\/","name":"Juh\u00e1sz P\u00e9ter","image":{"@type":"ImageObject","@id":"https:\/\/allasorias.hu\/hirek\/egyre-tobb-megvaltozott-kepessegu-dolgozik\/#authorImage","url":"https:\/\/secure.gravatar.com\/avatar\/36e6bcb83148978b992977cb0f54d22feb0cce8a0a849a9410532bb2623ba4c6?s=96&d=mm&r=g","width":96,"height":96,"caption":"Juh\u00e1sz P\u00e9ter"}},{"@type":"WebPage","@id":"https:\/\/allasorias.hu\/hirek\/egyre-tobb-megvaltozott-kepessegu-dolgozik\/#webpage","url":"https:\/\/allasorias.hu\/hirek\/egyre-tobb-megvaltozott-kepessegu-dolgozik\/","name":"Egyre t\u00f6bb megv\u00e1ltozott k\u00e9pess\u00e9g\u0171 dolgozik | AllasOrias.hu | H\u00edrek-lapszemle","description":"Tizennyolc sz\u00e1zal\u00e9kr\u00f3l 35%-ra n\u0151tt a megv\u00e1ltozott munkak\u00e9pess\u00e9g\u0171ek foglalkoztat\u00e1si r\u00e1t\u00e1ja. A munkaer\u0151-k\u00f6lcs\u00f6nz\u00e9ssel \u00e9s -k\u00f6zvet\u00edt\u00e9ssel foglalkoz\u00f3 t\u00e1rsas\u00e1g, a Trenkwalder Recruitment Kft. becsl\u00e9se szerint ez a trend a munkaer\u0151hi\u00e1nnyal, r\u00e9szben pedig a megv\u00e1ltozott munkak\u00e9pess\u00e9g\u0171ek elhelyezked\u00e9s\u00e9t seg\u00edt\u0151 int\u00e9zked\u00e9sekkel magyar\u00e1zhat\u00f3. Ezen int\u00e9zked\u00e9sek, p\u00e9ld\u00e1ul a rehabilit\u00e1ci\u00f3s k\u00e1rtya \u00e9s a rehabilit\u00e1ci\u00f3s hozz\u00e1j\u00e1rul\u00e1s. A rehabilit\u00e1ci\u00f3s k\u00e1rty\u00e1val rendelkez\u0151 munkav\u00e1llal\u00f3 foglalkoztat\u00e1s\u00e1n\u00e1l mentes\u00fclnek a munkaad\u00f3k a","inLanguage":"hu-HU","isPartOf":{"@id":"https:\/\/allasorias.hu\/hirek\/#website"},"breadcrumb":{"@id":"https:\/\/allasorias.hu\/hirek\/egyre-tobb-megvaltozott-kepessegu-dolgozik\/#breadcrumblist"},"author":{"@id":"https:\/\/allasorias.hu\/hirek\/author\/admin-allasorias\/#author"},"creator":{"@id":"https:\/\/allasorias.hu\/hirek\/author\/admin-allasorias\/#author"},"image":{"@type":"ImageObject","url":"https:\/\/allasorias.hu\/hirek\/wp-content\/uploads\/2018\/10\/entrepreneur-1340649_640-e1504262937224.jpg","@id":"https:\/\/allasorias.hu\/hirek\/egyre-tobb-megvaltozott-kepessegu-dolgozik\/#mainImage","width":512,"height":362},"primaryImageOfPage":{"@id":"https:\/\/allasorias.hu\/hirek\/egyre-tobb-megvaltozott-kepessegu-dolgozik\/#mainImage"},"datePublished":"2019-07-16T15:52:48+02:00","dateModified":"2019-07-16T15:56:13+02:00"},{"@type":"WebSite","@id":"https:\/\/allasorias.hu\/hirek\/#website","url":"https:\/\/allasorias.hu\/hirek\/","name":"AllasOrias.hu | H\u00edrek-lapszemle","description":"\u00dczleti h\u00edrek az \u00e1ll\u00e1s \u00e9s a munka vil\u00e1g\u00e1b\u00f3l","inLanguage":"hu-HU","publisher":{"@id":"https:\/\/allasorias.hu\/hirek\/#organization"}}]},"og:locale":"hu_HU","og:site_name":"AllasOrias.hu | H\u00edrek-lapszemle | \u00dczleti h\u00edrek az \u00e1ll\u00e1s \u00e9s a munka vil\u00e1g\u00e1b\u00f3l","og:type":"article","og:title":"Egyre t\u00f6bb megv\u00e1ltozott k\u00e9pess\u00e9g\u0171 dolgozik | AllasOrias.hu | H\u00edrek-lapszemle","og:description":"Tizennyolc sz\u00e1zal\u00e9kr\u00f3l 35%-ra n\u0151tt a megv\u00e1ltozott munkak\u00e9pess\u00e9g\u0171ek foglalkoztat\u00e1si r\u00e1t\u00e1ja. A munkaer\u0151-k\u00f6lcs\u00f6nz\u00e9ssel \u00e9s -k\u00f6zvet\u00edt\u00e9ssel foglalkoz\u00f3 t\u00e1rsas\u00e1g, a Trenkwalder Recruitment Kft. becsl\u00e9se szerint ez a trend a munkaer\u0151hi\u00e1nnyal, r\u00e9szben pedig a megv\u00e1ltozott munkak\u00e9pess\u00e9g\u0171ek elhelyezked\u00e9s\u00e9t seg\u00edt\u0151 int\u00e9zked\u00e9sekkel magyar\u00e1zhat\u00f3. Ezen int\u00e9zked\u00e9sek, p\u00e9ld\u00e1ul a rehabilit\u00e1ci\u00f3s k\u00e1rtya \u00e9s a rehabilit\u00e1ci\u00f3s hozz\u00e1j\u00e1rul\u00e1s. A rehabilit\u00e1ci\u00f3s k\u00e1rty\u00e1val rendelkez\u0151 munkav\u00e1llal\u00f3 foglalkoztat\u00e1s\u00e1n\u00e1l mentes\u00fclnek a munkaad\u00f3k a","og:url":"https:\/\/allasorias.hu\/hirek\/egyre-tobb-megvaltozott-kepessegu-dolgozik\/","og:image":"https:\/\/allasorias.hu\/hirek\/wp-content\/uploads\/2018\/10\/entrepreneur-1340649_640-e1504262937224.jpg","og:image:secure_url":"https:\/\/allasorias.hu\/hirek\/wp-content\/uploads\/2018\/10\/entrepreneur-1340649_640-e1504262937224.jpg","og:image:width":512,"og:image:height":362,"article:published_time":"2019-07-16T15:52:48+00:00","article:modified_time":"2019-07-16T15:56:13+00:00","article:publisher":"https:\/\/www.facebook.com\/allasorias","twitter:card":"summary_large_image","twitter:title":"Egyre t\u00f6bb megv\u00e1ltozott k\u00e9pess\u00e9g\u0171 dolgozik | AllasOrias.hu | H\u00edrek-lapszemle","twitter:description":"Tizennyolc sz\u00e1zal\u00e9kr\u00f3l 35%-ra n\u0151tt a megv\u00e1ltozott munkak\u00e9pess\u00e9g\u0171ek foglalkoztat\u00e1si r\u00e1t\u00e1ja. A munkaer\u0151-k\u00f6lcs\u00f6nz\u00e9ssel \u00e9s -k\u00f6zvet\u00edt\u00e9ssel foglalkoz\u00f3 t\u00e1rsas\u00e1g, a Trenkwalder Recruitment Kft. becsl\u00e9se szerint ez a trend a munkaer\u0151hi\u00e1nnyal, r\u00e9szben pedig a megv\u00e1ltozott munkak\u00e9pess\u00e9g\u0171ek elhelyezked\u00e9s\u00e9t seg\u00edt\u0151 int\u00e9zked\u00e9sekkel magyar\u00e1zhat\u00f3. Ezen int\u00e9zked\u00e9sek, p\u00e9ld\u00e1ul a rehabilit\u00e1ci\u00f3s k\u00e1rtya \u00e9s a rehabilit\u00e1ci\u00f3s hozz\u00e1j\u00e1rul\u00e1s. A rehabilit\u00e1ci\u00f3s k\u00e1rty\u00e1val rendelkez\u0151 munkav\u00e1llal\u00f3 foglalkoztat\u00e1s\u00e1n\u00e1l mentes\u00fclnek a munkaad\u00f3k a","twitter:image":"https:\/\/allasorias.hu\/hirek\/wp-content\/uploads\/2018\/10\/entrepreneur-1340649_640-e1504262937224.jpg","twitter:label1":"Written by","twitter:data1":"Juh\u00e1sz P\u00e9ter","twitter:label2":"Est. reading time","twitter:data2":"3 minutes"},"aioseo_meta_data":{"post_id":"3102","title":null,"description":null,"keywords":null,"keyphrases":null,"primary_term":null,"canonical_url":null,"og_title":null,"og_description":null,"og_object_type":"default","og_image_type":"default","og_image_url":null,"og_image_width":null,"og_image_height":null,"og_image_custom_url":null,"og_image_custom_fields":null,"og_video":null,"og_custom_url":null,"og_article_section":null,"og_article_tags":null,"twitter_use_og":false,"twitter_card":"default","twitter_image_type":"default","twitter_image_url":null,"twitter_image_custom_url":null,"twitter_image_custom_fields":null,"twitter_title":null,"twitter_description":null,"schema":{"blockGraphs":[],"customGraphs":[],"default":{"data":{"Article":[],"Course":[],"Dataset":[],"FAQPage":[],"Movie":[],"Person":[],"Product":[],"ProductReview":[],"Car":[],"Recipe":[],"Service":[],"SoftwareApplication":[],"WebPage":[]},"graphName":"","isEnabled":true},"graphs":[]},"schema_type":null,"schema_type_options":null,"pillar_content":false,"robots_default":true,"robots_noindex":false,"robots_noarchive":false,"robots_nosnippet":false,"robots_nofollow":false,"robots_noimageindex":false,"robots_noodp":false,"robots_notranslate":false,"robots_max_snippet":null,"robots_max_videopreview":null,"robots_max_imagepreview":"large","priority":null,"frequency":null,"location":null,"local_seo":null,"breadcrumb_settings":null,"limit_modified_date":false,"ai":null,"created":"2021-02-01 21:31:47","updated":"2025-10-02 11:36:42","seo_analyzer_scan_date":null,"focus_keyword":null,"additional_keywords":null,"truseo_locale":null},"aioseo_breadcrumb":"<div class=\"aioseo-breadcrumbs\"><span class=\"aioseo-breadcrumb\">\n\t\t\t<a href=\"https:\/\/allasorias.hu\/hirek\" title=\"Home\">Home<\/a>\n\t\t<\/span><span class=\"aioseo-breadcrumb-separator\">&raquo;<\/span><span class=\"aioseo-breadcrumb\">\n\t\t\t<a href=\"https:\/\/allasorias.hu\/hirek\/temak\/allaskereses\/\" title=\"\u00c1ll\u00e1skeres\u00e9s\">\u00c1ll\u00e1skeres\u00e9s<\/a>\n\t\t<\/span><span class=\"aioseo-breadcrumb-separator\">&raquo;<\/span><span class=\"aioseo-breadcrumb\">\n\t\t\tEgyre t\u00f6bb megv\u00e1ltozott k\u00e9pess\u00e9g\u0171 dolgozik\n\t\t<\/span><\/div>","aioseo_breadcrumb_json":[{"label":"Home","link":"https:\/\/allasorias.hu\/hirek"},{"label":"\u00c1ll\u00e1skeres\u00e9s","link":"https:\/\/allasorias.hu\/hirek\/temak\/allaskereses\/"},{"label":"Egyre t\u00f6bb megv\u00e1ltozott k\u00e9pess\u00e9g\u0171 dolgozik","link":"https:\/\/allasorias.hu\/hirek\/egyre-tobb-megvaltozott-kepessegu-dolgozik\/"}],"_links":{"self":[{"href":"https:\/\/allasorias.hu\/hirek\/wp-json\/wp\/v2\/posts\/3102","targetHints":{"allow":["GET"]}}],"collection":[{"href":"https:\/\/allasorias.hu\/hirek\/wp-json\/wp\/v2\/posts"}],"about":[{"href":"https:\/\/allasorias.hu\/hirek\/wp-json\/wp\/v2\/types\/post"}],"author":[{"embeddable":true,"href":"https:\/\/allasorias.hu\/hirek\/wp-json\/wp\/v2\/users\/1"}],"replies":[{"embeddable":true,"href":"https:\/\/allasorias.hu\/hirek\/wp-json\/wp\/v2\/comments?post=3102"}],"version-history":[{"count":4,"href":"https:\/\/allasorias.hu\/hirek\/wp-json\/wp\/v2\/posts\/3102\/revisions"}],"predecessor-version":[{"id":3106,"href":"https:\/\/allasorias.hu\/hirek\/wp-json\/wp\/v2\/posts\/3102\/revisions\/3106"}],"wp:featuredmedia":[{"embeddable":true,"href":"https:\/\/allasorias.hu\/hirek\/wp-json\/wp\/v2\/media\/1992"}],"wp:attachment":[{"href":"https:\/\/allasorias.hu\/hirek\/wp-json\/wp\/v2\/media?parent=3102"}],"wp:term":[{"taxonomy":"category","embeddable":true,"href":"https:\/\/allasorias.hu\/hirek\/wp-json\/wp\/v2\/categories?post=3102"},{"taxonomy":"post_tag","embeddable":true,"href":"https:\/\/allasorias.hu\/hirek\/wp-json\/wp\/v2\/tags?post=3102"}],"curies":[{"name":"wp","href":"https:\/\/api.w.org\/{rel}","templated":true}]}}