{"id":3098,"date":"2019-07-12T07:34:58","date_gmt":"2019-07-12T07:34:58","guid":{"rendered":"https:\/\/allasorias.hu\/hirek\/?p=3098"},"modified":"2019-07-12T07:34:58","modified_gmt":"2019-07-12T07:34:58","slug":"sulyos-gond-a-kereskedelemben","status":"publish","type":"post","link":"https:\/\/allasorias.hu\/hirek\/sulyos-gond-a-kereskedelemben\/","title":{"rendered":"S\u00falyos gond a kereskedelemben"},"content":{"rendered":"<p><strong>Kev\u00e9s a munkaer\u0151 a boltokban, akik pedig dolgoznak, t\u00falterheltek, a munkak\u00f6r\u00fclm\u00e9nyeik is k\u00edv\u00e1nnival\u00f3t hagynak maguk ut\u00e1n. F\u00e9l\u0151, hogy sok bolt bez\u00e1r\u00e1sra k\u00e9nyszer\u00fcl. \u00a0A kereskedelemben a munkaer\u0151hi\u00e1ny m\u00e1r m\u0171k\u00f6d\u00e9si probl\u00e9m\u00e1kat okoz, \u00e9s az is fesz\u00fclts\u00e9geket kelt, hogy a dolgoz\u00f3k t\u00falterheltek &#8211; mondta Bubenk\u00f3 Csaba, a Kereskedelmi Dolgoz\u00f3k F\u00fcggetlen Szakszervezet\u00e9nek (KDFSZ) eln\u00f6ke cs\u00fct\u00f6rt\u00f6k\u00f6n az M1 aktu\u00e1lis csatorna \u00e9s a Kossuth r\u00e1di\u00f3 J\u00f3 reggelt, Magyarorsz\u00e1g c\u00edm\u0171 k\u00f6z\u00f6s m\u0171sorblokkj\u00e1ban.<\/strong><\/p>\n<p>A szakszervezeti vezet\u0151 szerint a kialakult helyzetre az jelenthet megold\u00e1st, ha az \u00e1gazatban m\u0171k\u00f6d\u0151 c\u00e9gek felismerik, hogy a megfelel\u0151 b\u00e9rek mellett kisz\u00e1m\u00edthat\u00f3 munkak\u00f6r\u00fclm\u00e9nyekre \u00e9s \u00e1tl\u00e1that\u00f3 beoszt\u00e1sra van sz\u00fcks\u00e9g\u00fck a dolgoz\u00f3knak. Sz\u00f3lt arr\u00f3l is, hogy a szakszervezeti r\u00e9szr\u0151l felmer\u00fclt a boltok \u00f6nk\u00e9ntes vas\u00e1rnapi z\u00e1rva tart\u00e1sa. Az \u00fcgyben el\u0151sz\u00f6r a v\u00e1s\u00e1rl\u00f3k v\u00e9lem\u00e9ny\u00e9re k\u00edv\u00e1ncsiak, a KDFSZ a fogyaszt\u00f3k visszajelz\u00e9sei alapj\u00e1n alak\u00edtja majd ki az \u00e1ll\u00e1spontj\u00e1t.<\/p>\n<p>Forr\u00e1s: penzcentrum.hu<\/p>\n","protected":false},"excerpt":{"rendered":"<p>Kev\u00e9s a munkaer\u0151 a boltokban, akik pedig dolgoznak, t\u00falterheltek, a munkak\u00f6r\u00fclm\u00e9nyeik is k\u00edv\u00e1nnival\u00f3t hagynak maguk ut\u00e1n. F\u00e9l\u0151, hogy sok bolt bez\u00e1r\u00e1sra k\u00e9nyszer\u00fcl. \u00a0A kereskedelemben a munkaer\u0151hi\u00e1ny m\u00e1r m\u0171k\u00f6d\u00e9si probl\u00e9m\u00e1kat okoz, \u00e9s az is fesz\u00fclts\u00e9geket kelt, hogy a dolgoz\u00f3k t\u00falterheltek &#8211; mondta Bubenk\u00f3 Csaba, a Kereskedelmi Dolgoz\u00f3k F\u00fcggetlen Szakszervezet\u00e9nek (KDFSZ) eln\u00f6ke cs\u00fct\u00f6rt\u00f6k\u00f6n az M1 aktu\u00e1lis csatorna [&hellip;]<\/p>\n","protected":false},"author":1,"featured_media":3099,"comment_status":"open","ping_status":"open","sticky":false,"template":"","format":"standard","meta":{"_monsterinsights_skip_tracking":false,"footnotes":""},"categories":[200],"tags":[],"class_list":["post-3098","post","type-post","status-publish","format-standard","has-post-thumbnail","hentry","category-munkaeropiac"],"aioseo_notices":[],"aioseo_head":"\n\t\t<!-- All in One SEO 5.0.0.1 - aioseo.com -->\n\t<meta name=\"description\" content=\"Kev\u00e9s a munkaer\u0151 a boltokban, akik pedig dolgoznak, t\u00falterheltek, a munkak\u00f6r\u00fclm\u00e9nyeik is k\u00edv\u00e1nnival\u00f3t hagynak maguk ut\u00e1n. F\u00e9l\u0151, hogy sok bolt bez\u00e1r\u00e1sra k\u00e9nyszer\u00fcl. A kereskedelemben a munkaer\u0151hi\u00e1ny m\u00e1r m\u0171k\u00f6d\u00e9si probl\u00e9m\u00e1kat okoz, \u00e9s az is fesz\u00fclts\u00e9geket kelt, hogy a dolgoz\u00f3k t\u00falterheltek - mondta Bubenk\u00f3 Csaba, a Kereskedelmi Dolgoz\u00f3k F\u00fcggetlen Szakszervezet\u00e9nek (KDFSZ) eln\u00f6ke cs\u00fct\u00f6rt\u00f6k\u00f6n az M1 aktu\u00e1lis csatorna\" \/>\n\t<meta name=\"robots\" content=\"max-image-preview:large\" \/>\n\t<meta name=\"author\" content=\"Juh\u00e1sz P\u00e9ter\"\/>\n\t<link rel=\"canonical\" href=\"https:\/\/allasorias.hu\/hirek\/sulyos-gond-a-kereskedelemben\/\" \/>\n\t<meta name=\"generator\" content=\"All in One SEO (AIOSEO) 5.0.0.1\" \/>\n\t\t<meta property=\"og:locale\" content=\"hu_HU\" \/>\n\t\t<meta property=\"og:site_name\" content=\"AllasOrias.hu | H\u00edrek-lapszemle | \u00dczleti h\u00edrek az \u00e1ll\u00e1s \u00e9s a munka vil\u00e1g\u00e1b\u00f3l\" \/>\n\t\t<meta property=\"og:type\" content=\"article\" \/>\n\t\t<meta property=\"og:title\" content=\"S\u00falyos gond a kereskedelemben | AllasOrias.hu | H\u00edrek-lapszemle\" \/>\n\t\t<meta property=\"og:description\" content=\"Kev\u00e9s a munkaer\u0151 a boltokban, akik pedig dolgoznak, t\u00falterheltek, a munkak\u00f6r\u00fclm\u00e9nyeik is k\u00edv\u00e1nnival\u00f3t hagynak maguk ut\u00e1n. F\u00e9l\u0151, hogy sok bolt bez\u00e1r\u00e1sra k\u00e9nyszer\u00fcl. A kereskedelemben a munkaer\u0151hi\u00e1ny m\u00e1r m\u0171k\u00f6d\u00e9si probl\u00e9m\u00e1kat okoz, \u00e9s az is fesz\u00fclts\u00e9geket kelt, hogy a dolgoz\u00f3k t\u00falterheltek - mondta Bubenk\u00f3 Csaba, a Kereskedelmi Dolgoz\u00f3k F\u00fcggetlen Szakszervezet\u00e9nek (KDFSZ) eln\u00f6ke cs\u00fct\u00f6rt\u00f6k\u00f6n az M1 aktu\u00e1lis csatorna\" \/>\n\t\t<meta property=\"og:url\" content=\"https:\/\/allasorias.hu\/hirek\/sulyos-gond-a-kereskedelemben\/\" \/>\n\t\t<meta property=\"og:image\" content=\"https:\/\/allasorias.hu\/hirek\/wp-content\/uploads\/2019\/07\/shopping-cart-4007474_640.jpg\" \/>\n\t\t<meta property=\"og:image:secure_url\" content=\"https:\/\/allasorias.hu\/hirek\/wp-content\/uploads\/2019\/07\/shopping-cart-4007474_640.jpg\" \/>\n\t\t<meta property=\"og:image:width\" content=\"640\" \/>\n\t\t<meta property=\"og:image:height\" content=\"536\" \/>\n\t\t<meta property=\"article:published_time\" content=\"2019-07-12T07:34:58+00:00\" \/>\n\t\t<meta property=\"article:modified_time\" content=\"2019-07-12T07:34:58+00:00\" \/>\n\t\t<meta property=\"article:publisher\" content=\"https:\/\/www.facebook.com\/allasorias\" \/>\n\t\t<meta name=\"twitter:card\" content=\"summary_large_image\" \/>\n\t\t<meta name=\"twitter:title\" content=\"S\u00falyos gond a kereskedelemben | AllasOrias.hu | H\u00edrek-lapszemle\" \/>\n\t\t<meta name=\"twitter:description\" content=\"Kev\u00e9s a munkaer\u0151 a boltokban, akik pedig dolgoznak, t\u00falterheltek, a munkak\u00f6r\u00fclm\u00e9nyeik is k\u00edv\u00e1nnival\u00f3t hagynak maguk ut\u00e1n. F\u00e9l\u0151, hogy sok bolt bez\u00e1r\u00e1sra k\u00e9nyszer\u00fcl. A kereskedelemben a munkaer\u0151hi\u00e1ny m\u00e1r m\u0171k\u00f6d\u00e9si probl\u00e9m\u00e1kat okoz, \u00e9s az is fesz\u00fclts\u00e9geket kelt, hogy a dolgoz\u00f3k t\u00falterheltek - mondta Bubenk\u00f3 Csaba, a Kereskedelmi Dolgoz\u00f3k F\u00fcggetlen Szakszervezet\u00e9nek (KDFSZ) eln\u00f6ke cs\u00fct\u00f6rt\u00f6k\u00f6n az M1 aktu\u00e1lis csatorna\" \/>\n\t\t<meta name=\"twitter:image\" content=\"https:\/\/allasorias.hu\/hirek\/wp-content\/uploads\/2019\/07\/shopping-cart-4007474_640.jpg\" \/>\n\t\t<meta name=\"twitter:label1\" content=\"Written by\" \/>\n\t\t<meta name=\"twitter:data1\" content=\"Juh\u00e1sz P\u00e9ter\" \/>\n\t\t<meta name=\"twitter:label2\" content=\"Est. reading time\" \/>\n\t\t<meta name=\"twitter:data2\" content=\"1 minute\" \/>\n\t\t<script type=\"application\/ld+json\" class=\"aioseo-schema\">\n\t\t\t{\"@context\":\"https:\\\/\\\/schema.org\",\"@graph\":[{\"@type\":\"Article\",\"@id\":\"https:\\\/\\\/allasorias.hu\\\/hirek\\\/sulyos-gond-a-kereskedelemben\\\/#article\",\"name\":\"S\\u00falyos gond a kereskedelemben | AllasOrias.hu | H\\u00edrek-lapszemle\",\"headline\":\"S\\u00falyos gond a kereskedelemben\",\"author\":{\"@id\":\"https:\\\/\\\/allasorias.hu\\\/hirek\\\/author\\\/admin-allasorias\\\/#author\"},\"publisher\":{\"@id\":\"https:\\\/\\\/allasorias.hu\\\/hirek\\\/#organization\"},\"image\":{\"@type\":\"ImageObject\",\"url\":\"https:\\\/\\\/allasorias.hu\\\/hirek\\\/wp-content\\\/uploads\\\/2019\\\/07\\\/shopping-cart-4007474_640.jpg\",\"width\":640,\"height\":536},\"datePublished\":\"2019-07-12T07:34:58+02:00\",\"dateModified\":\"2019-07-12T07:34:58+02:00\",\"inLanguage\":\"hu-HU\",\"mainEntityOfPage\":{\"@id\":\"https:\\\/\\\/allasorias.hu\\\/hirek\\\/sulyos-gond-a-kereskedelemben\\\/#webpage\"},\"isPartOf\":{\"@id\":\"https:\\\/\\\/allasorias.hu\\\/hirek\\\/sulyos-gond-a-kereskedelemben\\\/#webpage\"},\"articleSection\":\"Munkaer\\u0151piac\"},{\"@type\":\"BreadcrumbList\",\"@id\":\"https:\\\/\\\/allasorias.hu\\\/hirek\\\/sulyos-gond-a-kereskedelemben\\\/#breadcrumblist\",\"itemListElement\":[{\"@type\":\"ListItem\",\"@id\":\"https:\\\/\\\/allasorias.hu\\\/hirek#listItem\",\"position\":1,\"name\":\"Home\",\"item\":\"https:\\\/\\\/allasorias.hu\\\/hirek\",\"nextItem\":{\"@type\":\"ListItem\",\"@id\":\"https:\\\/\\\/allasorias.hu\\\/hirek\\\/temak\\\/munkaeropiac\\\/#listItem\",\"name\":\"Munkaer\\u0151piac\"}},{\"@type\":\"ListItem\",\"@id\":\"https:\\\/\\\/allasorias.hu\\\/hirek\\\/temak\\\/munkaeropiac\\\/#listItem\",\"position\":2,\"name\":\"Munkaer\\u0151piac\",\"item\":\"https:\\\/\\\/allasorias.hu\\\/hirek\\\/temak\\\/munkaeropiac\\\/\",\"nextItem\":{\"@type\":\"ListItem\",\"@id\":\"https:\\\/\\\/allasorias.hu\\\/hirek\\\/sulyos-gond-a-kereskedelemben\\\/#listItem\",\"name\":\"S\\u00falyos gond a kereskedelemben\"},\"previousItem\":{\"@type\":\"ListItem\",\"@id\":\"https:\\\/\\\/allasorias.hu\\\/hirek#listItem\",\"name\":\"Home\"}},{\"@type\":\"ListItem\",\"@id\":\"https:\\\/\\\/allasorias.hu\\\/hirek\\\/sulyos-gond-a-kereskedelemben\\\/#listItem\",\"position\":3,\"name\":\"S\\u00falyos gond a kereskedelemben\",\"previousItem\":{\"@type\":\"ListItem\",\"@id\":\"https:\\\/\\\/allasorias.hu\\\/hirek\\\/temak\\\/munkaeropiac\\\/#listItem\",\"name\":\"Munkaer\\u0151piac\"}}]},{\"@type\":\"Organization\",\"@id\":\"https:\\\/\\\/allasorias.hu\\\/hirek\\\/#organization\",\"name\":\"AllasOrias.hu | H\\u00edrek-lapszemle\",\"description\":\"\\u00dczleti h\\u00edrek az \\u00e1ll\\u00e1s \\u00e9s a munka vil\\u00e1g\\u00e1b\\u00f3l\",\"url\":\"https:\\\/\\\/allasorias.hu\\\/hirek\\\/\",\"logo\":{\"@type\":\"ImageObject\",\"url\":\"https:\\\/\\\/allasorias.hu\\\/hirek\\\/wp-content\\\/uploads\\\/2022\\\/10\\\/allasorias_site_facebok_logo.png\",\"@id\":\"https:\\\/\\\/allasorias.hu\\\/hirek\\\/sulyos-gond-a-kereskedelemben\\\/#organizationLogo\"},\"image\":{\"@id\":\"https:\\\/\\\/allasorias.hu\\\/hirek\\\/sulyos-gond-a-kereskedelemben\\\/#organizationLogo\"},\"sameAs\":[\"https:\\\/\\\/www.facebook.com\\\/allasorias\",\"https:\\\/\\\/www.linkedin.com\\\/company\\\/allasorias\"]},{\"@type\":\"Person\",\"@id\":\"https:\\\/\\\/allasorias.hu\\\/hirek\\\/author\\\/admin-allasorias\\\/#author\",\"url\":\"https:\\\/\\\/allasorias.hu\\\/hirek\\\/author\\\/admin-allasorias\\\/\",\"name\":\"Juh\\u00e1sz P\\u00e9ter\",\"image\":{\"@type\":\"ImageObject\",\"@id\":\"https:\\\/\\\/allasorias.hu\\\/hirek\\\/sulyos-gond-a-kereskedelemben\\\/#authorImage\",\"url\":\"https:\\\/\\\/secure.gravatar.com\\\/avatar\\\/36e6bcb83148978b992977cb0f54d22feb0cce8a0a849a9410532bb2623ba4c6?s=96&d=mm&r=g\",\"width\":96,\"height\":96,\"caption\":\"Juh\\u00e1sz P\\u00e9ter\"}},{\"@type\":\"WebPage\",\"@id\":\"https:\\\/\\\/allasorias.hu\\\/hirek\\\/sulyos-gond-a-kereskedelemben\\\/#webpage\",\"url\":\"https:\\\/\\\/allasorias.hu\\\/hirek\\\/sulyos-gond-a-kereskedelemben\\\/\",\"name\":\"S\\u00falyos gond a kereskedelemben | AllasOrias.hu | H\\u00edrek-lapszemle\",\"description\":\"Kev\\u00e9s a munkaer\\u0151 a boltokban, akik pedig dolgoznak, t\\u00falterheltek, a munkak\\u00f6r\\u00fclm\\u00e9nyeik is k\\u00edv\\u00e1nnival\\u00f3t hagynak maguk ut\\u00e1n. F\\u00e9l\\u0151, hogy sok bolt bez\\u00e1r\\u00e1sra k\\u00e9nyszer\\u00fcl. A kereskedelemben a munkaer\\u0151hi\\u00e1ny m\\u00e1r m\\u0171k\\u00f6d\\u00e9si probl\\u00e9m\\u00e1kat okoz, \\u00e9s az is fesz\\u00fclts\\u00e9geket kelt, hogy a dolgoz\\u00f3k t\\u00falterheltek - mondta Bubenk\\u00f3 Csaba, a Kereskedelmi Dolgoz\\u00f3k F\\u00fcggetlen Szakszervezet\\u00e9nek (KDFSZ) eln\\u00f6ke cs\\u00fct\\u00f6rt\\u00f6k\\u00f6n az M1 aktu\\u00e1lis csatorna\",\"inLanguage\":\"hu-HU\",\"isPartOf\":{\"@id\":\"https:\\\/\\\/allasorias.hu\\\/hirek\\\/#website\"},\"breadcrumb\":{\"@id\":\"https:\\\/\\\/allasorias.hu\\\/hirek\\\/sulyos-gond-a-kereskedelemben\\\/#breadcrumblist\"},\"author\":{\"@id\":\"https:\\\/\\\/allasorias.hu\\\/hirek\\\/author\\\/admin-allasorias\\\/#author\"},\"creator\":{\"@id\":\"https:\\\/\\\/allasorias.hu\\\/hirek\\\/author\\\/admin-allasorias\\\/#author\"},\"image\":{\"@type\":\"ImageObject\",\"url\":\"https:\\\/\\\/allasorias.hu\\\/hirek\\\/wp-content\\\/uploads\\\/2019\\\/07\\\/shopping-cart-4007474_640.jpg\",\"@id\":\"https:\\\/\\\/allasorias.hu\\\/hirek\\\/sulyos-gond-a-kereskedelemben\\\/#mainImage\",\"width\":640,\"height\":536},\"primaryImageOfPage\":{\"@id\":\"https:\\\/\\\/allasorias.hu\\\/hirek\\\/sulyos-gond-a-kereskedelemben\\\/#mainImage\"},\"datePublished\":\"2019-07-12T07:34:58+02:00\",\"dateModified\":\"2019-07-12T07:34:58+02:00\"},{\"@type\":\"WebSite\",\"@id\":\"https:\\\/\\\/allasorias.hu\\\/hirek\\\/#website\",\"url\":\"https:\\\/\\\/allasorias.hu\\\/hirek\\\/\",\"name\":\"AllasOrias.hu | H\\u00edrek-lapszemle\",\"description\":\"\\u00dczleti h\\u00edrek az \\u00e1ll\\u00e1s \\u00e9s a munka vil\\u00e1g\\u00e1b\\u00f3l\",\"inLanguage\":\"hu-HU\",\"publisher\":{\"@id\":\"https:\\\/\\\/allasorias.hu\\\/hirek\\\/#organization\"}}]}\n\t\t<\/script>\n\t\t<!-- All in One SEO -->\n\n","aioseo_head_json":{"title":"S\u00falyos gond a kereskedelemben | AllasOrias.hu | H\u00edrek-lapszemle","description":"Kev\u00e9s a munkaer\u0151 a boltokban, akik pedig dolgoznak, t\u00falterheltek, a munkak\u00f6r\u00fclm\u00e9nyeik is k\u00edv\u00e1nnival\u00f3t hagynak maguk ut\u00e1n. F\u00e9l\u0151, hogy sok bolt bez\u00e1r\u00e1sra k\u00e9nyszer\u00fcl. A kereskedelemben a munkaer\u0151hi\u00e1ny m\u00e1r m\u0171k\u00f6d\u00e9si probl\u00e9m\u00e1kat okoz, \u00e9s az is fesz\u00fclts\u00e9geket kelt, hogy a dolgoz\u00f3k t\u00falterheltek - mondta Bubenk\u00f3 Csaba, a Kereskedelmi Dolgoz\u00f3k F\u00fcggetlen Szakszervezet\u00e9nek (KDFSZ) eln\u00f6ke cs\u00fct\u00f6rt\u00f6k\u00f6n az M1 aktu\u00e1lis csatorna","canonical_url":"https:\/\/allasorias.hu\/hirek\/sulyos-gond-a-kereskedelemben\/","robots":"max-image-preview:large","keywords":"","webmasterTools":{"miscellaneous":""},"schema":{"@context":"https:\/\/schema.org","@graph":[{"@type":"Article","@id":"https:\/\/allasorias.hu\/hirek\/sulyos-gond-a-kereskedelemben\/#article","name":"S\u00falyos gond a kereskedelemben | AllasOrias.hu | H\u00edrek-lapszemle","headline":"S\u00falyos gond a kereskedelemben","author":{"@id":"https:\/\/allasorias.hu\/hirek\/author\/admin-allasorias\/#author"},"publisher":{"@id":"https:\/\/allasorias.hu\/hirek\/#organization"},"image":{"@type":"ImageObject","url":"https:\/\/allasorias.hu\/hirek\/wp-content\/uploads\/2019\/07\/shopping-cart-4007474_640.jpg","width":640,"height":536},"datePublished":"2019-07-12T07:34:58+02:00","dateModified":"2019-07-12T07:34:58+02:00","inLanguage":"hu-HU","mainEntityOfPage":{"@id":"https:\/\/allasorias.hu\/hirek\/sulyos-gond-a-kereskedelemben\/#webpage"},"isPartOf":{"@id":"https:\/\/allasorias.hu\/hirek\/sulyos-gond-a-kereskedelemben\/#webpage"},"articleSection":"Munkaer\u0151piac"},{"@type":"BreadcrumbList","@id":"https:\/\/allasorias.hu\/hirek\/sulyos-gond-a-kereskedelemben\/#breadcrumblist","itemListElement":[{"@type":"ListItem","@id":"https:\/\/allasorias.hu\/hirek#listItem","position":1,"name":"Home","item":"https:\/\/allasorias.hu\/hirek","nextItem":{"@type":"ListItem","@id":"https:\/\/allasorias.hu\/hirek\/temak\/munkaeropiac\/#listItem","name":"Munkaer\u0151piac"}},{"@type":"ListItem","@id":"https:\/\/allasorias.hu\/hirek\/temak\/munkaeropiac\/#listItem","position":2,"name":"Munkaer\u0151piac","item":"https:\/\/allasorias.hu\/hirek\/temak\/munkaeropiac\/","nextItem":{"@type":"ListItem","@id":"https:\/\/allasorias.hu\/hirek\/sulyos-gond-a-kereskedelemben\/#listItem","name":"S\u00falyos gond a kereskedelemben"},"previousItem":{"@type":"ListItem","@id":"https:\/\/allasorias.hu\/hirek#listItem","name":"Home"}},{"@type":"ListItem","@id":"https:\/\/allasorias.hu\/hirek\/sulyos-gond-a-kereskedelemben\/#listItem","position":3,"name":"S\u00falyos gond a kereskedelemben","previousItem":{"@type":"ListItem","@id":"https:\/\/allasorias.hu\/hirek\/temak\/munkaeropiac\/#listItem","name":"Munkaer\u0151piac"}}]},{"@type":"Organization","@id":"https:\/\/allasorias.hu\/hirek\/#organization","name":"AllasOrias.hu | H\u00edrek-lapszemle","description":"\u00dczleti h\u00edrek az \u00e1ll\u00e1s \u00e9s a munka vil\u00e1g\u00e1b\u00f3l","url":"https:\/\/allasorias.hu\/hirek\/","logo":{"@type":"ImageObject","url":"https:\/\/allasorias.hu\/hirek\/wp-content\/uploads\/2022\/10\/allasorias_site_facebok_logo.png","@id":"https:\/\/allasorias.hu\/hirek\/sulyos-gond-a-kereskedelemben\/#organizationLogo"},"image":{"@id":"https:\/\/allasorias.hu\/hirek\/sulyos-gond-a-kereskedelemben\/#organizationLogo"},"sameAs":["https:\/\/www.facebook.com\/allasorias","https:\/\/www.linkedin.com\/company\/allasorias"]},{"@type":"Person","@id":"https:\/\/allasorias.hu\/hirek\/author\/admin-allasorias\/#author","url":"https:\/\/allasorias.hu\/hirek\/author\/admin-allasorias\/","name":"Juh\u00e1sz P\u00e9ter","image":{"@type":"ImageObject","@id":"https:\/\/allasorias.hu\/hirek\/sulyos-gond-a-kereskedelemben\/#authorImage","url":"https:\/\/secure.gravatar.com\/avatar\/36e6bcb83148978b992977cb0f54d22feb0cce8a0a849a9410532bb2623ba4c6?s=96&d=mm&r=g","width":96,"height":96,"caption":"Juh\u00e1sz P\u00e9ter"}},{"@type":"WebPage","@id":"https:\/\/allasorias.hu\/hirek\/sulyos-gond-a-kereskedelemben\/#webpage","url":"https:\/\/allasorias.hu\/hirek\/sulyos-gond-a-kereskedelemben\/","name":"S\u00falyos gond a kereskedelemben | AllasOrias.hu | H\u00edrek-lapszemle","description":"Kev\u00e9s a munkaer\u0151 a boltokban, akik pedig dolgoznak, t\u00falterheltek, a munkak\u00f6r\u00fclm\u00e9nyeik is k\u00edv\u00e1nnival\u00f3t hagynak maguk ut\u00e1n. F\u00e9l\u0151, hogy sok bolt bez\u00e1r\u00e1sra k\u00e9nyszer\u00fcl. A kereskedelemben a munkaer\u0151hi\u00e1ny m\u00e1r m\u0171k\u00f6d\u00e9si probl\u00e9m\u00e1kat okoz, \u00e9s az is fesz\u00fclts\u00e9geket kelt, hogy a dolgoz\u00f3k t\u00falterheltek - mondta Bubenk\u00f3 Csaba, a Kereskedelmi Dolgoz\u00f3k F\u00fcggetlen Szakszervezet\u00e9nek (KDFSZ) eln\u00f6ke cs\u00fct\u00f6rt\u00f6k\u00f6n az M1 aktu\u00e1lis csatorna","inLanguage":"hu-HU","isPartOf":{"@id":"https:\/\/allasorias.hu\/hirek\/#website"},"breadcrumb":{"@id":"https:\/\/allasorias.hu\/hirek\/sulyos-gond-a-kereskedelemben\/#breadcrumblist"},"author":{"@id":"https:\/\/allasorias.hu\/hirek\/author\/admin-allasorias\/#author"},"creator":{"@id":"https:\/\/allasorias.hu\/hirek\/author\/admin-allasorias\/#author"},"image":{"@type":"ImageObject","url":"https:\/\/allasorias.hu\/hirek\/wp-content\/uploads\/2019\/07\/shopping-cart-4007474_640.jpg","@id":"https:\/\/allasorias.hu\/hirek\/sulyos-gond-a-kereskedelemben\/#mainImage","width":640,"height":536},"primaryImageOfPage":{"@id":"https:\/\/allasorias.hu\/hirek\/sulyos-gond-a-kereskedelemben\/#mainImage"},"datePublished":"2019-07-12T07:34:58+02:00","dateModified":"2019-07-12T07:34:58+02:00"},{"@type":"WebSite","@id":"https:\/\/allasorias.hu\/hirek\/#website","url":"https:\/\/allasorias.hu\/hirek\/","name":"AllasOrias.hu | H\u00edrek-lapszemle","description":"\u00dczleti h\u00edrek az \u00e1ll\u00e1s \u00e9s a munka vil\u00e1g\u00e1b\u00f3l","inLanguage":"hu-HU","publisher":{"@id":"https:\/\/allasorias.hu\/hirek\/#organization"}}]},"og:locale":"hu_HU","og:site_name":"AllasOrias.hu | H\u00edrek-lapszemle | \u00dczleti h\u00edrek az \u00e1ll\u00e1s \u00e9s a munka vil\u00e1g\u00e1b\u00f3l","og:type":"article","og:title":"S\u00falyos gond a kereskedelemben | AllasOrias.hu | H\u00edrek-lapszemle","og:description":"Kev\u00e9s a munkaer\u0151 a boltokban, akik pedig dolgoznak, t\u00falterheltek, a munkak\u00f6r\u00fclm\u00e9nyeik is k\u00edv\u00e1nnival\u00f3t hagynak maguk ut\u00e1n. F\u00e9l\u0151, hogy sok bolt bez\u00e1r\u00e1sra k\u00e9nyszer\u00fcl. A kereskedelemben a munkaer\u0151hi\u00e1ny m\u00e1r m\u0171k\u00f6d\u00e9si probl\u00e9m\u00e1kat okoz, \u00e9s az is fesz\u00fclts\u00e9geket kelt, hogy a dolgoz\u00f3k t\u00falterheltek - mondta Bubenk\u00f3 Csaba, a Kereskedelmi Dolgoz\u00f3k F\u00fcggetlen Szakszervezet\u00e9nek (KDFSZ) eln\u00f6ke cs\u00fct\u00f6rt\u00f6k\u00f6n az M1 aktu\u00e1lis csatorna","og:url":"https:\/\/allasorias.hu\/hirek\/sulyos-gond-a-kereskedelemben\/","og:image":"https:\/\/allasorias.hu\/hirek\/wp-content\/uploads\/2019\/07\/shopping-cart-4007474_640.jpg","og:image:secure_url":"https:\/\/allasorias.hu\/hirek\/wp-content\/uploads\/2019\/07\/shopping-cart-4007474_640.jpg","og:image:width":640,"og:image:height":536,"article:published_time":"2019-07-12T07:34:58+00:00","article:modified_time":"2019-07-12T07:34:58+00:00","article:publisher":"https:\/\/www.facebook.com\/allasorias","twitter:card":"summary_large_image","twitter:title":"S\u00falyos gond a kereskedelemben | AllasOrias.hu | H\u00edrek-lapszemle","twitter:description":"Kev\u00e9s a munkaer\u0151 a boltokban, akik pedig dolgoznak, t\u00falterheltek, a munkak\u00f6r\u00fclm\u00e9nyeik is k\u00edv\u00e1nnival\u00f3t hagynak maguk ut\u00e1n. F\u00e9l\u0151, hogy sok bolt bez\u00e1r\u00e1sra k\u00e9nyszer\u00fcl. A kereskedelemben a munkaer\u0151hi\u00e1ny m\u00e1r m\u0171k\u00f6d\u00e9si probl\u00e9m\u00e1kat okoz, \u00e9s az is fesz\u00fclts\u00e9geket kelt, hogy a dolgoz\u00f3k t\u00falterheltek - mondta Bubenk\u00f3 Csaba, a Kereskedelmi Dolgoz\u00f3k F\u00fcggetlen Szakszervezet\u00e9nek (KDFSZ) eln\u00f6ke cs\u00fct\u00f6rt\u00f6k\u00f6n az M1 aktu\u00e1lis csatorna","twitter:image":"https:\/\/allasorias.hu\/hirek\/wp-content\/uploads\/2019\/07\/shopping-cart-4007474_640.jpg","twitter:label1":"Written by","twitter:data1":"Juh\u00e1sz P\u00e9ter","twitter:label2":"Est. reading time","twitter:data2":"1 minute"},"aioseo_meta_data":{"post_id":"3098","title":null,"description":null,"keywords":null,"keyphrases":null,"primary_term":null,"canonical_url":null,"og_title":null,"og_description":null,"og_object_type":"default","og_image_type":"default","og_image_url":null,"og_image_width":null,"og_image_height":null,"og_image_custom_url":null,"og_image_custom_fields":null,"og_video":null,"og_custom_url":null,"og_article_section":null,"og_article_tags":null,"twitter_use_og":false,"twitter_card":"default","twitter_image_type":"default","twitter_image_url":null,"twitter_image_custom_url":null,"twitter_image_custom_fields":null,"twitter_title":null,"twitter_description":null,"schema":{"blockGraphs":[],"customGraphs":[],"default":{"data":{"Article":[],"Course":[],"Dataset":[],"FAQPage":[],"Movie":[],"Person":[],"Product":[],"ProductReview":[],"Car":[],"Recipe":[],"Service":[],"SoftwareApplication":[],"WebPage":[]},"graphName":"","isEnabled":true},"graphs":[],"defaultGraph":"","defaultPostTypeGraph":""},"schema_type":null,"schema_type_options":null,"pillar_content":false,"robots_default":true,"robots_noindex":false,"robots_noarchive":false,"robots_nosnippet":false,"robots_nofollow":false,"robots_noimageindex":false,"robots_noodp":false,"robots_notranslate":false,"robots_max_snippet":null,"robots_max_videopreview":null,"robots_max_imagepreview":"large","priority":null,"frequency":null,"location":null,"local_seo":null,"breadcrumb_settings":null,"limit_modified_date":false,"ai":null,"created":"2021-02-01 21:31:47","updated":"2025-10-02 11:36:42","seo_analyzer_scan_date":null,"focus_keyword":null,"additional_keywords":null,"truseo_locale":null},"aioseo_breadcrumb":"<div class=\"aioseo-breadcrumbs\"><span class=\"aioseo-breadcrumb\">\n\t\t\t<a href=\"https:\/\/allasorias.hu\/hirek\" title=\"Home\">Home<\/a>\n\t\t<\/span><span class=\"aioseo-breadcrumb-separator\">&raquo;<\/span><span class=\"aioseo-breadcrumb\">\n\t\t\t<a href=\"https:\/\/allasorias.hu\/hirek\/temak\/munkaeropiac\/\" title=\"Munkaer\u0151piac\">Munkaer\u0151piac<\/a>\n\t\t<\/span><span class=\"aioseo-breadcrumb-separator\">&raquo;<\/span><span class=\"aioseo-breadcrumb\">\n\t\t\tS\u00falyos gond a kereskedelemben\n\t\t<\/span><\/div>","aioseo_breadcrumb_json":[{"label":"Home","link":"https:\/\/allasorias.hu\/hirek"},{"label":"Munkaer\u0151piac","link":"https:\/\/allasorias.hu\/hirek\/temak\/munkaeropiac\/"},{"label":"S\u00falyos gond a kereskedelemben","link":"https:\/\/allasorias.hu\/hirek\/sulyos-gond-a-kereskedelemben\/"}],"_links":{"self":[{"href":"https:\/\/allasorias.hu\/hirek\/wp-json\/wp\/v2\/posts\/3098","targetHints":{"allow":["GET"]}}],"collection":[{"href":"https:\/\/allasorias.hu\/hirek\/wp-json\/wp\/v2\/posts"}],"about":[{"href":"https:\/\/allasorias.hu\/hirek\/wp-json\/wp\/v2\/types\/post"}],"author":[{"embeddable":true,"href":"https:\/\/allasorias.hu\/hirek\/wp-json\/wp\/v2\/users\/1"}],"replies":[{"embeddable":true,"href":"https:\/\/allasorias.hu\/hirek\/wp-json\/wp\/v2\/comments?post=3098"}],"version-history":[{"count":1,"href":"https:\/\/allasorias.hu\/hirek\/wp-json\/wp\/v2\/posts\/3098\/revisions"}],"predecessor-version":[{"id":3100,"href":"https:\/\/allasorias.hu\/hirek\/wp-json\/wp\/v2\/posts\/3098\/revisions\/3100"}],"wp:featuredmedia":[{"embeddable":true,"href":"https:\/\/allasorias.hu\/hirek\/wp-json\/wp\/v2\/media\/3099"}],"wp:attachment":[{"href":"https:\/\/allasorias.hu\/hirek\/wp-json\/wp\/v2\/media?parent=3098"}],"wp:term":[{"taxonomy":"category","embeddable":true,"href":"https:\/\/allasorias.hu\/hirek\/wp-json\/wp\/v2\/categories?post=3098"},{"taxonomy":"post_tag","embeddable":true,"href":"https:\/\/allasorias.hu\/hirek\/wp-json\/wp\/v2\/tags?post=3098"}],"curies":[{"name":"wp","href":"https:\/\/api.w.org\/{rel}","templated":true}]}}