{"id":3073,"date":"2019-07-05T07:41:24","date_gmt":"2019-07-05T07:41:24","guid":{"rendered":"https:\/\/allasorias.hu\/hirek\/?p=3073"},"modified":"2019-07-04T07:41:38","modified_gmt":"2019-07-04T07:41:38","slug":"a-diakmunkasok-enyhitik-atmenetileg-a-munkaerohianyt","status":"publish","type":"post","link":"https:\/\/allasorias.hu\/hirek\/a-diakmunkasok-enyhitik-atmenetileg-a-munkaerohianyt\/","title":{"rendered":"A di\u00e1kmunk\u00e1sok enyh\u00edtik \u00e1tmenetileg a munkaer\u0151hi\u00e1nyt"},"content":{"rendered":"<p><strong>A ny\u00e1ri szezonban a di\u00e1kok enyh\u00edtik a munkaer\u0151hi\u00e1nyt, de \u00a0\u00edgy is t\u00f6bb t\u00edzezer dolgoz\u00f3 hi\u00e1nyzik az \u00e1gazatokb\u00f3l. Az agr\u00e1riumban \u00e9s a turizmusban is elkezdett cs\u00f6kkenni a munkaer\u0151hi\u00e1ny a ny\u00e1ri id\u00e9nymunkaszezonban &#8211; \u00edrta cs\u00fct\u00f6rt\u00f6ki sz\u00e1m\u00e1ban a Vil\u00e1ggazdas\u00e1g szakmai szervezetek vezet\u0151ire hivatkozva.<\/strong><\/p>\n<p>Led\u00f3 Ferenc, a FruitVeb Magyar Z\u00f6lds\u00e9g-Gy\u00fcm\u00f6lcs Szakmak\u00f6zi Szervezet \u00e9s Term\u00e9ktan\u00e1cs eln\u00f6ke szerint tavaly volt a m\u00e9lypont, az id\u00e9n m\u00e1r javult a helyzet, a termel\u0151k k\u00f6nnyebben tal\u00e1lnak id\u00e9nymunk\u00e1sokat. A javul\u00e1s okai k\u00f6z\u00f6tt eml\u00edtette, hogy \u00e9rz\u00e9kelhet\u0151en t\u00f6bb di\u00e1k dolgozik a kert\u00e9szetekben, \u00e9s a termel\u0151k pr\u00f3b\u00e1lnak min\u00e9l jobb munkak\u00f6r\u00fclm\u00e9nyeket biztos\u00edtani. A b\u00e9rek az elm\u00falt \u00f6t \u00e9vben megdupl\u00e1z\u00f3dtak, az \u00e1tlagos \u00f3rab\u00e9rek m\u00e1ra 900-1300 forintra emelkedtek. A mez\u0151gazdas\u00e1gban a cs\u00facsid\u0151szak a j\u00falius-szeptemberi betakar\u00edt\u00e1si szezon, Led\u00f3 Ferenc szerint ilyenkor 60-80 ezer id\u00e9nymunk\u00e1sra van sz\u00fcks\u00e9ge az \u00e1gazatnak, \u00e9s k\u00f6r\u00fclbel\u00fcl 10-15 ezer f\u0151 hi\u00e1nyzik a piacr\u00f3l. Az idegenforgalmat \u00e9s vend\u00e9gl\u00e1t\u00e1st illet\u0151en Hoffmann Henrik, a Balatoni Turizmus Sz\u00f6vets\u00e9g eln\u00f6ke a lapnak azt mondta, hogy orsz\u00e1gos szinten az \u00e1gazatban tov\u00e1bbra is t\u00f6bb mint t\u00edzezer munkahely bet\u00f6ltetlen, de id\u00e9n m\u00e1r cs\u00f6kkent a munkaer\u0151hi\u00e1ny. Hozz\u00e1tette: b\u00e1r nagy a b\u00e9rnyom\u00e1s, de m\u00e1r tudnak olyan fizet\u00e9st adni, hogy sz\u00e1mos vend\u00e9gl\u00e1t\u00f3s \u00fagy d\u00f6nt, ink\u00e1bb itthon dolgozik, nem k\u00fclf\u00f6ld\u00f6n. A Balaton k\u00f6rny\u00e9ki telep\u00fcl\u00e9seken ny\u00e1ron ma m\u00e1r 1500-2500 forintos \u00f3rab\u00e9reket adnak a vend\u00e9gl\u00e1t\u00f3sok. Ebben az \u00e1gazatban is \u00e9rezhet\u0151en n\u0151tt a di\u00e1kmunk\u00e1sok sz\u00e1ma.<\/p>\n<p>Forr\u00e1s.privatbankar.hu<\/p>\n","protected":false},"excerpt":{"rendered":"<p>A ny\u00e1ri szezonban a di\u00e1kok enyh\u00edtik a munkaer\u0151hi\u00e1nyt, de \u00a0\u00edgy is t\u00f6bb t\u00edzezer dolgoz\u00f3 hi\u00e1nyzik az \u00e1gazatokb\u00f3l. Az agr\u00e1riumban \u00e9s a turizmusban is elkezdett cs\u00f6kkenni a munkaer\u0151hi\u00e1ny a ny\u00e1ri id\u00e9nymunkaszezonban &#8211; \u00edrta cs\u00fct\u00f6rt\u00f6ki sz\u00e1m\u00e1ban a Vil\u00e1ggazdas\u00e1g szakmai szervezetek vezet\u0151ire hivatkozva. Led\u00f3 Ferenc, a FruitVeb Magyar Z\u00f6lds\u00e9g-Gy\u00fcm\u00f6lcs Szakmak\u00f6zi Szervezet \u00e9s Term\u00e9ktan\u00e1cs eln\u00f6ke szerint tavaly volt a [&hellip;]<\/p>\n","protected":false},"author":1,"featured_media":2949,"comment_status":"open","ping_status":"open","sticky":false,"template":"","format":"standard","meta":{"_monsterinsights_skip_tracking":false,"footnotes":""},"categories":[203,200],"tags":[],"class_list":["post-3073","post","type-post","status-publish","format-standard","has-post-thumbnail","hentry","category-hianyszakmak","category-munkaeropiac"],"aioseo_notices":[],"aioseo_head":"\n\t\t<!-- All in One SEO 5.0.0.1 - aioseo.com -->\n\t<meta name=\"description\" content=\"A ny\u00e1ri szezonban a di\u00e1kok enyh\u00edtik a munkaer\u0151hi\u00e1nyt, de \u00edgy is t\u00f6bb t\u00edzezer dolgoz\u00f3 hi\u00e1nyzik az \u00e1gazatokb\u00f3l. Az agr\u00e1riumban \u00e9s a turizmusban is elkezdett cs\u00f6kkenni a munkaer\u0151hi\u00e1ny a ny\u00e1ri id\u00e9nymunkaszezonban - \u00edrta cs\u00fct\u00f6rt\u00f6ki sz\u00e1m\u00e1ban a Vil\u00e1ggazdas\u00e1g szakmai szervezetek vezet\u0151ire hivatkozva. Led\u00f3 Ferenc, a FruitVeb Magyar Z\u00f6lds\u00e9g-Gy\u00fcm\u00f6lcs Szakmak\u00f6zi Szervezet \u00e9s Term\u00e9ktan\u00e1cs eln\u00f6ke szerint tavaly volt a\" \/>\n\t<meta name=\"robots\" content=\"max-image-preview:large\" \/>\n\t<meta name=\"author\" content=\"Juh\u00e1sz P\u00e9ter\"\/>\n\t<link rel=\"canonical\" href=\"https:\/\/allasorias.hu\/hirek\/a-diakmunkasok-enyhitik-atmenetileg-a-munkaerohianyt\/\" \/>\n\t<meta name=\"generator\" content=\"All in One SEO (AIOSEO) 5.0.0.1\" \/>\n\t\t<meta property=\"og:locale\" content=\"hu_HU\" \/>\n\t\t<meta property=\"og:site_name\" content=\"AllasOrias.hu | H\u00edrek-lapszemle | \u00dczleti h\u00edrek az \u00e1ll\u00e1s \u00e9s a munka vil\u00e1g\u00e1b\u00f3l\" \/>\n\t\t<meta property=\"og:type\" content=\"article\" \/>\n\t\t<meta property=\"og:title\" content=\"A di\u00e1kmunk\u00e1sok enyh\u00edtik \u00e1tmenetileg a munkaer\u0151hi\u00e1nyt | AllasOrias.hu | H\u00edrek-lapszemle\" \/>\n\t\t<meta property=\"og:description\" content=\"A ny\u00e1ri szezonban a di\u00e1kok enyh\u00edtik a munkaer\u0151hi\u00e1nyt, de \u00edgy is t\u00f6bb t\u00edzezer dolgoz\u00f3 hi\u00e1nyzik az \u00e1gazatokb\u00f3l. Az agr\u00e1riumban \u00e9s a turizmusban is elkezdett cs\u00f6kkenni a munkaer\u0151hi\u00e1ny a ny\u00e1ri id\u00e9nymunkaszezonban - \u00edrta cs\u00fct\u00f6rt\u00f6ki sz\u00e1m\u00e1ban a Vil\u00e1ggazdas\u00e1g szakmai szervezetek vezet\u0151ire hivatkozva. Led\u00f3 Ferenc, a FruitVeb Magyar Z\u00f6lds\u00e9g-Gy\u00fcm\u00f6lcs Szakmak\u00f6zi Szervezet \u00e9s Term\u00e9ktan\u00e1cs eln\u00f6ke szerint tavaly volt a\" \/>\n\t\t<meta property=\"og:url\" content=\"https:\/\/allasorias.hu\/hirek\/a-diakmunkasok-enyhitik-atmenetileg-a-munkaerohianyt\/\" \/>\n\t\t<meta property=\"og:image\" content=\"https:\/\/allasorias.hu\/hirek\/wp-content\/uploads\/2019\/05\/waitress-2376728_640.jpg\" \/>\n\t\t<meta property=\"og:image:secure_url\" content=\"https:\/\/allasorias.hu\/hirek\/wp-content\/uploads\/2019\/05\/waitress-2376728_640.jpg\" \/>\n\t\t<meta property=\"og:image:width\" content=\"640\" \/>\n\t\t<meta property=\"og:image:height\" content=\"455\" \/>\n\t\t<meta property=\"article:published_time\" content=\"2019-07-05T07:41:24+00:00\" \/>\n\t\t<meta property=\"article:modified_time\" content=\"2019-07-04T07:41:38+00:00\" \/>\n\t\t<meta property=\"article:publisher\" content=\"https:\/\/www.facebook.com\/allasorias\" \/>\n\t\t<meta name=\"twitter:card\" content=\"summary_large_image\" \/>\n\t\t<meta name=\"twitter:title\" content=\"A di\u00e1kmunk\u00e1sok enyh\u00edtik \u00e1tmenetileg a munkaer\u0151hi\u00e1nyt | AllasOrias.hu | H\u00edrek-lapszemle\" \/>\n\t\t<meta name=\"twitter:description\" content=\"A ny\u00e1ri szezonban a di\u00e1kok enyh\u00edtik a munkaer\u0151hi\u00e1nyt, de \u00edgy is t\u00f6bb t\u00edzezer dolgoz\u00f3 hi\u00e1nyzik az \u00e1gazatokb\u00f3l. Az agr\u00e1riumban \u00e9s a turizmusban is elkezdett cs\u00f6kkenni a munkaer\u0151hi\u00e1ny a ny\u00e1ri id\u00e9nymunkaszezonban - \u00edrta cs\u00fct\u00f6rt\u00f6ki sz\u00e1m\u00e1ban a Vil\u00e1ggazdas\u00e1g szakmai szervezetek vezet\u0151ire hivatkozva. Led\u00f3 Ferenc, a FruitVeb Magyar Z\u00f6lds\u00e9g-Gy\u00fcm\u00f6lcs Szakmak\u00f6zi Szervezet \u00e9s Term\u00e9ktan\u00e1cs eln\u00f6ke szerint tavaly volt a\" \/>\n\t\t<meta name=\"twitter:image\" content=\"https:\/\/allasorias.hu\/hirek\/wp-content\/uploads\/2019\/05\/waitress-2376728_640.jpg\" \/>\n\t\t<meta name=\"twitter:label1\" content=\"Written by\" \/>\n\t\t<meta name=\"twitter:data1\" content=\"Juh\u00e1sz P\u00e9ter\" \/>\n\t\t<meta name=\"twitter:label2\" content=\"Est. reading time\" \/>\n\t\t<meta name=\"twitter:data2\" content=\"2 minutes\" \/>\n\t\t<script type=\"application\/ld+json\" class=\"aioseo-schema\">\n\t\t\t{\"@context\":\"https:\\\/\\\/schema.org\",\"@graph\":[{\"@type\":\"Article\",\"@id\":\"https:\\\/\\\/allasorias.hu\\\/hirek\\\/a-diakmunkasok-enyhitik-atmenetileg-a-munkaerohianyt\\\/#article\",\"name\":\"A di\\u00e1kmunk\\u00e1sok enyh\\u00edtik \\u00e1tmenetileg a munkaer\\u0151hi\\u00e1nyt | AllasOrias.hu | H\\u00edrek-lapszemle\",\"headline\":\"A di\\u00e1kmunk\\u00e1sok enyh\\u00edtik \\u00e1tmenetileg a munkaer\\u0151hi\\u00e1nyt\",\"author\":{\"@id\":\"https:\\\/\\\/allasorias.hu\\\/hirek\\\/author\\\/admin-allasorias\\\/#author\"},\"publisher\":{\"@id\":\"https:\\\/\\\/allasorias.hu\\\/hirek\\\/#organization\"},\"image\":{\"@type\":\"ImageObject\",\"url\":\"https:\\\/\\\/allasorias.hu\\\/hirek\\\/wp-content\\\/uploads\\\/2019\\\/05\\\/waitress-2376728_640.jpg\",\"width\":640,\"height\":455},\"datePublished\":\"2019-07-05T07:41:24+02:00\",\"dateModified\":\"2019-07-04T07:41:38+02:00\",\"inLanguage\":\"hu-HU\",\"mainEntityOfPage\":{\"@id\":\"https:\\\/\\\/allasorias.hu\\\/hirek\\\/a-diakmunkasok-enyhitik-atmenetileg-a-munkaerohianyt\\\/#webpage\"},\"isPartOf\":{\"@id\":\"https:\\\/\\\/allasorias.hu\\\/hirek\\\/a-diakmunkasok-enyhitik-atmenetileg-a-munkaerohianyt\\\/#webpage\"},\"articleSection\":\"Hi\\u00e1nyszakm\\u00e1k, Munkaer\\u0151piac\"},{\"@type\":\"BreadcrumbList\",\"@id\":\"https:\\\/\\\/allasorias.hu\\\/hirek\\\/a-diakmunkasok-enyhitik-atmenetileg-a-munkaerohianyt\\\/#breadcrumblist\",\"itemListElement\":[{\"@type\":\"ListItem\",\"@id\":\"https:\\\/\\\/allasorias.hu\\\/hirek#listItem\",\"position\":1,\"name\":\"Home\",\"item\":\"https:\\\/\\\/allasorias.hu\\\/hirek\",\"nextItem\":{\"@type\":\"ListItem\",\"@id\":\"https:\\\/\\\/allasorias.hu\\\/hirek\\\/temak\\\/munkaeropiac\\\/#listItem\",\"name\":\"Munkaer\\u0151piac\"}},{\"@type\":\"ListItem\",\"@id\":\"https:\\\/\\\/allasorias.hu\\\/hirek\\\/temak\\\/munkaeropiac\\\/#listItem\",\"position\":2,\"name\":\"Munkaer\\u0151piac\",\"item\":\"https:\\\/\\\/allasorias.hu\\\/hirek\\\/temak\\\/munkaeropiac\\\/\",\"nextItem\":{\"@type\":\"ListItem\",\"@id\":\"https:\\\/\\\/allasorias.hu\\\/hirek\\\/a-diakmunkasok-enyhitik-atmenetileg-a-munkaerohianyt\\\/#listItem\",\"name\":\"A di\\u00e1kmunk\\u00e1sok enyh\\u00edtik \\u00e1tmenetileg a munkaer\\u0151hi\\u00e1nyt\"},\"previousItem\":{\"@type\":\"ListItem\",\"@id\":\"https:\\\/\\\/allasorias.hu\\\/hirek#listItem\",\"name\":\"Home\"}},{\"@type\":\"ListItem\",\"@id\":\"https:\\\/\\\/allasorias.hu\\\/hirek\\\/a-diakmunkasok-enyhitik-atmenetileg-a-munkaerohianyt\\\/#listItem\",\"position\":3,\"name\":\"A di\\u00e1kmunk\\u00e1sok enyh\\u00edtik \\u00e1tmenetileg a munkaer\\u0151hi\\u00e1nyt\",\"previousItem\":{\"@type\":\"ListItem\",\"@id\":\"https:\\\/\\\/allasorias.hu\\\/hirek\\\/temak\\\/munkaeropiac\\\/#listItem\",\"name\":\"Munkaer\\u0151piac\"}}]},{\"@type\":\"Organization\",\"@id\":\"https:\\\/\\\/allasorias.hu\\\/hirek\\\/#organization\",\"name\":\"AllasOrias.hu | H\\u00edrek-lapszemle\",\"description\":\"\\u00dczleti h\\u00edrek az \\u00e1ll\\u00e1s \\u00e9s a munka vil\\u00e1g\\u00e1b\\u00f3l\",\"url\":\"https:\\\/\\\/allasorias.hu\\\/hirek\\\/\",\"logo\":{\"@type\":\"ImageObject\",\"url\":\"https:\\\/\\\/allasorias.hu\\\/hirek\\\/wp-content\\\/uploads\\\/2022\\\/10\\\/allasorias_site_facebok_logo.png\",\"@id\":\"https:\\\/\\\/allasorias.hu\\\/hirek\\\/a-diakmunkasok-enyhitik-atmenetileg-a-munkaerohianyt\\\/#organizationLogo\"},\"image\":{\"@id\":\"https:\\\/\\\/allasorias.hu\\\/hirek\\\/a-diakmunkasok-enyhitik-atmenetileg-a-munkaerohianyt\\\/#organizationLogo\"},\"sameAs\":[\"https:\\\/\\\/www.facebook.com\\\/allasorias\",\"https:\\\/\\\/www.linkedin.com\\\/company\\\/allasorias\"]},{\"@type\":\"Person\",\"@id\":\"https:\\\/\\\/allasorias.hu\\\/hirek\\\/author\\\/admin-allasorias\\\/#author\",\"url\":\"https:\\\/\\\/allasorias.hu\\\/hirek\\\/author\\\/admin-allasorias\\\/\",\"name\":\"Juh\\u00e1sz P\\u00e9ter\",\"image\":{\"@type\":\"ImageObject\",\"@id\":\"https:\\\/\\\/allasorias.hu\\\/hirek\\\/a-diakmunkasok-enyhitik-atmenetileg-a-munkaerohianyt\\\/#authorImage\",\"url\":\"https:\\\/\\\/secure.gravatar.com\\\/avatar\\\/36e6bcb83148978b992977cb0f54d22feb0cce8a0a849a9410532bb2623ba4c6?s=96&d=mm&r=g\",\"width\":96,\"height\":96,\"caption\":\"Juh\\u00e1sz P\\u00e9ter\"}},{\"@type\":\"WebPage\",\"@id\":\"https:\\\/\\\/allasorias.hu\\\/hirek\\\/a-diakmunkasok-enyhitik-atmenetileg-a-munkaerohianyt\\\/#webpage\",\"url\":\"https:\\\/\\\/allasorias.hu\\\/hirek\\\/a-diakmunkasok-enyhitik-atmenetileg-a-munkaerohianyt\\\/\",\"name\":\"A di\\u00e1kmunk\\u00e1sok enyh\\u00edtik \\u00e1tmenetileg a munkaer\\u0151hi\\u00e1nyt | AllasOrias.hu | H\\u00edrek-lapszemle\",\"description\":\"A ny\\u00e1ri szezonban a di\\u00e1kok enyh\\u00edtik a munkaer\\u0151hi\\u00e1nyt, de \\u00edgy is t\\u00f6bb t\\u00edzezer dolgoz\\u00f3 hi\\u00e1nyzik az \\u00e1gazatokb\\u00f3l. Az agr\\u00e1riumban \\u00e9s a turizmusban is elkezdett cs\\u00f6kkenni a munkaer\\u0151hi\\u00e1ny a ny\\u00e1ri id\\u00e9nymunkaszezonban - \\u00edrta cs\\u00fct\\u00f6rt\\u00f6ki sz\\u00e1m\\u00e1ban a Vil\\u00e1ggazdas\\u00e1g szakmai szervezetek vezet\\u0151ire hivatkozva. Led\\u00f3 Ferenc, a FruitVeb Magyar Z\\u00f6lds\\u00e9g-Gy\\u00fcm\\u00f6lcs Szakmak\\u00f6zi Szervezet \\u00e9s Term\\u00e9ktan\\u00e1cs eln\\u00f6ke szerint tavaly volt a\",\"inLanguage\":\"hu-HU\",\"isPartOf\":{\"@id\":\"https:\\\/\\\/allasorias.hu\\\/hirek\\\/#website\"},\"breadcrumb\":{\"@id\":\"https:\\\/\\\/allasorias.hu\\\/hirek\\\/a-diakmunkasok-enyhitik-atmenetileg-a-munkaerohianyt\\\/#breadcrumblist\"},\"author\":{\"@id\":\"https:\\\/\\\/allasorias.hu\\\/hirek\\\/author\\\/admin-allasorias\\\/#author\"},\"creator\":{\"@id\":\"https:\\\/\\\/allasorias.hu\\\/hirek\\\/author\\\/admin-allasorias\\\/#author\"},\"image\":{\"@type\":\"ImageObject\",\"url\":\"https:\\\/\\\/allasorias.hu\\\/hirek\\\/wp-content\\\/uploads\\\/2019\\\/05\\\/waitress-2376728_640.jpg\",\"@id\":\"https:\\\/\\\/allasorias.hu\\\/hirek\\\/a-diakmunkasok-enyhitik-atmenetileg-a-munkaerohianyt\\\/#mainImage\",\"width\":640,\"height\":455},\"primaryImageOfPage\":{\"@id\":\"https:\\\/\\\/allasorias.hu\\\/hirek\\\/a-diakmunkasok-enyhitik-atmenetileg-a-munkaerohianyt\\\/#mainImage\"},\"datePublished\":\"2019-07-05T07:41:24+02:00\",\"dateModified\":\"2019-07-04T07:41:38+02:00\"},{\"@type\":\"WebSite\",\"@id\":\"https:\\\/\\\/allasorias.hu\\\/hirek\\\/#website\",\"url\":\"https:\\\/\\\/allasorias.hu\\\/hirek\\\/\",\"name\":\"AllasOrias.hu | H\\u00edrek-lapszemle\",\"description\":\"\\u00dczleti h\\u00edrek az \\u00e1ll\\u00e1s \\u00e9s a munka vil\\u00e1g\\u00e1b\\u00f3l\",\"inLanguage\":\"hu-HU\",\"publisher\":{\"@id\":\"https:\\\/\\\/allasorias.hu\\\/hirek\\\/#organization\"}}]}\n\t\t<\/script>\n\t\t<!-- All in One SEO -->\n\n","aioseo_head_json":{"title":"A di\u00e1kmunk\u00e1sok enyh\u00edtik \u00e1tmenetileg a munkaer\u0151hi\u00e1nyt | AllasOrias.hu | H\u00edrek-lapszemle","description":"A ny\u00e1ri szezonban a di\u00e1kok enyh\u00edtik a munkaer\u0151hi\u00e1nyt, de \u00edgy is t\u00f6bb t\u00edzezer dolgoz\u00f3 hi\u00e1nyzik az \u00e1gazatokb\u00f3l. Az agr\u00e1riumban \u00e9s a turizmusban is elkezdett cs\u00f6kkenni a munkaer\u0151hi\u00e1ny a ny\u00e1ri id\u00e9nymunkaszezonban - \u00edrta cs\u00fct\u00f6rt\u00f6ki sz\u00e1m\u00e1ban a Vil\u00e1ggazdas\u00e1g szakmai szervezetek vezet\u0151ire hivatkozva. Led\u00f3 Ferenc, a FruitVeb Magyar Z\u00f6lds\u00e9g-Gy\u00fcm\u00f6lcs Szakmak\u00f6zi Szervezet \u00e9s Term\u00e9ktan\u00e1cs eln\u00f6ke szerint tavaly volt a","canonical_url":"https:\/\/allasorias.hu\/hirek\/a-diakmunkasok-enyhitik-atmenetileg-a-munkaerohianyt\/","robots":"max-image-preview:large","keywords":"","webmasterTools":{"miscellaneous":""},"schema":{"@context":"https:\/\/schema.org","@graph":[{"@type":"Article","@id":"https:\/\/allasorias.hu\/hirek\/a-diakmunkasok-enyhitik-atmenetileg-a-munkaerohianyt\/#article","name":"A di\u00e1kmunk\u00e1sok enyh\u00edtik \u00e1tmenetileg a munkaer\u0151hi\u00e1nyt | AllasOrias.hu | H\u00edrek-lapszemle","headline":"A di\u00e1kmunk\u00e1sok enyh\u00edtik \u00e1tmenetileg a munkaer\u0151hi\u00e1nyt","author":{"@id":"https:\/\/allasorias.hu\/hirek\/author\/admin-allasorias\/#author"},"publisher":{"@id":"https:\/\/allasorias.hu\/hirek\/#organization"},"image":{"@type":"ImageObject","url":"https:\/\/allasorias.hu\/hirek\/wp-content\/uploads\/2019\/05\/waitress-2376728_640.jpg","width":640,"height":455},"datePublished":"2019-07-05T07:41:24+02:00","dateModified":"2019-07-04T07:41:38+02:00","inLanguage":"hu-HU","mainEntityOfPage":{"@id":"https:\/\/allasorias.hu\/hirek\/a-diakmunkasok-enyhitik-atmenetileg-a-munkaerohianyt\/#webpage"},"isPartOf":{"@id":"https:\/\/allasorias.hu\/hirek\/a-diakmunkasok-enyhitik-atmenetileg-a-munkaerohianyt\/#webpage"},"articleSection":"Hi\u00e1nyszakm\u00e1k, Munkaer\u0151piac"},{"@type":"BreadcrumbList","@id":"https:\/\/allasorias.hu\/hirek\/a-diakmunkasok-enyhitik-atmenetileg-a-munkaerohianyt\/#breadcrumblist","itemListElement":[{"@type":"ListItem","@id":"https:\/\/allasorias.hu\/hirek#listItem","position":1,"name":"Home","item":"https:\/\/allasorias.hu\/hirek","nextItem":{"@type":"ListItem","@id":"https:\/\/allasorias.hu\/hirek\/temak\/munkaeropiac\/#listItem","name":"Munkaer\u0151piac"}},{"@type":"ListItem","@id":"https:\/\/allasorias.hu\/hirek\/temak\/munkaeropiac\/#listItem","position":2,"name":"Munkaer\u0151piac","item":"https:\/\/allasorias.hu\/hirek\/temak\/munkaeropiac\/","nextItem":{"@type":"ListItem","@id":"https:\/\/allasorias.hu\/hirek\/a-diakmunkasok-enyhitik-atmenetileg-a-munkaerohianyt\/#listItem","name":"A di\u00e1kmunk\u00e1sok enyh\u00edtik \u00e1tmenetileg a munkaer\u0151hi\u00e1nyt"},"previousItem":{"@type":"ListItem","@id":"https:\/\/allasorias.hu\/hirek#listItem","name":"Home"}},{"@type":"ListItem","@id":"https:\/\/allasorias.hu\/hirek\/a-diakmunkasok-enyhitik-atmenetileg-a-munkaerohianyt\/#listItem","position":3,"name":"A di\u00e1kmunk\u00e1sok enyh\u00edtik \u00e1tmenetileg a munkaer\u0151hi\u00e1nyt","previousItem":{"@type":"ListItem","@id":"https:\/\/allasorias.hu\/hirek\/temak\/munkaeropiac\/#listItem","name":"Munkaer\u0151piac"}}]},{"@type":"Organization","@id":"https:\/\/allasorias.hu\/hirek\/#organization","name":"AllasOrias.hu | H\u00edrek-lapszemle","description":"\u00dczleti h\u00edrek az \u00e1ll\u00e1s \u00e9s a munka vil\u00e1g\u00e1b\u00f3l","url":"https:\/\/allasorias.hu\/hirek\/","logo":{"@type":"ImageObject","url":"https:\/\/allasorias.hu\/hirek\/wp-content\/uploads\/2022\/10\/allasorias_site_facebok_logo.png","@id":"https:\/\/allasorias.hu\/hirek\/a-diakmunkasok-enyhitik-atmenetileg-a-munkaerohianyt\/#organizationLogo"},"image":{"@id":"https:\/\/allasorias.hu\/hirek\/a-diakmunkasok-enyhitik-atmenetileg-a-munkaerohianyt\/#organizationLogo"},"sameAs":["https:\/\/www.facebook.com\/allasorias","https:\/\/www.linkedin.com\/company\/allasorias"]},{"@type":"Person","@id":"https:\/\/allasorias.hu\/hirek\/author\/admin-allasorias\/#author","url":"https:\/\/allasorias.hu\/hirek\/author\/admin-allasorias\/","name":"Juh\u00e1sz P\u00e9ter","image":{"@type":"ImageObject","@id":"https:\/\/allasorias.hu\/hirek\/a-diakmunkasok-enyhitik-atmenetileg-a-munkaerohianyt\/#authorImage","url":"https:\/\/secure.gravatar.com\/avatar\/36e6bcb83148978b992977cb0f54d22feb0cce8a0a849a9410532bb2623ba4c6?s=96&d=mm&r=g","width":96,"height":96,"caption":"Juh\u00e1sz P\u00e9ter"}},{"@type":"WebPage","@id":"https:\/\/allasorias.hu\/hirek\/a-diakmunkasok-enyhitik-atmenetileg-a-munkaerohianyt\/#webpage","url":"https:\/\/allasorias.hu\/hirek\/a-diakmunkasok-enyhitik-atmenetileg-a-munkaerohianyt\/","name":"A di\u00e1kmunk\u00e1sok enyh\u00edtik \u00e1tmenetileg a munkaer\u0151hi\u00e1nyt | AllasOrias.hu | H\u00edrek-lapszemle","description":"A ny\u00e1ri szezonban a di\u00e1kok enyh\u00edtik a munkaer\u0151hi\u00e1nyt, de \u00edgy is t\u00f6bb t\u00edzezer dolgoz\u00f3 hi\u00e1nyzik az \u00e1gazatokb\u00f3l. Az agr\u00e1riumban \u00e9s a turizmusban is elkezdett cs\u00f6kkenni a munkaer\u0151hi\u00e1ny a ny\u00e1ri id\u00e9nymunkaszezonban - \u00edrta cs\u00fct\u00f6rt\u00f6ki sz\u00e1m\u00e1ban a Vil\u00e1ggazdas\u00e1g szakmai szervezetek vezet\u0151ire hivatkozva. Led\u00f3 Ferenc, a FruitVeb Magyar Z\u00f6lds\u00e9g-Gy\u00fcm\u00f6lcs Szakmak\u00f6zi Szervezet \u00e9s Term\u00e9ktan\u00e1cs eln\u00f6ke szerint tavaly volt a","inLanguage":"hu-HU","isPartOf":{"@id":"https:\/\/allasorias.hu\/hirek\/#website"},"breadcrumb":{"@id":"https:\/\/allasorias.hu\/hirek\/a-diakmunkasok-enyhitik-atmenetileg-a-munkaerohianyt\/#breadcrumblist"},"author":{"@id":"https:\/\/allasorias.hu\/hirek\/author\/admin-allasorias\/#author"},"creator":{"@id":"https:\/\/allasorias.hu\/hirek\/author\/admin-allasorias\/#author"},"image":{"@type":"ImageObject","url":"https:\/\/allasorias.hu\/hirek\/wp-content\/uploads\/2019\/05\/waitress-2376728_640.jpg","@id":"https:\/\/allasorias.hu\/hirek\/a-diakmunkasok-enyhitik-atmenetileg-a-munkaerohianyt\/#mainImage","width":640,"height":455},"primaryImageOfPage":{"@id":"https:\/\/allasorias.hu\/hirek\/a-diakmunkasok-enyhitik-atmenetileg-a-munkaerohianyt\/#mainImage"},"datePublished":"2019-07-05T07:41:24+02:00","dateModified":"2019-07-04T07:41:38+02:00"},{"@type":"WebSite","@id":"https:\/\/allasorias.hu\/hirek\/#website","url":"https:\/\/allasorias.hu\/hirek\/","name":"AllasOrias.hu | H\u00edrek-lapszemle","description":"\u00dczleti h\u00edrek az \u00e1ll\u00e1s \u00e9s a munka vil\u00e1g\u00e1b\u00f3l","inLanguage":"hu-HU","publisher":{"@id":"https:\/\/allasorias.hu\/hirek\/#organization"}}]},"og:locale":"hu_HU","og:site_name":"AllasOrias.hu | H\u00edrek-lapszemle | \u00dczleti h\u00edrek az \u00e1ll\u00e1s \u00e9s a munka vil\u00e1g\u00e1b\u00f3l","og:type":"article","og:title":"A di\u00e1kmunk\u00e1sok enyh\u00edtik \u00e1tmenetileg a munkaer\u0151hi\u00e1nyt | AllasOrias.hu | H\u00edrek-lapszemle","og:description":"A ny\u00e1ri szezonban a di\u00e1kok enyh\u00edtik a munkaer\u0151hi\u00e1nyt, de \u00edgy is t\u00f6bb t\u00edzezer dolgoz\u00f3 hi\u00e1nyzik az \u00e1gazatokb\u00f3l. Az agr\u00e1riumban \u00e9s a turizmusban is elkezdett cs\u00f6kkenni a munkaer\u0151hi\u00e1ny a ny\u00e1ri id\u00e9nymunkaszezonban - \u00edrta cs\u00fct\u00f6rt\u00f6ki sz\u00e1m\u00e1ban a Vil\u00e1ggazdas\u00e1g szakmai szervezetek vezet\u0151ire hivatkozva. Led\u00f3 Ferenc, a FruitVeb Magyar Z\u00f6lds\u00e9g-Gy\u00fcm\u00f6lcs Szakmak\u00f6zi Szervezet \u00e9s Term\u00e9ktan\u00e1cs eln\u00f6ke szerint tavaly volt a","og:url":"https:\/\/allasorias.hu\/hirek\/a-diakmunkasok-enyhitik-atmenetileg-a-munkaerohianyt\/","og:image":"https:\/\/allasorias.hu\/hirek\/wp-content\/uploads\/2019\/05\/waitress-2376728_640.jpg","og:image:secure_url":"https:\/\/allasorias.hu\/hirek\/wp-content\/uploads\/2019\/05\/waitress-2376728_640.jpg","og:image:width":640,"og:image:height":455,"article:published_time":"2019-07-05T07:41:24+00:00","article:modified_time":"2019-07-04T07:41:38+00:00","article:publisher":"https:\/\/www.facebook.com\/allasorias","twitter:card":"summary_large_image","twitter:title":"A di\u00e1kmunk\u00e1sok enyh\u00edtik \u00e1tmenetileg a munkaer\u0151hi\u00e1nyt | AllasOrias.hu | H\u00edrek-lapszemle","twitter:description":"A ny\u00e1ri szezonban a di\u00e1kok enyh\u00edtik a munkaer\u0151hi\u00e1nyt, de \u00edgy is t\u00f6bb t\u00edzezer dolgoz\u00f3 hi\u00e1nyzik az \u00e1gazatokb\u00f3l. Az agr\u00e1riumban \u00e9s a turizmusban is elkezdett cs\u00f6kkenni a munkaer\u0151hi\u00e1ny a ny\u00e1ri id\u00e9nymunkaszezonban - \u00edrta cs\u00fct\u00f6rt\u00f6ki sz\u00e1m\u00e1ban a Vil\u00e1ggazdas\u00e1g szakmai szervezetek vezet\u0151ire hivatkozva. Led\u00f3 Ferenc, a FruitVeb Magyar Z\u00f6lds\u00e9g-Gy\u00fcm\u00f6lcs Szakmak\u00f6zi Szervezet \u00e9s Term\u00e9ktan\u00e1cs eln\u00f6ke szerint tavaly volt a","twitter:image":"https:\/\/allasorias.hu\/hirek\/wp-content\/uploads\/2019\/05\/waitress-2376728_640.jpg","twitter:label1":"Written by","twitter:data1":"Juh\u00e1sz P\u00e9ter","twitter:label2":"Est. reading time","twitter:data2":"2 minutes"},"aioseo_meta_data":{"post_id":"3073","title":null,"description":null,"keywords":null,"keyphrases":null,"primary_term":null,"canonical_url":null,"og_title":null,"og_description":null,"og_object_type":"default","og_image_type":"default","og_image_url":null,"og_image_width":null,"og_image_height":null,"og_image_custom_url":null,"og_image_custom_fields":null,"og_video":null,"og_custom_url":null,"og_article_section":null,"og_article_tags":null,"twitter_use_og":false,"twitter_card":"default","twitter_image_type":"default","twitter_image_url":null,"twitter_image_custom_url":null,"twitter_image_custom_fields":null,"twitter_title":null,"twitter_description":null,"schema":{"blockGraphs":[],"customGraphs":[],"default":{"data":{"Article":[],"Course":[],"Dataset":[],"FAQPage":[],"Movie":[],"Person":[],"Product":[],"ProductReview":[],"Car":[],"Recipe":[],"Service":[],"SoftwareApplication":[],"WebPage":[]},"graphName":"","isEnabled":true},"graphs":[],"defaultGraph":"","defaultPostTypeGraph":""},"schema_type":null,"schema_type_options":null,"pillar_content":false,"robots_default":true,"robots_noindex":false,"robots_noarchive":false,"robots_nosnippet":false,"robots_nofollow":false,"robots_noimageindex":false,"robots_noodp":false,"robots_notranslate":false,"robots_max_snippet":null,"robots_max_videopreview":null,"robots_max_imagepreview":"large","priority":null,"frequency":null,"location":null,"local_seo":null,"breadcrumb_settings":null,"limit_modified_date":false,"ai":null,"created":"2021-02-01 21:31:47","updated":"2025-10-02 11:33:31","seo_analyzer_scan_date":null,"focus_keyword":null,"additional_keywords":null,"truseo_locale":null},"aioseo_breadcrumb":"<div class=\"aioseo-breadcrumbs\"><span class=\"aioseo-breadcrumb\">\n\t\t\t<a href=\"https:\/\/allasorias.hu\/hirek\" title=\"Home\">Home<\/a>\n\t\t<\/span><span class=\"aioseo-breadcrumb-separator\">&raquo;<\/span><span class=\"aioseo-breadcrumb\">\n\t\t\t<a href=\"https:\/\/allasorias.hu\/hirek\/temak\/munkaeropiac\/\" title=\"Munkaer\u0151piac\">Munkaer\u0151piac<\/a>\n\t\t<\/span><span class=\"aioseo-breadcrumb-separator\">&raquo;<\/span><span class=\"aioseo-breadcrumb\">\n\t\t\tA di\u00e1kmunk\u00e1sok enyh\u00edtik \u00e1tmenetileg a munkaer\u0151hi\u00e1nyt\n\t\t<\/span><\/div>","aioseo_breadcrumb_json":[{"label":"Home","link":"https:\/\/allasorias.hu\/hirek"},{"label":"Munkaer\u0151piac","link":"https:\/\/allasorias.hu\/hirek\/temak\/munkaeropiac\/"},{"label":"A di\u00e1kmunk\u00e1sok enyh\u00edtik \u00e1tmenetileg a munkaer\u0151hi\u00e1nyt","link":"https:\/\/allasorias.hu\/hirek\/a-diakmunkasok-enyhitik-atmenetileg-a-munkaerohianyt\/"}],"_links":{"self":[{"href":"https:\/\/allasorias.hu\/hirek\/wp-json\/wp\/v2\/posts\/3073","targetHints":{"allow":["GET"]}}],"collection":[{"href":"https:\/\/allasorias.hu\/hirek\/wp-json\/wp\/v2\/posts"}],"about":[{"href":"https:\/\/allasorias.hu\/hirek\/wp-json\/wp\/v2\/types\/post"}],"author":[{"embeddable":true,"href":"https:\/\/allasorias.hu\/hirek\/wp-json\/wp\/v2\/users\/1"}],"replies":[{"embeddable":true,"href":"https:\/\/allasorias.hu\/hirek\/wp-json\/wp\/v2\/comments?post=3073"}],"version-history":[{"count":1,"href":"https:\/\/allasorias.hu\/hirek\/wp-json\/wp\/v2\/posts\/3073\/revisions"}],"predecessor-version":[{"id":3074,"href":"https:\/\/allasorias.hu\/hirek\/wp-json\/wp\/v2\/posts\/3073\/revisions\/3074"}],"wp:featuredmedia":[{"embeddable":true,"href":"https:\/\/allasorias.hu\/hirek\/wp-json\/wp\/v2\/media\/2949"}],"wp:attachment":[{"href":"https:\/\/allasorias.hu\/hirek\/wp-json\/wp\/v2\/media?parent=3073"}],"wp:term":[{"taxonomy":"category","embeddable":true,"href":"https:\/\/allasorias.hu\/hirek\/wp-json\/wp\/v2\/categories?post=3073"},{"taxonomy":"post_tag","embeddable":true,"href":"https:\/\/allasorias.hu\/hirek\/wp-json\/wp\/v2\/tags?post=3073"}],"curies":[{"name":"wp","href":"https:\/\/api.w.org\/{rel}","templated":true}]}}