{"id":3068,"date":"2019-07-04T07:20:40","date_gmt":"2019-07-04T07:20:40","guid":{"rendered":"https:\/\/allasorias.hu\/hirek\/?p=3068"},"modified":"2019-07-04T07:20:40","modified_gmt":"2019-07-04T07:20:40","slug":"vasarnapi-nyitva-tartas-dontsenek-a-boltuzemeltetok","status":"publish","type":"post","link":"https:\/\/allasorias.hu\/hirek\/vasarnapi-nyitva-tartas-dontsenek-a-boltuzemeltetok\/","title":{"rendered":"Vas\u00e1rnapi nyitva tart\u00e1s: d\u00f6ntsenek a bolt\u00fczemeltet\u0151k"},"content":{"rendered":"<p><strong>ism\u00e9t t\u00e9ma a vas\u00e1rnapi nyitva tart\u00e1s. Sajt\u00f3h\u00edrek szerint t\u00e1rgyal\u00e1sok folynak az \u00e1ruh\u00e1zak \u00e9s a kereskedelmi szakszervezetek k\u00f6z\u00f6tt a vas\u00e1rnapi nyitvatart\u00e1sr\u00f3l. A Magyar Nemzet cikkei szerint n\u00e9h\u00e1ny \u00e9vvel a vas\u00e1rnapi boltz\u00e1r bevezet\u00e9se, majd elbuk\u00e1sa ut\u00e1n az\u00e9rt ker\u00fclt ism\u00e9t napirendre a vas\u00e1rnapi nyitvatart\u00e1s szab\u00e1lyoz\u00e1sa, mert nagyon fogy a munkaer\u0151k\u00edn\u00e1lat, egyre nehezebb elegend\u0151 munk\u00e1st m\u0171szakba k\u00fcldeni. <\/strong><\/p>\n<p>A h\u00edrek szerint a korm\u00e1ny \u00e9s a versenyszf\u00e9ra \u00e1lland\u00f3 konzult\u00e1ci\u00f3s f\u00f3rum\u00e1t is megj\u00e1rta a t\u00e9ma, \u00e9s egyes nagy munkaad\u00f3k is hajlanak a javaslat megfontol\u00e1s\u00e1ra. Ut\u00f3bb a t\u00e9nyleg sz\u00e1mottev\u0151 multik k\u00f6r\u00e9b\u0151l olyan nyilatkozat \u00e9rkezett, amely jelent\u0151sen tomp\u00edtotta, tulajdonk\u00e9ppen c\u00e1folta a sajt\u00f3h\u00edreket. Mivel a konzult\u00e1ci\u00f3s f\u00f3rum munk\u00e1j\u00e1ban a korm\u00e1nyzat is r\u00e9szt vesz, mindenk\u00e9ppen ir\u00e1nyad\u00f3 a korm\u00e1ny hivatalos \u00e1ll\u00e1spontja ebben a k\u00e9rd\u00e9sben. Guly\u00e1s Gergely a\u00a0 Korm\u00e1nyinf\u00f3n azt mondta ezzel kapcsolatos k\u00e9rd\u00e9sre, hogy a korm\u00e1ny \u00e1ll\u00e1spontja nem v\u00e1ltozott. Ezzel arra utalt, hogy tudom\u00e1sul vett\u00e9k a vas\u00e1rnapi boltz\u00e1rral kapcsolatos int\u00e9zked\u00e9ssel szembeni ellen\u00e1ll\u00e1st, \u00e9s nem k\u00edv\u00e1nnak t\u00f6rv\u00e9nyi, rendeleti \u00faton beleavatkozni a vas\u00e1rnapi nyitvatart\u00e1s szab\u00e1lyoz\u00e1s\u00e1ba. Ez egyben azt is jelenti, hogy amennyiben a munkaad\u00f3k \u00e9s munkav\u00e1llal\u00f3k megegyeznek, azt a meg\u00e1llapod\u00e1st a korm\u00e1ny szint\u00fagy tudom\u00e1sul veszi.<\/p>\n<p>Forr\u00e1s: mfor.hu<\/p>\n","protected":false},"excerpt":{"rendered":"<p>ism\u00e9t t\u00e9ma a vas\u00e1rnapi nyitva tart\u00e1s. Sajt\u00f3h\u00edrek szerint t\u00e1rgyal\u00e1sok folynak az \u00e1ruh\u00e1zak \u00e9s a kereskedelmi szakszervezetek k\u00f6z\u00f6tt a vas\u00e1rnapi nyitvatart\u00e1sr\u00f3l. A Magyar Nemzet cikkei szerint n\u00e9h\u00e1ny \u00e9vvel a vas\u00e1rnapi boltz\u00e1r bevezet\u00e9se, majd elbuk\u00e1sa ut\u00e1n az\u00e9rt ker\u00fclt ism\u00e9t napirendre a vas\u00e1rnapi nyitvatart\u00e1s szab\u00e1lyoz\u00e1sa, mert nagyon fogy a munkaer\u0151k\u00edn\u00e1lat, egyre nehezebb elegend\u0151 munk\u00e1st m\u0171szakba k\u00fcldeni. A h\u00edrek [&hellip;]<\/p>\n","protected":false},"author":1,"featured_media":3069,"comment_status":"open","ping_status":"open","sticky":false,"template":"","format":"standard","meta":{"_monsterinsights_skip_tracking":false,"footnotes":""},"categories":[198],"tags":[],"class_list":["post-3068","post","type-post","status-publish","format-standard","has-post-thumbnail","hentry","category-gazdasag"],"aioseo_notices":[],"aioseo_head":"\n\t\t<!-- All in One SEO 5.0.0.1 - aioseo.com -->\n\t<meta name=\"description\" content=\"ism\u00e9t t\u00e9ma a vas\u00e1rnapi nyitva tart\u00e1s. Sajt\u00f3h\u00edrek szerint t\u00e1rgyal\u00e1sok folynak az \u00e1ruh\u00e1zak \u00e9s a kereskedelmi szakszervezetek k\u00f6z\u00f6tt a vas\u00e1rnapi nyitvatart\u00e1sr\u00f3l. A Magyar Nemzet cikkei szerint n\u00e9h\u00e1ny \u00e9vvel a vas\u00e1rnapi boltz\u00e1r bevezet\u00e9se, majd elbuk\u00e1sa ut\u00e1n az\u00e9rt ker\u00fclt ism\u00e9t napirendre a vas\u00e1rnapi nyitvatart\u00e1s szab\u00e1lyoz\u00e1sa, mert nagyon fogy a munkaer\u0151k\u00edn\u00e1lat, egyre nehezebb elegend\u0151 munk\u00e1st m\u0171szakba k\u00fcldeni. A h\u00edrek\" \/>\n\t<meta name=\"robots\" content=\"max-image-preview:large\" \/>\n\t<meta name=\"author\" content=\"Juh\u00e1sz P\u00e9ter\"\/>\n\t<link rel=\"canonical\" href=\"https:\/\/allasorias.hu\/hirek\/vasarnapi-nyitva-tartas-dontsenek-a-boltuzemeltetok\/\" \/>\n\t<meta name=\"generator\" content=\"All in One SEO (AIOSEO) 5.0.0.1\" \/>\n\t\t<meta property=\"og:locale\" content=\"hu_HU\" \/>\n\t\t<meta property=\"og:site_name\" content=\"AllasOrias.hu | H\u00edrek-lapszemle | \u00dczleti h\u00edrek az \u00e1ll\u00e1s \u00e9s a munka vil\u00e1g\u00e1b\u00f3l\" \/>\n\t\t<meta property=\"og:type\" content=\"article\" \/>\n\t\t<meta property=\"og:title\" content=\"Vas\u00e1rnapi nyitva tart\u00e1s: d\u00f6ntsenek a bolt\u00fczemeltet\u0151k | AllasOrias.hu | H\u00edrek-lapszemle\" \/>\n\t\t<meta property=\"og:description\" content=\"ism\u00e9t t\u00e9ma a vas\u00e1rnapi nyitva tart\u00e1s. Sajt\u00f3h\u00edrek szerint t\u00e1rgyal\u00e1sok folynak az \u00e1ruh\u00e1zak \u00e9s a kereskedelmi szakszervezetek k\u00f6z\u00f6tt a vas\u00e1rnapi nyitvatart\u00e1sr\u00f3l. A Magyar Nemzet cikkei szerint n\u00e9h\u00e1ny \u00e9vvel a vas\u00e1rnapi boltz\u00e1r bevezet\u00e9se, majd elbuk\u00e1sa ut\u00e1n az\u00e9rt ker\u00fclt ism\u00e9t napirendre a vas\u00e1rnapi nyitvatart\u00e1s szab\u00e1lyoz\u00e1sa, mert nagyon fogy a munkaer\u0151k\u00edn\u00e1lat, egyre nehezebb elegend\u0151 munk\u00e1st m\u0171szakba k\u00fcldeni. A h\u00edrek\" \/>\n\t\t<meta property=\"og:url\" content=\"https:\/\/allasorias.hu\/hirek\/vasarnapi-nyitva-tartas-dontsenek-a-boltuzemeltetok\/\" \/>\n\t\t<meta property=\"og:image\" content=\"https:\/\/allasorias.hu\/hirek\/wp-content\/uploads\/2019\/07\/zarva2.jpg\" \/>\n\t\t<meta property=\"og:image:secure_url\" content=\"https:\/\/allasorias.hu\/hirek\/wp-content\/uploads\/2019\/07\/zarva2.jpg\" \/>\n\t\t<meta property=\"og:image:width\" content=\"960\" \/>\n\t\t<meta property=\"og:image:height\" content=\"640\" \/>\n\t\t<meta property=\"article:published_time\" content=\"2019-07-04T07:20:40+00:00\" \/>\n\t\t<meta property=\"article:modified_time\" content=\"2019-07-04T07:20:40+00:00\" \/>\n\t\t<meta property=\"article:publisher\" content=\"https:\/\/www.facebook.com\/allasorias\" \/>\n\t\t<meta name=\"twitter:card\" content=\"summary_large_image\" \/>\n\t\t<meta name=\"twitter:title\" content=\"Vas\u00e1rnapi nyitva tart\u00e1s: d\u00f6ntsenek a bolt\u00fczemeltet\u0151k | AllasOrias.hu | H\u00edrek-lapszemle\" \/>\n\t\t<meta name=\"twitter:description\" content=\"ism\u00e9t t\u00e9ma a vas\u00e1rnapi nyitva tart\u00e1s. Sajt\u00f3h\u00edrek szerint t\u00e1rgyal\u00e1sok folynak az \u00e1ruh\u00e1zak \u00e9s a kereskedelmi szakszervezetek k\u00f6z\u00f6tt a vas\u00e1rnapi nyitvatart\u00e1sr\u00f3l. A Magyar Nemzet cikkei szerint n\u00e9h\u00e1ny \u00e9vvel a vas\u00e1rnapi boltz\u00e1r bevezet\u00e9se, majd elbuk\u00e1sa ut\u00e1n az\u00e9rt ker\u00fclt ism\u00e9t napirendre a vas\u00e1rnapi nyitvatart\u00e1s szab\u00e1lyoz\u00e1sa, mert nagyon fogy a munkaer\u0151k\u00edn\u00e1lat, egyre nehezebb elegend\u0151 munk\u00e1st m\u0171szakba k\u00fcldeni. A h\u00edrek\" \/>\n\t\t<meta name=\"twitter:image\" content=\"https:\/\/allasorias.hu\/hirek\/wp-content\/uploads\/2019\/07\/zarva2.jpg\" \/>\n\t\t<meta name=\"twitter:label1\" content=\"Written by\" \/>\n\t\t<meta name=\"twitter:data1\" content=\"Juh\u00e1sz P\u00e9ter\" \/>\n\t\t<meta name=\"twitter:label2\" content=\"Est. reading time\" \/>\n\t\t<meta name=\"twitter:data2\" content=\"1 minute\" \/>\n\t\t<script type=\"application\/ld+json\" class=\"aioseo-schema\">\n\t\t\t{\"@context\":\"https:\\\/\\\/schema.org\",\"@graph\":[{\"@type\":\"Article\",\"@id\":\"https:\\\/\\\/allasorias.hu\\\/hirek\\\/vasarnapi-nyitva-tartas-dontsenek-a-boltuzemeltetok\\\/#article\",\"name\":\"Vas\\u00e1rnapi nyitva tart\\u00e1s: d\\u00f6ntsenek a bolt\\u00fczemeltet\\u0151k | AllasOrias.hu | H\\u00edrek-lapszemle\",\"headline\":\"Vas\\u00e1rnapi nyitva tart\\u00e1s: d\\u00f6ntsenek a bolt\\u00fczemeltet\\u0151k\",\"author\":{\"@id\":\"https:\\\/\\\/allasorias.hu\\\/hirek\\\/author\\\/admin-allasorias\\\/#author\"},\"publisher\":{\"@id\":\"https:\\\/\\\/allasorias.hu\\\/hirek\\\/#organization\"},\"image\":{\"@type\":\"ImageObject\",\"url\":\"https:\\\/\\\/allasorias.hu\\\/hirek\\\/wp-content\\\/uploads\\\/2019\\\/07\\\/zarva2.jpg\",\"width\":960,\"height\":640},\"datePublished\":\"2019-07-04T07:20:40+02:00\",\"dateModified\":\"2019-07-04T07:20:40+02:00\",\"inLanguage\":\"hu-HU\",\"mainEntityOfPage\":{\"@id\":\"https:\\\/\\\/allasorias.hu\\\/hirek\\\/vasarnapi-nyitva-tartas-dontsenek-a-boltuzemeltetok\\\/#webpage\"},\"isPartOf\":{\"@id\":\"https:\\\/\\\/allasorias.hu\\\/hirek\\\/vasarnapi-nyitva-tartas-dontsenek-a-boltuzemeltetok\\\/#webpage\"},\"articleSection\":\"Gazdas\\u00e1g\"},{\"@type\":\"BreadcrumbList\",\"@id\":\"https:\\\/\\\/allasorias.hu\\\/hirek\\\/vasarnapi-nyitva-tartas-dontsenek-a-boltuzemeltetok\\\/#breadcrumblist\",\"itemListElement\":[{\"@type\":\"ListItem\",\"@id\":\"https:\\\/\\\/allasorias.hu\\\/hirek#listItem\",\"position\":1,\"name\":\"Home\",\"item\":\"https:\\\/\\\/allasorias.hu\\\/hirek\",\"nextItem\":{\"@type\":\"ListItem\",\"@id\":\"https:\\\/\\\/allasorias.hu\\\/hirek\\\/temak\\\/gazdasag\\\/#listItem\",\"name\":\"Gazdas\\u00e1g\"}},{\"@type\":\"ListItem\",\"@id\":\"https:\\\/\\\/allasorias.hu\\\/hirek\\\/temak\\\/gazdasag\\\/#listItem\",\"position\":2,\"name\":\"Gazdas\\u00e1g\",\"item\":\"https:\\\/\\\/allasorias.hu\\\/hirek\\\/temak\\\/gazdasag\\\/\",\"nextItem\":{\"@type\":\"ListItem\",\"@id\":\"https:\\\/\\\/allasorias.hu\\\/hirek\\\/vasarnapi-nyitva-tartas-dontsenek-a-boltuzemeltetok\\\/#listItem\",\"name\":\"Vas\\u00e1rnapi nyitva tart\\u00e1s: d\\u00f6ntsenek a bolt\\u00fczemeltet\\u0151k\"},\"previousItem\":{\"@type\":\"ListItem\",\"@id\":\"https:\\\/\\\/allasorias.hu\\\/hirek#listItem\",\"name\":\"Home\"}},{\"@type\":\"ListItem\",\"@id\":\"https:\\\/\\\/allasorias.hu\\\/hirek\\\/vasarnapi-nyitva-tartas-dontsenek-a-boltuzemeltetok\\\/#listItem\",\"position\":3,\"name\":\"Vas\\u00e1rnapi nyitva tart\\u00e1s: d\\u00f6ntsenek a bolt\\u00fczemeltet\\u0151k\",\"previousItem\":{\"@type\":\"ListItem\",\"@id\":\"https:\\\/\\\/allasorias.hu\\\/hirek\\\/temak\\\/gazdasag\\\/#listItem\",\"name\":\"Gazdas\\u00e1g\"}}]},{\"@type\":\"Organization\",\"@id\":\"https:\\\/\\\/allasorias.hu\\\/hirek\\\/#organization\",\"name\":\"AllasOrias.hu | H\\u00edrek-lapszemle\",\"description\":\"\\u00dczleti h\\u00edrek az \\u00e1ll\\u00e1s \\u00e9s a munka vil\\u00e1g\\u00e1b\\u00f3l\",\"url\":\"https:\\\/\\\/allasorias.hu\\\/hirek\\\/\",\"logo\":{\"@type\":\"ImageObject\",\"url\":\"https:\\\/\\\/allasorias.hu\\\/hirek\\\/wp-content\\\/uploads\\\/2022\\\/10\\\/allasorias_site_facebok_logo.png\",\"@id\":\"https:\\\/\\\/allasorias.hu\\\/hirek\\\/vasarnapi-nyitva-tartas-dontsenek-a-boltuzemeltetok\\\/#organizationLogo\"},\"image\":{\"@id\":\"https:\\\/\\\/allasorias.hu\\\/hirek\\\/vasarnapi-nyitva-tartas-dontsenek-a-boltuzemeltetok\\\/#organizationLogo\"},\"sameAs\":[\"https:\\\/\\\/www.facebook.com\\\/allasorias\",\"https:\\\/\\\/www.linkedin.com\\\/company\\\/allasorias\"]},{\"@type\":\"Person\",\"@id\":\"https:\\\/\\\/allasorias.hu\\\/hirek\\\/author\\\/admin-allasorias\\\/#author\",\"url\":\"https:\\\/\\\/allasorias.hu\\\/hirek\\\/author\\\/admin-allasorias\\\/\",\"name\":\"Juh\\u00e1sz P\\u00e9ter\",\"image\":{\"@type\":\"ImageObject\",\"@id\":\"https:\\\/\\\/allasorias.hu\\\/hirek\\\/vasarnapi-nyitva-tartas-dontsenek-a-boltuzemeltetok\\\/#authorImage\",\"url\":\"https:\\\/\\\/secure.gravatar.com\\\/avatar\\\/36e6bcb83148978b992977cb0f54d22feb0cce8a0a849a9410532bb2623ba4c6?s=96&d=mm&r=g\",\"width\":96,\"height\":96,\"caption\":\"Juh\\u00e1sz P\\u00e9ter\"}},{\"@type\":\"WebPage\",\"@id\":\"https:\\\/\\\/allasorias.hu\\\/hirek\\\/vasarnapi-nyitva-tartas-dontsenek-a-boltuzemeltetok\\\/#webpage\",\"url\":\"https:\\\/\\\/allasorias.hu\\\/hirek\\\/vasarnapi-nyitva-tartas-dontsenek-a-boltuzemeltetok\\\/\",\"name\":\"Vas\\u00e1rnapi nyitva tart\\u00e1s: d\\u00f6ntsenek a bolt\\u00fczemeltet\\u0151k | AllasOrias.hu | H\\u00edrek-lapszemle\",\"description\":\"ism\\u00e9t t\\u00e9ma a vas\\u00e1rnapi nyitva tart\\u00e1s. Sajt\\u00f3h\\u00edrek szerint t\\u00e1rgyal\\u00e1sok folynak az \\u00e1ruh\\u00e1zak \\u00e9s a kereskedelmi szakszervezetek k\\u00f6z\\u00f6tt a vas\\u00e1rnapi nyitvatart\\u00e1sr\\u00f3l. A Magyar Nemzet cikkei szerint n\\u00e9h\\u00e1ny \\u00e9vvel a vas\\u00e1rnapi boltz\\u00e1r bevezet\\u00e9se, majd elbuk\\u00e1sa ut\\u00e1n az\\u00e9rt ker\\u00fclt ism\\u00e9t napirendre a vas\\u00e1rnapi nyitvatart\\u00e1s szab\\u00e1lyoz\\u00e1sa, mert nagyon fogy a munkaer\\u0151k\\u00edn\\u00e1lat, egyre nehezebb elegend\\u0151 munk\\u00e1st m\\u0171szakba k\\u00fcldeni. A h\\u00edrek\",\"inLanguage\":\"hu-HU\",\"isPartOf\":{\"@id\":\"https:\\\/\\\/allasorias.hu\\\/hirek\\\/#website\"},\"breadcrumb\":{\"@id\":\"https:\\\/\\\/allasorias.hu\\\/hirek\\\/vasarnapi-nyitva-tartas-dontsenek-a-boltuzemeltetok\\\/#breadcrumblist\"},\"author\":{\"@id\":\"https:\\\/\\\/allasorias.hu\\\/hirek\\\/author\\\/admin-allasorias\\\/#author\"},\"creator\":{\"@id\":\"https:\\\/\\\/allasorias.hu\\\/hirek\\\/author\\\/admin-allasorias\\\/#author\"},\"image\":{\"@type\":\"ImageObject\",\"url\":\"https:\\\/\\\/allasorias.hu\\\/hirek\\\/wp-content\\\/uploads\\\/2019\\\/07\\\/zarva2.jpg\",\"@id\":\"https:\\\/\\\/allasorias.hu\\\/hirek\\\/vasarnapi-nyitva-tartas-dontsenek-a-boltuzemeltetok\\\/#mainImage\",\"width\":960,\"height\":640},\"primaryImageOfPage\":{\"@id\":\"https:\\\/\\\/allasorias.hu\\\/hirek\\\/vasarnapi-nyitva-tartas-dontsenek-a-boltuzemeltetok\\\/#mainImage\"},\"datePublished\":\"2019-07-04T07:20:40+02:00\",\"dateModified\":\"2019-07-04T07:20:40+02:00\"},{\"@type\":\"WebSite\",\"@id\":\"https:\\\/\\\/allasorias.hu\\\/hirek\\\/#website\",\"url\":\"https:\\\/\\\/allasorias.hu\\\/hirek\\\/\",\"name\":\"AllasOrias.hu | H\\u00edrek-lapszemle\",\"description\":\"\\u00dczleti h\\u00edrek az \\u00e1ll\\u00e1s \\u00e9s a munka vil\\u00e1g\\u00e1b\\u00f3l\",\"inLanguage\":\"hu-HU\",\"publisher\":{\"@id\":\"https:\\\/\\\/allasorias.hu\\\/hirek\\\/#organization\"}}]}\n\t\t<\/script>\n\t\t<!-- All in One SEO -->\n\n","aioseo_head_json":{"title":"Vas\u00e1rnapi nyitva tart\u00e1s: d\u00f6ntsenek a bolt\u00fczemeltet\u0151k | AllasOrias.hu | H\u00edrek-lapszemle","description":"ism\u00e9t t\u00e9ma a vas\u00e1rnapi nyitva tart\u00e1s. Sajt\u00f3h\u00edrek szerint t\u00e1rgyal\u00e1sok folynak az \u00e1ruh\u00e1zak \u00e9s a kereskedelmi szakszervezetek k\u00f6z\u00f6tt a vas\u00e1rnapi nyitvatart\u00e1sr\u00f3l. A Magyar Nemzet cikkei szerint n\u00e9h\u00e1ny \u00e9vvel a vas\u00e1rnapi boltz\u00e1r bevezet\u00e9se, majd elbuk\u00e1sa ut\u00e1n az\u00e9rt ker\u00fclt ism\u00e9t napirendre a vas\u00e1rnapi nyitvatart\u00e1s szab\u00e1lyoz\u00e1sa, mert nagyon fogy a munkaer\u0151k\u00edn\u00e1lat, egyre nehezebb elegend\u0151 munk\u00e1st m\u0171szakba k\u00fcldeni. A h\u00edrek","canonical_url":"https:\/\/allasorias.hu\/hirek\/vasarnapi-nyitva-tartas-dontsenek-a-boltuzemeltetok\/","robots":"max-image-preview:large","keywords":"","webmasterTools":{"miscellaneous":""},"schema":{"@context":"https:\/\/schema.org","@graph":[{"@type":"Article","@id":"https:\/\/allasorias.hu\/hirek\/vasarnapi-nyitva-tartas-dontsenek-a-boltuzemeltetok\/#article","name":"Vas\u00e1rnapi nyitva tart\u00e1s: d\u00f6ntsenek a bolt\u00fczemeltet\u0151k | AllasOrias.hu | H\u00edrek-lapszemle","headline":"Vas\u00e1rnapi nyitva tart\u00e1s: d\u00f6ntsenek a bolt\u00fczemeltet\u0151k","author":{"@id":"https:\/\/allasorias.hu\/hirek\/author\/admin-allasorias\/#author"},"publisher":{"@id":"https:\/\/allasorias.hu\/hirek\/#organization"},"image":{"@type":"ImageObject","url":"https:\/\/allasorias.hu\/hirek\/wp-content\/uploads\/2019\/07\/zarva2.jpg","width":960,"height":640},"datePublished":"2019-07-04T07:20:40+02:00","dateModified":"2019-07-04T07:20:40+02:00","inLanguage":"hu-HU","mainEntityOfPage":{"@id":"https:\/\/allasorias.hu\/hirek\/vasarnapi-nyitva-tartas-dontsenek-a-boltuzemeltetok\/#webpage"},"isPartOf":{"@id":"https:\/\/allasorias.hu\/hirek\/vasarnapi-nyitva-tartas-dontsenek-a-boltuzemeltetok\/#webpage"},"articleSection":"Gazdas\u00e1g"},{"@type":"BreadcrumbList","@id":"https:\/\/allasorias.hu\/hirek\/vasarnapi-nyitva-tartas-dontsenek-a-boltuzemeltetok\/#breadcrumblist","itemListElement":[{"@type":"ListItem","@id":"https:\/\/allasorias.hu\/hirek#listItem","position":1,"name":"Home","item":"https:\/\/allasorias.hu\/hirek","nextItem":{"@type":"ListItem","@id":"https:\/\/allasorias.hu\/hirek\/temak\/gazdasag\/#listItem","name":"Gazdas\u00e1g"}},{"@type":"ListItem","@id":"https:\/\/allasorias.hu\/hirek\/temak\/gazdasag\/#listItem","position":2,"name":"Gazdas\u00e1g","item":"https:\/\/allasorias.hu\/hirek\/temak\/gazdasag\/","nextItem":{"@type":"ListItem","@id":"https:\/\/allasorias.hu\/hirek\/vasarnapi-nyitva-tartas-dontsenek-a-boltuzemeltetok\/#listItem","name":"Vas\u00e1rnapi nyitva tart\u00e1s: d\u00f6ntsenek a bolt\u00fczemeltet\u0151k"},"previousItem":{"@type":"ListItem","@id":"https:\/\/allasorias.hu\/hirek#listItem","name":"Home"}},{"@type":"ListItem","@id":"https:\/\/allasorias.hu\/hirek\/vasarnapi-nyitva-tartas-dontsenek-a-boltuzemeltetok\/#listItem","position":3,"name":"Vas\u00e1rnapi nyitva tart\u00e1s: d\u00f6ntsenek a bolt\u00fczemeltet\u0151k","previousItem":{"@type":"ListItem","@id":"https:\/\/allasorias.hu\/hirek\/temak\/gazdasag\/#listItem","name":"Gazdas\u00e1g"}}]},{"@type":"Organization","@id":"https:\/\/allasorias.hu\/hirek\/#organization","name":"AllasOrias.hu | H\u00edrek-lapszemle","description":"\u00dczleti h\u00edrek az \u00e1ll\u00e1s \u00e9s a munka vil\u00e1g\u00e1b\u00f3l","url":"https:\/\/allasorias.hu\/hirek\/","logo":{"@type":"ImageObject","url":"https:\/\/allasorias.hu\/hirek\/wp-content\/uploads\/2022\/10\/allasorias_site_facebok_logo.png","@id":"https:\/\/allasorias.hu\/hirek\/vasarnapi-nyitva-tartas-dontsenek-a-boltuzemeltetok\/#organizationLogo"},"image":{"@id":"https:\/\/allasorias.hu\/hirek\/vasarnapi-nyitva-tartas-dontsenek-a-boltuzemeltetok\/#organizationLogo"},"sameAs":["https:\/\/www.facebook.com\/allasorias","https:\/\/www.linkedin.com\/company\/allasorias"]},{"@type":"Person","@id":"https:\/\/allasorias.hu\/hirek\/author\/admin-allasorias\/#author","url":"https:\/\/allasorias.hu\/hirek\/author\/admin-allasorias\/","name":"Juh\u00e1sz P\u00e9ter","image":{"@type":"ImageObject","@id":"https:\/\/allasorias.hu\/hirek\/vasarnapi-nyitva-tartas-dontsenek-a-boltuzemeltetok\/#authorImage","url":"https:\/\/secure.gravatar.com\/avatar\/36e6bcb83148978b992977cb0f54d22feb0cce8a0a849a9410532bb2623ba4c6?s=96&d=mm&r=g","width":96,"height":96,"caption":"Juh\u00e1sz P\u00e9ter"}},{"@type":"WebPage","@id":"https:\/\/allasorias.hu\/hirek\/vasarnapi-nyitva-tartas-dontsenek-a-boltuzemeltetok\/#webpage","url":"https:\/\/allasorias.hu\/hirek\/vasarnapi-nyitva-tartas-dontsenek-a-boltuzemeltetok\/","name":"Vas\u00e1rnapi nyitva tart\u00e1s: d\u00f6ntsenek a bolt\u00fczemeltet\u0151k | AllasOrias.hu | H\u00edrek-lapszemle","description":"ism\u00e9t t\u00e9ma a vas\u00e1rnapi nyitva tart\u00e1s. Sajt\u00f3h\u00edrek szerint t\u00e1rgyal\u00e1sok folynak az \u00e1ruh\u00e1zak \u00e9s a kereskedelmi szakszervezetek k\u00f6z\u00f6tt a vas\u00e1rnapi nyitvatart\u00e1sr\u00f3l. A Magyar Nemzet cikkei szerint n\u00e9h\u00e1ny \u00e9vvel a vas\u00e1rnapi boltz\u00e1r bevezet\u00e9se, majd elbuk\u00e1sa ut\u00e1n az\u00e9rt ker\u00fclt ism\u00e9t napirendre a vas\u00e1rnapi nyitvatart\u00e1s szab\u00e1lyoz\u00e1sa, mert nagyon fogy a munkaer\u0151k\u00edn\u00e1lat, egyre nehezebb elegend\u0151 munk\u00e1st m\u0171szakba k\u00fcldeni. A h\u00edrek","inLanguage":"hu-HU","isPartOf":{"@id":"https:\/\/allasorias.hu\/hirek\/#website"},"breadcrumb":{"@id":"https:\/\/allasorias.hu\/hirek\/vasarnapi-nyitva-tartas-dontsenek-a-boltuzemeltetok\/#breadcrumblist"},"author":{"@id":"https:\/\/allasorias.hu\/hirek\/author\/admin-allasorias\/#author"},"creator":{"@id":"https:\/\/allasorias.hu\/hirek\/author\/admin-allasorias\/#author"},"image":{"@type":"ImageObject","url":"https:\/\/allasorias.hu\/hirek\/wp-content\/uploads\/2019\/07\/zarva2.jpg","@id":"https:\/\/allasorias.hu\/hirek\/vasarnapi-nyitva-tartas-dontsenek-a-boltuzemeltetok\/#mainImage","width":960,"height":640},"primaryImageOfPage":{"@id":"https:\/\/allasorias.hu\/hirek\/vasarnapi-nyitva-tartas-dontsenek-a-boltuzemeltetok\/#mainImage"},"datePublished":"2019-07-04T07:20:40+02:00","dateModified":"2019-07-04T07:20:40+02:00"},{"@type":"WebSite","@id":"https:\/\/allasorias.hu\/hirek\/#website","url":"https:\/\/allasorias.hu\/hirek\/","name":"AllasOrias.hu | H\u00edrek-lapszemle","description":"\u00dczleti h\u00edrek az \u00e1ll\u00e1s \u00e9s a munka vil\u00e1g\u00e1b\u00f3l","inLanguage":"hu-HU","publisher":{"@id":"https:\/\/allasorias.hu\/hirek\/#organization"}}]},"og:locale":"hu_HU","og:site_name":"AllasOrias.hu | H\u00edrek-lapszemle | \u00dczleti h\u00edrek az \u00e1ll\u00e1s \u00e9s a munka vil\u00e1g\u00e1b\u00f3l","og:type":"article","og:title":"Vas\u00e1rnapi nyitva tart\u00e1s: d\u00f6ntsenek a bolt\u00fczemeltet\u0151k | AllasOrias.hu | H\u00edrek-lapszemle","og:description":"ism\u00e9t t\u00e9ma a vas\u00e1rnapi nyitva tart\u00e1s. Sajt\u00f3h\u00edrek szerint t\u00e1rgyal\u00e1sok folynak az \u00e1ruh\u00e1zak \u00e9s a kereskedelmi szakszervezetek k\u00f6z\u00f6tt a vas\u00e1rnapi nyitvatart\u00e1sr\u00f3l. A Magyar Nemzet cikkei szerint n\u00e9h\u00e1ny \u00e9vvel a vas\u00e1rnapi boltz\u00e1r bevezet\u00e9se, majd elbuk\u00e1sa ut\u00e1n az\u00e9rt ker\u00fclt ism\u00e9t napirendre a vas\u00e1rnapi nyitvatart\u00e1s szab\u00e1lyoz\u00e1sa, mert nagyon fogy a munkaer\u0151k\u00edn\u00e1lat, egyre nehezebb elegend\u0151 munk\u00e1st m\u0171szakba k\u00fcldeni. A h\u00edrek","og:url":"https:\/\/allasorias.hu\/hirek\/vasarnapi-nyitva-tartas-dontsenek-a-boltuzemeltetok\/","og:image":"https:\/\/allasorias.hu\/hirek\/wp-content\/uploads\/2019\/07\/zarva2.jpg","og:image:secure_url":"https:\/\/allasorias.hu\/hirek\/wp-content\/uploads\/2019\/07\/zarva2.jpg","og:image:width":960,"og:image:height":640,"article:published_time":"2019-07-04T07:20:40+00:00","article:modified_time":"2019-07-04T07:20:40+00:00","article:publisher":"https:\/\/www.facebook.com\/allasorias","twitter:card":"summary_large_image","twitter:title":"Vas\u00e1rnapi nyitva tart\u00e1s: d\u00f6ntsenek a bolt\u00fczemeltet\u0151k | AllasOrias.hu | H\u00edrek-lapszemle","twitter:description":"ism\u00e9t t\u00e9ma a vas\u00e1rnapi nyitva tart\u00e1s. Sajt\u00f3h\u00edrek szerint t\u00e1rgyal\u00e1sok folynak az \u00e1ruh\u00e1zak \u00e9s a kereskedelmi szakszervezetek k\u00f6z\u00f6tt a vas\u00e1rnapi nyitvatart\u00e1sr\u00f3l. A Magyar Nemzet cikkei szerint n\u00e9h\u00e1ny \u00e9vvel a vas\u00e1rnapi boltz\u00e1r bevezet\u00e9se, majd elbuk\u00e1sa ut\u00e1n az\u00e9rt ker\u00fclt ism\u00e9t napirendre a vas\u00e1rnapi nyitvatart\u00e1s szab\u00e1lyoz\u00e1sa, mert nagyon fogy a munkaer\u0151k\u00edn\u00e1lat, egyre nehezebb elegend\u0151 munk\u00e1st m\u0171szakba k\u00fcldeni. A h\u00edrek","twitter:image":"https:\/\/allasorias.hu\/hirek\/wp-content\/uploads\/2019\/07\/zarva2.jpg","twitter:label1":"Written by","twitter:data1":"Juh\u00e1sz P\u00e9ter","twitter:label2":"Est. reading time","twitter:data2":"1 minute"},"aioseo_meta_data":{"post_id":"3068","title":null,"description":null,"keywords":null,"keyphrases":null,"primary_term":null,"canonical_url":null,"og_title":null,"og_description":null,"og_object_type":"default","og_image_type":"default","og_image_url":null,"og_image_width":null,"og_image_height":null,"og_image_custom_url":null,"og_image_custom_fields":null,"og_video":null,"og_custom_url":null,"og_article_section":null,"og_article_tags":null,"twitter_use_og":false,"twitter_card":"default","twitter_image_type":"default","twitter_image_url":null,"twitter_image_custom_url":null,"twitter_image_custom_fields":null,"twitter_title":null,"twitter_description":null,"schema":{"blockGraphs":[],"customGraphs":[],"default":{"data":{"Article":[],"Course":[],"Dataset":[],"FAQPage":[],"Movie":[],"Person":[],"Product":[],"ProductReview":[],"Car":[],"Recipe":[],"Service":[],"SoftwareApplication":[],"WebPage":[]},"graphName":"","isEnabled":true},"graphs":[],"defaultGraph":"","defaultPostTypeGraph":""},"schema_type":null,"schema_type_options":null,"pillar_content":false,"robots_default":true,"robots_noindex":false,"robots_noarchive":false,"robots_nosnippet":false,"robots_nofollow":false,"robots_noimageindex":false,"robots_noodp":false,"robots_notranslate":false,"robots_max_snippet":null,"robots_max_videopreview":null,"robots_max_imagepreview":"large","priority":null,"frequency":null,"location":null,"local_seo":null,"breadcrumb_settings":null,"limit_modified_date":false,"ai":null,"created":"2021-02-01 21:31:47","updated":"2025-10-02 11:33:31","seo_analyzer_scan_date":null,"focus_keyword":null,"additional_keywords":null,"truseo_locale":null},"aioseo_breadcrumb":"<div class=\"aioseo-breadcrumbs\"><span class=\"aioseo-breadcrumb\">\n\t\t\t<a href=\"https:\/\/allasorias.hu\/hirek\" title=\"Home\">Home<\/a>\n\t\t<\/span><span class=\"aioseo-breadcrumb-separator\">&raquo;<\/span><span class=\"aioseo-breadcrumb\">\n\t\t\t<a href=\"https:\/\/allasorias.hu\/hirek\/temak\/gazdasag\/\" title=\"Gazdas\u00e1g\">Gazdas\u00e1g<\/a>\n\t\t<\/span><span class=\"aioseo-breadcrumb-separator\">&raquo;<\/span><span class=\"aioseo-breadcrumb\">\n\t\t\tVas\u00e1rnapi nyitva tart\u00e1s: d\u00f6ntsenek a bolt\u00fczemeltet\u0151k\n\t\t<\/span><\/div>","aioseo_breadcrumb_json":[{"label":"Home","link":"https:\/\/allasorias.hu\/hirek"},{"label":"Gazdas\u00e1g","link":"https:\/\/allasorias.hu\/hirek\/temak\/gazdasag\/"},{"label":"Vas\u00e1rnapi nyitva tart\u00e1s: d\u00f6ntsenek a bolt\u00fczemeltet\u0151k","link":"https:\/\/allasorias.hu\/hirek\/vasarnapi-nyitva-tartas-dontsenek-a-boltuzemeltetok\/"}],"_links":{"self":[{"href":"https:\/\/allasorias.hu\/hirek\/wp-json\/wp\/v2\/posts\/3068","targetHints":{"allow":["GET"]}}],"collection":[{"href":"https:\/\/allasorias.hu\/hirek\/wp-json\/wp\/v2\/posts"}],"about":[{"href":"https:\/\/allasorias.hu\/hirek\/wp-json\/wp\/v2\/types\/post"}],"author":[{"embeddable":true,"href":"https:\/\/allasorias.hu\/hirek\/wp-json\/wp\/v2\/users\/1"}],"replies":[{"embeddable":true,"href":"https:\/\/allasorias.hu\/hirek\/wp-json\/wp\/v2\/comments?post=3068"}],"version-history":[{"count":1,"href":"https:\/\/allasorias.hu\/hirek\/wp-json\/wp\/v2\/posts\/3068\/revisions"}],"predecessor-version":[{"id":3070,"href":"https:\/\/allasorias.hu\/hirek\/wp-json\/wp\/v2\/posts\/3068\/revisions\/3070"}],"wp:featuredmedia":[{"embeddable":true,"href":"https:\/\/allasorias.hu\/hirek\/wp-json\/wp\/v2\/media\/3069"}],"wp:attachment":[{"href":"https:\/\/allasorias.hu\/hirek\/wp-json\/wp\/v2\/media?parent=3068"}],"wp:term":[{"taxonomy":"category","embeddable":true,"href":"https:\/\/allasorias.hu\/hirek\/wp-json\/wp\/v2\/categories?post=3068"},{"taxonomy":"post_tag","embeddable":true,"href":"https:\/\/allasorias.hu\/hirek\/wp-json\/wp\/v2\/tags?post=3068"}],"curies":[{"name":"wp","href":"https:\/\/api.w.org\/{rel}","templated":true}]}}