{"id":3065,"date":"2019-07-04T07:21:30","date_gmt":"2019-07-04T07:21:30","guid":{"rendered":"https:\/\/allasorias.hu\/hirek\/?p=3065"},"modified":"2019-07-04T07:36:25","modified_gmt":"2019-07-04T07:36:25","slug":"osszefogasban-a-megoldas-a-munkaeropiacon","status":"publish","type":"post","link":"https:\/\/allasorias.hu\/hirek\/osszefogasban-a-megoldas-a-munkaeropiacon\/","title":{"rendered":"\u00d6sszefog\u00e1sban a megold\u00e1s a munkaer\u0151piacon"},"content":{"rendered":"<p><strong>Hogy milyen v\u00e1laszokat lehet adni a munkaer\u0151piaci kih\u00edv\u00e1sokra, ez komolyan foglalkoztatja a szakembereket. Mint megfogalmazz\u00e1k: a korm\u00e1ny, a munkav\u00e1llal\u00f3k \u00e9s a munkaad\u00f3k egy\u00fctt tal\u00e1lhatj\u00e1k meg a megold\u00e1st. A Nemzetk\u00f6zi Munka\u00fcgyi Szervezet (ILO) l\u00e9trehoz\u00e1s\u00e1nak sz\u00e1zadik \u00e9vfordul\u00f3ja alkalm\u00e1b\u00f3l rendezett konferenci\u00e1n kider\u00fclt: a munka vil\u00e1g\u00e1nak technol\u00f3giai \u00e1talakul\u00e1sa, a mesters\u00e9ges intelligencia, az \u00adautomatiz\u00e1ci\u00f3, a robotiz\u00e1ci\u00f3 \u00e9s a digitaliz\u00e1ci\u00f3 egyfel\u0151l vesz\u00e9lyekkel j\u00e1r, mivel munkahelyek, hagyom\u00e1nyos munkak\u00f6r\u00f6k sz\u0171nnek meg.<\/strong><\/p>\n<p>Ugyanakkor lehet\u0151s\u00e9get is jelent, mivel \u00faj munkak\u00f6r\u00f6kh\u00f6z, feladatt\u00edpusokhoz kell alkalmazkodniuk a dolgoz\u00f3knak. Az \u00faj technol\u00f3gi\u00e1k egyre nagyobb t\u00e9rnyer\u00e9se mellett fontos szerepe lesz a kl\u00edmav\u00e1ltoz\u00e1s hat\u00e1sainak enyh\u00edt\u00e9s\u00e9re az \u00fagynevezett z\u00f6ldgazdas\u00e1g er\u0151s\u00edt\u00e9s\u00e9nek, tov\u00e1bb\u00e1 a n\u00f6vekv\u0151 demogr\u00e1fiai probl\u00e9m\u00e1knak. Ut\u00f3bbi a munkaer\u0151piac mellett a t\u00e1rsadalombiztos\u00edt\u00e1si rendszerekre is nagy nyom\u00e1st helyez. Vesz\u00e9lyek \u00e9s lehet\u0151s\u00e9gek. A munka\u00fcgyi szervezet \u00e1ll\u00e1spontja szerint a j\u00f6v\u0151 munk\u00e1j\u00e1nak elengedhetetlen eleme a munkav\u00e1llal\u00f3k m\u00e9lt\u00f3 munkak\u00f6r\u00fclm\u00e9nyeinek garant\u00e1l\u00e1sa. Idetartozik egyebek mellett a munkav\u00e1llal\u00f3k alapvet\u0151 jogainak garant\u00e1l\u00e1sa, a munkaid\u0151 korl\u00e1toz\u00e1sa, az eg\u00e9szs\u00e9g \u00e9s a testi \u00e9ps\u00e9g v\u00e9delme, a munkav\u00e1llal\u00f3k nagyobb auton\u00f3mi\u00e1j\u00e1nak biztos\u00edt\u00e1sa a munkav\u00e9gz\u00e9sben. Fontos a munka \u00e9s a szabadid\u0151 \u00f6sszehangol\u00e1s\u00e1nak el\u0151seg\u00edt\u00e9se, tov\u00e1bb\u00e1 a munkav\u00e1llal\u00f3i r\u00e9szv\u00e9tel, a szervezked\u00e9si szabads\u00e1g \u00e9s a kollekt\u00edv alku lehet\u0151s\u00e9g\u00e9nek garant\u00e1l\u00e1sa. Ezeket a szempontokat pedig a munkaszerz\u0151d\u00e9sben foglaltak sem \u00edrhatj\u00e1k fel\u00fcl. A technol\u00f3giai v\u00e1ltoz\u00e1soknak a szervezet szerint a munka emberi arc\u00e1t kell er\u0151s\u00edte\u00adni\u00fck, a v\u00e9gs\u0151 d\u00f6nt\u00e9st mindig az embernek kell meghoznia, s nem a mesters\u00e9ges intelligenci\u00e1nak. A Munk\u00e1stan\u00e1csok \u00f6sszegz\u0151 besz\u00e1mol\u00f3ja szerint a mintegy \u00f6tven orsz\u00e1g \u00e1llamf\u0151inek \u00e9s korm\u00e1nyf\u0151inek r\u00e9szv\u00e9tel\u00e9vel zajl\u00f3 konferenci\u00e1n centen\u00e1riumi deklar\u00e1ci\u00f3t fogadtak el, amely meger\u0151s\u00edti az ILO szerep\u00e9t \u00e9s kijel\u00f6li tev\u00e9kenys\u00e9g\u00e9nek f\u0151 ir\u00e1ny\u00e1t.<\/p>\n<p>Forr\u00e1s:magyarnemzet.hu<\/p>\n","protected":false},"excerpt":{"rendered":"<p>Hogy milyen v\u00e1laszokat lehet adni a munkaer\u0151piaci kih\u00edv\u00e1sokra, ez komolyan foglalkoztatja a szakembereket. Mint megfogalmazz\u00e1k: a korm\u00e1ny, a munkav\u00e1llal\u00f3k \u00e9s a munkaad\u00f3k egy\u00fctt tal\u00e1lhatj\u00e1k meg a megold\u00e1st. A Nemzetk\u00f6zi Munka\u00fcgyi Szervezet (ILO) l\u00e9trehoz\u00e1s\u00e1nak sz\u00e1zadik \u00e9vfordul\u00f3ja alkalm\u00e1b\u00f3l rendezett konferenci\u00e1n kider\u00fclt: a munka vil\u00e1g\u00e1nak technol\u00f3giai \u00e1talakul\u00e1sa, a mesters\u00e9ges intelligencia, az \u00adautomatiz\u00e1ci\u00f3, a robotiz\u00e1ci\u00f3 \u00e9s a digitaliz\u00e1ci\u00f3 egyfel\u0151l [&hellip;]<\/p>\n","protected":false},"author":1,"featured_media":3066,"comment_status":"open","ping_status":"open","sticky":false,"template":"","format":"standard","meta":{"_monsterinsights_skip_tracking":false,"footnotes":""},"categories":[198,200],"tags":[],"class_list":["post-3065","post","type-post","status-publish","format-standard","has-post-thumbnail","hentry","category-gazdasag","category-munkaeropiac"],"aioseo_notices":[],"aioseo_head":"\n\t\t<!-- All in One SEO 5.0.0.1 - aioseo.com -->\n\t<meta name=\"description\" content=\"Hogy milyen v\u00e1laszokat lehet adni a munkaer\u0151piaci kih\u00edv\u00e1sokra, ez komolyan foglalkoztatja a szakembereket. Mint megfogalmazz\u00e1k: a korm\u00e1ny, a munkav\u00e1llal\u00f3k \u00e9s a munkaad\u00f3k egy\u00fctt tal\u00e1lhatj\u00e1k meg a megold\u00e1st. A Nemzetk\u00f6zi Munka\u00fcgyi Szervezet (ILO) l\u00e9trehoz\u00e1s\u00e1nak sz\u00e1zadik \u00e9vfordul\u00f3ja alkalm\u00e1b\u00f3l rendezett konferenci\u00e1n kider\u00fclt: a munka vil\u00e1g\u00e1nak technol\u00f3giai \u00e1talakul\u00e1sa, a mesters\u00e9ges intelligencia, az \u00adautomatiz\u00e1ci\u00f3, a robotiz\u00e1ci\u00f3 \u00e9s a digitaliz\u00e1ci\u00f3 egyfel\u0151l\" \/>\n\t<meta name=\"robots\" content=\"max-image-preview:large\" \/>\n\t<meta name=\"author\" content=\"Juh\u00e1sz P\u00e9ter\"\/>\n\t<link rel=\"canonical\" href=\"https:\/\/allasorias.hu\/hirek\/osszefogasban-a-megoldas-a-munkaeropiacon\/\" \/>\n\t<meta name=\"generator\" content=\"All in One SEO (AIOSEO) 5.0.0.1\" \/>\n\t\t<meta property=\"og:locale\" content=\"hu_HU\" \/>\n\t\t<meta property=\"og:site_name\" content=\"AllasOrias.hu | H\u00edrek-lapszemle | \u00dczleti h\u00edrek az \u00e1ll\u00e1s \u00e9s a munka vil\u00e1g\u00e1b\u00f3l\" \/>\n\t\t<meta property=\"og:type\" content=\"article\" \/>\n\t\t<meta property=\"og:title\" content=\"\u00d6sszefog\u00e1sban a megold\u00e1s a munkaer\u0151piacon | AllasOrias.hu | H\u00edrek-lapszemle\" \/>\n\t\t<meta property=\"og:description\" content=\"Hogy milyen v\u00e1laszokat lehet adni a munkaer\u0151piaci kih\u00edv\u00e1sokra, ez komolyan foglalkoztatja a szakembereket. Mint megfogalmazz\u00e1k: a korm\u00e1ny, a munkav\u00e1llal\u00f3k \u00e9s a munkaad\u00f3k egy\u00fctt tal\u00e1lhatj\u00e1k meg a megold\u00e1st. A Nemzetk\u00f6zi Munka\u00fcgyi Szervezet (ILO) l\u00e9trehoz\u00e1s\u00e1nak sz\u00e1zadik \u00e9vfordul\u00f3ja alkalm\u00e1b\u00f3l rendezett konferenci\u00e1n kider\u00fclt: a munka vil\u00e1g\u00e1nak technol\u00f3giai \u00e1talakul\u00e1sa, a mesters\u00e9ges intelligencia, az \u00adautomatiz\u00e1ci\u00f3, a robotiz\u00e1ci\u00f3 \u00e9s a digitaliz\u00e1ci\u00f3 egyfel\u0151l\" \/>\n\t\t<meta property=\"og:url\" content=\"https:\/\/allasorias.hu\/hirek\/osszefogasban-a-megoldas-a-munkaeropiacon\/\" \/>\n\t\t<meta property=\"og:image\" content=\"https:\/\/allasorias.hu\/hirek\/wp-content\/uploads\/2019\/07\/about-us-collaboration-community-872955.jpg\" \/>\n\t\t<meta property=\"og:image:secure_url\" content=\"https:\/\/allasorias.hu\/hirek\/wp-content\/uploads\/2019\/07\/about-us-collaboration-community-872955.jpg\" \/>\n\t\t<meta property=\"og:image:width\" content=\"640\" \/>\n\t\t<meta property=\"og:image:height\" content=\"427\" \/>\n\t\t<meta property=\"article:published_time\" content=\"2019-07-04T07:21:30+00:00\" \/>\n\t\t<meta property=\"article:modified_time\" content=\"2019-07-04T07:36:25+00:00\" \/>\n\t\t<meta property=\"article:publisher\" content=\"https:\/\/www.facebook.com\/allasorias\" \/>\n\t\t<meta name=\"twitter:card\" content=\"summary_large_image\" \/>\n\t\t<meta name=\"twitter:title\" content=\"\u00d6sszefog\u00e1sban a megold\u00e1s a munkaer\u0151piacon | AllasOrias.hu | H\u00edrek-lapszemle\" \/>\n\t\t<meta name=\"twitter:description\" content=\"Hogy milyen v\u00e1laszokat lehet adni a munkaer\u0151piaci kih\u00edv\u00e1sokra, ez komolyan foglalkoztatja a szakembereket. Mint megfogalmazz\u00e1k: a korm\u00e1ny, a munkav\u00e1llal\u00f3k \u00e9s a munkaad\u00f3k egy\u00fctt tal\u00e1lhatj\u00e1k meg a megold\u00e1st. A Nemzetk\u00f6zi Munka\u00fcgyi Szervezet (ILO) l\u00e9trehoz\u00e1s\u00e1nak sz\u00e1zadik \u00e9vfordul\u00f3ja alkalm\u00e1b\u00f3l rendezett konferenci\u00e1n kider\u00fclt: a munka vil\u00e1g\u00e1nak technol\u00f3giai \u00e1talakul\u00e1sa, a mesters\u00e9ges intelligencia, az \u00adautomatiz\u00e1ci\u00f3, a robotiz\u00e1ci\u00f3 \u00e9s a digitaliz\u00e1ci\u00f3 egyfel\u0151l\" \/>\n\t\t<meta name=\"twitter:image\" content=\"https:\/\/allasorias.hu\/hirek\/wp-content\/uploads\/2019\/07\/about-us-collaboration-community-872955.jpg\" \/>\n\t\t<meta name=\"twitter:label1\" content=\"Written by\" \/>\n\t\t<meta name=\"twitter:data1\" content=\"Juh\u00e1sz P\u00e9ter\" \/>\n\t\t<meta name=\"twitter:label2\" content=\"Est. reading time\" \/>\n\t\t<meta name=\"twitter:data2\" content=\"2 minutes\" \/>\n\t\t<script type=\"application\/ld+json\" class=\"aioseo-schema\">\n\t\t\t{\"@context\":\"https:\\\/\\\/schema.org\",\"@graph\":[{\"@type\":\"Article\",\"@id\":\"https:\\\/\\\/allasorias.hu\\\/hirek\\\/osszefogasban-a-megoldas-a-munkaeropiacon\\\/#article\",\"name\":\"\\u00d6sszefog\\u00e1sban a megold\\u00e1s a munkaer\\u0151piacon | AllasOrias.hu | H\\u00edrek-lapszemle\",\"headline\":\"\\u00d6sszefog\\u00e1sban a megold\\u00e1s a munkaer\\u0151piacon\",\"author\":{\"@id\":\"https:\\\/\\\/allasorias.hu\\\/hirek\\\/author\\\/admin-allasorias\\\/#author\"},\"publisher\":{\"@id\":\"https:\\\/\\\/allasorias.hu\\\/hirek\\\/#organization\"},\"image\":{\"@type\":\"ImageObject\",\"url\":\"https:\\\/\\\/allasorias.hu\\\/hirek\\\/wp-content\\\/uploads\\\/2019\\\/07\\\/about-us-collaboration-community-872955.jpg\",\"width\":640,\"height\":427},\"datePublished\":\"2019-07-04T07:21:30+02:00\",\"dateModified\":\"2019-07-04T07:36:25+02:00\",\"inLanguage\":\"hu-HU\",\"mainEntityOfPage\":{\"@id\":\"https:\\\/\\\/allasorias.hu\\\/hirek\\\/osszefogasban-a-megoldas-a-munkaeropiacon\\\/#webpage\"},\"isPartOf\":{\"@id\":\"https:\\\/\\\/allasorias.hu\\\/hirek\\\/osszefogasban-a-megoldas-a-munkaeropiacon\\\/#webpage\"},\"articleSection\":\"Gazdas\\u00e1g, Munkaer\\u0151piac\"},{\"@type\":\"BreadcrumbList\",\"@id\":\"https:\\\/\\\/allasorias.hu\\\/hirek\\\/osszefogasban-a-megoldas-a-munkaeropiacon\\\/#breadcrumblist\",\"itemListElement\":[{\"@type\":\"ListItem\",\"@id\":\"https:\\\/\\\/allasorias.hu\\\/hirek#listItem\",\"position\":1,\"name\":\"Home\",\"item\":\"https:\\\/\\\/allasorias.hu\\\/hirek\",\"nextItem\":{\"@type\":\"ListItem\",\"@id\":\"https:\\\/\\\/allasorias.hu\\\/hirek\\\/temak\\\/gazdasag\\\/#listItem\",\"name\":\"Gazdas\\u00e1g\"}},{\"@type\":\"ListItem\",\"@id\":\"https:\\\/\\\/allasorias.hu\\\/hirek\\\/temak\\\/gazdasag\\\/#listItem\",\"position\":2,\"name\":\"Gazdas\\u00e1g\",\"item\":\"https:\\\/\\\/allasorias.hu\\\/hirek\\\/temak\\\/gazdasag\\\/\",\"nextItem\":{\"@type\":\"ListItem\",\"@id\":\"https:\\\/\\\/allasorias.hu\\\/hirek\\\/osszefogasban-a-megoldas-a-munkaeropiacon\\\/#listItem\",\"name\":\"\\u00d6sszefog\\u00e1sban a megold\\u00e1s a munkaer\\u0151piacon\"},\"previousItem\":{\"@type\":\"ListItem\",\"@id\":\"https:\\\/\\\/allasorias.hu\\\/hirek#listItem\",\"name\":\"Home\"}},{\"@type\":\"ListItem\",\"@id\":\"https:\\\/\\\/allasorias.hu\\\/hirek\\\/osszefogasban-a-megoldas-a-munkaeropiacon\\\/#listItem\",\"position\":3,\"name\":\"\\u00d6sszefog\\u00e1sban a megold\\u00e1s a munkaer\\u0151piacon\",\"previousItem\":{\"@type\":\"ListItem\",\"@id\":\"https:\\\/\\\/allasorias.hu\\\/hirek\\\/temak\\\/gazdasag\\\/#listItem\",\"name\":\"Gazdas\\u00e1g\"}}]},{\"@type\":\"Organization\",\"@id\":\"https:\\\/\\\/allasorias.hu\\\/hirek\\\/#organization\",\"name\":\"AllasOrias.hu | H\\u00edrek-lapszemle\",\"description\":\"\\u00dczleti h\\u00edrek az \\u00e1ll\\u00e1s \\u00e9s a munka vil\\u00e1g\\u00e1b\\u00f3l\",\"url\":\"https:\\\/\\\/allasorias.hu\\\/hirek\\\/\",\"logo\":{\"@type\":\"ImageObject\",\"url\":\"https:\\\/\\\/allasorias.hu\\\/hirek\\\/wp-content\\\/uploads\\\/2022\\\/10\\\/allasorias_site_facebok_logo.png\",\"@id\":\"https:\\\/\\\/allasorias.hu\\\/hirek\\\/osszefogasban-a-megoldas-a-munkaeropiacon\\\/#organizationLogo\"},\"image\":{\"@id\":\"https:\\\/\\\/allasorias.hu\\\/hirek\\\/osszefogasban-a-megoldas-a-munkaeropiacon\\\/#organizationLogo\"},\"sameAs\":[\"https:\\\/\\\/www.facebook.com\\\/allasorias\",\"https:\\\/\\\/www.linkedin.com\\\/company\\\/allasorias\"]},{\"@type\":\"Person\",\"@id\":\"https:\\\/\\\/allasorias.hu\\\/hirek\\\/author\\\/admin-allasorias\\\/#author\",\"url\":\"https:\\\/\\\/allasorias.hu\\\/hirek\\\/author\\\/admin-allasorias\\\/\",\"name\":\"Juh\\u00e1sz P\\u00e9ter\",\"image\":{\"@type\":\"ImageObject\",\"@id\":\"https:\\\/\\\/allasorias.hu\\\/hirek\\\/osszefogasban-a-megoldas-a-munkaeropiacon\\\/#authorImage\",\"url\":\"https:\\\/\\\/secure.gravatar.com\\\/avatar\\\/36e6bcb83148978b992977cb0f54d22feb0cce8a0a849a9410532bb2623ba4c6?s=96&d=mm&r=g\",\"width\":96,\"height\":96,\"caption\":\"Juh\\u00e1sz P\\u00e9ter\"}},{\"@type\":\"WebPage\",\"@id\":\"https:\\\/\\\/allasorias.hu\\\/hirek\\\/osszefogasban-a-megoldas-a-munkaeropiacon\\\/#webpage\",\"url\":\"https:\\\/\\\/allasorias.hu\\\/hirek\\\/osszefogasban-a-megoldas-a-munkaeropiacon\\\/\",\"name\":\"\\u00d6sszefog\\u00e1sban a megold\\u00e1s a munkaer\\u0151piacon | AllasOrias.hu | H\\u00edrek-lapszemle\",\"description\":\"Hogy milyen v\\u00e1laszokat lehet adni a munkaer\\u0151piaci kih\\u00edv\\u00e1sokra, ez komolyan foglalkoztatja a szakembereket. Mint megfogalmazz\\u00e1k: a korm\\u00e1ny, a munkav\\u00e1llal\\u00f3k \\u00e9s a munkaad\\u00f3k egy\\u00fctt tal\\u00e1lhatj\\u00e1k meg a megold\\u00e1st. A Nemzetk\\u00f6zi Munka\\u00fcgyi Szervezet (ILO) l\\u00e9trehoz\\u00e1s\\u00e1nak sz\\u00e1zadik \\u00e9vfordul\\u00f3ja alkalm\\u00e1b\\u00f3l rendezett konferenci\\u00e1n kider\\u00fclt: a munka vil\\u00e1g\\u00e1nak technol\\u00f3giai \\u00e1talakul\\u00e1sa, a mesters\\u00e9ges intelligencia, az \\u00adautomatiz\\u00e1ci\\u00f3, a robotiz\\u00e1ci\\u00f3 \\u00e9s a digitaliz\\u00e1ci\\u00f3 egyfel\\u0151l\",\"inLanguage\":\"hu-HU\",\"isPartOf\":{\"@id\":\"https:\\\/\\\/allasorias.hu\\\/hirek\\\/#website\"},\"breadcrumb\":{\"@id\":\"https:\\\/\\\/allasorias.hu\\\/hirek\\\/osszefogasban-a-megoldas-a-munkaeropiacon\\\/#breadcrumblist\"},\"author\":{\"@id\":\"https:\\\/\\\/allasorias.hu\\\/hirek\\\/author\\\/admin-allasorias\\\/#author\"},\"creator\":{\"@id\":\"https:\\\/\\\/allasorias.hu\\\/hirek\\\/author\\\/admin-allasorias\\\/#author\"},\"image\":{\"@type\":\"ImageObject\",\"url\":\"https:\\\/\\\/allasorias.hu\\\/hirek\\\/wp-content\\\/uploads\\\/2019\\\/07\\\/about-us-collaboration-community-872955.jpg\",\"@id\":\"https:\\\/\\\/allasorias.hu\\\/hirek\\\/osszefogasban-a-megoldas-a-munkaeropiacon\\\/#mainImage\",\"width\":640,\"height\":427},\"primaryImageOfPage\":{\"@id\":\"https:\\\/\\\/allasorias.hu\\\/hirek\\\/osszefogasban-a-megoldas-a-munkaeropiacon\\\/#mainImage\"},\"datePublished\":\"2019-07-04T07:21:30+02:00\",\"dateModified\":\"2019-07-04T07:36:25+02:00\"},{\"@type\":\"WebSite\",\"@id\":\"https:\\\/\\\/allasorias.hu\\\/hirek\\\/#website\",\"url\":\"https:\\\/\\\/allasorias.hu\\\/hirek\\\/\",\"name\":\"AllasOrias.hu | H\\u00edrek-lapszemle\",\"description\":\"\\u00dczleti h\\u00edrek az \\u00e1ll\\u00e1s \\u00e9s a munka vil\\u00e1g\\u00e1b\\u00f3l\",\"inLanguage\":\"hu-HU\",\"publisher\":{\"@id\":\"https:\\\/\\\/allasorias.hu\\\/hirek\\\/#organization\"}}]}\n\t\t<\/script>\n\t\t<!-- All in One SEO -->\n\n","aioseo_head_json":{"title":"\u00d6sszefog\u00e1sban a megold\u00e1s a munkaer\u0151piacon | AllasOrias.hu | H\u00edrek-lapszemle","description":"Hogy milyen v\u00e1laszokat lehet adni a munkaer\u0151piaci kih\u00edv\u00e1sokra, ez komolyan foglalkoztatja a szakembereket. Mint megfogalmazz\u00e1k: a korm\u00e1ny, a munkav\u00e1llal\u00f3k \u00e9s a munkaad\u00f3k egy\u00fctt tal\u00e1lhatj\u00e1k meg a megold\u00e1st. A Nemzetk\u00f6zi Munka\u00fcgyi Szervezet (ILO) l\u00e9trehoz\u00e1s\u00e1nak sz\u00e1zadik \u00e9vfordul\u00f3ja alkalm\u00e1b\u00f3l rendezett konferenci\u00e1n kider\u00fclt: a munka vil\u00e1g\u00e1nak technol\u00f3giai \u00e1talakul\u00e1sa, a mesters\u00e9ges intelligencia, az \u00adautomatiz\u00e1ci\u00f3, a robotiz\u00e1ci\u00f3 \u00e9s a digitaliz\u00e1ci\u00f3 egyfel\u0151l","canonical_url":"https:\/\/allasorias.hu\/hirek\/osszefogasban-a-megoldas-a-munkaeropiacon\/","robots":"max-image-preview:large","keywords":"","webmasterTools":{"miscellaneous":""},"schema":{"@context":"https:\/\/schema.org","@graph":[{"@type":"Article","@id":"https:\/\/allasorias.hu\/hirek\/osszefogasban-a-megoldas-a-munkaeropiacon\/#article","name":"\u00d6sszefog\u00e1sban a megold\u00e1s a munkaer\u0151piacon | AllasOrias.hu | H\u00edrek-lapszemle","headline":"\u00d6sszefog\u00e1sban a megold\u00e1s a munkaer\u0151piacon","author":{"@id":"https:\/\/allasorias.hu\/hirek\/author\/admin-allasorias\/#author"},"publisher":{"@id":"https:\/\/allasorias.hu\/hirek\/#organization"},"image":{"@type":"ImageObject","url":"https:\/\/allasorias.hu\/hirek\/wp-content\/uploads\/2019\/07\/about-us-collaboration-community-872955.jpg","width":640,"height":427},"datePublished":"2019-07-04T07:21:30+02:00","dateModified":"2019-07-04T07:36:25+02:00","inLanguage":"hu-HU","mainEntityOfPage":{"@id":"https:\/\/allasorias.hu\/hirek\/osszefogasban-a-megoldas-a-munkaeropiacon\/#webpage"},"isPartOf":{"@id":"https:\/\/allasorias.hu\/hirek\/osszefogasban-a-megoldas-a-munkaeropiacon\/#webpage"},"articleSection":"Gazdas\u00e1g, Munkaer\u0151piac"},{"@type":"BreadcrumbList","@id":"https:\/\/allasorias.hu\/hirek\/osszefogasban-a-megoldas-a-munkaeropiacon\/#breadcrumblist","itemListElement":[{"@type":"ListItem","@id":"https:\/\/allasorias.hu\/hirek#listItem","position":1,"name":"Home","item":"https:\/\/allasorias.hu\/hirek","nextItem":{"@type":"ListItem","@id":"https:\/\/allasorias.hu\/hirek\/temak\/gazdasag\/#listItem","name":"Gazdas\u00e1g"}},{"@type":"ListItem","@id":"https:\/\/allasorias.hu\/hirek\/temak\/gazdasag\/#listItem","position":2,"name":"Gazdas\u00e1g","item":"https:\/\/allasorias.hu\/hirek\/temak\/gazdasag\/","nextItem":{"@type":"ListItem","@id":"https:\/\/allasorias.hu\/hirek\/osszefogasban-a-megoldas-a-munkaeropiacon\/#listItem","name":"\u00d6sszefog\u00e1sban a megold\u00e1s a munkaer\u0151piacon"},"previousItem":{"@type":"ListItem","@id":"https:\/\/allasorias.hu\/hirek#listItem","name":"Home"}},{"@type":"ListItem","@id":"https:\/\/allasorias.hu\/hirek\/osszefogasban-a-megoldas-a-munkaeropiacon\/#listItem","position":3,"name":"\u00d6sszefog\u00e1sban a megold\u00e1s a munkaer\u0151piacon","previousItem":{"@type":"ListItem","@id":"https:\/\/allasorias.hu\/hirek\/temak\/gazdasag\/#listItem","name":"Gazdas\u00e1g"}}]},{"@type":"Organization","@id":"https:\/\/allasorias.hu\/hirek\/#organization","name":"AllasOrias.hu | H\u00edrek-lapszemle","description":"\u00dczleti h\u00edrek az \u00e1ll\u00e1s \u00e9s a munka vil\u00e1g\u00e1b\u00f3l","url":"https:\/\/allasorias.hu\/hirek\/","logo":{"@type":"ImageObject","url":"https:\/\/allasorias.hu\/hirek\/wp-content\/uploads\/2022\/10\/allasorias_site_facebok_logo.png","@id":"https:\/\/allasorias.hu\/hirek\/osszefogasban-a-megoldas-a-munkaeropiacon\/#organizationLogo"},"image":{"@id":"https:\/\/allasorias.hu\/hirek\/osszefogasban-a-megoldas-a-munkaeropiacon\/#organizationLogo"},"sameAs":["https:\/\/www.facebook.com\/allasorias","https:\/\/www.linkedin.com\/company\/allasorias"]},{"@type":"Person","@id":"https:\/\/allasorias.hu\/hirek\/author\/admin-allasorias\/#author","url":"https:\/\/allasorias.hu\/hirek\/author\/admin-allasorias\/","name":"Juh\u00e1sz P\u00e9ter","image":{"@type":"ImageObject","@id":"https:\/\/allasorias.hu\/hirek\/osszefogasban-a-megoldas-a-munkaeropiacon\/#authorImage","url":"https:\/\/secure.gravatar.com\/avatar\/36e6bcb83148978b992977cb0f54d22feb0cce8a0a849a9410532bb2623ba4c6?s=96&d=mm&r=g","width":96,"height":96,"caption":"Juh\u00e1sz P\u00e9ter"}},{"@type":"WebPage","@id":"https:\/\/allasorias.hu\/hirek\/osszefogasban-a-megoldas-a-munkaeropiacon\/#webpage","url":"https:\/\/allasorias.hu\/hirek\/osszefogasban-a-megoldas-a-munkaeropiacon\/","name":"\u00d6sszefog\u00e1sban a megold\u00e1s a munkaer\u0151piacon | AllasOrias.hu | H\u00edrek-lapszemle","description":"Hogy milyen v\u00e1laszokat lehet adni a munkaer\u0151piaci kih\u00edv\u00e1sokra, ez komolyan foglalkoztatja a szakembereket. Mint megfogalmazz\u00e1k: a korm\u00e1ny, a munkav\u00e1llal\u00f3k \u00e9s a munkaad\u00f3k egy\u00fctt tal\u00e1lhatj\u00e1k meg a megold\u00e1st. A Nemzetk\u00f6zi Munka\u00fcgyi Szervezet (ILO) l\u00e9trehoz\u00e1s\u00e1nak sz\u00e1zadik \u00e9vfordul\u00f3ja alkalm\u00e1b\u00f3l rendezett konferenci\u00e1n kider\u00fclt: a munka vil\u00e1g\u00e1nak technol\u00f3giai \u00e1talakul\u00e1sa, a mesters\u00e9ges intelligencia, az \u00adautomatiz\u00e1ci\u00f3, a robotiz\u00e1ci\u00f3 \u00e9s a digitaliz\u00e1ci\u00f3 egyfel\u0151l","inLanguage":"hu-HU","isPartOf":{"@id":"https:\/\/allasorias.hu\/hirek\/#website"},"breadcrumb":{"@id":"https:\/\/allasorias.hu\/hirek\/osszefogasban-a-megoldas-a-munkaeropiacon\/#breadcrumblist"},"author":{"@id":"https:\/\/allasorias.hu\/hirek\/author\/admin-allasorias\/#author"},"creator":{"@id":"https:\/\/allasorias.hu\/hirek\/author\/admin-allasorias\/#author"},"image":{"@type":"ImageObject","url":"https:\/\/allasorias.hu\/hirek\/wp-content\/uploads\/2019\/07\/about-us-collaboration-community-872955.jpg","@id":"https:\/\/allasorias.hu\/hirek\/osszefogasban-a-megoldas-a-munkaeropiacon\/#mainImage","width":640,"height":427},"primaryImageOfPage":{"@id":"https:\/\/allasorias.hu\/hirek\/osszefogasban-a-megoldas-a-munkaeropiacon\/#mainImage"},"datePublished":"2019-07-04T07:21:30+02:00","dateModified":"2019-07-04T07:36:25+02:00"},{"@type":"WebSite","@id":"https:\/\/allasorias.hu\/hirek\/#website","url":"https:\/\/allasorias.hu\/hirek\/","name":"AllasOrias.hu | H\u00edrek-lapszemle","description":"\u00dczleti h\u00edrek az \u00e1ll\u00e1s \u00e9s a munka vil\u00e1g\u00e1b\u00f3l","inLanguage":"hu-HU","publisher":{"@id":"https:\/\/allasorias.hu\/hirek\/#organization"}}]},"og:locale":"hu_HU","og:site_name":"AllasOrias.hu | H\u00edrek-lapszemle | \u00dczleti h\u00edrek az \u00e1ll\u00e1s \u00e9s a munka vil\u00e1g\u00e1b\u00f3l","og:type":"article","og:title":"\u00d6sszefog\u00e1sban a megold\u00e1s a munkaer\u0151piacon | AllasOrias.hu | H\u00edrek-lapszemle","og:description":"Hogy milyen v\u00e1laszokat lehet adni a munkaer\u0151piaci kih\u00edv\u00e1sokra, ez komolyan foglalkoztatja a szakembereket. Mint megfogalmazz\u00e1k: a korm\u00e1ny, a munkav\u00e1llal\u00f3k \u00e9s a munkaad\u00f3k egy\u00fctt tal\u00e1lhatj\u00e1k meg a megold\u00e1st. A Nemzetk\u00f6zi Munka\u00fcgyi Szervezet (ILO) l\u00e9trehoz\u00e1s\u00e1nak sz\u00e1zadik \u00e9vfordul\u00f3ja alkalm\u00e1b\u00f3l rendezett konferenci\u00e1n kider\u00fclt: a munka vil\u00e1g\u00e1nak technol\u00f3giai \u00e1talakul\u00e1sa, a mesters\u00e9ges intelligencia, az \u00adautomatiz\u00e1ci\u00f3, a robotiz\u00e1ci\u00f3 \u00e9s a digitaliz\u00e1ci\u00f3 egyfel\u0151l","og:url":"https:\/\/allasorias.hu\/hirek\/osszefogasban-a-megoldas-a-munkaeropiacon\/","og:image":"https:\/\/allasorias.hu\/hirek\/wp-content\/uploads\/2019\/07\/about-us-collaboration-community-872955.jpg","og:image:secure_url":"https:\/\/allasorias.hu\/hirek\/wp-content\/uploads\/2019\/07\/about-us-collaboration-community-872955.jpg","og:image:width":640,"og:image:height":427,"article:published_time":"2019-07-04T07:21:30+00:00","article:modified_time":"2019-07-04T07:36:25+00:00","article:publisher":"https:\/\/www.facebook.com\/allasorias","twitter:card":"summary_large_image","twitter:title":"\u00d6sszefog\u00e1sban a megold\u00e1s a munkaer\u0151piacon | AllasOrias.hu | H\u00edrek-lapszemle","twitter:description":"Hogy milyen v\u00e1laszokat lehet adni a munkaer\u0151piaci kih\u00edv\u00e1sokra, ez komolyan foglalkoztatja a szakembereket. Mint megfogalmazz\u00e1k: a korm\u00e1ny, a munkav\u00e1llal\u00f3k \u00e9s a munkaad\u00f3k egy\u00fctt tal\u00e1lhatj\u00e1k meg a megold\u00e1st. A Nemzetk\u00f6zi Munka\u00fcgyi Szervezet (ILO) l\u00e9trehoz\u00e1s\u00e1nak sz\u00e1zadik \u00e9vfordul\u00f3ja alkalm\u00e1b\u00f3l rendezett konferenci\u00e1n kider\u00fclt: a munka vil\u00e1g\u00e1nak technol\u00f3giai \u00e1talakul\u00e1sa, a mesters\u00e9ges intelligencia, az \u00adautomatiz\u00e1ci\u00f3, a robotiz\u00e1ci\u00f3 \u00e9s a digitaliz\u00e1ci\u00f3 egyfel\u0151l","twitter:image":"https:\/\/allasorias.hu\/hirek\/wp-content\/uploads\/2019\/07\/about-us-collaboration-community-872955.jpg","twitter:label1":"Written by","twitter:data1":"Juh\u00e1sz P\u00e9ter","twitter:label2":"Est. reading time","twitter:data2":"2 minutes"},"aioseo_meta_data":{"post_id":"3065","title":null,"description":null,"keywords":null,"keyphrases":null,"primary_term":null,"canonical_url":null,"og_title":null,"og_description":null,"og_object_type":"default","og_image_type":"default","og_image_url":null,"og_image_width":null,"og_image_height":null,"og_image_custom_url":null,"og_image_custom_fields":null,"og_video":null,"og_custom_url":null,"og_article_section":null,"og_article_tags":null,"twitter_use_og":false,"twitter_card":"default","twitter_image_type":"default","twitter_image_url":null,"twitter_image_custom_url":null,"twitter_image_custom_fields":null,"twitter_title":null,"twitter_description":null,"schema":{"blockGraphs":[],"customGraphs":[],"default":{"data":{"Article":[],"Course":[],"Dataset":[],"FAQPage":[],"Movie":[],"Person":[],"Product":[],"ProductReview":[],"Car":[],"Recipe":[],"Service":[],"SoftwareApplication":[],"WebPage":[]},"graphName":"","isEnabled":true},"graphs":[]},"schema_type":null,"schema_type_options":null,"pillar_content":false,"robots_default":true,"robots_noindex":false,"robots_noarchive":false,"robots_nosnippet":false,"robots_nofollow":false,"robots_noimageindex":false,"robots_noodp":false,"robots_notranslate":false,"robots_max_snippet":null,"robots_max_videopreview":null,"robots_max_imagepreview":"large","priority":null,"frequency":null,"location":null,"local_seo":null,"breadcrumb_settings":null,"limit_modified_date":false,"ai":null,"created":"2021-02-01 21:31:47","updated":"2025-10-02 11:33:31","seo_analyzer_scan_date":null,"focus_keyword":null,"additional_keywords":null,"truseo_locale":null},"aioseo_breadcrumb":"<div class=\"aioseo-breadcrumbs\"><span class=\"aioseo-breadcrumb\">\n\t\t\t<a href=\"https:\/\/allasorias.hu\/hirek\" title=\"Home\">Home<\/a>\n\t\t<\/span><span class=\"aioseo-breadcrumb-separator\">&raquo;<\/span><span class=\"aioseo-breadcrumb\">\n\t\t\t<a href=\"https:\/\/allasorias.hu\/hirek\/temak\/gazdasag\/\" title=\"Gazdas\u00e1g\">Gazdas\u00e1g<\/a>\n\t\t<\/span><span class=\"aioseo-breadcrumb-separator\">&raquo;<\/span><span class=\"aioseo-breadcrumb\">\n\t\t\t\u00d6sszefog\u00e1sban a megold\u00e1s a munkaer\u0151piacon\n\t\t<\/span><\/div>","aioseo_breadcrumb_json":[{"label":"Home","link":"https:\/\/allasorias.hu\/hirek"},{"label":"Gazdas\u00e1g","link":"https:\/\/allasorias.hu\/hirek\/temak\/gazdasag\/"},{"label":"\u00d6sszefog\u00e1sban a megold\u00e1s a munkaer\u0151piacon","link":"https:\/\/allasorias.hu\/hirek\/osszefogasban-a-megoldas-a-munkaeropiacon\/"}],"_links":{"self":[{"href":"https:\/\/allasorias.hu\/hirek\/wp-json\/wp\/v2\/posts\/3065","targetHints":{"allow":["GET"]}}],"collection":[{"href":"https:\/\/allasorias.hu\/hirek\/wp-json\/wp\/v2\/posts"}],"about":[{"href":"https:\/\/allasorias.hu\/hirek\/wp-json\/wp\/v2\/types\/post"}],"author":[{"embeddable":true,"href":"https:\/\/allasorias.hu\/hirek\/wp-json\/wp\/v2\/users\/1"}],"replies":[{"embeddable":true,"href":"https:\/\/allasorias.hu\/hirek\/wp-json\/wp\/v2\/comments?post=3065"}],"version-history":[{"count":1,"href":"https:\/\/allasorias.hu\/hirek\/wp-json\/wp\/v2\/posts\/3065\/revisions"}],"predecessor-version":[{"id":3067,"href":"https:\/\/allasorias.hu\/hirek\/wp-json\/wp\/v2\/posts\/3065\/revisions\/3067"}],"wp:featuredmedia":[{"embeddable":true,"href":"https:\/\/allasorias.hu\/hirek\/wp-json\/wp\/v2\/media\/3066"}],"wp:attachment":[{"href":"https:\/\/allasorias.hu\/hirek\/wp-json\/wp\/v2\/media?parent=3065"}],"wp:term":[{"taxonomy":"category","embeddable":true,"href":"https:\/\/allasorias.hu\/hirek\/wp-json\/wp\/v2\/categories?post=3065"},{"taxonomy":"post_tag","embeddable":true,"href":"https:\/\/allasorias.hu\/hirek\/wp-json\/wp\/v2\/tags?post=3065"}],"curies":[{"name":"wp","href":"https:\/\/api.w.org\/{rel}","templated":true}]}}