{"id":3057,"date":"2019-07-02T09:46:20","date_gmt":"2019-07-02T09:46:20","guid":{"rendered":"https:\/\/allasorias.hu\/hirek\/?p=3057"},"modified":"2019-07-02T09:46:20","modified_gmt":"2019-07-02T09:46:20","slug":"gond-van-a-budapesti-kormanyablakoknal","status":"publish","type":"post","link":"https:\/\/allasorias.hu\/hirek\/gond-van-a-budapesti-kormanyablakoknal\/","title":{"rendered":"Gond van a budapesti korm\u00e1nyablakokn\u00e1l"},"content":{"rendered":"<p><strong>Komoly gond \u00e1llt el\u0151 a budapesti korm\u00e1nyablakokn\u00e1l, a \u00a0j\u00e1r\u00e1si hivatalokra h\u00e1rult a teher, hogy elfedj\u00e9k a f\u0151v\u00e1rosi munkaer\u0151hi\u00e1nyt. \u00a0Minden j\u00e1r\u00e1si hivatalb\u00f3l k\u00e9t embert a f\u0151v\u00e1rosba vez\u00e9nyelnek a budapesti korm\u00e1nyablakokba az ut\u00f3bbi hetekben m\u00e1r kezelhetetlenn\u00e9 v\u00e1lt munkaer\u0151hi\u00e1ny cs\u00f6kkent\u00e9s\u00e9re.<\/strong><\/p>\n<p>Egyes inform\u00e1ci\u00f3k szerint ezt az int\u00e9zked\u00e9st jelentette be a Minisztereln\u00f6ks\u00e9g k\u00f6zszolg\u00e1lat\u00e9rt felel\u0151s \u00e1llamtitk\u00e1ra a megyei korm\u00e1nyhivatalok vezet\u0151inek tartott h\u00e9tf\u0151i \u00e9rtekezleten. Tuzson Bence a feladat megold\u00e1s\u00e1val \u0151ket b\u00edzta meg, de a legnehezebb munka \u00e9rtelemszer\u0171en a j\u00e1r\u00e1si hivatalok vezet\u0151ire h\u00e1rul, akiknek meg kell tal\u00e1lni a f\u0151v\u00e1rosba k\u00fcldhet\u0151 tisztvisel\u0151ket, a helyben marad\u00f3kkal pedig meg kell \u00e9rtetni\u00fck, hogy kevesebben v\u00e9gzik ezut\u00e1n a feladatokat. \u00a0A Magyar K\u00f6ztisztvisel\u0151k, K\u00f6zalkalmazottak \u00e9s K\u00f6zszolg\u00e1lati Dolgoz\u00f3k Szakszervezete\u00a0 eln\u00f6ke szerint azonban ezzel a l\u00e9p\u00e9ssel csak az azonnali botr\u00e1nyt siker\u00fcl \u00e1tmenetileg elfednie a korm\u00e1nynak, hiszen a d\u00f6nt\u00e9s tov\u00e1bb fokozza a fesz\u00fclts\u00e9get a k\u00f6ztisztvisel\u0151k k\u00f6r\u00e9ben. Boros P\u00e9tern\u00e9 szerint joggal lehet att\u00f3l tartani, hogy a p\u00e9ld\u00e1tlan d\u00f6nt\u00e9s \u00fajabb t\u00e1voz\u00e1si hull\u00e1mot ind\u00edt el a korm\u00e1nyhivatalokban. Most t\u00f6bb mint 600 bet\u00f6ltetlen \u00e1ll\u00e1shely van Budapesten, ezeknek is csak egy r\u00e9sz\u00e9re lesz elegend\u0151 a vez\u00e9nyelt alkalmazottak k\u00f6re. A h\u00e9tf\u0151i eligaz\u00edt\u00e1son a szakszervezet tudom\u00e1sa szerint nem ker\u00fcltek sz\u00f3ba a szakszervezetek \u00e1ltal kor\u00e1bban javasolt tart\u00f3s megold\u00e1st k\u00edn\u00e1l\u00f3 lehet\u0151s\u00e9gek a b\u00e9remel\u00e9st\u0151l a munkaid\u0151 meghosszabb\u00edt\u00e1s elt\u00f6rl\u00e9s\u00e9ig<\/p>\n<p>Forr\u00e1s: szakszervezetek.hu<\/p>\n","protected":false},"excerpt":{"rendered":"<p>Komoly gond \u00e1llt el\u0151 a budapesti korm\u00e1nyablakokn\u00e1l, a \u00a0j\u00e1r\u00e1si hivatalokra h\u00e1rult a teher, hogy elfedj\u00e9k a f\u0151v\u00e1rosi munkaer\u0151hi\u00e1nyt. \u00a0Minden j\u00e1r\u00e1si hivatalb\u00f3l k\u00e9t embert a f\u0151v\u00e1rosba vez\u00e9nyelnek a budapesti korm\u00e1nyablakokba az ut\u00f3bbi hetekben m\u00e1r kezelhetetlenn\u00e9 v\u00e1lt munkaer\u0151hi\u00e1ny cs\u00f6kkent\u00e9s\u00e9re. Egyes inform\u00e1ci\u00f3k szerint ezt az int\u00e9zked\u00e9st jelentette be a Minisztereln\u00f6ks\u00e9g k\u00f6zszolg\u00e1lat\u00e9rt felel\u0151s \u00e1llamtitk\u00e1ra a megyei korm\u00e1nyhivatalok vezet\u0151inek tartott [&hellip;]<\/p>\n","protected":false},"author":1,"featured_media":3058,"comment_status":"open","ping_status":"open","sticky":false,"template":"","format":"standard","meta":{"_monsterinsights_skip_tracking":false,"footnotes":""},"categories":[1,203,200],"tags":[],"class_list":["post-3057","post","type-post","status-publish","format-standard","has-post-thumbnail","hentry","category-allaskereses","category-hianyszakmak","category-munkaeropiac"],"aioseo_notices":[],"aioseo_head":"\n\t\t<!-- All in One SEO 5.0.0.1 - aioseo.com -->\n\t<meta name=\"description\" content=\"Komoly gond \u00e1llt el\u0151 a budapesti korm\u00e1nyablakokn\u00e1l, a j\u00e1r\u00e1si hivatalokra h\u00e1rult a teher, hogy elfedj\u00e9k a f\u0151v\u00e1rosi munkaer\u0151hi\u00e1nyt. Minden j\u00e1r\u00e1si hivatalb\u00f3l k\u00e9t embert a f\u0151v\u00e1rosba vez\u00e9nyelnek a budapesti korm\u00e1nyablakokba az ut\u00f3bbi hetekben m\u00e1r kezelhetetlenn\u00e9 v\u00e1lt munkaer\u0151hi\u00e1ny cs\u00f6kkent\u00e9s\u00e9re. Egyes inform\u00e1ci\u00f3k szerint ezt az int\u00e9zked\u00e9st jelentette be a Minisztereln\u00f6ks\u00e9g k\u00f6zszolg\u00e1lat\u00e9rt felel\u0151s \u00e1llamtitk\u00e1ra a megyei korm\u00e1nyhivatalok vezet\u0151inek tartott\" \/>\n\t<meta name=\"robots\" content=\"max-image-preview:large\" \/>\n\t<meta name=\"author\" content=\"Juh\u00e1sz P\u00e9ter\"\/>\n\t<link rel=\"canonical\" href=\"https:\/\/allasorias.hu\/hirek\/gond-van-a-budapesti-kormanyablakoknal\/\" \/>\n\t<meta name=\"generator\" content=\"All in One SEO (AIOSEO) 5.0.0.1\" \/>\n\t\t<meta property=\"og:locale\" content=\"hu_HU\" \/>\n\t\t<meta property=\"og:site_name\" content=\"AllasOrias.hu | H\u00edrek-lapszemle | \u00dczleti h\u00edrek az \u00e1ll\u00e1s \u00e9s a munka vil\u00e1g\u00e1b\u00f3l\" \/>\n\t\t<meta property=\"og:type\" content=\"article\" \/>\n\t\t<meta property=\"og:title\" content=\"Gond van a budapesti korm\u00e1nyablakokn\u00e1l | AllasOrias.hu | H\u00edrek-lapszemle\" \/>\n\t\t<meta property=\"og:description\" content=\"Komoly gond \u00e1llt el\u0151 a budapesti korm\u00e1nyablakokn\u00e1l, a j\u00e1r\u00e1si hivatalokra h\u00e1rult a teher, hogy elfedj\u00e9k a f\u0151v\u00e1rosi munkaer\u0151hi\u00e1nyt. Minden j\u00e1r\u00e1si hivatalb\u00f3l k\u00e9t embert a f\u0151v\u00e1rosba vez\u00e9nyelnek a budapesti korm\u00e1nyablakokba az ut\u00f3bbi hetekben m\u00e1r kezelhetetlenn\u00e9 v\u00e1lt munkaer\u0151hi\u00e1ny cs\u00f6kkent\u00e9s\u00e9re. Egyes inform\u00e1ci\u00f3k szerint ezt az int\u00e9zked\u00e9st jelentette be a Minisztereln\u00f6ks\u00e9g k\u00f6zszolg\u00e1lat\u00e9rt felel\u0151s \u00e1llamtitk\u00e1ra a megyei korm\u00e1nyhivatalok vezet\u0151inek tartott\" \/>\n\t\t<meta property=\"og:url\" content=\"https:\/\/allasorias.hu\/hirek\/gond-van-a-budapesti-kormanyablakoknal\/\" \/>\n\t\t<meta property=\"og:image\" content=\"https:\/\/allasorias.hu\/hirek\/wp-content\/uploads\/2019\/07\/Korma\u0301ny-4009.jpg\" \/>\n\t\t<meta property=\"og:image:secure_url\" content=\"https:\/\/allasorias.hu\/hirek\/wp-content\/uploads\/2019\/07\/Korma\u0301ny-4009.jpg\" \/>\n\t\t<meta property=\"og:image:width\" content=\"3000\" \/>\n\t\t<meta property=\"og:image:height\" content=\"2000\" \/>\n\t\t<meta property=\"article:published_time\" content=\"2019-07-02T09:46:20+00:00\" \/>\n\t\t<meta property=\"article:modified_time\" content=\"2019-07-02T09:46:20+00:00\" \/>\n\t\t<meta property=\"article:publisher\" content=\"https:\/\/www.facebook.com\/allasorias\" \/>\n\t\t<meta name=\"twitter:card\" content=\"summary_large_image\" \/>\n\t\t<meta name=\"twitter:title\" content=\"Gond van a budapesti korm\u00e1nyablakokn\u00e1l | AllasOrias.hu | H\u00edrek-lapszemle\" \/>\n\t\t<meta name=\"twitter:description\" content=\"Komoly gond \u00e1llt el\u0151 a budapesti korm\u00e1nyablakokn\u00e1l, a j\u00e1r\u00e1si hivatalokra h\u00e1rult a teher, hogy elfedj\u00e9k a f\u0151v\u00e1rosi munkaer\u0151hi\u00e1nyt. Minden j\u00e1r\u00e1si hivatalb\u00f3l k\u00e9t embert a f\u0151v\u00e1rosba vez\u00e9nyelnek a budapesti korm\u00e1nyablakokba az ut\u00f3bbi hetekben m\u00e1r kezelhetetlenn\u00e9 v\u00e1lt munkaer\u0151hi\u00e1ny cs\u00f6kkent\u00e9s\u00e9re. Egyes inform\u00e1ci\u00f3k szerint ezt az int\u00e9zked\u00e9st jelentette be a Minisztereln\u00f6ks\u00e9g k\u00f6zszolg\u00e1lat\u00e9rt felel\u0151s \u00e1llamtitk\u00e1ra a megyei korm\u00e1nyhivatalok vezet\u0151inek tartott\" \/>\n\t\t<meta name=\"twitter:image\" content=\"https:\/\/allasorias.hu\/hirek\/wp-content\/uploads\/2019\/07\/Korma\u0301ny-4009.jpg\" \/>\n\t\t<meta name=\"twitter:label1\" content=\"Written by\" \/>\n\t\t<meta name=\"twitter:data1\" content=\"Juh\u00e1sz P\u00e9ter\" \/>\n\t\t<meta name=\"twitter:label2\" content=\"Est. reading time\" \/>\n\t\t<meta name=\"twitter:data2\" content=\"2 minutes\" \/>\n\t\t<script type=\"application\/ld+json\" class=\"aioseo-schema\">\n\t\t\t{\"@context\":\"https:\\\/\\\/schema.org\",\"@graph\":[{\"@type\":\"Article\",\"@id\":\"https:\\\/\\\/allasorias.hu\\\/hirek\\\/gond-van-a-budapesti-kormanyablakoknal\\\/#article\",\"name\":\"Gond van a budapesti korm\\u00e1nyablakokn\\u00e1l | AllasOrias.hu | H\\u00edrek-lapszemle\",\"headline\":\"Gond van a budapesti korm\\u00e1nyablakokn\\u00e1l\",\"author\":{\"@id\":\"https:\\\/\\\/allasorias.hu\\\/hirek\\\/author\\\/admin-allasorias\\\/#author\"},\"publisher\":{\"@id\":\"https:\\\/\\\/allasorias.hu\\\/hirek\\\/#organization\"},\"image\":{\"@type\":\"ImageObject\",\"url\":\"https:\\\/\\\/allasorias.hu\\\/hirek\\\/wp-content\\\/uploads\\\/2019\\\/07\\\/Korma\\u0301ny-4009.jpg\",\"width\":3000,\"height\":2000},\"datePublished\":\"2019-07-02T09:46:20+02:00\",\"dateModified\":\"2019-07-02T09:46:20+02:00\",\"inLanguage\":\"hu-HU\",\"mainEntityOfPage\":{\"@id\":\"https:\\\/\\\/allasorias.hu\\\/hirek\\\/gond-van-a-budapesti-kormanyablakoknal\\\/#webpage\"},\"isPartOf\":{\"@id\":\"https:\\\/\\\/allasorias.hu\\\/hirek\\\/gond-van-a-budapesti-kormanyablakoknal\\\/#webpage\"},\"articleSection\":\"\\u00c1ll\\u00e1skeres\\u00e9s, Hi\\u00e1nyszakm\\u00e1k, Munkaer\\u0151piac\"},{\"@type\":\"BreadcrumbList\",\"@id\":\"https:\\\/\\\/allasorias.hu\\\/hirek\\\/gond-van-a-budapesti-kormanyablakoknal\\\/#breadcrumblist\",\"itemListElement\":[{\"@type\":\"ListItem\",\"@id\":\"https:\\\/\\\/allasorias.hu\\\/hirek#listItem\",\"position\":1,\"name\":\"Home\",\"item\":\"https:\\\/\\\/allasorias.hu\\\/hirek\",\"nextItem\":{\"@type\":\"ListItem\",\"@id\":\"https:\\\/\\\/allasorias.hu\\\/hirek\\\/temak\\\/allaskereses\\\/#listItem\",\"name\":\"\\u00c1ll\\u00e1skeres\\u00e9s\"}},{\"@type\":\"ListItem\",\"@id\":\"https:\\\/\\\/allasorias.hu\\\/hirek\\\/temak\\\/allaskereses\\\/#listItem\",\"position\":2,\"name\":\"\\u00c1ll\\u00e1skeres\\u00e9s\",\"item\":\"https:\\\/\\\/allasorias.hu\\\/hirek\\\/temak\\\/allaskereses\\\/\",\"nextItem\":{\"@type\":\"ListItem\",\"@id\":\"https:\\\/\\\/allasorias.hu\\\/hirek\\\/gond-van-a-budapesti-kormanyablakoknal\\\/#listItem\",\"name\":\"Gond van a budapesti korm\\u00e1nyablakokn\\u00e1l\"},\"previousItem\":{\"@type\":\"ListItem\",\"@id\":\"https:\\\/\\\/allasorias.hu\\\/hirek#listItem\",\"name\":\"Home\"}},{\"@type\":\"ListItem\",\"@id\":\"https:\\\/\\\/allasorias.hu\\\/hirek\\\/gond-van-a-budapesti-kormanyablakoknal\\\/#listItem\",\"position\":3,\"name\":\"Gond van a budapesti korm\\u00e1nyablakokn\\u00e1l\",\"previousItem\":{\"@type\":\"ListItem\",\"@id\":\"https:\\\/\\\/allasorias.hu\\\/hirek\\\/temak\\\/allaskereses\\\/#listItem\",\"name\":\"\\u00c1ll\\u00e1skeres\\u00e9s\"}}]},{\"@type\":\"Organization\",\"@id\":\"https:\\\/\\\/allasorias.hu\\\/hirek\\\/#organization\",\"name\":\"AllasOrias.hu | H\\u00edrek-lapszemle\",\"description\":\"\\u00dczleti h\\u00edrek az \\u00e1ll\\u00e1s \\u00e9s a munka vil\\u00e1g\\u00e1b\\u00f3l\",\"url\":\"https:\\\/\\\/allasorias.hu\\\/hirek\\\/\",\"logo\":{\"@type\":\"ImageObject\",\"url\":\"https:\\\/\\\/allasorias.hu\\\/hirek\\\/wp-content\\\/uploads\\\/2022\\\/10\\\/allasorias_site_facebok_logo.png\",\"@id\":\"https:\\\/\\\/allasorias.hu\\\/hirek\\\/gond-van-a-budapesti-kormanyablakoknal\\\/#organizationLogo\"},\"image\":{\"@id\":\"https:\\\/\\\/allasorias.hu\\\/hirek\\\/gond-van-a-budapesti-kormanyablakoknal\\\/#organizationLogo\"},\"sameAs\":[\"https:\\\/\\\/www.facebook.com\\\/allasorias\",\"https:\\\/\\\/www.linkedin.com\\\/company\\\/allasorias\"]},{\"@type\":\"Person\",\"@id\":\"https:\\\/\\\/allasorias.hu\\\/hirek\\\/author\\\/admin-allasorias\\\/#author\",\"url\":\"https:\\\/\\\/allasorias.hu\\\/hirek\\\/author\\\/admin-allasorias\\\/\",\"name\":\"Juh\\u00e1sz P\\u00e9ter\",\"image\":{\"@type\":\"ImageObject\",\"@id\":\"https:\\\/\\\/allasorias.hu\\\/hirek\\\/gond-van-a-budapesti-kormanyablakoknal\\\/#authorImage\",\"url\":\"https:\\\/\\\/secure.gravatar.com\\\/avatar\\\/36e6bcb83148978b992977cb0f54d22feb0cce8a0a849a9410532bb2623ba4c6?s=96&d=mm&r=g\",\"width\":96,\"height\":96,\"caption\":\"Juh\\u00e1sz P\\u00e9ter\"}},{\"@type\":\"WebPage\",\"@id\":\"https:\\\/\\\/allasorias.hu\\\/hirek\\\/gond-van-a-budapesti-kormanyablakoknal\\\/#webpage\",\"url\":\"https:\\\/\\\/allasorias.hu\\\/hirek\\\/gond-van-a-budapesti-kormanyablakoknal\\\/\",\"name\":\"Gond van a budapesti korm\\u00e1nyablakokn\\u00e1l | AllasOrias.hu | H\\u00edrek-lapszemle\",\"description\":\"Komoly gond \\u00e1llt el\\u0151 a budapesti korm\\u00e1nyablakokn\\u00e1l, a j\\u00e1r\\u00e1si hivatalokra h\\u00e1rult a teher, hogy elfedj\\u00e9k a f\\u0151v\\u00e1rosi munkaer\\u0151hi\\u00e1nyt. Minden j\\u00e1r\\u00e1si hivatalb\\u00f3l k\\u00e9t embert a f\\u0151v\\u00e1rosba vez\\u00e9nyelnek a budapesti korm\\u00e1nyablakokba az ut\\u00f3bbi hetekben m\\u00e1r kezelhetetlenn\\u00e9 v\\u00e1lt munkaer\\u0151hi\\u00e1ny cs\\u00f6kkent\\u00e9s\\u00e9re. Egyes inform\\u00e1ci\\u00f3k szerint ezt az int\\u00e9zked\\u00e9st jelentette be a Minisztereln\\u00f6ks\\u00e9g k\\u00f6zszolg\\u00e1lat\\u00e9rt felel\\u0151s \\u00e1llamtitk\\u00e1ra a megyei korm\\u00e1nyhivatalok vezet\\u0151inek tartott\",\"inLanguage\":\"hu-HU\",\"isPartOf\":{\"@id\":\"https:\\\/\\\/allasorias.hu\\\/hirek\\\/#website\"},\"breadcrumb\":{\"@id\":\"https:\\\/\\\/allasorias.hu\\\/hirek\\\/gond-van-a-budapesti-kormanyablakoknal\\\/#breadcrumblist\"},\"author\":{\"@id\":\"https:\\\/\\\/allasorias.hu\\\/hirek\\\/author\\\/admin-allasorias\\\/#author\"},\"creator\":{\"@id\":\"https:\\\/\\\/allasorias.hu\\\/hirek\\\/author\\\/admin-allasorias\\\/#author\"},\"image\":{\"@type\":\"ImageObject\",\"url\":\"https:\\\/\\\/allasorias.hu\\\/hirek\\\/wp-content\\\/uploads\\\/2019\\\/07\\\/Korma\\u0301ny-4009.jpg\",\"@id\":\"https:\\\/\\\/allasorias.hu\\\/hirek\\\/gond-van-a-budapesti-kormanyablakoknal\\\/#mainImage\",\"width\":3000,\"height\":2000},\"primaryImageOfPage\":{\"@id\":\"https:\\\/\\\/allasorias.hu\\\/hirek\\\/gond-van-a-budapesti-kormanyablakoknal\\\/#mainImage\"},\"datePublished\":\"2019-07-02T09:46:20+02:00\",\"dateModified\":\"2019-07-02T09:46:20+02:00\"},{\"@type\":\"WebSite\",\"@id\":\"https:\\\/\\\/allasorias.hu\\\/hirek\\\/#website\",\"url\":\"https:\\\/\\\/allasorias.hu\\\/hirek\\\/\",\"name\":\"AllasOrias.hu | H\\u00edrek-lapszemle\",\"description\":\"\\u00dczleti h\\u00edrek az \\u00e1ll\\u00e1s \\u00e9s a munka vil\\u00e1g\\u00e1b\\u00f3l\",\"inLanguage\":\"hu-HU\",\"publisher\":{\"@id\":\"https:\\\/\\\/allasorias.hu\\\/hirek\\\/#organization\"}}]}\n\t\t<\/script>\n\t\t<!-- All in One SEO -->\n\n","aioseo_head_json":{"title":"Gond van a budapesti korm\u00e1nyablakokn\u00e1l | AllasOrias.hu | H\u00edrek-lapszemle","description":"Komoly gond \u00e1llt el\u0151 a budapesti korm\u00e1nyablakokn\u00e1l, a j\u00e1r\u00e1si hivatalokra h\u00e1rult a teher, hogy elfedj\u00e9k a f\u0151v\u00e1rosi munkaer\u0151hi\u00e1nyt. Minden j\u00e1r\u00e1si hivatalb\u00f3l k\u00e9t embert a f\u0151v\u00e1rosba vez\u00e9nyelnek a budapesti korm\u00e1nyablakokba az ut\u00f3bbi hetekben m\u00e1r kezelhetetlenn\u00e9 v\u00e1lt munkaer\u0151hi\u00e1ny cs\u00f6kkent\u00e9s\u00e9re. Egyes inform\u00e1ci\u00f3k szerint ezt az int\u00e9zked\u00e9st jelentette be a Minisztereln\u00f6ks\u00e9g k\u00f6zszolg\u00e1lat\u00e9rt felel\u0151s \u00e1llamtitk\u00e1ra a megyei korm\u00e1nyhivatalok vezet\u0151inek tartott","canonical_url":"https:\/\/allasorias.hu\/hirek\/gond-van-a-budapesti-kormanyablakoknal\/","robots":"max-image-preview:large","keywords":"","webmasterTools":{"miscellaneous":""},"schema":{"@context":"https:\/\/schema.org","@graph":[{"@type":"Article","@id":"https:\/\/allasorias.hu\/hirek\/gond-van-a-budapesti-kormanyablakoknal\/#article","name":"Gond van a budapesti korm\u00e1nyablakokn\u00e1l | AllasOrias.hu | H\u00edrek-lapszemle","headline":"Gond van a budapesti korm\u00e1nyablakokn\u00e1l","author":{"@id":"https:\/\/allasorias.hu\/hirek\/author\/admin-allasorias\/#author"},"publisher":{"@id":"https:\/\/allasorias.hu\/hirek\/#organization"},"image":{"@type":"ImageObject","url":"https:\/\/allasorias.hu\/hirek\/wp-content\/uploads\/2019\/07\/Korma\u0301ny-4009.jpg","width":3000,"height":2000},"datePublished":"2019-07-02T09:46:20+02:00","dateModified":"2019-07-02T09:46:20+02:00","inLanguage":"hu-HU","mainEntityOfPage":{"@id":"https:\/\/allasorias.hu\/hirek\/gond-van-a-budapesti-kormanyablakoknal\/#webpage"},"isPartOf":{"@id":"https:\/\/allasorias.hu\/hirek\/gond-van-a-budapesti-kormanyablakoknal\/#webpage"},"articleSection":"\u00c1ll\u00e1skeres\u00e9s, Hi\u00e1nyszakm\u00e1k, Munkaer\u0151piac"},{"@type":"BreadcrumbList","@id":"https:\/\/allasorias.hu\/hirek\/gond-van-a-budapesti-kormanyablakoknal\/#breadcrumblist","itemListElement":[{"@type":"ListItem","@id":"https:\/\/allasorias.hu\/hirek#listItem","position":1,"name":"Home","item":"https:\/\/allasorias.hu\/hirek","nextItem":{"@type":"ListItem","@id":"https:\/\/allasorias.hu\/hirek\/temak\/allaskereses\/#listItem","name":"\u00c1ll\u00e1skeres\u00e9s"}},{"@type":"ListItem","@id":"https:\/\/allasorias.hu\/hirek\/temak\/allaskereses\/#listItem","position":2,"name":"\u00c1ll\u00e1skeres\u00e9s","item":"https:\/\/allasorias.hu\/hirek\/temak\/allaskereses\/","nextItem":{"@type":"ListItem","@id":"https:\/\/allasorias.hu\/hirek\/gond-van-a-budapesti-kormanyablakoknal\/#listItem","name":"Gond van a budapesti korm\u00e1nyablakokn\u00e1l"},"previousItem":{"@type":"ListItem","@id":"https:\/\/allasorias.hu\/hirek#listItem","name":"Home"}},{"@type":"ListItem","@id":"https:\/\/allasorias.hu\/hirek\/gond-van-a-budapesti-kormanyablakoknal\/#listItem","position":3,"name":"Gond van a budapesti korm\u00e1nyablakokn\u00e1l","previousItem":{"@type":"ListItem","@id":"https:\/\/allasorias.hu\/hirek\/temak\/allaskereses\/#listItem","name":"\u00c1ll\u00e1skeres\u00e9s"}}]},{"@type":"Organization","@id":"https:\/\/allasorias.hu\/hirek\/#organization","name":"AllasOrias.hu | H\u00edrek-lapszemle","description":"\u00dczleti h\u00edrek az \u00e1ll\u00e1s \u00e9s a munka vil\u00e1g\u00e1b\u00f3l","url":"https:\/\/allasorias.hu\/hirek\/","logo":{"@type":"ImageObject","url":"https:\/\/allasorias.hu\/hirek\/wp-content\/uploads\/2022\/10\/allasorias_site_facebok_logo.png","@id":"https:\/\/allasorias.hu\/hirek\/gond-van-a-budapesti-kormanyablakoknal\/#organizationLogo"},"image":{"@id":"https:\/\/allasorias.hu\/hirek\/gond-van-a-budapesti-kormanyablakoknal\/#organizationLogo"},"sameAs":["https:\/\/www.facebook.com\/allasorias","https:\/\/www.linkedin.com\/company\/allasorias"]},{"@type":"Person","@id":"https:\/\/allasorias.hu\/hirek\/author\/admin-allasorias\/#author","url":"https:\/\/allasorias.hu\/hirek\/author\/admin-allasorias\/","name":"Juh\u00e1sz P\u00e9ter","image":{"@type":"ImageObject","@id":"https:\/\/allasorias.hu\/hirek\/gond-van-a-budapesti-kormanyablakoknal\/#authorImage","url":"https:\/\/secure.gravatar.com\/avatar\/36e6bcb83148978b992977cb0f54d22feb0cce8a0a849a9410532bb2623ba4c6?s=96&d=mm&r=g","width":96,"height":96,"caption":"Juh\u00e1sz P\u00e9ter"}},{"@type":"WebPage","@id":"https:\/\/allasorias.hu\/hirek\/gond-van-a-budapesti-kormanyablakoknal\/#webpage","url":"https:\/\/allasorias.hu\/hirek\/gond-van-a-budapesti-kormanyablakoknal\/","name":"Gond van a budapesti korm\u00e1nyablakokn\u00e1l | AllasOrias.hu | H\u00edrek-lapszemle","description":"Komoly gond \u00e1llt el\u0151 a budapesti korm\u00e1nyablakokn\u00e1l, a j\u00e1r\u00e1si hivatalokra h\u00e1rult a teher, hogy elfedj\u00e9k a f\u0151v\u00e1rosi munkaer\u0151hi\u00e1nyt. Minden j\u00e1r\u00e1si hivatalb\u00f3l k\u00e9t embert a f\u0151v\u00e1rosba vez\u00e9nyelnek a budapesti korm\u00e1nyablakokba az ut\u00f3bbi hetekben m\u00e1r kezelhetetlenn\u00e9 v\u00e1lt munkaer\u0151hi\u00e1ny cs\u00f6kkent\u00e9s\u00e9re. Egyes inform\u00e1ci\u00f3k szerint ezt az int\u00e9zked\u00e9st jelentette be a Minisztereln\u00f6ks\u00e9g k\u00f6zszolg\u00e1lat\u00e9rt felel\u0151s \u00e1llamtitk\u00e1ra a megyei korm\u00e1nyhivatalok vezet\u0151inek tartott","inLanguage":"hu-HU","isPartOf":{"@id":"https:\/\/allasorias.hu\/hirek\/#website"},"breadcrumb":{"@id":"https:\/\/allasorias.hu\/hirek\/gond-van-a-budapesti-kormanyablakoknal\/#breadcrumblist"},"author":{"@id":"https:\/\/allasorias.hu\/hirek\/author\/admin-allasorias\/#author"},"creator":{"@id":"https:\/\/allasorias.hu\/hirek\/author\/admin-allasorias\/#author"},"image":{"@type":"ImageObject","url":"https:\/\/allasorias.hu\/hirek\/wp-content\/uploads\/2019\/07\/Korma\u0301ny-4009.jpg","@id":"https:\/\/allasorias.hu\/hirek\/gond-van-a-budapesti-kormanyablakoknal\/#mainImage","width":3000,"height":2000},"primaryImageOfPage":{"@id":"https:\/\/allasorias.hu\/hirek\/gond-van-a-budapesti-kormanyablakoknal\/#mainImage"},"datePublished":"2019-07-02T09:46:20+02:00","dateModified":"2019-07-02T09:46:20+02:00"},{"@type":"WebSite","@id":"https:\/\/allasorias.hu\/hirek\/#website","url":"https:\/\/allasorias.hu\/hirek\/","name":"AllasOrias.hu | H\u00edrek-lapszemle","description":"\u00dczleti h\u00edrek az \u00e1ll\u00e1s \u00e9s a munka vil\u00e1g\u00e1b\u00f3l","inLanguage":"hu-HU","publisher":{"@id":"https:\/\/allasorias.hu\/hirek\/#organization"}}]},"og:locale":"hu_HU","og:site_name":"AllasOrias.hu | H\u00edrek-lapszemle | \u00dczleti h\u00edrek az \u00e1ll\u00e1s \u00e9s a munka vil\u00e1g\u00e1b\u00f3l","og:type":"article","og:title":"Gond van a budapesti korm\u00e1nyablakokn\u00e1l | AllasOrias.hu | H\u00edrek-lapszemle","og:description":"Komoly gond \u00e1llt el\u0151 a budapesti korm\u00e1nyablakokn\u00e1l, a j\u00e1r\u00e1si hivatalokra h\u00e1rult a teher, hogy elfedj\u00e9k a f\u0151v\u00e1rosi munkaer\u0151hi\u00e1nyt. Minden j\u00e1r\u00e1si hivatalb\u00f3l k\u00e9t embert a f\u0151v\u00e1rosba vez\u00e9nyelnek a budapesti korm\u00e1nyablakokba az ut\u00f3bbi hetekben m\u00e1r kezelhetetlenn\u00e9 v\u00e1lt munkaer\u0151hi\u00e1ny cs\u00f6kkent\u00e9s\u00e9re. Egyes inform\u00e1ci\u00f3k szerint ezt az int\u00e9zked\u00e9st jelentette be a Minisztereln\u00f6ks\u00e9g k\u00f6zszolg\u00e1lat\u00e9rt felel\u0151s \u00e1llamtitk\u00e1ra a megyei korm\u00e1nyhivatalok vezet\u0151inek tartott","og:url":"https:\/\/allasorias.hu\/hirek\/gond-van-a-budapesti-kormanyablakoknal\/","og:image":"https:\/\/allasorias.hu\/hirek\/wp-content\/uploads\/2019\/07\/Korma\u0301ny-4009.jpg","og:image:secure_url":"https:\/\/allasorias.hu\/hirek\/wp-content\/uploads\/2019\/07\/Korma\u0301ny-4009.jpg","og:image:width":3000,"og:image:height":2000,"article:published_time":"2019-07-02T09:46:20+00:00","article:modified_time":"2019-07-02T09:46:20+00:00","article:publisher":"https:\/\/www.facebook.com\/allasorias","twitter:card":"summary_large_image","twitter:title":"Gond van a budapesti korm\u00e1nyablakokn\u00e1l | AllasOrias.hu | H\u00edrek-lapszemle","twitter:description":"Komoly gond \u00e1llt el\u0151 a budapesti korm\u00e1nyablakokn\u00e1l, a j\u00e1r\u00e1si hivatalokra h\u00e1rult a teher, hogy elfedj\u00e9k a f\u0151v\u00e1rosi munkaer\u0151hi\u00e1nyt. Minden j\u00e1r\u00e1si hivatalb\u00f3l k\u00e9t embert a f\u0151v\u00e1rosba vez\u00e9nyelnek a budapesti korm\u00e1nyablakokba az ut\u00f3bbi hetekben m\u00e1r kezelhetetlenn\u00e9 v\u00e1lt munkaer\u0151hi\u00e1ny cs\u00f6kkent\u00e9s\u00e9re. Egyes inform\u00e1ci\u00f3k szerint ezt az int\u00e9zked\u00e9st jelentette be a Minisztereln\u00f6ks\u00e9g k\u00f6zszolg\u00e1lat\u00e9rt felel\u0151s \u00e1llamtitk\u00e1ra a megyei korm\u00e1nyhivatalok vezet\u0151inek tartott","twitter:image":"https:\/\/allasorias.hu\/hirek\/wp-content\/uploads\/2019\/07\/Korma\u0301ny-4009.jpg","twitter:label1":"Written by","twitter:data1":"Juh\u00e1sz P\u00e9ter","twitter:label2":"Est. reading time","twitter:data2":"2 minutes"},"aioseo_meta_data":{"post_id":"3057","title":null,"description":null,"keywords":null,"keyphrases":null,"primary_term":null,"canonical_url":null,"og_title":null,"og_description":null,"og_object_type":"default","og_image_type":"default","og_image_url":null,"og_image_width":null,"og_image_height":null,"og_image_custom_url":null,"og_image_custom_fields":null,"og_video":null,"og_custom_url":null,"og_article_section":null,"og_article_tags":null,"twitter_use_og":false,"twitter_card":"default","twitter_image_type":"default","twitter_image_url":null,"twitter_image_custom_url":null,"twitter_image_custom_fields":null,"twitter_title":null,"twitter_description":null,"schema":{"blockGraphs":[],"customGraphs":[],"default":{"data":{"Article":[],"Course":[],"Dataset":[],"FAQPage":[],"Movie":[],"Person":[],"Product":[],"ProductReview":[],"Car":[],"Recipe":[],"Service":[],"SoftwareApplication":[],"WebPage":[]},"graphName":"","isEnabled":true},"graphs":[],"defaultGraph":"","defaultPostTypeGraph":""},"schema_type":null,"schema_type_options":null,"pillar_content":false,"robots_default":true,"robots_noindex":false,"robots_noarchive":false,"robots_nosnippet":false,"robots_nofollow":false,"robots_noimageindex":false,"robots_noodp":false,"robots_notranslate":false,"robots_max_snippet":null,"robots_max_videopreview":null,"robots_max_imagepreview":"large","priority":null,"frequency":null,"location":null,"local_seo":null,"breadcrumb_settings":null,"limit_modified_date":false,"ai":null,"created":"2021-02-01 21:31:47","updated":"2025-10-02 11:30:49","seo_analyzer_scan_date":null,"focus_keyword":null,"additional_keywords":null,"truseo_locale":null},"aioseo_breadcrumb":"<div class=\"aioseo-breadcrumbs\"><span class=\"aioseo-breadcrumb\">\n\t\t\t<a href=\"https:\/\/allasorias.hu\/hirek\" title=\"Home\">Home<\/a>\n\t\t<\/span><span class=\"aioseo-breadcrumb-separator\">&raquo;<\/span><span class=\"aioseo-breadcrumb\">\n\t\t\t<a href=\"https:\/\/allasorias.hu\/hirek\/temak\/allaskereses\/\" title=\"\u00c1ll\u00e1skeres\u00e9s\">\u00c1ll\u00e1skeres\u00e9s<\/a>\n\t\t<\/span><span class=\"aioseo-breadcrumb-separator\">&raquo;<\/span><span class=\"aioseo-breadcrumb\">\n\t\t\tGond van a budapesti korm\u00e1nyablakokn\u00e1l\n\t\t<\/span><\/div>","aioseo_breadcrumb_json":[{"label":"Home","link":"https:\/\/allasorias.hu\/hirek"},{"label":"\u00c1ll\u00e1skeres\u00e9s","link":"https:\/\/allasorias.hu\/hirek\/temak\/allaskereses\/"},{"label":"Gond van a budapesti korm\u00e1nyablakokn\u00e1l","link":"https:\/\/allasorias.hu\/hirek\/gond-van-a-budapesti-kormanyablakoknal\/"}],"_links":{"self":[{"href":"https:\/\/allasorias.hu\/hirek\/wp-json\/wp\/v2\/posts\/3057","targetHints":{"allow":["GET"]}}],"collection":[{"href":"https:\/\/allasorias.hu\/hirek\/wp-json\/wp\/v2\/posts"}],"about":[{"href":"https:\/\/allasorias.hu\/hirek\/wp-json\/wp\/v2\/types\/post"}],"author":[{"embeddable":true,"href":"https:\/\/allasorias.hu\/hirek\/wp-json\/wp\/v2\/users\/1"}],"replies":[{"embeddable":true,"href":"https:\/\/allasorias.hu\/hirek\/wp-json\/wp\/v2\/comments?post=3057"}],"version-history":[{"count":1,"href":"https:\/\/allasorias.hu\/hirek\/wp-json\/wp\/v2\/posts\/3057\/revisions"}],"predecessor-version":[{"id":3059,"href":"https:\/\/allasorias.hu\/hirek\/wp-json\/wp\/v2\/posts\/3057\/revisions\/3059"}],"wp:featuredmedia":[{"embeddable":true,"href":"https:\/\/allasorias.hu\/hirek\/wp-json\/wp\/v2\/media\/3058"}],"wp:attachment":[{"href":"https:\/\/allasorias.hu\/hirek\/wp-json\/wp\/v2\/media?parent=3057"}],"wp:term":[{"taxonomy":"category","embeddable":true,"href":"https:\/\/allasorias.hu\/hirek\/wp-json\/wp\/v2\/categories?post=3057"},{"taxonomy":"post_tag","embeddable":true,"href":"https:\/\/allasorias.hu\/hirek\/wp-json\/wp\/v2\/tags?post=3057"}],"curies":[{"name":"wp","href":"https:\/\/api.w.org\/{rel}","templated":true}]}}