{"id":3020,"date":"2019-06-24T09:43:27","date_gmt":"2019-06-24T09:43:27","guid":{"rendered":"https:\/\/allasorias.hu\/hirek\/?p=3020"},"modified":"2019-06-24T09:43:27","modified_gmt":"2019-06-24T09:43:27","slug":"romaniaban-osztonzik-a-diakokat-a-munkara","status":"publish","type":"post","link":"https:\/\/allasorias.hu\/hirek\/romaniaban-osztonzik-a-diakokat-a-munkara\/","title":{"rendered":"Rom\u00e1ni\u00e1ban \u00f6szt\u00f6nzik a di\u00e1kokat a munk\u00e1ra"},"content":{"rendered":"<p><strong>P\u00e9nzseg\u00e9llyel, valamint egy\u00e9b t\u00e1mogat\u00e1ssal is szeretn\u00e9k \u00f6szt\u00f6n\u00f6zni Rom\u00e1ni\u00e1ban a di\u00e1kokat, hogy v\u00e1llaljanak munk\u00e1t, ezzel az ott is megl\u00e9v\u0151 munkaer\u0151gondokon sz\u00e1nd\u00e9koznak enyh\u00edteni &#8211; \u00edrja a Magyar nemzet. <\/strong><\/p>\n<p>Bukarest a k\u00f6z\u00e9piskola vagy egyetem padjaib\u00f3l kiker\u00fcl\u0151 fiatalokat t\u00f6bbf\u00e9le t\u00e1mogat\u00e1ssal is buzd\u00edtan\u00e1 a mihamarabbi munkav\u00e1llal\u00e1sra.\u00a0 Garant\u00e1lt \u00e1llami p\u00e9nzseg\u00e9llyel \u00e9s eg\u00e9szs\u00e9gbiztos\u00edt\u00e1ssal is igyekeznek r\u00e1b\u00edrni a frissen v\u00e9gzett rom\u00e1niai di\u00e1kokat, hogy min\u00e9l gyorsabban helyezkedjenek el a munkaer\u0151piacon. A Magyar Nemzet meg\u00edrta, hogy amennyiben a fiatalnak siker\u00fcl azonnal vagy nagyon hamar munk\u00e1t tal\u00e1lnia, 1500 lejes (hozz\u00e1vet\u0151leg 105 ezer forint) t\u00e1mogat\u00e1sra is jogosult. Ha nem tanul tov\u00e1bb, illetve elhelyezkednie sem siker\u00fcl, akkor a p\u00e1lyakezd\u0151 f\u00e9l \u00e9ven \u00e1t havi 250 lejes munkan\u00e9lk\u00fcli-seg\u00e9lyben r\u00e9szes\u00fcl. A rom\u00e1n korm\u00e1ny a munkaad\u00f3i oldal hajland\u00f3s\u00e1g\u00e1t is igyekszik \u00f6szt\u00f6n\u00f6zni, egy 2018. j\u00faliusi korm\u00e1nyrendelet \u00e9rtelm\u00e9ben az alkalmaz\u00f3 egy \u00e9ven \u00e1t havi 2250 lejes t\u00e1mogat\u00e1st kap, a megyei munkaer\u0151-\u00fcgyn\u00f6ks\u00e9gek k\u00f6lts\u00e9gvet\u00e9si keret\u00e9nek kimer\u00fcl\u00e9s\u00e9ig. A munkan\u00e9lk\u00fcli st\u00e1tushoz nem sz\u00fcks\u00e9ges diplom\u00e1t szerezni, csak a tanulm\u00e1nyok befejez\u00e9s\u00e9t igazol\u00f3 dokumentumokat kell bemutatni.<\/p>\n<p>Forr\u00e1s: hrportal.hu<\/p>\n","protected":false},"excerpt":{"rendered":"<p>P\u00e9nzseg\u00e9llyel, valamint egy\u00e9b t\u00e1mogat\u00e1ssal is szeretn\u00e9k \u00f6szt\u00f6n\u00f6zni Rom\u00e1ni\u00e1ban a di\u00e1kokat, hogy v\u00e1llaljanak munk\u00e1t, ezzel az ott is megl\u00e9v\u0151 munkaer\u0151gondokon sz\u00e1nd\u00e9koznak enyh\u00edteni &#8211; \u00edrja a Magyar nemzet. Bukarest a k\u00f6z\u00e9piskola vagy egyetem padjaib\u00f3l kiker\u00fcl\u0151 fiatalokat t\u00f6bbf\u00e9le t\u00e1mogat\u00e1ssal is buzd\u00edtan\u00e1 a mihamarabbi munkav\u00e1llal\u00e1sra.\u00a0 Garant\u00e1lt \u00e1llami p\u00e9nzseg\u00e9llyel \u00e9s eg\u00e9szs\u00e9gbiztos\u00edt\u00e1ssal is igyekeznek r\u00e1b\u00edrni a frissen v\u00e9gzett rom\u00e1niai di\u00e1kokat, hogy [&hellip;]<\/p>\n","protected":false},"author":1,"featured_media":3021,"comment_status":"open","ping_status":"open","sticky":false,"template":"","format":"standard","meta":{"_monsterinsights_skip_tracking":false,"footnotes":""},"categories":[201,200],"tags":[],"class_list":["post-3020","post","type-post","status-publish","format-standard","has-post-thumbnail","hentry","category-kulfold","category-munkaeropiac"],"aioseo_notices":[],"aioseo_head":"\n\t\t<!-- All in One SEO 5.0.0.1 - aioseo.com -->\n\t<meta name=\"description\" content=\"P\u00e9nzseg\u00e9llyel, valamint egy\u00e9b t\u00e1mogat\u00e1ssal is szeretn\u00e9k \u00f6szt\u00f6n\u00f6zni Rom\u00e1ni\u00e1ban a di\u00e1kokat, hogy v\u00e1llaljanak munk\u00e1t, ezzel az ott is megl\u00e9v\u0151 munkaer\u0151gondokon sz\u00e1nd\u00e9koznak enyh\u00edteni - \u00edrja a Magyar nemzet. Bukarest a k\u00f6z\u00e9piskola vagy egyetem padjaib\u00f3l kiker\u00fcl\u0151 fiatalokat t\u00f6bbf\u00e9le t\u00e1mogat\u00e1ssal is buzd\u00edtan\u00e1 a mihamarabbi munkav\u00e1llal\u00e1sra. Garant\u00e1lt \u00e1llami p\u00e9nzseg\u00e9llyel \u00e9s eg\u00e9szs\u00e9gbiztos\u00edt\u00e1ssal is igyekeznek r\u00e1b\u00edrni a frissen v\u00e9gzett rom\u00e1niai di\u00e1kokat, hogy\" \/>\n\t<meta name=\"robots\" content=\"max-image-preview:large\" \/>\n\t<meta name=\"author\" content=\"Juh\u00e1sz P\u00e9ter\"\/>\n\t<link rel=\"canonical\" href=\"https:\/\/allasorias.hu\/hirek\/romaniaban-osztonzik-a-diakokat-a-munkara\/\" \/>\n\t<meta name=\"generator\" content=\"All in One SEO (AIOSEO) 5.0.0.1\" \/>\n\t\t<meta property=\"og:locale\" content=\"hu_HU\" \/>\n\t\t<meta property=\"og:site_name\" content=\"AllasOrias.hu | H\u00edrek-lapszemle | \u00dczleti h\u00edrek az \u00e1ll\u00e1s \u00e9s a munka vil\u00e1g\u00e1b\u00f3l\" \/>\n\t\t<meta property=\"og:type\" content=\"article\" \/>\n\t\t<meta property=\"og:title\" content=\"Rom\u00e1ni\u00e1ban \u00f6szt\u00f6nzik a di\u00e1kokat a munk\u00e1ra | AllasOrias.hu | H\u00edrek-lapszemle\" \/>\n\t\t<meta property=\"og:description\" content=\"P\u00e9nzseg\u00e9llyel, valamint egy\u00e9b t\u00e1mogat\u00e1ssal is szeretn\u00e9k \u00f6szt\u00f6n\u00f6zni Rom\u00e1ni\u00e1ban a di\u00e1kokat, hogy v\u00e1llaljanak munk\u00e1t, ezzel az ott is megl\u00e9v\u0151 munkaer\u0151gondokon sz\u00e1nd\u00e9koznak enyh\u00edteni - \u00edrja a Magyar nemzet. Bukarest a k\u00f6z\u00e9piskola vagy egyetem padjaib\u00f3l kiker\u00fcl\u0151 fiatalokat t\u00f6bbf\u00e9le t\u00e1mogat\u00e1ssal is buzd\u00edtan\u00e1 a mihamarabbi munkav\u00e1llal\u00e1sra. Garant\u00e1lt \u00e1llami p\u00e9nzseg\u00e9llyel \u00e9s eg\u00e9szs\u00e9gbiztos\u00edt\u00e1ssal is igyekeznek r\u00e1b\u00edrni a frissen v\u00e9gzett rom\u00e1niai di\u00e1kokat, hogy\" \/>\n\t\t<meta property=\"og:url\" content=\"https:\/\/allasorias.hu\/hirek\/romaniaban-osztonzik-a-diakokat-a-munkara\/\" \/>\n\t\t<meta property=\"og:image\" content=\"https:\/\/allasorias.hu\/hirek\/wp-content\/uploads\/2019\/06\/romania-1460575_1280.jpg\" \/>\n\t\t<meta property=\"og:image:secure_url\" content=\"https:\/\/allasorias.hu\/hirek\/wp-content\/uploads\/2019\/06\/romania-1460575_1280.jpg\" \/>\n\t\t<meta property=\"og:image:width\" content=\"500\" \/>\n\t\t<meta property=\"og:image:height\" content=\"328\" \/>\n\t\t<meta property=\"article:published_time\" content=\"2019-06-24T09:43:27+00:00\" \/>\n\t\t<meta property=\"article:modified_time\" content=\"2019-06-24T09:43:27+00:00\" \/>\n\t\t<meta property=\"article:publisher\" content=\"https:\/\/www.facebook.com\/allasorias\" \/>\n\t\t<meta name=\"twitter:card\" content=\"summary_large_image\" \/>\n\t\t<meta name=\"twitter:title\" content=\"Rom\u00e1ni\u00e1ban \u00f6szt\u00f6nzik a di\u00e1kokat a munk\u00e1ra | AllasOrias.hu | H\u00edrek-lapszemle\" \/>\n\t\t<meta name=\"twitter:description\" content=\"P\u00e9nzseg\u00e9llyel, valamint egy\u00e9b t\u00e1mogat\u00e1ssal is szeretn\u00e9k \u00f6szt\u00f6n\u00f6zni Rom\u00e1ni\u00e1ban a di\u00e1kokat, hogy v\u00e1llaljanak munk\u00e1t, ezzel az ott is megl\u00e9v\u0151 munkaer\u0151gondokon sz\u00e1nd\u00e9koznak enyh\u00edteni - \u00edrja a Magyar nemzet. Bukarest a k\u00f6z\u00e9piskola vagy egyetem padjaib\u00f3l kiker\u00fcl\u0151 fiatalokat t\u00f6bbf\u00e9le t\u00e1mogat\u00e1ssal is buzd\u00edtan\u00e1 a mihamarabbi munkav\u00e1llal\u00e1sra. Garant\u00e1lt \u00e1llami p\u00e9nzseg\u00e9llyel \u00e9s eg\u00e9szs\u00e9gbiztos\u00edt\u00e1ssal is igyekeznek r\u00e1b\u00edrni a frissen v\u00e9gzett rom\u00e1niai di\u00e1kokat, hogy\" \/>\n\t\t<meta name=\"twitter:image\" content=\"https:\/\/allasorias.hu\/hirek\/wp-content\/uploads\/2019\/06\/romania-1460575_1280.jpg\" \/>\n\t\t<meta name=\"twitter:label1\" content=\"Written by\" \/>\n\t\t<meta name=\"twitter:data1\" content=\"Juh\u00e1sz P\u00e9ter\" \/>\n\t\t<meta name=\"twitter:label2\" content=\"Est. reading time\" \/>\n\t\t<meta name=\"twitter:data2\" content=\"1 minute\" \/>\n\t\t<script type=\"application\/ld+json\" class=\"aioseo-schema\">\n\t\t\t{\"@context\":\"https:\\\/\\\/schema.org\",\"@graph\":[{\"@type\":\"Article\",\"@id\":\"https:\\\/\\\/allasorias.hu\\\/hirek\\\/romaniaban-osztonzik-a-diakokat-a-munkara\\\/#article\",\"name\":\"Rom\\u00e1ni\\u00e1ban \\u00f6szt\\u00f6nzik a di\\u00e1kokat a munk\\u00e1ra | AllasOrias.hu | H\\u00edrek-lapszemle\",\"headline\":\"Rom\\u00e1ni\\u00e1ban \\u00f6szt\\u00f6nzik a di\\u00e1kokat a munk\\u00e1ra\",\"author\":{\"@id\":\"https:\\\/\\\/allasorias.hu\\\/hirek\\\/author\\\/admin-allasorias\\\/#author\"},\"publisher\":{\"@id\":\"https:\\\/\\\/allasorias.hu\\\/hirek\\\/#organization\"},\"image\":{\"@type\":\"ImageObject\",\"url\":\"https:\\\/\\\/allasorias.hu\\\/hirek\\\/wp-content\\\/uploads\\\/2019\\\/06\\\/romania-1460575_1280.jpg\",\"width\":500,\"height\":328},\"datePublished\":\"2019-06-24T09:43:27+02:00\",\"dateModified\":\"2019-06-24T09:43:27+02:00\",\"inLanguage\":\"hu-HU\",\"mainEntityOfPage\":{\"@id\":\"https:\\\/\\\/allasorias.hu\\\/hirek\\\/romaniaban-osztonzik-a-diakokat-a-munkara\\\/#webpage\"},\"isPartOf\":{\"@id\":\"https:\\\/\\\/allasorias.hu\\\/hirek\\\/romaniaban-osztonzik-a-diakokat-a-munkara\\\/#webpage\"},\"articleSection\":\"K\\u00fclf\\u00f6ld, Munkaer\\u0151piac\"},{\"@type\":\"BreadcrumbList\",\"@id\":\"https:\\\/\\\/allasorias.hu\\\/hirek\\\/romaniaban-osztonzik-a-diakokat-a-munkara\\\/#breadcrumblist\",\"itemListElement\":[{\"@type\":\"ListItem\",\"@id\":\"https:\\\/\\\/allasorias.hu\\\/hirek#listItem\",\"position\":1,\"name\":\"Home\",\"item\":\"https:\\\/\\\/allasorias.hu\\\/hirek\",\"nextItem\":{\"@type\":\"ListItem\",\"@id\":\"https:\\\/\\\/allasorias.hu\\\/hirek\\\/temak\\\/munkaeropiac\\\/#listItem\",\"name\":\"Munkaer\\u0151piac\"}},{\"@type\":\"ListItem\",\"@id\":\"https:\\\/\\\/allasorias.hu\\\/hirek\\\/temak\\\/munkaeropiac\\\/#listItem\",\"position\":2,\"name\":\"Munkaer\\u0151piac\",\"item\":\"https:\\\/\\\/allasorias.hu\\\/hirek\\\/temak\\\/munkaeropiac\\\/\",\"nextItem\":{\"@type\":\"ListItem\",\"@id\":\"https:\\\/\\\/allasorias.hu\\\/hirek\\\/romaniaban-osztonzik-a-diakokat-a-munkara\\\/#listItem\",\"name\":\"Rom\\u00e1ni\\u00e1ban \\u00f6szt\\u00f6nzik a di\\u00e1kokat a munk\\u00e1ra\"},\"previousItem\":{\"@type\":\"ListItem\",\"@id\":\"https:\\\/\\\/allasorias.hu\\\/hirek#listItem\",\"name\":\"Home\"}},{\"@type\":\"ListItem\",\"@id\":\"https:\\\/\\\/allasorias.hu\\\/hirek\\\/romaniaban-osztonzik-a-diakokat-a-munkara\\\/#listItem\",\"position\":3,\"name\":\"Rom\\u00e1ni\\u00e1ban \\u00f6szt\\u00f6nzik a di\\u00e1kokat a munk\\u00e1ra\",\"previousItem\":{\"@type\":\"ListItem\",\"@id\":\"https:\\\/\\\/allasorias.hu\\\/hirek\\\/temak\\\/munkaeropiac\\\/#listItem\",\"name\":\"Munkaer\\u0151piac\"}}]},{\"@type\":\"Organization\",\"@id\":\"https:\\\/\\\/allasorias.hu\\\/hirek\\\/#organization\",\"name\":\"AllasOrias.hu | H\\u00edrek-lapszemle\",\"description\":\"\\u00dczleti h\\u00edrek az \\u00e1ll\\u00e1s \\u00e9s a munka vil\\u00e1g\\u00e1b\\u00f3l\",\"url\":\"https:\\\/\\\/allasorias.hu\\\/hirek\\\/\",\"logo\":{\"@type\":\"ImageObject\",\"url\":\"https:\\\/\\\/allasorias.hu\\\/hirek\\\/wp-content\\\/uploads\\\/2022\\\/10\\\/allasorias_site_facebok_logo.png\",\"@id\":\"https:\\\/\\\/allasorias.hu\\\/hirek\\\/romaniaban-osztonzik-a-diakokat-a-munkara\\\/#organizationLogo\"},\"image\":{\"@id\":\"https:\\\/\\\/allasorias.hu\\\/hirek\\\/romaniaban-osztonzik-a-diakokat-a-munkara\\\/#organizationLogo\"},\"sameAs\":[\"https:\\\/\\\/www.facebook.com\\\/allasorias\",\"https:\\\/\\\/www.linkedin.com\\\/company\\\/allasorias\"]},{\"@type\":\"Person\",\"@id\":\"https:\\\/\\\/allasorias.hu\\\/hirek\\\/author\\\/admin-allasorias\\\/#author\",\"url\":\"https:\\\/\\\/allasorias.hu\\\/hirek\\\/author\\\/admin-allasorias\\\/\",\"name\":\"Juh\\u00e1sz P\\u00e9ter\",\"image\":{\"@type\":\"ImageObject\",\"@id\":\"https:\\\/\\\/allasorias.hu\\\/hirek\\\/romaniaban-osztonzik-a-diakokat-a-munkara\\\/#authorImage\",\"url\":\"https:\\\/\\\/secure.gravatar.com\\\/avatar\\\/36e6bcb83148978b992977cb0f54d22feb0cce8a0a849a9410532bb2623ba4c6?s=96&d=mm&r=g\",\"width\":96,\"height\":96,\"caption\":\"Juh\\u00e1sz P\\u00e9ter\"}},{\"@type\":\"WebPage\",\"@id\":\"https:\\\/\\\/allasorias.hu\\\/hirek\\\/romaniaban-osztonzik-a-diakokat-a-munkara\\\/#webpage\",\"url\":\"https:\\\/\\\/allasorias.hu\\\/hirek\\\/romaniaban-osztonzik-a-diakokat-a-munkara\\\/\",\"name\":\"Rom\\u00e1ni\\u00e1ban \\u00f6szt\\u00f6nzik a di\\u00e1kokat a munk\\u00e1ra | AllasOrias.hu | H\\u00edrek-lapszemle\",\"description\":\"P\\u00e9nzseg\\u00e9llyel, valamint egy\\u00e9b t\\u00e1mogat\\u00e1ssal is szeretn\\u00e9k \\u00f6szt\\u00f6n\\u00f6zni Rom\\u00e1ni\\u00e1ban a di\\u00e1kokat, hogy v\\u00e1llaljanak munk\\u00e1t, ezzel az ott is megl\\u00e9v\\u0151 munkaer\\u0151gondokon sz\\u00e1nd\\u00e9koznak enyh\\u00edteni - \\u00edrja a Magyar nemzet. Bukarest a k\\u00f6z\\u00e9piskola vagy egyetem padjaib\\u00f3l kiker\\u00fcl\\u0151 fiatalokat t\\u00f6bbf\\u00e9le t\\u00e1mogat\\u00e1ssal is buzd\\u00edtan\\u00e1 a mihamarabbi munkav\\u00e1llal\\u00e1sra. Garant\\u00e1lt \\u00e1llami p\\u00e9nzseg\\u00e9llyel \\u00e9s eg\\u00e9szs\\u00e9gbiztos\\u00edt\\u00e1ssal is igyekeznek r\\u00e1b\\u00edrni a frissen v\\u00e9gzett rom\\u00e1niai di\\u00e1kokat, hogy\",\"inLanguage\":\"hu-HU\",\"isPartOf\":{\"@id\":\"https:\\\/\\\/allasorias.hu\\\/hirek\\\/#website\"},\"breadcrumb\":{\"@id\":\"https:\\\/\\\/allasorias.hu\\\/hirek\\\/romaniaban-osztonzik-a-diakokat-a-munkara\\\/#breadcrumblist\"},\"author\":{\"@id\":\"https:\\\/\\\/allasorias.hu\\\/hirek\\\/author\\\/admin-allasorias\\\/#author\"},\"creator\":{\"@id\":\"https:\\\/\\\/allasorias.hu\\\/hirek\\\/author\\\/admin-allasorias\\\/#author\"},\"image\":{\"@type\":\"ImageObject\",\"url\":\"https:\\\/\\\/allasorias.hu\\\/hirek\\\/wp-content\\\/uploads\\\/2019\\\/06\\\/romania-1460575_1280.jpg\",\"@id\":\"https:\\\/\\\/allasorias.hu\\\/hirek\\\/romaniaban-osztonzik-a-diakokat-a-munkara\\\/#mainImage\",\"width\":500,\"height\":328},\"primaryImageOfPage\":{\"@id\":\"https:\\\/\\\/allasorias.hu\\\/hirek\\\/romaniaban-osztonzik-a-diakokat-a-munkara\\\/#mainImage\"},\"datePublished\":\"2019-06-24T09:43:27+02:00\",\"dateModified\":\"2019-06-24T09:43:27+02:00\"},{\"@type\":\"WebSite\",\"@id\":\"https:\\\/\\\/allasorias.hu\\\/hirek\\\/#website\",\"url\":\"https:\\\/\\\/allasorias.hu\\\/hirek\\\/\",\"name\":\"AllasOrias.hu | H\\u00edrek-lapszemle\",\"description\":\"\\u00dczleti h\\u00edrek az \\u00e1ll\\u00e1s \\u00e9s a munka vil\\u00e1g\\u00e1b\\u00f3l\",\"inLanguage\":\"hu-HU\",\"publisher\":{\"@id\":\"https:\\\/\\\/allasorias.hu\\\/hirek\\\/#organization\"}}]}\n\t\t<\/script>\n\t\t<!-- All in One SEO -->\n\n","aioseo_head_json":{"title":"Rom\u00e1ni\u00e1ban \u00f6szt\u00f6nzik a di\u00e1kokat a munk\u00e1ra | AllasOrias.hu | H\u00edrek-lapszemle","description":"P\u00e9nzseg\u00e9llyel, valamint egy\u00e9b t\u00e1mogat\u00e1ssal is szeretn\u00e9k \u00f6szt\u00f6n\u00f6zni Rom\u00e1ni\u00e1ban a di\u00e1kokat, hogy v\u00e1llaljanak munk\u00e1t, ezzel az ott is megl\u00e9v\u0151 munkaer\u0151gondokon sz\u00e1nd\u00e9koznak enyh\u00edteni - \u00edrja a Magyar nemzet. Bukarest a k\u00f6z\u00e9piskola vagy egyetem padjaib\u00f3l kiker\u00fcl\u0151 fiatalokat t\u00f6bbf\u00e9le t\u00e1mogat\u00e1ssal is buzd\u00edtan\u00e1 a mihamarabbi munkav\u00e1llal\u00e1sra. Garant\u00e1lt \u00e1llami p\u00e9nzseg\u00e9llyel \u00e9s eg\u00e9szs\u00e9gbiztos\u00edt\u00e1ssal is igyekeznek r\u00e1b\u00edrni a frissen v\u00e9gzett rom\u00e1niai di\u00e1kokat, hogy","canonical_url":"https:\/\/allasorias.hu\/hirek\/romaniaban-osztonzik-a-diakokat-a-munkara\/","robots":"max-image-preview:large","keywords":"","webmasterTools":{"miscellaneous":""},"schema":{"@context":"https:\/\/schema.org","@graph":[{"@type":"Article","@id":"https:\/\/allasorias.hu\/hirek\/romaniaban-osztonzik-a-diakokat-a-munkara\/#article","name":"Rom\u00e1ni\u00e1ban \u00f6szt\u00f6nzik a di\u00e1kokat a munk\u00e1ra | AllasOrias.hu | H\u00edrek-lapszemle","headline":"Rom\u00e1ni\u00e1ban \u00f6szt\u00f6nzik a di\u00e1kokat a munk\u00e1ra","author":{"@id":"https:\/\/allasorias.hu\/hirek\/author\/admin-allasorias\/#author"},"publisher":{"@id":"https:\/\/allasorias.hu\/hirek\/#organization"},"image":{"@type":"ImageObject","url":"https:\/\/allasorias.hu\/hirek\/wp-content\/uploads\/2019\/06\/romania-1460575_1280.jpg","width":500,"height":328},"datePublished":"2019-06-24T09:43:27+02:00","dateModified":"2019-06-24T09:43:27+02:00","inLanguage":"hu-HU","mainEntityOfPage":{"@id":"https:\/\/allasorias.hu\/hirek\/romaniaban-osztonzik-a-diakokat-a-munkara\/#webpage"},"isPartOf":{"@id":"https:\/\/allasorias.hu\/hirek\/romaniaban-osztonzik-a-diakokat-a-munkara\/#webpage"},"articleSection":"K\u00fclf\u00f6ld, Munkaer\u0151piac"},{"@type":"BreadcrumbList","@id":"https:\/\/allasorias.hu\/hirek\/romaniaban-osztonzik-a-diakokat-a-munkara\/#breadcrumblist","itemListElement":[{"@type":"ListItem","@id":"https:\/\/allasorias.hu\/hirek#listItem","position":1,"name":"Home","item":"https:\/\/allasorias.hu\/hirek","nextItem":{"@type":"ListItem","@id":"https:\/\/allasorias.hu\/hirek\/temak\/munkaeropiac\/#listItem","name":"Munkaer\u0151piac"}},{"@type":"ListItem","@id":"https:\/\/allasorias.hu\/hirek\/temak\/munkaeropiac\/#listItem","position":2,"name":"Munkaer\u0151piac","item":"https:\/\/allasorias.hu\/hirek\/temak\/munkaeropiac\/","nextItem":{"@type":"ListItem","@id":"https:\/\/allasorias.hu\/hirek\/romaniaban-osztonzik-a-diakokat-a-munkara\/#listItem","name":"Rom\u00e1ni\u00e1ban \u00f6szt\u00f6nzik a di\u00e1kokat a munk\u00e1ra"},"previousItem":{"@type":"ListItem","@id":"https:\/\/allasorias.hu\/hirek#listItem","name":"Home"}},{"@type":"ListItem","@id":"https:\/\/allasorias.hu\/hirek\/romaniaban-osztonzik-a-diakokat-a-munkara\/#listItem","position":3,"name":"Rom\u00e1ni\u00e1ban \u00f6szt\u00f6nzik a di\u00e1kokat a munk\u00e1ra","previousItem":{"@type":"ListItem","@id":"https:\/\/allasorias.hu\/hirek\/temak\/munkaeropiac\/#listItem","name":"Munkaer\u0151piac"}}]},{"@type":"Organization","@id":"https:\/\/allasorias.hu\/hirek\/#organization","name":"AllasOrias.hu | H\u00edrek-lapszemle","description":"\u00dczleti h\u00edrek az \u00e1ll\u00e1s \u00e9s a munka vil\u00e1g\u00e1b\u00f3l","url":"https:\/\/allasorias.hu\/hirek\/","logo":{"@type":"ImageObject","url":"https:\/\/allasorias.hu\/hirek\/wp-content\/uploads\/2022\/10\/allasorias_site_facebok_logo.png","@id":"https:\/\/allasorias.hu\/hirek\/romaniaban-osztonzik-a-diakokat-a-munkara\/#organizationLogo"},"image":{"@id":"https:\/\/allasorias.hu\/hirek\/romaniaban-osztonzik-a-diakokat-a-munkara\/#organizationLogo"},"sameAs":["https:\/\/www.facebook.com\/allasorias","https:\/\/www.linkedin.com\/company\/allasorias"]},{"@type":"Person","@id":"https:\/\/allasorias.hu\/hirek\/author\/admin-allasorias\/#author","url":"https:\/\/allasorias.hu\/hirek\/author\/admin-allasorias\/","name":"Juh\u00e1sz P\u00e9ter","image":{"@type":"ImageObject","@id":"https:\/\/allasorias.hu\/hirek\/romaniaban-osztonzik-a-diakokat-a-munkara\/#authorImage","url":"https:\/\/secure.gravatar.com\/avatar\/36e6bcb83148978b992977cb0f54d22feb0cce8a0a849a9410532bb2623ba4c6?s=96&d=mm&r=g","width":96,"height":96,"caption":"Juh\u00e1sz P\u00e9ter"}},{"@type":"WebPage","@id":"https:\/\/allasorias.hu\/hirek\/romaniaban-osztonzik-a-diakokat-a-munkara\/#webpage","url":"https:\/\/allasorias.hu\/hirek\/romaniaban-osztonzik-a-diakokat-a-munkara\/","name":"Rom\u00e1ni\u00e1ban \u00f6szt\u00f6nzik a di\u00e1kokat a munk\u00e1ra | AllasOrias.hu | H\u00edrek-lapszemle","description":"P\u00e9nzseg\u00e9llyel, valamint egy\u00e9b t\u00e1mogat\u00e1ssal is szeretn\u00e9k \u00f6szt\u00f6n\u00f6zni Rom\u00e1ni\u00e1ban a di\u00e1kokat, hogy v\u00e1llaljanak munk\u00e1t, ezzel az ott is megl\u00e9v\u0151 munkaer\u0151gondokon sz\u00e1nd\u00e9koznak enyh\u00edteni - \u00edrja a Magyar nemzet. Bukarest a k\u00f6z\u00e9piskola vagy egyetem padjaib\u00f3l kiker\u00fcl\u0151 fiatalokat t\u00f6bbf\u00e9le t\u00e1mogat\u00e1ssal is buzd\u00edtan\u00e1 a mihamarabbi munkav\u00e1llal\u00e1sra. Garant\u00e1lt \u00e1llami p\u00e9nzseg\u00e9llyel \u00e9s eg\u00e9szs\u00e9gbiztos\u00edt\u00e1ssal is igyekeznek r\u00e1b\u00edrni a frissen v\u00e9gzett rom\u00e1niai di\u00e1kokat, hogy","inLanguage":"hu-HU","isPartOf":{"@id":"https:\/\/allasorias.hu\/hirek\/#website"},"breadcrumb":{"@id":"https:\/\/allasorias.hu\/hirek\/romaniaban-osztonzik-a-diakokat-a-munkara\/#breadcrumblist"},"author":{"@id":"https:\/\/allasorias.hu\/hirek\/author\/admin-allasorias\/#author"},"creator":{"@id":"https:\/\/allasorias.hu\/hirek\/author\/admin-allasorias\/#author"},"image":{"@type":"ImageObject","url":"https:\/\/allasorias.hu\/hirek\/wp-content\/uploads\/2019\/06\/romania-1460575_1280.jpg","@id":"https:\/\/allasorias.hu\/hirek\/romaniaban-osztonzik-a-diakokat-a-munkara\/#mainImage","width":500,"height":328},"primaryImageOfPage":{"@id":"https:\/\/allasorias.hu\/hirek\/romaniaban-osztonzik-a-diakokat-a-munkara\/#mainImage"},"datePublished":"2019-06-24T09:43:27+02:00","dateModified":"2019-06-24T09:43:27+02:00"},{"@type":"WebSite","@id":"https:\/\/allasorias.hu\/hirek\/#website","url":"https:\/\/allasorias.hu\/hirek\/","name":"AllasOrias.hu | H\u00edrek-lapszemle","description":"\u00dczleti h\u00edrek az \u00e1ll\u00e1s \u00e9s a munka vil\u00e1g\u00e1b\u00f3l","inLanguage":"hu-HU","publisher":{"@id":"https:\/\/allasorias.hu\/hirek\/#organization"}}]},"og:locale":"hu_HU","og:site_name":"AllasOrias.hu | H\u00edrek-lapszemle | \u00dczleti h\u00edrek az \u00e1ll\u00e1s \u00e9s a munka vil\u00e1g\u00e1b\u00f3l","og:type":"article","og:title":"Rom\u00e1ni\u00e1ban \u00f6szt\u00f6nzik a di\u00e1kokat a munk\u00e1ra | AllasOrias.hu | H\u00edrek-lapszemle","og:description":"P\u00e9nzseg\u00e9llyel, valamint egy\u00e9b t\u00e1mogat\u00e1ssal is szeretn\u00e9k \u00f6szt\u00f6n\u00f6zni Rom\u00e1ni\u00e1ban a di\u00e1kokat, hogy v\u00e1llaljanak munk\u00e1t, ezzel az ott is megl\u00e9v\u0151 munkaer\u0151gondokon sz\u00e1nd\u00e9koznak enyh\u00edteni - \u00edrja a Magyar nemzet. Bukarest a k\u00f6z\u00e9piskola vagy egyetem padjaib\u00f3l kiker\u00fcl\u0151 fiatalokat t\u00f6bbf\u00e9le t\u00e1mogat\u00e1ssal is buzd\u00edtan\u00e1 a mihamarabbi munkav\u00e1llal\u00e1sra. Garant\u00e1lt \u00e1llami p\u00e9nzseg\u00e9llyel \u00e9s eg\u00e9szs\u00e9gbiztos\u00edt\u00e1ssal is igyekeznek r\u00e1b\u00edrni a frissen v\u00e9gzett rom\u00e1niai di\u00e1kokat, hogy","og:url":"https:\/\/allasorias.hu\/hirek\/romaniaban-osztonzik-a-diakokat-a-munkara\/","og:image":"https:\/\/allasorias.hu\/hirek\/wp-content\/uploads\/2019\/06\/romania-1460575_1280.jpg","og:image:secure_url":"https:\/\/allasorias.hu\/hirek\/wp-content\/uploads\/2019\/06\/romania-1460575_1280.jpg","og:image:width":500,"og:image:height":328,"article:published_time":"2019-06-24T09:43:27+00:00","article:modified_time":"2019-06-24T09:43:27+00:00","article:publisher":"https:\/\/www.facebook.com\/allasorias","twitter:card":"summary_large_image","twitter:title":"Rom\u00e1ni\u00e1ban \u00f6szt\u00f6nzik a di\u00e1kokat a munk\u00e1ra | AllasOrias.hu | H\u00edrek-lapszemle","twitter:description":"P\u00e9nzseg\u00e9llyel, valamint egy\u00e9b t\u00e1mogat\u00e1ssal is szeretn\u00e9k \u00f6szt\u00f6n\u00f6zni Rom\u00e1ni\u00e1ban a di\u00e1kokat, hogy v\u00e1llaljanak munk\u00e1t, ezzel az ott is megl\u00e9v\u0151 munkaer\u0151gondokon sz\u00e1nd\u00e9koznak enyh\u00edteni - \u00edrja a Magyar nemzet. Bukarest a k\u00f6z\u00e9piskola vagy egyetem padjaib\u00f3l kiker\u00fcl\u0151 fiatalokat t\u00f6bbf\u00e9le t\u00e1mogat\u00e1ssal is buzd\u00edtan\u00e1 a mihamarabbi munkav\u00e1llal\u00e1sra. Garant\u00e1lt \u00e1llami p\u00e9nzseg\u00e9llyel \u00e9s eg\u00e9szs\u00e9gbiztos\u00edt\u00e1ssal is igyekeznek r\u00e1b\u00edrni a frissen v\u00e9gzett rom\u00e1niai di\u00e1kokat, hogy","twitter:image":"https:\/\/allasorias.hu\/hirek\/wp-content\/uploads\/2019\/06\/romania-1460575_1280.jpg","twitter:label1":"Written by","twitter:data1":"Juh\u00e1sz P\u00e9ter","twitter:label2":"Est. reading time","twitter:data2":"1 minute"},"aioseo_meta_data":{"post_id":"3020","title":null,"description":null,"keywords":null,"keyphrases":null,"primary_term":null,"canonical_url":null,"og_title":null,"og_description":null,"og_object_type":"default","og_image_type":"default","og_image_url":null,"og_image_width":null,"og_image_height":null,"og_image_custom_url":null,"og_image_custom_fields":null,"og_video":null,"og_custom_url":null,"og_article_section":null,"og_article_tags":null,"twitter_use_og":false,"twitter_card":"default","twitter_image_type":"default","twitter_image_url":null,"twitter_image_custom_url":null,"twitter_image_custom_fields":null,"twitter_title":null,"twitter_description":null,"schema":{"blockGraphs":[],"customGraphs":[],"default":{"data":{"Article":[],"Course":[],"Dataset":[],"FAQPage":[],"Movie":[],"Person":[],"Product":[],"ProductReview":[],"Car":[],"Recipe":[],"Service":[],"SoftwareApplication":[],"WebPage":[]},"graphName":"","isEnabled":true},"graphs":[],"defaultGraph":"","defaultPostTypeGraph":""},"schema_type":null,"schema_type_options":null,"pillar_content":false,"robots_default":true,"robots_noindex":false,"robots_noarchive":false,"robots_nosnippet":false,"robots_nofollow":false,"robots_noimageindex":false,"robots_noodp":false,"robots_notranslate":false,"robots_max_snippet":null,"robots_max_videopreview":null,"robots_max_imagepreview":"large","priority":null,"frequency":null,"location":null,"local_seo":null,"breadcrumb_settings":null,"limit_modified_date":false,"ai":null,"created":"2021-02-01 21:28:17","updated":"2025-10-02 11:28:27","seo_analyzer_scan_date":null,"focus_keyword":null,"additional_keywords":null,"truseo_locale":null},"aioseo_breadcrumb":"<div class=\"aioseo-breadcrumbs\"><span class=\"aioseo-breadcrumb\">\n\t\t\t<a href=\"https:\/\/allasorias.hu\/hirek\" title=\"Home\">Home<\/a>\n\t\t<\/span><span class=\"aioseo-breadcrumb-separator\">&raquo;<\/span><span class=\"aioseo-breadcrumb\">\n\t\t\t<a href=\"https:\/\/allasorias.hu\/hirek\/temak\/munkaeropiac\/\" title=\"Munkaer\u0151piac\">Munkaer\u0151piac<\/a>\n\t\t<\/span><span class=\"aioseo-breadcrumb-separator\">&raquo;<\/span><span class=\"aioseo-breadcrumb\">\n\t\t\tRom\u00e1ni\u00e1ban \u00f6szt\u00f6nzik a di\u00e1kokat a munk\u00e1ra\n\t\t<\/span><\/div>","aioseo_breadcrumb_json":[{"label":"Home","link":"https:\/\/allasorias.hu\/hirek"},{"label":"Munkaer\u0151piac","link":"https:\/\/allasorias.hu\/hirek\/temak\/munkaeropiac\/"},{"label":"Rom\u00e1ni\u00e1ban \u00f6szt\u00f6nzik a di\u00e1kokat a munk\u00e1ra","link":"https:\/\/allasorias.hu\/hirek\/romaniaban-osztonzik-a-diakokat-a-munkara\/"}],"_links":{"self":[{"href":"https:\/\/allasorias.hu\/hirek\/wp-json\/wp\/v2\/posts\/3020","targetHints":{"allow":["GET"]}}],"collection":[{"href":"https:\/\/allasorias.hu\/hirek\/wp-json\/wp\/v2\/posts"}],"about":[{"href":"https:\/\/allasorias.hu\/hirek\/wp-json\/wp\/v2\/types\/post"}],"author":[{"embeddable":true,"href":"https:\/\/allasorias.hu\/hirek\/wp-json\/wp\/v2\/users\/1"}],"replies":[{"embeddable":true,"href":"https:\/\/allasorias.hu\/hirek\/wp-json\/wp\/v2\/comments?post=3020"}],"version-history":[{"count":1,"href":"https:\/\/allasorias.hu\/hirek\/wp-json\/wp\/v2\/posts\/3020\/revisions"}],"predecessor-version":[{"id":3022,"href":"https:\/\/allasorias.hu\/hirek\/wp-json\/wp\/v2\/posts\/3020\/revisions\/3022"}],"wp:featuredmedia":[{"embeddable":true,"href":"https:\/\/allasorias.hu\/hirek\/wp-json\/wp\/v2\/media\/3021"}],"wp:attachment":[{"href":"https:\/\/allasorias.hu\/hirek\/wp-json\/wp\/v2\/media?parent=3020"}],"wp:term":[{"taxonomy":"category","embeddable":true,"href":"https:\/\/allasorias.hu\/hirek\/wp-json\/wp\/v2\/categories?post=3020"},{"taxonomy":"post_tag","embeddable":true,"href":"https:\/\/allasorias.hu\/hirek\/wp-json\/wp\/v2\/tags?post=3020"}],"curies":[{"name":"wp","href":"https:\/\/api.w.org\/{rel}","templated":true}]}}