{"id":3012,"date":"2019-06-20T08:18:33","date_gmt":"2019-06-20T08:18:33","guid":{"rendered":"https:\/\/allasorias.hu\/hirek\/?p=3012"},"modified":"2019-06-20T08:18:33","modified_gmt":"2019-06-20T08:18:33","slug":"nem-eleg-a-jo-fizetes-igy-is-keves-a-munkaero-a-balatonon","status":"publish","type":"post","link":"https:\/\/allasorias.hu\/hirek\/nem-eleg-a-jo-fizetes-igy-is-keves-a-munkaero-a-balatonon\/","title":{"rendered":"Nem el\u00e9g a j\u00f3 fizet\u00e9s, \u00edgy is kev\u00e9s a munkaer\u0151 a Balatonon"},"content":{"rendered":"<p><strong>K\u00fczdenek a Balatonon a\u00a0 vend\u00e9gl\u00e1t\u00f3helyek, mert alig tal\u00e1lnak munkaer\u0151t a szezonra. Szerint\u00fck ez annak is k\u00f6sz\u00f6nhet\u0151, hogy\u00a0 elsz\u00e1lltak az \u00e1rak a t\u00f3parti \u00fczletekben, ugyanis a v\u00e1llalkoz\u00f3knak vonz\u00f3 b\u00e9rt kellene kigazd\u00e1lkodniuk &#8211; \u00edrta szerdai sz\u00e1m\u00e1ban a N\u00e9pszava. A d\u00e9li parton a vend\u00e9gl\u00e1t\u00f3sok j\u00f3 esetben 1100-1300 forintos \u00f3rab\u00e9r\u00e9rt tal\u00e1ltak felszolg\u00e1l\u00f3t, j\u00f3 szak\u00e1csnak pedig 1500 forint alatt nem \u00e9rdemes megegyez\u00e9st aj\u00e1nlaniuk, de ak\u00e1r 2000 forintot is kell fizetni\u00fck, s\u0151t az \u00e9szaki parton komolyabb helyeken a pinc\u00e9rek is megkapj\u00e1k ezt az \u00f3rab\u00e9rt.<\/strong><\/p>\n<p>A munkaer\u0151hi\u00e1nnyal nemcsak a vend\u00e9gl\u0151k, de a k\u00fcl\u00f6nf\u00e9le \u00fczletek is k\u00fczdenek, sok helyen a tulajdonosok \u00e9s csal\u00e1dtagjaik \u00e1llnak a pult m\u00f6g\u00e9 a ny\u00e1ri szezonban, mert nem tal\u00e1lnak el\u00e9g alkalmazottat. &#8222;N\u00e9gysz\u00e1zezer forint\u00e9rt sem j\u00f6n senki&#8221; &#8211; fogalmazott az egyik vend\u00e9gl\u0151s a lapnak. Egy m\u00e1sik arra panaszkodott, hogy olyanok j\u00f6nnek, akiket semmire sem lehet haszn\u00e1lni, nem dolgozni akarnak, csak sok p\u00e9nzt keresni. A balatoni v\u00e1llalkoz\u00f3k szerint a helyzet tavaly \u00f3ta is romlott, aminek egyik oka, hogy egyre kevesebben j\u00f6nnek haza azok k\u00f6z\u00fcl, akik kor\u00e1bban csak t\u00e9lre mentek ki k\u00fclf\u00f6ldre dolgozni, a ny\u00e1ri szezonban pedig a Balatonon v\u00e1llaltak munk\u00e1t, \u00e9s ez a helyzet a k\u00f6vetkez\u0151 \u00e9vekben v\u00e1rhat\u00f3an m\u00e9g rosszabb lesz. Egyes v\u00e9lem\u00e9nyek szerint a magas b\u00e9reket sok\u00e1ig a t\u00f6bbs\u00e9g nem tudja fizetni, \u00edgy k\u00e9nytelen lesz bez\u00e1rni. \u00d6t \u00e9v alatt a balatoni kisv\u00e1llalkoz\u00e1soknak ak\u00e1r a fele is elt\u0171nhet. \u00a0Nem tudj\u00e1k kigazd\u00e1lkodni a hazai vend\u00e9gl\u00e1t\u00f3helyek \u00e9s sz\u00e1llod\u00e1k a nyugat-eur\u00f3pai sz\u00ednvonal\u00fa b\u00e9reket, ez\u00e9rt a turizmusb\u00f3l az elm\u00falt \u00e9vekben rengeteg szakember ment ki k\u00fclf\u00f6ldre &#8211; mondta a N\u00e9pszav\u00e1nak Flesch Tam\u00e1s, a Magyar Sz\u00e1llod\u00e1k \u00e9s \u00c9ttermek Sz\u00f6vets\u00e9g\u00e9nek eln\u00f6ke, aki szerint minimum t\u00edzezren hi\u00e1nyoznak az \u00e1gazatb\u00f3l, a ny\u00e1ri szezon kezdet\u00e9n pedig m\u00e9g enn\u00e9l is t\u00f6bb embert keresnek.<\/p>\n<p>&nbsp;<\/p>\n<p>Forr\u00e1s: MTI, magyarmezogazdasag.hu<\/p>\n","protected":false},"excerpt":{"rendered":"<p>K\u00fczdenek a Balatonon a\u00a0 vend\u00e9gl\u00e1t\u00f3helyek, mert alig tal\u00e1lnak munkaer\u0151t a szezonra. Szerint\u00fck ez annak is k\u00f6sz\u00f6nhet\u0151, hogy\u00a0 elsz\u00e1lltak az \u00e1rak a t\u00f3parti \u00fczletekben, ugyanis a v\u00e1llalkoz\u00f3knak vonz\u00f3 b\u00e9rt kellene kigazd\u00e1lkodniuk &#8211; \u00edrta szerdai sz\u00e1m\u00e1ban a N\u00e9pszava. A d\u00e9li parton a vend\u00e9gl\u00e1t\u00f3sok j\u00f3 esetben 1100-1300 forintos \u00f3rab\u00e9r\u00e9rt tal\u00e1ltak felszolg\u00e1l\u00f3t, j\u00f3 szak\u00e1csnak pedig 1500 forint alatt nem [&hellip;]<\/p>\n","protected":false},"author":1,"featured_media":3013,"comment_status":"open","ping_status":"open","sticky":false,"template":"","format":"standard","meta":{"_monsterinsights_skip_tracking":false,"footnotes":""},"categories":[1,203],"tags":[],"class_list":["post-3012","post","type-post","status-publish","format-standard","has-post-thumbnail","hentry","category-allaskereses","category-hianyszakmak"],"aioseo_notices":[],"aioseo_head":"\n\t\t<!-- All in One SEO 5.0.0.1 - aioseo.com -->\n\t<meta name=\"description\" content=\"K\u00fczdenek a Balatonon a vend\u00e9gl\u00e1t\u00f3helyek, mert alig tal\u00e1lnak munkaer\u0151t a szezonra. Szerint\u00fck ez annak is k\u00f6sz\u00f6nhet\u0151, hogy elsz\u00e1lltak az \u00e1rak a t\u00f3parti \u00fczletekben, ugyanis a v\u00e1llalkoz\u00f3knak vonz\u00f3 b\u00e9rt kellene kigazd\u00e1lkodniuk - \u00edrta szerdai sz\u00e1m\u00e1ban a N\u00e9pszava. A d\u00e9li parton a vend\u00e9gl\u00e1t\u00f3sok j\u00f3 esetben 1100-1300 forintos \u00f3rab\u00e9r\u00e9rt tal\u00e1ltak felszolg\u00e1l\u00f3t, j\u00f3 szak\u00e1csnak pedig 1500 forint alatt nem\" \/>\n\t<meta name=\"robots\" content=\"max-image-preview:large\" \/>\n\t<meta name=\"author\" content=\"Juh\u00e1sz P\u00e9ter\"\/>\n\t<link rel=\"canonical\" href=\"https:\/\/allasorias.hu\/hirek\/nem-eleg-a-jo-fizetes-igy-is-keves-a-munkaero-a-balatonon\/\" \/>\n\t<meta name=\"generator\" content=\"All in One SEO (AIOSEO) 5.0.0.1\" \/>\n\t\t<meta property=\"og:locale\" content=\"hu_HU\" \/>\n\t\t<meta property=\"og:site_name\" content=\"AllasOrias.hu | H\u00edrek-lapszemle | \u00dczleti h\u00edrek az \u00e1ll\u00e1s \u00e9s a munka vil\u00e1g\u00e1b\u00f3l\" \/>\n\t\t<meta property=\"og:type\" content=\"article\" \/>\n\t\t<meta property=\"og:title\" content=\"Nem el\u00e9g a j\u00f3 fizet\u00e9s, \u00edgy is kev\u00e9s a munkaer\u0151 a Balatonon | AllasOrias.hu | H\u00edrek-lapszemle\" \/>\n\t\t<meta property=\"og:description\" content=\"K\u00fczdenek a Balatonon a vend\u00e9gl\u00e1t\u00f3helyek, mert alig tal\u00e1lnak munkaer\u0151t a szezonra. Szerint\u00fck ez annak is k\u00f6sz\u00f6nhet\u0151, hogy elsz\u00e1lltak az \u00e1rak a t\u00f3parti \u00fczletekben, ugyanis a v\u00e1llalkoz\u00f3knak vonz\u00f3 b\u00e9rt kellene kigazd\u00e1lkodniuk - \u00edrta szerdai sz\u00e1m\u00e1ban a N\u00e9pszava. A d\u00e9li parton a vend\u00e9gl\u00e1t\u00f3sok j\u00f3 esetben 1100-1300 forintos \u00f3rab\u00e9r\u00e9rt tal\u00e1ltak felszolg\u00e1l\u00f3t, j\u00f3 szak\u00e1csnak pedig 1500 forint alatt nem\" \/>\n\t\t<meta property=\"og:url\" content=\"https:\/\/allasorias.hu\/hirek\/nem-eleg-a-jo-fizetes-igy-is-keves-a-munkaero-a-balatonon\/\" \/>\n\t\t<meta property=\"og:image\" content=\"https:\/\/allasorias.hu\/hirek\/wp-content\/uploads\/2019\/06\/sailing-boat-1604128_1280.jpg\" \/>\n\t\t<meta property=\"og:image:secure_url\" content=\"https:\/\/allasorias.hu\/hirek\/wp-content\/uploads\/2019\/06\/sailing-boat-1604128_1280.jpg\" \/>\n\t\t<meta property=\"og:image:width\" content=\"1280\" \/>\n\t\t<meta property=\"og:image:height\" content=\"852\" \/>\n\t\t<meta property=\"article:published_time\" content=\"2019-06-20T08:18:33+00:00\" \/>\n\t\t<meta property=\"article:modified_time\" content=\"2019-06-20T08:18:33+00:00\" \/>\n\t\t<meta property=\"article:publisher\" content=\"https:\/\/www.facebook.com\/allasorias\" \/>\n\t\t<meta name=\"twitter:card\" content=\"summary_large_image\" \/>\n\t\t<meta name=\"twitter:title\" content=\"Nem el\u00e9g a j\u00f3 fizet\u00e9s, \u00edgy is kev\u00e9s a munkaer\u0151 a Balatonon | AllasOrias.hu | H\u00edrek-lapszemle\" \/>\n\t\t<meta name=\"twitter:description\" content=\"K\u00fczdenek a Balatonon a vend\u00e9gl\u00e1t\u00f3helyek, mert alig tal\u00e1lnak munkaer\u0151t a szezonra. Szerint\u00fck ez annak is k\u00f6sz\u00f6nhet\u0151, hogy elsz\u00e1lltak az \u00e1rak a t\u00f3parti \u00fczletekben, ugyanis a v\u00e1llalkoz\u00f3knak vonz\u00f3 b\u00e9rt kellene kigazd\u00e1lkodniuk - \u00edrta szerdai sz\u00e1m\u00e1ban a N\u00e9pszava. A d\u00e9li parton a vend\u00e9gl\u00e1t\u00f3sok j\u00f3 esetben 1100-1300 forintos \u00f3rab\u00e9r\u00e9rt tal\u00e1ltak felszolg\u00e1l\u00f3t, j\u00f3 szak\u00e1csnak pedig 1500 forint alatt nem\" \/>\n\t\t<meta name=\"twitter:image\" content=\"https:\/\/allasorias.hu\/hirek\/wp-content\/uploads\/2019\/06\/sailing-boat-1604128_1280.jpg\" \/>\n\t\t<meta name=\"twitter:label1\" content=\"Written by\" \/>\n\t\t<meta name=\"twitter:data1\" content=\"Juh\u00e1sz P\u00e9ter\" \/>\n\t\t<meta name=\"twitter:label2\" content=\"Est. reading time\" \/>\n\t\t<meta name=\"twitter:data2\" content=\"2 minutes\" \/>\n\t\t<script type=\"application\/ld+json\" class=\"aioseo-schema\">\n\t\t\t{\"@context\":\"https:\\\/\\\/schema.org\",\"@graph\":[{\"@type\":\"Article\",\"@id\":\"https:\\\/\\\/allasorias.hu\\\/hirek\\\/nem-eleg-a-jo-fizetes-igy-is-keves-a-munkaero-a-balatonon\\\/#article\",\"name\":\"Nem el\\u00e9g a j\\u00f3 fizet\\u00e9s, \\u00edgy is kev\\u00e9s a munkaer\\u0151 a Balatonon | AllasOrias.hu | H\\u00edrek-lapszemle\",\"headline\":\"Nem el\\u00e9g a j\\u00f3 fizet\\u00e9s, \\u00edgy is kev\\u00e9s a munkaer\\u0151 a Balatonon\",\"author\":{\"@id\":\"https:\\\/\\\/allasorias.hu\\\/hirek\\\/author\\\/admin-allasorias\\\/#author\"},\"publisher\":{\"@id\":\"https:\\\/\\\/allasorias.hu\\\/hirek\\\/#organization\"},\"image\":{\"@type\":\"ImageObject\",\"url\":\"https:\\\/\\\/allasorias.hu\\\/hirek\\\/wp-content\\\/uploads\\\/2019\\\/06\\\/sailing-boat-1604128_1280.jpg\",\"width\":1280,\"height\":852},\"datePublished\":\"2019-06-20T08:18:33+02:00\",\"dateModified\":\"2019-06-20T08:18:33+02:00\",\"inLanguage\":\"hu-HU\",\"mainEntityOfPage\":{\"@id\":\"https:\\\/\\\/allasorias.hu\\\/hirek\\\/nem-eleg-a-jo-fizetes-igy-is-keves-a-munkaero-a-balatonon\\\/#webpage\"},\"isPartOf\":{\"@id\":\"https:\\\/\\\/allasorias.hu\\\/hirek\\\/nem-eleg-a-jo-fizetes-igy-is-keves-a-munkaero-a-balatonon\\\/#webpage\"},\"articleSection\":\"\\u00c1ll\\u00e1skeres\\u00e9s, Hi\\u00e1nyszakm\\u00e1k\"},{\"@type\":\"BreadcrumbList\",\"@id\":\"https:\\\/\\\/allasorias.hu\\\/hirek\\\/nem-eleg-a-jo-fizetes-igy-is-keves-a-munkaero-a-balatonon\\\/#breadcrumblist\",\"itemListElement\":[{\"@type\":\"ListItem\",\"@id\":\"https:\\\/\\\/allasorias.hu\\\/hirek#listItem\",\"position\":1,\"name\":\"Home\",\"item\":\"https:\\\/\\\/allasorias.hu\\\/hirek\",\"nextItem\":{\"@type\":\"ListItem\",\"@id\":\"https:\\\/\\\/allasorias.hu\\\/hirek\\\/temak\\\/allaskereses\\\/#listItem\",\"name\":\"\\u00c1ll\\u00e1skeres\\u00e9s\"}},{\"@type\":\"ListItem\",\"@id\":\"https:\\\/\\\/allasorias.hu\\\/hirek\\\/temak\\\/allaskereses\\\/#listItem\",\"position\":2,\"name\":\"\\u00c1ll\\u00e1skeres\\u00e9s\",\"item\":\"https:\\\/\\\/allasorias.hu\\\/hirek\\\/temak\\\/allaskereses\\\/\",\"nextItem\":{\"@type\":\"ListItem\",\"@id\":\"https:\\\/\\\/allasorias.hu\\\/hirek\\\/nem-eleg-a-jo-fizetes-igy-is-keves-a-munkaero-a-balatonon\\\/#listItem\",\"name\":\"Nem el\\u00e9g a j\\u00f3 fizet\\u00e9s, \\u00edgy is kev\\u00e9s a munkaer\\u0151 a Balatonon\"},\"previousItem\":{\"@type\":\"ListItem\",\"@id\":\"https:\\\/\\\/allasorias.hu\\\/hirek#listItem\",\"name\":\"Home\"}},{\"@type\":\"ListItem\",\"@id\":\"https:\\\/\\\/allasorias.hu\\\/hirek\\\/nem-eleg-a-jo-fizetes-igy-is-keves-a-munkaero-a-balatonon\\\/#listItem\",\"position\":3,\"name\":\"Nem el\\u00e9g a j\\u00f3 fizet\\u00e9s, \\u00edgy is kev\\u00e9s a munkaer\\u0151 a Balatonon\",\"previousItem\":{\"@type\":\"ListItem\",\"@id\":\"https:\\\/\\\/allasorias.hu\\\/hirek\\\/temak\\\/allaskereses\\\/#listItem\",\"name\":\"\\u00c1ll\\u00e1skeres\\u00e9s\"}}]},{\"@type\":\"Organization\",\"@id\":\"https:\\\/\\\/allasorias.hu\\\/hirek\\\/#organization\",\"name\":\"AllasOrias.hu | H\\u00edrek-lapszemle\",\"description\":\"\\u00dczleti h\\u00edrek az \\u00e1ll\\u00e1s \\u00e9s a munka vil\\u00e1g\\u00e1b\\u00f3l\",\"url\":\"https:\\\/\\\/allasorias.hu\\\/hirek\\\/\",\"logo\":{\"@type\":\"ImageObject\",\"url\":\"https:\\\/\\\/allasorias.hu\\\/hirek\\\/wp-content\\\/uploads\\\/2022\\\/10\\\/allasorias_site_facebok_logo.png\",\"@id\":\"https:\\\/\\\/allasorias.hu\\\/hirek\\\/nem-eleg-a-jo-fizetes-igy-is-keves-a-munkaero-a-balatonon\\\/#organizationLogo\"},\"image\":{\"@id\":\"https:\\\/\\\/allasorias.hu\\\/hirek\\\/nem-eleg-a-jo-fizetes-igy-is-keves-a-munkaero-a-balatonon\\\/#organizationLogo\"},\"sameAs\":[\"https:\\\/\\\/www.facebook.com\\\/allasorias\",\"https:\\\/\\\/www.linkedin.com\\\/company\\\/allasorias\"]},{\"@type\":\"Person\",\"@id\":\"https:\\\/\\\/allasorias.hu\\\/hirek\\\/author\\\/admin-allasorias\\\/#author\",\"url\":\"https:\\\/\\\/allasorias.hu\\\/hirek\\\/author\\\/admin-allasorias\\\/\",\"name\":\"Juh\\u00e1sz P\\u00e9ter\",\"image\":{\"@type\":\"ImageObject\",\"@id\":\"https:\\\/\\\/allasorias.hu\\\/hirek\\\/nem-eleg-a-jo-fizetes-igy-is-keves-a-munkaero-a-balatonon\\\/#authorImage\",\"url\":\"https:\\\/\\\/secure.gravatar.com\\\/avatar\\\/36e6bcb83148978b992977cb0f54d22feb0cce8a0a849a9410532bb2623ba4c6?s=96&d=mm&r=g\",\"width\":96,\"height\":96,\"caption\":\"Juh\\u00e1sz P\\u00e9ter\"}},{\"@type\":\"WebPage\",\"@id\":\"https:\\\/\\\/allasorias.hu\\\/hirek\\\/nem-eleg-a-jo-fizetes-igy-is-keves-a-munkaero-a-balatonon\\\/#webpage\",\"url\":\"https:\\\/\\\/allasorias.hu\\\/hirek\\\/nem-eleg-a-jo-fizetes-igy-is-keves-a-munkaero-a-balatonon\\\/\",\"name\":\"Nem el\\u00e9g a j\\u00f3 fizet\\u00e9s, \\u00edgy is kev\\u00e9s a munkaer\\u0151 a Balatonon | AllasOrias.hu | H\\u00edrek-lapszemle\",\"description\":\"K\\u00fczdenek a Balatonon a vend\\u00e9gl\\u00e1t\\u00f3helyek, mert alig tal\\u00e1lnak munkaer\\u0151t a szezonra. Szerint\\u00fck ez annak is k\\u00f6sz\\u00f6nhet\\u0151, hogy elsz\\u00e1lltak az \\u00e1rak a t\\u00f3parti \\u00fczletekben, ugyanis a v\\u00e1llalkoz\\u00f3knak vonz\\u00f3 b\\u00e9rt kellene kigazd\\u00e1lkodniuk - \\u00edrta szerdai sz\\u00e1m\\u00e1ban a N\\u00e9pszava. A d\\u00e9li parton a vend\\u00e9gl\\u00e1t\\u00f3sok j\\u00f3 esetben 1100-1300 forintos \\u00f3rab\\u00e9r\\u00e9rt tal\\u00e1ltak felszolg\\u00e1l\\u00f3t, j\\u00f3 szak\\u00e1csnak pedig 1500 forint alatt nem\",\"inLanguage\":\"hu-HU\",\"isPartOf\":{\"@id\":\"https:\\\/\\\/allasorias.hu\\\/hirek\\\/#website\"},\"breadcrumb\":{\"@id\":\"https:\\\/\\\/allasorias.hu\\\/hirek\\\/nem-eleg-a-jo-fizetes-igy-is-keves-a-munkaero-a-balatonon\\\/#breadcrumblist\"},\"author\":{\"@id\":\"https:\\\/\\\/allasorias.hu\\\/hirek\\\/author\\\/admin-allasorias\\\/#author\"},\"creator\":{\"@id\":\"https:\\\/\\\/allasorias.hu\\\/hirek\\\/author\\\/admin-allasorias\\\/#author\"},\"image\":{\"@type\":\"ImageObject\",\"url\":\"https:\\\/\\\/allasorias.hu\\\/hirek\\\/wp-content\\\/uploads\\\/2019\\\/06\\\/sailing-boat-1604128_1280.jpg\",\"@id\":\"https:\\\/\\\/allasorias.hu\\\/hirek\\\/nem-eleg-a-jo-fizetes-igy-is-keves-a-munkaero-a-balatonon\\\/#mainImage\",\"width\":1280,\"height\":852},\"primaryImageOfPage\":{\"@id\":\"https:\\\/\\\/allasorias.hu\\\/hirek\\\/nem-eleg-a-jo-fizetes-igy-is-keves-a-munkaero-a-balatonon\\\/#mainImage\"},\"datePublished\":\"2019-06-20T08:18:33+02:00\",\"dateModified\":\"2019-06-20T08:18:33+02:00\"},{\"@type\":\"WebSite\",\"@id\":\"https:\\\/\\\/allasorias.hu\\\/hirek\\\/#website\",\"url\":\"https:\\\/\\\/allasorias.hu\\\/hirek\\\/\",\"name\":\"AllasOrias.hu | H\\u00edrek-lapszemle\",\"description\":\"\\u00dczleti h\\u00edrek az \\u00e1ll\\u00e1s \\u00e9s a munka vil\\u00e1g\\u00e1b\\u00f3l\",\"inLanguage\":\"hu-HU\",\"publisher\":{\"@id\":\"https:\\\/\\\/allasorias.hu\\\/hirek\\\/#organization\"}}]}\n\t\t<\/script>\n\t\t<!-- All in One SEO -->\n\n","aioseo_head_json":{"title":"Nem el\u00e9g a j\u00f3 fizet\u00e9s, \u00edgy is kev\u00e9s a munkaer\u0151 a Balatonon | AllasOrias.hu | H\u00edrek-lapszemle","description":"K\u00fczdenek a Balatonon a vend\u00e9gl\u00e1t\u00f3helyek, mert alig tal\u00e1lnak munkaer\u0151t a szezonra. Szerint\u00fck ez annak is k\u00f6sz\u00f6nhet\u0151, hogy elsz\u00e1lltak az \u00e1rak a t\u00f3parti \u00fczletekben, ugyanis a v\u00e1llalkoz\u00f3knak vonz\u00f3 b\u00e9rt kellene kigazd\u00e1lkodniuk - \u00edrta szerdai sz\u00e1m\u00e1ban a N\u00e9pszava. A d\u00e9li parton a vend\u00e9gl\u00e1t\u00f3sok j\u00f3 esetben 1100-1300 forintos \u00f3rab\u00e9r\u00e9rt tal\u00e1ltak felszolg\u00e1l\u00f3t, j\u00f3 szak\u00e1csnak pedig 1500 forint alatt nem","canonical_url":"https:\/\/allasorias.hu\/hirek\/nem-eleg-a-jo-fizetes-igy-is-keves-a-munkaero-a-balatonon\/","robots":"max-image-preview:large","keywords":"","webmasterTools":{"miscellaneous":""},"schema":{"@context":"https:\/\/schema.org","@graph":[{"@type":"Article","@id":"https:\/\/allasorias.hu\/hirek\/nem-eleg-a-jo-fizetes-igy-is-keves-a-munkaero-a-balatonon\/#article","name":"Nem el\u00e9g a j\u00f3 fizet\u00e9s, \u00edgy is kev\u00e9s a munkaer\u0151 a Balatonon | AllasOrias.hu | H\u00edrek-lapszemle","headline":"Nem el\u00e9g a j\u00f3 fizet\u00e9s, \u00edgy is kev\u00e9s a munkaer\u0151 a Balatonon","author":{"@id":"https:\/\/allasorias.hu\/hirek\/author\/admin-allasorias\/#author"},"publisher":{"@id":"https:\/\/allasorias.hu\/hirek\/#organization"},"image":{"@type":"ImageObject","url":"https:\/\/allasorias.hu\/hirek\/wp-content\/uploads\/2019\/06\/sailing-boat-1604128_1280.jpg","width":1280,"height":852},"datePublished":"2019-06-20T08:18:33+02:00","dateModified":"2019-06-20T08:18:33+02:00","inLanguage":"hu-HU","mainEntityOfPage":{"@id":"https:\/\/allasorias.hu\/hirek\/nem-eleg-a-jo-fizetes-igy-is-keves-a-munkaero-a-balatonon\/#webpage"},"isPartOf":{"@id":"https:\/\/allasorias.hu\/hirek\/nem-eleg-a-jo-fizetes-igy-is-keves-a-munkaero-a-balatonon\/#webpage"},"articleSection":"\u00c1ll\u00e1skeres\u00e9s, Hi\u00e1nyszakm\u00e1k"},{"@type":"BreadcrumbList","@id":"https:\/\/allasorias.hu\/hirek\/nem-eleg-a-jo-fizetes-igy-is-keves-a-munkaero-a-balatonon\/#breadcrumblist","itemListElement":[{"@type":"ListItem","@id":"https:\/\/allasorias.hu\/hirek#listItem","position":1,"name":"Home","item":"https:\/\/allasorias.hu\/hirek","nextItem":{"@type":"ListItem","@id":"https:\/\/allasorias.hu\/hirek\/temak\/allaskereses\/#listItem","name":"\u00c1ll\u00e1skeres\u00e9s"}},{"@type":"ListItem","@id":"https:\/\/allasorias.hu\/hirek\/temak\/allaskereses\/#listItem","position":2,"name":"\u00c1ll\u00e1skeres\u00e9s","item":"https:\/\/allasorias.hu\/hirek\/temak\/allaskereses\/","nextItem":{"@type":"ListItem","@id":"https:\/\/allasorias.hu\/hirek\/nem-eleg-a-jo-fizetes-igy-is-keves-a-munkaero-a-balatonon\/#listItem","name":"Nem el\u00e9g a j\u00f3 fizet\u00e9s, \u00edgy is kev\u00e9s a munkaer\u0151 a Balatonon"},"previousItem":{"@type":"ListItem","@id":"https:\/\/allasorias.hu\/hirek#listItem","name":"Home"}},{"@type":"ListItem","@id":"https:\/\/allasorias.hu\/hirek\/nem-eleg-a-jo-fizetes-igy-is-keves-a-munkaero-a-balatonon\/#listItem","position":3,"name":"Nem el\u00e9g a j\u00f3 fizet\u00e9s, \u00edgy is kev\u00e9s a munkaer\u0151 a Balatonon","previousItem":{"@type":"ListItem","@id":"https:\/\/allasorias.hu\/hirek\/temak\/allaskereses\/#listItem","name":"\u00c1ll\u00e1skeres\u00e9s"}}]},{"@type":"Organization","@id":"https:\/\/allasorias.hu\/hirek\/#organization","name":"AllasOrias.hu | H\u00edrek-lapszemle","description":"\u00dczleti h\u00edrek az \u00e1ll\u00e1s \u00e9s a munka vil\u00e1g\u00e1b\u00f3l","url":"https:\/\/allasorias.hu\/hirek\/","logo":{"@type":"ImageObject","url":"https:\/\/allasorias.hu\/hirek\/wp-content\/uploads\/2022\/10\/allasorias_site_facebok_logo.png","@id":"https:\/\/allasorias.hu\/hirek\/nem-eleg-a-jo-fizetes-igy-is-keves-a-munkaero-a-balatonon\/#organizationLogo"},"image":{"@id":"https:\/\/allasorias.hu\/hirek\/nem-eleg-a-jo-fizetes-igy-is-keves-a-munkaero-a-balatonon\/#organizationLogo"},"sameAs":["https:\/\/www.facebook.com\/allasorias","https:\/\/www.linkedin.com\/company\/allasorias"]},{"@type":"Person","@id":"https:\/\/allasorias.hu\/hirek\/author\/admin-allasorias\/#author","url":"https:\/\/allasorias.hu\/hirek\/author\/admin-allasorias\/","name":"Juh\u00e1sz P\u00e9ter","image":{"@type":"ImageObject","@id":"https:\/\/allasorias.hu\/hirek\/nem-eleg-a-jo-fizetes-igy-is-keves-a-munkaero-a-balatonon\/#authorImage","url":"https:\/\/secure.gravatar.com\/avatar\/36e6bcb83148978b992977cb0f54d22feb0cce8a0a849a9410532bb2623ba4c6?s=96&d=mm&r=g","width":96,"height":96,"caption":"Juh\u00e1sz P\u00e9ter"}},{"@type":"WebPage","@id":"https:\/\/allasorias.hu\/hirek\/nem-eleg-a-jo-fizetes-igy-is-keves-a-munkaero-a-balatonon\/#webpage","url":"https:\/\/allasorias.hu\/hirek\/nem-eleg-a-jo-fizetes-igy-is-keves-a-munkaero-a-balatonon\/","name":"Nem el\u00e9g a j\u00f3 fizet\u00e9s, \u00edgy is kev\u00e9s a munkaer\u0151 a Balatonon | AllasOrias.hu | H\u00edrek-lapszemle","description":"K\u00fczdenek a Balatonon a vend\u00e9gl\u00e1t\u00f3helyek, mert alig tal\u00e1lnak munkaer\u0151t a szezonra. Szerint\u00fck ez annak is k\u00f6sz\u00f6nhet\u0151, hogy elsz\u00e1lltak az \u00e1rak a t\u00f3parti \u00fczletekben, ugyanis a v\u00e1llalkoz\u00f3knak vonz\u00f3 b\u00e9rt kellene kigazd\u00e1lkodniuk - \u00edrta szerdai sz\u00e1m\u00e1ban a N\u00e9pszava. A d\u00e9li parton a vend\u00e9gl\u00e1t\u00f3sok j\u00f3 esetben 1100-1300 forintos \u00f3rab\u00e9r\u00e9rt tal\u00e1ltak felszolg\u00e1l\u00f3t, j\u00f3 szak\u00e1csnak pedig 1500 forint alatt nem","inLanguage":"hu-HU","isPartOf":{"@id":"https:\/\/allasorias.hu\/hirek\/#website"},"breadcrumb":{"@id":"https:\/\/allasorias.hu\/hirek\/nem-eleg-a-jo-fizetes-igy-is-keves-a-munkaero-a-balatonon\/#breadcrumblist"},"author":{"@id":"https:\/\/allasorias.hu\/hirek\/author\/admin-allasorias\/#author"},"creator":{"@id":"https:\/\/allasorias.hu\/hirek\/author\/admin-allasorias\/#author"},"image":{"@type":"ImageObject","url":"https:\/\/allasorias.hu\/hirek\/wp-content\/uploads\/2019\/06\/sailing-boat-1604128_1280.jpg","@id":"https:\/\/allasorias.hu\/hirek\/nem-eleg-a-jo-fizetes-igy-is-keves-a-munkaero-a-balatonon\/#mainImage","width":1280,"height":852},"primaryImageOfPage":{"@id":"https:\/\/allasorias.hu\/hirek\/nem-eleg-a-jo-fizetes-igy-is-keves-a-munkaero-a-balatonon\/#mainImage"},"datePublished":"2019-06-20T08:18:33+02:00","dateModified":"2019-06-20T08:18:33+02:00"},{"@type":"WebSite","@id":"https:\/\/allasorias.hu\/hirek\/#website","url":"https:\/\/allasorias.hu\/hirek\/","name":"AllasOrias.hu | H\u00edrek-lapszemle","description":"\u00dczleti h\u00edrek az \u00e1ll\u00e1s \u00e9s a munka vil\u00e1g\u00e1b\u00f3l","inLanguage":"hu-HU","publisher":{"@id":"https:\/\/allasorias.hu\/hirek\/#organization"}}]},"og:locale":"hu_HU","og:site_name":"AllasOrias.hu | H\u00edrek-lapszemle | \u00dczleti h\u00edrek az \u00e1ll\u00e1s \u00e9s a munka vil\u00e1g\u00e1b\u00f3l","og:type":"article","og:title":"Nem el\u00e9g a j\u00f3 fizet\u00e9s, \u00edgy is kev\u00e9s a munkaer\u0151 a Balatonon | AllasOrias.hu | H\u00edrek-lapszemle","og:description":"K\u00fczdenek a Balatonon a vend\u00e9gl\u00e1t\u00f3helyek, mert alig tal\u00e1lnak munkaer\u0151t a szezonra. Szerint\u00fck ez annak is k\u00f6sz\u00f6nhet\u0151, hogy elsz\u00e1lltak az \u00e1rak a t\u00f3parti \u00fczletekben, ugyanis a v\u00e1llalkoz\u00f3knak vonz\u00f3 b\u00e9rt kellene kigazd\u00e1lkodniuk - \u00edrta szerdai sz\u00e1m\u00e1ban a N\u00e9pszava. A d\u00e9li parton a vend\u00e9gl\u00e1t\u00f3sok j\u00f3 esetben 1100-1300 forintos \u00f3rab\u00e9r\u00e9rt tal\u00e1ltak felszolg\u00e1l\u00f3t, j\u00f3 szak\u00e1csnak pedig 1500 forint alatt nem","og:url":"https:\/\/allasorias.hu\/hirek\/nem-eleg-a-jo-fizetes-igy-is-keves-a-munkaero-a-balatonon\/","og:image":"https:\/\/allasorias.hu\/hirek\/wp-content\/uploads\/2019\/06\/sailing-boat-1604128_1280.jpg","og:image:secure_url":"https:\/\/allasorias.hu\/hirek\/wp-content\/uploads\/2019\/06\/sailing-boat-1604128_1280.jpg","og:image:width":1280,"og:image:height":852,"article:published_time":"2019-06-20T08:18:33+00:00","article:modified_time":"2019-06-20T08:18:33+00:00","article:publisher":"https:\/\/www.facebook.com\/allasorias","twitter:card":"summary_large_image","twitter:title":"Nem el\u00e9g a j\u00f3 fizet\u00e9s, \u00edgy is kev\u00e9s a munkaer\u0151 a Balatonon | AllasOrias.hu | H\u00edrek-lapszemle","twitter:description":"K\u00fczdenek a Balatonon a vend\u00e9gl\u00e1t\u00f3helyek, mert alig tal\u00e1lnak munkaer\u0151t a szezonra. Szerint\u00fck ez annak is k\u00f6sz\u00f6nhet\u0151, hogy elsz\u00e1lltak az \u00e1rak a t\u00f3parti \u00fczletekben, ugyanis a v\u00e1llalkoz\u00f3knak vonz\u00f3 b\u00e9rt kellene kigazd\u00e1lkodniuk - \u00edrta szerdai sz\u00e1m\u00e1ban a N\u00e9pszava. A d\u00e9li parton a vend\u00e9gl\u00e1t\u00f3sok j\u00f3 esetben 1100-1300 forintos \u00f3rab\u00e9r\u00e9rt tal\u00e1ltak felszolg\u00e1l\u00f3t, j\u00f3 szak\u00e1csnak pedig 1500 forint alatt nem","twitter:image":"https:\/\/allasorias.hu\/hirek\/wp-content\/uploads\/2019\/06\/sailing-boat-1604128_1280.jpg","twitter:label1":"Written by","twitter:data1":"Juh\u00e1sz P\u00e9ter","twitter:label2":"Est. reading time","twitter:data2":"2 minutes"},"aioseo_meta_data":{"post_id":"3012","title":null,"description":null,"keywords":null,"keyphrases":null,"primary_term":null,"canonical_url":null,"og_title":null,"og_description":null,"og_object_type":"default","og_image_type":"default","og_image_url":null,"og_image_width":null,"og_image_height":null,"og_image_custom_url":null,"og_image_custom_fields":null,"og_video":null,"og_custom_url":null,"og_article_section":null,"og_article_tags":null,"twitter_use_og":false,"twitter_card":"default","twitter_image_type":"default","twitter_image_url":null,"twitter_image_custom_url":null,"twitter_image_custom_fields":null,"twitter_title":null,"twitter_description":null,"schema":{"blockGraphs":[],"customGraphs":[],"default":{"data":{"Article":[],"Course":[],"Dataset":[],"FAQPage":[],"Movie":[],"Person":[],"Product":[],"ProductReview":[],"Car":[],"Recipe":[],"Service":[],"SoftwareApplication":[],"WebPage":[]},"graphName":"","isEnabled":true},"graphs":[],"defaultGraph":"","defaultPostTypeGraph":""},"schema_type":null,"schema_type_options":null,"pillar_content":false,"robots_default":true,"robots_noindex":false,"robots_noarchive":false,"robots_nosnippet":false,"robots_nofollow":false,"robots_noimageindex":false,"robots_noodp":false,"robots_notranslate":false,"robots_max_snippet":null,"robots_max_videopreview":null,"robots_max_imagepreview":"large","priority":null,"frequency":null,"location":null,"local_seo":null,"breadcrumb_settings":null,"limit_modified_date":false,"ai":null,"created":"2021-02-01 21:28:17","updated":"2025-10-02 11:28:27","seo_analyzer_scan_date":null,"focus_keyword":null,"additional_keywords":null,"truseo_locale":null},"aioseo_breadcrumb":"<div class=\"aioseo-breadcrumbs\"><span class=\"aioseo-breadcrumb\">\n\t\t\t<a href=\"https:\/\/allasorias.hu\/hirek\" title=\"Home\">Home<\/a>\n\t\t<\/span><span class=\"aioseo-breadcrumb-separator\">&raquo;<\/span><span class=\"aioseo-breadcrumb\">\n\t\t\t<a href=\"https:\/\/allasorias.hu\/hirek\/temak\/allaskereses\/\" title=\"\u00c1ll\u00e1skeres\u00e9s\">\u00c1ll\u00e1skeres\u00e9s<\/a>\n\t\t<\/span><span class=\"aioseo-breadcrumb-separator\">&raquo;<\/span><span class=\"aioseo-breadcrumb\">\n\t\t\tNem el\u00e9g a j\u00f3 fizet\u00e9s, \u00edgy is kev\u00e9s a munkaer\u0151 a Balatonon\n\t\t<\/span><\/div>","aioseo_breadcrumb_json":[{"label":"Home","link":"https:\/\/allasorias.hu\/hirek"},{"label":"\u00c1ll\u00e1skeres\u00e9s","link":"https:\/\/allasorias.hu\/hirek\/temak\/allaskereses\/"},{"label":"Nem el\u00e9g a j\u00f3 fizet\u00e9s, \u00edgy is kev\u00e9s a munkaer\u0151 a Balatonon","link":"https:\/\/allasorias.hu\/hirek\/nem-eleg-a-jo-fizetes-igy-is-keves-a-munkaero-a-balatonon\/"}],"_links":{"self":[{"href":"https:\/\/allasorias.hu\/hirek\/wp-json\/wp\/v2\/posts\/3012","targetHints":{"allow":["GET"]}}],"collection":[{"href":"https:\/\/allasorias.hu\/hirek\/wp-json\/wp\/v2\/posts"}],"about":[{"href":"https:\/\/allasorias.hu\/hirek\/wp-json\/wp\/v2\/types\/post"}],"author":[{"embeddable":true,"href":"https:\/\/allasorias.hu\/hirek\/wp-json\/wp\/v2\/users\/1"}],"replies":[{"embeddable":true,"href":"https:\/\/allasorias.hu\/hirek\/wp-json\/wp\/v2\/comments?post=3012"}],"version-history":[{"count":1,"href":"https:\/\/allasorias.hu\/hirek\/wp-json\/wp\/v2\/posts\/3012\/revisions"}],"predecessor-version":[{"id":3014,"href":"https:\/\/allasorias.hu\/hirek\/wp-json\/wp\/v2\/posts\/3012\/revisions\/3014"}],"wp:featuredmedia":[{"embeddable":true,"href":"https:\/\/allasorias.hu\/hirek\/wp-json\/wp\/v2\/media\/3013"}],"wp:attachment":[{"href":"https:\/\/allasorias.hu\/hirek\/wp-json\/wp\/v2\/media?parent=3012"}],"wp:term":[{"taxonomy":"category","embeddable":true,"href":"https:\/\/allasorias.hu\/hirek\/wp-json\/wp\/v2\/categories?post=3012"},{"taxonomy":"post_tag","embeddable":true,"href":"https:\/\/allasorias.hu\/hirek\/wp-json\/wp\/v2\/tags?post=3012"}],"curies":[{"name":"wp","href":"https:\/\/api.w.org\/{rel}","templated":true}]}}