{"id":3008,"date":"2019-06-19T07:49:27","date_gmt":"2019-06-19T07:49:27","guid":{"rendered":"https:\/\/allasorias.hu\/hirek\/?p=3008"},"modified":"2019-06-19T07:49:27","modified_gmt":"2019-06-19T07:49:27","slug":"kozel-negy-milliard-ft-diakmunka-programra","status":"publish","type":"post","link":"https:\/\/allasorias.hu\/hirek\/kozel-negy-milliard-ft-diakmunka-programra\/","title":{"rendered":"K\u00f6zel n\u00e9gy milli\u00e1rd Ft di\u00e1kmunka programra"},"content":{"rendered":"<p><strong>A P\u00e9nz\u00fcgyminiszt\u00e9rium az id\u00e9n 3,6 milli\u00e1rd forintos keretet biztos\u00edt a j\u00falius 1. \u00e9s augusztus 30. k\u00f6z\u00f6tti di\u00e1kmunka programra, amelyben sz\u00e1m\u00edt\u00e1suk szerint mintegy 30 ezer di\u00e1k vesz r\u00e9szt a tavalyi 29 ezerrel szemben \u2013 jelentette ki Marczink\u00f3 Zolt\u00e1n, a P\u00e9nz\u00fcgyminiszt\u00e9rium munkaer\u0151piac\u00e9rt \u00e9s v\u00e1llalati kapcsolatok\u00e9rt felel\u0151s helyettes \u00e1llamtitk\u00e1ra az M1 aktu\u00e1lis csatorn\u00e1n. <\/strong><\/p>\n<p>A programban a di\u00e1kok foglalkoztat\u00e1s\u00e1t t\u00e1mogatj\u00e1k az \u00f6nkorm\u00e1nyzatokn\u00e1l, illetve a versenyszf\u00e9r\u00e1ban, jelentkezni a korm\u00e1nyhivatalok foglalkoztat\u00e1si oszt\u00e1lyain lehet. A helyettes \u00e1llamtitk\u00e1r r\u00e9szletezte, a programban az \u00e1llam az \u00f6nkorm\u00e1nyzatokn\u00e1l 6 \u00f3r\u00e1s di\u00e1kfoglalkoztat\u00e1st t\u00e1mogat a minim\u00e1lb\u00e9r, illetve a garant\u00e1lt b\u00e9rminimum \u00e9s j\u00e1rul\u00e9kai m\u00e9rt\u00e9k\u00e9ig. Az \u00fczleti c\u00e9llal foglalkoztat\u00f3 versenyszf\u00e9r\u00e1ban ar\u00e1nyos\u00edtanak, a munk\u00e1ltat\u00f3nak is hozz\u00e1 kell j\u00e1rulnia a di\u00e1kfoglalkoztat\u00e1shoz. P\u00e9ldak\u00e9nt eml\u00edtette, hogy 8 \u00f3r\u00e1s munkaid\u0151 eset\u00e9n az \u00e1llam 6 \u00f3r\u00e1s foglalkoztat\u00e1st \u00e1ll a minim\u00e1lb\u00e9r \u00e9s a garant\u00e1lt b\u00e9rminimum \u00e9s j\u00e1rul\u00e9kai m\u00e9rt\u00e9k\u00e9ig, a munk\u00e1ltat\u00f3nak a 2 \u00f3r\u00e1t kell hozz\u00e1tennie. Marczink\u00f3 Zolt\u00e1n \u00fagy \u00e9rt\u00e9kelte, a di\u00e1kmunka programok eddigi tapasztalatai azt mutatj\u00e1k, hogy a di\u00e1kok alkalmaz\u00e1s\u00e1val biztos\u00edtani lehet a szezonalit\u00e1s miatt jelentkez\u0151 t\u00f6bblet munkaer\u0151 ig\u00e9nyt, valamint hozz\u00e1j\u00e1rul a munkahelyi szocializ\u00e1ci\u00f3 miel\u0151bbi elsaj\u00e1t\u00edt\u00e1s\u00e1hoz.<\/p>\n<p>Forr\u00e1s: profitline.hu<\/p>\n","protected":false},"excerpt":{"rendered":"<p>A P\u00e9nz\u00fcgyminiszt\u00e9rium az id\u00e9n 3,6 milli\u00e1rd forintos keretet biztos\u00edt a j\u00falius 1. \u00e9s augusztus 30. k\u00f6z\u00f6tti di\u00e1kmunka programra, amelyben sz\u00e1m\u00edt\u00e1suk szerint mintegy 30 ezer di\u00e1k vesz r\u00e9szt a tavalyi 29 ezerrel szemben \u2013 jelentette ki Marczink\u00f3 Zolt\u00e1n, a P\u00e9nz\u00fcgyminiszt\u00e9rium munkaer\u0151piac\u00e9rt \u00e9s v\u00e1llalati kapcsolatok\u00e9rt felel\u0151s helyettes \u00e1llamtitk\u00e1ra az M1 aktu\u00e1lis csatorn\u00e1n. A programban a di\u00e1kok foglalkoztat\u00e1s\u00e1t [&hellip;]<\/p>\n","protected":false},"author":1,"featured_media":2567,"comment_status":"open","ping_status":"open","sticky":false,"template":"","format":"standard","meta":{"_monsterinsights_skip_tracking":false,"footnotes":""},"categories":[1,200],"tags":[],"class_list":["post-3008","post","type-post","status-publish","format-standard","has-post-thumbnail","hentry","category-allaskereses","category-munkaeropiac"],"aioseo_notices":[],"aioseo_head":"\n\t\t<!-- All in One SEO 5.0.0.1 - aioseo.com -->\n\t<meta name=\"description\" content=\"A P\u00e9nz\u00fcgyminiszt\u00e9rium az id\u00e9n 3,6 milli\u00e1rd forintos keretet biztos\u00edt a j\u00falius 1. \u00e9s augusztus 30. k\u00f6z\u00f6tti di\u00e1kmunka programra, amelyben sz\u00e1m\u00edt\u00e1suk szerint mintegy 30 ezer di\u00e1k vesz r\u00e9szt a tavalyi 29 ezerrel szemben \u2013 jelentette ki Marczink\u00f3 Zolt\u00e1n, a P\u00e9nz\u00fcgyminiszt\u00e9rium munkaer\u0151piac\u00e9rt \u00e9s v\u00e1llalati kapcsolatok\u00e9rt felel\u0151s helyettes \u00e1llamtitk\u00e1ra az M1 aktu\u00e1lis csatorn\u00e1n. A programban a di\u00e1kok foglalkoztat\u00e1s\u00e1t\" \/>\n\t<meta name=\"robots\" content=\"max-image-preview:large\" \/>\n\t<meta name=\"author\" content=\"Juh\u00e1sz P\u00e9ter\"\/>\n\t<link rel=\"canonical\" href=\"https:\/\/allasorias.hu\/hirek\/kozel-negy-milliard-ft-diakmunka-programra\/\" \/>\n\t<meta name=\"generator\" content=\"All in One SEO (AIOSEO) 5.0.0.1\" \/>\n\t\t<meta property=\"og:locale\" content=\"hu_HU\" \/>\n\t\t<meta property=\"og:site_name\" content=\"AllasOrias.hu | H\u00edrek-lapszemle | \u00dczleti h\u00edrek az \u00e1ll\u00e1s \u00e9s a munka vil\u00e1g\u00e1b\u00f3l\" \/>\n\t\t<meta property=\"og:type\" content=\"article\" \/>\n\t\t<meta property=\"og:title\" content=\"K\u00f6zel n\u00e9gy milli\u00e1rd Ft di\u00e1kmunka programra | AllasOrias.hu | H\u00edrek-lapszemle\" \/>\n\t\t<meta property=\"og:description\" content=\"A P\u00e9nz\u00fcgyminiszt\u00e9rium az id\u00e9n 3,6 milli\u00e1rd forintos keretet biztos\u00edt a j\u00falius 1. \u00e9s augusztus 30. k\u00f6z\u00f6tti di\u00e1kmunka programra, amelyben sz\u00e1m\u00edt\u00e1suk szerint mintegy 30 ezer di\u00e1k vesz r\u00e9szt a tavalyi 29 ezerrel szemben \u2013 jelentette ki Marczink\u00f3 Zolt\u00e1n, a P\u00e9nz\u00fcgyminiszt\u00e9rium munkaer\u0151piac\u00e9rt \u00e9s v\u00e1llalati kapcsolatok\u00e9rt felel\u0151s helyettes \u00e1llamtitk\u00e1ra az M1 aktu\u00e1lis csatorn\u00e1n. A programban a di\u00e1kok foglalkoztat\u00e1s\u00e1t\" \/>\n\t\t<meta property=\"og:url\" content=\"https:\/\/allasorias.hu\/hirek\/kozel-negy-milliard-ft-diakmunka-programra\/\" \/>\n\t\t<meta property=\"og:image\" content=\"https:\/\/allasorias.hu\/hirek\/wp-content\/uploads\/2019\/02\/pexels-photo-1595391.jpeg\" \/>\n\t\t<meta property=\"og:image:secure_url\" content=\"https:\/\/allasorias.hu\/hirek\/wp-content\/uploads\/2019\/02\/pexels-photo-1595391.jpeg\" \/>\n\t\t<meta property=\"og:image:width\" content=\"640\" \/>\n\t\t<meta property=\"og:image:height\" content=\"426\" \/>\n\t\t<meta property=\"article:published_time\" content=\"2019-06-19T07:49:27+00:00\" \/>\n\t\t<meta property=\"article:modified_time\" content=\"2019-06-19T07:49:27+00:00\" \/>\n\t\t<meta property=\"article:publisher\" content=\"https:\/\/www.facebook.com\/allasorias\" \/>\n\t\t<meta name=\"twitter:card\" content=\"summary_large_image\" \/>\n\t\t<meta name=\"twitter:title\" content=\"K\u00f6zel n\u00e9gy milli\u00e1rd Ft di\u00e1kmunka programra | AllasOrias.hu | H\u00edrek-lapszemle\" \/>\n\t\t<meta name=\"twitter:description\" content=\"A P\u00e9nz\u00fcgyminiszt\u00e9rium az id\u00e9n 3,6 milli\u00e1rd forintos keretet biztos\u00edt a j\u00falius 1. \u00e9s augusztus 30. k\u00f6z\u00f6tti di\u00e1kmunka programra, amelyben sz\u00e1m\u00edt\u00e1suk szerint mintegy 30 ezer di\u00e1k vesz r\u00e9szt a tavalyi 29 ezerrel szemben \u2013 jelentette ki Marczink\u00f3 Zolt\u00e1n, a P\u00e9nz\u00fcgyminiszt\u00e9rium munkaer\u0151piac\u00e9rt \u00e9s v\u00e1llalati kapcsolatok\u00e9rt felel\u0151s helyettes \u00e1llamtitk\u00e1ra az M1 aktu\u00e1lis csatorn\u00e1n. A programban a di\u00e1kok foglalkoztat\u00e1s\u00e1t\" \/>\n\t\t<meta name=\"twitter:image\" content=\"https:\/\/allasorias.hu\/hirek\/wp-content\/uploads\/2019\/02\/pexels-photo-1595391.jpeg\" \/>\n\t\t<meta name=\"twitter:label1\" content=\"Written by\" \/>\n\t\t<meta name=\"twitter:data1\" content=\"Juh\u00e1sz P\u00e9ter\" \/>\n\t\t<meta name=\"twitter:label2\" content=\"Est. reading time\" \/>\n\t\t<meta name=\"twitter:data2\" content=\"1 minute\" \/>\n\t\t<script type=\"application\/ld+json\" class=\"aioseo-schema\">\n\t\t\t{\"@context\":\"https:\\\/\\\/schema.org\",\"@graph\":[{\"@type\":\"Article\",\"@id\":\"https:\\\/\\\/allasorias.hu\\\/hirek\\\/kozel-negy-milliard-ft-diakmunka-programra\\\/#article\",\"name\":\"K\\u00f6zel n\\u00e9gy milli\\u00e1rd Ft di\\u00e1kmunka programra | AllasOrias.hu | H\\u00edrek-lapszemle\",\"headline\":\"K\\u00f6zel n\\u00e9gy milli\\u00e1rd Ft di\\u00e1kmunka programra\",\"author\":{\"@id\":\"https:\\\/\\\/allasorias.hu\\\/hirek\\\/author\\\/admin-allasorias\\\/#author\"},\"publisher\":{\"@id\":\"https:\\\/\\\/allasorias.hu\\\/hirek\\\/#organization\"},\"image\":{\"@type\":\"ImageObject\",\"url\":\"https:\\\/\\\/allasorias.hu\\\/hirek\\\/wp-content\\\/uploads\\\/2019\\\/02\\\/pexels-photo-1595391.jpeg\",\"width\":640,\"height\":426},\"datePublished\":\"2019-06-19T07:49:27+02:00\",\"dateModified\":\"2019-06-19T07:49:27+02:00\",\"inLanguage\":\"hu-HU\",\"mainEntityOfPage\":{\"@id\":\"https:\\\/\\\/allasorias.hu\\\/hirek\\\/kozel-negy-milliard-ft-diakmunka-programra\\\/#webpage\"},\"isPartOf\":{\"@id\":\"https:\\\/\\\/allasorias.hu\\\/hirek\\\/kozel-negy-milliard-ft-diakmunka-programra\\\/#webpage\"},\"articleSection\":\"\\u00c1ll\\u00e1skeres\\u00e9s, Munkaer\\u0151piac\"},{\"@type\":\"BreadcrumbList\",\"@id\":\"https:\\\/\\\/allasorias.hu\\\/hirek\\\/kozel-negy-milliard-ft-diakmunka-programra\\\/#breadcrumblist\",\"itemListElement\":[{\"@type\":\"ListItem\",\"@id\":\"https:\\\/\\\/allasorias.hu\\\/hirek#listItem\",\"position\":1,\"name\":\"Home\",\"item\":\"https:\\\/\\\/allasorias.hu\\\/hirek\",\"nextItem\":{\"@type\":\"ListItem\",\"@id\":\"https:\\\/\\\/allasorias.hu\\\/hirek\\\/temak\\\/allaskereses\\\/#listItem\",\"name\":\"\\u00c1ll\\u00e1skeres\\u00e9s\"}},{\"@type\":\"ListItem\",\"@id\":\"https:\\\/\\\/allasorias.hu\\\/hirek\\\/temak\\\/allaskereses\\\/#listItem\",\"position\":2,\"name\":\"\\u00c1ll\\u00e1skeres\\u00e9s\",\"item\":\"https:\\\/\\\/allasorias.hu\\\/hirek\\\/temak\\\/allaskereses\\\/\",\"nextItem\":{\"@type\":\"ListItem\",\"@id\":\"https:\\\/\\\/allasorias.hu\\\/hirek\\\/kozel-negy-milliard-ft-diakmunka-programra\\\/#listItem\",\"name\":\"K\\u00f6zel n\\u00e9gy milli\\u00e1rd Ft di\\u00e1kmunka programra\"},\"previousItem\":{\"@type\":\"ListItem\",\"@id\":\"https:\\\/\\\/allasorias.hu\\\/hirek#listItem\",\"name\":\"Home\"}},{\"@type\":\"ListItem\",\"@id\":\"https:\\\/\\\/allasorias.hu\\\/hirek\\\/kozel-negy-milliard-ft-diakmunka-programra\\\/#listItem\",\"position\":3,\"name\":\"K\\u00f6zel n\\u00e9gy milli\\u00e1rd Ft di\\u00e1kmunka programra\",\"previousItem\":{\"@type\":\"ListItem\",\"@id\":\"https:\\\/\\\/allasorias.hu\\\/hirek\\\/temak\\\/allaskereses\\\/#listItem\",\"name\":\"\\u00c1ll\\u00e1skeres\\u00e9s\"}}]},{\"@type\":\"Organization\",\"@id\":\"https:\\\/\\\/allasorias.hu\\\/hirek\\\/#organization\",\"name\":\"AllasOrias.hu | H\\u00edrek-lapszemle\",\"description\":\"\\u00dczleti h\\u00edrek az \\u00e1ll\\u00e1s \\u00e9s a munka vil\\u00e1g\\u00e1b\\u00f3l\",\"url\":\"https:\\\/\\\/allasorias.hu\\\/hirek\\\/\",\"logo\":{\"@type\":\"ImageObject\",\"url\":\"https:\\\/\\\/allasorias.hu\\\/hirek\\\/wp-content\\\/uploads\\\/2022\\\/10\\\/allasorias_site_facebok_logo.png\",\"@id\":\"https:\\\/\\\/allasorias.hu\\\/hirek\\\/kozel-negy-milliard-ft-diakmunka-programra\\\/#organizationLogo\"},\"image\":{\"@id\":\"https:\\\/\\\/allasorias.hu\\\/hirek\\\/kozel-negy-milliard-ft-diakmunka-programra\\\/#organizationLogo\"},\"sameAs\":[\"https:\\\/\\\/www.facebook.com\\\/allasorias\",\"https:\\\/\\\/www.linkedin.com\\\/company\\\/allasorias\"]},{\"@type\":\"Person\",\"@id\":\"https:\\\/\\\/allasorias.hu\\\/hirek\\\/author\\\/admin-allasorias\\\/#author\",\"url\":\"https:\\\/\\\/allasorias.hu\\\/hirek\\\/author\\\/admin-allasorias\\\/\",\"name\":\"Juh\\u00e1sz P\\u00e9ter\",\"image\":{\"@type\":\"ImageObject\",\"@id\":\"https:\\\/\\\/allasorias.hu\\\/hirek\\\/kozel-negy-milliard-ft-diakmunka-programra\\\/#authorImage\",\"url\":\"https:\\\/\\\/secure.gravatar.com\\\/avatar\\\/36e6bcb83148978b992977cb0f54d22feb0cce8a0a849a9410532bb2623ba4c6?s=96&d=mm&r=g\",\"width\":96,\"height\":96,\"caption\":\"Juh\\u00e1sz P\\u00e9ter\"}},{\"@type\":\"WebPage\",\"@id\":\"https:\\\/\\\/allasorias.hu\\\/hirek\\\/kozel-negy-milliard-ft-diakmunka-programra\\\/#webpage\",\"url\":\"https:\\\/\\\/allasorias.hu\\\/hirek\\\/kozel-negy-milliard-ft-diakmunka-programra\\\/\",\"name\":\"K\\u00f6zel n\\u00e9gy milli\\u00e1rd Ft di\\u00e1kmunka programra | AllasOrias.hu | H\\u00edrek-lapszemle\",\"description\":\"A P\\u00e9nz\\u00fcgyminiszt\\u00e9rium az id\\u00e9n 3,6 milli\\u00e1rd forintos keretet biztos\\u00edt a j\\u00falius 1. \\u00e9s augusztus 30. k\\u00f6z\\u00f6tti di\\u00e1kmunka programra, amelyben sz\\u00e1m\\u00edt\\u00e1suk szerint mintegy 30 ezer di\\u00e1k vesz r\\u00e9szt a tavalyi 29 ezerrel szemben \\u2013 jelentette ki Marczink\\u00f3 Zolt\\u00e1n, a P\\u00e9nz\\u00fcgyminiszt\\u00e9rium munkaer\\u0151piac\\u00e9rt \\u00e9s v\\u00e1llalati kapcsolatok\\u00e9rt felel\\u0151s helyettes \\u00e1llamtitk\\u00e1ra az M1 aktu\\u00e1lis csatorn\\u00e1n. A programban a di\\u00e1kok foglalkoztat\\u00e1s\\u00e1t\",\"inLanguage\":\"hu-HU\",\"isPartOf\":{\"@id\":\"https:\\\/\\\/allasorias.hu\\\/hirek\\\/#website\"},\"breadcrumb\":{\"@id\":\"https:\\\/\\\/allasorias.hu\\\/hirek\\\/kozel-negy-milliard-ft-diakmunka-programra\\\/#breadcrumblist\"},\"author\":{\"@id\":\"https:\\\/\\\/allasorias.hu\\\/hirek\\\/author\\\/admin-allasorias\\\/#author\"},\"creator\":{\"@id\":\"https:\\\/\\\/allasorias.hu\\\/hirek\\\/author\\\/admin-allasorias\\\/#author\"},\"image\":{\"@type\":\"ImageObject\",\"url\":\"https:\\\/\\\/allasorias.hu\\\/hirek\\\/wp-content\\\/uploads\\\/2019\\\/02\\\/pexels-photo-1595391.jpeg\",\"@id\":\"https:\\\/\\\/allasorias.hu\\\/hirek\\\/kozel-negy-milliard-ft-diakmunka-programra\\\/#mainImage\",\"width\":640,\"height\":426},\"primaryImageOfPage\":{\"@id\":\"https:\\\/\\\/allasorias.hu\\\/hirek\\\/kozel-negy-milliard-ft-diakmunka-programra\\\/#mainImage\"},\"datePublished\":\"2019-06-19T07:49:27+02:00\",\"dateModified\":\"2019-06-19T07:49:27+02:00\"},{\"@type\":\"WebSite\",\"@id\":\"https:\\\/\\\/allasorias.hu\\\/hirek\\\/#website\",\"url\":\"https:\\\/\\\/allasorias.hu\\\/hirek\\\/\",\"name\":\"AllasOrias.hu | H\\u00edrek-lapszemle\",\"description\":\"\\u00dczleti h\\u00edrek az \\u00e1ll\\u00e1s \\u00e9s a munka vil\\u00e1g\\u00e1b\\u00f3l\",\"inLanguage\":\"hu-HU\",\"publisher\":{\"@id\":\"https:\\\/\\\/allasorias.hu\\\/hirek\\\/#organization\"}}]}\n\t\t<\/script>\n\t\t<!-- All in One SEO -->\n\n","aioseo_head_json":{"title":"K\u00f6zel n\u00e9gy milli\u00e1rd Ft di\u00e1kmunka programra | AllasOrias.hu | H\u00edrek-lapszemle","description":"A P\u00e9nz\u00fcgyminiszt\u00e9rium az id\u00e9n 3,6 milli\u00e1rd forintos keretet biztos\u00edt a j\u00falius 1. \u00e9s augusztus 30. k\u00f6z\u00f6tti di\u00e1kmunka programra, amelyben sz\u00e1m\u00edt\u00e1suk szerint mintegy 30 ezer di\u00e1k vesz r\u00e9szt a tavalyi 29 ezerrel szemben \u2013 jelentette ki Marczink\u00f3 Zolt\u00e1n, a P\u00e9nz\u00fcgyminiszt\u00e9rium munkaer\u0151piac\u00e9rt \u00e9s v\u00e1llalati kapcsolatok\u00e9rt felel\u0151s helyettes \u00e1llamtitk\u00e1ra az M1 aktu\u00e1lis csatorn\u00e1n. A programban a di\u00e1kok foglalkoztat\u00e1s\u00e1t","canonical_url":"https:\/\/allasorias.hu\/hirek\/kozel-negy-milliard-ft-diakmunka-programra\/","robots":"max-image-preview:large","keywords":"","webmasterTools":{"miscellaneous":""},"schema":{"@context":"https:\/\/schema.org","@graph":[{"@type":"Article","@id":"https:\/\/allasorias.hu\/hirek\/kozel-negy-milliard-ft-diakmunka-programra\/#article","name":"K\u00f6zel n\u00e9gy milli\u00e1rd Ft di\u00e1kmunka programra | AllasOrias.hu | H\u00edrek-lapszemle","headline":"K\u00f6zel n\u00e9gy milli\u00e1rd Ft di\u00e1kmunka programra","author":{"@id":"https:\/\/allasorias.hu\/hirek\/author\/admin-allasorias\/#author"},"publisher":{"@id":"https:\/\/allasorias.hu\/hirek\/#organization"},"image":{"@type":"ImageObject","url":"https:\/\/allasorias.hu\/hirek\/wp-content\/uploads\/2019\/02\/pexels-photo-1595391.jpeg","width":640,"height":426},"datePublished":"2019-06-19T07:49:27+02:00","dateModified":"2019-06-19T07:49:27+02:00","inLanguage":"hu-HU","mainEntityOfPage":{"@id":"https:\/\/allasorias.hu\/hirek\/kozel-negy-milliard-ft-diakmunka-programra\/#webpage"},"isPartOf":{"@id":"https:\/\/allasorias.hu\/hirek\/kozel-negy-milliard-ft-diakmunka-programra\/#webpage"},"articleSection":"\u00c1ll\u00e1skeres\u00e9s, Munkaer\u0151piac"},{"@type":"BreadcrumbList","@id":"https:\/\/allasorias.hu\/hirek\/kozel-negy-milliard-ft-diakmunka-programra\/#breadcrumblist","itemListElement":[{"@type":"ListItem","@id":"https:\/\/allasorias.hu\/hirek#listItem","position":1,"name":"Home","item":"https:\/\/allasorias.hu\/hirek","nextItem":{"@type":"ListItem","@id":"https:\/\/allasorias.hu\/hirek\/temak\/allaskereses\/#listItem","name":"\u00c1ll\u00e1skeres\u00e9s"}},{"@type":"ListItem","@id":"https:\/\/allasorias.hu\/hirek\/temak\/allaskereses\/#listItem","position":2,"name":"\u00c1ll\u00e1skeres\u00e9s","item":"https:\/\/allasorias.hu\/hirek\/temak\/allaskereses\/","nextItem":{"@type":"ListItem","@id":"https:\/\/allasorias.hu\/hirek\/kozel-negy-milliard-ft-diakmunka-programra\/#listItem","name":"K\u00f6zel n\u00e9gy milli\u00e1rd Ft di\u00e1kmunka programra"},"previousItem":{"@type":"ListItem","@id":"https:\/\/allasorias.hu\/hirek#listItem","name":"Home"}},{"@type":"ListItem","@id":"https:\/\/allasorias.hu\/hirek\/kozel-negy-milliard-ft-diakmunka-programra\/#listItem","position":3,"name":"K\u00f6zel n\u00e9gy milli\u00e1rd Ft di\u00e1kmunka programra","previousItem":{"@type":"ListItem","@id":"https:\/\/allasorias.hu\/hirek\/temak\/allaskereses\/#listItem","name":"\u00c1ll\u00e1skeres\u00e9s"}}]},{"@type":"Organization","@id":"https:\/\/allasorias.hu\/hirek\/#organization","name":"AllasOrias.hu | H\u00edrek-lapszemle","description":"\u00dczleti h\u00edrek az \u00e1ll\u00e1s \u00e9s a munka vil\u00e1g\u00e1b\u00f3l","url":"https:\/\/allasorias.hu\/hirek\/","logo":{"@type":"ImageObject","url":"https:\/\/allasorias.hu\/hirek\/wp-content\/uploads\/2022\/10\/allasorias_site_facebok_logo.png","@id":"https:\/\/allasorias.hu\/hirek\/kozel-negy-milliard-ft-diakmunka-programra\/#organizationLogo"},"image":{"@id":"https:\/\/allasorias.hu\/hirek\/kozel-negy-milliard-ft-diakmunka-programra\/#organizationLogo"},"sameAs":["https:\/\/www.facebook.com\/allasorias","https:\/\/www.linkedin.com\/company\/allasorias"]},{"@type":"Person","@id":"https:\/\/allasorias.hu\/hirek\/author\/admin-allasorias\/#author","url":"https:\/\/allasorias.hu\/hirek\/author\/admin-allasorias\/","name":"Juh\u00e1sz P\u00e9ter","image":{"@type":"ImageObject","@id":"https:\/\/allasorias.hu\/hirek\/kozel-negy-milliard-ft-diakmunka-programra\/#authorImage","url":"https:\/\/secure.gravatar.com\/avatar\/36e6bcb83148978b992977cb0f54d22feb0cce8a0a849a9410532bb2623ba4c6?s=96&d=mm&r=g","width":96,"height":96,"caption":"Juh\u00e1sz P\u00e9ter"}},{"@type":"WebPage","@id":"https:\/\/allasorias.hu\/hirek\/kozel-negy-milliard-ft-diakmunka-programra\/#webpage","url":"https:\/\/allasorias.hu\/hirek\/kozel-negy-milliard-ft-diakmunka-programra\/","name":"K\u00f6zel n\u00e9gy milli\u00e1rd Ft di\u00e1kmunka programra | AllasOrias.hu | H\u00edrek-lapszemle","description":"A P\u00e9nz\u00fcgyminiszt\u00e9rium az id\u00e9n 3,6 milli\u00e1rd forintos keretet biztos\u00edt a j\u00falius 1. \u00e9s augusztus 30. k\u00f6z\u00f6tti di\u00e1kmunka programra, amelyben sz\u00e1m\u00edt\u00e1suk szerint mintegy 30 ezer di\u00e1k vesz r\u00e9szt a tavalyi 29 ezerrel szemben \u2013 jelentette ki Marczink\u00f3 Zolt\u00e1n, a P\u00e9nz\u00fcgyminiszt\u00e9rium munkaer\u0151piac\u00e9rt \u00e9s v\u00e1llalati kapcsolatok\u00e9rt felel\u0151s helyettes \u00e1llamtitk\u00e1ra az M1 aktu\u00e1lis csatorn\u00e1n. A programban a di\u00e1kok foglalkoztat\u00e1s\u00e1t","inLanguage":"hu-HU","isPartOf":{"@id":"https:\/\/allasorias.hu\/hirek\/#website"},"breadcrumb":{"@id":"https:\/\/allasorias.hu\/hirek\/kozel-negy-milliard-ft-diakmunka-programra\/#breadcrumblist"},"author":{"@id":"https:\/\/allasorias.hu\/hirek\/author\/admin-allasorias\/#author"},"creator":{"@id":"https:\/\/allasorias.hu\/hirek\/author\/admin-allasorias\/#author"},"image":{"@type":"ImageObject","url":"https:\/\/allasorias.hu\/hirek\/wp-content\/uploads\/2019\/02\/pexels-photo-1595391.jpeg","@id":"https:\/\/allasorias.hu\/hirek\/kozel-negy-milliard-ft-diakmunka-programra\/#mainImage","width":640,"height":426},"primaryImageOfPage":{"@id":"https:\/\/allasorias.hu\/hirek\/kozel-negy-milliard-ft-diakmunka-programra\/#mainImage"},"datePublished":"2019-06-19T07:49:27+02:00","dateModified":"2019-06-19T07:49:27+02:00"},{"@type":"WebSite","@id":"https:\/\/allasorias.hu\/hirek\/#website","url":"https:\/\/allasorias.hu\/hirek\/","name":"AllasOrias.hu | H\u00edrek-lapszemle","description":"\u00dczleti h\u00edrek az \u00e1ll\u00e1s \u00e9s a munka vil\u00e1g\u00e1b\u00f3l","inLanguage":"hu-HU","publisher":{"@id":"https:\/\/allasorias.hu\/hirek\/#organization"}}]},"og:locale":"hu_HU","og:site_name":"AllasOrias.hu | H\u00edrek-lapszemle | \u00dczleti h\u00edrek az \u00e1ll\u00e1s \u00e9s a munka vil\u00e1g\u00e1b\u00f3l","og:type":"article","og:title":"K\u00f6zel n\u00e9gy milli\u00e1rd Ft di\u00e1kmunka programra | AllasOrias.hu | H\u00edrek-lapszemle","og:description":"A P\u00e9nz\u00fcgyminiszt\u00e9rium az id\u00e9n 3,6 milli\u00e1rd forintos keretet biztos\u00edt a j\u00falius 1. \u00e9s augusztus 30. k\u00f6z\u00f6tti di\u00e1kmunka programra, amelyben sz\u00e1m\u00edt\u00e1suk szerint mintegy 30 ezer di\u00e1k vesz r\u00e9szt a tavalyi 29 ezerrel szemben \u2013 jelentette ki Marczink\u00f3 Zolt\u00e1n, a P\u00e9nz\u00fcgyminiszt\u00e9rium munkaer\u0151piac\u00e9rt \u00e9s v\u00e1llalati kapcsolatok\u00e9rt felel\u0151s helyettes \u00e1llamtitk\u00e1ra az M1 aktu\u00e1lis csatorn\u00e1n. A programban a di\u00e1kok foglalkoztat\u00e1s\u00e1t","og:url":"https:\/\/allasorias.hu\/hirek\/kozel-negy-milliard-ft-diakmunka-programra\/","og:image":"https:\/\/allasorias.hu\/hirek\/wp-content\/uploads\/2019\/02\/pexels-photo-1595391.jpeg","og:image:secure_url":"https:\/\/allasorias.hu\/hirek\/wp-content\/uploads\/2019\/02\/pexels-photo-1595391.jpeg","og:image:width":640,"og:image:height":426,"article:published_time":"2019-06-19T07:49:27+00:00","article:modified_time":"2019-06-19T07:49:27+00:00","article:publisher":"https:\/\/www.facebook.com\/allasorias","twitter:card":"summary_large_image","twitter:title":"K\u00f6zel n\u00e9gy milli\u00e1rd Ft di\u00e1kmunka programra | AllasOrias.hu | H\u00edrek-lapszemle","twitter:description":"A P\u00e9nz\u00fcgyminiszt\u00e9rium az id\u00e9n 3,6 milli\u00e1rd forintos keretet biztos\u00edt a j\u00falius 1. \u00e9s augusztus 30. k\u00f6z\u00f6tti di\u00e1kmunka programra, amelyben sz\u00e1m\u00edt\u00e1suk szerint mintegy 30 ezer di\u00e1k vesz r\u00e9szt a tavalyi 29 ezerrel szemben \u2013 jelentette ki Marczink\u00f3 Zolt\u00e1n, a P\u00e9nz\u00fcgyminiszt\u00e9rium munkaer\u0151piac\u00e9rt \u00e9s v\u00e1llalati kapcsolatok\u00e9rt felel\u0151s helyettes \u00e1llamtitk\u00e1ra az M1 aktu\u00e1lis csatorn\u00e1n. A programban a di\u00e1kok foglalkoztat\u00e1s\u00e1t","twitter:image":"https:\/\/allasorias.hu\/hirek\/wp-content\/uploads\/2019\/02\/pexels-photo-1595391.jpeg","twitter:label1":"Written by","twitter:data1":"Juh\u00e1sz P\u00e9ter","twitter:label2":"Est. reading time","twitter:data2":"1 minute"},"aioseo_meta_data":{"post_id":"3008","title":null,"description":null,"keywords":null,"keyphrases":null,"primary_term":null,"canonical_url":null,"og_title":null,"og_description":null,"og_object_type":"default","og_image_type":"default","og_image_url":null,"og_image_width":null,"og_image_height":null,"og_image_custom_url":null,"og_image_custom_fields":null,"og_video":null,"og_custom_url":null,"og_article_section":null,"og_article_tags":null,"twitter_use_og":false,"twitter_card":"default","twitter_image_type":"default","twitter_image_url":null,"twitter_image_custom_url":null,"twitter_image_custom_fields":null,"twitter_title":null,"twitter_description":null,"schema":{"blockGraphs":[],"customGraphs":[],"default":{"data":{"Article":[],"Course":[],"Dataset":[],"FAQPage":[],"Movie":[],"Person":[],"Product":[],"ProductReview":[],"Car":[],"Recipe":[],"Service":[],"SoftwareApplication":[],"WebPage":[]},"graphName":"","isEnabled":true},"graphs":[],"defaultGraph":"","defaultPostTypeGraph":""},"schema_type":null,"schema_type_options":null,"pillar_content":false,"robots_default":true,"robots_noindex":false,"robots_noarchive":false,"robots_nosnippet":false,"robots_nofollow":false,"robots_noimageindex":false,"robots_noodp":false,"robots_notranslate":false,"robots_max_snippet":null,"robots_max_videopreview":null,"robots_max_imagepreview":"large","priority":null,"frequency":null,"location":null,"local_seo":null,"breadcrumb_settings":null,"limit_modified_date":false,"ai":null,"created":"2021-02-01 21:28:17","updated":"2025-10-02 11:28:27","seo_analyzer_scan_date":null,"focus_keyword":null,"additional_keywords":null,"truseo_locale":null},"aioseo_breadcrumb":"<div class=\"aioseo-breadcrumbs\"><span class=\"aioseo-breadcrumb\">\n\t\t\t<a href=\"https:\/\/allasorias.hu\/hirek\" title=\"Home\">Home<\/a>\n\t\t<\/span><span class=\"aioseo-breadcrumb-separator\">&raquo;<\/span><span class=\"aioseo-breadcrumb\">\n\t\t\t<a href=\"https:\/\/allasorias.hu\/hirek\/temak\/allaskereses\/\" title=\"\u00c1ll\u00e1skeres\u00e9s\">\u00c1ll\u00e1skeres\u00e9s<\/a>\n\t\t<\/span><span class=\"aioseo-breadcrumb-separator\">&raquo;<\/span><span class=\"aioseo-breadcrumb\">\n\t\t\tK\u00f6zel n\u00e9gy milli\u00e1rd Ft di\u00e1kmunka programra\n\t\t<\/span><\/div>","aioseo_breadcrumb_json":[{"label":"Home","link":"https:\/\/allasorias.hu\/hirek"},{"label":"\u00c1ll\u00e1skeres\u00e9s","link":"https:\/\/allasorias.hu\/hirek\/temak\/allaskereses\/"},{"label":"K\u00f6zel n\u00e9gy milli\u00e1rd Ft di\u00e1kmunka programra","link":"https:\/\/allasorias.hu\/hirek\/kozel-negy-milliard-ft-diakmunka-programra\/"}],"_links":{"self":[{"href":"https:\/\/allasorias.hu\/hirek\/wp-json\/wp\/v2\/posts\/3008","targetHints":{"allow":["GET"]}}],"collection":[{"href":"https:\/\/allasorias.hu\/hirek\/wp-json\/wp\/v2\/posts"}],"about":[{"href":"https:\/\/allasorias.hu\/hirek\/wp-json\/wp\/v2\/types\/post"}],"author":[{"embeddable":true,"href":"https:\/\/allasorias.hu\/hirek\/wp-json\/wp\/v2\/users\/1"}],"replies":[{"embeddable":true,"href":"https:\/\/allasorias.hu\/hirek\/wp-json\/wp\/v2\/comments?post=3008"}],"version-history":[{"count":1,"href":"https:\/\/allasorias.hu\/hirek\/wp-json\/wp\/v2\/posts\/3008\/revisions"}],"predecessor-version":[{"id":3009,"href":"https:\/\/allasorias.hu\/hirek\/wp-json\/wp\/v2\/posts\/3008\/revisions\/3009"}],"wp:featuredmedia":[{"embeddable":true,"href":"https:\/\/allasorias.hu\/hirek\/wp-json\/wp\/v2\/media\/2567"}],"wp:attachment":[{"href":"https:\/\/allasorias.hu\/hirek\/wp-json\/wp\/v2\/media?parent=3008"}],"wp:term":[{"taxonomy":"category","embeddable":true,"href":"https:\/\/allasorias.hu\/hirek\/wp-json\/wp\/v2\/categories?post=3008"},{"taxonomy":"post_tag","embeddable":true,"href":"https:\/\/allasorias.hu\/hirek\/wp-json\/wp\/v2\/tags?post=3008"}],"curies":[{"name":"wp","href":"https:\/\/api.w.org\/{rel}","templated":true}]}}