{"id":3002,"date":"2019-06-18T08:30:15","date_gmt":"2019-06-18T08:30:15","guid":{"rendered":"https:\/\/allasorias.hu\/hirek\/?p=3002"},"modified":"2019-06-18T08:30:15","modified_gmt":"2019-06-18T08:30:15","slug":"emelik-a-kozmunkasok-beret-jovore","status":"publish","type":"post","link":"https:\/\/allasorias.hu\/hirek\/emelik-a-kozmunkasok-beret-jovore\/","title":{"rendered":"Emelik a k\u00f6zmunk\u00e1sok b\u00e9r\u00e9t j\u00f6v\u0151re ?"},"content":{"rendered":"<p><strong>\u00c9vek \u00f3ta nem emeltek a k\u00f6zmunk\u00e1sok b\u00e9r\u00e9n, s egyre kevesebben dolgoznak ebben a szf\u00e9r\u00e1ban. A Bel\u00fcgyminiszt\u00e9rium jogalkot\u00e1si terve szerint sz\u00fcks\u00e9ges lehet a k\u00f6zfoglalkoztat\u00e1si b\u00e9rek emel\u00e9se 2020-ban. M\u00f3dos\u00edthatj\u00e1k a k\u00f6zfoglalkoztat\u00e1si b\u00e9r \u00e9s a k\u00f6zfoglalkoztat\u00e1si garant\u00e1lt b\u00e9r meg\u00e1llap\u00edt\u00e1s\u00e1r\u00f3l sz\u00f3l\u00f3 korm\u00e1nyrendeletet. A bel\u00fcgyi t\u00e1rca munkaterv\u00e9t a korm\u00e1nyport\u00e1lon hozt\u00e1k nyilv\u00e1noss\u00e1gra. <\/strong><\/p>\n<p>A jogalkot\u00e1si feladat indokol\u00e1sa szerint &#8222;a korm\u00e1ny \u00e1ll\u00e1spontj\u00e1nak figyelembe v\u00e9tel\u00e9vel sz\u00fcks\u00e9ges a 2019. \u00e9v II. f\u00e9l\u00e9v\u00e9ben a k\u00f6zfoglalkoztat\u00e1si b\u00e9r \u00e9s a k\u00f6zfoglalkoztat\u00e1si garant\u00e1lt b\u00e9r m\u00e9rt\u00e9k\u00e9nek fel\u00fclvizsg\u00e1lata&#8221; &#8211; olvashat\u00f3 a dokumentumban. A Bel\u00fcgyminiszt\u00e9rium szerint a k\u00f6zfoglalkoztatottak tekintet\u00e9ben sz\u00fcks\u00e9ges a v\u00e9gzetts\u00e9gi korl\u00e1tok kism\u00e9rt\u00e9k\u0171 old\u00e1sa is, hogy a k\u00f6zfoglalkoztatott munkav\u00e1llal\u00f3 r\u00e9sz\u00e9re a k\u00f6zfoglalkoztat\u00e1si garant\u00e1lt b\u00e9r abban az esetben is megadhat\u00f3 legyen, ha az egy\u00e9n nem rendelkezik k\u00f6z\u00e9pfok\u00fa iskolai v\u00e9gzetts\u00e9ggel, de \u00e1llam \u00e1ltal elismert k\u00f6z\u00e9pfok\u00fa szakk\u00e9pes\u00edt\u00e9st szerzett. A nyolc\u00f3r\u00e1s munkaviszonnyal rendelkez\u0151 k\u00f6zfoglalkoztatottak havi b\u00e9re jelenleg a v\u00e9gzetts\u00e9g\u00fckt\u0151l f\u00fcgg\u0151en brutt\u00f3 81 530 \u00e9s 106 500 forint k\u00f6z\u00f6tt van. Ez nett\u00f3 54,3 ezer forintot, illetve nett\u00f3 70,8 ezer forintot jelent. \u00cdgy nem csoda, hogy folyamatosan cs\u00f6kken a k\u00f6zmunk\u00e1sok sz\u00e1ma. A cs\u00facsid\u0151szakhoz k\u00e9pest gyakorlatilag megfelez\u0151d\u00f6tt a k\u00f6zfoglalkoztat\u00e1sban r\u00e9szt vev\u0151k sz\u00e1ma tavaly decemberre. A kedvez\u0151 tendencia folytat\u00f3dott: t\u00f6bb mint negyvenezer f\u0151vel cs\u00f6kkent 2018 els\u0151 h\u00f3napj\u00e1hoz k\u00e9pest a k\u00f6zmunk\u00e1sl\u00e9tsz\u00e1m &#8211; der\u00fcl ki a Bel\u00fcgyminiszt\u00e9rium jelent\u00e9s\u00e9b\u0151l. A Magyar Nemzet cikke szerint a tavalyi esztend\u0151 utols\u00f3 h\u00f3napj\u00e1ban \u00e1tlagosan k\u00f6zel 122 ezren dolgoztak valamelyik k\u00f6zfoglalkoztat\u00e1si programban. Ezzel teljes\u00fclt a korm\u00e1ny azon kor\u00e1bbi c\u00e9lja, hogy a l\u00e9tsz\u00e1m tart\u00f3san 150 ezer f\u0151 al\u00e1 cs\u00f6kkenjen. A jelenlegi munkaer\u0151piaci helyzetben is a l\u00e9tsz\u00e1m tov\u00e1bbi cs\u00f6kken\u00e9se felt\u00e9telezhet\u0151, emelked\u00e9sre nincs re\u00e1lis es\u00e9ly. A bel\u00fcgyminiszt\u00e9rium adatai szerint id\u00e9n febru\u00e1rban viszont m\u00e1r csak 117 831 f\u0151 volt k\u00f6zfoglalkoztatott. Az el\u0151z\u0151 h\u00f3naphoz k\u00e9pest 1,2, m\u00edg az el\u0151z\u0151 \u00e9v febru\u00e1rj\u00e1hoz viszony\u00edtva 23,6 sz\u00e1zal\u00e9kkal cs\u00f6kkent ez a sz\u00e1m. A mintegy 118 ezer f\u0151 az \u00f6sszes magyarorsz\u00e1gi munkav\u00e1llal\u00f3nak k\u00f6r\u00fclbel\u00fcl a 2,6 sz\u00e1zal\u00e9k\u00e1t jelenti.<\/p>\n<p>Forr\u00e1s: szakszervezetek.hu<\/p>\n","protected":false},"excerpt":{"rendered":"<p>\u00c9vek \u00f3ta nem emeltek a k\u00f6zmunk\u00e1sok b\u00e9r\u00e9n, s egyre kevesebben dolgoznak ebben a szf\u00e9r\u00e1ban. A Bel\u00fcgyminiszt\u00e9rium jogalkot\u00e1si terve szerint sz\u00fcks\u00e9ges lehet a k\u00f6zfoglalkoztat\u00e1si b\u00e9rek emel\u00e9se 2020-ban. M\u00f3dos\u00edthatj\u00e1k a k\u00f6zfoglalkoztat\u00e1si b\u00e9r \u00e9s a k\u00f6zfoglalkoztat\u00e1si garant\u00e1lt b\u00e9r meg\u00e1llap\u00edt\u00e1s\u00e1r\u00f3l sz\u00f3l\u00f3 korm\u00e1nyrendeletet. A bel\u00fcgyi t\u00e1rca munkaterv\u00e9t a korm\u00e1nyport\u00e1lon hozt\u00e1k nyilv\u00e1noss\u00e1gra. A jogalkot\u00e1si feladat indokol\u00e1sa szerint &#8222;a korm\u00e1ny \u00e1ll\u00e1spontj\u00e1nak figyelembe [&hellip;]<\/p>\n","protected":false},"author":1,"featured_media":2435,"comment_status":"open","ping_status":"open","sticky":false,"template":"","format":"standard","meta":{"_monsterinsights_skip_tracking":false,"footnotes":""},"categories":[198,200],"tags":[],"class_list":["post-3002","post","type-post","status-publish","format-standard","has-post-thumbnail","hentry","category-gazdasag","category-munkaeropiac"],"aioseo_notices":[],"aioseo_head":"\n\t\t<!-- All in One SEO 5.0.0.1 - aioseo.com -->\n\t<meta name=\"description\" content=\"\u00c9vek \u00f3ta nem emeltek a k\u00f6zmunk\u00e1sok b\u00e9r\u00e9n, s egyre kevesebben dolgoznak ebben a szf\u00e9r\u00e1ban. A Bel\u00fcgyminiszt\u00e9rium jogalkot\u00e1si terve szerint sz\u00fcks\u00e9ges lehet a k\u00f6zfoglalkoztat\u00e1si b\u00e9rek emel\u00e9se 2020-ban. M\u00f3dos\u00edthatj\u00e1k a k\u00f6zfoglalkoztat\u00e1si b\u00e9r \u00e9s a k\u00f6zfoglalkoztat\u00e1si garant\u00e1lt b\u00e9r meg\u00e1llap\u00edt\u00e1s\u00e1r\u00f3l sz\u00f3l\u00f3 korm\u00e1nyrendeletet. A bel\u00fcgyi t\u00e1rca munkaterv\u00e9t a korm\u00e1nyport\u00e1lon hozt\u00e1k nyilv\u00e1noss\u00e1gra. A jogalkot\u00e1si feladat indokol\u00e1sa szerint &quot;a korm\u00e1ny \u00e1ll\u00e1spontj\u00e1nak figyelembe\" \/>\n\t<meta name=\"robots\" content=\"max-image-preview:large\" \/>\n\t<meta name=\"author\" content=\"Juh\u00e1sz P\u00e9ter\"\/>\n\t<link rel=\"canonical\" href=\"https:\/\/allasorias.hu\/hirek\/emelik-a-kozmunkasok-beret-jovore\/\" \/>\n\t<meta name=\"generator\" content=\"All in One SEO (AIOSEO) 5.0.0.1\" \/>\n\t\t<meta property=\"og:locale\" content=\"hu_HU\" \/>\n\t\t<meta property=\"og:site_name\" content=\"AllasOrias.hu | H\u00edrek-lapszemle | \u00dczleti h\u00edrek az \u00e1ll\u00e1s \u00e9s a munka vil\u00e1g\u00e1b\u00f3l\" \/>\n\t\t<meta property=\"og:type\" content=\"article\" \/>\n\t\t<meta property=\"og:title\" content=\"Emelik a k\u00f6zmunk\u00e1sok b\u00e9r\u00e9t j\u00f6v\u0151re ? | AllasOrias.hu | H\u00edrek-lapszemle\" \/>\n\t\t<meta property=\"og:description\" content=\"\u00c9vek \u00f3ta nem emeltek a k\u00f6zmunk\u00e1sok b\u00e9r\u00e9n, s egyre kevesebben dolgoznak ebben a szf\u00e9r\u00e1ban. A Bel\u00fcgyminiszt\u00e9rium jogalkot\u00e1si terve szerint sz\u00fcks\u00e9ges lehet a k\u00f6zfoglalkoztat\u00e1si b\u00e9rek emel\u00e9se 2020-ban. M\u00f3dos\u00edthatj\u00e1k a k\u00f6zfoglalkoztat\u00e1si b\u00e9r \u00e9s a k\u00f6zfoglalkoztat\u00e1si garant\u00e1lt b\u00e9r meg\u00e1llap\u00edt\u00e1s\u00e1r\u00f3l sz\u00f3l\u00f3 korm\u00e1nyrendeletet. A bel\u00fcgyi t\u00e1rca munkaterv\u00e9t a korm\u00e1nyport\u00e1lon hozt\u00e1k nyilv\u00e1noss\u00e1gra. A jogalkot\u00e1si feladat indokol\u00e1sa szerint &quot;a korm\u00e1ny \u00e1ll\u00e1spontj\u00e1nak figyelembe\" \/>\n\t\t<meta property=\"og:url\" content=\"https:\/\/allasorias.hu\/hirek\/emelik-a-kozmunkasok-beret-jovore\/\" \/>\n\t\t<meta property=\"og:image\" content=\"https:\/\/allasorias.hu\/hirek\/wp-content\/uploads\/2019\/01\/novekedes_freedigitalphotos_pakorn.jpg\" \/>\n\t\t<meta property=\"og:image:secure_url\" content=\"https:\/\/allasorias.hu\/hirek\/wp-content\/uploads\/2019\/01\/novekedes_freedigitalphotos_pakorn.jpg\" \/>\n\t\t<meta property=\"og:image:width\" content=\"512\" \/>\n\t\t<meta property=\"og:image:height\" content=\"384\" \/>\n\t\t<meta property=\"article:published_time\" content=\"2019-06-18T08:30:15+00:00\" \/>\n\t\t<meta property=\"article:modified_time\" content=\"2019-06-18T08:30:15+00:00\" \/>\n\t\t<meta property=\"article:publisher\" content=\"https:\/\/www.facebook.com\/allasorias\" \/>\n\t\t<meta name=\"twitter:card\" content=\"summary_large_image\" \/>\n\t\t<meta name=\"twitter:title\" content=\"Emelik a k\u00f6zmunk\u00e1sok b\u00e9r\u00e9t j\u00f6v\u0151re ? | AllasOrias.hu | H\u00edrek-lapszemle\" \/>\n\t\t<meta name=\"twitter:description\" content=\"\u00c9vek \u00f3ta nem emeltek a k\u00f6zmunk\u00e1sok b\u00e9r\u00e9n, s egyre kevesebben dolgoznak ebben a szf\u00e9r\u00e1ban. A Bel\u00fcgyminiszt\u00e9rium jogalkot\u00e1si terve szerint sz\u00fcks\u00e9ges lehet a k\u00f6zfoglalkoztat\u00e1si b\u00e9rek emel\u00e9se 2020-ban. M\u00f3dos\u00edthatj\u00e1k a k\u00f6zfoglalkoztat\u00e1si b\u00e9r \u00e9s a k\u00f6zfoglalkoztat\u00e1si garant\u00e1lt b\u00e9r meg\u00e1llap\u00edt\u00e1s\u00e1r\u00f3l sz\u00f3l\u00f3 korm\u00e1nyrendeletet. A bel\u00fcgyi t\u00e1rca munkaterv\u00e9t a korm\u00e1nyport\u00e1lon hozt\u00e1k nyilv\u00e1noss\u00e1gra. A jogalkot\u00e1si feladat indokol\u00e1sa szerint &quot;a korm\u00e1ny \u00e1ll\u00e1spontj\u00e1nak figyelembe\" \/>\n\t\t<meta name=\"twitter:image\" content=\"https:\/\/allasorias.hu\/hirek\/wp-content\/uploads\/2019\/01\/novekedes_freedigitalphotos_pakorn.jpg\" \/>\n\t\t<meta name=\"twitter:label1\" content=\"Written by\" \/>\n\t\t<meta name=\"twitter:data1\" content=\"Juh\u00e1sz P\u00e9ter\" \/>\n\t\t<meta name=\"twitter:label2\" content=\"Est. reading time\" \/>\n\t\t<meta name=\"twitter:data2\" content=\"2 minutes\" \/>\n\t\t<script type=\"application\/ld+json\" class=\"aioseo-schema\">\n\t\t\t{\"@context\":\"https:\\\/\\\/schema.org\",\"@graph\":[{\"@type\":\"Article\",\"@id\":\"https:\\\/\\\/allasorias.hu\\\/hirek\\\/emelik-a-kozmunkasok-beret-jovore\\\/#article\",\"name\":\"Emelik a k\\u00f6zmunk\\u00e1sok b\\u00e9r\\u00e9t j\\u00f6v\\u0151re ? | AllasOrias.hu | H\\u00edrek-lapszemle\",\"headline\":\"Emelik a k\\u00f6zmunk\\u00e1sok b\\u00e9r\\u00e9t j\\u00f6v\\u0151re ?\",\"author\":{\"@id\":\"https:\\\/\\\/allasorias.hu\\\/hirek\\\/author\\\/admin-allasorias\\\/#author\"},\"publisher\":{\"@id\":\"https:\\\/\\\/allasorias.hu\\\/hirek\\\/#organization\"},\"image\":{\"@type\":\"ImageObject\",\"url\":\"https:\\\/\\\/allasorias.hu\\\/hirek\\\/wp-content\\\/uploads\\\/2019\\\/01\\\/novekedes_freedigitalphotos_pakorn.jpg\",\"width\":512,\"height\":384},\"datePublished\":\"2019-06-18T08:30:15+02:00\",\"dateModified\":\"2019-06-18T08:30:15+02:00\",\"inLanguage\":\"hu-HU\",\"commentCount\":2,\"mainEntityOfPage\":{\"@id\":\"https:\\\/\\\/allasorias.hu\\\/hirek\\\/emelik-a-kozmunkasok-beret-jovore\\\/#webpage\"},\"isPartOf\":{\"@id\":\"https:\\\/\\\/allasorias.hu\\\/hirek\\\/emelik-a-kozmunkasok-beret-jovore\\\/#webpage\"},\"articleSection\":\"Gazdas\\u00e1g, Munkaer\\u0151piac\"},{\"@type\":\"BreadcrumbList\",\"@id\":\"https:\\\/\\\/allasorias.hu\\\/hirek\\\/emelik-a-kozmunkasok-beret-jovore\\\/#breadcrumblist\",\"itemListElement\":[{\"@type\":\"ListItem\",\"@id\":\"https:\\\/\\\/allasorias.hu\\\/hirek#listItem\",\"position\":1,\"name\":\"Home\",\"item\":\"https:\\\/\\\/allasorias.hu\\\/hirek\",\"nextItem\":{\"@type\":\"ListItem\",\"@id\":\"https:\\\/\\\/allasorias.hu\\\/hirek\\\/temak\\\/gazdasag\\\/#listItem\",\"name\":\"Gazdas\\u00e1g\"}},{\"@type\":\"ListItem\",\"@id\":\"https:\\\/\\\/allasorias.hu\\\/hirek\\\/temak\\\/gazdasag\\\/#listItem\",\"position\":2,\"name\":\"Gazdas\\u00e1g\",\"item\":\"https:\\\/\\\/allasorias.hu\\\/hirek\\\/temak\\\/gazdasag\\\/\",\"nextItem\":{\"@type\":\"ListItem\",\"@id\":\"https:\\\/\\\/allasorias.hu\\\/hirek\\\/emelik-a-kozmunkasok-beret-jovore\\\/#listItem\",\"name\":\"Emelik a k\\u00f6zmunk\\u00e1sok b\\u00e9r\\u00e9t j\\u00f6v\\u0151re ?\"},\"previousItem\":{\"@type\":\"ListItem\",\"@id\":\"https:\\\/\\\/allasorias.hu\\\/hirek#listItem\",\"name\":\"Home\"}},{\"@type\":\"ListItem\",\"@id\":\"https:\\\/\\\/allasorias.hu\\\/hirek\\\/emelik-a-kozmunkasok-beret-jovore\\\/#listItem\",\"position\":3,\"name\":\"Emelik a k\\u00f6zmunk\\u00e1sok b\\u00e9r\\u00e9t j\\u00f6v\\u0151re ?\",\"previousItem\":{\"@type\":\"ListItem\",\"@id\":\"https:\\\/\\\/allasorias.hu\\\/hirek\\\/temak\\\/gazdasag\\\/#listItem\",\"name\":\"Gazdas\\u00e1g\"}}]},{\"@type\":\"Organization\",\"@id\":\"https:\\\/\\\/allasorias.hu\\\/hirek\\\/#organization\",\"name\":\"AllasOrias.hu | H\\u00edrek-lapszemle\",\"description\":\"\\u00dczleti h\\u00edrek az \\u00e1ll\\u00e1s \\u00e9s a munka vil\\u00e1g\\u00e1b\\u00f3l\",\"url\":\"https:\\\/\\\/allasorias.hu\\\/hirek\\\/\",\"logo\":{\"@type\":\"ImageObject\",\"url\":\"https:\\\/\\\/allasorias.hu\\\/hirek\\\/wp-content\\\/uploads\\\/2022\\\/10\\\/allasorias_site_facebok_logo.png\",\"@id\":\"https:\\\/\\\/allasorias.hu\\\/hirek\\\/emelik-a-kozmunkasok-beret-jovore\\\/#organizationLogo\"},\"image\":{\"@id\":\"https:\\\/\\\/allasorias.hu\\\/hirek\\\/emelik-a-kozmunkasok-beret-jovore\\\/#organizationLogo\"},\"sameAs\":[\"https:\\\/\\\/www.facebook.com\\\/allasorias\",\"https:\\\/\\\/www.linkedin.com\\\/company\\\/allasorias\"]},{\"@type\":\"Person\",\"@id\":\"https:\\\/\\\/allasorias.hu\\\/hirek\\\/author\\\/admin-allasorias\\\/#author\",\"url\":\"https:\\\/\\\/allasorias.hu\\\/hirek\\\/author\\\/admin-allasorias\\\/\",\"name\":\"Juh\\u00e1sz P\\u00e9ter\",\"image\":{\"@type\":\"ImageObject\",\"@id\":\"https:\\\/\\\/allasorias.hu\\\/hirek\\\/emelik-a-kozmunkasok-beret-jovore\\\/#authorImage\",\"url\":\"https:\\\/\\\/secure.gravatar.com\\\/avatar\\\/36e6bcb83148978b992977cb0f54d22feb0cce8a0a849a9410532bb2623ba4c6?s=96&d=mm&r=g\",\"width\":96,\"height\":96,\"caption\":\"Juh\\u00e1sz P\\u00e9ter\"}},{\"@type\":\"WebPage\",\"@id\":\"https:\\\/\\\/allasorias.hu\\\/hirek\\\/emelik-a-kozmunkasok-beret-jovore\\\/#webpage\",\"url\":\"https:\\\/\\\/allasorias.hu\\\/hirek\\\/emelik-a-kozmunkasok-beret-jovore\\\/\",\"name\":\"Emelik a k\\u00f6zmunk\\u00e1sok b\\u00e9r\\u00e9t j\\u00f6v\\u0151re ? | AllasOrias.hu | H\\u00edrek-lapszemle\",\"description\":\"\\u00c9vek \\u00f3ta nem emeltek a k\\u00f6zmunk\\u00e1sok b\\u00e9r\\u00e9n, s egyre kevesebben dolgoznak ebben a szf\\u00e9r\\u00e1ban. A Bel\\u00fcgyminiszt\\u00e9rium jogalkot\\u00e1si terve szerint sz\\u00fcks\\u00e9ges lehet a k\\u00f6zfoglalkoztat\\u00e1si b\\u00e9rek emel\\u00e9se 2020-ban. M\\u00f3dos\\u00edthatj\\u00e1k a k\\u00f6zfoglalkoztat\\u00e1si b\\u00e9r \\u00e9s a k\\u00f6zfoglalkoztat\\u00e1si garant\\u00e1lt b\\u00e9r meg\\u00e1llap\\u00edt\\u00e1s\\u00e1r\\u00f3l sz\\u00f3l\\u00f3 korm\\u00e1nyrendeletet. A bel\\u00fcgyi t\\u00e1rca munkaterv\\u00e9t a korm\\u00e1nyport\\u00e1lon hozt\\u00e1k nyilv\\u00e1noss\\u00e1gra. A jogalkot\\u00e1si feladat indokol\\u00e1sa szerint \\\"a korm\\u00e1ny \\u00e1ll\\u00e1spontj\\u00e1nak figyelembe\",\"inLanguage\":\"hu-HU\",\"isPartOf\":{\"@id\":\"https:\\\/\\\/allasorias.hu\\\/hirek\\\/#website\"},\"breadcrumb\":{\"@id\":\"https:\\\/\\\/allasorias.hu\\\/hirek\\\/emelik-a-kozmunkasok-beret-jovore\\\/#breadcrumblist\"},\"author\":{\"@id\":\"https:\\\/\\\/allasorias.hu\\\/hirek\\\/author\\\/admin-allasorias\\\/#author\"},\"creator\":{\"@id\":\"https:\\\/\\\/allasorias.hu\\\/hirek\\\/author\\\/admin-allasorias\\\/#author\"},\"image\":{\"@type\":\"ImageObject\",\"url\":\"https:\\\/\\\/allasorias.hu\\\/hirek\\\/wp-content\\\/uploads\\\/2019\\\/01\\\/novekedes_freedigitalphotos_pakorn.jpg\",\"@id\":\"https:\\\/\\\/allasorias.hu\\\/hirek\\\/emelik-a-kozmunkasok-beret-jovore\\\/#mainImage\",\"width\":512,\"height\":384},\"primaryImageOfPage\":{\"@id\":\"https:\\\/\\\/allasorias.hu\\\/hirek\\\/emelik-a-kozmunkasok-beret-jovore\\\/#mainImage\"},\"datePublished\":\"2019-06-18T08:30:15+02:00\",\"dateModified\":\"2019-06-18T08:30:15+02:00\"},{\"@type\":\"WebSite\",\"@id\":\"https:\\\/\\\/allasorias.hu\\\/hirek\\\/#website\",\"url\":\"https:\\\/\\\/allasorias.hu\\\/hirek\\\/\",\"name\":\"AllasOrias.hu | H\\u00edrek-lapszemle\",\"description\":\"\\u00dczleti h\\u00edrek az \\u00e1ll\\u00e1s \\u00e9s a munka vil\\u00e1g\\u00e1b\\u00f3l\",\"inLanguage\":\"hu-HU\",\"publisher\":{\"@id\":\"https:\\\/\\\/allasorias.hu\\\/hirek\\\/#organization\"}}]}\n\t\t<\/script>\n\t\t<!-- All in One SEO -->\n\n","aioseo_head_json":{"title":"Emelik a k\u00f6zmunk\u00e1sok b\u00e9r\u00e9t j\u00f6v\u0151re ? | AllasOrias.hu | H\u00edrek-lapszemle","description":"\u00c9vek \u00f3ta nem emeltek a k\u00f6zmunk\u00e1sok b\u00e9r\u00e9n, s egyre kevesebben dolgoznak ebben a szf\u00e9r\u00e1ban. A Bel\u00fcgyminiszt\u00e9rium jogalkot\u00e1si terve szerint sz\u00fcks\u00e9ges lehet a k\u00f6zfoglalkoztat\u00e1si b\u00e9rek emel\u00e9se 2020-ban. M\u00f3dos\u00edthatj\u00e1k a k\u00f6zfoglalkoztat\u00e1si b\u00e9r \u00e9s a k\u00f6zfoglalkoztat\u00e1si garant\u00e1lt b\u00e9r meg\u00e1llap\u00edt\u00e1s\u00e1r\u00f3l sz\u00f3l\u00f3 korm\u00e1nyrendeletet. A bel\u00fcgyi t\u00e1rca munkaterv\u00e9t a korm\u00e1nyport\u00e1lon hozt\u00e1k nyilv\u00e1noss\u00e1gra. A jogalkot\u00e1si feladat indokol\u00e1sa szerint \"a korm\u00e1ny \u00e1ll\u00e1spontj\u00e1nak figyelembe","canonical_url":"https:\/\/allasorias.hu\/hirek\/emelik-a-kozmunkasok-beret-jovore\/","robots":"max-image-preview:large","keywords":"","webmasterTools":{"miscellaneous":""},"schema":{"@context":"https:\/\/schema.org","@graph":[{"@type":"Article","@id":"https:\/\/allasorias.hu\/hirek\/emelik-a-kozmunkasok-beret-jovore\/#article","name":"Emelik a k\u00f6zmunk\u00e1sok b\u00e9r\u00e9t j\u00f6v\u0151re ? | AllasOrias.hu | H\u00edrek-lapszemle","headline":"Emelik a k\u00f6zmunk\u00e1sok b\u00e9r\u00e9t j\u00f6v\u0151re ?","author":{"@id":"https:\/\/allasorias.hu\/hirek\/author\/admin-allasorias\/#author"},"publisher":{"@id":"https:\/\/allasorias.hu\/hirek\/#organization"},"image":{"@type":"ImageObject","url":"https:\/\/allasorias.hu\/hirek\/wp-content\/uploads\/2019\/01\/novekedes_freedigitalphotos_pakorn.jpg","width":512,"height":384},"datePublished":"2019-06-18T08:30:15+02:00","dateModified":"2019-06-18T08:30:15+02:00","inLanguage":"hu-HU","commentCount":2,"mainEntityOfPage":{"@id":"https:\/\/allasorias.hu\/hirek\/emelik-a-kozmunkasok-beret-jovore\/#webpage"},"isPartOf":{"@id":"https:\/\/allasorias.hu\/hirek\/emelik-a-kozmunkasok-beret-jovore\/#webpage"},"articleSection":"Gazdas\u00e1g, Munkaer\u0151piac"},{"@type":"BreadcrumbList","@id":"https:\/\/allasorias.hu\/hirek\/emelik-a-kozmunkasok-beret-jovore\/#breadcrumblist","itemListElement":[{"@type":"ListItem","@id":"https:\/\/allasorias.hu\/hirek#listItem","position":1,"name":"Home","item":"https:\/\/allasorias.hu\/hirek","nextItem":{"@type":"ListItem","@id":"https:\/\/allasorias.hu\/hirek\/temak\/gazdasag\/#listItem","name":"Gazdas\u00e1g"}},{"@type":"ListItem","@id":"https:\/\/allasorias.hu\/hirek\/temak\/gazdasag\/#listItem","position":2,"name":"Gazdas\u00e1g","item":"https:\/\/allasorias.hu\/hirek\/temak\/gazdasag\/","nextItem":{"@type":"ListItem","@id":"https:\/\/allasorias.hu\/hirek\/emelik-a-kozmunkasok-beret-jovore\/#listItem","name":"Emelik a k\u00f6zmunk\u00e1sok b\u00e9r\u00e9t j\u00f6v\u0151re ?"},"previousItem":{"@type":"ListItem","@id":"https:\/\/allasorias.hu\/hirek#listItem","name":"Home"}},{"@type":"ListItem","@id":"https:\/\/allasorias.hu\/hirek\/emelik-a-kozmunkasok-beret-jovore\/#listItem","position":3,"name":"Emelik a k\u00f6zmunk\u00e1sok b\u00e9r\u00e9t j\u00f6v\u0151re ?","previousItem":{"@type":"ListItem","@id":"https:\/\/allasorias.hu\/hirek\/temak\/gazdasag\/#listItem","name":"Gazdas\u00e1g"}}]},{"@type":"Organization","@id":"https:\/\/allasorias.hu\/hirek\/#organization","name":"AllasOrias.hu | H\u00edrek-lapszemle","description":"\u00dczleti h\u00edrek az \u00e1ll\u00e1s \u00e9s a munka vil\u00e1g\u00e1b\u00f3l","url":"https:\/\/allasorias.hu\/hirek\/","logo":{"@type":"ImageObject","url":"https:\/\/allasorias.hu\/hirek\/wp-content\/uploads\/2022\/10\/allasorias_site_facebok_logo.png","@id":"https:\/\/allasorias.hu\/hirek\/emelik-a-kozmunkasok-beret-jovore\/#organizationLogo"},"image":{"@id":"https:\/\/allasorias.hu\/hirek\/emelik-a-kozmunkasok-beret-jovore\/#organizationLogo"},"sameAs":["https:\/\/www.facebook.com\/allasorias","https:\/\/www.linkedin.com\/company\/allasorias"]},{"@type":"Person","@id":"https:\/\/allasorias.hu\/hirek\/author\/admin-allasorias\/#author","url":"https:\/\/allasorias.hu\/hirek\/author\/admin-allasorias\/","name":"Juh\u00e1sz P\u00e9ter","image":{"@type":"ImageObject","@id":"https:\/\/allasorias.hu\/hirek\/emelik-a-kozmunkasok-beret-jovore\/#authorImage","url":"https:\/\/secure.gravatar.com\/avatar\/36e6bcb83148978b992977cb0f54d22feb0cce8a0a849a9410532bb2623ba4c6?s=96&d=mm&r=g","width":96,"height":96,"caption":"Juh\u00e1sz P\u00e9ter"}},{"@type":"WebPage","@id":"https:\/\/allasorias.hu\/hirek\/emelik-a-kozmunkasok-beret-jovore\/#webpage","url":"https:\/\/allasorias.hu\/hirek\/emelik-a-kozmunkasok-beret-jovore\/","name":"Emelik a k\u00f6zmunk\u00e1sok b\u00e9r\u00e9t j\u00f6v\u0151re ? | AllasOrias.hu | H\u00edrek-lapszemle","description":"\u00c9vek \u00f3ta nem emeltek a k\u00f6zmunk\u00e1sok b\u00e9r\u00e9n, s egyre kevesebben dolgoznak ebben a szf\u00e9r\u00e1ban. A Bel\u00fcgyminiszt\u00e9rium jogalkot\u00e1si terve szerint sz\u00fcks\u00e9ges lehet a k\u00f6zfoglalkoztat\u00e1si b\u00e9rek emel\u00e9se 2020-ban. M\u00f3dos\u00edthatj\u00e1k a k\u00f6zfoglalkoztat\u00e1si b\u00e9r \u00e9s a k\u00f6zfoglalkoztat\u00e1si garant\u00e1lt b\u00e9r meg\u00e1llap\u00edt\u00e1s\u00e1r\u00f3l sz\u00f3l\u00f3 korm\u00e1nyrendeletet. A bel\u00fcgyi t\u00e1rca munkaterv\u00e9t a korm\u00e1nyport\u00e1lon hozt\u00e1k nyilv\u00e1noss\u00e1gra. A jogalkot\u00e1si feladat indokol\u00e1sa szerint \"a korm\u00e1ny \u00e1ll\u00e1spontj\u00e1nak figyelembe","inLanguage":"hu-HU","isPartOf":{"@id":"https:\/\/allasorias.hu\/hirek\/#website"},"breadcrumb":{"@id":"https:\/\/allasorias.hu\/hirek\/emelik-a-kozmunkasok-beret-jovore\/#breadcrumblist"},"author":{"@id":"https:\/\/allasorias.hu\/hirek\/author\/admin-allasorias\/#author"},"creator":{"@id":"https:\/\/allasorias.hu\/hirek\/author\/admin-allasorias\/#author"},"image":{"@type":"ImageObject","url":"https:\/\/allasorias.hu\/hirek\/wp-content\/uploads\/2019\/01\/novekedes_freedigitalphotos_pakorn.jpg","@id":"https:\/\/allasorias.hu\/hirek\/emelik-a-kozmunkasok-beret-jovore\/#mainImage","width":512,"height":384},"primaryImageOfPage":{"@id":"https:\/\/allasorias.hu\/hirek\/emelik-a-kozmunkasok-beret-jovore\/#mainImage"},"datePublished":"2019-06-18T08:30:15+02:00","dateModified":"2019-06-18T08:30:15+02:00"},{"@type":"WebSite","@id":"https:\/\/allasorias.hu\/hirek\/#website","url":"https:\/\/allasorias.hu\/hirek\/","name":"AllasOrias.hu | H\u00edrek-lapszemle","description":"\u00dczleti h\u00edrek az \u00e1ll\u00e1s \u00e9s a munka vil\u00e1g\u00e1b\u00f3l","inLanguage":"hu-HU","publisher":{"@id":"https:\/\/allasorias.hu\/hirek\/#organization"}}]},"og:locale":"hu_HU","og:site_name":"AllasOrias.hu | H\u00edrek-lapszemle | \u00dczleti h\u00edrek az \u00e1ll\u00e1s \u00e9s a munka vil\u00e1g\u00e1b\u00f3l","og:type":"article","og:title":"Emelik a k\u00f6zmunk\u00e1sok b\u00e9r\u00e9t j\u00f6v\u0151re ? | AllasOrias.hu | H\u00edrek-lapszemle","og:description":"\u00c9vek \u00f3ta nem emeltek a k\u00f6zmunk\u00e1sok b\u00e9r\u00e9n, s egyre kevesebben dolgoznak ebben a szf\u00e9r\u00e1ban. A Bel\u00fcgyminiszt\u00e9rium jogalkot\u00e1si terve szerint sz\u00fcks\u00e9ges lehet a k\u00f6zfoglalkoztat\u00e1si b\u00e9rek emel\u00e9se 2020-ban. M\u00f3dos\u00edthatj\u00e1k a k\u00f6zfoglalkoztat\u00e1si b\u00e9r \u00e9s a k\u00f6zfoglalkoztat\u00e1si garant\u00e1lt b\u00e9r meg\u00e1llap\u00edt\u00e1s\u00e1r\u00f3l sz\u00f3l\u00f3 korm\u00e1nyrendeletet. A bel\u00fcgyi t\u00e1rca munkaterv\u00e9t a korm\u00e1nyport\u00e1lon hozt\u00e1k nyilv\u00e1noss\u00e1gra. A jogalkot\u00e1si feladat indokol\u00e1sa szerint &quot;a korm\u00e1ny \u00e1ll\u00e1spontj\u00e1nak figyelembe","og:url":"https:\/\/allasorias.hu\/hirek\/emelik-a-kozmunkasok-beret-jovore\/","og:image":"https:\/\/allasorias.hu\/hirek\/wp-content\/uploads\/2019\/01\/novekedes_freedigitalphotos_pakorn.jpg","og:image:secure_url":"https:\/\/allasorias.hu\/hirek\/wp-content\/uploads\/2019\/01\/novekedes_freedigitalphotos_pakorn.jpg","og:image:width":512,"og:image:height":384,"article:published_time":"2019-06-18T08:30:15+00:00","article:modified_time":"2019-06-18T08:30:15+00:00","article:publisher":"https:\/\/www.facebook.com\/allasorias","twitter:card":"summary_large_image","twitter:title":"Emelik a k\u00f6zmunk\u00e1sok b\u00e9r\u00e9t j\u00f6v\u0151re ? | AllasOrias.hu | H\u00edrek-lapszemle","twitter:description":"\u00c9vek \u00f3ta nem emeltek a k\u00f6zmunk\u00e1sok b\u00e9r\u00e9n, s egyre kevesebben dolgoznak ebben a szf\u00e9r\u00e1ban. A Bel\u00fcgyminiszt\u00e9rium jogalkot\u00e1si terve szerint sz\u00fcks\u00e9ges lehet a k\u00f6zfoglalkoztat\u00e1si b\u00e9rek emel\u00e9se 2020-ban. M\u00f3dos\u00edthatj\u00e1k a k\u00f6zfoglalkoztat\u00e1si b\u00e9r \u00e9s a k\u00f6zfoglalkoztat\u00e1si garant\u00e1lt b\u00e9r meg\u00e1llap\u00edt\u00e1s\u00e1r\u00f3l sz\u00f3l\u00f3 korm\u00e1nyrendeletet. A bel\u00fcgyi t\u00e1rca munkaterv\u00e9t a korm\u00e1nyport\u00e1lon hozt\u00e1k nyilv\u00e1noss\u00e1gra. A jogalkot\u00e1si feladat indokol\u00e1sa szerint &quot;a korm\u00e1ny \u00e1ll\u00e1spontj\u00e1nak figyelembe","twitter:image":"https:\/\/allasorias.hu\/hirek\/wp-content\/uploads\/2019\/01\/novekedes_freedigitalphotos_pakorn.jpg","twitter:label1":"Written by","twitter:data1":"Juh\u00e1sz P\u00e9ter","twitter:label2":"Est. reading time","twitter:data2":"2 minutes"},"aioseo_meta_data":{"post_id":"3002","title":null,"description":null,"keywords":null,"keyphrases":null,"primary_term":null,"canonical_url":null,"og_title":null,"og_description":null,"og_object_type":"default","og_image_type":"default","og_image_url":null,"og_image_width":null,"og_image_height":null,"og_image_custom_url":null,"og_image_custom_fields":null,"og_video":null,"og_custom_url":null,"og_article_section":null,"og_article_tags":null,"twitter_use_og":false,"twitter_card":"default","twitter_image_type":"default","twitter_image_url":null,"twitter_image_custom_url":null,"twitter_image_custom_fields":null,"twitter_title":null,"twitter_description":null,"schema":{"blockGraphs":[],"customGraphs":[],"default":{"data":{"Article":[],"Course":[],"Dataset":[],"FAQPage":[],"Movie":[],"Person":[],"Product":[],"ProductReview":[],"Car":[],"Recipe":[],"Service":[],"SoftwareApplication":[],"WebPage":[]},"graphName":"","isEnabled":true},"graphs":[],"defaultGraph":"","defaultPostTypeGraph":""},"schema_type":null,"schema_type_options":null,"pillar_content":false,"robots_default":true,"robots_noindex":false,"robots_noarchive":false,"robots_nosnippet":false,"robots_nofollow":false,"robots_noimageindex":false,"robots_noodp":false,"robots_notranslate":false,"robots_max_snippet":null,"robots_max_videopreview":null,"robots_max_imagepreview":"large","priority":null,"frequency":null,"location":null,"local_seo":null,"breadcrumb_settings":null,"limit_modified_date":false,"ai":null,"created":"2021-02-01 21:28:17","updated":"2025-10-02 11:27:39","seo_analyzer_scan_date":null,"focus_keyword":null,"additional_keywords":null,"truseo_locale":null},"aioseo_breadcrumb":"<div class=\"aioseo-breadcrumbs\"><span class=\"aioseo-breadcrumb\">\n\t\t\t<a href=\"https:\/\/allasorias.hu\/hirek\" title=\"Home\">Home<\/a>\n\t\t<\/span><span class=\"aioseo-breadcrumb-separator\">&raquo;<\/span><span class=\"aioseo-breadcrumb\">\n\t\t\t<a href=\"https:\/\/allasorias.hu\/hirek\/temak\/gazdasag\/\" title=\"Gazdas\u00e1g\">Gazdas\u00e1g<\/a>\n\t\t<\/span><span class=\"aioseo-breadcrumb-separator\">&raquo;<\/span><span class=\"aioseo-breadcrumb\">\n\t\t\tEmelik a k\u00f6zmunk\u00e1sok b\u00e9r\u00e9t j\u00f6v\u0151re ?\n\t\t<\/span><\/div>","aioseo_breadcrumb_json":[{"label":"Home","link":"https:\/\/allasorias.hu\/hirek"},{"label":"Gazdas\u00e1g","link":"https:\/\/allasorias.hu\/hirek\/temak\/gazdasag\/"},{"label":"Emelik a k\u00f6zmunk\u00e1sok b\u00e9r\u00e9t j\u00f6v\u0151re ?","link":"https:\/\/allasorias.hu\/hirek\/emelik-a-kozmunkasok-beret-jovore\/"}],"_links":{"self":[{"href":"https:\/\/allasorias.hu\/hirek\/wp-json\/wp\/v2\/posts\/3002","targetHints":{"allow":["GET"]}}],"collection":[{"href":"https:\/\/allasorias.hu\/hirek\/wp-json\/wp\/v2\/posts"}],"about":[{"href":"https:\/\/allasorias.hu\/hirek\/wp-json\/wp\/v2\/types\/post"}],"author":[{"embeddable":true,"href":"https:\/\/allasorias.hu\/hirek\/wp-json\/wp\/v2\/users\/1"}],"replies":[{"embeddable":true,"href":"https:\/\/allasorias.hu\/hirek\/wp-json\/wp\/v2\/comments?post=3002"}],"version-history":[{"count":1,"href":"https:\/\/allasorias.hu\/hirek\/wp-json\/wp\/v2\/posts\/3002\/revisions"}],"predecessor-version":[{"id":3003,"href":"https:\/\/allasorias.hu\/hirek\/wp-json\/wp\/v2\/posts\/3002\/revisions\/3003"}],"wp:featuredmedia":[{"embeddable":true,"href":"https:\/\/allasorias.hu\/hirek\/wp-json\/wp\/v2\/media\/2435"}],"wp:attachment":[{"href":"https:\/\/allasorias.hu\/hirek\/wp-json\/wp\/v2\/media?parent=3002"}],"wp:term":[{"taxonomy":"category","embeddable":true,"href":"https:\/\/allasorias.hu\/hirek\/wp-json\/wp\/v2\/categories?post=3002"},{"taxonomy":"post_tag","embeddable":true,"href":"https:\/\/allasorias.hu\/hirek\/wp-json\/wp\/v2\/tags?post=3002"}],"curies":[{"name":"wp","href":"https:\/\/api.w.org\/{rel}","templated":true}]}}