{"id":2997,"date":"2019-06-17T08:40:40","date_gmt":"2019-06-17T08:40:40","guid":{"rendered":"https:\/\/allasorias.hu\/hirek\/?p=2997"},"modified":"2019-06-17T08:40:40","modified_gmt":"2019-06-17T08:40:40","slug":"egyre-tobb-nyugdijas-vallal-munkat-hazankban","status":"publish","type":"post","link":"https:\/\/allasorias.hu\/hirek\/egyre-tobb-nyugdijas-vallal-munkat-hazankban\/","title":{"rendered":"Egyre t\u00f6bb nyugd\u00edjas v\u00e1llal munk\u00e1t haz\u00e1nkban"},"content":{"rendered":"<p><strong>A statisztika azt mutatja, hogy egyre t\u00f6bb nyugd\u00edjas v\u00e1llal munk\u00e1t Magyarorsz\u00e1gon. N\u00e9h\u00e1ny h\u00f3nap alatt huszon\u00f6tezer nyugd\u00edjas t\u00e9rt vissza a munkaer\u0151piacra, \u00edgy m\u00e1r sz\u00e1zezren dolgoznak k\u00f6z\u00fcl\u00fck \u2013 err\u0151l \u00a0a P\u00e9nz\u00fcgyminiszt\u00e9rium parlamenti \u00e1llamtitk\u00e1ra a Magyar Nemzet cikk\u00e9ben besz\u00e9lt.<\/strong><\/p>\n<p>Az interj\u00faban T\u00e1llai Andr\u00e1s kiemelte: a l\u00e9tsz\u00e1mn\u00f6veked\u00e9sben \u00e9rdemi szerepet j\u00e1tszhatott, hogy a munkaviszonyt l\u00e9tes\u00edt\u0151 nyugd\u00edjasoknak m\u00e1r csup\u00e1n szem\u00e9lyi j\u00f6vedelemad\u00f3t kell fizetni\u00fck, j\u00e1rul\u00e9kot nem. Szerinte a kedvezm\u00e9nnyel a c\u00e9gek \u00e9s az alkalmazottak egyar\u00e1nt nyernek. T\u00e1llai Andr\u00e1s al\u00e1h\u00fazta: az \u00e9v eleje \u00f3ta a munkaviszonyban dolgoz\u00f3 nyugd\u00edjasoknak m\u00e1r csup\u00e1n a 15 sz\u00e1zal\u00e9kos szem\u00e9lyi j\u00f6vedelemad\u00f3t kell megfizetni\u00fck, a j\u00e1rul\u00e9kkal nem kell foglalkozniuk. Az \u00faj el\u0151\u00edr\u00e1s 14 sz\u00e1zal\u00e9kos megtakar\u00edt\u00e1st jelent az \u00e9rintetteknek. Tavaly brutt\u00f3 100 ezer forintb\u00f3l 71 ezret kapott meg a dolgoz\u00f3 nyugd\u00edjas, m\u00edg id\u00e9n m\u00e1r 85 ezer forinthoz juthat hozz\u00e1. Ez azt jelenti, hogy 100 ezer forintos b\u00e9rn\u00e9l egy \u00e9v alatt 168 ezerrel t\u00f6bb marad n\u00e1la &#8211; szeml\u00e9ltette az \u00e1llamtitk\u00e1r. \u00dagy v\u00e9lekedett: a v\u00e1llalkoz\u00e1soknak \u00f3ri\u00e1si lehet\u0151s\u00e9get jelent, hogy sok nyugd\u00edjas kezd \u00fajra dolgozni. A kor\u00e1bban visszavonult szakemberekkel olyan tapasztalat \u00e9s tud\u00e1s ker\u00fclhet a c\u00e9gekhez, amely a legnagyobb hozz\u00e1adott \u00e9rt\u00e9ket jelentheti, k\u00fcl\u00f6n\u00f6sen azokban a gazdas\u00e1gi \u00e1gazatokban, amelyekben munkaer\u0151hi\u00e1ny tapasztalhat\u00f3 &#8211; hangoztatta. A v\u00e1llalkoz\u00e1sok az\u00e9rt is j\u00f3l j\u00e1rnak, mert jelent\u0151s megtakar\u00edt\u00e1ssal sz\u00e1molhatnak, ha nyugd\u00edjasokat alkalmaznak. Ilyenkor ugyanis a gazdas\u00e1gi szerepl\u0151k mentes\u00fclnek a szoci\u00e1lis hozz\u00e1j\u00e1rul\u00e1si ad\u00f3 \u00e9s a szakk\u00e9pz\u00e9si hozz\u00e1j\u00e1rul\u00e1s megfizet\u00e9se al\u00f3l &#8211; mondta T\u00e1llai Andr\u00e1s.<\/p>\n<p>Forr\u00e1s:portfolio.hu<\/p>\n","protected":false},"excerpt":{"rendered":"<p>A statisztika azt mutatja, hogy egyre t\u00f6bb nyugd\u00edjas v\u00e1llal munk\u00e1t Magyarorsz\u00e1gon. N\u00e9h\u00e1ny h\u00f3nap alatt huszon\u00f6tezer nyugd\u00edjas t\u00e9rt vissza a munkaer\u0151piacra, \u00edgy m\u00e1r sz\u00e1zezren dolgoznak k\u00f6z\u00fcl\u00fck \u2013 err\u0151l \u00a0a P\u00e9nz\u00fcgyminiszt\u00e9rium parlamenti \u00e1llamtitk\u00e1ra a Magyar Nemzet cikk\u00e9ben besz\u00e9lt. Az interj\u00faban T\u00e1llai Andr\u00e1s kiemelte: a l\u00e9tsz\u00e1mn\u00f6veked\u00e9sben \u00e9rdemi szerepet j\u00e1tszhatott, hogy a munkaviszonyt l\u00e9tes\u00edt\u0151 nyugd\u00edjasoknak m\u00e1r csup\u00e1n szem\u00e9lyi j\u00f6vedelemad\u00f3t [&hellip;]<\/p>\n","protected":false},"author":1,"featured_media":2856,"comment_status":"open","ping_status":"open","sticky":false,"template":"","format":"standard","meta":{"_monsterinsights_skip_tracking":false,"footnotes":""},"categories":[198],"tags":[],"class_list":["post-2997","post","type-post","status-publish","format-standard","has-post-thumbnail","hentry","category-gazdasag"],"aioseo_notices":[],"aioseo_head":"\n\t\t<!-- All in One SEO 5.0.0.1 - aioseo.com -->\n\t<meta name=\"description\" content=\"A statisztika azt mutatja, hogy egyre t\u00f6bb nyugd\u00edjas v\u00e1llal munk\u00e1t Magyarorsz\u00e1gon. N\u00e9h\u00e1ny h\u00f3nap alatt huszon\u00f6tezer nyugd\u00edjas t\u00e9rt vissza a munkaer\u0151piacra, \u00edgy m\u00e1r sz\u00e1zezren dolgoznak k\u00f6z\u00fcl\u00fck \u2013 err\u0151l a P\u00e9nz\u00fcgyminiszt\u00e9rium parlamenti \u00e1llamtitk\u00e1ra a Magyar Nemzet cikk\u00e9ben besz\u00e9lt. Az interj\u00faban T\u00e1llai Andr\u00e1s kiemelte: a l\u00e9tsz\u00e1mn\u00f6veked\u00e9sben \u00e9rdemi szerepet j\u00e1tszhatott, hogy a munkaviszonyt l\u00e9tes\u00edt\u0151 nyugd\u00edjasoknak m\u00e1r csup\u00e1n szem\u00e9lyi j\u00f6vedelemad\u00f3t\" \/>\n\t<meta name=\"robots\" content=\"max-image-preview:large\" \/>\n\t<meta name=\"author\" content=\"Juh\u00e1sz P\u00e9ter\"\/>\n\t<link rel=\"canonical\" href=\"https:\/\/allasorias.hu\/hirek\/egyre-tobb-nyugdijas-vallal-munkat-hazankban\/\" \/>\n\t<meta name=\"generator\" content=\"All in One SEO (AIOSEO) 5.0.0.1\" \/>\n\t\t<meta property=\"og:locale\" content=\"hu_HU\" \/>\n\t\t<meta property=\"og:site_name\" content=\"AllasOrias.hu | H\u00edrek-lapszemle | \u00dczleti h\u00edrek az \u00e1ll\u00e1s \u00e9s a munka vil\u00e1g\u00e1b\u00f3l\" \/>\n\t\t<meta property=\"og:type\" content=\"article\" \/>\n\t\t<meta property=\"og:title\" content=\"Egyre t\u00f6bb nyugd\u00edjas v\u00e1llal munk\u00e1t haz\u00e1nkban | AllasOrias.hu | H\u00edrek-lapszemle\" \/>\n\t\t<meta property=\"og:description\" content=\"A statisztika azt mutatja, hogy egyre t\u00f6bb nyugd\u00edjas v\u00e1llal munk\u00e1t Magyarorsz\u00e1gon. N\u00e9h\u00e1ny h\u00f3nap alatt huszon\u00f6tezer nyugd\u00edjas t\u00e9rt vissza a munkaer\u0151piacra, \u00edgy m\u00e1r sz\u00e1zezren dolgoznak k\u00f6z\u00fcl\u00fck \u2013 err\u0151l a P\u00e9nz\u00fcgyminiszt\u00e9rium parlamenti \u00e1llamtitk\u00e1ra a Magyar Nemzet cikk\u00e9ben besz\u00e9lt. Az interj\u00faban T\u00e1llai Andr\u00e1s kiemelte: a l\u00e9tsz\u00e1mn\u00f6veked\u00e9sben \u00e9rdemi szerepet j\u00e1tszhatott, hogy a munkaviszonyt l\u00e9tes\u00edt\u0151 nyugd\u00edjasoknak m\u00e1r csup\u00e1n szem\u00e9lyi j\u00f6vedelemad\u00f3t\" \/>\n\t\t<meta property=\"og:url\" content=\"https:\/\/allasorias.hu\/hirek\/egyre-tobb-nyugdijas-vallal-munkat-hazankban\/\" \/>\n\t\t<meta property=\"og:image\" content=\"https:\/\/allasorias.hu\/hirek\/wp-content\/uploads\/2019\/05\/adult-blur-daytime-834863.jpg\" \/>\n\t\t<meta property=\"og:image:secure_url\" content=\"https:\/\/allasorias.hu\/hirek\/wp-content\/uploads\/2019\/05\/adult-blur-daytime-834863.jpg\" \/>\n\t\t<meta property=\"og:image:width\" content=\"640\" \/>\n\t\t<meta property=\"og:image:height\" content=\"426\" \/>\n\t\t<meta property=\"article:published_time\" content=\"2019-06-17T08:40:40+00:00\" \/>\n\t\t<meta property=\"article:modified_time\" content=\"2019-06-17T08:40:40+00:00\" \/>\n\t\t<meta property=\"article:publisher\" content=\"https:\/\/www.facebook.com\/allasorias\" \/>\n\t\t<meta name=\"twitter:card\" content=\"summary_large_image\" \/>\n\t\t<meta name=\"twitter:title\" content=\"Egyre t\u00f6bb nyugd\u00edjas v\u00e1llal munk\u00e1t haz\u00e1nkban | AllasOrias.hu | H\u00edrek-lapszemle\" \/>\n\t\t<meta name=\"twitter:description\" content=\"A statisztika azt mutatja, hogy egyre t\u00f6bb nyugd\u00edjas v\u00e1llal munk\u00e1t Magyarorsz\u00e1gon. N\u00e9h\u00e1ny h\u00f3nap alatt huszon\u00f6tezer nyugd\u00edjas t\u00e9rt vissza a munkaer\u0151piacra, \u00edgy m\u00e1r sz\u00e1zezren dolgoznak k\u00f6z\u00fcl\u00fck \u2013 err\u0151l a P\u00e9nz\u00fcgyminiszt\u00e9rium parlamenti \u00e1llamtitk\u00e1ra a Magyar Nemzet cikk\u00e9ben besz\u00e9lt. Az interj\u00faban T\u00e1llai Andr\u00e1s kiemelte: a l\u00e9tsz\u00e1mn\u00f6veked\u00e9sben \u00e9rdemi szerepet j\u00e1tszhatott, hogy a munkaviszonyt l\u00e9tes\u00edt\u0151 nyugd\u00edjasoknak m\u00e1r csup\u00e1n szem\u00e9lyi j\u00f6vedelemad\u00f3t\" \/>\n\t\t<meta name=\"twitter:image\" content=\"https:\/\/allasorias.hu\/hirek\/wp-content\/uploads\/2019\/05\/adult-blur-daytime-834863.jpg\" \/>\n\t\t<meta name=\"twitter:label1\" content=\"Written by\" \/>\n\t\t<meta name=\"twitter:data1\" content=\"Juh\u00e1sz P\u00e9ter\" \/>\n\t\t<meta name=\"twitter:label2\" content=\"Est. reading time\" \/>\n\t\t<meta name=\"twitter:data2\" content=\"2 minutes\" \/>\n\t\t<script type=\"application\/ld+json\" class=\"aioseo-schema\">\n\t\t\t{\"@context\":\"https:\\\/\\\/schema.org\",\"@graph\":[{\"@type\":\"Article\",\"@id\":\"https:\\\/\\\/allasorias.hu\\\/hirek\\\/egyre-tobb-nyugdijas-vallal-munkat-hazankban\\\/#article\",\"name\":\"Egyre t\\u00f6bb nyugd\\u00edjas v\\u00e1llal munk\\u00e1t haz\\u00e1nkban | AllasOrias.hu | H\\u00edrek-lapszemle\",\"headline\":\"Egyre t\\u00f6bb nyugd\\u00edjas v\\u00e1llal munk\\u00e1t haz\\u00e1nkban\",\"author\":{\"@id\":\"https:\\\/\\\/allasorias.hu\\\/hirek\\\/author\\\/admin-allasorias\\\/#author\"},\"publisher\":{\"@id\":\"https:\\\/\\\/allasorias.hu\\\/hirek\\\/#organization\"},\"image\":{\"@type\":\"ImageObject\",\"url\":\"https:\\\/\\\/allasorias.hu\\\/hirek\\\/wp-content\\\/uploads\\\/2019\\\/05\\\/adult-blur-daytime-834863.jpg\",\"width\":640,\"height\":426},\"datePublished\":\"2019-06-17T08:40:40+02:00\",\"dateModified\":\"2019-06-17T08:40:40+02:00\",\"inLanguage\":\"hu-HU\",\"mainEntityOfPage\":{\"@id\":\"https:\\\/\\\/allasorias.hu\\\/hirek\\\/egyre-tobb-nyugdijas-vallal-munkat-hazankban\\\/#webpage\"},\"isPartOf\":{\"@id\":\"https:\\\/\\\/allasorias.hu\\\/hirek\\\/egyre-tobb-nyugdijas-vallal-munkat-hazankban\\\/#webpage\"},\"articleSection\":\"Gazdas\\u00e1g\"},{\"@type\":\"BreadcrumbList\",\"@id\":\"https:\\\/\\\/allasorias.hu\\\/hirek\\\/egyre-tobb-nyugdijas-vallal-munkat-hazankban\\\/#breadcrumblist\",\"itemListElement\":[{\"@type\":\"ListItem\",\"@id\":\"https:\\\/\\\/allasorias.hu\\\/hirek#listItem\",\"position\":1,\"name\":\"Home\",\"item\":\"https:\\\/\\\/allasorias.hu\\\/hirek\",\"nextItem\":{\"@type\":\"ListItem\",\"@id\":\"https:\\\/\\\/allasorias.hu\\\/hirek\\\/temak\\\/gazdasag\\\/#listItem\",\"name\":\"Gazdas\\u00e1g\"}},{\"@type\":\"ListItem\",\"@id\":\"https:\\\/\\\/allasorias.hu\\\/hirek\\\/temak\\\/gazdasag\\\/#listItem\",\"position\":2,\"name\":\"Gazdas\\u00e1g\",\"item\":\"https:\\\/\\\/allasorias.hu\\\/hirek\\\/temak\\\/gazdasag\\\/\",\"nextItem\":{\"@type\":\"ListItem\",\"@id\":\"https:\\\/\\\/allasorias.hu\\\/hirek\\\/egyre-tobb-nyugdijas-vallal-munkat-hazankban\\\/#listItem\",\"name\":\"Egyre t\\u00f6bb nyugd\\u00edjas v\\u00e1llal munk\\u00e1t haz\\u00e1nkban\"},\"previousItem\":{\"@type\":\"ListItem\",\"@id\":\"https:\\\/\\\/allasorias.hu\\\/hirek#listItem\",\"name\":\"Home\"}},{\"@type\":\"ListItem\",\"@id\":\"https:\\\/\\\/allasorias.hu\\\/hirek\\\/egyre-tobb-nyugdijas-vallal-munkat-hazankban\\\/#listItem\",\"position\":3,\"name\":\"Egyre t\\u00f6bb nyugd\\u00edjas v\\u00e1llal munk\\u00e1t haz\\u00e1nkban\",\"previousItem\":{\"@type\":\"ListItem\",\"@id\":\"https:\\\/\\\/allasorias.hu\\\/hirek\\\/temak\\\/gazdasag\\\/#listItem\",\"name\":\"Gazdas\\u00e1g\"}}]},{\"@type\":\"Organization\",\"@id\":\"https:\\\/\\\/allasorias.hu\\\/hirek\\\/#organization\",\"name\":\"AllasOrias.hu | H\\u00edrek-lapszemle\",\"description\":\"\\u00dczleti h\\u00edrek az \\u00e1ll\\u00e1s \\u00e9s a munka vil\\u00e1g\\u00e1b\\u00f3l\",\"url\":\"https:\\\/\\\/allasorias.hu\\\/hirek\\\/\",\"logo\":{\"@type\":\"ImageObject\",\"url\":\"https:\\\/\\\/allasorias.hu\\\/hirek\\\/wp-content\\\/uploads\\\/2022\\\/10\\\/allasorias_site_facebok_logo.png\",\"@id\":\"https:\\\/\\\/allasorias.hu\\\/hirek\\\/egyre-tobb-nyugdijas-vallal-munkat-hazankban\\\/#organizationLogo\"},\"image\":{\"@id\":\"https:\\\/\\\/allasorias.hu\\\/hirek\\\/egyre-tobb-nyugdijas-vallal-munkat-hazankban\\\/#organizationLogo\"},\"sameAs\":[\"https:\\\/\\\/www.facebook.com\\\/allasorias\",\"https:\\\/\\\/www.linkedin.com\\\/company\\\/allasorias\"]},{\"@type\":\"Person\",\"@id\":\"https:\\\/\\\/allasorias.hu\\\/hirek\\\/author\\\/admin-allasorias\\\/#author\",\"url\":\"https:\\\/\\\/allasorias.hu\\\/hirek\\\/author\\\/admin-allasorias\\\/\",\"name\":\"Juh\\u00e1sz P\\u00e9ter\",\"image\":{\"@type\":\"ImageObject\",\"@id\":\"https:\\\/\\\/allasorias.hu\\\/hirek\\\/egyre-tobb-nyugdijas-vallal-munkat-hazankban\\\/#authorImage\",\"url\":\"https:\\\/\\\/secure.gravatar.com\\\/avatar\\\/36e6bcb83148978b992977cb0f54d22feb0cce8a0a849a9410532bb2623ba4c6?s=96&d=mm&r=g\",\"width\":96,\"height\":96,\"caption\":\"Juh\\u00e1sz P\\u00e9ter\"}},{\"@type\":\"WebPage\",\"@id\":\"https:\\\/\\\/allasorias.hu\\\/hirek\\\/egyre-tobb-nyugdijas-vallal-munkat-hazankban\\\/#webpage\",\"url\":\"https:\\\/\\\/allasorias.hu\\\/hirek\\\/egyre-tobb-nyugdijas-vallal-munkat-hazankban\\\/\",\"name\":\"Egyre t\\u00f6bb nyugd\\u00edjas v\\u00e1llal munk\\u00e1t haz\\u00e1nkban | AllasOrias.hu | H\\u00edrek-lapszemle\",\"description\":\"A statisztika azt mutatja, hogy egyre t\\u00f6bb nyugd\\u00edjas v\\u00e1llal munk\\u00e1t Magyarorsz\\u00e1gon. N\\u00e9h\\u00e1ny h\\u00f3nap alatt huszon\\u00f6tezer nyugd\\u00edjas t\\u00e9rt vissza a munkaer\\u0151piacra, \\u00edgy m\\u00e1r sz\\u00e1zezren dolgoznak k\\u00f6z\\u00fcl\\u00fck \\u2013 err\\u0151l a P\\u00e9nz\\u00fcgyminiszt\\u00e9rium parlamenti \\u00e1llamtitk\\u00e1ra a Magyar Nemzet cikk\\u00e9ben besz\\u00e9lt. Az interj\\u00faban T\\u00e1llai Andr\\u00e1s kiemelte: a l\\u00e9tsz\\u00e1mn\\u00f6veked\\u00e9sben \\u00e9rdemi szerepet j\\u00e1tszhatott, hogy a munkaviszonyt l\\u00e9tes\\u00edt\\u0151 nyugd\\u00edjasoknak m\\u00e1r csup\\u00e1n szem\\u00e9lyi j\\u00f6vedelemad\\u00f3t\",\"inLanguage\":\"hu-HU\",\"isPartOf\":{\"@id\":\"https:\\\/\\\/allasorias.hu\\\/hirek\\\/#website\"},\"breadcrumb\":{\"@id\":\"https:\\\/\\\/allasorias.hu\\\/hirek\\\/egyre-tobb-nyugdijas-vallal-munkat-hazankban\\\/#breadcrumblist\"},\"author\":{\"@id\":\"https:\\\/\\\/allasorias.hu\\\/hirek\\\/author\\\/admin-allasorias\\\/#author\"},\"creator\":{\"@id\":\"https:\\\/\\\/allasorias.hu\\\/hirek\\\/author\\\/admin-allasorias\\\/#author\"},\"image\":{\"@type\":\"ImageObject\",\"url\":\"https:\\\/\\\/allasorias.hu\\\/hirek\\\/wp-content\\\/uploads\\\/2019\\\/05\\\/adult-blur-daytime-834863.jpg\",\"@id\":\"https:\\\/\\\/allasorias.hu\\\/hirek\\\/egyre-tobb-nyugdijas-vallal-munkat-hazankban\\\/#mainImage\",\"width\":640,\"height\":426},\"primaryImageOfPage\":{\"@id\":\"https:\\\/\\\/allasorias.hu\\\/hirek\\\/egyre-tobb-nyugdijas-vallal-munkat-hazankban\\\/#mainImage\"},\"datePublished\":\"2019-06-17T08:40:40+02:00\",\"dateModified\":\"2019-06-17T08:40:40+02:00\"},{\"@type\":\"WebSite\",\"@id\":\"https:\\\/\\\/allasorias.hu\\\/hirek\\\/#website\",\"url\":\"https:\\\/\\\/allasorias.hu\\\/hirek\\\/\",\"name\":\"AllasOrias.hu | H\\u00edrek-lapszemle\",\"description\":\"\\u00dczleti h\\u00edrek az \\u00e1ll\\u00e1s \\u00e9s a munka vil\\u00e1g\\u00e1b\\u00f3l\",\"inLanguage\":\"hu-HU\",\"publisher\":{\"@id\":\"https:\\\/\\\/allasorias.hu\\\/hirek\\\/#organization\"}}]}\n\t\t<\/script>\n\t\t<!-- All in One SEO -->\n\n","aioseo_head_json":{"title":"Egyre t\u00f6bb nyugd\u00edjas v\u00e1llal munk\u00e1t haz\u00e1nkban | AllasOrias.hu | H\u00edrek-lapszemle","description":"A statisztika azt mutatja, hogy egyre t\u00f6bb nyugd\u00edjas v\u00e1llal munk\u00e1t Magyarorsz\u00e1gon. N\u00e9h\u00e1ny h\u00f3nap alatt huszon\u00f6tezer nyugd\u00edjas t\u00e9rt vissza a munkaer\u0151piacra, \u00edgy m\u00e1r sz\u00e1zezren dolgoznak k\u00f6z\u00fcl\u00fck \u2013 err\u0151l a P\u00e9nz\u00fcgyminiszt\u00e9rium parlamenti \u00e1llamtitk\u00e1ra a Magyar Nemzet cikk\u00e9ben besz\u00e9lt. Az interj\u00faban T\u00e1llai Andr\u00e1s kiemelte: a l\u00e9tsz\u00e1mn\u00f6veked\u00e9sben \u00e9rdemi szerepet j\u00e1tszhatott, hogy a munkaviszonyt l\u00e9tes\u00edt\u0151 nyugd\u00edjasoknak m\u00e1r csup\u00e1n szem\u00e9lyi j\u00f6vedelemad\u00f3t","canonical_url":"https:\/\/allasorias.hu\/hirek\/egyre-tobb-nyugdijas-vallal-munkat-hazankban\/","robots":"max-image-preview:large","keywords":"","webmasterTools":{"miscellaneous":""},"schema":{"@context":"https:\/\/schema.org","@graph":[{"@type":"Article","@id":"https:\/\/allasorias.hu\/hirek\/egyre-tobb-nyugdijas-vallal-munkat-hazankban\/#article","name":"Egyre t\u00f6bb nyugd\u00edjas v\u00e1llal munk\u00e1t haz\u00e1nkban | AllasOrias.hu | H\u00edrek-lapszemle","headline":"Egyre t\u00f6bb nyugd\u00edjas v\u00e1llal munk\u00e1t haz\u00e1nkban","author":{"@id":"https:\/\/allasorias.hu\/hirek\/author\/admin-allasorias\/#author"},"publisher":{"@id":"https:\/\/allasorias.hu\/hirek\/#organization"},"image":{"@type":"ImageObject","url":"https:\/\/allasorias.hu\/hirek\/wp-content\/uploads\/2019\/05\/adult-blur-daytime-834863.jpg","width":640,"height":426},"datePublished":"2019-06-17T08:40:40+02:00","dateModified":"2019-06-17T08:40:40+02:00","inLanguage":"hu-HU","mainEntityOfPage":{"@id":"https:\/\/allasorias.hu\/hirek\/egyre-tobb-nyugdijas-vallal-munkat-hazankban\/#webpage"},"isPartOf":{"@id":"https:\/\/allasorias.hu\/hirek\/egyre-tobb-nyugdijas-vallal-munkat-hazankban\/#webpage"},"articleSection":"Gazdas\u00e1g"},{"@type":"BreadcrumbList","@id":"https:\/\/allasorias.hu\/hirek\/egyre-tobb-nyugdijas-vallal-munkat-hazankban\/#breadcrumblist","itemListElement":[{"@type":"ListItem","@id":"https:\/\/allasorias.hu\/hirek#listItem","position":1,"name":"Home","item":"https:\/\/allasorias.hu\/hirek","nextItem":{"@type":"ListItem","@id":"https:\/\/allasorias.hu\/hirek\/temak\/gazdasag\/#listItem","name":"Gazdas\u00e1g"}},{"@type":"ListItem","@id":"https:\/\/allasorias.hu\/hirek\/temak\/gazdasag\/#listItem","position":2,"name":"Gazdas\u00e1g","item":"https:\/\/allasorias.hu\/hirek\/temak\/gazdasag\/","nextItem":{"@type":"ListItem","@id":"https:\/\/allasorias.hu\/hirek\/egyre-tobb-nyugdijas-vallal-munkat-hazankban\/#listItem","name":"Egyre t\u00f6bb nyugd\u00edjas v\u00e1llal munk\u00e1t haz\u00e1nkban"},"previousItem":{"@type":"ListItem","@id":"https:\/\/allasorias.hu\/hirek#listItem","name":"Home"}},{"@type":"ListItem","@id":"https:\/\/allasorias.hu\/hirek\/egyre-tobb-nyugdijas-vallal-munkat-hazankban\/#listItem","position":3,"name":"Egyre t\u00f6bb nyugd\u00edjas v\u00e1llal munk\u00e1t haz\u00e1nkban","previousItem":{"@type":"ListItem","@id":"https:\/\/allasorias.hu\/hirek\/temak\/gazdasag\/#listItem","name":"Gazdas\u00e1g"}}]},{"@type":"Organization","@id":"https:\/\/allasorias.hu\/hirek\/#organization","name":"AllasOrias.hu | H\u00edrek-lapszemle","description":"\u00dczleti h\u00edrek az \u00e1ll\u00e1s \u00e9s a munka vil\u00e1g\u00e1b\u00f3l","url":"https:\/\/allasorias.hu\/hirek\/","logo":{"@type":"ImageObject","url":"https:\/\/allasorias.hu\/hirek\/wp-content\/uploads\/2022\/10\/allasorias_site_facebok_logo.png","@id":"https:\/\/allasorias.hu\/hirek\/egyre-tobb-nyugdijas-vallal-munkat-hazankban\/#organizationLogo"},"image":{"@id":"https:\/\/allasorias.hu\/hirek\/egyre-tobb-nyugdijas-vallal-munkat-hazankban\/#organizationLogo"},"sameAs":["https:\/\/www.facebook.com\/allasorias","https:\/\/www.linkedin.com\/company\/allasorias"]},{"@type":"Person","@id":"https:\/\/allasorias.hu\/hirek\/author\/admin-allasorias\/#author","url":"https:\/\/allasorias.hu\/hirek\/author\/admin-allasorias\/","name":"Juh\u00e1sz P\u00e9ter","image":{"@type":"ImageObject","@id":"https:\/\/allasorias.hu\/hirek\/egyre-tobb-nyugdijas-vallal-munkat-hazankban\/#authorImage","url":"https:\/\/secure.gravatar.com\/avatar\/36e6bcb83148978b992977cb0f54d22feb0cce8a0a849a9410532bb2623ba4c6?s=96&d=mm&r=g","width":96,"height":96,"caption":"Juh\u00e1sz P\u00e9ter"}},{"@type":"WebPage","@id":"https:\/\/allasorias.hu\/hirek\/egyre-tobb-nyugdijas-vallal-munkat-hazankban\/#webpage","url":"https:\/\/allasorias.hu\/hirek\/egyre-tobb-nyugdijas-vallal-munkat-hazankban\/","name":"Egyre t\u00f6bb nyugd\u00edjas v\u00e1llal munk\u00e1t haz\u00e1nkban | AllasOrias.hu | H\u00edrek-lapszemle","description":"A statisztika azt mutatja, hogy egyre t\u00f6bb nyugd\u00edjas v\u00e1llal munk\u00e1t Magyarorsz\u00e1gon. N\u00e9h\u00e1ny h\u00f3nap alatt huszon\u00f6tezer nyugd\u00edjas t\u00e9rt vissza a munkaer\u0151piacra, \u00edgy m\u00e1r sz\u00e1zezren dolgoznak k\u00f6z\u00fcl\u00fck \u2013 err\u0151l a P\u00e9nz\u00fcgyminiszt\u00e9rium parlamenti \u00e1llamtitk\u00e1ra a Magyar Nemzet cikk\u00e9ben besz\u00e9lt. Az interj\u00faban T\u00e1llai Andr\u00e1s kiemelte: a l\u00e9tsz\u00e1mn\u00f6veked\u00e9sben \u00e9rdemi szerepet j\u00e1tszhatott, hogy a munkaviszonyt l\u00e9tes\u00edt\u0151 nyugd\u00edjasoknak m\u00e1r csup\u00e1n szem\u00e9lyi j\u00f6vedelemad\u00f3t","inLanguage":"hu-HU","isPartOf":{"@id":"https:\/\/allasorias.hu\/hirek\/#website"},"breadcrumb":{"@id":"https:\/\/allasorias.hu\/hirek\/egyre-tobb-nyugdijas-vallal-munkat-hazankban\/#breadcrumblist"},"author":{"@id":"https:\/\/allasorias.hu\/hirek\/author\/admin-allasorias\/#author"},"creator":{"@id":"https:\/\/allasorias.hu\/hirek\/author\/admin-allasorias\/#author"},"image":{"@type":"ImageObject","url":"https:\/\/allasorias.hu\/hirek\/wp-content\/uploads\/2019\/05\/adult-blur-daytime-834863.jpg","@id":"https:\/\/allasorias.hu\/hirek\/egyre-tobb-nyugdijas-vallal-munkat-hazankban\/#mainImage","width":640,"height":426},"primaryImageOfPage":{"@id":"https:\/\/allasorias.hu\/hirek\/egyre-tobb-nyugdijas-vallal-munkat-hazankban\/#mainImage"},"datePublished":"2019-06-17T08:40:40+02:00","dateModified":"2019-06-17T08:40:40+02:00"},{"@type":"WebSite","@id":"https:\/\/allasorias.hu\/hirek\/#website","url":"https:\/\/allasorias.hu\/hirek\/","name":"AllasOrias.hu | H\u00edrek-lapszemle","description":"\u00dczleti h\u00edrek az \u00e1ll\u00e1s \u00e9s a munka vil\u00e1g\u00e1b\u00f3l","inLanguage":"hu-HU","publisher":{"@id":"https:\/\/allasorias.hu\/hirek\/#organization"}}]},"og:locale":"hu_HU","og:site_name":"AllasOrias.hu | H\u00edrek-lapszemle | \u00dczleti h\u00edrek az \u00e1ll\u00e1s \u00e9s a munka vil\u00e1g\u00e1b\u00f3l","og:type":"article","og:title":"Egyre t\u00f6bb nyugd\u00edjas v\u00e1llal munk\u00e1t haz\u00e1nkban | AllasOrias.hu | H\u00edrek-lapszemle","og:description":"A statisztika azt mutatja, hogy egyre t\u00f6bb nyugd\u00edjas v\u00e1llal munk\u00e1t Magyarorsz\u00e1gon. N\u00e9h\u00e1ny h\u00f3nap alatt huszon\u00f6tezer nyugd\u00edjas t\u00e9rt vissza a munkaer\u0151piacra, \u00edgy m\u00e1r sz\u00e1zezren dolgoznak k\u00f6z\u00fcl\u00fck \u2013 err\u0151l a P\u00e9nz\u00fcgyminiszt\u00e9rium parlamenti \u00e1llamtitk\u00e1ra a Magyar Nemzet cikk\u00e9ben besz\u00e9lt. Az interj\u00faban T\u00e1llai Andr\u00e1s kiemelte: a l\u00e9tsz\u00e1mn\u00f6veked\u00e9sben \u00e9rdemi szerepet j\u00e1tszhatott, hogy a munkaviszonyt l\u00e9tes\u00edt\u0151 nyugd\u00edjasoknak m\u00e1r csup\u00e1n szem\u00e9lyi j\u00f6vedelemad\u00f3t","og:url":"https:\/\/allasorias.hu\/hirek\/egyre-tobb-nyugdijas-vallal-munkat-hazankban\/","og:image":"https:\/\/allasorias.hu\/hirek\/wp-content\/uploads\/2019\/05\/adult-blur-daytime-834863.jpg","og:image:secure_url":"https:\/\/allasorias.hu\/hirek\/wp-content\/uploads\/2019\/05\/adult-blur-daytime-834863.jpg","og:image:width":640,"og:image:height":426,"article:published_time":"2019-06-17T08:40:40+00:00","article:modified_time":"2019-06-17T08:40:40+00:00","article:publisher":"https:\/\/www.facebook.com\/allasorias","twitter:card":"summary_large_image","twitter:title":"Egyre t\u00f6bb nyugd\u00edjas v\u00e1llal munk\u00e1t haz\u00e1nkban | AllasOrias.hu | H\u00edrek-lapszemle","twitter:description":"A statisztika azt mutatja, hogy egyre t\u00f6bb nyugd\u00edjas v\u00e1llal munk\u00e1t Magyarorsz\u00e1gon. N\u00e9h\u00e1ny h\u00f3nap alatt huszon\u00f6tezer nyugd\u00edjas t\u00e9rt vissza a munkaer\u0151piacra, \u00edgy m\u00e1r sz\u00e1zezren dolgoznak k\u00f6z\u00fcl\u00fck \u2013 err\u0151l a P\u00e9nz\u00fcgyminiszt\u00e9rium parlamenti \u00e1llamtitk\u00e1ra a Magyar Nemzet cikk\u00e9ben besz\u00e9lt. Az interj\u00faban T\u00e1llai Andr\u00e1s kiemelte: a l\u00e9tsz\u00e1mn\u00f6veked\u00e9sben \u00e9rdemi szerepet j\u00e1tszhatott, hogy a munkaviszonyt l\u00e9tes\u00edt\u0151 nyugd\u00edjasoknak m\u00e1r csup\u00e1n szem\u00e9lyi j\u00f6vedelemad\u00f3t","twitter:image":"https:\/\/allasorias.hu\/hirek\/wp-content\/uploads\/2019\/05\/adult-blur-daytime-834863.jpg","twitter:label1":"Written by","twitter:data1":"Juh\u00e1sz P\u00e9ter","twitter:label2":"Est. reading time","twitter:data2":"2 minutes"},"aioseo_meta_data":{"post_id":"2997","title":null,"description":null,"keywords":null,"keyphrases":null,"primary_term":null,"canonical_url":null,"og_title":null,"og_description":null,"og_object_type":"default","og_image_type":"default","og_image_url":null,"og_image_width":null,"og_image_height":null,"og_image_custom_url":null,"og_image_custom_fields":null,"og_video":null,"og_custom_url":null,"og_article_section":null,"og_article_tags":null,"twitter_use_og":false,"twitter_card":"default","twitter_image_type":"default","twitter_image_url":null,"twitter_image_custom_url":null,"twitter_image_custom_fields":null,"twitter_title":null,"twitter_description":null,"schema":{"blockGraphs":[],"customGraphs":[],"default":{"data":{"Article":[],"Course":[],"Dataset":[],"FAQPage":[],"Movie":[],"Person":[],"Product":[],"ProductReview":[],"Car":[],"Recipe":[],"Service":[],"SoftwareApplication":[],"WebPage":[]},"graphName":"","isEnabled":true},"graphs":[],"defaultGraph":"","defaultPostTypeGraph":""},"schema_type":null,"schema_type_options":null,"pillar_content":false,"robots_default":true,"robots_noindex":false,"robots_noarchive":false,"robots_nosnippet":false,"robots_nofollow":false,"robots_noimageindex":false,"robots_noodp":false,"robots_notranslate":false,"robots_max_snippet":null,"robots_max_videopreview":null,"robots_max_imagepreview":"large","priority":null,"frequency":null,"location":null,"local_seo":null,"breadcrumb_settings":null,"limit_modified_date":false,"ai":null,"created":"2021-02-01 21:28:17","updated":"2025-10-02 11:27:39","seo_analyzer_scan_date":null,"focus_keyword":null,"additional_keywords":null,"truseo_locale":null},"aioseo_breadcrumb":"<div class=\"aioseo-breadcrumbs\"><span class=\"aioseo-breadcrumb\">\n\t\t\t<a href=\"https:\/\/allasorias.hu\/hirek\" title=\"Home\">Home<\/a>\n\t\t<\/span><span class=\"aioseo-breadcrumb-separator\">&raquo;<\/span><span class=\"aioseo-breadcrumb\">\n\t\t\t<a href=\"https:\/\/allasorias.hu\/hirek\/temak\/gazdasag\/\" title=\"Gazdas\u00e1g\">Gazdas\u00e1g<\/a>\n\t\t<\/span><span class=\"aioseo-breadcrumb-separator\">&raquo;<\/span><span class=\"aioseo-breadcrumb\">\n\t\t\tEgyre t\u00f6bb nyugd\u00edjas v\u00e1llal munk\u00e1t haz\u00e1nkban\n\t\t<\/span><\/div>","aioseo_breadcrumb_json":[{"label":"Home","link":"https:\/\/allasorias.hu\/hirek"},{"label":"Gazdas\u00e1g","link":"https:\/\/allasorias.hu\/hirek\/temak\/gazdasag\/"},{"label":"Egyre t\u00f6bb nyugd\u00edjas v\u00e1llal munk\u00e1t haz\u00e1nkban","link":"https:\/\/allasorias.hu\/hirek\/egyre-tobb-nyugdijas-vallal-munkat-hazankban\/"}],"_links":{"self":[{"href":"https:\/\/allasorias.hu\/hirek\/wp-json\/wp\/v2\/posts\/2997","targetHints":{"allow":["GET"]}}],"collection":[{"href":"https:\/\/allasorias.hu\/hirek\/wp-json\/wp\/v2\/posts"}],"about":[{"href":"https:\/\/allasorias.hu\/hirek\/wp-json\/wp\/v2\/types\/post"}],"author":[{"embeddable":true,"href":"https:\/\/allasorias.hu\/hirek\/wp-json\/wp\/v2\/users\/1"}],"replies":[{"embeddable":true,"href":"https:\/\/allasorias.hu\/hirek\/wp-json\/wp\/v2\/comments?post=2997"}],"version-history":[{"count":1,"href":"https:\/\/allasorias.hu\/hirek\/wp-json\/wp\/v2\/posts\/2997\/revisions"}],"predecessor-version":[{"id":2998,"href":"https:\/\/allasorias.hu\/hirek\/wp-json\/wp\/v2\/posts\/2997\/revisions\/2998"}],"wp:featuredmedia":[{"embeddable":true,"href":"https:\/\/allasorias.hu\/hirek\/wp-json\/wp\/v2\/media\/2856"}],"wp:attachment":[{"href":"https:\/\/allasorias.hu\/hirek\/wp-json\/wp\/v2\/media?parent=2997"}],"wp:term":[{"taxonomy":"category","embeddable":true,"href":"https:\/\/allasorias.hu\/hirek\/wp-json\/wp\/v2\/categories?post=2997"},{"taxonomy":"post_tag","embeddable":true,"href":"https:\/\/allasorias.hu\/hirek\/wp-json\/wp\/v2\/tags?post=2997"}],"curies":[{"name":"wp","href":"https:\/\/api.w.org\/{rel}","templated":true}]}}