{"id":2988,"date":"2019-06-13T06:35:13","date_gmt":"2019-06-13T06:35:13","guid":{"rendered":"https:\/\/allasorias.hu\/hirek\/?p=2988"},"modified":"2019-06-13T06:35:13","modified_gmt":"2019-06-13T06:35:13","slug":"keves-penz-lesz-a-foglalkoztatas-javitasara","status":"publish","type":"post","link":"https:\/\/allasorias.hu\/hirek\/keves-penz-lesz-a-foglalkoztatas-javitasara\/","title":{"rendered":"Kev\u00e9s p\u00e9nz lesz a foglalkoztat\u00e1s jav\u00edt\u00e1s\u00e1ra"},"content":{"rendered":"<p><strong>Gyakran el\u0151fordulnak Magyarorsz\u00e1gon olyan helyzetek a munkaer\u0151piacon, dac\u00e1ra a munkaer\u0151hi\u00e1nynak, hogy dolgoz\u00f3kat bocs\u00e1tanak el. A 2020. \u00e9vi k\u00f6lts\u00e9gvet\u00e9s alapj\u00e1n az \u00e1llam cs\u00f6kkenti a Nemzeti Foglalkoztat\u00e1si Alap kiad\u00e1sait. A Policy Agenda azt vizsg\u00e1lta meg, hogy mi \u00e1ll a h\u00e1tt\u00e9rben, milyen v\u00e1ltoz\u00e1sok voltak az elm\u00falt 10 \u00e9vben? <\/strong><\/p>\n<p>A Nemzeti Foglalkoztat\u00e1si Alap\u00a0 c\u00e9lja, hogy az \u00e1llam az ad\u00f3fizet\u0151k p\u00e9nz\u00e9b\u0151l, a foglalkoztat\u00e1s jav\u00edt\u00e1s\u00e1t, a munkan\u00e9lk\u00fclis\u00e9g kezel\u00e9s\u00e9t \u00e9s a k\u00e9pz\u00e9si rendszer fejleszt\u00e9s\u00e9t seg\u00edtse el\u0151. Az NFA egyik bev\u00e9teli l\u00e1ba a munkaj\u00f6vedelem ut\u00e1ni befizet\u00e9sek. Az eg\u00e9szs\u00e9gbiztos\u00edt\u00e1si- \u00e9s munkaer\u0151piaci j\u00e1rul\u00e9k egy r\u00e9sze, valamint a szoci\u00e1lis hozz\u00e1j\u00e1rul\u00e1si ad\u00f3, szint\u00e9n \u00e9vente meg\u00e1llap\u00edtott r\u00e9sze az egyik ilyen jelleg\u0171 bev\u00e9teli forr\u00e1s. A m\u00e1sik pedig a szakk\u00e9pz\u00e9si hozz\u00e1j\u00e1rul\u00e1s teljes eg\u00e9sze. Ezekb\u0151l, illetve l\u00e9nyeg\u00e9ben az Eur\u00f3pai Uni\u00f3t\u00f3l kapott visszat\u00e9r\u00edt\u00e9sekb\u0151l m\u0171k\u00f6dik a Nemzeti Foglalkoztat\u00e1si Alap. Az NFA h\u00e1rom feladatot kell, hogy ell\u00e1sson. Egyr\u00e9szt a m\u00e1r munkan\u00e9lk\u00fclieknek t\u00e1mogat\u00e1st kell ny\u00fajtania a munka keres\u00e9s\u00e9hez (kieg\u00e9sz\u00edtve egy \u00e1tmeneti p\u00e9nz\u00fcgyi seg\u00edts\u00e9ggel), m\u00e1sr\u00e9szt a helyi foglalkoztat\u00e1si kr\u00edzisek kezel\u00e9s\u00e9t, \u00faj munkahelyek l\u00e9trehoz\u00e1s\u00e1nak \u00f6szt\u00f6nz\u00e9s\u00e9t kell biztos\u00edtania. Ezek mellett harmadik feladatk\u00e9nt a szakk\u00e9pz\u00e9shez, \u00e1tk\u00e9pz\u00e9shez sz\u00fcks\u00e9ges forr\u00e1sokat biztos\u00edtja, a programokat menedzseli. Azt pedig, hogy mennyi a pontos bev\u00e9tele az alapnak az \u00e9ves k\u00f6lts\u00e9gvet\u00e9sben d\u00f6ntik el.<\/p>\n<p>Val\u00f3j\u00e1ban semmilyen k\u00f6ze sincs ahhoz, hogy mennyien dolgoznak, vagy mennyi a munkaad\u00f3k, munkav\u00e1llal\u00f3k befizet\u00e9se. Ugyanis a korm\u00e1ny ak\u00e1r m\u00e1r el\u0151re elvonhat ebb\u0151l a p\u00e9nzb\u0151l. A j\u00f6v\u0151 \u00e9vi k\u00f6lts\u00e9gvet\u00e9si tervezet szerint ez most meg fog t\u00f6rt\u00e9nni, mivel 71 milli\u00e1rd forintot (a teljes kiad\u00e1si oldal 16%-\u00e1t) a k\u00f6zponti kassz\u00e1ba be kell fizetnie a Nemzeti Foglalkoztat\u00e1si Alapnak. Az adatok azt mutatt\u00e1k, hogy 10 \u00e9v alatt 100 milli\u00e1rd forinttal emelkedett az NFA bev\u00e9teli oldala. Mik\u00f6zben az eg\u00e9szs\u00e9gbiztos\u00edt\u00e1si- \u00e9s munkaer\u0151piaci j\u00e1rul\u00e9k NFA-t megillet\u0151 h\u00e1nyada nomin\u00e1l \u00e9rt\u00e9ken csak 27 sz\u00e1zal\u00e9kkal emelkedett, ugyanezen id\u0151szakban az \u00e1tlagb\u00e9r 95 sz\u00e1zal\u00e9kkal n\u0151tt. Amennyiben a foglalkoztatotti l\u00e9tsz\u00e1m b\u0151v\u00fcl\u00e9s\u00e9t nem sz\u00e1moljuk, akkor is jelent\u0151sen n\u00f6velni kellett volna a munkaer\u0151piaci j\u00e1rul\u00e9kb\u00f3l beszedett p\u00e9nzeket. Ennek az oka financi\u00e1lis oldalr\u00f3l n\u00e9zve, hogy a korm\u00e1nyzat jelent\u0151sen \u00e1talak\u00edtotta az ad\u00f3- \u00e9s j\u00e1rul\u00e9krendszert, \u00e9s cs\u00f6kkent a munkaer\u0151piaci j\u00e1rul\u00e9k m\u00e9rt\u00e9ke is (2,5%-r\u00f3l 1,5%-ra). Mindezt \u00fagy, hogy csak a foglalkoztatottnak maradt meg ez a j\u00e1rul\u00e9kforma, a munk\u00e1ltat\u00f3nak megsz\u0171nt, pontosabban beleolvad a szoci\u00e1lis hozz\u00e1j\u00e1rul\u00e1si ad\u00f3ba.<\/p>\n<p>Forr\u00e1s: privatbankar.hu<\/p>\n","protected":false},"excerpt":{"rendered":"<p>Gyakran el\u0151fordulnak Magyarorsz\u00e1gon olyan helyzetek a munkaer\u0151piacon, dac\u00e1ra a munkaer\u0151hi\u00e1nynak, hogy dolgoz\u00f3kat bocs\u00e1tanak el. A 2020. \u00e9vi k\u00f6lts\u00e9gvet\u00e9s alapj\u00e1n az \u00e1llam cs\u00f6kkenti a Nemzeti Foglalkoztat\u00e1si Alap kiad\u00e1sait. A Policy Agenda azt vizsg\u00e1lta meg, hogy mi \u00e1ll a h\u00e1tt\u00e9rben, milyen v\u00e1ltoz\u00e1sok voltak az elm\u00falt 10 \u00e9vben? A Nemzeti Foglalkoztat\u00e1si Alap\u00a0 c\u00e9lja, hogy az \u00e1llam az ad\u00f3fizet\u0151k [&hellip;]<\/p>\n","protected":false},"author":1,"featured_media":2989,"comment_status":"open","ping_status":"open","sticky":false,"template":"","format":"standard","meta":{"_monsterinsights_skip_tracking":false,"footnotes":""},"categories":[198],"tags":[],"class_list":["post-2988","post","type-post","status-publish","format-standard","has-post-thumbnail","hentry","category-gazdasag"],"aioseo_notices":[],"aioseo_head":"\n\t\t<!-- All in One SEO 5.0.0.1 - aioseo.com -->\n\t<meta name=\"description\" content=\"Gyakran el\u0151fordulnak Magyarorsz\u00e1gon olyan helyzetek a munkaer\u0151piacon, dac\u00e1ra a munkaer\u0151hi\u00e1nynak, hogy dolgoz\u00f3kat bocs\u00e1tanak el. A 2020. \u00e9vi k\u00f6lts\u00e9gvet\u00e9s alapj\u00e1n az \u00e1llam cs\u00f6kkenti a Nemzeti Foglalkoztat\u00e1si Alap kiad\u00e1sait. A Policy Agenda azt vizsg\u00e1lta meg, hogy mi \u00e1ll a h\u00e1tt\u00e9rben, milyen v\u00e1ltoz\u00e1sok voltak az elm\u00falt 10 \u00e9vben? A Nemzeti Foglalkoztat\u00e1si Alap c\u00e9lja, hogy az \u00e1llam az ad\u00f3fizet\u0151k\" \/>\n\t<meta name=\"robots\" content=\"max-image-preview:large\" \/>\n\t<meta name=\"author\" content=\"Juh\u00e1sz P\u00e9ter\"\/>\n\t<link rel=\"canonical\" href=\"https:\/\/allasorias.hu\/hirek\/keves-penz-lesz-a-foglalkoztatas-javitasara\/\" \/>\n\t<meta name=\"generator\" content=\"All in One SEO (AIOSEO) 5.0.0.1\" \/>\n\t\t<meta property=\"og:locale\" content=\"hu_HU\" \/>\n\t\t<meta property=\"og:site_name\" content=\"AllasOrias.hu | H\u00edrek-lapszemle | \u00dczleti h\u00edrek az \u00e1ll\u00e1s \u00e9s a munka vil\u00e1g\u00e1b\u00f3l\" \/>\n\t\t<meta property=\"og:type\" content=\"article\" \/>\n\t\t<meta property=\"og:title\" content=\"Kev\u00e9s p\u00e9nz lesz a foglalkoztat\u00e1s jav\u00edt\u00e1s\u00e1ra | AllasOrias.hu | H\u00edrek-lapszemle\" \/>\n\t\t<meta property=\"og:description\" content=\"Gyakran el\u0151fordulnak Magyarorsz\u00e1gon olyan helyzetek a munkaer\u0151piacon, dac\u00e1ra a munkaer\u0151hi\u00e1nynak, hogy dolgoz\u00f3kat bocs\u00e1tanak el. A 2020. \u00e9vi k\u00f6lts\u00e9gvet\u00e9s alapj\u00e1n az \u00e1llam cs\u00f6kkenti a Nemzeti Foglalkoztat\u00e1si Alap kiad\u00e1sait. A Policy Agenda azt vizsg\u00e1lta meg, hogy mi \u00e1ll a h\u00e1tt\u00e9rben, milyen v\u00e1ltoz\u00e1sok voltak az elm\u00falt 10 \u00e9vben? A Nemzeti Foglalkoztat\u00e1si Alap c\u00e9lja, hogy az \u00e1llam az ad\u00f3fizet\u0151k\" \/>\n\t\t<meta property=\"og:url\" content=\"https:\/\/allasorias.hu\/hirek\/keves-penz-lesz-a-foglalkoztatas-javitasara\/\" \/>\n\t\t<meta property=\"og:image\" content=\"https:\/\/allasorias.hu\/hirek\/wp-content\/uploads\/2019\/06\/adult-banking-blur-1288483.jpg\" \/>\n\t\t<meta property=\"og:image:secure_url\" content=\"https:\/\/allasorias.hu\/hirek\/wp-content\/uploads\/2019\/06\/adult-banking-blur-1288483.jpg\" \/>\n\t\t<meta property=\"og:image:width\" content=\"640\" \/>\n\t\t<meta property=\"og:image:height\" content=\"427\" \/>\n\t\t<meta property=\"article:published_time\" content=\"2019-06-13T06:35:13+00:00\" \/>\n\t\t<meta property=\"article:modified_time\" content=\"2019-06-13T06:35:13+00:00\" \/>\n\t\t<meta property=\"article:publisher\" content=\"https:\/\/www.facebook.com\/allasorias\" \/>\n\t\t<meta name=\"twitter:card\" content=\"summary_large_image\" \/>\n\t\t<meta name=\"twitter:title\" content=\"Kev\u00e9s p\u00e9nz lesz a foglalkoztat\u00e1s jav\u00edt\u00e1s\u00e1ra | AllasOrias.hu | H\u00edrek-lapszemle\" \/>\n\t\t<meta name=\"twitter:description\" content=\"Gyakran el\u0151fordulnak Magyarorsz\u00e1gon olyan helyzetek a munkaer\u0151piacon, dac\u00e1ra a munkaer\u0151hi\u00e1nynak, hogy dolgoz\u00f3kat bocs\u00e1tanak el. A 2020. \u00e9vi k\u00f6lts\u00e9gvet\u00e9s alapj\u00e1n az \u00e1llam cs\u00f6kkenti a Nemzeti Foglalkoztat\u00e1si Alap kiad\u00e1sait. A Policy Agenda azt vizsg\u00e1lta meg, hogy mi \u00e1ll a h\u00e1tt\u00e9rben, milyen v\u00e1ltoz\u00e1sok voltak az elm\u00falt 10 \u00e9vben? A Nemzeti Foglalkoztat\u00e1si Alap c\u00e9lja, hogy az \u00e1llam az ad\u00f3fizet\u0151k\" \/>\n\t\t<meta name=\"twitter:image\" content=\"https:\/\/allasorias.hu\/hirek\/wp-content\/uploads\/2019\/06\/adult-banking-blur-1288483.jpg\" \/>\n\t\t<meta name=\"twitter:label1\" content=\"Written by\" \/>\n\t\t<meta name=\"twitter:data1\" content=\"Juh\u00e1sz P\u00e9ter\" \/>\n\t\t<meta name=\"twitter:label2\" content=\"Est. reading time\" \/>\n\t\t<meta name=\"twitter:data2\" content=\"3 minutes\" \/>\n\t\t<script type=\"application\/ld+json\" class=\"aioseo-schema\">\n\t\t\t{\"@context\":\"https:\\\/\\\/schema.org\",\"@graph\":[{\"@type\":\"Article\",\"@id\":\"https:\\\/\\\/allasorias.hu\\\/hirek\\\/keves-penz-lesz-a-foglalkoztatas-javitasara\\\/#article\",\"name\":\"Kev\\u00e9s p\\u00e9nz lesz a foglalkoztat\\u00e1s jav\\u00edt\\u00e1s\\u00e1ra | AllasOrias.hu | H\\u00edrek-lapszemle\",\"headline\":\"Kev\\u00e9s p\\u00e9nz lesz a foglalkoztat\\u00e1s jav\\u00edt\\u00e1s\\u00e1ra\",\"author\":{\"@id\":\"https:\\\/\\\/allasorias.hu\\\/hirek\\\/author\\\/admin-allasorias\\\/#author\"},\"publisher\":{\"@id\":\"https:\\\/\\\/allasorias.hu\\\/hirek\\\/#organization\"},\"image\":{\"@type\":\"ImageObject\",\"url\":\"https:\\\/\\\/allasorias.hu\\\/hirek\\\/wp-content\\\/uploads\\\/2019\\\/06\\\/adult-banking-blur-1288483.jpg\",\"width\":640,\"height\":427},\"datePublished\":\"2019-06-13T06:35:13+02:00\",\"dateModified\":\"2019-06-13T06:35:13+02:00\",\"inLanguage\":\"hu-HU\",\"mainEntityOfPage\":{\"@id\":\"https:\\\/\\\/allasorias.hu\\\/hirek\\\/keves-penz-lesz-a-foglalkoztatas-javitasara\\\/#webpage\"},\"isPartOf\":{\"@id\":\"https:\\\/\\\/allasorias.hu\\\/hirek\\\/keves-penz-lesz-a-foglalkoztatas-javitasara\\\/#webpage\"},\"articleSection\":\"Gazdas\\u00e1g\"},{\"@type\":\"BreadcrumbList\",\"@id\":\"https:\\\/\\\/allasorias.hu\\\/hirek\\\/keves-penz-lesz-a-foglalkoztatas-javitasara\\\/#breadcrumblist\",\"itemListElement\":[{\"@type\":\"ListItem\",\"@id\":\"https:\\\/\\\/allasorias.hu\\\/hirek#listItem\",\"position\":1,\"name\":\"Home\",\"item\":\"https:\\\/\\\/allasorias.hu\\\/hirek\",\"nextItem\":{\"@type\":\"ListItem\",\"@id\":\"https:\\\/\\\/allasorias.hu\\\/hirek\\\/temak\\\/gazdasag\\\/#listItem\",\"name\":\"Gazdas\\u00e1g\"}},{\"@type\":\"ListItem\",\"@id\":\"https:\\\/\\\/allasorias.hu\\\/hirek\\\/temak\\\/gazdasag\\\/#listItem\",\"position\":2,\"name\":\"Gazdas\\u00e1g\",\"item\":\"https:\\\/\\\/allasorias.hu\\\/hirek\\\/temak\\\/gazdasag\\\/\",\"nextItem\":{\"@type\":\"ListItem\",\"@id\":\"https:\\\/\\\/allasorias.hu\\\/hirek\\\/keves-penz-lesz-a-foglalkoztatas-javitasara\\\/#listItem\",\"name\":\"Kev\\u00e9s p\\u00e9nz lesz a foglalkoztat\\u00e1s jav\\u00edt\\u00e1s\\u00e1ra\"},\"previousItem\":{\"@type\":\"ListItem\",\"@id\":\"https:\\\/\\\/allasorias.hu\\\/hirek#listItem\",\"name\":\"Home\"}},{\"@type\":\"ListItem\",\"@id\":\"https:\\\/\\\/allasorias.hu\\\/hirek\\\/keves-penz-lesz-a-foglalkoztatas-javitasara\\\/#listItem\",\"position\":3,\"name\":\"Kev\\u00e9s p\\u00e9nz lesz a foglalkoztat\\u00e1s jav\\u00edt\\u00e1s\\u00e1ra\",\"previousItem\":{\"@type\":\"ListItem\",\"@id\":\"https:\\\/\\\/allasorias.hu\\\/hirek\\\/temak\\\/gazdasag\\\/#listItem\",\"name\":\"Gazdas\\u00e1g\"}}]},{\"@type\":\"Organization\",\"@id\":\"https:\\\/\\\/allasorias.hu\\\/hirek\\\/#organization\",\"name\":\"AllasOrias.hu | H\\u00edrek-lapszemle\",\"description\":\"\\u00dczleti h\\u00edrek az \\u00e1ll\\u00e1s \\u00e9s a munka vil\\u00e1g\\u00e1b\\u00f3l\",\"url\":\"https:\\\/\\\/allasorias.hu\\\/hirek\\\/\",\"logo\":{\"@type\":\"ImageObject\",\"url\":\"https:\\\/\\\/allasorias.hu\\\/hirek\\\/wp-content\\\/uploads\\\/2022\\\/10\\\/allasorias_site_facebok_logo.png\",\"@id\":\"https:\\\/\\\/allasorias.hu\\\/hirek\\\/keves-penz-lesz-a-foglalkoztatas-javitasara\\\/#organizationLogo\"},\"image\":{\"@id\":\"https:\\\/\\\/allasorias.hu\\\/hirek\\\/keves-penz-lesz-a-foglalkoztatas-javitasara\\\/#organizationLogo\"},\"sameAs\":[\"https:\\\/\\\/www.facebook.com\\\/allasorias\",\"https:\\\/\\\/www.linkedin.com\\\/company\\\/allasorias\"]},{\"@type\":\"Person\",\"@id\":\"https:\\\/\\\/allasorias.hu\\\/hirek\\\/author\\\/admin-allasorias\\\/#author\",\"url\":\"https:\\\/\\\/allasorias.hu\\\/hirek\\\/author\\\/admin-allasorias\\\/\",\"name\":\"Juh\\u00e1sz P\\u00e9ter\",\"image\":{\"@type\":\"ImageObject\",\"@id\":\"https:\\\/\\\/allasorias.hu\\\/hirek\\\/keves-penz-lesz-a-foglalkoztatas-javitasara\\\/#authorImage\",\"url\":\"https:\\\/\\\/secure.gravatar.com\\\/avatar\\\/36e6bcb83148978b992977cb0f54d22feb0cce8a0a849a9410532bb2623ba4c6?s=96&d=mm&r=g\",\"width\":96,\"height\":96,\"caption\":\"Juh\\u00e1sz P\\u00e9ter\"}},{\"@type\":\"WebPage\",\"@id\":\"https:\\\/\\\/allasorias.hu\\\/hirek\\\/keves-penz-lesz-a-foglalkoztatas-javitasara\\\/#webpage\",\"url\":\"https:\\\/\\\/allasorias.hu\\\/hirek\\\/keves-penz-lesz-a-foglalkoztatas-javitasara\\\/\",\"name\":\"Kev\\u00e9s p\\u00e9nz lesz a foglalkoztat\\u00e1s jav\\u00edt\\u00e1s\\u00e1ra | AllasOrias.hu | H\\u00edrek-lapszemle\",\"description\":\"Gyakran el\\u0151fordulnak Magyarorsz\\u00e1gon olyan helyzetek a munkaer\\u0151piacon, dac\\u00e1ra a munkaer\\u0151hi\\u00e1nynak, hogy dolgoz\\u00f3kat bocs\\u00e1tanak el. A 2020. \\u00e9vi k\\u00f6lts\\u00e9gvet\\u00e9s alapj\\u00e1n az \\u00e1llam cs\\u00f6kkenti a Nemzeti Foglalkoztat\\u00e1si Alap kiad\\u00e1sait. A Policy Agenda azt vizsg\\u00e1lta meg, hogy mi \\u00e1ll a h\\u00e1tt\\u00e9rben, milyen v\\u00e1ltoz\\u00e1sok voltak az elm\\u00falt 10 \\u00e9vben? A Nemzeti Foglalkoztat\\u00e1si Alap c\\u00e9lja, hogy az \\u00e1llam az ad\\u00f3fizet\\u0151k\",\"inLanguage\":\"hu-HU\",\"isPartOf\":{\"@id\":\"https:\\\/\\\/allasorias.hu\\\/hirek\\\/#website\"},\"breadcrumb\":{\"@id\":\"https:\\\/\\\/allasorias.hu\\\/hirek\\\/keves-penz-lesz-a-foglalkoztatas-javitasara\\\/#breadcrumblist\"},\"author\":{\"@id\":\"https:\\\/\\\/allasorias.hu\\\/hirek\\\/author\\\/admin-allasorias\\\/#author\"},\"creator\":{\"@id\":\"https:\\\/\\\/allasorias.hu\\\/hirek\\\/author\\\/admin-allasorias\\\/#author\"},\"image\":{\"@type\":\"ImageObject\",\"url\":\"https:\\\/\\\/allasorias.hu\\\/hirek\\\/wp-content\\\/uploads\\\/2019\\\/06\\\/adult-banking-blur-1288483.jpg\",\"@id\":\"https:\\\/\\\/allasorias.hu\\\/hirek\\\/keves-penz-lesz-a-foglalkoztatas-javitasara\\\/#mainImage\",\"width\":640,\"height\":427},\"primaryImageOfPage\":{\"@id\":\"https:\\\/\\\/allasorias.hu\\\/hirek\\\/keves-penz-lesz-a-foglalkoztatas-javitasara\\\/#mainImage\"},\"datePublished\":\"2019-06-13T06:35:13+02:00\",\"dateModified\":\"2019-06-13T06:35:13+02:00\"},{\"@type\":\"WebSite\",\"@id\":\"https:\\\/\\\/allasorias.hu\\\/hirek\\\/#website\",\"url\":\"https:\\\/\\\/allasorias.hu\\\/hirek\\\/\",\"name\":\"AllasOrias.hu | H\\u00edrek-lapszemle\",\"description\":\"\\u00dczleti h\\u00edrek az \\u00e1ll\\u00e1s \\u00e9s a munka vil\\u00e1g\\u00e1b\\u00f3l\",\"inLanguage\":\"hu-HU\",\"publisher\":{\"@id\":\"https:\\\/\\\/allasorias.hu\\\/hirek\\\/#organization\"}}]}\n\t\t<\/script>\n\t\t<!-- All in One SEO -->\n\n","aioseo_head_json":{"title":"Kev\u00e9s p\u00e9nz lesz a foglalkoztat\u00e1s jav\u00edt\u00e1s\u00e1ra | AllasOrias.hu | H\u00edrek-lapszemle","description":"Gyakran el\u0151fordulnak Magyarorsz\u00e1gon olyan helyzetek a munkaer\u0151piacon, dac\u00e1ra a munkaer\u0151hi\u00e1nynak, hogy dolgoz\u00f3kat bocs\u00e1tanak el. A 2020. \u00e9vi k\u00f6lts\u00e9gvet\u00e9s alapj\u00e1n az \u00e1llam cs\u00f6kkenti a Nemzeti Foglalkoztat\u00e1si Alap kiad\u00e1sait. A Policy Agenda azt vizsg\u00e1lta meg, hogy mi \u00e1ll a h\u00e1tt\u00e9rben, milyen v\u00e1ltoz\u00e1sok voltak az elm\u00falt 10 \u00e9vben? A Nemzeti Foglalkoztat\u00e1si Alap c\u00e9lja, hogy az \u00e1llam az ad\u00f3fizet\u0151k","canonical_url":"https:\/\/allasorias.hu\/hirek\/keves-penz-lesz-a-foglalkoztatas-javitasara\/","robots":"max-image-preview:large","keywords":"","webmasterTools":{"miscellaneous":""},"schema":{"@context":"https:\/\/schema.org","@graph":[{"@type":"Article","@id":"https:\/\/allasorias.hu\/hirek\/keves-penz-lesz-a-foglalkoztatas-javitasara\/#article","name":"Kev\u00e9s p\u00e9nz lesz a foglalkoztat\u00e1s jav\u00edt\u00e1s\u00e1ra | AllasOrias.hu | H\u00edrek-lapszemle","headline":"Kev\u00e9s p\u00e9nz lesz a foglalkoztat\u00e1s jav\u00edt\u00e1s\u00e1ra","author":{"@id":"https:\/\/allasorias.hu\/hirek\/author\/admin-allasorias\/#author"},"publisher":{"@id":"https:\/\/allasorias.hu\/hirek\/#organization"},"image":{"@type":"ImageObject","url":"https:\/\/allasorias.hu\/hirek\/wp-content\/uploads\/2019\/06\/adult-banking-blur-1288483.jpg","width":640,"height":427},"datePublished":"2019-06-13T06:35:13+02:00","dateModified":"2019-06-13T06:35:13+02:00","inLanguage":"hu-HU","mainEntityOfPage":{"@id":"https:\/\/allasorias.hu\/hirek\/keves-penz-lesz-a-foglalkoztatas-javitasara\/#webpage"},"isPartOf":{"@id":"https:\/\/allasorias.hu\/hirek\/keves-penz-lesz-a-foglalkoztatas-javitasara\/#webpage"},"articleSection":"Gazdas\u00e1g"},{"@type":"BreadcrumbList","@id":"https:\/\/allasorias.hu\/hirek\/keves-penz-lesz-a-foglalkoztatas-javitasara\/#breadcrumblist","itemListElement":[{"@type":"ListItem","@id":"https:\/\/allasorias.hu\/hirek#listItem","position":1,"name":"Home","item":"https:\/\/allasorias.hu\/hirek","nextItem":{"@type":"ListItem","@id":"https:\/\/allasorias.hu\/hirek\/temak\/gazdasag\/#listItem","name":"Gazdas\u00e1g"}},{"@type":"ListItem","@id":"https:\/\/allasorias.hu\/hirek\/temak\/gazdasag\/#listItem","position":2,"name":"Gazdas\u00e1g","item":"https:\/\/allasorias.hu\/hirek\/temak\/gazdasag\/","nextItem":{"@type":"ListItem","@id":"https:\/\/allasorias.hu\/hirek\/keves-penz-lesz-a-foglalkoztatas-javitasara\/#listItem","name":"Kev\u00e9s p\u00e9nz lesz a foglalkoztat\u00e1s jav\u00edt\u00e1s\u00e1ra"},"previousItem":{"@type":"ListItem","@id":"https:\/\/allasorias.hu\/hirek#listItem","name":"Home"}},{"@type":"ListItem","@id":"https:\/\/allasorias.hu\/hirek\/keves-penz-lesz-a-foglalkoztatas-javitasara\/#listItem","position":3,"name":"Kev\u00e9s p\u00e9nz lesz a foglalkoztat\u00e1s jav\u00edt\u00e1s\u00e1ra","previousItem":{"@type":"ListItem","@id":"https:\/\/allasorias.hu\/hirek\/temak\/gazdasag\/#listItem","name":"Gazdas\u00e1g"}}]},{"@type":"Organization","@id":"https:\/\/allasorias.hu\/hirek\/#organization","name":"AllasOrias.hu | H\u00edrek-lapszemle","description":"\u00dczleti h\u00edrek az \u00e1ll\u00e1s \u00e9s a munka vil\u00e1g\u00e1b\u00f3l","url":"https:\/\/allasorias.hu\/hirek\/","logo":{"@type":"ImageObject","url":"https:\/\/allasorias.hu\/hirek\/wp-content\/uploads\/2022\/10\/allasorias_site_facebok_logo.png","@id":"https:\/\/allasorias.hu\/hirek\/keves-penz-lesz-a-foglalkoztatas-javitasara\/#organizationLogo"},"image":{"@id":"https:\/\/allasorias.hu\/hirek\/keves-penz-lesz-a-foglalkoztatas-javitasara\/#organizationLogo"},"sameAs":["https:\/\/www.facebook.com\/allasorias","https:\/\/www.linkedin.com\/company\/allasorias"]},{"@type":"Person","@id":"https:\/\/allasorias.hu\/hirek\/author\/admin-allasorias\/#author","url":"https:\/\/allasorias.hu\/hirek\/author\/admin-allasorias\/","name":"Juh\u00e1sz P\u00e9ter","image":{"@type":"ImageObject","@id":"https:\/\/allasorias.hu\/hirek\/keves-penz-lesz-a-foglalkoztatas-javitasara\/#authorImage","url":"https:\/\/secure.gravatar.com\/avatar\/36e6bcb83148978b992977cb0f54d22feb0cce8a0a849a9410532bb2623ba4c6?s=96&d=mm&r=g","width":96,"height":96,"caption":"Juh\u00e1sz P\u00e9ter"}},{"@type":"WebPage","@id":"https:\/\/allasorias.hu\/hirek\/keves-penz-lesz-a-foglalkoztatas-javitasara\/#webpage","url":"https:\/\/allasorias.hu\/hirek\/keves-penz-lesz-a-foglalkoztatas-javitasara\/","name":"Kev\u00e9s p\u00e9nz lesz a foglalkoztat\u00e1s jav\u00edt\u00e1s\u00e1ra | AllasOrias.hu | H\u00edrek-lapszemle","description":"Gyakran el\u0151fordulnak Magyarorsz\u00e1gon olyan helyzetek a munkaer\u0151piacon, dac\u00e1ra a munkaer\u0151hi\u00e1nynak, hogy dolgoz\u00f3kat bocs\u00e1tanak el. A 2020. \u00e9vi k\u00f6lts\u00e9gvet\u00e9s alapj\u00e1n az \u00e1llam cs\u00f6kkenti a Nemzeti Foglalkoztat\u00e1si Alap kiad\u00e1sait. A Policy Agenda azt vizsg\u00e1lta meg, hogy mi \u00e1ll a h\u00e1tt\u00e9rben, milyen v\u00e1ltoz\u00e1sok voltak az elm\u00falt 10 \u00e9vben? A Nemzeti Foglalkoztat\u00e1si Alap c\u00e9lja, hogy az \u00e1llam az ad\u00f3fizet\u0151k","inLanguage":"hu-HU","isPartOf":{"@id":"https:\/\/allasorias.hu\/hirek\/#website"},"breadcrumb":{"@id":"https:\/\/allasorias.hu\/hirek\/keves-penz-lesz-a-foglalkoztatas-javitasara\/#breadcrumblist"},"author":{"@id":"https:\/\/allasorias.hu\/hirek\/author\/admin-allasorias\/#author"},"creator":{"@id":"https:\/\/allasorias.hu\/hirek\/author\/admin-allasorias\/#author"},"image":{"@type":"ImageObject","url":"https:\/\/allasorias.hu\/hirek\/wp-content\/uploads\/2019\/06\/adult-banking-blur-1288483.jpg","@id":"https:\/\/allasorias.hu\/hirek\/keves-penz-lesz-a-foglalkoztatas-javitasara\/#mainImage","width":640,"height":427},"primaryImageOfPage":{"@id":"https:\/\/allasorias.hu\/hirek\/keves-penz-lesz-a-foglalkoztatas-javitasara\/#mainImage"},"datePublished":"2019-06-13T06:35:13+02:00","dateModified":"2019-06-13T06:35:13+02:00"},{"@type":"WebSite","@id":"https:\/\/allasorias.hu\/hirek\/#website","url":"https:\/\/allasorias.hu\/hirek\/","name":"AllasOrias.hu | H\u00edrek-lapszemle","description":"\u00dczleti h\u00edrek az \u00e1ll\u00e1s \u00e9s a munka vil\u00e1g\u00e1b\u00f3l","inLanguage":"hu-HU","publisher":{"@id":"https:\/\/allasorias.hu\/hirek\/#organization"}}]},"og:locale":"hu_HU","og:site_name":"AllasOrias.hu | H\u00edrek-lapszemle | \u00dczleti h\u00edrek az \u00e1ll\u00e1s \u00e9s a munka vil\u00e1g\u00e1b\u00f3l","og:type":"article","og:title":"Kev\u00e9s p\u00e9nz lesz a foglalkoztat\u00e1s jav\u00edt\u00e1s\u00e1ra | AllasOrias.hu | H\u00edrek-lapszemle","og:description":"Gyakran el\u0151fordulnak Magyarorsz\u00e1gon olyan helyzetek a munkaer\u0151piacon, dac\u00e1ra a munkaer\u0151hi\u00e1nynak, hogy dolgoz\u00f3kat bocs\u00e1tanak el. A 2020. \u00e9vi k\u00f6lts\u00e9gvet\u00e9s alapj\u00e1n az \u00e1llam cs\u00f6kkenti a Nemzeti Foglalkoztat\u00e1si Alap kiad\u00e1sait. A Policy Agenda azt vizsg\u00e1lta meg, hogy mi \u00e1ll a h\u00e1tt\u00e9rben, milyen v\u00e1ltoz\u00e1sok voltak az elm\u00falt 10 \u00e9vben? A Nemzeti Foglalkoztat\u00e1si Alap c\u00e9lja, hogy az \u00e1llam az ad\u00f3fizet\u0151k","og:url":"https:\/\/allasorias.hu\/hirek\/keves-penz-lesz-a-foglalkoztatas-javitasara\/","og:image":"https:\/\/allasorias.hu\/hirek\/wp-content\/uploads\/2019\/06\/adult-banking-blur-1288483.jpg","og:image:secure_url":"https:\/\/allasorias.hu\/hirek\/wp-content\/uploads\/2019\/06\/adult-banking-blur-1288483.jpg","og:image:width":640,"og:image:height":427,"article:published_time":"2019-06-13T06:35:13+00:00","article:modified_time":"2019-06-13T06:35:13+00:00","article:publisher":"https:\/\/www.facebook.com\/allasorias","twitter:card":"summary_large_image","twitter:title":"Kev\u00e9s p\u00e9nz lesz a foglalkoztat\u00e1s jav\u00edt\u00e1s\u00e1ra | AllasOrias.hu | H\u00edrek-lapszemle","twitter:description":"Gyakran el\u0151fordulnak Magyarorsz\u00e1gon olyan helyzetek a munkaer\u0151piacon, dac\u00e1ra a munkaer\u0151hi\u00e1nynak, hogy dolgoz\u00f3kat bocs\u00e1tanak el. A 2020. \u00e9vi k\u00f6lts\u00e9gvet\u00e9s alapj\u00e1n az \u00e1llam cs\u00f6kkenti a Nemzeti Foglalkoztat\u00e1si Alap kiad\u00e1sait. A Policy Agenda azt vizsg\u00e1lta meg, hogy mi \u00e1ll a h\u00e1tt\u00e9rben, milyen v\u00e1ltoz\u00e1sok voltak az elm\u00falt 10 \u00e9vben? A Nemzeti Foglalkoztat\u00e1si Alap c\u00e9lja, hogy az \u00e1llam az ad\u00f3fizet\u0151k","twitter:image":"https:\/\/allasorias.hu\/hirek\/wp-content\/uploads\/2019\/06\/adult-banking-blur-1288483.jpg","twitter:label1":"Written by","twitter:data1":"Juh\u00e1sz P\u00e9ter","twitter:label2":"Est. reading time","twitter:data2":"3 minutes"},"aioseo_meta_data":{"post_id":"2988","title":null,"description":null,"keywords":null,"keyphrases":null,"primary_term":null,"canonical_url":null,"og_title":null,"og_description":null,"og_object_type":"default","og_image_type":"default","og_image_url":null,"og_image_width":null,"og_image_height":null,"og_image_custom_url":null,"og_image_custom_fields":null,"og_video":null,"og_custom_url":null,"og_article_section":null,"og_article_tags":null,"twitter_use_og":false,"twitter_card":"default","twitter_image_type":"default","twitter_image_url":null,"twitter_image_custom_url":null,"twitter_image_custom_fields":null,"twitter_title":null,"twitter_description":null,"schema":{"blockGraphs":[],"customGraphs":[],"default":{"data":{"Article":[],"Course":[],"Dataset":[],"FAQPage":[],"Movie":[],"Person":[],"Product":[],"ProductReview":[],"Car":[],"Recipe":[],"Service":[],"SoftwareApplication":[],"WebPage":[]},"graphName":"","isEnabled":true},"graphs":[],"defaultGraph":"","defaultPostTypeGraph":""},"schema_type":null,"schema_type_options":null,"pillar_content":false,"robots_default":true,"robots_noindex":false,"robots_noarchive":false,"robots_nosnippet":false,"robots_nofollow":false,"robots_noimageindex":false,"robots_noodp":false,"robots_notranslate":false,"robots_max_snippet":null,"robots_max_videopreview":null,"robots_max_imagepreview":"large","priority":null,"frequency":null,"location":null,"local_seo":null,"breadcrumb_settings":null,"limit_modified_date":false,"ai":null,"created":"2021-02-01 21:28:17","updated":"2025-10-02 11:27:39","seo_analyzer_scan_date":null,"focus_keyword":null,"additional_keywords":null,"truseo_locale":null},"aioseo_breadcrumb":"<div class=\"aioseo-breadcrumbs\"><span class=\"aioseo-breadcrumb\">\n\t\t\t<a href=\"https:\/\/allasorias.hu\/hirek\" title=\"Home\">Home<\/a>\n\t\t<\/span><span class=\"aioseo-breadcrumb-separator\">&raquo;<\/span><span class=\"aioseo-breadcrumb\">\n\t\t\t<a href=\"https:\/\/allasorias.hu\/hirek\/temak\/gazdasag\/\" title=\"Gazdas\u00e1g\">Gazdas\u00e1g<\/a>\n\t\t<\/span><span class=\"aioseo-breadcrumb-separator\">&raquo;<\/span><span class=\"aioseo-breadcrumb\">\n\t\t\tKev\u00e9s p\u00e9nz lesz a foglalkoztat\u00e1s jav\u00edt\u00e1s\u00e1ra\n\t\t<\/span><\/div>","aioseo_breadcrumb_json":[{"label":"Home","link":"https:\/\/allasorias.hu\/hirek"},{"label":"Gazdas\u00e1g","link":"https:\/\/allasorias.hu\/hirek\/temak\/gazdasag\/"},{"label":"Kev\u00e9s p\u00e9nz lesz a foglalkoztat\u00e1s jav\u00edt\u00e1s\u00e1ra","link":"https:\/\/allasorias.hu\/hirek\/keves-penz-lesz-a-foglalkoztatas-javitasara\/"}],"_links":{"self":[{"href":"https:\/\/allasorias.hu\/hirek\/wp-json\/wp\/v2\/posts\/2988","targetHints":{"allow":["GET"]}}],"collection":[{"href":"https:\/\/allasorias.hu\/hirek\/wp-json\/wp\/v2\/posts"}],"about":[{"href":"https:\/\/allasorias.hu\/hirek\/wp-json\/wp\/v2\/types\/post"}],"author":[{"embeddable":true,"href":"https:\/\/allasorias.hu\/hirek\/wp-json\/wp\/v2\/users\/1"}],"replies":[{"embeddable":true,"href":"https:\/\/allasorias.hu\/hirek\/wp-json\/wp\/v2\/comments?post=2988"}],"version-history":[{"count":1,"href":"https:\/\/allasorias.hu\/hirek\/wp-json\/wp\/v2\/posts\/2988\/revisions"}],"predecessor-version":[{"id":2990,"href":"https:\/\/allasorias.hu\/hirek\/wp-json\/wp\/v2\/posts\/2988\/revisions\/2990"}],"wp:featuredmedia":[{"embeddable":true,"href":"https:\/\/allasorias.hu\/hirek\/wp-json\/wp\/v2\/media\/2989"}],"wp:attachment":[{"href":"https:\/\/allasorias.hu\/hirek\/wp-json\/wp\/v2\/media?parent=2988"}],"wp:term":[{"taxonomy":"category","embeddable":true,"href":"https:\/\/allasorias.hu\/hirek\/wp-json\/wp\/v2\/categories?post=2988"},{"taxonomy":"post_tag","embeddable":true,"href":"https:\/\/allasorias.hu\/hirek\/wp-json\/wp\/v2\/tags?post=2988"}],"curies":[{"name":"wp","href":"https:\/\/api.w.org\/{rel}","templated":true}]}}