{"id":2986,"date":"2019-06-12T10:42:35","date_gmt":"2019-06-12T10:42:35","guid":{"rendered":"https:\/\/allasorias.hu\/hirek\/?p=2986"},"modified":"2019-06-12T10:42:35","modified_gmt":"2019-06-12T10:42:35","slug":"magas-fizetes-itthon-is","status":"publish","type":"post","link":"https:\/\/allasorias.hu\/hirek\/magas-fizetes-itthon-is\/","title":{"rendered":"Magas fizet\u00e9s itthon is?"},"content":{"rendered":"<p><strong>\u00dagy t\u0171nik, Magyarorsz\u00e1gon is lehet j\u00f3l fizet\u0151 \u00e1ll\u00e1sokhoz jutni. Aki j\u00f3 szakm\u00e1val \u00e9s tapasztalattal rendelkez\u0151 munkav\u00e1llal\u00f3k\u00e9nt igaz\u00e1n j\u00f3l szeretne keresni, annak m\u00e1r nem kell felt\u00e9tlen\u00fcl k\u00fclf\u00f6ldre mennie dolgozni, hogy megfizess\u00e9k a szak\u00e9rtelm\u00e9t, itthon is egyre jobb lehet\u0151s\u00e9geket tal\u00e1lni &#8211; \u00edrja a penzcentrum.hu.<\/strong><\/p>\n<p>A P\u00e9nzcentrum kor\u00e1bban t\u00f6bbsz\u00f6r is meg\u00edrta, \u00f3ri\u00e1si sz\u00fcks\u00e9g van k\u00e9tkezi, fizikai munk\u00e1t v\u00e9gz\u0151 szakemberekre Magyarorsz\u00e1gon: \u00e1csra, asztalosra, \u00e9p\u00fclet- \u00e9s szerkezetlakatosra, g\u00e9pgy\u00e1rt\u00e1stechnol\u00f3giai technikusra, g\u00e9pi forg\u00e1csol\u00f3ra, k\u0151m\u0171vesre, hegeszt\u0151re, ipari g\u00e9p\u00e9szre, p\u00e9kekre, szersz\u00e1mk\u00e9sz\u00edt\u0151kre, n\u0151i szab\u00f3kra, villanyszerel\u0151kre. K\u00fclf\u00f6ld\u00f6n ezekkel a szakm\u00e1kkal, legkevesebb, brutt\u00f3 1500 eur\u00f3t is meg lehet keresni, ak\u00e1r m\u00e1r a szomsz\u00e9dos Ausztri\u00e1ban is, de nem ritka az \u00e1ll\u00e1shirdet\u00e9s, amelyben 770 ezer &#8211; 830 ezer forintnyi \u00f6sszeget is aj\u00e1nlanak a munkaad\u00f3k. Ha egy hazai c\u00e9g j\u00f3 szakemberekkel szeretne dolgozni, akkor meg is kell fizetni \u0151ket, ha nem is nyugat-eur\u00f3pia, de ahhoz k\u00f6zeli fizet\u00e9sekkel.<\/p>\n<p>Forr\u00e1s: hrportal.hu<\/p>\n","protected":false},"excerpt":{"rendered":"<p>\u00dagy t\u0171nik, Magyarorsz\u00e1gon is lehet j\u00f3l fizet\u0151 \u00e1ll\u00e1sokhoz jutni. Aki j\u00f3 szakm\u00e1val \u00e9s tapasztalattal rendelkez\u0151 munkav\u00e1llal\u00f3k\u00e9nt igaz\u00e1n j\u00f3l szeretne keresni, annak m\u00e1r nem kell felt\u00e9tlen\u00fcl k\u00fclf\u00f6ldre mennie dolgozni, hogy megfizess\u00e9k a szak\u00e9rtelm\u00e9t, itthon is egyre jobb lehet\u0151s\u00e9geket tal\u00e1lni &#8211; \u00edrja a penzcentrum.hu. A P\u00e9nzcentrum kor\u00e1bban t\u00f6bbsz\u00f6r is meg\u00edrta, \u00f3ri\u00e1si sz\u00fcks\u00e9g van k\u00e9tkezi, fizikai munk\u00e1t v\u00e9gz\u0151 [&hellip;]<\/p>\n","protected":false},"author":1,"featured_media":2859,"comment_status":"open","ping_status":"open","sticky":false,"template":"","format":"standard","meta":{"_monsterinsights_skip_tracking":false,"footnotes":""},"categories":[1,203,200],"tags":[],"class_list":["post-2986","post","type-post","status-publish","format-standard","has-post-thumbnail","hentry","category-allaskereses","category-hianyszakmak","category-munkaeropiac"],"aioseo_notices":[],"aioseo_head":"\n\t\t<!-- All in One SEO 5.0.0.1 - aioseo.com -->\n\t<meta name=\"description\" content=\"\u00dagy t\u0171nik, Magyarorsz\u00e1gon is lehet j\u00f3l fizet\u0151 \u00e1ll\u00e1sokhoz jutni. Aki j\u00f3 szakm\u00e1val \u00e9s tapasztalattal rendelkez\u0151 munkav\u00e1llal\u00f3k\u00e9nt igaz\u00e1n j\u00f3l szeretne keresni, annak m\u00e1r nem kell felt\u00e9tlen\u00fcl k\u00fclf\u00f6ldre mennie dolgozni, hogy megfizess\u00e9k a szak\u00e9rtelm\u00e9t, itthon is egyre jobb lehet\u0151s\u00e9geket tal\u00e1lni - \u00edrja a penzcentrum.hu. A P\u00e9nzcentrum kor\u00e1bban t\u00f6bbsz\u00f6r is meg\u00edrta, \u00f3ri\u00e1si sz\u00fcks\u00e9g van k\u00e9tkezi, fizikai munk\u00e1t v\u00e9gz\u0151\" \/>\n\t<meta name=\"robots\" content=\"max-image-preview:large\" \/>\n\t<meta name=\"author\" content=\"Juh\u00e1sz P\u00e9ter\"\/>\n\t<link rel=\"canonical\" href=\"https:\/\/allasorias.hu\/hirek\/magas-fizetes-itthon-is\/\" \/>\n\t<meta name=\"generator\" content=\"All in One SEO (AIOSEO) 5.0.0.1\" \/>\n\t\t<meta property=\"og:locale\" content=\"hu_HU\" \/>\n\t\t<meta property=\"og:site_name\" content=\"AllasOrias.hu | H\u00edrek-lapszemle | \u00dczleti h\u00edrek az \u00e1ll\u00e1s \u00e9s a munka vil\u00e1g\u00e1b\u00f3l\" \/>\n\t\t<meta property=\"og:type\" content=\"article\" \/>\n\t\t<meta property=\"og:title\" content=\"Magas fizet\u00e9s itthon is? | AllasOrias.hu | H\u00edrek-lapszemle\" \/>\n\t\t<meta property=\"og:description\" content=\"\u00dagy t\u0171nik, Magyarorsz\u00e1gon is lehet j\u00f3l fizet\u0151 \u00e1ll\u00e1sokhoz jutni. Aki j\u00f3 szakm\u00e1val \u00e9s tapasztalattal rendelkez\u0151 munkav\u00e1llal\u00f3k\u00e9nt igaz\u00e1n j\u00f3l szeretne keresni, annak m\u00e1r nem kell felt\u00e9tlen\u00fcl k\u00fclf\u00f6ldre mennie dolgozni, hogy megfizess\u00e9k a szak\u00e9rtelm\u00e9t, itthon is egyre jobb lehet\u0151s\u00e9geket tal\u00e1lni - \u00edrja a penzcentrum.hu. A P\u00e9nzcentrum kor\u00e1bban t\u00f6bbsz\u00f6r is meg\u00edrta, \u00f3ri\u00e1si sz\u00fcks\u00e9g van k\u00e9tkezi, fizikai munk\u00e1t v\u00e9gz\u0151\" \/>\n\t\t<meta property=\"og:url\" content=\"https:\/\/allasorias.hu\/hirek\/magas-fizetes-itthon-is\/\" \/>\n\t\t<meta property=\"og:image\" content=\"https:\/\/allasorias.hu\/hirek\/wp-content\/uploads\/2019\/05\/tool-2222458_640.jpg\" \/>\n\t\t<meta property=\"og:image:secure_url\" content=\"https:\/\/allasorias.hu\/hirek\/wp-content\/uploads\/2019\/05\/tool-2222458_640.jpg\" \/>\n\t\t<meta property=\"og:image:width\" content=\"640\" \/>\n\t\t<meta property=\"og:image:height\" content=\"426\" \/>\n\t\t<meta property=\"article:published_time\" content=\"2019-06-12T10:42:35+00:00\" \/>\n\t\t<meta property=\"article:modified_time\" content=\"2019-06-12T10:42:35+00:00\" \/>\n\t\t<meta property=\"article:publisher\" content=\"https:\/\/www.facebook.com\/allasorias\" \/>\n\t\t<meta name=\"twitter:card\" content=\"summary_large_image\" \/>\n\t\t<meta name=\"twitter:title\" content=\"Magas fizet\u00e9s itthon is? | AllasOrias.hu | H\u00edrek-lapszemle\" \/>\n\t\t<meta name=\"twitter:description\" content=\"\u00dagy t\u0171nik, Magyarorsz\u00e1gon is lehet j\u00f3l fizet\u0151 \u00e1ll\u00e1sokhoz jutni. Aki j\u00f3 szakm\u00e1val \u00e9s tapasztalattal rendelkez\u0151 munkav\u00e1llal\u00f3k\u00e9nt igaz\u00e1n j\u00f3l szeretne keresni, annak m\u00e1r nem kell felt\u00e9tlen\u00fcl k\u00fclf\u00f6ldre mennie dolgozni, hogy megfizess\u00e9k a szak\u00e9rtelm\u00e9t, itthon is egyre jobb lehet\u0151s\u00e9geket tal\u00e1lni - \u00edrja a penzcentrum.hu. A P\u00e9nzcentrum kor\u00e1bban t\u00f6bbsz\u00f6r is meg\u00edrta, \u00f3ri\u00e1si sz\u00fcks\u00e9g van k\u00e9tkezi, fizikai munk\u00e1t v\u00e9gz\u0151\" \/>\n\t\t<meta name=\"twitter:image\" content=\"https:\/\/allasorias.hu\/hirek\/wp-content\/uploads\/2019\/05\/tool-2222458_640.jpg\" \/>\n\t\t<meta name=\"twitter:label1\" content=\"Written by\" \/>\n\t\t<meta name=\"twitter:data1\" content=\"Juh\u00e1sz P\u00e9ter\" \/>\n\t\t<meta name=\"twitter:label2\" content=\"Est. reading time\" \/>\n\t\t<meta name=\"twitter:data2\" content=\"1 minute\" \/>\n\t\t<script type=\"application\/ld+json\" class=\"aioseo-schema\">\n\t\t\t{\"@context\":\"https:\\\/\\\/schema.org\",\"@graph\":[{\"@type\":\"Article\",\"@id\":\"https:\\\/\\\/allasorias.hu\\\/hirek\\\/magas-fizetes-itthon-is\\\/#article\",\"name\":\"Magas fizet\\u00e9s itthon is? | AllasOrias.hu | H\\u00edrek-lapszemle\",\"headline\":\"Magas fizet\\u00e9s itthon is?\",\"author\":{\"@id\":\"https:\\\/\\\/allasorias.hu\\\/hirek\\\/author\\\/admin-allasorias\\\/#author\"},\"publisher\":{\"@id\":\"https:\\\/\\\/allasorias.hu\\\/hirek\\\/#organization\"},\"image\":{\"@type\":\"ImageObject\",\"url\":\"https:\\\/\\\/allasorias.hu\\\/hirek\\\/wp-content\\\/uploads\\\/2019\\\/05\\\/tool-2222458_640.jpg\",\"width\":640,\"height\":426},\"datePublished\":\"2019-06-12T10:42:35+02:00\",\"dateModified\":\"2019-06-12T10:42:35+02:00\",\"inLanguage\":\"hu-HU\",\"mainEntityOfPage\":{\"@id\":\"https:\\\/\\\/allasorias.hu\\\/hirek\\\/magas-fizetes-itthon-is\\\/#webpage\"},\"isPartOf\":{\"@id\":\"https:\\\/\\\/allasorias.hu\\\/hirek\\\/magas-fizetes-itthon-is\\\/#webpage\"},\"articleSection\":\"\\u00c1ll\\u00e1skeres\\u00e9s, Hi\\u00e1nyszakm\\u00e1k, Munkaer\\u0151piac\"},{\"@type\":\"BreadcrumbList\",\"@id\":\"https:\\\/\\\/allasorias.hu\\\/hirek\\\/magas-fizetes-itthon-is\\\/#breadcrumblist\",\"itemListElement\":[{\"@type\":\"ListItem\",\"@id\":\"https:\\\/\\\/allasorias.hu\\\/hirek#listItem\",\"position\":1,\"name\":\"Home\",\"item\":\"https:\\\/\\\/allasorias.hu\\\/hirek\",\"nextItem\":{\"@type\":\"ListItem\",\"@id\":\"https:\\\/\\\/allasorias.hu\\\/hirek\\\/temak\\\/allaskereses\\\/#listItem\",\"name\":\"\\u00c1ll\\u00e1skeres\\u00e9s\"}},{\"@type\":\"ListItem\",\"@id\":\"https:\\\/\\\/allasorias.hu\\\/hirek\\\/temak\\\/allaskereses\\\/#listItem\",\"position\":2,\"name\":\"\\u00c1ll\\u00e1skeres\\u00e9s\",\"item\":\"https:\\\/\\\/allasorias.hu\\\/hirek\\\/temak\\\/allaskereses\\\/\",\"nextItem\":{\"@type\":\"ListItem\",\"@id\":\"https:\\\/\\\/allasorias.hu\\\/hirek\\\/magas-fizetes-itthon-is\\\/#listItem\",\"name\":\"Magas fizet\\u00e9s itthon is?\"},\"previousItem\":{\"@type\":\"ListItem\",\"@id\":\"https:\\\/\\\/allasorias.hu\\\/hirek#listItem\",\"name\":\"Home\"}},{\"@type\":\"ListItem\",\"@id\":\"https:\\\/\\\/allasorias.hu\\\/hirek\\\/magas-fizetes-itthon-is\\\/#listItem\",\"position\":3,\"name\":\"Magas fizet\\u00e9s itthon is?\",\"previousItem\":{\"@type\":\"ListItem\",\"@id\":\"https:\\\/\\\/allasorias.hu\\\/hirek\\\/temak\\\/allaskereses\\\/#listItem\",\"name\":\"\\u00c1ll\\u00e1skeres\\u00e9s\"}}]},{\"@type\":\"Organization\",\"@id\":\"https:\\\/\\\/allasorias.hu\\\/hirek\\\/#organization\",\"name\":\"AllasOrias.hu | H\\u00edrek-lapszemle\",\"description\":\"\\u00dczleti h\\u00edrek az \\u00e1ll\\u00e1s \\u00e9s a munka vil\\u00e1g\\u00e1b\\u00f3l\",\"url\":\"https:\\\/\\\/allasorias.hu\\\/hirek\\\/\",\"logo\":{\"@type\":\"ImageObject\",\"url\":\"https:\\\/\\\/allasorias.hu\\\/hirek\\\/wp-content\\\/uploads\\\/2022\\\/10\\\/allasorias_site_facebok_logo.png\",\"@id\":\"https:\\\/\\\/allasorias.hu\\\/hirek\\\/magas-fizetes-itthon-is\\\/#organizationLogo\"},\"image\":{\"@id\":\"https:\\\/\\\/allasorias.hu\\\/hirek\\\/magas-fizetes-itthon-is\\\/#organizationLogo\"},\"sameAs\":[\"https:\\\/\\\/www.facebook.com\\\/allasorias\",\"https:\\\/\\\/www.linkedin.com\\\/company\\\/allasorias\"]},{\"@type\":\"Person\",\"@id\":\"https:\\\/\\\/allasorias.hu\\\/hirek\\\/author\\\/admin-allasorias\\\/#author\",\"url\":\"https:\\\/\\\/allasorias.hu\\\/hirek\\\/author\\\/admin-allasorias\\\/\",\"name\":\"Juh\\u00e1sz P\\u00e9ter\",\"image\":{\"@type\":\"ImageObject\",\"@id\":\"https:\\\/\\\/allasorias.hu\\\/hirek\\\/magas-fizetes-itthon-is\\\/#authorImage\",\"url\":\"https:\\\/\\\/secure.gravatar.com\\\/avatar\\\/36e6bcb83148978b992977cb0f54d22feb0cce8a0a849a9410532bb2623ba4c6?s=96&d=mm&r=g\",\"width\":96,\"height\":96,\"caption\":\"Juh\\u00e1sz P\\u00e9ter\"}},{\"@type\":\"WebPage\",\"@id\":\"https:\\\/\\\/allasorias.hu\\\/hirek\\\/magas-fizetes-itthon-is\\\/#webpage\",\"url\":\"https:\\\/\\\/allasorias.hu\\\/hirek\\\/magas-fizetes-itthon-is\\\/\",\"name\":\"Magas fizet\\u00e9s itthon is? | AllasOrias.hu | H\\u00edrek-lapszemle\",\"description\":\"\\u00dagy t\\u0171nik, Magyarorsz\\u00e1gon is lehet j\\u00f3l fizet\\u0151 \\u00e1ll\\u00e1sokhoz jutni. Aki j\\u00f3 szakm\\u00e1val \\u00e9s tapasztalattal rendelkez\\u0151 munkav\\u00e1llal\\u00f3k\\u00e9nt igaz\\u00e1n j\\u00f3l szeretne keresni, annak m\\u00e1r nem kell felt\\u00e9tlen\\u00fcl k\\u00fclf\\u00f6ldre mennie dolgozni, hogy megfizess\\u00e9k a szak\\u00e9rtelm\\u00e9t, itthon is egyre jobb lehet\\u0151s\\u00e9geket tal\\u00e1lni - \\u00edrja a penzcentrum.hu. A P\\u00e9nzcentrum kor\\u00e1bban t\\u00f6bbsz\\u00f6r is meg\\u00edrta, \\u00f3ri\\u00e1si sz\\u00fcks\\u00e9g van k\\u00e9tkezi, fizikai munk\\u00e1t v\\u00e9gz\\u0151\",\"inLanguage\":\"hu-HU\",\"isPartOf\":{\"@id\":\"https:\\\/\\\/allasorias.hu\\\/hirek\\\/#website\"},\"breadcrumb\":{\"@id\":\"https:\\\/\\\/allasorias.hu\\\/hirek\\\/magas-fizetes-itthon-is\\\/#breadcrumblist\"},\"author\":{\"@id\":\"https:\\\/\\\/allasorias.hu\\\/hirek\\\/author\\\/admin-allasorias\\\/#author\"},\"creator\":{\"@id\":\"https:\\\/\\\/allasorias.hu\\\/hirek\\\/author\\\/admin-allasorias\\\/#author\"},\"image\":{\"@type\":\"ImageObject\",\"url\":\"https:\\\/\\\/allasorias.hu\\\/hirek\\\/wp-content\\\/uploads\\\/2019\\\/05\\\/tool-2222458_640.jpg\",\"@id\":\"https:\\\/\\\/allasorias.hu\\\/hirek\\\/magas-fizetes-itthon-is\\\/#mainImage\",\"width\":640,\"height\":426},\"primaryImageOfPage\":{\"@id\":\"https:\\\/\\\/allasorias.hu\\\/hirek\\\/magas-fizetes-itthon-is\\\/#mainImage\"},\"datePublished\":\"2019-06-12T10:42:35+02:00\",\"dateModified\":\"2019-06-12T10:42:35+02:00\"},{\"@type\":\"WebSite\",\"@id\":\"https:\\\/\\\/allasorias.hu\\\/hirek\\\/#website\",\"url\":\"https:\\\/\\\/allasorias.hu\\\/hirek\\\/\",\"name\":\"AllasOrias.hu | H\\u00edrek-lapszemle\",\"description\":\"\\u00dczleti h\\u00edrek az \\u00e1ll\\u00e1s \\u00e9s a munka vil\\u00e1g\\u00e1b\\u00f3l\",\"inLanguage\":\"hu-HU\",\"publisher\":{\"@id\":\"https:\\\/\\\/allasorias.hu\\\/hirek\\\/#organization\"}}]}\n\t\t<\/script>\n\t\t<!-- All in One SEO -->\n\n","aioseo_head_json":{"title":"Magas fizet\u00e9s itthon is? | AllasOrias.hu | H\u00edrek-lapszemle","description":"\u00dagy t\u0171nik, Magyarorsz\u00e1gon is lehet j\u00f3l fizet\u0151 \u00e1ll\u00e1sokhoz jutni. Aki j\u00f3 szakm\u00e1val \u00e9s tapasztalattal rendelkez\u0151 munkav\u00e1llal\u00f3k\u00e9nt igaz\u00e1n j\u00f3l szeretne keresni, annak m\u00e1r nem kell felt\u00e9tlen\u00fcl k\u00fclf\u00f6ldre mennie dolgozni, hogy megfizess\u00e9k a szak\u00e9rtelm\u00e9t, itthon is egyre jobb lehet\u0151s\u00e9geket tal\u00e1lni - \u00edrja a penzcentrum.hu. A P\u00e9nzcentrum kor\u00e1bban t\u00f6bbsz\u00f6r is meg\u00edrta, \u00f3ri\u00e1si sz\u00fcks\u00e9g van k\u00e9tkezi, fizikai munk\u00e1t v\u00e9gz\u0151","canonical_url":"https:\/\/allasorias.hu\/hirek\/magas-fizetes-itthon-is\/","robots":"max-image-preview:large","keywords":"","webmasterTools":{"miscellaneous":""},"schema":{"@context":"https:\/\/schema.org","@graph":[{"@type":"Article","@id":"https:\/\/allasorias.hu\/hirek\/magas-fizetes-itthon-is\/#article","name":"Magas fizet\u00e9s itthon is? | AllasOrias.hu | H\u00edrek-lapszemle","headline":"Magas fizet\u00e9s itthon is?","author":{"@id":"https:\/\/allasorias.hu\/hirek\/author\/admin-allasorias\/#author"},"publisher":{"@id":"https:\/\/allasorias.hu\/hirek\/#organization"},"image":{"@type":"ImageObject","url":"https:\/\/allasorias.hu\/hirek\/wp-content\/uploads\/2019\/05\/tool-2222458_640.jpg","width":640,"height":426},"datePublished":"2019-06-12T10:42:35+02:00","dateModified":"2019-06-12T10:42:35+02:00","inLanguage":"hu-HU","mainEntityOfPage":{"@id":"https:\/\/allasorias.hu\/hirek\/magas-fizetes-itthon-is\/#webpage"},"isPartOf":{"@id":"https:\/\/allasorias.hu\/hirek\/magas-fizetes-itthon-is\/#webpage"},"articleSection":"\u00c1ll\u00e1skeres\u00e9s, Hi\u00e1nyszakm\u00e1k, Munkaer\u0151piac"},{"@type":"BreadcrumbList","@id":"https:\/\/allasorias.hu\/hirek\/magas-fizetes-itthon-is\/#breadcrumblist","itemListElement":[{"@type":"ListItem","@id":"https:\/\/allasorias.hu\/hirek#listItem","position":1,"name":"Home","item":"https:\/\/allasorias.hu\/hirek","nextItem":{"@type":"ListItem","@id":"https:\/\/allasorias.hu\/hirek\/temak\/allaskereses\/#listItem","name":"\u00c1ll\u00e1skeres\u00e9s"}},{"@type":"ListItem","@id":"https:\/\/allasorias.hu\/hirek\/temak\/allaskereses\/#listItem","position":2,"name":"\u00c1ll\u00e1skeres\u00e9s","item":"https:\/\/allasorias.hu\/hirek\/temak\/allaskereses\/","nextItem":{"@type":"ListItem","@id":"https:\/\/allasorias.hu\/hirek\/magas-fizetes-itthon-is\/#listItem","name":"Magas fizet\u00e9s itthon is?"},"previousItem":{"@type":"ListItem","@id":"https:\/\/allasorias.hu\/hirek#listItem","name":"Home"}},{"@type":"ListItem","@id":"https:\/\/allasorias.hu\/hirek\/magas-fizetes-itthon-is\/#listItem","position":3,"name":"Magas fizet\u00e9s itthon is?","previousItem":{"@type":"ListItem","@id":"https:\/\/allasorias.hu\/hirek\/temak\/allaskereses\/#listItem","name":"\u00c1ll\u00e1skeres\u00e9s"}}]},{"@type":"Organization","@id":"https:\/\/allasorias.hu\/hirek\/#organization","name":"AllasOrias.hu | H\u00edrek-lapszemle","description":"\u00dczleti h\u00edrek az \u00e1ll\u00e1s \u00e9s a munka vil\u00e1g\u00e1b\u00f3l","url":"https:\/\/allasorias.hu\/hirek\/","logo":{"@type":"ImageObject","url":"https:\/\/allasorias.hu\/hirek\/wp-content\/uploads\/2022\/10\/allasorias_site_facebok_logo.png","@id":"https:\/\/allasorias.hu\/hirek\/magas-fizetes-itthon-is\/#organizationLogo"},"image":{"@id":"https:\/\/allasorias.hu\/hirek\/magas-fizetes-itthon-is\/#organizationLogo"},"sameAs":["https:\/\/www.facebook.com\/allasorias","https:\/\/www.linkedin.com\/company\/allasorias"]},{"@type":"Person","@id":"https:\/\/allasorias.hu\/hirek\/author\/admin-allasorias\/#author","url":"https:\/\/allasorias.hu\/hirek\/author\/admin-allasorias\/","name":"Juh\u00e1sz P\u00e9ter","image":{"@type":"ImageObject","@id":"https:\/\/allasorias.hu\/hirek\/magas-fizetes-itthon-is\/#authorImage","url":"https:\/\/secure.gravatar.com\/avatar\/36e6bcb83148978b992977cb0f54d22feb0cce8a0a849a9410532bb2623ba4c6?s=96&d=mm&r=g","width":96,"height":96,"caption":"Juh\u00e1sz P\u00e9ter"}},{"@type":"WebPage","@id":"https:\/\/allasorias.hu\/hirek\/magas-fizetes-itthon-is\/#webpage","url":"https:\/\/allasorias.hu\/hirek\/magas-fizetes-itthon-is\/","name":"Magas fizet\u00e9s itthon is? | AllasOrias.hu | H\u00edrek-lapszemle","description":"\u00dagy t\u0171nik, Magyarorsz\u00e1gon is lehet j\u00f3l fizet\u0151 \u00e1ll\u00e1sokhoz jutni. Aki j\u00f3 szakm\u00e1val \u00e9s tapasztalattal rendelkez\u0151 munkav\u00e1llal\u00f3k\u00e9nt igaz\u00e1n j\u00f3l szeretne keresni, annak m\u00e1r nem kell felt\u00e9tlen\u00fcl k\u00fclf\u00f6ldre mennie dolgozni, hogy megfizess\u00e9k a szak\u00e9rtelm\u00e9t, itthon is egyre jobb lehet\u0151s\u00e9geket tal\u00e1lni - \u00edrja a penzcentrum.hu. A P\u00e9nzcentrum kor\u00e1bban t\u00f6bbsz\u00f6r is meg\u00edrta, \u00f3ri\u00e1si sz\u00fcks\u00e9g van k\u00e9tkezi, fizikai munk\u00e1t v\u00e9gz\u0151","inLanguage":"hu-HU","isPartOf":{"@id":"https:\/\/allasorias.hu\/hirek\/#website"},"breadcrumb":{"@id":"https:\/\/allasorias.hu\/hirek\/magas-fizetes-itthon-is\/#breadcrumblist"},"author":{"@id":"https:\/\/allasorias.hu\/hirek\/author\/admin-allasorias\/#author"},"creator":{"@id":"https:\/\/allasorias.hu\/hirek\/author\/admin-allasorias\/#author"},"image":{"@type":"ImageObject","url":"https:\/\/allasorias.hu\/hirek\/wp-content\/uploads\/2019\/05\/tool-2222458_640.jpg","@id":"https:\/\/allasorias.hu\/hirek\/magas-fizetes-itthon-is\/#mainImage","width":640,"height":426},"primaryImageOfPage":{"@id":"https:\/\/allasorias.hu\/hirek\/magas-fizetes-itthon-is\/#mainImage"},"datePublished":"2019-06-12T10:42:35+02:00","dateModified":"2019-06-12T10:42:35+02:00"},{"@type":"WebSite","@id":"https:\/\/allasorias.hu\/hirek\/#website","url":"https:\/\/allasorias.hu\/hirek\/","name":"AllasOrias.hu | H\u00edrek-lapszemle","description":"\u00dczleti h\u00edrek az \u00e1ll\u00e1s \u00e9s a munka vil\u00e1g\u00e1b\u00f3l","inLanguage":"hu-HU","publisher":{"@id":"https:\/\/allasorias.hu\/hirek\/#organization"}}]},"og:locale":"hu_HU","og:site_name":"AllasOrias.hu | H\u00edrek-lapszemle | \u00dczleti h\u00edrek az \u00e1ll\u00e1s \u00e9s a munka vil\u00e1g\u00e1b\u00f3l","og:type":"article","og:title":"Magas fizet\u00e9s itthon is? | AllasOrias.hu | H\u00edrek-lapszemle","og:description":"\u00dagy t\u0171nik, Magyarorsz\u00e1gon is lehet j\u00f3l fizet\u0151 \u00e1ll\u00e1sokhoz jutni. Aki j\u00f3 szakm\u00e1val \u00e9s tapasztalattal rendelkez\u0151 munkav\u00e1llal\u00f3k\u00e9nt igaz\u00e1n j\u00f3l szeretne keresni, annak m\u00e1r nem kell felt\u00e9tlen\u00fcl k\u00fclf\u00f6ldre mennie dolgozni, hogy megfizess\u00e9k a szak\u00e9rtelm\u00e9t, itthon is egyre jobb lehet\u0151s\u00e9geket tal\u00e1lni - \u00edrja a penzcentrum.hu. A P\u00e9nzcentrum kor\u00e1bban t\u00f6bbsz\u00f6r is meg\u00edrta, \u00f3ri\u00e1si sz\u00fcks\u00e9g van k\u00e9tkezi, fizikai munk\u00e1t v\u00e9gz\u0151","og:url":"https:\/\/allasorias.hu\/hirek\/magas-fizetes-itthon-is\/","og:image":"https:\/\/allasorias.hu\/hirek\/wp-content\/uploads\/2019\/05\/tool-2222458_640.jpg","og:image:secure_url":"https:\/\/allasorias.hu\/hirek\/wp-content\/uploads\/2019\/05\/tool-2222458_640.jpg","og:image:width":640,"og:image:height":426,"article:published_time":"2019-06-12T10:42:35+00:00","article:modified_time":"2019-06-12T10:42:35+00:00","article:publisher":"https:\/\/www.facebook.com\/allasorias","twitter:card":"summary_large_image","twitter:title":"Magas fizet\u00e9s itthon is? | AllasOrias.hu | H\u00edrek-lapszemle","twitter:description":"\u00dagy t\u0171nik, Magyarorsz\u00e1gon is lehet j\u00f3l fizet\u0151 \u00e1ll\u00e1sokhoz jutni. Aki j\u00f3 szakm\u00e1val \u00e9s tapasztalattal rendelkez\u0151 munkav\u00e1llal\u00f3k\u00e9nt igaz\u00e1n j\u00f3l szeretne keresni, annak m\u00e1r nem kell felt\u00e9tlen\u00fcl k\u00fclf\u00f6ldre mennie dolgozni, hogy megfizess\u00e9k a szak\u00e9rtelm\u00e9t, itthon is egyre jobb lehet\u0151s\u00e9geket tal\u00e1lni - \u00edrja a penzcentrum.hu. A P\u00e9nzcentrum kor\u00e1bban t\u00f6bbsz\u00f6r is meg\u00edrta, \u00f3ri\u00e1si sz\u00fcks\u00e9g van k\u00e9tkezi, fizikai munk\u00e1t v\u00e9gz\u0151","twitter:image":"https:\/\/allasorias.hu\/hirek\/wp-content\/uploads\/2019\/05\/tool-2222458_640.jpg","twitter:label1":"Written by","twitter:data1":"Juh\u00e1sz P\u00e9ter","twitter:label2":"Est. reading time","twitter:data2":"1 minute"},"aioseo_meta_data":{"post_id":"2986","title":null,"description":null,"keywords":null,"keyphrases":null,"primary_term":null,"canonical_url":null,"og_title":null,"og_description":null,"og_object_type":"default","og_image_type":"default","og_image_url":null,"og_image_width":null,"og_image_height":null,"og_image_custom_url":null,"og_image_custom_fields":null,"og_video":null,"og_custom_url":null,"og_article_section":null,"og_article_tags":null,"twitter_use_og":false,"twitter_card":"default","twitter_image_type":"default","twitter_image_url":null,"twitter_image_custom_url":null,"twitter_image_custom_fields":null,"twitter_title":null,"twitter_description":null,"schema":{"blockGraphs":[],"customGraphs":[],"default":{"data":{"Article":[],"Course":[],"Dataset":[],"FAQPage":[],"Movie":[],"Person":[],"Product":[],"ProductReview":[],"Car":[],"Recipe":[],"Service":[],"SoftwareApplication":[],"WebPage":[]},"graphName":"","isEnabled":true},"graphs":[],"defaultGraph":"","defaultPostTypeGraph":""},"schema_type":null,"schema_type_options":null,"pillar_content":false,"robots_default":true,"robots_noindex":false,"robots_noarchive":false,"robots_nosnippet":false,"robots_nofollow":false,"robots_noimageindex":false,"robots_noodp":false,"robots_notranslate":false,"robots_max_snippet":null,"robots_max_videopreview":null,"robots_max_imagepreview":"large","priority":null,"frequency":null,"location":null,"local_seo":null,"breadcrumb_settings":null,"limit_modified_date":false,"ai":null,"created":"2021-02-01 21:28:17","updated":"2025-10-02 11:27:39","seo_analyzer_scan_date":null,"focus_keyword":null,"additional_keywords":null,"truseo_locale":null},"aioseo_breadcrumb":"<div class=\"aioseo-breadcrumbs\"><span class=\"aioseo-breadcrumb\">\n\t\t\t<a href=\"https:\/\/allasorias.hu\/hirek\" title=\"Home\">Home<\/a>\n\t\t<\/span><span class=\"aioseo-breadcrumb-separator\">&raquo;<\/span><span class=\"aioseo-breadcrumb\">\n\t\t\t<a href=\"https:\/\/allasorias.hu\/hirek\/temak\/allaskereses\/\" title=\"\u00c1ll\u00e1skeres\u00e9s\">\u00c1ll\u00e1skeres\u00e9s<\/a>\n\t\t<\/span><span class=\"aioseo-breadcrumb-separator\">&raquo;<\/span><span class=\"aioseo-breadcrumb\">\n\t\t\tMagas fizet\u00e9s itthon is?\n\t\t<\/span><\/div>","aioseo_breadcrumb_json":[{"label":"Home","link":"https:\/\/allasorias.hu\/hirek"},{"label":"\u00c1ll\u00e1skeres\u00e9s","link":"https:\/\/allasorias.hu\/hirek\/temak\/allaskereses\/"},{"label":"Magas fizet\u00e9s itthon is?","link":"https:\/\/allasorias.hu\/hirek\/magas-fizetes-itthon-is\/"}],"_links":{"self":[{"href":"https:\/\/allasorias.hu\/hirek\/wp-json\/wp\/v2\/posts\/2986","targetHints":{"allow":["GET"]}}],"collection":[{"href":"https:\/\/allasorias.hu\/hirek\/wp-json\/wp\/v2\/posts"}],"about":[{"href":"https:\/\/allasorias.hu\/hirek\/wp-json\/wp\/v2\/types\/post"}],"author":[{"embeddable":true,"href":"https:\/\/allasorias.hu\/hirek\/wp-json\/wp\/v2\/users\/1"}],"replies":[{"embeddable":true,"href":"https:\/\/allasorias.hu\/hirek\/wp-json\/wp\/v2\/comments?post=2986"}],"version-history":[{"count":1,"href":"https:\/\/allasorias.hu\/hirek\/wp-json\/wp\/v2\/posts\/2986\/revisions"}],"predecessor-version":[{"id":2987,"href":"https:\/\/allasorias.hu\/hirek\/wp-json\/wp\/v2\/posts\/2986\/revisions\/2987"}],"wp:featuredmedia":[{"embeddable":true,"href":"https:\/\/allasorias.hu\/hirek\/wp-json\/wp\/v2\/media\/2859"}],"wp:attachment":[{"href":"https:\/\/allasorias.hu\/hirek\/wp-json\/wp\/v2\/media?parent=2986"}],"wp:term":[{"taxonomy":"category","embeddable":true,"href":"https:\/\/allasorias.hu\/hirek\/wp-json\/wp\/v2\/categories?post=2986"},{"taxonomy":"post_tag","embeddable":true,"href":"https:\/\/allasorias.hu\/hirek\/wp-json\/wp\/v2\/tags?post=2986"}],"curies":[{"name":"wp","href":"https:\/\/api.w.org\/{rel}","templated":true}]}}