{"id":2983,"date":"2019-06-12T10:40:23","date_gmt":"2019-06-12T10:40:23","guid":{"rendered":"https:\/\/allasorias.hu\/hirek\/?p=2983"},"modified":"2019-06-12T10:40:23","modified_gmt":"2019-06-12T10:40:23","slug":"becsukja-kapuit-a-bige-szolnokon","status":"publish","type":"post","link":"https:\/\/allasorias.hu\/hirek\/becsukja-kapuit-a-bige-szolnokon\/","title":{"rendered":"Becsukja kapuit a Bige Szolnokon"},"content":{"rendered":"<p><strong>K\u00e9tsz\u00e1z\u00f6tven csal\u00e1dnak ny\u00fajt meg\u00e9lhet\u00e9st a Bige szolnoki gy\u00e1ra, azonban szab\u00e1lytalans\u00e1g miatt \u00fagy t\u0171nik be kell z\u00e1rnia. A J\u00e1sz-Nagykun-Szolnok Megyei Katasztr\u00f3fav\u00e9delmi Igazgat\u00f3s\u00e1g m\u00e1jus 31-\u00e9n hozott hat\u00e1rozatot arr\u00f3l, hogy a magyar milli\u00e1rdos k\u00e9nsavgy\u00e1r\u00e1ban tapasztalt rendelleness\u00e9gek miatt megtiltj\u00e1k az \u00fczem m\u0171k\u00f6d\u00e9s\u00e9t. <\/strong><\/p>\n<p>Bige L\u00e1szl\u00f3 a hat\u00e1rozat meg\u00e1llap\u00edt\u00e1sait szab\u00e1lytalannak \u00e9s v\u00e9grehajthatatlannak tartotta. Szerd\u00e1ra azt\u00e1n kider\u00fclt, hogy ink\u00e1bb bez\u00e1rja a 250 csal\u00e1dnak meg\u00e9lhet\u00e9st biztos\u00edt\u00f3 \u00fczemet. A N\u00e9pszava inform\u00e1ci\u00f3i szerint a v\u00e9gkiel\u00e9g\u00edt\u00e9sek kifizet\u00e9s\u00e9vel napokon bel\u00fcl megkezdik a szolnoki Bige Holding dolgoz\u00f3i elbocs\u00e1t\u00e1s\u00e1t. Bige L\u00e1szl\u00f3nak k\u00e9t nagy gy\u00e1ra van, a Nitrog\u00e9nm\u0171vek P\u00e9tf\u00fcrd\u0151n, a Bige Holding Szolnokon.\u00a0 A szolnoki \u00fczem p\u00e9nz\u00fcgyileg er\u0151sebb volt eddig, mint a p\u00e9tf\u00fcrd\u0151i, \u00e1m\u00a0 ez ut\u00f3bbi j\u00f3val modernebb. A N\u00e9pszava inform\u00e1ci\u00f3 szerint Bige \u00fagy sejti, hogy meg akarj\u00e1k szerezni a vagyon\u00e1t, azt ugyan nem mondta meg, hogy ki, de szerinte hamarosan a Nitrog\u00e9nm\u0171veket is megpr\u00f3b\u00e1lj\u00e1k ellehetetlen\u00edteni. A piacon h\u00e1rom nagy j\u00e1t\u00e9kos portf\u00f3li\u00f3j\u00e1ba illene a m\u0171tr\u00e1gya-birodalom \u2013 Cs\u00e1nyi S\u00e1ndor, M\u00e9sz\u00e1ros L\u0151rinc \u00e9s az egykori cseh minisztereln\u00f6k, Andrej Babis neve mer\u00fclt fel. A Forbes mindh\u00e1rmukat megkereste, de mindenhonnan az a v\u00e1lasz \u00e9rkezett, hogy nem terveznek akviz\u00edci\u00f3t.<\/p>\n<p>Forr\u00e1s: forbes.hu<\/p>\n","protected":false},"excerpt":{"rendered":"<p>K\u00e9tsz\u00e1z\u00f6tven csal\u00e1dnak ny\u00fajt meg\u00e9lhet\u00e9st a Bige szolnoki gy\u00e1ra, azonban szab\u00e1lytalans\u00e1g miatt \u00fagy t\u0171nik be kell z\u00e1rnia. A J\u00e1sz-Nagykun-Szolnok Megyei Katasztr\u00f3fav\u00e9delmi Igazgat\u00f3s\u00e1g m\u00e1jus 31-\u00e9n hozott hat\u00e1rozatot arr\u00f3l, hogy a magyar milli\u00e1rdos k\u00e9nsavgy\u00e1r\u00e1ban tapasztalt rendelleness\u00e9gek miatt megtiltj\u00e1k az \u00fczem m\u0171k\u00f6d\u00e9s\u00e9t. Bige L\u00e1szl\u00f3 a hat\u00e1rozat meg\u00e1llap\u00edt\u00e1sait szab\u00e1lytalannak \u00e9s v\u00e9grehajthatatlannak tartotta. Szerd\u00e1ra azt\u00e1n kider\u00fclt, hogy ink\u00e1bb bez\u00e1rja a 250 [&hellip;]<\/p>\n","protected":false},"author":1,"featured_media":2984,"comment_status":"open","ping_status":"open","sticky":false,"template":"","format":"standard","meta":{"_monsterinsights_skip_tracking":false,"footnotes":""},"categories":[198],"tags":[],"class_list":["post-2983","post","type-post","status-publish","format-standard","has-post-thumbnail","hentry","category-gazdasag"],"aioseo_notices":[],"aioseo_head":"\n\t\t<!-- All in One SEO 5.0.0.1 - aioseo.com -->\n\t<meta name=\"description\" content=\"K\u00e9tsz\u00e1z\u00f6tven csal\u00e1dnak ny\u00fajt meg\u00e9lhet\u00e9st a Bige szolnoki gy\u00e1ra, azonban szab\u00e1lytalans\u00e1g miatt \u00fagy t\u0171nik be kell z\u00e1rnia. A J\u00e1sz-Nagykun-Szolnok Megyei Katasztr\u00f3fav\u00e9delmi Igazgat\u00f3s\u00e1g m\u00e1jus 31-\u00e9n hozott hat\u00e1rozatot arr\u00f3l, hogy a magyar milli\u00e1rdos k\u00e9nsavgy\u00e1r\u00e1ban tapasztalt rendelleness\u00e9gek miatt megtiltj\u00e1k az \u00fczem m\u0171k\u00f6d\u00e9s\u00e9t. Bige L\u00e1szl\u00f3 a hat\u00e1rozat meg\u00e1llap\u00edt\u00e1sait szab\u00e1lytalannak \u00e9s v\u00e9grehajthatatlannak tartotta. Szerd\u00e1ra azt\u00e1n kider\u00fclt, hogy ink\u00e1bb bez\u00e1rja a 250\" \/>\n\t<meta name=\"robots\" content=\"max-image-preview:large\" \/>\n\t<meta name=\"author\" content=\"Juh\u00e1sz P\u00e9ter\"\/>\n\t<link rel=\"canonical\" href=\"https:\/\/allasorias.hu\/hirek\/becsukja-kapuit-a-bige-szolnokon\/\" \/>\n\t<meta name=\"generator\" content=\"All in One SEO (AIOSEO) 5.0.0.1\" \/>\n\t\t<meta property=\"og:locale\" content=\"hu_HU\" \/>\n\t\t<meta property=\"og:site_name\" content=\"AllasOrias.hu | H\u00edrek-lapszemle | \u00dczleti h\u00edrek az \u00e1ll\u00e1s \u00e9s a munka vil\u00e1g\u00e1b\u00f3l\" \/>\n\t\t<meta property=\"og:type\" content=\"article\" \/>\n\t\t<meta property=\"og:title\" content=\"Becsukja kapuit a Bige Szolnokon | AllasOrias.hu | H\u00edrek-lapszemle\" \/>\n\t\t<meta property=\"og:description\" content=\"K\u00e9tsz\u00e1z\u00f6tven csal\u00e1dnak ny\u00fajt meg\u00e9lhet\u00e9st a Bige szolnoki gy\u00e1ra, azonban szab\u00e1lytalans\u00e1g miatt \u00fagy t\u0171nik be kell z\u00e1rnia. A J\u00e1sz-Nagykun-Szolnok Megyei Katasztr\u00f3fav\u00e9delmi Igazgat\u00f3s\u00e1g m\u00e1jus 31-\u00e9n hozott hat\u00e1rozatot arr\u00f3l, hogy a magyar milli\u00e1rdos k\u00e9nsavgy\u00e1r\u00e1ban tapasztalt rendelleness\u00e9gek miatt megtiltj\u00e1k az \u00fczem m\u0171k\u00f6d\u00e9s\u00e9t. Bige L\u00e1szl\u00f3 a hat\u00e1rozat meg\u00e1llap\u00edt\u00e1sait szab\u00e1lytalannak \u00e9s v\u00e9grehajthatatlannak tartotta. Szerd\u00e1ra azt\u00e1n kider\u00fclt, hogy ink\u00e1bb bez\u00e1rja a 250\" \/>\n\t\t<meta property=\"og:url\" content=\"https:\/\/allasorias.hu\/hirek\/becsukja-kapuit-a-bige-szolnokon\/\" \/>\n\t\t<meta property=\"og:image\" content=\"https:\/\/allasorias.hu\/hirek\/wp-content\/uploads\/2019\/06\/barrier-chain-chain-link-fence-951408.jpg\" \/>\n\t\t<meta property=\"og:image:secure_url\" content=\"https:\/\/allasorias.hu\/hirek\/wp-content\/uploads\/2019\/06\/barrier-chain-chain-link-fence-951408.jpg\" \/>\n\t\t<meta property=\"og:image:width\" content=\"640\" \/>\n\t\t<meta property=\"og:image:height\" content=\"426\" \/>\n\t\t<meta property=\"article:published_time\" content=\"2019-06-12T10:40:23+00:00\" \/>\n\t\t<meta property=\"article:modified_time\" content=\"2019-06-12T10:40:23+00:00\" \/>\n\t\t<meta property=\"article:publisher\" content=\"https:\/\/www.facebook.com\/allasorias\" \/>\n\t\t<meta name=\"twitter:card\" content=\"summary_large_image\" \/>\n\t\t<meta name=\"twitter:title\" content=\"Becsukja kapuit a Bige Szolnokon | AllasOrias.hu | H\u00edrek-lapszemle\" \/>\n\t\t<meta name=\"twitter:description\" content=\"K\u00e9tsz\u00e1z\u00f6tven csal\u00e1dnak ny\u00fajt meg\u00e9lhet\u00e9st a Bige szolnoki gy\u00e1ra, azonban szab\u00e1lytalans\u00e1g miatt \u00fagy t\u0171nik be kell z\u00e1rnia. A J\u00e1sz-Nagykun-Szolnok Megyei Katasztr\u00f3fav\u00e9delmi Igazgat\u00f3s\u00e1g m\u00e1jus 31-\u00e9n hozott hat\u00e1rozatot arr\u00f3l, hogy a magyar milli\u00e1rdos k\u00e9nsavgy\u00e1r\u00e1ban tapasztalt rendelleness\u00e9gek miatt megtiltj\u00e1k az \u00fczem m\u0171k\u00f6d\u00e9s\u00e9t. Bige L\u00e1szl\u00f3 a hat\u00e1rozat meg\u00e1llap\u00edt\u00e1sait szab\u00e1lytalannak \u00e9s v\u00e9grehajthatatlannak tartotta. Szerd\u00e1ra azt\u00e1n kider\u00fclt, hogy ink\u00e1bb bez\u00e1rja a 250\" \/>\n\t\t<meta name=\"twitter:image\" content=\"https:\/\/allasorias.hu\/hirek\/wp-content\/uploads\/2019\/06\/barrier-chain-chain-link-fence-951408.jpg\" \/>\n\t\t<meta name=\"twitter:label1\" content=\"Written by\" \/>\n\t\t<meta name=\"twitter:data1\" content=\"Juh\u00e1sz P\u00e9ter\" \/>\n\t\t<meta name=\"twitter:label2\" content=\"Est. reading time\" \/>\n\t\t<meta name=\"twitter:data2\" content=\"1 minute\" \/>\n\t\t<script type=\"application\/ld+json\" class=\"aioseo-schema\">\n\t\t\t{\"@context\":\"https:\\\/\\\/schema.org\",\"@graph\":[{\"@type\":\"Article\",\"@id\":\"https:\\\/\\\/allasorias.hu\\\/hirek\\\/becsukja-kapuit-a-bige-szolnokon\\\/#article\",\"name\":\"Becsukja kapuit a Bige Szolnokon | AllasOrias.hu | H\\u00edrek-lapszemle\",\"headline\":\"Becsukja kapuit a Bige Szolnokon\",\"author\":{\"@id\":\"https:\\\/\\\/allasorias.hu\\\/hirek\\\/author\\\/admin-allasorias\\\/#author\"},\"publisher\":{\"@id\":\"https:\\\/\\\/allasorias.hu\\\/hirek\\\/#organization\"},\"image\":{\"@type\":\"ImageObject\",\"url\":\"https:\\\/\\\/allasorias.hu\\\/hirek\\\/wp-content\\\/uploads\\\/2019\\\/06\\\/barrier-chain-chain-link-fence-951408.jpg\",\"width\":640,\"height\":426},\"datePublished\":\"2019-06-12T10:40:23+02:00\",\"dateModified\":\"2019-06-12T10:40:23+02:00\",\"inLanguage\":\"hu-HU\",\"mainEntityOfPage\":{\"@id\":\"https:\\\/\\\/allasorias.hu\\\/hirek\\\/becsukja-kapuit-a-bige-szolnokon\\\/#webpage\"},\"isPartOf\":{\"@id\":\"https:\\\/\\\/allasorias.hu\\\/hirek\\\/becsukja-kapuit-a-bige-szolnokon\\\/#webpage\"},\"articleSection\":\"Gazdas\\u00e1g\"},{\"@type\":\"BreadcrumbList\",\"@id\":\"https:\\\/\\\/allasorias.hu\\\/hirek\\\/becsukja-kapuit-a-bige-szolnokon\\\/#breadcrumblist\",\"itemListElement\":[{\"@type\":\"ListItem\",\"@id\":\"https:\\\/\\\/allasorias.hu\\\/hirek#listItem\",\"position\":1,\"name\":\"Home\",\"item\":\"https:\\\/\\\/allasorias.hu\\\/hirek\",\"nextItem\":{\"@type\":\"ListItem\",\"@id\":\"https:\\\/\\\/allasorias.hu\\\/hirek\\\/temak\\\/gazdasag\\\/#listItem\",\"name\":\"Gazdas\\u00e1g\"}},{\"@type\":\"ListItem\",\"@id\":\"https:\\\/\\\/allasorias.hu\\\/hirek\\\/temak\\\/gazdasag\\\/#listItem\",\"position\":2,\"name\":\"Gazdas\\u00e1g\",\"item\":\"https:\\\/\\\/allasorias.hu\\\/hirek\\\/temak\\\/gazdasag\\\/\",\"nextItem\":{\"@type\":\"ListItem\",\"@id\":\"https:\\\/\\\/allasorias.hu\\\/hirek\\\/becsukja-kapuit-a-bige-szolnokon\\\/#listItem\",\"name\":\"Becsukja kapuit a Bige Szolnokon\"},\"previousItem\":{\"@type\":\"ListItem\",\"@id\":\"https:\\\/\\\/allasorias.hu\\\/hirek#listItem\",\"name\":\"Home\"}},{\"@type\":\"ListItem\",\"@id\":\"https:\\\/\\\/allasorias.hu\\\/hirek\\\/becsukja-kapuit-a-bige-szolnokon\\\/#listItem\",\"position\":3,\"name\":\"Becsukja kapuit a Bige Szolnokon\",\"previousItem\":{\"@type\":\"ListItem\",\"@id\":\"https:\\\/\\\/allasorias.hu\\\/hirek\\\/temak\\\/gazdasag\\\/#listItem\",\"name\":\"Gazdas\\u00e1g\"}}]},{\"@type\":\"Organization\",\"@id\":\"https:\\\/\\\/allasorias.hu\\\/hirek\\\/#organization\",\"name\":\"AllasOrias.hu | H\\u00edrek-lapszemle\",\"description\":\"\\u00dczleti h\\u00edrek az \\u00e1ll\\u00e1s \\u00e9s a munka vil\\u00e1g\\u00e1b\\u00f3l\",\"url\":\"https:\\\/\\\/allasorias.hu\\\/hirek\\\/\",\"logo\":{\"@type\":\"ImageObject\",\"url\":\"https:\\\/\\\/allasorias.hu\\\/hirek\\\/wp-content\\\/uploads\\\/2022\\\/10\\\/allasorias_site_facebok_logo.png\",\"@id\":\"https:\\\/\\\/allasorias.hu\\\/hirek\\\/becsukja-kapuit-a-bige-szolnokon\\\/#organizationLogo\"},\"image\":{\"@id\":\"https:\\\/\\\/allasorias.hu\\\/hirek\\\/becsukja-kapuit-a-bige-szolnokon\\\/#organizationLogo\"},\"sameAs\":[\"https:\\\/\\\/www.facebook.com\\\/allasorias\",\"https:\\\/\\\/www.linkedin.com\\\/company\\\/allasorias\"]},{\"@type\":\"Person\",\"@id\":\"https:\\\/\\\/allasorias.hu\\\/hirek\\\/author\\\/admin-allasorias\\\/#author\",\"url\":\"https:\\\/\\\/allasorias.hu\\\/hirek\\\/author\\\/admin-allasorias\\\/\",\"name\":\"Juh\\u00e1sz P\\u00e9ter\",\"image\":{\"@type\":\"ImageObject\",\"@id\":\"https:\\\/\\\/allasorias.hu\\\/hirek\\\/becsukja-kapuit-a-bige-szolnokon\\\/#authorImage\",\"url\":\"https:\\\/\\\/secure.gravatar.com\\\/avatar\\\/36e6bcb83148978b992977cb0f54d22feb0cce8a0a849a9410532bb2623ba4c6?s=96&d=mm&r=g\",\"width\":96,\"height\":96,\"caption\":\"Juh\\u00e1sz P\\u00e9ter\"}},{\"@type\":\"WebPage\",\"@id\":\"https:\\\/\\\/allasorias.hu\\\/hirek\\\/becsukja-kapuit-a-bige-szolnokon\\\/#webpage\",\"url\":\"https:\\\/\\\/allasorias.hu\\\/hirek\\\/becsukja-kapuit-a-bige-szolnokon\\\/\",\"name\":\"Becsukja kapuit a Bige Szolnokon | AllasOrias.hu | H\\u00edrek-lapszemle\",\"description\":\"K\\u00e9tsz\\u00e1z\\u00f6tven csal\\u00e1dnak ny\\u00fajt meg\\u00e9lhet\\u00e9st a Bige szolnoki gy\\u00e1ra, azonban szab\\u00e1lytalans\\u00e1g miatt \\u00fagy t\\u0171nik be kell z\\u00e1rnia. A J\\u00e1sz-Nagykun-Szolnok Megyei Katasztr\\u00f3fav\\u00e9delmi Igazgat\\u00f3s\\u00e1g m\\u00e1jus 31-\\u00e9n hozott hat\\u00e1rozatot arr\\u00f3l, hogy a magyar milli\\u00e1rdos k\\u00e9nsavgy\\u00e1r\\u00e1ban tapasztalt rendelleness\\u00e9gek miatt megtiltj\\u00e1k az \\u00fczem m\\u0171k\\u00f6d\\u00e9s\\u00e9t. Bige L\\u00e1szl\\u00f3 a hat\\u00e1rozat meg\\u00e1llap\\u00edt\\u00e1sait szab\\u00e1lytalannak \\u00e9s v\\u00e9grehajthatatlannak tartotta. Szerd\\u00e1ra azt\\u00e1n kider\\u00fclt, hogy ink\\u00e1bb bez\\u00e1rja a 250\",\"inLanguage\":\"hu-HU\",\"isPartOf\":{\"@id\":\"https:\\\/\\\/allasorias.hu\\\/hirek\\\/#website\"},\"breadcrumb\":{\"@id\":\"https:\\\/\\\/allasorias.hu\\\/hirek\\\/becsukja-kapuit-a-bige-szolnokon\\\/#breadcrumblist\"},\"author\":{\"@id\":\"https:\\\/\\\/allasorias.hu\\\/hirek\\\/author\\\/admin-allasorias\\\/#author\"},\"creator\":{\"@id\":\"https:\\\/\\\/allasorias.hu\\\/hirek\\\/author\\\/admin-allasorias\\\/#author\"},\"image\":{\"@type\":\"ImageObject\",\"url\":\"https:\\\/\\\/allasorias.hu\\\/hirek\\\/wp-content\\\/uploads\\\/2019\\\/06\\\/barrier-chain-chain-link-fence-951408.jpg\",\"@id\":\"https:\\\/\\\/allasorias.hu\\\/hirek\\\/becsukja-kapuit-a-bige-szolnokon\\\/#mainImage\",\"width\":640,\"height\":426},\"primaryImageOfPage\":{\"@id\":\"https:\\\/\\\/allasorias.hu\\\/hirek\\\/becsukja-kapuit-a-bige-szolnokon\\\/#mainImage\"},\"datePublished\":\"2019-06-12T10:40:23+02:00\",\"dateModified\":\"2019-06-12T10:40:23+02:00\"},{\"@type\":\"WebSite\",\"@id\":\"https:\\\/\\\/allasorias.hu\\\/hirek\\\/#website\",\"url\":\"https:\\\/\\\/allasorias.hu\\\/hirek\\\/\",\"name\":\"AllasOrias.hu | H\\u00edrek-lapszemle\",\"description\":\"\\u00dczleti h\\u00edrek az \\u00e1ll\\u00e1s \\u00e9s a munka vil\\u00e1g\\u00e1b\\u00f3l\",\"inLanguage\":\"hu-HU\",\"publisher\":{\"@id\":\"https:\\\/\\\/allasorias.hu\\\/hirek\\\/#organization\"}}]}\n\t\t<\/script>\n\t\t<!-- All in One SEO -->\n\n","aioseo_head_json":{"title":"Becsukja kapuit a Bige Szolnokon | AllasOrias.hu | H\u00edrek-lapszemle","description":"K\u00e9tsz\u00e1z\u00f6tven csal\u00e1dnak ny\u00fajt meg\u00e9lhet\u00e9st a Bige szolnoki gy\u00e1ra, azonban szab\u00e1lytalans\u00e1g miatt \u00fagy t\u0171nik be kell z\u00e1rnia. A J\u00e1sz-Nagykun-Szolnok Megyei Katasztr\u00f3fav\u00e9delmi Igazgat\u00f3s\u00e1g m\u00e1jus 31-\u00e9n hozott hat\u00e1rozatot arr\u00f3l, hogy a magyar milli\u00e1rdos k\u00e9nsavgy\u00e1r\u00e1ban tapasztalt rendelleness\u00e9gek miatt megtiltj\u00e1k az \u00fczem m\u0171k\u00f6d\u00e9s\u00e9t. Bige L\u00e1szl\u00f3 a hat\u00e1rozat meg\u00e1llap\u00edt\u00e1sait szab\u00e1lytalannak \u00e9s v\u00e9grehajthatatlannak tartotta. Szerd\u00e1ra azt\u00e1n kider\u00fclt, hogy ink\u00e1bb bez\u00e1rja a 250","canonical_url":"https:\/\/allasorias.hu\/hirek\/becsukja-kapuit-a-bige-szolnokon\/","robots":"max-image-preview:large","keywords":"","webmasterTools":{"miscellaneous":""},"schema":{"@context":"https:\/\/schema.org","@graph":[{"@type":"Article","@id":"https:\/\/allasorias.hu\/hirek\/becsukja-kapuit-a-bige-szolnokon\/#article","name":"Becsukja kapuit a Bige Szolnokon | AllasOrias.hu | H\u00edrek-lapszemle","headline":"Becsukja kapuit a Bige Szolnokon","author":{"@id":"https:\/\/allasorias.hu\/hirek\/author\/admin-allasorias\/#author"},"publisher":{"@id":"https:\/\/allasorias.hu\/hirek\/#organization"},"image":{"@type":"ImageObject","url":"https:\/\/allasorias.hu\/hirek\/wp-content\/uploads\/2019\/06\/barrier-chain-chain-link-fence-951408.jpg","width":640,"height":426},"datePublished":"2019-06-12T10:40:23+02:00","dateModified":"2019-06-12T10:40:23+02:00","inLanguage":"hu-HU","mainEntityOfPage":{"@id":"https:\/\/allasorias.hu\/hirek\/becsukja-kapuit-a-bige-szolnokon\/#webpage"},"isPartOf":{"@id":"https:\/\/allasorias.hu\/hirek\/becsukja-kapuit-a-bige-szolnokon\/#webpage"},"articleSection":"Gazdas\u00e1g"},{"@type":"BreadcrumbList","@id":"https:\/\/allasorias.hu\/hirek\/becsukja-kapuit-a-bige-szolnokon\/#breadcrumblist","itemListElement":[{"@type":"ListItem","@id":"https:\/\/allasorias.hu\/hirek#listItem","position":1,"name":"Home","item":"https:\/\/allasorias.hu\/hirek","nextItem":{"@type":"ListItem","@id":"https:\/\/allasorias.hu\/hirek\/temak\/gazdasag\/#listItem","name":"Gazdas\u00e1g"}},{"@type":"ListItem","@id":"https:\/\/allasorias.hu\/hirek\/temak\/gazdasag\/#listItem","position":2,"name":"Gazdas\u00e1g","item":"https:\/\/allasorias.hu\/hirek\/temak\/gazdasag\/","nextItem":{"@type":"ListItem","@id":"https:\/\/allasorias.hu\/hirek\/becsukja-kapuit-a-bige-szolnokon\/#listItem","name":"Becsukja kapuit a Bige Szolnokon"},"previousItem":{"@type":"ListItem","@id":"https:\/\/allasorias.hu\/hirek#listItem","name":"Home"}},{"@type":"ListItem","@id":"https:\/\/allasorias.hu\/hirek\/becsukja-kapuit-a-bige-szolnokon\/#listItem","position":3,"name":"Becsukja kapuit a Bige Szolnokon","previousItem":{"@type":"ListItem","@id":"https:\/\/allasorias.hu\/hirek\/temak\/gazdasag\/#listItem","name":"Gazdas\u00e1g"}}]},{"@type":"Organization","@id":"https:\/\/allasorias.hu\/hirek\/#organization","name":"AllasOrias.hu | H\u00edrek-lapszemle","description":"\u00dczleti h\u00edrek az \u00e1ll\u00e1s \u00e9s a munka vil\u00e1g\u00e1b\u00f3l","url":"https:\/\/allasorias.hu\/hirek\/","logo":{"@type":"ImageObject","url":"https:\/\/allasorias.hu\/hirek\/wp-content\/uploads\/2022\/10\/allasorias_site_facebok_logo.png","@id":"https:\/\/allasorias.hu\/hirek\/becsukja-kapuit-a-bige-szolnokon\/#organizationLogo"},"image":{"@id":"https:\/\/allasorias.hu\/hirek\/becsukja-kapuit-a-bige-szolnokon\/#organizationLogo"},"sameAs":["https:\/\/www.facebook.com\/allasorias","https:\/\/www.linkedin.com\/company\/allasorias"]},{"@type":"Person","@id":"https:\/\/allasorias.hu\/hirek\/author\/admin-allasorias\/#author","url":"https:\/\/allasorias.hu\/hirek\/author\/admin-allasorias\/","name":"Juh\u00e1sz P\u00e9ter","image":{"@type":"ImageObject","@id":"https:\/\/allasorias.hu\/hirek\/becsukja-kapuit-a-bige-szolnokon\/#authorImage","url":"https:\/\/secure.gravatar.com\/avatar\/36e6bcb83148978b992977cb0f54d22feb0cce8a0a849a9410532bb2623ba4c6?s=96&d=mm&r=g","width":96,"height":96,"caption":"Juh\u00e1sz P\u00e9ter"}},{"@type":"WebPage","@id":"https:\/\/allasorias.hu\/hirek\/becsukja-kapuit-a-bige-szolnokon\/#webpage","url":"https:\/\/allasorias.hu\/hirek\/becsukja-kapuit-a-bige-szolnokon\/","name":"Becsukja kapuit a Bige Szolnokon | AllasOrias.hu | H\u00edrek-lapszemle","description":"K\u00e9tsz\u00e1z\u00f6tven csal\u00e1dnak ny\u00fajt meg\u00e9lhet\u00e9st a Bige szolnoki gy\u00e1ra, azonban szab\u00e1lytalans\u00e1g miatt \u00fagy t\u0171nik be kell z\u00e1rnia. A J\u00e1sz-Nagykun-Szolnok Megyei Katasztr\u00f3fav\u00e9delmi Igazgat\u00f3s\u00e1g m\u00e1jus 31-\u00e9n hozott hat\u00e1rozatot arr\u00f3l, hogy a magyar milli\u00e1rdos k\u00e9nsavgy\u00e1r\u00e1ban tapasztalt rendelleness\u00e9gek miatt megtiltj\u00e1k az \u00fczem m\u0171k\u00f6d\u00e9s\u00e9t. Bige L\u00e1szl\u00f3 a hat\u00e1rozat meg\u00e1llap\u00edt\u00e1sait szab\u00e1lytalannak \u00e9s v\u00e9grehajthatatlannak tartotta. Szerd\u00e1ra azt\u00e1n kider\u00fclt, hogy ink\u00e1bb bez\u00e1rja a 250","inLanguage":"hu-HU","isPartOf":{"@id":"https:\/\/allasorias.hu\/hirek\/#website"},"breadcrumb":{"@id":"https:\/\/allasorias.hu\/hirek\/becsukja-kapuit-a-bige-szolnokon\/#breadcrumblist"},"author":{"@id":"https:\/\/allasorias.hu\/hirek\/author\/admin-allasorias\/#author"},"creator":{"@id":"https:\/\/allasorias.hu\/hirek\/author\/admin-allasorias\/#author"},"image":{"@type":"ImageObject","url":"https:\/\/allasorias.hu\/hirek\/wp-content\/uploads\/2019\/06\/barrier-chain-chain-link-fence-951408.jpg","@id":"https:\/\/allasorias.hu\/hirek\/becsukja-kapuit-a-bige-szolnokon\/#mainImage","width":640,"height":426},"primaryImageOfPage":{"@id":"https:\/\/allasorias.hu\/hirek\/becsukja-kapuit-a-bige-szolnokon\/#mainImage"},"datePublished":"2019-06-12T10:40:23+02:00","dateModified":"2019-06-12T10:40:23+02:00"},{"@type":"WebSite","@id":"https:\/\/allasorias.hu\/hirek\/#website","url":"https:\/\/allasorias.hu\/hirek\/","name":"AllasOrias.hu | H\u00edrek-lapszemle","description":"\u00dczleti h\u00edrek az \u00e1ll\u00e1s \u00e9s a munka vil\u00e1g\u00e1b\u00f3l","inLanguage":"hu-HU","publisher":{"@id":"https:\/\/allasorias.hu\/hirek\/#organization"}}]},"og:locale":"hu_HU","og:site_name":"AllasOrias.hu | H\u00edrek-lapszemle | \u00dczleti h\u00edrek az \u00e1ll\u00e1s \u00e9s a munka vil\u00e1g\u00e1b\u00f3l","og:type":"article","og:title":"Becsukja kapuit a Bige Szolnokon | AllasOrias.hu | H\u00edrek-lapszemle","og:description":"K\u00e9tsz\u00e1z\u00f6tven csal\u00e1dnak ny\u00fajt meg\u00e9lhet\u00e9st a Bige szolnoki gy\u00e1ra, azonban szab\u00e1lytalans\u00e1g miatt \u00fagy t\u0171nik be kell z\u00e1rnia. A J\u00e1sz-Nagykun-Szolnok Megyei Katasztr\u00f3fav\u00e9delmi Igazgat\u00f3s\u00e1g m\u00e1jus 31-\u00e9n hozott hat\u00e1rozatot arr\u00f3l, hogy a magyar milli\u00e1rdos k\u00e9nsavgy\u00e1r\u00e1ban tapasztalt rendelleness\u00e9gek miatt megtiltj\u00e1k az \u00fczem m\u0171k\u00f6d\u00e9s\u00e9t. Bige L\u00e1szl\u00f3 a hat\u00e1rozat meg\u00e1llap\u00edt\u00e1sait szab\u00e1lytalannak \u00e9s v\u00e9grehajthatatlannak tartotta. Szerd\u00e1ra azt\u00e1n kider\u00fclt, hogy ink\u00e1bb bez\u00e1rja a 250","og:url":"https:\/\/allasorias.hu\/hirek\/becsukja-kapuit-a-bige-szolnokon\/","og:image":"https:\/\/allasorias.hu\/hirek\/wp-content\/uploads\/2019\/06\/barrier-chain-chain-link-fence-951408.jpg","og:image:secure_url":"https:\/\/allasorias.hu\/hirek\/wp-content\/uploads\/2019\/06\/barrier-chain-chain-link-fence-951408.jpg","og:image:width":640,"og:image:height":426,"article:published_time":"2019-06-12T10:40:23+00:00","article:modified_time":"2019-06-12T10:40:23+00:00","article:publisher":"https:\/\/www.facebook.com\/allasorias","twitter:card":"summary_large_image","twitter:title":"Becsukja kapuit a Bige Szolnokon | AllasOrias.hu | H\u00edrek-lapszemle","twitter:description":"K\u00e9tsz\u00e1z\u00f6tven csal\u00e1dnak ny\u00fajt meg\u00e9lhet\u00e9st a Bige szolnoki gy\u00e1ra, azonban szab\u00e1lytalans\u00e1g miatt \u00fagy t\u0171nik be kell z\u00e1rnia. A J\u00e1sz-Nagykun-Szolnok Megyei Katasztr\u00f3fav\u00e9delmi Igazgat\u00f3s\u00e1g m\u00e1jus 31-\u00e9n hozott hat\u00e1rozatot arr\u00f3l, hogy a magyar milli\u00e1rdos k\u00e9nsavgy\u00e1r\u00e1ban tapasztalt rendelleness\u00e9gek miatt megtiltj\u00e1k az \u00fczem m\u0171k\u00f6d\u00e9s\u00e9t. Bige L\u00e1szl\u00f3 a hat\u00e1rozat meg\u00e1llap\u00edt\u00e1sait szab\u00e1lytalannak \u00e9s v\u00e9grehajthatatlannak tartotta. Szerd\u00e1ra azt\u00e1n kider\u00fclt, hogy ink\u00e1bb bez\u00e1rja a 250","twitter:image":"https:\/\/allasorias.hu\/hirek\/wp-content\/uploads\/2019\/06\/barrier-chain-chain-link-fence-951408.jpg","twitter:label1":"Written by","twitter:data1":"Juh\u00e1sz P\u00e9ter","twitter:label2":"Est. reading time","twitter:data2":"1 minute"},"aioseo_meta_data":{"post_id":"2983","title":null,"description":null,"keywords":null,"keyphrases":null,"primary_term":null,"canonical_url":null,"og_title":null,"og_description":null,"og_object_type":"default","og_image_type":"default","og_image_url":null,"og_image_width":null,"og_image_height":null,"og_image_custom_url":null,"og_image_custom_fields":null,"og_video":null,"og_custom_url":null,"og_article_section":null,"og_article_tags":null,"twitter_use_og":false,"twitter_card":"default","twitter_image_type":"default","twitter_image_url":null,"twitter_image_custom_url":null,"twitter_image_custom_fields":null,"twitter_title":null,"twitter_description":null,"schema":{"blockGraphs":[],"customGraphs":[],"default":{"data":{"Article":[],"Course":[],"Dataset":[],"FAQPage":[],"Movie":[],"Person":[],"Product":[],"ProductReview":[],"Car":[],"Recipe":[],"Service":[],"SoftwareApplication":[],"WebPage":[]},"graphName":"","isEnabled":true},"graphs":[]},"schema_type":null,"schema_type_options":null,"pillar_content":false,"robots_default":true,"robots_noindex":false,"robots_noarchive":false,"robots_nosnippet":false,"robots_nofollow":false,"robots_noimageindex":false,"robots_noodp":false,"robots_notranslate":false,"robots_max_snippet":null,"robots_max_videopreview":null,"robots_max_imagepreview":"large","priority":null,"frequency":null,"location":null,"local_seo":null,"breadcrumb_settings":null,"limit_modified_date":false,"ai":null,"created":"2021-02-01 21:28:17","updated":"2025-10-02 11:26:51","seo_analyzer_scan_date":null,"focus_keyword":null,"additional_keywords":null,"truseo_locale":null},"aioseo_breadcrumb":"<div class=\"aioseo-breadcrumbs\"><span class=\"aioseo-breadcrumb\">\n\t\t\t<a href=\"https:\/\/allasorias.hu\/hirek\" title=\"Home\">Home<\/a>\n\t\t<\/span><span class=\"aioseo-breadcrumb-separator\">&raquo;<\/span><span class=\"aioseo-breadcrumb\">\n\t\t\t<a href=\"https:\/\/allasorias.hu\/hirek\/temak\/gazdasag\/\" title=\"Gazdas\u00e1g\">Gazdas\u00e1g<\/a>\n\t\t<\/span><span class=\"aioseo-breadcrumb-separator\">&raquo;<\/span><span class=\"aioseo-breadcrumb\">\n\t\t\tBecsukja kapuit a Bige Szolnokon\n\t\t<\/span><\/div>","aioseo_breadcrumb_json":[{"label":"Home","link":"https:\/\/allasorias.hu\/hirek"},{"label":"Gazdas\u00e1g","link":"https:\/\/allasorias.hu\/hirek\/temak\/gazdasag\/"},{"label":"Becsukja kapuit a Bige Szolnokon","link":"https:\/\/allasorias.hu\/hirek\/becsukja-kapuit-a-bige-szolnokon\/"}],"_links":{"self":[{"href":"https:\/\/allasorias.hu\/hirek\/wp-json\/wp\/v2\/posts\/2983","targetHints":{"allow":["GET"]}}],"collection":[{"href":"https:\/\/allasorias.hu\/hirek\/wp-json\/wp\/v2\/posts"}],"about":[{"href":"https:\/\/allasorias.hu\/hirek\/wp-json\/wp\/v2\/types\/post"}],"author":[{"embeddable":true,"href":"https:\/\/allasorias.hu\/hirek\/wp-json\/wp\/v2\/users\/1"}],"replies":[{"embeddable":true,"href":"https:\/\/allasorias.hu\/hirek\/wp-json\/wp\/v2\/comments?post=2983"}],"version-history":[{"count":1,"href":"https:\/\/allasorias.hu\/hirek\/wp-json\/wp\/v2\/posts\/2983\/revisions"}],"predecessor-version":[{"id":2985,"href":"https:\/\/allasorias.hu\/hirek\/wp-json\/wp\/v2\/posts\/2983\/revisions\/2985"}],"wp:featuredmedia":[{"embeddable":true,"href":"https:\/\/allasorias.hu\/hirek\/wp-json\/wp\/v2\/media\/2984"}],"wp:attachment":[{"href":"https:\/\/allasorias.hu\/hirek\/wp-json\/wp\/v2\/media?parent=2983"}],"wp:term":[{"taxonomy":"category","embeddable":true,"href":"https:\/\/allasorias.hu\/hirek\/wp-json\/wp\/v2\/categories?post=2983"},{"taxonomy":"post_tag","embeddable":true,"href":"https:\/\/allasorias.hu\/hirek\/wp-json\/wp\/v2\/tags?post=2983"}],"curies":[{"name":"wp","href":"https:\/\/api.w.org\/{rel}","templated":true}]}}