{"id":2979,"date":"2019-06-12T07:25:30","date_gmt":"2019-06-12T07:25:30","guid":{"rendered":"https:\/\/allasorias.hu\/hirek\/?p=2979"},"modified":"2019-06-12T07:25:30","modified_gmt":"2019-06-12T07:25:30","slug":"fontos-a-tapasztalat-amivel-az-otven-felettiek-rendelkeznek","status":"publish","type":"post","link":"https:\/\/allasorias.hu\/hirek\/fontos-a-tapasztalat-amivel-az-otven-felettiek-rendelkeznek\/","title":{"rendered":"Fontos a tapasztalat, amivel az \u00f6tven felettiek rendelkeznek"},"content":{"rendered":"<p><strong>Szakemberek szerint az \u00f6tven felettiekre nagy sz\u00fcks\u00e9g lenne a munkaer\u0151piacon, mert nagy tapasztalattal rendelkeznek. Ha nem tudatos\u00edtjuk, hogy micsoda \u00e9rt\u00e9ket jelenthetnek a munkaer\u0151piacon, akkor a figyelmen k\u00edv\u00fcl hagy\u00e1sukkal vesztes\u00e9g \u00e9ri a c\u00e9get, aki nem vette fel \u0151ket. Nyugat-Eur\u00f3p\u00e1ban m\u00e1r \u00e9vek \u00f3ta\u00a0 nem kell magyar\u00e1zni, mi az \u00e9rt\u00e9ke az X \u00e9s a Silver gener\u00e1ci\u00f3nak: \u00fagy vad\u00e1ssz\u00e1k a loj\u00e1lis \u00e9s megb\u00edzhat\u00f3 \u00f6tven-pluszosokat, mint n\u00e1lunk az insta- \u00e9s fb-zsongl\u0151r huszon\u00e9veseket.<\/strong><\/p>\n<p>Aki az \u00f6tven-pluszosokat mell\u0151zi, az a tapasztalatokat mell\u0151zi, valamint a kapcsolatrendszer\u00fcket, amelyet az elm\u00falt \u00e9vtizedekben \u00e9p\u00edtettek, \u00e9s az \u0151ket alkalmaz\u00f3 v\u00e1llalatn\u00e1l is kamatoztathatnak. A j\u00f3 \u00f6reg rutint is, hiszen h\u00fasz-harminc \u00e9v alatt sokat l\u00e1t az ember, \u00e9s emiatt kevesebbet hib\u00e1zik &#8211; tiszt\u00e1ban vannak azzal is, hogy nekik a hib\u00e1kat m\u00e1r nem n\u00e9zik el \u00fagy, mint a fiatal koll\u00e9g\u00e1knak. Alaposak, prec\u00edzek &#8211; \u00e9s ez messze nem ugyanaz, mintha lass\u00faak lenn\u00e9nek! Remek coachok &#8211; van honnan k\u00e9rdezni\u00fck \u00e9s mes\u00e9lni\u00fck is, mik\u00f6zben m\u00e9g mindig sz\u00edvesen tanulnak, tudj\u00e1k is, hogy ez a fennmarad\u00e1suk z\u00e1loga. Kisz\u00e1m\u00edthat\u00f3bbak, szab\u00e1lyk\u00f6vet\u0151k, \u0151ket m\u00e9g a hat\u00e1rid\u0151 szocializ\u00e1lta. Nem hi\u00e1nyoznak annyit &#8211; hiszen nem egy esetben \u00e9ppen a munkahely\u00fck, a munk\u00e1juk a menek\u00fcl\u00e9si \u00fatvonal a sz\u00e1mukra az \u00e9letk\u00f6zepi v\u00e1ls\u00e1g, a dombtet\u0151-melank\u00f3lia vagy ak\u00e1r egy kritikus p\u00e1rkapcsolati helyzet el\u0151l. Sz\u00e1mos statisztika t\u00e1masztja al\u00e1, hogy a fiatalok munkav\u00e1llal\u00e1si es\u00e9lyeit nem vesz\u00e9lyezteti, ha tov\u00e1bb foglalkoztatj\u00e1k az id\u0151sebbeket. Ha viszont nem foglalkoztatj\u00e1k \u0151ket tov\u00e1bb, akkor ezzel a c\u00e9get \u00e9ri vesztes\u00e9g: anyagi, emberi, \u00e9rzelmi &#8211; \u00e9s m\u00e9g sorolhatn\u00e1nk, a tud\u00e1smenedzsmentt\u0151l kezdve a mentoringon \u00e1t.<\/p>\n<p>Forr\u00e1s: hrportal.hu<\/p>\n","protected":false},"excerpt":{"rendered":"<p>Szakemberek szerint az \u00f6tven felettiekre nagy sz\u00fcks\u00e9g lenne a munkaer\u0151piacon, mert nagy tapasztalattal rendelkeznek. Ha nem tudatos\u00edtjuk, hogy micsoda \u00e9rt\u00e9ket jelenthetnek a munkaer\u0151piacon, akkor a figyelmen k\u00edv\u00fcl hagy\u00e1sukkal vesztes\u00e9g \u00e9ri a c\u00e9get, aki nem vette fel \u0151ket. Nyugat-Eur\u00f3p\u00e1ban m\u00e1r \u00e9vek \u00f3ta\u00a0 nem kell magyar\u00e1zni, mi az \u00e9rt\u00e9ke az X \u00e9s a Silver gener\u00e1ci\u00f3nak: \u00fagy vad\u00e1ssz\u00e1k [&hellip;]<\/p>\n","protected":false},"author":1,"featured_media":2856,"comment_status":"open","ping_status":"open","sticky":false,"template":"","format":"standard","meta":{"_monsterinsights_skip_tracking":false,"footnotes":""},"categories":[198,200],"tags":[],"class_list":["post-2979","post","type-post","status-publish","format-standard","has-post-thumbnail","hentry","category-gazdasag","category-munkaeropiac"],"aioseo_notices":[],"aioseo_head":"\n\t\t<!-- All in One SEO 5.0.0.1 - aioseo.com -->\n\t<meta name=\"description\" content=\"Szakemberek szerint az \u00f6tven felettiekre nagy sz\u00fcks\u00e9g lenne a munkaer\u0151piacon, mert nagy tapasztalattal rendelkeznek. Ha nem tudatos\u00edtjuk, hogy micsoda \u00e9rt\u00e9ket jelenthetnek a munkaer\u0151piacon, akkor a figyelmen k\u00edv\u00fcl hagy\u00e1sukkal vesztes\u00e9g \u00e9ri a c\u00e9get, aki nem vette fel \u0151ket. Nyugat-Eur\u00f3p\u00e1ban m\u00e1r \u00e9vek \u00f3ta nem kell magyar\u00e1zni, mi az \u00e9rt\u00e9ke az X \u00e9s a Silver gener\u00e1ci\u00f3nak: \u00fagy vad\u00e1ssz\u00e1k\" \/>\n\t<meta name=\"robots\" content=\"max-image-preview:large\" \/>\n\t<meta name=\"author\" content=\"Juh\u00e1sz P\u00e9ter\"\/>\n\t<link rel=\"canonical\" href=\"https:\/\/allasorias.hu\/hirek\/fontos-a-tapasztalat-amivel-az-otven-felettiek-rendelkeznek\/\" \/>\n\t<meta name=\"generator\" content=\"All in One SEO (AIOSEO) 5.0.0.1\" \/>\n\t\t<meta property=\"og:locale\" content=\"hu_HU\" \/>\n\t\t<meta property=\"og:site_name\" content=\"AllasOrias.hu | H\u00edrek-lapszemle | \u00dczleti h\u00edrek az \u00e1ll\u00e1s \u00e9s a munka vil\u00e1g\u00e1b\u00f3l\" \/>\n\t\t<meta property=\"og:type\" content=\"article\" \/>\n\t\t<meta property=\"og:title\" content=\"Fontos a tapasztalat, amivel az \u00f6tven felettiek rendelkeznek | AllasOrias.hu | H\u00edrek-lapszemle\" \/>\n\t\t<meta property=\"og:description\" content=\"Szakemberek szerint az \u00f6tven felettiekre nagy sz\u00fcks\u00e9g lenne a munkaer\u0151piacon, mert nagy tapasztalattal rendelkeznek. Ha nem tudatos\u00edtjuk, hogy micsoda \u00e9rt\u00e9ket jelenthetnek a munkaer\u0151piacon, akkor a figyelmen k\u00edv\u00fcl hagy\u00e1sukkal vesztes\u00e9g \u00e9ri a c\u00e9get, aki nem vette fel \u0151ket. Nyugat-Eur\u00f3p\u00e1ban m\u00e1r \u00e9vek \u00f3ta nem kell magyar\u00e1zni, mi az \u00e9rt\u00e9ke az X \u00e9s a Silver gener\u00e1ci\u00f3nak: \u00fagy vad\u00e1ssz\u00e1k\" \/>\n\t\t<meta property=\"og:url\" content=\"https:\/\/allasorias.hu\/hirek\/fontos-a-tapasztalat-amivel-az-otven-felettiek-rendelkeznek\/\" \/>\n\t\t<meta property=\"og:image\" content=\"https:\/\/allasorias.hu\/hirek\/wp-content\/uploads\/2019\/05\/adult-blur-daytime-834863.jpg\" \/>\n\t\t<meta property=\"og:image:secure_url\" content=\"https:\/\/allasorias.hu\/hirek\/wp-content\/uploads\/2019\/05\/adult-blur-daytime-834863.jpg\" \/>\n\t\t<meta property=\"og:image:width\" content=\"640\" \/>\n\t\t<meta property=\"og:image:height\" content=\"426\" \/>\n\t\t<meta property=\"article:published_time\" content=\"2019-06-12T07:25:30+00:00\" \/>\n\t\t<meta property=\"article:modified_time\" content=\"2019-06-12T07:25:30+00:00\" \/>\n\t\t<meta property=\"article:publisher\" content=\"https:\/\/www.facebook.com\/allasorias\" \/>\n\t\t<meta name=\"twitter:card\" content=\"summary_large_image\" \/>\n\t\t<meta name=\"twitter:title\" content=\"Fontos a tapasztalat, amivel az \u00f6tven felettiek rendelkeznek | AllasOrias.hu | H\u00edrek-lapszemle\" \/>\n\t\t<meta name=\"twitter:description\" content=\"Szakemberek szerint az \u00f6tven felettiekre nagy sz\u00fcks\u00e9g lenne a munkaer\u0151piacon, mert nagy tapasztalattal rendelkeznek. Ha nem tudatos\u00edtjuk, hogy micsoda \u00e9rt\u00e9ket jelenthetnek a munkaer\u0151piacon, akkor a figyelmen k\u00edv\u00fcl hagy\u00e1sukkal vesztes\u00e9g \u00e9ri a c\u00e9get, aki nem vette fel \u0151ket. Nyugat-Eur\u00f3p\u00e1ban m\u00e1r \u00e9vek \u00f3ta nem kell magyar\u00e1zni, mi az \u00e9rt\u00e9ke az X \u00e9s a Silver gener\u00e1ci\u00f3nak: \u00fagy vad\u00e1ssz\u00e1k\" \/>\n\t\t<meta name=\"twitter:image\" content=\"https:\/\/allasorias.hu\/hirek\/wp-content\/uploads\/2019\/05\/adult-blur-daytime-834863.jpg\" \/>\n\t\t<meta name=\"twitter:label1\" content=\"Written by\" \/>\n\t\t<meta name=\"twitter:data1\" content=\"Juh\u00e1sz P\u00e9ter\" \/>\n\t\t<meta name=\"twitter:label2\" content=\"Est. reading time\" \/>\n\t\t<meta name=\"twitter:data2\" content=\"2 minutes\" \/>\n\t\t<script type=\"application\/ld+json\" class=\"aioseo-schema\">\n\t\t\t{\"@context\":\"https:\\\/\\\/schema.org\",\"@graph\":[{\"@type\":\"Article\",\"@id\":\"https:\\\/\\\/allasorias.hu\\\/hirek\\\/fontos-a-tapasztalat-amivel-az-otven-felettiek-rendelkeznek\\\/#article\",\"name\":\"Fontos a tapasztalat, amivel az \\u00f6tven felettiek rendelkeznek | AllasOrias.hu | H\\u00edrek-lapszemle\",\"headline\":\"Fontos a tapasztalat, amivel az \\u00f6tven felettiek rendelkeznek\",\"author\":{\"@id\":\"https:\\\/\\\/allasorias.hu\\\/hirek\\\/author\\\/admin-allasorias\\\/#author\"},\"publisher\":{\"@id\":\"https:\\\/\\\/allasorias.hu\\\/hirek\\\/#organization\"},\"image\":{\"@type\":\"ImageObject\",\"url\":\"https:\\\/\\\/allasorias.hu\\\/hirek\\\/wp-content\\\/uploads\\\/2019\\\/05\\\/adult-blur-daytime-834863.jpg\",\"width\":640,\"height\":426},\"datePublished\":\"2019-06-12T07:25:30+02:00\",\"dateModified\":\"2019-06-12T07:25:30+02:00\",\"inLanguage\":\"hu-HU\",\"mainEntityOfPage\":{\"@id\":\"https:\\\/\\\/allasorias.hu\\\/hirek\\\/fontos-a-tapasztalat-amivel-az-otven-felettiek-rendelkeznek\\\/#webpage\"},\"isPartOf\":{\"@id\":\"https:\\\/\\\/allasorias.hu\\\/hirek\\\/fontos-a-tapasztalat-amivel-az-otven-felettiek-rendelkeznek\\\/#webpage\"},\"articleSection\":\"Gazdas\\u00e1g, Munkaer\\u0151piac\"},{\"@type\":\"BreadcrumbList\",\"@id\":\"https:\\\/\\\/allasorias.hu\\\/hirek\\\/fontos-a-tapasztalat-amivel-az-otven-felettiek-rendelkeznek\\\/#breadcrumblist\",\"itemListElement\":[{\"@type\":\"ListItem\",\"@id\":\"https:\\\/\\\/allasorias.hu\\\/hirek#listItem\",\"position\":1,\"name\":\"Home\",\"item\":\"https:\\\/\\\/allasorias.hu\\\/hirek\",\"nextItem\":{\"@type\":\"ListItem\",\"@id\":\"https:\\\/\\\/allasorias.hu\\\/hirek\\\/temak\\\/gazdasag\\\/#listItem\",\"name\":\"Gazdas\\u00e1g\"}},{\"@type\":\"ListItem\",\"@id\":\"https:\\\/\\\/allasorias.hu\\\/hirek\\\/temak\\\/gazdasag\\\/#listItem\",\"position\":2,\"name\":\"Gazdas\\u00e1g\",\"item\":\"https:\\\/\\\/allasorias.hu\\\/hirek\\\/temak\\\/gazdasag\\\/\",\"nextItem\":{\"@type\":\"ListItem\",\"@id\":\"https:\\\/\\\/allasorias.hu\\\/hirek\\\/fontos-a-tapasztalat-amivel-az-otven-felettiek-rendelkeznek\\\/#listItem\",\"name\":\"Fontos a tapasztalat, amivel az \\u00f6tven felettiek rendelkeznek\"},\"previousItem\":{\"@type\":\"ListItem\",\"@id\":\"https:\\\/\\\/allasorias.hu\\\/hirek#listItem\",\"name\":\"Home\"}},{\"@type\":\"ListItem\",\"@id\":\"https:\\\/\\\/allasorias.hu\\\/hirek\\\/fontos-a-tapasztalat-amivel-az-otven-felettiek-rendelkeznek\\\/#listItem\",\"position\":3,\"name\":\"Fontos a tapasztalat, amivel az \\u00f6tven felettiek rendelkeznek\",\"previousItem\":{\"@type\":\"ListItem\",\"@id\":\"https:\\\/\\\/allasorias.hu\\\/hirek\\\/temak\\\/gazdasag\\\/#listItem\",\"name\":\"Gazdas\\u00e1g\"}}]},{\"@type\":\"Organization\",\"@id\":\"https:\\\/\\\/allasorias.hu\\\/hirek\\\/#organization\",\"name\":\"AllasOrias.hu | H\\u00edrek-lapszemle\",\"description\":\"\\u00dczleti h\\u00edrek az \\u00e1ll\\u00e1s \\u00e9s a munka vil\\u00e1g\\u00e1b\\u00f3l\",\"url\":\"https:\\\/\\\/allasorias.hu\\\/hirek\\\/\",\"logo\":{\"@type\":\"ImageObject\",\"url\":\"https:\\\/\\\/allasorias.hu\\\/hirek\\\/wp-content\\\/uploads\\\/2022\\\/10\\\/allasorias_site_facebok_logo.png\",\"@id\":\"https:\\\/\\\/allasorias.hu\\\/hirek\\\/fontos-a-tapasztalat-amivel-az-otven-felettiek-rendelkeznek\\\/#organizationLogo\"},\"image\":{\"@id\":\"https:\\\/\\\/allasorias.hu\\\/hirek\\\/fontos-a-tapasztalat-amivel-az-otven-felettiek-rendelkeznek\\\/#organizationLogo\"},\"sameAs\":[\"https:\\\/\\\/www.facebook.com\\\/allasorias\",\"https:\\\/\\\/www.linkedin.com\\\/company\\\/allasorias\"]},{\"@type\":\"Person\",\"@id\":\"https:\\\/\\\/allasorias.hu\\\/hirek\\\/author\\\/admin-allasorias\\\/#author\",\"url\":\"https:\\\/\\\/allasorias.hu\\\/hirek\\\/author\\\/admin-allasorias\\\/\",\"name\":\"Juh\\u00e1sz P\\u00e9ter\",\"image\":{\"@type\":\"ImageObject\",\"@id\":\"https:\\\/\\\/allasorias.hu\\\/hirek\\\/fontos-a-tapasztalat-amivel-az-otven-felettiek-rendelkeznek\\\/#authorImage\",\"url\":\"https:\\\/\\\/secure.gravatar.com\\\/avatar\\\/36e6bcb83148978b992977cb0f54d22feb0cce8a0a849a9410532bb2623ba4c6?s=96&d=mm&r=g\",\"width\":96,\"height\":96,\"caption\":\"Juh\\u00e1sz P\\u00e9ter\"}},{\"@type\":\"WebPage\",\"@id\":\"https:\\\/\\\/allasorias.hu\\\/hirek\\\/fontos-a-tapasztalat-amivel-az-otven-felettiek-rendelkeznek\\\/#webpage\",\"url\":\"https:\\\/\\\/allasorias.hu\\\/hirek\\\/fontos-a-tapasztalat-amivel-az-otven-felettiek-rendelkeznek\\\/\",\"name\":\"Fontos a tapasztalat, amivel az \\u00f6tven felettiek rendelkeznek | AllasOrias.hu | H\\u00edrek-lapszemle\",\"description\":\"Szakemberek szerint az \\u00f6tven felettiekre nagy sz\\u00fcks\\u00e9g lenne a munkaer\\u0151piacon, mert nagy tapasztalattal rendelkeznek. Ha nem tudatos\\u00edtjuk, hogy micsoda \\u00e9rt\\u00e9ket jelenthetnek a munkaer\\u0151piacon, akkor a figyelmen k\\u00edv\\u00fcl hagy\\u00e1sukkal vesztes\\u00e9g \\u00e9ri a c\\u00e9get, aki nem vette fel \\u0151ket. Nyugat-Eur\\u00f3p\\u00e1ban m\\u00e1r \\u00e9vek \\u00f3ta nem kell magyar\\u00e1zni, mi az \\u00e9rt\\u00e9ke az X \\u00e9s a Silver gener\\u00e1ci\\u00f3nak: \\u00fagy vad\\u00e1ssz\\u00e1k\",\"inLanguage\":\"hu-HU\",\"isPartOf\":{\"@id\":\"https:\\\/\\\/allasorias.hu\\\/hirek\\\/#website\"},\"breadcrumb\":{\"@id\":\"https:\\\/\\\/allasorias.hu\\\/hirek\\\/fontos-a-tapasztalat-amivel-az-otven-felettiek-rendelkeznek\\\/#breadcrumblist\"},\"author\":{\"@id\":\"https:\\\/\\\/allasorias.hu\\\/hirek\\\/author\\\/admin-allasorias\\\/#author\"},\"creator\":{\"@id\":\"https:\\\/\\\/allasorias.hu\\\/hirek\\\/author\\\/admin-allasorias\\\/#author\"},\"image\":{\"@type\":\"ImageObject\",\"url\":\"https:\\\/\\\/allasorias.hu\\\/hirek\\\/wp-content\\\/uploads\\\/2019\\\/05\\\/adult-blur-daytime-834863.jpg\",\"@id\":\"https:\\\/\\\/allasorias.hu\\\/hirek\\\/fontos-a-tapasztalat-amivel-az-otven-felettiek-rendelkeznek\\\/#mainImage\",\"width\":640,\"height\":426},\"primaryImageOfPage\":{\"@id\":\"https:\\\/\\\/allasorias.hu\\\/hirek\\\/fontos-a-tapasztalat-amivel-az-otven-felettiek-rendelkeznek\\\/#mainImage\"},\"datePublished\":\"2019-06-12T07:25:30+02:00\",\"dateModified\":\"2019-06-12T07:25:30+02:00\"},{\"@type\":\"WebSite\",\"@id\":\"https:\\\/\\\/allasorias.hu\\\/hirek\\\/#website\",\"url\":\"https:\\\/\\\/allasorias.hu\\\/hirek\\\/\",\"name\":\"AllasOrias.hu | H\\u00edrek-lapszemle\",\"description\":\"\\u00dczleti h\\u00edrek az \\u00e1ll\\u00e1s \\u00e9s a munka vil\\u00e1g\\u00e1b\\u00f3l\",\"inLanguage\":\"hu-HU\",\"publisher\":{\"@id\":\"https:\\\/\\\/allasorias.hu\\\/hirek\\\/#organization\"}}]}\n\t\t<\/script>\n\t\t<!-- All in One SEO -->\n\n","aioseo_head_json":{"title":"Fontos a tapasztalat, amivel az \u00f6tven felettiek rendelkeznek | AllasOrias.hu | H\u00edrek-lapszemle","description":"Szakemberek szerint az \u00f6tven felettiekre nagy sz\u00fcks\u00e9g lenne a munkaer\u0151piacon, mert nagy tapasztalattal rendelkeznek. Ha nem tudatos\u00edtjuk, hogy micsoda \u00e9rt\u00e9ket jelenthetnek a munkaer\u0151piacon, akkor a figyelmen k\u00edv\u00fcl hagy\u00e1sukkal vesztes\u00e9g \u00e9ri a c\u00e9get, aki nem vette fel \u0151ket. Nyugat-Eur\u00f3p\u00e1ban m\u00e1r \u00e9vek \u00f3ta nem kell magyar\u00e1zni, mi az \u00e9rt\u00e9ke az X \u00e9s a Silver gener\u00e1ci\u00f3nak: \u00fagy vad\u00e1ssz\u00e1k","canonical_url":"https:\/\/allasorias.hu\/hirek\/fontos-a-tapasztalat-amivel-az-otven-felettiek-rendelkeznek\/","robots":"max-image-preview:large","keywords":"","webmasterTools":{"miscellaneous":""},"schema":{"@context":"https:\/\/schema.org","@graph":[{"@type":"Article","@id":"https:\/\/allasorias.hu\/hirek\/fontos-a-tapasztalat-amivel-az-otven-felettiek-rendelkeznek\/#article","name":"Fontos a tapasztalat, amivel az \u00f6tven felettiek rendelkeznek | AllasOrias.hu | H\u00edrek-lapszemle","headline":"Fontos a tapasztalat, amivel az \u00f6tven felettiek rendelkeznek","author":{"@id":"https:\/\/allasorias.hu\/hirek\/author\/admin-allasorias\/#author"},"publisher":{"@id":"https:\/\/allasorias.hu\/hirek\/#organization"},"image":{"@type":"ImageObject","url":"https:\/\/allasorias.hu\/hirek\/wp-content\/uploads\/2019\/05\/adult-blur-daytime-834863.jpg","width":640,"height":426},"datePublished":"2019-06-12T07:25:30+02:00","dateModified":"2019-06-12T07:25:30+02:00","inLanguage":"hu-HU","mainEntityOfPage":{"@id":"https:\/\/allasorias.hu\/hirek\/fontos-a-tapasztalat-amivel-az-otven-felettiek-rendelkeznek\/#webpage"},"isPartOf":{"@id":"https:\/\/allasorias.hu\/hirek\/fontos-a-tapasztalat-amivel-az-otven-felettiek-rendelkeznek\/#webpage"},"articleSection":"Gazdas\u00e1g, Munkaer\u0151piac"},{"@type":"BreadcrumbList","@id":"https:\/\/allasorias.hu\/hirek\/fontos-a-tapasztalat-amivel-az-otven-felettiek-rendelkeznek\/#breadcrumblist","itemListElement":[{"@type":"ListItem","@id":"https:\/\/allasorias.hu\/hirek#listItem","position":1,"name":"Home","item":"https:\/\/allasorias.hu\/hirek","nextItem":{"@type":"ListItem","@id":"https:\/\/allasorias.hu\/hirek\/temak\/gazdasag\/#listItem","name":"Gazdas\u00e1g"}},{"@type":"ListItem","@id":"https:\/\/allasorias.hu\/hirek\/temak\/gazdasag\/#listItem","position":2,"name":"Gazdas\u00e1g","item":"https:\/\/allasorias.hu\/hirek\/temak\/gazdasag\/","nextItem":{"@type":"ListItem","@id":"https:\/\/allasorias.hu\/hirek\/fontos-a-tapasztalat-amivel-az-otven-felettiek-rendelkeznek\/#listItem","name":"Fontos a tapasztalat, amivel az \u00f6tven felettiek rendelkeznek"},"previousItem":{"@type":"ListItem","@id":"https:\/\/allasorias.hu\/hirek#listItem","name":"Home"}},{"@type":"ListItem","@id":"https:\/\/allasorias.hu\/hirek\/fontos-a-tapasztalat-amivel-az-otven-felettiek-rendelkeznek\/#listItem","position":3,"name":"Fontos a tapasztalat, amivel az \u00f6tven felettiek rendelkeznek","previousItem":{"@type":"ListItem","@id":"https:\/\/allasorias.hu\/hirek\/temak\/gazdasag\/#listItem","name":"Gazdas\u00e1g"}}]},{"@type":"Organization","@id":"https:\/\/allasorias.hu\/hirek\/#organization","name":"AllasOrias.hu | H\u00edrek-lapszemle","description":"\u00dczleti h\u00edrek az \u00e1ll\u00e1s \u00e9s a munka vil\u00e1g\u00e1b\u00f3l","url":"https:\/\/allasorias.hu\/hirek\/","logo":{"@type":"ImageObject","url":"https:\/\/allasorias.hu\/hirek\/wp-content\/uploads\/2022\/10\/allasorias_site_facebok_logo.png","@id":"https:\/\/allasorias.hu\/hirek\/fontos-a-tapasztalat-amivel-az-otven-felettiek-rendelkeznek\/#organizationLogo"},"image":{"@id":"https:\/\/allasorias.hu\/hirek\/fontos-a-tapasztalat-amivel-az-otven-felettiek-rendelkeznek\/#organizationLogo"},"sameAs":["https:\/\/www.facebook.com\/allasorias","https:\/\/www.linkedin.com\/company\/allasorias"]},{"@type":"Person","@id":"https:\/\/allasorias.hu\/hirek\/author\/admin-allasorias\/#author","url":"https:\/\/allasorias.hu\/hirek\/author\/admin-allasorias\/","name":"Juh\u00e1sz P\u00e9ter","image":{"@type":"ImageObject","@id":"https:\/\/allasorias.hu\/hirek\/fontos-a-tapasztalat-amivel-az-otven-felettiek-rendelkeznek\/#authorImage","url":"https:\/\/secure.gravatar.com\/avatar\/36e6bcb83148978b992977cb0f54d22feb0cce8a0a849a9410532bb2623ba4c6?s=96&d=mm&r=g","width":96,"height":96,"caption":"Juh\u00e1sz P\u00e9ter"}},{"@type":"WebPage","@id":"https:\/\/allasorias.hu\/hirek\/fontos-a-tapasztalat-amivel-az-otven-felettiek-rendelkeznek\/#webpage","url":"https:\/\/allasorias.hu\/hirek\/fontos-a-tapasztalat-amivel-az-otven-felettiek-rendelkeznek\/","name":"Fontos a tapasztalat, amivel az \u00f6tven felettiek rendelkeznek | AllasOrias.hu | H\u00edrek-lapszemle","description":"Szakemberek szerint az \u00f6tven felettiekre nagy sz\u00fcks\u00e9g lenne a munkaer\u0151piacon, mert nagy tapasztalattal rendelkeznek. Ha nem tudatos\u00edtjuk, hogy micsoda \u00e9rt\u00e9ket jelenthetnek a munkaer\u0151piacon, akkor a figyelmen k\u00edv\u00fcl hagy\u00e1sukkal vesztes\u00e9g \u00e9ri a c\u00e9get, aki nem vette fel \u0151ket. Nyugat-Eur\u00f3p\u00e1ban m\u00e1r \u00e9vek \u00f3ta nem kell magyar\u00e1zni, mi az \u00e9rt\u00e9ke az X \u00e9s a Silver gener\u00e1ci\u00f3nak: \u00fagy vad\u00e1ssz\u00e1k","inLanguage":"hu-HU","isPartOf":{"@id":"https:\/\/allasorias.hu\/hirek\/#website"},"breadcrumb":{"@id":"https:\/\/allasorias.hu\/hirek\/fontos-a-tapasztalat-amivel-az-otven-felettiek-rendelkeznek\/#breadcrumblist"},"author":{"@id":"https:\/\/allasorias.hu\/hirek\/author\/admin-allasorias\/#author"},"creator":{"@id":"https:\/\/allasorias.hu\/hirek\/author\/admin-allasorias\/#author"},"image":{"@type":"ImageObject","url":"https:\/\/allasorias.hu\/hirek\/wp-content\/uploads\/2019\/05\/adult-blur-daytime-834863.jpg","@id":"https:\/\/allasorias.hu\/hirek\/fontos-a-tapasztalat-amivel-az-otven-felettiek-rendelkeznek\/#mainImage","width":640,"height":426},"primaryImageOfPage":{"@id":"https:\/\/allasorias.hu\/hirek\/fontos-a-tapasztalat-amivel-az-otven-felettiek-rendelkeznek\/#mainImage"},"datePublished":"2019-06-12T07:25:30+02:00","dateModified":"2019-06-12T07:25:30+02:00"},{"@type":"WebSite","@id":"https:\/\/allasorias.hu\/hirek\/#website","url":"https:\/\/allasorias.hu\/hirek\/","name":"AllasOrias.hu | H\u00edrek-lapszemle","description":"\u00dczleti h\u00edrek az \u00e1ll\u00e1s \u00e9s a munka vil\u00e1g\u00e1b\u00f3l","inLanguage":"hu-HU","publisher":{"@id":"https:\/\/allasorias.hu\/hirek\/#organization"}}]},"og:locale":"hu_HU","og:site_name":"AllasOrias.hu | H\u00edrek-lapszemle | \u00dczleti h\u00edrek az \u00e1ll\u00e1s \u00e9s a munka vil\u00e1g\u00e1b\u00f3l","og:type":"article","og:title":"Fontos a tapasztalat, amivel az \u00f6tven felettiek rendelkeznek | AllasOrias.hu | H\u00edrek-lapszemle","og:description":"Szakemberek szerint az \u00f6tven felettiekre nagy sz\u00fcks\u00e9g lenne a munkaer\u0151piacon, mert nagy tapasztalattal rendelkeznek. Ha nem tudatos\u00edtjuk, hogy micsoda \u00e9rt\u00e9ket jelenthetnek a munkaer\u0151piacon, akkor a figyelmen k\u00edv\u00fcl hagy\u00e1sukkal vesztes\u00e9g \u00e9ri a c\u00e9get, aki nem vette fel \u0151ket. Nyugat-Eur\u00f3p\u00e1ban m\u00e1r \u00e9vek \u00f3ta nem kell magyar\u00e1zni, mi az \u00e9rt\u00e9ke az X \u00e9s a Silver gener\u00e1ci\u00f3nak: \u00fagy vad\u00e1ssz\u00e1k","og:url":"https:\/\/allasorias.hu\/hirek\/fontos-a-tapasztalat-amivel-az-otven-felettiek-rendelkeznek\/","og:image":"https:\/\/allasorias.hu\/hirek\/wp-content\/uploads\/2019\/05\/adult-blur-daytime-834863.jpg","og:image:secure_url":"https:\/\/allasorias.hu\/hirek\/wp-content\/uploads\/2019\/05\/adult-blur-daytime-834863.jpg","og:image:width":640,"og:image:height":426,"article:published_time":"2019-06-12T07:25:30+00:00","article:modified_time":"2019-06-12T07:25:30+00:00","article:publisher":"https:\/\/www.facebook.com\/allasorias","twitter:card":"summary_large_image","twitter:title":"Fontos a tapasztalat, amivel az \u00f6tven felettiek rendelkeznek | AllasOrias.hu | H\u00edrek-lapszemle","twitter:description":"Szakemberek szerint az \u00f6tven felettiekre nagy sz\u00fcks\u00e9g lenne a munkaer\u0151piacon, mert nagy tapasztalattal rendelkeznek. Ha nem tudatos\u00edtjuk, hogy micsoda \u00e9rt\u00e9ket jelenthetnek a munkaer\u0151piacon, akkor a figyelmen k\u00edv\u00fcl hagy\u00e1sukkal vesztes\u00e9g \u00e9ri a c\u00e9get, aki nem vette fel \u0151ket. Nyugat-Eur\u00f3p\u00e1ban m\u00e1r \u00e9vek \u00f3ta nem kell magyar\u00e1zni, mi az \u00e9rt\u00e9ke az X \u00e9s a Silver gener\u00e1ci\u00f3nak: \u00fagy vad\u00e1ssz\u00e1k","twitter:image":"https:\/\/allasorias.hu\/hirek\/wp-content\/uploads\/2019\/05\/adult-blur-daytime-834863.jpg","twitter:label1":"Written by","twitter:data1":"Juh\u00e1sz P\u00e9ter","twitter:label2":"Est. reading time","twitter:data2":"2 minutes"},"aioseo_meta_data":{"post_id":"2979","title":null,"description":null,"keywords":null,"keyphrases":null,"primary_term":null,"canonical_url":null,"og_title":null,"og_description":null,"og_object_type":"default","og_image_type":"default","og_image_url":null,"og_image_width":null,"og_image_height":null,"og_image_custom_url":null,"og_image_custom_fields":null,"og_video":null,"og_custom_url":null,"og_article_section":null,"og_article_tags":null,"twitter_use_og":false,"twitter_card":"default","twitter_image_type":"default","twitter_image_url":null,"twitter_image_custom_url":null,"twitter_image_custom_fields":null,"twitter_title":null,"twitter_description":null,"schema":{"blockGraphs":[],"customGraphs":[],"default":{"data":{"Article":[],"Course":[],"Dataset":[],"FAQPage":[],"Movie":[],"Person":[],"Product":[],"ProductReview":[],"Car":[],"Recipe":[],"Service":[],"SoftwareApplication":[],"WebPage":[]},"graphName":"","isEnabled":true},"graphs":[]},"schema_type":null,"schema_type_options":null,"pillar_content":false,"robots_default":true,"robots_noindex":false,"robots_noarchive":false,"robots_nosnippet":false,"robots_nofollow":false,"robots_noimageindex":false,"robots_noodp":false,"robots_notranslate":false,"robots_max_snippet":null,"robots_max_videopreview":null,"robots_max_imagepreview":"large","priority":null,"frequency":null,"location":null,"local_seo":null,"breadcrumb_settings":null,"limit_modified_date":false,"ai":null,"created":"2021-02-01 21:28:17","updated":"2025-10-02 11:26:51","seo_analyzer_scan_date":null,"focus_keyword":null,"additional_keywords":null,"truseo_locale":null},"aioseo_breadcrumb":"<div class=\"aioseo-breadcrumbs\"><span class=\"aioseo-breadcrumb\">\n\t\t\t<a href=\"https:\/\/allasorias.hu\/hirek\" title=\"Home\">Home<\/a>\n\t\t<\/span><span class=\"aioseo-breadcrumb-separator\">&raquo;<\/span><span class=\"aioseo-breadcrumb\">\n\t\t\t<a href=\"https:\/\/allasorias.hu\/hirek\/temak\/gazdasag\/\" title=\"Gazdas\u00e1g\">Gazdas\u00e1g<\/a>\n\t\t<\/span><span class=\"aioseo-breadcrumb-separator\">&raquo;<\/span><span class=\"aioseo-breadcrumb\">\n\t\t\tFontos a tapasztalat, amivel az \u00f6tven felettiek rendelkeznek\n\t\t<\/span><\/div>","aioseo_breadcrumb_json":[{"label":"Home","link":"https:\/\/allasorias.hu\/hirek"},{"label":"Gazdas\u00e1g","link":"https:\/\/allasorias.hu\/hirek\/temak\/gazdasag\/"},{"label":"Fontos a tapasztalat, amivel az \u00f6tven felettiek rendelkeznek","link":"https:\/\/allasorias.hu\/hirek\/fontos-a-tapasztalat-amivel-az-otven-felettiek-rendelkeznek\/"}],"_links":{"self":[{"href":"https:\/\/allasorias.hu\/hirek\/wp-json\/wp\/v2\/posts\/2979","targetHints":{"allow":["GET"]}}],"collection":[{"href":"https:\/\/allasorias.hu\/hirek\/wp-json\/wp\/v2\/posts"}],"about":[{"href":"https:\/\/allasorias.hu\/hirek\/wp-json\/wp\/v2\/types\/post"}],"author":[{"embeddable":true,"href":"https:\/\/allasorias.hu\/hirek\/wp-json\/wp\/v2\/users\/1"}],"replies":[{"embeddable":true,"href":"https:\/\/allasorias.hu\/hirek\/wp-json\/wp\/v2\/comments?post=2979"}],"version-history":[{"count":1,"href":"https:\/\/allasorias.hu\/hirek\/wp-json\/wp\/v2\/posts\/2979\/revisions"}],"predecessor-version":[{"id":2980,"href":"https:\/\/allasorias.hu\/hirek\/wp-json\/wp\/v2\/posts\/2979\/revisions\/2980"}],"wp:featuredmedia":[{"embeddable":true,"href":"https:\/\/allasorias.hu\/hirek\/wp-json\/wp\/v2\/media\/2856"}],"wp:attachment":[{"href":"https:\/\/allasorias.hu\/hirek\/wp-json\/wp\/v2\/media?parent=2979"}],"wp:term":[{"taxonomy":"category","embeddable":true,"href":"https:\/\/allasorias.hu\/hirek\/wp-json\/wp\/v2\/categories?post=2979"},{"taxonomy":"post_tag","embeddable":true,"href":"https:\/\/allasorias.hu\/hirek\/wp-json\/wp\/v2\/tags?post=2979"}],"curies":[{"name":"wp","href":"https:\/\/api.w.org\/{rel}","templated":true}]}}