{"id":2977,"date":"2019-06-11T08:51:35","date_gmt":"2019-06-11T08:51:35","guid":{"rendered":"https:\/\/allasorias.hu\/hirek\/?p=2977"},"modified":"2019-06-11T08:51:35","modified_gmt":"2019-06-11T08:51:35","slug":"magas-szinten-az-inflacio-mit-hozhat-az-arnyomas","status":"publish","type":"post","link":"https:\/\/allasorias.hu\/hirek\/magas-szinten-az-inflacio-mit-hozhat-az-arnyomas\/","title":{"rendered":"Magas szinten az infl\u00e1ci\u00f3, mit hozhat az \u00e1rnyom\u00e1s?"},"content":{"rendered":"<p><strong>Magyarorsz\u00e1gon id\u00e9n m\u00e1jusban 3,9 sz\u00e1zal\u00e9kos volt az infl\u00e1ci\u00f3, ez stagn\u00e1l\u00e1st jelent, ugyanakkor a fontosabb mutat\u00f3, a maginfl\u00e1ci\u00f3 4 sz\u00e1zal\u00e9kra gyorsult. Ez\u00e9rt a jegybankt\u00f3l \u00fajabb enyhe szigor\u00edt\u00e1s v\u00e1rhat\u00f3.<\/strong><\/p>\n<p style=\"text-align: justify;\">Tov\u00e1bbra is magas szinten van az infl\u00e1ci\u00f3. M\u00e1jusban \u00e9ves \u00f6sszevet\u00e9sben 3,9 sz\u00e1zal\u00e9kkal emelkedtek az \u00e1rak, ez megegyezik az \u00e1prilis \u00e1remelked\u00e9si \u00fctemmel. N\u00e9meth D\u00e1vid, a K&amp;H Bank vezet\u0151 elemz\u0151je elmondta: m\u00e1jusban az 5,6 sz\u00e1zal\u00e9kkal dr\u00e1gul\u00f3 \u00e9lelmiszerek \u00e9s a k\u00f6zel 13 sz\u00e1zal\u00e9kkal dr\u00e1gul\u00f3 doh\u00e1ny\u00e1ruk felfel\u00e9 h\u00fazt\u00e1k az infl\u00e1ci\u00f3t, emellett az \u00fczemanyagok is hozz\u00e1j\u00e1rultak a magas szinthez. A t\u00e9nyleges infl\u00e1ci\u00f3s folyamatokat legjobban lek\u00e9pez\u0151, azaz a v\u00e1ltoz\u00e9kony \u00e9lelmiszer-, energia- \u00e9s hat\u00f3s\u00e1gi \u00e1rak n\u00e9lk\u00fcl sz\u00e1molt maginfl\u00e1ci\u00f3 4 sz\u00e1zal\u00e9kos volt, ami gyorsul\u00e1st jelent.N\u00e9meth D\u00e1vid szerint j\u00faniusban \u00e9s j\u00faliusban m\u00e9rs\u00e9keltebb lehet a f\u0151 infl\u00e1ci\u00f3s adat, mert egy \u00e9vvel kor\u00e1bban az \u00fczemanyag\u00e1rak ekkor adtak l\u00f6k\u00e9st a mutat\u00f3nak. R\u00e1ad\u00e1sul j\u00fanius elej\u00e9n m\u00e1r cs\u00f6kkentek az \u00fczemanyag\u00e1rak, ha pedig nem dr\u00e1gulnak a h\u00f3nap folyam\u00e1n, akkor ez hozz\u00e1j\u00e1rulhat a visszafogottabb \u00e1rindexhez. A maginfl\u00e1ci\u00f3n\u00e1l azonban nem v\u00e1rhat\u00f3 lassul\u00e1s. A jegybank legfrissebb adatokr\u00f3l sz\u00f3l\u00f3 elemz\u00e9se szerint tov\u00e1bbra is l\u00e1that\u00f3 a bels\u0151 piachoz k\u00f6thet\u0151 \u00e1rnyom\u00e1s, p\u00e9ld\u00e1ul a piaci szolg\u00e1ltat\u00e1sok dr\u00e1gul\u00e1sa.A mostani adatok, f\u0151k\u00e9nt a maginfl\u00e1ci\u00f3 gyorsul\u00e1sa miatt indokolt lehet a monet\u00e1ris szigor\u00edt\u00e1s j\u00faniusban. A jegybank v\u00e1rhat\u00f3an tov\u00e1bbra is hangs\u00falyozni fogja, hogy a nemzetk\u00f6zi gazdas\u00e1g lassul\u00e1sa m\u00e9rs\u00e9kelheti a bels\u0151 piacr\u00f3l \u00e9rkez\u0151 infl\u00e1ci\u00f3s nyom\u00e1st. Hosszabb t\u00e1von pedig az MNB-nek tov\u00e1bbi adatokra lesz sz\u00fcks\u00e9ge a bels\u0151 \u00e9s k\u00fcls\u0151 hat\u00e1sok elemz\u00e9s\u00e9hez, amelyek alapj\u00e1n \u00fajabb d\u00f6nt\u00e9seket hozhat a monet\u00e1ris felt\u00e9telekr\u0151l. \u00c9ppen ez\u00e9rt arra sz\u00e1m\u00edtunk, hogy a jegybank, egy a m\u00e1rciusihoz hasonl\u00f3 apr\u00f3 szigor\u00edt\u00e1st hajt v\u00e9gre majd j\u00faniusban. Az egynapos bet\u00e9tek kamatszintj\u00e9t 10 b\u00e1zisponttal megemeli \u00e9s \u00edgy az pozit\u00edv tartom\u00e1nyba ker\u00fcl, valamint a likvidit\u00e1s sz\u0171k\u00edt\u00e9se is benne van a pakliban.A szakember szerint az infl\u00e1ci\u00f3t felfel\u00e9 h\u00fazza a nett\u00f3 re\u00e1lb\u00e9rek emelked\u00e9se. Egyr\u00e9szt a c\u00e9gek k\u00e9nytelenek el\u0151bb-ut\u00f3bb \u00e9rv\u00e9nyes\u00edteni az \u00e1raikban a magasabb fizet\u00e9seket. Emellett a lakoss\u00e1g egyre t\u00f6bbet fogyaszt, egyre t\u00f6bbet v\u00e1s\u00e1rol. A fogyaszt\u00e1s erej\u00e9t mutatja, hogy az els\u0151 negyed\u00e9vben 5,3 sz\u00e1zal\u00e9kos GDP-b\u0151v\u00fcl\u00e9sb\u0151l \u2013 a felhaszn\u00e1l\u00e1si oldalon &#8211; 3,2 sz\u00e1zal\u00e9kponttal r\u00e9szesedett a lakoss\u00e1gi fogyaszt\u00e1st is mag\u00e1ban foglal\u00f3 v\u00e9gs\u0151 fogyaszt\u00e1s. \u2013 emelte ki a szakember, aki a mostani kil\u00e1t\u00e1sok alapj\u00e1n 3,5 sz\u00e1zal\u00e9kos \u00e9ves \u00e1tlagos infl\u00e1ci\u00f3t v\u00e1r az id\u00e9n.<\/p>\n<p>Forr\u00e1s: prifitline.hu<\/p>\n","protected":false},"excerpt":{"rendered":"<p>Magyarorsz\u00e1gon id\u00e9n m\u00e1jusban 3,9 sz\u00e1zal\u00e9kos volt az infl\u00e1ci\u00f3, ez stagn\u00e1l\u00e1st jelent, ugyanakkor a fontosabb mutat\u00f3, a maginfl\u00e1ci\u00f3 4 sz\u00e1zal\u00e9kra gyorsult. Ez\u00e9rt a jegybankt\u00f3l \u00fajabb enyhe szigor\u00edt\u00e1s v\u00e1rhat\u00f3. Tov\u00e1bbra is magas szinten van az infl\u00e1ci\u00f3. M\u00e1jusban \u00e9ves \u00f6sszevet\u00e9sben 3,9 sz\u00e1zal\u00e9kkal emelkedtek az \u00e1rak, ez megegyezik az \u00e1prilis \u00e1remelked\u00e9si \u00fctemmel. N\u00e9meth D\u00e1vid, a K&amp;H Bank vezet\u0151 elemz\u0151je [&hellip;]<\/p>\n","protected":false},"author":1,"featured_media":2075,"comment_status":"open","ping_status":"open","sticky":false,"template":"","format":"standard","meta":{"_monsterinsights_skip_tracking":false,"footnotes":""},"categories":[198],"tags":[],"class_list":["post-2977","post","type-post","status-publish","format-standard","has-post-thumbnail","hentry","category-gazdasag"],"aioseo_notices":[],"aioseo_head":"\n\t\t<!-- All in One SEO 5.0.0.1 - aioseo.com -->\n\t<meta name=\"description\" content=\"Magyarorsz\u00e1gon id\u00e9n m\u00e1jusban 3,9 sz\u00e1zal\u00e9kos volt az infl\u00e1ci\u00f3, ez stagn\u00e1l\u00e1st jelent, ugyanakkor a fontosabb mutat\u00f3, a maginfl\u00e1ci\u00f3 4 sz\u00e1zal\u00e9kra gyorsult. Ez\u00e9rt a jegybankt\u00f3l \u00fajabb enyhe szigor\u00edt\u00e1s v\u00e1rhat\u00f3. Tov\u00e1bbra is magas szinten van az infl\u00e1ci\u00f3. M\u00e1jusban \u00e9ves \u00f6sszevet\u00e9sben 3,9 sz\u00e1zal\u00e9kkal emelkedtek az \u00e1rak, ez megegyezik az \u00e1prilis \u00e1remelked\u00e9si \u00fctemmel. N\u00e9meth D\u00e1vid, a K&amp;H Bank vezet\u0151 elemz\u0151je\" \/>\n\t<meta name=\"robots\" content=\"max-image-preview:large\" \/>\n\t<meta name=\"author\" content=\"Juh\u00e1sz P\u00e9ter\"\/>\n\t<link rel=\"canonical\" href=\"https:\/\/allasorias.hu\/hirek\/magas-szinten-az-inflacio-mit-hozhat-az-arnyomas\/\" \/>\n\t<meta name=\"generator\" content=\"All in One SEO (AIOSEO) 5.0.0.1\" \/>\n\t\t<meta property=\"og:locale\" content=\"hu_HU\" \/>\n\t\t<meta property=\"og:site_name\" content=\"AllasOrias.hu | H\u00edrek-lapszemle | \u00dczleti h\u00edrek az \u00e1ll\u00e1s \u00e9s a munka vil\u00e1g\u00e1b\u00f3l\" \/>\n\t\t<meta property=\"og:type\" content=\"article\" \/>\n\t\t<meta property=\"og:title\" content=\"Magas szinten az infl\u00e1ci\u00f3, mit hozhat az \u00e1rnyom\u00e1s? | AllasOrias.hu | H\u00edrek-lapszemle\" \/>\n\t\t<meta property=\"og:description\" content=\"Magyarorsz\u00e1gon id\u00e9n m\u00e1jusban 3,9 sz\u00e1zal\u00e9kos volt az infl\u00e1ci\u00f3, ez stagn\u00e1l\u00e1st jelent, ugyanakkor a fontosabb mutat\u00f3, a maginfl\u00e1ci\u00f3 4 sz\u00e1zal\u00e9kra gyorsult. Ez\u00e9rt a jegybankt\u00f3l \u00fajabb enyhe szigor\u00edt\u00e1s v\u00e1rhat\u00f3. Tov\u00e1bbra is magas szinten van az infl\u00e1ci\u00f3. M\u00e1jusban \u00e9ves \u00f6sszevet\u00e9sben 3,9 sz\u00e1zal\u00e9kkal emelkedtek az \u00e1rak, ez megegyezik az \u00e1prilis \u00e1remelked\u00e9si \u00fctemmel. N\u00e9meth D\u00e1vid, a K&amp;H Bank vezet\u0151 elemz\u0151je\" \/>\n\t\t<meta property=\"og:url\" content=\"https:\/\/allasorias.hu\/hirek\/magas-szinten-az-inflacio-mit-hozhat-az-arnyomas\/\" \/>\n\t\t<meta property=\"og:image\" content=\"https:\/\/allasorias.hu\/hirek\/wp-content\/uploads\/2018\/11\/lead_560w.jpg\" \/>\n\t\t<meta property=\"og:image:secure_url\" content=\"https:\/\/allasorias.hu\/hirek\/wp-content\/uploads\/2018\/11\/lead_560w.jpg\" \/>\n\t\t<meta property=\"og:image:width\" content=\"560\" \/>\n\t\t<meta property=\"og:image:height\" content=\"420\" \/>\n\t\t<meta property=\"article:published_time\" content=\"2019-06-11T08:51:35+00:00\" \/>\n\t\t<meta property=\"article:modified_time\" content=\"2019-06-11T08:51:35+00:00\" \/>\n\t\t<meta property=\"article:publisher\" content=\"https:\/\/www.facebook.com\/allasorias\" \/>\n\t\t<meta name=\"twitter:card\" content=\"summary_large_image\" \/>\n\t\t<meta name=\"twitter:title\" content=\"Magas szinten az infl\u00e1ci\u00f3, mit hozhat az \u00e1rnyom\u00e1s? | AllasOrias.hu | H\u00edrek-lapszemle\" \/>\n\t\t<meta name=\"twitter:description\" content=\"Magyarorsz\u00e1gon id\u00e9n m\u00e1jusban 3,9 sz\u00e1zal\u00e9kos volt az infl\u00e1ci\u00f3, ez stagn\u00e1l\u00e1st jelent, ugyanakkor a fontosabb mutat\u00f3, a maginfl\u00e1ci\u00f3 4 sz\u00e1zal\u00e9kra gyorsult. Ez\u00e9rt a jegybankt\u00f3l \u00fajabb enyhe szigor\u00edt\u00e1s v\u00e1rhat\u00f3. Tov\u00e1bbra is magas szinten van az infl\u00e1ci\u00f3. M\u00e1jusban \u00e9ves \u00f6sszevet\u00e9sben 3,9 sz\u00e1zal\u00e9kkal emelkedtek az \u00e1rak, ez megegyezik az \u00e1prilis \u00e1remelked\u00e9si \u00fctemmel. N\u00e9meth D\u00e1vid, a K&amp;H Bank vezet\u0151 elemz\u0151je\" \/>\n\t\t<meta name=\"twitter:image\" content=\"https:\/\/allasorias.hu\/hirek\/wp-content\/uploads\/2018\/11\/lead_560w.jpg\" \/>\n\t\t<meta name=\"twitter:label1\" content=\"Written by\" \/>\n\t\t<meta name=\"twitter:data1\" content=\"Juh\u00e1sz P\u00e9ter\" \/>\n\t\t<meta name=\"twitter:label2\" content=\"Est. reading time\" \/>\n\t\t<meta name=\"twitter:data2\" content=\"3 minutes\" \/>\n\t\t<script type=\"application\/ld+json\" class=\"aioseo-schema\">\n\t\t\t{\"@context\":\"https:\\\/\\\/schema.org\",\"@graph\":[{\"@type\":\"Article\",\"@id\":\"https:\\\/\\\/allasorias.hu\\\/hirek\\\/magas-szinten-az-inflacio-mit-hozhat-az-arnyomas\\\/#article\",\"name\":\"Magas szinten az infl\\u00e1ci\\u00f3, mit hozhat az \\u00e1rnyom\\u00e1s? | AllasOrias.hu | H\\u00edrek-lapszemle\",\"headline\":\"Magas szinten az infl\\u00e1ci\\u00f3, mit hozhat az \\u00e1rnyom\\u00e1s?\",\"author\":{\"@id\":\"https:\\\/\\\/allasorias.hu\\\/hirek\\\/author\\\/admin-allasorias\\\/#author\"},\"publisher\":{\"@id\":\"https:\\\/\\\/allasorias.hu\\\/hirek\\\/#organization\"},\"image\":{\"@type\":\"ImageObject\",\"url\":\"https:\\\/\\\/allasorias.hu\\\/hirek\\\/wp-content\\\/uploads\\\/2018\\\/11\\\/lead_560w.jpg\",\"width\":560,\"height\":420},\"datePublished\":\"2019-06-11T08:51:35+02:00\",\"dateModified\":\"2019-06-11T08:51:35+02:00\",\"inLanguage\":\"hu-HU\",\"mainEntityOfPage\":{\"@id\":\"https:\\\/\\\/allasorias.hu\\\/hirek\\\/magas-szinten-az-inflacio-mit-hozhat-az-arnyomas\\\/#webpage\"},\"isPartOf\":{\"@id\":\"https:\\\/\\\/allasorias.hu\\\/hirek\\\/magas-szinten-az-inflacio-mit-hozhat-az-arnyomas\\\/#webpage\"},\"articleSection\":\"Gazdas\\u00e1g\"},{\"@type\":\"BreadcrumbList\",\"@id\":\"https:\\\/\\\/allasorias.hu\\\/hirek\\\/magas-szinten-az-inflacio-mit-hozhat-az-arnyomas\\\/#breadcrumblist\",\"itemListElement\":[{\"@type\":\"ListItem\",\"@id\":\"https:\\\/\\\/allasorias.hu\\\/hirek#listItem\",\"position\":1,\"name\":\"Home\",\"item\":\"https:\\\/\\\/allasorias.hu\\\/hirek\",\"nextItem\":{\"@type\":\"ListItem\",\"@id\":\"https:\\\/\\\/allasorias.hu\\\/hirek\\\/temak\\\/gazdasag\\\/#listItem\",\"name\":\"Gazdas\\u00e1g\"}},{\"@type\":\"ListItem\",\"@id\":\"https:\\\/\\\/allasorias.hu\\\/hirek\\\/temak\\\/gazdasag\\\/#listItem\",\"position\":2,\"name\":\"Gazdas\\u00e1g\",\"item\":\"https:\\\/\\\/allasorias.hu\\\/hirek\\\/temak\\\/gazdasag\\\/\",\"nextItem\":{\"@type\":\"ListItem\",\"@id\":\"https:\\\/\\\/allasorias.hu\\\/hirek\\\/magas-szinten-az-inflacio-mit-hozhat-az-arnyomas\\\/#listItem\",\"name\":\"Magas szinten az infl\\u00e1ci\\u00f3, mit hozhat az \\u00e1rnyom\\u00e1s?\"},\"previousItem\":{\"@type\":\"ListItem\",\"@id\":\"https:\\\/\\\/allasorias.hu\\\/hirek#listItem\",\"name\":\"Home\"}},{\"@type\":\"ListItem\",\"@id\":\"https:\\\/\\\/allasorias.hu\\\/hirek\\\/magas-szinten-az-inflacio-mit-hozhat-az-arnyomas\\\/#listItem\",\"position\":3,\"name\":\"Magas szinten az infl\\u00e1ci\\u00f3, mit hozhat az \\u00e1rnyom\\u00e1s?\",\"previousItem\":{\"@type\":\"ListItem\",\"@id\":\"https:\\\/\\\/allasorias.hu\\\/hirek\\\/temak\\\/gazdasag\\\/#listItem\",\"name\":\"Gazdas\\u00e1g\"}}]},{\"@type\":\"Organization\",\"@id\":\"https:\\\/\\\/allasorias.hu\\\/hirek\\\/#organization\",\"name\":\"AllasOrias.hu | H\\u00edrek-lapszemle\",\"description\":\"\\u00dczleti h\\u00edrek az \\u00e1ll\\u00e1s \\u00e9s a munka vil\\u00e1g\\u00e1b\\u00f3l\",\"url\":\"https:\\\/\\\/allasorias.hu\\\/hirek\\\/\",\"logo\":{\"@type\":\"ImageObject\",\"url\":\"https:\\\/\\\/allasorias.hu\\\/hirek\\\/wp-content\\\/uploads\\\/2022\\\/10\\\/allasorias_site_facebok_logo.png\",\"@id\":\"https:\\\/\\\/allasorias.hu\\\/hirek\\\/magas-szinten-az-inflacio-mit-hozhat-az-arnyomas\\\/#organizationLogo\"},\"image\":{\"@id\":\"https:\\\/\\\/allasorias.hu\\\/hirek\\\/magas-szinten-az-inflacio-mit-hozhat-az-arnyomas\\\/#organizationLogo\"},\"sameAs\":[\"https:\\\/\\\/www.facebook.com\\\/allasorias\",\"https:\\\/\\\/www.linkedin.com\\\/company\\\/allasorias\"]},{\"@type\":\"Person\",\"@id\":\"https:\\\/\\\/allasorias.hu\\\/hirek\\\/author\\\/admin-allasorias\\\/#author\",\"url\":\"https:\\\/\\\/allasorias.hu\\\/hirek\\\/author\\\/admin-allasorias\\\/\",\"name\":\"Juh\\u00e1sz P\\u00e9ter\",\"image\":{\"@type\":\"ImageObject\",\"@id\":\"https:\\\/\\\/allasorias.hu\\\/hirek\\\/magas-szinten-az-inflacio-mit-hozhat-az-arnyomas\\\/#authorImage\",\"url\":\"https:\\\/\\\/secure.gravatar.com\\\/avatar\\\/36e6bcb83148978b992977cb0f54d22feb0cce8a0a849a9410532bb2623ba4c6?s=96&d=mm&r=g\",\"width\":96,\"height\":96,\"caption\":\"Juh\\u00e1sz P\\u00e9ter\"}},{\"@type\":\"WebPage\",\"@id\":\"https:\\\/\\\/allasorias.hu\\\/hirek\\\/magas-szinten-az-inflacio-mit-hozhat-az-arnyomas\\\/#webpage\",\"url\":\"https:\\\/\\\/allasorias.hu\\\/hirek\\\/magas-szinten-az-inflacio-mit-hozhat-az-arnyomas\\\/\",\"name\":\"Magas szinten az infl\\u00e1ci\\u00f3, mit hozhat az \\u00e1rnyom\\u00e1s? | AllasOrias.hu | H\\u00edrek-lapszemle\",\"description\":\"Magyarorsz\\u00e1gon id\\u00e9n m\\u00e1jusban 3,9 sz\\u00e1zal\\u00e9kos volt az infl\\u00e1ci\\u00f3, ez stagn\\u00e1l\\u00e1st jelent, ugyanakkor a fontosabb mutat\\u00f3, a maginfl\\u00e1ci\\u00f3 4 sz\\u00e1zal\\u00e9kra gyorsult. Ez\\u00e9rt a jegybankt\\u00f3l \\u00fajabb enyhe szigor\\u00edt\\u00e1s v\\u00e1rhat\\u00f3. Tov\\u00e1bbra is magas szinten van az infl\\u00e1ci\\u00f3. M\\u00e1jusban \\u00e9ves \\u00f6sszevet\\u00e9sben 3,9 sz\\u00e1zal\\u00e9kkal emelkedtek az \\u00e1rak, ez megegyezik az \\u00e1prilis \\u00e1remelked\\u00e9si \\u00fctemmel. N\\u00e9meth D\\u00e1vid, a K&H Bank vezet\\u0151 elemz\\u0151je\",\"inLanguage\":\"hu-HU\",\"isPartOf\":{\"@id\":\"https:\\\/\\\/allasorias.hu\\\/hirek\\\/#website\"},\"breadcrumb\":{\"@id\":\"https:\\\/\\\/allasorias.hu\\\/hirek\\\/magas-szinten-az-inflacio-mit-hozhat-az-arnyomas\\\/#breadcrumblist\"},\"author\":{\"@id\":\"https:\\\/\\\/allasorias.hu\\\/hirek\\\/author\\\/admin-allasorias\\\/#author\"},\"creator\":{\"@id\":\"https:\\\/\\\/allasorias.hu\\\/hirek\\\/author\\\/admin-allasorias\\\/#author\"},\"image\":{\"@type\":\"ImageObject\",\"url\":\"https:\\\/\\\/allasorias.hu\\\/hirek\\\/wp-content\\\/uploads\\\/2018\\\/11\\\/lead_560w.jpg\",\"@id\":\"https:\\\/\\\/allasorias.hu\\\/hirek\\\/magas-szinten-az-inflacio-mit-hozhat-az-arnyomas\\\/#mainImage\",\"width\":560,\"height\":420},\"primaryImageOfPage\":{\"@id\":\"https:\\\/\\\/allasorias.hu\\\/hirek\\\/magas-szinten-az-inflacio-mit-hozhat-az-arnyomas\\\/#mainImage\"},\"datePublished\":\"2019-06-11T08:51:35+02:00\",\"dateModified\":\"2019-06-11T08:51:35+02:00\"},{\"@type\":\"WebSite\",\"@id\":\"https:\\\/\\\/allasorias.hu\\\/hirek\\\/#website\",\"url\":\"https:\\\/\\\/allasorias.hu\\\/hirek\\\/\",\"name\":\"AllasOrias.hu | H\\u00edrek-lapszemle\",\"description\":\"\\u00dczleti h\\u00edrek az \\u00e1ll\\u00e1s \\u00e9s a munka vil\\u00e1g\\u00e1b\\u00f3l\",\"inLanguage\":\"hu-HU\",\"publisher\":{\"@id\":\"https:\\\/\\\/allasorias.hu\\\/hirek\\\/#organization\"}}]}\n\t\t<\/script>\n\t\t<!-- All in One SEO -->\n\n","aioseo_head_json":{"title":"Magas szinten az infl\u00e1ci\u00f3, mit hozhat az \u00e1rnyom\u00e1s? | AllasOrias.hu | H\u00edrek-lapszemle","description":"Magyarorsz\u00e1gon id\u00e9n m\u00e1jusban 3,9 sz\u00e1zal\u00e9kos volt az infl\u00e1ci\u00f3, ez stagn\u00e1l\u00e1st jelent, ugyanakkor a fontosabb mutat\u00f3, a maginfl\u00e1ci\u00f3 4 sz\u00e1zal\u00e9kra gyorsult. Ez\u00e9rt a jegybankt\u00f3l \u00fajabb enyhe szigor\u00edt\u00e1s v\u00e1rhat\u00f3. Tov\u00e1bbra is magas szinten van az infl\u00e1ci\u00f3. M\u00e1jusban \u00e9ves \u00f6sszevet\u00e9sben 3,9 sz\u00e1zal\u00e9kkal emelkedtek az \u00e1rak, ez megegyezik az \u00e1prilis \u00e1remelked\u00e9si \u00fctemmel. N\u00e9meth D\u00e1vid, a K&H Bank vezet\u0151 elemz\u0151je","canonical_url":"https:\/\/allasorias.hu\/hirek\/magas-szinten-az-inflacio-mit-hozhat-az-arnyomas\/","robots":"max-image-preview:large","keywords":"","webmasterTools":{"miscellaneous":""},"schema":{"@context":"https:\/\/schema.org","@graph":[{"@type":"Article","@id":"https:\/\/allasorias.hu\/hirek\/magas-szinten-az-inflacio-mit-hozhat-az-arnyomas\/#article","name":"Magas szinten az infl\u00e1ci\u00f3, mit hozhat az \u00e1rnyom\u00e1s? | AllasOrias.hu | H\u00edrek-lapszemle","headline":"Magas szinten az infl\u00e1ci\u00f3, mit hozhat az \u00e1rnyom\u00e1s?","author":{"@id":"https:\/\/allasorias.hu\/hirek\/author\/admin-allasorias\/#author"},"publisher":{"@id":"https:\/\/allasorias.hu\/hirek\/#organization"},"image":{"@type":"ImageObject","url":"https:\/\/allasorias.hu\/hirek\/wp-content\/uploads\/2018\/11\/lead_560w.jpg","width":560,"height":420},"datePublished":"2019-06-11T08:51:35+02:00","dateModified":"2019-06-11T08:51:35+02:00","inLanguage":"hu-HU","mainEntityOfPage":{"@id":"https:\/\/allasorias.hu\/hirek\/magas-szinten-az-inflacio-mit-hozhat-az-arnyomas\/#webpage"},"isPartOf":{"@id":"https:\/\/allasorias.hu\/hirek\/magas-szinten-az-inflacio-mit-hozhat-az-arnyomas\/#webpage"},"articleSection":"Gazdas\u00e1g"},{"@type":"BreadcrumbList","@id":"https:\/\/allasorias.hu\/hirek\/magas-szinten-az-inflacio-mit-hozhat-az-arnyomas\/#breadcrumblist","itemListElement":[{"@type":"ListItem","@id":"https:\/\/allasorias.hu\/hirek#listItem","position":1,"name":"Home","item":"https:\/\/allasorias.hu\/hirek","nextItem":{"@type":"ListItem","@id":"https:\/\/allasorias.hu\/hirek\/temak\/gazdasag\/#listItem","name":"Gazdas\u00e1g"}},{"@type":"ListItem","@id":"https:\/\/allasorias.hu\/hirek\/temak\/gazdasag\/#listItem","position":2,"name":"Gazdas\u00e1g","item":"https:\/\/allasorias.hu\/hirek\/temak\/gazdasag\/","nextItem":{"@type":"ListItem","@id":"https:\/\/allasorias.hu\/hirek\/magas-szinten-az-inflacio-mit-hozhat-az-arnyomas\/#listItem","name":"Magas szinten az infl\u00e1ci\u00f3, mit hozhat az \u00e1rnyom\u00e1s?"},"previousItem":{"@type":"ListItem","@id":"https:\/\/allasorias.hu\/hirek#listItem","name":"Home"}},{"@type":"ListItem","@id":"https:\/\/allasorias.hu\/hirek\/magas-szinten-az-inflacio-mit-hozhat-az-arnyomas\/#listItem","position":3,"name":"Magas szinten az infl\u00e1ci\u00f3, mit hozhat az \u00e1rnyom\u00e1s?","previousItem":{"@type":"ListItem","@id":"https:\/\/allasorias.hu\/hirek\/temak\/gazdasag\/#listItem","name":"Gazdas\u00e1g"}}]},{"@type":"Organization","@id":"https:\/\/allasorias.hu\/hirek\/#organization","name":"AllasOrias.hu | H\u00edrek-lapszemle","description":"\u00dczleti h\u00edrek az \u00e1ll\u00e1s \u00e9s a munka vil\u00e1g\u00e1b\u00f3l","url":"https:\/\/allasorias.hu\/hirek\/","logo":{"@type":"ImageObject","url":"https:\/\/allasorias.hu\/hirek\/wp-content\/uploads\/2022\/10\/allasorias_site_facebok_logo.png","@id":"https:\/\/allasorias.hu\/hirek\/magas-szinten-az-inflacio-mit-hozhat-az-arnyomas\/#organizationLogo"},"image":{"@id":"https:\/\/allasorias.hu\/hirek\/magas-szinten-az-inflacio-mit-hozhat-az-arnyomas\/#organizationLogo"},"sameAs":["https:\/\/www.facebook.com\/allasorias","https:\/\/www.linkedin.com\/company\/allasorias"]},{"@type":"Person","@id":"https:\/\/allasorias.hu\/hirek\/author\/admin-allasorias\/#author","url":"https:\/\/allasorias.hu\/hirek\/author\/admin-allasorias\/","name":"Juh\u00e1sz P\u00e9ter","image":{"@type":"ImageObject","@id":"https:\/\/allasorias.hu\/hirek\/magas-szinten-az-inflacio-mit-hozhat-az-arnyomas\/#authorImage","url":"https:\/\/secure.gravatar.com\/avatar\/36e6bcb83148978b992977cb0f54d22feb0cce8a0a849a9410532bb2623ba4c6?s=96&d=mm&r=g","width":96,"height":96,"caption":"Juh\u00e1sz P\u00e9ter"}},{"@type":"WebPage","@id":"https:\/\/allasorias.hu\/hirek\/magas-szinten-az-inflacio-mit-hozhat-az-arnyomas\/#webpage","url":"https:\/\/allasorias.hu\/hirek\/magas-szinten-az-inflacio-mit-hozhat-az-arnyomas\/","name":"Magas szinten az infl\u00e1ci\u00f3, mit hozhat az \u00e1rnyom\u00e1s? | AllasOrias.hu | H\u00edrek-lapszemle","description":"Magyarorsz\u00e1gon id\u00e9n m\u00e1jusban 3,9 sz\u00e1zal\u00e9kos volt az infl\u00e1ci\u00f3, ez stagn\u00e1l\u00e1st jelent, ugyanakkor a fontosabb mutat\u00f3, a maginfl\u00e1ci\u00f3 4 sz\u00e1zal\u00e9kra gyorsult. Ez\u00e9rt a jegybankt\u00f3l \u00fajabb enyhe szigor\u00edt\u00e1s v\u00e1rhat\u00f3. Tov\u00e1bbra is magas szinten van az infl\u00e1ci\u00f3. M\u00e1jusban \u00e9ves \u00f6sszevet\u00e9sben 3,9 sz\u00e1zal\u00e9kkal emelkedtek az \u00e1rak, ez megegyezik az \u00e1prilis \u00e1remelked\u00e9si \u00fctemmel. N\u00e9meth D\u00e1vid, a K&H Bank vezet\u0151 elemz\u0151je","inLanguage":"hu-HU","isPartOf":{"@id":"https:\/\/allasorias.hu\/hirek\/#website"},"breadcrumb":{"@id":"https:\/\/allasorias.hu\/hirek\/magas-szinten-az-inflacio-mit-hozhat-az-arnyomas\/#breadcrumblist"},"author":{"@id":"https:\/\/allasorias.hu\/hirek\/author\/admin-allasorias\/#author"},"creator":{"@id":"https:\/\/allasorias.hu\/hirek\/author\/admin-allasorias\/#author"},"image":{"@type":"ImageObject","url":"https:\/\/allasorias.hu\/hirek\/wp-content\/uploads\/2018\/11\/lead_560w.jpg","@id":"https:\/\/allasorias.hu\/hirek\/magas-szinten-az-inflacio-mit-hozhat-az-arnyomas\/#mainImage","width":560,"height":420},"primaryImageOfPage":{"@id":"https:\/\/allasorias.hu\/hirek\/magas-szinten-az-inflacio-mit-hozhat-az-arnyomas\/#mainImage"},"datePublished":"2019-06-11T08:51:35+02:00","dateModified":"2019-06-11T08:51:35+02:00"},{"@type":"WebSite","@id":"https:\/\/allasorias.hu\/hirek\/#website","url":"https:\/\/allasorias.hu\/hirek\/","name":"AllasOrias.hu | H\u00edrek-lapszemle","description":"\u00dczleti h\u00edrek az \u00e1ll\u00e1s \u00e9s a munka vil\u00e1g\u00e1b\u00f3l","inLanguage":"hu-HU","publisher":{"@id":"https:\/\/allasorias.hu\/hirek\/#organization"}}]},"og:locale":"hu_HU","og:site_name":"AllasOrias.hu | H\u00edrek-lapszemle | \u00dczleti h\u00edrek az \u00e1ll\u00e1s \u00e9s a munka vil\u00e1g\u00e1b\u00f3l","og:type":"article","og:title":"Magas szinten az infl\u00e1ci\u00f3, mit hozhat az \u00e1rnyom\u00e1s? | AllasOrias.hu | H\u00edrek-lapszemle","og:description":"Magyarorsz\u00e1gon id\u00e9n m\u00e1jusban 3,9 sz\u00e1zal\u00e9kos volt az infl\u00e1ci\u00f3, ez stagn\u00e1l\u00e1st jelent, ugyanakkor a fontosabb mutat\u00f3, a maginfl\u00e1ci\u00f3 4 sz\u00e1zal\u00e9kra gyorsult. Ez\u00e9rt a jegybankt\u00f3l \u00fajabb enyhe szigor\u00edt\u00e1s v\u00e1rhat\u00f3. Tov\u00e1bbra is magas szinten van az infl\u00e1ci\u00f3. M\u00e1jusban \u00e9ves \u00f6sszevet\u00e9sben 3,9 sz\u00e1zal\u00e9kkal emelkedtek az \u00e1rak, ez megegyezik az \u00e1prilis \u00e1remelked\u00e9si \u00fctemmel. N\u00e9meth D\u00e1vid, a K&amp;H Bank vezet\u0151 elemz\u0151je","og:url":"https:\/\/allasorias.hu\/hirek\/magas-szinten-az-inflacio-mit-hozhat-az-arnyomas\/","og:image":"https:\/\/allasorias.hu\/hirek\/wp-content\/uploads\/2018\/11\/lead_560w.jpg","og:image:secure_url":"https:\/\/allasorias.hu\/hirek\/wp-content\/uploads\/2018\/11\/lead_560w.jpg","og:image:width":560,"og:image:height":420,"article:published_time":"2019-06-11T08:51:35+00:00","article:modified_time":"2019-06-11T08:51:35+00:00","article:publisher":"https:\/\/www.facebook.com\/allasorias","twitter:card":"summary_large_image","twitter:title":"Magas szinten az infl\u00e1ci\u00f3, mit hozhat az \u00e1rnyom\u00e1s? | AllasOrias.hu | H\u00edrek-lapszemle","twitter:description":"Magyarorsz\u00e1gon id\u00e9n m\u00e1jusban 3,9 sz\u00e1zal\u00e9kos volt az infl\u00e1ci\u00f3, ez stagn\u00e1l\u00e1st jelent, ugyanakkor a fontosabb mutat\u00f3, a maginfl\u00e1ci\u00f3 4 sz\u00e1zal\u00e9kra gyorsult. Ez\u00e9rt a jegybankt\u00f3l \u00fajabb enyhe szigor\u00edt\u00e1s v\u00e1rhat\u00f3. Tov\u00e1bbra is magas szinten van az infl\u00e1ci\u00f3. M\u00e1jusban \u00e9ves \u00f6sszevet\u00e9sben 3,9 sz\u00e1zal\u00e9kkal emelkedtek az \u00e1rak, ez megegyezik az \u00e1prilis \u00e1remelked\u00e9si \u00fctemmel. N\u00e9meth D\u00e1vid, a K&amp;H Bank vezet\u0151 elemz\u0151je","twitter:image":"https:\/\/allasorias.hu\/hirek\/wp-content\/uploads\/2018\/11\/lead_560w.jpg","twitter:label1":"Written by","twitter:data1":"Juh\u00e1sz P\u00e9ter","twitter:label2":"Est. reading time","twitter:data2":"3 minutes"},"aioseo_meta_data":{"post_id":"2977","title":null,"description":null,"keywords":null,"keyphrases":null,"primary_term":null,"canonical_url":null,"og_title":null,"og_description":null,"og_object_type":"default","og_image_type":"default","og_image_url":null,"og_image_width":null,"og_image_height":null,"og_image_custom_url":null,"og_image_custom_fields":null,"og_video":null,"og_custom_url":null,"og_article_section":null,"og_article_tags":null,"twitter_use_og":false,"twitter_card":"default","twitter_image_type":"default","twitter_image_url":null,"twitter_image_custom_url":null,"twitter_image_custom_fields":null,"twitter_title":null,"twitter_description":null,"schema":{"blockGraphs":[],"customGraphs":[],"default":{"data":{"Article":[],"Course":[],"Dataset":[],"FAQPage":[],"Movie":[],"Person":[],"Product":[],"ProductReview":[],"Car":[],"Recipe":[],"Service":[],"SoftwareApplication":[],"WebPage":[]},"graphName":"","isEnabled":true},"graphs":[],"defaultGraph":"","defaultPostTypeGraph":""},"schema_type":null,"schema_type_options":null,"pillar_content":false,"robots_default":true,"robots_noindex":false,"robots_noarchive":false,"robots_nosnippet":false,"robots_nofollow":false,"robots_noimageindex":false,"robots_noodp":false,"robots_notranslate":false,"robots_max_snippet":null,"robots_max_videopreview":null,"robots_max_imagepreview":"large","priority":null,"frequency":null,"location":null,"local_seo":null,"breadcrumb_settings":null,"limit_modified_date":false,"ai":null,"created":"2021-02-01 21:28:17","updated":"2025-10-02 11:26:51","seo_analyzer_scan_date":null,"focus_keyword":null,"additional_keywords":null,"truseo_locale":null},"aioseo_breadcrumb":"<div class=\"aioseo-breadcrumbs\"><span class=\"aioseo-breadcrumb\">\n\t\t\t<a href=\"https:\/\/allasorias.hu\/hirek\" title=\"Home\">Home<\/a>\n\t\t<\/span><span class=\"aioseo-breadcrumb-separator\">&raquo;<\/span><span class=\"aioseo-breadcrumb\">\n\t\t\t<a href=\"https:\/\/allasorias.hu\/hirek\/temak\/gazdasag\/\" title=\"Gazdas\u00e1g\">Gazdas\u00e1g<\/a>\n\t\t<\/span><span class=\"aioseo-breadcrumb-separator\">&raquo;<\/span><span class=\"aioseo-breadcrumb\">\n\t\t\tMagas szinten az infl\u00e1ci\u00f3, mit hozhat az \u00e1rnyom\u00e1s?\n\t\t<\/span><\/div>","aioseo_breadcrumb_json":[{"label":"Home","link":"https:\/\/allasorias.hu\/hirek"},{"label":"Gazdas\u00e1g","link":"https:\/\/allasorias.hu\/hirek\/temak\/gazdasag\/"},{"label":"Magas szinten az infl\u00e1ci\u00f3, mit hozhat az \u00e1rnyom\u00e1s?","link":"https:\/\/allasorias.hu\/hirek\/magas-szinten-az-inflacio-mit-hozhat-az-arnyomas\/"}],"_links":{"self":[{"href":"https:\/\/allasorias.hu\/hirek\/wp-json\/wp\/v2\/posts\/2977","targetHints":{"allow":["GET"]}}],"collection":[{"href":"https:\/\/allasorias.hu\/hirek\/wp-json\/wp\/v2\/posts"}],"about":[{"href":"https:\/\/allasorias.hu\/hirek\/wp-json\/wp\/v2\/types\/post"}],"author":[{"embeddable":true,"href":"https:\/\/allasorias.hu\/hirek\/wp-json\/wp\/v2\/users\/1"}],"replies":[{"embeddable":true,"href":"https:\/\/allasorias.hu\/hirek\/wp-json\/wp\/v2\/comments?post=2977"}],"version-history":[{"count":1,"href":"https:\/\/allasorias.hu\/hirek\/wp-json\/wp\/v2\/posts\/2977\/revisions"}],"predecessor-version":[{"id":2978,"href":"https:\/\/allasorias.hu\/hirek\/wp-json\/wp\/v2\/posts\/2977\/revisions\/2978"}],"wp:featuredmedia":[{"embeddable":true,"href":"https:\/\/allasorias.hu\/hirek\/wp-json\/wp\/v2\/media\/2075"}],"wp:attachment":[{"href":"https:\/\/allasorias.hu\/hirek\/wp-json\/wp\/v2\/media?parent=2977"}],"wp:term":[{"taxonomy":"category","embeddable":true,"href":"https:\/\/allasorias.hu\/hirek\/wp-json\/wp\/v2\/categories?post=2977"},{"taxonomy":"post_tag","embeddable":true,"href":"https:\/\/allasorias.hu\/hirek\/wp-json\/wp\/v2\/tags?post=2977"}],"curies":[{"name":"wp","href":"https:\/\/api.w.org\/{rel}","templated":true}]}}