{"id":2975,"date":"2019-06-11T08:47:30","date_gmt":"2019-06-11T08:47:30","guid":{"rendered":"https:\/\/allasorias.hu\/hirek\/?p=2975"},"modified":"2019-06-11T08:47:30","modified_gmt":"2019-06-11T08:47:30","slug":"tobb-aruhazat-bezarja-a-tesco","status":"publish","type":"post","link":"https:\/\/allasorias.hu\/hirek\/tobb-aruhazat-bezarja-a-tesco\/","title":{"rendered":"T\u00f6bb \u00e1ruh\u00e1z\u00e1t bez\u00e1rja a Tesco"},"content":{"rendered":"<p><strong>Gondokkal k\u00fcszk\u00f6dik a Tesco, ugyan rendbe hozta a Lidl \u00e9s az Aldi \u00e1ltal megszorongatott hazai, azaz brit h\u00e1l\u00f3zat\u00e1t, de a m\u00e1sodik \u00e9s a harmadik piac, a thaif\u00f6ldi \u00e9s lengyel nem megy el\u00e9g j\u00f3l, \u00edgy \u00e1ruh\u00e1z bez\u00e1r\u00e1sokra is sor ker\u00fcl. A r\u00e9szv\u00e9nyesek egy r\u00e9sze furcs\u00e1llja a vez\u00e9r gigantikus \u00e9ves javadalmaz\u00e1s\u00e1t, s val\u00f3ban, \u00a0a forintban 2 milli\u00e1rdos \u00f6sszeg kiss\u00e9 t\u00falz\u00e1snak mondhat\u00f3.<\/strong><\/p>\n<p>A vas\u00e1rnapi boltz\u00e1r nem j\u00f6tt j\u00f3l \u00a0a Tesc\u00f3nak Lengyelorsz\u00e1gban: n\u00e9gy hipermarketet \u00e9s egy hatalmas rakt\u00e1rb\u00e1zist z\u00e1r be az \u00e1ruh\u00e1zl\u00e1nc, hogy m\u00e9rs\u00e9kelje a vesztes\u00e9geket, \u00edrja a Deutsche Welle. Els\u0151re meglep\u0151nek t\u0171nik a dolog, hisz Lengyelorsz\u00e1gban is gyorsan n\u0151nek a b\u00e9rek, n\u0151 a v\u00e1s\u00e1rl\u00f3er\u0151. A probl\u00e9m\u00e1t azonban k\u00e9t f\u0151 t\u00e9nyez\u0151 okozza: a diszkontl\u00e1ncok megjelen\u00e9se, akik kevesebb munkaer\u0151vel is hat\u00e9konyan m\u0171k\u00f6dnek, illet\u0151leg a vas\u00e1rnapi boltz\u00e1r, ami \u00f6nmag\u00e1ban m\u00e9g nem teszik t\u00f6nkre az \u00fczletmenetet, de ha m\u00e1r nagyon ki\u00e9lezett a helyzet, el\u00e9g ahhoz, hogy vesztes\u00e9gbe ford\u00edtson egy-egy \u00e1ruh\u00e1zat.Term\u00e9szetesen Lengyelorsz\u00e1gban is komoly munkaer\u0151hi\u00e1ny van az \u00e1ruh\u00e1zi alkalmazottak k\u00f6z\u00f6tt, hisz a szomsz\u00e9dos N\u00e9metorsz\u00e1g elsz\u00edvja a munkaer\u0151t magas fizet\u00e9seivel. \u00cdgy nemcsak a munkaer\u0151 k\u00f6lts\u00e9ge magasabb annak, akin\u00e9l t\u00f6bb az alkalmazott, hanem maga a munkaer\u0151 toborz\u00e1s is nagy kih\u00edv\u00e1s.A c\u00e9g tavaly \u00f6sszesen 13 lengyelorsz\u00e1gi \u00e1ruh\u00e1zat jel\u00f6lt ki bez\u00e1r\u00e1sra, mivel tart\u00f3san vesztes\u00e9gesek (k\u00e9ts\u00e9gk\u00edv\u00fcl a f\u0151v\u00e1rosban \u00e9s a s\u0171r\u0171n lakott ter\u00fcleteken az\u00e9rt j\u00f3l mennek a boltok, a kisebb helyeken viszont a rugalmasabb diszkontok tarolnak). Lengyelorsz\u00e1g a Tesco m\u00e1sodik legnagyobb piaca Thaif\u00f6ld ut\u00e1n az \u00e1ruh\u00e1zak sz\u00e1m\u00e1t tekintve, \u00edgy d\u00f6nt\u0151, hogy milyen eredm\u00e9nyt tud itt el\u00e9rni. A c\u00e9g \u00f6sszesen 460 ezer embert foglalkoztat vil\u00e1gszerte, ebb\u0151l 300 ezret Nagy-Britanni\u00e1ban.Mindek\u00f6zben a c\u00e9g \u00e9ves k\u00f6zgy\u0171l\u00e9se el\u0151tt egyes r\u00e9szv\u00e9nyesi csoportok nemtetsz\u00e9s\u00fcket fejezt\u00e9k ki amiatt, hogy a c\u00e9gvez\u00e9r, Dave Lewis 4,6 milli\u00f3 font sterling \u00f6sszeg\u0171 juttat\u00e1st kapott a tavalyi \u00e9vre, ami a 226-szorosa egy \u00e1tlagos Tesco dolgoz\u00f3 20 364 fontos \u00e9ves j\u00f6vedelm\u00e9nek (ez 7,3 milli\u00f3 forint, mondanunk sem kell, hogy n\u00e1lunk ez l\u00e9nyegesen alacsonyabb).A r\u00e9szv\u00e9nyesek azt kifog\u00e1solj\u00e1k, hogy a szektorban j\u00f3val kisebb \u00f6sszeget kapnak az els\u0151 emberek, a Tesco viszont azt k\u00f6z\u00f6lte, hogy a vez\u00e9r alapfizet\u00e9s\u00e9t n\u00e9gy \u00e9ve nem emelt\u00e9k. A csillag\u00e1szati j\u00f6vedelem val\u00f3sz\u00edn\u0171leg legink\u00e1bb annak k\u00f6sz\u00f6nhet\u0151, hogy a n\u00e9h\u00e1ny \u00e9ve nagy bajban l\u00e9v\u0151 brit oper\u00e1ci\u00f3t Lewis rendbe hozta: csak a tavalyi \u00e9vben 28,8 sz\u00e1zal\u00e9kkal n\u0151tt az ad\u00f3 el\u0151tti nyeres\u00e9g, az \u00e1rbev\u00e9tel pedig 11,2 sz\u00e1zal\u00e9kkal n\u0151tt 63,9 milli\u00e1rd fontra.<\/p>\n<p>Forr\u00e1s: privatbankar.hu<\/p>\n","protected":false},"excerpt":{"rendered":"<p>Gondokkal k\u00fcszk\u00f6dik a Tesco, ugyan rendbe hozta a Lidl \u00e9s az Aldi \u00e1ltal megszorongatott hazai, azaz brit h\u00e1l\u00f3zat\u00e1t, de a m\u00e1sodik \u00e9s a harmadik piac, a thaif\u00f6ldi \u00e9s lengyel nem megy el\u00e9g j\u00f3l, \u00edgy \u00e1ruh\u00e1z bez\u00e1r\u00e1sokra is sor ker\u00fcl. A r\u00e9szv\u00e9nyesek egy r\u00e9sze furcs\u00e1llja a vez\u00e9r gigantikus \u00e9ves javadalmaz\u00e1s\u00e1t, s val\u00f3ban, \u00a0a forintban 2 milli\u00e1rdos [&hellip;]<\/p>\n","protected":false},"author":1,"featured_media":2483,"comment_status":"open","ping_status":"open","sticky":false,"template":"","format":"standard","meta":{"_monsterinsights_skip_tracking":false,"footnotes":""},"categories":[198],"tags":[],"class_list":["post-2975","post","type-post","status-publish","format-standard","has-post-thumbnail","hentry","category-gazdasag"],"aioseo_notices":[],"aioseo_head":"\n\t\t<!-- All in One SEO 5.0.0.1 - aioseo.com -->\n\t<meta name=\"description\" content=\"Gondokkal k\u00fcszk\u00f6dik a Tesco, ugyan rendbe hozta a Lidl \u00e9s az Aldi \u00e1ltal megszorongatott hazai, azaz brit h\u00e1l\u00f3zat\u00e1t, de a m\u00e1sodik \u00e9s a harmadik piac, a thaif\u00f6ldi \u00e9s lengyel nem megy el\u00e9g j\u00f3l, \u00edgy \u00e1ruh\u00e1z bez\u00e1r\u00e1sokra is sor ker\u00fcl. A r\u00e9szv\u00e9nyesek egy r\u00e9sze furcs\u00e1llja a vez\u00e9r gigantikus \u00e9ves javadalmaz\u00e1s\u00e1t, s val\u00f3ban, a forintban 2 milli\u00e1rdos\" \/>\n\t<meta name=\"robots\" content=\"max-image-preview:large\" \/>\n\t<meta name=\"author\" content=\"Juh\u00e1sz P\u00e9ter\"\/>\n\t<link rel=\"canonical\" href=\"https:\/\/allasorias.hu\/hirek\/tobb-aruhazat-bezarja-a-tesco\/\" \/>\n\t<meta name=\"generator\" content=\"All in One SEO (AIOSEO) 5.0.0.1\" \/>\n\t\t<meta property=\"og:locale\" content=\"hu_HU\" \/>\n\t\t<meta property=\"og:site_name\" content=\"AllasOrias.hu | H\u00edrek-lapszemle | \u00dczleti h\u00edrek az \u00e1ll\u00e1s \u00e9s a munka vil\u00e1g\u00e1b\u00f3l\" \/>\n\t\t<meta property=\"og:type\" content=\"article\" \/>\n\t\t<meta property=\"og:title\" content=\"T\u00f6bb \u00e1ruh\u00e1z\u00e1t bez\u00e1rja a Tesco | AllasOrias.hu | H\u00edrek-lapszemle\" \/>\n\t\t<meta property=\"og:description\" content=\"Gondokkal k\u00fcszk\u00f6dik a Tesco, ugyan rendbe hozta a Lidl \u00e9s az Aldi \u00e1ltal megszorongatott hazai, azaz brit h\u00e1l\u00f3zat\u00e1t, de a m\u00e1sodik \u00e9s a harmadik piac, a thaif\u00f6ldi \u00e9s lengyel nem megy el\u00e9g j\u00f3l, \u00edgy \u00e1ruh\u00e1z bez\u00e1r\u00e1sokra is sor ker\u00fcl. A r\u00e9szv\u00e9nyesek egy r\u00e9sze furcs\u00e1llja a vez\u00e9r gigantikus \u00e9ves javadalmaz\u00e1s\u00e1t, s val\u00f3ban, a forintban 2 milli\u00e1rdos\" \/>\n\t\t<meta property=\"og:url\" content=\"https:\/\/allasorias.hu\/hirek\/tobb-aruhazat-bezarja-a-tesco\/\" \/>\n\t\t<meta property=\"og:image\" content=\"https:\/\/allasorias.hu\/hirek\/wp-content\/uploads\/2019\/01\/tesco.jpg\" \/>\n\t\t<meta property=\"og:image:secure_url\" content=\"https:\/\/allasorias.hu\/hirek\/wp-content\/uploads\/2019\/01\/tesco.jpg\" \/>\n\t\t<meta property=\"og:image:width\" content=\"660\" \/>\n\t\t<meta property=\"og:image:height\" content=\"371\" \/>\n\t\t<meta property=\"article:published_time\" content=\"2019-06-11T08:47:30+00:00\" \/>\n\t\t<meta property=\"article:modified_time\" content=\"2019-06-11T08:47:30+00:00\" \/>\n\t\t<meta property=\"article:publisher\" content=\"https:\/\/www.facebook.com\/allasorias\" \/>\n\t\t<meta name=\"twitter:card\" content=\"summary_large_image\" \/>\n\t\t<meta name=\"twitter:title\" content=\"T\u00f6bb \u00e1ruh\u00e1z\u00e1t bez\u00e1rja a Tesco | AllasOrias.hu | H\u00edrek-lapszemle\" \/>\n\t\t<meta name=\"twitter:description\" content=\"Gondokkal k\u00fcszk\u00f6dik a Tesco, ugyan rendbe hozta a Lidl \u00e9s az Aldi \u00e1ltal megszorongatott hazai, azaz brit h\u00e1l\u00f3zat\u00e1t, de a m\u00e1sodik \u00e9s a harmadik piac, a thaif\u00f6ldi \u00e9s lengyel nem megy el\u00e9g j\u00f3l, \u00edgy \u00e1ruh\u00e1z bez\u00e1r\u00e1sokra is sor ker\u00fcl. A r\u00e9szv\u00e9nyesek egy r\u00e9sze furcs\u00e1llja a vez\u00e9r gigantikus \u00e9ves javadalmaz\u00e1s\u00e1t, s val\u00f3ban, a forintban 2 milli\u00e1rdos\" \/>\n\t\t<meta name=\"twitter:image\" content=\"https:\/\/allasorias.hu\/hirek\/wp-content\/uploads\/2019\/01\/tesco.jpg\" \/>\n\t\t<meta name=\"twitter:label1\" content=\"Written by\" \/>\n\t\t<meta name=\"twitter:data1\" content=\"Juh\u00e1sz P\u00e9ter\" \/>\n\t\t<meta name=\"twitter:label2\" content=\"Est. reading time\" \/>\n\t\t<meta name=\"twitter:data2\" content=\"3 minutes\" \/>\n\t\t<script type=\"application\/ld+json\" class=\"aioseo-schema\">\n\t\t\t{\"@context\":\"https:\\\/\\\/schema.org\",\"@graph\":[{\"@type\":\"Article\",\"@id\":\"https:\\\/\\\/allasorias.hu\\\/hirek\\\/tobb-aruhazat-bezarja-a-tesco\\\/#article\",\"name\":\"T\\u00f6bb \\u00e1ruh\\u00e1z\\u00e1t bez\\u00e1rja a Tesco | AllasOrias.hu | H\\u00edrek-lapszemle\",\"headline\":\"T\\u00f6bb \\u00e1ruh\\u00e1z\\u00e1t bez\\u00e1rja a Tesco\",\"author\":{\"@id\":\"https:\\\/\\\/allasorias.hu\\\/hirek\\\/author\\\/admin-allasorias\\\/#author\"},\"publisher\":{\"@id\":\"https:\\\/\\\/allasorias.hu\\\/hirek\\\/#organization\"},\"image\":{\"@type\":\"ImageObject\",\"url\":\"https:\\\/\\\/allasorias.hu\\\/hirek\\\/wp-content\\\/uploads\\\/2019\\\/01\\\/tesco.jpg\",\"width\":660,\"height\":371},\"datePublished\":\"2019-06-11T08:47:30+02:00\",\"dateModified\":\"2019-06-11T08:47:30+02:00\",\"inLanguage\":\"hu-HU\",\"mainEntityOfPage\":{\"@id\":\"https:\\\/\\\/allasorias.hu\\\/hirek\\\/tobb-aruhazat-bezarja-a-tesco\\\/#webpage\"},\"isPartOf\":{\"@id\":\"https:\\\/\\\/allasorias.hu\\\/hirek\\\/tobb-aruhazat-bezarja-a-tesco\\\/#webpage\"},\"articleSection\":\"Gazdas\\u00e1g\"},{\"@type\":\"BreadcrumbList\",\"@id\":\"https:\\\/\\\/allasorias.hu\\\/hirek\\\/tobb-aruhazat-bezarja-a-tesco\\\/#breadcrumblist\",\"itemListElement\":[{\"@type\":\"ListItem\",\"@id\":\"https:\\\/\\\/allasorias.hu\\\/hirek#listItem\",\"position\":1,\"name\":\"Home\",\"item\":\"https:\\\/\\\/allasorias.hu\\\/hirek\",\"nextItem\":{\"@type\":\"ListItem\",\"@id\":\"https:\\\/\\\/allasorias.hu\\\/hirek\\\/temak\\\/gazdasag\\\/#listItem\",\"name\":\"Gazdas\\u00e1g\"}},{\"@type\":\"ListItem\",\"@id\":\"https:\\\/\\\/allasorias.hu\\\/hirek\\\/temak\\\/gazdasag\\\/#listItem\",\"position\":2,\"name\":\"Gazdas\\u00e1g\",\"item\":\"https:\\\/\\\/allasorias.hu\\\/hirek\\\/temak\\\/gazdasag\\\/\",\"nextItem\":{\"@type\":\"ListItem\",\"@id\":\"https:\\\/\\\/allasorias.hu\\\/hirek\\\/tobb-aruhazat-bezarja-a-tesco\\\/#listItem\",\"name\":\"T\\u00f6bb \\u00e1ruh\\u00e1z\\u00e1t bez\\u00e1rja a Tesco\"},\"previousItem\":{\"@type\":\"ListItem\",\"@id\":\"https:\\\/\\\/allasorias.hu\\\/hirek#listItem\",\"name\":\"Home\"}},{\"@type\":\"ListItem\",\"@id\":\"https:\\\/\\\/allasorias.hu\\\/hirek\\\/tobb-aruhazat-bezarja-a-tesco\\\/#listItem\",\"position\":3,\"name\":\"T\\u00f6bb \\u00e1ruh\\u00e1z\\u00e1t bez\\u00e1rja a Tesco\",\"previousItem\":{\"@type\":\"ListItem\",\"@id\":\"https:\\\/\\\/allasorias.hu\\\/hirek\\\/temak\\\/gazdasag\\\/#listItem\",\"name\":\"Gazdas\\u00e1g\"}}]},{\"@type\":\"Organization\",\"@id\":\"https:\\\/\\\/allasorias.hu\\\/hirek\\\/#organization\",\"name\":\"AllasOrias.hu | H\\u00edrek-lapszemle\",\"description\":\"\\u00dczleti h\\u00edrek az \\u00e1ll\\u00e1s \\u00e9s a munka vil\\u00e1g\\u00e1b\\u00f3l\",\"url\":\"https:\\\/\\\/allasorias.hu\\\/hirek\\\/\",\"logo\":{\"@type\":\"ImageObject\",\"url\":\"https:\\\/\\\/allasorias.hu\\\/hirek\\\/wp-content\\\/uploads\\\/2022\\\/10\\\/allasorias_site_facebok_logo.png\",\"@id\":\"https:\\\/\\\/allasorias.hu\\\/hirek\\\/tobb-aruhazat-bezarja-a-tesco\\\/#organizationLogo\"},\"image\":{\"@id\":\"https:\\\/\\\/allasorias.hu\\\/hirek\\\/tobb-aruhazat-bezarja-a-tesco\\\/#organizationLogo\"},\"sameAs\":[\"https:\\\/\\\/www.facebook.com\\\/allasorias\",\"https:\\\/\\\/www.linkedin.com\\\/company\\\/allasorias\"]},{\"@type\":\"Person\",\"@id\":\"https:\\\/\\\/allasorias.hu\\\/hirek\\\/author\\\/admin-allasorias\\\/#author\",\"url\":\"https:\\\/\\\/allasorias.hu\\\/hirek\\\/author\\\/admin-allasorias\\\/\",\"name\":\"Juh\\u00e1sz P\\u00e9ter\",\"image\":{\"@type\":\"ImageObject\",\"@id\":\"https:\\\/\\\/allasorias.hu\\\/hirek\\\/tobb-aruhazat-bezarja-a-tesco\\\/#authorImage\",\"url\":\"https:\\\/\\\/secure.gravatar.com\\\/avatar\\\/36e6bcb83148978b992977cb0f54d22feb0cce8a0a849a9410532bb2623ba4c6?s=96&d=mm&r=g\",\"width\":96,\"height\":96,\"caption\":\"Juh\\u00e1sz P\\u00e9ter\"}},{\"@type\":\"WebPage\",\"@id\":\"https:\\\/\\\/allasorias.hu\\\/hirek\\\/tobb-aruhazat-bezarja-a-tesco\\\/#webpage\",\"url\":\"https:\\\/\\\/allasorias.hu\\\/hirek\\\/tobb-aruhazat-bezarja-a-tesco\\\/\",\"name\":\"T\\u00f6bb \\u00e1ruh\\u00e1z\\u00e1t bez\\u00e1rja a Tesco | AllasOrias.hu | H\\u00edrek-lapszemle\",\"description\":\"Gondokkal k\\u00fcszk\\u00f6dik a Tesco, ugyan rendbe hozta a Lidl \\u00e9s az Aldi \\u00e1ltal megszorongatott hazai, azaz brit h\\u00e1l\\u00f3zat\\u00e1t, de a m\\u00e1sodik \\u00e9s a harmadik piac, a thaif\\u00f6ldi \\u00e9s lengyel nem megy el\\u00e9g j\\u00f3l, \\u00edgy \\u00e1ruh\\u00e1z bez\\u00e1r\\u00e1sokra is sor ker\\u00fcl. A r\\u00e9szv\\u00e9nyesek egy r\\u00e9sze furcs\\u00e1llja a vez\\u00e9r gigantikus \\u00e9ves javadalmaz\\u00e1s\\u00e1t, s val\\u00f3ban, a forintban 2 milli\\u00e1rdos\",\"inLanguage\":\"hu-HU\",\"isPartOf\":{\"@id\":\"https:\\\/\\\/allasorias.hu\\\/hirek\\\/#website\"},\"breadcrumb\":{\"@id\":\"https:\\\/\\\/allasorias.hu\\\/hirek\\\/tobb-aruhazat-bezarja-a-tesco\\\/#breadcrumblist\"},\"author\":{\"@id\":\"https:\\\/\\\/allasorias.hu\\\/hirek\\\/author\\\/admin-allasorias\\\/#author\"},\"creator\":{\"@id\":\"https:\\\/\\\/allasorias.hu\\\/hirek\\\/author\\\/admin-allasorias\\\/#author\"},\"image\":{\"@type\":\"ImageObject\",\"url\":\"https:\\\/\\\/allasorias.hu\\\/hirek\\\/wp-content\\\/uploads\\\/2019\\\/01\\\/tesco.jpg\",\"@id\":\"https:\\\/\\\/allasorias.hu\\\/hirek\\\/tobb-aruhazat-bezarja-a-tesco\\\/#mainImage\",\"width\":660,\"height\":371},\"primaryImageOfPage\":{\"@id\":\"https:\\\/\\\/allasorias.hu\\\/hirek\\\/tobb-aruhazat-bezarja-a-tesco\\\/#mainImage\"},\"datePublished\":\"2019-06-11T08:47:30+02:00\",\"dateModified\":\"2019-06-11T08:47:30+02:00\"},{\"@type\":\"WebSite\",\"@id\":\"https:\\\/\\\/allasorias.hu\\\/hirek\\\/#website\",\"url\":\"https:\\\/\\\/allasorias.hu\\\/hirek\\\/\",\"name\":\"AllasOrias.hu | H\\u00edrek-lapszemle\",\"description\":\"\\u00dczleti h\\u00edrek az \\u00e1ll\\u00e1s \\u00e9s a munka vil\\u00e1g\\u00e1b\\u00f3l\",\"inLanguage\":\"hu-HU\",\"publisher\":{\"@id\":\"https:\\\/\\\/allasorias.hu\\\/hirek\\\/#organization\"}}]}\n\t\t<\/script>\n\t\t<!-- All in One SEO -->\n\n","aioseo_head_json":{"title":"T\u00f6bb \u00e1ruh\u00e1z\u00e1t bez\u00e1rja a Tesco | AllasOrias.hu | H\u00edrek-lapszemle","description":"Gondokkal k\u00fcszk\u00f6dik a Tesco, ugyan rendbe hozta a Lidl \u00e9s az Aldi \u00e1ltal megszorongatott hazai, azaz brit h\u00e1l\u00f3zat\u00e1t, de a m\u00e1sodik \u00e9s a harmadik piac, a thaif\u00f6ldi \u00e9s lengyel nem megy el\u00e9g j\u00f3l, \u00edgy \u00e1ruh\u00e1z bez\u00e1r\u00e1sokra is sor ker\u00fcl. A r\u00e9szv\u00e9nyesek egy r\u00e9sze furcs\u00e1llja a vez\u00e9r gigantikus \u00e9ves javadalmaz\u00e1s\u00e1t, s val\u00f3ban, a forintban 2 milli\u00e1rdos","canonical_url":"https:\/\/allasorias.hu\/hirek\/tobb-aruhazat-bezarja-a-tesco\/","robots":"max-image-preview:large","keywords":"","webmasterTools":{"miscellaneous":""},"schema":{"@context":"https:\/\/schema.org","@graph":[{"@type":"Article","@id":"https:\/\/allasorias.hu\/hirek\/tobb-aruhazat-bezarja-a-tesco\/#article","name":"T\u00f6bb \u00e1ruh\u00e1z\u00e1t bez\u00e1rja a Tesco | AllasOrias.hu | H\u00edrek-lapszemle","headline":"T\u00f6bb \u00e1ruh\u00e1z\u00e1t bez\u00e1rja a Tesco","author":{"@id":"https:\/\/allasorias.hu\/hirek\/author\/admin-allasorias\/#author"},"publisher":{"@id":"https:\/\/allasorias.hu\/hirek\/#organization"},"image":{"@type":"ImageObject","url":"https:\/\/allasorias.hu\/hirek\/wp-content\/uploads\/2019\/01\/tesco.jpg","width":660,"height":371},"datePublished":"2019-06-11T08:47:30+02:00","dateModified":"2019-06-11T08:47:30+02:00","inLanguage":"hu-HU","mainEntityOfPage":{"@id":"https:\/\/allasorias.hu\/hirek\/tobb-aruhazat-bezarja-a-tesco\/#webpage"},"isPartOf":{"@id":"https:\/\/allasorias.hu\/hirek\/tobb-aruhazat-bezarja-a-tesco\/#webpage"},"articleSection":"Gazdas\u00e1g"},{"@type":"BreadcrumbList","@id":"https:\/\/allasorias.hu\/hirek\/tobb-aruhazat-bezarja-a-tesco\/#breadcrumblist","itemListElement":[{"@type":"ListItem","@id":"https:\/\/allasorias.hu\/hirek#listItem","position":1,"name":"Home","item":"https:\/\/allasorias.hu\/hirek","nextItem":{"@type":"ListItem","@id":"https:\/\/allasorias.hu\/hirek\/temak\/gazdasag\/#listItem","name":"Gazdas\u00e1g"}},{"@type":"ListItem","@id":"https:\/\/allasorias.hu\/hirek\/temak\/gazdasag\/#listItem","position":2,"name":"Gazdas\u00e1g","item":"https:\/\/allasorias.hu\/hirek\/temak\/gazdasag\/","nextItem":{"@type":"ListItem","@id":"https:\/\/allasorias.hu\/hirek\/tobb-aruhazat-bezarja-a-tesco\/#listItem","name":"T\u00f6bb \u00e1ruh\u00e1z\u00e1t bez\u00e1rja a Tesco"},"previousItem":{"@type":"ListItem","@id":"https:\/\/allasorias.hu\/hirek#listItem","name":"Home"}},{"@type":"ListItem","@id":"https:\/\/allasorias.hu\/hirek\/tobb-aruhazat-bezarja-a-tesco\/#listItem","position":3,"name":"T\u00f6bb \u00e1ruh\u00e1z\u00e1t bez\u00e1rja a Tesco","previousItem":{"@type":"ListItem","@id":"https:\/\/allasorias.hu\/hirek\/temak\/gazdasag\/#listItem","name":"Gazdas\u00e1g"}}]},{"@type":"Organization","@id":"https:\/\/allasorias.hu\/hirek\/#organization","name":"AllasOrias.hu | H\u00edrek-lapszemle","description":"\u00dczleti h\u00edrek az \u00e1ll\u00e1s \u00e9s a munka vil\u00e1g\u00e1b\u00f3l","url":"https:\/\/allasorias.hu\/hirek\/","logo":{"@type":"ImageObject","url":"https:\/\/allasorias.hu\/hirek\/wp-content\/uploads\/2022\/10\/allasorias_site_facebok_logo.png","@id":"https:\/\/allasorias.hu\/hirek\/tobb-aruhazat-bezarja-a-tesco\/#organizationLogo"},"image":{"@id":"https:\/\/allasorias.hu\/hirek\/tobb-aruhazat-bezarja-a-tesco\/#organizationLogo"},"sameAs":["https:\/\/www.facebook.com\/allasorias","https:\/\/www.linkedin.com\/company\/allasorias"]},{"@type":"Person","@id":"https:\/\/allasorias.hu\/hirek\/author\/admin-allasorias\/#author","url":"https:\/\/allasorias.hu\/hirek\/author\/admin-allasorias\/","name":"Juh\u00e1sz P\u00e9ter","image":{"@type":"ImageObject","@id":"https:\/\/allasorias.hu\/hirek\/tobb-aruhazat-bezarja-a-tesco\/#authorImage","url":"https:\/\/secure.gravatar.com\/avatar\/36e6bcb83148978b992977cb0f54d22feb0cce8a0a849a9410532bb2623ba4c6?s=96&d=mm&r=g","width":96,"height":96,"caption":"Juh\u00e1sz P\u00e9ter"}},{"@type":"WebPage","@id":"https:\/\/allasorias.hu\/hirek\/tobb-aruhazat-bezarja-a-tesco\/#webpage","url":"https:\/\/allasorias.hu\/hirek\/tobb-aruhazat-bezarja-a-tesco\/","name":"T\u00f6bb \u00e1ruh\u00e1z\u00e1t bez\u00e1rja a Tesco | AllasOrias.hu | H\u00edrek-lapszemle","description":"Gondokkal k\u00fcszk\u00f6dik a Tesco, ugyan rendbe hozta a Lidl \u00e9s az Aldi \u00e1ltal megszorongatott hazai, azaz brit h\u00e1l\u00f3zat\u00e1t, de a m\u00e1sodik \u00e9s a harmadik piac, a thaif\u00f6ldi \u00e9s lengyel nem megy el\u00e9g j\u00f3l, \u00edgy \u00e1ruh\u00e1z bez\u00e1r\u00e1sokra is sor ker\u00fcl. A r\u00e9szv\u00e9nyesek egy r\u00e9sze furcs\u00e1llja a vez\u00e9r gigantikus \u00e9ves javadalmaz\u00e1s\u00e1t, s val\u00f3ban, a forintban 2 milli\u00e1rdos","inLanguage":"hu-HU","isPartOf":{"@id":"https:\/\/allasorias.hu\/hirek\/#website"},"breadcrumb":{"@id":"https:\/\/allasorias.hu\/hirek\/tobb-aruhazat-bezarja-a-tesco\/#breadcrumblist"},"author":{"@id":"https:\/\/allasorias.hu\/hirek\/author\/admin-allasorias\/#author"},"creator":{"@id":"https:\/\/allasorias.hu\/hirek\/author\/admin-allasorias\/#author"},"image":{"@type":"ImageObject","url":"https:\/\/allasorias.hu\/hirek\/wp-content\/uploads\/2019\/01\/tesco.jpg","@id":"https:\/\/allasorias.hu\/hirek\/tobb-aruhazat-bezarja-a-tesco\/#mainImage","width":660,"height":371},"primaryImageOfPage":{"@id":"https:\/\/allasorias.hu\/hirek\/tobb-aruhazat-bezarja-a-tesco\/#mainImage"},"datePublished":"2019-06-11T08:47:30+02:00","dateModified":"2019-06-11T08:47:30+02:00"},{"@type":"WebSite","@id":"https:\/\/allasorias.hu\/hirek\/#website","url":"https:\/\/allasorias.hu\/hirek\/","name":"AllasOrias.hu | H\u00edrek-lapszemle","description":"\u00dczleti h\u00edrek az \u00e1ll\u00e1s \u00e9s a munka vil\u00e1g\u00e1b\u00f3l","inLanguage":"hu-HU","publisher":{"@id":"https:\/\/allasorias.hu\/hirek\/#organization"}}]},"og:locale":"hu_HU","og:site_name":"AllasOrias.hu | H\u00edrek-lapszemle | \u00dczleti h\u00edrek az \u00e1ll\u00e1s \u00e9s a munka vil\u00e1g\u00e1b\u00f3l","og:type":"article","og:title":"T\u00f6bb \u00e1ruh\u00e1z\u00e1t bez\u00e1rja a Tesco | AllasOrias.hu | H\u00edrek-lapszemle","og:description":"Gondokkal k\u00fcszk\u00f6dik a Tesco, ugyan rendbe hozta a Lidl \u00e9s az Aldi \u00e1ltal megszorongatott hazai, azaz brit h\u00e1l\u00f3zat\u00e1t, de a m\u00e1sodik \u00e9s a harmadik piac, a thaif\u00f6ldi \u00e9s lengyel nem megy el\u00e9g j\u00f3l, \u00edgy \u00e1ruh\u00e1z bez\u00e1r\u00e1sokra is sor ker\u00fcl. A r\u00e9szv\u00e9nyesek egy r\u00e9sze furcs\u00e1llja a vez\u00e9r gigantikus \u00e9ves javadalmaz\u00e1s\u00e1t, s val\u00f3ban, a forintban 2 milli\u00e1rdos","og:url":"https:\/\/allasorias.hu\/hirek\/tobb-aruhazat-bezarja-a-tesco\/","og:image":"https:\/\/allasorias.hu\/hirek\/wp-content\/uploads\/2019\/01\/tesco.jpg","og:image:secure_url":"https:\/\/allasorias.hu\/hirek\/wp-content\/uploads\/2019\/01\/tesco.jpg","og:image:width":660,"og:image:height":371,"article:published_time":"2019-06-11T08:47:30+00:00","article:modified_time":"2019-06-11T08:47:30+00:00","article:publisher":"https:\/\/www.facebook.com\/allasorias","twitter:card":"summary_large_image","twitter:title":"T\u00f6bb \u00e1ruh\u00e1z\u00e1t bez\u00e1rja a Tesco | AllasOrias.hu | H\u00edrek-lapszemle","twitter:description":"Gondokkal k\u00fcszk\u00f6dik a Tesco, ugyan rendbe hozta a Lidl \u00e9s az Aldi \u00e1ltal megszorongatott hazai, azaz brit h\u00e1l\u00f3zat\u00e1t, de a m\u00e1sodik \u00e9s a harmadik piac, a thaif\u00f6ldi \u00e9s lengyel nem megy el\u00e9g j\u00f3l, \u00edgy \u00e1ruh\u00e1z bez\u00e1r\u00e1sokra is sor ker\u00fcl. A r\u00e9szv\u00e9nyesek egy r\u00e9sze furcs\u00e1llja a vez\u00e9r gigantikus \u00e9ves javadalmaz\u00e1s\u00e1t, s val\u00f3ban, a forintban 2 milli\u00e1rdos","twitter:image":"https:\/\/allasorias.hu\/hirek\/wp-content\/uploads\/2019\/01\/tesco.jpg","twitter:label1":"Written by","twitter:data1":"Juh\u00e1sz P\u00e9ter","twitter:label2":"Est. reading time","twitter:data2":"3 minutes"},"aioseo_meta_data":{"post_id":"2975","title":null,"description":null,"keywords":null,"keyphrases":null,"primary_term":null,"canonical_url":null,"og_title":null,"og_description":null,"og_object_type":"default","og_image_type":"default","og_image_url":null,"og_image_width":null,"og_image_height":null,"og_image_custom_url":null,"og_image_custom_fields":null,"og_video":null,"og_custom_url":null,"og_article_section":null,"og_article_tags":null,"twitter_use_og":false,"twitter_card":"default","twitter_image_type":"default","twitter_image_url":null,"twitter_image_custom_url":null,"twitter_image_custom_fields":null,"twitter_title":null,"twitter_description":null,"schema":{"blockGraphs":[],"customGraphs":[],"default":{"data":{"Article":[],"Course":[],"Dataset":[],"FAQPage":[],"Movie":[],"Person":[],"Product":[],"ProductReview":[],"Car":[],"Recipe":[],"Service":[],"SoftwareApplication":[],"WebPage":[]},"graphName":"","isEnabled":true},"graphs":[],"defaultGraph":"","defaultPostTypeGraph":""},"schema_type":null,"schema_type_options":null,"pillar_content":false,"robots_default":true,"robots_noindex":false,"robots_noarchive":false,"robots_nosnippet":false,"robots_nofollow":false,"robots_noimageindex":false,"robots_noodp":false,"robots_notranslate":false,"robots_max_snippet":null,"robots_max_videopreview":null,"robots_max_imagepreview":"large","priority":null,"frequency":null,"location":null,"local_seo":null,"breadcrumb_settings":null,"limit_modified_date":false,"ai":null,"created":"2021-02-01 21:28:17","updated":"2025-10-02 11:26:51","seo_analyzer_scan_date":null,"focus_keyword":null,"additional_keywords":null,"truseo_locale":null},"aioseo_breadcrumb":"<div class=\"aioseo-breadcrumbs\"><span class=\"aioseo-breadcrumb\">\n\t\t\t<a href=\"https:\/\/allasorias.hu\/hirek\" title=\"Home\">Home<\/a>\n\t\t<\/span><span class=\"aioseo-breadcrumb-separator\">&raquo;<\/span><span class=\"aioseo-breadcrumb\">\n\t\t\t<a href=\"https:\/\/allasorias.hu\/hirek\/temak\/gazdasag\/\" title=\"Gazdas\u00e1g\">Gazdas\u00e1g<\/a>\n\t\t<\/span><span class=\"aioseo-breadcrumb-separator\">&raquo;<\/span><span class=\"aioseo-breadcrumb\">\n\t\t\tT\u00f6bb \u00e1ruh\u00e1z\u00e1t bez\u00e1rja a Tesco\n\t\t<\/span><\/div>","aioseo_breadcrumb_json":[{"label":"Home","link":"https:\/\/allasorias.hu\/hirek"},{"label":"Gazdas\u00e1g","link":"https:\/\/allasorias.hu\/hirek\/temak\/gazdasag\/"},{"label":"T\u00f6bb \u00e1ruh\u00e1z\u00e1t bez\u00e1rja a Tesco","link":"https:\/\/allasorias.hu\/hirek\/tobb-aruhazat-bezarja-a-tesco\/"}],"_links":{"self":[{"href":"https:\/\/allasorias.hu\/hirek\/wp-json\/wp\/v2\/posts\/2975","targetHints":{"allow":["GET"]}}],"collection":[{"href":"https:\/\/allasorias.hu\/hirek\/wp-json\/wp\/v2\/posts"}],"about":[{"href":"https:\/\/allasorias.hu\/hirek\/wp-json\/wp\/v2\/types\/post"}],"author":[{"embeddable":true,"href":"https:\/\/allasorias.hu\/hirek\/wp-json\/wp\/v2\/users\/1"}],"replies":[{"embeddable":true,"href":"https:\/\/allasorias.hu\/hirek\/wp-json\/wp\/v2\/comments?post=2975"}],"version-history":[{"count":1,"href":"https:\/\/allasorias.hu\/hirek\/wp-json\/wp\/v2\/posts\/2975\/revisions"}],"predecessor-version":[{"id":2976,"href":"https:\/\/allasorias.hu\/hirek\/wp-json\/wp\/v2\/posts\/2975\/revisions\/2976"}],"wp:featuredmedia":[{"embeddable":true,"href":"https:\/\/allasorias.hu\/hirek\/wp-json\/wp\/v2\/media\/2483"}],"wp:attachment":[{"href":"https:\/\/allasorias.hu\/hirek\/wp-json\/wp\/v2\/media?parent=2975"}],"wp:term":[{"taxonomy":"category","embeddable":true,"href":"https:\/\/allasorias.hu\/hirek\/wp-json\/wp\/v2\/categories?post=2975"},{"taxonomy":"post_tag","embeddable":true,"href":"https:\/\/allasorias.hu\/hirek\/wp-json\/wp\/v2\/tags?post=2975"}],"curies":[{"name":"wp","href":"https:\/\/api.w.org\/{rel}","templated":true}]}}