{"id":2973,"date":"2019-06-11T08:44:23","date_gmt":"2019-06-11T08:44:23","guid":{"rendered":"https:\/\/allasorias.hu\/hirek\/?p=2973"},"modified":"2019-06-11T08:44:23","modified_gmt":"2019-06-11T08:44:23","slug":"nagyon-sok-diak-dolgozik-majd-az-idei-nyaron","status":"publish","type":"post","link":"https:\/\/allasorias.hu\/hirek\/nagyon-sok-diak-dolgozik-majd-az-idei-nyaron\/","title":{"rendered":"Nagyon sok di\u00e1k dolgozik majd az idei ny\u00e1ron"},"content":{"rendered":"<p><strong>Az el\u0151rejelz\u00e9sek szerint jelent\u0151sen n\u00f6vekszik ny\u00e1ron a di\u00e1k munkav\u00e1llal\u00f3k sz\u00e1ma. Az informatikai ter\u00fcleten ak\u00e1r \u00a03000 forintos \u00f3rab\u00e9rt is kaphatnak. Juh\u00e1sz Csongor, az \u00e9vente t\u00f6bb mint 20 ezer munkav\u00e1llal\u00f3t kik\u00f6zvet\u00edt\u0151 Prohuman vezet\u0151je elmondta: az orsz\u00e1gos statisztik\u00e1k szerint tavaly k\u00f6r\u00fclbel\u00fcl 300 ezer 15 \u00e9s 24 \u00e9v k\u00f6z\u00f6tt fiatal dolgozott ny\u00e1ron, csak a Prohuman Di\u00e1kmunk\u00e1n kereszt\u00fcl t\u00f6bb mint 6000 di\u00e1k tal\u00e1lt munk\u00e1t, id\u00e9n pedig tov\u00e1bbi 20%-os n\u00f6veked\u00e9st v\u00e1rnak.<\/strong><\/p>\n<p>A c\u00e9gvezet\u0151 szerint egyre keresettebb a di\u00e1kmunka, a ny\u00e1r szezon\u00e1lis hat\u00e1sa pedig m\u00e9g tov\u00e1bb n\u00f6veli a fiatalok sz\u00e1m\u00e1t a munkaer\u0151piacon. Tapasztalatuk szerint azok a di\u00e1kok, akik \u00e9vk\u00f6zben heti 20-25 \u00f3r\u00e1t dolgoznak, ny\u00e1ron ak\u00e1r 40-48 \u00f3r\u00e1t is munk\u00e1val t\u00f6ltenek. Elmondhat\u00f3, hogy a 3 ny\u00e1ri h\u00f3nap alatt annyit dolgoznak a di\u00e1kjaik, \u00a0mint 6 nem ny\u00e1ri h\u00f3napban. \u00a0A szakember al\u00e1h\u00fazta: \u00a0a fiatalok, a munkaad\u00f3k \u00e9s a nemzetgazdas\u00e1g sz\u00e1m\u00e1ra is t\u00f6bb szempontb\u00f3l hasznos a di\u00e1kmunka, azonban \u00e9rdemes tiszt\u00e1ban lenni a legalapvet\u0151bb szab\u00e1lyokkal, lehet\u0151s\u00e9gekkel \u00e9s k\u00f6telezetts\u00e9gekkel. \u201eA di\u00e1kok bizonyos ter\u00fcleteken tartal\u00e9kot is jelentenek az \u00e1ltal\u00e1nos hazai munkaer\u0151hi\u00e1ny orvosl\u00e1s\u00e1ra, illetve a ny\u00e1ri szabads\u00e1gol\u00e1s ideje alatt sok esetben szezon\u00e1lisan helyettes\u00edtik az \u00e1lland\u00f3 \u00e1llom\u00e1nyt.Ahogy a vil\u00e1gon mindenhol, \u00fagy itthon is az IT-s munk\u00e1k ter\u00e9n k\u00edn\u00e1lj\u00e1k a legjobb b\u00e9reket, ilyen munkak\u00f6r\u00f6kben nem ritka a brutt\u00f3 3000 Ft-os vagy afeletti \u00f3rab\u00e9r sem. Az \u00e1tlagn\u00e1l jobban fizetnek m\u00e9rn\u00f6ki, p\u00e9nz\u00fcgyi gyakornoki poz\u00edci\u00f3kban, valamint azokon a rendezv\u00e9nyeken, konferenci\u00e1kon, ahol idegen nyelven kell kommunik\u00e1lni a hostesseknek vagy anim\u00e1toroknak. Mostan\u00e1ban egyre jellemz\u0151bb az is, hogy rakt\u00e1ri\/logisztikai ter\u00fcleten is az \u00e1tlagn\u00e1l magasabb b\u00e9rt fizetnek ny\u00e1ron. 2019 els\u0151 negyed\u00e9v\u00e9ben, a nappali tagozatos di\u00e1kok \u00e1ltal megkereshet\u0151 \u00e1tlagos \u00f3rab\u00e9r Budapesten nett\u00f3 1200 forint, m\u00edg vid\u00e9ken 10-20%-kal sz\u00e1zal\u00e9kkal kevesebb volt.<\/p>\n<p>Forr\u00e1s:\u00a0 mmonline.hu<\/p>\n","protected":false},"excerpt":{"rendered":"<p>Az el\u0151rejelz\u00e9sek szerint jelent\u0151sen n\u00f6vekszik ny\u00e1ron a di\u00e1k munkav\u00e1llal\u00f3k sz\u00e1ma. Az informatikai ter\u00fcleten ak\u00e1r \u00a03000 forintos \u00f3rab\u00e9rt is kaphatnak. Juh\u00e1sz Csongor, az \u00e9vente t\u00f6bb mint 20 ezer munkav\u00e1llal\u00f3t kik\u00f6zvet\u00edt\u0151 Prohuman vezet\u0151je elmondta: az orsz\u00e1gos statisztik\u00e1k szerint tavaly k\u00f6r\u00fclbel\u00fcl 300 ezer 15 \u00e9s 24 \u00e9v k\u00f6z\u00f6tt fiatal dolgozott ny\u00e1ron, csak a Prohuman Di\u00e1kmunk\u00e1n kereszt\u00fcl t\u00f6bb mint [&hellip;]<\/p>\n","protected":false},"author":1,"featured_media":2408,"comment_status":"open","ping_status":"open","sticky":false,"template":"","format":"standard","meta":{"_monsterinsights_skip_tracking":false,"footnotes":""},"categories":[200],"tags":[],"class_list":["post-2973","post","type-post","status-publish","format-standard","has-post-thumbnail","hentry","category-munkaeropiac"],"aioseo_notices":[],"aioseo_head":"\n\t\t<!-- All in One SEO 5.0.0.1 - aioseo.com -->\n\t<meta name=\"description\" content=\"Az el\u0151rejelz\u00e9sek szerint jelent\u0151sen n\u00f6vekszik ny\u00e1ron a di\u00e1k munkav\u00e1llal\u00f3k sz\u00e1ma. Az informatikai ter\u00fcleten ak\u00e1r 3000 forintos \u00f3rab\u00e9rt is kaphatnak. Juh\u00e1sz Csongor, az \u00e9vente t\u00f6bb mint 20 ezer munkav\u00e1llal\u00f3t kik\u00f6zvet\u00edt\u0151 Prohuman vezet\u0151je elmondta: az orsz\u00e1gos statisztik\u00e1k szerint tavaly k\u00f6r\u00fclbel\u00fcl 300 ezer 15 \u00e9s 24 \u00e9v k\u00f6z\u00f6tt fiatal dolgozott ny\u00e1ron, csak a Prohuman Di\u00e1kmunk\u00e1n kereszt\u00fcl t\u00f6bb mint\" \/>\n\t<meta name=\"robots\" content=\"max-image-preview:large\" \/>\n\t<meta name=\"author\" content=\"Juh\u00e1sz P\u00e9ter\"\/>\n\t<link rel=\"canonical\" href=\"https:\/\/allasorias.hu\/hirek\/nagyon-sok-diak-dolgozik-majd-az-idei-nyaron\/\" \/>\n\t<meta name=\"generator\" content=\"All in One SEO (AIOSEO) 5.0.0.1\" \/>\n\t\t<meta property=\"og:locale\" content=\"hu_HU\" \/>\n\t\t<meta property=\"og:site_name\" content=\"AllasOrias.hu | H\u00edrek-lapszemle | \u00dczleti h\u00edrek az \u00e1ll\u00e1s \u00e9s a munka vil\u00e1g\u00e1b\u00f3l\" \/>\n\t\t<meta property=\"og:type\" content=\"article\" \/>\n\t\t<meta property=\"og:title\" content=\"Nagyon sok di\u00e1k dolgozik majd az idei ny\u00e1ron | AllasOrias.hu | H\u00edrek-lapszemle\" \/>\n\t\t<meta property=\"og:description\" content=\"Az el\u0151rejelz\u00e9sek szerint jelent\u0151sen n\u00f6vekszik ny\u00e1ron a di\u00e1k munkav\u00e1llal\u00f3k sz\u00e1ma. Az informatikai ter\u00fcleten ak\u00e1r 3000 forintos \u00f3rab\u00e9rt is kaphatnak. Juh\u00e1sz Csongor, az \u00e9vente t\u00f6bb mint 20 ezer munkav\u00e1llal\u00f3t kik\u00f6zvet\u00edt\u0151 Prohuman vezet\u0151je elmondta: az orsz\u00e1gos statisztik\u00e1k szerint tavaly k\u00f6r\u00fclbel\u00fcl 300 ezer 15 \u00e9s 24 \u00e9v k\u00f6z\u00f6tt fiatal dolgozott ny\u00e1ron, csak a Prohuman Di\u00e1kmunk\u00e1n kereszt\u00fcl t\u00f6bb mint\" \/>\n\t\t<meta property=\"og:url\" content=\"https:\/\/allasorias.hu\/hirek\/nagyon-sok-diak-dolgozik-majd-az-idei-nyaron\/\" \/>\n\t\t<meta property=\"og:image\" content=\"https:\/\/allasorias.hu\/hirek\/wp-content\/uploads\/2019\/01\/ThinkstockPhotos-498016694.jpg\" \/>\n\t\t<meta property=\"og:image:secure_url\" content=\"https:\/\/allasorias.hu\/hirek\/wp-content\/uploads\/2019\/01\/ThinkstockPhotos-498016694.jpg\" \/>\n\t\t<meta property=\"og:image:width\" content=\"800\" \/>\n\t\t<meta property=\"og:image:height\" content=\"534\" \/>\n\t\t<meta property=\"article:published_time\" content=\"2019-06-11T08:44:23+00:00\" \/>\n\t\t<meta property=\"article:modified_time\" content=\"2019-06-11T08:44:23+00:00\" \/>\n\t\t<meta property=\"article:publisher\" content=\"https:\/\/www.facebook.com\/allasorias\" \/>\n\t\t<meta name=\"twitter:card\" content=\"summary_large_image\" \/>\n\t\t<meta name=\"twitter:title\" content=\"Nagyon sok di\u00e1k dolgozik majd az idei ny\u00e1ron | AllasOrias.hu | H\u00edrek-lapszemle\" \/>\n\t\t<meta name=\"twitter:description\" content=\"Az el\u0151rejelz\u00e9sek szerint jelent\u0151sen n\u00f6vekszik ny\u00e1ron a di\u00e1k munkav\u00e1llal\u00f3k sz\u00e1ma. Az informatikai ter\u00fcleten ak\u00e1r 3000 forintos \u00f3rab\u00e9rt is kaphatnak. Juh\u00e1sz Csongor, az \u00e9vente t\u00f6bb mint 20 ezer munkav\u00e1llal\u00f3t kik\u00f6zvet\u00edt\u0151 Prohuman vezet\u0151je elmondta: az orsz\u00e1gos statisztik\u00e1k szerint tavaly k\u00f6r\u00fclbel\u00fcl 300 ezer 15 \u00e9s 24 \u00e9v k\u00f6z\u00f6tt fiatal dolgozott ny\u00e1ron, csak a Prohuman Di\u00e1kmunk\u00e1n kereszt\u00fcl t\u00f6bb mint\" \/>\n\t\t<meta name=\"twitter:image\" content=\"https:\/\/allasorias.hu\/hirek\/wp-content\/uploads\/2019\/01\/ThinkstockPhotos-498016694.jpg\" \/>\n\t\t<meta name=\"twitter:label1\" content=\"Written by\" \/>\n\t\t<meta name=\"twitter:data1\" content=\"Juh\u00e1sz P\u00e9ter\" \/>\n\t\t<meta name=\"twitter:label2\" content=\"Est. reading time\" \/>\n\t\t<meta name=\"twitter:data2\" content=\"2 minutes\" \/>\n\t\t<script type=\"application\/ld+json\" class=\"aioseo-schema\">\n\t\t\t{\"@context\":\"https:\\\/\\\/schema.org\",\"@graph\":[{\"@type\":\"Article\",\"@id\":\"https:\\\/\\\/allasorias.hu\\\/hirek\\\/nagyon-sok-diak-dolgozik-majd-az-idei-nyaron\\\/#article\",\"name\":\"Nagyon sok di\\u00e1k dolgozik majd az idei ny\\u00e1ron | AllasOrias.hu | H\\u00edrek-lapszemle\",\"headline\":\"Nagyon sok di\\u00e1k dolgozik majd az idei ny\\u00e1ron\",\"author\":{\"@id\":\"https:\\\/\\\/allasorias.hu\\\/hirek\\\/author\\\/admin-allasorias\\\/#author\"},\"publisher\":{\"@id\":\"https:\\\/\\\/allasorias.hu\\\/hirek\\\/#organization\"},\"image\":{\"@type\":\"ImageObject\",\"url\":\"https:\\\/\\\/allasorias.hu\\\/hirek\\\/wp-content\\\/uploads\\\/2019\\\/01\\\/ThinkstockPhotos-498016694.jpg\",\"width\":800,\"height\":534,\"caption\":\"Portrait of a young sales clerk in a market store\"},\"datePublished\":\"2019-06-11T08:44:23+02:00\",\"dateModified\":\"2019-06-11T08:44:23+02:00\",\"inLanguage\":\"hu-HU\",\"mainEntityOfPage\":{\"@id\":\"https:\\\/\\\/allasorias.hu\\\/hirek\\\/nagyon-sok-diak-dolgozik-majd-az-idei-nyaron\\\/#webpage\"},\"isPartOf\":{\"@id\":\"https:\\\/\\\/allasorias.hu\\\/hirek\\\/nagyon-sok-diak-dolgozik-majd-az-idei-nyaron\\\/#webpage\"},\"articleSection\":\"Munkaer\\u0151piac\"},{\"@type\":\"BreadcrumbList\",\"@id\":\"https:\\\/\\\/allasorias.hu\\\/hirek\\\/nagyon-sok-diak-dolgozik-majd-az-idei-nyaron\\\/#breadcrumblist\",\"itemListElement\":[{\"@type\":\"ListItem\",\"@id\":\"https:\\\/\\\/allasorias.hu\\\/hirek#listItem\",\"position\":1,\"name\":\"Home\",\"item\":\"https:\\\/\\\/allasorias.hu\\\/hirek\",\"nextItem\":{\"@type\":\"ListItem\",\"@id\":\"https:\\\/\\\/allasorias.hu\\\/hirek\\\/temak\\\/munkaeropiac\\\/#listItem\",\"name\":\"Munkaer\\u0151piac\"}},{\"@type\":\"ListItem\",\"@id\":\"https:\\\/\\\/allasorias.hu\\\/hirek\\\/temak\\\/munkaeropiac\\\/#listItem\",\"position\":2,\"name\":\"Munkaer\\u0151piac\",\"item\":\"https:\\\/\\\/allasorias.hu\\\/hirek\\\/temak\\\/munkaeropiac\\\/\",\"nextItem\":{\"@type\":\"ListItem\",\"@id\":\"https:\\\/\\\/allasorias.hu\\\/hirek\\\/nagyon-sok-diak-dolgozik-majd-az-idei-nyaron\\\/#listItem\",\"name\":\"Nagyon sok di\\u00e1k dolgozik majd az idei ny\\u00e1ron\"},\"previousItem\":{\"@type\":\"ListItem\",\"@id\":\"https:\\\/\\\/allasorias.hu\\\/hirek#listItem\",\"name\":\"Home\"}},{\"@type\":\"ListItem\",\"@id\":\"https:\\\/\\\/allasorias.hu\\\/hirek\\\/nagyon-sok-diak-dolgozik-majd-az-idei-nyaron\\\/#listItem\",\"position\":3,\"name\":\"Nagyon sok di\\u00e1k dolgozik majd az idei ny\\u00e1ron\",\"previousItem\":{\"@type\":\"ListItem\",\"@id\":\"https:\\\/\\\/allasorias.hu\\\/hirek\\\/temak\\\/munkaeropiac\\\/#listItem\",\"name\":\"Munkaer\\u0151piac\"}}]},{\"@type\":\"Organization\",\"@id\":\"https:\\\/\\\/allasorias.hu\\\/hirek\\\/#organization\",\"name\":\"AllasOrias.hu | H\\u00edrek-lapszemle\",\"description\":\"\\u00dczleti h\\u00edrek az \\u00e1ll\\u00e1s \\u00e9s a munka vil\\u00e1g\\u00e1b\\u00f3l\",\"url\":\"https:\\\/\\\/allasorias.hu\\\/hirek\\\/\",\"logo\":{\"@type\":\"ImageObject\",\"url\":\"https:\\\/\\\/allasorias.hu\\\/hirek\\\/wp-content\\\/uploads\\\/2022\\\/10\\\/allasorias_site_facebok_logo.png\",\"@id\":\"https:\\\/\\\/allasorias.hu\\\/hirek\\\/nagyon-sok-diak-dolgozik-majd-az-idei-nyaron\\\/#organizationLogo\"},\"image\":{\"@id\":\"https:\\\/\\\/allasorias.hu\\\/hirek\\\/nagyon-sok-diak-dolgozik-majd-az-idei-nyaron\\\/#organizationLogo\"},\"sameAs\":[\"https:\\\/\\\/www.facebook.com\\\/allasorias\",\"https:\\\/\\\/www.linkedin.com\\\/company\\\/allasorias\"]},{\"@type\":\"Person\",\"@id\":\"https:\\\/\\\/allasorias.hu\\\/hirek\\\/author\\\/admin-allasorias\\\/#author\",\"url\":\"https:\\\/\\\/allasorias.hu\\\/hirek\\\/author\\\/admin-allasorias\\\/\",\"name\":\"Juh\\u00e1sz P\\u00e9ter\",\"image\":{\"@type\":\"ImageObject\",\"@id\":\"https:\\\/\\\/allasorias.hu\\\/hirek\\\/nagyon-sok-diak-dolgozik-majd-az-idei-nyaron\\\/#authorImage\",\"url\":\"https:\\\/\\\/secure.gravatar.com\\\/avatar\\\/36e6bcb83148978b992977cb0f54d22feb0cce8a0a849a9410532bb2623ba4c6?s=96&d=mm&r=g\",\"width\":96,\"height\":96,\"caption\":\"Juh\\u00e1sz P\\u00e9ter\"}},{\"@type\":\"WebPage\",\"@id\":\"https:\\\/\\\/allasorias.hu\\\/hirek\\\/nagyon-sok-diak-dolgozik-majd-az-idei-nyaron\\\/#webpage\",\"url\":\"https:\\\/\\\/allasorias.hu\\\/hirek\\\/nagyon-sok-diak-dolgozik-majd-az-idei-nyaron\\\/\",\"name\":\"Nagyon sok di\\u00e1k dolgozik majd az idei ny\\u00e1ron | AllasOrias.hu | H\\u00edrek-lapszemle\",\"description\":\"Az el\\u0151rejelz\\u00e9sek szerint jelent\\u0151sen n\\u00f6vekszik ny\\u00e1ron a di\\u00e1k munkav\\u00e1llal\\u00f3k sz\\u00e1ma. Az informatikai ter\\u00fcleten ak\\u00e1r 3000 forintos \\u00f3rab\\u00e9rt is kaphatnak. Juh\\u00e1sz Csongor, az \\u00e9vente t\\u00f6bb mint 20 ezer munkav\\u00e1llal\\u00f3t kik\\u00f6zvet\\u00edt\\u0151 Prohuman vezet\\u0151je elmondta: az orsz\\u00e1gos statisztik\\u00e1k szerint tavaly k\\u00f6r\\u00fclbel\\u00fcl 300 ezer 15 \\u00e9s 24 \\u00e9v k\\u00f6z\\u00f6tt fiatal dolgozott ny\\u00e1ron, csak a Prohuman Di\\u00e1kmunk\\u00e1n kereszt\\u00fcl t\\u00f6bb mint\",\"inLanguage\":\"hu-HU\",\"isPartOf\":{\"@id\":\"https:\\\/\\\/allasorias.hu\\\/hirek\\\/#website\"},\"breadcrumb\":{\"@id\":\"https:\\\/\\\/allasorias.hu\\\/hirek\\\/nagyon-sok-diak-dolgozik-majd-az-idei-nyaron\\\/#breadcrumblist\"},\"author\":{\"@id\":\"https:\\\/\\\/allasorias.hu\\\/hirek\\\/author\\\/admin-allasorias\\\/#author\"},\"creator\":{\"@id\":\"https:\\\/\\\/allasorias.hu\\\/hirek\\\/author\\\/admin-allasorias\\\/#author\"},\"image\":{\"@type\":\"ImageObject\",\"url\":\"https:\\\/\\\/allasorias.hu\\\/hirek\\\/wp-content\\\/uploads\\\/2019\\\/01\\\/ThinkstockPhotos-498016694.jpg\",\"@id\":\"https:\\\/\\\/allasorias.hu\\\/hirek\\\/nagyon-sok-diak-dolgozik-majd-az-idei-nyaron\\\/#mainImage\",\"width\":800,\"height\":534,\"caption\":\"Portrait of a young sales clerk in a market store\"},\"primaryImageOfPage\":{\"@id\":\"https:\\\/\\\/allasorias.hu\\\/hirek\\\/nagyon-sok-diak-dolgozik-majd-az-idei-nyaron\\\/#mainImage\"},\"datePublished\":\"2019-06-11T08:44:23+02:00\",\"dateModified\":\"2019-06-11T08:44:23+02:00\"},{\"@type\":\"WebSite\",\"@id\":\"https:\\\/\\\/allasorias.hu\\\/hirek\\\/#website\",\"url\":\"https:\\\/\\\/allasorias.hu\\\/hirek\\\/\",\"name\":\"AllasOrias.hu | H\\u00edrek-lapszemle\",\"description\":\"\\u00dczleti h\\u00edrek az \\u00e1ll\\u00e1s \\u00e9s a munka vil\\u00e1g\\u00e1b\\u00f3l\",\"inLanguage\":\"hu-HU\",\"publisher\":{\"@id\":\"https:\\\/\\\/allasorias.hu\\\/hirek\\\/#organization\"}}]}\n\t\t<\/script>\n\t\t<!-- All in One SEO -->\n\n","aioseo_head_json":{"title":"Nagyon sok di\u00e1k dolgozik majd az idei ny\u00e1ron | AllasOrias.hu | H\u00edrek-lapszemle","description":"Az el\u0151rejelz\u00e9sek szerint jelent\u0151sen n\u00f6vekszik ny\u00e1ron a di\u00e1k munkav\u00e1llal\u00f3k sz\u00e1ma. Az informatikai ter\u00fcleten ak\u00e1r 3000 forintos \u00f3rab\u00e9rt is kaphatnak. Juh\u00e1sz Csongor, az \u00e9vente t\u00f6bb mint 20 ezer munkav\u00e1llal\u00f3t kik\u00f6zvet\u00edt\u0151 Prohuman vezet\u0151je elmondta: az orsz\u00e1gos statisztik\u00e1k szerint tavaly k\u00f6r\u00fclbel\u00fcl 300 ezer 15 \u00e9s 24 \u00e9v k\u00f6z\u00f6tt fiatal dolgozott ny\u00e1ron, csak a Prohuman Di\u00e1kmunk\u00e1n kereszt\u00fcl t\u00f6bb mint","canonical_url":"https:\/\/allasorias.hu\/hirek\/nagyon-sok-diak-dolgozik-majd-az-idei-nyaron\/","robots":"max-image-preview:large","keywords":"","webmasterTools":{"miscellaneous":""},"schema":{"@context":"https:\/\/schema.org","@graph":[{"@type":"Article","@id":"https:\/\/allasorias.hu\/hirek\/nagyon-sok-diak-dolgozik-majd-az-idei-nyaron\/#article","name":"Nagyon sok di\u00e1k dolgozik majd az idei ny\u00e1ron | AllasOrias.hu | H\u00edrek-lapszemle","headline":"Nagyon sok di\u00e1k dolgozik majd az idei ny\u00e1ron","author":{"@id":"https:\/\/allasorias.hu\/hirek\/author\/admin-allasorias\/#author"},"publisher":{"@id":"https:\/\/allasorias.hu\/hirek\/#organization"},"image":{"@type":"ImageObject","url":"https:\/\/allasorias.hu\/hirek\/wp-content\/uploads\/2019\/01\/ThinkstockPhotos-498016694.jpg","width":800,"height":534,"caption":"Portrait of a young sales clerk in a market store"},"datePublished":"2019-06-11T08:44:23+02:00","dateModified":"2019-06-11T08:44:23+02:00","inLanguage":"hu-HU","mainEntityOfPage":{"@id":"https:\/\/allasorias.hu\/hirek\/nagyon-sok-diak-dolgozik-majd-az-idei-nyaron\/#webpage"},"isPartOf":{"@id":"https:\/\/allasorias.hu\/hirek\/nagyon-sok-diak-dolgozik-majd-az-idei-nyaron\/#webpage"},"articleSection":"Munkaer\u0151piac"},{"@type":"BreadcrumbList","@id":"https:\/\/allasorias.hu\/hirek\/nagyon-sok-diak-dolgozik-majd-az-idei-nyaron\/#breadcrumblist","itemListElement":[{"@type":"ListItem","@id":"https:\/\/allasorias.hu\/hirek#listItem","position":1,"name":"Home","item":"https:\/\/allasorias.hu\/hirek","nextItem":{"@type":"ListItem","@id":"https:\/\/allasorias.hu\/hirek\/temak\/munkaeropiac\/#listItem","name":"Munkaer\u0151piac"}},{"@type":"ListItem","@id":"https:\/\/allasorias.hu\/hirek\/temak\/munkaeropiac\/#listItem","position":2,"name":"Munkaer\u0151piac","item":"https:\/\/allasorias.hu\/hirek\/temak\/munkaeropiac\/","nextItem":{"@type":"ListItem","@id":"https:\/\/allasorias.hu\/hirek\/nagyon-sok-diak-dolgozik-majd-az-idei-nyaron\/#listItem","name":"Nagyon sok di\u00e1k dolgozik majd az idei ny\u00e1ron"},"previousItem":{"@type":"ListItem","@id":"https:\/\/allasorias.hu\/hirek#listItem","name":"Home"}},{"@type":"ListItem","@id":"https:\/\/allasorias.hu\/hirek\/nagyon-sok-diak-dolgozik-majd-az-idei-nyaron\/#listItem","position":3,"name":"Nagyon sok di\u00e1k dolgozik majd az idei ny\u00e1ron","previousItem":{"@type":"ListItem","@id":"https:\/\/allasorias.hu\/hirek\/temak\/munkaeropiac\/#listItem","name":"Munkaer\u0151piac"}}]},{"@type":"Organization","@id":"https:\/\/allasorias.hu\/hirek\/#organization","name":"AllasOrias.hu | H\u00edrek-lapszemle","description":"\u00dczleti h\u00edrek az \u00e1ll\u00e1s \u00e9s a munka vil\u00e1g\u00e1b\u00f3l","url":"https:\/\/allasorias.hu\/hirek\/","logo":{"@type":"ImageObject","url":"https:\/\/allasorias.hu\/hirek\/wp-content\/uploads\/2022\/10\/allasorias_site_facebok_logo.png","@id":"https:\/\/allasorias.hu\/hirek\/nagyon-sok-diak-dolgozik-majd-az-idei-nyaron\/#organizationLogo"},"image":{"@id":"https:\/\/allasorias.hu\/hirek\/nagyon-sok-diak-dolgozik-majd-az-idei-nyaron\/#organizationLogo"},"sameAs":["https:\/\/www.facebook.com\/allasorias","https:\/\/www.linkedin.com\/company\/allasorias"]},{"@type":"Person","@id":"https:\/\/allasorias.hu\/hirek\/author\/admin-allasorias\/#author","url":"https:\/\/allasorias.hu\/hirek\/author\/admin-allasorias\/","name":"Juh\u00e1sz P\u00e9ter","image":{"@type":"ImageObject","@id":"https:\/\/allasorias.hu\/hirek\/nagyon-sok-diak-dolgozik-majd-az-idei-nyaron\/#authorImage","url":"https:\/\/secure.gravatar.com\/avatar\/36e6bcb83148978b992977cb0f54d22feb0cce8a0a849a9410532bb2623ba4c6?s=96&d=mm&r=g","width":96,"height":96,"caption":"Juh\u00e1sz P\u00e9ter"}},{"@type":"WebPage","@id":"https:\/\/allasorias.hu\/hirek\/nagyon-sok-diak-dolgozik-majd-az-idei-nyaron\/#webpage","url":"https:\/\/allasorias.hu\/hirek\/nagyon-sok-diak-dolgozik-majd-az-idei-nyaron\/","name":"Nagyon sok di\u00e1k dolgozik majd az idei ny\u00e1ron | AllasOrias.hu | H\u00edrek-lapszemle","description":"Az el\u0151rejelz\u00e9sek szerint jelent\u0151sen n\u00f6vekszik ny\u00e1ron a di\u00e1k munkav\u00e1llal\u00f3k sz\u00e1ma. Az informatikai ter\u00fcleten ak\u00e1r 3000 forintos \u00f3rab\u00e9rt is kaphatnak. Juh\u00e1sz Csongor, az \u00e9vente t\u00f6bb mint 20 ezer munkav\u00e1llal\u00f3t kik\u00f6zvet\u00edt\u0151 Prohuman vezet\u0151je elmondta: az orsz\u00e1gos statisztik\u00e1k szerint tavaly k\u00f6r\u00fclbel\u00fcl 300 ezer 15 \u00e9s 24 \u00e9v k\u00f6z\u00f6tt fiatal dolgozott ny\u00e1ron, csak a Prohuman Di\u00e1kmunk\u00e1n kereszt\u00fcl t\u00f6bb mint","inLanguage":"hu-HU","isPartOf":{"@id":"https:\/\/allasorias.hu\/hirek\/#website"},"breadcrumb":{"@id":"https:\/\/allasorias.hu\/hirek\/nagyon-sok-diak-dolgozik-majd-az-idei-nyaron\/#breadcrumblist"},"author":{"@id":"https:\/\/allasorias.hu\/hirek\/author\/admin-allasorias\/#author"},"creator":{"@id":"https:\/\/allasorias.hu\/hirek\/author\/admin-allasorias\/#author"},"image":{"@type":"ImageObject","url":"https:\/\/allasorias.hu\/hirek\/wp-content\/uploads\/2019\/01\/ThinkstockPhotos-498016694.jpg","@id":"https:\/\/allasorias.hu\/hirek\/nagyon-sok-diak-dolgozik-majd-az-idei-nyaron\/#mainImage","width":800,"height":534,"caption":"Portrait of a young sales clerk in a market store"},"primaryImageOfPage":{"@id":"https:\/\/allasorias.hu\/hirek\/nagyon-sok-diak-dolgozik-majd-az-idei-nyaron\/#mainImage"},"datePublished":"2019-06-11T08:44:23+02:00","dateModified":"2019-06-11T08:44:23+02:00"},{"@type":"WebSite","@id":"https:\/\/allasorias.hu\/hirek\/#website","url":"https:\/\/allasorias.hu\/hirek\/","name":"AllasOrias.hu | H\u00edrek-lapszemle","description":"\u00dczleti h\u00edrek az \u00e1ll\u00e1s \u00e9s a munka vil\u00e1g\u00e1b\u00f3l","inLanguage":"hu-HU","publisher":{"@id":"https:\/\/allasorias.hu\/hirek\/#organization"}}]},"og:locale":"hu_HU","og:site_name":"AllasOrias.hu | H\u00edrek-lapszemle | \u00dczleti h\u00edrek az \u00e1ll\u00e1s \u00e9s a munka vil\u00e1g\u00e1b\u00f3l","og:type":"article","og:title":"Nagyon sok di\u00e1k dolgozik majd az idei ny\u00e1ron | AllasOrias.hu | H\u00edrek-lapszemle","og:description":"Az el\u0151rejelz\u00e9sek szerint jelent\u0151sen n\u00f6vekszik ny\u00e1ron a di\u00e1k munkav\u00e1llal\u00f3k sz\u00e1ma. Az informatikai ter\u00fcleten ak\u00e1r 3000 forintos \u00f3rab\u00e9rt is kaphatnak. Juh\u00e1sz Csongor, az \u00e9vente t\u00f6bb mint 20 ezer munkav\u00e1llal\u00f3t kik\u00f6zvet\u00edt\u0151 Prohuman vezet\u0151je elmondta: az orsz\u00e1gos statisztik\u00e1k szerint tavaly k\u00f6r\u00fclbel\u00fcl 300 ezer 15 \u00e9s 24 \u00e9v k\u00f6z\u00f6tt fiatal dolgozott ny\u00e1ron, csak a Prohuman Di\u00e1kmunk\u00e1n kereszt\u00fcl t\u00f6bb mint","og:url":"https:\/\/allasorias.hu\/hirek\/nagyon-sok-diak-dolgozik-majd-az-idei-nyaron\/","og:image":"https:\/\/allasorias.hu\/hirek\/wp-content\/uploads\/2019\/01\/ThinkstockPhotos-498016694.jpg","og:image:secure_url":"https:\/\/allasorias.hu\/hirek\/wp-content\/uploads\/2019\/01\/ThinkstockPhotos-498016694.jpg","og:image:width":800,"og:image:height":534,"article:published_time":"2019-06-11T08:44:23+00:00","article:modified_time":"2019-06-11T08:44:23+00:00","article:publisher":"https:\/\/www.facebook.com\/allasorias","twitter:card":"summary_large_image","twitter:title":"Nagyon sok di\u00e1k dolgozik majd az idei ny\u00e1ron | AllasOrias.hu | H\u00edrek-lapszemle","twitter:description":"Az el\u0151rejelz\u00e9sek szerint jelent\u0151sen n\u00f6vekszik ny\u00e1ron a di\u00e1k munkav\u00e1llal\u00f3k sz\u00e1ma. Az informatikai ter\u00fcleten ak\u00e1r 3000 forintos \u00f3rab\u00e9rt is kaphatnak. Juh\u00e1sz Csongor, az \u00e9vente t\u00f6bb mint 20 ezer munkav\u00e1llal\u00f3t kik\u00f6zvet\u00edt\u0151 Prohuman vezet\u0151je elmondta: az orsz\u00e1gos statisztik\u00e1k szerint tavaly k\u00f6r\u00fclbel\u00fcl 300 ezer 15 \u00e9s 24 \u00e9v k\u00f6z\u00f6tt fiatal dolgozott ny\u00e1ron, csak a Prohuman Di\u00e1kmunk\u00e1n kereszt\u00fcl t\u00f6bb mint","twitter:image":"https:\/\/allasorias.hu\/hirek\/wp-content\/uploads\/2019\/01\/ThinkstockPhotos-498016694.jpg","twitter:label1":"Written by","twitter:data1":"Juh\u00e1sz P\u00e9ter","twitter:label2":"Est. reading time","twitter:data2":"2 minutes"},"aioseo_meta_data":{"post_id":"2973","title":null,"description":null,"keywords":null,"keyphrases":null,"primary_term":null,"canonical_url":null,"og_title":null,"og_description":null,"og_object_type":"default","og_image_type":"default","og_image_url":null,"og_image_width":null,"og_image_height":null,"og_image_custom_url":null,"og_image_custom_fields":null,"og_video":null,"og_custom_url":null,"og_article_section":null,"og_article_tags":null,"twitter_use_og":false,"twitter_card":"default","twitter_image_type":"default","twitter_image_url":null,"twitter_image_custom_url":null,"twitter_image_custom_fields":null,"twitter_title":null,"twitter_description":null,"schema":{"blockGraphs":[],"customGraphs":[],"default":{"data":{"Article":[],"Course":[],"Dataset":[],"FAQPage":[],"Movie":[],"Person":[],"Product":[],"ProductReview":[],"Car":[],"Recipe":[],"Service":[],"SoftwareApplication":[],"WebPage":[]},"graphName":"","isEnabled":true},"graphs":[],"defaultGraph":"","defaultPostTypeGraph":""},"schema_type":null,"schema_type_options":null,"pillar_content":false,"robots_default":true,"robots_noindex":false,"robots_noarchive":false,"robots_nosnippet":false,"robots_nofollow":false,"robots_noimageindex":false,"robots_noodp":false,"robots_notranslate":false,"robots_max_snippet":null,"robots_max_videopreview":null,"robots_max_imagepreview":"large","priority":null,"frequency":null,"location":null,"local_seo":null,"breadcrumb_settings":null,"limit_modified_date":false,"ai":null,"created":"2021-02-01 21:28:17","updated":"2025-10-02 11:26:51","seo_analyzer_scan_date":null,"focus_keyword":null,"additional_keywords":null,"truseo_locale":null},"aioseo_breadcrumb":"<div class=\"aioseo-breadcrumbs\"><span class=\"aioseo-breadcrumb\">\n\t\t\t<a href=\"https:\/\/allasorias.hu\/hirek\" title=\"Home\">Home<\/a>\n\t\t<\/span><span class=\"aioseo-breadcrumb-separator\">&raquo;<\/span><span class=\"aioseo-breadcrumb\">\n\t\t\t<a href=\"https:\/\/allasorias.hu\/hirek\/temak\/munkaeropiac\/\" title=\"Munkaer\u0151piac\">Munkaer\u0151piac<\/a>\n\t\t<\/span><span class=\"aioseo-breadcrumb-separator\">&raquo;<\/span><span class=\"aioseo-breadcrumb\">\n\t\t\tNagyon sok di\u00e1k dolgozik majd az idei ny\u00e1ron\n\t\t<\/span><\/div>","aioseo_breadcrumb_json":[{"label":"Home","link":"https:\/\/allasorias.hu\/hirek"},{"label":"Munkaer\u0151piac","link":"https:\/\/allasorias.hu\/hirek\/temak\/munkaeropiac\/"},{"label":"Nagyon sok di\u00e1k dolgozik majd az idei ny\u00e1ron","link":"https:\/\/allasorias.hu\/hirek\/nagyon-sok-diak-dolgozik-majd-az-idei-nyaron\/"}],"_links":{"self":[{"href":"https:\/\/allasorias.hu\/hirek\/wp-json\/wp\/v2\/posts\/2973","targetHints":{"allow":["GET"]}}],"collection":[{"href":"https:\/\/allasorias.hu\/hirek\/wp-json\/wp\/v2\/posts"}],"about":[{"href":"https:\/\/allasorias.hu\/hirek\/wp-json\/wp\/v2\/types\/post"}],"author":[{"embeddable":true,"href":"https:\/\/allasorias.hu\/hirek\/wp-json\/wp\/v2\/users\/1"}],"replies":[{"embeddable":true,"href":"https:\/\/allasorias.hu\/hirek\/wp-json\/wp\/v2\/comments?post=2973"}],"version-history":[{"count":1,"href":"https:\/\/allasorias.hu\/hirek\/wp-json\/wp\/v2\/posts\/2973\/revisions"}],"predecessor-version":[{"id":2974,"href":"https:\/\/allasorias.hu\/hirek\/wp-json\/wp\/v2\/posts\/2973\/revisions\/2974"}],"wp:featuredmedia":[{"embeddable":true,"href":"https:\/\/allasorias.hu\/hirek\/wp-json\/wp\/v2\/media\/2408"}],"wp:attachment":[{"href":"https:\/\/allasorias.hu\/hirek\/wp-json\/wp\/v2\/media?parent=2973"}],"wp:term":[{"taxonomy":"category","embeddable":true,"href":"https:\/\/allasorias.hu\/hirek\/wp-json\/wp\/v2\/categories?post=2973"},{"taxonomy":"post_tag","embeddable":true,"href":"https:\/\/allasorias.hu\/hirek\/wp-json\/wp\/v2\/tags?post=2973"}],"curies":[{"name":"wp","href":"https:\/\/api.w.org\/{rel}","templated":true}]}}