{"id":2969,"date":"2019-06-04T08:10:52","date_gmt":"2019-06-04T08:10:52","guid":{"rendered":"https:\/\/allasorias.hu\/hirek\/?p=2969"},"modified":"2019-06-04T08:10:52","modified_gmt":"2019-06-04T08:10:52","slug":"sorra-veszik-fol-a-hiteleket-a-magyarok","status":"publish","type":"post","link":"https:\/\/allasorias.hu\/hirek\/sorra-veszik-fol-a-hiteleket-a-magyarok\/","title":{"rendered":"Sorra veszik f\u00f6l a hiteleket a magyarok"},"content":{"rendered":"<p><strong>A sz\u00e1mok azt mutatj\u00e1k, hogy a magyarok nagy \u00fctemben vesznek f\u00f6l hiteleket, \u00edgy n\u0151 a lakoss\u00e1g elad\u00f3sodotts\u00e1ga. Magyar Nemzeti Bank\u00a0 adatai szerint lak\u00e1shitelb\u0151l az \u00e9v els\u0151 n\u00e9gy h\u00f3napj\u00e1ban 333,6 milli\u00e1rd forintnyi fogyott el, 19,4 sz\u00e1zal\u00e9kkal t\u00f6bb, mint egy \u00e9vvel ezel\u0151tt. Ezek alapj\u00e1n t\u00fal szer\u00e9nynek t\u0171nnek a bankok kor\u00e1bbi becsl\u00e9sei, melyek alapj\u00e1n azt v\u00e1rt\u00e1k, hogy j\u00f3, ha 10-15 sz\u00e1zal\u00e9kkal b\u0151v\u00fcl az id\u00e9n a lak\u00e1shitelpiac. <\/strong><\/p>\n<p>R\u00e1ad\u00e1sul a babav\u00e1r\u00f3 hitelt \u00e9s a haszn\u00e1lt lak\u00e1sv\u00e1s\u00e1rl\u00e1s\u00e1ra is ig\u00e9nyelhet\u0151 t\u00e1mogatott lak\u00e1shiteleket m\u00e9g csak j\u00faliusban kezdik foly\u00f3s\u00edtani a hitelint\u00e9zetek \u2013 \u00edrja a napi.hu. A szem\u00e9lyi hitelekn\u00e9l is sokkal nagyobb a n\u00f6veked\u00e9s a kor\u00e1bban j\u00f3solt 15 sz\u00e1zal\u00e9kosn\u00e1l. Janu\u00e1rt\u00f3l \u00e1prilis v\u00e9g\u00e9ig a h\u00e1ztart\u00e1sok 184,5 milli\u00e1rd forintnyit vettek fel bel\u0151le, ami \u00e9ves szinten csaknem 35 sz\u00e1zal\u00e9kos n\u00f6veked\u00e9s. A dinamikus n\u00f6veked\u00e9s megmaradhat. \u00c1prilis v\u00e9g\u00e9n ugyanis csaknem 83 milli\u00e1rd forintnyi \u00faj lak\u00e1shitel volt m\u00e1r a cs\u0151ben a bankokn\u00e1l, ez 21 sz\u00e1zal\u00e9kkal t\u00f6bb a tavalyin\u00e1l. Szem\u00e9lyi hitelb\u0151l 48 milli\u00e1rd forint f\u00f6l\u00f6tt volt a szerz\u0151d\u00e9ses \u00f6sszeg, ami 31 sz\u00e1zal\u00e9kos b\u0151v\u00fcl\u00e9s, vagyis a hitelez\u00e9s dinamik\u00e1ja m\u00e1jusban is megmaradhatott. \u00c1ruhitelt az \u00e9v els\u0151 n\u00e9gy h\u00f3napj\u00e1ban 23,3 milli\u00e1rd forintnyit vett fel a lakoss\u00e1g, csaknem 90 sz\u00e1zal\u00e9kkal t\u00f6bbet, mint tavaly ilyenkor.<\/p>\n<p>&nbsp;<\/p>\n<p>Forr\u00e1s: adozona.hu<\/p>\n","protected":false},"excerpt":{"rendered":"<p>A sz\u00e1mok azt mutatj\u00e1k, hogy a magyarok nagy \u00fctemben vesznek f\u00f6l hiteleket, \u00edgy n\u0151 a lakoss\u00e1g elad\u00f3sodotts\u00e1ga. Magyar Nemzeti Bank\u00a0 adatai szerint lak\u00e1shitelb\u0151l az \u00e9v els\u0151 n\u00e9gy h\u00f3napj\u00e1ban 333,6 milli\u00e1rd forintnyi fogyott el, 19,4 sz\u00e1zal\u00e9kkal t\u00f6bb, mint egy \u00e9vvel ezel\u0151tt. Ezek alapj\u00e1n t\u00fal szer\u00e9nynek t\u0171nnek a bankok kor\u00e1bbi becsl\u00e9sei, melyek alapj\u00e1n azt v\u00e1rt\u00e1k, hogy j\u00f3, [&hellip;]<\/p>\n","protected":false},"author":1,"featured_media":2970,"comment_status":"open","ping_status":"open","sticky":false,"template":"","format":"standard","meta":{"_monsterinsights_skip_tracking":false,"footnotes":""},"categories":[198],"tags":[],"class_list":["post-2969","post","type-post","status-publish","format-standard","has-post-thumbnail","hentry","category-gazdasag"],"aioseo_notices":[],"aioseo_head":"\n\t\t<!-- All in One SEO 5.0.0.1 - aioseo.com -->\n\t<meta name=\"description\" content=\"A sz\u00e1mok azt mutatj\u00e1k, hogy a magyarok nagy \u00fctemben vesznek f\u00f6l hiteleket, \u00edgy n\u0151 a lakoss\u00e1g elad\u00f3sodotts\u00e1ga. Magyar Nemzeti Bank adatai szerint lak\u00e1shitelb\u0151l az \u00e9v els\u0151 n\u00e9gy h\u00f3napj\u00e1ban 333,6 milli\u00e1rd forintnyi fogyott el, 19,4 sz\u00e1zal\u00e9kkal t\u00f6bb, mint egy \u00e9vvel ezel\u0151tt. Ezek alapj\u00e1n t\u00fal szer\u00e9nynek t\u0171nnek a bankok kor\u00e1bbi becsl\u00e9sei, melyek alapj\u00e1n azt v\u00e1rt\u00e1k, hogy j\u00f3,\" \/>\n\t<meta name=\"robots\" content=\"max-image-preview:large\" \/>\n\t<meta name=\"author\" content=\"Juh\u00e1sz P\u00e9ter\"\/>\n\t<link rel=\"canonical\" href=\"https:\/\/allasorias.hu\/hirek\/sorra-veszik-fol-a-hiteleket-a-magyarok\/\" \/>\n\t<meta name=\"generator\" content=\"All in One SEO (AIOSEO) 5.0.0.1\" \/>\n\t\t<meta property=\"og:locale\" content=\"hu_HU\" \/>\n\t\t<meta property=\"og:site_name\" content=\"AllasOrias.hu | H\u00edrek-lapszemle | \u00dczleti h\u00edrek az \u00e1ll\u00e1s \u00e9s a munka vil\u00e1g\u00e1b\u00f3l\" \/>\n\t\t<meta property=\"og:type\" content=\"article\" \/>\n\t\t<meta property=\"og:title\" content=\"Sorra veszik f\u00f6l a hiteleket a magyarok | AllasOrias.hu | H\u00edrek-lapszemle\" \/>\n\t\t<meta property=\"og:description\" content=\"A sz\u00e1mok azt mutatj\u00e1k, hogy a magyarok nagy \u00fctemben vesznek f\u00f6l hiteleket, \u00edgy n\u0151 a lakoss\u00e1g elad\u00f3sodotts\u00e1ga. Magyar Nemzeti Bank adatai szerint lak\u00e1shitelb\u0151l az \u00e9v els\u0151 n\u00e9gy h\u00f3napj\u00e1ban 333,6 milli\u00e1rd forintnyi fogyott el, 19,4 sz\u00e1zal\u00e9kkal t\u00f6bb, mint egy \u00e9vvel ezel\u0151tt. Ezek alapj\u00e1n t\u00fal szer\u00e9nynek t\u0171nnek a bankok kor\u00e1bbi becsl\u00e9sei, melyek alapj\u00e1n azt v\u00e1rt\u00e1k, hogy j\u00f3,\" \/>\n\t\t<meta property=\"og:url\" content=\"https:\/\/allasorias.hu\/hirek\/sorra-veszik-fol-a-hiteleket-a-magyarok\/\" \/>\n\t\t<meta property=\"og:image\" content=\"https:\/\/allasorias.hu\/hirek\/wp-content\/uploads\/2019\/06\/money-2724235_640.jpg\" \/>\n\t\t<meta property=\"og:image:secure_url\" content=\"https:\/\/allasorias.hu\/hirek\/wp-content\/uploads\/2019\/06\/money-2724235_640.jpg\" \/>\n\t\t<meta property=\"og:image:width\" content=\"640\" \/>\n\t\t<meta property=\"og:image:height\" content=\"354\" \/>\n\t\t<meta property=\"article:published_time\" content=\"2019-06-04T08:10:52+00:00\" \/>\n\t\t<meta property=\"article:modified_time\" content=\"2019-06-04T08:10:52+00:00\" \/>\n\t\t<meta property=\"article:publisher\" content=\"https:\/\/www.facebook.com\/allasorias\" \/>\n\t\t<meta name=\"twitter:card\" content=\"summary_large_image\" \/>\n\t\t<meta name=\"twitter:title\" content=\"Sorra veszik f\u00f6l a hiteleket a magyarok | AllasOrias.hu | H\u00edrek-lapszemle\" \/>\n\t\t<meta name=\"twitter:description\" content=\"A sz\u00e1mok azt mutatj\u00e1k, hogy a magyarok nagy \u00fctemben vesznek f\u00f6l hiteleket, \u00edgy n\u0151 a lakoss\u00e1g elad\u00f3sodotts\u00e1ga. Magyar Nemzeti Bank adatai szerint lak\u00e1shitelb\u0151l az \u00e9v els\u0151 n\u00e9gy h\u00f3napj\u00e1ban 333,6 milli\u00e1rd forintnyi fogyott el, 19,4 sz\u00e1zal\u00e9kkal t\u00f6bb, mint egy \u00e9vvel ezel\u0151tt. Ezek alapj\u00e1n t\u00fal szer\u00e9nynek t\u0171nnek a bankok kor\u00e1bbi becsl\u00e9sei, melyek alapj\u00e1n azt v\u00e1rt\u00e1k, hogy j\u00f3,\" \/>\n\t\t<meta name=\"twitter:image\" content=\"https:\/\/allasorias.hu\/hirek\/wp-content\/uploads\/2019\/06\/money-2724235_640.jpg\" \/>\n\t\t<meta name=\"twitter:label1\" content=\"Written by\" \/>\n\t\t<meta name=\"twitter:data1\" content=\"Juh\u00e1sz P\u00e9ter\" \/>\n\t\t<meta name=\"twitter:label2\" content=\"Est. reading time\" \/>\n\t\t<meta name=\"twitter:data2\" content=\"1 minute\" \/>\n\t\t<script type=\"application\/ld+json\" class=\"aioseo-schema\">\n\t\t\t{\"@context\":\"https:\\\/\\\/schema.org\",\"@graph\":[{\"@type\":\"Article\",\"@id\":\"https:\\\/\\\/allasorias.hu\\\/hirek\\\/sorra-veszik-fol-a-hiteleket-a-magyarok\\\/#article\",\"name\":\"Sorra veszik f\\u00f6l a hiteleket a magyarok | AllasOrias.hu | H\\u00edrek-lapszemle\",\"headline\":\"Sorra veszik f\\u00f6l a hiteleket a magyarok\",\"author\":{\"@id\":\"https:\\\/\\\/allasorias.hu\\\/hirek\\\/author\\\/admin-allasorias\\\/#author\"},\"publisher\":{\"@id\":\"https:\\\/\\\/allasorias.hu\\\/hirek\\\/#organization\"},\"image\":{\"@type\":\"ImageObject\",\"url\":\"https:\\\/\\\/allasorias.hu\\\/hirek\\\/wp-content\\\/uploads\\\/2019\\\/06\\\/money-2724235_640.jpg\",\"width\":640,\"height\":354},\"datePublished\":\"2019-06-04T08:10:52+02:00\",\"dateModified\":\"2019-06-04T08:10:52+02:00\",\"inLanguage\":\"hu-HU\",\"mainEntityOfPage\":{\"@id\":\"https:\\\/\\\/allasorias.hu\\\/hirek\\\/sorra-veszik-fol-a-hiteleket-a-magyarok\\\/#webpage\"},\"isPartOf\":{\"@id\":\"https:\\\/\\\/allasorias.hu\\\/hirek\\\/sorra-veszik-fol-a-hiteleket-a-magyarok\\\/#webpage\"},\"articleSection\":\"Gazdas\\u00e1g\"},{\"@type\":\"BreadcrumbList\",\"@id\":\"https:\\\/\\\/allasorias.hu\\\/hirek\\\/sorra-veszik-fol-a-hiteleket-a-magyarok\\\/#breadcrumblist\",\"itemListElement\":[{\"@type\":\"ListItem\",\"@id\":\"https:\\\/\\\/allasorias.hu\\\/hirek#listItem\",\"position\":1,\"name\":\"Home\",\"item\":\"https:\\\/\\\/allasorias.hu\\\/hirek\",\"nextItem\":{\"@type\":\"ListItem\",\"@id\":\"https:\\\/\\\/allasorias.hu\\\/hirek\\\/temak\\\/gazdasag\\\/#listItem\",\"name\":\"Gazdas\\u00e1g\"}},{\"@type\":\"ListItem\",\"@id\":\"https:\\\/\\\/allasorias.hu\\\/hirek\\\/temak\\\/gazdasag\\\/#listItem\",\"position\":2,\"name\":\"Gazdas\\u00e1g\",\"item\":\"https:\\\/\\\/allasorias.hu\\\/hirek\\\/temak\\\/gazdasag\\\/\",\"nextItem\":{\"@type\":\"ListItem\",\"@id\":\"https:\\\/\\\/allasorias.hu\\\/hirek\\\/sorra-veszik-fol-a-hiteleket-a-magyarok\\\/#listItem\",\"name\":\"Sorra veszik f\\u00f6l a hiteleket a magyarok\"},\"previousItem\":{\"@type\":\"ListItem\",\"@id\":\"https:\\\/\\\/allasorias.hu\\\/hirek#listItem\",\"name\":\"Home\"}},{\"@type\":\"ListItem\",\"@id\":\"https:\\\/\\\/allasorias.hu\\\/hirek\\\/sorra-veszik-fol-a-hiteleket-a-magyarok\\\/#listItem\",\"position\":3,\"name\":\"Sorra veszik f\\u00f6l a hiteleket a magyarok\",\"previousItem\":{\"@type\":\"ListItem\",\"@id\":\"https:\\\/\\\/allasorias.hu\\\/hirek\\\/temak\\\/gazdasag\\\/#listItem\",\"name\":\"Gazdas\\u00e1g\"}}]},{\"@type\":\"Organization\",\"@id\":\"https:\\\/\\\/allasorias.hu\\\/hirek\\\/#organization\",\"name\":\"AllasOrias.hu | H\\u00edrek-lapszemle\",\"description\":\"\\u00dczleti h\\u00edrek az \\u00e1ll\\u00e1s \\u00e9s a munka vil\\u00e1g\\u00e1b\\u00f3l\",\"url\":\"https:\\\/\\\/allasorias.hu\\\/hirek\\\/\",\"logo\":{\"@type\":\"ImageObject\",\"url\":\"https:\\\/\\\/allasorias.hu\\\/hirek\\\/wp-content\\\/uploads\\\/2022\\\/10\\\/allasorias_site_facebok_logo.png\",\"@id\":\"https:\\\/\\\/allasorias.hu\\\/hirek\\\/sorra-veszik-fol-a-hiteleket-a-magyarok\\\/#organizationLogo\"},\"image\":{\"@id\":\"https:\\\/\\\/allasorias.hu\\\/hirek\\\/sorra-veszik-fol-a-hiteleket-a-magyarok\\\/#organizationLogo\"},\"sameAs\":[\"https:\\\/\\\/www.facebook.com\\\/allasorias\",\"https:\\\/\\\/www.linkedin.com\\\/company\\\/allasorias\"]},{\"@type\":\"Person\",\"@id\":\"https:\\\/\\\/allasorias.hu\\\/hirek\\\/author\\\/admin-allasorias\\\/#author\",\"url\":\"https:\\\/\\\/allasorias.hu\\\/hirek\\\/author\\\/admin-allasorias\\\/\",\"name\":\"Juh\\u00e1sz P\\u00e9ter\",\"image\":{\"@type\":\"ImageObject\",\"@id\":\"https:\\\/\\\/allasorias.hu\\\/hirek\\\/sorra-veszik-fol-a-hiteleket-a-magyarok\\\/#authorImage\",\"url\":\"https:\\\/\\\/secure.gravatar.com\\\/avatar\\\/36e6bcb83148978b992977cb0f54d22feb0cce8a0a849a9410532bb2623ba4c6?s=96&d=mm&r=g\",\"width\":96,\"height\":96,\"caption\":\"Juh\\u00e1sz P\\u00e9ter\"}},{\"@type\":\"WebPage\",\"@id\":\"https:\\\/\\\/allasorias.hu\\\/hirek\\\/sorra-veszik-fol-a-hiteleket-a-magyarok\\\/#webpage\",\"url\":\"https:\\\/\\\/allasorias.hu\\\/hirek\\\/sorra-veszik-fol-a-hiteleket-a-magyarok\\\/\",\"name\":\"Sorra veszik f\\u00f6l a hiteleket a magyarok | AllasOrias.hu | H\\u00edrek-lapszemle\",\"description\":\"A sz\\u00e1mok azt mutatj\\u00e1k, hogy a magyarok nagy \\u00fctemben vesznek f\\u00f6l hiteleket, \\u00edgy n\\u0151 a lakoss\\u00e1g elad\\u00f3sodotts\\u00e1ga. Magyar Nemzeti Bank adatai szerint lak\\u00e1shitelb\\u0151l az \\u00e9v els\\u0151 n\\u00e9gy h\\u00f3napj\\u00e1ban 333,6 milli\\u00e1rd forintnyi fogyott el, 19,4 sz\\u00e1zal\\u00e9kkal t\\u00f6bb, mint egy \\u00e9vvel ezel\\u0151tt. Ezek alapj\\u00e1n t\\u00fal szer\\u00e9nynek t\\u0171nnek a bankok kor\\u00e1bbi becsl\\u00e9sei, melyek alapj\\u00e1n azt v\\u00e1rt\\u00e1k, hogy j\\u00f3,\",\"inLanguage\":\"hu-HU\",\"isPartOf\":{\"@id\":\"https:\\\/\\\/allasorias.hu\\\/hirek\\\/#website\"},\"breadcrumb\":{\"@id\":\"https:\\\/\\\/allasorias.hu\\\/hirek\\\/sorra-veszik-fol-a-hiteleket-a-magyarok\\\/#breadcrumblist\"},\"author\":{\"@id\":\"https:\\\/\\\/allasorias.hu\\\/hirek\\\/author\\\/admin-allasorias\\\/#author\"},\"creator\":{\"@id\":\"https:\\\/\\\/allasorias.hu\\\/hirek\\\/author\\\/admin-allasorias\\\/#author\"},\"image\":{\"@type\":\"ImageObject\",\"url\":\"https:\\\/\\\/allasorias.hu\\\/hirek\\\/wp-content\\\/uploads\\\/2019\\\/06\\\/money-2724235_640.jpg\",\"@id\":\"https:\\\/\\\/allasorias.hu\\\/hirek\\\/sorra-veszik-fol-a-hiteleket-a-magyarok\\\/#mainImage\",\"width\":640,\"height\":354},\"primaryImageOfPage\":{\"@id\":\"https:\\\/\\\/allasorias.hu\\\/hirek\\\/sorra-veszik-fol-a-hiteleket-a-magyarok\\\/#mainImage\"},\"datePublished\":\"2019-06-04T08:10:52+02:00\",\"dateModified\":\"2019-06-04T08:10:52+02:00\"},{\"@type\":\"WebSite\",\"@id\":\"https:\\\/\\\/allasorias.hu\\\/hirek\\\/#website\",\"url\":\"https:\\\/\\\/allasorias.hu\\\/hirek\\\/\",\"name\":\"AllasOrias.hu | H\\u00edrek-lapszemle\",\"description\":\"\\u00dczleti h\\u00edrek az \\u00e1ll\\u00e1s \\u00e9s a munka vil\\u00e1g\\u00e1b\\u00f3l\",\"inLanguage\":\"hu-HU\",\"publisher\":{\"@id\":\"https:\\\/\\\/allasorias.hu\\\/hirek\\\/#organization\"}}]}\n\t\t<\/script>\n\t\t<!-- All in One SEO -->\n\n","aioseo_head_json":{"title":"Sorra veszik f\u00f6l a hiteleket a magyarok | AllasOrias.hu | H\u00edrek-lapszemle","description":"A sz\u00e1mok azt mutatj\u00e1k, hogy a magyarok nagy \u00fctemben vesznek f\u00f6l hiteleket, \u00edgy n\u0151 a lakoss\u00e1g elad\u00f3sodotts\u00e1ga. Magyar Nemzeti Bank adatai szerint lak\u00e1shitelb\u0151l az \u00e9v els\u0151 n\u00e9gy h\u00f3napj\u00e1ban 333,6 milli\u00e1rd forintnyi fogyott el, 19,4 sz\u00e1zal\u00e9kkal t\u00f6bb, mint egy \u00e9vvel ezel\u0151tt. Ezek alapj\u00e1n t\u00fal szer\u00e9nynek t\u0171nnek a bankok kor\u00e1bbi becsl\u00e9sei, melyek alapj\u00e1n azt v\u00e1rt\u00e1k, hogy j\u00f3,","canonical_url":"https:\/\/allasorias.hu\/hirek\/sorra-veszik-fol-a-hiteleket-a-magyarok\/","robots":"max-image-preview:large","keywords":"","webmasterTools":{"miscellaneous":""},"schema":{"@context":"https:\/\/schema.org","@graph":[{"@type":"Article","@id":"https:\/\/allasorias.hu\/hirek\/sorra-veszik-fol-a-hiteleket-a-magyarok\/#article","name":"Sorra veszik f\u00f6l a hiteleket a magyarok | AllasOrias.hu | H\u00edrek-lapszemle","headline":"Sorra veszik f\u00f6l a hiteleket a magyarok","author":{"@id":"https:\/\/allasorias.hu\/hirek\/author\/admin-allasorias\/#author"},"publisher":{"@id":"https:\/\/allasorias.hu\/hirek\/#organization"},"image":{"@type":"ImageObject","url":"https:\/\/allasorias.hu\/hirek\/wp-content\/uploads\/2019\/06\/money-2724235_640.jpg","width":640,"height":354},"datePublished":"2019-06-04T08:10:52+02:00","dateModified":"2019-06-04T08:10:52+02:00","inLanguage":"hu-HU","mainEntityOfPage":{"@id":"https:\/\/allasorias.hu\/hirek\/sorra-veszik-fol-a-hiteleket-a-magyarok\/#webpage"},"isPartOf":{"@id":"https:\/\/allasorias.hu\/hirek\/sorra-veszik-fol-a-hiteleket-a-magyarok\/#webpage"},"articleSection":"Gazdas\u00e1g"},{"@type":"BreadcrumbList","@id":"https:\/\/allasorias.hu\/hirek\/sorra-veszik-fol-a-hiteleket-a-magyarok\/#breadcrumblist","itemListElement":[{"@type":"ListItem","@id":"https:\/\/allasorias.hu\/hirek#listItem","position":1,"name":"Home","item":"https:\/\/allasorias.hu\/hirek","nextItem":{"@type":"ListItem","@id":"https:\/\/allasorias.hu\/hirek\/temak\/gazdasag\/#listItem","name":"Gazdas\u00e1g"}},{"@type":"ListItem","@id":"https:\/\/allasorias.hu\/hirek\/temak\/gazdasag\/#listItem","position":2,"name":"Gazdas\u00e1g","item":"https:\/\/allasorias.hu\/hirek\/temak\/gazdasag\/","nextItem":{"@type":"ListItem","@id":"https:\/\/allasorias.hu\/hirek\/sorra-veszik-fol-a-hiteleket-a-magyarok\/#listItem","name":"Sorra veszik f\u00f6l a hiteleket a magyarok"},"previousItem":{"@type":"ListItem","@id":"https:\/\/allasorias.hu\/hirek#listItem","name":"Home"}},{"@type":"ListItem","@id":"https:\/\/allasorias.hu\/hirek\/sorra-veszik-fol-a-hiteleket-a-magyarok\/#listItem","position":3,"name":"Sorra veszik f\u00f6l a hiteleket a magyarok","previousItem":{"@type":"ListItem","@id":"https:\/\/allasorias.hu\/hirek\/temak\/gazdasag\/#listItem","name":"Gazdas\u00e1g"}}]},{"@type":"Organization","@id":"https:\/\/allasorias.hu\/hirek\/#organization","name":"AllasOrias.hu | H\u00edrek-lapszemle","description":"\u00dczleti h\u00edrek az \u00e1ll\u00e1s \u00e9s a munka vil\u00e1g\u00e1b\u00f3l","url":"https:\/\/allasorias.hu\/hirek\/","logo":{"@type":"ImageObject","url":"https:\/\/allasorias.hu\/hirek\/wp-content\/uploads\/2022\/10\/allasorias_site_facebok_logo.png","@id":"https:\/\/allasorias.hu\/hirek\/sorra-veszik-fol-a-hiteleket-a-magyarok\/#organizationLogo"},"image":{"@id":"https:\/\/allasorias.hu\/hirek\/sorra-veszik-fol-a-hiteleket-a-magyarok\/#organizationLogo"},"sameAs":["https:\/\/www.facebook.com\/allasorias","https:\/\/www.linkedin.com\/company\/allasorias"]},{"@type":"Person","@id":"https:\/\/allasorias.hu\/hirek\/author\/admin-allasorias\/#author","url":"https:\/\/allasorias.hu\/hirek\/author\/admin-allasorias\/","name":"Juh\u00e1sz P\u00e9ter","image":{"@type":"ImageObject","@id":"https:\/\/allasorias.hu\/hirek\/sorra-veszik-fol-a-hiteleket-a-magyarok\/#authorImage","url":"https:\/\/secure.gravatar.com\/avatar\/36e6bcb83148978b992977cb0f54d22feb0cce8a0a849a9410532bb2623ba4c6?s=96&d=mm&r=g","width":96,"height":96,"caption":"Juh\u00e1sz P\u00e9ter"}},{"@type":"WebPage","@id":"https:\/\/allasorias.hu\/hirek\/sorra-veszik-fol-a-hiteleket-a-magyarok\/#webpage","url":"https:\/\/allasorias.hu\/hirek\/sorra-veszik-fol-a-hiteleket-a-magyarok\/","name":"Sorra veszik f\u00f6l a hiteleket a magyarok | AllasOrias.hu | H\u00edrek-lapszemle","description":"A sz\u00e1mok azt mutatj\u00e1k, hogy a magyarok nagy \u00fctemben vesznek f\u00f6l hiteleket, \u00edgy n\u0151 a lakoss\u00e1g elad\u00f3sodotts\u00e1ga. Magyar Nemzeti Bank adatai szerint lak\u00e1shitelb\u0151l az \u00e9v els\u0151 n\u00e9gy h\u00f3napj\u00e1ban 333,6 milli\u00e1rd forintnyi fogyott el, 19,4 sz\u00e1zal\u00e9kkal t\u00f6bb, mint egy \u00e9vvel ezel\u0151tt. Ezek alapj\u00e1n t\u00fal szer\u00e9nynek t\u0171nnek a bankok kor\u00e1bbi becsl\u00e9sei, melyek alapj\u00e1n azt v\u00e1rt\u00e1k, hogy j\u00f3,","inLanguage":"hu-HU","isPartOf":{"@id":"https:\/\/allasorias.hu\/hirek\/#website"},"breadcrumb":{"@id":"https:\/\/allasorias.hu\/hirek\/sorra-veszik-fol-a-hiteleket-a-magyarok\/#breadcrumblist"},"author":{"@id":"https:\/\/allasorias.hu\/hirek\/author\/admin-allasorias\/#author"},"creator":{"@id":"https:\/\/allasorias.hu\/hirek\/author\/admin-allasorias\/#author"},"image":{"@type":"ImageObject","url":"https:\/\/allasorias.hu\/hirek\/wp-content\/uploads\/2019\/06\/money-2724235_640.jpg","@id":"https:\/\/allasorias.hu\/hirek\/sorra-veszik-fol-a-hiteleket-a-magyarok\/#mainImage","width":640,"height":354},"primaryImageOfPage":{"@id":"https:\/\/allasorias.hu\/hirek\/sorra-veszik-fol-a-hiteleket-a-magyarok\/#mainImage"},"datePublished":"2019-06-04T08:10:52+02:00","dateModified":"2019-06-04T08:10:52+02:00"},{"@type":"WebSite","@id":"https:\/\/allasorias.hu\/hirek\/#website","url":"https:\/\/allasorias.hu\/hirek\/","name":"AllasOrias.hu | H\u00edrek-lapszemle","description":"\u00dczleti h\u00edrek az \u00e1ll\u00e1s \u00e9s a munka vil\u00e1g\u00e1b\u00f3l","inLanguage":"hu-HU","publisher":{"@id":"https:\/\/allasorias.hu\/hirek\/#organization"}}]},"og:locale":"hu_HU","og:site_name":"AllasOrias.hu | H\u00edrek-lapszemle | \u00dczleti h\u00edrek az \u00e1ll\u00e1s \u00e9s a munka vil\u00e1g\u00e1b\u00f3l","og:type":"article","og:title":"Sorra veszik f\u00f6l a hiteleket a magyarok | AllasOrias.hu | H\u00edrek-lapszemle","og:description":"A sz\u00e1mok azt mutatj\u00e1k, hogy a magyarok nagy \u00fctemben vesznek f\u00f6l hiteleket, \u00edgy n\u0151 a lakoss\u00e1g elad\u00f3sodotts\u00e1ga. Magyar Nemzeti Bank adatai szerint lak\u00e1shitelb\u0151l az \u00e9v els\u0151 n\u00e9gy h\u00f3napj\u00e1ban 333,6 milli\u00e1rd forintnyi fogyott el, 19,4 sz\u00e1zal\u00e9kkal t\u00f6bb, mint egy \u00e9vvel ezel\u0151tt. Ezek alapj\u00e1n t\u00fal szer\u00e9nynek t\u0171nnek a bankok kor\u00e1bbi becsl\u00e9sei, melyek alapj\u00e1n azt v\u00e1rt\u00e1k, hogy j\u00f3,","og:url":"https:\/\/allasorias.hu\/hirek\/sorra-veszik-fol-a-hiteleket-a-magyarok\/","og:image":"https:\/\/allasorias.hu\/hirek\/wp-content\/uploads\/2019\/06\/money-2724235_640.jpg","og:image:secure_url":"https:\/\/allasorias.hu\/hirek\/wp-content\/uploads\/2019\/06\/money-2724235_640.jpg","og:image:width":640,"og:image:height":354,"article:published_time":"2019-06-04T08:10:52+00:00","article:modified_time":"2019-06-04T08:10:52+00:00","article:publisher":"https:\/\/www.facebook.com\/allasorias","twitter:card":"summary_large_image","twitter:title":"Sorra veszik f\u00f6l a hiteleket a magyarok | AllasOrias.hu | H\u00edrek-lapszemle","twitter:description":"A sz\u00e1mok azt mutatj\u00e1k, hogy a magyarok nagy \u00fctemben vesznek f\u00f6l hiteleket, \u00edgy n\u0151 a lakoss\u00e1g elad\u00f3sodotts\u00e1ga. Magyar Nemzeti Bank adatai szerint lak\u00e1shitelb\u0151l az \u00e9v els\u0151 n\u00e9gy h\u00f3napj\u00e1ban 333,6 milli\u00e1rd forintnyi fogyott el, 19,4 sz\u00e1zal\u00e9kkal t\u00f6bb, mint egy \u00e9vvel ezel\u0151tt. Ezek alapj\u00e1n t\u00fal szer\u00e9nynek t\u0171nnek a bankok kor\u00e1bbi becsl\u00e9sei, melyek alapj\u00e1n azt v\u00e1rt\u00e1k, hogy j\u00f3,","twitter:image":"https:\/\/allasorias.hu\/hirek\/wp-content\/uploads\/2019\/06\/money-2724235_640.jpg","twitter:label1":"Written by","twitter:data1":"Juh\u00e1sz P\u00e9ter","twitter:label2":"Est. reading time","twitter:data2":"1 minute"},"aioseo_meta_data":{"post_id":"2969","title":null,"description":null,"keywords":null,"keyphrases":null,"primary_term":null,"canonical_url":null,"og_title":null,"og_description":null,"og_object_type":"default","og_image_type":"default","og_image_url":null,"og_image_width":null,"og_image_height":null,"og_image_custom_url":null,"og_image_custom_fields":null,"og_video":null,"og_custom_url":null,"og_article_section":null,"og_article_tags":null,"twitter_use_og":false,"twitter_card":"default","twitter_image_type":"default","twitter_image_url":null,"twitter_image_custom_url":null,"twitter_image_custom_fields":null,"twitter_title":null,"twitter_description":null,"schema":{"blockGraphs":[],"customGraphs":[],"default":{"data":{"Article":[],"Course":[],"Dataset":[],"FAQPage":[],"Movie":[],"Person":[],"Product":[],"ProductReview":[],"Car":[],"Recipe":[],"Service":[],"SoftwareApplication":[],"WebPage":[]},"graphName":"","isEnabled":true},"graphs":[],"defaultGraph":"","defaultPostTypeGraph":""},"schema_type":null,"schema_type_options":null,"pillar_content":false,"robots_default":true,"robots_noindex":false,"robots_noarchive":false,"robots_nosnippet":false,"robots_nofollow":false,"robots_noimageindex":false,"robots_noodp":false,"robots_notranslate":false,"robots_max_snippet":null,"robots_max_videopreview":null,"robots_max_imagepreview":"large","priority":null,"frequency":null,"location":null,"local_seo":null,"breadcrumb_settings":null,"limit_modified_date":false,"ai":null,"created":"2021-02-01 21:28:17","updated":"2025-10-02 11:26:51","seo_analyzer_scan_date":null,"focus_keyword":null,"additional_keywords":null,"truseo_locale":null},"aioseo_breadcrumb":"<div class=\"aioseo-breadcrumbs\"><span class=\"aioseo-breadcrumb\">\n\t\t\t<a href=\"https:\/\/allasorias.hu\/hirek\" title=\"Home\">Home<\/a>\n\t\t<\/span><span class=\"aioseo-breadcrumb-separator\">&raquo;<\/span><span class=\"aioseo-breadcrumb\">\n\t\t\t<a href=\"https:\/\/allasorias.hu\/hirek\/temak\/gazdasag\/\" title=\"Gazdas\u00e1g\">Gazdas\u00e1g<\/a>\n\t\t<\/span><span class=\"aioseo-breadcrumb-separator\">&raquo;<\/span><span class=\"aioseo-breadcrumb\">\n\t\t\tSorra veszik f\u00f6l a hiteleket a magyarok\n\t\t<\/span><\/div>","aioseo_breadcrumb_json":[{"label":"Home","link":"https:\/\/allasorias.hu\/hirek"},{"label":"Gazdas\u00e1g","link":"https:\/\/allasorias.hu\/hirek\/temak\/gazdasag\/"},{"label":"Sorra veszik f\u00f6l a hiteleket a magyarok","link":"https:\/\/allasorias.hu\/hirek\/sorra-veszik-fol-a-hiteleket-a-magyarok\/"}],"_links":{"self":[{"href":"https:\/\/allasorias.hu\/hirek\/wp-json\/wp\/v2\/posts\/2969","targetHints":{"allow":["GET"]}}],"collection":[{"href":"https:\/\/allasorias.hu\/hirek\/wp-json\/wp\/v2\/posts"}],"about":[{"href":"https:\/\/allasorias.hu\/hirek\/wp-json\/wp\/v2\/types\/post"}],"author":[{"embeddable":true,"href":"https:\/\/allasorias.hu\/hirek\/wp-json\/wp\/v2\/users\/1"}],"replies":[{"embeddable":true,"href":"https:\/\/allasorias.hu\/hirek\/wp-json\/wp\/v2\/comments?post=2969"}],"version-history":[{"count":1,"href":"https:\/\/allasorias.hu\/hirek\/wp-json\/wp\/v2\/posts\/2969\/revisions"}],"predecessor-version":[{"id":2971,"href":"https:\/\/allasorias.hu\/hirek\/wp-json\/wp\/v2\/posts\/2969\/revisions\/2971"}],"wp:featuredmedia":[{"embeddable":true,"href":"https:\/\/allasorias.hu\/hirek\/wp-json\/wp\/v2\/media\/2970"}],"wp:attachment":[{"href":"https:\/\/allasorias.hu\/hirek\/wp-json\/wp\/v2\/media?parent=2969"}],"wp:term":[{"taxonomy":"category","embeddable":true,"href":"https:\/\/allasorias.hu\/hirek\/wp-json\/wp\/v2\/categories?post=2969"},{"taxonomy":"post_tag","embeddable":true,"href":"https:\/\/allasorias.hu\/hirek\/wp-json\/wp\/v2\/tags?post=2969"}],"curies":[{"name":"wp","href":"https:\/\/api.w.org\/{rel}","templated":true}]}}