{"id":2966,"date":"2019-06-04T08:02:39","date_gmt":"2019-06-04T08:02:39","guid":{"rendered":"https:\/\/allasorias.hu\/hirek\/?p=2966"},"modified":"2019-06-04T08:02:39","modified_gmt":"2019-06-04T08:02:39","slug":"a-mexikoi-vamok-hazankra-is-hathatnak","status":"publish","type":"post","link":"https:\/\/allasorias.hu\/hirek\/a-mexikoi-vamok-hazankra-is-hathatnak\/","title":{"rendered":"A mexik\u00f3i v\u00e1mok haz\u00e1nkra is hathatnak"},"content":{"rendered":"<p><strong>Az USA eln\u00f6ke v\u00e1mot vetett ki j\u00fanius 10-t\u0151l az a mexik\u00f3i import\u00e1rukra, amelynek egy komoly szelete az aut\u00f3import. A gy\u0151ri Audinak pedig a mexik\u00f3i gy\u00e1rak fontos partnerei. Ennek \u00e9rz\u00e9kelhet\u0151 hat\u00e1sai lesznek Magyarorsz\u00e1gon is. Az eln\u00f6k az int\u00e9zked\u00e9st\u0151l azt v\u00e1rja, hogy visszatelep\u00fclnek az aut\u00f3gy\u00e1rt\u00f3k az USA-ba.<\/strong><\/p>\n<p>Donald Trump eln\u00f6k bejelentette: 5 sz\u00e1zal\u00e9kos v\u00e1mot vet ki minden mexik\u00f3i importra j\u00fanius 10-t\u0151l, \u00e9s okt\u00f3berig tov\u00e1bbi havi 5 sz\u00e1zal\u00e9kponttal emeli a v\u00e1mot, amennyiben Mexik\u00f3 meg nem f\u00e9kezi az Egyes\u00fclt \u00c1llamokba ir\u00e1nyul\u00f3 illeg\u00e1lis migr\u00e1ci\u00f3t. Mindez annak ellen\u00e9re, hogy tavaly \u0151sszel \u00faj szabadkereskedelmi meg\u00e1llapod\u00e1st \u00edrt al\u00e1 Mexik\u00f3, Kanada \u00e9s az USA, amely a NAFTA, azaz az \u00c9szak-Amerikai Szabadkereskedelmi \u00f6vezet hely\u00e9be l\u00e9pett. Trump a bejelent\u00e9s ut\u00e1n arr\u00f3l \u00edrt a Twitteren, hogy a v\u00e1mok miatt majd visszatelep\u00fclnek az Egyes\u00fclt \u00c1llamokba az aut\u00f3ipari c\u00e9gek. Mindez pedig a magyar gazdas\u00e1got is \u00e9rintheti, h\u00edvja fel a figyelmet a G7, hiszen a gy\u0151ri Audi mexik\u00f3i testv\u00e9rv\u00e1llalatainak is sz\u00e1ll\u00edt motorokat, tavaly p\u00e9ld\u00e1ul 291 milli\u00f3 eur\u00f3 (93,5 milli\u00e1rd forint) \u00e9rt\u00e9kben tett\u00e9k.<\/p>\n<p>Forr\u00e1s: hvg.hu<\/p>\n","protected":false},"excerpt":{"rendered":"<p>Az USA eln\u00f6ke v\u00e1mot vetett ki j\u00fanius 10-t\u0151l az a mexik\u00f3i import\u00e1rukra, amelynek egy komoly szelete az aut\u00f3import. A gy\u0151ri Audinak pedig a mexik\u00f3i gy\u00e1rak fontos partnerei. Ennek \u00e9rz\u00e9kelhet\u0151 hat\u00e1sai lesznek Magyarorsz\u00e1gon is. Az eln\u00f6k az int\u00e9zked\u00e9st\u0151l azt v\u00e1rja, hogy visszatelep\u00fclnek az aut\u00f3gy\u00e1rt\u00f3k az USA-ba. Donald Trump eln\u00f6k bejelentette: 5 sz\u00e1zal\u00e9kos v\u00e1mot vet ki minden [&hellip;]<\/p>\n","protected":false},"author":1,"featured_media":2967,"comment_status":"open","ping_status":"open","sticky":false,"template":"","format":"standard","meta":{"_monsterinsights_skip_tracking":false,"footnotes":""},"categories":[198],"tags":[],"class_list":["post-2966","post","type-post","status-publish","format-standard","has-post-thumbnail","hentry","category-gazdasag"],"aioseo_notices":[],"aioseo_head":"\n\t\t<!-- All in One SEO 5.0.0.1 - aioseo.com -->\n\t<meta name=\"description\" content=\"Az USA eln\u00f6ke v\u00e1mot vetett ki j\u00fanius 10-t\u0151l az a mexik\u00f3i import\u00e1rukra, amelynek egy komoly szelete az aut\u00f3import. A gy\u0151ri Audinak pedig a mexik\u00f3i gy\u00e1rak fontos partnerei. Ennek \u00e9rz\u00e9kelhet\u0151 hat\u00e1sai lesznek Magyarorsz\u00e1gon is. Az eln\u00f6k az int\u00e9zked\u00e9st\u0151l azt v\u00e1rja, hogy visszatelep\u00fclnek az aut\u00f3gy\u00e1rt\u00f3k az USA-ba. Donald Trump eln\u00f6k bejelentette: 5 sz\u00e1zal\u00e9kos v\u00e1mot vet ki minden\" \/>\n\t<meta name=\"robots\" content=\"max-image-preview:large\" \/>\n\t<meta name=\"author\" content=\"Juh\u00e1sz P\u00e9ter\"\/>\n\t<link rel=\"canonical\" href=\"https:\/\/allasorias.hu\/hirek\/a-mexikoi-vamok-hazankra-is-hathatnak\/\" \/>\n\t<meta name=\"generator\" content=\"All in One SEO (AIOSEO) 5.0.0.1\" \/>\n\t\t<meta property=\"og:locale\" content=\"hu_HU\" \/>\n\t\t<meta property=\"og:site_name\" content=\"AllasOrias.hu | H\u00edrek-lapszemle | \u00dczleti h\u00edrek az \u00e1ll\u00e1s \u00e9s a munka vil\u00e1g\u00e1b\u00f3l\" \/>\n\t\t<meta property=\"og:type\" content=\"article\" \/>\n\t\t<meta property=\"og:title\" content=\"A mexik\u00f3i v\u00e1mok haz\u00e1nkra is hathatnak | AllasOrias.hu | H\u00edrek-lapszemle\" \/>\n\t\t<meta property=\"og:description\" content=\"Az USA eln\u00f6ke v\u00e1mot vetett ki j\u00fanius 10-t\u0151l az a mexik\u00f3i import\u00e1rukra, amelynek egy komoly szelete az aut\u00f3import. A gy\u0151ri Audinak pedig a mexik\u00f3i gy\u00e1rak fontos partnerei. Ennek \u00e9rz\u00e9kelhet\u0151 hat\u00e1sai lesznek Magyarorsz\u00e1gon is. Az eln\u00f6k az int\u00e9zked\u00e9st\u0151l azt v\u00e1rja, hogy visszatelep\u00fclnek az aut\u00f3gy\u00e1rt\u00f3k az USA-ba. Donald Trump eln\u00f6k bejelentette: 5 sz\u00e1zal\u00e9kos v\u00e1mot vet ki minden\" \/>\n\t\t<meta property=\"og:url\" content=\"https:\/\/allasorias.hu\/hirek\/a-mexikoi-vamok-hazankra-is-hathatnak\/\" \/>\n\t\t<meta property=\"og:image\" content=\"https:\/\/allasorias.hu\/hirek\/wp-content\/uploads\/2019\/06\/US-and-Mexico-strengthen-energy-cooperation-FI.jpg\" \/>\n\t\t<meta property=\"og:image:secure_url\" content=\"https:\/\/allasorias.hu\/hirek\/wp-content\/uploads\/2019\/06\/US-and-Mexico-strengthen-energy-cooperation-FI.jpg\" \/>\n\t\t<meta property=\"og:image:width\" content=\"1107\" \/>\n\t\t<meta property=\"og:image:height\" content=\"450\" \/>\n\t\t<meta property=\"article:published_time\" content=\"2019-06-04T08:02:39+00:00\" \/>\n\t\t<meta property=\"article:modified_time\" content=\"2019-06-04T08:02:39+00:00\" \/>\n\t\t<meta property=\"article:publisher\" content=\"https:\/\/www.facebook.com\/allasorias\" \/>\n\t\t<meta name=\"twitter:card\" content=\"summary_large_image\" \/>\n\t\t<meta name=\"twitter:title\" content=\"A mexik\u00f3i v\u00e1mok haz\u00e1nkra is hathatnak | AllasOrias.hu | H\u00edrek-lapszemle\" \/>\n\t\t<meta name=\"twitter:description\" content=\"Az USA eln\u00f6ke v\u00e1mot vetett ki j\u00fanius 10-t\u0151l az a mexik\u00f3i import\u00e1rukra, amelynek egy komoly szelete az aut\u00f3import. A gy\u0151ri Audinak pedig a mexik\u00f3i gy\u00e1rak fontos partnerei. Ennek \u00e9rz\u00e9kelhet\u0151 hat\u00e1sai lesznek Magyarorsz\u00e1gon is. Az eln\u00f6k az int\u00e9zked\u00e9st\u0151l azt v\u00e1rja, hogy visszatelep\u00fclnek az aut\u00f3gy\u00e1rt\u00f3k az USA-ba. Donald Trump eln\u00f6k bejelentette: 5 sz\u00e1zal\u00e9kos v\u00e1mot vet ki minden\" \/>\n\t\t<meta name=\"twitter:image\" content=\"https:\/\/allasorias.hu\/hirek\/wp-content\/uploads\/2019\/06\/US-and-Mexico-strengthen-energy-cooperation-FI.jpg\" \/>\n\t\t<meta name=\"twitter:label1\" content=\"Written by\" \/>\n\t\t<meta name=\"twitter:data1\" content=\"Juh\u00e1sz P\u00e9ter\" \/>\n\t\t<meta name=\"twitter:label2\" content=\"Est. reading time\" \/>\n\t\t<meta name=\"twitter:data2\" content=\"1 minute\" \/>\n\t\t<script type=\"application\/ld+json\" class=\"aioseo-schema\">\n\t\t\t{\"@context\":\"https:\\\/\\\/schema.org\",\"@graph\":[{\"@type\":\"Article\",\"@id\":\"https:\\\/\\\/allasorias.hu\\\/hirek\\\/a-mexikoi-vamok-hazankra-is-hathatnak\\\/#article\",\"name\":\"A mexik\\u00f3i v\\u00e1mok haz\\u00e1nkra is hathatnak | AllasOrias.hu | H\\u00edrek-lapszemle\",\"headline\":\"A mexik\\u00f3i v\\u00e1mok haz\\u00e1nkra is hathatnak\",\"author\":{\"@id\":\"https:\\\/\\\/allasorias.hu\\\/hirek\\\/author\\\/admin-allasorias\\\/#author\"},\"publisher\":{\"@id\":\"https:\\\/\\\/allasorias.hu\\\/hirek\\\/#organization\"},\"image\":{\"@type\":\"ImageObject\",\"url\":\"https:\\\/\\\/allasorias.hu\\\/hirek\\\/wp-content\\\/uploads\\\/2019\\\/06\\\/US-and-Mexico-strengthen-energy-cooperation-FI.jpg\",\"width\":1107,\"height\":450},\"datePublished\":\"2019-06-04T08:02:39+02:00\",\"dateModified\":\"2019-06-04T08:02:39+02:00\",\"inLanguage\":\"hu-HU\",\"mainEntityOfPage\":{\"@id\":\"https:\\\/\\\/allasorias.hu\\\/hirek\\\/a-mexikoi-vamok-hazankra-is-hathatnak\\\/#webpage\"},\"isPartOf\":{\"@id\":\"https:\\\/\\\/allasorias.hu\\\/hirek\\\/a-mexikoi-vamok-hazankra-is-hathatnak\\\/#webpage\"},\"articleSection\":\"Gazdas\\u00e1g\"},{\"@type\":\"BreadcrumbList\",\"@id\":\"https:\\\/\\\/allasorias.hu\\\/hirek\\\/a-mexikoi-vamok-hazankra-is-hathatnak\\\/#breadcrumblist\",\"itemListElement\":[{\"@type\":\"ListItem\",\"@id\":\"https:\\\/\\\/allasorias.hu\\\/hirek#listItem\",\"position\":1,\"name\":\"Home\",\"item\":\"https:\\\/\\\/allasorias.hu\\\/hirek\",\"nextItem\":{\"@type\":\"ListItem\",\"@id\":\"https:\\\/\\\/allasorias.hu\\\/hirek\\\/temak\\\/gazdasag\\\/#listItem\",\"name\":\"Gazdas\\u00e1g\"}},{\"@type\":\"ListItem\",\"@id\":\"https:\\\/\\\/allasorias.hu\\\/hirek\\\/temak\\\/gazdasag\\\/#listItem\",\"position\":2,\"name\":\"Gazdas\\u00e1g\",\"item\":\"https:\\\/\\\/allasorias.hu\\\/hirek\\\/temak\\\/gazdasag\\\/\",\"nextItem\":{\"@type\":\"ListItem\",\"@id\":\"https:\\\/\\\/allasorias.hu\\\/hirek\\\/a-mexikoi-vamok-hazankra-is-hathatnak\\\/#listItem\",\"name\":\"A mexik\\u00f3i v\\u00e1mok haz\\u00e1nkra is hathatnak\"},\"previousItem\":{\"@type\":\"ListItem\",\"@id\":\"https:\\\/\\\/allasorias.hu\\\/hirek#listItem\",\"name\":\"Home\"}},{\"@type\":\"ListItem\",\"@id\":\"https:\\\/\\\/allasorias.hu\\\/hirek\\\/a-mexikoi-vamok-hazankra-is-hathatnak\\\/#listItem\",\"position\":3,\"name\":\"A mexik\\u00f3i v\\u00e1mok haz\\u00e1nkra is hathatnak\",\"previousItem\":{\"@type\":\"ListItem\",\"@id\":\"https:\\\/\\\/allasorias.hu\\\/hirek\\\/temak\\\/gazdasag\\\/#listItem\",\"name\":\"Gazdas\\u00e1g\"}}]},{\"@type\":\"Organization\",\"@id\":\"https:\\\/\\\/allasorias.hu\\\/hirek\\\/#organization\",\"name\":\"AllasOrias.hu | H\\u00edrek-lapszemle\",\"description\":\"\\u00dczleti h\\u00edrek az \\u00e1ll\\u00e1s \\u00e9s a munka vil\\u00e1g\\u00e1b\\u00f3l\",\"url\":\"https:\\\/\\\/allasorias.hu\\\/hirek\\\/\",\"logo\":{\"@type\":\"ImageObject\",\"url\":\"https:\\\/\\\/allasorias.hu\\\/hirek\\\/wp-content\\\/uploads\\\/2022\\\/10\\\/allasorias_site_facebok_logo.png\",\"@id\":\"https:\\\/\\\/allasorias.hu\\\/hirek\\\/a-mexikoi-vamok-hazankra-is-hathatnak\\\/#organizationLogo\"},\"image\":{\"@id\":\"https:\\\/\\\/allasorias.hu\\\/hirek\\\/a-mexikoi-vamok-hazankra-is-hathatnak\\\/#organizationLogo\"},\"sameAs\":[\"https:\\\/\\\/www.facebook.com\\\/allasorias\",\"https:\\\/\\\/www.linkedin.com\\\/company\\\/allasorias\"]},{\"@type\":\"Person\",\"@id\":\"https:\\\/\\\/allasorias.hu\\\/hirek\\\/author\\\/admin-allasorias\\\/#author\",\"url\":\"https:\\\/\\\/allasorias.hu\\\/hirek\\\/author\\\/admin-allasorias\\\/\",\"name\":\"Juh\\u00e1sz P\\u00e9ter\",\"image\":{\"@type\":\"ImageObject\",\"@id\":\"https:\\\/\\\/allasorias.hu\\\/hirek\\\/a-mexikoi-vamok-hazankra-is-hathatnak\\\/#authorImage\",\"url\":\"https:\\\/\\\/secure.gravatar.com\\\/avatar\\\/36e6bcb83148978b992977cb0f54d22feb0cce8a0a849a9410532bb2623ba4c6?s=96&d=mm&r=g\",\"width\":96,\"height\":96,\"caption\":\"Juh\\u00e1sz P\\u00e9ter\"}},{\"@type\":\"WebPage\",\"@id\":\"https:\\\/\\\/allasorias.hu\\\/hirek\\\/a-mexikoi-vamok-hazankra-is-hathatnak\\\/#webpage\",\"url\":\"https:\\\/\\\/allasorias.hu\\\/hirek\\\/a-mexikoi-vamok-hazankra-is-hathatnak\\\/\",\"name\":\"A mexik\\u00f3i v\\u00e1mok haz\\u00e1nkra is hathatnak | AllasOrias.hu | H\\u00edrek-lapszemle\",\"description\":\"Az USA eln\\u00f6ke v\\u00e1mot vetett ki j\\u00fanius 10-t\\u0151l az a mexik\\u00f3i import\\u00e1rukra, amelynek egy komoly szelete az aut\\u00f3import. A gy\\u0151ri Audinak pedig a mexik\\u00f3i gy\\u00e1rak fontos partnerei. Ennek \\u00e9rz\\u00e9kelhet\\u0151 hat\\u00e1sai lesznek Magyarorsz\\u00e1gon is. Az eln\\u00f6k az int\\u00e9zked\\u00e9st\\u0151l azt v\\u00e1rja, hogy visszatelep\\u00fclnek az aut\\u00f3gy\\u00e1rt\\u00f3k az USA-ba. Donald Trump eln\\u00f6k bejelentette: 5 sz\\u00e1zal\\u00e9kos v\\u00e1mot vet ki minden\",\"inLanguage\":\"hu-HU\",\"isPartOf\":{\"@id\":\"https:\\\/\\\/allasorias.hu\\\/hirek\\\/#website\"},\"breadcrumb\":{\"@id\":\"https:\\\/\\\/allasorias.hu\\\/hirek\\\/a-mexikoi-vamok-hazankra-is-hathatnak\\\/#breadcrumblist\"},\"author\":{\"@id\":\"https:\\\/\\\/allasorias.hu\\\/hirek\\\/author\\\/admin-allasorias\\\/#author\"},\"creator\":{\"@id\":\"https:\\\/\\\/allasorias.hu\\\/hirek\\\/author\\\/admin-allasorias\\\/#author\"},\"image\":{\"@type\":\"ImageObject\",\"url\":\"https:\\\/\\\/allasorias.hu\\\/hirek\\\/wp-content\\\/uploads\\\/2019\\\/06\\\/US-and-Mexico-strengthen-energy-cooperation-FI.jpg\",\"@id\":\"https:\\\/\\\/allasorias.hu\\\/hirek\\\/a-mexikoi-vamok-hazankra-is-hathatnak\\\/#mainImage\",\"width\":1107,\"height\":450},\"primaryImageOfPage\":{\"@id\":\"https:\\\/\\\/allasorias.hu\\\/hirek\\\/a-mexikoi-vamok-hazankra-is-hathatnak\\\/#mainImage\"},\"datePublished\":\"2019-06-04T08:02:39+02:00\",\"dateModified\":\"2019-06-04T08:02:39+02:00\"},{\"@type\":\"WebSite\",\"@id\":\"https:\\\/\\\/allasorias.hu\\\/hirek\\\/#website\",\"url\":\"https:\\\/\\\/allasorias.hu\\\/hirek\\\/\",\"name\":\"AllasOrias.hu | H\\u00edrek-lapszemle\",\"description\":\"\\u00dczleti h\\u00edrek az \\u00e1ll\\u00e1s \\u00e9s a munka vil\\u00e1g\\u00e1b\\u00f3l\",\"inLanguage\":\"hu-HU\",\"publisher\":{\"@id\":\"https:\\\/\\\/allasorias.hu\\\/hirek\\\/#organization\"}}]}\n\t\t<\/script>\n\t\t<!-- All in One SEO -->\n\n","aioseo_head_json":{"title":"A mexik\u00f3i v\u00e1mok haz\u00e1nkra is hathatnak | AllasOrias.hu | H\u00edrek-lapszemle","description":"Az USA eln\u00f6ke v\u00e1mot vetett ki j\u00fanius 10-t\u0151l az a mexik\u00f3i import\u00e1rukra, amelynek egy komoly szelete az aut\u00f3import. A gy\u0151ri Audinak pedig a mexik\u00f3i gy\u00e1rak fontos partnerei. Ennek \u00e9rz\u00e9kelhet\u0151 hat\u00e1sai lesznek Magyarorsz\u00e1gon is. Az eln\u00f6k az int\u00e9zked\u00e9st\u0151l azt v\u00e1rja, hogy visszatelep\u00fclnek az aut\u00f3gy\u00e1rt\u00f3k az USA-ba. Donald Trump eln\u00f6k bejelentette: 5 sz\u00e1zal\u00e9kos v\u00e1mot vet ki minden","canonical_url":"https:\/\/allasorias.hu\/hirek\/a-mexikoi-vamok-hazankra-is-hathatnak\/","robots":"max-image-preview:large","keywords":"","webmasterTools":{"miscellaneous":""},"schema":{"@context":"https:\/\/schema.org","@graph":[{"@type":"Article","@id":"https:\/\/allasorias.hu\/hirek\/a-mexikoi-vamok-hazankra-is-hathatnak\/#article","name":"A mexik\u00f3i v\u00e1mok haz\u00e1nkra is hathatnak | AllasOrias.hu | H\u00edrek-lapszemle","headline":"A mexik\u00f3i v\u00e1mok haz\u00e1nkra is hathatnak","author":{"@id":"https:\/\/allasorias.hu\/hirek\/author\/admin-allasorias\/#author"},"publisher":{"@id":"https:\/\/allasorias.hu\/hirek\/#organization"},"image":{"@type":"ImageObject","url":"https:\/\/allasorias.hu\/hirek\/wp-content\/uploads\/2019\/06\/US-and-Mexico-strengthen-energy-cooperation-FI.jpg","width":1107,"height":450},"datePublished":"2019-06-04T08:02:39+02:00","dateModified":"2019-06-04T08:02:39+02:00","inLanguage":"hu-HU","mainEntityOfPage":{"@id":"https:\/\/allasorias.hu\/hirek\/a-mexikoi-vamok-hazankra-is-hathatnak\/#webpage"},"isPartOf":{"@id":"https:\/\/allasorias.hu\/hirek\/a-mexikoi-vamok-hazankra-is-hathatnak\/#webpage"},"articleSection":"Gazdas\u00e1g"},{"@type":"BreadcrumbList","@id":"https:\/\/allasorias.hu\/hirek\/a-mexikoi-vamok-hazankra-is-hathatnak\/#breadcrumblist","itemListElement":[{"@type":"ListItem","@id":"https:\/\/allasorias.hu\/hirek#listItem","position":1,"name":"Home","item":"https:\/\/allasorias.hu\/hirek","nextItem":{"@type":"ListItem","@id":"https:\/\/allasorias.hu\/hirek\/temak\/gazdasag\/#listItem","name":"Gazdas\u00e1g"}},{"@type":"ListItem","@id":"https:\/\/allasorias.hu\/hirek\/temak\/gazdasag\/#listItem","position":2,"name":"Gazdas\u00e1g","item":"https:\/\/allasorias.hu\/hirek\/temak\/gazdasag\/","nextItem":{"@type":"ListItem","@id":"https:\/\/allasorias.hu\/hirek\/a-mexikoi-vamok-hazankra-is-hathatnak\/#listItem","name":"A mexik\u00f3i v\u00e1mok haz\u00e1nkra is hathatnak"},"previousItem":{"@type":"ListItem","@id":"https:\/\/allasorias.hu\/hirek#listItem","name":"Home"}},{"@type":"ListItem","@id":"https:\/\/allasorias.hu\/hirek\/a-mexikoi-vamok-hazankra-is-hathatnak\/#listItem","position":3,"name":"A mexik\u00f3i v\u00e1mok haz\u00e1nkra is hathatnak","previousItem":{"@type":"ListItem","@id":"https:\/\/allasorias.hu\/hirek\/temak\/gazdasag\/#listItem","name":"Gazdas\u00e1g"}}]},{"@type":"Organization","@id":"https:\/\/allasorias.hu\/hirek\/#organization","name":"AllasOrias.hu | H\u00edrek-lapszemle","description":"\u00dczleti h\u00edrek az \u00e1ll\u00e1s \u00e9s a munka vil\u00e1g\u00e1b\u00f3l","url":"https:\/\/allasorias.hu\/hirek\/","logo":{"@type":"ImageObject","url":"https:\/\/allasorias.hu\/hirek\/wp-content\/uploads\/2022\/10\/allasorias_site_facebok_logo.png","@id":"https:\/\/allasorias.hu\/hirek\/a-mexikoi-vamok-hazankra-is-hathatnak\/#organizationLogo"},"image":{"@id":"https:\/\/allasorias.hu\/hirek\/a-mexikoi-vamok-hazankra-is-hathatnak\/#organizationLogo"},"sameAs":["https:\/\/www.facebook.com\/allasorias","https:\/\/www.linkedin.com\/company\/allasorias"]},{"@type":"Person","@id":"https:\/\/allasorias.hu\/hirek\/author\/admin-allasorias\/#author","url":"https:\/\/allasorias.hu\/hirek\/author\/admin-allasorias\/","name":"Juh\u00e1sz P\u00e9ter","image":{"@type":"ImageObject","@id":"https:\/\/allasorias.hu\/hirek\/a-mexikoi-vamok-hazankra-is-hathatnak\/#authorImage","url":"https:\/\/secure.gravatar.com\/avatar\/36e6bcb83148978b992977cb0f54d22feb0cce8a0a849a9410532bb2623ba4c6?s=96&d=mm&r=g","width":96,"height":96,"caption":"Juh\u00e1sz P\u00e9ter"}},{"@type":"WebPage","@id":"https:\/\/allasorias.hu\/hirek\/a-mexikoi-vamok-hazankra-is-hathatnak\/#webpage","url":"https:\/\/allasorias.hu\/hirek\/a-mexikoi-vamok-hazankra-is-hathatnak\/","name":"A mexik\u00f3i v\u00e1mok haz\u00e1nkra is hathatnak | AllasOrias.hu | H\u00edrek-lapszemle","description":"Az USA eln\u00f6ke v\u00e1mot vetett ki j\u00fanius 10-t\u0151l az a mexik\u00f3i import\u00e1rukra, amelynek egy komoly szelete az aut\u00f3import. A gy\u0151ri Audinak pedig a mexik\u00f3i gy\u00e1rak fontos partnerei. Ennek \u00e9rz\u00e9kelhet\u0151 hat\u00e1sai lesznek Magyarorsz\u00e1gon is. Az eln\u00f6k az int\u00e9zked\u00e9st\u0151l azt v\u00e1rja, hogy visszatelep\u00fclnek az aut\u00f3gy\u00e1rt\u00f3k az USA-ba. Donald Trump eln\u00f6k bejelentette: 5 sz\u00e1zal\u00e9kos v\u00e1mot vet ki minden","inLanguage":"hu-HU","isPartOf":{"@id":"https:\/\/allasorias.hu\/hirek\/#website"},"breadcrumb":{"@id":"https:\/\/allasorias.hu\/hirek\/a-mexikoi-vamok-hazankra-is-hathatnak\/#breadcrumblist"},"author":{"@id":"https:\/\/allasorias.hu\/hirek\/author\/admin-allasorias\/#author"},"creator":{"@id":"https:\/\/allasorias.hu\/hirek\/author\/admin-allasorias\/#author"},"image":{"@type":"ImageObject","url":"https:\/\/allasorias.hu\/hirek\/wp-content\/uploads\/2019\/06\/US-and-Mexico-strengthen-energy-cooperation-FI.jpg","@id":"https:\/\/allasorias.hu\/hirek\/a-mexikoi-vamok-hazankra-is-hathatnak\/#mainImage","width":1107,"height":450},"primaryImageOfPage":{"@id":"https:\/\/allasorias.hu\/hirek\/a-mexikoi-vamok-hazankra-is-hathatnak\/#mainImage"},"datePublished":"2019-06-04T08:02:39+02:00","dateModified":"2019-06-04T08:02:39+02:00"},{"@type":"WebSite","@id":"https:\/\/allasorias.hu\/hirek\/#website","url":"https:\/\/allasorias.hu\/hirek\/","name":"AllasOrias.hu | H\u00edrek-lapszemle","description":"\u00dczleti h\u00edrek az \u00e1ll\u00e1s \u00e9s a munka vil\u00e1g\u00e1b\u00f3l","inLanguage":"hu-HU","publisher":{"@id":"https:\/\/allasorias.hu\/hirek\/#organization"}}]},"og:locale":"hu_HU","og:site_name":"AllasOrias.hu | H\u00edrek-lapszemle | \u00dczleti h\u00edrek az \u00e1ll\u00e1s \u00e9s a munka vil\u00e1g\u00e1b\u00f3l","og:type":"article","og:title":"A mexik\u00f3i v\u00e1mok haz\u00e1nkra is hathatnak | AllasOrias.hu | H\u00edrek-lapszemle","og:description":"Az USA eln\u00f6ke v\u00e1mot vetett ki j\u00fanius 10-t\u0151l az a mexik\u00f3i import\u00e1rukra, amelynek egy komoly szelete az aut\u00f3import. A gy\u0151ri Audinak pedig a mexik\u00f3i gy\u00e1rak fontos partnerei. Ennek \u00e9rz\u00e9kelhet\u0151 hat\u00e1sai lesznek Magyarorsz\u00e1gon is. Az eln\u00f6k az int\u00e9zked\u00e9st\u0151l azt v\u00e1rja, hogy visszatelep\u00fclnek az aut\u00f3gy\u00e1rt\u00f3k az USA-ba. Donald Trump eln\u00f6k bejelentette: 5 sz\u00e1zal\u00e9kos v\u00e1mot vet ki minden","og:url":"https:\/\/allasorias.hu\/hirek\/a-mexikoi-vamok-hazankra-is-hathatnak\/","og:image":"https:\/\/allasorias.hu\/hirek\/wp-content\/uploads\/2019\/06\/US-and-Mexico-strengthen-energy-cooperation-FI.jpg","og:image:secure_url":"https:\/\/allasorias.hu\/hirek\/wp-content\/uploads\/2019\/06\/US-and-Mexico-strengthen-energy-cooperation-FI.jpg","og:image:width":1107,"og:image:height":450,"article:published_time":"2019-06-04T08:02:39+00:00","article:modified_time":"2019-06-04T08:02:39+00:00","article:publisher":"https:\/\/www.facebook.com\/allasorias","twitter:card":"summary_large_image","twitter:title":"A mexik\u00f3i v\u00e1mok haz\u00e1nkra is hathatnak | AllasOrias.hu | H\u00edrek-lapszemle","twitter:description":"Az USA eln\u00f6ke v\u00e1mot vetett ki j\u00fanius 10-t\u0151l az a mexik\u00f3i import\u00e1rukra, amelynek egy komoly szelete az aut\u00f3import. A gy\u0151ri Audinak pedig a mexik\u00f3i gy\u00e1rak fontos partnerei. Ennek \u00e9rz\u00e9kelhet\u0151 hat\u00e1sai lesznek Magyarorsz\u00e1gon is. Az eln\u00f6k az int\u00e9zked\u00e9st\u0151l azt v\u00e1rja, hogy visszatelep\u00fclnek az aut\u00f3gy\u00e1rt\u00f3k az USA-ba. Donald Trump eln\u00f6k bejelentette: 5 sz\u00e1zal\u00e9kos v\u00e1mot vet ki minden","twitter:image":"https:\/\/allasorias.hu\/hirek\/wp-content\/uploads\/2019\/06\/US-and-Mexico-strengthen-energy-cooperation-FI.jpg","twitter:label1":"Written by","twitter:data1":"Juh\u00e1sz P\u00e9ter","twitter:label2":"Est. reading time","twitter:data2":"1 minute"},"aioseo_meta_data":{"post_id":"2966","title":null,"description":null,"keywords":null,"keyphrases":null,"primary_term":null,"canonical_url":null,"og_title":null,"og_description":null,"og_object_type":"default","og_image_type":"default","og_image_url":null,"og_image_width":null,"og_image_height":null,"og_image_custom_url":null,"og_image_custom_fields":null,"og_video":null,"og_custom_url":null,"og_article_section":null,"og_article_tags":null,"twitter_use_og":false,"twitter_card":"default","twitter_image_type":"default","twitter_image_url":null,"twitter_image_custom_url":null,"twitter_image_custom_fields":null,"twitter_title":null,"twitter_description":null,"schema":{"blockGraphs":[],"customGraphs":[],"default":{"data":{"Article":[],"Course":[],"Dataset":[],"FAQPage":[],"Movie":[],"Person":[],"Product":[],"ProductReview":[],"Car":[],"Recipe":[],"Service":[],"SoftwareApplication":[],"WebPage":[]},"graphName":"","isEnabled":true},"graphs":[],"defaultGraph":"","defaultPostTypeGraph":""},"schema_type":null,"schema_type_options":null,"pillar_content":false,"robots_default":true,"robots_noindex":false,"robots_noarchive":false,"robots_nosnippet":false,"robots_nofollow":false,"robots_noimageindex":false,"robots_noodp":false,"robots_notranslate":false,"robots_max_snippet":null,"robots_max_videopreview":null,"robots_max_imagepreview":"large","priority":null,"frequency":null,"location":null,"local_seo":null,"breadcrumb_settings":null,"limit_modified_date":false,"ai":null,"created":"2021-02-01 21:28:17","updated":"2025-10-02 11:24:34","seo_analyzer_scan_date":null,"focus_keyword":null,"additional_keywords":null,"truseo_locale":null},"aioseo_breadcrumb":"<div class=\"aioseo-breadcrumbs\"><span class=\"aioseo-breadcrumb\">\n\t\t\t<a href=\"https:\/\/allasorias.hu\/hirek\" title=\"Home\">Home<\/a>\n\t\t<\/span><span class=\"aioseo-breadcrumb-separator\">&raquo;<\/span><span class=\"aioseo-breadcrumb\">\n\t\t\t<a href=\"https:\/\/allasorias.hu\/hirek\/temak\/gazdasag\/\" title=\"Gazdas\u00e1g\">Gazdas\u00e1g<\/a>\n\t\t<\/span><span class=\"aioseo-breadcrumb-separator\">&raquo;<\/span><span class=\"aioseo-breadcrumb\">\n\t\t\tA mexik\u00f3i v\u00e1mok haz\u00e1nkra is hathatnak\n\t\t<\/span><\/div>","aioseo_breadcrumb_json":[{"label":"Home","link":"https:\/\/allasorias.hu\/hirek"},{"label":"Gazdas\u00e1g","link":"https:\/\/allasorias.hu\/hirek\/temak\/gazdasag\/"},{"label":"A mexik\u00f3i v\u00e1mok haz\u00e1nkra is hathatnak","link":"https:\/\/allasorias.hu\/hirek\/a-mexikoi-vamok-hazankra-is-hathatnak\/"}],"_links":{"self":[{"href":"https:\/\/allasorias.hu\/hirek\/wp-json\/wp\/v2\/posts\/2966","targetHints":{"allow":["GET"]}}],"collection":[{"href":"https:\/\/allasorias.hu\/hirek\/wp-json\/wp\/v2\/posts"}],"about":[{"href":"https:\/\/allasorias.hu\/hirek\/wp-json\/wp\/v2\/types\/post"}],"author":[{"embeddable":true,"href":"https:\/\/allasorias.hu\/hirek\/wp-json\/wp\/v2\/users\/1"}],"replies":[{"embeddable":true,"href":"https:\/\/allasorias.hu\/hirek\/wp-json\/wp\/v2\/comments?post=2966"}],"version-history":[{"count":1,"href":"https:\/\/allasorias.hu\/hirek\/wp-json\/wp\/v2\/posts\/2966\/revisions"}],"predecessor-version":[{"id":2968,"href":"https:\/\/allasorias.hu\/hirek\/wp-json\/wp\/v2\/posts\/2966\/revisions\/2968"}],"wp:featuredmedia":[{"embeddable":true,"href":"https:\/\/allasorias.hu\/hirek\/wp-json\/wp\/v2\/media\/2967"}],"wp:attachment":[{"href":"https:\/\/allasorias.hu\/hirek\/wp-json\/wp\/v2\/media?parent=2966"}],"wp:term":[{"taxonomy":"category","embeddable":true,"href":"https:\/\/allasorias.hu\/hirek\/wp-json\/wp\/v2\/categories?post=2966"},{"taxonomy":"post_tag","embeddable":true,"href":"https:\/\/allasorias.hu\/hirek\/wp-json\/wp\/v2\/tags?post=2966"}],"curies":[{"name":"wp","href":"https:\/\/api.w.org\/{rel}","templated":true}]}}