{"id":2925,"date":"2019-05-23T09:11:57","date_gmt":"2019-05-23T09:11:57","guid":{"rendered":"https:\/\/allasorias.hu\/hirek\/?p=2925"},"modified":"2019-05-23T09:11:57","modified_gmt":"2019-05-23T09:11:57","slug":"meg-mindig-van-tovabb-a-munkaeropiacon","status":"publish","type":"post","link":"https:\/\/allasorias.hu\/hirek\/meg-mindig-van-tovabb-a-munkaeropiacon\/","title":{"rendered":"M\u00e9g mindig van tov\u00e1bb a munkaer\u0151piacon"},"content":{"rendered":"<p><strong>Parragh L\u00e1szl\u00f3, a Magyar Kereskedelmi \u00e9s Iparkamara eln\u00f6ke a Portfolio HR Revolution 2019 konferenci\u00e1n tartott nyit\u00f3el\u0151ad\u00e1s\u00e1ban jelentette ki: b\u00e1r magas szinten van a foglalkoztatotts\u00e1g \u00e9s egy\u00e9rtelm\u0171en a keresleti oldal domin\u00e1l, vannak m\u00e9g tartal\u00e9kok a magyar munkaer\u0151piacban.<\/strong><\/p>\n<p>Parragh szerint akut munkaer\u0151hi\u00e1nyr\u00f3l besz\u00e9l\u00fcnk, ami struktur\u00e1lis munkaer\u0151hi\u00e1ny is egy\u00fattal. A 2010-es korm\u00e1nyprogramban 1 milli\u00f3 \u00faj munkahelyr\u0151l volt sz\u00f3: mostanra 850 ezer f\u0151vel siker\u00fclt n\u00f6velni a foglalkoztatottak sz\u00e1m\u00e1t. Szerinte a n\u00f6veked\u00e9s egyik alapja a stabil gazdas\u00e1gi h\u00e1tt\u00e9r \u00e9s a kisz\u00e1m\u00edthat\u00f3 gazdas\u00e1gi k\u00f6rnyezet, \u00e9s eredm\u00e9nyes volt a 6 \u00e9ves b\u00e9rmeg\u00e1llapod\u00e1s is. Ennek legfontosabb eleme a munk\u00e1ra es\u0151 j\u00e1rul\u00e9kterhek cs\u00f6kkent\u00e9se. Parragh \u00fagy l\u00e1tja, vannak m\u00e9g potenci\u00e1lis tartal\u00e9kok a munkaer\u0151piacban: az egyik a fiatal koroszt\u00e1ly, hiszen nagy a lemorzsol\u00f3d\u00e1s az iskolarendszerben (15-24 \u00e9vesek k\u00f6z\u00f6tt). Tartal\u00e9kot jelentenek a du\u00e1lis k\u00e9pz\u00e9sben tanul\u00f3 hallgat\u00f3k, az oktat\u00e1sb\u00f3l kies\u0151k, az 55 \u00e9v felettiek, a dolgoz\u00f3 nyugd\u00edjasok, az atipikus foglalkoztat\u00e1si ter\u00fcletek (t\u00e1vmunka) szerepl\u0151i, a k\u00f6zmunk\u00e1sok, \u00e9s a k\u00fclf\u00f6ld\u00f6n dolgoz\u00f3k is sz\u00e1m\u00edt\u00e1sba j\u00f6hetnek.<\/p>\n<p>Forr\u00e1s: portfolio.hu<\/p>\n","protected":false},"excerpt":{"rendered":"<p>Parragh L\u00e1szl\u00f3, a Magyar Kereskedelmi \u00e9s Iparkamara eln\u00f6ke a Portfolio HR Revolution 2019 konferenci\u00e1n tartott nyit\u00f3el\u0151ad\u00e1s\u00e1ban jelentette ki: b\u00e1r magas szinten van a foglalkoztatotts\u00e1g \u00e9s egy\u00e9rtelm\u0171en a keresleti oldal domin\u00e1l, vannak m\u00e9g tartal\u00e9kok a magyar munkaer\u0151piacban. Parragh szerint akut munkaer\u0151hi\u00e1nyr\u00f3l besz\u00e9l\u00fcnk, ami struktur\u00e1lis munkaer\u0151hi\u00e1ny is egy\u00fattal. A 2010-es korm\u00e1nyprogramban 1 milli\u00f3 \u00faj munkahelyr\u0151l volt sz\u00f3: [&hellip;]<\/p>\n","protected":false},"author":1,"featured_media":2057,"comment_status":"open","ping_status":"open","sticky":false,"template":"","format":"standard","meta":{"_monsterinsights_skip_tracking":false,"footnotes":""},"categories":[1,200],"tags":[],"class_list":["post-2925","post","type-post","status-publish","format-standard","has-post-thumbnail","hentry","category-allaskereses","category-munkaeropiac"],"aioseo_notices":[],"aioseo_head":"\n\t\t<!-- All in One SEO 5.0.0.1 - aioseo.com -->\n\t<meta name=\"description\" content=\"Parragh L\u00e1szl\u00f3, a Magyar Kereskedelmi \u00e9s Iparkamara eln\u00f6ke a Portfolio HR Revolution 2019 konferenci\u00e1n tartott nyit\u00f3el\u0151ad\u00e1s\u00e1ban jelentette ki: b\u00e1r magas szinten van a foglalkoztatotts\u00e1g \u00e9s egy\u00e9rtelm\u0171en a keresleti oldal domin\u00e1l, vannak m\u00e9g tartal\u00e9kok a magyar munkaer\u0151piacban. Parragh szerint akut munkaer\u0151hi\u00e1nyr\u00f3l besz\u00e9l\u00fcnk, ami struktur\u00e1lis munkaer\u0151hi\u00e1ny is egy\u00fattal. A 2010-es korm\u00e1nyprogramban 1 milli\u00f3 \u00faj munkahelyr\u0151l volt sz\u00f3:\" \/>\n\t<meta name=\"robots\" content=\"max-image-preview:large\" \/>\n\t<meta name=\"author\" content=\"Juh\u00e1sz P\u00e9ter\"\/>\n\t<link rel=\"canonical\" href=\"https:\/\/allasorias.hu\/hirek\/meg-mindig-van-tovabb-a-munkaeropiacon\/\" \/>\n\t<meta name=\"generator\" content=\"All in One SEO (AIOSEO) 5.0.0.1\" \/>\n\t\t<meta property=\"og:locale\" content=\"hu_HU\" \/>\n\t\t<meta property=\"og:site_name\" content=\"AllasOrias.hu | H\u00edrek-lapszemle | \u00dczleti h\u00edrek az \u00e1ll\u00e1s \u00e9s a munka vil\u00e1g\u00e1b\u00f3l\" \/>\n\t\t<meta property=\"og:type\" content=\"article\" \/>\n\t\t<meta property=\"og:title\" content=\"M\u00e9g mindig van tov\u00e1bb a munkaer\u0151piacon | AllasOrias.hu | H\u00edrek-lapszemle\" \/>\n\t\t<meta property=\"og:description\" content=\"Parragh L\u00e1szl\u00f3, a Magyar Kereskedelmi \u00e9s Iparkamara eln\u00f6ke a Portfolio HR Revolution 2019 konferenci\u00e1n tartott nyit\u00f3el\u0151ad\u00e1s\u00e1ban jelentette ki: b\u00e1r magas szinten van a foglalkoztatotts\u00e1g \u00e9s egy\u00e9rtelm\u0171en a keresleti oldal domin\u00e1l, vannak m\u00e9g tartal\u00e9kok a magyar munkaer\u0151piacban. Parragh szerint akut munkaer\u0151hi\u00e1nyr\u00f3l besz\u00e9l\u00fcnk, ami struktur\u00e1lis munkaer\u0151hi\u00e1ny is egy\u00fattal. A 2010-es korm\u00e1nyprogramban 1 milli\u00f3 \u00faj munkahelyr\u0151l volt sz\u00f3:\" \/>\n\t\t<meta property=\"og:url\" content=\"https:\/\/allasorias.hu\/hirek\/meg-mindig-van-tovabb-a-munkaeropiacon\/\" \/>\n\t\t<meta property=\"og:image\" content=\"https:\/\/allasorias.hu\/hirek\/wp-content\/uploads\/2018\/10\/lead_370.jpg\" \/>\n\t\t<meta property=\"og:image:secure_url\" content=\"https:\/\/allasorias.hu\/hirek\/wp-content\/uploads\/2018\/10\/lead_370.jpg\" \/>\n\t\t<meta property=\"og:image:width\" content=\"349\" \/>\n\t\t<meta property=\"og:image:height\" content=\"230\" \/>\n\t\t<meta property=\"article:published_time\" content=\"2019-05-23T09:11:57+00:00\" \/>\n\t\t<meta property=\"article:modified_time\" content=\"2019-05-23T09:11:57+00:00\" \/>\n\t\t<meta property=\"article:publisher\" content=\"https:\/\/www.facebook.com\/allasorias\" \/>\n\t\t<meta name=\"twitter:card\" content=\"summary_large_image\" \/>\n\t\t<meta name=\"twitter:title\" content=\"M\u00e9g mindig van tov\u00e1bb a munkaer\u0151piacon | AllasOrias.hu | H\u00edrek-lapszemle\" \/>\n\t\t<meta name=\"twitter:description\" content=\"Parragh L\u00e1szl\u00f3, a Magyar Kereskedelmi \u00e9s Iparkamara eln\u00f6ke a Portfolio HR Revolution 2019 konferenci\u00e1n tartott nyit\u00f3el\u0151ad\u00e1s\u00e1ban jelentette ki: b\u00e1r magas szinten van a foglalkoztatotts\u00e1g \u00e9s egy\u00e9rtelm\u0171en a keresleti oldal domin\u00e1l, vannak m\u00e9g tartal\u00e9kok a magyar munkaer\u0151piacban. Parragh szerint akut munkaer\u0151hi\u00e1nyr\u00f3l besz\u00e9l\u00fcnk, ami struktur\u00e1lis munkaer\u0151hi\u00e1ny is egy\u00fattal. A 2010-es korm\u00e1nyprogramban 1 milli\u00f3 \u00faj munkahelyr\u0151l volt sz\u00f3:\" \/>\n\t\t<meta name=\"twitter:image\" content=\"https:\/\/allasorias.hu\/hirek\/wp-content\/uploads\/2018\/10\/lead_370.jpg\" \/>\n\t\t<meta name=\"twitter:label1\" content=\"Written by\" \/>\n\t\t<meta name=\"twitter:data1\" content=\"Juh\u00e1sz P\u00e9ter\" \/>\n\t\t<meta name=\"twitter:label2\" content=\"Est. reading time\" \/>\n\t\t<meta name=\"twitter:data2\" content=\"1 minute\" \/>\n\t\t<script type=\"application\/ld+json\" class=\"aioseo-schema\">\n\t\t\t{\"@context\":\"https:\\\/\\\/schema.org\",\"@graph\":[{\"@type\":\"Article\",\"@id\":\"https:\\\/\\\/allasorias.hu\\\/hirek\\\/meg-mindig-van-tovabb-a-munkaeropiacon\\\/#article\",\"name\":\"M\\u00e9g mindig van tov\\u00e1bb a munkaer\\u0151piacon | AllasOrias.hu | H\\u00edrek-lapszemle\",\"headline\":\"M\\u00e9g mindig van tov\\u00e1bb a munkaer\\u0151piacon\",\"author\":{\"@id\":\"https:\\\/\\\/allasorias.hu\\\/hirek\\\/author\\\/admin-allasorias\\\/#author\"},\"publisher\":{\"@id\":\"https:\\\/\\\/allasorias.hu\\\/hirek\\\/#organization\"},\"image\":{\"@type\":\"ImageObject\",\"url\":\"https:\\\/\\\/allasorias.hu\\\/hirek\\\/wp-content\\\/uploads\\\/2018\\\/10\\\/lead_370.jpg\",\"width\":349,\"height\":230},\"datePublished\":\"2019-05-23T09:11:57+02:00\",\"dateModified\":\"2019-05-23T09:11:57+02:00\",\"inLanguage\":\"hu-HU\",\"mainEntityOfPage\":{\"@id\":\"https:\\\/\\\/allasorias.hu\\\/hirek\\\/meg-mindig-van-tovabb-a-munkaeropiacon\\\/#webpage\"},\"isPartOf\":{\"@id\":\"https:\\\/\\\/allasorias.hu\\\/hirek\\\/meg-mindig-van-tovabb-a-munkaeropiacon\\\/#webpage\"},\"articleSection\":\"\\u00c1ll\\u00e1skeres\\u00e9s, Munkaer\\u0151piac\"},{\"@type\":\"BreadcrumbList\",\"@id\":\"https:\\\/\\\/allasorias.hu\\\/hirek\\\/meg-mindig-van-tovabb-a-munkaeropiacon\\\/#breadcrumblist\",\"itemListElement\":[{\"@type\":\"ListItem\",\"@id\":\"https:\\\/\\\/allasorias.hu\\\/hirek#listItem\",\"position\":1,\"name\":\"Home\",\"item\":\"https:\\\/\\\/allasorias.hu\\\/hirek\",\"nextItem\":{\"@type\":\"ListItem\",\"@id\":\"https:\\\/\\\/allasorias.hu\\\/hirek\\\/temak\\\/allaskereses\\\/#listItem\",\"name\":\"\\u00c1ll\\u00e1skeres\\u00e9s\"}},{\"@type\":\"ListItem\",\"@id\":\"https:\\\/\\\/allasorias.hu\\\/hirek\\\/temak\\\/allaskereses\\\/#listItem\",\"position\":2,\"name\":\"\\u00c1ll\\u00e1skeres\\u00e9s\",\"item\":\"https:\\\/\\\/allasorias.hu\\\/hirek\\\/temak\\\/allaskereses\\\/\",\"nextItem\":{\"@type\":\"ListItem\",\"@id\":\"https:\\\/\\\/allasorias.hu\\\/hirek\\\/meg-mindig-van-tovabb-a-munkaeropiacon\\\/#listItem\",\"name\":\"M\\u00e9g mindig van tov\\u00e1bb a munkaer\\u0151piacon\"},\"previousItem\":{\"@type\":\"ListItem\",\"@id\":\"https:\\\/\\\/allasorias.hu\\\/hirek#listItem\",\"name\":\"Home\"}},{\"@type\":\"ListItem\",\"@id\":\"https:\\\/\\\/allasorias.hu\\\/hirek\\\/meg-mindig-van-tovabb-a-munkaeropiacon\\\/#listItem\",\"position\":3,\"name\":\"M\\u00e9g mindig van tov\\u00e1bb a munkaer\\u0151piacon\",\"previousItem\":{\"@type\":\"ListItem\",\"@id\":\"https:\\\/\\\/allasorias.hu\\\/hirek\\\/temak\\\/allaskereses\\\/#listItem\",\"name\":\"\\u00c1ll\\u00e1skeres\\u00e9s\"}}]},{\"@type\":\"Organization\",\"@id\":\"https:\\\/\\\/allasorias.hu\\\/hirek\\\/#organization\",\"name\":\"AllasOrias.hu | H\\u00edrek-lapszemle\",\"description\":\"\\u00dczleti h\\u00edrek az \\u00e1ll\\u00e1s \\u00e9s a munka vil\\u00e1g\\u00e1b\\u00f3l\",\"url\":\"https:\\\/\\\/allasorias.hu\\\/hirek\\\/\",\"logo\":{\"@type\":\"ImageObject\",\"url\":\"https:\\\/\\\/allasorias.hu\\\/hirek\\\/wp-content\\\/uploads\\\/2022\\\/10\\\/allasorias_site_facebok_logo.png\",\"@id\":\"https:\\\/\\\/allasorias.hu\\\/hirek\\\/meg-mindig-van-tovabb-a-munkaeropiacon\\\/#organizationLogo\"},\"image\":{\"@id\":\"https:\\\/\\\/allasorias.hu\\\/hirek\\\/meg-mindig-van-tovabb-a-munkaeropiacon\\\/#organizationLogo\"},\"sameAs\":[\"https:\\\/\\\/www.facebook.com\\\/allasorias\",\"https:\\\/\\\/www.linkedin.com\\\/company\\\/allasorias\"]},{\"@type\":\"Person\",\"@id\":\"https:\\\/\\\/allasorias.hu\\\/hirek\\\/author\\\/admin-allasorias\\\/#author\",\"url\":\"https:\\\/\\\/allasorias.hu\\\/hirek\\\/author\\\/admin-allasorias\\\/\",\"name\":\"Juh\\u00e1sz P\\u00e9ter\",\"image\":{\"@type\":\"ImageObject\",\"@id\":\"https:\\\/\\\/allasorias.hu\\\/hirek\\\/meg-mindig-van-tovabb-a-munkaeropiacon\\\/#authorImage\",\"url\":\"https:\\\/\\\/secure.gravatar.com\\\/avatar\\\/36e6bcb83148978b992977cb0f54d22feb0cce8a0a849a9410532bb2623ba4c6?s=96&d=mm&r=g\",\"width\":96,\"height\":96,\"caption\":\"Juh\\u00e1sz P\\u00e9ter\"}},{\"@type\":\"WebPage\",\"@id\":\"https:\\\/\\\/allasorias.hu\\\/hirek\\\/meg-mindig-van-tovabb-a-munkaeropiacon\\\/#webpage\",\"url\":\"https:\\\/\\\/allasorias.hu\\\/hirek\\\/meg-mindig-van-tovabb-a-munkaeropiacon\\\/\",\"name\":\"M\\u00e9g mindig van tov\\u00e1bb a munkaer\\u0151piacon | AllasOrias.hu | H\\u00edrek-lapszemle\",\"description\":\"Parragh L\\u00e1szl\\u00f3, a Magyar Kereskedelmi \\u00e9s Iparkamara eln\\u00f6ke a Portfolio HR Revolution 2019 konferenci\\u00e1n tartott nyit\\u00f3el\\u0151ad\\u00e1s\\u00e1ban jelentette ki: b\\u00e1r magas szinten van a foglalkoztatotts\\u00e1g \\u00e9s egy\\u00e9rtelm\\u0171en a keresleti oldal domin\\u00e1l, vannak m\\u00e9g tartal\\u00e9kok a magyar munkaer\\u0151piacban. Parragh szerint akut munkaer\\u0151hi\\u00e1nyr\\u00f3l besz\\u00e9l\\u00fcnk, ami struktur\\u00e1lis munkaer\\u0151hi\\u00e1ny is egy\\u00fattal. A 2010-es korm\\u00e1nyprogramban 1 milli\\u00f3 \\u00faj munkahelyr\\u0151l volt sz\\u00f3:\",\"inLanguage\":\"hu-HU\",\"isPartOf\":{\"@id\":\"https:\\\/\\\/allasorias.hu\\\/hirek\\\/#website\"},\"breadcrumb\":{\"@id\":\"https:\\\/\\\/allasorias.hu\\\/hirek\\\/meg-mindig-van-tovabb-a-munkaeropiacon\\\/#breadcrumblist\"},\"author\":{\"@id\":\"https:\\\/\\\/allasorias.hu\\\/hirek\\\/author\\\/admin-allasorias\\\/#author\"},\"creator\":{\"@id\":\"https:\\\/\\\/allasorias.hu\\\/hirek\\\/author\\\/admin-allasorias\\\/#author\"},\"image\":{\"@type\":\"ImageObject\",\"url\":\"https:\\\/\\\/allasorias.hu\\\/hirek\\\/wp-content\\\/uploads\\\/2018\\\/10\\\/lead_370.jpg\",\"@id\":\"https:\\\/\\\/allasorias.hu\\\/hirek\\\/meg-mindig-van-tovabb-a-munkaeropiacon\\\/#mainImage\",\"width\":349,\"height\":230},\"primaryImageOfPage\":{\"@id\":\"https:\\\/\\\/allasorias.hu\\\/hirek\\\/meg-mindig-van-tovabb-a-munkaeropiacon\\\/#mainImage\"},\"datePublished\":\"2019-05-23T09:11:57+02:00\",\"dateModified\":\"2019-05-23T09:11:57+02:00\"},{\"@type\":\"WebSite\",\"@id\":\"https:\\\/\\\/allasorias.hu\\\/hirek\\\/#website\",\"url\":\"https:\\\/\\\/allasorias.hu\\\/hirek\\\/\",\"name\":\"AllasOrias.hu | H\\u00edrek-lapszemle\",\"description\":\"\\u00dczleti h\\u00edrek az \\u00e1ll\\u00e1s \\u00e9s a munka vil\\u00e1g\\u00e1b\\u00f3l\",\"inLanguage\":\"hu-HU\",\"publisher\":{\"@id\":\"https:\\\/\\\/allasorias.hu\\\/hirek\\\/#organization\"}}]}\n\t\t<\/script>\n\t\t<!-- All in One SEO -->\n\n","aioseo_head_json":{"title":"M\u00e9g mindig van tov\u00e1bb a munkaer\u0151piacon | AllasOrias.hu | H\u00edrek-lapszemle","description":"Parragh L\u00e1szl\u00f3, a Magyar Kereskedelmi \u00e9s Iparkamara eln\u00f6ke a Portfolio HR Revolution 2019 konferenci\u00e1n tartott nyit\u00f3el\u0151ad\u00e1s\u00e1ban jelentette ki: b\u00e1r magas szinten van a foglalkoztatotts\u00e1g \u00e9s egy\u00e9rtelm\u0171en a keresleti oldal domin\u00e1l, vannak m\u00e9g tartal\u00e9kok a magyar munkaer\u0151piacban. Parragh szerint akut munkaer\u0151hi\u00e1nyr\u00f3l besz\u00e9l\u00fcnk, ami struktur\u00e1lis munkaer\u0151hi\u00e1ny is egy\u00fattal. A 2010-es korm\u00e1nyprogramban 1 milli\u00f3 \u00faj munkahelyr\u0151l volt sz\u00f3:","canonical_url":"https:\/\/allasorias.hu\/hirek\/meg-mindig-van-tovabb-a-munkaeropiacon\/","robots":"max-image-preview:large","keywords":"","webmasterTools":{"miscellaneous":""},"schema":{"@context":"https:\/\/schema.org","@graph":[{"@type":"Article","@id":"https:\/\/allasorias.hu\/hirek\/meg-mindig-van-tovabb-a-munkaeropiacon\/#article","name":"M\u00e9g mindig van tov\u00e1bb a munkaer\u0151piacon | AllasOrias.hu | H\u00edrek-lapszemle","headline":"M\u00e9g mindig van tov\u00e1bb a munkaer\u0151piacon","author":{"@id":"https:\/\/allasorias.hu\/hirek\/author\/admin-allasorias\/#author"},"publisher":{"@id":"https:\/\/allasorias.hu\/hirek\/#organization"},"image":{"@type":"ImageObject","url":"https:\/\/allasorias.hu\/hirek\/wp-content\/uploads\/2018\/10\/lead_370.jpg","width":349,"height":230},"datePublished":"2019-05-23T09:11:57+02:00","dateModified":"2019-05-23T09:11:57+02:00","inLanguage":"hu-HU","mainEntityOfPage":{"@id":"https:\/\/allasorias.hu\/hirek\/meg-mindig-van-tovabb-a-munkaeropiacon\/#webpage"},"isPartOf":{"@id":"https:\/\/allasorias.hu\/hirek\/meg-mindig-van-tovabb-a-munkaeropiacon\/#webpage"},"articleSection":"\u00c1ll\u00e1skeres\u00e9s, Munkaer\u0151piac"},{"@type":"BreadcrumbList","@id":"https:\/\/allasorias.hu\/hirek\/meg-mindig-van-tovabb-a-munkaeropiacon\/#breadcrumblist","itemListElement":[{"@type":"ListItem","@id":"https:\/\/allasorias.hu\/hirek#listItem","position":1,"name":"Home","item":"https:\/\/allasorias.hu\/hirek","nextItem":{"@type":"ListItem","@id":"https:\/\/allasorias.hu\/hirek\/temak\/allaskereses\/#listItem","name":"\u00c1ll\u00e1skeres\u00e9s"}},{"@type":"ListItem","@id":"https:\/\/allasorias.hu\/hirek\/temak\/allaskereses\/#listItem","position":2,"name":"\u00c1ll\u00e1skeres\u00e9s","item":"https:\/\/allasorias.hu\/hirek\/temak\/allaskereses\/","nextItem":{"@type":"ListItem","@id":"https:\/\/allasorias.hu\/hirek\/meg-mindig-van-tovabb-a-munkaeropiacon\/#listItem","name":"M\u00e9g mindig van tov\u00e1bb a munkaer\u0151piacon"},"previousItem":{"@type":"ListItem","@id":"https:\/\/allasorias.hu\/hirek#listItem","name":"Home"}},{"@type":"ListItem","@id":"https:\/\/allasorias.hu\/hirek\/meg-mindig-van-tovabb-a-munkaeropiacon\/#listItem","position":3,"name":"M\u00e9g mindig van tov\u00e1bb a munkaer\u0151piacon","previousItem":{"@type":"ListItem","@id":"https:\/\/allasorias.hu\/hirek\/temak\/allaskereses\/#listItem","name":"\u00c1ll\u00e1skeres\u00e9s"}}]},{"@type":"Organization","@id":"https:\/\/allasorias.hu\/hirek\/#organization","name":"AllasOrias.hu | H\u00edrek-lapszemle","description":"\u00dczleti h\u00edrek az \u00e1ll\u00e1s \u00e9s a munka vil\u00e1g\u00e1b\u00f3l","url":"https:\/\/allasorias.hu\/hirek\/","logo":{"@type":"ImageObject","url":"https:\/\/allasorias.hu\/hirek\/wp-content\/uploads\/2022\/10\/allasorias_site_facebok_logo.png","@id":"https:\/\/allasorias.hu\/hirek\/meg-mindig-van-tovabb-a-munkaeropiacon\/#organizationLogo"},"image":{"@id":"https:\/\/allasorias.hu\/hirek\/meg-mindig-van-tovabb-a-munkaeropiacon\/#organizationLogo"},"sameAs":["https:\/\/www.facebook.com\/allasorias","https:\/\/www.linkedin.com\/company\/allasorias"]},{"@type":"Person","@id":"https:\/\/allasorias.hu\/hirek\/author\/admin-allasorias\/#author","url":"https:\/\/allasorias.hu\/hirek\/author\/admin-allasorias\/","name":"Juh\u00e1sz P\u00e9ter","image":{"@type":"ImageObject","@id":"https:\/\/allasorias.hu\/hirek\/meg-mindig-van-tovabb-a-munkaeropiacon\/#authorImage","url":"https:\/\/secure.gravatar.com\/avatar\/36e6bcb83148978b992977cb0f54d22feb0cce8a0a849a9410532bb2623ba4c6?s=96&d=mm&r=g","width":96,"height":96,"caption":"Juh\u00e1sz P\u00e9ter"}},{"@type":"WebPage","@id":"https:\/\/allasorias.hu\/hirek\/meg-mindig-van-tovabb-a-munkaeropiacon\/#webpage","url":"https:\/\/allasorias.hu\/hirek\/meg-mindig-van-tovabb-a-munkaeropiacon\/","name":"M\u00e9g mindig van tov\u00e1bb a munkaer\u0151piacon | AllasOrias.hu | H\u00edrek-lapszemle","description":"Parragh L\u00e1szl\u00f3, a Magyar Kereskedelmi \u00e9s Iparkamara eln\u00f6ke a Portfolio HR Revolution 2019 konferenci\u00e1n tartott nyit\u00f3el\u0151ad\u00e1s\u00e1ban jelentette ki: b\u00e1r magas szinten van a foglalkoztatotts\u00e1g \u00e9s egy\u00e9rtelm\u0171en a keresleti oldal domin\u00e1l, vannak m\u00e9g tartal\u00e9kok a magyar munkaer\u0151piacban. Parragh szerint akut munkaer\u0151hi\u00e1nyr\u00f3l besz\u00e9l\u00fcnk, ami struktur\u00e1lis munkaer\u0151hi\u00e1ny is egy\u00fattal. A 2010-es korm\u00e1nyprogramban 1 milli\u00f3 \u00faj munkahelyr\u0151l volt sz\u00f3:","inLanguage":"hu-HU","isPartOf":{"@id":"https:\/\/allasorias.hu\/hirek\/#website"},"breadcrumb":{"@id":"https:\/\/allasorias.hu\/hirek\/meg-mindig-van-tovabb-a-munkaeropiacon\/#breadcrumblist"},"author":{"@id":"https:\/\/allasorias.hu\/hirek\/author\/admin-allasorias\/#author"},"creator":{"@id":"https:\/\/allasorias.hu\/hirek\/author\/admin-allasorias\/#author"},"image":{"@type":"ImageObject","url":"https:\/\/allasorias.hu\/hirek\/wp-content\/uploads\/2018\/10\/lead_370.jpg","@id":"https:\/\/allasorias.hu\/hirek\/meg-mindig-van-tovabb-a-munkaeropiacon\/#mainImage","width":349,"height":230},"primaryImageOfPage":{"@id":"https:\/\/allasorias.hu\/hirek\/meg-mindig-van-tovabb-a-munkaeropiacon\/#mainImage"},"datePublished":"2019-05-23T09:11:57+02:00","dateModified":"2019-05-23T09:11:57+02:00"},{"@type":"WebSite","@id":"https:\/\/allasorias.hu\/hirek\/#website","url":"https:\/\/allasorias.hu\/hirek\/","name":"AllasOrias.hu | H\u00edrek-lapszemle","description":"\u00dczleti h\u00edrek az \u00e1ll\u00e1s \u00e9s a munka vil\u00e1g\u00e1b\u00f3l","inLanguage":"hu-HU","publisher":{"@id":"https:\/\/allasorias.hu\/hirek\/#organization"}}]},"og:locale":"hu_HU","og:site_name":"AllasOrias.hu | H\u00edrek-lapszemle | \u00dczleti h\u00edrek az \u00e1ll\u00e1s \u00e9s a munka vil\u00e1g\u00e1b\u00f3l","og:type":"article","og:title":"M\u00e9g mindig van tov\u00e1bb a munkaer\u0151piacon | AllasOrias.hu | H\u00edrek-lapszemle","og:description":"Parragh L\u00e1szl\u00f3, a Magyar Kereskedelmi \u00e9s Iparkamara eln\u00f6ke a Portfolio HR Revolution 2019 konferenci\u00e1n tartott nyit\u00f3el\u0151ad\u00e1s\u00e1ban jelentette ki: b\u00e1r magas szinten van a foglalkoztatotts\u00e1g \u00e9s egy\u00e9rtelm\u0171en a keresleti oldal domin\u00e1l, vannak m\u00e9g tartal\u00e9kok a magyar munkaer\u0151piacban. Parragh szerint akut munkaer\u0151hi\u00e1nyr\u00f3l besz\u00e9l\u00fcnk, ami struktur\u00e1lis munkaer\u0151hi\u00e1ny is egy\u00fattal. A 2010-es korm\u00e1nyprogramban 1 milli\u00f3 \u00faj munkahelyr\u0151l volt sz\u00f3:","og:url":"https:\/\/allasorias.hu\/hirek\/meg-mindig-van-tovabb-a-munkaeropiacon\/","og:image":"https:\/\/allasorias.hu\/hirek\/wp-content\/uploads\/2018\/10\/lead_370.jpg","og:image:secure_url":"https:\/\/allasorias.hu\/hirek\/wp-content\/uploads\/2018\/10\/lead_370.jpg","og:image:width":349,"og:image:height":230,"article:published_time":"2019-05-23T09:11:57+00:00","article:modified_time":"2019-05-23T09:11:57+00:00","article:publisher":"https:\/\/www.facebook.com\/allasorias","twitter:card":"summary_large_image","twitter:title":"M\u00e9g mindig van tov\u00e1bb a munkaer\u0151piacon | AllasOrias.hu | H\u00edrek-lapszemle","twitter:description":"Parragh L\u00e1szl\u00f3, a Magyar Kereskedelmi \u00e9s Iparkamara eln\u00f6ke a Portfolio HR Revolution 2019 konferenci\u00e1n tartott nyit\u00f3el\u0151ad\u00e1s\u00e1ban jelentette ki: b\u00e1r magas szinten van a foglalkoztatotts\u00e1g \u00e9s egy\u00e9rtelm\u0171en a keresleti oldal domin\u00e1l, vannak m\u00e9g tartal\u00e9kok a magyar munkaer\u0151piacban. Parragh szerint akut munkaer\u0151hi\u00e1nyr\u00f3l besz\u00e9l\u00fcnk, ami struktur\u00e1lis munkaer\u0151hi\u00e1ny is egy\u00fattal. A 2010-es korm\u00e1nyprogramban 1 milli\u00f3 \u00faj munkahelyr\u0151l volt sz\u00f3:","twitter:image":"https:\/\/allasorias.hu\/hirek\/wp-content\/uploads\/2018\/10\/lead_370.jpg","twitter:label1":"Written by","twitter:data1":"Juh\u00e1sz P\u00e9ter","twitter:label2":"Est. reading time","twitter:data2":"1 minute"},"aioseo_meta_data":{"post_id":"2925","title":null,"description":null,"keywords":null,"keyphrases":null,"primary_term":null,"canonical_url":null,"og_title":null,"og_description":null,"og_object_type":"default","og_image_type":"default","og_image_url":null,"og_image_width":null,"og_image_height":null,"og_image_custom_url":null,"og_image_custom_fields":null,"og_video":null,"og_custom_url":null,"og_article_section":null,"og_article_tags":null,"twitter_use_og":false,"twitter_card":"default","twitter_image_type":"default","twitter_image_url":null,"twitter_image_custom_url":null,"twitter_image_custom_fields":null,"twitter_title":null,"twitter_description":null,"schema":{"blockGraphs":[],"customGraphs":[],"default":{"data":{"Article":[],"Course":[],"Dataset":[],"FAQPage":[],"Movie":[],"Person":[],"Product":[],"ProductReview":[],"Car":[],"Recipe":[],"Service":[],"SoftwareApplication":[],"WebPage":[]},"graphName":"","isEnabled":true},"graphs":[],"defaultGraph":"","defaultPostTypeGraph":""},"schema_type":null,"schema_type_options":null,"pillar_content":false,"robots_default":true,"robots_noindex":false,"robots_noarchive":false,"robots_nosnippet":false,"robots_nofollow":false,"robots_noimageindex":false,"robots_noodp":false,"robots_notranslate":false,"robots_max_snippet":null,"robots_max_videopreview":null,"robots_max_imagepreview":"large","priority":null,"frequency":null,"location":null,"local_seo":null,"breadcrumb_settings":null,"limit_modified_date":false,"ai":null,"created":"2021-02-01 21:28:16","updated":"2025-10-02 11:21:51","seo_analyzer_scan_date":null,"focus_keyword":null,"additional_keywords":null,"truseo_locale":null},"aioseo_breadcrumb":"<div class=\"aioseo-breadcrumbs\"><span class=\"aioseo-breadcrumb\">\n\t\t\t<a href=\"https:\/\/allasorias.hu\/hirek\" title=\"Home\">Home<\/a>\n\t\t<\/span><span class=\"aioseo-breadcrumb-separator\">&raquo;<\/span><span class=\"aioseo-breadcrumb\">\n\t\t\t<a href=\"https:\/\/allasorias.hu\/hirek\/temak\/allaskereses\/\" title=\"\u00c1ll\u00e1skeres\u00e9s\">\u00c1ll\u00e1skeres\u00e9s<\/a>\n\t\t<\/span><span class=\"aioseo-breadcrumb-separator\">&raquo;<\/span><span class=\"aioseo-breadcrumb\">\n\t\t\tM\u00e9g mindig van tov\u00e1bb a munkaer\u0151piacon\n\t\t<\/span><\/div>","aioseo_breadcrumb_json":[{"label":"Home","link":"https:\/\/allasorias.hu\/hirek"},{"label":"\u00c1ll\u00e1skeres\u00e9s","link":"https:\/\/allasorias.hu\/hirek\/temak\/allaskereses\/"},{"label":"M\u00e9g mindig van tov\u00e1bb a munkaer\u0151piacon","link":"https:\/\/allasorias.hu\/hirek\/meg-mindig-van-tovabb-a-munkaeropiacon\/"}],"_links":{"self":[{"href":"https:\/\/allasorias.hu\/hirek\/wp-json\/wp\/v2\/posts\/2925","targetHints":{"allow":["GET"]}}],"collection":[{"href":"https:\/\/allasorias.hu\/hirek\/wp-json\/wp\/v2\/posts"}],"about":[{"href":"https:\/\/allasorias.hu\/hirek\/wp-json\/wp\/v2\/types\/post"}],"author":[{"embeddable":true,"href":"https:\/\/allasorias.hu\/hirek\/wp-json\/wp\/v2\/users\/1"}],"replies":[{"embeddable":true,"href":"https:\/\/allasorias.hu\/hirek\/wp-json\/wp\/v2\/comments?post=2925"}],"version-history":[{"count":1,"href":"https:\/\/allasorias.hu\/hirek\/wp-json\/wp\/v2\/posts\/2925\/revisions"}],"predecessor-version":[{"id":2926,"href":"https:\/\/allasorias.hu\/hirek\/wp-json\/wp\/v2\/posts\/2925\/revisions\/2926"}],"wp:featuredmedia":[{"embeddable":true,"href":"https:\/\/allasorias.hu\/hirek\/wp-json\/wp\/v2\/media\/2057"}],"wp:attachment":[{"href":"https:\/\/allasorias.hu\/hirek\/wp-json\/wp\/v2\/media?parent=2925"}],"wp:term":[{"taxonomy":"category","embeddable":true,"href":"https:\/\/allasorias.hu\/hirek\/wp-json\/wp\/v2\/categories?post=2925"},{"taxonomy":"post_tag","embeddable":true,"href":"https:\/\/allasorias.hu\/hirek\/wp-json\/wp\/v2\/tags?post=2925"}],"curies":[{"name":"wp","href":"https:\/\/api.w.org\/{rel}","templated":true}]}}