{"id":2922,"date":"2019-05-22T12:36:12","date_gmt":"2019-05-22T12:36:12","guid":{"rendered":"https:\/\/allasorias.hu\/hirek\/?p=2922"},"modified":"2019-05-22T12:36:12","modified_gmt":"2019-05-22T12:36:12","slug":"valtozasok-lesznek-az-autovasarlasoknal","status":"publish","type":"post","link":"https:\/\/allasorias.hu\/hirek\/valtozasok-lesznek-az-autovasarlasoknal\/","title":{"rendered":"V\u00e1ltoz\u00e1sok lesznek az aut\u00f3v\u00e1s\u00e1rl\u00e1sokn\u00e1l?"},"content":{"rendered":"<p><strong>M\u00f3dosuln\u00e1nak a v\u00e1s\u00e1rl\u00e1sra, az \u00f6r\u00f6kl\u00e9sre, az aj\u00e1nd\u00e9koz\u00e1sra \u00e9s a behozatalra vonatkoz\u00f3 szab\u00e1lyok. Az aut\u00f3v\u00e1s\u00e1rl\u00e1shoz \u00e9s -behozatalhoz, valamint a c\u00e9gaut\u00f3khoz f\u0171z\u0151d\u0151 k\u00f6zterhek radik\u00e1lis \u00e1talak\u00edt\u00e1s\u00e1ra k\u00e9sz\u00fcl az Orb\u00e1n-korm\u00e1ny a hvg.hu szerint, hivatkozva egy, a P\u00e9nz\u00fcgyminiszt\u00e9rium \u00e1ltal kidolgozott el\u0151terjeszt\u00e9sre.<\/strong><\/p>\n<p>A titkos javaslatnak a kocsiv\u00e1s\u00e1rl\u00e1st tervez\u0151k \u00f6r\u00fclhetn\u00e9nek, kevesebb lenne az int\u00e9znival\u00f3, t\u00f6bbf\u00e9le illet\u00e9k \u00e9s az eredetvizsg\u00e1lat d\u00edja is megsz\u0171nne. A tervek szerint a regisztr\u00e1ci\u00f3s ad\u00f3 is v\u00e1ltozna, hogy f\u00e9kezz\u00e9k a kev\u00e9sb\u00e9 korszer\u0171 aut\u00f3k behozatal\u00e1t. Mesters\u00e9gesen f\u00e9kezn\u00e9k az \u00f6regebb, legink\u00e1bb k\u00f6rnyezetk\u00e1ros\u00edt\u00f3 aut\u00f3k behozatal\u00e1t is, ez\u00e9rt jelent\u0151sen \u00e1talak\u00edtan\u00e1k a regisztr\u00e1ci\u00f3s ad\u00f3t, bevezet\u00e9sre ker\u00fclne az EURO6-os kateg\u00f3ria. Cs\u00f6kkenne a g\u00e9pj\u00e1rm\u0171ad\u00f3, a c\u00e9gaut\u00f3ad\u00f3 viszont bizonyos kateg\u00f3ri\u00e1kn\u00e1l emelkedne. A k\u00f6rnyezetk\u00edm\u00e9l\u0151 \u2013 elektromos \u00e9s t\u00f6lthet\u0151 hibrid \u2013 j\u00e1rm\u0171vek kedvezm\u00e9nyei megmaradn\u00e1nak. A el\u0151terjeszt\u00e9sre m\u00e9g r\u00e1 kell b\u00f3lintania a korm\u00e1nynak, ha ez megvan, a sz\u00fcks\u00e9ges jogszab\u00e1ly-m\u00f3dos\u00edt\u00e1sokat ak\u00e1r m\u00e9g a parlament tavaszi \u00fcl\u00e9sszaka alatt \u00e1ttoln\u00e1k \u2013 \u00edrja a hvg.hu.<\/p>\n<p>Forr\u00e1s: privatbankar.hu<\/p>\n","protected":false},"excerpt":{"rendered":"<p>M\u00f3dosuln\u00e1nak a v\u00e1s\u00e1rl\u00e1sra, az \u00f6r\u00f6kl\u00e9sre, az aj\u00e1nd\u00e9koz\u00e1sra \u00e9s a behozatalra vonatkoz\u00f3 szab\u00e1lyok. Az aut\u00f3v\u00e1s\u00e1rl\u00e1shoz \u00e9s -behozatalhoz, valamint a c\u00e9gaut\u00f3khoz f\u0171z\u0151d\u0151 k\u00f6zterhek radik\u00e1lis \u00e1talak\u00edt\u00e1s\u00e1ra k\u00e9sz\u00fcl az Orb\u00e1n-korm\u00e1ny a hvg.hu szerint, hivatkozva egy, a P\u00e9nz\u00fcgyminiszt\u00e9rium \u00e1ltal kidolgozott el\u0151terjeszt\u00e9sre. A titkos javaslatnak a kocsiv\u00e1s\u00e1rl\u00e1st tervez\u0151k \u00f6r\u00fclhetn\u00e9nek, kevesebb lenne az int\u00e9znival\u00f3, t\u00f6bbf\u00e9le illet\u00e9k \u00e9s az eredetvizsg\u00e1lat d\u00edja is megsz\u0171nne. [&hellip;]<\/p>\n","protected":false},"author":1,"featured_media":2923,"comment_status":"open","ping_status":"open","sticky":false,"template":"","format":"standard","meta":{"_monsterinsights_skip_tracking":false,"footnotes":""},"categories":[198],"tags":[],"class_list":["post-2922","post","type-post","status-publish","format-standard","has-post-thumbnail","hentry","category-gazdasag"],"aioseo_notices":[],"aioseo_head":"\n\t\t<!-- All in One SEO 5.0.0.1 - aioseo.com -->\n\t<meta name=\"description\" content=\"M\u00f3dosuln\u00e1nak a v\u00e1s\u00e1rl\u00e1sra, az \u00f6r\u00f6kl\u00e9sre, az aj\u00e1nd\u00e9koz\u00e1sra \u00e9s a behozatalra vonatkoz\u00f3 szab\u00e1lyok. Az aut\u00f3v\u00e1s\u00e1rl\u00e1shoz \u00e9s -behozatalhoz, valamint a c\u00e9gaut\u00f3khoz f\u0171z\u0151d\u0151 k\u00f6zterhek radik\u00e1lis \u00e1talak\u00edt\u00e1s\u00e1ra k\u00e9sz\u00fcl az Orb\u00e1n-korm\u00e1ny a hvg.hu szerint, hivatkozva egy, a P\u00e9nz\u00fcgyminiszt\u00e9rium \u00e1ltal kidolgozott el\u0151terjeszt\u00e9sre. A titkos javaslatnak a kocsiv\u00e1s\u00e1rl\u00e1st tervez\u0151k \u00f6r\u00fclhetn\u00e9nek, kevesebb lenne az int\u00e9znival\u00f3, t\u00f6bbf\u00e9le illet\u00e9k \u00e9s az eredetvizsg\u00e1lat d\u00edja is megsz\u0171nne.\" \/>\n\t<meta name=\"robots\" content=\"max-image-preview:large\" \/>\n\t<meta name=\"author\" content=\"Juh\u00e1sz P\u00e9ter\"\/>\n\t<link rel=\"canonical\" href=\"https:\/\/allasorias.hu\/hirek\/valtozasok-lesznek-az-autovasarlasoknal\/\" \/>\n\t<meta name=\"generator\" content=\"All in One SEO (AIOSEO) 5.0.0.1\" \/>\n\t\t<meta property=\"og:locale\" content=\"hu_HU\" \/>\n\t\t<meta property=\"og:site_name\" content=\"AllasOrias.hu | H\u00edrek-lapszemle | \u00dczleti h\u00edrek az \u00e1ll\u00e1s \u00e9s a munka vil\u00e1g\u00e1b\u00f3l\" \/>\n\t\t<meta property=\"og:type\" content=\"article\" \/>\n\t\t<meta property=\"og:title\" content=\"V\u00e1ltoz\u00e1sok lesznek az aut\u00f3v\u00e1s\u00e1rl\u00e1sokn\u00e1l? | AllasOrias.hu | H\u00edrek-lapszemle\" \/>\n\t\t<meta property=\"og:description\" content=\"M\u00f3dosuln\u00e1nak a v\u00e1s\u00e1rl\u00e1sra, az \u00f6r\u00f6kl\u00e9sre, az aj\u00e1nd\u00e9koz\u00e1sra \u00e9s a behozatalra vonatkoz\u00f3 szab\u00e1lyok. Az aut\u00f3v\u00e1s\u00e1rl\u00e1shoz \u00e9s -behozatalhoz, valamint a c\u00e9gaut\u00f3khoz f\u0171z\u0151d\u0151 k\u00f6zterhek radik\u00e1lis \u00e1talak\u00edt\u00e1s\u00e1ra k\u00e9sz\u00fcl az Orb\u00e1n-korm\u00e1ny a hvg.hu szerint, hivatkozva egy, a P\u00e9nz\u00fcgyminiszt\u00e9rium \u00e1ltal kidolgozott el\u0151terjeszt\u00e9sre. A titkos javaslatnak a kocsiv\u00e1s\u00e1rl\u00e1st tervez\u0151k \u00f6r\u00fclhetn\u00e9nek, kevesebb lenne az int\u00e9znival\u00f3, t\u00f6bbf\u00e9le illet\u00e9k \u00e9s az eredetvizsg\u00e1lat d\u00edja is megsz\u0171nne.\" \/>\n\t\t<meta property=\"og:url\" content=\"https:\/\/allasorias.hu\/hirek\/valtozasok-lesznek-az-autovasarlasoknal\/\" \/>\n\t\t<meta property=\"og:image\" content=\"https:\/\/allasorias.hu\/hirek\/wp-content\/uploads\/2019\/05\/architecture-automobile-cars-63294.jpg\" \/>\n\t\t<meta property=\"og:image:secure_url\" content=\"https:\/\/allasorias.hu\/hirek\/wp-content\/uploads\/2019\/05\/architecture-automobile-cars-63294.jpg\" \/>\n\t\t<meta property=\"og:image:width\" content=\"640\" \/>\n\t\t<meta property=\"og:image:height\" content=\"480\" \/>\n\t\t<meta property=\"article:published_time\" content=\"2019-05-22T12:36:12+00:00\" \/>\n\t\t<meta property=\"article:modified_time\" content=\"2019-05-22T12:36:12+00:00\" \/>\n\t\t<meta property=\"article:publisher\" content=\"https:\/\/www.facebook.com\/allasorias\" \/>\n\t\t<meta name=\"twitter:card\" content=\"summary_large_image\" \/>\n\t\t<meta name=\"twitter:title\" content=\"V\u00e1ltoz\u00e1sok lesznek az aut\u00f3v\u00e1s\u00e1rl\u00e1sokn\u00e1l? | AllasOrias.hu | H\u00edrek-lapszemle\" \/>\n\t\t<meta name=\"twitter:description\" content=\"M\u00f3dosuln\u00e1nak a v\u00e1s\u00e1rl\u00e1sra, az \u00f6r\u00f6kl\u00e9sre, az aj\u00e1nd\u00e9koz\u00e1sra \u00e9s a behozatalra vonatkoz\u00f3 szab\u00e1lyok. Az aut\u00f3v\u00e1s\u00e1rl\u00e1shoz \u00e9s -behozatalhoz, valamint a c\u00e9gaut\u00f3khoz f\u0171z\u0151d\u0151 k\u00f6zterhek radik\u00e1lis \u00e1talak\u00edt\u00e1s\u00e1ra k\u00e9sz\u00fcl az Orb\u00e1n-korm\u00e1ny a hvg.hu szerint, hivatkozva egy, a P\u00e9nz\u00fcgyminiszt\u00e9rium \u00e1ltal kidolgozott el\u0151terjeszt\u00e9sre. A titkos javaslatnak a kocsiv\u00e1s\u00e1rl\u00e1st tervez\u0151k \u00f6r\u00fclhetn\u00e9nek, kevesebb lenne az int\u00e9znival\u00f3, t\u00f6bbf\u00e9le illet\u00e9k \u00e9s az eredetvizsg\u00e1lat d\u00edja is megsz\u0171nne.\" \/>\n\t\t<meta name=\"twitter:image\" content=\"https:\/\/allasorias.hu\/hirek\/wp-content\/uploads\/2019\/05\/architecture-automobile-cars-63294.jpg\" \/>\n\t\t<meta name=\"twitter:label1\" content=\"Written by\" \/>\n\t\t<meta name=\"twitter:data1\" content=\"Juh\u00e1sz P\u00e9ter\" \/>\n\t\t<meta name=\"twitter:label2\" content=\"Est. reading time\" \/>\n\t\t<meta name=\"twitter:data2\" content=\"1 minute\" \/>\n\t\t<script type=\"application\/ld+json\" class=\"aioseo-schema\">\n\t\t\t{\"@context\":\"https:\\\/\\\/schema.org\",\"@graph\":[{\"@type\":\"Article\",\"@id\":\"https:\\\/\\\/allasorias.hu\\\/hirek\\\/valtozasok-lesznek-az-autovasarlasoknal\\\/#article\",\"name\":\"V\\u00e1ltoz\\u00e1sok lesznek az aut\\u00f3v\\u00e1s\\u00e1rl\\u00e1sokn\\u00e1l? | AllasOrias.hu | H\\u00edrek-lapszemle\",\"headline\":\"V\\u00e1ltoz\\u00e1sok lesznek az aut\\u00f3v\\u00e1s\\u00e1rl\\u00e1sokn\\u00e1l?\",\"author\":{\"@id\":\"https:\\\/\\\/allasorias.hu\\\/hirek\\\/author\\\/admin-allasorias\\\/#author\"},\"publisher\":{\"@id\":\"https:\\\/\\\/allasorias.hu\\\/hirek\\\/#organization\"},\"image\":{\"@type\":\"ImageObject\",\"url\":\"https:\\\/\\\/allasorias.hu\\\/hirek\\\/wp-content\\\/uploads\\\/2019\\\/05\\\/architecture-automobile-cars-63294.jpg\",\"width\":640,\"height\":480},\"datePublished\":\"2019-05-22T12:36:12+02:00\",\"dateModified\":\"2019-05-22T12:36:12+02:00\",\"inLanguage\":\"hu-HU\",\"mainEntityOfPage\":{\"@id\":\"https:\\\/\\\/allasorias.hu\\\/hirek\\\/valtozasok-lesznek-az-autovasarlasoknal\\\/#webpage\"},\"isPartOf\":{\"@id\":\"https:\\\/\\\/allasorias.hu\\\/hirek\\\/valtozasok-lesznek-az-autovasarlasoknal\\\/#webpage\"},\"articleSection\":\"Gazdas\\u00e1g\"},{\"@type\":\"BreadcrumbList\",\"@id\":\"https:\\\/\\\/allasorias.hu\\\/hirek\\\/valtozasok-lesznek-az-autovasarlasoknal\\\/#breadcrumblist\",\"itemListElement\":[{\"@type\":\"ListItem\",\"@id\":\"https:\\\/\\\/allasorias.hu\\\/hirek#listItem\",\"position\":1,\"name\":\"Home\",\"item\":\"https:\\\/\\\/allasorias.hu\\\/hirek\",\"nextItem\":{\"@type\":\"ListItem\",\"@id\":\"https:\\\/\\\/allasorias.hu\\\/hirek\\\/temak\\\/gazdasag\\\/#listItem\",\"name\":\"Gazdas\\u00e1g\"}},{\"@type\":\"ListItem\",\"@id\":\"https:\\\/\\\/allasorias.hu\\\/hirek\\\/temak\\\/gazdasag\\\/#listItem\",\"position\":2,\"name\":\"Gazdas\\u00e1g\",\"item\":\"https:\\\/\\\/allasorias.hu\\\/hirek\\\/temak\\\/gazdasag\\\/\",\"nextItem\":{\"@type\":\"ListItem\",\"@id\":\"https:\\\/\\\/allasorias.hu\\\/hirek\\\/valtozasok-lesznek-az-autovasarlasoknal\\\/#listItem\",\"name\":\"V\\u00e1ltoz\\u00e1sok lesznek az aut\\u00f3v\\u00e1s\\u00e1rl\\u00e1sokn\\u00e1l?\"},\"previousItem\":{\"@type\":\"ListItem\",\"@id\":\"https:\\\/\\\/allasorias.hu\\\/hirek#listItem\",\"name\":\"Home\"}},{\"@type\":\"ListItem\",\"@id\":\"https:\\\/\\\/allasorias.hu\\\/hirek\\\/valtozasok-lesznek-az-autovasarlasoknal\\\/#listItem\",\"position\":3,\"name\":\"V\\u00e1ltoz\\u00e1sok lesznek az aut\\u00f3v\\u00e1s\\u00e1rl\\u00e1sokn\\u00e1l?\",\"previousItem\":{\"@type\":\"ListItem\",\"@id\":\"https:\\\/\\\/allasorias.hu\\\/hirek\\\/temak\\\/gazdasag\\\/#listItem\",\"name\":\"Gazdas\\u00e1g\"}}]},{\"@type\":\"Organization\",\"@id\":\"https:\\\/\\\/allasorias.hu\\\/hirek\\\/#organization\",\"name\":\"AllasOrias.hu | H\\u00edrek-lapszemle\",\"description\":\"\\u00dczleti h\\u00edrek az \\u00e1ll\\u00e1s \\u00e9s a munka vil\\u00e1g\\u00e1b\\u00f3l\",\"url\":\"https:\\\/\\\/allasorias.hu\\\/hirek\\\/\",\"logo\":{\"@type\":\"ImageObject\",\"url\":\"https:\\\/\\\/allasorias.hu\\\/hirek\\\/wp-content\\\/uploads\\\/2022\\\/10\\\/allasorias_site_facebok_logo.png\",\"@id\":\"https:\\\/\\\/allasorias.hu\\\/hirek\\\/valtozasok-lesznek-az-autovasarlasoknal\\\/#organizationLogo\"},\"image\":{\"@id\":\"https:\\\/\\\/allasorias.hu\\\/hirek\\\/valtozasok-lesznek-az-autovasarlasoknal\\\/#organizationLogo\"},\"sameAs\":[\"https:\\\/\\\/www.facebook.com\\\/allasorias\",\"https:\\\/\\\/www.linkedin.com\\\/company\\\/allasorias\"]},{\"@type\":\"Person\",\"@id\":\"https:\\\/\\\/allasorias.hu\\\/hirek\\\/author\\\/admin-allasorias\\\/#author\",\"url\":\"https:\\\/\\\/allasorias.hu\\\/hirek\\\/author\\\/admin-allasorias\\\/\",\"name\":\"Juh\\u00e1sz P\\u00e9ter\",\"image\":{\"@type\":\"ImageObject\",\"@id\":\"https:\\\/\\\/allasorias.hu\\\/hirek\\\/valtozasok-lesznek-az-autovasarlasoknal\\\/#authorImage\",\"url\":\"https:\\\/\\\/secure.gravatar.com\\\/avatar\\\/36e6bcb83148978b992977cb0f54d22feb0cce8a0a849a9410532bb2623ba4c6?s=96&d=mm&r=g\",\"width\":96,\"height\":96,\"caption\":\"Juh\\u00e1sz P\\u00e9ter\"}},{\"@type\":\"WebPage\",\"@id\":\"https:\\\/\\\/allasorias.hu\\\/hirek\\\/valtozasok-lesznek-az-autovasarlasoknal\\\/#webpage\",\"url\":\"https:\\\/\\\/allasorias.hu\\\/hirek\\\/valtozasok-lesznek-az-autovasarlasoknal\\\/\",\"name\":\"V\\u00e1ltoz\\u00e1sok lesznek az aut\\u00f3v\\u00e1s\\u00e1rl\\u00e1sokn\\u00e1l? | AllasOrias.hu | H\\u00edrek-lapszemle\",\"description\":\"M\\u00f3dosuln\\u00e1nak a v\\u00e1s\\u00e1rl\\u00e1sra, az \\u00f6r\\u00f6kl\\u00e9sre, az aj\\u00e1nd\\u00e9koz\\u00e1sra \\u00e9s a behozatalra vonatkoz\\u00f3 szab\\u00e1lyok. Az aut\\u00f3v\\u00e1s\\u00e1rl\\u00e1shoz \\u00e9s -behozatalhoz, valamint a c\\u00e9gaut\\u00f3khoz f\\u0171z\\u0151d\\u0151 k\\u00f6zterhek radik\\u00e1lis \\u00e1talak\\u00edt\\u00e1s\\u00e1ra k\\u00e9sz\\u00fcl az Orb\\u00e1n-korm\\u00e1ny a hvg.hu szerint, hivatkozva egy, a P\\u00e9nz\\u00fcgyminiszt\\u00e9rium \\u00e1ltal kidolgozott el\\u0151terjeszt\\u00e9sre. A titkos javaslatnak a kocsiv\\u00e1s\\u00e1rl\\u00e1st tervez\\u0151k \\u00f6r\\u00fclhetn\\u00e9nek, kevesebb lenne az int\\u00e9znival\\u00f3, t\\u00f6bbf\\u00e9le illet\\u00e9k \\u00e9s az eredetvizsg\\u00e1lat d\\u00edja is megsz\\u0171nne.\",\"inLanguage\":\"hu-HU\",\"isPartOf\":{\"@id\":\"https:\\\/\\\/allasorias.hu\\\/hirek\\\/#website\"},\"breadcrumb\":{\"@id\":\"https:\\\/\\\/allasorias.hu\\\/hirek\\\/valtozasok-lesznek-az-autovasarlasoknal\\\/#breadcrumblist\"},\"author\":{\"@id\":\"https:\\\/\\\/allasorias.hu\\\/hirek\\\/author\\\/admin-allasorias\\\/#author\"},\"creator\":{\"@id\":\"https:\\\/\\\/allasorias.hu\\\/hirek\\\/author\\\/admin-allasorias\\\/#author\"},\"image\":{\"@type\":\"ImageObject\",\"url\":\"https:\\\/\\\/allasorias.hu\\\/hirek\\\/wp-content\\\/uploads\\\/2019\\\/05\\\/architecture-automobile-cars-63294.jpg\",\"@id\":\"https:\\\/\\\/allasorias.hu\\\/hirek\\\/valtozasok-lesznek-az-autovasarlasoknal\\\/#mainImage\",\"width\":640,\"height\":480},\"primaryImageOfPage\":{\"@id\":\"https:\\\/\\\/allasorias.hu\\\/hirek\\\/valtozasok-lesznek-az-autovasarlasoknal\\\/#mainImage\"},\"datePublished\":\"2019-05-22T12:36:12+02:00\",\"dateModified\":\"2019-05-22T12:36:12+02:00\"},{\"@type\":\"WebSite\",\"@id\":\"https:\\\/\\\/allasorias.hu\\\/hirek\\\/#website\",\"url\":\"https:\\\/\\\/allasorias.hu\\\/hirek\\\/\",\"name\":\"AllasOrias.hu | H\\u00edrek-lapszemle\",\"description\":\"\\u00dczleti h\\u00edrek az \\u00e1ll\\u00e1s \\u00e9s a munka vil\\u00e1g\\u00e1b\\u00f3l\",\"inLanguage\":\"hu-HU\",\"publisher\":{\"@id\":\"https:\\\/\\\/allasorias.hu\\\/hirek\\\/#organization\"}}]}\n\t\t<\/script>\n\t\t<!-- All in One SEO -->\n\n","aioseo_head_json":{"title":"V\u00e1ltoz\u00e1sok lesznek az aut\u00f3v\u00e1s\u00e1rl\u00e1sokn\u00e1l? | AllasOrias.hu | H\u00edrek-lapszemle","description":"M\u00f3dosuln\u00e1nak a v\u00e1s\u00e1rl\u00e1sra, az \u00f6r\u00f6kl\u00e9sre, az aj\u00e1nd\u00e9koz\u00e1sra \u00e9s a behozatalra vonatkoz\u00f3 szab\u00e1lyok. Az aut\u00f3v\u00e1s\u00e1rl\u00e1shoz \u00e9s -behozatalhoz, valamint a c\u00e9gaut\u00f3khoz f\u0171z\u0151d\u0151 k\u00f6zterhek radik\u00e1lis \u00e1talak\u00edt\u00e1s\u00e1ra k\u00e9sz\u00fcl az Orb\u00e1n-korm\u00e1ny a hvg.hu szerint, hivatkozva egy, a P\u00e9nz\u00fcgyminiszt\u00e9rium \u00e1ltal kidolgozott el\u0151terjeszt\u00e9sre. A titkos javaslatnak a kocsiv\u00e1s\u00e1rl\u00e1st tervez\u0151k \u00f6r\u00fclhetn\u00e9nek, kevesebb lenne az int\u00e9znival\u00f3, t\u00f6bbf\u00e9le illet\u00e9k \u00e9s az eredetvizsg\u00e1lat d\u00edja is megsz\u0171nne.","canonical_url":"https:\/\/allasorias.hu\/hirek\/valtozasok-lesznek-az-autovasarlasoknal\/","robots":"max-image-preview:large","keywords":"","webmasterTools":{"miscellaneous":""},"schema":{"@context":"https:\/\/schema.org","@graph":[{"@type":"Article","@id":"https:\/\/allasorias.hu\/hirek\/valtozasok-lesznek-az-autovasarlasoknal\/#article","name":"V\u00e1ltoz\u00e1sok lesznek az aut\u00f3v\u00e1s\u00e1rl\u00e1sokn\u00e1l? | AllasOrias.hu | H\u00edrek-lapszemle","headline":"V\u00e1ltoz\u00e1sok lesznek az aut\u00f3v\u00e1s\u00e1rl\u00e1sokn\u00e1l?","author":{"@id":"https:\/\/allasorias.hu\/hirek\/author\/admin-allasorias\/#author"},"publisher":{"@id":"https:\/\/allasorias.hu\/hirek\/#organization"},"image":{"@type":"ImageObject","url":"https:\/\/allasorias.hu\/hirek\/wp-content\/uploads\/2019\/05\/architecture-automobile-cars-63294.jpg","width":640,"height":480},"datePublished":"2019-05-22T12:36:12+02:00","dateModified":"2019-05-22T12:36:12+02:00","inLanguage":"hu-HU","mainEntityOfPage":{"@id":"https:\/\/allasorias.hu\/hirek\/valtozasok-lesznek-az-autovasarlasoknal\/#webpage"},"isPartOf":{"@id":"https:\/\/allasorias.hu\/hirek\/valtozasok-lesznek-az-autovasarlasoknal\/#webpage"},"articleSection":"Gazdas\u00e1g"},{"@type":"BreadcrumbList","@id":"https:\/\/allasorias.hu\/hirek\/valtozasok-lesznek-az-autovasarlasoknal\/#breadcrumblist","itemListElement":[{"@type":"ListItem","@id":"https:\/\/allasorias.hu\/hirek#listItem","position":1,"name":"Home","item":"https:\/\/allasorias.hu\/hirek","nextItem":{"@type":"ListItem","@id":"https:\/\/allasorias.hu\/hirek\/temak\/gazdasag\/#listItem","name":"Gazdas\u00e1g"}},{"@type":"ListItem","@id":"https:\/\/allasorias.hu\/hirek\/temak\/gazdasag\/#listItem","position":2,"name":"Gazdas\u00e1g","item":"https:\/\/allasorias.hu\/hirek\/temak\/gazdasag\/","nextItem":{"@type":"ListItem","@id":"https:\/\/allasorias.hu\/hirek\/valtozasok-lesznek-az-autovasarlasoknal\/#listItem","name":"V\u00e1ltoz\u00e1sok lesznek az aut\u00f3v\u00e1s\u00e1rl\u00e1sokn\u00e1l?"},"previousItem":{"@type":"ListItem","@id":"https:\/\/allasorias.hu\/hirek#listItem","name":"Home"}},{"@type":"ListItem","@id":"https:\/\/allasorias.hu\/hirek\/valtozasok-lesznek-az-autovasarlasoknal\/#listItem","position":3,"name":"V\u00e1ltoz\u00e1sok lesznek az aut\u00f3v\u00e1s\u00e1rl\u00e1sokn\u00e1l?","previousItem":{"@type":"ListItem","@id":"https:\/\/allasorias.hu\/hirek\/temak\/gazdasag\/#listItem","name":"Gazdas\u00e1g"}}]},{"@type":"Organization","@id":"https:\/\/allasorias.hu\/hirek\/#organization","name":"AllasOrias.hu | H\u00edrek-lapszemle","description":"\u00dczleti h\u00edrek az \u00e1ll\u00e1s \u00e9s a munka vil\u00e1g\u00e1b\u00f3l","url":"https:\/\/allasorias.hu\/hirek\/","logo":{"@type":"ImageObject","url":"https:\/\/allasorias.hu\/hirek\/wp-content\/uploads\/2022\/10\/allasorias_site_facebok_logo.png","@id":"https:\/\/allasorias.hu\/hirek\/valtozasok-lesznek-az-autovasarlasoknal\/#organizationLogo"},"image":{"@id":"https:\/\/allasorias.hu\/hirek\/valtozasok-lesznek-az-autovasarlasoknal\/#organizationLogo"},"sameAs":["https:\/\/www.facebook.com\/allasorias","https:\/\/www.linkedin.com\/company\/allasorias"]},{"@type":"Person","@id":"https:\/\/allasorias.hu\/hirek\/author\/admin-allasorias\/#author","url":"https:\/\/allasorias.hu\/hirek\/author\/admin-allasorias\/","name":"Juh\u00e1sz P\u00e9ter","image":{"@type":"ImageObject","@id":"https:\/\/allasorias.hu\/hirek\/valtozasok-lesznek-az-autovasarlasoknal\/#authorImage","url":"https:\/\/secure.gravatar.com\/avatar\/36e6bcb83148978b992977cb0f54d22feb0cce8a0a849a9410532bb2623ba4c6?s=96&d=mm&r=g","width":96,"height":96,"caption":"Juh\u00e1sz P\u00e9ter"}},{"@type":"WebPage","@id":"https:\/\/allasorias.hu\/hirek\/valtozasok-lesznek-az-autovasarlasoknal\/#webpage","url":"https:\/\/allasorias.hu\/hirek\/valtozasok-lesznek-az-autovasarlasoknal\/","name":"V\u00e1ltoz\u00e1sok lesznek az aut\u00f3v\u00e1s\u00e1rl\u00e1sokn\u00e1l? | AllasOrias.hu | H\u00edrek-lapszemle","description":"M\u00f3dosuln\u00e1nak a v\u00e1s\u00e1rl\u00e1sra, az \u00f6r\u00f6kl\u00e9sre, az aj\u00e1nd\u00e9koz\u00e1sra \u00e9s a behozatalra vonatkoz\u00f3 szab\u00e1lyok. Az aut\u00f3v\u00e1s\u00e1rl\u00e1shoz \u00e9s -behozatalhoz, valamint a c\u00e9gaut\u00f3khoz f\u0171z\u0151d\u0151 k\u00f6zterhek radik\u00e1lis \u00e1talak\u00edt\u00e1s\u00e1ra k\u00e9sz\u00fcl az Orb\u00e1n-korm\u00e1ny a hvg.hu szerint, hivatkozva egy, a P\u00e9nz\u00fcgyminiszt\u00e9rium \u00e1ltal kidolgozott el\u0151terjeszt\u00e9sre. A titkos javaslatnak a kocsiv\u00e1s\u00e1rl\u00e1st tervez\u0151k \u00f6r\u00fclhetn\u00e9nek, kevesebb lenne az int\u00e9znival\u00f3, t\u00f6bbf\u00e9le illet\u00e9k \u00e9s az eredetvizsg\u00e1lat d\u00edja is megsz\u0171nne.","inLanguage":"hu-HU","isPartOf":{"@id":"https:\/\/allasorias.hu\/hirek\/#website"},"breadcrumb":{"@id":"https:\/\/allasorias.hu\/hirek\/valtozasok-lesznek-az-autovasarlasoknal\/#breadcrumblist"},"author":{"@id":"https:\/\/allasorias.hu\/hirek\/author\/admin-allasorias\/#author"},"creator":{"@id":"https:\/\/allasorias.hu\/hirek\/author\/admin-allasorias\/#author"},"image":{"@type":"ImageObject","url":"https:\/\/allasorias.hu\/hirek\/wp-content\/uploads\/2019\/05\/architecture-automobile-cars-63294.jpg","@id":"https:\/\/allasorias.hu\/hirek\/valtozasok-lesznek-az-autovasarlasoknal\/#mainImage","width":640,"height":480},"primaryImageOfPage":{"@id":"https:\/\/allasorias.hu\/hirek\/valtozasok-lesznek-az-autovasarlasoknal\/#mainImage"},"datePublished":"2019-05-22T12:36:12+02:00","dateModified":"2019-05-22T12:36:12+02:00"},{"@type":"WebSite","@id":"https:\/\/allasorias.hu\/hirek\/#website","url":"https:\/\/allasorias.hu\/hirek\/","name":"AllasOrias.hu | H\u00edrek-lapszemle","description":"\u00dczleti h\u00edrek az \u00e1ll\u00e1s \u00e9s a munka vil\u00e1g\u00e1b\u00f3l","inLanguage":"hu-HU","publisher":{"@id":"https:\/\/allasorias.hu\/hirek\/#organization"}}]},"og:locale":"hu_HU","og:site_name":"AllasOrias.hu | H\u00edrek-lapszemle | \u00dczleti h\u00edrek az \u00e1ll\u00e1s \u00e9s a munka vil\u00e1g\u00e1b\u00f3l","og:type":"article","og:title":"V\u00e1ltoz\u00e1sok lesznek az aut\u00f3v\u00e1s\u00e1rl\u00e1sokn\u00e1l? | AllasOrias.hu | H\u00edrek-lapszemle","og:description":"M\u00f3dosuln\u00e1nak a v\u00e1s\u00e1rl\u00e1sra, az \u00f6r\u00f6kl\u00e9sre, az aj\u00e1nd\u00e9koz\u00e1sra \u00e9s a behozatalra vonatkoz\u00f3 szab\u00e1lyok. Az aut\u00f3v\u00e1s\u00e1rl\u00e1shoz \u00e9s -behozatalhoz, valamint a c\u00e9gaut\u00f3khoz f\u0171z\u0151d\u0151 k\u00f6zterhek radik\u00e1lis \u00e1talak\u00edt\u00e1s\u00e1ra k\u00e9sz\u00fcl az Orb\u00e1n-korm\u00e1ny a hvg.hu szerint, hivatkozva egy, a P\u00e9nz\u00fcgyminiszt\u00e9rium \u00e1ltal kidolgozott el\u0151terjeszt\u00e9sre. A titkos javaslatnak a kocsiv\u00e1s\u00e1rl\u00e1st tervez\u0151k \u00f6r\u00fclhetn\u00e9nek, kevesebb lenne az int\u00e9znival\u00f3, t\u00f6bbf\u00e9le illet\u00e9k \u00e9s az eredetvizsg\u00e1lat d\u00edja is megsz\u0171nne.","og:url":"https:\/\/allasorias.hu\/hirek\/valtozasok-lesznek-az-autovasarlasoknal\/","og:image":"https:\/\/allasorias.hu\/hirek\/wp-content\/uploads\/2019\/05\/architecture-automobile-cars-63294.jpg","og:image:secure_url":"https:\/\/allasorias.hu\/hirek\/wp-content\/uploads\/2019\/05\/architecture-automobile-cars-63294.jpg","og:image:width":640,"og:image:height":480,"article:published_time":"2019-05-22T12:36:12+00:00","article:modified_time":"2019-05-22T12:36:12+00:00","article:publisher":"https:\/\/www.facebook.com\/allasorias","twitter:card":"summary_large_image","twitter:title":"V\u00e1ltoz\u00e1sok lesznek az aut\u00f3v\u00e1s\u00e1rl\u00e1sokn\u00e1l? | AllasOrias.hu | H\u00edrek-lapszemle","twitter:description":"M\u00f3dosuln\u00e1nak a v\u00e1s\u00e1rl\u00e1sra, az \u00f6r\u00f6kl\u00e9sre, az aj\u00e1nd\u00e9koz\u00e1sra \u00e9s a behozatalra vonatkoz\u00f3 szab\u00e1lyok. Az aut\u00f3v\u00e1s\u00e1rl\u00e1shoz \u00e9s -behozatalhoz, valamint a c\u00e9gaut\u00f3khoz f\u0171z\u0151d\u0151 k\u00f6zterhek radik\u00e1lis \u00e1talak\u00edt\u00e1s\u00e1ra k\u00e9sz\u00fcl az Orb\u00e1n-korm\u00e1ny a hvg.hu szerint, hivatkozva egy, a P\u00e9nz\u00fcgyminiszt\u00e9rium \u00e1ltal kidolgozott el\u0151terjeszt\u00e9sre. A titkos javaslatnak a kocsiv\u00e1s\u00e1rl\u00e1st tervez\u0151k \u00f6r\u00fclhetn\u00e9nek, kevesebb lenne az int\u00e9znival\u00f3, t\u00f6bbf\u00e9le illet\u00e9k \u00e9s az eredetvizsg\u00e1lat d\u00edja is megsz\u0171nne.","twitter:image":"https:\/\/allasorias.hu\/hirek\/wp-content\/uploads\/2019\/05\/architecture-automobile-cars-63294.jpg","twitter:label1":"Written by","twitter:data1":"Juh\u00e1sz P\u00e9ter","twitter:label2":"Est. reading time","twitter:data2":"1 minute"},"aioseo_meta_data":{"post_id":"2922","title":null,"description":null,"keywords":null,"keyphrases":null,"primary_term":null,"canonical_url":null,"og_title":null,"og_description":null,"og_object_type":"default","og_image_type":"default","og_image_url":null,"og_image_width":null,"og_image_height":null,"og_image_custom_url":null,"og_image_custom_fields":null,"og_video":null,"og_custom_url":null,"og_article_section":null,"og_article_tags":null,"twitter_use_og":false,"twitter_card":"default","twitter_image_type":"default","twitter_image_url":null,"twitter_image_custom_url":null,"twitter_image_custom_fields":null,"twitter_title":null,"twitter_description":null,"schema":{"blockGraphs":[],"customGraphs":[],"default":{"data":{"Article":[],"Course":[],"Dataset":[],"FAQPage":[],"Movie":[],"Person":[],"Product":[],"ProductReview":[],"Car":[],"Recipe":[],"Service":[],"SoftwareApplication":[],"WebPage":[]},"graphName":"","isEnabled":true},"graphs":[],"defaultGraph":"","defaultPostTypeGraph":""},"schema_type":null,"schema_type_options":null,"pillar_content":false,"robots_default":true,"robots_noindex":false,"robots_noarchive":false,"robots_nosnippet":false,"robots_nofollow":false,"robots_noimageindex":false,"robots_noodp":false,"robots_notranslate":false,"robots_max_snippet":null,"robots_max_videopreview":null,"robots_max_imagepreview":"large","priority":null,"frequency":null,"location":null,"local_seo":null,"breadcrumb_settings":null,"limit_modified_date":false,"ai":null,"created":"2021-02-01 21:28:16","updated":"2025-10-02 11:21:51","seo_analyzer_scan_date":null,"focus_keyword":null,"additional_keywords":null,"truseo_locale":null},"aioseo_breadcrumb":"<div class=\"aioseo-breadcrumbs\"><span class=\"aioseo-breadcrumb\">\n\t\t\t<a href=\"https:\/\/allasorias.hu\/hirek\" title=\"Home\">Home<\/a>\n\t\t<\/span><span class=\"aioseo-breadcrumb-separator\">&raquo;<\/span><span class=\"aioseo-breadcrumb\">\n\t\t\t<a href=\"https:\/\/allasorias.hu\/hirek\/temak\/gazdasag\/\" title=\"Gazdas\u00e1g\">Gazdas\u00e1g<\/a>\n\t\t<\/span><span class=\"aioseo-breadcrumb-separator\">&raquo;<\/span><span class=\"aioseo-breadcrumb\">\n\t\t\tV\u00e1ltoz\u00e1sok lesznek az aut\u00f3v\u00e1s\u00e1rl\u00e1sokn\u00e1l?\n\t\t<\/span><\/div>","aioseo_breadcrumb_json":[{"label":"Home","link":"https:\/\/allasorias.hu\/hirek"},{"label":"Gazdas\u00e1g","link":"https:\/\/allasorias.hu\/hirek\/temak\/gazdasag\/"},{"label":"V\u00e1ltoz\u00e1sok lesznek az aut\u00f3v\u00e1s\u00e1rl\u00e1sokn\u00e1l?","link":"https:\/\/allasorias.hu\/hirek\/valtozasok-lesznek-az-autovasarlasoknal\/"}],"_links":{"self":[{"href":"https:\/\/allasorias.hu\/hirek\/wp-json\/wp\/v2\/posts\/2922","targetHints":{"allow":["GET"]}}],"collection":[{"href":"https:\/\/allasorias.hu\/hirek\/wp-json\/wp\/v2\/posts"}],"about":[{"href":"https:\/\/allasorias.hu\/hirek\/wp-json\/wp\/v2\/types\/post"}],"author":[{"embeddable":true,"href":"https:\/\/allasorias.hu\/hirek\/wp-json\/wp\/v2\/users\/1"}],"replies":[{"embeddable":true,"href":"https:\/\/allasorias.hu\/hirek\/wp-json\/wp\/v2\/comments?post=2922"}],"version-history":[{"count":1,"href":"https:\/\/allasorias.hu\/hirek\/wp-json\/wp\/v2\/posts\/2922\/revisions"}],"predecessor-version":[{"id":2924,"href":"https:\/\/allasorias.hu\/hirek\/wp-json\/wp\/v2\/posts\/2922\/revisions\/2924"}],"wp:featuredmedia":[{"embeddable":true,"href":"https:\/\/allasorias.hu\/hirek\/wp-json\/wp\/v2\/media\/2923"}],"wp:attachment":[{"href":"https:\/\/allasorias.hu\/hirek\/wp-json\/wp\/v2\/media?parent=2922"}],"wp:term":[{"taxonomy":"category","embeddable":true,"href":"https:\/\/allasorias.hu\/hirek\/wp-json\/wp\/v2\/categories?post=2922"},{"taxonomy":"post_tag","embeddable":true,"href":"https:\/\/allasorias.hu\/hirek\/wp-json\/wp\/v2\/tags?post=2922"}],"curies":[{"name":"wp","href":"https:\/\/api.w.org\/{rel}","templated":true}]}}