{"id":2919,"date":"2019-05-22T12:32:26","date_gmt":"2019-05-22T12:32:26","guid":{"rendered":"https:\/\/allasorias.hu\/hirek\/?p=2919"},"modified":"2019-05-22T12:32:26","modified_gmt":"2019-05-22T12:32:26","slug":"meg-biznak-a-magyar-munkavallalok","status":"publish","type":"post","link":"https:\/\/allasorias.hu\/hirek\/meg-biznak-a-magyar-munkavallalok\/","title":{"rendered":"M\u00e9g b\u00edznak a magyar munkav\u00e1llal\u00f3k"},"content":{"rendered":"<p><strong>ugyan \u00a0k\u00e9t ponttal cs\u00f6kkent a munkav\u00e1llal\u00f3i bizalmi index a hazai dolgoz\u00f3k k\u00f6r\u00e9ben az idei els\u0151 negyed\u00e9vben a tavalyi \u00e9v hasonl\u00f3 id\u0151szak\u00e1hoz k\u00e9pest, az el\u0151z\u0151 negyed\u00e9vhez m\u00e9rve v\u00e1ltozatlanul 68 pont volt a mutat\u00f3 &#8211; der\u00fcl ki a BNP Paribas Cardif biztos\u00edt\u00f3 \u00e9s a Medi\u00e1n legfrissebb m\u00e1rciusi munkaer\u0151piaci kutat\u00e1s\u00e1b\u00f3l.<\/strong><\/p>\n<p>A negyed\u00e9ves jelent\u00e9sb\u0151l kider\u00fcl, hogy a megk\u00e9rdezettek k\u00f6r\u00e9ben 91 pontot m\u00e9rtek azzal kapcsolatban, mennyire b\u00edznak jelenlegi munkahely\u00fck fennmarad\u00e1s\u00e1ban. Az el\u0151z\u0151 k\u00e9t \u00e9vben ez az \u00e9rt\u00e9k 90, illetve 91 pont volt. A tavalyi els\u0151 negyed\u00e9vhez hasonl\u00f3an id\u00e9n is 89 pontot m\u00e9rtek azzal kapcsolatban, hogy a munkav\u00e1llal\u00f3k mennyire \u00e9rzik biztosnak jelenlegi poz\u00edci\u00f3jukat. Az \u00fajb\u00f3li elhelyezked\u00e9s es\u00e9ly\u00e9vel kapcsolatban emelked\u0151 a tendencia, a tavalyi 48 \u00e9s a tavalyel\u0151tti 47 ut\u00e1n id\u00e9n 52-re ugrott ez a r\u00e9szmutat\u00f3. A karrierre vonatkoz\u00f3 j\u00f6v\u0151k\u00e9ppel kapcsolatban a f\u00e9rfiak 78, a n\u0151k 73 sz\u00e1zal\u00e9ka \u00e9rzi \u00fagy, hogy t\u00f6bb mint \u00f6t \u00e9vig megmarad az \u00e1ll\u00e1sa, illetve a f\u00e9rfiak 75, a n\u0151k 70 sz\u00e1zal\u00e9ka l\u00e1tja biztosnak poz\u00edci\u00f3j\u00e1t a jelenlegi munkahely\u00e9n. A f\u00e9rfiak 39, a n\u0151k 33 sz\u00e1zal\u00e9ka v\u00e1laszolta azt, hogy \u00e1ll\u00e1sveszt\u00e9s eset\u00e9n k\u00f6nnyen vagy nagyon k\u00f6nnyen tal\u00e1lna mag\u00e1nak \u00faj munk\u00e1t. A bizalmi index korcsoportok szerinti bont\u00e1s\u00e1n\u00e1l az l\u00e1that\u00f3 az adatokb\u00f3l, hogy a 30 \u00e9s 60 \u00e9v k\u00f6z\u00f6tti koroszt\u00e1ly optimist\u00e1bb a t\u00f6bbi csoporthoz k\u00e9pest, mivel 69-70 pontot \u00e9rt el, szemben a 18-29 \u00e9vesek 65, illetve a 60 felettiek 59 pontos index\u00e9vel. Ez az eredm\u00e9ny a kor\u00e1bbi \u00e9vekhez k\u00e9pest nem jelent sz\u00e1mottev\u0151 v\u00e1ltoz\u00e1st. Az iparban-\u00e9p\u00edt\u0151iparban \u00e9s a kereskedelemben egyar\u00e1nt 69-69, a k\u00f6zigazgat\u00e1sban dolgoz\u00f3kn\u00e1l 66 pontot, a mez\u0151gazdas\u00e1gban tev\u00e9kenyked\u0151 munkav\u00e1llal\u00f3kn\u00e1l 72 pontot m\u00e9rtek. A budapestiek \u00e9s v\u00e1rosban lak\u00f3k k\u00f6r\u00e9ben 69 pontot m\u00e9rtek a kutat\u00f3k. R\u00e9gi\u00f3s szinten gyakorlatilag nincs elt\u00e9r\u00e9s az orsz\u00e1g k\u00f6z\u00e9ps\u0151, keleti \u00e9s nyugati r\u00e9sze k\u00f6z\u00f6tt: az els\u0151 r\u00e9gi\u00f3ban 69, az eml\u00edtett k\u00e9t m\u00e1sik ter\u00fcleten 68-68 pontot m\u00e9rtek a v\u00e1laszad\u00f3k k\u00f6r\u00e9ben. Az iskolai v\u00e9gzetts\u00e9get tekintve \u00e1ltal\u00e1ban a diplom\u00e1sok \u00e9s az \u00e9retts\u00e9givel rendelkez\u0151k alkotj\u00e1k a legbizakod\u00f3bb csoportot. El\u0151bbin\u00e9l 70, ut\u00f3bbin\u00e1l 68 pontot \u00e9rt el a bizalmi index, ugyanakkor a szakmunk\u00e1s pap\u00edrral rendelkez\u0151k k\u00f6r\u00e9ben most 69 pontot m\u00e9rtek. T\u0151l\u00fck hagyom\u00e1nyosan lemaradva, 63 ponttal a legfeljebb 8 oszt\u00e1lyt v\u00e9gzettek j\u00f6nnek.<\/p>\n<p>Forr\u00e1s: hrportal.hu<\/p>\n","protected":false},"excerpt":{"rendered":"<p>ugyan \u00a0k\u00e9t ponttal cs\u00f6kkent a munkav\u00e1llal\u00f3i bizalmi index a hazai dolgoz\u00f3k k\u00f6r\u00e9ben az idei els\u0151 negyed\u00e9vben a tavalyi \u00e9v hasonl\u00f3 id\u0151szak\u00e1hoz k\u00e9pest, az el\u0151z\u0151 negyed\u00e9vhez m\u00e9rve v\u00e1ltozatlanul 68 pont volt a mutat\u00f3 &#8211; der\u00fcl ki a BNP Paribas Cardif biztos\u00edt\u00f3 \u00e9s a Medi\u00e1n legfrissebb m\u00e1rciusi munkaer\u0151piaci kutat\u00e1s\u00e1b\u00f3l. A negyed\u00e9ves jelent\u00e9sb\u0151l kider\u00fcl, hogy a megk\u00e9rdezettek k\u00f6r\u00e9ben [&hellip;]<\/p>\n","protected":false},"author":1,"featured_media":2920,"comment_status":"open","ping_status":"open","sticky":false,"template":"","format":"standard","meta":{"_monsterinsights_skip_tracking":false,"footnotes":""},"categories":[1,200],"tags":[],"class_list":["post-2919","post","type-post","status-publish","format-standard","has-post-thumbnail","hentry","category-allaskereses","category-munkaeropiac"],"aioseo_notices":[],"aioseo_head":"\n\t\t<!-- All in One SEO 5.0.0.1 - aioseo.com -->\n\t<meta name=\"description\" content=\"ugyan k\u00e9t ponttal cs\u00f6kkent a munkav\u00e1llal\u00f3i bizalmi index a hazai dolgoz\u00f3k k\u00f6r\u00e9ben az idei els\u0151 negyed\u00e9vben a tavalyi \u00e9v hasonl\u00f3 id\u0151szak\u00e1hoz k\u00e9pest, az el\u0151z\u0151 negyed\u00e9vhez m\u00e9rve v\u00e1ltozatlanul 68 pont volt a mutat\u00f3 - der\u00fcl ki a BNP Paribas Cardif biztos\u00edt\u00f3 \u00e9s a Medi\u00e1n legfrissebb m\u00e1rciusi munkaer\u0151piaci kutat\u00e1s\u00e1b\u00f3l. A negyed\u00e9ves jelent\u00e9sb\u0151l kider\u00fcl, hogy a megk\u00e9rdezettek k\u00f6r\u00e9ben\" \/>\n\t<meta name=\"robots\" content=\"max-image-preview:large\" \/>\n\t<meta name=\"author\" content=\"Juh\u00e1sz P\u00e9ter\"\/>\n\t<link rel=\"canonical\" href=\"https:\/\/allasorias.hu\/hirek\/meg-biznak-a-magyar-munkavallalok\/\" \/>\n\t<meta name=\"generator\" content=\"All in One SEO (AIOSEO) 5.0.0.1\" \/>\n\t\t<meta property=\"og:locale\" content=\"hu_HU\" \/>\n\t\t<meta property=\"og:site_name\" content=\"AllasOrias.hu | H\u00edrek-lapszemle | \u00dczleti h\u00edrek az \u00e1ll\u00e1s \u00e9s a munka vil\u00e1g\u00e1b\u00f3l\" \/>\n\t\t<meta property=\"og:type\" content=\"article\" \/>\n\t\t<meta property=\"og:title\" content=\"M\u00e9g b\u00edznak a magyar munkav\u00e1llal\u00f3k | AllasOrias.hu | H\u00edrek-lapszemle\" \/>\n\t\t<meta property=\"og:description\" content=\"ugyan k\u00e9t ponttal cs\u00f6kkent a munkav\u00e1llal\u00f3i bizalmi index a hazai dolgoz\u00f3k k\u00f6r\u00e9ben az idei els\u0151 negyed\u00e9vben a tavalyi \u00e9v hasonl\u00f3 id\u0151szak\u00e1hoz k\u00e9pest, az el\u0151z\u0151 negyed\u00e9vhez m\u00e9rve v\u00e1ltozatlanul 68 pont volt a mutat\u00f3 - der\u00fcl ki a BNP Paribas Cardif biztos\u00edt\u00f3 \u00e9s a Medi\u00e1n legfrissebb m\u00e1rciusi munkaer\u0151piaci kutat\u00e1s\u00e1b\u00f3l. A negyed\u00e9ves jelent\u00e9sb\u0151l kider\u00fcl, hogy a megk\u00e9rdezettek k\u00f6r\u00e9ben\" \/>\n\t\t<meta property=\"og:url\" content=\"https:\/\/allasorias.hu\/hirek\/meg-biznak-a-magyar-munkavallalok\/\" \/>\n\t\t<meta property=\"og:image\" content=\"https:\/\/allasorias.hu\/hirek\/wp-content\/uploads\/2019\/05\/men-1979261_640.jpg\" \/>\n\t\t<meta property=\"og:image:secure_url\" content=\"https:\/\/allasorias.hu\/hirek\/wp-content\/uploads\/2019\/05\/men-1979261_640.jpg\" \/>\n\t\t<meta property=\"og:image:width\" content=\"640\" \/>\n\t\t<meta property=\"og:image:height\" content=\"426\" \/>\n\t\t<meta property=\"article:published_time\" content=\"2019-05-22T12:32:26+00:00\" \/>\n\t\t<meta property=\"article:modified_time\" content=\"2019-05-22T12:32:26+00:00\" \/>\n\t\t<meta property=\"article:publisher\" content=\"https:\/\/www.facebook.com\/allasorias\" \/>\n\t\t<meta name=\"twitter:card\" content=\"summary_large_image\" \/>\n\t\t<meta name=\"twitter:title\" content=\"M\u00e9g b\u00edznak a magyar munkav\u00e1llal\u00f3k | AllasOrias.hu | H\u00edrek-lapszemle\" \/>\n\t\t<meta name=\"twitter:description\" content=\"ugyan k\u00e9t ponttal cs\u00f6kkent a munkav\u00e1llal\u00f3i bizalmi index a hazai dolgoz\u00f3k k\u00f6r\u00e9ben az idei els\u0151 negyed\u00e9vben a tavalyi \u00e9v hasonl\u00f3 id\u0151szak\u00e1hoz k\u00e9pest, az el\u0151z\u0151 negyed\u00e9vhez m\u00e9rve v\u00e1ltozatlanul 68 pont volt a mutat\u00f3 - der\u00fcl ki a BNP Paribas Cardif biztos\u00edt\u00f3 \u00e9s a Medi\u00e1n legfrissebb m\u00e1rciusi munkaer\u0151piaci kutat\u00e1s\u00e1b\u00f3l. A negyed\u00e9ves jelent\u00e9sb\u0151l kider\u00fcl, hogy a megk\u00e9rdezettek k\u00f6r\u00e9ben\" \/>\n\t\t<meta name=\"twitter:image\" content=\"https:\/\/allasorias.hu\/hirek\/wp-content\/uploads\/2019\/05\/men-1979261_640.jpg\" \/>\n\t\t<meta name=\"twitter:label1\" content=\"Written by\" \/>\n\t\t<meta name=\"twitter:data1\" content=\"Juh\u00e1sz P\u00e9ter\" \/>\n\t\t<meta name=\"twitter:label2\" content=\"Est. reading time\" \/>\n\t\t<meta name=\"twitter:data2\" content=\"2 minutes\" \/>\n\t\t<script type=\"application\/ld+json\" class=\"aioseo-schema\">\n\t\t\t{\"@context\":\"https:\\\/\\\/schema.org\",\"@graph\":[{\"@type\":\"Article\",\"@id\":\"https:\\\/\\\/allasorias.hu\\\/hirek\\\/meg-biznak-a-magyar-munkavallalok\\\/#article\",\"name\":\"M\\u00e9g b\\u00edznak a magyar munkav\\u00e1llal\\u00f3k | AllasOrias.hu | H\\u00edrek-lapszemle\",\"headline\":\"M\\u00e9g b\\u00edznak a magyar munkav\\u00e1llal\\u00f3k\",\"author\":{\"@id\":\"https:\\\/\\\/allasorias.hu\\\/hirek\\\/author\\\/admin-allasorias\\\/#author\"},\"publisher\":{\"@id\":\"https:\\\/\\\/allasorias.hu\\\/hirek\\\/#organization\"},\"image\":{\"@type\":\"ImageObject\",\"url\":\"https:\\\/\\\/allasorias.hu\\\/hirek\\\/wp-content\\\/uploads\\\/2019\\\/05\\\/men-1979261_640.jpg\",\"width\":640,\"height\":426},\"datePublished\":\"2019-05-22T12:32:26+02:00\",\"dateModified\":\"2019-05-22T12:32:26+02:00\",\"inLanguage\":\"hu-HU\",\"mainEntityOfPage\":{\"@id\":\"https:\\\/\\\/allasorias.hu\\\/hirek\\\/meg-biznak-a-magyar-munkavallalok\\\/#webpage\"},\"isPartOf\":{\"@id\":\"https:\\\/\\\/allasorias.hu\\\/hirek\\\/meg-biznak-a-magyar-munkavallalok\\\/#webpage\"},\"articleSection\":\"\\u00c1ll\\u00e1skeres\\u00e9s, Munkaer\\u0151piac\"},{\"@type\":\"BreadcrumbList\",\"@id\":\"https:\\\/\\\/allasorias.hu\\\/hirek\\\/meg-biznak-a-magyar-munkavallalok\\\/#breadcrumblist\",\"itemListElement\":[{\"@type\":\"ListItem\",\"@id\":\"https:\\\/\\\/allasorias.hu\\\/hirek#listItem\",\"position\":1,\"name\":\"Home\",\"item\":\"https:\\\/\\\/allasorias.hu\\\/hirek\",\"nextItem\":{\"@type\":\"ListItem\",\"@id\":\"https:\\\/\\\/allasorias.hu\\\/hirek\\\/temak\\\/allaskereses\\\/#listItem\",\"name\":\"\\u00c1ll\\u00e1skeres\\u00e9s\"}},{\"@type\":\"ListItem\",\"@id\":\"https:\\\/\\\/allasorias.hu\\\/hirek\\\/temak\\\/allaskereses\\\/#listItem\",\"position\":2,\"name\":\"\\u00c1ll\\u00e1skeres\\u00e9s\",\"item\":\"https:\\\/\\\/allasorias.hu\\\/hirek\\\/temak\\\/allaskereses\\\/\",\"nextItem\":{\"@type\":\"ListItem\",\"@id\":\"https:\\\/\\\/allasorias.hu\\\/hirek\\\/meg-biznak-a-magyar-munkavallalok\\\/#listItem\",\"name\":\"M\\u00e9g b\\u00edznak a magyar munkav\\u00e1llal\\u00f3k\"},\"previousItem\":{\"@type\":\"ListItem\",\"@id\":\"https:\\\/\\\/allasorias.hu\\\/hirek#listItem\",\"name\":\"Home\"}},{\"@type\":\"ListItem\",\"@id\":\"https:\\\/\\\/allasorias.hu\\\/hirek\\\/meg-biznak-a-magyar-munkavallalok\\\/#listItem\",\"position\":3,\"name\":\"M\\u00e9g b\\u00edznak a magyar munkav\\u00e1llal\\u00f3k\",\"previousItem\":{\"@type\":\"ListItem\",\"@id\":\"https:\\\/\\\/allasorias.hu\\\/hirek\\\/temak\\\/allaskereses\\\/#listItem\",\"name\":\"\\u00c1ll\\u00e1skeres\\u00e9s\"}}]},{\"@type\":\"Organization\",\"@id\":\"https:\\\/\\\/allasorias.hu\\\/hirek\\\/#organization\",\"name\":\"AllasOrias.hu | H\\u00edrek-lapszemle\",\"description\":\"\\u00dczleti h\\u00edrek az \\u00e1ll\\u00e1s \\u00e9s a munka vil\\u00e1g\\u00e1b\\u00f3l\",\"url\":\"https:\\\/\\\/allasorias.hu\\\/hirek\\\/\",\"logo\":{\"@type\":\"ImageObject\",\"url\":\"https:\\\/\\\/allasorias.hu\\\/hirek\\\/wp-content\\\/uploads\\\/2022\\\/10\\\/allasorias_site_facebok_logo.png\",\"@id\":\"https:\\\/\\\/allasorias.hu\\\/hirek\\\/meg-biznak-a-magyar-munkavallalok\\\/#organizationLogo\"},\"image\":{\"@id\":\"https:\\\/\\\/allasorias.hu\\\/hirek\\\/meg-biznak-a-magyar-munkavallalok\\\/#organizationLogo\"},\"sameAs\":[\"https:\\\/\\\/www.facebook.com\\\/allasorias\",\"https:\\\/\\\/www.linkedin.com\\\/company\\\/allasorias\"]},{\"@type\":\"Person\",\"@id\":\"https:\\\/\\\/allasorias.hu\\\/hirek\\\/author\\\/admin-allasorias\\\/#author\",\"url\":\"https:\\\/\\\/allasorias.hu\\\/hirek\\\/author\\\/admin-allasorias\\\/\",\"name\":\"Juh\\u00e1sz P\\u00e9ter\",\"image\":{\"@type\":\"ImageObject\",\"@id\":\"https:\\\/\\\/allasorias.hu\\\/hirek\\\/meg-biznak-a-magyar-munkavallalok\\\/#authorImage\",\"url\":\"https:\\\/\\\/secure.gravatar.com\\\/avatar\\\/36e6bcb83148978b992977cb0f54d22feb0cce8a0a849a9410532bb2623ba4c6?s=96&d=mm&r=g\",\"width\":96,\"height\":96,\"caption\":\"Juh\\u00e1sz P\\u00e9ter\"}},{\"@type\":\"WebPage\",\"@id\":\"https:\\\/\\\/allasorias.hu\\\/hirek\\\/meg-biznak-a-magyar-munkavallalok\\\/#webpage\",\"url\":\"https:\\\/\\\/allasorias.hu\\\/hirek\\\/meg-biznak-a-magyar-munkavallalok\\\/\",\"name\":\"M\\u00e9g b\\u00edznak a magyar munkav\\u00e1llal\\u00f3k | AllasOrias.hu | H\\u00edrek-lapszemle\",\"description\":\"ugyan k\\u00e9t ponttal cs\\u00f6kkent a munkav\\u00e1llal\\u00f3i bizalmi index a hazai dolgoz\\u00f3k k\\u00f6r\\u00e9ben az idei els\\u0151 negyed\\u00e9vben a tavalyi \\u00e9v hasonl\\u00f3 id\\u0151szak\\u00e1hoz k\\u00e9pest, az el\\u0151z\\u0151 negyed\\u00e9vhez m\\u00e9rve v\\u00e1ltozatlanul 68 pont volt a mutat\\u00f3 - der\\u00fcl ki a BNP Paribas Cardif biztos\\u00edt\\u00f3 \\u00e9s a Medi\\u00e1n legfrissebb m\\u00e1rciusi munkaer\\u0151piaci kutat\\u00e1s\\u00e1b\\u00f3l. A negyed\\u00e9ves jelent\\u00e9sb\\u0151l kider\\u00fcl, hogy a megk\\u00e9rdezettek k\\u00f6r\\u00e9ben\",\"inLanguage\":\"hu-HU\",\"isPartOf\":{\"@id\":\"https:\\\/\\\/allasorias.hu\\\/hirek\\\/#website\"},\"breadcrumb\":{\"@id\":\"https:\\\/\\\/allasorias.hu\\\/hirek\\\/meg-biznak-a-magyar-munkavallalok\\\/#breadcrumblist\"},\"author\":{\"@id\":\"https:\\\/\\\/allasorias.hu\\\/hirek\\\/author\\\/admin-allasorias\\\/#author\"},\"creator\":{\"@id\":\"https:\\\/\\\/allasorias.hu\\\/hirek\\\/author\\\/admin-allasorias\\\/#author\"},\"image\":{\"@type\":\"ImageObject\",\"url\":\"https:\\\/\\\/allasorias.hu\\\/hirek\\\/wp-content\\\/uploads\\\/2019\\\/05\\\/men-1979261_640.jpg\",\"@id\":\"https:\\\/\\\/allasorias.hu\\\/hirek\\\/meg-biznak-a-magyar-munkavallalok\\\/#mainImage\",\"width\":640,\"height\":426},\"primaryImageOfPage\":{\"@id\":\"https:\\\/\\\/allasorias.hu\\\/hirek\\\/meg-biznak-a-magyar-munkavallalok\\\/#mainImage\"},\"datePublished\":\"2019-05-22T12:32:26+02:00\",\"dateModified\":\"2019-05-22T12:32:26+02:00\"},{\"@type\":\"WebSite\",\"@id\":\"https:\\\/\\\/allasorias.hu\\\/hirek\\\/#website\",\"url\":\"https:\\\/\\\/allasorias.hu\\\/hirek\\\/\",\"name\":\"AllasOrias.hu | H\\u00edrek-lapszemle\",\"description\":\"\\u00dczleti h\\u00edrek az \\u00e1ll\\u00e1s \\u00e9s a munka vil\\u00e1g\\u00e1b\\u00f3l\",\"inLanguage\":\"hu-HU\",\"publisher\":{\"@id\":\"https:\\\/\\\/allasorias.hu\\\/hirek\\\/#organization\"}}]}\n\t\t<\/script>\n\t\t<!-- All in One SEO -->\n\n","aioseo_head_json":{"title":"M\u00e9g b\u00edznak a magyar munkav\u00e1llal\u00f3k | AllasOrias.hu | H\u00edrek-lapszemle","description":"ugyan k\u00e9t ponttal cs\u00f6kkent a munkav\u00e1llal\u00f3i bizalmi index a hazai dolgoz\u00f3k k\u00f6r\u00e9ben az idei els\u0151 negyed\u00e9vben a tavalyi \u00e9v hasonl\u00f3 id\u0151szak\u00e1hoz k\u00e9pest, az el\u0151z\u0151 negyed\u00e9vhez m\u00e9rve v\u00e1ltozatlanul 68 pont volt a mutat\u00f3 - der\u00fcl ki a BNP Paribas Cardif biztos\u00edt\u00f3 \u00e9s a Medi\u00e1n legfrissebb m\u00e1rciusi munkaer\u0151piaci kutat\u00e1s\u00e1b\u00f3l. A negyed\u00e9ves jelent\u00e9sb\u0151l kider\u00fcl, hogy a megk\u00e9rdezettek k\u00f6r\u00e9ben","canonical_url":"https:\/\/allasorias.hu\/hirek\/meg-biznak-a-magyar-munkavallalok\/","robots":"max-image-preview:large","keywords":"","webmasterTools":{"miscellaneous":""},"schema":{"@context":"https:\/\/schema.org","@graph":[{"@type":"Article","@id":"https:\/\/allasorias.hu\/hirek\/meg-biznak-a-magyar-munkavallalok\/#article","name":"M\u00e9g b\u00edznak a magyar munkav\u00e1llal\u00f3k | AllasOrias.hu | H\u00edrek-lapszemle","headline":"M\u00e9g b\u00edznak a magyar munkav\u00e1llal\u00f3k","author":{"@id":"https:\/\/allasorias.hu\/hirek\/author\/admin-allasorias\/#author"},"publisher":{"@id":"https:\/\/allasorias.hu\/hirek\/#organization"},"image":{"@type":"ImageObject","url":"https:\/\/allasorias.hu\/hirek\/wp-content\/uploads\/2019\/05\/men-1979261_640.jpg","width":640,"height":426},"datePublished":"2019-05-22T12:32:26+02:00","dateModified":"2019-05-22T12:32:26+02:00","inLanguage":"hu-HU","mainEntityOfPage":{"@id":"https:\/\/allasorias.hu\/hirek\/meg-biznak-a-magyar-munkavallalok\/#webpage"},"isPartOf":{"@id":"https:\/\/allasorias.hu\/hirek\/meg-biznak-a-magyar-munkavallalok\/#webpage"},"articleSection":"\u00c1ll\u00e1skeres\u00e9s, Munkaer\u0151piac"},{"@type":"BreadcrumbList","@id":"https:\/\/allasorias.hu\/hirek\/meg-biznak-a-magyar-munkavallalok\/#breadcrumblist","itemListElement":[{"@type":"ListItem","@id":"https:\/\/allasorias.hu\/hirek#listItem","position":1,"name":"Home","item":"https:\/\/allasorias.hu\/hirek","nextItem":{"@type":"ListItem","@id":"https:\/\/allasorias.hu\/hirek\/temak\/allaskereses\/#listItem","name":"\u00c1ll\u00e1skeres\u00e9s"}},{"@type":"ListItem","@id":"https:\/\/allasorias.hu\/hirek\/temak\/allaskereses\/#listItem","position":2,"name":"\u00c1ll\u00e1skeres\u00e9s","item":"https:\/\/allasorias.hu\/hirek\/temak\/allaskereses\/","nextItem":{"@type":"ListItem","@id":"https:\/\/allasorias.hu\/hirek\/meg-biznak-a-magyar-munkavallalok\/#listItem","name":"M\u00e9g b\u00edznak a magyar munkav\u00e1llal\u00f3k"},"previousItem":{"@type":"ListItem","@id":"https:\/\/allasorias.hu\/hirek#listItem","name":"Home"}},{"@type":"ListItem","@id":"https:\/\/allasorias.hu\/hirek\/meg-biznak-a-magyar-munkavallalok\/#listItem","position":3,"name":"M\u00e9g b\u00edznak a magyar munkav\u00e1llal\u00f3k","previousItem":{"@type":"ListItem","@id":"https:\/\/allasorias.hu\/hirek\/temak\/allaskereses\/#listItem","name":"\u00c1ll\u00e1skeres\u00e9s"}}]},{"@type":"Organization","@id":"https:\/\/allasorias.hu\/hirek\/#organization","name":"AllasOrias.hu | H\u00edrek-lapszemle","description":"\u00dczleti h\u00edrek az \u00e1ll\u00e1s \u00e9s a munka vil\u00e1g\u00e1b\u00f3l","url":"https:\/\/allasorias.hu\/hirek\/","logo":{"@type":"ImageObject","url":"https:\/\/allasorias.hu\/hirek\/wp-content\/uploads\/2022\/10\/allasorias_site_facebok_logo.png","@id":"https:\/\/allasorias.hu\/hirek\/meg-biznak-a-magyar-munkavallalok\/#organizationLogo"},"image":{"@id":"https:\/\/allasorias.hu\/hirek\/meg-biznak-a-magyar-munkavallalok\/#organizationLogo"},"sameAs":["https:\/\/www.facebook.com\/allasorias","https:\/\/www.linkedin.com\/company\/allasorias"]},{"@type":"Person","@id":"https:\/\/allasorias.hu\/hirek\/author\/admin-allasorias\/#author","url":"https:\/\/allasorias.hu\/hirek\/author\/admin-allasorias\/","name":"Juh\u00e1sz P\u00e9ter","image":{"@type":"ImageObject","@id":"https:\/\/allasorias.hu\/hirek\/meg-biznak-a-magyar-munkavallalok\/#authorImage","url":"https:\/\/secure.gravatar.com\/avatar\/36e6bcb83148978b992977cb0f54d22feb0cce8a0a849a9410532bb2623ba4c6?s=96&d=mm&r=g","width":96,"height":96,"caption":"Juh\u00e1sz P\u00e9ter"}},{"@type":"WebPage","@id":"https:\/\/allasorias.hu\/hirek\/meg-biznak-a-magyar-munkavallalok\/#webpage","url":"https:\/\/allasorias.hu\/hirek\/meg-biznak-a-magyar-munkavallalok\/","name":"M\u00e9g b\u00edznak a magyar munkav\u00e1llal\u00f3k | AllasOrias.hu | H\u00edrek-lapszemle","description":"ugyan k\u00e9t ponttal cs\u00f6kkent a munkav\u00e1llal\u00f3i bizalmi index a hazai dolgoz\u00f3k k\u00f6r\u00e9ben az idei els\u0151 negyed\u00e9vben a tavalyi \u00e9v hasonl\u00f3 id\u0151szak\u00e1hoz k\u00e9pest, az el\u0151z\u0151 negyed\u00e9vhez m\u00e9rve v\u00e1ltozatlanul 68 pont volt a mutat\u00f3 - der\u00fcl ki a BNP Paribas Cardif biztos\u00edt\u00f3 \u00e9s a Medi\u00e1n legfrissebb m\u00e1rciusi munkaer\u0151piaci kutat\u00e1s\u00e1b\u00f3l. A negyed\u00e9ves jelent\u00e9sb\u0151l kider\u00fcl, hogy a megk\u00e9rdezettek k\u00f6r\u00e9ben","inLanguage":"hu-HU","isPartOf":{"@id":"https:\/\/allasorias.hu\/hirek\/#website"},"breadcrumb":{"@id":"https:\/\/allasorias.hu\/hirek\/meg-biznak-a-magyar-munkavallalok\/#breadcrumblist"},"author":{"@id":"https:\/\/allasorias.hu\/hirek\/author\/admin-allasorias\/#author"},"creator":{"@id":"https:\/\/allasorias.hu\/hirek\/author\/admin-allasorias\/#author"},"image":{"@type":"ImageObject","url":"https:\/\/allasorias.hu\/hirek\/wp-content\/uploads\/2019\/05\/men-1979261_640.jpg","@id":"https:\/\/allasorias.hu\/hirek\/meg-biznak-a-magyar-munkavallalok\/#mainImage","width":640,"height":426},"primaryImageOfPage":{"@id":"https:\/\/allasorias.hu\/hirek\/meg-biznak-a-magyar-munkavallalok\/#mainImage"},"datePublished":"2019-05-22T12:32:26+02:00","dateModified":"2019-05-22T12:32:26+02:00"},{"@type":"WebSite","@id":"https:\/\/allasorias.hu\/hirek\/#website","url":"https:\/\/allasorias.hu\/hirek\/","name":"AllasOrias.hu | H\u00edrek-lapszemle","description":"\u00dczleti h\u00edrek az \u00e1ll\u00e1s \u00e9s a munka vil\u00e1g\u00e1b\u00f3l","inLanguage":"hu-HU","publisher":{"@id":"https:\/\/allasorias.hu\/hirek\/#organization"}}]},"og:locale":"hu_HU","og:site_name":"AllasOrias.hu | H\u00edrek-lapszemle | \u00dczleti h\u00edrek az \u00e1ll\u00e1s \u00e9s a munka vil\u00e1g\u00e1b\u00f3l","og:type":"article","og:title":"M\u00e9g b\u00edznak a magyar munkav\u00e1llal\u00f3k | AllasOrias.hu | H\u00edrek-lapszemle","og:description":"ugyan k\u00e9t ponttal cs\u00f6kkent a munkav\u00e1llal\u00f3i bizalmi index a hazai dolgoz\u00f3k k\u00f6r\u00e9ben az idei els\u0151 negyed\u00e9vben a tavalyi \u00e9v hasonl\u00f3 id\u0151szak\u00e1hoz k\u00e9pest, az el\u0151z\u0151 negyed\u00e9vhez m\u00e9rve v\u00e1ltozatlanul 68 pont volt a mutat\u00f3 - der\u00fcl ki a BNP Paribas Cardif biztos\u00edt\u00f3 \u00e9s a Medi\u00e1n legfrissebb m\u00e1rciusi munkaer\u0151piaci kutat\u00e1s\u00e1b\u00f3l. A negyed\u00e9ves jelent\u00e9sb\u0151l kider\u00fcl, hogy a megk\u00e9rdezettek k\u00f6r\u00e9ben","og:url":"https:\/\/allasorias.hu\/hirek\/meg-biznak-a-magyar-munkavallalok\/","og:image":"https:\/\/allasorias.hu\/hirek\/wp-content\/uploads\/2019\/05\/men-1979261_640.jpg","og:image:secure_url":"https:\/\/allasorias.hu\/hirek\/wp-content\/uploads\/2019\/05\/men-1979261_640.jpg","og:image:width":640,"og:image:height":426,"article:published_time":"2019-05-22T12:32:26+00:00","article:modified_time":"2019-05-22T12:32:26+00:00","article:publisher":"https:\/\/www.facebook.com\/allasorias","twitter:card":"summary_large_image","twitter:title":"M\u00e9g b\u00edznak a magyar munkav\u00e1llal\u00f3k | AllasOrias.hu | H\u00edrek-lapszemle","twitter:description":"ugyan k\u00e9t ponttal cs\u00f6kkent a munkav\u00e1llal\u00f3i bizalmi index a hazai dolgoz\u00f3k k\u00f6r\u00e9ben az idei els\u0151 negyed\u00e9vben a tavalyi \u00e9v hasonl\u00f3 id\u0151szak\u00e1hoz k\u00e9pest, az el\u0151z\u0151 negyed\u00e9vhez m\u00e9rve v\u00e1ltozatlanul 68 pont volt a mutat\u00f3 - der\u00fcl ki a BNP Paribas Cardif biztos\u00edt\u00f3 \u00e9s a Medi\u00e1n legfrissebb m\u00e1rciusi munkaer\u0151piaci kutat\u00e1s\u00e1b\u00f3l. A negyed\u00e9ves jelent\u00e9sb\u0151l kider\u00fcl, hogy a megk\u00e9rdezettek k\u00f6r\u00e9ben","twitter:image":"https:\/\/allasorias.hu\/hirek\/wp-content\/uploads\/2019\/05\/men-1979261_640.jpg","twitter:label1":"Written by","twitter:data1":"Juh\u00e1sz P\u00e9ter","twitter:label2":"Est. reading time","twitter:data2":"2 minutes"},"aioseo_meta_data":{"post_id":"2919","title":null,"description":null,"keywords":null,"keyphrases":null,"primary_term":null,"canonical_url":null,"og_title":null,"og_description":null,"og_object_type":"default","og_image_type":"default","og_image_url":null,"og_image_width":null,"og_image_height":null,"og_image_custom_url":null,"og_image_custom_fields":null,"og_video":null,"og_custom_url":null,"og_article_section":null,"og_article_tags":null,"twitter_use_og":false,"twitter_card":"default","twitter_image_type":"default","twitter_image_url":null,"twitter_image_custom_url":null,"twitter_image_custom_fields":null,"twitter_title":null,"twitter_description":null,"schema":{"blockGraphs":[],"customGraphs":[],"default":{"data":{"Article":[],"Course":[],"Dataset":[],"FAQPage":[],"Movie":[],"Person":[],"Product":[],"ProductReview":[],"Car":[],"Recipe":[],"Service":[],"SoftwareApplication":[],"WebPage":[]},"graphName":"","isEnabled":true},"graphs":[],"defaultGraph":"","defaultPostTypeGraph":""},"schema_type":null,"schema_type_options":null,"pillar_content":false,"robots_default":true,"robots_noindex":false,"robots_noarchive":false,"robots_nosnippet":false,"robots_nofollow":false,"robots_noimageindex":false,"robots_noodp":false,"robots_notranslate":false,"robots_max_snippet":null,"robots_max_videopreview":null,"robots_max_imagepreview":"large","priority":null,"frequency":null,"location":null,"local_seo":null,"breadcrumb_settings":null,"limit_modified_date":false,"ai":null,"created":"2021-02-01 21:28:16","updated":"2025-10-02 11:21:51","seo_analyzer_scan_date":null,"focus_keyword":null,"additional_keywords":null,"truseo_locale":null},"aioseo_breadcrumb":"<div class=\"aioseo-breadcrumbs\"><span class=\"aioseo-breadcrumb\">\n\t\t\t<a href=\"https:\/\/allasorias.hu\/hirek\" title=\"Home\">Home<\/a>\n\t\t<\/span><span class=\"aioseo-breadcrumb-separator\">&raquo;<\/span><span class=\"aioseo-breadcrumb\">\n\t\t\t<a href=\"https:\/\/allasorias.hu\/hirek\/temak\/allaskereses\/\" title=\"\u00c1ll\u00e1skeres\u00e9s\">\u00c1ll\u00e1skeres\u00e9s<\/a>\n\t\t<\/span><span class=\"aioseo-breadcrumb-separator\">&raquo;<\/span><span class=\"aioseo-breadcrumb\">\n\t\t\tM\u00e9g b\u00edznak a magyar munkav\u00e1llal\u00f3k\n\t\t<\/span><\/div>","aioseo_breadcrumb_json":[{"label":"Home","link":"https:\/\/allasorias.hu\/hirek"},{"label":"\u00c1ll\u00e1skeres\u00e9s","link":"https:\/\/allasorias.hu\/hirek\/temak\/allaskereses\/"},{"label":"M\u00e9g b\u00edznak a magyar munkav\u00e1llal\u00f3k","link":"https:\/\/allasorias.hu\/hirek\/meg-biznak-a-magyar-munkavallalok\/"}],"_links":{"self":[{"href":"https:\/\/allasorias.hu\/hirek\/wp-json\/wp\/v2\/posts\/2919","targetHints":{"allow":["GET"]}}],"collection":[{"href":"https:\/\/allasorias.hu\/hirek\/wp-json\/wp\/v2\/posts"}],"about":[{"href":"https:\/\/allasorias.hu\/hirek\/wp-json\/wp\/v2\/types\/post"}],"author":[{"embeddable":true,"href":"https:\/\/allasorias.hu\/hirek\/wp-json\/wp\/v2\/users\/1"}],"replies":[{"embeddable":true,"href":"https:\/\/allasorias.hu\/hirek\/wp-json\/wp\/v2\/comments?post=2919"}],"version-history":[{"count":1,"href":"https:\/\/allasorias.hu\/hirek\/wp-json\/wp\/v2\/posts\/2919\/revisions"}],"predecessor-version":[{"id":2921,"href":"https:\/\/allasorias.hu\/hirek\/wp-json\/wp\/v2\/posts\/2919\/revisions\/2921"}],"wp:featuredmedia":[{"embeddable":true,"href":"https:\/\/allasorias.hu\/hirek\/wp-json\/wp\/v2\/media\/2920"}],"wp:attachment":[{"href":"https:\/\/allasorias.hu\/hirek\/wp-json\/wp\/v2\/media?parent=2919"}],"wp:term":[{"taxonomy":"category","embeddable":true,"href":"https:\/\/allasorias.hu\/hirek\/wp-json\/wp\/v2\/categories?post=2919"},{"taxonomy":"post_tag","embeddable":true,"href":"https:\/\/allasorias.hu\/hirek\/wp-json\/wp\/v2\/tags?post=2919"}],"curies":[{"name":"wp","href":"https:\/\/api.w.org\/{rel}","templated":true}]}}