{"id":2915,"date":"2019-05-21T09:52:27","date_gmt":"2019-05-21T09:52:27","guid":{"rendered":"https:\/\/allasorias.hu\/hirek\/?p=2915"},"modified":"2019-05-21T09:53:32","modified_gmt":"2019-05-21T09:53:32","slug":"az-erasmus-program-tamogatja-a-hallgatokat","status":"publish","type":"post","link":"https:\/\/allasorias.hu\/hirek\/az-erasmus-program-tamogatja-a-hallgatokat\/","title":{"rendered":"Az Erasmus+  program t\u00e1mogatja a hallgat\u00f3kat"},"content":{"rendered":"<p><strong>A munkar\u0151piaci elv\u00e1r\u00e1soknak jobban megfelelnek azok az egyetemist\u00e1k, akik r\u00e9szt vettek vagy r\u00e9szt vesznek az Erasmus programokban. Vonz\u00f3bbak a karrierlehet\u0151s\u00e9geik, a programban r\u00e9szt vev\u0151 egyetemek pedig jobb helyzetben vannak ahhoz, hogy megfeleljenek a munkaer\u0151piaci ig\u00e9nyeknek \u2013 jelentette ki az Eur\u00f3pai Bizotts\u00e1g oktat\u00e1s\u00e9rt, kult\u00far\u00e1\u00e9rt, ifj\u00fas\u00e1gpolitik\u00e1\u00e9rt \u00e9s sport\u00fcgy\u00e9rt felel\u0151s biztosa az oktat\u00e1si program hat\u00e1s\u00e1t m\u00e9r\u0151 jelent\u00e9s bemutat\u00e1sakor.<\/strong><\/p>\n<p>Navracsics Tibor szerint az Erasmus+ program lehet\u0151v\u00e9 teszi a fiatalok sz\u00e1m\u00e1ra, hogy helyt \u00e1lljanak a modern munkaer\u0151piacon \u00e9s a mindink\u00e1bb \u00f6sszetett t\u00e1rsadalomban. A jelent\u00e9s szerint az Erasmus+ seg\u00edti a di\u00e1kokat abban, hogy megtal\u00e1lj\u00e1k a k\u00edv\u00e1nt \u00e9letp\u00e1ly\u00e1t \u00e9s gyorsabban \u00e1ll\u00e1st tal\u00e1ljanak. K\u00fclf\u00f6ldi tapasztalataiknak k\u00f6sz\u00f6nhet\u0151en meg tudj\u00e1k v\u00e1ltoztatni tanulm\u00e1nyaikat, hogy azok jobban illeszkedjenek t\u00f6rekv\u00e9seikhez, legt\u00f6bbj\u00fck a diplomaszerz\u00e9st\u0151l sz\u00e1m\u00edtott h\u00e1rom h\u00f3napon bel\u00fcl elhelyezkedett. Mint \u00edrt\u00e1k, az egy\u00fcttm\u0171k\u00f6d\u00e9si projektek a r\u00e9szt vev\u0151 egyetemek t\u00f6bbs\u00e9g\u00e9t felk\u00e9sz\u00edtette a digit\u00e1lis \u00e1talakul\u00e1sra. Az \u00faj technol\u00f3gi\u00e1k, valamint az innovat\u00edv oktat\u00e1si \u00e9s tanul\u00e1si m\u00f3dszerek alkalmaz\u00e1sa hozz\u00e1j\u00e1rult az egyetemek nemzetk\u00f6zi egy\u00fcttm\u0171k\u00f6d\u00e9si \u00e9s innov\u00e1ci\u00f3s kapacit\u00e1s\u00e1nak er\u0151s\u00edt\u00e9s\u00e9hez. A r\u00e9szt vev\u0151 egyetemek nyitottabbak arra, hogy a v\u00e1llalati szf\u00e9ra munkat\u00e1rsait is bevonj\u00e1k az \u00f3r\u00e1ikba. 2014 \u00e9s 2018 k\u00f6z\u00f6tt t\u00f6bb mint 2 milli\u00f3 fels\u0151oktat\u00e1sban r\u00e9szt vev\u0151 di\u00e1k \u00e9s oktat\u00f3 tanult, gyakornokoskodott, illetve tan\u00edtott k\u00fclf\u00f6ld\u00f6n az Erasmus+ program keret\u00e9ben. Ugyanezen id\u0151szakban mintegy ezer fels\u0151oktat\u00e1si int\u00e9zm\u00e9ny k\u00f6z\u00f6tti Erasmus+ strat\u00e9giai partners\u00e9g, valamint 93, egyetemek \u00e9s v\u00e1llalkoz\u00e1sok k\u00f6z\u00f6tti tud\u00e1sfejleszt\u00e9si sz\u00f6vets\u00e9g r\u00e9szes\u00fclt uni\u00f3s finansz\u00edroz\u00e1sban.<\/p>\n<p>Forr\u00e1s: orientpress.hu<\/p>\n","protected":false},"excerpt":{"rendered":"<p>A munkar\u0151piaci elv\u00e1r\u00e1soknak jobban megfelelnek azok az egyetemist\u00e1k, akik r\u00e9szt vettek vagy r\u00e9szt vesznek az Erasmus programokban. Vonz\u00f3bbak a karrierlehet\u0151s\u00e9geik, a programban r\u00e9szt vev\u0151 egyetemek pedig jobb helyzetben vannak ahhoz, hogy megfeleljenek a munkaer\u0151piaci ig\u00e9nyeknek \u2013 jelentette ki az Eur\u00f3pai Bizotts\u00e1g oktat\u00e1s\u00e9rt, kult\u00far\u00e1\u00e9rt, ifj\u00fas\u00e1gpolitik\u00e1\u00e9rt \u00e9s sport\u00fcgy\u00e9rt felel\u0151s biztosa az oktat\u00e1si program hat\u00e1s\u00e1t m\u00e9r\u0151 jelent\u00e9s bemutat\u00e1sakor. [&hellip;]<\/p>\n","protected":false},"author":1,"featured_media":2918,"comment_status":"open","ping_status":"open","sticky":false,"template":"","format":"standard","meta":{"_monsterinsights_skip_tracking":false,"footnotes":""},"categories":[1],"tags":[],"class_list":["post-2915","post","type-post","status-publish","format-standard","has-post-thumbnail","hentry","category-allaskereses"],"aioseo_notices":[],"aioseo_head":"\n\t\t<!-- All in One SEO 5.0.0.1 - aioseo.com -->\n\t<meta name=\"description\" content=\"A munkar\u0151piaci elv\u00e1r\u00e1soknak jobban megfelelnek azok az egyetemist\u00e1k, akik r\u00e9szt vettek vagy r\u00e9szt vesznek az Erasmus programokban. Vonz\u00f3bbak a karrierlehet\u0151s\u00e9geik, a programban r\u00e9szt vev\u0151 egyetemek pedig jobb helyzetben vannak ahhoz, hogy megfeleljenek a munkaer\u0151piaci ig\u00e9nyeknek \u2013 jelentette ki az Eur\u00f3pai Bizotts\u00e1g oktat\u00e1s\u00e9rt, kult\u00far\u00e1\u00e9rt, ifj\u00fas\u00e1gpolitik\u00e1\u00e9rt \u00e9s sport\u00fcgy\u00e9rt felel\u0151s biztosa az oktat\u00e1si program hat\u00e1s\u00e1t m\u00e9r\u0151 jelent\u00e9s bemutat\u00e1sakor.\" \/>\n\t<meta name=\"robots\" content=\"max-image-preview:large\" \/>\n\t<meta name=\"author\" content=\"Juh\u00e1sz P\u00e9ter\"\/>\n\t<link rel=\"canonical\" href=\"https:\/\/allasorias.hu\/hirek\/az-erasmus-program-tamogatja-a-hallgatokat\/\" \/>\n\t<meta name=\"generator\" content=\"All in One SEO (AIOSEO) 5.0.0.1\" \/>\n\t\t<meta property=\"og:locale\" content=\"hu_HU\" \/>\n\t\t<meta property=\"og:site_name\" content=\"AllasOrias.hu | H\u00edrek-lapszemle | \u00dczleti h\u00edrek az \u00e1ll\u00e1s \u00e9s a munka vil\u00e1g\u00e1b\u00f3l\" \/>\n\t\t<meta property=\"og:type\" content=\"article\" \/>\n\t\t<meta property=\"og:title\" content=\"Az Erasmus+ program t\u00e1mogatja a hallgat\u00f3kat | AllasOrias.hu | H\u00edrek-lapszemle\" \/>\n\t\t<meta property=\"og:description\" content=\"A munkar\u0151piaci elv\u00e1r\u00e1soknak jobban megfelelnek azok az egyetemist\u00e1k, akik r\u00e9szt vettek vagy r\u00e9szt vesznek az Erasmus programokban. Vonz\u00f3bbak a karrierlehet\u0151s\u00e9geik, a programban r\u00e9szt vev\u0151 egyetemek pedig jobb helyzetben vannak ahhoz, hogy megfeleljenek a munkaer\u0151piaci ig\u00e9nyeknek \u2013 jelentette ki az Eur\u00f3pai Bizotts\u00e1g oktat\u00e1s\u00e9rt, kult\u00far\u00e1\u00e9rt, ifj\u00fas\u00e1gpolitik\u00e1\u00e9rt \u00e9s sport\u00fcgy\u00e9rt felel\u0151s biztosa az oktat\u00e1si program hat\u00e1s\u00e1t m\u00e9r\u0151 jelent\u00e9s bemutat\u00e1sakor.\" \/>\n\t\t<meta property=\"og:url\" content=\"https:\/\/allasorias.hu\/hirek\/az-erasmus-program-tamogatja-a-hallgatokat\/\" \/>\n\t\t<meta property=\"og:image\" content=\"https:\/\/allasorias.hu\/hirek\/wp-content\/uploads\/2019\/05\/bigbanner.jpg\" \/>\n\t\t<meta property=\"og:image:secure_url\" content=\"https:\/\/allasorias.hu\/hirek\/wp-content\/uploads\/2019\/05\/bigbanner.jpg\" \/>\n\t\t<meta property=\"og:image:width\" content=\"1116\" \/>\n\t\t<meta property=\"og:image:height\" content=\"384\" \/>\n\t\t<meta property=\"article:published_time\" content=\"2019-05-21T09:52:27+00:00\" \/>\n\t\t<meta property=\"article:modified_time\" content=\"2019-05-21T09:53:32+00:00\" \/>\n\t\t<meta property=\"article:publisher\" content=\"https:\/\/www.facebook.com\/allasorias\" \/>\n\t\t<meta name=\"twitter:card\" content=\"summary_large_image\" \/>\n\t\t<meta name=\"twitter:title\" content=\"Az Erasmus+ program t\u00e1mogatja a hallgat\u00f3kat | AllasOrias.hu | H\u00edrek-lapszemle\" \/>\n\t\t<meta name=\"twitter:description\" content=\"A munkar\u0151piaci elv\u00e1r\u00e1soknak jobban megfelelnek azok az egyetemist\u00e1k, akik r\u00e9szt vettek vagy r\u00e9szt vesznek az Erasmus programokban. Vonz\u00f3bbak a karrierlehet\u0151s\u00e9geik, a programban r\u00e9szt vev\u0151 egyetemek pedig jobb helyzetben vannak ahhoz, hogy megfeleljenek a munkaer\u0151piaci ig\u00e9nyeknek \u2013 jelentette ki az Eur\u00f3pai Bizotts\u00e1g oktat\u00e1s\u00e9rt, kult\u00far\u00e1\u00e9rt, ifj\u00fas\u00e1gpolitik\u00e1\u00e9rt \u00e9s sport\u00fcgy\u00e9rt felel\u0151s biztosa az oktat\u00e1si program hat\u00e1s\u00e1t m\u00e9r\u0151 jelent\u00e9s bemutat\u00e1sakor.\" \/>\n\t\t<meta name=\"twitter:image\" content=\"https:\/\/allasorias.hu\/hirek\/wp-content\/uploads\/2019\/05\/bigbanner.jpg\" \/>\n\t\t<meta name=\"twitter:label1\" content=\"Written by\" \/>\n\t\t<meta name=\"twitter:data1\" content=\"Juh\u00e1sz P\u00e9ter\" \/>\n\t\t<meta name=\"twitter:label2\" content=\"Est. reading time\" \/>\n\t\t<meta name=\"twitter:data2\" content=\"2 minutes\" \/>\n\t\t<script type=\"application\/ld+json\" class=\"aioseo-schema\">\n\t\t\t{\"@context\":\"https:\\\/\\\/schema.org\",\"@graph\":[{\"@type\":\"Article\",\"@id\":\"https:\\\/\\\/allasorias.hu\\\/hirek\\\/az-erasmus-program-tamogatja-a-hallgatokat\\\/#article\",\"name\":\"Az Erasmus+ program t\\u00e1mogatja a hallgat\\u00f3kat | AllasOrias.hu | H\\u00edrek-lapszemle\",\"headline\":\"Az Erasmus+  program t\\u00e1mogatja a hallgat\\u00f3kat\",\"author\":{\"@id\":\"https:\\\/\\\/allasorias.hu\\\/hirek\\\/author\\\/admin-allasorias\\\/#author\"},\"publisher\":{\"@id\":\"https:\\\/\\\/allasorias.hu\\\/hirek\\\/#organization\"},\"image\":{\"@type\":\"ImageObject\",\"url\":\"https:\\\/\\\/allasorias.hu\\\/hirek\\\/wp-content\\\/uploads\\\/2019\\\/05\\\/bigbanner.jpg\",\"width\":1116,\"height\":384},\"datePublished\":\"2019-05-21T09:52:27+02:00\",\"dateModified\":\"2019-05-21T09:53:32+02:00\",\"inLanguage\":\"hu-HU\",\"mainEntityOfPage\":{\"@id\":\"https:\\\/\\\/allasorias.hu\\\/hirek\\\/az-erasmus-program-tamogatja-a-hallgatokat\\\/#webpage\"},\"isPartOf\":{\"@id\":\"https:\\\/\\\/allasorias.hu\\\/hirek\\\/az-erasmus-program-tamogatja-a-hallgatokat\\\/#webpage\"},\"articleSection\":\"\\u00c1ll\\u00e1skeres\\u00e9s\"},{\"@type\":\"BreadcrumbList\",\"@id\":\"https:\\\/\\\/allasorias.hu\\\/hirek\\\/az-erasmus-program-tamogatja-a-hallgatokat\\\/#breadcrumblist\",\"itemListElement\":[{\"@type\":\"ListItem\",\"@id\":\"https:\\\/\\\/allasorias.hu\\\/hirek#listItem\",\"position\":1,\"name\":\"Home\",\"item\":\"https:\\\/\\\/allasorias.hu\\\/hirek\",\"nextItem\":{\"@type\":\"ListItem\",\"@id\":\"https:\\\/\\\/allasorias.hu\\\/hirek\\\/temak\\\/allaskereses\\\/#listItem\",\"name\":\"\\u00c1ll\\u00e1skeres\\u00e9s\"}},{\"@type\":\"ListItem\",\"@id\":\"https:\\\/\\\/allasorias.hu\\\/hirek\\\/temak\\\/allaskereses\\\/#listItem\",\"position\":2,\"name\":\"\\u00c1ll\\u00e1skeres\\u00e9s\",\"item\":\"https:\\\/\\\/allasorias.hu\\\/hirek\\\/temak\\\/allaskereses\\\/\",\"nextItem\":{\"@type\":\"ListItem\",\"@id\":\"https:\\\/\\\/allasorias.hu\\\/hirek\\\/az-erasmus-program-tamogatja-a-hallgatokat\\\/#listItem\",\"name\":\"Az Erasmus+  program t\\u00e1mogatja a hallgat\\u00f3kat\"},\"previousItem\":{\"@type\":\"ListItem\",\"@id\":\"https:\\\/\\\/allasorias.hu\\\/hirek#listItem\",\"name\":\"Home\"}},{\"@type\":\"ListItem\",\"@id\":\"https:\\\/\\\/allasorias.hu\\\/hirek\\\/az-erasmus-program-tamogatja-a-hallgatokat\\\/#listItem\",\"position\":3,\"name\":\"Az Erasmus+  program t\\u00e1mogatja a hallgat\\u00f3kat\",\"previousItem\":{\"@type\":\"ListItem\",\"@id\":\"https:\\\/\\\/allasorias.hu\\\/hirek\\\/temak\\\/allaskereses\\\/#listItem\",\"name\":\"\\u00c1ll\\u00e1skeres\\u00e9s\"}}]},{\"@type\":\"Organization\",\"@id\":\"https:\\\/\\\/allasorias.hu\\\/hirek\\\/#organization\",\"name\":\"AllasOrias.hu | H\\u00edrek-lapszemle\",\"description\":\"\\u00dczleti h\\u00edrek az \\u00e1ll\\u00e1s \\u00e9s a munka vil\\u00e1g\\u00e1b\\u00f3l\",\"url\":\"https:\\\/\\\/allasorias.hu\\\/hirek\\\/\",\"logo\":{\"@type\":\"ImageObject\",\"url\":\"https:\\\/\\\/allasorias.hu\\\/hirek\\\/wp-content\\\/uploads\\\/2022\\\/10\\\/allasorias_site_facebok_logo.png\",\"@id\":\"https:\\\/\\\/allasorias.hu\\\/hirek\\\/az-erasmus-program-tamogatja-a-hallgatokat\\\/#organizationLogo\"},\"image\":{\"@id\":\"https:\\\/\\\/allasorias.hu\\\/hirek\\\/az-erasmus-program-tamogatja-a-hallgatokat\\\/#organizationLogo\"},\"sameAs\":[\"https:\\\/\\\/www.facebook.com\\\/allasorias\",\"https:\\\/\\\/www.linkedin.com\\\/company\\\/allasorias\"]},{\"@type\":\"Person\",\"@id\":\"https:\\\/\\\/allasorias.hu\\\/hirek\\\/author\\\/admin-allasorias\\\/#author\",\"url\":\"https:\\\/\\\/allasorias.hu\\\/hirek\\\/author\\\/admin-allasorias\\\/\",\"name\":\"Juh\\u00e1sz P\\u00e9ter\",\"image\":{\"@type\":\"ImageObject\",\"@id\":\"https:\\\/\\\/allasorias.hu\\\/hirek\\\/az-erasmus-program-tamogatja-a-hallgatokat\\\/#authorImage\",\"url\":\"https:\\\/\\\/secure.gravatar.com\\\/avatar\\\/36e6bcb83148978b992977cb0f54d22feb0cce8a0a849a9410532bb2623ba4c6?s=96&d=mm&r=g\",\"width\":96,\"height\":96,\"caption\":\"Juh\\u00e1sz P\\u00e9ter\"}},{\"@type\":\"WebPage\",\"@id\":\"https:\\\/\\\/allasorias.hu\\\/hirek\\\/az-erasmus-program-tamogatja-a-hallgatokat\\\/#webpage\",\"url\":\"https:\\\/\\\/allasorias.hu\\\/hirek\\\/az-erasmus-program-tamogatja-a-hallgatokat\\\/\",\"name\":\"Az Erasmus+ program t\\u00e1mogatja a hallgat\\u00f3kat | AllasOrias.hu | H\\u00edrek-lapszemle\",\"description\":\"A munkar\\u0151piaci elv\\u00e1r\\u00e1soknak jobban megfelelnek azok az egyetemist\\u00e1k, akik r\\u00e9szt vettek vagy r\\u00e9szt vesznek az Erasmus programokban. Vonz\\u00f3bbak a karrierlehet\\u0151s\\u00e9geik, a programban r\\u00e9szt vev\\u0151 egyetemek pedig jobb helyzetben vannak ahhoz, hogy megfeleljenek a munkaer\\u0151piaci ig\\u00e9nyeknek \\u2013 jelentette ki az Eur\\u00f3pai Bizotts\\u00e1g oktat\\u00e1s\\u00e9rt, kult\\u00far\\u00e1\\u00e9rt, ifj\\u00fas\\u00e1gpolitik\\u00e1\\u00e9rt \\u00e9s sport\\u00fcgy\\u00e9rt felel\\u0151s biztosa az oktat\\u00e1si program hat\\u00e1s\\u00e1t m\\u00e9r\\u0151 jelent\\u00e9s bemutat\\u00e1sakor.\",\"inLanguage\":\"hu-HU\",\"isPartOf\":{\"@id\":\"https:\\\/\\\/allasorias.hu\\\/hirek\\\/#website\"},\"breadcrumb\":{\"@id\":\"https:\\\/\\\/allasorias.hu\\\/hirek\\\/az-erasmus-program-tamogatja-a-hallgatokat\\\/#breadcrumblist\"},\"author\":{\"@id\":\"https:\\\/\\\/allasorias.hu\\\/hirek\\\/author\\\/admin-allasorias\\\/#author\"},\"creator\":{\"@id\":\"https:\\\/\\\/allasorias.hu\\\/hirek\\\/author\\\/admin-allasorias\\\/#author\"},\"image\":{\"@type\":\"ImageObject\",\"url\":\"https:\\\/\\\/allasorias.hu\\\/hirek\\\/wp-content\\\/uploads\\\/2019\\\/05\\\/bigbanner.jpg\",\"@id\":\"https:\\\/\\\/allasorias.hu\\\/hirek\\\/az-erasmus-program-tamogatja-a-hallgatokat\\\/#mainImage\",\"width\":1116,\"height\":384},\"primaryImageOfPage\":{\"@id\":\"https:\\\/\\\/allasorias.hu\\\/hirek\\\/az-erasmus-program-tamogatja-a-hallgatokat\\\/#mainImage\"},\"datePublished\":\"2019-05-21T09:52:27+02:00\",\"dateModified\":\"2019-05-21T09:53:32+02:00\"},{\"@type\":\"WebSite\",\"@id\":\"https:\\\/\\\/allasorias.hu\\\/hirek\\\/#website\",\"url\":\"https:\\\/\\\/allasorias.hu\\\/hirek\\\/\",\"name\":\"AllasOrias.hu | H\\u00edrek-lapszemle\",\"description\":\"\\u00dczleti h\\u00edrek az \\u00e1ll\\u00e1s \\u00e9s a munka vil\\u00e1g\\u00e1b\\u00f3l\",\"inLanguage\":\"hu-HU\",\"publisher\":{\"@id\":\"https:\\\/\\\/allasorias.hu\\\/hirek\\\/#organization\"}}]}\n\t\t<\/script>\n\t\t<!-- All in One SEO -->\n\n","aioseo_head_json":{"title":"Az Erasmus+ program t\u00e1mogatja a hallgat\u00f3kat | AllasOrias.hu | H\u00edrek-lapszemle","description":"A munkar\u0151piaci elv\u00e1r\u00e1soknak jobban megfelelnek azok az egyetemist\u00e1k, akik r\u00e9szt vettek vagy r\u00e9szt vesznek az Erasmus programokban. Vonz\u00f3bbak a karrierlehet\u0151s\u00e9geik, a programban r\u00e9szt vev\u0151 egyetemek pedig jobb helyzetben vannak ahhoz, hogy megfeleljenek a munkaer\u0151piaci ig\u00e9nyeknek \u2013 jelentette ki az Eur\u00f3pai Bizotts\u00e1g oktat\u00e1s\u00e9rt, kult\u00far\u00e1\u00e9rt, ifj\u00fas\u00e1gpolitik\u00e1\u00e9rt \u00e9s sport\u00fcgy\u00e9rt felel\u0151s biztosa az oktat\u00e1si program hat\u00e1s\u00e1t m\u00e9r\u0151 jelent\u00e9s bemutat\u00e1sakor.","canonical_url":"https:\/\/allasorias.hu\/hirek\/az-erasmus-program-tamogatja-a-hallgatokat\/","robots":"max-image-preview:large","keywords":"","webmasterTools":{"miscellaneous":""},"schema":{"@context":"https:\/\/schema.org","@graph":[{"@type":"Article","@id":"https:\/\/allasorias.hu\/hirek\/az-erasmus-program-tamogatja-a-hallgatokat\/#article","name":"Az Erasmus+ program t\u00e1mogatja a hallgat\u00f3kat | AllasOrias.hu | H\u00edrek-lapszemle","headline":"Az Erasmus+  program t\u00e1mogatja a hallgat\u00f3kat","author":{"@id":"https:\/\/allasorias.hu\/hirek\/author\/admin-allasorias\/#author"},"publisher":{"@id":"https:\/\/allasorias.hu\/hirek\/#organization"},"image":{"@type":"ImageObject","url":"https:\/\/allasorias.hu\/hirek\/wp-content\/uploads\/2019\/05\/bigbanner.jpg","width":1116,"height":384},"datePublished":"2019-05-21T09:52:27+02:00","dateModified":"2019-05-21T09:53:32+02:00","inLanguage":"hu-HU","mainEntityOfPage":{"@id":"https:\/\/allasorias.hu\/hirek\/az-erasmus-program-tamogatja-a-hallgatokat\/#webpage"},"isPartOf":{"@id":"https:\/\/allasorias.hu\/hirek\/az-erasmus-program-tamogatja-a-hallgatokat\/#webpage"},"articleSection":"\u00c1ll\u00e1skeres\u00e9s"},{"@type":"BreadcrumbList","@id":"https:\/\/allasorias.hu\/hirek\/az-erasmus-program-tamogatja-a-hallgatokat\/#breadcrumblist","itemListElement":[{"@type":"ListItem","@id":"https:\/\/allasorias.hu\/hirek#listItem","position":1,"name":"Home","item":"https:\/\/allasorias.hu\/hirek","nextItem":{"@type":"ListItem","@id":"https:\/\/allasorias.hu\/hirek\/temak\/allaskereses\/#listItem","name":"\u00c1ll\u00e1skeres\u00e9s"}},{"@type":"ListItem","@id":"https:\/\/allasorias.hu\/hirek\/temak\/allaskereses\/#listItem","position":2,"name":"\u00c1ll\u00e1skeres\u00e9s","item":"https:\/\/allasorias.hu\/hirek\/temak\/allaskereses\/","nextItem":{"@type":"ListItem","@id":"https:\/\/allasorias.hu\/hirek\/az-erasmus-program-tamogatja-a-hallgatokat\/#listItem","name":"Az Erasmus+  program t\u00e1mogatja a hallgat\u00f3kat"},"previousItem":{"@type":"ListItem","@id":"https:\/\/allasorias.hu\/hirek#listItem","name":"Home"}},{"@type":"ListItem","@id":"https:\/\/allasorias.hu\/hirek\/az-erasmus-program-tamogatja-a-hallgatokat\/#listItem","position":3,"name":"Az Erasmus+  program t\u00e1mogatja a hallgat\u00f3kat","previousItem":{"@type":"ListItem","@id":"https:\/\/allasorias.hu\/hirek\/temak\/allaskereses\/#listItem","name":"\u00c1ll\u00e1skeres\u00e9s"}}]},{"@type":"Organization","@id":"https:\/\/allasorias.hu\/hirek\/#organization","name":"AllasOrias.hu | H\u00edrek-lapszemle","description":"\u00dczleti h\u00edrek az \u00e1ll\u00e1s \u00e9s a munka vil\u00e1g\u00e1b\u00f3l","url":"https:\/\/allasorias.hu\/hirek\/","logo":{"@type":"ImageObject","url":"https:\/\/allasorias.hu\/hirek\/wp-content\/uploads\/2022\/10\/allasorias_site_facebok_logo.png","@id":"https:\/\/allasorias.hu\/hirek\/az-erasmus-program-tamogatja-a-hallgatokat\/#organizationLogo"},"image":{"@id":"https:\/\/allasorias.hu\/hirek\/az-erasmus-program-tamogatja-a-hallgatokat\/#organizationLogo"},"sameAs":["https:\/\/www.facebook.com\/allasorias","https:\/\/www.linkedin.com\/company\/allasorias"]},{"@type":"Person","@id":"https:\/\/allasorias.hu\/hirek\/author\/admin-allasorias\/#author","url":"https:\/\/allasorias.hu\/hirek\/author\/admin-allasorias\/","name":"Juh\u00e1sz P\u00e9ter","image":{"@type":"ImageObject","@id":"https:\/\/allasorias.hu\/hirek\/az-erasmus-program-tamogatja-a-hallgatokat\/#authorImage","url":"https:\/\/secure.gravatar.com\/avatar\/36e6bcb83148978b992977cb0f54d22feb0cce8a0a849a9410532bb2623ba4c6?s=96&d=mm&r=g","width":96,"height":96,"caption":"Juh\u00e1sz P\u00e9ter"}},{"@type":"WebPage","@id":"https:\/\/allasorias.hu\/hirek\/az-erasmus-program-tamogatja-a-hallgatokat\/#webpage","url":"https:\/\/allasorias.hu\/hirek\/az-erasmus-program-tamogatja-a-hallgatokat\/","name":"Az Erasmus+ program t\u00e1mogatja a hallgat\u00f3kat | AllasOrias.hu | H\u00edrek-lapszemle","description":"A munkar\u0151piaci elv\u00e1r\u00e1soknak jobban megfelelnek azok az egyetemist\u00e1k, akik r\u00e9szt vettek vagy r\u00e9szt vesznek az Erasmus programokban. Vonz\u00f3bbak a karrierlehet\u0151s\u00e9geik, a programban r\u00e9szt vev\u0151 egyetemek pedig jobb helyzetben vannak ahhoz, hogy megfeleljenek a munkaer\u0151piaci ig\u00e9nyeknek \u2013 jelentette ki az Eur\u00f3pai Bizotts\u00e1g oktat\u00e1s\u00e9rt, kult\u00far\u00e1\u00e9rt, ifj\u00fas\u00e1gpolitik\u00e1\u00e9rt \u00e9s sport\u00fcgy\u00e9rt felel\u0151s biztosa az oktat\u00e1si program hat\u00e1s\u00e1t m\u00e9r\u0151 jelent\u00e9s bemutat\u00e1sakor.","inLanguage":"hu-HU","isPartOf":{"@id":"https:\/\/allasorias.hu\/hirek\/#website"},"breadcrumb":{"@id":"https:\/\/allasorias.hu\/hirek\/az-erasmus-program-tamogatja-a-hallgatokat\/#breadcrumblist"},"author":{"@id":"https:\/\/allasorias.hu\/hirek\/author\/admin-allasorias\/#author"},"creator":{"@id":"https:\/\/allasorias.hu\/hirek\/author\/admin-allasorias\/#author"},"image":{"@type":"ImageObject","url":"https:\/\/allasorias.hu\/hirek\/wp-content\/uploads\/2019\/05\/bigbanner.jpg","@id":"https:\/\/allasorias.hu\/hirek\/az-erasmus-program-tamogatja-a-hallgatokat\/#mainImage","width":1116,"height":384},"primaryImageOfPage":{"@id":"https:\/\/allasorias.hu\/hirek\/az-erasmus-program-tamogatja-a-hallgatokat\/#mainImage"},"datePublished":"2019-05-21T09:52:27+02:00","dateModified":"2019-05-21T09:53:32+02:00"},{"@type":"WebSite","@id":"https:\/\/allasorias.hu\/hirek\/#website","url":"https:\/\/allasorias.hu\/hirek\/","name":"AllasOrias.hu | H\u00edrek-lapszemle","description":"\u00dczleti h\u00edrek az \u00e1ll\u00e1s \u00e9s a munka vil\u00e1g\u00e1b\u00f3l","inLanguage":"hu-HU","publisher":{"@id":"https:\/\/allasorias.hu\/hirek\/#organization"}}]},"og:locale":"hu_HU","og:site_name":"AllasOrias.hu | H\u00edrek-lapszemle | \u00dczleti h\u00edrek az \u00e1ll\u00e1s \u00e9s a munka vil\u00e1g\u00e1b\u00f3l","og:type":"article","og:title":"Az Erasmus+ program t\u00e1mogatja a hallgat\u00f3kat | AllasOrias.hu | H\u00edrek-lapszemle","og:description":"A munkar\u0151piaci elv\u00e1r\u00e1soknak jobban megfelelnek azok az egyetemist\u00e1k, akik r\u00e9szt vettek vagy r\u00e9szt vesznek az Erasmus programokban. Vonz\u00f3bbak a karrierlehet\u0151s\u00e9geik, a programban r\u00e9szt vev\u0151 egyetemek pedig jobb helyzetben vannak ahhoz, hogy megfeleljenek a munkaer\u0151piaci ig\u00e9nyeknek \u2013 jelentette ki az Eur\u00f3pai Bizotts\u00e1g oktat\u00e1s\u00e9rt, kult\u00far\u00e1\u00e9rt, ifj\u00fas\u00e1gpolitik\u00e1\u00e9rt \u00e9s sport\u00fcgy\u00e9rt felel\u0151s biztosa az oktat\u00e1si program hat\u00e1s\u00e1t m\u00e9r\u0151 jelent\u00e9s bemutat\u00e1sakor.","og:url":"https:\/\/allasorias.hu\/hirek\/az-erasmus-program-tamogatja-a-hallgatokat\/","og:image":"https:\/\/allasorias.hu\/hirek\/wp-content\/uploads\/2019\/05\/bigbanner.jpg","og:image:secure_url":"https:\/\/allasorias.hu\/hirek\/wp-content\/uploads\/2019\/05\/bigbanner.jpg","og:image:width":1116,"og:image:height":384,"article:published_time":"2019-05-21T09:52:27+00:00","article:modified_time":"2019-05-21T09:53:32+00:00","article:publisher":"https:\/\/www.facebook.com\/allasorias","twitter:card":"summary_large_image","twitter:title":"Az Erasmus+ program t\u00e1mogatja a hallgat\u00f3kat | AllasOrias.hu | H\u00edrek-lapszemle","twitter:description":"A munkar\u0151piaci elv\u00e1r\u00e1soknak jobban megfelelnek azok az egyetemist\u00e1k, akik r\u00e9szt vettek vagy r\u00e9szt vesznek az Erasmus programokban. Vonz\u00f3bbak a karrierlehet\u0151s\u00e9geik, a programban r\u00e9szt vev\u0151 egyetemek pedig jobb helyzetben vannak ahhoz, hogy megfeleljenek a munkaer\u0151piaci ig\u00e9nyeknek \u2013 jelentette ki az Eur\u00f3pai Bizotts\u00e1g oktat\u00e1s\u00e9rt, kult\u00far\u00e1\u00e9rt, ifj\u00fas\u00e1gpolitik\u00e1\u00e9rt \u00e9s sport\u00fcgy\u00e9rt felel\u0151s biztosa az oktat\u00e1si program hat\u00e1s\u00e1t m\u00e9r\u0151 jelent\u00e9s bemutat\u00e1sakor.","twitter:image":"https:\/\/allasorias.hu\/hirek\/wp-content\/uploads\/2019\/05\/bigbanner.jpg","twitter:label1":"Written by","twitter:data1":"Juh\u00e1sz P\u00e9ter","twitter:label2":"Est. reading time","twitter:data2":"2 minutes"},"aioseo_meta_data":{"post_id":"2915","title":null,"description":null,"keywords":null,"keyphrases":null,"primary_term":null,"canonical_url":null,"og_title":null,"og_description":null,"og_object_type":"default","og_image_type":"default","og_image_url":null,"og_image_width":null,"og_image_height":null,"og_image_custom_url":null,"og_image_custom_fields":null,"og_video":null,"og_custom_url":null,"og_article_section":null,"og_article_tags":null,"twitter_use_og":false,"twitter_card":"default","twitter_image_type":"default","twitter_image_url":null,"twitter_image_custom_url":null,"twitter_image_custom_fields":null,"twitter_title":null,"twitter_description":null,"schema":{"blockGraphs":[],"customGraphs":[],"default":{"data":{"Article":[],"Course":[],"Dataset":[],"FAQPage":[],"Movie":[],"Person":[],"Product":[],"ProductReview":[],"Car":[],"Recipe":[],"Service":[],"SoftwareApplication":[],"WebPage":[]},"graphName":"","isEnabled":true},"graphs":[],"defaultGraph":"","defaultPostTypeGraph":""},"schema_type":null,"schema_type_options":null,"pillar_content":false,"robots_default":true,"robots_noindex":false,"robots_noarchive":false,"robots_nosnippet":false,"robots_nofollow":false,"robots_noimageindex":false,"robots_noodp":false,"robots_notranslate":false,"robots_max_snippet":null,"robots_max_videopreview":null,"robots_max_imagepreview":"large","priority":null,"frequency":null,"location":null,"local_seo":null,"breadcrumb_settings":null,"limit_modified_date":false,"ai":null,"created":"2021-02-01 21:28:16","updated":"2025-10-02 11:20:12","seo_analyzer_scan_date":null,"focus_keyword":null,"additional_keywords":null,"truseo_locale":null},"aioseo_breadcrumb":"<div class=\"aioseo-breadcrumbs\"><span class=\"aioseo-breadcrumb\">\n\t\t\t<a href=\"https:\/\/allasorias.hu\/hirek\" title=\"Home\">Home<\/a>\n\t\t<\/span><span class=\"aioseo-breadcrumb-separator\">&raquo;<\/span><span class=\"aioseo-breadcrumb\">\n\t\t\t<a href=\"https:\/\/allasorias.hu\/hirek\/temak\/allaskereses\/\" title=\"\u00c1ll\u00e1skeres\u00e9s\">\u00c1ll\u00e1skeres\u00e9s<\/a>\n\t\t<\/span><span class=\"aioseo-breadcrumb-separator\">&raquo;<\/span><span class=\"aioseo-breadcrumb\">\n\t\t\tAz Erasmus+  program t\u00e1mogatja a hallgat\u00f3kat\n\t\t<\/span><\/div>","aioseo_breadcrumb_json":[{"label":"Home","link":"https:\/\/allasorias.hu\/hirek"},{"label":"\u00c1ll\u00e1skeres\u00e9s","link":"https:\/\/allasorias.hu\/hirek\/temak\/allaskereses\/"},{"label":"Az Erasmus+  program t\u00e1mogatja a hallgat\u00f3kat","link":"https:\/\/allasorias.hu\/hirek\/az-erasmus-program-tamogatja-a-hallgatokat\/"}],"_links":{"self":[{"href":"https:\/\/allasorias.hu\/hirek\/wp-json\/wp\/v2\/posts\/2915","targetHints":{"allow":["GET"]}}],"collection":[{"href":"https:\/\/allasorias.hu\/hirek\/wp-json\/wp\/v2\/posts"}],"about":[{"href":"https:\/\/allasorias.hu\/hirek\/wp-json\/wp\/v2\/types\/post"}],"author":[{"embeddable":true,"href":"https:\/\/allasorias.hu\/hirek\/wp-json\/wp\/v2\/users\/1"}],"replies":[{"embeddable":true,"href":"https:\/\/allasorias.hu\/hirek\/wp-json\/wp\/v2\/comments?post=2915"}],"version-history":[{"count":1,"href":"https:\/\/allasorias.hu\/hirek\/wp-json\/wp\/v2\/posts\/2915\/revisions"}],"predecessor-version":[{"id":2917,"href":"https:\/\/allasorias.hu\/hirek\/wp-json\/wp\/v2\/posts\/2915\/revisions\/2917"}],"wp:featuredmedia":[{"embeddable":true,"href":"https:\/\/allasorias.hu\/hirek\/wp-json\/wp\/v2\/media\/2918"}],"wp:attachment":[{"href":"https:\/\/allasorias.hu\/hirek\/wp-json\/wp\/v2\/media?parent=2915"}],"wp:term":[{"taxonomy":"category","embeddable":true,"href":"https:\/\/allasorias.hu\/hirek\/wp-json\/wp\/v2\/categories?post=2915"},{"taxonomy":"post_tag","embeddable":true,"href":"https:\/\/allasorias.hu\/hirek\/wp-json\/wp\/v2\/tags?post=2915"}],"curies":[{"name":"wp","href":"https:\/\/api.w.org\/{rel}","templated":true}]}}