{"id":2913,"date":"2019-05-21T09:22:41","date_gmt":"2019-05-21T09:22:41","guid":{"rendered":"https:\/\/allasorias.hu\/hirek\/?p=2913"},"modified":"2019-05-21T09:22:41","modified_gmt":"2019-05-21T09:22:41","slug":"sokan-keresnek-a-minimalber-alatt","status":"publish","type":"post","link":"https:\/\/allasorias.hu\/hirek\/sokan-keresnek-a-minimalber-alatt\/","title":{"rendered":"Sokan keresnek a minim\u00e1lb\u00e9r alatt"},"content":{"rendered":"<p><strong>Azok k\u00f6z\u00fcl, akik munkaviszonnyal rendelkeznek Magyarorsz\u00e1gon, legal\u00e1bb\u00a0 a harmadr\u00e9sz\u00fck, t\u00f6bb mint\u00a0 m\u00e1sf\u00e9l milli\u00f3an, nem keresik meg a minim\u00e1lb\u00e9rt sem. helyzet\u00fck rossznak mondhat\u00f3 a munkaer\u0151piacon.<\/strong><\/p>\n<p>A munkaviszonnyal rendelkez\u0151 magyarok 34 sz\u00e1zal\u00e9k\u00e1nak nem volt akkora leg\u00e1lis j\u00f6vedelme, mint a minim\u00e1lb\u00e9r \u2013 id\u00e9zett a N\u00e9pszava a Policy Agend\u00e1t\u00f3l.\u00a0 A tanulm\u00e1ny szerint 2017-ben 2,8 milli\u00f3 ember keresett Magyarorsz\u00e1gon minim\u00e1lb\u00e9rt vagy af\u00f6l\u00f6tti \u00f6sszeget, mik\u00f6zben 4,4 milli\u00f3an dolgoztak. Az ad\u00f3bevall\u00e1sok alapj\u00e1n a legrosszabb helyzetben \u00edgy sem a minim\u00e1lb\u00e9rre bejelentettek vannak \u2013 \u00edrja a lap. N\u00e1luk is rosszabbul j\u00e1r az a m\u00e1sf\u00e9l milli\u00f3 ember, akinek a helyzete bizonytalan a munker\u0151piacon, mert egyik h\u00f3napban van munk\u00e1juk, m\u00e1sikban nincs, hol bejelenti \u0151ket a munkaad\u00f3, hol nem.<\/p>\n<p>Forr\u00e1s: hvg.hu<\/p>\n","protected":false},"excerpt":{"rendered":"<p>Azok k\u00f6z\u00fcl, akik munkaviszonnyal rendelkeznek Magyarorsz\u00e1gon, legal\u00e1bb\u00a0 a harmadr\u00e9sz\u00fck, t\u00f6bb mint\u00a0 m\u00e1sf\u00e9l milli\u00f3an, nem keresik meg a minim\u00e1lb\u00e9rt sem. helyzet\u00fck rossznak mondhat\u00f3 a munkaer\u0151piacon. A munkaviszonnyal rendelkez\u0151 magyarok 34 sz\u00e1zal\u00e9k\u00e1nak nem volt akkora leg\u00e1lis j\u00f6vedelme, mint a minim\u00e1lb\u00e9r \u2013 id\u00e9zett a N\u00e9pszava a Policy Agend\u00e1t\u00f3l.\u00a0 A tanulm\u00e1ny szerint 2017-ben 2,8 milli\u00f3 ember keresett Magyarorsz\u00e1gon minim\u00e1lb\u00e9rt [&hellip;]<\/p>\n","protected":false},"author":1,"featured_media":2319,"comment_status":"open","ping_status":"open","sticky":false,"template":"","format":"standard","meta":{"_monsterinsights_skip_tracking":false,"footnotes":""},"categories":[1,198,200],"tags":[],"class_list":["post-2913","post","type-post","status-publish","format-standard","has-post-thumbnail","hentry","category-allaskereses","category-gazdasag","category-munkaeropiac"],"aioseo_notices":[],"aioseo_head":"\n\t\t<!-- All in One SEO 5.0.0.1 - aioseo.com -->\n\t<meta name=\"description\" content=\"Azok k\u00f6z\u00fcl, akik munkaviszonnyal rendelkeznek Magyarorsz\u00e1gon, legal\u00e1bb a harmadr\u00e9sz\u00fck, t\u00f6bb mint m\u00e1sf\u00e9l milli\u00f3an, nem keresik meg a minim\u00e1lb\u00e9rt sem. helyzet\u00fck rossznak mondhat\u00f3 a munkaer\u0151piacon. A munkaviszonnyal rendelkez\u0151 magyarok 34 sz\u00e1zal\u00e9k\u00e1nak nem volt akkora leg\u00e1lis j\u00f6vedelme, mint a minim\u00e1lb\u00e9r \u2013 id\u00e9zett a N\u00e9pszava a Policy Agend\u00e1t\u00f3l. A tanulm\u00e1ny szerint 2017-ben 2,8 milli\u00f3 ember keresett Magyarorsz\u00e1gon minim\u00e1lb\u00e9rt\" \/>\n\t<meta name=\"robots\" content=\"max-image-preview:large\" \/>\n\t<meta name=\"author\" content=\"Juh\u00e1sz P\u00e9ter\"\/>\n\t<link rel=\"canonical\" href=\"https:\/\/allasorias.hu\/hirek\/sokan-keresnek-a-minimalber-alatt\/\" \/>\n\t<meta name=\"generator\" content=\"All in One SEO (AIOSEO) 5.0.0.1\" \/>\n\t\t<meta property=\"og:locale\" content=\"hu_HU\" \/>\n\t\t<meta property=\"og:site_name\" content=\"AllasOrias.hu | H\u00edrek-lapszemle | \u00dczleti h\u00edrek az \u00e1ll\u00e1s \u00e9s a munka vil\u00e1g\u00e1b\u00f3l\" \/>\n\t\t<meta property=\"og:type\" content=\"article\" \/>\n\t\t<meta property=\"og:title\" content=\"Sokan keresnek a minim\u00e1lb\u00e9r alatt | AllasOrias.hu | H\u00edrek-lapszemle\" \/>\n\t\t<meta property=\"og:description\" content=\"Azok k\u00f6z\u00fcl, akik munkaviszonnyal rendelkeznek Magyarorsz\u00e1gon, legal\u00e1bb a harmadr\u00e9sz\u00fck, t\u00f6bb mint m\u00e1sf\u00e9l milli\u00f3an, nem keresik meg a minim\u00e1lb\u00e9rt sem. helyzet\u00fck rossznak mondhat\u00f3 a munkaer\u0151piacon. A munkaviszonnyal rendelkez\u0151 magyarok 34 sz\u00e1zal\u00e9k\u00e1nak nem volt akkora leg\u00e1lis j\u00f6vedelme, mint a minim\u00e1lb\u00e9r \u2013 id\u00e9zett a N\u00e9pszava a Policy Agend\u00e1t\u00f3l. A tanulm\u00e1ny szerint 2017-ben 2,8 milli\u00f3 ember keresett Magyarorsz\u00e1gon minim\u00e1lb\u00e9rt\" \/>\n\t\t<meta property=\"og:url\" content=\"https:\/\/allasorias.hu\/hirek\/sokan-keresnek-a-minimalber-alatt\/\" \/>\n\t\t<meta property=\"og:image\" content=\"https:\/\/allasorias.hu\/hirek\/wp-content\/uploads\/2018\/12\/ft.jpg\" \/>\n\t\t<meta property=\"og:image:secure_url\" content=\"https:\/\/allasorias.hu\/hirek\/wp-content\/uploads\/2018\/12\/ft.jpg\" \/>\n\t\t<meta property=\"og:image:width\" content=\"1500\" \/>\n\t\t<meta property=\"og:image:height\" content=\"844\" \/>\n\t\t<meta property=\"article:published_time\" content=\"2019-05-21T09:22:41+00:00\" \/>\n\t\t<meta property=\"article:modified_time\" content=\"2019-05-21T09:22:41+00:00\" \/>\n\t\t<meta property=\"article:publisher\" content=\"https:\/\/www.facebook.com\/allasorias\" \/>\n\t\t<meta name=\"twitter:card\" content=\"summary_large_image\" \/>\n\t\t<meta name=\"twitter:title\" content=\"Sokan keresnek a minim\u00e1lb\u00e9r alatt | AllasOrias.hu | H\u00edrek-lapszemle\" \/>\n\t\t<meta name=\"twitter:description\" content=\"Azok k\u00f6z\u00fcl, akik munkaviszonnyal rendelkeznek Magyarorsz\u00e1gon, legal\u00e1bb a harmadr\u00e9sz\u00fck, t\u00f6bb mint m\u00e1sf\u00e9l milli\u00f3an, nem keresik meg a minim\u00e1lb\u00e9rt sem. helyzet\u00fck rossznak mondhat\u00f3 a munkaer\u0151piacon. A munkaviszonnyal rendelkez\u0151 magyarok 34 sz\u00e1zal\u00e9k\u00e1nak nem volt akkora leg\u00e1lis j\u00f6vedelme, mint a minim\u00e1lb\u00e9r \u2013 id\u00e9zett a N\u00e9pszava a Policy Agend\u00e1t\u00f3l. A tanulm\u00e1ny szerint 2017-ben 2,8 milli\u00f3 ember keresett Magyarorsz\u00e1gon minim\u00e1lb\u00e9rt\" \/>\n\t\t<meta name=\"twitter:image\" content=\"https:\/\/allasorias.hu\/hirek\/wp-content\/uploads\/2018\/12\/ft.jpg\" \/>\n\t\t<meta name=\"twitter:label1\" content=\"Written by\" \/>\n\t\t<meta name=\"twitter:data1\" content=\"Juh\u00e1sz P\u00e9ter\" \/>\n\t\t<meta name=\"twitter:label2\" content=\"Est. reading time\" \/>\n\t\t<meta name=\"twitter:data2\" content=\"1 minute\" \/>\n\t\t<script type=\"application\/ld+json\" class=\"aioseo-schema\">\n\t\t\t{\"@context\":\"https:\\\/\\\/schema.org\",\"@graph\":[{\"@type\":\"Article\",\"@id\":\"https:\\\/\\\/allasorias.hu\\\/hirek\\\/sokan-keresnek-a-minimalber-alatt\\\/#article\",\"name\":\"Sokan keresnek a minim\\u00e1lb\\u00e9r alatt | AllasOrias.hu | H\\u00edrek-lapszemle\",\"headline\":\"Sokan keresnek a minim\\u00e1lb\\u00e9r alatt\",\"author\":{\"@id\":\"https:\\\/\\\/allasorias.hu\\\/hirek\\\/author\\\/admin-allasorias\\\/#author\"},\"publisher\":{\"@id\":\"https:\\\/\\\/allasorias.hu\\\/hirek\\\/#organization\"},\"image\":{\"@type\":\"ImageObject\",\"url\":\"https:\\\/\\\/allasorias.hu\\\/hirek\\\/wp-content\\\/uploads\\\/2018\\\/12\\\/ft.jpg\",\"width\":1500,\"height\":844},\"datePublished\":\"2019-05-21T09:22:41+02:00\",\"dateModified\":\"2019-05-21T09:22:41+02:00\",\"inLanguage\":\"hu-HU\",\"mainEntityOfPage\":{\"@id\":\"https:\\\/\\\/allasorias.hu\\\/hirek\\\/sokan-keresnek-a-minimalber-alatt\\\/#webpage\"},\"isPartOf\":{\"@id\":\"https:\\\/\\\/allasorias.hu\\\/hirek\\\/sokan-keresnek-a-minimalber-alatt\\\/#webpage\"},\"articleSection\":\"\\u00c1ll\\u00e1skeres\\u00e9s, Gazdas\\u00e1g, Munkaer\\u0151piac\"},{\"@type\":\"BreadcrumbList\",\"@id\":\"https:\\\/\\\/allasorias.hu\\\/hirek\\\/sokan-keresnek-a-minimalber-alatt\\\/#breadcrumblist\",\"itemListElement\":[{\"@type\":\"ListItem\",\"@id\":\"https:\\\/\\\/allasorias.hu\\\/hirek#listItem\",\"position\":1,\"name\":\"Home\",\"item\":\"https:\\\/\\\/allasorias.hu\\\/hirek\",\"nextItem\":{\"@type\":\"ListItem\",\"@id\":\"https:\\\/\\\/allasorias.hu\\\/hirek\\\/temak\\\/allaskereses\\\/#listItem\",\"name\":\"\\u00c1ll\\u00e1skeres\\u00e9s\"}},{\"@type\":\"ListItem\",\"@id\":\"https:\\\/\\\/allasorias.hu\\\/hirek\\\/temak\\\/allaskereses\\\/#listItem\",\"position\":2,\"name\":\"\\u00c1ll\\u00e1skeres\\u00e9s\",\"item\":\"https:\\\/\\\/allasorias.hu\\\/hirek\\\/temak\\\/allaskereses\\\/\",\"nextItem\":{\"@type\":\"ListItem\",\"@id\":\"https:\\\/\\\/allasorias.hu\\\/hirek\\\/sokan-keresnek-a-minimalber-alatt\\\/#listItem\",\"name\":\"Sokan keresnek a minim\\u00e1lb\\u00e9r alatt\"},\"previousItem\":{\"@type\":\"ListItem\",\"@id\":\"https:\\\/\\\/allasorias.hu\\\/hirek#listItem\",\"name\":\"Home\"}},{\"@type\":\"ListItem\",\"@id\":\"https:\\\/\\\/allasorias.hu\\\/hirek\\\/sokan-keresnek-a-minimalber-alatt\\\/#listItem\",\"position\":3,\"name\":\"Sokan keresnek a minim\\u00e1lb\\u00e9r alatt\",\"previousItem\":{\"@type\":\"ListItem\",\"@id\":\"https:\\\/\\\/allasorias.hu\\\/hirek\\\/temak\\\/allaskereses\\\/#listItem\",\"name\":\"\\u00c1ll\\u00e1skeres\\u00e9s\"}}]},{\"@type\":\"Organization\",\"@id\":\"https:\\\/\\\/allasorias.hu\\\/hirek\\\/#organization\",\"name\":\"AllasOrias.hu | H\\u00edrek-lapszemle\",\"description\":\"\\u00dczleti h\\u00edrek az \\u00e1ll\\u00e1s \\u00e9s a munka vil\\u00e1g\\u00e1b\\u00f3l\",\"url\":\"https:\\\/\\\/allasorias.hu\\\/hirek\\\/\",\"logo\":{\"@type\":\"ImageObject\",\"url\":\"https:\\\/\\\/allasorias.hu\\\/hirek\\\/wp-content\\\/uploads\\\/2022\\\/10\\\/allasorias_site_facebok_logo.png\",\"@id\":\"https:\\\/\\\/allasorias.hu\\\/hirek\\\/sokan-keresnek-a-minimalber-alatt\\\/#organizationLogo\"},\"image\":{\"@id\":\"https:\\\/\\\/allasorias.hu\\\/hirek\\\/sokan-keresnek-a-minimalber-alatt\\\/#organizationLogo\"},\"sameAs\":[\"https:\\\/\\\/www.facebook.com\\\/allasorias\",\"https:\\\/\\\/www.linkedin.com\\\/company\\\/allasorias\"]},{\"@type\":\"Person\",\"@id\":\"https:\\\/\\\/allasorias.hu\\\/hirek\\\/author\\\/admin-allasorias\\\/#author\",\"url\":\"https:\\\/\\\/allasorias.hu\\\/hirek\\\/author\\\/admin-allasorias\\\/\",\"name\":\"Juh\\u00e1sz P\\u00e9ter\",\"image\":{\"@type\":\"ImageObject\",\"@id\":\"https:\\\/\\\/allasorias.hu\\\/hirek\\\/sokan-keresnek-a-minimalber-alatt\\\/#authorImage\",\"url\":\"https:\\\/\\\/secure.gravatar.com\\\/avatar\\\/36e6bcb83148978b992977cb0f54d22feb0cce8a0a849a9410532bb2623ba4c6?s=96&d=mm&r=g\",\"width\":96,\"height\":96,\"caption\":\"Juh\\u00e1sz P\\u00e9ter\"}},{\"@type\":\"WebPage\",\"@id\":\"https:\\\/\\\/allasorias.hu\\\/hirek\\\/sokan-keresnek-a-minimalber-alatt\\\/#webpage\",\"url\":\"https:\\\/\\\/allasorias.hu\\\/hirek\\\/sokan-keresnek-a-minimalber-alatt\\\/\",\"name\":\"Sokan keresnek a minim\\u00e1lb\\u00e9r alatt | AllasOrias.hu | H\\u00edrek-lapszemle\",\"description\":\"Azok k\\u00f6z\\u00fcl, akik munkaviszonnyal rendelkeznek Magyarorsz\\u00e1gon, legal\\u00e1bb a harmadr\\u00e9sz\\u00fck, t\\u00f6bb mint m\\u00e1sf\\u00e9l milli\\u00f3an, nem keresik meg a minim\\u00e1lb\\u00e9rt sem. helyzet\\u00fck rossznak mondhat\\u00f3 a munkaer\\u0151piacon. A munkaviszonnyal rendelkez\\u0151 magyarok 34 sz\\u00e1zal\\u00e9k\\u00e1nak nem volt akkora leg\\u00e1lis j\\u00f6vedelme, mint a minim\\u00e1lb\\u00e9r \\u2013 id\\u00e9zett a N\\u00e9pszava a Policy Agend\\u00e1t\\u00f3l. A tanulm\\u00e1ny szerint 2017-ben 2,8 milli\\u00f3 ember keresett Magyarorsz\\u00e1gon minim\\u00e1lb\\u00e9rt\",\"inLanguage\":\"hu-HU\",\"isPartOf\":{\"@id\":\"https:\\\/\\\/allasorias.hu\\\/hirek\\\/#website\"},\"breadcrumb\":{\"@id\":\"https:\\\/\\\/allasorias.hu\\\/hirek\\\/sokan-keresnek-a-minimalber-alatt\\\/#breadcrumblist\"},\"author\":{\"@id\":\"https:\\\/\\\/allasorias.hu\\\/hirek\\\/author\\\/admin-allasorias\\\/#author\"},\"creator\":{\"@id\":\"https:\\\/\\\/allasorias.hu\\\/hirek\\\/author\\\/admin-allasorias\\\/#author\"},\"image\":{\"@type\":\"ImageObject\",\"url\":\"https:\\\/\\\/allasorias.hu\\\/hirek\\\/wp-content\\\/uploads\\\/2018\\\/12\\\/ft.jpg\",\"@id\":\"https:\\\/\\\/allasorias.hu\\\/hirek\\\/sokan-keresnek-a-minimalber-alatt\\\/#mainImage\",\"width\":1500,\"height\":844},\"primaryImageOfPage\":{\"@id\":\"https:\\\/\\\/allasorias.hu\\\/hirek\\\/sokan-keresnek-a-minimalber-alatt\\\/#mainImage\"},\"datePublished\":\"2019-05-21T09:22:41+02:00\",\"dateModified\":\"2019-05-21T09:22:41+02:00\"},{\"@type\":\"WebSite\",\"@id\":\"https:\\\/\\\/allasorias.hu\\\/hirek\\\/#website\",\"url\":\"https:\\\/\\\/allasorias.hu\\\/hirek\\\/\",\"name\":\"AllasOrias.hu | H\\u00edrek-lapszemle\",\"description\":\"\\u00dczleti h\\u00edrek az \\u00e1ll\\u00e1s \\u00e9s a munka vil\\u00e1g\\u00e1b\\u00f3l\",\"inLanguage\":\"hu-HU\",\"publisher\":{\"@id\":\"https:\\\/\\\/allasorias.hu\\\/hirek\\\/#organization\"}}]}\n\t\t<\/script>\n\t\t<!-- All in One SEO -->\n\n","aioseo_head_json":{"title":"Sokan keresnek a minim\u00e1lb\u00e9r alatt | AllasOrias.hu | H\u00edrek-lapszemle","description":"Azok k\u00f6z\u00fcl, akik munkaviszonnyal rendelkeznek Magyarorsz\u00e1gon, legal\u00e1bb a harmadr\u00e9sz\u00fck, t\u00f6bb mint m\u00e1sf\u00e9l milli\u00f3an, nem keresik meg a minim\u00e1lb\u00e9rt sem. helyzet\u00fck rossznak mondhat\u00f3 a munkaer\u0151piacon. A munkaviszonnyal rendelkez\u0151 magyarok 34 sz\u00e1zal\u00e9k\u00e1nak nem volt akkora leg\u00e1lis j\u00f6vedelme, mint a minim\u00e1lb\u00e9r \u2013 id\u00e9zett a N\u00e9pszava a Policy Agend\u00e1t\u00f3l. A tanulm\u00e1ny szerint 2017-ben 2,8 milli\u00f3 ember keresett Magyarorsz\u00e1gon minim\u00e1lb\u00e9rt","canonical_url":"https:\/\/allasorias.hu\/hirek\/sokan-keresnek-a-minimalber-alatt\/","robots":"max-image-preview:large","keywords":"","webmasterTools":{"miscellaneous":""},"schema":{"@context":"https:\/\/schema.org","@graph":[{"@type":"Article","@id":"https:\/\/allasorias.hu\/hirek\/sokan-keresnek-a-minimalber-alatt\/#article","name":"Sokan keresnek a minim\u00e1lb\u00e9r alatt | AllasOrias.hu | H\u00edrek-lapszemle","headline":"Sokan keresnek a minim\u00e1lb\u00e9r alatt","author":{"@id":"https:\/\/allasorias.hu\/hirek\/author\/admin-allasorias\/#author"},"publisher":{"@id":"https:\/\/allasorias.hu\/hirek\/#organization"},"image":{"@type":"ImageObject","url":"https:\/\/allasorias.hu\/hirek\/wp-content\/uploads\/2018\/12\/ft.jpg","width":1500,"height":844},"datePublished":"2019-05-21T09:22:41+02:00","dateModified":"2019-05-21T09:22:41+02:00","inLanguage":"hu-HU","mainEntityOfPage":{"@id":"https:\/\/allasorias.hu\/hirek\/sokan-keresnek-a-minimalber-alatt\/#webpage"},"isPartOf":{"@id":"https:\/\/allasorias.hu\/hirek\/sokan-keresnek-a-minimalber-alatt\/#webpage"},"articleSection":"\u00c1ll\u00e1skeres\u00e9s, Gazdas\u00e1g, Munkaer\u0151piac"},{"@type":"BreadcrumbList","@id":"https:\/\/allasorias.hu\/hirek\/sokan-keresnek-a-minimalber-alatt\/#breadcrumblist","itemListElement":[{"@type":"ListItem","@id":"https:\/\/allasorias.hu\/hirek#listItem","position":1,"name":"Home","item":"https:\/\/allasorias.hu\/hirek","nextItem":{"@type":"ListItem","@id":"https:\/\/allasorias.hu\/hirek\/temak\/allaskereses\/#listItem","name":"\u00c1ll\u00e1skeres\u00e9s"}},{"@type":"ListItem","@id":"https:\/\/allasorias.hu\/hirek\/temak\/allaskereses\/#listItem","position":2,"name":"\u00c1ll\u00e1skeres\u00e9s","item":"https:\/\/allasorias.hu\/hirek\/temak\/allaskereses\/","nextItem":{"@type":"ListItem","@id":"https:\/\/allasorias.hu\/hirek\/sokan-keresnek-a-minimalber-alatt\/#listItem","name":"Sokan keresnek a minim\u00e1lb\u00e9r alatt"},"previousItem":{"@type":"ListItem","@id":"https:\/\/allasorias.hu\/hirek#listItem","name":"Home"}},{"@type":"ListItem","@id":"https:\/\/allasorias.hu\/hirek\/sokan-keresnek-a-minimalber-alatt\/#listItem","position":3,"name":"Sokan keresnek a minim\u00e1lb\u00e9r alatt","previousItem":{"@type":"ListItem","@id":"https:\/\/allasorias.hu\/hirek\/temak\/allaskereses\/#listItem","name":"\u00c1ll\u00e1skeres\u00e9s"}}]},{"@type":"Organization","@id":"https:\/\/allasorias.hu\/hirek\/#organization","name":"AllasOrias.hu | H\u00edrek-lapszemle","description":"\u00dczleti h\u00edrek az \u00e1ll\u00e1s \u00e9s a munka vil\u00e1g\u00e1b\u00f3l","url":"https:\/\/allasorias.hu\/hirek\/","logo":{"@type":"ImageObject","url":"https:\/\/allasorias.hu\/hirek\/wp-content\/uploads\/2022\/10\/allasorias_site_facebok_logo.png","@id":"https:\/\/allasorias.hu\/hirek\/sokan-keresnek-a-minimalber-alatt\/#organizationLogo"},"image":{"@id":"https:\/\/allasorias.hu\/hirek\/sokan-keresnek-a-minimalber-alatt\/#organizationLogo"},"sameAs":["https:\/\/www.facebook.com\/allasorias","https:\/\/www.linkedin.com\/company\/allasorias"]},{"@type":"Person","@id":"https:\/\/allasorias.hu\/hirek\/author\/admin-allasorias\/#author","url":"https:\/\/allasorias.hu\/hirek\/author\/admin-allasorias\/","name":"Juh\u00e1sz P\u00e9ter","image":{"@type":"ImageObject","@id":"https:\/\/allasorias.hu\/hirek\/sokan-keresnek-a-minimalber-alatt\/#authorImage","url":"https:\/\/secure.gravatar.com\/avatar\/36e6bcb83148978b992977cb0f54d22feb0cce8a0a849a9410532bb2623ba4c6?s=96&d=mm&r=g","width":96,"height":96,"caption":"Juh\u00e1sz P\u00e9ter"}},{"@type":"WebPage","@id":"https:\/\/allasorias.hu\/hirek\/sokan-keresnek-a-minimalber-alatt\/#webpage","url":"https:\/\/allasorias.hu\/hirek\/sokan-keresnek-a-minimalber-alatt\/","name":"Sokan keresnek a minim\u00e1lb\u00e9r alatt | AllasOrias.hu | H\u00edrek-lapszemle","description":"Azok k\u00f6z\u00fcl, akik munkaviszonnyal rendelkeznek Magyarorsz\u00e1gon, legal\u00e1bb a harmadr\u00e9sz\u00fck, t\u00f6bb mint m\u00e1sf\u00e9l milli\u00f3an, nem keresik meg a minim\u00e1lb\u00e9rt sem. helyzet\u00fck rossznak mondhat\u00f3 a munkaer\u0151piacon. A munkaviszonnyal rendelkez\u0151 magyarok 34 sz\u00e1zal\u00e9k\u00e1nak nem volt akkora leg\u00e1lis j\u00f6vedelme, mint a minim\u00e1lb\u00e9r \u2013 id\u00e9zett a N\u00e9pszava a Policy Agend\u00e1t\u00f3l. A tanulm\u00e1ny szerint 2017-ben 2,8 milli\u00f3 ember keresett Magyarorsz\u00e1gon minim\u00e1lb\u00e9rt","inLanguage":"hu-HU","isPartOf":{"@id":"https:\/\/allasorias.hu\/hirek\/#website"},"breadcrumb":{"@id":"https:\/\/allasorias.hu\/hirek\/sokan-keresnek-a-minimalber-alatt\/#breadcrumblist"},"author":{"@id":"https:\/\/allasorias.hu\/hirek\/author\/admin-allasorias\/#author"},"creator":{"@id":"https:\/\/allasorias.hu\/hirek\/author\/admin-allasorias\/#author"},"image":{"@type":"ImageObject","url":"https:\/\/allasorias.hu\/hirek\/wp-content\/uploads\/2018\/12\/ft.jpg","@id":"https:\/\/allasorias.hu\/hirek\/sokan-keresnek-a-minimalber-alatt\/#mainImage","width":1500,"height":844},"primaryImageOfPage":{"@id":"https:\/\/allasorias.hu\/hirek\/sokan-keresnek-a-minimalber-alatt\/#mainImage"},"datePublished":"2019-05-21T09:22:41+02:00","dateModified":"2019-05-21T09:22:41+02:00"},{"@type":"WebSite","@id":"https:\/\/allasorias.hu\/hirek\/#website","url":"https:\/\/allasorias.hu\/hirek\/","name":"AllasOrias.hu | H\u00edrek-lapszemle","description":"\u00dczleti h\u00edrek az \u00e1ll\u00e1s \u00e9s a munka vil\u00e1g\u00e1b\u00f3l","inLanguage":"hu-HU","publisher":{"@id":"https:\/\/allasorias.hu\/hirek\/#organization"}}]},"og:locale":"hu_HU","og:site_name":"AllasOrias.hu | H\u00edrek-lapszemle | \u00dczleti h\u00edrek az \u00e1ll\u00e1s \u00e9s a munka vil\u00e1g\u00e1b\u00f3l","og:type":"article","og:title":"Sokan keresnek a minim\u00e1lb\u00e9r alatt | AllasOrias.hu | H\u00edrek-lapszemle","og:description":"Azok k\u00f6z\u00fcl, akik munkaviszonnyal rendelkeznek Magyarorsz\u00e1gon, legal\u00e1bb a harmadr\u00e9sz\u00fck, t\u00f6bb mint m\u00e1sf\u00e9l milli\u00f3an, nem keresik meg a minim\u00e1lb\u00e9rt sem. helyzet\u00fck rossznak mondhat\u00f3 a munkaer\u0151piacon. A munkaviszonnyal rendelkez\u0151 magyarok 34 sz\u00e1zal\u00e9k\u00e1nak nem volt akkora leg\u00e1lis j\u00f6vedelme, mint a minim\u00e1lb\u00e9r \u2013 id\u00e9zett a N\u00e9pszava a Policy Agend\u00e1t\u00f3l. A tanulm\u00e1ny szerint 2017-ben 2,8 milli\u00f3 ember keresett Magyarorsz\u00e1gon minim\u00e1lb\u00e9rt","og:url":"https:\/\/allasorias.hu\/hirek\/sokan-keresnek-a-minimalber-alatt\/","og:image":"https:\/\/allasorias.hu\/hirek\/wp-content\/uploads\/2018\/12\/ft.jpg","og:image:secure_url":"https:\/\/allasorias.hu\/hirek\/wp-content\/uploads\/2018\/12\/ft.jpg","og:image:width":1500,"og:image:height":844,"article:published_time":"2019-05-21T09:22:41+00:00","article:modified_time":"2019-05-21T09:22:41+00:00","article:publisher":"https:\/\/www.facebook.com\/allasorias","twitter:card":"summary_large_image","twitter:title":"Sokan keresnek a minim\u00e1lb\u00e9r alatt | AllasOrias.hu | H\u00edrek-lapszemle","twitter:description":"Azok k\u00f6z\u00fcl, akik munkaviszonnyal rendelkeznek Magyarorsz\u00e1gon, legal\u00e1bb a harmadr\u00e9sz\u00fck, t\u00f6bb mint m\u00e1sf\u00e9l milli\u00f3an, nem keresik meg a minim\u00e1lb\u00e9rt sem. helyzet\u00fck rossznak mondhat\u00f3 a munkaer\u0151piacon. A munkaviszonnyal rendelkez\u0151 magyarok 34 sz\u00e1zal\u00e9k\u00e1nak nem volt akkora leg\u00e1lis j\u00f6vedelme, mint a minim\u00e1lb\u00e9r \u2013 id\u00e9zett a N\u00e9pszava a Policy Agend\u00e1t\u00f3l. A tanulm\u00e1ny szerint 2017-ben 2,8 milli\u00f3 ember keresett Magyarorsz\u00e1gon minim\u00e1lb\u00e9rt","twitter:image":"https:\/\/allasorias.hu\/hirek\/wp-content\/uploads\/2018\/12\/ft.jpg","twitter:label1":"Written by","twitter:data1":"Juh\u00e1sz P\u00e9ter","twitter:label2":"Est. reading time","twitter:data2":"1 minute"},"aioseo_meta_data":{"post_id":"2913","title":null,"description":null,"keywords":null,"keyphrases":null,"primary_term":null,"canonical_url":null,"og_title":null,"og_description":null,"og_object_type":"default","og_image_type":"default","og_image_url":null,"og_image_width":null,"og_image_height":null,"og_image_custom_url":null,"og_image_custom_fields":null,"og_video":null,"og_custom_url":null,"og_article_section":null,"og_article_tags":null,"twitter_use_og":false,"twitter_card":"default","twitter_image_type":"default","twitter_image_url":null,"twitter_image_custom_url":null,"twitter_image_custom_fields":null,"twitter_title":null,"twitter_description":null,"schema":{"blockGraphs":[],"customGraphs":[],"default":{"data":{"Article":[],"Course":[],"Dataset":[],"FAQPage":[],"Movie":[],"Person":[],"Product":[],"ProductReview":[],"Car":[],"Recipe":[],"Service":[],"SoftwareApplication":[],"WebPage":[]},"graphName":"","isEnabled":true},"graphs":[],"defaultGraph":"","defaultPostTypeGraph":""},"schema_type":null,"schema_type_options":null,"pillar_content":false,"robots_default":true,"robots_noindex":false,"robots_noarchive":false,"robots_nosnippet":false,"robots_nofollow":false,"robots_noimageindex":false,"robots_noodp":false,"robots_notranslate":false,"robots_max_snippet":null,"robots_max_videopreview":null,"robots_max_imagepreview":"large","priority":null,"frequency":null,"location":null,"local_seo":null,"breadcrumb_settings":null,"limit_modified_date":false,"ai":null,"created":"2021-02-01 21:28:16","updated":"2025-10-02 11:20:12","seo_analyzer_scan_date":null,"focus_keyword":null,"additional_keywords":null,"truseo_locale":null},"aioseo_breadcrumb":"<div class=\"aioseo-breadcrumbs\"><span class=\"aioseo-breadcrumb\">\n\t\t\t<a href=\"https:\/\/allasorias.hu\/hirek\" title=\"Home\">Home<\/a>\n\t\t<\/span><span class=\"aioseo-breadcrumb-separator\">&raquo;<\/span><span class=\"aioseo-breadcrumb\">\n\t\t\t<a href=\"https:\/\/allasorias.hu\/hirek\/temak\/allaskereses\/\" title=\"\u00c1ll\u00e1skeres\u00e9s\">\u00c1ll\u00e1skeres\u00e9s<\/a>\n\t\t<\/span><span class=\"aioseo-breadcrumb-separator\">&raquo;<\/span><span class=\"aioseo-breadcrumb\">\n\t\t\tSokan keresnek a minim\u00e1lb\u00e9r alatt\n\t\t<\/span><\/div>","aioseo_breadcrumb_json":[{"label":"Home","link":"https:\/\/allasorias.hu\/hirek"},{"label":"\u00c1ll\u00e1skeres\u00e9s","link":"https:\/\/allasorias.hu\/hirek\/temak\/allaskereses\/"},{"label":"Sokan keresnek a minim\u00e1lb\u00e9r alatt","link":"https:\/\/allasorias.hu\/hirek\/sokan-keresnek-a-minimalber-alatt\/"}],"_links":{"self":[{"href":"https:\/\/allasorias.hu\/hirek\/wp-json\/wp\/v2\/posts\/2913","targetHints":{"allow":["GET"]}}],"collection":[{"href":"https:\/\/allasorias.hu\/hirek\/wp-json\/wp\/v2\/posts"}],"about":[{"href":"https:\/\/allasorias.hu\/hirek\/wp-json\/wp\/v2\/types\/post"}],"author":[{"embeddable":true,"href":"https:\/\/allasorias.hu\/hirek\/wp-json\/wp\/v2\/users\/1"}],"replies":[{"embeddable":true,"href":"https:\/\/allasorias.hu\/hirek\/wp-json\/wp\/v2\/comments?post=2913"}],"version-history":[{"count":1,"href":"https:\/\/allasorias.hu\/hirek\/wp-json\/wp\/v2\/posts\/2913\/revisions"}],"predecessor-version":[{"id":2914,"href":"https:\/\/allasorias.hu\/hirek\/wp-json\/wp\/v2\/posts\/2913\/revisions\/2914"}],"wp:featuredmedia":[{"embeddable":true,"href":"https:\/\/allasorias.hu\/hirek\/wp-json\/wp\/v2\/media\/2319"}],"wp:attachment":[{"href":"https:\/\/allasorias.hu\/hirek\/wp-json\/wp\/v2\/media?parent=2913"}],"wp:term":[{"taxonomy":"category","embeddable":true,"href":"https:\/\/allasorias.hu\/hirek\/wp-json\/wp\/v2\/categories?post=2913"},{"taxonomy":"post_tag","embeddable":true,"href":"https:\/\/allasorias.hu\/hirek\/wp-json\/wp\/v2\/tags?post=2913"}],"curies":[{"name":"wp","href":"https:\/\/api.w.org\/{rel}","templated":true}]}}