{"id":2909,"date":"2019-05-20T13:28:10","date_gmt":"2019-05-20T13:28:10","guid":{"rendered":"https:\/\/allasorias.hu\/hirek\/?p=2909"},"modified":"2019-05-20T13:28:10","modified_gmt":"2019-05-20T13:28:10","slug":"szukseges-az-elethosszig-valo-tanulas","status":"publish","type":"post","link":"https:\/\/allasorias.hu\/hirek\/szukseges-az-elethosszig-valo-tanulas\/","title":{"rendered":"Sz\u00fcks\u00e9ges az \u00e9lethosszig val\u00f3 tanul\u00e1s"},"content":{"rendered":"<p><strong>Akik folyamatosan k\u00e9pzik magukat, \u00f3ri\u00e1si el\u0151nyben vannak a munkaer\u0151piacon. Azonban Magyarorsz\u00e1gon az eg\u00e9sz &#8222;life long learning&#8221;, azaz \u00e9lethosszig val\u00f3 tanul\u00e1s igencsak gyerekcip\u0151ben j\u00e1r. 2018-ban p\u00e9ld\u00e1ul a 25-64 \u00e9ves koroszt\u00e1ly csup\u00e1n hat sz\u00e1zal\u00e9ka k\u00e9pezte mag\u00e1t valamilyen m\u00f3don, mik\u00f6zben az EU-s \u00e1tlag 11,1 sz\u00e1zal\u00e9k. A szakemberek pedig &#8211; nem meglep\u0151 m\u00f3don &#8211; m\u00e1r kongatj\u00e1k a v\u00e9szharangokat. <\/strong><\/p>\n<p>Az eur\u00f3pai ET 2020 strat\u00e9giai c\u00e9lkit\u0171z\u00e9se, hogy 2020-ra az eur\u00f3pai feln\u0151tt lakoss\u00e1g legal\u00e1bb 15 sz\u00e1zal\u00e9ka legyen r\u00e9szese az eg\u00e9sz \u00e9leten \u00e1t val\u00f3 tanul\u00e1snak. Ez a kifejez\u00e9s arra utal, hogy valaki, valamilyen eg\u00e9sz \u00e9leten \u00e1t tart\u00f3 tanul\u00e1si tev\u00e9kenys\u00e9get folytat, aminek a c\u00e9lja a tud\u00e1s, a k\u00e9szs\u00e9gek \u00e9s kompetenci\u00e1k elsaj\u00e1t\u00edt\u00e1sa, tov\u00e1bbfejleszt\u00e9se. 2018-ban az EU lakoss\u00e1g\u00e1nak 11,1 sz\u00e1zal\u00e9ka v\u00e9gzett life long learninget &#8211; \u00edrja friss jelent\u00e9s\u00e9ben az Eurostat. A statisztik\u00e1kb\u00f3l ezen fel\u00fcl kider\u00fclt az is, hogy az eur\u00f3pai n\u0151k k\u00f6z\u00fcl t\u00f6bben, 12,1 sz\u00e1zal\u00e9knyian k\u00e9pzik magukat folyamatosan, m\u00edg a f\u00e9rfiak csup\u00e1n 10,1 sz\u00e1zal\u00e9ka. Az orsz\u00e1gok k\u00f6z\u00f6tti k\u00fcl\u00f6nbs\u00e9geket n\u00e9zz\u00fck, azt l\u00e1tjuk, hogy hogy a life long learningnek Sv\u00e9dorsz\u00e1gban, Finnorsz\u00e1gban \u00e9s D\u00e1ni\u00e1ban van a legnagyobb t\u00e1bora, sorrendben 29,2, 28,5 \u00e9s 23,5 sz\u00e1zal\u00e9ka a lakoss\u00e1ga vesz r\u00e9szt valamilyen tud\u00e1selsaj\u00e1t\u00edt\u00e1sban. Mindezzel szemben van \u00f6t olyan eur\u00f3pai orsz\u00e1g, ahol a teljes feln\u0151tt lakoss\u00e1g sz\u00e1m\u00e1hoz k\u00e9pest m\u00e9g az \u00f6t sz\u00e1zal\u00e9kot sem \u00e9ri el azok ar\u00e1nya, akik folytatn\u00e1nak b\u00e1rmif\u00e9le tanul\u00e1st. Az \u00f6sszes\u00edtett list\u00e1n Magyarorsz\u00e1g h\u00e1tulr\u00f3l a hetedik helyen szerepel, azaz \u00e9ppen hogy feljebb, mint az 5 sz\u00e1zal\u00e9k alatti orsz\u00e1gok csoportja. Mindez haz\u00e1nkban azt jelenti, hogy a 25-64 \u00e9ves lakoss\u00e1g mind\u00f6ssze 6 sz\u00e1zal\u00e9ka folytat olyan tev\u00e9kenys\u00e9get, melynek c\u00e9lja a tud\u00e1s, a k\u00e9szs\u00e9gek \u00e9s kompetenci\u00e1k elsaj\u00e1t\u00edt\u00e1sa, tov\u00e1bbfejleszt\u00e9se.<\/p>\n<p>A k\u00f6rnyez\u0151 orsz\u00e1gokkal \u00f6sszevetve \u00e9rdekes, hogy Szlov\u00e1ki\u00e1ban, Horv\u00e1torsz\u00e1gban \u00e9s Rom\u00e1ni\u00e1ban m\u00e9g a magyar \u00e1tlagn\u00e1l is rosszabb a helyzet, ami azt jelzi, hogy a r\u00e9gi\u00f3nk life long learning ter\u00e9n igencsak Eur\u00f3pa v\u00e9g\u00e9n kullog. Szlov\u00e9nia \u00e9s Ausztria persze kiv\u00e9tel, hiszen mindk\u00e9t orsz\u00e1gban az EU \u00e1tlag felett van a tanulm\u00e1nyokat folytat\u00f3 feln\u0151tt lakoss\u00e1g ar\u00e1nya.<\/p>\n<p>Forr\u00e1s: szakszervezetek.hu<\/p>\n<p>&nbsp;<\/p>\n","protected":false},"excerpt":{"rendered":"<p>Akik folyamatosan k\u00e9pzik magukat, \u00f3ri\u00e1si el\u0151nyben vannak a munkaer\u0151piacon. Azonban Magyarorsz\u00e1gon az eg\u00e9sz &#8222;life long learning&#8221;, azaz \u00e9lethosszig val\u00f3 tanul\u00e1s igencsak gyerekcip\u0151ben j\u00e1r. 2018-ban p\u00e9ld\u00e1ul a 25-64 \u00e9ves koroszt\u00e1ly csup\u00e1n hat sz\u00e1zal\u00e9ka k\u00e9pezte mag\u00e1t valamilyen m\u00f3don, mik\u00f6zben az EU-s \u00e1tlag 11,1 sz\u00e1zal\u00e9k. A szakemberek pedig &#8211; nem meglep\u0151 m\u00f3don &#8211; m\u00e1r kongatj\u00e1k a v\u00e9szharangokat. Az [&hellip;]<\/p>\n","protected":false},"author":1,"featured_media":2910,"comment_status":"open","ping_status":"open","sticky":false,"template":"","format":"standard","meta":{"_monsterinsights_skip_tracking":false,"footnotes":""},"categories":[1],"tags":[],"class_list":["post-2909","post","type-post","status-publish","format-standard","has-post-thumbnail","hentry","category-allaskereses"],"aioseo_notices":[],"aioseo_head":"\n\t\t<!-- All in One SEO 5.0.0.1 - aioseo.com -->\n\t<meta name=\"description\" content=\"Akik folyamatosan k\u00e9pzik magukat, \u00f3ri\u00e1si el\u0151nyben vannak a munkaer\u0151piacon. Azonban Magyarorsz\u00e1gon az eg\u00e9sz &quot;life long learning&quot;, azaz \u00e9lethosszig val\u00f3 tanul\u00e1s igencsak gyerekcip\u0151ben j\u00e1r. 2018-ban p\u00e9ld\u00e1ul a 25-64 \u00e9ves koroszt\u00e1ly csup\u00e1n hat sz\u00e1zal\u00e9ka k\u00e9pezte mag\u00e1t valamilyen m\u00f3don, mik\u00f6zben az EU-s \u00e1tlag 11,1 sz\u00e1zal\u00e9k. A szakemberek pedig - nem meglep\u0151 m\u00f3don - m\u00e1r kongatj\u00e1k a v\u00e9szharangokat. Az\" \/>\n\t<meta name=\"robots\" content=\"max-image-preview:large\" \/>\n\t<meta name=\"author\" content=\"Juh\u00e1sz P\u00e9ter\"\/>\n\t<link rel=\"canonical\" href=\"https:\/\/allasorias.hu\/hirek\/szukseges-az-elethosszig-valo-tanulas\/\" \/>\n\t<meta name=\"generator\" content=\"All in One SEO (AIOSEO) 5.0.0.1\" \/>\n\t\t<meta property=\"og:locale\" content=\"hu_HU\" \/>\n\t\t<meta property=\"og:site_name\" content=\"AllasOrias.hu | H\u00edrek-lapszemle | \u00dczleti h\u00edrek az \u00e1ll\u00e1s \u00e9s a munka vil\u00e1g\u00e1b\u00f3l\" \/>\n\t\t<meta property=\"og:type\" content=\"article\" \/>\n\t\t<meta property=\"og:title\" content=\"Sz\u00fcks\u00e9ges az \u00e9lethosszig val\u00f3 tanul\u00e1s | AllasOrias.hu | H\u00edrek-lapszemle\" \/>\n\t\t<meta property=\"og:description\" content=\"Akik folyamatosan k\u00e9pzik magukat, \u00f3ri\u00e1si el\u0151nyben vannak a munkaer\u0151piacon. Azonban Magyarorsz\u00e1gon az eg\u00e9sz &quot;life long learning&quot;, azaz \u00e9lethosszig val\u00f3 tanul\u00e1s igencsak gyerekcip\u0151ben j\u00e1r. 2018-ban p\u00e9ld\u00e1ul a 25-64 \u00e9ves koroszt\u00e1ly csup\u00e1n hat sz\u00e1zal\u00e9ka k\u00e9pezte mag\u00e1t valamilyen m\u00f3don, mik\u00f6zben az EU-s \u00e1tlag 11,1 sz\u00e1zal\u00e9k. A szakemberek pedig - nem meglep\u0151 m\u00f3don - m\u00e1r kongatj\u00e1k a v\u00e9szharangokat. Az\" \/>\n\t\t<meta property=\"og:url\" content=\"https:\/\/allasorias.hu\/hirek\/szukseges-az-elethosszig-valo-tanulas\/\" \/>\n\t\t<meta property=\"og:image\" content=\"https:\/\/allasorias.hu\/hirek\/wp-content\/uploads\/2019\/05\/books-1245690_640.jpg\" \/>\n\t\t<meta property=\"og:image:secure_url\" content=\"https:\/\/allasorias.hu\/hirek\/wp-content\/uploads\/2019\/05\/books-1245690_640.jpg\" \/>\n\t\t<meta property=\"og:image:width\" content=\"640\" \/>\n\t\t<meta property=\"og:image:height\" content=\"426\" \/>\n\t\t<meta property=\"article:published_time\" content=\"2019-05-20T13:28:10+00:00\" \/>\n\t\t<meta property=\"article:modified_time\" content=\"2019-05-20T13:28:10+00:00\" \/>\n\t\t<meta property=\"article:publisher\" content=\"https:\/\/www.facebook.com\/allasorias\" \/>\n\t\t<meta name=\"twitter:card\" content=\"summary_large_image\" \/>\n\t\t<meta name=\"twitter:title\" content=\"Sz\u00fcks\u00e9ges az \u00e9lethosszig val\u00f3 tanul\u00e1s | AllasOrias.hu | H\u00edrek-lapszemle\" \/>\n\t\t<meta name=\"twitter:description\" content=\"Akik folyamatosan k\u00e9pzik magukat, \u00f3ri\u00e1si el\u0151nyben vannak a munkaer\u0151piacon. Azonban Magyarorsz\u00e1gon az eg\u00e9sz &quot;life long learning&quot;, azaz \u00e9lethosszig val\u00f3 tanul\u00e1s igencsak gyerekcip\u0151ben j\u00e1r. 2018-ban p\u00e9ld\u00e1ul a 25-64 \u00e9ves koroszt\u00e1ly csup\u00e1n hat sz\u00e1zal\u00e9ka k\u00e9pezte mag\u00e1t valamilyen m\u00f3don, mik\u00f6zben az EU-s \u00e1tlag 11,1 sz\u00e1zal\u00e9k. A szakemberek pedig - nem meglep\u0151 m\u00f3don - m\u00e1r kongatj\u00e1k a v\u00e9szharangokat. Az\" \/>\n\t\t<meta name=\"twitter:image\" content=\"https:\/\/allasorias.hu\/hirek\/wp-content\/uploads\/2019\/05\/books-1245690_640.jpg\" \/>\n\t\t<meta name=\"twitter:label1\" content=\"Written by\" \/>\n\t\t<meta name=\"twitter:data1\" content=\"Juh\u00e1sz P\u00e9ter\" \/>\n\t\t<meta name=\"twitter:label2\" content=\"Est. reading time\" \/>\n\t\t<meta name=\"twitter:data2\" content=\"2 minutes\" \/>\n\t\t<script type=\"application\/ld+json\" class=\"aioseo-schema\">\n\t\t\t{\"@context\":\"https:\\\/\\\/schema.org\",\"@graph\":[{\"@type\":\"Article\",\"@id\":\"https:\\\/\\\/allasorias.hu\\\/hirek\\\/szukseges-az-elethosszig-valo-tanulas\\\/#article\",\"name\":\"Sz\\u00fcks\\u00e9ges az \\u00e9lethosszig val\\u00f3 tanul\\u00e1s | AllasOrias.hu | H\\u00edrek-lapszemle\",\"headline\":\"Sz\\u00fcks\\u00e9ges az \\u00e9lethosszig val\\u00f3 tanul\\u00e1s\",\"author\":{\"@id\":\"https:\\\/\\\/allasorias.hu\\\/hirek\\\/author\\\/admin-allasorias\\\/#author\"},\"publisher\":{\"@id\":\"https:\\\/\\\/allasorias.hu\\\/hirek\\\/#organization\"},\"image\":{\"@type\":\"ImageObject\",\"url\":\"https:\\\/\\\/allasorias.hu\\\/hirek\\\/wp-content\\\/uploads\\\/2019\\\/05\\\/books-1245690_640.jpg\",\"width\":640,\"height\":426},\"datePublished\":\"2019-05-20T13:28:10+02:00\",\"dateModified\":\"2019-05-20T13:28:10+02:00\",\"inLanguage\":\"hu-HU\",\"mainEntityOfPage\":{\"@id\":\"https:\\\/\\\/allasorias.hu\\\/hirek\\\/szukseges-az-elethosszig-valo-tanulas\\\/#webpage\"},\"isPartOf\":{\"@id\":\"https:\\\/\\\/allasorias.hu\\\/hirek\\\/szukseges-az-elethosszig-valo-tanulas\\\/#webpage\"},\"articleSection\":\"\\u00c1ll\\u00e1skeres\\u00e9s\"},{\"@type\":\"BreadcrumbList\",\"@id\":\"https:\\\/\\\/allasorias.hu\\\/hirek\\\/szukseges-az-elethosszig-valo-tanulas\\\/#breadcrumblist\",\"itemListElement\":[{\"@type\":\"ListItem\",\"@id\":\"https:\\\/\\\/allasorias.hu\\\/hirek#listItem\",\"position\":1,\"name\":\"Home\",\"item\":\"https:\\\/\\\/allasorias.hu\\\/hirek\",\"nextItem\":{\"@type\":\"ListItem\",\"@id\":\"https:\\\/\\\/allasorias.hu\\\/hirek\\\/temak\\\/allaskereses\\\/#listItem\",\"name\":\"\\u00c1ll\\u00e1skeres\\u00e9s\"}},{\"@type\":\"ListItem\",\"@id\":\"https:\\\/\\\/allasorias.hu\\\/hirek\\\/temak\\\/allaskereses\\\/#listItem\",\"position\":2,\"name\":\"\\u00c1ll\\u00e1skeres\\u00e9s\",\"item\":\"https:\\\/\\\/allasorias.hu\\\/hirek\\\/temak\\\/allaskereses\\\/\",\"nextItem\":{\"@type\":\"ListItem\",\"@id\":\"https:\\\/\\\/allasorias.hu\\\/hirek\\\/szukseges-az-elethosszig-valo-tanulas\\\/#listItem\",\"name\":\"Sz\\u00fcks\\u00e9ges az \\u00e9lethosszig val\\u00f3 tanul\\u00e1s\"},\"previousItem\":{\"@type\":\"ListItem\",\"@id\":\"https:\\\/\\\/allasorias.hu\\\/hirek#listItem\",\"name\":\"Home\"}},{\"@type\":\"ListItem\",\"@id\":\"https:\\\/\\\/allasorias.hu\\\/hirek\\\/szukseges-az-elethosszig-valo-tanulas\\\/#listItem\",\"position\":3,\"name\":\"Sz\\u00fcks\\u00e9ges az \\u00e9lethosszig val\\u00f3 tanul\\u00e1s\",\"previousItem\":{\"@type\":\"ListItem\",\"@id\":\"https:\\\/\\\/allasorias.hu\\\/hirek\\\/temak\\\/allaskereses\\\/#listItem\",\"name\":\"\\u00c1ll\\u00e1skeres\\u00e9s\"}}]},{\"@type\":\"Organization\",\"@id\":\"https:\\\/\\\/allasorias.hu\\\/hirek\\\/#organization\",\"name\":\"AllasOrias.hu | H\\u00edrek-lapszemle\",\"description\":\"\\u00dczleti h\\u00edrek az \\u00e1ll\\u00e1s \\u00e9s a munka vil\\u00e1g\\u00e1b\\u00f3l\",\"url\":\"https:\\\/\\\/allasorias.hu\\\/hirek\\\/\",\"logo\":{\"@type\":\"ImageObject\",\"url\":\"https:\\\/\\\/allasorias.hu\\\/hirek\\\/wp-content\\\/uploads\\\/2022\\\/10\\\/allasorias_site_facebok_logo.png\",\"@id\":\"https:\\\/\\\/allasorias.hu\\\/hirek\\\/szukseges-az-elethosszig-valo-tanulas\\\/#organizationLogo\"},\"image\":{\"@id\":\"https:\\\/\\\/allasorias.hu\\\/hirek\\\/szukseges-az-elethosszig-valo-tanulas\\\/#organizationLogo\"},\"sameAs\":[\"https:\\\/\\\/www.facebook.com\\\/allasorias\",\"https:\\\/\\\/www.linkedin.com\\\/company\\\/allasorias\"]},{\"@type\":\"Person\",\"@id\":\"https:\\\/\\\/allasorias.hu\\\/hirek\\\/author\\\/admin-allasorias\\\/#author\",\"url\":\"https:\\\/\\\/allasorias.hu\\\/hirek\\\/author\\\/admin-allasorias\\\/\",\"name\":\"Juh\\u00e1sz P\\u00e9ter\",\"image\":{\"@type\":\"ImageObject\",\"@id\":\"https:\\\/\\\/allasorias.hu\\\/hirek\\\/szukseges-az-elethosszig-valo-tanulas\\\/#authorImage\",\"url\":\"https:\\\/\\\/secure.gravatar.com\\\/avatar\\\/36e6bcb83148978b992977cb0f54d22feb0cce8a0a849a9410532bb2623ba4c6?s=96&d=mm&r=g\",\"width\":96,\"height\":96,\"caption\":\"Juh\\u00e1sz P\\u00e9ter\"}},{\"@type\":\"WebPage\",\"@id\":\"https:\\\/\\\/allasorias.hu\\\/hirek\\\/szukseges-az-elethosszig-valo-tanulas\\\/#webpage\",\"url\":\"https:\\\/\\\/allasorias.hu\\\/hirek\\\/szukseges-az-elethosszig-valo-tanulas\\\/\",\"name\":\"Sz\\u00fcks\\u00e9ges az \\u00e9lethosszig val\\u00f3 tanul\\u00e1s | AllasOrias.hu | H\\u00edrek-lapszemle\",\"description\":\"Akik folyamatosan k\\u00e9pzik magukat, \\u00f3ri\\u00e1si el\\u0151nyben vannak a munkaer\\u0151piacon. Azonban Magyarorsz\\u00e1gon az eg\\u00e9sz \\\"life long learning\\\", azaz \\u00e9lethosszig val\\u00f3 tanul\\u00e1s igencsak gyerekcip\\u0151ben j\\u00e1r. 2018-ban p\\u00e9ld\\u00e1ul a 25-64 \\u00e9ves koroszt\\u00e1ly csup\\u00e1n hat sz\\u00e1zal\\u00e9ka k\\u00e9pezte mag\\u00e1t valamilyen m\\u00f3don, mik\\u00f6zben az EU-s \\u00e1tlag 11,1 sz\\u00e1zal\\u00e9k. A szakemberek pedig - nem meglep\\u0151 m\\u00f3don - m\\u00e1r kongatj\\u00e1k a v\\u00e9szharangokat. Az\",\"inLanguage\":\"hu-HU\",\"isPartOf\":{\"@id\":\"https:\\\/\\\/allasorias.hu\\\/hirek\\\/#website\"},\"breadcrumb\":{\"@id\":\"https:\\\/\\\/allasorias.hu\\\/hirek\\\/szukseges-az-elethosszig-valo-tanulas\\\/#breadcrumblist\"},\"author\":{\"@id\":\"https:\\\/\\\/allasorias.hu\\\/hirek\\\/author\\\/admin-allasorias\\\/#author\"},\"creator\":{\"@id\":\"https:\\\/\\\/allasorias.hu\\\/hirek\\\/author\\\/admin-allasorias\\\/#author\"},\"image\":{\"@type\":\"ImageObject\",\"url\":\"https:\\\/\\\/allasorias.hu\\\/hirek\\\/wp-content\\\/uploads\\\/2019\\\/05\\\/books-1245690_640.jpg\",\"@id\":\"https:\\\/\\\/allasorias.hu\\\/hirek\\\/szukseges-az-elethosszig-valo-tanulas\\\/#mainImage\",\"width\":640,\"height\":426},\"primaryImageOfPage\":{\"@id\":\"https:\\\/\\\/allasorias.hu\\\/hirek\\\/szukseges-az-elethosszig-valo-tanulas\\\/#mainImage\"},\"datePublished\":\"2019-05-20T13:28:10+02:00\",\"dateModified\":\"2019-05-20T13:28:10+02:00\"},{\"@type\":\"WebSite\",\"@id\":\"https:\\\/\\\/allasorias.hu\\\/hirek\\\/#website\",\"url\":\"https:\\\/\\\/allasorias.hu\\\/hirek\\\/\",\"name\":\"AllasOrias.hu | H\\u00edrek-lapszemle\",\"description\":\"\\u00dczleti h\\u00edrek az \\u00e1ll\\u00e1s \\u00e9s a munka vil\\u00e1g\\u00e1b\\u00f3l\",\"inLanguage\":\"hu-HU\",\"publisher\":{\"@id\":\"https:\\\/\\\/allasorias.hu\\\/hirek\\\/#organization\"}}]}\n\t\t<\/script>\n\t\t<!-- All in One SEO -->\n\n","aioseo_head_json":{"title":"Sz\u00fcks\u00e9ges az \u00e9lethosszig val\u00f3 tanul\u00e1s | AllasOrias.hu | H\u00edrek-lapszemle","description":"Akik folyamatosan k\u00e9pzik magukat, \u00f3ri\u00e1si el\u0151nyben vannak a munkaer\u0151piacon. Azonban Magyarorsz\u00e1gon az eg\u00e9sz \"life long learning\", azaz \u00e9lethosszig val\u00f3 tanul\u00e1s igencsak gyerekcip\u0151ben j\u00e1r. 2018-ban p\u00e9ld\u00e1ul a 25-64 \u00e9ves koroszt\u00e1ly csup\u00e1n hat sz\u00e1zal\u00e9ka k\u00e9pezte mag\u00e1t valamilyen m\u00f3don, mik\u00f6zben az EU-s \u00e1tlag 11,1 sz\u00e1zal\u00e9k. A szakemberek pedig - nem meglep\u0151 m\u00f3don - m\u00e1r kongatj\u00e1k a v\u00e9szharangokat. Az","canonical_url":"https:\/\/allasorias.hu\/hirek\/szukseges-az-elethosszig-valo-tanulas\/","robots":"max-image-preview:large","keywords":"","webmasterTools":{"miscellaneous":""},"schema":{"@context":"https:\/\/schema.org","@graph":[{"@type":"Article","@id":"https:\/\/allasorias.hu\/hirek\/szukseges-az-elethosszig-valo-tanulas\/#article","name":"Sz\u00fcks\u00e9ges az \u00e9lethosszig val\u00f3 tanul\u00e1s | AllasOrias.hu | H\u00edrek-lapszemle","headline":"Sz\u00fcks\u00e9ges az \u00e9lethosszig val\u00f3 tanul\u00e1s","author":{"@id":"https:\/\/allasorias.hu\/hirek\/author\/admin-allasorias\/#author"},"publisher":{"@id":"https:\/\/allasorias.hu\/hirek\/#organization"},"image":{"@type":"ImageObject","url":"https:\/\/allasorias.hu\/hirek\/wp-content\/uploads\/2019\/05\/books-1245690_640.jpg","width":640,"height":426},"datePublished":"2019-05-20T13:28:10+02:00","dateModified":"2019-05-20T13:28:10+02:00","inLanguage":"hu-HU","mainEntityOfPage":{"@id":"https:\/\/allasorias.hu\/hirek\/szukseges-az-elethosszig-valo-tanulas\/#webpage"},"isPartOf":{"@id":"https:\/\/allasorias.hu\/hirek\/szukseges-az-elethosszig-valo-tanulas\/#webpage"},"articleSection":"\u00c1ll\u00e1skeres\u00e9s"},{"@type":"BreadcrumbList","@id":"https:\/\/allasorias.hu\/hirek\/szukseges-az-elethosszig-valo-tanulas\/#breadcrumblist","itemListElement":[{"@type":"ListItem","@id":"https:\/\/allasorias.hu\/hirek#listItem","position":1,"name":"Home","item":"https:\/\/allasorias.hu\/hirek","nextItem":{"@type":"ListItem","@id":"https:\/\/allasorias.hu\/hirek\/temak\/allaskereses\/#listItem","name":"\u00c1ll\u00e1skeres\u00e9s"}},{"@type":"ListItem","@id":"https:\/\/allasorias.hu\/hirek\/temak\/allaskereses\/#listItem","position":2,"name":"\u00c1ll\u00e1skeres\u00e9s","item":"https:\/\/allasorias.hu\/hirek\/temak\/allaskereses\/","nextItem":{"@type":"ListItem","@id":"https:\/\/allasorias.hu\/hirek\/szukseges-az-elethosszig-valo-tanulas\/#listItem","name":"Sz\u00fcks\u00e9ges az \u00e9lethosszig val\u00f3 tanul\u00e1s"},"previousItem":{"@type":"ListItem","@id":"https:\/\/allasorias.hu\/hirek#listItem","name":"Home"}},{"@type":"ListItem","@id":"https:\/\/allasorias.hu\/hirek\/szukseges-az-elethosszig-valo-tanulas\/#listItem","position":3,"name":"Sz\u00fcks\u00e9ges az \u00e9lethosszig val\u00f3 tanul\u00e1s","previousItem":{"@type":"ListItem","@id":"https:\/\/allasorias.hu\/hirek\/temak\/allaskereses\/#listItem","name":"\u00c1ll\u00e1skeres\u00e9s"}}]},{"@type":"Organization","@id":"https:\/\/allasorias.hu\/hirek\/#organization","name":"AllasOrias.hu | H\u00edrek-lapszemle","description":"\u00dczleti h\u00edrek az \u00e1ll\u00e1s \u00e9s a munka vil\u00e1g\u00e1b\u00f3l","url":"https:\/\/allasorias.hu\/hirek\/","logo":{"@type":"ImageObject","url":"https:\/\/allasorias.hu\/hirek\/wp-content\/uploads\/2022\/10\/allasorias_site_facebok_logo.png","@id":"https:\/\/allasorias.hu\/hirek\/szukseges-az-elethosszig-valo-tanulas\/#organizationLogo"},"image":{"@id":"https:\/\/allasorias.hu\/hirek\/szukseges-az-elethosszig-valo-tanulas\/#organizationLogo"},"sameAs":["https:\/\/www.facebook.com\/allasorias","https:\/\/www.linkedin.com\/company\/allasorias"]},{"@type":"Person","@id":"https:\/\/allasorias.hu\/hirek\/author\/admin-allasorias\/#author","url":"https:\/\/allasorias.hu\/hirek\/author\/admin-allasorias\/","name":"Juh\u00e1sz P\u00e9ter","image":{"@type":"ImageObject","@id":"https:\/\/allasorias.hu\/hirek\/szukseges-az-elethosszig-valo-tanulas\/#authorImage","url":"https:\/\/secure.gravatar.com\/avatar\/36e6bcb83148978b992977cb0f54d22feb0cce8a0a849a9410532bb2623ba4c6?s=96&d=mm&r=g","width":96,"height":96,"caption":"Juh\u00e1sz P\u00e9ter"}},{"@type":"WebPage","@id":"https:\/\/allasorias.hu\/hirek\/szukseges-az-elethosszig-valo-tanulas\/#webpage","url":"https:\/\/allasorias.hu\/hirek\/szukseges-az-elethosszig-valo-tanulas\/","name":"Sz\u00fcks\u00e9ges az \u00e9lethosszig val\u00f3 tanul\u00e1s | AllasOrias.hu | H\u00edrek-lapszemle","description":"Akik folyamatosan k\u00e9pzik magukat, \u00f3ri\u00e1si el\u0151nyben vannak a munkaer\u0151piacon. Azonban Magyarorsz\u00e1gon az eg\u00e9sz \"life long learning\", azaz \u00e9lethosszig val\u00f3 tanul\u00e1s igencsak gyerekcip\u0151ben j\u00e1r. 2018-ban p\u00e9ld\u00e1ul a 25-64 \u00e9ves koroszt\u00e1ly csup\u00e1n hat sz\u00e1zal\u00e9ka k\u00e9pezte mag\u00e1t valamilyen m\u00f3don, mik\u00f6zben az EU-s \u00e1tlag 11,1 sz\u00e1zal\u00e9k. A szakemberek pedig - nem meglep\u0151 m\u00f3don - m\u00e1r kongatj\u00e1k a v\u00e9szharangokat. Az","inLanguage":"hu-HU","isPartOf":{"@id":"https:\/\/allasorias.hu\/hirek\/#website"},"breadcrumb":{"@id":"https:\/\/allasorias.hu\/hirek\/szukseges-az-elethosszig-valo-tanulas\/#breadcrumblist"},"author":{"@id":"https:\/\/allasorias.hu\/hirek\/author\/admin-allasorias\/#author"},"creator":{"@id":"https:\/\/allasorias.hu\/hirek\/author\/admin-allasorias\/#author"},"image":{"@type":"ImageObject","url":"https:\/\/allasorias.hu\/hirek\/wp-content\/uploads\/2019\/05\/books-1245690_640.jpg","@id":"https:\/\/allasorias.hu\/hirek\/szukseges-az-elethosszig-valo-tanulas\/#mainImage","width":640,"height":426},"primaryImageOfPage":{"@id":"https:\/\/allasorias.hu\/hirek\/szukseges-az-elethosszig-valo-tanulas\/#mainImage"},"datePublished":"2019-05-20T13:28:10+02:00","dateModified":"2019-05-20T13:28:10+02:00"},{"@type":"WebSite","@id":"https:\/\/allasorias.hu\/hirek\/#website","url":"https:\/\/allasorias.hu\/hirek\/","name":"AllasOrias.hu | H\u00edrek-lapszemle","description":"\u00dczleti h\u00edrek az \u00e1ll\u00e1s \u00e9s a munka vil\u00e1g\u00e1b\u00f3l","inLanguage":"hu-HU","publisher":{"@id":"https:\/\/allasorias.hu\/hirek\/#organization"}}]},"og:locale":"hu_HU","og:site_name":"AllasOrias.hu | H\u00edrek-lapszemle | \u00dczleti h\u00edrek az \u00e1ll\u00e1s \u00e9s a munka vil\u00e1g\u00e1b\u00f3l","og:type":"article","og:title":"Sz\u00fcks\u00e9ges az \u00e9lethosszig val\u00f3 tanul\u00e1s | AllasOrias.hu | H\u00edrek-lapszemle","og:description":"Akik folyamatosan k\u00e9pzik magukat, \u00f3ri\u00e1si el\u0151nyben vannak a munkaer\u0151piacon. Azonban Magyarorsz\u00e1gon az eg\u00e9sz &quot;life long learning&quot;, azaz \u00e9lethosszig val\u00f3 tanul\u00e1s igencsak gyerekcip\u0151ben j\u00e1r. 2018-ban p\u00e9ld\u00e1ul a 25-64 \u00e9ves koroszt\u00e1ly csup\u00e1n hat sz\u00e1zal\u00e9ka k\u00e9pezte mag\u00e1t valamilyen m\u00f3don, mik\u00f6zben az EU-s \u00e1tlag 11,1 sz\u00e1zal\u00e9k. A szakemberek pedig - nem meglep\u0151 m\u00f3don - m\u00e1r kongatj\u00e1k a v\u00e9szharangokat. Az","og:url":"https:\/\/allasorias.hu\/hirek\/szukseges-az-elethosszig-valo-tanulas\/","og:image":"https:\/\/allasorias.hu\/hirek\/wp-content\/uploads\/2019\/05\/books-1245690_640.jpg","og:image:secure_url":"https:\/\/allasorias.hu\/hirek\/wp-content\/uploads\/2019\/05\/books-1245690_640.jpg","og:image:width":640,"og:image:height":426,"article:published_time":"2019-05-20T13:28:10+00:00","article:modified_time":"2019-05-20T13:28:10+00:00","article:publisher":"https:\/\/www.facebook.com\/allasorias","twitter:card":"summary_large_image","twitter:title":"Sz\u00fcks\u00e9ges az \u00e9lethosszig val\u00f3 tanul\u00e1s | AllasOrias.hu | H\u00edrek-lapszemle","twitter:description":"Akik folyamatosan k\u00e9pzik magukat, \u00f3ri\u00e1si el\u0151nyben vannak a munkaer\u0151piacon. Azonban Magyarorsz\u00e1gon az eg\u00e9sz &quot;life long learning&quot;, azaz \u00e9lethosszig val\u00f3 tanul\u00e1s igencsak gyerekcip\u0151ben j\u00e1r. 2018-ban p\u00e9ld\u00e1ul a 25-64 \u00e9ves koroszt\u00e1ly csup\u00e1n hat sz\u00e1zal\u00e9ka k\u00e9pezte mag\u00e1t valamilyen m\u00f3don, mik\u00f6zben az EU-s \u00e1tlag 11,1 sz\u00e1zal\u00e9k. A szakemberek pedig - nem meglep\u0151 m\u00f3don - m\u00e1r kongatj\u00e1k a v\u00e9szharangokat. Az","twitter:image":"https:\/\/allasorias.hu\/hirek\/wp-content\/uploads\/2019\/05\/books-1245690_640.jpg","twitter:label1":"Written by","twitter:data1":"Juh\u00e1sz P\u00e9ter","twitter:label2":"Est. reading time","twitter:data2":"2 minutes"},"aioseo_meta_data":{"post_id":"2909","title":null,"description":null,"keywords":null,"keyphrases":null,"primary_term":null,"canonical_url":null,"og_title":null,"og_description":null,"og_object_type":"default","og_image_type":"default","og_image_url":null,"og_image_width":null,"og_image_height":null,"og_image_custom_url":null,"og_image_custom_fields":null,"og_video":null,"og_custom_url":null,"og_article_section":null,"og_article_tags":null,"twitter_use_og":false,"twitter_card":"default","twitter_image_type":"default","twitter_image_url":null,"twitter_image_custom_url":null,"twitter_image_custom_fields":null,"twitter_title":null,"twitter_description":null,"schema":{"blockGraphs":[],"customGraphs":[],"default":{"data":{"Article":[],"Course":[],"Dataset":[],"FAQPage":[],"Movie":[],"Person":[],"Product":[],"ProductReview":[],"Car":[],"Recipe":[],"Service":[],"SoftwareApplication":[],"WebPage":[]},"graphName":"","isEnabled":true},"graphs":[]},"schema_type":null,"schema_type_options":null,"pillar_content":false,"robots_default":true,"robots_noindex":false,"robots_noarchive":false,"robots_nosnippet":false,"robots_nofollow":false,"robots_noimageindex":false,"robots_noodp":false,"robots_notranslate":false,"robots_max_snippet":null,"robots_max_videopreview":null,"robots_max_imagepreview":"large","priority":null,"frequency":null,"location":null,"local_seo":null,"breadcrumb_settings":null,"limit_modified_date":false,"ai":null,"created":"2021-02-01 21:28:16","updated":"2025-10-02 11:20:12","seo_analyzer_scan_date":null,"focus_keyword":null,"additional_keywords":null,"truseo_locale":null},"aioseo_breadcrumb":"<div class=\"aioseo-breadcrumbs\"><span class=\"aioseo-breadcrumb\">\n\t\t\t<a href=\"https:\/\/allasorias.hu\/hirek\" title=\"Home\">Home<\/a>\n\t\t<\/span><span class=\"aioseo-breadcrumb-separator\">&raquo;<\/span><span class=\"aioseo-breadcrumb\">\n\t\t\t<a href=\"https:\/\/allasorias.hu\/hirek\/temak\/allaskereses\/\" title=\"\u00c1ll\u00e1skeres\u00e9s\">\u00c1ll\u00e1skeres\u00e9s<\/a>\n\t\t<\/span><span class=\"aioseo-breadcrumb-separator\">&raquo;<\/span><span class=\"aioseo-breadcrumb\">\n\t\t\tSz\u00fcks\u00e9ges az \u00e9lethosszig val\u00f3 tanul\u00e1s\n\t\t<\/span><\/div>","aioseo_breadcrumb_json":[{"label":"Home","link":"https:\/\/allasorias.hu\/hirek"},{"label":"\u00c1ll\u00e1skeres\u00e9s","link":"https:\/\/allasorias.hu\/hirek\/temak\/allaskereses\/"},{"label":"Sz\u00fcks\u00e9ges az \u00e9lethosszig val\u00f3 tanul\u00e1s","link":"https:\/\/allasorias.hu\/hirek\/szukseges-az-elethosszig-valo-tanulas\/"}],"_links":{"self":[{"href":"https:\/\/allasorias.hu\/hirek\/wp-json\/wp\/v2\/posts\/2909","targetHints":{"allow":["GET"]}}],"collection":[{"href":"https:\/\/allasorias.hu\/hirek\/wp-json\/wp\/v2\/posts"}],"about":[{"href":"https:\/\/allasorias.hu\/hirek\/wp-json\/wp\/v2\/types\/post"}],"author":[{"embeddable":true,"href":"https:\/\/allasorias.hu\/hirek\/wp-json\/wp\/v2\/users\/1"}],"replies":[{"embeddable":true,"href":"https:\/\/allasorias.hu\/hirek\/wp-json\/wp\/v2\/comments?post=2909"}],"version-history":[{"count":1,"href":"https:\/\/allasorias.hu\/hirek\/wp-json\/wp\/v2\/posts\/2909\/revisions"}],"predecessor-version":[{"id":2911,"href":"https:\/\/allasorias.hu\/hirek\/wp-json\/wp\/v2\/posts\/2909\/revisions\/2911"}],"wp:featuredmedia":[{"embeddable":true,"href":"https:\/\/allasorias.hu\/hirek\/wp-json\/wp\/v2\/media\/2910"}],"wp:attachment":[{"href":"https:\/\/allasorias.hu\/hirek\/wp-json\/wp\/v2\/media?parent=2909"}],"wp:term":[{"taxonomy":"category","embeddable":true,"href":"https:\/\/allasorias.hu\/hirek\/wp-json\/wp\/v2\/categories?post=2909"},{"taxonomy":"post_tag","embeddable":true,"href":"https:\/\/allasorias.hu\/hirek\/wp-json\/wp\/v2\/tags?post=2909"}],"curies":[{"name":"wp","href":"https:\/\/api.w.org\/{rel}","templated":true}]}}