{"id":2906,"date":"2019-05-20T13:19:18","date_gmt":"2019-05-20T13:19:18","guid":{"rendered":"https:\/\/allasorias.hu\/hirek\/?p=2906"},"modified":"2019-05-20T13:19:18","modified_gmt":"2019-05-20T13:19:18","slug":"hivjuk-a-torokoket","status":"publish","type":"post","link":"https:\/\/allasorias.hu\/hirek\/hivjuk-a-torokoket\/","title":{"rendered":"H\u00edvjuk a t\u00f6r\u00f6k\u00f6ket"},"content":{"rendered":"<p><strong>Ma m\u00e1r nincs olcs\u00f3 munkaer\u0151, k\u00fcl\u00f6n\u00f6sen Magyarorsz\u00e1gon. A feszes munkaer\u0151piac mindennapos fejt\u00f6r\u00e9st okoz a v\u00e1llalatoknak mikro szinten \u00e9s korl\u00e1tozza a gazdas\u00e1gi n\u00f6veked\u00e9s\u00fcnket makro szinten. Igaz ez haz\u00e1nkra \u00e9s K\u00f6zel-Kelet-Eur\u00f3p\u00e1ra, de m\u00e1r egyre ink\u00e1bb Nyugat-Eur\u00f3p\u00e1ra is.<\/strong><\/p>\n<p>T\u00f6r\u00f6korsz\u00e1g viszont komoly gazdas\u00e1gi kr\u00edzis id\u0151szak\u00e1t \u00e9li, az elm\u00falt \u00e9vtized er\u0151teljes devizaalap\u00fa hitelboomj\u00e1val t\u00e1mogatott \u00e9s t\u00falf\u0171t\u00f6tt gazdas\u00e1gi n\u00f6veked\u00e9s tavaly v\u00e9get \u00e9rt. \u00d6sszeomlott a l\u00edra, egekbe sz\u00f6k\u00f6tt a doll\u00e1ros hitelek l\u00edr\u00e1ban sz\u00e1molt \u00e9rt\u00e9ke, a bankok visszafogt\u00e1k a hitelez\u00e9st, a c\u00e9gek visszafogt\u00e1k a beruh\u00e1z\u00e1sokat, a lakoss\u00e1g pedig a fogyaszt\u00e1st. Mindezt m\u00e9g f\u0171szerezte Erdogan unortodox v\u00e1ls\u00e1gkezel\u00e9se, ami nem j\u00f6tt be \u00e9s b\u00e1r visszakozott, de oltani nem tudta a t\u00fczet, csak csillap\u00edtani. A f\u00e1jdalmas \u00e9s elker\u00fclhetetlen b\u00f6jt pedig megkezd\u0151d\u00f6tt. Az orsz\u00e1g recesszi\u00f3ba s\u00fcllyedt, a munkan\u00e9lk\u00fclis\u00e9g pedig megugrott. A verseny a munkav\u00e1llal\u00f3ik\u00e9rt pedig beindult. K\u00f6zel f\u00e9l \u00e9vezreddel ezel\u0151tt nem \u00f6r\u00fclt\u00fcnk nekik, most viszont h\u00edvjuk a t\u00f6r\u00f6k\u00f6ket. Nem csak mi, hanem m\u00e1sok is. A MOL m\u00e1r megtette, b\u00e1r hivatalosan csak annyit k\u00f6z\u00f6ltek, hogy 3000 vend\u00e9gmunk\u00e1s \u00e9rkezik a tisza\u00fajv\u00e1rosi poliol beruh\u00e1z\u00e1shoz, de meg nem nevezett forr\u00e1sok szerint t\u00f6bbs\u00e9g\u00e9ben EU-n k\u00edv\u00fcli, t\u00f6r\u00f6k vend\u00e9gmunk\u00e1sokr\u00f3l van sz\u00f3. Hiszen csak az \u00e9p\u00edt\u0151ipari munk\u00e1sok sz\u00e1ma 600 000 f\u0151vel 2-r\u0151l 1,4 milli\u00f3 f\u0151re cs\u00f6kkent 1 \u00e9v alatt T\u00f6r\u00f6korsz\u00e1gban. M\u00e1s, ciklikus szektorokban is sokan ker\u00fcltek utc\u00e1ra. Pont azokban, melyekben t\u00e9rs\u00e9g\u00fcnkben hi\u00e1ny van. J\u00f6hetnek \u00e9p\u00edt\u0151munk\u00e1sok, kamionsof\u0151r\u00f6k, feldolgoz\u00f3 ipari munk\u00e1sok, szak\u00e1csok, gyros \u00e1rusok. Ha a nyelv nem akad\u00e1ly \u00e9s haz\u00e1nk nem lehetetlen\u00edti el a t\u00f6r\u00f6k\u00f6k munkav\u00e1llal\u00e1s\u00e1t, j\u00f6nni is fognak.<\/p>\n<p>Forr\u00e1s: alapblog.hu<\/p>\n","protected":false},"excerpt":{"rendered":"<p>Ma m\u00e1r nincs olcs\u00f3 munkaer\u0151, k\u00fcl\u00f6n\u00f6sen Magyarorsz\u00e1gon. A feszes munkaer\u0151piac mindennapos fejt\u00f6r\u00e9st okoz a v\u00e1llalatoknak mikro szinten \u00e9s korl\u00e1tozza a gazdas\u00e1gi n\u00f6veked\u00e9s\u00fcnket makro szinten. Igaz ez haz\u00e1nkra \u00e9s K\u00f6zel-Kelet-Eur\u00f3p\u00e1ra, de m\u00e1r egyre ink\u00e1bb Nyugat-Eur\u00f3p\u00e1ra is. T\u00f6r\u00f6korsz\u00e1g viszont komoly gazdas\u00e1gi kr\u00edzis id\u0151szak\u00e1t \u00e9li, az elm\u00falt \u00e9vtized er\u0151teljes devizaalap\u00fa hitelboomj\u00e1val t\u00e1mogatott \u00e9s t\u00falf\u0171t\u00f6tt gazdas\u00e1gi n\u00f6veked\u00e9s tavaly v\u00e9get [&hellip;]<\/p>\n","protected":false},"author":1,"featured_media":2907,"comment_status":"open","ping_status":"open","sticky":false,"template":"","format":"standard","meta":{"_monsterinsights_skip_tracking":false,"footnotes":""},"categories":[1,200],"tags":[],"class_list":["post-2906","post","type-post","status-publish","format-standard","has-post-thumbnail","hentry","category-allaskereses","category-munkaeropiac"],"aioseo_notices":[],"aioseo_head":"\n\t\t<!-- All in One SEO 5.0.0.1 - aioseo.com -->\n\t<meta name=\"description\" content=\"Ma m\u00e1r nincs olcs\u00f3 munkaer\u0151, k\u00fcl\u00f6n\u00f6sen Magyarorsz\u00e1gon. A feszes munkaer\u0151piac mindennapos fejt\u00f6r\u00e9st okoz a v\u00e1llalatoknak mikro szinten \u00e9s korl\u00e1tozza a gazdas\u00e1gi n\u00f6veked\u00e9s\u00fcnket makro szinten. Igaz ez haz\u00e1nkra \u00e9s K\u00f6zel-Kelet-Eur\u00f3p\u00e1ra, de m\u00e1r egyre ink\u00e1bb Nyugat-Eur\u00f3p\u00e1ra is. T\u00f6r\u00f6korsz\u00e1g viszont komoly gazdas\u00e1gi kr\u00edzis id\u0151szak\u00e1t \u00e9li, az elm\u00falt \u00e9vtized er\u0151teljes devizaalap\u00fa hitelboomj\u00e1val t\u00e1mogatott \u00e9s t\u00falf\u0171t\u00f6tt gazdas\u00e1gi n\u00f6veked\u00e9s tavaly v\u00e9get\" \/>\n\t<meta name=\"robots\" content=\"max-image-preview:large\" \/>\n\t<meta name=\"author\" content=\"Juh\u00e1sz P\u00e9ter\"\/>\n\t<link rel=\"canonical\" href=\"https:\/\/allasorias.hu\/hirek\/hivjuk-a-torokoket\/\" \/>\n\t<meta name=\"generator\" content=\"All in One SEO (AIOSEO) 5.0.0.1\" \/>\n\t\t<meta property=\"og:locale\" content=\"hu_HU\" \/>\n\t\t<meta property=\"og:site_name\" content=\"AllasOrias.hu | H\u00edrek-lapszemle | \u00dczleti h\u00edrek az \u00e1ll\u00e1s \u00e9s a munka vil\u00e1g\u00e1b\u00f3l\" \/>\n\t\t<meta property=\"og:type\" content=\"article\" \/>\n\t\t<meta property=\"og:title\" content=\"H\u00edvjuk a t\u00f6r\u00f6k\u00f6ket | AllasOrias.hu | H\u00edrek-lapszemle\" \/>\n\t\t<meta property=\"og:description\" content=\"Ma m\u00e1r nincs olcs\u00f3 munkaer\u0151, k\u00fcl\u00f6n\u00f6sen Magyarorsz\u00e1gon. A feszes munkaer\u0151piac mindennapos fejt\u00f6r\u00e9st okoz a v\u00e1llalatoknak mikro szinten \u00e9s korl\u00e1tozza a gazdas\u00e1gi n\u00f6veked\u00e9s\u00fcnket makro szinten. Igaz ez haz\u00e1nkra \u00e9s K\u00f6zel-Kelet-Eur\u00f3p\u00e1ra, de m\u00e1r egyre ink\u00e1bb Nyugat-Eur\u00f3p\u00e1ra is. T\u00f6r\u00f6korsz\u00e1g viszont komoly gazdas\u00e1gi kr\u00edzis id\u0151szak\u00e1t \u00e9li, az elm\u00falt \u00e9vtized er\u0151teljes devizaalap\u00fa hitelboomj\u00e1val t\u00e1mogatott \u00e9s t\u00falf\u0171t\u00f6tt gazdas\u00e1gi n\u00f6veked\u00e9s tavaly v\u00e9get\" \/>\n\t\t<meta property=\"og:url\" content=\"https:\/\/allasorias.hu\/hirek\/hivjuk-a-torokoket\/\" \/>\n\t\t<meta property=\"og:image\" content=\"https:\/\/allasorias.hu\/hirek\/wp-content\/uploads\/2019\/05\/10601879246_34d4355ccc_b.jpg\" \/>\n\t\t<meta property=\"og:image:secure_url\" content=\"https:\/\/allasorias.hu\/hirek\/wp-content\/uploads\/2019\/05\/10601879246_34d4355ccc_b.jpg\" \/>\n\t\t<meta property=\"og:image:width\" content=\"1024\" \/>\n\t\t<meta property=\"og:image:height\" content=\"683\" \/>\n\t\t<meta property=\"article:published_time\" content=\"2019-05-20T13:19:18+00:00\" \/>\n\t\t<meta property=\"article:modified_time\" content=\"2019-05-20T13:19:18+00:00\" \/>\n\t\t<meta property=\"article:publisher\" content=\"https:\/\/www.facebook.com\/allasorias\" \/>\n\t\t<meta name=\"twitter:card\" content=\"summary_large_image\" \/>\n\t\t<meta name=\"twitter:title\" content=\"H\u00edvjuk a t\u00f6r\u00f6k\u00f6ket | AllasOrias.hu | H\u00edrek-lapszemle\" \/>\n\t\t<meta name=\"twitter:description\" content=\"Ma m\u00e1r nincs olcs\u00f3 munkaer\u0151, k\u00fcl\u00f6n\u00f6sen Magyarorsz\u00e1gon. A feszes munkaer\u0151piac mindennapos fejt\u00f6r\u00e9st okoz a v\u00e1llalatoknak mikro szinten \u00e9s korl\u00e1tozza a gazdas\u00e1gi n\u00f6veked\u00e9s\u00fcnket makro szinten. Igaz ez haz\u00e1nkra \u00e9s K\u00f6zel-Kelet-Eur\u00f3p\u00e1ra, de m\u00e1r egyre ink\u00e1bb Nyugat-Eur\u00f3p\u00e1ra is. T\u00f6r\u00f6korsz\u00e1g viszont komoly gazdas\u00e1gi kr\u00edzis id\u0151szak\u00e1t \u00e9li, az elm\u00falt \u00e9vtized er\u0151teljes devizaalap\u00fa hitelboomj\u00e1val t\u00e1mogatott \u00e9s t\u00falf\u0171t\u00f6tt gazdas\u00e1gi n\u00f6veked\u00e9s tavaly v\u00e9get\" \/>\n\t\t<meta name=\"twitter:image\" content=\"https:\/\/allasorias.hu\/hirek\/wp-content\/uploads\/2019\/05\/10601879246_34d4355ccc_b.jpg\" \/>\n\t\t<meta name=\"twitter:label1\" content=\"Written by\" \/>\n\t\t<meta name=\"twitter:data1\" content=\"Juh\u00e1sz P\u00e9ter\" \/>\n\t\t<meta name=\"twitter:label2\" content=\"Est. reading time\" \/>\n\t\t<meta name=\"twitter:data2\" content=\"2 minutes\" \/>\n\t\t<script type=\"application\/ld+json\" class=\"aioseo-schema\">\n\t\t\t{\"@context\":\"https:\\\/\\\/schema.org\",\"@graph\":[{\"@type\":\"Article\",\"@id\":\"https:\\\/\\\/allasorias.hu\\\/hirek\\\/hivjuk-a-torokoket\\\/#article\",\"name\":\"H\\u00edvjuk a t\\u00f6r\\u00f6k\\u00f6ket | AllasOrias.hu | H\\u00edrek-lapszemle\",\"headline\":\"H\\u00edvjuk a t\\u00f6r\\u00f6k\\u00f6ket\",\"author\":{\"@id\":\"https:\\\/\\\/allasorias.hu\\\/hirek\\\/author\\\/admin-allasorias\\\/#author\"},\"publisher\":{\"@id\":\"https:\\\/\\\/allasorias.hu\\\/hirek\\\/#organization\"},\"image\":{\"@type\":\"ImageObject\",\"url\":\"https:\\\/\\\/allasorias.hu\\\/hirek\\\/wp-content\\\/uploads\\\/2019\\\/05\\\/10601879246_34d4355ccc_b.jpg\",\"width\":1024,\"height\":683,\"caption\":\"Project engineer Orkun Dincer and EMTA Construction contractors discuss progress Oct. 2 at the site for the new Consolidated Community Center on Incirlik Air Base, Turkey. The facility will bring together several base agencies and activities under one roof, including the Community Activity Center, base theater, Education Center and base library. When finished, it\\u00d5ll consist of a two-story masonry building with reinforced concrete foundations, concrete floor slab, structural frame and a pitched roof. The theater is set to have a 350-seat capacity, while a new parking lot will be paved with about 100 spaces. The $9.2 million construction project is being managed by the TUSEG Resident Office, which has a scheduled completion date of January 2015. (U.S. Army Corps of Engineers photo by Mark Nedzbala)\"},\"datePublished\":\"2019-05-20T13:19:18+02:00\",\"dateModified\":\"2019-05-20T13:19:18+02:00\",\"inLanguage\":\"hu-HU\",\"mainEntityOfPage\":{\"@id\":\"https:\\\/\\\/allasorias.hu\\\/hirek\\\/hivjuk-a-torokoket\\\/#webpage\"},\"isPartOf\":{\"@id\":\"https:\\\/\\\/allasorias.hu\\\/hirek\\\/hivjuk-a-torokoket\\\/#webpage\"},\"articleSection\":\"\\u00c1ll\\u00e1skeres\\u00e9s, Munkaer\\u0151piac\"},{\"@type\":\"BreadcrumbList\",\"@id\":\"https:\\\/\\\/allasorias.hu\\\/hirek\\\/hivjuk-a-torokoket\\\/#breadcrumblist\",\"itemListElement\":[{\"@type\":\"ListItem\",\"@id\":\"https:\\\/\\\/allasorias.hu\\\/hirek#listItem\",\"position\":1,\"name\":\"Home\",\"item\":\"https:\\\/\\\/allasorias.hu\\\/hirek\",\"nextItem\":{\"@type\":\"ListItem\",\"@id\":\"https:\\\/\\\/allasorias.hu\\\/hirek\\\/temak\\\/allaskereses\\\/#listItem\",\"name\":\"\\u00c1ll\\u00e1skeres\\u00e9s\"}},{\"@type\":\"ListItem\",\"@id\":\"https:\\\/\\\/allasorias.hu\\\/hirek\\\/temak\\\/allaskereses\\\/#listItem\",\"position\":2,\"name\":\"\\u00c1ll\\u00e1skeres\\u00e9s\",\"item\":\"https:\\\/\\\/allasorias.hu\\\/hirek\\\/temak\\\/allaskereses\\\/\",\"nextItem\":{\"@type\":\"ListItem\",\"@id\":\"https:\\\/\\\/allasorias.hu\\\/hirek\\\/hivjuk-a-torokoket\\\/#listItem\",\"name\":\"H\\u00edvjuk a t\\u00f6r\\u00f6k\\u00f6ket\"},\"previousItem\":{\"@type\":\"ListItem\",\"@id\":\"https:\\\/\\\/allasorias.hu\\\/hirek#listItem\",\"name\":\"Home\"}},{\"@type\":\"ListItem\",\"@id\":\"https:\\\/\\\/allasorias.hu\\\/hirek\\\/hivjuk-a-torokoket\\\/#listItem\",\"position\":3,\"name\":\"H\\u00edvjuk a t\\u00f6r\\u00f6k\\u00f6ket\",\"previousItem\":{\"@type\":\"ListItem\",\"@id\":\"https:\\\/\\\/allasorias.hu\\\/hirek\\\/temak\\\/allaskereses\\\/#listItem\",\"name\":\"\\u00c1ll\\u00e1skeres\\u00e9s\"}}]},{\"@type\":\"Organization\",\"@id\":\"https:\\\/\\\/allasorias.hu\\\/hirek\\\/#organization\",\"name\":\"AllasOrias.hu | H\\u00edrek-lapszemle\",\"description\":\"\\u00dczleti h\\u00edrek az \\u00e1ll\\u00e1s \\u00e9s a munka vil\\u00e1g\\u00e1b\\u00f3l\",\"url\":\"https:\\\/\\\/allasorias.hu\\\/hirek\\\/\",\"logo\":{\"@type\":\"ImageObject\",\"url\":\"https:\\\/\\\/allasorias.hu\\\/hirek\\\/wp-content\\\/uploads\\\/2022\\\/10\\\/allasorias_site_facebok_logo.png\",\"@id\":\"https:\\\/\\\/allasorias.hu\\\/hirek\\\/hivjuk-a-torokoket\\\/#organizationLogo\"},\"image\":{\"@id\":\"https:\\\/\\\/allasorias.hu\\\/hirek\\\/hivjuk-a-torokoket\\\/#organizationLogo\"},\"sameAs\":[\"https:\\\/\\\/www.facebook.com\\\/allasorias\",\"https:\\\/\\\/www.linkedin.com\\\/company\\\/allasorias\"]},{\"@type\":\"Person\",\"@id\":\"https:\\\/\\\/allasorias.hu\\\/hirek\\\/author\\\/admin-allasorias\\\/#author\",\"url\":\"https:\\\/\\\/allasorias.hu\\\/hirek\\\/author\\\/admin-allasorias\\\/\",\"name\":\"Juh\\u00e1sz P\\u00e9ter\",\"image\":{\"@type\":\"ImageObject\",\"@id\":\"https:\\\/\\\/allasorias.hu\\\/hirek\\\/hivjuk-a-torokoket\\\/#authorImage\",\"url\":\"https:\\\/\\\/secure.gravatar.com\\\/avatar\\\/36e6bcb83148978b992977cb0f54d22feb0cce8a0a849a9410532bb2623ba4c6?s=96&d=mm&r=g\",\"width\":96,\"height\":96,\"caption\":\"Juh\\u00e1sz P\\u00e9ter\"}},{\"@type\":\"WebPage\",\"@id\":\"https:\\\/\\\/allasorias.hu\\\/hirek\\\/hivjuk-a-torokoket\\\/#webpage\",\"url\":\"https:\\\/\\\/allasorias.hu\\\/hirek\\\/hivjuk-a-torokoket\\\/\",\"name\":\"H\\u00edvjuk a t\\u00f6r\\u00f6k\\u00f6ket | AllasOrias.hu | H\\u00edrek-lapszemle\",\"description\":\"Ma m\\u00e1r nincs olcs\\u00f3 munkaer\\u0151, k\\u00fcl\\u00f6n\\u00f6sen Magyarorsz\\u00e1gon. A feszes munkaer\\u0151piac mindennapos fejt\\u00f6r\\u00e9st okoz a v\\u00e1llalatoknak mikro szinten \\u00e9s korl\\u00e1tozza a gazdas\\u00e1gi n\\u00f6veked\\u00e9s\\u00fcnket makro szinten. Igaz ez haz\\u00e1nkra \\u00e9s K\\u00f6zel-Kelet-Eur\\u00f3p\\u00e1ra, de m\\u00e1r egyre ink\\u00e1bb Nyugat-Eur\\u00f3p\\u00e1ra is. T\\u00f6r\\u00f6korsz\\u00e1g viszont komoly gazdas\\u00e1gi kr\\u00edzis id\\u0151szak\\u00e1t \\u00e9li, az elm\\u00falt \\u00e9vtized er\\u0151teljes devizaalap\\u00fa hitelboomj\\u00e1val t\\u00e1mogatott \\u00e9s t\\u00falf\\u0171t\\u00f6tt gazdas\\u00e1gi n\\u00f6veked\\u00e9s tavaly v\\u00e9get\",\"inLanguage\":\"hu-HU\",\"isPartOf\":{\"@id\":\"https:\\\/\\\/allasorias.hu\\\/hirek\\\/#website\"},\"breadcrumb\":{\"@id\":\"https:\\\/\\\/allasorias.hu\\\/hirek\\\/hivjuk-a-torokoket\\\/#breadcrumblist\"},\"author\":{\"@id\":\"https:\\\/\\\/allasorias.hu\\\/hirek\\\/author\\\/admin-allasorias\\\/#author\"},\"creator\":{\"@id\":\"https:\\\/\\\/allasorias.hu\\\/hirek\\\/author\\\/admin-allasorias\\\/#author\"},\"image\":{\"@type\":\"ImageObject\",\"url\":\"https:\\\/\\\/allasorias.hu\\\/hirek\\\/wp-content\\\/uploads\\\/2019\\\/05\\\/10601879246_34d4355ccc_b.jpg\",\"@id\":\"https:\\\/\\\/allasorias.hu\\\/hirek\\\/hivjuk-a-torokoket\\\/#mainImage\",\"width\":1024,\"height\":683,\"caption\":\"Project engineer Orkun Dincer and EMTA Construction contractors discuss progress Oct. 2 at the site for the new Consolidated Community Center on Incirlik Air Base, Turkey. The facility will bring together several base agencies and activities under one roof, including the Community Activity Center, base theater, Education Center and base library. When finished, it\\u00d5ll consist of a two-story masonry building with reinforced concrete foundations, concrete floor slab, structural frame and a pitched roof. The theater is set to have a 350-seat capacity, while a new parking lot will be paved with about 100 spaces. The $9.2 million construction project is being managed by the TUSEG Resident Office, which has a scheduled completion date of January 2015. (U.S. Army Corps of Engineers photo by Mark Nedzbala)\"},\"primaryImageOfPage\":{\"@id\":\"https:\\\/\\\/allasorias.hu\\\/hirek\\\/hivjuk-a-torokoket\\\/#mainImage\"},\"datePublished\":\"2019-05-20T13:19:18+02:00\",\"dateModified\":\"2019-05-20T13:19:18+02:00\"},{\"@type\":\"WebSite\",\"@id\":\"https:\\\/\\\/allasorias.hu\\\/hirek\\\/#website\",\"url\":\"https:\\\/\\\/allasorias.hu\\\/hirek\\\/\",\"name\":\"AllasOrias.hu | H\\u00edrek-lapszemle\",\"description\":\"\\u00dczleti h\\u00edrek az \\u00e1ll\\u00e1s \\u00e9s a munka vil\\u00e1g\\u00e1b\\u00f3l\",\"inLanguage\":\"hu-HU\",\"publisher\":{\"@id\":\"https:\\\/\\\/allasorias.hu\\\/hirek\\\/#organization\"}}]}\n\t\t<\/script>\n\t\t<!-- All in One SEO -->\n\n","aioseo_head_json":{"title":"H\u00edvjuk a t\u00f6r\u00f6k\u00f6ket | AllasOrias.hu | H\u00edrek-lapszemle","description":"Ma m\u00e1r nincs olcs\u00f3 munkaer\u0151, k\u00fcl\u00f6n\u00f6sen Magyarorsz\u00e1gon. A feszes munkaer\u0151piac mindennapos fejt\u00f6r\u00e9st okoz a v\u00e1llalatoknak mikro szinten \u00e9s korl\u00e1tozza a gazdas\u00e1gi n\u00f6veked\u00e9s\u00fcnket makro szinten. Igaz ez haz\u00e1nkra \u00e9s K\u00f6zel-Kelet-Eur\u00f3p\u00e1ra, de m\u00e1r egyre ink\u00e1bb Nyugat-Eur\u00f3p\u00e1ra is. T\u00f6r\u00f6korsz\u00e1g viszont komoly gazdas\u00e1gi kr\u00edzis id\u0151szak\u00e1t \u00e9li, az elm\u00falt \u00e9vtized er\u0151teljes devizaalap\u00fa hitelboomj\u00e1val t\u00e1mogatott \u00e9s t\u00falf\u0171t\u00f6tt gazdas\u00e1gi n\u00f6veked\u00e9s tavaly v\u00e9get","canonical_url":"https:\/\/allasorias.hu\/hirek\/hivjuk-a-torokoket\/","robots":"max-image-preview:large","keywords":"","webmasterTools":{"miscellaneous":""},"schema":{"@context":"https:\/\/schema.org","@graph":[{"@type":"Article","@id":"https:\/\/allasorias.hu\/hirek\/hivjuk-a-torokoket\/#article","name":"H\u00edvjuk a t\u00f6r\u00f6k\u00f6ket | AllasOrias.hu | H\u00edrek-lapszemle","headline":"H\u00edvjuk a t\u00f6r\u00f6k\u00f6ket","author":{"@id":"https:\/\/allasorias.hu\/hirek\/author\/admin-allasorias\/#author"},"publisher":{"@id":"https:\/\/allasorias.hu\/hirek\/#organization"},"image":{"@type":"ImageObject","url":"https:\/\/allasorias.hu\/hirek\/wp-content\/uploads\/2019\/05\/10601879246_34d4355ccc_b.jpg","width":1024,"height":683,"caption":"Project engineer Orkun Dincer and EMTA Construction contractors discuss progress Oct. 2 at the site for the new Consolidated Community Center on Incirlik Air Base, Turkey. The facility will bring together several base agencies and activities under one roof, including the Community Activity Center, base theater, Education Center and base library. When finished, it\u00d5ll consist of a two-story masonry building with reinforced concrete foundations, concrete floor slab, structural frame and a pitched roof. The theater is set to have a 350-seat capacity, while a new parking lot will be paved with about 100 spaces. The $9.2 million construction project is being managed by the TUSEG Resident Office, which has a scheduled completion date of January 2015. (U.S. Army Corps of Engineers photo by Mark Nedzbala)"},"datePublished":"2019-05-20T13:19:18+02:00","dateModified":"2019-05-20T13:19:18+02:00","inLanguage":"hu-HU","mainEntityOfPage":{"@id":"https:\/\/allasorias.hu\/hirek\/hivjuk-a-torokoket\/#webpage"},"isPartOf":{"@id":"https:\/\/allasorias.hu\/hirek\/hivjuk-a-torokoket\/#webpage"},"articleSection":"\u00c1ll\u00e1skeres\u00e9s, Munkaer\u0151piac"},{"@type":"BreadcrumbList","@id":"https:\/\/allasorias.hu\/hirek\/hivjuk-a-torokoket\/#breadcrumblist","itemListElement":[{"@type":"ListItem","@id":"https:\/\/allasorias.hu\/hirek#listItem","position":1,"name":"Home","item":"https:\/\/allasorias.hu\/hirek","nextItem":{"@type":"ListItem","@id":"https:\/\/allasorias.hu\/hirek\/temak\/allaskereses\/#listItem","name":"\u00c1ll\u00e1skeres\u00e9s"}},{"@type":"ListItem","@id":"https:\/\/allasorias.hu\/hirek\/temak\/allaskereses\/#listItem","position":2,"name":"\u00c1ll\u00e1skeres\u00e9s","item":"https:\/\/allasorias.hu\/hirek\/temak\/allaskereses\/","nextItem":{"@type":"ListItem","@id":"https:\/\/allasorias.hu\/hirek\/hivjuk-a-torokoket\/#listItem","name":"H\u00edvjuk a t\u00f6r\u00f6k\u00f6ket"},"previousItem":{"@type":"ListItem","@id":"https:\/\/allasorias.hu\/hirek#listItem","name":"Home"}},{"@type":"ListItem","@id":"https:\/\/allasorias.hu\/hirek\/hivjuk-a-torokoket\/#listItem","position":3,"name":"H\u00edvjuk a t\u00f6r\u00f6k\u00f6ket","previousItem":{"@type":"ListItem","@id":"https:\/\/allasorias.hu\/hirek\/temak\/allaskereses\/#listItem","name":"\u00c1ll\u00e1skeres\u00e9s"}}]},{"@type":"Organization","@id":"https:\/\/allasorias.hu\/hirek\/#organization","name":"AllasOrias.hu | H\u00edrek-lapszemle","description":"\u00dczleti h\u00edrek az \u00e1ll\u00e1s \u00e9s a munka vil\u00e1g\u00e1b\u00f3l","url":"https:\/\/allasorias.hu\/hirek\/","logo":{"@type":"ImageObject","url":"https:\/\/allasorias.hu\/hirek\/wp-content\/uploads\/2022\/10\/allasorias_site_facebok_logo.png","@id":"https:\/\/allasorias.hu\/hirek\/hivjuk-a-torokoket\/#organizationLogo"},"image":{"@id":"https:\/\/allasorias.hu\/hirek\/hivjuk-a-torokoket\/#organizationLogo"},"sameAs":["https:\/\/www.facebook.com\/allasorias","https:\/\/www.linkedin.com\/company\/allasorias"]},{"@type":"Person","@id":"https:\/\/allasorias.hu\/hirek\/author\/admin-allasorias\/#author","url":"https:\/\/allasorias.hu\/hirek\/author\/admin-allasorias\/","name":"Juh\u00e1sz P\u00e9ter","image":{"@type":"ImageObject","@id":"https:\/\/allasorias.hu\/hirek\/hivjuk-a-torokoket\/#authorImage","url":"https:\/\/secure.gravatar.com\/avatar\/36e6bcb83148978b992977cb0f54d22feb0cce8a0a849a9410532bb2623ba4c6?s=96&d=mm&r=g","width":96,"height":96,"caption":"Juh\u00e1sz P\u00e9ter"}},{"@type":"WebPage","@id":"https:\/\/allasorias.hu\/hirek\/hivjuk-a-torokoket\/#webpage","url":"https:\/\/allasorias.hu\/hirek\/hivjuk-a-torokoket\/","name":"H\u00edvjuk a t\u00f6r\u00f6k\u00f6ket | AllasOrias.hu | H\u00edrek-lapszemle","description":"Ma m\u00e1r nincs olcs\u00f3 munkaer\u0151, k\u00fcl\u00f6n\u00f6sen Magyarorsz\u00e1gon. A feszes munkaer\u0151piac mindennapos fejt\u00f6r\u00e9st okoz a v\u00e1llalatoknak mikro szinten \u00e9s korl\u00e1tozza a gazdas\u00e1gi n\u00f6veked\u00e9s\u00fcnket makro szinten. Igaz ez haz\u00e1nkra \u00e9s K\u00f6zel-Kelet-Eur\u00f3p\u00e1ra, de m\u00e1r egyre ink\u00e1bb Nyugat-Eur\u00f3p\u00e1ra is. T\u00f6r\u00f6korsz\u00e1g viszont komoly gazdas\u00e1gi kr\u00edzis id\u0151szak\u00e1t \u00e9li, az elm\u00falt \u00e9vtized er\u0151teljes devizaalap\u00fa hitelboomj\u00e1val t\u00e1mogatott \u00e9s t\u00falf\u0171t\u00f6tt gazdas\u00e1gi n\u00f6veked\u00e9s tavaly v\u00e9get","inLanguage":"hu-HU","isPartOf":{"@id":"https:\/\/allasorias.hu\/hirek\/#website"},"breadcrumb":{"@id":"https:\/\/allasorias.hu\/hirek\/hivjuk-a-torokoket\/#breadcrumblist"},"author":{"@id":"https:\/\/allasorias.hu\/hirek\/author\/admin-allasorias\/#author"},"creator":{"@id":"https:\/\/allasorias.hu\/hirek\/author\/admin-allasorias\/#author"},"image":{"@type":"ImageObject","url":"https:\/\/allasorias.hu\/hirek\/wp-content\/uploads\/2019\/05\/10601879246_34d4355ccc_b.jpg","@id":"https:\/\/allasorias.hu\/hirek\/hivjuk-a-torokoket\/#mainImage","width":1024,"height":683,"caption":"Project engineer Orkun Dincer and EMTA Construction contractors discuss progress Oct. 2 at the site for the new Consolidated Community Center on Incirlik Air Base, Turkey. The facility will bring together several base agencies and activities under one roof, including the Community Activity Center, base theater, Education Center and base library. When finished, it\u00d5ll consist of a two-story masonry building with reinforced concrete foundations, concrete floor slab, structural frame and a pitched roof. The theater is set to have a 350-seat capacity, while a new parking lot will be paved with about 100 spaces. The $9.2 million construction project is being managed by the TUSEG Resident Office, which has a scheduled completion date of January 2015. (U.S. Army Corps of Engineers photo by Mark Nedzbala)"},"primaryImageOfPage":{"@id":"https:\/\/allasorias.hu\/hirek\/hivjuk-a-torokoket\/#mainImage"},"datePublished":"2019-05-20T13:19:18+02:00","dateModified":"2019-05-20T13:19:18+02:00"},{"@type":"WebSite","@id":"https:\/\/allasorias.hu\/hirek\/#website","url":"https:\/\/allasorias.hu\/hirek\/","name":"AllasOrias.hu | H\u00edrek-lapszemle","description":"\u00dczleti h\u00edrek az \u00e1ll\u00e1s \u00e9s a munka vil\u00e1g\u00e1b\u00f3l","inLanguage":"hu-HU","publisher":{"@id":"https:\/\/allasorias.hu\/hirek\/#organization"}}]},"og:locale":"hu_HU","og:site_name":"AllasOrias.hu | H\u00edrek-lapszemle | \u00dczleti h\u00edrek az \u00e1ll\u00e1s \u00e9s a munka vil\u00e1g\u00e1b\u00f3l","og:type":"article","og:title":"H\u00edvjuk a t\u00f6r\u00f6k\u00f6ket | AllasOrias.hu | H\u00edrek-lapszemle","og:description":"Ma m\u00e1r nincs olcs\u00f3 munkaer\u0151, k\u00fcl\u00f6n\u00f6sen Magyarorsz\u00e1gon. A feszes munkaer\u0151piac mindennapos fejt\u00f6r\u00e9st okoz a v\u00e1llalatoknak mikro szinten \u00e9s korl\u00e1tozza a gazdas\u00e1gi n\u00f6veked\u00e9s\u00fcnket makro szinten. Igaz ez haz\u00e1nkra \u00e9s K\u00f6zel-Kelet-Eur\u00f3p\u00e1ra, de m\u00e1r egyre ink\u00e1bb Nyugat-Eur\u00f3p\u00e1ra is. T\u00f6r\u00f6korsz\u00e1g viszont komoly gazdas\u00e1gi kr\u00edzis id\u0151szak\u00e1t \u00e9li, az elm\u00falt \u00e9vtized er\u0151teljes devizaalap\u00fa hitelboomj\u00e1val t\u00e1mogatott \u00e9s t\u00falf\u0171t\u00f6tt gazdas\u00e1gi n\u00f6veked\u00e9s tavaly v\u00e9get","og:url":"https:\/\/allasorias.hu\/hirek\/hivjuk-a-torokoket\/","og:image":"https:\/\/allasorias.hu\/hirek\/wp-content\/uploads\/2019\/05\/10601879246_34d4355ccc_b.jpg","og:image:secure_url":"https:\/\/allasorias.hu\/hirek\/wp-content\/uploads\/2019\/05\/10601879246_34d4355ccc_b.jpg","og:image:width":1024,"og:image:height":683,"article:published_time":"2019-05-20T13:19:18+00:00","article:modified_time":"2019-05-20T13:19:18+00:00","article:publisher":"https:\/\/www.facebook.com\/allasorias","twitter:card":"summary_large_image","twitter:title":"H\u00edvjuk a t\u00f6r\u00f6k\u00f6ket | AllasOrias.hu | H\u00edrek-lapszemle","twitter:description":"Ma m\u00e1r nincs olcs\u00f3 munkaer\u0151, k\u00fcl\u00f6n\u00f6sen Magyarorsz\u00e1gon. A feszes munkaer\u0151piac mindennapos fejt\u00f6r\u00e9st okoz a v\u00e1llalatoknak mikro szinten \u00e9s korl\u00e1tozza a gazdas\u00e1gi n\u00f6veked\u00e9s\u00fcnket makro szinten. Igaz ez haz\u00e1nkra \u00e9s K\u00f6zel-Kelet-Eur\u00f3p\u00e1ra, de m\u00e1r egyre ink\u00e1bb Nyugat-Eur\u00f3p\u00e1ra is. T\u00f6r\u00f6korsz\u00e1g viszont komoly gazdas\u00e1gi kr\u00edzis id\u0151szak\u00e1t \u00e9li, az elm\u00falt \u00e9vtized er\u0151teljes devizaalap\u00fa hitelboomj\u00e1val t\u00e1mogatott \u00e9s t\u00falf\u0171t\u00f6tt gazdas\u00e1gi n\u00f6veked\u00e9s tavaly v\u00e9get","twitter:image":"https:\/\/allasorias.hu\/hirek\/wp-content\/uploads\/2019\/05\/10601879246_34d4355ccc_b.jpg","twitter:label1":"Written by","twitter:data1":"Juh\u00e1sz P\u00e9ter","twitter:label2":"Est. reading time","twitter:data2":"2 minutes"},"aioseo_meta_data":{"post_id":"2906","title":null,"description":null,"keywords":null,"keyphrases":null,"primary_term":null,"canonical_url":null,"og_title":null,"og_description":null,"og_object_type":"default","og_image_type":"default","og_image_url":null,"og_image_width":null,"og_image_height":null,"og_image_custom_url":null,"og_image_custom_fields":null,"og_video":null,"og_custom_url":null,"og_article_section":null,"og_article_tags":null,"twitter_use_og":false,"twitter_card":"default","twitter_image_type":"default","twitter_image_url":null,"twitter_image_custom_url":null,"twitter_image_custom_fields":null,"twitter_title":null,"twitter_description":null,"schema":{"blockGraphs":[],"customGraphs":[],"default":{"data":{"Article":[],"Course":[],"Dataset":[],"FAQPage":[],"Movie":[],"Person":[],"Product":[],"ProductReview":[],"Car":[],"Recipe":[],"Service":[],"SoftwareApplication":[],"WebPage":[]},"graphName":"","isEnabled":true},"graphs":[],"defaultGraph":"","defaultPostTypeGraph":""},"schema_type":null,"schema_type_options":null,"pillar_content":false,"robots_default":true,"robots_noindex":false,"robots_noarchive":false,"robots_nosnippet":false,"robots_nofollow":false,"robots_noimageindex":false,"robots_noodp":false,"robots_notranslate":false,"robots_max_snippet":null,"robots_max_videopreview":null,"robots_max_imagepreview":"large","priority":null,"frequency":null,"location":null,"local_seo":null,"breadcrumb_settings":null,"limit_modified_date":false,"ai":null,"created":"2021-02-01 21:28:16","updated":"2025-10-02 11:20:11","seo_analyzer_scan_date":null,"focus_keyword":null,"additional_keywords":null,"truseo_locale":null},"aioseo_breadcrumb":"<div class=\"aioseo-breadcrumbs\"><span class=\"aioseo-breadcrumb\">\n\t\t\t<a href=\"https:\/\/allasorias.hu\/hirek\" title=\"Home\">Home<\/a>\n\t\t<\/span><span class=\"aioseo-breadcrumb-separator\">&raquo;<\/span><span class=\"aioseo-breadcrumb\">\n\t\t\t<a href=\"https:\/\/allasorias.hu\/hirek\/temak\/allaskereses\/\" title=\"\u00c1ll\u00e1skeres\u00e9s\">\u00c1ll\u00e1skeres\u00e9s<\/a>\n\t\t<\/span><span class=\"aioseo-breadcrumb-separator\">&raquo;<\/span><span class=\"aioseo-breadcrumb\">\n\t\t\tH\u00edvjuk a t\u00f6r\u00f6k\u00f6ket\n\t\t<\/span><\/div>","aioseo_breadcrumb_json":[{"label":"Home","link":"https:\/\/allasorias.hu\/hirek"},{"label":"\u00c1ll\u00e1skeres\u00e9s","link":"https:\/\/allasorias.hu\/hirek\/temak\/allaskereses\/"},{"label":"H\u00edvjuk a t\u00f6r\u00f6k\u00f6ket","link":"https:\/\/allasorias.hu\/hirek\/hivjuk-a-torokoket\/"}],"_links":{"self":[{"href":"https:\/\/allasorias.hu\/hirek\/wp-json\/wp\/v2\/posts\/2906","targetHints":{"allow":["GET"]}}],"collection":[{"href":"https:\/\/allasorias.hu\/hirek\/wp-json\/wp\/v2\/posts"}],"about":[{"href":"https:\/\/allasorias.hu\/hirek\/wp-json\/wp\/v2\/types\/post"}],"author":[{"embeddable":true,"href":"https:\/\/allasorias.hu\/hirek\/wp-json\/wp\/v2\/users\/1"}],"replies":[{"embeddable":true,"href":"https:\/\/allasorias.hu\/hirek\/wp-json\/wp\/v2\/comments?post=2906"}],"version-history":[{"count":1,"href":"https:\/\/allasorias.hu\/hirek\/wp-json\/wp\/v2\/posts\/2906\/revisions"}],"predecessor-version":[{"id":2908,"href":"https:\/\/allasorias.hu\/hirek\/wp-json\/wp\/v2\/posts\/2906\/revisions\/2908"}],"wp:featuredmedia":[{"embeddable":true,"href":"https:\/\/allasorias.hu\/hirek\/wp-json\/wp\/v2\/media\/2907"}],"wp:attachment":[{"href":"https:\/\/allasorias.hu\/hirek\/wp-json\/wp\/v2\/media?parent=2906"}],"wp:term":[{"taxonomy":"category","embeddable":true,"href":"https:\/\/allasorias.hu\/hirek\/wp-json\/wp\/v2\/categories?post=2906"},{"taxonomy":"post_tag","embeddable":true,"href":"https:\/\/allasorias.hu\/hirek\/wp-json\/wp\/v2\/tags?post=2906"}],"curies":[{"name":"wp","href":"https:\/\/api.w.org\/{rel}","templated":true}]}}