{"id":2898,"date":"2019-05-17T06:40:33","date_gmt":"2019-05-17T06:40:33","guid":{"rendered":"https:\/\/allasorias.hu\/hirek\/?p=2898"},"modified":"2019-05-16T08:42:33","modified_gmt":"2019-05-16T08:42:33","slug":"europai-bereket-szeretne-mindenki-magyarorszagon","status":"publish","type":"post","link":"https:\/\/allasorias.hu\/hirek\/europai-bereket-szeretne-mindenki-magyarorszagon\/","title":{"rendered":"Eur\u00f3pai b\u00e9reket szeretne mindenki Magyarorsz\u00e1gon"},"content":{"rendered":"<p><strong>A magyarok h\u00e1romnegyede szerint j\u00f3 lenne, ha szoci\u00e1lis k\u00e9rd\u00e9sekben is lenne hat\u00e1sa az EU-nak, p\u00e9ld\u00e1ul k\u00f6z\u00f6s minim\u00e1lb\u00e9rt vagy k\u00f6z\u00f6s minim\u00e1lnyugd\u00edjat hat\u00e1rozna meg \u2013 der\u00fclt ki abb\u00f3l a k\u00f6zv\u00e9lem\u00e9ny-kutat\u00e1sb\u00f3l, amelyet a Z\u00e1vecz Research v\u00e9gzett a 24.hu megb\u00edz\u00e1s\u00e1b\u00f3l. M\u00e9g a fideszesek t\u00f6bbs\u00e9ge is egyet\u00e9rt a felvet\u00e9ssel. <\/strong><\/p>\n<p>A felm\u00e9r\u00e9s szerint az erre a k\u00e9rd\u00e9sre adott v\u00e1laszban nincs k\u00fcl\u00f6nbs\u00e9g \u00e9letkori vagy lak\u00f3helyi alapon, s\u0151t iskolai v\u00e9gzetts\u00e9g szerint sem, \u00e9s m\u00e9g a Fidesz-szavaz\u00f3k 57 sz\u00e1zal\u00e9ka is egyet\u00e9rt azzal, hogy j\u00f3 lenne, ha az EU k\u00f6z\u00f6s minim\u00e1lb\u00e9rt \u00e9s minim\u00e1lnyugd\u00edjat hat\u00e1rozna meg. Az ellenz\u00e9ki szavaz\u00f3k k\u00f6z\u00f6tt m\u00e9g t\u00f6bben v\u00e9lekednek \u00edgy, 89 sz\u00e1zal\u00e9kuk \u00e9rtett egyet a felvet\u00e9ssel, a p\u00e1rtn\u00e9lk\u00fcliek k\u00f6z\u00fcl pedig 78 sz\u00e1zal\u00e9k.<\/p>\n<p>Forr\u00e1s: hvg.hu<\/p>\n","protected":false},"excerpt":{"rendered":"<p>A magyarok h\u00e1romnegyede szerint j\u00f3 lenne, ha szoci\u00e1lis k\u00e9rd\u00e9sekben is lenne hat\u00e1sa az EU-nak, p\u00e9ld\u00e1ul k\u00f6z\u00f6s minim\u00e1lb\u00e9rt vagy k\u00f6z\u00f6s minim\u00e1lnyugd\u00edjat hat\u00e1rozna meg \u2013 der\u00fclt ki abb\u00f3l a k\u00f6zv\u00e9lem\u00e9ny-kutat\u00e1sb\u00f3l, amelyet a Z\u00e1vecz Research v\u00e9gzett a 24.hu megb\u00edz\u00e1s\u00e1b\u00f3l. M\u00e9g a fideszesek t\u00f6bbs\u00e9ge is egyet\u00e9rt a felvet\u00e9ssel. A felm\u00e9r\u00e9s szerint az erre a k\u00e9rd\u00e9sre adott v\u00e1laszban nincs k\u00fcl\u00f6nbs\u00e9g [&hellip;]<\/p>\n","protected":false},"author":1,"featured_media":2899,"comment_status":"open","ping_status":"open","sticky":false,"template":"","format":"standard","meta":{"_monsterinsights_skip_tracking":false,"footnotes":""},"categories":[198,200],"tags":[],"class_list":["post-2898","post","type-post","status-publish","format-standard","has-post-thumbnail","hentry","category-gazdasag","category-munkaeropiac"],"aioseo_notices":[],"aioseo_head":"\n\t\t<!-- All in One SEO 5.0.0.1 - aioseo.com -->\n\t<meta name=\"description\" content=\"A magyarok h\u00e1romnegyede szerint j\u00f3 lenne, ha szoci\u00e1lis k\u00e9rd\u00e9sekben is lenne hat\u00e1sa az EU-nak, p\u00e9ld\u00e1ul k\u00f6z\u00f6s minim\u00e1lb\u00e9rt vagy k\u00f6z\u00f6s minim\u00e1lnyugd\u00edjat hat\u00e1rozna meg \u2013 der\u00fclt ki abb\u00f3l a k\u00f6zv\u00e9lem\u00e9ny-kutat\u00e1sb\u00f3l, amelyet a Z\u00e1vecz Research v\u00e9gzett a 24.hu megb\u00edz\u00e1s\u00e1b\u00f3l. M\u00e9g a fideszesek t\u00f6bbs\u00e9ge is egyet\u00e9rt a felvet\u00e9ssel. A felm\u00e9r\u00e9s szerint az erre a k\u00e9rd\u00e9sre adott v\u00e1laszban nincs k\u00fcl\u00f6nbs\u00e9g\" \/>\n\t<meta name=\"robots\" content=\"max-image-preview:large\" \/>\n\t<meta name=\"author\" content=\"Juh\u00e1sz P\u00e9ter\"\/>\n\t<link rel=\"canonical\" href=\"https:\/\/allasorias.hu\/hirek\/europai-bereket-szeretne-mindenki-magyarorszagon\/\" \/>\n\t<meta name=\"generator\" content=\"All in One SEO (AIOSEO) 5.0.0.1\" \/>\n\t\t<meta property=\"og:locale\" content=\"hu_HU\" \/>\n\t\t<meta property=\"og:site_name\" content=\"AllasOrias.hu | H\u00edrek-lapszemle | \u00dczleti h\u00edrek az \u00e1ll\u00e1s \u00e9s a munka vil\u00e1g\u00e1b\u00f3l\" \/>\n\t\t<meta property=\"og:type\" content=\"article\" \/>\n\t\t<meta property=\"og:title\" content=\"Eur\u00f3pai b\u00e9reket szeretne mindenki Magyarorsz\u00e1gon | AllasOrias.hu | H\u00edrek-lapszemle\" \/>\n\t\t<meta property=\"og:description\" content=\"A magyarok h\u00e1romnegyede szerint j\u00f3 lenne, ha szoci\u00e1lis k\u00e9rd\u00e9sekben is lenne hat\u00e1sa az EU-nak, p\u00e9ld\u00e1ul k\u00f6z\u00f6s minim\u00e1lb\u00e9rt vagy k\u00f6z\u00f6s minim\u00e1lnyugd\u00edjat hat\u00e1rozna meg \u2013 der\u00fclt ki abb\u00f3l a k\u00f6zv\u00e9lem\u00e9ny-kutat\u00e1sb\u00f3l, amelyet a Z\u00e1vecz Research v\u00e9gzett a 24.hu megb\u00edz\u00e1s\u00e1b\u00f3l. M\u00e9g a fideszesek t\u00f6bbs\u00e9ge is egyet\u00e9rt a felvet\u00e9ssel. A felm\u00e9r\u00e9s szerint az erre a k\u00e9rd\u00e9sre adott v\u00e1laszban nincs k\u00fcl\u00f6nbs\u00e9g\" \/>\n\t\t<meta property=\"og:url\" content=\"https:\/\/allasorias.hu\/hirek\/europai-bereket-szeretne-mindenki-magyarorszagon\/\" \/>\n\t\t<meta property=\"og:image\" content=\"https:\/\/allasorias.hu\/hirek\/wp-content\/uploads\/2019\/05\/cash-euro-finance-63635.jpg\" \/>\n\t\t<meta property=\"og:image:secure_url\" content=\"https:\/\/allasorias.hu\/hirek\/wp-content\/uploads\/2019\/05\/cash-euro-finance-63635.jpg\" \/>\n\t\t<meta property=\"og:image:width\" content=\"639\" \/>\n\t\t<meta property=\"og:image:height\" content=\"426\" \/>\n\t\t<meta property=\"article:published_time\" content=\"2019-05-17T06:40:33+00:00\" \/>\n\t\t<meta property=\"article:modified_time\" content=\"2019-05-16T08:42:33+00:00\" \/>\n\t\t<meta property=\"article:publisher\" content=\"https:\/\/www.facebook.com\/allasorias\" \/>\n\t\t<meta name=\"twitter:card\" content=\"summary_large_image\" \/>\n\t\t<meta name=\"twitter:title\" content=\"Eur\u00f3pai b\u00e9reket szeretne mindenki Magyarorsz\u00e1gon | AllasOrias.hu | H\u00edrek-lapszemle\" \/>\n\t\t<meta name=\"twitter:description\" content=\"A magyarok h\u00e1romnegyede szerint j\u00f3 lenne, ha szoci\u00e1lis k\u00e9rd\u00e9sekben is lenne hat\u00e1sa az EU-nak, p\u00e9ld\u00e1ul k\u00f6z\u00f6s minim\u00e1lb\u00e9rt vagy k\u00f6z\u00f6s minim\u00e1lnyugd\u00edjat hat\u00e1rozna meg \u2013 der\u00fclt ki abb\u00f3l a k\u00f6zv\u00e9lem\u00e9ny-kutat\u00e1sb\u00f3l, amelyet a Z\u00e1vecz Research v\u00e9gzett a 24.hu megb\u00edz\u00e1s\u00e1b\u00f3l. M\u00e9g a fideszesek t\u00f6bbs\u00e9ge is egyet\u00e9rt a felvet\u00e9ssel. A felm\u00e9r\u00e9s szerint az erre a k\u00e9rd\u00e9sre adott v\u00e1laszban nincs k\u00fcl\u00f6nbs\u00e9g\" \/>\n\t\t<meta name=\"twitter:image\" content=\"https:\/\/allasorias.hu\/hirek\/wp-content\/uploads\/2019\/05\/cash-euro-finance-63635.jpg\" \/>\n\t\t<meta name=\"twitter:label1\" content=\"Written by\" \/>\n\t\t<meta name=\"twitter:data1\" content=\"Juh\u00e1sz P\u00e9ter\" \/>\n\t\t<meta name=\"twitter:label2\" content=\"Est. reading time\" \/>\n\t\t<meta name=\"twitter:data2\" content=\"1 minute\" \/>\n\t\t<script type=\"application\/ld+json\" class=\"aioseo-schema\">\n\t\t\t{\"@context\":\"https:\\\/\\\/schema.org\",\"@graph\":[{\"@type\":\"Article\",\"@id\":\"https:\\\/\\\/allasorias.hu\\\/hirek\\\/europai-bereket-szeretne-mindenki-magyarorszagon\\\/#article\",\"name\":\"Eur\\u00f3pai b\\u00e9reket szeretne mindenki Magyarorsz\\u00e1gon | AllasOrias.hu | H\\u00edrek-lapszemle\",\"headline\":\"Eur\\u00f3pai b\\u00e9reket szeretne mindenki Magyarorsz\\u00e1gon\",\"author\":{\"@id\":\"https:\\\/\\\/allasorias.hu\\\/hirek\\\/author\\\/admin-allasorias\\\/#author\"},\"publisher\":{\"@id\":\"https:\\\/\\\/allasorias.hu\\\/hirek\\\/#organization\"},\"image\":{\"@type\":\"ImageObject\",\"url\":\"https:\\\/\\\/allasorias.hu\\\/hirek\\\/wp-content\\\/uploads\\\/2019\\\/05\\\/cash-euro-finance-63635.jpg\",\"width\":639,\"height\":426},\"datePublished\":\"2019-05-17T06:40:33+02:00\",\"dateModified\":\"2019-05-16T08:42:33+02:00\",\"inLanguage\":\"hu-HU\",\"mainEntityOfPage\":{\"@id\":\"https:\\\/\\\/allasorias.hu\\\/hirek\\\/europai-bereket-szeretne-mindenki-magyarorszagon\\\/#webpage\"},\"isPartOf\":{\"@id\":\"https:\\\/\\\/allasorias.hu\\\/hirek\\\/europai-bereket-szeretne-mindenki-magyarorszagon\\\/#webpage\"},\"articleSection\":\"Gazdas\\u00e1g, Munkaer\\u0151piac\"},{\"@type\":\"BreadcrumbList\",\"@id\":\"https:\\\/\\\/allasorias.hu\\\/hirek\\\/europai-bereket-szeretne-mindenki-magyarorszagon\\\/#breadcrumblist\",\"itemListElement\":[{\"@type\":\"ListItem\",\"@id\":\"https:\\\/\\\/allasorias.hu\\\/hirek#listItem\",\"position\":1,\"name\":\"Home\",\"item\":\"https:\\\/\\\/allasorias.hu\\\/hirek\",\"nextItem\":{\"@type\":\"ListItem\",\"@id\":\"https:\\\/\\\/allasorias.hu\\\/hirek\\\/temak\\\/gazdasag\\\/#listItem\",\"name\":\"Gazdas\\u00e1g\"}},{\"@type\":\"ListItem\",\"@id\":\"https:\\\/\\\/allasorias.hu\\\/hirek\\\/temak\\\/gazdasag\\\/#listItem\",\"position\":2,\"name\":\"Gazdas\\u00e1g\",\"item\":\"https:\\\/\\\/allasorias.hu\\\/hirek\\\/temak\\\/gazdasag\\\/\",\"nextItem\":{\"@type\":\"ListItem\",\"@id\":\"https:\\\/\\\/allasorias.hu\\\/hirek\\\/europai-bereket-szeretne-mindenki-magyarorszagon\\\/#listItem\",\"name\":\"Eur\\u00f3pai b\\u00e9reket szeretne mindenki Magyarorsz\\u00e1gon\"},\"previousItem\":{\"@type\":\"ListItem\",\"@id\":\"https:\\\/\\\/allasorias.hu\\\/hirek#listItem\",\"name\":\"Home\"}},{\"@type\":\"ListItem\",\"@id\":\"https:\\\/\\\/allasorias.hu\\\/hirek\\\/europai-bereket-szeretne-mindenki-magyarorszagon\\\/#listItem\",\"position\":3,\"name\":\"Eur\\u00f3pai b\\u00e9reket szeretne mindenki Magyarorsz\\u00e1gon\",\"previousItem\":{\"@type\":\"ListItem\",\"@id\":\"https:\\\/\\\/allasorias.hu\\\/hirek\\\/temak\\\/gazdasag\\\/#listItem\",\"name\":\"Gazdas\\u00e1g\"}}]},{\"@type\":\"Organization\",\"@id\":\"https:\\\/\\\/allasorias.hu\\\/hirek\\\/#organization\",\"name\":\"AllasOrias.hu | H\\u00edrek-lapszemle\",\"description\":\"\\u00dczleti h\\u00edrek az \\u00e1ll\\u00e1s \\u00e9s a munka vil\\u00e1g\\u00e1b\\u00f3l\",\"url\":\"https:\\\/\\\/allasorias.hu\\\/hirek\\\/\",\"logo\":{\"@type\":\"ImageObject\",\"url\":\"https:\\\/\\\/allasorias.hu\\\/hirek\\\/wp-content\\\/uploads\\\/2022\\\/10\\\/allasorias_site_facebok_logo.png\",\"@id\":\"https:\\\/\\\/allasorias.hu\\\/hirek\\\/europai-bereket-szeretne-mindenki-magyarorszagon\\\/#organizationLogo\"},\"image\":{\"@id\":\"https:\\\/\\\/allasorias.hu\\\/hirek\\\/europai-bereket-szeretne-mindenki-magyarorszagon\\\/#organizationLogo\"},\"sameAs\":[\"https:\\\/\\\/www.facebook.com\\\/allasorias\",\"https:\\\/\\\/www.linkedin.com\\\/company\\\/allasorias\"]},{\"@type\":\"Person\",\"@id\":\"https:\\\/\\\/allasorias.hu\\\/hirek\\\/author\\\/admin-allasorias\\\/#author\",\"url\":\"https:\\\/\\\/allasorias.hu\\\/hirek\\\/author\\\/admin-allasorias\\\/\",\"name\":\"Juh\\u00e1sz P\\u00e9ter\",\"image\":{\"@type\":\"ImageObject\",\"@id\":\"https:\\\/\\\/allasorias.hu\\\/hirek\\\/europai-bereket-szeretne-mindenki-magyarorszagon\\\/#authorImage\",\"url\":\"https:\\\/\\\/secure.gravatar.com\\\/avatar\\\/36e6bcb83148978b992977cb0f54d22feb0cce8a0a849a9410532bb2623ba4c6?s=96&d=mm&r=g\",\"width\":96,\"height\":96,\"caption\":\"Juh\\u00e1sz P\\u00e9ter\"}},{\"@type\":\"WebPage\",\"@id\":\"https:\\\/\\\/allasorias.hu\\\/hirek\\\/europai-bereket-szeretne-mindenki-magyarorszagon\\\/#webpage\",\"url\":\"https:\\\/\\\/allasorias.hu\\\/hirek\\\/europai-bereket-szeretne-mindenki-magyarorszagon\\\/\",\"name\":\"Eur\\u00f3pai b\\u00e9reket szeretne mindenki Magyarorsz\\u00e1gon | AllasOrias.hu | H\\u00edrek-lapszemle\",\"description\":\"A magyarok h\\u00e1romnegyede szerint j\\u00f3 lenne, ha szoci\\u00e1lis k\\u00e9rd\\u00e9sekben is lenne hat\\u00e1sa az EU-nak, p\\u00e9ld\\u00e1ul k\\u00f6z\\u00f6s minim\\u00e1lb\\u00e9rt vagy k\\u00f6z\\u00f6s minim\\u00e1lnyugd\\u00edjat hat\\u00e1rozna meg \\u2013 der\\u00fclt ki abb\\u00f3l a k\\u00f6zv\\u00e9lem\\u00e9ny-kutat\\u00e1sb\\u00f3l, amelyet a Z\\u00e1vecz Research v\\u00e9gzett a 24.hu megb\\u00edz\\u00e1s\\u00e1b\\u00f3l. M\\u00e9g a fideszesek t\\u00f6bbs\\u00e9ge is egyet\\u00e9rt a felvet\\u00e9ssel. A felm\\u00e9r\\u00e9s szerint az erre a k\\u00e9rd\\u00e9sre adott v\\u00e1laszban nincs k\\u00fcl\\u00f6nbs\\u00e9g\",\"inLanguage\":\"hu-HU\",\"isPartOf\":{\"@id\":\"https:\\\/\\\/allasorias.hu\\\/hirek\\\/#website\"},\"breadcrumb\":{\"@id\":\"https:\\\/\\\/allasorias.hu\\\/hirek\\\/europai-bereket-szeretne-mindenki-magyarorszagon\\\/#breadcrumblist\"},\"author\":{\"@id\":\"https:\\\/\\\/allasorias.hu\\\/hirek\\\/author\\\/admin-allasorias\\\/#author\"},\"creator\":{\"@id\":\"https:\\\/\\\/allasorias.hu\\\/hirek\\\/author\\\/admin-allasorias\\\/#author\"},\"image\":{\"@type\":\"ImageObject\",\"url\":\"https:\\\/\\\/allasorias.hu\\\/hirek\\\/wp-content\\\/uploads\\\/2019\\\/05\\\/cash-euro-finance-63635.jpg\",\"@id\":\"https:\\\/\\\/allasorias.hu\\\/hirek\\\/europai-bereket-szeretne-mindenki-magyarorszagon\\\/#mainImage\",\"width\":639,\"height\":426},\"primaryImageOfPage\":{\"@id\":\"https:\\\/\\\/allasorias.hu\\\/hirek\\\/europai-bereket-szeretne-mindenki-magyarorszagon\\\/#mainImage\"},\"datePublished\":\"2019-05-17T06:40:33+02:00\",\"dateModified\":\"2019-05-16T08:42:33+02:00\"},{\"@type\":\"WebSite\",\"@id\":\"https:\\\/\\\/allasorias.hu\\\/hirek\\\/#website\",\"url\":\"https:\\\/\\\/allasorias.hu\\\/hirek\\\/\",\"name\":\"AllasOrias.hu | H\\u00edrek-lapszemle\",\"description\":\"\\u00dczleti h\\u00edrek az \\u00e1ll\\u00e1s \\u00e9s a munka vil\\u00e1g\\u00e1b\\u00f3l\",\"inLanguage\":\"hu-HU\",\"publisher\":{\"@id\":\"https:\\\/\\\/allasorias.hu\\\/hirek\\\/#organization\"}}]}\n\t\t<\/script>\n\t\t<!-- All in One SEO -->\n\n","aioseo_head_json":{"title":"Eur\u00f3pai b\u00e9reket szeretne mindenki Magyarorsz\u00e1gon | AllasOrias.hu | H\u00edrek-lapszemle","description":"A magyarok h\u00e1romnegyede szerint j\u00f3 lenne, ha szoci\u00e1lis k\u00e9rd\u00e9sekben is lenne hat\u00e1sa az EU-nak, p\u00e9ld\u00e1ul k\u00f6z\u00f6s minim\u00e1lb\u00e9rt vagy k\u00f6z\u00f6s minim\u00e1lnyugd\u00edjat hat\u00e1rozna meg \u2013 der\u00fclt ki abb\u00f3l a k\u00f6zv\u00e9lem\u00e9ny-kutat\u00e1sb\u00f3l, amelyet a Z\u00e1vecz Research v\u00e9gzett a 24.hu megb\u00edz\u00e1s\u00e1b\u00f3l. M\u00e9g a fideszesek t\u00f6bbs\u00e9ge is egyet\u00e9rt a felvet\u00e9ssel. A felm\u00e9r\u00e9s szerint az erre a k\u00e9rd\u00e9sre adott v\u00e1laszban nincs k\u00fcl\u00f6nbs\u00e9g","canonical_url":"https:\/\/allasorias.hu\/hirek\/europai-bereket-szeretne-mindenki-magyarorszagon\/","robots":"max-image-preview:large","keywords":"","webmasterTools":{"miscellaneous":""},"schema":{"@context":"https:\/\/schema.org","@graph":[{"@type":"Article","@id":"https:\/\/allasorias.hu\/hirek\/europai-bereket-szeretne-mindenki-magyarorszagon\/#article","name":"Eur\u00f3pai b\u00e9reket szeretne mindenki Magyarorsz\u00e1gon | AllasOrias.hu | H\u00edrek-lapszemle","headline":"Eur\u00f3pai b\u00e9reket szeretne mindenki Magyarorsz\u00e1gon","author":{"@id":"https:\/\/allasorias.hu\/hirek\/author\/admin-allasorias\/#author"},"publisher":{"@id":"https:\/\/allasorias.hu\/hirek\/#organization"},"image":{"@type":"ImageObject","url":"https:\/\/allasorias.hu\/hirek\/wp-content\/uploads\/2019\/05\/cash-euro-finance-63635.jpg","width":639,"height":426},"datePublished":"2019-05-17T06:40:33+02:00","dateModified":"2019-05-16T08:42:33+02:00","inLanguage":"hu-HU","mainEntityOfPage":{"@id":"https:\/\/allasorias.hu\/hirek\/europai-bereket-szeretne-mindenki-magyarorszagon\/#webpage"},"isPartOf":{"@id":"https:\/\/allasorias.hu\/hirek\/europai-bereket-szeretne-mindenki-magyarorszagon\/#webpage"},"articleSection":"Gazdas\u00e1g, Munkaer\u0151piac"},{"@type":"BreadcrumbList","@id":"https:\/\/allasorias.hu\/hirek\/europai-bereket-szeretne-mindenki-magyarorszagon\/#breadcrumblist","itemListElement":[{"@type":"ListItem","@id":"https:\/\/allasorias.hu\/hirek#listItem","position":1,"name":"Home","item":"https:\/\/allasorias.hu\/hirek","nextItem":{"@type":"ListItem","@id":"https:\/\/allasorias.hu\/hirek\/temak\/gazdasag\/#listItem","name":"Gazdas\u00e1g"}},{"@type":"ListItem","@id":"https:\/\/allasorias.hu\/hirek\/temak\/gazdasag\/#listItem","position":2,"name":"Gazdas\u00e1g","item":"https:\/\/allasorias.hu\/hirek\/temak\/gazdasag\/","nextItem":{"@type":"ListItem","@id":"https:\/\/allasorias.hu\/hirek\/europai-bereket-szeretne-mindenki-magyarorszagon\/#listItem","name":"Eur\u00f3pai b\u00e9reket szeretne mindenki Magyarorsz\u00e1gon"},"previousItem":{"@type":"ListItem","@id":"https:\/\/allasorias.hu\/hirek#listItem","name":"Home"}},{"@type":"ListItem","@id":"https:\/\/allasorias.hu\/hirek\/europai-bereket-szeretne-mindenki-magyarorszagon\/#listItem","position":3,"name":"Eur\u00f3pai b\u00e9reket szeretne mindenki Magyarorsz\u00e1gon","previousItem":{"@type":"ListItem","@id":"https:\/\/allasorias.hu\/hirek\/temak\/gazdasag\/#listItem","name":"Gazdas\u00e1g"}}]},{"@type":"Organization","@id":"https:\/\/allasorias.hu\/hirek\/#organization","name":"AllasOrias.hu | H\u00edrek-lapszemle","description":"\u00dczleti h\u00edrek az \u00e1ll\u00e1s \u00e9s a munka vil\u00e1g\u00e1b\u00f3l","url":"https:\/\/allasorias.hu\/hirek\/","logo":{"@type":"ImageObject","url":"https:\/\/allasorias.hu\/hirek\/wp-content\/uploads\/2022\/10\/allasorias_site_facebok_logo.png","@id":"https:\/\/allasorias.hu\/hirek\/europai-bereket-szeretne-mindenki-magyarorszagon\/#organizationLogo"},"image":{"@id":"https:\/\/allasorias.hu\/hirek\/europai-bereket-szeretne-mindenki-magyarorszagon\/#organizationLogo"},"sameAs":["https:\/\/www.facebook.com\/allasorias","https:\/\/www.linkedin.com\/company\/allasorias"]},{"@type":"Person","@id":"https:\/\/allasorias.hu\/hirek\/author\/admin-allasorias\/#author","url":"https:\/\/allasorias.hu\/hirek\/author\/admin-allasorias\/","name":"Juh\u00e1sz P\u00e9ter","image":{"@type":"ImageObject","@id":"https:\/\/allasorias.hu\/hirek\/europai-bereket-szeretne-mindenki-magyarorszagon\/#authorImage","url":"https:\/\/secure.gravatar.com\/avatar\/36e6bcb83148978b992977cb0f54d22feb0cce8a0a849a9410532bb2623ba4c6?s=96&d=mm&r=g","width":96,"height":96,"caption":"Juh\u00e1sz P\u00e9ter"}},{"@type":"WebPage","@id":"https:\/\/allasorias.hu\/hirek\/europai-bereket-szeretne-mindenki-magyarorszagon\/#webpage","url":"https:\/\/allasorias.hu\/hirek\/europai-bereket-szeretne-mindenki-magyarorszagon\/","name":"Eur\u00f3pai b\u00e9reket szeretne mindenki Magyarorsz\u00e1gon | AllasOrias.hu | H\u00edrek-lapszemle","description":"A magyarok h\u00e1romnegyede szerint j\u00f3 lenne, ha szoci\u00e1lis k\u00e9rd\u00e9sekben is lenne hat\u00e1sa az EU-nak, p\u00e9ld\u00e1ul k\u00f6z\u00f6s minim\u00e1lb\u00e9rt vagy k\u00f6z\u00f6s minim\u00e1lnyugd\u00edjat hat\u00e1rozna meg \u2013 der\u00fclt ki abb\u00f3l a k\u00f6zv\u00e9lem\u00e9ny-kutat\u00e1sb\u00f3l, amelyet a Z\u00e1vecz Research v\u00e9gzett a 24.hu megb\u00edz\u00e1s\u00e1b\u00f3l. M\u00e9g a fideszesek t\u00f6bbs\u00e9ge is egyet\u00e9rt a felvet\u00e9ssel. A felm\u00e9r\u00e9s szerint az erre a k\u00e9rd\u00e9sre adott v\u00e1laszban nincs k\u00fcl\u00f6nbs\u00e9g","inLanguage":"hu-HU","isPartOf":{"@id":"https:\/\/allasorias.hu\/hirek\/#website"},"breadcrumb":{"@id":"https:\/\/allasorias.hu\/hirek\/europai-bereket-szeretne-mindenki-magyarorszagon\/#breadcrumblist"},"author":{"@id":"https:\/\/allasorias.hu\/hirek\/author\/admin-allasorias\/#author"},"creator":{"@id":"https:\/\/allasorias.hu\/hirek\/author\/admin-allasorias\/#author"},"image":{"@type":"ImageObject","url":"https:\/\/allasorias.hu\/hirek\/wp-content\/uploads\/2019\/05\/cash-euro-finance-63635.jpg","@id":"https:\/\/allasorias.hu\/hirek\/europai-bereket-szeretne-mindenki-magyarorszagon\/#mainImage","width":639,"height":426},"primaryImageOfPage":{"@id":"https:\/\/allasorias.hu\/hirek\/europai-bereket-szeretne-mindenki-magyarorszagon\/#mainImage"},"datePublished":"2019-05-17T06:40:33+02:00","dateModified":"2019-05-16T08:42:33+02:00"},{"@type":"WebSite","@id":"https:\/\/allasorias.hu\/hirek\/#website","url":"https:\/\/allasorias.hu\/hirek\/","name":"AllasOrias.hu | H\u00edrek-lapszemle","description":"\u00dczleti h\u00edrek az \u00e1ll\u00e1s \u00e9s a munka vil\u00e1g\u00e1b\u00f3l","inLanguage":"hu-HU","publisher":{"@id":"https:\/\/allasorias.hu\/hirek\/#organization"}}]},"og:locale":"hu_HU","og:site_name":"AllasOrias.hu | H\u00edrek-lapszemle | \u00dczleti h\u00edrek az \u00e1ll\u00e1s \u00e9s a munka vil\u00e1g\u00e1b\u00f3l","og:type":"article","og:title":"Eur\u00f3pai b\u00e9reket szeretne mindenki Magyarorsz\u00e1gon | AllasOrias.hu | H\u00edrek-lapszemle","og:description":"A magyarok h\u00e1romnegyede szerint j\u00f3 lenne, ha szoci\u00e1lis k\u00e9rd\u00e9sekben is lenne hat\u00e1sa az EU-nak, p\u00e9ld\u00e1ul k\u00f6z\u00f6s minim\u00e1lb\u00e9rt vagy k\u00f6z\u00f6s minim\u00e1lnyugd\u00edjat hat\u00e1rozna meg \u2013 der\u00fclt ki abb\u00f3l a k\u00f6zv\u00e9lem\u00e9ny-kutat\u00e1sb\u00f3l, amelyet a Z\u00e1vecz Research v\u00e9gzett a 24.hu megb\u00edz\u00e1s\u00e1b\u00f3l. M\u00e9g a fideszesek t\u00f6bbs\u00e9ge is egyet\u00e9rt a felvet\u00e9ssel. A felm\u00e9r\u00e9s szerint az erre a k\u00e9rd\u00e9sre adott v\u00e1laszban nincs k\u00fcl\u00f6nbs\u00e9g","og:url":"https:\/\/allasorias.hu\/hirek\/europai-bereket-szeretne-mindenki-magyarorszagon\/","og:image":"https:\/\/allasorias.hu\/hirek\/wp-content\/uploads\/2019\/05\/cash-euro-finance-63635.jpg","og:image:secure_url":"https:\/\/allasorias.hu\/hirek\/wp-content\/uploads\/2019\/05\/cash-euro-finance-63635.jpg","og:image:width":639,"og:image:height":426,"article:published_time":"2019-05-17T06:40:33+00:00","article:modified_time":"2019-05-16T08:42:33+00:00","article:publisher":"https:\/\/www.facebook.com\/allasorias","twitter:card":"summary_large_image","twitter:title":"Eur\u00f3pai b\u00e9reket szeretne mindenki Magyarorsz\u00e1gon | AllasOrias.hu | H\u00edrek-lapszemle","twitter:description":"A magyarok h\u00e1romnegyede szerint j\u00f3 lenne, ha szoci\u00e1lis k\u00e9rd\u00e9sekben is lenne hat\u00e1sa az EU-nak, p\u00e9ld\u00e1ul k\u00f6z\u00f6s minim\u00e1lb\u00e9rt vagy k\u00f6z\u00f6s minim\u00e1lnyugd\u00edjat hat\u00e1rozna meg \u2013 der\u00fclt ki abb\u00f3l a k\u00f6zv\u00e9lem\u00e9ny-kutat\u00e1sb\u00f3l, amelyet a Z\u00e1vecz Research v\u00e9gzett a 24.hu megb\u00edz\u00e1s\u00e1b\u00f3l. M\u00e9g a fideszesek t\u00f6bbs\u00e9ge is egyet\u00e9rt a felvet\u00e9ssel. A felm\u00e9r\u00e9s szerint az erre a k\u00e9rd\u00e9sre adott v\u00e1laszban nincs k\u00fcl\u00f6nbs\u00e9g","twitter:image":"https:\/\/allasorias.hu\/hirek\/wp-content\/uploads\/2019\/05\/cash-euro-finance-63635.jpg","twitter:label1":"Written by","twitter:data1":"Juh\u00e1sz P\u00e9ter","twitter:label2":"Est. reading time","twitter:data2":"1 minute"},"aioseo_meta_data":{"post_id":"2898","title":null,"description":null,"keywords":null,"keyphrases":null,"primary_term":null,"canonical_url":null,"og_title":null,"og_description":null,"og_object_type":"default","og_image_type":"default","og_image_url":null,"og_image_width":null,"og_image_height":null,"og_image_custom_url":null,"og_image_custom_fields":null,"og_video":null,"og_custom_url":null,"og_article_section":null,"og_article_tags":null,"twitter_use_og":false,"twitter_card":"default","twitter_image_type":"default","twitter_image_url":null,"twitter_image_custom_url":null,"twitter_image_custom_fields":null,"twitter_title":null,"twitter_description":null,"schema":{"blockGraphs":[],"customGraphs":[],"default":{"data":{"Article":[],"Course":[],"Dataset":[],"FAQPage":[],"Movie":[],"Person":[],"Product":[],"ProductReview":[],"Car":[],"Recipe":[],"Service":[],"SoftwareApplication":[],"WebPage":[]},"graphName":"","isEnabled":true},"graphs":[],"defaultGraph":"","defaultPostTypeGraph":""},"schema_type":null,"schema_type_options":null,"pillar_content":false,"robots_default":true,"robots_noindex":false,"robots_noarchive":false,"robots_nosnippet":false,"robots_nofollow":false,"robots_noimageindex":false,"robots_noodp":false,"robots_notranslate":false,"robots_max_snippet":null,"robots_max_videopreview":null,"robots_max_imagepreview":"large","priority":null,"frequency":null,"location":null,"local_seo":null,"breadcrumb_settings":null,"limit_modified_date":false,"ai":null,"created":"2021-02-01 21:28:16","updated":"2025-10-02 11:20:11","seo_analyzer_scan_date":null,"focus_keyword":null,"additional_keywords":null,"truseo_locale":null},"aioseo_breadcrumb":"<div class=\"aioseo-breadcrumbs\"><span class=\"aioseo-breadcrumb\">\n\t\t\t<a href=\"https:\/\/allasorias.hu\/hirek\" title=\"Home\">Home<\/a>\n\t\t<\/span><span class=\"aioseo-breadcrumb-separator\">&raquo;<\/span><span class=\"aioseo-breadcrumb\">\n\t\t\t<a href=\"https:\/\/allasorias.hu\/hirek\/temak\/gazdasag\/\" title=\"Gazdas\u00e1g\">Gazdas\u00e1g<\/a>\n\t\t<\/span><span class=\"aioseo-breadcrumb-separator\">&raquo;<\/span><span class=\"aioseo-breadcrumb\">\n\t\t\tEur\u00f3pai b\u00e9reket szeretne mindenki Magyarorsz\u00e1gon\n\t\t<\/span><\/div>","aioseo_breadcrumb_json":[{"label":"Home","link":"https:\/\/allasorias.hu\/hirek"},{"label":"Gazdas\u00e1g","link":"https:\/\/allasorias.hu\/hirek\/temak\/gazdasag\/"},{"label":"Eur\u00f3pai b\u00e9reket szeretne mindenki Magyarorsz\u00e1gon","link":"https:\/\/allasorias.hu\/hirek\/europai-bereket-szeretne-mindenki-magyarorszagon\/"}],"_links":{"self":[{"href":"https:\/\/allasorias.hu\/hirek\/wp-json\/wp\/v2\/posts\/2898","targetHints":{"allow":["GET"]}}],"collection":[{"href":"https:\/\/allasorias.hu\/hirek\/wp-json\/wp\/v2\/posts"}],"about":[{"href":"https:\/\/allasorias.hu\/hirek\/wp-json\/wp\/v2\/types\/post"}],"author":[{"embeddable":true,"href":"https:\/\/allasorias.hu\/hirek\/wp-json\/wp\/v2\/users\/1"}],"replies":[{"embeddable":true,"href":"https:\/\/allasorias.hu\/hirek\/wp-json\/wp\/v2\/comments?post=2898"}],"version-history":[{"count":1,"href":"https:\/\/allasorias.hu\/hirek\/wp-json\/wp\/v2\/posts\/2898\/revisions"}],"predecessor-version":[{"id":2900,"href":"https:\/\/allasorias.hu\/hirek\/wp-json\/wp\/v2\/posts\/2898\/revisions\/2900"}],"wp:featuredmedia":[{"embeddable":true,"href":"https:\/\/allasorias.hu\/hirek\/wp-json\/wp\/v2\/media\/2899"}],"wp:attachment":[{"href":"https:\/\/allasorias.hu\/hirek\/wp-json\/wp\/v2\/media?parent=2898"}],"wp:term":[{"taxonomy":"category","embeddable":true,"href":"https:\/\/allasorias.hu\/hirek\/wp-json\/wp\/v2\/categories?post=2898"},{"taxonomy":"post_tag","embeddable":true,"href":"https:\/\/allasorias.hu\/hirek\/wp-json\/wp\/v2\/tags?post=2898"}],"curies":[{"name":"wp","href":"https:\/\/api.w.org\/{rel}","templated":true}]}}