{"id":2896,"date":"2019-05-16T08:40:02","date_gmt":"2019-05-16T08:40:02","guid":{"rendered":"https:\/\/allasorias.hu\/hirek\/?p=2896"},"modified":"2019-05-16T08:40:02","modified_gmt":"2019-05-16T08:40:02","slug":"csokken-a-magyar-munkavallalok-szama","status":"publish","type":"post","link":"https:\/\/allasorias.hu\/hirek\/csokken-a-magyar-munkavallalok-szama\/","title":{"rendered":"Cs\u00f6kken a magyar munkav\u00e1llal\u00f3k sz\u00e1ma"},"content":{"rendered":"<p><strong>Folyamatosan cs\u00f6kken a magyar munkav\u00e1llal\u00f3k sz\u00e1ma \u00e9s nem l\u00e1tszik a trend megfordul\u00e1sa \u2013 h\u00edvta fel a figyelmet az Alternat\u00edv Gazdas\u00e1gi Kutat\u00f3k\u00f6zpont legfrissebb kutat\u00e1sa. Folyamatos probl\u00e9m\u00e1kat \u00e9s k\u00e9nyszerhelyzetet okoz a magyar gazdas\u00e1gban az \u00e1lland\u00f3sult munkaer\u0151hi\u00e1ny, amely szinte a gazdas\u00e1g minden szegmens\u00e9ben \u00e9rezteti a hat\u00e1s\u00e1t.<\/strong><\/p>\n<p>Sok v\u00e1llalat jelzi, hogy tov\u00e1bbi fejleszt\u00e9sei, beruh\u00e1z\u00e1sai megval\u00f3sul\u00e1s\u00e1hoz m\u00e1r nem tal\u00e1l megfelel\u0151 k\u00e9pzetts\u00e9g\u0171 munkaer\u0151t, azonban vannak olyan c\u00e9gek, ahol m\u00e1r a megl\u00e9v\u0151 munkafolyamatok elv\u00e9gz\u00e9s\u00e9hez sincs el\u00e9g dolgoz\u00f3. Az Alternat\u00edv Gazdas\u00e1gi \u00e9s Demogr\u00e1fiai K\u00f6zpont elv\u00e9gzett legut\u00f3bbi kutat\u00e1sa r\u00e1mutat a munkaer\u0151hi\u00e1ny kialakul\u00e1s\u00e1ban jelent\u0151s szerepet j\u00e1tsz\u00f3 egyik t\u00e9nyez\u0151re, a jelenleg is folyamatban l\u00e9v\u0151 gener\u00e1ci\u00f3v\u00e1lt\u00e1sra a munkaer\u0151piacon. Az Alternat\u00edv Gazdas\u00e1gi \u00e9s Demogr\u00e1fiai k\u00f6zpont sz\u00e1mszer\u0171s\u00edtette a KSH adati alapj\u00e1n, \u00e9vente mennyivel cs\u00f6kkent vagy cs\u00f6kken a \u201eRatk\u00f3\u201d gener\u00e1ci\u00f3 nyugd\u00edjba vonul\u00e1s\u00e1val az akt\u00edv munkaer\u0151 sz\u00e1ma Magyarorsz\u00e1gon. Neh\u00e9z helyzetbe hozza a gazdas\u00e1gi szerepl\u0151ket, hogy \u00e9vente megk\u00f6zel\u00edt\u0151leg 30.000 dolgoz\u00f3val kevesebbre sz\u00e1m\u00edthatnak a munkaer\u0151piacon. Fontos l\u00e1tni, hogy 3,5 sz\u00e1zal\u00e9kos tart\u00f3s GDP n\u00f6veked\u00e9s 10 \u00e9vre vonatkoztatva 41 sz\u00e1zal\u00e9kos n\u00f6veked\u00e9st jelent, amely teljes\u00edt\u00e9s\u00e9hez bizonyos mennyis\u00e9g\u0171 munkaer\u0151t\u00f6bblet is sz\u00fcks\u00e9ges, ennek ellen\u00e9re a magyar munkaer\u0151 csak a gener\u00e1ci\u00f3s okok k\u00f6vetkezt\u00e9ben megk\u00f6zel\u00edt\u0151leg harmincezer f\u0151vel fogyatkozik \u00e9vente. A sz\u00e1m m\u00e9g lehangol\u00f3bbnak t\u0171nhet, amennyiben belekalkul\u00e1ljuk azon fiatalokat, illetve k\u00f6z\u00e9pkor\u00faakat, akik nem Magyarorsz\u00e1gon k\u00e9pzelik el a j\u00f6v\u0151j\u00fcket. A Magyarorsz\u00e1got elhagy\u00f3 magyar \u00e1llampolg\u00e1rok sz\u00e1m\u00e1r\u00f3l, csak becs\u00fclt adatok \u00e1llnak jelenleg rendelkez\u00e9sre.<\/p>\n<p>Forr\u00e1s: szakszervezetek.hu<\/p>\n","protected":false},"excerpt":{"rendered":"<p>Folyamatosan cs\u00f6kken a magyar munkav\u00e1llal\u00f3k sz\u00e1ma \u00e9s nem l\u00e1tszik a trend megfordul\u00e1sa \u2013 h\u00edvta fel a figyelmet az Alternat\u00edv Gazdas\u00e1gi Kutat\u00f3k\u00f6zpont legfrissebb kutat\u00e1sa. Folyamatos probl\u00e9m\u00e1kat \u00e9s k\u00e9nyszerhelyzetet okoz a magyar gazdas\u00e1gban az \u00e1lland\u00f3sult munkaer\u0151hi\u00e1ny, amely szinte a gazdas\u00e1g minden szegmens\u00e9ben \u00e9rezteti a hat\u00e1s\u00e1t. Sok v\u00e1llalat jelzi, hogy tov\u00e1bbi fejleszt\u00e9sei, beruh\u00e1z\u00e1sai megval\u00f3sul\u00e1s\u00e1hoz m\u00e1r nem tal\u00e1l megfelel\u0151 [&hellip;]<\/p>\n","protected":false},"author":1,"featured_media":2357,"comment_status":"open","ping_status":"open","sticky":false,"template":"","format":"standard","meta":{"_monsterinsights_skip_tracking":false,"footnotes":""},"categories":[200],"tags":[],"class_list":["post-2896","post","type-post","status-publish","format-standard","has-post-thumbnail","hentry","category-munkaeropiac"],"aioseo_notices":[],"aioseo_head":"\n\t\t<!-- All in One SEO 5.0.0.1 - aioseo.com -->\n\t<meta name=\"description\" content=\"Folyamatosan cs\u00f6kken a magyar munkav\u00e1llal\u00f3k sz\u00e1ma \u00e9s nem l\u00e1tszik a trend megfordul\u00e1sa \u2013 h\u00edvta fel a figyelmet az Alternat\u00edv Gazdas\u00e1gi Kutat\u00f3k\u00f6zpont legfrissebb kutat\u00e1sa. Folyamatos probl\u00e9m\u00e1kat \u00e9s k\u00e9nyszerhelyzetet okoz a magyar gazdas\u00e1gban az \u00e1lland\u00f3sult munkaer\u0151hi\u00e1ny, amely szinte a gazdas\u00e1g minden szegmens\u00e9ben \u00e9rezteti a hat\u00e1s\u00e1t. Sok v\u00e1llalat jelzi, hogy tov\u00e1bbi fejleszt\u00e9sei, beruh\u00e1z\u00e1sai megval\u00f3sul\u00e1s\u00e1hoz m\u00e1r nem tal\u00e1l megfelel\u0151\" \/>\n\t<meta name=\"robots\" content=\"max-image-preview:large\" \/>\n\t<meta name=\"author\" content=\"Juh\u00e1sz P\u00e9ter\"\/>\n\t<link rel=\"canonical\" href=\"https:\/\/allasorias.hu\/hirek\/csokken-a-magyar-munkavallalok-szama\/\" \/>\n\t<meta name=\"generator\" content=\"All in One SEO (AIOSEO) 5.0.0.1\" \/>\n\t\t<meta property=\"og:locale\" content=\"hu_HU\" \/>\n\t\t<meta property=\"og:site_name\" content=\"AllasOrias.hu | H\u00edrek-lapszemle | \u00dczleti h\u00edrek az \u00e1ll\u00e1s \u00e9s a munka vil\u00e1g\u00e1b\u00f3l\" \/>\n\t\t<meta property=\"og:type\" content=\"article\" \/>\n\t\t<meta property=\"og:title\" content=\"Cs\u00f6kken a magyar munkav\u00e1llal\u00f3k sz\u00e1ma | AllasOrias.hu | H\u00edrek-lapszemle\" \/>\n\t\t<meta property=\"og:description\" content=\"Folyamatosan cs\u00f6kken a magyar munkav\u00e1llal\u00f3k sz\u00e1ma \u00e9s nem l\u00e1tszik a trend megfordul\u00e1sa \u2013 h\u00edvta fel a figyelmet az Alternat\u00edv Gazdas\u00e1gi Kutat\u00f3k\u00f6zpont legfrissebb kutat\u00e1sa. Folyamatos probl\u00e9m\u00e1kat \u00e9s k\u00e9nyszerhelyzetet okoz a magyar gazdas\u00e1gban az \u00e1lland\u00f3sult munkaer\u0151hi\u00e1ny, amely szinte a gazdas\u00e1g minden szegmens\u00e9ben \u00e9rezteti a hat\u00e1s\u00e1t. Sok v\u00e1llalat jelzi, hogy tov\u00e1bbi fejleszt\u00e9sei, beruh\u00e1z\u00e1sai megval\u00f3sul\u00e1s\u00e1hoz m\u00e1r nem tal\u00e1l megfelel\u0151\" \/>\n\t\t<meta property=\"og:url\" content=\"https:\/\/allasorias.hu\/hirek\/csokken-a-magyar-munkavallalok-szama\/\" \/>\n\t\t<meta property=\"og:image\" content=\"https:\/\/allasorias.hu\/hirek\/wp-content\/uploads\/2018\/12\/graph-3078539_640.png\" \/>\n\t\t<meta property=\"og:image:secure_url\" content=\"https:\/\/allasorias.hu\/hirek\/wp-content\/uploads\/2018\/12\/graph-3078539_640.png\" \/>\n\t\t<meta property=\"og:image:width\" content=\"640\" \/>\n\t\t<meta property=\"og:image:height\" content=\"426\" \/>\n\t\t<meta property=\"article:published_time\" content=\"2019-05-16T08:40:02+00:00\" \/>\n\t\t<meta property=\"article:modified_time\" content=\"2019-05-16T08:40:02+00:00\" \/>\n\t\t<meta property=\"article:publisher\" content=\"https:\/\/www.facebook.com\/allasorias\" \/>\n\t\t<meta name=\"twitter:card\" content=\"summary_large_image\" \/>\n\t\t<meta name=\"twitter:title\" content=\"Cs\u00f6kken a magyar munkav\u00e1llal\u00f3k sz\u00e1ma | AllasOrias.hu | H\u00edrek-lapszemle\" \/>\n\t\t<meta name=\"twitter:description\" content=\"Folyamatosan cs\u00f6kken a magyar munkav\u00e1llal\u00f3k sz\u00e1ma \u00e9s nem l\u00e1tszik a trend megfordul\u00e1sa \u2013 h\u00edvta fel a figyelmet az Alternat\u00edv Gazdas\u00e1gi Kutat\u00f3k\u00f6zpont legfrissebb kutat\u00e1sa. Folyamatos probl\u00e9m\u00e1kat \u00e9s k\u00e9nyszerhelyzetet okoz a magyar gazdas\u00e1gban az \u00e1lland\u00f3sult munkaer\u0151hi\u00e1ny, amely szinte a gazdas\u00e1g minden szegmens\u00e9ben \u00e9rezteti a hat\u00e1s\u00e1t. Sok v\u00e1llalat jelzi, hogy tov\u00e1bbi fejleszt\u00e9sei, beruh\u00e1z\u00e1sai megval\u00f3sul\u00e1s\u00e1hoz m\u00e1r nem tal\u00e1l megfelel\u0151\" \/>\n\t\t<meta name=\"twitter:image\" content=\"https:\/\/allasorias.hu\/hirek\/wp-content\/uploads\/2018\/12\/graph-3078539_640.png\" \/>\n\t\t<meta name=\"twitter:label1\" content=\"Written by\" \/>\n\t\t<meta name=\"twitter:data1\" content=\"Juh\u00e1sz P\u00e9ter\" \/>\n\t\t<meta name=\"twitter:label2\" content=\"Est. reading time\" \/>\n\t\t<meta name=\"twitter:data2\" content=\"2 minutes\" \/>\n\t\t<script type=\"application\/ld+json\" class=\"aioseo-schema\">\n\t\t\t{\"@context\":\"https:\\\/\\\/schema.org\",\"@graph\":[{\"@type\":\"Article\",\"@id\":\"https:\\\/\\\/allasorias.hu\\\/hirek\\\/csokken-a-magyar-munkavallalok-szama\\\/#article\",\"name\":\"Cs\\u00f6kken a magyar munkav\\u00e1llal\\u00f3k sz\\u00e1ma | AllasOrias.hu | H\\u00edrek-lapszemle\",\"headline\":\"Cs\\u00f6kken a magyar munkav\\u00e1llal\\u00f3k sz\\u00e1ma\",\"author\":{\"@id\":\"https:\\\/\\\/allasorias.hu\\\/hirek\\\/author\\\/admin-allasorias\\\/#author\"},\"publisher\":{\"@id\":\"https:\\\/\\\/allasorias.hu\\\/hirek\\\/#organization\"},\"image\":{\"@type\":\"ImageObject\",\"url\":\"https:\\\/\\\/allasorias.hu\\\/hirek\\\/wp-content\\\/uploads\\\/2018\\\/12\\\/graph-3078539_640.png\",\"width\":640,\"height\":426},\"datePublished\":\"2019-05-16T08:40:02+02:00\",\"dateModified\":\"2019-05-16T08:40:02+02:00\",\"inLanguage\":\"hu-HU\",\"commentCount\":3,\"mainEntityOfPage\":{\"@id\":\"https:\\\/\\\/allasorias.hu\\\/hirek\\\/csokken-a-magyar-munkavallalok-szama\\\/#webpage\"},\"isPartOf\":{\"@id\":\"https:\\\/\\\/allasorias.hu\\\/hirek\\\/csokken-a-magyar-munkavallalok-szama\\\/#webpage\"},\"articleSection\":\"Munkaer\\u0151piac\"},{\"@type\":\"BreadcrumbList\",\"@id\":\"https:\\\/\\\/allasorias.hu\\\/hirek\\\/csokken-a-magyar-munkavallalok-szama\\\/#breadcrumblist\",\"itemListElement\":[{\"@type\":\"ListItem\",\"@id\":\"https:\\\/\\\/allasorias.hu\\\/hirek#listItem\",\"position\":1,\"name\":\"Home\",\"item\":\"https:\\\/\\\/allasorias.hu\\\/hirek\",\"nextItem\":{\"@type\":\"ListItem\",\"@id\":\"https:\\\/\\\/allasorias.hu\\\/hirek\\\/temak\\\/munkaeropiac\\\/#listItem\",\"name\":\"Munkaer\\u0151piac\"}},{\"@type\":\"ListItem\",\"@id\":\"https:\\\/\\\/allasorias.hu\\\/hirek\\\/temak\\\/munkaeropiac\\\/#listItem\",\"position\":2,\"name\":\"Munkaer\\u0151piac\",\"item\":\"https:\\\/\\\/allasorias.hu\\\/hirek\\\/temak\\\/munkaeropiac\\\/\",\"nextItem\":{\"@type\":\"ListItem\",\"@id\":\"https:\\\/\\\/allasorias.hu\\\/hirek\\\/csokken-a-magyar-munkavallalok-szama\\\/#listItem\",\"name\":\"Cs\\u00f6kken a magyar munkav\\u00e1llal\\u00f3k sz\\u00e1ma\"},\"previousItem\":{\"@type\":\"ListItem\",\"@id\":\"https:\\\/\\\/allasorias.hu\\\/hirek#listItem\",\"name\":\"Home\"}},{\"@type\":\"ListItem\",\"@id\":\"https:\\\/\\\/allasorias.hu\\\/hirek\\\/csokken-a-magyar-munkavallalok-szama\\\/#listItem\",\"position\":3,\"name\":\"Cs\\u00f6kken a magyar munkav\\u00e1llal\\u00f3k sz\\u00e1ma\",\"previousItem\":{\"@type\":\"ListItem\",\"@id\":\"https:\\\/\\\/allasorias.hu\\\/hirek\\\/temak\\\/munkaeropiac\\\/#listItem\",\"name\":\"Munkaer\\u0151piac\"}}]},{\"@type\":\"Organization\",\"@id\":\"https:\\\/\\\/allasorias.hu\\\/hirek\\\/#organization\",\"name\":\"AllasOrias.hu | H\\u00edrek-lapszemle\",\"description\":\"\\u00dczleti h\\u00edrek az \\u00e1ll\\u00e1s \\u00e9s a munka vil\\u00e1g\\u00e1b\\u00f3l\",\"url\":\"https:\\\/\\\/allasorias.hu\\\/hirek\\\/\",\"logo\":{\"@type\":\"ImageObject\",\"url\":\"https:\\\/\\\/allasorias.hu\\\/hirek\\\/wp-content\\\/uploads\\\/2022\\\/10\\\/allasorias_site_facebok_logo.png\",\"@id\":\"https:\\\/\\\/allasorias.hu\\\/hirek\\\/csokken-a-magyar-munkavallalok-szama\\\/#organizationLogo\"},\"image\":{\"@id\":\"https:\\\/\\\/allasorias.hu\\\/hirek\\\/csokken-a-magyar-munkavallalok-szama\\\/#organizationLogo\"},\"sameAs\":[\"https:\\\/\\\/www.facebook.com\\\/allasorias\",\"https:\\\/\\\/www.linkedin.com\\\/company\\\/allasorias\"]},{\"@type\":\"Person\",\"@id\":\"https:\\\/\\\/allasorias.hu\\\/hirek\\\/author\\\/admin-allasorias\\\/#author\",\"url\":\"https:\\\/\\\/allasorias.hu\\\/hirek\\\/author\\\/admin-allasorias\\\/\",\"name\":\"Juh\\u00e1sz P\\u00e9ter\",\"image\":{\"@type\":\"ImageObject\",\"@id\":\"https:\\\/\\\/allasorias.hu\\\/hirek\\\/csokken-a-magyar-munkavallalok-szama\\\/#authorImage\",\"url\":\"https:\\\/\\\/secure.gravatar.com\\\/avatar\\\/36e6bcb83148978b992977cb0f54d22feb0cce8a0a849a9410532bb2623ba4c6?s=96&d=mm&r=g\",\"width\":96,\"height\":96,\"caption\":\"Juh\\u00e1sz P\\u00e9ter\"}},{\"@type\":\"WebPage\",\"@id\":\"https:\\\/\\\/allasorias.hu\\\/hirek\\\/csokken-a-magyar-munkavallalok-szama\\\/#webpage\",\"url\":\"https:\\\/\\\/allasorias.hu\\\/hirek\\\/csokken-a-magyar-munkavallalok-szama\\\/\",\"name\":\"Cs\\u00f6kken a magyar munkav\\u00e1llal\\u00f3k sz\\u00e1ma | AllasOrias.hu | H\\u00edrek-lapszemle\",\"description\":\"Folyamatosan cs\\u00f6kken a magyar munkav\\u00e1llal\\u00f3k sz\\u00e1ma \\u00e9s nem l\\u00e1tszik a trend megfordul\\u00e1sa \\u2013 h\\u00edvta fel a figyelmet az Alternat\\u00edv Gazdas\\u00e1gi Kutat\\u00f3k\\u00f6zpont legfrissebb kutat\\u00e1sa. Folyamatos probl\\u00e9m\\u00e1kat \\u00e9s k\\u00e9nyszerhelyzetet okoz a magyar gazdas\\u00e1gban az \\u00e1lland\\u00f3sult munkaer\\u0151hi\\u00e1ny, amely szinte a gazdas\\u00e1g minden szegmens\\u00e9ben \\u00e9rezteti a hat\\u00e1s\\u00e1t. Sok v\\u00e1llalat jelzi, hogy tov\\u00e1bbi fejleszt\\u00e9sei, beruh\\u00e1z\\u00e1sai megval\\u00f3sul\\u00e1s\\u00e1hoz m\\u00e1r nem tal\\u00e1l megfelel\\u0151\",\"inLanguage\":\"hu-HU\",\"isPartOf\":{\"@id\":\"https:\\\/\\\/allasorias.hu\\\/hirek\\\/#website\"},\"breadcrumb\":{\"@id\":\"https:\\\/\\\/allasorias.hu\\\/hirek\\\/csokken-a-magyar-munkavallalok-szama\\\/#breadcrumblist\"},\"author\":{\"@id\":\"https:\\\/\\\/allasorias.hu\\\/hirek\\\/author\\\/admin-allasorias\\\/#author\"},\"creator\":{\"@id\":\"https:\\\/\\\/allasorias.hu\\\/hirek\\\/author\\\/admin-allasorias\\\/#author\"},\"image\":{\"@type\":\"ImageObject\",\"url\":\"https:\\\/\\\/allasorias.hu\\\/hirek\\\/wp-content\\\/uploads\\\/2018\\\/12\\\/graph-3078539_640.png\",\"@id\":\"https:\\\/\\\/allasorias.hu\\\/hirek\\\/csokken-a-magyar-munkavallalok-szama\\\/#mainImage\",\"width\":640,\"height\":426},\"primaryImageOfPage\":{\"@id\":\"https:\\\/\\\/allasorias.hu\\\/hirek\\\/csokken-a-magyar-munkavallalok-szama\\\/#mainImage\"},\"datePublished\":\"2019-05-16T08:40:02+02:00\",\"dateModified\":\"2019-05-16T08:40:02+02:00\"},{\"@type\":\"WebSite\",\"@id\":\"https:\\\/\\\/allasorias.hu\\\/hirek\\\/#website\",\"url\":\"https:\\\/\\\/allasorias.hu\\\/hirek\\\/\",\"name\":\"AllasOrias.hu | H\\u00edrek-lapszemle\",\"description\":\"\\u00dczleti h\\u00edrek az \\u00e1ll\\u00e1s \\u00e9s a munka vil\\u00e1g\\u00e1b\\u00f3l\",\"inLanguage\":\"hu-HU\",\"publisher\":{\"@id\":\"https:\\\/\\\/allasorias.hu\\\/hirek\\\/#organization\"}}]}\n\t\t<\/script>\n\t\t<!-- All in One SEO -->\n\n","aioseo_head_json":{"title":"Cs\u00f6kken a magyar munkav\u00e1llal\u00f3k sz\u00e1ma | AllasOrias.hu | H\u00edrek-lapszemle","description":"Folyamatosan cs\u00f6kken a magyar munkav\u00e1llal\u00f3k sz\u00e1ma \u00e9s nem l\u00e1tszik a trend megfordul\u00e1sa \u2013 h\u00edvta fel a figyelmet az Alternat\u00edv Gazdas\u00e1gi Kutat\u00f3k\u00f6zpont legfrissebb kutat\u00e1sa. Folyamatos probl\u00e9m\u00e1kat \u00e9s k\u00e9nyszerhelyzetet okoz a magyar gazdas\u00e1gban az \u00e1lland\u00f3sult munkaer\u0151hi\u00e1ny, amely szinte a gazdas\u00e1g minden szegmens\u00e9ben \u00e9rezteti a hat\u00e1s\u00e1t. Sok v\u00e1llalat jelzi, hogy tov\u00e1bbi fejleszt\u00e9sei, beruh\u00e1z\u00e1sai megval\u00f3sul\u00e1s\u00e1hoz m\u00e1r nem tal\u00e1l megfelel\u0151","canonical_url":"https:\/\/allasorias.hu\/hirek\/csokken-a-magyar-munkavallalok-szama\/","robots":"max-image-preview:large","keywords":"","webmasterTools":{"miscellaneous":""},"schema":{"@context":"https:\/\/schema.org","@graph":[{"@type":"Article","@id":"https:\/\/allasorias.hu\/hirek\/csokken-a-magyar-munkavallalok-szama\/#article","name":"Cs\u00f6kken a magyar munkav\u00e1llal\u00f3k sz\u00e1ma | AllasOrias.hu | H\u00edrek-lapszemle","headline":"Cs\u00f6kken a magyar munkav\u00e1llal\u00f3k sz\u00e1ma","author":{"@id":"https:\/\/allasorias.hu\/hirek\/author\/admin-allasorias\/#author"},"publisher":{"@id":"https:\/\/allasorias.hu\/hirek\/#organization"},"image":{"@type":"ImageObject","url":"https:\/\/allasorias.hu\/hirek\/wp-content\/uploads\/2018\/12\/graph-3078539_640.png","width":640,"height":426},"datePublished":"2019-05-16T08:40:02+02:00","dateModified":"2019-05-16T08:40:02+02:00","inLanguage":"hu-HU","commentCount":3,"mainEntityOfPage":{"@id":"https:\/\/allasorias.hu\/hirek\/csokken-a-magyar-munkavallalok-szama\/#webpage"},"isPartOf":{"@id":"https:\/\/allasorias.hu\/hirek\/csokken-a-magyar-munkavallalok-szama\/#webpage"},"articleSection":"Munkaer\u0151piac"},{"@type":"BreadcrumbList","@id":"https:\/\/allasorias.hu\/hirek\/csokken-a-magyar-munkavallalok-szama\/#breadcrumblist","itemListElement":[{"@type":"ListItem","@id":"https:\/\/allasorias.hu\/hirek#listItem","position":1,"name":"Home","item":"https:\/\/allasorias.hu\/hirek","nextItem":{"@type":"ListItem","@id":"https:\/\/allasorias.hu\/hirek\/temak\/munkaeropiac\/#listItem","name":"Munkaer\u0151piac"}},{"@type":"ListItem","@id":"https:\/\/allasorias.hu\/hirek\/temak\/munkaeropiac\/#listItem","position":2,"name":"Munkaer\u0151piac","item":"https:\/\/allasorias.hu\/hirek\/temak\/munkaeropiac\/","nextItem":{"@type":"ListItem","@id":"https:\/\/allasorias.hu\/hirek\/csokken-a-magyar-munkavallalok-szama\/#listItem","name":"Cs\u00f6kken a magyar munkav\u00e1llal\u00f3k sz\u00e1ma"},"previousItem":{"@type":"ListItem","@id":"https:\/\/allasorias.hu\/hirek#listItem","name":"Home"}},{"@type":"ListItem","@id":"https:\/\/allasorias.hu\/hirek\/csokken-a-magyar-munkavallalok-szama\/#listItem","position":3,"name":"Cs\u00f6kken a magyar munkav\u00e1llal\u00f3k sz\u00e1ma","previousItem":{"@type":"ListItem","@id":"https:\/\/allasorias.hu\/hirek\/temak\/munkaeropiac\/#listItem","name":"Munkaer\u0151piac"}}]},{"@type":"Organization","@id":"https:\/\/allasorias.hu\/hirek\/#organization","name":"AllasOrias.hu | H\u00edrek-lapszemle","description":"\u00dczleti h\u00edrek az \u00e1ll\u00e1s \u00e9s a munka vil\u00e1g\u00e1b\u00f3l","url":"https:\/\/allasorias.hu\/hirek\/","logo":{"@type":"ImageObject","url":"https:\/\/allasorias.hu\/hirek\/wp-content\/uploads\/2022\/10\/allasorias_site_facebok_logo.png","@id":"https:\/\/allasorias.hu\/hirek\/csokken-a-magyar-munkavallalok-szama\/#organizationLogo"},"image":{"@id":"https:\/\/allasorias.hu\/hirek\/csokken-a-magyar-munkavallalok-szama\/#organizationLogo"},"sameAs":["https:\/\/www.facebook.com\/allasorias","https:\/\/www.linkedin.com\/company\/allasorias"]},{"@type":"Person","@id":"https:\/\/allasorias.hu\/hirek\/author\/admin-allasorias\/#author","url":"https:\/\/allasorias.hu\/hirek\/author\/admin-allasorias\/","name":"Juh\u00e1sz P\u00e9ter","image":{"@type":"ImageObject","@id":"https:\/\/allasorias.hu\/hirek\/csokken-a-magyar-munkavallalok-szama\/#authorImage","url":"https:\/\/secure.gravatar.com\/avatar\/36e6bcb83148978b992977cb0f54d22feb0cce8a0a849a9410532bb2623ba4c6?s=96&d=mm&r=g","width":96,"height":96,"caption":"Juh\u00e1sz P\u00e9ter"}},{"@type":"WebPage","@id":"https:\/\/allasorias.hu\/hirek\/csokken-a-magyar-munkavallalok-szama\/#webpage","url":"https:\/\/allasorias.hu\/hirek\/csokken-a-magyar-munkavallalok-szama\/","name":"Cs\u00f6kken a magyar munkav\u00e1llal\u00f3k sz\u00e1ma | AllasOrias.hu | H\u00edrek-lapszemle","description":"Folyamatosan cs\u00f6kken a magyar munkav\u00e1llal\u00f3k sz\u00e1ma \u00e9s nem l\u00e1tszik a trend megfordul\u00e1sa \u2013 h\u00edvta fel a figyelmet az Alternat\u00edv Gazdas\u00e1gi Kutat\u00f3k\u00f6zpont legfrissebb kutat\u00e1sa. Folyamatos probl\u00e9m\u00e1kat \u00e9s k\u00e9nyszerhelyzetet okoz a magyar gazdas\u00e1gban az \u00e1lland\u00f3sult munkaer\u0151hi\u00e1ny, amely szinte a gazdas\u00e1g minden szegmens\u00e9ben \u00e9rezteti a hat\u00e1s\u00e1t. Sok v\u00e1llalat jelzi, hogy tov\u00e1bbi fejleszt\u00e9sei, beruh\u00e1z\u00e1sai megval\u00f3sul\u00e1s\u00e1hoz m\u00e1r nem tal\u00e1l megfelel\u0151","inLanguage":"hu-HU","isPartOf":{"@id":"https:\/\/allasorias.hu\/hirek\/#website"},"breadcrumb":{"@id":"https:\/\/allasorias.hu\/hirek\/csokken-a-magyar-munkavallalok-szama\/#breadcrumblist"},"author":{"@id":"https:\/\/allasorias.hu\/hirek\/author\/admin-allasorias\/#author"},"creator":{"@id":"https:\/\/allasorias.hu\/hirek\/author\/admin-allasorias\/#author"},"image":{"@type":"ImageObject","url":"https:\/\/allasorias.hu\/hirek\/wp-content\/uploads\/2018\/12\/graph-3078539_640.png","@id":"https:\/\/allasorias.hu\/hirek\/csokken-a-magyar-munkavallalok-szama\/#mainImage","width":640,"height":426},"primaryImageOfPage":{"@id":"https:\/\/allasorias.hu\/hirek\/csokken-a-magyar-munkavallalok-szama\/#mainImage"},"datePublished":"2019-05-16T08:40:02+02:00","dateModified":"2019-05-16T08:40:02+02:00"},{"@type":"WebSite","@id":"https:\/\/allasorias.hu\/hirek\/#website","url":"https:\/\/allasorias.hu\/hirek\/","name":"AllasOrias.hu | H\u00edrek-lapszemle","description":"\u00dczleti h\u00edrek az \u00e1ll\u00e1s \u00e9s a munka vil\u00e1g\u00e1b\u00f3l","inLanguage":"hu-HU","publisher":{"@id":"https:\/\/allasorias.hu\/hirek\/#organization"}}]},"og:locale":"hu_HU","og:site_name":"AllasOrias.hu | H\u00edrek-lapszemle | \u00dczleti h\u00edrek az \u00e1ll\u00e1s \u00e9s a munka vil\u00e1g\u00e1b\u00f3l","og:type":"article","og:title":"Cs\u00f6kken a magyar munkav\u00e1llal\u00f3k sz\u00e1ma | AllasOrias.hu | H\u00edrek-lapszemle","og:description":"Folyamatosan cs\u00f6kken a magyar munkav\u00e1llal\u00f3k sz\u00e1ma \u00e9s nem l\u00e1tszik a trend megfordul\u00e1sa \u2013 h\u00edvta fel a figyelmet az Alternat\u00edv Gazdas\u00e1gi Kutat\u00f3k\u00f6zpont legfrissebb kutat\u00e1sa. Folyamatos probl\u00e9m\u00e1kat \u00e9s k\u00e9nyszerhelyzetet okoz a magyar gazdas\u00e1gban az \u00e1lland\u00f3sult munkaer\u0151hi\u00e1ny, amely szinte a gazdas\u00e1g minden szegmens\u00e9ben \u00e9rezteti a hat\u00e1s\u00e1t. Sok v\u00e1llalat jelzi, hogy tov\u00e1bbi fejleszt\u00e9sei, beruh\u00e1z\u00e1sai megval\u00f3sul\u00e1s\u00e1hoz m\u00e1r nem tal\u00e1l megfelel\u0151","og:url":"https:\/\/allasorias.hu\/hirek\/csokken-a-magyar-munkavallalok-szama\/","og:image":"https:\/\/allasorias.hu\/hirek\/wp-content\/uploads\/2018\/12\/graph-3078539_640.png","og:image:secure_url":"https:\/\/allasorias.hu\/hirek\/wp-content\/uploads\/2018\/12\/graph-3078539_640.png","og:image:width":640,"og:image:height":426,"article:published_time":"2019-05-16T08:40:02+00:00","article:modified_time":"2019-05-16T08:40:02+00:00","article:publisher":"https:\/\/www.facebook.com\/allasorias","twitter:card":"summary_large_image","twitter:title":"Cs\u00f6kken a magyar munkav\u00e1llal\u00f3k sz\u00e1ma | AllasOrias.hu | H\u00edrek-lapszemle","twitter:description":"Folyamatosan cs\u00f6kken a magyar munkav\u00e1llal\u00f3k sz\u00e1ma \u00e9s nem l\u00e1tszik a trend megfordul\u00e1sa \u2013 h\u00edvta fel a figyelmet az Alternat\u00edv Gazdas\u00e1gi Kutat\u00f3k\u00f6zpont legfrissebb kutat\u00e1sa. Folyamatos probl\u00e9m\u00e1kat \u00e9s k\u00e9nyszerhelyzetet okoz a magyar gazdas\u00e1gban az \u00e1lland\u00f3sult munkaer\u0151hi\u00e1ny, amely szinte a gazdas\u00e1g minden szegmens\u00e9ben \u00e9rezteti a hat\u00e1s\u00e1t. Sok v\u00e1llalat jelzi, hogy tov\u00e1bbi fejleszt\u00e9sei, beruh\u00e1z\u00e1sai megval\u00f3sul\u00e1s\u00e1hoz m\u00e1r nem tal\u00e1l megfelel\u0151","twitter:image":"https:\/\/allasorias.hu\/hirek\/wp-content\/uploads\/2018\/12\/graph-3078539_640.png","twitter:label1":"Written by","twitter:data1":"Juh\u00e1sz P\u00e9ter","twitter:label2":"Est. reading time","twitter:data2":"2 minutes"},"aioseo_meta_data":{"post_id":"2896","title":null,"description":null,"keywords":null,"keyphrases":null,"primary_term":null,"canonical_url":null,"og_title":null,"og_description":null,"og_object_type":"default","og_image_type":"default","og_image_url":null,"og_image_width":null,"og_image_height":null,"og_image_custom_url":null,"og_image_custom_fields":null,"og_video":null,"og_custom_url":null,"og_article_section":null,"og_article_tags":null,"twitter_use_og":false,"twitter_card":"default","twitter_image_type":"default","twitter_image_url":null,"twitter_image_custom_url":null,"twitter_image_custom_fields":null,"twitter_title":null,"twitter_description":null,"schema":{"blockGraphs":[],"customGraphs":[],"default":{"data":{"Article":[],"Course":[],"Dataset":[],"FAQPage":[],"Movie":[],"Person":[],"Product":[],"ProductReview":[],"Car":[],"Recipe":[],"Service":[],"SoftwareApplication":[],"WebPage":[]},"graphName":"","isEnabled":true},"graphs":[]},"schema_type":null,"schema_type_options":null,"pillar_content":false,"robots_default":true,"robots_noindex":false,"robots_noarchive":false,"robots_nosnippet":false,"robots_nofollow":false,"robots_noimageindex":false,"robots_noodp":false,"robots_notranslate":false,"robots_max_snippet":null,"robots_max_videopreview":null,"robots_max_imagepreview":"large","priority":null,"frequency":null,"location":null,"local_seo":null,"breadcrumb_settings":null,"limit_modified_date":false,"ai":null,"created":"2021-02-01 21:28:16","updated":"2025-10-02 11:18:33","seo_analyzer_scan_date":null,"focus_keyword":null,"additional_keywords":null,"truseo_locale":null},"aioseo_breadcrumb":"<div class=\"aioseo-breadcrumbs\"><span class=\"aioseo-breadcrumb\">\n\t\t\t<a href=\"https:\/\/allasorias.hu\/hirek\" title=\"Home\">Home<\/a>\n\t\t<\/span><span class=\"aioseo-breadcrumb-separator\">&raquo;<\/span><span class=\"aioseo-breadcrumb\">\n\t\t\t<a href=\"https:\/\/allasorias.hu\/hirek\/temak\/munkaeropiac\/\" title=\"Munkaer\u0151piac\">Munkaer\u0151piac<\/a>\n\t\t<\/span><span class=\"aioseo-breadcrumb-separator\">&raquo;<\/span><span class=\"aioseo-breadcrumb\">\n\t\t\tCs\u00f6kken a magyar munkav\u00e1llal\u00f3k sz\u00e1ma\n\t\t<\/span><\/div>","aioseo_breadcrumb_json":[{"label":"Home","link":"https:\/\/allasorias.hu\/hirek"},{"label":"Munkaer\u0151piac","link":"https:\/\/allasorias.hu\/hirek\/temak\/munkaeropiac\/"},{"label":"Cs\u00f6kken a magyar munkav\u00e1llal\u00f3k sz\u00e1ma","link":"https:\/\/allasorias.hu\/hirek\/csokken-a-magyar-munkavallalok-szama\/"}],"_links":{"self":[{"href":"https:\/\/allasorias.hu\/hirek\/wp-json\/wp\/v2\/posts\/2896","targetHints":{"allow":["GET"]}}],"collection":[{"href":"https:\/\/allasorias.hu\/hirek\/wp-json\/wp\/v2\/posts"}],"about":[{"href":"https:\/\/allasorias.hu\/hirek\/wp-json\/wp\/v2\/types\/post"}],"author":[{"embeddable":true,"href":"https:\/\/allasorias.hu\/hirek\/wp-json\/wp\/v2\/users\/1"}],"replies":[{"embeddable":true,"href":"https:\/\/allasorias.hu\/hirek\/wp-json\/wp\/v2\/comments?post=2896"}],"version-history":[{"count":1,"href":"https:\/\/allasorias.hu\/hirek\/wp-json\/wp\/v2\/posts\/2896\/revisions"}],"predecessor-version":[{"id":2897,"href":"https:\/\/allasorias.hu\/hirek\/wp-json\/wp\/v2\/posts\/2896\/revisions\/2897"}],"wp:featuredmedia":[{"embeddable":true,"href":"https:\/\/allasorias.hu\/hirek\/wp-json\/wp\/v2\/media\/2357"}],"wp:attachment":[{"href":"https:\/\/allasorias.hu\/hirek\/wp-json\/wp\/v2\/media?parent=2896"}],"wp:term":[{"taxonomy":"category","embeddable":true,"href":"https:\/\/allasorias.hu\/hirek\/wp-json\/wp\/v2\/categories?post=2896"},{"taxonomy":"post_tag","embeddable":true,"href":"https:\/\/allasorias.hu\/hirek\/wp-json\/wp\/v2\/tags?post=2896"}],"curies":[{"name":"wp","href":"https:\/\/api.w.org\/{rel}","templated":true}]}}