{"id":2891,"date":"2019-05-15T09:27:14","date_gmt":"2019-05-15T09:27:14","guid":{"rendered":"https:\/\/allasorias.hu\/hirek\/?p=2891"},"modified":"2019-05-15T09:27:14","modified_gmt":"2019-05-15T09:27:14","slug":"novekszik-a-gazdasag-magyarorszagon","status":"publish","type":"post","link":"https:\/\/allasorias.hu\/hirek\/novekszik-a-gazdasag-magyarorszagon\/","title":{"rendered":"N\u00f6vekszik a gazdas\u00e1g Magyarorsz\u00e1gon"},"content":{"rendered":"<p><strong>T\u00f6bb mint 5%-al n\u0151 tov\u00e1bb a magyar gazdas\u00e1g, az els\u0151 negyed\u00e9v teljes\u00edtm\u00e9nye az elm\u00falt \u00e9vek legjobb \u00e9vkezd\u00e9s\u00e9nek sz\u00e1m\u00edt. A magyar gazdas\u00e1g 2019 els\u0151 negyed\u00e9v\u00e9ben szezon\u00e1lisan \u00e9s napt\u00e1rhat\u00e1ssal igaz\u00edtottan 5,2 sz\u00e1zal\u00e9kkal b\u0151v\u00fclt a K\u00f6zponti Statisztikai Hivatal k\u00f6zl\u00e9se szerint. <\/strong><\/p>\n<p>Ezzel imm\u00e1r harmadik egym\u00e1st k\u00f6vet\u0151 negyed\u00e9vben \u00e9ri el \u00e9s haladja meg a b\u0151v\u00fcl\u00e9s m\u00e9rt\u00e9ke az 5 sz\u00e1zal\u00e9kot. Ha pedig a magyar gazdas\u00e1g \u00e9vkezd\u00e9seit n\u00e9zz\u00fck, akkor az elm\u00falt \u00e9vek legjobb teljes\u00edtm\u00e9nye a mostani: 2016-ban 1,4, 2017-ben 4,1, tavaly pedig 4,9 sz\u00e1zal\u00e9kos n\u00f6veked\u00e9ssel ind\u00edtotta az \u00e9vek a magyar GDP. A nyers adat szerint egy\u00e9bk\u00e9nt 5,3 sz\u00e1zal\u00e9kos volt a n\u00f6veked\u00e9s m\u00e9rt\u00e9ke.2018 utols\u00f3 negyed\u00e9v\u00e9hez viszony\u00edtva 1,5 sz\u00e1zal\u00e9kkal n\u00f6vekedett a gazdas\u00e1g, ami a kilencedik egym\u00e1st k\u00f6vet\u0151 negyed\u00e9v 1 sz\u00e1zal\u00e9kot meghalad\u00f3 b\u0151v\u00fcl\u00e9ssel. A KSH jelent\u00e9se szerint a l\u00e1tv\u00e1nyos n\u00f6veked\u00e9shez t\u00f6bb \u00e1gazat is hozz\u00e1j\u00e1rult, f\u0151k\u00e9nt az ipar, az \u00e9p\u00edt\u0151ipar \u00e9s a piaci alap\u00fa szolg\u00e1ltat\u00e1sok teljes\u00edtm\u00e9ny\u00e9nek k\u00f6sz\u00f6nhet\u0151 a mostani adat.Hogy ez mennyit \u00e9r Eur\u00f3p\u00e1ban, az majd 11-kor fog kider\u00fclni, amikor az Eurostat k\u00f6zz\u00e9teszi a tag\u00e1llamokra vonatkoz\u00f3 statisztik\u00e1j\u00e1t, de ilyen m\u00e9rt\u00e9k\u0171 b\u0151v\u00fcl\u00e9ssel j\u00f3 es\u00e9llyel a k\u00f6z\u00f6ss\u00e9g \u00e9lvonal\u00e1ba tartozik majd Magyarorsz\u00e1g.<\/p>\n<p>Forr\u00e1s: privatbankar.hu<\/p>\n","protected":false},"excerpt":{"rendered":"<p>T\u00f6bb mint 5%-al n\u0151 tov\u00e1bb a magyar gazdas\u00e1g, az els\u0151 negyed\u00e9v teljes\u00edtm\u00e9nye az elm\u00falt \u00e9vek legjobb \u00e9vkezd\u00e9s\u00e9nek sz\u00e1m\u00edt. A magyar gazdas\u00e1g 2019 els\u0151 negyed\u00e9v\u00e9ben szezon\u00e1lisan \u00e9s napt\u00e1rhat\u00e1ssal igaz\u00edtottan 5,2 sz\u00e1zal\u00e9kkal b\u0151v\u00fclt a K\u00f6zponti Statisztikai Hivatal k\u00f6zl\u00e9se szerint. Ezzel imm\u00e1r harmadik egym\u00e1st k\u00f6vet\u0151 negyed\u00e9vben \u00e9ri el \u00e9s haladja meg a b\u0151v\u00fcl\u00e9s m\u00e9rt\u00e9ke az 5 sz\u00e1zal\u00e9kot. Ha [&hellip;]<\/p>\n","protected":false},"author":1,"featured_media":2316,"comment_status":"open","ping_status":"open","sticky":false,"template":"","format":"standard","meta":{"_monsterinsights_skip_tracking":false,"footnotes":""},"categories":[198],"tags":[],"class_list":["post-2891","post","type-post","status-publish","format-standard","has-post-thumbnail","hentry","category-gazdasag"],"aioseo_notices":[],"aioseo_head":"\n\t\t<!-- All in One SEO 5.0.0.1 - aioseo.com -->\n\t<meta name=\"description\" content=\"T\u00f6bb mint 5%-al n\u0151 tov\u00e1bb a magyar gazdas\u00e1g, az els\u0151 negyed\u00e9v teljes\u00edtm\u00e9nye az elm\u00falt \u00e9vek legjobb \u00e9vkezd\u00e9s\u00e9nek sz\u00e1m\u00edt. A magyar gazdas\u00e1g 2019 els\u0151 negyed\u00e9v\u00e9ben szezon\u00e1lisan \u00e9s napt\u00e1rhat\u00e1ssal igaz\u00edtottan 5,2 sz\u00e1zal\u00e9kkal b\u0151v\u00fclt a K\u00f6zponti Statisztikai Hivatal k\u00f6zl\u00e9se szerint. Ezzel imm\u00e1r harmadik egym\u00e1st k\u00f6vet\u0151 negyed\u00e9vben \u00e9ri el \u00e9s haladja meg a b\u0151v\u00fcl\u00e9s m\u00e9rt\u00e9ke az 5 sz\u00e1zal\u00e9kot. Ha\" \/>\n\t<meta name=\"robots\" content=\"max-image-preview:large\" \/>\n\t<meta name=\"author\" content=\"Juh\u00e1sz P\u00e9ter\"\/>\n\t<link rel=\"canonical\" href=\"https:\/\/allasorias.hu\/hirek\/novekszik-a-gazdasag-magyarorszagon\/\" \/>\n\t<meta name=\"generator\" content=\"All in One SEO (AIOSEO) 5.0.0.1\" \/>\n\t\t<meta property=\"og:locale\" content=\"hu_HU\" \/>\n\t\t<meta property=\"og:site_name\" content=\"AllasOrias.hu | H\u00edrek-lapszemle | \u00dczleti h\u00edrek az \u00e1ll\u00e1s \u00e9s a munka vil\u00e1g\u00e1b\u00f3l\" \/>\n\t\t<meta property=\"og:type\" content=\"article\" \/>\n\t\t<meta property=\"og:title\" content=\"N\u00f6vekszik a gazdas\u00e1g Magyarorsz\u00e1gon | AllasOrias.hu | H\u00edrek-lapszemle\" \/>\n\t\t<meta property=\"og:description\" content=\"T\u00f6bb mint 5%-al n\u0151 tov\u00e1bb a magyar gazdas\u00e1g, az els\u0151 negyed\u00e9v teljes\u00edtm\u00e9nye az elm\u00falt \u00e9vek legjobb \u00e9vkezd\u00e9s\u00e9nek sz\u00e1m\u00edt. A magyar gazdas\u00e1g 2019 els\u0151 negyed\u00e9v\u00e9ben szezon\u00e1lisan \u00e9s napt\u00e1rhat\u00e1ssal igaz\u00edtottan 5,2 sz\u00e1zal\u00e9kkal b\u0151v\u00fclt a K\u00f6zponti Statisztikai Hivatal k\u00f6zl\u00e9se szerint. Ezzel imm\u00e1r harmadik egym\u00e1st k\u00f6vet\u0151 negyed\u00e9vben \u00e9ri el \u00e9s haladja meg a b\u0151v\u00fcl\u00e9s m\u00e9rt\u00e9ke az 5 sz\u00e1zal\u00e9kot. Ha\" \/>\n\t\t<meta property=\"og:url\" content=\"https:\/\/allasorias.hu\/hirek\/novekszik-a-gazdasag-magyarorszagon\/\" \/>\n\t\t<meta property=\"og:image\" content=\"https:\/\/allasorias.hu\/hirek\/wp-content\/uploads\/2018\/12\/profits-1953616_640.jpg\" \/>\n\t\t<meta property=\"og:image:secure_url\" content=\"https:\/\/allasorias.hu\/hirek\/wp-content\/uploads\/2018\/12\/profits-1953616_640.jpg\" \/>\n\t\t<meta property=\"og:image:width\" content=\"640\" \/>\n\t\t<meta property=\"og:image:height\" content=\"400\" \/>\n\t\t<meta property=\"article:published_time\" content=\"2019-05-15T09:27:14+00:00\" \/>\n\t\t<meta property=\"article:modified_time\" content=\"2019-05-15T09:27:14+00:00\" \/>\n\t\t<meta property=\"article:publisher\" content=\"https:\/\/www.facebook.com\/allasorias\" \/>\n\t\t<meta name=\"twitter:card\" content=\"summary_large_image\" \/>\n\t\t<meta name=\"twitter:title\" content=\"N\u00f6vekszik a gazdas\u00e1g Magyarorsz\u00e1gon | AllasOrias.hu | H\u00edrek-lapszemle\" \/>\n\t\t<meta name=\"twitter:description\" content=\"T\u00f6bb mint 5%-al n\u0151 tov\u00e1bb a magyar gazdas\u00e1g, az els\u0151 negyed\u00e9v teljes\u00edtm\u00e9nye az elm\u00falt \u00e9vek legjobb \u00e9vkezd\u00e9s\u00e9nek sz\u00e1m\u00edt. A magyar gazdas\u00e1g 2019 els\u0151 negyed\u00e9v\u00e9ben szezon\u00e1lisan \u00e9s napt\u00e1rhat\u00e1ssal igaz\u00edtottan 5,2 sz\u00e1zal\u00e9kkal b\u0151v\u00fclt a K\u00f6zponti Statisztikai Hivatal k\u00f6zl\u00e9se szerint. Ezzel imm\u00e1r harmadik egym\u00e1st k\u00f6vet\u0151 negyed\u00e9vben \u00e9ri el \u00e9s haladja meg a b\u0151v\u00fcl\u00e9s m\u00e9rt\u00e9ke az 5 sz\u00e1zal\u00e9kot. Ha\" \/>\n\t\t<meta name=\"twitter:image\" content=\"https:\/\/allasorias.hu\/hirek\/wp-content\/uploads\/2018\/12\/profits-1953616_640.jpg\" \/>\n\t\t<meta name=\"twitter:label1\" content=\"Written by\" \/>\n\t\t<meta name=\"twitter:data1\" content=\"Juh\u00e1sz P\u00e9ter\" \/>\n\t\t<meta name=\"twitter:label2\" content=\"Est. reading time\" \/>\n\t\t<meta name=\"twitter:data2\" content=\"1 minute\" \/>\n\t\t<script type=\"application\/ld+json\" class=\"aioseo-schema\">\n\t\t\t{\"@context\":\"https:\\\/\\\/schema.org\",\"@graph\":[{\"@type\":\"Article\",\"@id\":\"https:\\\/\\\/allasorias.hu\\\/hirek\\\/novekszik-a-gazdasag-magyarorszagon\\\/#article\",\"name\":\"N\\u00f6vekszik a gazdas\\u00e1g Magyarorsz\\u00e1gon | AllasOrias.hu | H\\u00edrek-lapszemle\",\"headline\":\"N\\u00f6vekszik a gazdas\\u00e1g Magyarorsz\\u00e1gon\",\"author\":{\"@id\":\"https:\\\/\\\/allasorias.hu\\\/hirek\\\/author\\\/admin-allasorias\\\/#author\"},\"publisher\":{\"@id\":\"https:\\\/\\\/allasorias.hu\\\/hirek\\\/#organization\"},\"image\":{\"@type\":\"ImageObject\",\"url\":\"https:\\\/\\\/allasorias.hu\\\/hirek\\\/wp-content\\\/uploads\\\/2018\\\/12\\\/profits-1953616_640.jpg\",\"width\":640,\"height\":400},\"datePublished\":\"2019-05-15T09:27:14+02:00\",\"dateModified\":\"2019-05-15T09:27:14+02:00\",\"inLanguage\":\"hu-HU\",\"mainEntityOfPage\":{\"@id\":\"https:\\\/\\\/allasorias.hu\\\/hirek\\\/novekszik-a-gazdasag-magyarorszagon\\\/#webpage\"},\"isPartOf\":{\"@id\":\"https:\\\/\\\/allasorias.hu\\\/hirek\\\/novekszik-a-gazdasag-magyarorszagon\\\/#webpage\"},\"articleSection\":\"Gazdas\\u00e1g\"},{\"@type\":\"BreadcrumbList\",\"@id\":\"https:\\\/\\\/allasorias.hu\\\/hirek\\\/novekszik-a-gazdasag-magyarorszagon\\\/#breadcrumblist\",\"itemListElement\":[{\"@type\":\"ListItem\",\"@id\":\"https:\\\/\\\/allasorias.hu\\\/hirek#listItem\",\"position\":1,\"name\":\"Home\",\"item\":\"https:\\\/\\\/allasorias.hu\\\/hirek\",\"nextItem\":{\"@type\":\"ListItem\",\"@id\":\"https:\\\/\\\/allasorias.hu\\\/hirek\\\/temak\\\/gazdasag\\\/#listItem\",\"name\":\"Gazdas\\u00e1g\"}},{\"@type\":\"ListItem\",\"@id\":\"https:\\\/\\\/allasorias.hu\\\/hirek\\\/temak\\\/gazdasag\\\/#listItem\",\"position\":2,\"name\":\"Gazdas\\u00e1g\",\"item\":\"https:\\\/\\\/allasorias.hu\\\/hirek\\\/temak\\\/gazdasag\\\/\",\"nextItem\":{\"@type\":\"ListItem\",\"@id\":\"https:\\\/\\\/allasorias.hu\\\/hirek\\\/novekszik-a-gazdasag-magyarorszagon\\\/#listItem\",\"name\":\"N\\u00f6vekszik a gazdas\\u00e1g Magyarorsz\\u00e1gon\"},\"previousItem\":{\"@type\":\"ListItem\",\"@id\":\"https:\\\/\\\/allasorias.hu\\\/hirek#listItem\",\"name\":\"Home\"}},{\"@type\":\"ListItem\",\"@id\":\"https:\\\/\\\/allasorias.hu\\\/hirek\\\/novekszik-a-gazdasag-magyarorszagon\\\/#listItem\",\"position\":3,\"name\":\"N\\u00f6vekszik a gazdas\\u00e1g Magyarorsz\\u00e1gon\",\"previousItem\":{\"@type\":\"ListItem\",\"@id\":\"https:\\\/\\\/allasorias.hu\\\/hirek\\\/temak\\\/gazdasag\\\/#listItem\",\"name\":\"Gazdas\\u00e1g\"}}]},{\"@type\":\"Organization\",\"@id\":\"https:\\\/\\\/allasorias.hu\\\/hirek\\\/#organization\",\"name\":\"AllasOrias.hu | H\\u00edrek-lapszemle\",\"description\":\"\\u00dczleti h\\u00edrek az \\u00e1ll\\u00e1s \\u00e9s a munka vil\\u00e1g\\u00e1b\\u00f3l\",\"url\":\"https:\\\/\\\/allasorias.hu\\\/hirek\\\/\",\"logo\":{\"@type\":\"ImageObject\",\"url\":\"https:\\\/\\\/allasorias.hu\\\/hirek\\\/wp-content\\\/uploads\\\/2022\\\/10\\\/allasorias_site_facebok_logo.png\",\"@id\":\"https:\\\/\\\/allasorias.hu\\\/hirek\\\/novekszik-a-gazdasag-magyarorszagon\\\/#organizationLogo\"},\"image\":{\"@id\":\"https:\\\/\\\/allasorias.hu\\\/hirek\\\/novekszik-a-gazdasag-magyarorszagon\\\/#organizationLogo\"},\"sameAs\":[\"https:\\\/\\\/www.facebook.com\\\/allasorias\",\"https:\\\/\\\/www.linkedin.com\\\/company\\\/allasorias\"]},{\"@type\":\"Person\",\"@id\":\"https:\\\/\\\/allasorias.hu\\\/hirek\\\/author\\\/admin-allasorias\\\/#author\",\"url\":\"https:\\\/\\\/allasorias.hu\\\/hirek\\\/author\\\/admin-allasorias\\\/\",\"name\":\"Juh\\u00e1sz P\\u00e9ter\",\"image\":{\"@type\":\"ImageObject\",\"@id\":\"https:\\\/\\\/allasorias.hu\\\/hirek\\\/novekszik-a-gazdasag-magyarorszagon\\\/#authorImage\",\"url\":\"https:\\\/\\\/secure.gravatar.com\\\/avatar\\\/36e6bcb83148978b992977cb0f54d22feb0cce8a0a849a9410532bb2623ba4c6?s=96&d=mm&r=g\",\"width\":96,\"height\":96,\"caption\":\"Juh\\u00e1sz P\\u00e9ter\"}},{\"@type\":\"WebPage\",\"@id\":\"https:\\\/\\\/allasorias.hu\\\/hirek\\\/novekszik-a-gazdasag-magyarorszagon\\\/#webpage\",\"url\":\"https:\\\/\\\/allasorias.hu\\\/hirek\\\/novekszik-a-gazdasag-magyarorszagon\\\/\",\"name\":\"N\\u00f6vekszik a gazdas\\u00e1g Magyarorsz\\u00e1gon | AllasOrias.hu | H\\u00edrek-lapszemle\",\"description\":\"T\\u00f6bb mint 5%-al n\\u0151 tov\\u00e1bb a magyar gazdas\\u00e1g, az els\\u0151 negyed\\u00e9v teljes\\u00edtm\\u00e9nye az elm\\u00falt \\u00e9vek legjobb \\u00e9vkezd\\u00e9s\\u00e9nek sz\\u00e1m\\u00edt. A magyar gazdas\\u00e1g 2019 els\\u0151 negyed\\u00e9v\\u00e9ben szezon\\u00e1lisan \\u00e9s napt\\u00e1rhat\\u00e1ssal igaz\\u00edtottan 5,2 sz\\u00e1zal\\u00e9kkal b\\u0151v\\u00fclt a K\\u00f6zponti Statisztikai Hivatal k\\u00f6zl\\u00e9se szerint. Ezzel imm\\u00e1r harmadik egym\\u00e1st k\\u00f6vet\\u0151 negyed\\u00e9vben \\u00e9ri el \\u00e9s haladja meg a b\\u0151v\\u00fcl\\u00e9s m\\u00e9rt\\u00e9ke az 5 sz\\u00e1zal\\u00e9kot. Ha\",\"inLanguage\":\"hu-HU\",\"isPartOf\":{\"@id\":\"https:\\\/\\\/allasorias.hu\\\/hirek\\\/#website\"},\"breadcrumb\":{\"@id\":\"https:\\\/\\\/allasorias.hu\\\/hirek\\\/novekszik-a-gazdasag-magyarorszagon\\\/#breadcrumblist\"},\"author\":{\"@id\":\"https:\\\/\\\/allasorias.hu\\\/hirek\\\/author\\\/admin-allasorias\\\/#author\"},\"creator\":{\"@id\":\"https:\\\/\\\/allasorias.hu\\\/hirek\\\/author\\\/admin-allasorias\\\/#author\"},\"image\":{\"@type\":\"ImageObject\",\"url\":\"https:\\\/\\\/allasorias.hu\\\/hirek\\\/wp-content\\\/uploads\\\/2018\\\/12\\\/profits-1953616_640.jpg\",\"@id\":\"https:\\\/\\\/allasorias.hu\\\/hirek\\\/novekszik-a-gazdasag-magyarorszagon\\\/#mainImage\",\"width\":640,\"height\":400},\"primaryImageOfPage\":{\"@id\":\"https:\\\/\\\/allasorias.hu\\\/hirek\\\/novekszik-a-gazdasag-magyarorszagon\\\/#mainImage\"},\"datePublished\":\"2019-05-15T09:27:14+02:00\",\"dateModified\":\"2019-05-15T09:27:14+02:00\"},{\"@type\":\"WebSite\",\"@id\":\"https:\\\/\\\/allasorias.hu\\\/hirek\\\/#website\",\"url\":\"https:\\\/\\\/allasorias.hu\\\/hirek\\\/\",\"name\":\"AllasOrias.hu | H\\u00edrek-lapszemle\",\"description\":\"\\u00dczleti h\\u00edrek az \\u00e1ll\\u00e1s \\u00e9s a munka vil\\u00e1g\\u00e1b\\u00f3l\",\"inLanguage\":\"hu-HU\",\"publisher\":{\"@id\":\"https:\\\/\\\/allasorias.hu\\\/hirek\\\/#organization\"}}]}\n\t\t<\/script>\n\t\t<!-- All in One SEO -->\n\n","aioseo_head_json":{"title":"N\u00f6vekszik a gazdas\u00e1g Magyarorsz\u00e1gon | AllasOrias.hu | H\u00edrek-lapszemle","description":"T\u00f6bb mint 5%-al n\u0151 tov\u00e1bb a magyar gazdas\u00e1g, az els\u0151 negyed\u00e9v teljes\u00edtm\u00e9nye az elm\u00falt \u00e9vek legjobb \u00e9vkezd\u00e9s\u00e9nek sz\u00e1m\u00edt. A magyar gazdas\u00e1g 2019 els\u0151 negyed\u00e9v\u00e9ben szezon\u00e1lisan \u00e9s napt\u00e1rhat\u00e1ssal igaz\u00edtottan 5,2 sz\u00e1zal\u00e9kkal b\u0151v\u00fclt a K\u00f6zponti Statisztikai Hivatal k\u00f6zl\u00e9se szerint. Ezzel imm\u00e1r harmadik egym\u00e1st k\u00f6vet\u0151 negyed\u00e9vben \u00e9ri el \u00e9s haladja meg a b\u0151v\u00fcl\u00e9s m\u00e9rt\u00e9ke az 5 sz\u00e1zal\u00e9kot. Ha","canonical_url":"https:\/\/allasorias.hu\/hirek\/novekszik-a-gazdasag-magyarorszagon\/","robots":"max-image-preview:large","keywords":"","webmasterTools":{"miscellaneous":""},"schema":{"@context":"https:\/\/schema.org","@graph":[{"@type":"Article","@id":"https:\/\/allasorias.hu\/hirek\/novekszik-a-gazdasag-magyarorszagon\/#article","name":"N\u00f6vekszik a gazdas\u00e1g Magyarorsz\u00e1gon | AllasOrias.hu | H\u00edrek-lapszemle","headline":"N\u00f6vekszik a gazdas\u00e1g Magyarorsz\u00e1gon","author":{"@id":"https:\/\/allasorias.hu\/hirek\/author\/admin-allasorias\/#author"},"publisher":{"@id":"https:\/\/allasorias.hu\/hirek\/#organization"},"image":{"@type":"ImageObject","url":"https:\/\/allasorias.hu\/hirek\/wp-content\/uploads\/2018\/12\/profits-1953616_640.jpg","width":640,"height":400},"datePublished":"2019-05-15T09:27:14+02:00","dateModified":"2019-05-15T09:27:14+02:00","inLanguage":"hu-HU","mainEntityOfPage":{"@id":"https:\/\/allasorias.hu\/hirek\/novekszik-a-gazdasag-magyarorszagon\/#webpage"},"isPartOf":{"@id":"https:\/\/allasorias.hu\/hirek\/novekszik-a-gazdasag-magyarorszagon\/#webpage"},"articleSection":"Gazdas\u00e1g"},{"@type":"BreadcrumbList","@id":"https:\/\/allasorias.hu\/hirek\/novekszik-a-gazdasag-magyarorszagon\/#breadcrumblist","itemListElement":[{"@type":"ListItem","@id":"https:\/\/allasorias.hu\/hirek#listItem","position":1,"name":"Home","item":"https:\/\/allasorias.hu\/hirek","nextItem":{"@type":"ListItem","@id":"https:\/\/allasorias.hu\/hirek\/temak\/gazdasag\/#listItem","name":"Gazdas\u00e1g"}},{"@type":"ListItem","@id":"https:\/\/allasorias.hu\/hirek\/temak\/gazdasag\/#listItem","position":2,"name":"Gazdas\u00e1g","item":"https:\/\/allasorias.hu\/hirek\/temak\/gazdasag\/","nextItem":{"@type":"ListItem","@id":"https:\/\/allasorias.hu\/hirek\/novekszik-a-gazdasag-magyarorszagon\/#listItem","name":"N\u00f6vekszik a gazdas\u00e1g Magyarorsz\u00e1gon"},"previousItem":{"@type":"ListItem","@id":"https:\/\/allasorias.hu\/hirek#listItem","name":"Home"}},{"@type":"ListItem","@id":"https:\/\/allasorias.hu\/hirek\/novekszik-a-gazdasag-magyarorszagon\/#listItem","position":3,"name":"N\u00f6vekszik a gazdas\u00e1g Magyarorsz\u00e1gon","previousItem":{"@type":"ListItem","@id":"https:\/\/allasorias.hu\/hirek\/temak\/gazdasag\/#listItem","name":"Gazdas\u00e1g"}}]},{"@type":"Organization","@id":"https:\/\/allasorias.hu\/hirek\/#organization","name":"AllasOrias.hu | H\u00edrek-lapszemle","description":"\u00dczleti h\u00edrek az \u00e1ll\u00e1s \u00e9s a munka vil\u00e1g\u00e1b\u00f3l","url":"https:\/\/allasorias.hu\/hirek\/","logo":{"@type":"ImageObject","url":"https:\/\/allasorias.hu\/hirek\/wp-content\/uploads\/2022\/10\/allasorias_site_facebok_logo.png","@id":"https:\/\/allasorias.hu\/hirek\/novekszik-a-gazdasag-magyarorszagon\/#organizationLogo"},"image":{"@id":"https:\/\/allasorias.hu\/hirek\/novekszik-a-gazdasag-magyarorszagon\/#organizationLogo"},"sameAs":["https:\/\/www.facebook.com\/allasorias","https:\/\/www.linkedin.com\/company\/allasorias"]},{"@type":"Person","@id":"https:\/\/allasorias.hu\/hirek\/author\/admin-allasorias\/#author","url":"https:\/\/allasorias.hu\/hirek\/author\/admin-allasorias\/","name":"Juh\u00e1sz P\u00e9ter","image":{"@type":"ImageObject","@id":"https:\/\/allasorias.hu\/hirek\/novekszik-a-gazdasag-magyarorszagon\/#authorImage","url":"https:\/\/secure.gravatar.com\/avatar\/36e6bcb83148978b992977cb0f54d22feb0cce8a0a849a9410532bb2623ba4c6?s=96&d=mm&r=g","width":96,"height":96,"caption":"Juh\u00e1sz P\u00e9ter"}},{"@type":"WebPage","@id":"https:\/\/allasorias.hu\/hirek\/novekszik-a-gazdasag-magyarorszagon\/#webpage","url":"https:\/\/allasorias.hu\/hirek\/novekszik-a-gazdasag-magyarorszagon\/","name":"N\u00f6vekszik a gazdas\u00e1g Magyarorsz\u00e1gon | AllasOrias.hu | H\u00edrek-lapszemle","description":"T\u00f6bb mint 5%-al n\u0151 tov\u00e1bb a magyar gazdas\u00e1g, az els\u0151 negyed\u00e9v teljes\u00edtm\u00e9nye az elm\u00falt \u00e9vek legjobb \u00e9vkezd\u00e9s\u00e9nek sz\u00e1m\u00edt. A magyar gazdas\u00e1g 2019 els\u0151 negyed\u00e9v\u00e9ben szezon\u00e1lisan \u00e9s napt\u00e1rhat\u00e1ssal igaz\u00edtottan 5,2 sz\u00e1zal\u00e9kkal b\u0151v\u00fclt a K\u00f6zponti Statisztikai Hivatal k\u00f6zl\u00e9se szerint. Ezzel imm\u00e1r harmadik egym\u00e1st k\u00f6vet\u0151 negyed\u00e9vben \u00e9ri el \u00e9s haladja meg a b\u0151v\u00fcl\u00e9s m\u00e9rt\u00e9ke az 5 sz\u00e1zal\u00e9kot. Ha","inLanguage":"hu-HU","isPartOf":{"@id":"https:\/\/allasorias.hu\/hirek\/#website"},"breadcrumb":{"@id":"https:\/\/allasorias.hu\/hirek\/novekszik-a-gazdasag-magyarorszagon\/#breadcrumblist"},"author":{"@id":"https:\/\/allasorias.hu\/hirek\/author\/admin-allasorias\/#author"},"creator":{"@id":"https:\/\/allasorias.hu\/hirek\/author\/admin-allasorias\/#author"},"image":{"@type":"ImageObject","url":"https:\/\/allasorias.hu\/hirek\/wp-content\/uploads\/2018\/12\/profits-1953616_640.jpg","@id":"https:\/\/allasorias.hu\/hirek\/novekszik-a-gazdasag-magyarorszagon\/#mainImage","width":640,"height":400},"primaryImageOfPage":{"@id":"https:\/\/allasorias.hu\/hirek\/novekszik-a-gazdasag-magyarorszagon\/#mainImage"},"datePublished":"2019-05-15T09:27:14+02:00","dateModified":"2019-05-15T09:27:14+02:00"},{"@type":"WebSite","@id":"https:\/\/allasorias.hu\/hirek\/#website","url":"https:\/\/allasorias.hu\/hirek\/","name":"AllasOrias.hu | H\u00edrek-lapszemle","description":"\u00dczleti h\u00edrek az \u00e1ll\u00e1s \u00e9s a munka vil\u00e1g\u00e1b\u00f3l","inLanguage":"hu-HU","publisher":{"@id":"https:\/\/allasorias.hu\/hirek\/#organization"}}]},"og:locale":"hu_HU","og:site_name":"AllasOrias.hu | H\u00edrek-lapszemle | \u00dczleti h\u00edrek az \u00e1ll\u00e1s \u00e9s a munka vil\u00e1g\u00e1b\u00f3l","og:type":"article","og:title":"N\u00f6vekszik a gazdas\u00e1g Magyarorsz\u00e1gon | AllasOrias.hu | H\u00edrek-lapszemle","og:description":"T\u00f6bb mint 5%-al n\u0151 tov\u00e1bb a magyar gazdas\u00e1g, az els\u0151 negyed\u00e9v teljes\u00edtm\u00e9nye az elm\u00falt \u00e9vek legjobb \u00e9vkezd\u00e9s\u00e9nek sz\u00e1m\u00edt. A magyar gazdas\u00e1g 2019 els\u0151 negyed\u00e9v\u00e9ben szezon\u00e1lisan \u00e9s napt\u00e1rhat\u00e1ssal igaz\u00edtottan 5,2 sz\u00e1zal\u00e9kkal b\u0151v\u00fclt a K\u00f6zponti Statisztikai Hivatal k\u00f6zl\u00e9se szerint. Ezzel imm\u00e1r harmadik egym\u00e1st k\u00f6vet\u0151 negyed\u00e9vben \u00e9ri el \u00e9s haladja meg a b\u0151v\u00fcl\u00e9s m\u00e9rt\u00e9ke az 5 sz\u00e1zal\u00e9kot. Ha","og:url":"https:\/\/allasorias.hu\/hirek\/novekszik-a-gazdasag-magyarorszagon\/","og:image":"https:\/\/allasorias.hu\/hirek\/wp-content\/uploads\/2018\/12\/profits-1953616_640.jpg","og:image:secure_url":"https:\/\/allasorias.hu\/hirek\/wp-content\/uploads\/2018\/12\/profits-1953616_640.jpg","og:image:width":640,"og:image:height":400,"article:published_time":"2019-05-15T09:27:14+00:00","article:modified_time":"2019-05-15T09:27:14+00:00","article:publisher":"https:\/\/www.facebook.com\/allasorias","twitter:card":"summary_large_image","twitter:title":"N\u00f6vekszik a gazdas\u00e1g Magyarorsz\u00e1gon | AllasOrias.hu | H\u00edrek-lapszemle","twitter:description":"T\u00f6bb mint 5%-al n\u0151 tov\u00e1bb a magyar gazdas\u00e1g, az els\u0151 negyed\u00e9v teljes\u00edtm\u00e9nye az elm\u00falt \u00e9vek legjobb \u00e9vkezd\u00e9s\u00e9nek sz\u00e1m\u00edt. A magyar gazdas\u00e1g 2019 els\u0151 negyed\u00e9v\u00e9ben szezon\u00e1lisan \u00e9s napt\u00e1rhat\u00e1ssal igaz\u00edtottan 5,2 sz\u00e1zal\u00e9kkal b\u0151v\u00fclt a K\u00f6zponti Statisztikai Hivatal k\u00f6zl\u00e9se szerint. Ezzel imm\u00e1r harmadik egym\u00e1st k\u00f6vet\u0151 negyed\u00e9vben \u00e9ri el \u00e9s haladja meg a b\u0151v\u00fcl\u00e9s m\u00e9rt\u00e9ke az 5 sz\u00e1zal\u00e9kot. Ha","twitter:image":"https:\/\/allasorias.hu\/hirek\/wp-content\/uploads\/2018\/12\/profits-1953616_640.jpg","twitter:label1":"Written by","twitter:data1":"Juh\u00e1sz P\u00e9ter","twitter:label2":"Est. reading time","twitter:data2":"1 minute"},"aioseo_meta_data":{"post_id":"2891","title":null,"description":null,"keywords":null,"keyphrases":null,"primary_term":null,"canonical_url":null,"og_title":null,"og_description":null,"og_object_type":"default","og_image_type":"default","og_image_url":null,"og_image_width":null,"og_image_height":null,"og_image_custom_url":null,"og_image_custom_fields":null,"og_video":null,"og_custom_url":null,"og_article_section":null,"og_article_tags":null,"twitter_use_og":false,"twitter_card":"default","twitter_image_type":"default","twitter_image_url":null,"twitter_image_custom_url":null,"twitter_image_custom_fields":null,"twitter_title":null,"twitter_description":null,"schema":{"blockGraphs":[],"customGraphs":[],"default":{"data":{"Article":[],"Course":[],"Dataset":[],"FAQPage":[],"Movie":[],"Person":[],"Product":[],"ProductReview":[],"Car":[],"Recipe":[],"Service":[],"SoftwareApplication":[],"WebPage":[]},"graphName":"","isEnabled":true},"graphs":[],"defaultGraph":"","defaultPostTypeGraph":""},"schema_type":null,"schema_type_options":null,"pillar_content":false,"robots_default":true,"robots_noindex":false,"robots_noarchive":false,"robots_nosnippet":false,"robots_nofollow":false,"robots_noimageindex":false,"robots_noodp":false,"robots_notranslate":false,"robots_max_snippet":null,"robots_max_videopreview":null,"robots_max_imagepreview":"large","priority":null,"frequency":null,"location":null,"local_seo":null,"breadcrumb_settings":null,"limit_modified_date":false,"ai":null,"created":"2021-02-01 21:14:05","updated":"2025-10-02 11:18:33","seo_analyzer_scan_date":null,"focus_keyword":null,"additional_keywords":null,"truseo_locale":null},"aioseo_breadcrumb":"<div class=\"aioseo-breadcrumbs\"><span class=\"aioseo-breadcrumb\">\n\t\t\t<a href=\"https:\/\/allasorias.hu\/hirek\" title=\"Home\">Home<\/a>\n\t\t<\/span><span class=\"aioseo-breadcrumb-separator\">&raquo;<\/span><span class=\"aioseo-breadcrumb\">\n\t\t\t<a href=\"https:\/\/allasorias.hu\/hirek\/temak\/gazdasag\/\" title=\"Gazdas\u00e1g\">Gazdas\u00e1g<\/a>\n\t\t<\/span><span class=\"aioseo-breadcrumb-separator\">&raquo;<\/span><span class=\"aioseo-breadcrumb\">\n\t\t\tN\u00f6vekszik a gazdas\u00e1g Magyarorsz\u00e1gon\n\t\t<\/span><\/div>","aioseo_breadcrumb_json":[{"label":"Home","link":"https:\/\/allasorias.hu\/hirek"},{"label":"Gazdas\u00e1g","link":"https:\/\/allasorias.hu\/hirek\/temak\/gazdasag\/"},{"label":"N\u00f6vekszik a gazdas\u00e1g Magyarorsz\u00e1gon","link":"https:\/\/allasorias.hu\/hirek\/novekszik-a-gazdasag-magyarorszagon\/"}],"_links":{"self":[{"href":"https:\/\/allasorias.hu\/hirek\/wp-json\/wp\/v2\/posts\/2891","targetHints":{"allow":["GET"]}}],"collection":[{"href":"https:\/\/allasorias.hu\/hirek\/wp-json\/wp\/v2\/posts"}],"about":[{"href":"https:\/\/allasorias.hu\/hirek\/wp-json\/wp\/v2\/types\/post"}],"author":[{"embeddable":true,"href":"https:\/\/allasorias.hu\/hirek\/wp-json\/wp\/v2\/users\/1"}],"replies":[{"embeddable":true,"href":"https:\/\/allasorias.hu\/hirek\/wp-json\/wp\/v2\/comments?post=2891"}],"version-history":[{"count":1,"href":"https:\/\/allasorias.hu\/hirek\/wp-json\/wp\/v2\/posts\/2891\/revisions"}],"predecessor-version":[{"id":2892,"href":"https:\/\/allasorias.hu\/hirek\/wp-json\/wp\/v2\/posts\/2891\/revisions\/2892"}],"wp:featuredmedia":[{"embeddable":true,"href":"https:\/\/allasorias.hu\/hirek\/wp-json\/wp\/v2\/media\/2316"}],"wp:attachment":[{"href":"https:\/\/allasorias.hu\/hirek\/wp-json\/wp\/v2\/media?parent=2891"}],"wp:term":[{"taxonomy":"category","embeddable":true,"href":"https:\/\/allasorias.hu\/hirek\/wp-json\/wp\/v2\/categories?post=2891"},{"taxonomy":"post_tag","embeddable":true,"href":"https:\/\/allasorias.hu\/hirek\/wp-json\/wp\/v2\/tags?post=2891"}],"curies":[{"name":"wp","href":"https:\/\/api.w.org\/{rel}","templated":true}]}}