{"id":2880,"date":"2019-05-14T06:44:00","date_gmt":"2019-05-14T06:44:00","guid":{"rendered":"https:\/\/allasorias.hu\/hirek\/?p=2880"},"modified":"2019-05-14T06:44:00","modified_gmt":"2019-05-14T06:44:00","slug":"lakasvalsag-lehet-a-meregdraga-ingatlanok-miatt","status":"publish","type":"post","link":"https:\/\/allasorias.hu\/hirek\/lakasvalsag-lehet-a-meregdraga-ingatlanok-miatt\/","title":{"rendered":"Lak\u00e1sv\u00e1ls\u00e1g lehet a m\u00e9regdr\u00e1ga ingatlanok miatt"},"content":{"rendered":"<p><strong>Elsz\u00e1lltak a f\u0151v\u00e1rosi ingatlan\u00e1rak,\u00a0 az MNB m\u00e1r v\u00e1ls\u00e1gr\u00f3l besz\u00e9l.\u00a0 \u00dagy t\u0171nik Budapest a legdr\u00e1g\u00e1bb ezen a ter\u00fcleten, a korm\u00e1ny csal\u00e1dt\u00e1mogat\u00e1si rendszere pedig felfel\u00e9 veri a f\u0151v\u00e1rosi lak\u00e1s\u00e1rakat. <\/strong><\/p>\n<p>Tavaly az eg\u00e9sz \u00e9vet tekintve er\u0151s kereslet mellett jelent\u0151sen emelkedtek a lak\u00e1s\u00e1rak, \u00e9ves szinten orsz\u00e1gosan 15,2 sz\u00e1zal\u00e9kkal, Budapesten pedig 22,9 sz\u00e1zal\u00e9kkal, ezzel a f\u0151v\u00e1rosban emelkedett a t\u00fal\u00e9rt\u00e9kelts\u00e9gi kock\u00e1zat, azaz az \u00e1rak meghaladj\u00e1k a makrogazdas\u00e1gi fundamentumok \u00e1ltal indokoltat \u2013 \u00edrja h\u00e9tf\u0151n megjelent lak\u00e1spiaci jelent\u00e9s\u00e9ben a Magyar Nemzeti Bank. Az MNB k\u00f6zlem\u00e9nye szerint hogy a makrogazdas\u00e1gi fundamentumokt\u00f3l (fizet\u00e9sek emelked\u00e9se, a munkaer\u0151piaci helyzet, kedvez\u0151 kamatk\u00f6rnyezet) f\u00fcgg\u0151 egyens\u00falyi \u00e1rszintet a lak\u00e1spiaci \u00e1rak orsz\u00e1gos szinten m\u00e9g nem \u00e9rt\u00e9k el, Budapesten viszont 15 sz\u00e1zal\u00e9kkal m\u00e1r meg is haladt\u00e1k, ezzel magyar\u00e1zhat\u00f3 a f\u0151v\u00e1rosi lak\u00e1spiacot \u00e9rint\u0151 jelent\u0151s t\u00fal\u00e9rt\u00e9kelts\u00e9gi kock\u00e1zat. A k\u00f6vetkez\u0151 id\u0151szakban is hasonl\u00f3 trendre sz\u00e1m\u00edt a jegybank, ugyanis a sz\u00e1m\u00edt\u00e1sok szerint id\u00e9n az els\u0151 negyed\u00e9vben a f\u0151v\u00e1rosban 20,5 sz\u00e1zal\u00e9kkal emelkedtek az \u00e1rak, a m\u00e1sodik negyed\u00e9vben pedig becsl\u00e9seik alapj\u00e1n orsz\u00e1gos szinten tov\u00e1bbi, re\u00e1l\u00e9rtelemben 7,6 sz\u00e1zal\u00e9kos, nomin\u00e1lisan 11,1 sz\u00e1zal\u00e9kos \u00e1remelked\u00e9s v\u00e1rhat\u00f3. T\u00f6bbek k\u00f6zt a korm\u00e1ny csal\u00e1dv\u00e9delmi programja \u00e9s a falusi csok is n\u00f6veli majd a keresletet az eg\u00e9sz orsz\u00e1gban.<\/p>\n<p>Forr\u00e1s: index.hu<\/p>\n","protected":false},"excerpt":{"rendered":"<p>Elsz\u00e1lltak a f\u0151v\u00e1rosi ingatlan\u00e1rak,\u00a0 az MNB m\u00e1r v\u00e1ls\u00e1gr\u00f3l besz\u00e9l.\u00a0 \u00dagy t\u0171nik Budapest a legdr\u00e1g\u00e1bb ezen a ter\u00fcleten, a korm\u00e1ny csal\u00e1dt\u00e1mogat\u00e1si rendszere pedig felfel\u00e9 veri a f\u0151v\u00e1rosi lak\u00e1s\u00e1rakat. Tavaly az eg\u00e9sz \u00e9vet tekintve er\u0151s kereslet mellett jelent\u0151sen emelkedtek a lak\u00e1s\u00e1rak, \u00e9ves szinten orsz\u00e1gosan 15,2 sz\u00e1zal\u00e9kkal, Budapesten pedig 22,9 sz\u00e1zal\u00e9kkal, ezzel a f\u0151v\u00e1rosban emelkedett a t\u00fal\u00e9rt\u00e9kelts\u00e9gi kock\u00e1zat, [&hellip;]<\/p>\n","protected":false},"author":1,"featured_media":2881,"comment_status":"open","ping_status":"open","sticky":false,"template":"","format":"standard","meta":{"_monsterinsights_skip_tracking":false,"_monsterinsights_sitenote_active":false,"_monsterinsights_sitenote_note":"","_monsterinsights_sitenote_category":0,"footnotes":""},"categories":[198],"tags":[],"class_list":["post-2880","post","type-post","status-publish","format-standard","has-post-thumbnail","hentry","category-gazdasag"],"aioseo_notices":[],"_links":{"self":[{"href":"https:\/\/allasorias.hu\/hirek\/wp-json\/wp\/v2\/posts\/2880","targetHints":{"allow":["GET"]}}],"collection":[{"href":"https:\/\/allasorias.hu\/hirek\/wp-json\/wp\/v2\/posts"}],"about":[{"href":"https:\/\/allasorias.hu\/hirek\/wp-json\/wp\/v2\/types\/post"}],"author":[{"embeddable":true,"href":"https:\/\/allasorias.hu\/hirek\/wp-json\/wp\/v2\/users\/1"}],"replies":[{"embeddable":true,"href":"https:\/\/allasorias.hu\/hirek\/wp-json\/wp\/v2\/comments?post=2880"}],"version-history":[{"count":1,"href":"https:\/\/allasorias.hu\/hirek\/wp-json\/wp\/v2\/posts\/2880\/revisions"}],"predecessor-version":[{"id":2882,"href":"https:\/\/allasorias.hu\/hirek\/wp-json\/wp\/v2\/posts\/2880\/revisions\/2882"}],"wp:featuredmedia":[{"embeddable":true,"href":"https:\/\/allasorias.hu\/hirek\/wp-json\/wp\/v2\/media\/2881"}],"wp:attachment":[{"href":"https:\/\/allasorias.hu\/hirek\/wp-json\/wp\/v2\/media?parent=2880"}],"wp:term":[{"taxonomy":"category","embeddable":true,"href":"https:\/\/allasorias.hu\/hirek\/wp-json\/wp\/v2\/categories?post=2880"},{"taxonomy":"post_tag","embeddable":true,"href":"https:\/\/allasorias.hu\/hirek\/wp-json\/wp\/v2\/tags?post=2880"}],"curies":[{"name":"wp","href":"https:\/\/api.w.org\/{rel}","templated":true}]}}