{"id":2855,"date":"2019-05-08T10:36:14","date_gmt":"2019-05-08T10:36:14","guid":{"rendered":"https:\/\/allasorias.hu\/hirek\/?p=2855"},"modified":"2019-05-08T10:36:14","modified_gmt":"2019-05-08T10:36:14","slug":"megerne-nyugdijasokat-foglalkoztatni","status":"publish","type":"post","link":"https:\/\/allasorias.hu\/hirek\/megerne-nyugdijasokat-foglalkoztatni\/","title":{"rendered":"Meg\u00e9rn\u00e9  nyugd\u00edjasokat foglalkoztatni"},"content":{"rendered":"<p><strong>A kedvez\u0151 korm\u00e1nyzati d\u00f6nt\u00e9s ut\u00e1n, miszerint\u00a0 csak szja-t kell fizetni a nyugd\u00edjas munk\u00e1ja ut\u00e1n, m\u00e1s ad\u00f3t nem, a komoly munkaer\u0151hi\u00e1ny ellen\u00e9re sem akarnak visszat\u00e9rni a nyugd\u00edjasok a munker\u0151piacra. Annyi a v\u00e1ltoz\u00e1s, hogy \u00a0mik\u00f6zben emelkedett a 65-74 \u00e9ves koroszt\u00e1ly l\u00e9tsz\u00e1ma, az elm\u00falt egy \u00e9vben a nyugd\u00edjasok aktivit\u00e1si r\u00e1t\u00e1ja 0,8 sz\u00e1zal\u00e9kponttal 62,8 sz\u00e1zal\u00e9kra emelkedett, a t\u00f6rt\u00e9nelmi cs\u00facsot d\u00f6nt\u0151 inakt\u00edvak r\u00e1t\u00e1ja pedig 1,2 sz\u00e1zal\u00e9kponttal 93,72 sz\u00e1zal\u00e9kra m\u00e9rs\u00e9kl\u0151d\u00f6tt. <\/strong><\/p>\n<p>Az\u00a0 Mfor szerint egy\u00e1ltal\u00e1n nem v\u00e9letlen, hogy a korm\u00e1ny m\u00e9gis a nyugd\u00edjasokra is \u00e9p\u00edt\u00a0 a munker\u0151piaci gondok megold\u00e1s\u00e1ban. A Ratk\u00f3-korszaknak k\u00f6sz\u00f6nhet\u0151en m\u00e1ra t\u00f6bb nyugd\u00edjas \u00e1llhat a munkaer\u0151piac rendelkez\u00e9s\u00e9re, mint amennyi az 1950-es \u00e9vek n\u00e9pesed\u00e9spolitikai int\u00e9zked\u00e9se n\u00e9lk\u00fcl. Ez persze t\u00e1rsadalmi szempontb\u00f3l az el\u00f6reged\u00e9s miatt kedvez\u0151tlen fejlem\u00e9ny, a munkaer\u0151piac szempontj\u00e1b\u00f3l viszont el\u0151ny\u00f6s is lehet. Az elm\u00falt id\u0151szakban \u00fagy n\u0151tt a foglalkoztatotts\u00e1g haz\u00e1nkban, hogy azzal p\u00e1rhuzamosan a Ratk\u00f3-korszakban sz\u00fcletettek k\u00f6z\u00fcl egyre t\u00f6bben vonultak nyugd\u00edjba. Most pedig, amikor a viszonylag gyorsan \u00e9s k\u00f6nnyen munk\u00e1ra foghat\u00f3 szem\u00e9lyek k\u00f6re v\u00e9szesen sz\u0171k\u00fclni kezdett, \u00e9s bizonyos szakm\u00e1ban hi\u00e1ny alakult ki, a nyugd\u00edjba vonult Ratk\u00f3-gener\u00e1ci\u00f3 sz\u00fcl\u00f6tteit tov\u00e1bbi munk\u00e1ra lehet \u00f6szt\u00f6n\u00f6zni k\u00fcl\u00f6nf\u00e9le int\u00e9zked\u00e9sekkel. Ezzel l\u00e9nyeg\u00e9ben a korm\u00e1ny meglovagolja a t\u00f6meges nyugd\u00edjba vonul\u00e1st, mint folyamatot, \u00e9s nem hagyja veszni a tud\u00e1sukat, \u00e1llap\u00edtja meg a szakport\u00e1l.<\/p>\n<p>Forr\u00e1s: 24.hu<\/p>\n","protected":false},"excerpt":{"rendered":"<p>A kedvez\u0151 korm\u00e1nyzati d\u00f6nt\u00e9s ut\u00e1n, miszerint\u00a0 csak szja-t kell fizetni a nyugd\u00edjas munk\u00e1ja ut\u00e1n, m\u00e1s ad\u00f3t nem, a komoly munkaer\u0151hi\u00e1ny ellen\u00e9re sem akarnak visszat\u00e9rni a nyugd\u00edjasok a munker\u0151piacra. Annyi a v\u00e1ltoz\u00e1s, hogy \u00a0mik\u00f6zben emelkedett a 65-74 \u00e9ves koroszt\u00e1ly l\u00e9tsz\u00e1ma, az elm\u00falt egy \u00e9vben a nyugd\u00edjasok aktivit\u00e1si r\u00e1t\u00e1ja 0,8 sz\u00e1zal\u00e9kponttal 62,8 sz\u00e1zal\u00e9kra emelkedett, a t\u00f6rt\u00e9nelmi cs\u00facsot [&hellip;]<\/p>\n","protected":false},"author":1,"featured_media":2856,"comment_status":"open","ping_status":"open","sticky":false,"template":"","format":"standard","meta":{"_monsterinsights_skip_tracking":false,"footnotes":""},"categories":[198,200],"tags":[],"class_list":["post-2855","post","type-post","status-publish","format-standard","has-post-thumbnail","hentry","category-gazdasag","category-munkaeropiac"],"aioseo_notices":[],"aioseo_head":"\n\t\t<!-- All in One SEO 5.0.0.1 - aioseo.com -->\n\t<meta name=\"description\" content=\"A kedvez\u0151 korm\u00e1nyzati d\u00f6nt\u00e9s ut\u00e1n, miszerint csak szja-t kell fizetni a nyugd\u00edjas munk\u00e1ja ut\u00e1n, m\u00e1s ad\u00f3t nem, a komoly munkaer\u0151hi\u00e1ny ellen\u00e9re sem akarnak visszat\u00e9rni a nyugd\u00edjasok a munker\u0151piacra. Annyi a v\u00e1ltoz\u00e1s, hogy mik\u00f6zben emelkedett a 65-74 \u00e9ves koroszt\u00e1ly l\u00e9tsz\u00e1ma, az elm\u00falt egy \u00e9vben a nyugd\u00edjasok aktivit\u00e1si r\u00e1t\u00e1ja 0,8 sz\u00e1zal\u00e9kponttal 62,8 sz\u00e1zal\u00e9kra emelkedett, a t\u00f6rt\u00e9nelmi cs\u00facsot\" \/>\n\t<meta name=\"robots\" content=\"max-image-preview:large\" \/>\n\t<meta name=\"author\" content=\"Juh\u00e1sz P\u00e9ter\"\/>\n\t<link rel=\"canonical\" href=\"https:\/\/allasorias.hu\/hirek\/megerne-nyugdijasokat-foglalkoztatni\/\" \/>\n\t<meta name=\"generator\" content=\"All in One SEO (AIOSEO) 5.0.0.1\" \/>\n\t\t<meta property=\"og:locale\" content=\"hu_HU\" \/>\n\t\t<meta property=\"og:site_name\" content=\"AllasOrias.hu | H\u00edrek-lapszemle | \u00dczleti h\u00edrek az \u00e1ll\u00e1s \u00e9s a munka vil\u00e1g\u00e1b\u00f3l\" \/>\n\t\t<meta property=\"og:type\" content=\"article\" \/>\n\t\t<meta property=\"og:title\" content=\"Meg\u00e9rn\u00e9 nyugd\u00edjasokat foglalkoztatni | AllasOrias.hu | H\u00edrek-lapszemle\" \/>\n\t\t<meta property=\"og:description\" content=\"A kedvez\u0151 korm\u00e1nyzati d\u00f6nt\u00e9s ut\u00e1n, miszerint csak szja-t kell fizetni a nyugd\u00edjas munk\u00e1ja ut\u00e1n, m\u00e1s ad\u00f3t nem, a komoly munkaer\u0151hi\u00e1ny ellen\u00e9re sem akarnak visszat\u00e9rni a nyugd\u00edjasok a munker\u0151piacra. Annyi a v\u00e1ltoz\u00e1s, hogy mik\u00f6zben emelkedett a 65-74 \u00e9ves koroszt\u00e1ly l\u00e9tsz\u00e1ma, az elm\u00falt egy \u00e9vben a nyugd\u00edjasok aktivit\u00e1si r\u00e1t\u00e1ja 0,8 sz\u00e1zal\u00e9kponttal 62,8 sz\u00e1zal\u00e9kra emelkedett, a t\u00f6rt\u00e9nelmi cs\u00facsot\" \/>\n\t\t<meta property=\"og:url\" content=\"https:\/\/allasorias.hu\/hirek\/megerne-nyugdijasokat-foglalkoztatni\/\" \/>\n\t\t<meta property=\"og:image\" content=\"https:\/\/allasorias.hu\/hirek\/wp-content\/uploads\/2019\/05\/adult-blur-daytime-834863.jpg\" \/>\n\t\t<meta property=\"og:image:secure_url\" content=\"https:\/\/allasorias.hu\/hirek\/wp-content\/uploads\/2019\/05\/adult-blur-daytime-834863.jpg\" \/>\n\t\t<meta property=\"og:image:width\" content=\"640\" \/>\n\t\t<meta property=\"og:image:height\" content=\"426\" \/>\n\t\t<meta property=\"article:published_time\" content=\"2019-05-08T10:36:14+00:00\" \/>\n\t\t<meta property=\"article:modified_time\" content=\"2019-05-08T10:36:14+00:00\" \/>\n\t\t<meta property=\"article:publisher\" content=\"https:\/\/www.facebook.com\/allasorias\" \/>\n\t\t<meta name=\"twitter:card\" content=\"summary_large_image\" \/>\n\t\t<meta name=\"twitter:title\" content=\"Meg\u00e9rn\u00e9 nyugd\u00edjasokat foglalkoztatni | AllasOrias.hu | H\u00edrek-lapszemle\" \/>\n\t\t<meta name=\"twitter:description\" content=\"A kedvez\u0151 korm\u00e1nyzati d\u00f6nt\u00e9s ut\u00e1n, miszerint csak szja-t kell fizetni a nyugd\u00edjas munk\u00e1ja ut\u00e1n, m\u00e1s ad\u00f3t nem, a komoly munkaer\u0151hi\u00e1ny ellen\u00e9re sem akarnak visszat\u00e9rni a nyugd\u00edjasok a munker\u0151piacra. Annyi a v\u00e1ltoz\u00e1s, hogy mik\u00f6zben emelkedett a 65-74 \u00e9ves koroszt\u00e1ly l\u00e9tsz\u00e1ma, az elm\u00falt egy \u00e9vben a nyugd\u00edjasok aktivit\u00e1si r\u00e1t\u00e1ja 0,8 sz\u00e1zal\u00e9kponttal 62,8 sz\u00e1zal\u00e9kra emelkedett, a t\u00f6rt\u00e9nelmi cs\u00facsot\" \/>\n\t\t<meta name=\"twitter:image\" content=\"https:\/\/allasorias.hu\/hirek\/wp-content\/uploads\/2019\/05\/adult-blur-daytime-834863.jpg\" \/>\n\t\t<meta name=\"twitter:label1\" content=\"Written by\" \/>\n\t\t<meta name=\"twitter:data1\" content=\"Juh\u00e1sz P\u00e9ter\" \/>\n\t\t<meta name=\"twitter:label2\" content=\"Est. reading time\" \/>\n\t\t<meta name=\"twitter:data2\" content=\"2 minutes\" \/>\n\t\t<script type=\"application\/ld+json\" class=\"aioseo-schema\">\n\t\t\t{\"@context\":\"https:\\\/\\\/schema.org\",\"@graph\":[{\"@type\":\"Article\",\"@id\":\"https:\\\/\\\/allasorias.hu\\\/hirek\\\/megerne-nyugdijasokat-foglalkoztatni\\\/#article\",\"name\":\"Meg\\u00e9rn\\u00e9 nyugd\\u00edjasokat foglalkoztatni | AllasOrias.hu | H\\u00edrek-lapszemle\",\"headline\":\"Meg\\u00e9rn\\u00e9  nyugd\\u00edjasokat foglalkoztatni\",\"author\":{\"@id\":\"https:\\\/\\\/allasorias.hu\\\/hirek\\\/author\\\/admin-allasorias\\\/#author\"},\"publisher\":{\"@id\":\"https:\\\/\\\/allasorias.hu\\\/hirek\\\/#organization\"},\"image\":{\"@type\":\"ImageObject\",\"url\":\"https:\\\/\\\/allasorias.hu\\\/hirek\\\/wp-content\\\/uploads\\\/2019\\\/05\\\/adult-blur-daytime-834863.jpg\",\"width\":640,\"height\":426},\"datePublished\":\"2019-05-08T10:36:14+02:00\",\"dateModified\":\"2019-05-08T10:36:14+02:00\",\"inLanguage\":\"hu-HU\",\"mainEntityOfPage\":{\"@id\":\"https:\\\/\\\/allasorias.hu\\\/hirek\\\/megerne-nyugdijasokat-foglalkoztatni\\\/#webpage\"},\"isPartOf\":{\"@id\":\"https:\\\/\\\/allasorias.hu\\\/hirek\\\/megerne-nyugdijasokat-foglalkoztatni\\\/#webpage\"},\"articleSection\":\"Gazdas\\u00e1g, Munkaer\\u0151piac\"},{\"@type\":\"BreadcrumbList\",\"@id\":\"https:\\\/\\\/allasorias.hu\\\/hirek\\\/megerne-nyugdijasokat-foglalkoztatni\\\/#breadcrumblist\",\"itemListElement\":[{\"@type\":\"ListItem\",\"@id\":\"https:\\\/\\\/allasorias.hu\\\/hirek#listItem\",\"position\":1,\"name\":\"Home\",\"item\":\"https:\\\/\\\/allasorias.hu\\\/hirek\",\"nextItem\":{\"@type\":\"ListItem\",\"@id\":\"https:\\\/\\\/allasorias.hu\\\/hirek\\\/temak\\\/gazdasag\\\/#listItem\",\"name\":\"Gazdas\\u00e1g\"}},{\"@type\":\"ListItem\",\"@id\":\"https:\\\/\\\/allasorias.hu\\\/hirek\\\/temak\\\/gazdasag\\\/#listItem\",\"position\":2,\"name\":\"Gazdas\\u00e1g\",\"item\":\"https:\\\/\\\/allasorias.hu\\\/hirek\\\/temak\\\/gazdasag\\\/\",\"nextItem\":{\"@type\":\"ListItem\",\"@id\":\"https:\\\/\\\/allasorias.hu\\\/hirek\\\/megerne-nyugdijasokat-foglalkoztatni\\\/#listItem\",\"name\":\"Meg\\u00e9rn\\u00e9  nyugd\\u00edjasokat foglalkoztatni\"},\"previousItem\":{\"@type\":\"ListItem\",\"@id\":\"https:\\\/\\\/allasorias.hu\\\/hirek#listItem\",\"name\":\"Home\"}},{\"@type\":\"ListItem\",\"@id\":\"https:\\\/\\\/allasorias.hu\\\/hirek\\\/megerne-nyugdijasokat-foglalkoztatni\\\/#listItem\",\"position\":3,\"name\":\"Meg\\u00e9rn\\u00e9  nyugd\\u00edjasokat foglalkoztatni\",\"previousItem\":{\"@type\":\"ListItem\",\"@id\":\"https:\\\/\\\/allasorias.hu\\\/hirek\\\/temak\\\/gazdasag\\\/#listItem\",\"name\":\"Gazdas\\u00e1g\"}}]},{\"@type\":\"Organization\",\"@id\":\"https:\\\/\\\/allasorias.hu\\\/hirek\\\/#organization\",\"name\":\"AllasOrias.hu | H\\u00edrek-lapszemle\",\"description\":\"\\u00dczleti h\\u00edrek az \\u00e1ll\\u00e1s \\u00e9s a munka vil\\u00e1g\\u00e1b\\u00f3l\",\"url\":\"https:\\\/\\\/allasorias.hu\\\/hirek\\\/\",\"logo\":{\"@type\":\"ImageObject\",\"url\":\"https:\\\/\\\/allasorias.hu\\\/hirek\\\/wp-content\\\/uploads\\\/2022\\\/10\\\/allasorias_site_facebok_logo.png\",\"@id\":\"https:\\\/\\\/allasorias.hu\\\/hirek\\\/megerne-nyugdijasokat-foglalkoztatni\\\/#organizationLogo\"},\"image\":{\"@id\":\"https:\\\/\\\/allasorias.hu\\\/hirek\\\/megerne-nyugdijasokat-foglalkoztatni\\\/#organizationLogo\"},\"sameAs\":[\"https:\\\/\\\/www.facebook.com\\\/allasorias\",\"https:\\\/\\\/www.linkedin.com\\\/company\\\/allasorias\"]},{\"@type\":\"Person\",\"@id\":\"https:\\\/\\\/allasorias.hu\\\/hirek\\\/author\\\/admin-allasorias\\\/#author\",\"url\":\"https:\\\/\\\/allasorias.hu\\\/hirek\\\/author\\\/admin-allasorias\\\/\",\"name\":\"Juh\\u00e1sz P\\u00e9ter\",\"image\":{\"@type\":\"ImageObject\",\"@id\":\"https:\\\/\\\/allasorias.hu\\\/hirek\\\/megerne-nyugdijasokat-foglalkoztatni\\\/#authorImage\",\"url\":\"https:\\\/\\\/secure.gravatar.com\\\/avatar\\\/36e6bcb83148978b992977cb0f54d22feb0cce8a0a849a9410532bb2623ba4c6?s=96&d=mm&r=g\",\"width\":96,\"height\":96,\"caption\":\"Juh\\u00e1sz P\\u00e9ter\"}},{\"@type\":\"WebPage\",\"@id\":\"https:\\\/\\\/allasorias.hu\\\/hirek\\\/megerne-nyugdijasokat-foglalkoztatni\\\/#webpage\",\"url\":\"https:\\\/\\\/allasorias.hu\\\/hirek\\\/megerne-nyugdijasokat-foglalkoztatni\\\/\",\"name\":\"Meg\\u00e9rn\\u00e9 nyugd\\u00edjasokat foglalkoztatni | AllasOrias.hu | H\\u00edrek-lapszemle\",\"description\":\"A kedvez\\u0151 korm\\u00e1nyzati d\\u00f6nt\\u00e9s ut\\u00e1n, miszerint csak szja-t kell fizetni a nyugd\\u00edjas munk\\u00e1ja ut\\u00e1n, m\\u00e1s ad\\u00f3t nem, a komoly munkaer\\u0151hi\\u00e1ny ellen\\u00e9re sem akarnak visszat\\u00e9rni a nyugd\\u00edjasok a munker\\u0151piacra. Annyi a v\\u00e1ltoz\\u00e1s, hogy mik\\u00f6zben emelkedett a 65-74 \\u00e9ves koroszt\\u00e1ly l\\u00e9tsz\\u00e1ma, az elm\\u00falt egy \\u00e9vben a nyugd\\u00edjasok aktivit\\u00e1si r\\u00e1t\\u00e1ja 0,8 sz\\u00e1zal\\u00e9kponttal 62,8 sz\\u00e1zal\\u00e9kra emelkedett, a t\\u00f6rt\\u00e9nelmi cs\\u00facsot\",\"inLanguage\":\"hu-HU\",\"isPartOf\":{\"@id\":\"https:\\\/\\\/allasorias.hu\\\/hirek\\\/#website\"},\"breadcrumb\":{\"@id\":\"https:\\\/\\\/allasorias.hu\\\/hirek\\\/megerne-nyugdijasokat-foglalkoztatni\\\/#breadcrumblist\"},\"author\":{\"@id\":\"https:\\\/\\\/allasorias.hu\\\/hirek\\\/author\\\/admin-allasorias\\\/#author\"},\"creator\":{\"@id\":\"https:\\\/\\\/allasorias.hu\\\/hirek\\\/author\\\/admin-allasorias\\\/#author\"},\"image\":{\"@type\":\"ImageObject\",\"url\":\"https:\\\/\\\/allasorias.hu\\\/hirek\\\/wp-content\\\/uploads\\\/2019\\\/05\\\/adult-blur-daytime-834863.jpg\",\"@id\":\"https:\\\/\\\/allasorias.hu\\\/hirek\\\/megerne-nyugdijasokat-foglalkoztatni\\\/#mainImage\",\"width\":640,\"height\":426},\"primaryImageOfPage\":{\"@id\":\"https:\\\/\\\/allasorias.hu\\\/hirek\\\/megerne-nyugdijasokat-foglalkoztatni\\\/#mainImage\"},\"datePublished\":\"2019-05-08T10:36:14+02:00\",\"dateModified\":\"2019-05-08T10:36:14+02:00\"},{\"@type\":\"WebSite\",\"@id\":\"https:\\\/\\\/allasorias.hu\\\/hirek\\\/#website\",\"url\":\"https:\\\/\\\/allasorias.hu\\\/hirek\\\/\",\"name\":\"AllasOrias.hu | H\\u00edrek-lapszemle\",\"description\":\"\\u00dczleti h\\u00edrek az \\u00e1ll\\u00e1s \\u00e9s a munka vil\\u00e1g\\u00e1b\\u00f3l\",\"inLanguage\":\"hu-HU\",\"publisher\":{\"@id\":\"https:\\\/\\\/allasorias.hu\\\/hirek\\\/#organization\"}}]}\n\t\t<\/script>\n\t\t<!-- All in One SEO -->\n\n","aioseo_head_json":{"title":"Meg\u00e9rn\u00e9 nyugd\u00edjasokat foglalkoztatni | AllasOrias.hu | H\u00edrek-lapszemle","description":"A kedvez\u0151 korm\u00e1nyzati d\u00f6nt\u00e9s ut\u00e1n, miszerint csak szja-t kell fizetni a nyugd\u00edjas munk\u00e1ja ut\u00e1n, m\u00e1s ad\u00f3t nem, a komoly munkaer\u0151hi\u00e1ny ellen\u00e9re sem akarnak visszat\u00e9rni a nyugd\u00edjasok a munker\u0151piacra. Annyi a v\u00e1ltoz\u00e1s, hogy mik\u00f6zben emelkedett a 65-74 \u00e9ves koroszt\u00e1ly l\u00e9tsz\u00e1ma, az elm\u00falt egy \u00e9vben a nyugd\u00edjasok aktivit\u00e1si r\u00e1t\u00e1ja 0,8 sz\u00e1zal\u00e9kponttal 62,8 sz\u00e1zal\u00e9kra emelkedett, a t\u00f6rt\u00e9nelmi cs\u00facsot","canonical_url":"https:\/\/allasorias.hu\/hirek\/megerne-nyugdijasokat-foglalkoztatni\/","robots":"max-image-preview:large","keywords":"","webmasterTools":{"miscellaneous":""},"schema":{"@context":"https:\/\/schema.org","@graph":[{"@type":"Article","@id":"https:\/\/allasorias.hu\/hirek\/megerne-nyugdijasokat-foglalkoztatni\/#article","name":"Meg\u00e9rn\u00e9 nyugd\u00edjasokat foglalkoztatni | AllasOrias.hu | H\u00edrek-lapszemle","headline":"Meg\u00e9rn\u00e9  nyugd\u00edjasokat foglalkoztatni","author":{"@id":"https:\/\/allasorias.hu\/hirek\/author\/admin-allasorias\/#author"},"publisher":{"@id":"https:\/\/allasorias.hu\/hirek\/#organization"},"image":{"@type":"ImageObject","url":"https:\/\/allasorias.hu\/hirek\/wp-content\/uploads\/2019\/05\/adult-blur-daytime-834863.jpg","width":640,"height":426},"datePublished":"2019-05-08T10:36:14+02:00","dateModified":"2019-05-08T10:36:14+02:00","inLanguage":"hu-HU","mainEntityOfPage":{"@id":"https:\/\/allasorias.hu\/hirek\/megerne-nyugdijasokat-foglalkoztatni\/#webpage"},"isPartOf":{"@id":"https:\/\/allasorias.hu\/hirek\/megerne-nyugdijasokat-foglalkoztatni\/#webpage"},"articleSection":"Gazdas\u00e1g, Munkaer\u0151piac"},{"@type":"BreadcrumbList","@id":"https:\/\/allasorias.hu\/hirek\/megerne-nyugdijasokat-foglalkoztatni\/#breadcrumblist","itemListElement":[{"@type":"ListItem","@id":"https:\/\/allasorias.hu\/hirek#listItem","position":1,"name":"Home","item":"https:\/\/allasorias.hu\/hirek","nextItem":{"@type":"ListItem","@id":"https:\/\/allasorias.hu\/hirek\/temak\/gazdasag\/#listItem","name":"Gazdas\u00e1g"}},{"@type":"ListItem","@id":"https:\/\/allasorias.hu\/hirek\/temak\/gazdasag\/#listItem","position":2,"name":"Gazdas\u00e1g","item":"https:\/\/allasorias.hu\/hirek\/temak\/gazdasag\/","nextItem":{"@type":"ListItem","@id":"https:\/\/allasorias.hu\/hirek\/megerne-nyugdijasokat-foglalkoztatni\/#listItem","name":"Meg\u00e9rn\u00e9  nyugd\u00edjasokat foglalkoztatni"},"previousItem":{"@type":"ListItem","@id":"https:\/\/allasorias.hu\/hirek#listItem","name":"Home"}},{"@type":"ListItem","@id":"https:\/\/allasorias.hu\/hirek\/megerne-nyugdijasokat-foglalkoztatni\/#listItem","position":3,"name":"Meg\u00e9rn\u00e9  nyugd\u00edjasokat foglalkoztatni","previousItem":{"@type":"ListItem","@id":"https:\/\/allasorias.hu\/hirek\/temak\/gazdasag\/#listItem","name":"Gazdas\u00e1g"}}]},{"@type":"Organization","@id":"https:\/\/allasorias.hu\/hirek\/#organization","name":"AllasOrias.hu | H\u00edrek-lapszemle","description":"\u00dczleti h\u00edrek az \u00e1ll\u00e1s \u00e9s a munka vil\u00e1g\u00e1b\u00f3l","url":"https:\/\/allasorias.hu\/hirek\/","logo":{"@type":"ImageObject","url":"https:\/\/allasorias.hu\/hirek\/wp-content\/uploads\/2022\/10\/allasorias_site_facebok_logo.png","@id":"https:\/\/allasorias.hu\/hirek\/megerne-nyugdijasokat-foglalkoztatni\/#organizationLogo"},"image":{"@id":"https:\/\/allasorias.hu\/hirek\/megerne-nyugdijasokat-foglalkoztatni\/#organizationLogo"},"sameAs":["https:\/\/www.facebook.com\/allasorias","https:\/\/www.linkedin.com\/company\/allasorias"]},{"@type":"Person","@id":"https:\/\/allasorias.hu\/hirek\/author\/admin-allasorias\/#author","url":"https:\/\/allasorias.hu\/hirek\/author\/admin-allasorias\/","name":"Juh\u00e1sz P\u00e9ter","image":{"@type":"ImageObject","@id":"https:\/\/allasorias.hu\/hirek\/megerne-nyugdijasokat-foglalkoztatni\/#authorImage","url":"https:\/\/secure.gravatar.com\/avatar\/36e6bcb83148978b992977cb0f54d22feb0cce8a0a849a9410532bb2623ba4c6?s=96&d=mm&r=g","width":96,"height":96,"caption":"Juh\u00e1sz P\u00e9ter"}},{"@type":"WebPage","@id":"https:\/\/allasorias.hu\/hirek\/megerne-nyugdijasokat-foglalkoztatni\/#webpage","url":"https:\/\/allasorias.hu\/hirek\/megerne-nyugdijasokat-foglalkoztatni\/","name":"Meg\u00e9rn\u00e9 nyugd\u00edjasokat foglalkoztatni | AllasOrias.hu | H\u00edrek-lapszemle","description":"A kedvez\u0151 korm\u00e1nyzati d\u00f6nt\u00e9s ut\u00e1n, miszerint csak szja-t kell fizetni a nyugd\u00edjas munk\u00e1ja ut\u00e1n, m\u00e1s ad\u00f3t nem, a komoly munkaer\u0151hi\u00e1ny ellen\u00e9re sem akarnak visszat\u00e9rni a nyugd\u00edjasok a munker\u0151piacra. Annyi a v\u00e1ltoz\u00e1s, hogy mik\u00f6zben emelkedett a 65-74 \u00e9ves koroszt\u00e1ly l\u00e9tsz\u00e1ma, az elm\u00falt egy \u00e9vben a nyugd\u00edjasok aktivit\u00e1si r\u00e1t\u00e1ja 0,8 sz\u00e1zal\u00e9kponttal 62,8 sz\u00e1zal\u00e9kra emelkedett, a t\u00f6rt\u00e9nelmi cs\u00facsot","inLanguage":"hu-HU","isPartOf":{"@id":"https:\/\/allasorias.hu\/hirek\/#website"},"breadcrumb":{"@id":"https:\/\/allasorias.hu\/hirek\/megerne-nyugdijasokat-foglalkoztatni\/#breadcrumblist"},"author":{"@id":"https:\/\/allasorias.hu\/hirek\/author\/admin-allasorias\/#author"},"creator":{"@id":"https:\/\/allasorias.hu\/hirek\/author\/admin-allasorias\/#author"},"image":{"@type":"ImageObject","url":"https:\/\/allasorias.hu\/hirek\/wp-content\/uploads\/2019\/05\/adult-blur-daytime-834863.jpg","@id":"https:\/\/allasorias.hu\/hirek\/megerne-nyugdijasokat-foglalkoztatni\/#mainImage","width":640,"height":426},"primaryImageOfPage":{"@id":"https:\/\/allasorias.hu\/hirek\/megerne-nyugdijasokat-foglalkoztatni\/#mainImage"},"datePublished":"2019-05-08T10:36:14+02:00","dateModified":"2019-05-08T10:36:14+02:00"},{"@type":"WebSite","@id":"https:\/\/allasorias.hu\/hirek\/#website","url":"https:\/\/allasorias.hu\/hirek\/","name":"AllasOrias.hu | H\u00edrek-lapszemle","description":"\u00dczleti h\u00edrek az \u00e1ll\u00e1s \u00e9s a munka vil\u00e1g\u00e1b\u00f3l","inLanguage":"hu-HU","publisher":{"@id":"https:\/\/allasorias.hu\/hirek\/#organization"}}]},"og:locale":"hu_HU","og:site_name":"AllasOrias.hu | H\u00edrek-lapszemle | \u00dczleti h\u00edrek az \u00e1ll\u00e1s \u00e9s a munka vil\u00e1g\u00e1b\u00f3l","og:type":"article","og:title":"Meg\u00e9rn\u00e9 nyugd\u00edjasokat foglalkoztatni | AllasOrias.hu | H\u00edrek-lapszemle","og:description":"A kedvez\u0151 korm\u00e1nyzati d\u00f6nt\u00e9s ut\u00e1n, miszerint csak szja-t kell fizetni a nyugd\u00edjas munk\u00e1ja ut\u00e1n, m\u00e1s ad\u00f3t nem, a komoly munkaer\u0151hi\u00e1ny ellen\u00e9re sem akarnak visszat\u00e9rni a nyugd\u00edjasok a munker\u0151piacra. Annyi a v\u00e1ltoz\u00e1s, hogy mik\u00f6zben emelkedett a 65-74 \u00e9ves koroszt\u00e1ly l\u00e9tsz\u00e1ma, az elm\u00falt egy \u00e9vben a nyugd\u00edjasok aktivit\u00e1si r\u00e1t\u00e1ja 0,8 sz\u00e1zal\u00e9kponttal 62,8 sz\u00e1zal\u00e9kra emelkedett, a t\u00f6rt\u00e9nelmi cs\u00facsot","og:url":"https:\/\/allasorias.hu\/hirek\/megerne-nyugdijasokat-foglalkoztatni\/","og:image":"https:\/\/allasorias.hu\/hirek\/wp-content\/uploads\/2019\/05\/adult-blur-daytime-834863.jpg","og:image:secure_url":"https:\/\/allasorias.hu\/hirek\/wp-content\/uploads\/2019\/05\/adult-blur-daytime-834863.jpg","og:image:width":640,"og:image:height":426,"article:published_time":"2019-05-08T10:36:14+00:00","article:modified_time":"2019-05-08T10:36:14+00:00","article:publisher":"https:\/\/www.facebook.com\/allasorias","twitter:card":"summary_large_image","twitter:title":"Meg\u00e9rn\u00e9 nyugd\u00edjasokat foglalkoztatni | AllasOrias.hu | H\u00edrek-lapszemle","twitter:description":"A kedvez\u0151 korm\u00e1nyzati d\u00f6nt\u00e9s ut\u00e1n, miszerint csak szja-t kell fizetni a nyugd\u00edjas munk\u00e1ja ut\u00e1n, m\u00e1s ad\u00f3t nem, a komoly munkaer\u0151hi\u00e1ny ellen\u00e9re sem akarnak visszat\u00e9rni a nyugd\u00edjasok a munker\u0151piacra. Annyi a v\u00e1ltoz\u00e1s, hogy mik\u00f6zben emelkedett a 65-74 \u00e9ves koroszt\u00e1ly l\u00e9tsz\u00e1ma, az elm\u00falt egy \u00e9vben a nyugd\u00edjasok aktivit\u00e1si r\u00e1t\u00e1ja 0,8 sz\u00e1zal\u00e9kponttal 62,8 sz\u00e1zal\u00e9kra emelkedett, a t\u00f6rt\u00e9nelmi cs\u00facsot","twitter:image":"https:\/\/allasorias.hu\/hirek\/wp-content\/uploads\/2019\/05\/adult-blur-daytime-834863.jpg","twitter:label1":"Written by","twitter:data1":"Juh\u00e1sz P\u00e9ter","twitter:label2":"Est. reading time","twitter:data2":"2 minutes"},"aioseo_meta_data":{"post_id":"2855","title":null,"description":null,"keywords":null,"keyphrases":null,"primary_term":null,"canonical_url":null,"og_title":null,"og_description":null,"og_object_type":"default","og_image_type":"default","og_image_url":null,"og_image_width":null,"og_image_height":null,"og_image_custom_url":null,"og_image_custom_fields":null,"og_video":null,"og_custom_url":null,"og_article_section":null,"og_article_tags":null,"twitter_use_og":false,"twitter_card":"default","twitter_image_type":"default","twitter_image_url":null,"twitter_image_custom_url":null,"twitter_image_custom_fields":null,"twitter_title":null,"twitter_description":null,"schema":{"blockGraphs":[],"customGraphs":[],"default":{"data":{"Article":[],"Course":[],"Dataset":[],"FAQPage":[],"Movie":[],"Person":[],"Product":[],"ProductReview":[],"Car":[],"Recipe":[],"Service":[],"SoftwareApplication":[],"WebPage":[]},"graphName":"","isEnabled":true},"graphs":[],"defaultGraph":"","defaultPostTypeGraph":""},"schema_type":null,"schema_type_options":null,"pillar_content":false,"robots_default":true,"robots_noindex":false,"robots_noarchive":false,"robots_nosnippet":false,"robots_nofollow":false,"robots_noimageindex":false,"robots_noodp":false,"robots_notranslate":false,"robots_max_snippet":null,"robots_max_videopreview":null,"robots_max_imagepreview":"large","priority":null,"frequency":null,"location":null,"local_seo":null,"breadcrumb_settings":null,"limit_modified_date":false,"ai":null,"created":"2021-02-01 21:14:05","updated":"2025-10-02 11:15:54","seo_analyzer_scan_date":null,"focus_keyword":null,"additional_keywords":null,"truseo_locale":null},"aioseo_breadcrumb":"<div class=\"aioseo-breadcrumbs\"><span class=\"aioseo-breadcrumb\">\n\t\t\t<a href=\"https:\/\/allasorias.hu\/hirek\" title=\"Home\">Home<\/a>\n\t\t<\/span><span class=\"aioseo-breadcrumb-separator\">&raquo;<\/span><span class=\"aioseo-breadcrumb\">\n\t\t\t<a href=\"https:\/\/allasorias.hu\/hirek\/temak\/gazdasag\/\" title=\"Gazdas\u00e1g\">Gazdas\u00e1g<\/a>\n\t\t<\/span><span class=\"aioseo-breadcrumb-separator\">&raquo;<\/span><span class=\"aioseo-breadcrumb\">\n\t\t\tMeg\u00e9rn\u00e9  nyugd\u00edjasokat foglalkoztatni\n\t\t<\/span><\/div>","aioseo_breadcrumb_json":[{"label":"Home","link":"https:\/\/allasorias.hu\/hirek"},{"label":"Gazdas\u00e1g","link":"https:\/\/allasorias.hu\/hirek\/temak\/gazdasag\/"},{"label":"Meg\u00e9rn\u00e9  nyugd\u00edjasokat foglalkoztatni","link":"https:\/\/allasorias.hu\/hirek\/megerne-nyugdijasokat-foglalkoztatni\/"}],"_links":{"self":[{"href":"https:\/\/allasorias.hu\/hirek\/wp-json\/wp\/v2\/posts\/2855","targetHints":{"allow":["GET"]}}],"collection":[{"href":"https:\/\/allasorias.hu\/hirek\/wp-json\/wp\/v2\/posts"}],"about":[{"href":"https:\/\/allasorias.hu\/hirek\/wp-json\/wp\/v2\/types\/post"}],"author":[{"embeddable":true,"href":"https:\/\/allasorias.hu\/hirek\/wp-json\/wp\/v2\/users\/1"}],"replies":[{"embeddable":true,"href":"https:\/\/allasorias.hu\/hirek\/wp-json\/wp\/v2\/comments?post=2855"}],"version-history":[{"count":1,"href":"https:\/\/allasorias.hu\/hirek\/wp-json\/wp\/v2\/posts\/2855\/revisions"}],"predecessor-version":[{"id":2857,"href":"https:\/\/allasorias.hu\/hirek\/wp-json\/wp\/v2\/posts\/2855\/revisions\/2857"}],"wp:featuredmedia":[{"embeddable":true,"href":"https:\/\/allasorias.hu\/hirek\/wp-json\/wp\/v2\/media\/2856"}],"wp:attachment":[{"href":"https:\/\/allasorias.hu\/hirek\/wp-json\/wp\/v2\/media?parent=2855"}],"wp:term":[{"taxonomy":"category","embeddable":true,"href":"https:\/\/allasorias.hu\/hirek\/wp-json\/wp\/v2\/categories?post=2855"},{"taxonomy":"post_tag","embeddable":true,"href":"https:\/\/allasorias.hu\/hirek\/wp-json\/wp\/v2\/tags?post=2855"}],"curies":[{"name":"wp","href":"https:\/\/api.w.org\/{rel}","templated":true}]}}