{"id":2849,"date":"2019-05-07T09:02:42","date_gmt":"2019-05-07T09:02:42","guid":{"rendered":"https:\/\/allasorias.hu\/hirek\/?p=2849"},"modified":"2019-05-07T09:02:42","modified_gmt":"2019-05-07T09:02:42","slug":"mikor-erjuk-el-a-nyugati-bereket","status":"publish","type":"post","link":"https:\/\/allasorias.hu\/hirek\/mikor-erjuk-el-a-nyugati-bereket\/","title":{"rendered":"Mikor \u00e9rj\u00fck el a nyugati b\u00e9reket?"},"content":{"rendered":"<p><strong>Ugyan folyamatosan n\u0151nek a hazai b\u00e9rek, de \u00a0messze m\u00e9g a nyugati szint. Zsidai Viktor alapkezel\u0151 az alapbogon is k\u00f6zz\u00e9tett \u201eUnortodox b\u00e9rrobban\u00e1s\u201d c\u00edm\u0171 \u00edr\u00e1s\u00e1ban kifejti, hogy kb. 2022-ig \u00e9vi 10% n\u00f6veked\u00e9s v\u00e1rhat\u00f3, ami megd\u00f6bbent\u0151 sz\u00e1mnak t\u0171nik, hiszen ez azt jelenti, hogy a munkav\u00e1llal\u00f3 k\u00f6zel a fel\u00e9vel magasabb b\u00e9ren lesz foglalkoztathat\u00f3. <\/strong><\/p>\n<p>Re\u00e1lisnak t\u0171nik ez az el\u0151rejelz\u00e9s annak ellen\u00e9re, hogy a piaci v\u00e1rakoz\u00e1sok az \u00e1tlagos emel\u00e9st 6,5-7,5 %-ra prognosztiz\u00e1lj\u00e1k. A 10%-ra utal az a frissen \u00e9rkezett KSH adat, amely el\u0151z\u0151 \u00e9v azonos id\u0151szak\u00e1hoz viszony\u00edtottan 10,6%-os b\u00e9remelked\u00e9st mutat. Az \u00a0\u00e1llami szf\u00e9ra a legvesz\u00e9lyeztetettebb: az \u00e1rakra t\u00fal nagy hat\u00e1sa nincs, b\u00e9rek (pl. k\u00f6zalkalmazottak eset\u00e9n) tekintet\u00e9ben a strukt\u00far\u00e1ja statikus. Azaz a piac nagyon k\u00f6nnyen \u00e1t tudja szippantani a k\u00f6zalkalmazotti szf\u00e9r\u00e1b\u00f3l a munkaer\u0151t. Az \u00e1llam valamelyest szorgalmazza is ezt, a baj az, hogy \u00edgy a k\u00f6zalkalmazotti \u00e1llom\u00e1nyt vagy elsz\u00edvja az eg\u00e9szs\u00e9g\u00fcgy \u2013 mag\u00e1neg\u00e9szs\u00e9g\u00fcgy, vagy olyan szakm\u00e1t v\u00e1lasztanak, amelyben kamatoztatni tudj\u00e1k eddigi tapasztalataikat. .A b\u00e9rek tekintet\u00e9ben az OECD adatai szerint Mexik\u00f3 mellett \u00e1llunk a sor v\u00e9g\u00e9n, a k\u00f6rnyez\u0151 orsz\u00e1gok &#8211; amelyek kedvelt c\u00e9lorsz\u00e1gai a k\u00fclf\u00f6ld\u00f6n munk\u00e1t v\u00e1llal\u00f3knak &#8211; felett\u00fcnk, Ausztria eset\u00e9ben bel\u00e1thatatlan messzes\u00e9gben \u00e1llnak. Ez el\u0151re vet\u00edti, hogy az elv\u00e1ndorl\u00e1s tal\u00e1n lassulhat, de feltehet\u0151leg nem \u00e1ll meg vagy fordul vissz\u00e1j\u00e1ra, n\u00f6velve ezzel a munkaer\u0151hi\u00e1nyon kereszt\u00fcl a b\u00e9rnyom\u00e1st. Az eddig soha nem tapasztalt b\u00e9remelked\u00e9ssel egy\u00fctt teh\u00e1t nem siker\u00fclt ausztriai b\u00e9reket csiholni, hiszen az m\u0171ny\u00falk\u00e9nt szaladt a magyar b\u00e9rek el\u0151tt, \u00edgy futunk tov\u00e1bb ut\u00e1na. Az el\u0151zetes kommunik\u00e1ci\u00f3k szerint a jegybank 3%-os infl\u00e1ci\u00f3n\u00e1l ny\u00falt volna az alapkamathoz, azonban ez az int\u00e9zked\u00e9s elmaradt. A napokban j\u00f6tt is a meglepet\u00e9s, mert a m\u00e1rciusi fogyaszt\u00f3i\u00e1r-index 3,7%-on \u00e1llt meg, ami alulr\u00f3l nyaldossa a fels\u0151 tolerancias\u00e1vot. A jegybank legut\u00f3bb nem szigor\u00edtott, maradt az alacsony kamat, ebb\u0151l k\u00f6vetkez\u0151en a p\u00e9nzb\u0151s\u00e9g, magas fogyaszt\u00e1s. R\u00e1ad\u00e1sul az egyik legjobban dr\u00e1gul\u00f3 f\u0151csoport az \u00e9lelmiszer, amely 5,4 %-kal emelkedett. Ha marad ez a tendencia, akkor re\u00e1l\u00e9rt\u00e9kben nem lesz annyira \u00e9rezhet\u0151 a b\u00e9remelked\u00e9s, tov\u00e1bbi mun\u00edci\u00f3t adva a magasabb b\u00e9rk\u00f6vetel\u00e9seknek. Nagy k\u00e9rd\u00e9s, hogy az emel\u00e9si versenyben ki fullad ki leghamarabb, kinek van m\u00e9g puffere b\u00e9remel\u00e9sre. Akik biztosan b\u00edrni fogj\u00e1k, azok a t\u0151keer\u0151s nagyobb c\u00e9gek. A kkv-k \u00e9s mikro v\u00e1llalkoz\u00e1sok helyzete probl\u00e9m\u00e1sabb lesz.<\/p>\n<p>Forr\u00e1s.hu: hrportal.hu<\/p>\n","protected":false},"excerpt":{"rendered":"<p>Ugyan folyamatosan n\u0151nek a hazai b\u00e9rek, de \u00a0messze m\u00e9g a nyugati szint. Zsidai Viktor alapkezel\u0151 az alapbogon is k\u00f6zz\u00e9tett \u201eUnortodox b\u00e9rrobban\u00e1s\u201d c\u00edm\u0171 \u00edr\u00e1s\u00e1ban kifejti, hogy kb. 2022-ig \u00e9vi 10% n\u00f6veked\u00e9s v\u00e1rhat\u00f3, ami megd\u00f6bbent\u0151 sz\u00e1mnak t\u0171nik, hiszen ez azt jelenti, hogy a munkav\u00e1llal\u00f3 k\u00f6zel a fel\u00e9vel magasabb b\u00e9ren lesz foglalkoztathat\u00f3. Re\u00e1lisnak t\u0171nik ez az el\u0151rejelz\u00e9s annak [&hellip;]<\/p>\n","protected":false},"author":1,"featured_media":2850,"comment_status":"open","ping_status":"open","sticky":false,"template":"","format":"standard","meta":{"_monsterinsights_skip_tracking":false,"footnotes":""},"categories":[198,200],"tags":[],"class_list":["post-2849","post","type-post","status-publish","format-standard","has-post-thumbnail","hentry","category-gazdasag","category-munkaeropiac"],"aioseo_notices":[],"aioseo_head":"\n\t\t<!-- All in One SEO 5.0.0.1 - aioseo.com -->\n\t<meta name=\"description\" content=\"Ugyan folyamatosan n\u0151nek a hazai b\u00e9rek, de messze m\u00e9g a nyugati szint. Zsidai Viktor alapkezel\u0151 az alapbogon is k\u00f6zz\u00e9tett \u201eUnortodox b\u00e9rrobban\u00e1s\u201d c\u00edm\u0171 \u00edr\u00e1s\u00e1ban kifejti, hogy kb. 2022-ig \u00e9vi 10% n\u00f6veked\u00e9s v\u00e1rhat\u00f3, ami megd\u00f6bbent\u0151 sz\u00e1mnak t\u0171nik, hiszen ez azt jelenti, hogy a munkav\u00e1llal\u00f3 k\u00f6zel a fel\u00e9vel magasabb b\u00e9ren lesz foglalkoztathat\u00f3. Re\u00e1lisnak t\u0171nik ez az el\u0151rejelz\u00e9s annak\" \/>\n\t<meta name=\"robots\" content=\"max-image-preview:large\" \/>\n\t<meta name=\"author\" content=\"Juh\u00e1sz P\u00e9ter\"\/>\n\t<link rel=\"canonical\" href=\"https:\/\/allasorias.hu\/hirek\/mikor-erjuk-el-a-nyugati-bereket\/\" \/>\n\t<meta name=\"generator\" content=\"All in One SEO (AIOSEO) 5.0.0.1\" \/>\n\t\t<meta property=\"og:locale\" content=\"hu_HU\" \/>\n\t\t<meta property=\"og:site_name\" content=\"AllasOrias.hu | H\u00edrek-lapszemle | \u00dczleti h\u00edrek az \u00e1ll\u00e1s \u00e9s a munka vil\u00e1g\u00e1b\u00f3l\" \/>\n\t\t<meta property=\"og:type\" content=\"article\" \/>\n\t\t<meta property=\"og:title\" content=\"Mikor \u00e9rj\u00fck el a nyugati b\u00e9reket? | AllasOrias.hu | H\u00edrek-lapszemle\" \/>\n\t\t<meta property=\"og:description\" content=\"Ugyan folyamatosan n\u0151nek a hazai b\u00e9rek, de messze m\u00e9g a nyugati szint. Zsidai Viktor alapkezel\u0151 az alapbogon is k\u00f6zz\u00e9tett \u201eUnortodox b\u00e9rrobban\u00e1s\u201d c\u00edm\u0171 \u00edr\u00e1s\u00e1ban kifejti, hogy kb. 2022-ig \u00e9vi 10% n\u00f6veked\u00e9s v\u00e1rhat\u00f3, ami megd\u00f6bbent\u0151 sz\u00e1mnak t\u0171nik, hiszen ez azt jelenti, hogy a munkav\u00e1llal\u00f3 k\u00f6zel a fel\u00e9vel magasabb b\u00e9ren lesz foglalkoztathat\u00f3. Re\u00e1lisnak t\u0171nik ez az el\u0151rejelz\u00e9s annak\" \/>\n\t\t<meta property=\"og:url\" content=\"https:\/\/allasorias.hu\/hirek\/mikor-erjuk-el-a-nyugati-bereket\/\" \/>\n\t\t<meta property=\"og:image\" content=\"https:\/\/allasorias.hu\/hirek\/wp-content\/uploads\/2019\/05\/bank-notes-banknotes-cash-259234.jpg\" \/>\n\t\t<meta property=\"og:image:secure_url\" content=\"https:\/\/allasorias.hu\/hirek\/wp-content\/uploads\/2019\/05\/bank-notes-banknotes-cash-259234.jpg\" \/>\n\t\t<meta property=\"og:image:width\" content=\"640\" \/>\n\t\t<meta property=\"og:image:height\" content=\"412\" \/>\n\t\t<meta property=\"article:published_time\" content=\"2019-05-07T09:02:42+00:00\" \/>\n\t\t<meta property=\"article:modified_time\" content=\"2019-05-07T09:02:42+00:00\" \/>\n\t\t<meta property=\"article:publisher\" content=\"https:\/\/www.facebook.com\/allasorias\" \/>\n\t\t<meta name=\"twitter:card\" content=\"summary_large_image\" \/>\n\t\t<meta name=\"twitter:title\" content=\"Mikor \u00e9rj\u00fck el a nyugati b\u00e9reket? | AllasOrias.hu | H\u00edrek-lapszemle\" \/>\n\t\t<meta name=\"twitter:description\" content=\"Ugyan folyamatosan n\u0151nek a hazai b\u00e9rek, de messze m\u00e9g a nyugati szint. Zsidai Viktor alapkezel\u0151 az alapbogon is k\u00f6zz\u00e9tett \u201eUnortodox b\u00e9rrobban\u00e1s\u201d c\u00edm\u0171 \u00edr\u00e1s\u00e1ban kifejti, hogy kb. 2022-ig \u00e9vi 10% n\u00f6veked\u00e9s v\u00e1rhat\u00f3, ami megd\u00f6bbent\u0151 sz\u00e1mnak t\u0171nik, hiszen ez azt jelenti, hogy a munkav\u00e1llal\u00f3 k\u00f6zel a fel\u00e9vel magasabb b\u00e9ren lesz foglalkoztathat\u00f3. Re\u00e1lisnak t\u0171nik ez az el\u0151rejelz\u00e9s annak\" \/>\n\t\t<meta name=\"twitter:image\" content=\"https:\/\/allasorias.hu\/hirek\/wp-content\/uploads\/2019\/05\/bank-notes-banknotes-cash-259234.jpg\" \/>\n\t\t<meta name=\"twitter:label1\" content=\"Written by\" \/>\n\t\t<meta name=\"twitter:data1\" content=\"Juh\u00e1sz P\u00e9ter\" \/>\n\t\t<meta name=\"twitter:label2\" content=\"Est. reading time\" \/>\n\t\t<meta name=\"twitter:data2\" content=\"3 minutes\" \/>\n\t\t<script type=\"application\/ld+json\" class=\"aioseo-schema\">\n\t\t\t{\"@context\":\"https:\\\/\\\/schema.org\",\"@graph\":[{\"@type\":\"Article\",\"@id\":\"https:\\\/\\\/allasorias.hu\\\/hirek\\\/mikor-erjuk-el-a-nyugati-bereket\\\/#article\",\"name\":\"Mikor \\u00e9rj\\u00fck el a nyugati b\\u00e9reket? | AllasOrias.hu | H\\u00edrek-lapszemle\",\"headline\":\"Mikor \\u00e9rj\\u00fck el a nyugati b\\u00e9reket?\",\"author\":{\"@id\":\"https:\\\/\\\/allasorias.hu\\\/hirek\\\/author\\\/admin-allasorias\\\/#author\"},\"publisher\":{\"@id\":\"https:\\\/\\\/allasorias.hu\\\/hirek\\\/#organization\"},\"image\":{\"@type\":\"ImageObject\",\"url\":\"https:\\\/\\\/allasorias.hu\\\/hirek\\\/wp-content\\\/uploads\\\/2019\\\/05\\\/bank-notes-banknotes-cash-259234.jpg\",\"width\":640,\"height\":412},\"datePublished\":\"2019-05-07T09:02:42+02:00\",\"dateModified\":\"2019-05-07T09:02:42+02:00\",\"inLanguage\":\"hu-HU\",\"mainEntityOfPage\":{\"@id\":\"https:\\\/\\\/allasorias.hu\\\/hirek\\\/mikor-erjuk-el-a-nyugati-bereket\\\/#webpage\"},\"isPartOf\":{\"@id\":\"https:\\\/\\\/allasorias.hu\\\/hirek\\\/mikor-erjuk-el-a-nyugati-bereket\\\/#webpage\"},\"articleSection\":\"Gazdas\\u00e1g, Munkaer\\u0151piac\"},{\"@type\":\"BreadcrumbList\",\"@id\":\"https:\\\/\\\/allasorias.hu\\\/hirek\\\/mikor-erjuk-el-a-nyugati-bereket\\\/#breadcrumblist\",\"itemListElement\":[{\"@type\":\"ListItem\",\"@id\":\"https:\\\/\\\/allasorias.hu\\\/hirek#listItem\",\"position\":1,\"name\":\"Home\",\"item\":\"https:\\\/\\\/allasorias.hu\\\/hirek\",\"nextItem\":{\"@type\":\"ListItem\",\"@id\":\"https:\\\/\\\/allasorias.hu\\\/hirek\\\/temak\\\/gazdasag\\\/#listItem\",\"name\":\"Gazdas\\u00e1g\"}},{\"@type\":\"ListItem\",\"@id\":\"https:\\\/\\\/allasorias.hu\\\/hirek\\\/temak\\\/gazdasag\\\/#listItem\",\"position\":2,\"name\":\"Gazdas\\u00e1g\",\"item\":\"https:\\\/\\\/allasorias.hu\\\/hirek\\\/temak\\\/gazdasag\\\/\",\"nextItem\":{\"@type\":\"ListItem\",\"@id\":\"https:\\\/\\\/allasorias.hu\\\/hirek\\\/mikor-erjuk-el-a-nyugati-bereket\\\/#listItem\",\"name\":\"Mikor \\u00e9rj\\u00fck el a nyugati b\\u00e9reket?\"},\"previousItem\":{\"@type\":\"ListItem\",\"@id\":\"https:\\\/\\\/allasorias.hu\\\/hirek#listItem\",\"name\":\"Home\"}},{\"@type\":\"ListItem\",\"@id\":\"https:\\\/\\\/allasorias.hu\\\/hirek\\\/mikor-erjuk-el-a-nyugati-bereket\\\/#listItem\",\"position\":3,\"name\":\"Mikor \\u00e9rj\\u00fck el a nyugati b\\u00e9reket?\",\"previousItem\":{\"@type\":\"ListItem\",\"@id\":\"https:\\\/\\\/allasorias.hu\\\/hirek\\\/temak\\\/gazdasag\\\/#listItem\",\"name\":\"Gazdas\\u00e1g\"}}]},{\"@type\":\"Organization\",\"@id\":\"https:\\\/\\\/allasorias.hu\\\/hirek\\\/#organization\",\"name\":\"AllasOrias.hu | H\\u00edrek-lapszemle\",\"description\":\"\\u00dczleti h\\u00edrek az \\u00e1ll\\u00e1s \\u00e9s a munka vil\\u00e1g\\u00e1b\\u00f3l\",\"url\":\"https:\\\/\\\/allasorias.hu\\\/hirek\\\/\",\"logo\":{\"@type\":\"ImageObject\",\"url\":\"https:\\\/\\\/allasorias.hu\\\/hirek\\\/wp-content\\\/uploads\\\/2022\\\/10\\\/allasorias_site_facebok_logo.png\",\"@id\":\"https:\\\/\\\/allasorias.hu\\\/hirek\\\/mikor-erjuk-el-a-nyugati-bereket\\\/#organizationLogo\"},\"image\":{\"@id\":\"https:\\\/\\\/allasorias.hu\\\/hirek\\\/mikor-erjuk-el-a-nyugati-bereket\\\/#organizationLogo\"},\"sameAs\":[\"https:\\\/\\\/www.facebook.com\\\/allasorias\",\"https:\\\/\\\/www.linkedin.com\\\/company\\\/allasorias\"]},{\"@type\":\"Person\",\"@id\":\"https:\\\/\\\/allasorias.hu\\\/hirek\\\/author\\\/admin-allasorias\\\/#author\",\"url\":\"https:\\\/\\\/allasorias.hu\\\/hirek\\\/author\\\/admin-allasorias\\\/\",\"name\":\"Juh\\u00e1sz P\\u00e9ter\",\"image\":{\"@type\":\"ImageObject\",\"@id\":\"https:\\\/\\\/allasorias.hu\\\/hirek\\\/mikor-erjuk-el-a-nyugati-bereket\\\/#authorImage\",\"url\":\"https:\\\/\\\/secure.gravatar.com\\\/avatar\\\/36e6bcb83148978b992977cb0f54d22feb0cce8a0a849a9410532bb2623ba4c6?s=96&d=mm&r=g\",\"width\":96,\"height\":96,\"caption\":\"Juh\\u00e1sz P\\u00e9ter\"}},{\"@type\":\"WebPage\",\"@id\":\"https:\\\/\\\/allasorias.hu\\\/hirek\\\/mikor-erjuk-el-a-nyugati-bereket\\\/#webpage\",\"url\":\"https:\\\/\\\/allasorias.hu\\\/hirek\\\/mikor-erjuk-el-a-nyugati-bereket\\\/\",\"name\":\"Mikor \\u00e9rj\\u00fck el a nyugati b\\u00e9reket? | AllasOrias.hu | H\\u00edrek-lapszemle\",\"description\":\"Ugyan folyamatosan n\\u0151nek a hazai b\\u00e9rek, de messze m\\u00e9g a nyugati szint. Zsidai Viktor alapkezel\\u0151 az alapbogon is k\\u00f6zz\\u00e9tett \\u201eUnortodox b\\u00e9rrobban\\u00e1s\\u201d c\\u00edm\\u0171 \\u00edr\\u00e1s\\u00e1ban kifejti, hogy kb. 2022-ig \\u00e9vi 10% n\\u00f6veked\\u00e9s v\\u00e1rhat\\u00f3, ami megd\\u00f6bbent\\u0151 sz\\u00e1mnak t\\u0171nik, hiszen ez azt jelenti, hogy a munkav\\u00e1llal\\u00f3 k\\u00f6zel a fel\\u00e9vel magasabb b\\u00e9ren lesz foglalkoztathat\\u00f3. Re\\u00e1lisnak t\\u0171nik ez az el\\u0151rejelz\\u00e9s annak\",\"inLanguage\":\"hu-HU\",\"isPartOf\":{\"@id\":\"https:\\\/\\\/allasorias.hu\\\/hirek\\\/#website\"},\"breadcrumb\":{\"@id\":\"https:\\\/\\\/allasorias.hu\\\/hirek\\\/mikor-erjuk-el-a-nyugati-bereket\\\/#breadcrumblist\"},\"author\":{\"@id\":\"https:\\\/\\\/allasorias.hu\\\/hirek\\\/author\\\/admin-allasorias\\\/#author\"},\"creator\":{\"@id\":\"https:\\\/\\\/allasorias.hu\\\/hirek\\\/author\\\/admin-allasorias\\\/#author\"},\"image\":{\"@type\":\"ImageObject\",\"url\":\"https:\\\/\\\/allasorias.hu\\\/hirek\\\/wp-content\\\/uploads\\\/2019\\\/05\\\/bank-notes-banknotes-cash-259234.jpg\",\"@id\":\"https:\\\/\\\/allasorias.hu\\\/hirek\\\/mikor-erjuk-el-a-nyugati-bereket\\\/#mainImage\",\"width\":640,\"height\":412},\"primaryImageOfPage\":{\"@id\":\"https:\\\/\\\/allasorias.hu\\\/hirek\\\/mikor-erjuk-el-a-nyugati-bereket\\\/#mainImage\"},\"datePublished\":\"2019-05-07T09:02:42+02:00\",\"dateModified\":\"2019-05-07T09:02:42+02:00\"},{\"@type\":\"WebSite\",\"@id\":\"https:\\\/\\\/allasorias.hu\\\/hirek\\\/#website\",\"url\":\"https:\\\/\\\/allasorias.hu\\\/hirek\\\/\",\"name\":\"AllasOrias.hu | H\\u00edrek-lapszemle\",\"description\":\"\\u00dczleti h\\u00edrek az \\u00e1ll\\u00e1s \\u00e9s a munka vil\\u00e1g\\u00e1b\\u00f3l\",\"inLanguage\":\"hu-HU\",\"publisher\":{\"@id\":\"https:\\\/\\\/allasorias.hu\\\/hirek\\\/#organization\"}}]}\n\t\t<\/script>\n\t\t<!-- All in One SEO -->\n\n","aioseo_head_json":{"title":"Mikor \u00e9rj\u00fck el a nyugati b\u00e9reket? | AllasOrias.hu | H\u00edrek-lapszemle","description":"Ugyan folyamatosan n\u0151nek a hazai b\u00e9rek, de messze m\u00e9g a nyugati szint. Zsidai Viktor alapkezel\u0151 az alapbogon is k\u00f6zz\u00e9tett \u201eUnortodox b\u00e9rrobban\u00e1s\u201d c\u00edm\u0171 \u00edr\u00e1s\u00e1ban kifejti, hogy kb. 2022-ig \u00e9vi 10% n\u00f6veked\u00e9s v\u00e1rhat\u00f3, ami megd\u00f6bbent\u0151 sz\u00e1mnak t\u0171nik, hiszen ez azt jelenti, hogy a munkav\u00e1llal\u00f3 k\u00f6zel a fel\u00e9vel magasabb b\u00e9ren lesz foglalkoztathat\u00f3. Re\u00e1lisnak t\u0171nik ez az el\u0151rejelz\u00e9s annak","canonical_url":"https:\/\/allasorias.hu\/hirek\/mikor-erjuk-el-a-nyugati-bereket\/","robots":"max-image-preview:large","keywords":"","webmasterTools":{"miscellaneous":""},"schema":{"@context":"https:\/\/schema.org","@graph":[{"@type":"Article","@id":"https:\/\/allasorias.hu\/hirek\/mikor-erjuk-el-a-nyugati-bereket\/#article","name":"Mikor \u00e9rj\u00fck el a nyugati b\u00e9reket? | AllasOrias.hu | H\u00edrek-lapszemle","headline":"Mikor \u00e9rj\u00fck el a nyugati b\u00e9reket?","author":{"@id":"https:\/\/allasorias.hu\/hirek\/author\/admin-allasorias\/#author"},"publisher":{"@id":"https:\/\/allasorias.hu\/hirek\/#organization"},"image":{"@type":"ImageObject","url":"https:\/\/allasorias.hu\/hirek\/wp-content\/uploads\/2019\/05\/bank-notes-banknotes-cash-259234.jpg","width":640,"height":412},"datePublished":"2019-05-07T09:02:42+02:00","dateModified":"2019-05-07T09:02:42+02:00","inLanguage":"hu-HU","mainEntityOfPage":{"@id":"https:\/\/allasorias.hu\/hirek\/mikor-erjuk-el-a-nyugati-bereket\/#webpage"},"isPartOf":{"@id":"https:\/\/allasorias.hu\/hirek\/mikor-erjuk-el-a-nyugati-bereket\/#webpage"},"articleSection":"Gazdas\u00e1g, Munkaer\u0151piac"},{"@type":"BreadcrumbList","@id":"https:\/\/allasorias.hu\/hirek\/mikor-erjuk-el-a-nyugati-bereket\/#breadcrumblist","itemListElement":[{"@type":"ListItem","@id":"https:\/\/allasorias.hu\/hirek#listItem","position":1,"name":"Home","item":"https:\/\/allasorias.hu\/hirek","nextItem":{"@type":"ListItem","@id":"https:\/\/allasorias.hu\/hirek\/temak\/gazdasag\/#listItem","name":"Gazdas\u00e1g"}},{"@type":"ListItem","@id":"https:\/\/allasorias.hu\/hirek\/temak\/gazdasag\/#listItem","position":2,"name":"Gazdas\u00e1g","item":"https:\/\/allasorias.hu\/hirek\/temak\/gazdasag\/","nextItem":{"@type":"ListItem","@id":"https:\/\/allasorias.hu\/hirek\/mikor-erjuk-el-a-nyugati-bereket\/#listItem","name":"Mikor \u00e9rj\u00fck el a nyugati b\u00e9reket?"},"previousItem":{"@type":"ListItem","@id":"https:\/\/allasorias.hu\/hirek#listItem","name":"Home"}},{"@type":"ListItem","@id":"https:\/\/allasorias.hu\/hirek\/mikor-erjuk-el-a-nyugati-bereket\/#listItem","position":3,"name":"Mikor \u00e9rj\u00fck el a nyugati b\u00e9reket?","previousItem":{"@type":"ListItem","@id":"https:\/\/allasorias.hu\/hirek\/temak\/gazdasag\/#listItem","name":"Gazdas\u00e1g"}}]},{"@type":"Organization","@id":"https:\/\/allasorias.hu\/hirek\/#organization","name":"AllasOrias.hu | H\u00edrek-lapszemle","description":"\u00dczleti h\u00edrek az \u00e1ll\u00e1s \u00e9s a munka vil\u00e1g\u00e1b\u00f3l","url":"https:\/\/allasorias.hu\/hirek\/","logo":{"@type":"ImageObject","url":"https:\/\/allasorias.hu\/hirek\/wp-content\/uploads\/2022\/10\/allasorias_site_facebok_logo.png","@id":"https:\/\/allasorias.hu\/hirek\/mikor-erjuk-el-a-nyugati-bereket\/#organizationLogo"},"image":{"@id":"https:\/\/allasorias.hu\/hirek\/mikor-erjuk-el-a-nyugati-bereket\/#organizationLogo"},"sameAs":["https:\/\/www.facebook.com\/allasorias","https:\/\/www.linkedin.com\/company\/allasorias"]},{"@type":"Person","@id":"https:\/\/allasorias.hu\/hirek\/author\/admin-allasorias\/#author","url":"https:\/\/allasorias.hu\/hirek\/author\/admin-allasorias\/","name":"Juh\u00e1sz P\u00e9ter","image":{"@type":"ImageObject","@id":"https:\/\/allasorias.hu\/hirek\/mikor-erjuk-el-a-nyugati-bereket\/#authorImage","url":"https:\/\/secure.gravatar.com\/avatar\/36e6bcb83148978b992977cb0f54d22feb0cce8a0a849a9410532bb2623ba4c6?s=96&d=mm&r=g","width":96,"height":96,"caption":"Juh\u00e1sz P\u00e9ter"}},{"@type":"WebPage","@id":"https:\/\/allasorias.hu\/hirek\/mikor-erjuk-el-a-nyugati-bereket\/#webpage","url":"https:\/\/allasorias.hu\/hirek\/mikor-erjuk-el-a-nyugati-bereket\/","name":"Mikor \u00e9rj\u00fck el a nyugati b\u00e9reket? | AllasOrias.hu | H\u00edrek-lapszemle","description":"Ugyan folyamatosan n\u0151nek a hazai b\u00e9rek, de messze m\u00e9g a nyugati szint. Zsidai Viktor alapkezel\u0151 az alapbogon is k\u00f6zz\u00e9tett \u201eUnortodox b\u00e9rrobban\u00e1s\u201d c\u00edm\u0171 \u00edr\u00e1s\u00e1ban kifejti, hogy kb. 2022-ig \u00e9vi 10% n\u00f6veked\u00e9s v\u00e1rhat\u00f3, ami megd\u00f6bbent\u0151 sz\u00e1mnak t\u0171nik, hiszen ez azt jelenti, hogy a munkav\u00e1llal\u00f3 k\u00f6zel a fel\u00e9vel magasabb b\u00e9ren lesz foglalkoztathat\u00f3. Re\u00e1lisnak t\u0171nik ez az el\u0151rejelz\u00e9s annak","inLanguage":"hu-HU","isPartOf":{"@id":"https:\/\/allasorias.hu\/hirek\/#website"},"breadcrumb":{"@id":"https:\/\/allasorias.hu\/hirek\/mikor-erjuk-el-a-nyugati-bereket\/#breadcrumblist"},"author":{"@id":"https:\/\/allasorias.hu\/hirek\/author\/admin-allasorias\/#author"},"creator":{"@id":"https:\/\/allasorias.hu\/hirek\/author\/admin-allasorias\/#author"},"image":{"@type":"ImageObject","url":"https:\/\/allasorias.hu\/hirek\/wp-content\/uploads\/2019\/05\/bank-notes-banknotes-cash-259234.jpg","@id":"https:\/\/allasorias.hu\/hirek\/mikor-erjuk-el-a-nyugati-bereket\/#mainImage","width":640,"height":412},"primaryImageOfPage":{"@id":"https:\/\/allasorias.hu\/hirek\/mikor-erjuk-el-a-nyugati-bereket\/#mainImage"},"datePublished":"2019-05-07T09:02:42+02:00","dateModified":"2019-05-07T09:02:42+02:00"},{"@type":"WebSite","@id":"https:\/\/allasorias.hu\/hirek\/#website","url":"https:\/\/allasorias.hu\/hirek\/","name":"AllasOrias.hu | H\u00edrek-lapszemle","description":"\u00dczleti h\u00edrek az \u00e1ll\u00e1s \u00e9s a munka vil\u00e1g\u00e1b\u00f3l","inLanguage":"hu-HU","publisher":{"@id":"https:\/\/allasorias.hu\/hirek\/#organization"}}]},"og:locale":"hu_HU","og:site_name":"AllasOrias.hu | H\u00edrek-lapszemle | \u00dczleti h\u00edrek az \u00e1ll\u00e1s \u00e9s a munka vil\u00e1g\u00e1b\u00f3l","og:type":"article","og:title":"Mikor \u00e9rj\u00fck el a nyugati b\u00e9reket? | AllasOrias.hu | H\u00edrek-lapszemle","og:description":"Ugyan folyamatosan n\u0151nek a hazai b\u00e9rek, de messze m\u00e9g a nyugati szint. Zsidai Viktor alapkezel\u0151 az alapbogon is k\u00f6zz\u00e9tett \u201eUnortodox b\u00e9rrobban\u00e1s\u201d c\u00edm\u0171 \u00edr\u00e1s\u00e1ban kifejti, hogy kb. 2022-ig \u00e9vi 10% n\u00f6veked\u00e9s v\u00e1rhat\u00f3, ami megd\u00f6bbent\u0151 sz\u00e1mnak t\u0171nik, hiszen ez azt jelenti, hogy a munkav\u00e1llal\u00f3 k\u00f6zel a fel\u00e9vel magasabb b\u00e9ren lesz foglalkoztathat\u00f3. Re\u00e1lisnak t\u0171nik ez az el\u0151rejelz\u00e9s annak","og:url":"https:\/\/allasorias.hu\/hirek\/mikor-erjuk-el-a-nyugati-bereket\/","og:image":"https:\/\/allasorias.hu\/hirek\/wp-content\/uploads\/2019\/05\/bank-notes-banknotes-cash-259234.jpg","og:image:secure_url":"https:\/\/allasorias.hu\/hirek\/wp-content\/uploads\/2019\/05\/bank-notes-banknotes-cash-259234.jpg","og:image:width":640,"og:image:height":412,"article:published_time":"2019-05-07T09:02:42+00:00","article:modified_time":"2019-05-07T09:02:42+00:00","article:publisher":"https:\/\/www.facebook.com\/allasorias","twitter:card":"summary_large_image","twitter:title":"Mikor \u00e9rj\u00fck el a nyugati b\u00e9reket? | AllasOrias.hu | H\u00edrek-lapszemle","twitter:description":"Ugyan folyamatosan n\u0151nek a hazai b\u00e9rek, de messze m\u00e9g a nyugati szint. Zsidai Viktor alapkezel\u0151 az alapbogon is k\u00f6zz\u00e9tett \u201eUnortodox b\u00e9rrobban\u00e1s\u201d c\u00edm\u0171 \u00edr\u00e1s\u00e1ban kifejti, hogy kb. 2022-ig \u00e9vi 10% n\u00f6veked\u00e9s v\u00e1rhat\u00f3, ami megd\u00f6bbent\u0151 sz\u00e1mnak t\u0171nik, hiszen ez azt jelenti, hogy a munkav\u00e1llal\u00f3 k\u00f6zel a fel\u00e9vel magasabb b\u00e9ren lesz foglalkoztathat\u00f3. Re\u00e1lisnak t\u0171nik ez az el\u0151rejelz\u00e9s annak","twitter:image":"https:\/\/allasorias.hu\/hirek\/wp-content\/uploads\/2019\/05\/bank-notes-banknotes-cash-259234.jpg","twitter:label1":"Written by","twitter:data1":"Juh\u00e1sz P\u00e9ter","twitter:label2":"Est. reading time","twitter:data2":"3 minutes"},"aioseo_meta_data":{"post_id":"2849","title":null,"description":null,"keywords":null,"keyphrases":null,"primary_term":null,"canonical_url":null,"og_title":null,"og_description":null,"og_object_type":"default","og_image_type":"default","og_image_url":null,"og_image_width":null,"og_image_height":null,"og_image_custom_url":null,"og_image_custom_fields":null,"og_video":null,"og_custom_url":null,"og_article_section":null,"og_article_tags":null,"twitter_use_og":false,"twitter_card":"default","twitter_image_type":"default","twitter_image_url":null,"twitter_image_custom_url":null,"twitter_image_custom_fields":null,"twitter_title":null,"twitter_description":null,"schema":{"blockGraphs":[],"customGraphs":[],"default":{"data":{"Article":[],"Course":[],"Dataset":[],"FAQPage":[],"Movie":[],"Person":[],"Product":[],"ProductReview":[],"Car":[],"Recipe":[],"Service":[],"SoftwareApplication":[],"WebPage":[]},"graphName":"","isEnabled":true},"graphs":[],"defaultGraph":"","defaultPostTypeGraph":""},"schema_type":null,"schema_type_options":null,"pillar_content":false,"robots_default":true,"robots_noindex":false,"robots_noarchive":false,"robots_nosnippet":false,"robots_nofollow":false,"robots_noimageindex":false,"robots_noodp":false,"robots_notranslate":false,"robots_max_snippet":null,"robots_max_videopreview":null,"robots_max_imagepreview":"large","priority":null,"frequency":null,"location":null,"local_seo":null,"breadcrumb_settings":null,"limit_modified_date":false,"ai":null,"created":"2021-02-01 21:14:05","updated":"2025-10-02 11:15:54","seo_analyzer_scan_date":null,"focus_keyword":null,"additional_keywords":null,"truseo_locale":null},"aioseo_breadcrumb":"<div class=\"aioseo-breadcrumbs\"><span class=\"aioseo-breadcrumb\">\n\t\t\t<a href=\"https:\/\/allasorias.hu\/hirek\" title=\"Home\">Home<\/a>\n\t\t<\/span><span class=\"aioseo-breadcrumb-separator\">&raquo;<\/span><span class=\"aioseo-breadcrumb\">\n\t\t\t<a href=\"https:\/\/allasorias.hu\/hirek\/temak\/gazdasag\/\" title=\"Gazdas\u00e1g\">Gazdas\u00e1g<\/a>\n\t\t<\/span><span class=\"aioseo-breadcrumb-separator\">&raquo;<\/span><span class=\"aioseo-breadcrumb\">\n\t\t\tMikor \u00e9rj\u00fck el a nyugati b\u00e9reket?\n\t\t<\/span><\/div>","aioseo_breadcrumb_json":[{"label":"Home","link":"https:\/\/allasorias.hu\/hirek"},{"label":"Gazdas\u00e1g","link":"https:\/\/allasorias.hu\/hirek\/temak\/gazdasag\/"},{"label":"Mikor \u00e9rj\u00fck el a nyugati b\u00e9reket?","link":"https:\/\/allasorias.hu\/hirek\/mikor-erjuk-el-a-nyugati-bereket\/"}],"_links":{"self":[{"href":"https:\/\/allasorias.hu\/hirek\/wp-json\/wp\/v2\/posts\/2849","targetHints":{"allow":["GET"]}}],"collection":[{"href":"https:\/\/allasorias.hu\/hirek\/wp-json\/wp\/v2\/posts"}],"about":[{"href":"https:\/\/allasorias.hu\/hirek\/wp-json\/wp\/v2\/types\/post"}],"author":[{"embeddable":true,"href":"https:\/\/allasorias.hu\/hirek\/wp-json\/wp\/v2\/users\/1"}],"replies":[{"embeddable":true,"href":"https:\/\/allasorias.hu\/hirek\/wp-json\/wp\/v2\/comments?post=2849"}],"version-history":[{"count":1,"href":"https:\/\/allasorias.hu\/hirek\/wp-json\/wp\/v2\/posts\/2849\/revisions"}],"predecessor-version":[{"id":2851,"href":"https:\/\/allasorias.hu\/hirek\/wp-json\/wp\/v2\/posts\/2849\/revisions\/2851"}],"wp:featuredmedia":[{"embeddable":true,"href":"https:\/\/allasorias.hu\/hirek\/wp-json\/wp\/v2\/media\/2850"}],"wp:attachment":[{"href":"https:\/\/allasorias.hu\/hirek\/wp-json\/wp\/v2\/media?parent=2849"}],"wp:term":[{"taxonomy":"category","embeddable":true,"href":"https:\/\/allasorias.hu\/hirek\/wp-json\/wp\/v2\/categories?post=2849"},{"taxonomy":"post_tag","embeddable":true,"href":"https:\/\/allasorias.hu\/hirek\/wp-json\/wp\/v2\/tags?post=2849"}],"curies":[{"name":"wp","href":"https:\/\/api.w.org\/{rel}","templated":true}]}}