{"id":2845,"date":"2019-05-06T08:57:49","date_gmt":"2019-05-06T08:57:49","guid":{"rendered":"https:\/\/allasorias.hu\/hirek\/?p=2845"},"modified":"2019-05-06T08:57:49","modified_gmt":"2019-05-06T08:57:49","slug":"drasztikusan-kevesebb-lehet-a-kozfoglalkoztatott-hazankban","status":"publish","type":"post","link":"https:\/\/allasorias.hu\/hirek\/drasztikusan-kevesebb-lehet-a-kozfoglalkoztatott-hazankban\/","title":{"rendered":"Drasztikusan kevesebb lehet a k\u00f6zfoglalkoztatott haz\u00e1nkban"},"content":{"rendered":"<p><strong>Az elm\u00falt k\u00e9t \u00e9v alatt 50%-al cs\u00f6kkent a k\u00f6zfoglalkoztatottak sz\u00e1ma Magyarorsz\u00e1gon. A bel\u00fcgyminiszt\u00e9rium adataib\u00f3l kider\u00fcl: az orsz\u00e1g \u00f6sszes megy\u00e9j\u00e9ben cs\u00f6kken a k\u00f6zfoglalkoztatotti l\u00e9tsz\u00e1m, ami 2015 \u00e9s 2016-ban volt a legmagasabb,mintegy \u00a0230 ezer f\u0151. <\/strong><\/p>\n<p>2019 febru\u00e1rj\u00e1ban \u00a0m\u00e1r csak 117 831 f\u0151 volt k\u00f6zfoglalkoztatott. Az el\u0151z\u0151 h\u00f3naphoz k\u00e9pest 1,2, m\u00edg az el\u0151z\u0151 \u00e9v febru\u00e1rj\u00e1hoz viszony\u00edtva 23,6 sz\u00e1zal\u00e9kkal cs\u00f6kkent ez a sz\u00e1m.A k\u00f6zfoglalkoztatottak k\u00f6z\u00fcl sokan helyezkedtek el az els\u0151dleges munkaer\u0151piacon, k\u00f6sz\u00f6nhet\u0151en a gazdas\u00e1g folyamatosan n\u00f6vekv\u0151 munkaer\u0151ig\u00e9ny\u00e9nek \u2013 jelentette ki Marczink\u00f3 Zolt\u00e1n, a p\u00e9nz\u00fcgyminiszt\u00e9rium helyettes \u00e1llamtitk\u00e1ra az M1 Summa c\u00edm\u0171 m\u0171sor\u00e1ban. K\u00fcl\u00f6n\u00f6sen a legdinamikusabban fejl\u0151d\u0151 \u00e1gazatok, mint az \u00e9p\u00edt\u0151ipar, feldolgoz\u00f3ipar, aut\u00f3ipar, a sz\u00e1ll\u00edt\u00e1s \u00e9s a hum\u00e1n er\u0151forr\u00e1s-szolg\u00e1ltat\u00e1s voltak azok a ter\u00fcletek, amelyek legink\u00e1bb ig\u00e9nyt tartottak a szakk\u00e9pzett \u00e9s a szakk\u00e9pzetlen munkaer\u0151re \u2013 tette hozz\u00e1. Marczink\u00f3 Zolt\u00e1n kiemelte, a term\u00e9szetes munkaer\u0151piaci folyamatok mellett az elm\u00falt \u00e9vek korm\u00e1nyzati int\u00e9zked\u00e9sei is nagym\u00e9rt\u00e9kben hozz\u00e1j\u00e1rultak a k\u00f6zfoglalkoztat\u00e1s m\u00e9rs\u00e9kl\u0151d\u00e9s\u00e9hez. Ide sorolta a garant\u00e1lt b\u00e9rminimum \u00e9s a minim\u00e1lb\u00e9r szintj\u00e9nek n\u00f6vel\u00e9s\u00e9t, illetve a k\u00f6zfoglalkoztatotti b\u00e9r 2017-es szinten tart\u00e1s\u00e1t, amely egy olyan b\u00e9roll\u00f3-ny\u00edl\u00e1st eredm\u00e9nyezett, hogy az \u00f6szt\u00f6nz\u0151leg hatott a k\u00f6zfoglalkoztatottakra. \u00cdgy m\u00e1r nemcsak a k\u00f6zfoglalkoztat\u00e1sban, de a versenyszf\u00e9r\u00e1ban is megtal\u00e1lj\u00e1k a kereseti lehet\u0151s\u00e9get. Emellett azok a k\u00f6zfoglalkoztatottak, akik m\u00e9g szerz\u0151d\u00e9s\u00fck megsz\u0171n\u00e9se el\u0151tt l\u00e9pnek \u00e1t a versenyszf\u00e9r\u00e1ba, elhelyezked\u00e9si juttat\u00e1st is k\u00e9rhetnek. Ennek m\u00e9rt\u00e9ke a kor\u00e1bbi \u00f6sszeg k\u00e9tszerese, nett\u00f3 \u00a045 600 forint, ami a munkab\u00e9ren fel\u00fcl j\u00e1r havonta. Jelent\u0151s l\u00e9p\u00e9s tov\u00e1bb\u00e1 a helyettes \u00e1llamtitk\u00e1r szerint az is, hogy a korm\u00e1ny sz\u0171k\u00edtette azoknak a k\u00f6r\u00e9t, akik beker\u00fclhetnek a programba. Huszon\u00f6t \u00e9v alatti munkav\u00e1llal\u00f3 p\u00e9ld\u00e1ul csak k\u00fcl\u00f6nb\u00f6z\u0151 felt\u00e9telek mellett juthat be a k\u00f6zfoglalkoztatotti rendszerbe. Rajtuk az Ifj\u00fas\u00e1gi Garancia Programmal igyekszik seg\u00edteni a kabinet. Emellett szem\u00e9lyre szabott tan\u00e1csad\u00e1ssal is n\u00f6veln\u00e9k az els\u0151dleges munkaer\u0151piacra bel\u00e9p\u0151k l\u00e9tsz\u00e1m\u00e1t.A bel\u00fcgyminiszt\u00e9riumi adatokb\u00f3l az is l\u00e1tszik, hogyaz orsz\u00e1g \u00f6sszes megy\u00e9j\u00e9ben cs\u00f6kken a k\u00f6zfoglalkoztatotti l\u00e9tsz\u00e1m.2018 febru\u00e1rja \u00e9s 2019 febru\u00e1rja k\u00f6z\u00f6tt p\u00e9ld\u00e1ul a K\u00f6z\u00e9p-Dun\u00e1nt\u00falon 29,1 sz\u00e1zal\u00e9kkal, a D\u00e9l-Alf\u00f6ld\u00f6n 27,2 sz\u00e1zal\u00e9kkal, az \u00c9szak-Alf\u00f6ld\u00f6n pedig 19,1 sz\u00e1zal\u00e9kkal esett vissza a programban r\u00e9szvev\u0151k sz\u00e1ma. A legkisebb m\u00e9rt\u00e9kben, 18,4 sz\u00e1zal\u00e9kkal \u00c9szak-Magyarorsz\u00e1gon m\u00e9rs\u00e9kl\u0151d\u00f6tt a k\u00f6zmunk\u00e1sok sz\u00e1ma. K\u00e9t megy\u00e9ben lassabb a zsugorod\u00e1s: \u00c9szak-Magyarorsz\u00e1gon f\u0151k\u00e9nt k\u00e9t megy\u00e9re jellemz\u0151 a lass\u00fabb az \u00fctem.B\u00e1r az elm\u00falt \u00e9vekben minden egyes r\u00e9gi\u00f3ban cs\u00f6kkent a k\u00f6zfoglalkoztatotti l\u00e9tsz\u00e1m, m\u00e9gis van k\u00e9t olyan megye \u2013 Borsod-Aba\u00faj-Zempl\u00e9n \u00e9s Szabolcs-Szatm\u00e1r-Bereg megye \u2013, ahol a legkev\u00e9sb\u00e9 cs\u00f6kken ez a l\u00e9tsz\u00e1m.A legfrissebb adatok alapj\u00e1n nagyj\u00e1b\u00f3l a k\u00f6zfoglalkoztatottak 40 sz\u00e1zal\u00e9ka az, aki ebben a k\u00e9t megy\u00e9ben dolgozik. A febru\u00e1ri adatok szerint Borsod-Aba\u00faj-Zempl\u00e9n megy\u00e9ben 22 984-en, Szabolcs-Szatm\u00e1r-Bereg megy\u00e9ben pedig 21 588-an vettek r\u00e9szt a k\u00f6zfoglalkoztat\u00e1sban. Ezeken a ter\u00fcleteken a munkaer\u0151-k\u00f6zvet\u00edt\u00e9s\u00e9t jav\u00edt\u00f3 programmal is seg\u00edt a korm\u00e1ny.<\/p>\n<p>Forr\u00e1s:orientpress.hu<\/p>\n","protected":false},"excerpt":{"rendered":"<p>Az elm\u00falt k\u00e9t \u00e9v alatt 50%-al cs\u00f6kkent a k\u00f6zfoglalkoztatottak sz\u00e1ma Magyarorsz\u00e1gon. A bel\u00fcgyminiszt\u00e9rium adataib\u00f3l kider\u00fcl: az orsz\u00e1g \u00f6sszes megy\u00e9j\u00e9ben cs\u00f6kken a k\u00f6zfoglalkoztatotti l\u00e9tsz\u00e1m, ami 2015 \u00e9s 2016-ban volt a legmagasabb,mintegy \u00a0230 ezer f\u0151. 2019 febru\u00e1rj\u00e1ban \u00a0m\u00e1r csak 117 831 f\u0151 volt k\u00f6zfoglalkoztatott. Az el\u0151z\u0151 h\u00f3naphoz k\u00e9pest 1,2, m\u00edg az el\u0151z\u0151 \u00e9v febru\u00e1rj\u00e1hoz viszony\u00edtva 23,6 sz\u00e1zal\u00e9kkal [&hellip;]<\/p>\n","protected":false},"author":1,"featured_media":0,"comment_status":"open","ping_status":"open","sticky":false,"template":"","format":"standard","meta":{"_monsterinsights_skip_tracking":false,"footnotes":""},"categories":[198,200],"tags":[],"class_list":["post-2845","post","type-post","status-publish","format-standard","hentry","category-gazdasag","category-munkaeropiac"],"aioseo_notices":[],"aioseo_head":"\n\t\t<!-- All in One SEO 5.0.0.1 - aioseo.com -->\n\t<meta name=\"description\" content=\"Az elm\u00falt k\u00e9t \u00e9v alatt 50%-al cs\u00f6kkent a k\u00f6zfoglalkoztatottak sz\u00e1ma Magyarorsz\u00e1gon. A bel\u00fcgyminiszt\u00e9rium adataib\u00f3l kider\u00fcl: az orsz\u00e1g \u00f6sszes megy\u00e9j\u00e9ben cs\u00f6kken a k\u00f6zfoglalkoztatotti l\u00e9tsz\u00e1m, ami 2015 \u00e9s 2016-ban volt a legmagasabb,mintegy 230 ezer f\u0151. 2019 febru\u00e1rj\u00e1ban m\u00e1r csak 117 831 f\u0151 volt k\u00f6zfoglalkoztatott. Az el\u0151z\u0151 h\u00f3naphoz k\u00e9pest 1,2, m\u00edg az el\u0151z\u0151 \u00e9v febru\u00e1rj\u00e1hoz viszony\u00edtva 23,6 sz\u00e1zal\u00e9kkal\" \/>\n\t<meta name=\"robots\" content=\"max-image-preview:large\" \/>\n\t<meta name=\"author\" content=\"Juh\u00e1sz P\u00e9ter\"\/>\n\t<link rel=\"canonical\" href=\"https:\/\/allasorias.hu\/hirek\/drasztikusan-kevesebb-lehet-a-kozfoglalkoztatott-hazankban\/\" \/>\n\t<meta name=\"generator\" content=\"All in One SEO (AIOSEO) 5.0.0.1\" \/>\n\t\t<meta property=\"og:locale\" content=\"hu_HU\" \/>\n\t\t<meta property=\"og:site_name\" content=\"AllasOrias.hu | H\u00edrek-lapszemle | \u00dczleti h\u00edrek az \u00e1ll\u00e1s \u00e9s a munka vil\u00e1g\u00e1b\u00f3l\" \/>\n\t\t<meta property=\"og:type\" content=\"article\" \/>\n\t\t<meta property=\"og:title\" content=\"Drasztikusan kevesebb lehet a k\u00f6zfoglalkoztatott haz\u00e1nkban | AllasOrias.hu | H\u00edrek-lapszemle\" \/>\n\t\t<meta property=\"og:description\" content=\"Az elm\u00falt k\u00e9t \u00e9v alatt 50%-al cs\u00f6kkent a k\u00f6zfoglalkoztatottak sz\u00e1ma Magyarorsz\u00e1gon. A bel\u00fcgyminiszt\u00e9rium adataib\u00f3l kider\u00fcl: az orsz\u00e1g \u00f6sszes megy\u00e9j\u00e9ben cs\u00f6kken a k\u00f6zfoglalkoztatotti l\u00e9tsz\u00e1m, ami 2015 \u00e9s 2016-ban volt a legmagasabb,mintegy 230 ezer f\u0151. 2019 febru\u00e1rj\u00e1ban m\u00e1r csak 117 831 f\u0151 volt k\u00f6zfoglalkoztatott. Az el\u0151z\u0151 h\u00f3naphoz k\u00e9pest 1,2, m\u00edg az el\u0151z\u0151 \u00e9v febru\u00e1rj\u00e1hoz viszony\u00edtva 23,6 sz\u00e1zal\u00e9kkal\" \/>\n\t\t<meta property=\"og:url\" content=\"https:\/\/allasorias.hu\/hirek\/drasztikusan-kevesebb-lehet-a-kozfoglalkoztatott-hazankban\/\" \/>\n\t\t<meta property=\"og:image\" content=\"https:\/\/allasorias.hu\/hirek\/wp-content\/uploads\/2022\/10\/allasorias-fb-logo.png\" \/>\n\t\t<meta property=\"og:image:secure_url\" content=\"https:\/\/allasorias.hu\/hirek\/wp-content\/uploads\/2022\/10\/allasorias-fb-logo.png\" \/>\n\t\t<meta property=\"og:image:width\" content=\"437\" \/>\n\t\t<meta property=\"og:image:height\" content=\"200\" \/>\n\t\t<meta property=\"article:published_time\" content=\"2019-05-06T08:57:49+00:00\" \/>\n\t\t<meta property=\"article:modified_time\" content=\"2019-05-06T08:57:49+00:00\" \/>\n\t\t<meta property=\"article:publisher\" content=\"https:\/\/www.facebook.com\/allasorias\" \/>\n\t\t<meta name=\"twitter:card\" content=\"summary_large_image\" \/>\n\t\t<meta name=\"twitter:title\" content=\"Drasztikusan kevesebb lehet a k\u00f6zfoglalkoztatott haz\u00e1nkban | AllasOrias.hu | H\u00edrek-lapszemle\" \/>\n\t\t<meta name=\"twitter:description\" content=\"Az elm\u00falt k\u00e9t \u00e9v alatt 50%-al cs\u00f6kkent a k\u00f6zfoglalkoztatottak sz\u00e1ma Magyarorsz\u00e1gon. A bel\u00fcgyminiszt\u00e9rium adataib\u00f3l kider\u00fcl: az orsz\u00e1g \u00f6sszes megy\u00e9j\u00e9ben cs\u00f6kken a k\u00f6zfoglalkoztatotti l\u00e9tsz\u00e1m, ami 2015 \u00e9s 2016-ban volt a legmagasabb,mintegy 230 ezer f\u0151. 2019 febru\u00e1rj\u00e1ban m\u00e1r csak 117 831 f\u0151 volt k\u00f6zfoglalkoztatott. Az el\u0151z\u0151 h\u00f3naphoz k\u00e9pest 1,2, m\u00edg az el\u0151z\u0151 \u00e9v febru\u00e1rj\u00e1hoz viszony\u00edtva 23,6 sz\u00e1zal\u00e9kkal\" \/>\n\t\t<meta name=\"twitter:image\" content=\"https:\/\/allasorias.hu\/hirek\/wp-content\/uploads\/2022\/10\/allasorias-fb-logo.png\" \/>\n\t\t<meta name=\"twitter:label1\" content=\"Written by\" \/>\n\t\t<meta name=\"twitter:data1\" content=\"Juh\u00e1sz P\u00e9ter\" \/>\n\t\t<meta name=\"twitter:label2\" content=\"Est. reading time\" \/>\n\t\t<meta name=\"twitter:data2\" content=\"3 minutes\" \/>\n\t\t<script type=\"application\/ld+json\" class=\"aioseo-schema\">\n\t\t\t{\"@context\":\"https:\\\/\\\/schema.org\",\"@graph\":[{\"@type\":\"Article\",\"@id\":\"https:\\\/\\\/allasorias.hu\\\/hirek\\\/drasztikusan-kevesebb-lehet-a-kozfoglalkoztatott-hazankban\\\/#article\",\"name\":\"Drasztikusan kevesebb lehet a k\\u00f6zfoglalkoztatott haz\\u00e1nkban | AllasOrias.hu | H\\u00edrek-lapszemle\",\"headline\":\"Drasztikusan kevesebb lehet a k\\u00f6zfoglalkoztatott haz\\u00e1nkban\",\"author\":{\"@id\":\"https:\\\/\\\/allasorias.hu\\\/hirek\\\/author\\\/admin-allasorias\\\/#author\"},\"publisher\":{\"@id\":\"https:\\\/\\\/allasorias.hu\\\/hirek\\\/#organization\"},\"image\":{\"@type\":\"ImageObject\",\"url\":\"https:\\\/\\\/allasorias.hu\\\/hirek\\\/wp-content\\\/uploads\\\/2022\\\/10\\\/allasorias_site_facebok_logo.png\",\"@id\":\"https:\\\/\\\/allasorias.hu\\\/hirek\\\/#articleImage\"},\"datePublished\":\"2019-05-06T08:57:49+02:00\",\"dateModified\":\"2019-05-06T08:57:49+02:00\",\"inLanguage\":\"hu-HU\",\"mainEntityOfPage\":{\"@id\":\"https:\\\/\\\/allasorias.hu\\\/hirek\\\/drasztikusan-kevesebb-lehet-a-kozfoglalkoztatott-hazankban\\\/#webpage\"},\"isPartOf\":{\"@id\":\"https:\\\/\\\/allasorias.hu\\\/hirek\\\/drasztikusan-kevesebb-lehet-a-kozfoglalkoztatott-hazankban\\\/#webpage\"},\"articleSection\":\"Gazdas\\u00e1g, Munkaer\\u0151piac\"},{\"@type\":\"BreadcrumbList\",\"@id\":\"https:\\\/\\\/allasorias.hu\\\/hirek\\\/drasztikusan-kevesebb-lehet-a-kozfoglalkoztatott-hazankban\\\/#breadcrumblist\",\"itemListElement\":[{\"@type\":\"ListItem\",\"@id\":\"https:\\\/\\\/allasorias.hu\\\/hirek#listItem\",\"position\":1,\"name\":\"Home\",\"item\":\"https:\\\/\\\/allasorias.hu\\\/hirek\",\"nextItem\":{\"@type\":\"ListItem\",\"@id\":\"https:\\\/\\\/allasorias.hu\\\/hirek\\\/temak\\\/gazdasag\\\/#listItem\",\"name\":\"Gazdas\\u00e1g\"}},{\"@type\":\"ListItem\",\"@id\":\"https:\\\/\\\/allasorias.hu\\\/hirek\\\/temak\\\/gazdasag\\\/#listItem\",\"position\":2,\"name\":\"Gazdas\\u00e1g\",\"item\":\"https:\\\/\\\/allasorias.hu\\\/hirek\\\/temak\\\/gazdasag\\\/\",\"nextItem\":{\"@type\":\"ListItem\",\"@id\":\"https:\\\/\\\/allasorias.hu\\\/hirek\\\/drasztikusan-kevesebb-lehet-a-kozfoglalkoztatott-hazankban\\\/#listItem\",\"name\":\"Drasztikusan kevesebb lehet a k\\u00f6zfoglalkoztatott haz\\u00e1nkban\"},\"previousItem\":{\"@type\":\"ListItem\",\"@id\":\"https:\\\/\\\/allasorias.hu\\\/hirek#listItem\",\"name\":\"Home\"}},{\"@type\":\"ListItem\",\"@id\":\"https:\\\/\\\/allasorias.hu\\\/hirek\\\/drasztikusan-kevesebb-lehet-a-kozfoglalkoztatott-hazankban\\\/#listItem\",\"position\":3,\"name\":\"Drasztikusan kevesebb lehet a k\\u00f6zfoglalkoztatott haz\\u00e1nkban\",\"previousItem\":{\"@type\":\"ListItem\",\"@id\":\"https:\\\/\\\/allasorias.hu\\\/hirek\\\/temak\\\/gazdasag\\\/#listItem\",\"name\":\"Gazdas\\u00e1g\"}}]},{\"@type\":\"Organization\",\"@id\":\"https:\\\/\\\/allasorias.hu\\\/hirek\\\/#organization\",\"name\":\"AllasOrias.hu | H\\u00edrek-lapszemle\",\"description\":\"\\u00dczleti h\\u00edrek az \\u00e1ll\\u00e1s \\u00e9s a munka vil\\u00e1g\\u00e1b\\u00f3l\",\"url\":\"https:\\\/\\\/allasorias.hu\\\/hirek\\\/\",\"logo\":{\"@type\":\"ImageObject\",\"url\":\"https:\\\/\\\/allasorias.hu\\\/hirek\\\/wp-content\\\/uploads\\\/2022\\\/10\\\/allasorias_site_facebok_logo.png\",\"@id\":\"https:\\\/\\\/allasorias.hu\\\/hirek\\\/drasztikusan-kevesebb-lehet-a-kozfoglalkoztatott-hazankban\\\/#organizationLogo\"},\"image\":{\"@id\":\"https:\\\/\\\/allasorias.hu\\\/hirek\\\/drasztikusan-kevesebb-lehet-a-kozfoglalkoztatott-hazankban\\\/#organizationLogo\"},\"sameAs\":[\"https:\\\/\\\/www.facebook.com\\\/allasorias\",\"https:\\\/\\\/www.linkedin.com\\\/company\\\/allasorias\"]},{\"@type\":\"Person\",\"@id\":\"https:\\\/\\\/allasorias.hu\\\/hirek\\\/author\\\/admin-allasorias\\\/#author\",\"url\":\"https:\\\/\\\/allasorias.hu\\\/hirek\\\/author\\\/admin-allasorias\\\/\",\"name\":\"Juh\\u00e1sz P\\u00e9ter\",\"image\":{\"@type\":\"ImageObject\",\"@id\":\"https:\\\/\\\/allasorias.hu\\\/hirek\\\/drasztikusan-kevesebb-lehet-a-kozfoglalkoztatott-hazankban\\\/#authorImage\",\"url\":\"https:\\\/\\\/secure.gravatar.com\\\/avatar\\\/36e6bcb83148978b992977cb0f54d22feb0cce8a0a849a9410532bb2623ba4c6?s=96&d=mm&r=g\",\"width\":96,\"height\":96,\"caption\":\"Juh\\u00e1sz P\\u00e9ter\"}},{\"@type\":\"WebPage\",\"@id\":\"https:\\\/\\\/allasorias.hu\\\/hirek\\\/drasztikusan-kevesebb-lehet-a-kozfoglalkoztatott-hazankban\\\/#webpage\",\"url\":\"https:\\\/\\\/allasorias.hu\\\/hirek\\\/drasztikusan-kevesebb-lehet-a-kozfoglalkoztatott-hazankban\\\/\",\"name\":\"Drasztikusan kevesebb lehet a k\\u00f6zfoglalkoztatott haz\\u00e1nkban | AllasOrias.hu | H\\u00edrek-lapszemle\",\"description\":\"Az elm\\u00falt k\\u00e9t \\u00e9v alatt 50%-al cs\\u00f6kkent a k\\u00f6zfoglalkoztatottak sz\\u00e1ma Magyarorsz\\u00e1gon. A bel\\u00fcgyminiszt\\u00e9rium adataib\\u00f3l kider\\u00fcl: az orsz\\u00e1g \\u00f6sszes megy\\u00e9j\\u00e9ben cs\\u00f6kken a k\\u00f6zfoglalkoztatotti l\\u00e9tsz\\u00e1m, ami 2015 \\u00e9s 2016-ban volt a legmagasabb,mintegy 230 ezer f\\u0151. 2019 febru\\u00e1rj\\u00e1ban m\\u00e1r csak 117 831 f\\u0151 volt k\\u00f6zfoglalkoztatott. Az el\\u0151z\\u0151 h\\u00f3naphoz k\\u00e9pest 1,2, m\\u00edg az el\\u0151z\\u0151 \\u00e9v febru\\u00e1rj\\u00e1hoz viszony\\u00edtva 23,6 sz\\u00e1zal\\u00e9kkal\",\"inLanguage\":\"hu-HU\",\"isPartOf\":{\"@id\":\"https:\\\/\\\/allasorias.hu\\\/hirek\\\/#website\"},\"breadcrumb\":{\"@id\":\"https:\\\/\\\/allasorias.hu\\\/hirek\\\/drasztikusan-kevesebb-lehet-a-kozfoglalkoztatott-hazankban\\\/#breadcrumblist\"},\"author\":{\"@id\":\"https:\\\/\\\/allasorias.hu\\\/hirek\\\/author\\\/admin-allasorias\\\/#author\"},\"creator\":{\"@id\":\"https:\\\/\\\/allasorias.hu\\\/hirek\\\/author\\\/admin-allasorias\\\/#author\"},\"datePublished\":\"2019-05-06T08:57:49+02:00\",\"dateModified\":\"2019-05-06T08:57:49+02:00\"},{\"@type\":\"WebSite\",\"@id\":\"https:\\\/\\\/allasorias.hu\\\/hirek\\\/#website\",\"url\":\"https:\\\/\\\/allasorias.hu\\\/hirek\\\/\",\"name\":\"AllasOrias.hu | H\\u00edrek-lapszemle\",\"description\":\"\\u00dczleti h\\u00edrek az \\u00e1ll\\u00e1s \\u00e9s a munka vil\\u00e1g\\u00e1b\\u00f3l\",\"inLanguage\":\"hu-HU\",\"publisher\":{\"@id\":\"https:\\\/\\\/allasorias.hu\\\/hirek\\\/#organization\"}}]}\n\t\t<\/script>\n\t\t<!-- All in One SEO -->\n\n","aioseo_head_json":{"title":"Drasztikusan kevesebb lehet a k\u00f6zfoglalkoztatott haz\u00e1nkban | AllasOrias.hu | H\u00edrek-lapszemle","description":"Az elm\u00falt k\u00e9t \u00e9v alatt 50%-al cs\u00f6kkent a k\u00f6zfoglalkoztatottak sz\u00e1ma Magyarorsz\u00e1gon. A bel\u00fcgyminiszt\u00e9rium adataib\u00f3l kider\u00fcl: az orsz\u00e1g \u00f6sszes megy\u00e9j\u00e9ben cs\u00f6kken a k\u00f6zfoglalkoztatotti l\u00e9tsz\u00e1m, ami 2015 \u00e9s 2016-ban volt a legmagasabb,mintegy 230 ezer f\u0151. 2019 febru\u00e1rj\u00e1ban m\u00e1r csak 117 831 f\u0151 volt k\u00f6zfoglalkoztatott. Az el\u0151z\u0151 h\u00f3naphoz k\u00e9pest 1,2, m\u00edg az el\u0151z\u0151 \u00e9v febru\u00e1rj\u00e1hoz viszony\u00edtva 23,6 sz\u00e1zal\u00e9kkal","canonical_url":"https:\/\/allasorias.hu\/hirek\/drasztikusan-kevesebb-lehet-a-kozfoglalkoztatott-hazankban\/","robots":"max-image-preview:large","keywords":"","webmasterTools":{"miscellaneous":""},"schema":{"@context":"https:\/\/schema.org","@graph":[{"@type":"Article","@id":"https:\/\/allasorias.hu\/hirek\/drasztikusan-kevesebb-lehet-a-kozfoglalkoztatott-hazankban\/#article","name":"Drasztikusan kevesebb lehet a k\u00f6zfoglalkoztatott haz\u00e1nkban | AllasOrias.hu | H\u00edrek-lapszemle","headline":"Drasztikusan kevesebb lehet a k\u00f6zfoglalkoztatott haz\u00e1nkban","author":{"@id":"https:\/\/allasorias.hu\/hirek\/author\/admin-allasorias\/#author"},"publisher":{"@id":"https:\/\/allasorias.hu\/hirek\/#organization"},"image":{"@type":"ImageObject","url":"https:\/\/allasorias.hu\/hirek\/wp-content\/uploads\/2022\/10\/allasorias_site_facebok_logo.png","@id":"https:\/\/allasorias.hu\/hirek\/#articleImage"},"datePublished":"2019-05-06T08:57:49+02:00","dateModified":"2019-05-06T08:57:49+02:00","inLanguage":"hu-HU","mainEntityOfPage":{"@id":"https:\/\/allasorias.hu\/hirek\/drasztikusan-kevesebb-lehet-a-kozfoglalkoztatott-hazankban\/#webpage"},"isPartOf":{"@id":"https:\/\/allasorias.hu\/hirek\/drasztikusan-kevesebb-lehet-a-kozfoglalkoztatott-hazankban\/#webpage"},"articleSection":"Gazdas\u00e1g, Munkaer\u0151piac"},{"@type":"BreadcrumbList","@id":"https:\/\/allasorias.hu\/hirek\/drasztikusan-kevesebb-lehet-a-kozfoglalkoztatott-hazankban\/#breadcrumblist","itemListElement":[{"@type":"ListItem","@id":"https:\/\/allasorias.hu\/hirek#listItem","position":1,"name":"Home","item":"https:\/\/allasorias.hu\/hirek","nextItem":{"@type":"ListItem","@id":"https:\/\/allasorias.hu\/hirek\/temak\/gazdasag\/#listItem","name":"Gazdas\u00e1g"}},{"@type":"ListItem","@id":"https:\/\/allasorias.hu\/hirek\/temak\/gazdasag\/#listItem","position":2,"name":"Gazdas\u00e1g","item":"https:\/\/allasorias.hu\/hirek\/temak\/gazdasag\/","nextItem":{"@type":"ListItem","@id":"https:\/\/allasorias.hu\/hirek\/drasztikusan-kevesebb-lehet-a-kozfoglalkoztatott-hazankban\/#listItem","name":"Drasztikusan kevesebb lehet a k\u00f6zfoglalkoztatott haz\u00e1nkban"},"previousItem":{"@type":"ListItem","@id":"https:\/\/allasorias.hu\/hirek#listItem","name":"Home"}},{"@type":"ListItem","@id":"https:\/\/allasorias.hu\/hirek\/drasztikusan-kevesebb-lehet-a-kozfoglalkoztatott-hazankban\/#listItem","position":3,"name":"Drasztikusan kevesebb lehet a k\u00f6zfoglalkoztatott haz\u00e1nkban","previousItem":{"@type":"ListItem","@id":"https:\/\/allasorias.hu\/hirek\/temak\/gazdasag\/#listItem","name":"Gazdas\u00e1g"}}]},{"@type":"Organization","@id":"https:\/\/allasorias.hu\/hirek\/#organization","name":"AllasOrias.hu | H\u00edrek-lapszemle","description":"\u00dczleti h\u00edrek az \u00e1ll\u00e1s \u00e9s a munka vil\u00e1g\u00e1b\u00f3l","url":"https:\/\/allasorias.hu\/hirek\/","logo":{"@type":"ImageObject","url":"https:\/\/allasorias.hu\/hirek\/wp-content\/uploads\/2022\/10\/allasorias_site_facebok_logo.png","@id":"https:\/\/allasorias.hu\/hirek\/drasztikusan-kevesebb-lehet-a-kozfoglalkoztatott-hazankban\/#organizationLogo"},"image":{"@id":"https:\/\/allasorias.hu\/hirek\/drasztikusan-kevesebb-lehet-a-kozfoglalkoztatott-hazankban\/#organizationLogo"},"sameAs":["https:\/\/www.facebook.com\/allasorias","https:\/\/www.linkedin.com\/company\/allasorias"]},{"@type":"Person","@id":"https:\/\/allasorias.hu\/hirek\/author\/admin-allasorias\/#author","url":"https:\/\/allasorias.hu\/hirek\/author\/admin-allasorias\/","name":"Juh\u00e1sz P\u00e9ter","image":{"@type":"ImageObject","@id":"https:\/\/allasorias.hu\/hirek\/drasztikusan-kevesebb-lehet-a-kozfoglalkoztatott-hazankban\/#authorImage","url":"https:\/\/secure.gravatar.com\/avatar\/36e6bcb83148978b992977cb0f54d22feb0cce8a0a849a9410532bb2623ba4c6?s=96&d=mm&r=g","width":96,"height":96,"caption":"Juh\u00e1sz P\u00e9ter"}},{"@type":"WebPage","@id":"https:\/\/allasorias.hu\/hirek\/drasztikusan-kevesebb-lehet-a-kozfoglalkoztatott-hazankban\/#webpage","url":"https:\/\/allasorias.hu\/hirek\/drasztikusan-kevesebb-lehet-a-kozfoglalkoztatott-hazankban\/","name":"Drasztikusan kevesebb lehet a k\u00f6zfoglalkoztatott haz\u00e1nkban | AllasOrias.hu | H\u00edrek-lapszemle","description":"Az elm\u00falt k\u00e9t \u00e9v alatt 50%-al cs\u00f6kkent a k\u00f6zfoglalkoztatottak sz\u00e1ma Magyarorsz\u00e1gon. A bel\u00fcgyminiszt\u00e9rium adataib\u00f3l kider\u00fcl: az orsz\u00e1g \u00f6sszes megy\u00e9j\u00e9ben cs\u00f6kken a k\u00f6zfoglalkoztatotti l\u00e9tsz\u00e1m, ami 2015 \u00e9s 2016-ban volt a legmagasabb,mintegy 230 ezer f\u0151. 2019 febru\u00e1rj\u00e1ban m\u00e1r csak 117 831 f\u0151 volt k\u00f6zfoglalkoztatott. Az el\u0151z\u0151 h\u00f3naphoz k\u00e9pest 1,2, m\u00edg az el\u0151z\u0151 \u00e9v febru\u00e1rj\u00e1hoz viszony\u00edtva 23,6 sz\u00e1zal\u00e9kkal","inLanguage":"hu-HU","isPartOf":{"@id":"https:\/\/allasorias.hu\/hirek\/#website"},"breadcrumb":{"@id":"https:\/\/allasorias.hu\/hirek\/drasztikusan-kevesebb-lehet-a-kozfoglalkoztatott-hazankban\/#breadcrumblist"},"author":{"@id":"https:\/\/allasorias.hu\/hirek\/author\/admin-allasorias\/#author"},"creator":{"@id":"https:\/\/allasorias.hu\/hirek\/author\/admin-allasorias\/#author"},"datePublished":"2019-05-06T08:57:49+02:00","dateModified":"2019-05-06T08:57:49+02:00"},{"@type":"WebSite","@id":"https:\/\/allasorias.hu\/hirek\/#website","url":"https:\/\/allasorias.hu\/hirek\/","name":"AllasOrias.hu | H\u00edrek-lapszemle","description":"\u00dczleti h\u00edrek az \u00e1ll\u00e1s \u00e9s a munka vil\u00e1g\u00e1b\u00f3l","inLanguage":"hu-HU","publisher":{"@id":"https:\/\/allasorias.hu\/hirek\/#organization"}}]},"og:locale":"hu_HU","og:site_name":"AllasOrias.hu | H\u00edrek-lapszemle | \u00dczleti h\u00edrek az \u00e1ll\u00e1s \u00e9s a munka vil\u00e1g\u00e1b\u00f3l","og:type":"article","og:title":"Drasztikusan kevesebb lehet a k\u00f6zfoglalkoztatott haz\u00e1nkban | AllasOrias.hu | H\u00edrek-lapszemle","og:description":"Az elm\u00falt k\u00e9t \u00e9v alatt 50%-al cs\u00f6kkent a k\u00f6zfoglalkoztatottak sz\u00e1ma Magyarorsz\u00e1gon. A bel\u00fcgyminiszt\u00e9rium adataib\u00f3l kider\u00fcl: az orsz\u00e1g \u00f6sszes megy\u00e9j\u00e9ben cs\u00f6kken a k\u00f6zfoglalkoztatotti l\u00e9tsz\u00e1m, ami 2015 \u00e9s 2016-ban volt a legmagasabb,mintegy 230 ezer f\u0151. 2019 febru\u00e1rj\u00e1ban m\u00e1r csak 117 831 f\u0151 volt k\u00f6zfoglalkoztatott. Az el\u0151z\u0151 h\u00f3naphoz k\u00e9pest 1,2, m\u00edg az el\u0151z\u0151 \u00e9v febru\u00e1rj\u00e1hoz viszony\u00edtva 23,6 sz\u00e1zal\u00e9kkal","og:url":"https:\/\/allasorias.hu\/hirek\/drasztikusan-kevesebb-lehet-a-kozfoglalkoztatott-hazankban\/","og:image":"https:\/\/allasorias.hu\/hirek\/wp-content\/uploads\/2022\/10\/allasorias-fb-logo.png","og:image:secure_url":"https:\/\/allasorias.hu\/hirek\/wp-content\/uploads\/2022\/10\/allasorias-fb-logo.png","og:image:width":437,"og:image:height":200,"article:published_time":"2019-05-06T08:57:49+00:00","article:modified_time":"2019-05-06T08:57:49+00:00","article:publisher":"https:\/\/www.facebook.com\/allasorias","twitter:card":"summary_large_image","twitter:title":"Drasztikusan kevesebb lehet a k\u00f6zfoglalkoztatott haz\u00e1nkban | AllasOrias.hu | H\u00edrek-lapszemle","twitter:description":"Az elm\u00falt k\u00e9t \u00e9v alatt 50%-al cs\u00f6kkent a k\u00f6zfoglalkoztatottak sz\u00e1ma Magyarorsz\u00e1gon. A bel\u00fcgyminiszt\u00e9rium adataib\u00f3l kider\u00fcl: az orsz\u00e1g \u00f6sszes megy\u00e9j\u00e9ben cs\u00f6kken a k\u00f6zfoglalkoztatotti l\u00e9tsz\u00e1m, ami 2015 \u00e9s 2016-ban volt a legmagasabb,mintegy 230 ezer f\u0151. 2019 febru\u00e1rj\u00e1ban m\u00e1r csak 117 831 f\u0151 volt k\u00f6zfoglalkoztatott. Az el\u0151z\u0151 h\u00f3naphoz k\u00e9pest 1,2, m\u00edg az el\u0151z\u0151 \u00e9v febru\u00e1rj\u00e1hoz viszony\u00edtva 23,6 sz\u00e1zal\u00e9kkal","twitter:image":"https:\/\/allasorias.hu\/hirek\/wp-content\/uploads\/2022\/10\/allasorias-fb-logo.png","twitter:label1":"Written by","twitter:data1":"Juh\u00e1sz P\u00e9ter","twitter:label2":"Est. reading time","twitter:data2":"3 minutes"},"aioseo_meta_data":{"post_id":"2845","title":null,"description":null,"keywords":null,"keyphrases":null,"primary_term":null,"canonical_url":null,"og_title":null,"og_description":null,"og_object_type":"default","og_image_type":"default","og_image_url":null,"og_image_width":null,"og_image_height":null,"og_image_custom_url":null,"og_image_custom_fields":null,"og_video":null,"og_custom_url":null,"og_article_section":null,"og_article_tags":null,"twitter_use_og":false,"twitter_card":"default","twitter_image_type":"default","twitter_image_url":null,"twitter_image_custom_url":null,"twitter_image_custom_fields":null,"twitter_title":null,"twitter_description":null,"schema":{"blockGraphs":[],"customGraphs":[],"default":{"data":{"Article":[],"Course":[],"Dataset":[],"FAQPage":[],"Movie":[],"Person":[],"Product":[],"ProductReview":[],"Car":[],"Recipe":[],"Service":[],"SoftwareApplication":[],"WebPage":[]},"graphName":"","isEnabled":true},"graphs":[],"defaultGraph":"","defaultPostTypeGraph":""},"schema_type":null,"schema_type_options":null,"pillar_content":false,"robots_default":true,"robots_noindex":false,"robots_noarchive":false,"robots_nosnippet":false,"robots_nofollow":false,"robots_noimageindex":false,"robots_noodp":false,"robots_notranslate":false,"robots_max_snippet":null,"robots_max_videopreview":null,"robots_max_imagepreview":"large","priority":null,"frequency":null,"location":null,"local_seo":null,"breadcrumb_settings":null,"limit_modified_date":false,"ai":null,"created":"2021-02-01 21:14:05","updated":"2025-10-02 11:13:49","seo_analyzer_scan_date":null,"focus_keyword":null,"additional_keywords":null,"truseo_locale":null},"aioseo_breadcrumb":"<div class=\"aioseo-breadcrumbs\"><span class=\"aioseo-breadcrumb\">\n\t\t\t<a href=\"https:\/\/allasorias.hu\/hirek\" title=\"Home\">Home<\/a>\n\t\t<\/span><span class=\"aioseo-breadcrumb-separator\">&raquo;<\/span><span class=\"aioseo-breadcrumb\">\n\t\t\t<a href=\"https:\/\/allasorias.hu\/hirek\/temak\/gazdasag\/\" title=\"Gazdas\u00e1g\">Gazdas\u00e1g<\/a>\n\t\t<\/span><span class=\"aioseo-breadcrumb-separator\">&raquo;<\/span><span class=\"aioseo-breadcrumb\">\n\t\t\tDrasztikusan kevesebb lehet a k\u00f6zfoglalkoztatott haz\u00e1nkban\n\t\t<\/span><\/div>","aioseo_breadcrumb_json":[{"label":"Home","link":"https:\/\/allasorias.hu\/hirek"},{"label":"Gazdas\u00e1g","link":"https:\/\/allasorias.hu\/hirek\/temak\/gazdasag\/"},{"label":"Drasztikusan kevesebb lehet a k\u00f6zfoglalkoztatott haz\u00e1nkban","link":"https:\/\/allasorias.hu\/hirek\/drasztikusan-kevesebb-lehet-a-kozfoglalkoztatott-hazankban\/"}],"_links":{"self":[{"href":"https:\/\/allasorias.hu\/hirek\/wp-json\/wp\/v2\/posts\/2845","targetHints":{"allow":["GET"]}}],"collection":[{"href":"https:\/\/allasorias.hu\/hirek\/wp-json\/wp\/v2\/posts"}],"about":[{"href":"https:\/\/allasorias.hu\/hirek\/wp-json\/wp\/v2\/types\/post"}],"author":[{"embeddable":true,"href":"https:\/\/allasorias.hu\/hirek\/wp-json\/wp\/v2\/users\/1"}],"replies":[{"embeddable":true,"href":"https:\/\/allasorias.hu\/hirek\/wp-json\/wp\/v2\/comments?post=2845"}],"version-history":[{"count":1,"href":"https:\/\/allasorias.hu\/hirek\/wp-json\/wp\/v2\/posts\/2845\/revisions"}],"predecessor-version":[{"id":2846,"href":"https:\/\/allasorias.hu\/hirek\/wp-json\/wp\/v2\/posts\/2845\/revisions\/2846"}],"wp:attachment":[{"href":"https:\/\/allasorias.hu\/hirek\/wp-json\/wp\/v2\/media?parent=2845"}],"wp:term":[{"taxonomy":"category","embeddable":true,"href":"https:\/\/allasorias.hu\/hirek\/wp-json\/wp\/v2\/categories?post=2845"},{"taxonomy":"post_tag","embeddable":true,"href":"https:\/\/allasorias.hu\/hirek\/wp-json\/wp\/v2\/tags?post=2845"}],"curies":[{"name":"wp","href":"https:\/\/api.w.org\/{rel}","templated":true}]}}