{"id":2842,"date":"2019-05-03T11:06:37","date_gmt":"2019-05-03T11:06:37","guid":{"rendered":"https:\/\/allasorias.hu\/hirek\/?p=2842"},"modified":"2019-05-03T11:06:37","modified_gmt":"2019-05-03T11:06:37","slug":"hogyan-kezeljuk-az-y-generaciot","status":"publish","type":"post","link":"https:\/\/allasorias.hu\/hirek\/hogyan-kezeljuk-az-y-generaciot\/","title":{"rendered":"Hogyan kezelj\u00fck az Y gener\u00e1ci\u00f3t ?"},"content":{"rendered":"<p><strong>T\u00f6bb gener\u00e1ci\u00f3 dolgozik egy\u00fctt a munkahelyeken, sz\u00e1m szerint \u00f6t. \u00a0A munkaer\u0151piacon az alfa gener\u00e1ci\u00f3 is jelen van, az 1995 ut\u00e1n sz\u00fcletett fiatalok ugyanis feln\u0151ttek. A Piac &amp; Profit Csapat\u00e9p\u00edt\u00e9si trendek \u2013 2019 c\u00edm\u0171 konferenci\u00e1j\u00e1n t\u00f6bbek k\u00f6z\u00f6tt err\u0151l is sz\u00f3 volt. Elhangzott: 2060-ra a gener\u00e1ci\u00f3k sz\u00e1ma h\u00e1romra cs\u00f6kkenhet.<\/strong><\/p>\n<p>Az Y gener\u00e1ci\u00f3 \u00e1tlagosan k\u00e9t\u00e9vente v\u00e1lt munkahelyet, nem kifejezetten loj\u00e1lis, viszont elk\u00e9peszt\u0151 a tud\u00e1sv\u00e1gya. Ez az Y gener\u00e1ci\u00f3, akik nem sok pozit\u00edv meg\u00edt\u00e9l\u00e9st kaptak az elm\u00falt \u00e9vek sor\u00e1n. A gener\u00e1ci\u00f3 tagjair\u00f3l az az alapvet\u0151 felt\u00e9telez\u00e9s, hogy nem el\u00e9g kitart\u00f3k, \u00e9s nem kifejezetten megb\u00edzhat\u00f3ak. \u00a0A konferenci\u00e1n elhangzott: mindig az egy\u00e9n fog a saj\u00e1t preferenci\u00e1i alapj\u00e1n d\u00f6nteni. Fontos az elfogad\u00e1s \u00e9s annak bel\u00e1t\u00e1sa, hogy mindenkinek vannak megl\u00e1t\u00e1sai, amikkel hozz\u00e1 tud j\u00e1rulni a szervezethez. A c\u00e9geknek \u00fagy kell hitelesen bemutatkozniuk a jelentkez\u0151knek, hogy elmondj\u00e1k, milyen \u00e9rt\u00e9keket teremtenek. Fontos, hogy fejl\u0151d\u00e9s-k\u00f6zpont\u00fa szeml\u00e9let hat\u00e1rozza meg a munkahelyet. Ha az emberek csendesen dolgoznak, az nem jelenti azt, hogy enerv\u00e1ltak, csak mindenki m\u00e1sk\u00e9pp viselkedik\u201d \u2013 mondta Szab\u00f3 Csaba, a Develor Tan\u00e1csad\u00f3 Zrt. vez\u00e9rigazgat\u00f3ja. Az alfa gener\u00e1ci\u00f3 pedig olyan, hogy amikor elmegy az egyik sz\u00fcl\u0151j\u00e9vel a boltba v\u00e1s\u00e1rolni, felpr\u00f3b\u00e1lja a kab\u00e1tot \u00e9s azt mondja: \u201eEz nem \u00e9n vagyok.\u201d Olyan \u00f6ntudat \u00e9s \u00f6nazonoss\u00e1g uralja \u0151ket, amiket az el\u0151z\u0151 koroszt\u00e1lyokn\u00e1l nem vagy csak kisebb m\u00e9rt\u00e9kben tapasztaltunk. Az Insta(nt)-gener\u00e1ci\u00f3 \u201eA gyerek nem tud k\u00e9sleltetni. Most akarja a p\u00f6tty\u00f6s labd\u00e1t, de m\u00e9g nem j\u00f6tt a J\u00e9zuska\u201d, mondta Ludvigh K\u00e1roly. Ez az, amit a pszichol\u00f3gia \u00fagy h\u00edv, hogy instant gratification. Azonnali v\u00e1gykiel\u00e9g\u00edt\u00e9s. \u201eVannak, akik ebbe beleragadnak feln\u0151ttkorukban is, mert bel\u00fcl gyerekek maradtak.\u201d Ugyan a fiatalok nagy r\u00e9sze \u00e1tmegy az ifj\u00fa tit\u00e1n korszak\u00e1n, amikor az \u201eide nekem az oroszl\u00e1nt\u201d alapelve m\u0171k\u00f6dik n\u00e1luk, s \u00fagy \u00e9rzik, mindenkit tudnak \u00fcberelni, de \u201enem igaz, hogy a fiatalok 10 perc alatt vez\u00e9rigazgat\u00f3k akarnak lenni\u201d, v\u00e9lekedett Toldi Zsuzsanna, az Aquilone Training Kft. \u00fcgyvezet\u0151je.<\/p>\n<p>Forr\u00e1s: piacesprofit.hu<\/p>\n","protected":false},"excerpt":{"rendered":"<p>T\u00f6bb gener\u00e1ci\u00f3 dolgozik egy\u00fctt a munkahelyeken, sz\u00e1m szerint \u00f6t. \u00a0A munkaer\u0151piacon az alfa gener\u00e1ci\u00f3 is jelen van, az 1995 ut\u00e1n sz\u00fcletett fiatalok ugyanis feln\u0151ttek. A Piac &amp; Profit Csapat\u00e9p\u00edt\u00e9si trendek \u2013 2019 c\u00edm\u0171 konferenci\u00e1j\u00e1n t\u00f6bbek k\u00f6z\u00f6tt err\u0151l is sz\u00f3 volt. Elhangzott: 2060-ra a gener\u00e1ci\u00f3k sz\u00e1ma h\u00e1romra cs\u00f6kkenhet. Az Y gener\u00e1ci\u00f3 \u00e1tlagosan k\u00e9t\u00e9vente v\u00e1lt munkahelyet, nem [&hellip;]<\/p>\n","protected":false},"author":1,"featured_media":2843,"comment_status":"open","ping_status":"open","sticky":false,"template":"","format":"standard","meta":{"_monsterinsights_skip_tracking":false,"footnotes":""},"categories":[200],"tags":[],"class_list":["post-2842","post","type-post","status-publish","format-standard","has-post-thumbnail","hentry","category-munkaeropiac"],"aioseo_notices":[],"aioseo_head":"\n\t\t<!-- All in One SEO 5.0.0.1 - aioseo.com -->\n\t<meta name=\"description\" content=\"T\u00f6bb gener\u00e1ci\u00f3 dolgozik egy\u00fctt a munkahelyeken, sz\u00e1m szerint \u00f6t. A munkaer\u0151piacon az alfa gener\u00e1ci\u00f3 is jelen van, az 1995 ut\u00e1n sz\u00fcletett fiatalok ugyanis feln\u0151ttek. A Piac &amp; Profit Csapat\u00e9p\u00edt\u00e9si trendek \u2013 2019 c\u00edm\u0171 konferenci\u00e1j\u00e1n t\u00f6bbek k\u00f6z\u00f6tt err\u0151l is sz\u00f3 volt. Elhangzott: 2060-ra a gener\u00e1ci\u00f3k sz\u00e1ma h\u00e1romra cs\u00f6kkenhet. Az Y gener\u00e1ci\u00f3 \u00e1tlagosan k\u00e9t\u00e9vente v\u00e1lt munkahelyet, nem\" \/>\n\t<meta name=\"robots\" content=\"max-image-preview:large\" \/>\n\t<meta name=\"author\" content=\"Juh\u00e1sz P\u00e9ter\"\/>\n\t<link rel=\"canonical\" href=\"https:\/\/allasorias.hu\/hirek\/hogyan-kezeljuk-az-y-generaciot\/\" \/>\n\t<meta name=\"generator\" content=\"All in One SEO (AIOSEO) 5.0.0.1\" \/>\n\t\t<meta property=\"og:locale\" content=\"hu_HU\" \/>\n\t\t<meta property=\"og:site_name\" content=\"AllasOrias.hu | H\u00edrek-lapszemle | \u00dczleti h\u00edrek az \u00e1ll\u00e1s \u00e9s a munka vil\u00e1g\u00e1b\u00f3l\" \/>\n\t\t<meta property=\"og:type\" content=\"article\" \/>\n\t\t<meta property=\"og:title\" content=\"Hogyan kezelj\u00fck az Y gener\u00e1ci\u00f3t ? | AllasOrias.hu | H\u00edrek-lapszemle\" \/>\n\t\t<meta property=\"og:description\" content=\"T\u00f6bb gener\u00e1ci\u00f3 dolgozik egy\u00fctt a munkahelyeken, sz\u00e1m szerint \u00f6t. A munkaer\u0151piacon az alfa gener\u00e1ci\u00f3 is jelen van, az 1995 ut\u00e1n sz\u00fcletett fiatalok ugyanis feln\u0151ttek. A Piac &amp; Profit Csapat\u00e9p\u00edt\u00e9si trendek \u2013 2019 c\u00edm\u0171 konferenci\u00e1j\u00e1n t\u00f6bbek k\u00f6z\u00f6tt err\u0151l is sz\u00f3 volt. Elhangzott: 2060-ra a gener\u00e1ci\u00f3k sz\u00e1ma h\u00e1romra cs\u00f6kkenhet. Az Y gener\u00e1ci\u00f3 \u00e1tlagosan k\u00e9t\u00e9vente v\u00e1lt munkahelyet, nem\" \/>\n\t\t<meta property=\"og:url\" content=\"https:\/\/allasorias.hu\/hirek\/hogyan-kezeljuk-az-y-generaciot\/\" \/>\n\t\t<meta property=\"og:image\" content=\"https:\/\/allasorias.hu\/hirek\/wp-content\/uploads\/2019\/05\/y-gen.jpg\" \/>\n\t\t<meta property=\"og:image:secure_url\" content=\"https:\/\/allasorias.hu\/hirek\/wp-content\/uploads\/2019\/05\/y-gen.jpg\" \/>\n\t\t<meta property=\"og:image:width\" content=\"1170\" \/>\n\t\t<meta property=\"og:image:height\" content=\"470\" \/>\n\t\t<meta property=\"article:published_time\" content=\"2019-05-03T11:06:37+00:00\" \/>\n\t\t<meta property=\"article:modified_time\" content=\"2019-05-03T11:06:37+00:00\" \/>\n\t\t<meta property=\"article:publisher\" content=\"https:\/\/www.facebook.com\/allasorias\" \/>\n\t\t<meta name=\"twitter:card\" content=\"summary_large_image\" \/>\n\t\t<meta name=\"twitter:title\" content=\"Hogyan kezelj\u00fck az Y gener\u00e1ci\u00f3t ? | AllasOrias.hu | H\u00edrek-lapszemle\" \/>\n\t\t<meta name=\"twitter:description\" content=\"T\u00f6bb gener\u00e1ci\u00f3 dolgozik egy\u00fctt a munkahelyeken, sz\u00e1m szerint \u00f6t. A munkaer\u0151piacon az alfa gener\u00e1ci\u00f3 is jelen van, az 1995 ut\u00e1n sz\u00fcletett fiatalok ugyanis feln\u0151ttek. A Piac &amp; Profit Csapat\u00e9p\u00edt\u00e9si trendek \u2013 2019 c\u00edm\u0171 konferenci\u00e1j\u00e1n t\u00f6bbek k\u00f6z\u00f6tt err\u0151l is sz\u00f3 volt. Elhangzott: 2060-ra a gener\u00e1ci\u00f3k sz\u00e1ma h\u00e1romra cs\u00f6kkenhet. Az Y gener\u00e1ci\u00f3 \u00e1tlagosan k\u00e9t\u00e9vente v\u00e1lt munkahelyet, nem\" \/>\n\t\t<meta name=\"twitter:image\" content=\"https:\/\/allasorias.hu\/hirek\/wp-content\/uploads\/2019\/05\/y-gen.jpg\" \/>\n\t\t<meta name=\"twitter:label1\" content=\"Written by\" \/>\n\t\t<meta name=\"twitter:data1\" content=\"Juh\u00e1sz P\u00e9ter\" \/>\n\t\t<meta name=\"twitter:label2\" content=\"Est. reading time\" \/>\n\t\t<meta name=\"twitter:data2\" content=\"2 minutes\" \/>\n\t\t<script type=\"application\/ld+json\" class=\"aioseo-schema\">\n\t\t\t{\"@context\":\"https:\\\/\\\/schema.org\",\"@graph\":[{\"@type\":\"Article\",\"@id\":\"https:\\\/\\\/allasorias.hu\\\/hirek\\\/hogyan-kezeljuk-az-y-generaciot\\\/#article\",\"name\":\"Hogyan kezelj\\u00fck az Y gener\\u00e1ci\\u00f3t ? | AllasOrias.hu | H\\u00edrek-lapszemle\",\"headline\":\"Hogyan kezelj\\u00fck az Y gener\\u00e1ci\\u00f3t ?\",\"author\":{\"@id\":\"https:\\\/\\\/allasorias.hu\\\/hirek\\\/author\\\/admin-allasorias\\\/#author\"},\"publisher\":{\"@id\":\"https:\\\/\\\/allasorias.hu\\\/hirek\\\/#organization\"},\"image\":{\"@type\":\"ImageObject\",\"url\":\"https:\\\/\\\/allasorias.hu\\\/hirek\\\/wp-content\\\/uploads\\\/2019\\\/05\\\/y-gen.jpg\",\"width\":1170,\"height\":470},\"datePublished\":\"2019-05-03T11:06:37+02:00\",\"dateModified\":\"2019-05-03T11:06:37+02:00\",\"inLanguage\":\"hu-HU\",\"mainEntityOfPage\":{\"@id\":\"https:\\\/\\\/allasorias.hu\\\/hirek\\\/hogyan-kezeljuk-az-y-generaciot\\\/#webpage\"},\"isPartOf\":{\"@id\":\"https:\\\/\\\/allasorias.hu\\\/hirek\\\/hogyan-kezeljuk-az-y-generaciot\\\/#webpage\"},\"articleSection\":\"Munkaer\\u0151piac\"},{\"@type\":\"BreadcrumbList\",\"@id\":\"https:\\\/\\\/allasorias.hu\\\/hirek\\\/hogyan-kezeljuk-az-y-generaciot\\\/#breadcrumblist\",\"itemListElement\":[{\"@type\":\"ListItem\",\"@id\":\"https:\\\/\\\/allasorias.hu\\\/hirek#listItem\",\"position\":1,\"name\":\"Home\",\"item\":\"https:\\\/\\\/allasorias.hu\\\/hirek\",\"nextItem\":{\"@type\":\"ListItem\",\"@id\":\"https:\\\/\\\/allasorias.hu\\\/hirek\\\/temak\\\/munkaeropiac\\\/#listItem\",\"name\":\"Munkaer\\u0151piac\"}},{\"@type\":\"ListItem\",\"@id\":\"https:\\\/\\\/allasorias.hu\\\/hirek\\\/temak\\\/munkaeropiac\\\/#listItem\",\"position\":2,\"name\":\"Munkaer\\u0151piac\",\"item\":\"https:\\\/\\\/allasorias.hu\\\/hirek\\\/temak\\\/munkaeropiac\\\/\",\"nextItem\":{\"@type\":\"ListItem\",\"@id\":\"https:\\\/\\\/allasorias.hu\\\/hirek\\\/hogyan-kezeljuk-az-y-generaciot\\\/#listItem\",\"name\":\"Hogyan kezelj\\u00fck az Y gener\\u00e1ci\\u00f3t ?\"},\"previousItem\":{\"@type\":\"ListItem\",\"@id\":\"https:\\\/\\\/allasorias.hu\\\/hirek#listItem\",\"name\":\"Home\"}},{\"@type\":\"ListItem\",\"@id\":\"https:\\\/\\\/allasorias.hu\\\/hirek\\\/hogyan-kezeljuk-az-y-generaciot\\\/#listItem\",\"position\":3,\"name\":\"Hogyan kezelj\\u00fck az Y gener\\u00e1ci\\u00f3t ?\",\"previousItem\":{\"@type\":\"ListItem\",\"@id\":\"https:\\\/\\\/allasorias.hu\\\/hirek\\\/temak\\\/munkaeropiac\\\/#listItem\",\"name\":\"Munkaer\\u0151piac\"}}]},{\"@type\":\"Organization\",\"@id\":\"https:\\\/\\\/allasorias.hu\\\/hirek\\\/#organization\",\"name\":\"AllasOrias.hu | H\\u00edrek-lapszemle\",\"description\":\"\\u00dczleti h\\u00edrek az \\u00e1ll\\u00e1s \\u00e9s a munka vil\\u00e1g\\u00e1b\\u00f3l\",\"url\":\"https:\\\/\\\/allasorias.hu\\\/hirek\\\/\",\"logo\":{\"@type\":\"ImageObject\",\"url\":\"https:\\\/\\\/allasorias.hu\\\/hirek\\\/wp-content\\\/uploads\\\/2022\\\/10\\\/allasorias_site_facebok_logo.png\",\"@id\":\"https:\\\/\\\/allasorias.hu\\\/hirek\\\/hogyan-kezeljuk-az-y-generaciot\\\/#organizationLogo\"},\"image\":{\"@id\":\"https:\\\/\\\/allasorias.hu\\\/hirek\\\/hogyan-kezeljuk-az-y-generaciot\\\/#organizationLogo\"},\"sameAs\":[\"https:\\\/\\\/www.facebook.com\\\/allasorias\",\"https:\\\/\\\/www.linkedin.com\\\/company\\\/allasorias\"]},{\"@type\":\"Person\",\"@id\":\"https:\\\/\\\/allasorias.hu\\\/hirek\\\/author\\\/admin-allasorias\\\/#author\",\"url\":\"https:\\\/\\\/allasorias.hu\\\/hirek\\\/author\\\/admin-allasorias\\\/\",\"name\":\"Juh\\u00e1sz P\\u00e9ter\",\"image\":{\"@type\":\"ImageObject\",\"@id\":\"https:\\\/\\\/allasorias.hu\\\/hirek\\\/hogyan-kezeljuk-az-y-generaciot\\\/#authorImage\",\"url\":\"https:\\\/\\\/secure.gravatar.com\\\/avatar\\\/36e6bcb83148978b992977cb0f54d22feb0cce8a0a849a9410532bb2623ba4c6?s=96&d=mm&r=g\",\"width\":96,\"height\":96,\"caption\":\"Juh\\u00e1sz P\\u00e9ter\"}},{\"@type\":\"WebPage\",\"@id\":\"https:\\\/\\\/allasorias.hu\\\/hirek\\\/hogyan-kezeljuk-az-y-generaciot\\\/#webpage\",\"url\":\"https:\\\/\\\/allasorias.hu\\\/hirek\\\/hogyan-kezeljuk-az-y-generaciot\\\/\",\"name\":\"Hogyan kezelj\\u00fck az Y gener\\u00e1ci\\u00f3t ? | AllasOrias.hu | H\\u00edrek-lapszemle\",\"description\":\"T\\u00f6bb gener\\u00e1ci\\u00f3 dolgozik egy\\u00fctt a munkahelyeken, sz\\u00e1m szerint \\u00f6t. A munkaer\\u0151piacon az alfa gener\\u00e1ci\\u00f3 is jelen van, az 1995 ut\\u00e1n sz\\u00fcletett fiatalok ugyanis feln\\u0151ttek. A Piac & Profit Csapat\\u00e9p\\u00edt\\u00e9si trendek \\u2013 2019 c\\u00edm\\u0171 konferenci\\u00e1j\\u00e1n t\\u00f6bbek k\\u00f6z\\u00f6tt err\\u0151l is sz\\u00f3 volt. Elhangzott: 2060-ra a gener\\u00e1ci\\u00f3k sz\\u00e1ma h\\u00e1romra cs\\u00f6kkenhet. Az Y gener\\u00e1ci\\u00f3 \\u00e1tlagosan k\\u00e9t\\u00e9vente v\\u00e1lt munkahelyet, nem\",\"inLanguage\":\"hu-HU\",\"isPartOf\":{\"@id\":\"https:\\\/\\\/allasorias.hu\\\/hirek\\\/#website\"},\"breadcrumb\":{\"@id\":\"https:\\\/\\\/allasorias.hu\\\/hirek\\\/hogyan-kezeljuk-az-y-generaciot\\\/#breadcrumblist\"},\"author\":{\"@id\":\"https:\\\/\\\/allasorias.hu\\\/hirek\\\/author\\\/admin-allasorias\\\/#author\"},\"creator\":{\"@id\":\"https:\\\/\\\/allasorias.hu\\\/hirek\\\/author\\\/admin-allasorias\\\/#author\"},\"image\":{\"@type\":\"ImageObject\",\"url\":\"https:\\\/\\\/allasorias.hu\\\/hirek\\\/wp-content\\\/uploads\\\/2019\\\/05\\\/y-gen.jpg\",\"@id\":\"https:\\\/\\\/allasorias.hu\\\/hirek\\\/hogyan-kezeljuk-az-y-generaciot\\\/#mainImage\",\"width\":1170,\"height\":470},\"primaryImageOfPage\":{\"@id\":\"https:\\\/\\\/allasorias.hu\\\/hirek\\\/hogyan-kezeljuk-az-y-generaciot\\\/#mainImage\"},\"datePublished\":\"2019-05-03T11:06:37+02:00\",\"dateModified\":\"2019-05-03T11:06:37+02:00\"},{\"@type\":\"WebSite\",\"@id\":\"https:\\\/\\\/allasorias.hu\\\/hirek\\\/#website\",\"url\":\"https:\\\/\\\/allasorias.hu\\\/hirek\\\/\",\"name\":\"AllasOrias.hu | H\\u00edrek-lapszemle\",\"description\":\"\\u00dczleti h\\u00edrek az \\u00e1ll\\u00e1s \\u00e9s a munka vil\\u00e1g\\u00e1b\\u00f3l\",\"inLanguage\":\"hu-HU\",\"publisher\":{\"@id\":\"https:\\\/\\\/allasorias.hu\\\/hirek\\\/#organization\"}}]}\n\t\t<\/script>\n\t\t<!-- All in One SEO -->\n\n","aioseo_head_json":{"title":"Hogyan kezelj\u00fck az Y gener\u00e1ci\u00f3t ? | AllasOrias.hu | H\u00edrek-lapszemle","description":"T\u00f6bb gener\u00e1ci\u00f3 dolgozik egy\u00fctt a munkahelyeken, sz\u00e1m szerint \u00f6t. A munkaer\u0151piacon az alfa gener\u00e1ci\u00f3 is jelen van, az 1995 ut\u00e1n sz\u00fcletett fiatalok ugyanis feln\u0151ttek. A Piac & Profit Csapat\u00e9p\u00edt\u00e9si trendek \u2013 2019 c\u00edm\u0171 konferenci\u00e1j\u00e1n t\u00f6bbek k\u00f6z\u00f6tt err\u0151l is sz\u00f3 volt. Elhangzott: 2060-ra a gener\u00e1ci\u00f3k sz\u00e1ma h\u00e1romra cs\u00f6kkenhet. Az Y gener\u00e1ci\u00f3 \u00e1tlagosan k\u00e9t\u00e9vente v\u00e1lt munkahelyet, nem","canonical_url":"https:\/\/allasorias.hu\/hirek\/hogyan-kezeljuk-az-y-generaciot\/","robots":"max-image-preview:large","keywords":"","webmasterTools":{"miscellaneous":""},"schema":{"@context":"https:\/\/schema.org","@graph":[{"@type":"Article","@id":"https:\/\/allasorias.hu\/hirek\/hogyan-kezeljuk-az-y-generaciot\/#article","name":"Hogyan kezelj\u00fck az Y gener\u00e1ci\u00f3t ? | AllasOrias.hu | H\u00edrek-lapszemle","headline":"Hogyan kezelj\u00fck az Y gener\u00e1ci\u00f3t ?","author":{"@id":"https:\/\/allasorias.hu\/hirek\/author\/admin-allasorias\/#author"},"publisher":{"@id":"https:\/\/allasorias.hu\/hirek\/#organization"},"image":{"@type":"ImageObject","url":"https:\/\/allasorias.hu\/hirek\/wp-content\/uploads\/2019\/05\/y-gen.jpg","width":1170,"height":470},"datePublished":"2019-05-03T11:06:37+02:00","dateModified":"2019-05-03T11:06:37+02:00","inLanguage":"hu-HU","mainEntityOfPage":{"@id":"https:\/\/allasorias.hu\/hirek\/hogyan-kezeljuk-az-y-generaciot\/#webpage"},"isPartOf":{"@id":"https:\/\/allasorias.hu\/hirek\/hogyan-kezeljuk-az-y-generaciot\/#webpage"},"articleSection":"Munkaer\u0151piac"},{"@type":"BreadcrumbList","@id":"https:\/\/allasorias.hu\/hirek\/hogyan-kezeljuk-az-y-generaciot\/#breadcrumblist","itemListElement":[{"@type":"ListItem","@id":"https:\/\/allasorias.hu\/hirek#listItem","position":1,"name":"Home","item":"https:\/\/allasorias.hu\/hirek","nextItem":{"@type":"ListItem","@id":"https:\/\/allasorias.hu\/hirek\/temak\/munkaeropiac\/#listItem","name":"Munkaer\u0151piac"}},{"@type":"ListItem","@id":"https:\/\/allasorias.hu\/hirek\/temak\/munkaeropiac\/#listItem","position":2,"name":"Munkaer\u0151piac","item":"https:\/\/allasorias.hu\/hirek\/temak\/munkaeropiac\/","nextItem":{"@type":"ListItem","@id":"https:\/\/allasorias.hu\/hirek\/hogyan-kezeljuk-az-y-generaciot\/#listItem","name":"Hogyan kezelj\u00fck az Y gener\u00e1ci\u00f3t ?"},"previousItem":{"@type":"ListItem","@id":"https:\/\/allasorias.hu\/hirek#listItem","name":"Home"}},{"@type":"ListItem","@id":"https:\/\/allasorias.hu\/hirek\/hogyan-kezeljuk-az-y-generaciot\/#listItem","position":3,"name":"Hogyan kezelj\u00fck az Y gener\u00e1ci\u00f3t ?","previousItem":{"@type":"ListItem","@id":"https:\/\/allasorias.hu\/hirek\/temak\/munkaeropiac\/#listItem","name":"Munkaer\u0151piac"}}]},{"@type":"Organization","@id":"https:\/\/allasorias.hu\/hirek\/#organization","name":"AllasOrias.hu | H\u00edrek-lapszemle","description":"\u00dczleti h\u00edrek az \u00e1ll\u00e1s \u00e9s a munka vil\u00e1g\u00e1b\u00f3l","url":"https:\/\/allasorias.hu\/hirek\/","logo":{"@type":"ImageObject","url":"https:\/\/allasorias.hu\/hirek\/wp-content\/uploads\/2022\/10\/allasorias_site_facebok_logo.png","@id":"https:\/\/allasorias.hu\/hirek\/hogyan-kezeljuk-az-y-generaciot\/#organizationLogo"},"image":{"@id":"https:\/\/allasorias.hu\/hirek\/hogyan-kezeljuk-az-y-generaciot\/#organizationLogo"},"sameAs":["https:\/\/www.facebook.com\/allasorias","https:\/\/www.linkedin.com\/company\/allasorias"]},{"@type":"Person","@id":"https:\/\/allasorias.hu\/hirek\/author\/admin-allasorias\/#author","url":"https:\/\/allasorias.hu\/hirek\/author\/admin-allasorias\/","name":"Juh\u00e1sz P\u00e9ter","image":{"@type":"ImageObject","@id":"https:\/\/allasorias.hu\/hirek\/hogyan-kezeljuk-az-y-generaciot\/#authorImage","url":"https:\/\/secure.gravatar.com\/avatar\/36e6bcb83148978b992977cb0f54d22feb0cce8a0a849a9410532bb2623ba4c6?s=96&d=mm&r=g","width":96,"height":96,"caption":"Juh\u00e1sz P\u00e9ter"}},{"@type":"WebPage","@id":"https:\/\/allasorias.hu\/hirek\/hogyan-kezeljuk-az-y-generaciot\/#webpage","url":"https:\/\/allasorias.hu\/hirek\/hogyan-kezeljuk-az-y-generaciot\/","name":"Hogyan kezelj\u00fck az Y gener\u00e1ci\u00f3t ? | AllasOrias.hu | H\u00edrek-lapszemle","description":"T\u00f6bb gener\u00e1ci\u00f3 dolgozik egy\u00fctt a munkahelyeken, sz\u00e1m szerint \u00f6t. A munkaer\u0151piacon az alfa gener\u00e1ci\u00f3 is jelen van, az 1995 ut\u00e1n sz\u00fcletett fiatalok ugyanis feln\u0151ttek. A Piac & Profit Csapat\u00e9p\u00edt\u00e9si trendek \u2013 2019 c\u00edm\u0171 konferenci\u00e1j\u00e1n t\u00f6bbek k\u00f6z\u00f6tt err\u0151l is sz\u00f3 volt. Elhangzott: 2060-ra a gener\u00e1ci\u00f3k sz\u00e1ma h\u00e1romra cs\u00f6kkenhet. Az Y gener\u00e1ci\u00f3 \u00e1tlagosan k\u00e9t\u00e9vente v\u00e1lt munkahelyet, nem","inLanguage":"hu-HU","isPartOf":{"@id":"https:\/\/allasorias.hu\/hirek\/#website"},"breadcrumb":{"@id":"https:\/\/allasorias.hu\/hirek\/hogyan-kezeljuk-az-y-generaciot\/#breadcrumblist"},"author":{"@id":"https:\/\/allasorias.hu\/hirek\/author\/admin-allasorias\/#author"},"creator":{"@id":"https:\/\/allasorias.hu\/hirek\/author\/admin-allasorias\/#author"},"image":{"@type":"ImageObject","url":"https:\/\/allasorias.hu\/hirek\/wp-content\/uploads\/2019\/05\/y-gen.jpg","@id":"https:\/\/allasorias.hu\/hirek\/hogyan-kezeljuk-az-y-generaciot\/#mainImage","width":1170,"height":470},"primaryImageOfPage":{"@id":"https:\/\/allasorias.hu\/hirek\/hogyan-kezeljuk-az-y-generaciot\/#mainImage"},"datePublished":"2019-05-03T11:06:37+02:00","dateModified":"2019-05-03T11:06:37+02:00"},{"@type":"WebSite","@id":"https:\/\/allasorias.hu\/hirek\/#website","url":"https:\/\/allasorias.hu\/hirek\/","name":"AllasOrias.hu | H\u00edrek-lapszemle","description":"\u00dczleti h\u00edrek az \u00e1ll\u00e1s \u00e9s a munka vil\u00e1g\u00e1b\u00f3l","inLanguage":"hu-HU","publisher":{"@id":"https:\/\/allasorias.hu\/hirek\/#organization"}}]},"og:locale":"hu_HU","og:site_name":"AllasOrias.hu | H\u00edrek-lapszemle | \u00dczleti h\u00edrek az \u00e1ll\u00e1s \u00e9s a munka vil\u00e1g\u00e1b\u00f3l","og:type":"article","og:title":"Hogyan kezelj\u00fck az Y gener\u00e1ci\u00f3t ? | AllasOrias.hu | H\u00edrek-lapszemle","og:description":"T\u00f6bb gener\u00e1ci\u00f3 dolgozik egy\u00fctt a munkahelyeken, sz\u00e1m szerint \u00f6t. A munkaer\u0151piacon az alfa gener\u00e1ci\u00f3 is jelen van, az 1995 ut\u00e1n sz\u00fcletett fiatalok ugyanis feln\u0151ttek. A Piac &amp; Profit Csapat\u00e9p\u00edt\u00e9si trendek \u2013 2019 c\u00edm\u0171 konferenci\u00e1j\u00e1n t\u00f6bbek k\u00f6z\u00f6tt err\u0151l is sz\u00f3 volt. Elhangzott: 2060-ra a gener\u00e1ci\u00f3k sz\u00e1ma h\u00e1romra cs\u00f6kkenhet. Az Y gener\u00e1ci\u00f3 \u00e1tlagosan k\u00e9t\u00e9vente v\u00e1lt munkahelyet, nem","og:url":"https:\/\/allasorias.hu\/hirek\/hogyan-kezeljuk-az-y-generaciot\/","og:image":"https:\/\/allasorias.hu\/hirek\/wp-content\/uploads\/2019\/05\/y-gen.jpg","og:image:secure_url":"https:\/\/allasorias.hu\/hirek\/wp-content\/uploads\/2019\/05\/y-gen.jpg","og:image:width":1170,"og:image:height":470,"article:published_time":"2019-05-03T11:06:37+00:00","article:modified_time":"2019-05-03T11:06:37+00:00","article:publisher":"https:\/\/www.facebook.com\/allasorias","twitter:card":"summary_large_image","twitter:title":"Hogyan kezelj\u00fck az Y gener\u00e1ci\u00f3t ? | AllasOrias.hu | H\u00edrek-lapszemle","twitter:description":"T\u00f6bb gener\u00e1ci\u00f3 dolgozik egy\u00fctt a munkahelyeken, sz\u00e1m szerint \u00f6t. A munkaer\u0151piacon az alfa gener\u00e1ci\u00f3 is jelen van, az 1995 ut\u00e1n sz\u00fcletett fiatalok ugyanis feln\u0151ttek. A Piac &amp; Profit Csapat\u00e9p\u00edt\u00e9si trendek \u2013 2019 c\u00edm\u0171 konferenci\u00e1j\u00e1n t\u00f6bbek k\u00f6z\u00f6tt err\u0151l is sz\u00f3 volt. Elhangzott: 2060-ra a gener\u00e1ci\u00f3k sz\u00e1ma h\u00e1romra cs\u00f6kkenhet. Az Y gener\u00e1ci\u00f3 \u00e1tlagosan k\u00e9t\u00e9vente v\u00e1lt munkahelyet, nem","twitter:image":"https:\/\/allasorias.hu\/hirek\/wp-content\/uploads\/2019\/05\/y-gen.jpg","twitter:label1":"Written by","twitter:data1":"Juh\u00e1sz P\u00e9ter","twitter:label2":"Est. reading time","twitter:data2":"2 minutes"},"aioseo_meta_data":{"post_id":"2842","title":null,"description":null,"keywords":null,"keyphrases":null,"primary_term":null,"canonical_url":null,"og_title":null,"og_description":null,"og_object_type":"default","og_image_type":"default","og_image_url":null,"og_image_width":null,"og_image_height":null,"og_image_custom_url":null,"og_image_custom_fields":null,"og_video":null,"og_custom_url":null,"og_article_section":null,"og_article_tags":null,"twitter_use_og":false,"twitter_card":"default","twitter_image_type":"default","twitter_image_url":null,"twitter_image_custom_url":null,"twitter_image_custom_fields":null,"twitter_title":null,"twitter_description":null,"schema":{"blockGraphs":[],"customGraphs":[],"default":{"data":{"Article":[],"Course":[],"Dataset":[],"FAQPage":[],"Movie":[],"Person":[],"Product":[],"ProductReview":[],"Car":[],"Recipe":[],"Service":[],"SoftwareApplication":[],"WebPage":[]},"graphName":"","isEnabled":true},"graphs":[],"defaultGraph":"","defaultPostTypeGraph":""},"schema_type":null,"schema_type_options":null,"pillar_content":false,"robots_default":true,"robots_noindex":false,"robots_noarchive":false,"robots_nosnippet":false,"robots_nofollow":false,"robots_noimageindex":false,"robots_noodp":false,"robots_notranslate":false,"robots_max_snippet":null,"robots_max_videopreview":null,"robots_max_imagepreview":"large","priority":null,"frequency":null,"location":null,"local_seo":null,"breadcrumb_settings":null,"limit_modified_date":false,"ai":null,"created":"2021-02-01 21:14:05","updated":"2025-10-02 11:13:49","seo_analyzer_scan_date":null,"focus_keyword":null,"additional_keywords":null,"truseo_locale":null},"aioseo_breadcrumb":"<div class=\"aioseo-breadcrumbs\"><span class=\"aioseo-breadcrumb\">\n\t\t\t<a href=\"https:\/\/allasorias.hu\/hirek\" title=\"Home\">Home<\/a>\n\t\t<\/span><span class=\"aioseo-breadcrumb-separator\">&raquo;<\/span><span class=\"aioseo-breadcrumb\">\n\t\t\t<a href=\"https:\/\/allasorias.hu\/hirek\/temak\/munkaeropiac\/\" title=\"Munkaer\u0151piac\">Munkaer\u0151piac<\/a>\n\t\t<\/span><span class=\"aioseo-breadcrumb-separator\">&raquo;<\/span><span class=\"aioseo-breadcrumb\">\n\t\t\tHogyan kezelj\u00fck az Y gener\u00e1ci\u00f3t ?\n\t\t<\/span><\/div>","aioseo_breadcrumb_json":[{"label":"Home","link":"https:\/\/allasorias.hu\/hirek"},{"label":"Munkaer\u0151piac","link":"https:\/\/allasorias.hu\/hirek\/temak\/munkaeropiac\/"},{"label":"Hogyan kezelj\u00fck az Y gener\u00e1ci\u00f3t ?","link":"https:\/\/allasorias.hu\/hirek\/hogyan-kezeljuk-az-y-generaciot\/"}],"_links":{"self":[{"href":"https:\/\/allasorias.hu\/hirek\/wp-json\/wp\/v2\/posts\/2842","targetHints":{"allow":["GET"]}}],"collection":[{"href":"https:\/\/allasorias.hu\/hirek\/wp-json\/wp\/v2\/posts"}],"about":[{"href":"https:\/\/allasorias.hu\/hirek\/wp-json\/wp\/v2\/types\/post"}],"author":[{"embeddable":true,"href":"https:\/\/allasorias.hu\/hirek\/wp-json\/wp\/v2\/users\/1"}],"replies":[{"embeddable":true,"href":"https:\/\/allasorias.hu\/hirek\/wp-json\/wp\/v2\/comments?post=2842"}],"version-history":[{"count":1,"href":"https:\/\/allasorias.hu\/hirek\/wp-json\/wp\/v2\/posts\/2842\/revisions"}],"predecessor-version":[{"id":2844,"href":"https:\/\/allasorias.hu\/hirek\/wp-json\/wp\/v2\/posts\/2842\/revisions\/2844"}],"wp:featuredmedia":[{"embeddable":true,"href":"https:\/\/allasorias.hu\/hirek\/wp-json\/wp\/v2\/media\/2843"}],"wp:attachment":[{"href":"https:\/\/allasorias.hu\/hirek\/wp-json\/wp\/v2\/media?parent=2842"}],"wp:term":[{"taxonomy":"category","embeddable":true,"href":"https:\/\/allasorias.hu\/hirek\/wp-json\/wp\/v2\/categories?post=2842"},{"taxonomy":"post_tag","embeddable":true,"href":"https:\/\/allasorias.hu\/hirek\/wp-json\/wp\/v2\/tags?post=2842"}],"curies":[{"name":"wp","href":"https:\/\/api.w.org\/{rel}","templated":true}]}}