{"id":2834,"date":"2019-05-02T09:17:54","date_gmt":"2019-05-02T09:17:54","guid":{"rendered":"https:\/\/allasorias.hu\/hirek\/?p=2834"},"modified":"2019-05-02T09:16:39","modified_gmt":"2019-05-02T09:16:39","slug":"keves-nyugdijas-dolgozik","status":"publish","type":"post","link":"https:\/\/allasorias.hu\/hirek\/keves-nyugdijas-dolgozik\/","title":{"rendered":"Kev\u00e9s nyugd\u00edjas dolgozik"},"content":{"rendered":"<p><strong>Egyre kevesebb nyugd\u00edjas dolgozik, mik\u00f6zben cs\u00facson van a foglalkoztatottak sz\u00e1ma-ezt mutatj\u00e1k a statisztikai adatok. \u00a0Az egyre csak s\u00falyosbod\u00f3 munkaer\u0151hi\u00e1nyt a korm\u00e1ny r\u00e9szben a rendelkez\u00e9sre \u00e1ll\u00f3 munkaer\u0151tartal\u00e9k seg\u00edts\u00e9g\u00e9vel szeretn\u00e9 megoldani. Ide tartoznak a k\u00f6zfoglalkoztatottak, a kismam\u00e1k \u00e9s a nyugd\u00edjasok is. Ut\u00f3bbiak foglalkoztat\u00e1s\u00e1nak el\u0151seg\u00edt\u00e9s\u00e9re t\u00f6bb int\u00e9zked\u00e9st is hozott, \u00e1m \u00fagy t\u0171nik, hogy az igazi nagy \u00e1tt\u00f6r\u00e9s m\u00e9g v\u00e1rat mag\u00e1ra.<\/strong><\/p>\n<p>Janu\u00e1rt\u00f3l \u00e9l a nyugd\u00edj mellett dolgoz\u00f3k kereset\u00e9nek j\u00e1rul\u00e9kmentess\u00e9ge, a b\u00e9rb\u0151l m\u00e1r csak a 15 sz\u00e1zal\u00e9kos szem\u00e9lyi j\u00f6vedelemad\u00f3t kell fizetni\u00fck a dolgoz\u00f3 id\u0151seknek. Ennek hat\u00e1sa m\u00e9g egyel\u0151re nem mutatkozik meg az adatokban. Igaz, hogy a 15-74 \u00e9vesek foglalkoztat\u00e1sa cs\u00facson van, s\u0151t a 20-64 \u00e9ves koroszt\u00e1lyban is siker\u00fclt el\u00e9rni az Europa2020 strat\u00e9gi\u00e1ban c\u00e9lk\u00e9nt kit\u0171z\u00f6tt 75 sz\u00e1zal\u00e9kos foglalkoztat\u00e1si r\u00e1t\u00e1t, de az id\u0151sebbek foglalkoztat\u00e1s\u00e1t c\u00e9lz\u00f3 int\u00e9zked\u00e9sek m\u00e9g nem \u00e9rtek be. A 65-74 \u00e9v k\u00f6z\u00f6tti n\u00e9pess\u00e9g k\u00f6r\u00e9ben ugyanis a dolgoz\u00f3k sz\u00e1ma \u00e9rdemben nem v\u00e1ltozott, s\u0151t a janu\u00e1r-m\u00e1rciusi h\u00e1romhavi \u00e1tlagban az el\u0151z\u0151, december-febru\u00e1ri id\u0151szakhoz viszony\u00edtva n\u00e9mileg m\u00e9g cs\u00f6kkent is, ezzel kisebb m\u00e9lypontra juttatva az adatot. Az idei havi k\u00f6zl\u00e9sek alapj\u00e1n \u00fagy t\u0171nik, jelenleg ennyi &#8211; 14 ezer &#8211; a maximum l\u00e9tsz\u00e1m, mi bevonhat\u00f3 a munkaer\u0151piacra. A legl\u00e1tv\u00e1nyosabb n\u00f6veked\u00e9s az id\u0151sek k\u00f6r\u00e9ben ugyanis tavaly j\u00fanius-augusztusban volt: akkor hirtelen 5300 nyugd\u00edjas \u00e1llt vissza a munka vil\u00e1g\u00e1ba egyetlen h\u00f3nap alatt. Hasonl\u00f3 m\u00e9rt\u00e9k\u0171 n\u00f6veked\u00e9sre azonban az\u00f3ta sem volt p\u00e9lda. R\u00e1ad\u00e1sul a folyamatok is a korm\u00e1nyzati sz\u00e1nd\u00e9kkal ellent\u00e9tes v\u00e1ltoz\u00e1sokra utalnak. Ugyan n\u00f6vekszik a 65-74 \u00e9ves n\u00e9pess\u00e9g a statisztika szerint, az \u00fajonnan a korcsoportba l\u00e9p\u0151k l\u00e1that\u00f3an nem k\u00edv\u00e1nnak tov\u00e1bb a munkaer\u0151piacon akt\u00edvan jelen lenni \u00e9s az inakt\u00edvak t\u00e1bor\u00e1t gyarap\u00edtj\u00e1k. A nyugd\u00edjas inakt\u00edv n\u00e9pess\u00e9g l\u00e9tsz\u00e1ma ugyanis t\u00f6rt\u00e9nelmi cs\u00facsra ugrott, 1,011 milli\u00f3an vannak, ami havi szinten 3100 f\u0151s, \u00e9ves viszonylatban pedig 11,9 ezres n\u00f6veked\u00e9st jelent. Mindek\u00f6zben a korcsoport n\u00e9pess\u00e9ge 1,079 milli\u00f3s. \u0150k elm\u00e9letileg jelenthetn\u00e9k a tartal\u00e9k egy r\u00e9sz\u00e9t &#8211; eg\u00e9szs\u00e9gi \u00e1llapott\u00f3l f\u00fcgg\u0151en -, de a munkav\u00e1llal\u00e1suk el\u0151seg\u00edt\u00e9s\u00e9re ir\u00e1nyul\u00f3 korm\u00e1nyzati int\u00e9zked\u00e9sek nem jelentene kell\u0151 motiv\u00e1ci\u00f3t az id\u0151sek sz\u00e1m\u00e1ra.<\/p>\n<p>Forr\u00e1s: szakszervezetek.hu, mfor.hu<\/p>\n","protected":false},"excerpt":{"rendered":"<p>Egyre kevesebb nyugd\u00edjas dolgozik, mik\u00f6zben cs\u00facson van a foglalkoztatottak sz\u00e1ma-ezt mutatj\u00e1k a statisztikai adatok. \u00a0Az egyre csak s\u00falyosbod\u00f3 munkaer\u0151hi\u00e1nyt a korm\u00e1ny r\u00e9szben a rendelkez\u00e9sre \u00e1ll\u00f3 munkaer\u0151tartal\u00e9k seg\u00edts\u00e9g\u00e9vel szeretn\u00e9 megoldani. Ide tartoznak a k\u00f6zfoglalkoztatottak, a kismam\u00e1k \u00e9s a nyugd\u00edjasok is. Ut\u00f3bbiak foglalkoztat\u00e1s\u00e1nak el\u0151seg\u00edt\u00e9s\u00e9re t\u00f6bb int\u00e9zked\u00e9st is hozott, \u00e1m \u00fagy t\u0171nik, hogy az igazi nagy \u00e1tt\u00f6r\u00e9s m\u00e9g [&hellip;]<\/p>\n","protected":false},"author":1,"featured_media":2055,"comment_status":"open","ping_status":"open","sticky":false,"template":"","format":"standard","meta":{"_monsterinsights_skip_tracking":false,"footnotes":""},"categories":[1,198,200],"tags":[],"class_list":["post-2834","post","type-post","status-publish","format-standard","has-post-thumbnail","hentry","category-allaskereses","category-gazdasag","category-munkaeropiac"],"aioseo_notices":[],"aioseo_head":"\n\t\t<!-- All in One SEO 5.0.0.1 - aioseo.com -->\n\t<meta name=\"description\" content=\"Egyre kevesebb nyugd\u00edjas dolgozik, mik\u00f6zben cs\u00facson van a foglalkoztatottak sz\u00e1ma-ezt mutatj\u00e1k a statisztikai adatok. Az egyre csak s\u00falyosbod\u00f3 munkaer\u0151hi\u00e1nyt a korm\u00e1ny r\u00e9szben a rendelkez\u00e9sre \u00e1ll\u00f3 munkaer\u0151tartal\u00e9k seg\u00edts\u00e9g\u00e9vel szeretn\u00e9 megoldani. Ide tartoznak a k\u00f6zfoglalkoztatottak, a kismam\u00e1k \u00e9s a nyugd\u00edjasok is. Ut\u00f3bbiak foglalkoztat\u00e1s\u00e1nak el\u0151seg\u00edt\u00e9s\u00e9re t\u00f6bb int\u00e9zked\u00e9st is hozott, \u00e1m \u00fagy t\u0171nik, hogy az igazi nagy \u00e1tt\u00f6r\u00e9s m\u00e9g\" \/>\n\t<meta name=\"robots\" content=\"max-image-preview:large\" \/>\n\t<meta name=\"author\" content=\"Juh\u00e1sz P\u00e9ter\"\/>\n\t<link rel=\"canonical\" href=\"https:\/\/allasorias.hu\/hirek\/keves-nyugdijas-dolgozik\/\" \/>\n\t<meta name=\"generator\" content=\"All in One SEO (AIOSEO) 5.0.0.1\" \/>\n\t\t<meta property=\"og:locale\" content=\"hu_HU\" \/>\n\t\t<meta property=\"og:site_name\" content=\"AllasOrias.hu | H\u00edrek-lapszemle | \u00dczleti h\u00edrek az \u00e1ll\u00e1s \u00e9s a munka vil\u00e1g\u00e1b\u00f3l\" \/>\n\t\t<meta property=\"og:type\" content=\"article\" \/>\n\t\t<meta property=\"og:title\" content=\"Kev\u00e9s nyugd\u00edjas dolgozik | AllasOrias.hu | H\u00edrek-lapszemle\" \/>\n\t\t<meta property=\"og:description\" content=\"Egyre kevesebb nyugd\u00edjas dolgozik, mik\u00f6zben cs\u00facson van a foglalkoztatottak sz\u00e1ma-ezt mutatj\u00e1k a statisztikai adatok. Az egyre csak s\u00falyosbod\u00f3 munkaer\u0151hi\u00e1nyt a korm\u00e1ny r\u00e9szben a rendelkez\u00e9sre \u00e1ll\u00f3 munkaer\u0151tartal\u00e9k seg\u00edts\u00e9g\u00e9vel szeretn\u00e9 megoldani. Ide tartoznak a k\u00f6zfoglalkoztatottak, a kismam\u00e1k \u00e9s a nyugd\u00edjasok is. Ut\u00f3bbiak foglalkoztat\u00e1s\u00e1nak el\u0151seg\u00edt\u00e9s\u00e9re t\u00f6bb int\u00e9zked\u00e9st is hozott, \u00e1m \u00fagy t\u0171nik, hogy az igazi nagy \u00e1tt\u00f6r\u00e9s m\u00e9g\" \/>\n\t\t<meta property=\"og:url\" content=\"https:\/\/allasorias.hu\/hirek\/keves-nyugdijas-dolgozik\/\" \/>\n\t\t<meta property=\"og:image\" content=\"https:\/\/allasorias.hu\/hirek\/wp-content\/uploads\/2018\/10\/hands-981400_640.jpg\" \/>\n\t\t<meta property=\"og:image:secure_url\" content=\"https:\/\/allasorias.hu\/hirek\/wp-content\/uploads\/2018\/10\/hands-981400_640.jpg\" \/>\n\t\t<meta property=\"og:image:width\" content=\"640\" \/>\n\t\t<meta property=\"og:image:height\" content=\"426\" \/>\n\t\t<meta property=\"article:published_time\" content=\"2019-05-02T09:17:54+00:00\" \/>\n\t\t<meta property=\"article:modified_time\" content=\"2019-05-02T09:16:39+00:00\" \/>\n\t\t<meta property=\"article:publisher\" content=\"https:\/\/www.facebook.com\/allasorias\" \/>\n\t\t<meta name=\"twitter:card\" content=\"summary_large_image\" \/>\n\t\t<meta name=\"twitter:title\" content=\"Kev\u00e9s nyugd\u00edjas dolgozik | AllasOrias.hu | H\u00edrek-lapszemle\" \/>\n\t\t<meta name=\"twitter:description\" content=\"Egyre kevesebb nyugd\u00edjas dolgozik, mik\u00f6zben cs\u00facson van a foglalkoztatottak sz\u00e1ma-ezt mutatj\u00e1k a statisztikai adatok. Az egyre csak s\u00falyosbod\u00f3 munkaer\u0151hi\u00e1nyt a korm\u00e1ny r\u00e9szben a rendelkez\u00e9sre \u00e1ll\u00f3 munkaer\u0151tartal\u00e9k seg\u00edts\u00e9g\u00e9vel szeretn\u00e9 megoldani. Ide tartoznak a k\u00f6zfoglalkoztatottak, a kismam\u00e1k \u00e9s a nyugd\u00edjasok is. Ut\u00f3bbiak foglalkoztat\u00e1s\u00e1nak el\u0151seg\u00edt\u00e9s\u00e9re t\u00f6bb int\u00e9zked\u00e9st is hozott, \u00e1m \u00fagy t\u0171nik, hogy az igazi nagy \u00e1tt\u00f6r\u00e9s m\u00e9g\" \/>\n\t\t<meta name=\"twitter:image\" content=\"https:\/\/allasorias.hu\/hirek\/wp-content\/uploads\/2018\/10\/hands-981400_640.jpg\" \/>\n\t\t<meta name=\"twitter:label1\" content=\"Written by\" \/>\n\t\t<meta name=\"twitter:data1\" content=\"Juh\u00e1sz P\u00e9ter\" \/>\n\t\t<meta name=\"twitter:label2\" content=\"Est. reading time\" \/>\n\t\t<meta name=\"twitter:data2\" content=\"2 minutes\" \/>\n\t\t<script type=\"application\/ld+json\" class=\"aioseo-schema\">\n\t\t\t{\"@context\":\"https:\\\/\\\/schema.org\",\"@graph\":[{\"@type\":\"Article\",\"@id\":\"https:\\\/\\\/allasorias.hu\\\/hirek\\\/keves-nyugdijas-dolgozik\\\/#article\",\"name\":\"Kev\\u00e9s nyugd\\u00edjas dolgozik | AllasOrias.hu | H\\u00edrek-lapszemle\",\"headline\":\"Kev\\u00e9s nyugd\\u00edjas dolgozik\",\"author\":{\"@id\":\"https:\\\/\\\/allasorias.hu\\\/hirek\\\/author\\\/admin-allasorias\\\/#author\"},\"publisher\":{\"@id\":\"https:\\\/\\\/allasorias.hu\\\/hirek\\\/#organization\"},\"image\":{\"@type\":\"ImageObject\",\"url\":\"https:\\\/\\\/allasorias.hu\\\/hirek\\\/wp-content\\\/uploads\\\/2018\\\/10\\\/hands-981400_640.jpg\",\"width\":640,\"height\":426},\"datePublished\":\"2019-05-02T09:17:54+02:00\",\"dateModified\":\"2019-05-02T09:16:39+02:00\",\"inLanguage\":\"hu-HU\",\"commentCount\":2,\"mainEntityOfPage\":{\"@id\":\"https:\\\/\\\/allasorias.hu\\\/hirek\\\/keves-nyugdijas-dolgozik\\\/#webpage\"},\"isPartOf\":{\"@id\":\"https:\\\/\\\/allasorias.hu\\\/hirek\\\/keves-nyugdijas-dolgozik\\\/#webpage\"},\"articleSection\":\"\\u00c1ll\\u00e1skeres\\u00e9s, Gazdas\\u00e1g, Munkaer\\u0151piac\"},{\"@type\":\"BreadcrumbList\",\"@id\":\"https:\\\/\\\/allasorias.hu\\\/hirek\\\/keves-nyugdijas-dolgozik\\\/#breadcrumblist\",\"itemListElement\":[{\"@type\":\"ListItem\",\"@id\":\"https:\\\/\\\/allasorias.hu\\\/hirek#listItem\",\"position\":1,\"name\":\"Home\",\"item\":\"https:\\\/\\\/allasorias.hu\\\/hirek\",\"nextItem\":{\"@type\":\"ListItem\",\"@id\":\"https:\\\/\\\/allasorias.hu\\\/hirek\\\/temak\\\/allaskereses\\\/#listItem\",\"name\":\"\\u00c1ll\\u00e1skeres\\u00e9s\"}},{\"@type\":\"ListItem\",\"@id\":\"https:\\\/\\\/allasorias.hu\\\/hirek\\\/temak\\\/allaskereses\\\/#listItem\",\"position\":2,\"name\":\"\\u00c1ll\\u00e1skeres\\u00e9s\",\"item\":\"https:\\\/\\\/allasorias.hu\\\/hirek\\\/temak\\\/allaskereses\\\/\",\"nextItem\":{\"@type\":\"ListItem\",\"@id\":\"https:\\\/\\\/allasorias.hu\\\/hirek\\\/keves-nyugdijas-dolgozik\\\/#listItem\",\"name\":\"Kev\\u00e9s nyugd\\u00edjas dolgozik\"},\"previousItem\":{\"@type\":\"ListItem\",\"@id\":\"https:\\\/\\\/allasorias.hu\\\/hirek#listItem\",\"name\":\"Home\"}},{\"@type\":\"ListItem\",\"@id\":\"https:\\\/\\\/allasorias.hu\\\/hirek\\\/keves-nyugdijas-dolgozik\\\/#listItem\",\"position\":3,\"name\":\"Kev\\u00e9s nyugd\\u00edjas dolgozik\",\"previousItem\":{\"@type\":\"ListItem\",\"@id\":\"https:\\\/\\\/allasorias.hu\\\/hirek\\\/temak\\\/allaskereses\\\/#listItem\",\"name\":\"\\u00c1ll\\u00e1skeres\\u00e9s\"}}]},{\"@type\":\"Organization\",\"@id\":\"https:\\\/\\\/allasorias.hu\\\/hirek\\\/#organization\",\"name\":\"AllasOrias.hu | H\\u00edrek-lapszemle\",\"description\":\"\\u00dczleti h\\u00edrek az \\u00e1ll\\u00e1s \\u00e9s a munka vil\\u00e1g\\u00e1b\\u00f3l\",\"url\":\"https:\\\/\\\/allasorias.hu\\\/hirek\\\/\",\"logo\":{\"@type\":\"ImageObject\",\"url\":\"https:\\\/\\\/allasorias.hu\\\/hirek\\\/wp-content\\\/uploads\\\/2022\\\/10\\\/allasorias_site_facebok_logo.png\",\"@id\":\"https:\\\/\\\/allasorias.hu\\\/hirek\\\/keves-nyugdijas-dolgozik\\\/#organizationLogo\"},\"image\":{\"@id\":\"https:\\\/\\\/allasorias.hu\\\/hirek\\\/keves-nyugdijas-dolgozik\\\/#organizationLogo\"},\"sameAs\":[\"https:\\\/\\\/www.facebook.com\\\/allasorias\",\"https:\\\/\\\/www.linkedin.com\\\/company\\\/allasorias\"]},{\"@type\":\"Person\",\"@id\":\"https:\\\/\\\/allasorias.hu\\\/hirek\\\/author\\\/admin-allasorias\\\/#author\",\"url\":\"https:\\\/\\\/allasorias.hu\\\/hirek\\\/author\\\/admin-allasorias\\\/\",\"name\":\"Juh\\u00e1sz P\\u00e9ter\",\"image\":{\"@type\":\"ImageObject\",\"@id\":\"https:\\\/\\\/allasorias.hu\\\/hirek\\\/keves-nyugdijas-dolgozik\\\/#authorImage\",\"url\":\"https:\\\/\\\/secure.gravatar.com\\\/avatar\\\/36e6bcb83148978b992977cb0f54d22feb0cce8a0a849a9410532bb2623ba4c6?s=96&d=mm&r=g\",\"width\":96,\"height\":96,\"caption\":\"Juh\\u00e1sz P\\u00e9ter\"}},{\"@type\":\"WebPage\",\"@id\":\"https:\\\/\\\/allasorias.hu\\\/hirek\\\/keves-nyugdijas-dolgozik\\\/#webpage\",\"url\":\"https:\\\/\\\/allasorias.hu\\\/hirek\\\/keves-nyugdijas-dolgozik\\\/\",\"name\":\"Kev\\u00e9s nyugd\\u00edjas dolgozik | AllasOrias.hu | H\\u00edrek-lapszemle\",\"description\":\"Egyre kevesebb nyugd\\u00edjas dolgozik, mik\\u00f6zben cs\\u00facson van a foglalkoztatottak sz\\u00e1ma-ezt mutatj\\u00e1k a statisztikai adatok. Az egyre csak s\\u00falyosbod\\u00f3 munkaer\\u0151hi\\u00e1nyt a korm\\u00e1ny r\\u00e9szben a rendelkez\\u00e9sre \\u00e1ll\\u00f3 munkaer\\u0151tartal\\u00e9k seg\\u00edts\\u00e9g\\u00e9vel szeretn\\u00e9 megoldani. Ide tartoznak a k\\u00f6zfoglalkoztatottak, a kismam\\u00e1k \\u00e9s a nyugd\\u00edjasok is. Ut\\u00f3bbiak foglalkoztat\\u00e1s\\u00e1nak el\\u0151seg\\u00edt\\u00e9s\\u00e9re t\\u00f6bb int\\u00e9zked\\u00e9st is hozott, \\u00e1m \\u00fagy t\\u0171nik, hogy az igazi nagy \\u00e1tt\\u00f6r\\u00e9s m\\u00e9g\",\"inLanguage\":\"hu-HU\",\"isPartOf\":{\"@id\":\"https:\\\/\\\/allasorias.hu\\\/hirek\\\/#website\"},\"breadcrumb\":{\"@id\":\"https:\\\/\\\/allasorias.hu\\\/hirek\\\/keves-nyugdijas-dolgozik\\\/#breadcrumblist\"},\"author\":{\"@id\":\"https:\\\/\\\/allasorias.hu\\\/hirek\\\/author\\\/admin-allasorias\\\/#author\"},\"creator\":{\"@id\":\"https:\\\/\\\/allasorias.hu\\\/hirek\\\/author\\\/admin-allasorias\\\/#author\"},\"image\":{\"@type\":\"ImageObject\",\"url\":\"https:\\\/\\\/allasorias.hu\\\/hirek\\\/wp-content\\\/uploads\\\/2018\\\/10\\\/hands-981400_640.jpg\",\"@id\":\"https:\\\/\\\/allasorias.hu\\\/hirek\\\/keves-nyugdijas-dolgozik\\\/#mainImage\",\"width\":640,\"height\":426},\"primaryImageOfPage\":{\"@id\":\"https:\\\/\\\/allasorias.hu\\\/hirek\\\/keves-nyugdijas-dolgozik\\\/#mainImage\"},\"datePublished\":\"2019-05-02T09:17:54+02:00\",\"dateModified\":\"2019-05-02T09:16:39+02:00\"},{\"@type\":\"WebSite\",\"@id\":\"https:\\\/\\\/allasorias.hu\\\/hirek\\\/#website\",\"url\":\"https:\\\/\\\/allasorias.hu\\\/hirek\\\/\",\"name\":\"AllasOrias.hu | H\\u00edrek-lapszemle\",\"description\":\"\\u00dczleti h\\u00edrek az \\u00e1ll\\u00e1s \\u00e9s a munka vil\\u00e1g\\u00e1b\\u00f3l\",\"inLanguage\":\"hu-HU\",\"publisher\":{\"@id\":\"https:\\\/\\\/allasorias.hu\\\/hirek\\\/#organization\"}}]}\n\t\t<\/script>\n\t\t<!-- All in One SEO -->\n\n","aioseo_head_json":{"title":"Kev\u00e9s nyugd\u00edjas dolgozik | AllasOrias.hu | H\u00edrek-lapszemle","description":"Egyre kevesebb nyugd\u00edjas dolgozik, mik\u00f6zben cs\u00facson van a foglalkoztatottak sz\u00e1ma-ezt mutatj\u00e1k a statisztikai adatok. Az egyre csak s\u00falyosbod\u00f3 munkaer\u0151hi\u00e1nyt a korm\u00e1ny r\u00e9szben a rendelkez\u00e9sre \u00e1ll\u00f3 munkaer\u0151tartal\u00e9k seg\u00edts\u00e9g\u00e9vel szeretn\u00e9 megoldani. Ide tartoznak a k\u00f6zfoglalkoztatottak, a kismam\u00e1k \u00e9s a nyugd\u00edjasok is. Ut\u00f3bbiak foglalkoztat\u00e1s\u00e1nak el\u0151seg\u00edt\u00e9s\u00e9re t\u00f6bb int\u00e9zked\u00e9st is hozott, \u00e1m \u00fagy t\u0171nik, hogy az igazi nagy \u00e1tt\u00f6r\u00e9s m\u00e9g","canonical_url":"https:\/\/allasorias.hu\/hirek\/keves-nyugdijas-dolgozik\/","robots":"max-image-preview:large","keywords":"","webmasterTools":{"miscellaneous":""},"schema":{"@context":"https:\/\/schema.org","@graph":[{"@type":"Article","@id":"https:\/\/allasorias.hu\/hirek\/keves-nyugdijas-dolgozik\/#article","name":"Kev\u00e9s nyugd\u00edjas dolgozik | AllasOrias.hu | H\u00edrek-lapszemle","headline":"Kev\u00e9s nyugd\u00edjas dolgozik","author":{"@id":"https:\/\/allasorias.hu\/hirek\/author\/admin-allasorias\/#author"},"publisher":{"@id":"https:\/\/allasorias.hu\/hirek\/#organization"},"image":{"@type":"ImageObject","url":"https:\/\/allasorias.hu\/hirek\/wp-content\/uploads\/2018\/10\/hands-981400_640.jpg","width":640,"height":426},"datePublished":"2019-05-02T09:17:54+02:00","dateModified":"2019-05-02T09:16:39+02:00","inLanguage":"hu-HU","commentCount":2,"mainEntityOfPage":{"@id":"https:\/\/allasorias.hu\/hirek\/keves-nyugdijas-dolgozik\/#webpage"},"isPartOf":{"@id":"https:\/\/allasorias.hu\/hirek\/keves-nyugdijas-dolgozik\/#webpage"},"articleSection":"\u00c1ll\u00e1skeres\u00e9s, Gazdas\u00e1g, Munkaer\u0151piac"},{"@type":"BreadcrumbList","@id":"https:\/\/allasorias.hu\/hirek\/keves-nyugdijas-dolgozik\/#breadcrumblist","itemListElement":[{"@type":"ListItem","@id":"https:\/\/allasorias.hu\/hirek#listItem","position":1,"name":"Home","item":"https:\/\/allasorias.hu\/hirek","nextItem":{"@type":"ListItem","@id":"https:\/\/allasorias.hu\/hirek\/temak\/allaskereses\/#listItem","name":"\u00c1ll\u00e1skeres\u00e9s"}},{"@type":"ListItem","@id":"https:\/\/allasorias.hu\/hirek\/temak\/allaskereses\/#listItem","position":2,"name":"\u00c1ll\u00e1skeres\u00e9s","item":"https:\/\/allasorias.hu\/hirek\/temak\/allaskereses\/","nextItem":{"@type":"ListItem","@id":"https:\/\/allasorias.hu\/hirek\/keves-nyugdijas-dolgozik\/#listItem","name":"Kev\u00e9s nyugd\u00edjas dolgozik"},"previousItem":{"@type":"ListItem","@id":"https:\/\/allasorias.hu\/hirek#listItem","name":"Home"}},{"@type":"ListItem","@id":"https:\/\/allasorias.hu\/hirek\/keves-nyugdijas-dolgozik\/#listItem","position":3,"name":"Kev\u00e9s nyugd\u00edjas dolgozik","previousItem":{"@type":"ListItem","@id":"https:\/\/allasorias.hu\/hirek\/temak\/allaskereses\/#listItem","name":"\u00c1ll\u00e1skeres\u00e9s"}}]},{"@type":"Organization","@id":"https:\/\/allasorias.hu\/hirek\/#organization","name":"AllasOrias.hu | H\u00edrek-lapszemle","description":"\u00dczleti h\u00edrek az \u00e1ll\u00e1s \u00e9s a munka vil\u00e1g\u00e1b\u00f3l","url":"https:\/\/allasorias.hu\/hirek\/","logo":{"@type":"ImageObject","url":"https:\/\/allasorias.hu\/hirek\/wp-content\/uploads\/2022\/10\/allasorias_site_facebok_logo.png","@id":"https:\/\/allasorias.hu\/hirek\/keves-nyugdijas-dolgozik\/#organizationLogo"},"image":{"@id":"https:\/\/allasorias.hu\/hirek\/keves-nyugdijas-dolgozik\/#organizationLogo"},"sameAs":["https:\/\/www.facebook.com\/allasorias","https:\/\/www.linkedin.com\/company\/allasorias"]},{"@type":"Person","@id":"https:\/\/allasorias.hu\/hirek\/author\/admin-allasorias\/#author","url":"https:\/\/allasorias.hu\/hirek\/author\/admin-allasorias\/","name":"Juh\u00e1sz P\u00e9ter","image":{"@type":"ImageObject","@id":"https:\/\/allasorias.hu\/hirek\/keves-nyugdijas-dolgozik\/#authorImage","url":"https:\/\/secure.gravatar.com\/avatar\/36e6bcb83148978b992977cb0f54d22feb0cce8a0a849a9410532bb2623ba4c6?s=96&d=mm&r=g","width":96,"height":96,"caption":"Juh\u00e1sz P\u00e9ter"}},{"@type":"WebPage","@id":"https:\/\/allasorias.hu\/hirek\/keves-nyugdijas-dolgozik\/#webpage","url":"https:\/\/allasorias.hu\/hirek\/keves-nyugdijas-dolgozik\/","name":"Kev\u00e9s nyugd\u00edjas dolgozik | AllasOrias.hu | H\u00edrek-lapszemle","description":"Egyre kevesebb nyugd\u00edjas dolgozik, mik\u00f6zben cs\u00facson van a foglalkoztatottak sz\u00e1ma-ezt mutatj\u00e1k a statisztikai adatok. Az egyre csak s\u00falyosbod\u00f3 munkaer\u0151hi\u00e1nyt a korm\u00e1ny r\u00e9szben a rendelkez\u00e9sre \u00e1ll\u00f3 munkaer\u0151tartal\u00e9k seg\u00edts\u00e9g\u00e9vel szeretn\u00e9 megoldani. Ide tartoznak a k\u00f6zfoglalkoztatottak, a kismam\u00e1k \u00e9s a nyugd\u00edjasok is. Ut\u00f3bbiak foglalkoztat\u00e1s\u00e1nak el\u0151seg\u00edt\u00e9s\u00e9re t\u00f6bb int\u00e9zked\u00e9st is hozott, \u00e1m \u00fagy t\u0171nik, hogy az igazi nagy \u00e1tt\u00f6r\u00e9s m\u00e9g","inLanguage":"hu-HU","isPartOf":{"@id":"https:\/\/allasorias.hu\/hirek\/#website"},"breadcrumb":{"@id":"https:\/\/allasorias.hu\/hirek\/keves-nyugdijas-dolgozik\/#breadcrumblist"},"author":{"@id":"https:\/\/allasorias.hu\/hirek\/author\/admin-allasorias\/#author"},"creator":{"@id":"https:\/\/allasorias.hu\/hirek\/author\/admin-allasorias\/#author"},"image":{"@type":"ImageObject","url":"https:\/\/allasorias.hu\/hirek\/wp-content\/uploads\/2018\/10\/hands-981400_640.jpg","@id":"https:\/\/allasorias.hu\/hirek\/keves-nyugdijas-dolgozik\/#mainImage","width":640,"height":426},"primaryImageOfPage":{"@id":"https:\/\/allasorias.hu\/hirek\/keves-nyugdijas-dolgozik\/#mainImage"},"datePublished":"2019-05-02T09:17:54+02:00","dateModified":"2019-05-02T09:16:39+02:00"},{"@type":"WebSite","@id":"https:\/\/allasorias.hu\/hirek\/#website","url":"https:\/\/allasorias.hu\/hirek\/","name":"AllasOrias.hu | H\u00edrek-lapszemle","description":"\u00dczleti h\u00edrek az \u00e1ll\u00e1s \u00e9s a munka vil\u00e1g\u00e1b\u00f3l","inLanguage":"hu-HU","publisher":{"@id":"https:\/\/allasorias.hu\/hirek\/#organization"}}]},"og:locale":"hu_HU","og:site_name":"AllasOrias.hu | H\u00edrek-lapszemle | \u00dczleti h\u00edrek az \u00e1ll\u00e1s \u00e9s a munka vil\u00e1g\u00e1b\u00f3l","og:type":"article","og:title":"Kev\u00e9s nyugd\u00edjas dolgozik | AllasOrias.hu | H\u00edrek-lapszemle","og:description":"Egyre kevesebb nyugd\u00edjas dolgozik, mik\u00f6zben cs\u00facson van a foglalkoztatottak sz\u00e1ma-ezt mutatj\u00e1k a statisztikai adatok. Az egyre csak s\u00falyosbod\u00f3 munkaer\u0151hi\u00e1nyt a korm\u00e1ny r\u00e9szben a rendelkez\u00e9sre \u00e1ll\u00f3 munkaer\u0151tartal\u00e9k seg\u00edts\u00e9g\u00e9vel szeretn\u00e9 megoldani. Ide tartoznak a k\u00f6zfoglalkoztatottak, a kismam\u00e1k \u00e9s a nyugd\u00edjasok is. Ut\u00f3bbiak foglalkoztat\u00e1s\u00e1nak el\u0151seg\u00edt\u00e9s\u00e9re t\u00f6bb int\u00e9zked\u00e9st is hozott, \u00e1m \u00fagy t\u0171nik, hogy az igazi nagy \u00e1tt\u00f6r\u00e9s m\u00e9g","og:url":"https:\/\/allasorias.hu\/hirek\/keves-nyugdijas-dolgozik\/","og:image":"https:\/\/allasorias.hu\/hirek\/wp-content\/uploads\/2018\/10\/hands-981400_640.jpg","og:image:secure_url":"https:\/\/allasorias.hu\/hirek\/wp-content\/uploads\/2018\/10\/hands-981400_640.jpg","og:image:width":640,"og:image:height":426,"article:published_time":"2019-05-02T09:17:54+00:00","article:modified_time":"2019-05-02T09:16:39+00:00","article:publisher":"https:\/\/www.facebook.com\/allasorias","twitter:card":"summary_large_image","twitter:title":"Kev\u00e9s nyugd\u00edjas dolgozik | AllasOrias.hu | H\u00edrek-lapszemle","twitter:description":"Egyre kevesebb nyugd\u00edjas dolgozik, mik\u00f6zben cs\u00facson van a foglalkoztatottak sz\u00e1ma-ezt mutatj\u00e1k a statisztikai adatok. Az egyre csak s\u00falyosbod\u00f3 munkaer\u0151hi\u00e1nyt a korm\u00e1ny r\u00e9szben a rendelkez\u00e9sre \u00e1ll\u00f3 munkaer\u0151tartal\u00e9k seg\u00edts\u00e9g\u00e9vel szeretn\u00e9 megoldani. Ide tartoznak a k\u00f6zfoglalkoztatottak, a kismam\u00e1k \u00e9s a nyugd\u00edjasok is. Ut\u00f3bbiak foglalkoztat\u00e1s\u00e1nak el\u0151seg\u00edt\u00e9s\u00e9re t\u00f6bb int\u00e9zked\u00e9st is hozott, \u00e1m \u00fagy t\u0171nik, hogy az igazi nagy \u00e1tt\u00f6r\u00e9s m\u00e9g","twitter:image":"https:\/\/allasorias.hu\/hirek\/wp-content\/uploads\/2018\/10\/hands-981400_640.jpg","twitter:label1":"Written by","twitter:data1":"Juh\u00e1sz P\u00e9ter","twitter:label2":"Est. reading time","twitter:data2":"2 minutes"},"aioseo_meta_data":{"post_id":"2834","title":null,"description":null,"keywords":null,"keyphrases":null,"primary_term":null,"canonical_url":null,"og_title":null,"og_description":null,"og_object_type":"default","og_image_type":"default","og_image_url":null,"og_image_width":null,"og_image_height":null,"og_image_custom_url":null,"og_image_custom_fields":null,"og_video":null,"og_custom_url":null,"og_article_section":null,"og_article_tags":null,"twitter_use_og":false,"twitter_card":"default","twitter_image_type":"default","twitter_image_url":null,"twitter_image_custom_url":null,"twitter_image_custom_fields":null,"twitter_title":null,"twitter_description":null,"schema":{"blockGraphs":[],"customGraphs":[],"default":{"data":{"Article":[],"Course":[],"Dataset":[],"FAQPage":[],"Movie":[],"Person":[],"Product":[],"ProductReview":[],"Car":[],"Recipe":[],"Service":[],"SoftwareApplication":[],"WebPage":[]},"graphName":"","isEnabled":true},"graphs":[],"defaultGraph":"","defaultPostTypeGraph":""},"schema_type":null,"schema_type_options":null,"pillar_content":false,"robots_default":true,"robots_noindex":false,"robots_noarchive":false,"robots_nosnippet":false,"robots_nofollow":false,"robots_noimageindex":false,"robots_noodp":false,"robots_notranslate":false,"robots_max_snippet":null,"robots_max_videopreview":null,"robots_max_imagepreview":"large","priority":null,"frequency":null,"location":null,"local_seo":null,"breadcrumb_settings":null,"limit_modified_date":false,"ai":null,"created":"2021-02-01 21:14:05","updated":"2025-10-02 11:13:49","seo_analyzer_scan_date":null,"focus_keyword":null,"additional_keywords":null,"truseo_locale":null},"aioseo_breadcrumb":"<div class=\"aioseo-breadcrumbs\"><span class=\"aioseo-breadcrumb\">\n\t\t\t<a href=\"https:\/\/allasorias.hu\/hirek\" title=\"Home\">Home<\/a>\n\t\t<\/span><span class=\"aioseo-breadcrumb-separator\">&raquo;<\/span><span class=\"aioseo-breadcrumb\">\n\t\t\t<a href=\"https:\/\/allasorias.hu\/hirek\/temak\/allaskereses\/\" title=\"\u00c1ll\u00e1skeres\u00e9s\">\u00c1ll\u00e1skeres\u00e9s<\/a>\n\t\t<\/span><span class=\"aioseo-breadcrumb-separator\">&raquo;<\/span><span class=\"aioseo-breadcrumb\">\n\t\t\tKev\u00e9s nyugd\u00edjas dolgozik\n\t\t<\/span><\/div>","aioseo_breadcrumb_json":[{"label":"Home","link":"https:\/\/allasorias.hu\/hirek"},{"label":"\u00c1ll\u00e1skeres\u00e9s","link":"https:\/\/allasorias.hu\/hirek\/temak\/allaskereses\/"},{"label":"Kev\u00e9s nyugd\u00edjas dolgozik","link":"https:\/\/allasorias.hu\/hirek\/keves-nyugdijas-dolgozik\/"}],"_links":{"self":[{"href":"https:\/\/allasorias.hu\/hirek\/wp-json\/wp\/v2\/posts\/2834","targetHints":{"allow":["GET"]}}],"collection":[{"href":"https:\/\/allasorias.hu\/hirek\/wp-json\/wp\/v2\/posts"}],"about":[{"href":"https:\/\/allasorias.hu\/hirek\/wp-json\/wp\/v2\/types\/post"}],"author":[{"embeddable":true,"href":"https:\/\/allasorias.hu\/hirek\/wp-json\/wp\/v2\/users\/1"}],"replies":[{"embeddable":true,"href":"https:\/\/allasorias.hu\/hirek\/wp-json\/wp\/v2\/comments?post=2834"}],"version-history":[{"count":1,"href":"https:\/\/allasorias.hu\/hirek\/wp-json\/wp\/v2\/posts\/2834\/revisions"}],"predecessor-version":[{"id":2835,"href":"https:\/\/allasorias.hu\/hirek\/wp-json\/wp\/v2\/posts\/2834\/revisions\/2835"}],"wp:featuredmedia":[{"embeddable":true,"href":"https:\/\/allasorias.hu\/hirek\/wp-json\/wp\/v2\/media\/2055"}],"wp:attachment":[{"href":"https:\/\/allasorias.hu\/hirek\/wp-json\/wp\/v2\/media?parent=2834"}],"wp:term":[{"taxonomy":"category","embeddable":true,"href":"https:\/\/allasorias.hu\/hirek\/wp-json\/wp\/v2\/categories?post=2834"},{"taxonomy":"post_tag","embeddable":true,"href":"https:\/\/allasorias.hu\/hirek\/wp-json\/wp\/v2\/tags?post=2834"}],"curies":[{"name":"wp","href":"https:\/\/api.w.org\/{rel}","templated":true}]}}