{"id":2831,"date":"2019-04-30T08:20:48","date_gmt":"2019-04-30T08:20:48","guid":{"rendered":"https:\/\/allasorias.hu\/hirek\/?p=2831"},"modified":"2019-04-30T08:20:48","modified_gmt":"2019-04-30T08:20:48","slug":"szurke-beremelesek-lesznek","status":"publish","type":"post","link":"https:\/\/allasorias.hu\/hirek\/szurke-beremelesek-lesznek\/","title":{"rendered":"Sz\u00fcrke b\u00e9remel\u00e9sek lesznek?"},"content":{"rendered":"<p><strong>Elemz\u0151k szerint a munkaer\u0151piac tel\u00edtetts\u00e9ge a b\u00e9remel\u00e9s \u00e9s a termel\u00e9kenys\u00e9get jav\u00edt\u00f3 beruh\u00e1z\u00e1sok ir\u00e1ny\u00e1ba tereli a v\u00e1llalati d\u00f6nt\u00e9shoz\u00f3kat. A munkan\u00e9lk\u00fclis\u00e9gi r\u00e1ta a tavaly \u00e1prilis-j\u00faniusi h\u00e1rom h\u00f3napos id\u0151szakban cs\u00f6kkent el\u0151sz\u00f6r 3,6 sz\u00e1zal\u00e9kra, az\u00f3ta mind\u00f6ssze k\u00e9tszer emelkedett 3,7, \u00e9s egyszer 3,8 sz\u00e1zal\u00e9kra. Virov\u00e1cz P\u00e9ter, az ING Bank vezet\u0151 elemz\u0151je szerint a jelenlegi munkaer\u0151piaci strukt\u00fara mellett a magyar gazdas\u00e1g el\u00e9rte a teljes foglalkoztatotts\u00e1g szintj\u00e9t. <\/strong><\/p>\n<p>Az \u00e1ll\u00e1stalanok ar\u00e1nya l\u00e9nyeg\u00e9ben egy \u00e9ve 3,6 sz\u00e1zal\u00e9k k\u00f6r\u00fcli szinten mozog. Jelent\u0151sebb munkaer\u0151piaci reform hi\u00e1ny\u00e1ban az ING Bank vezet\u0151 elemz\u0151je nem l\u00e1t \u00e9rdemi teret a r\u00e1ta tov\u00e1bbi cs\u00f6kken\u00e9s\u00e9re, tekintettel a kereslet \u00e9s k\u00edn\u00e1lat k\u00f6z\u00f6tt jelenleg fenn\u00e1ll\u00f3 k\u00e9pzetts\u00e9gi \u00e9s f\u00f6ldrajzi elt\u00e9r\u00e9sekre. Az id\u00e9n az \u00e9v eg\u00e9sz\u00e9ben \u00e1tlagosan 3,6 sz\u00e1zal\u00e9kos munkan\u00e9lk\u00fclis\u00e9get v\u00e1r. A foglalkoztat\u00e1si r\u00e1ta ism\u00e9t 70 sz\u00e1zal\u00e9k k\u00f6zel\u00e9be emelkedett, de Virov\u00e1cz P\u00e9ter ebben sem sz\u00e1m\u00edt m\u00e1r tov\u00e1bbi drasztikus javul\u00e1sra. A magyar munkaer\u0151piacon ugyanis m\u00e9g potenci\u00e1lisan bevonhat\u00f3k k\u00f6re jelent\u0151sen besz\u0171k\u00fclt. Erre utal az is, hogy a k\u00f6zfoglalkoztatottak sz\u00e1ma sok \u00e9ves m\u00e9lypontra esett \u00e9s az els\u0151dleges munkaer\u0151piacon dolgoz\u00f3k sz\u00e1m\u00e1nak n\u00f6veked\u00e9si \u00fcteme is jelent\u0151sen lelassult &#8211; emelte ki. \u00d6sszess\u00e9g\u00e9ben a munkaer\u0151piac tel\u00edtetts\u00e9ge id\u00e9n is fennmaradhat, minim\u00e1lis javul\u00e1s mellett, ami \u00edgy a b\u00e9remel\u00e9s \u00e9s a termel\u00e9kenys\u00e9get jav\u00edt\u00f3 beruh\u00e1z\u00e1sok ir\u00e1ny\u00e1ba tereli a v\u00e1llalati d\u00f6nt\u00e9shoz\u00f3kat. Horv\u00e1th Andr\u00e1s, a Takar\u00e9kbank elemz\u0151je azt emelte ki, hogy a 20-64 \u00e9ves koroszt\u00e1ly 75,1 sz\u00e1zal\u00e9kos foglalkoztat\u00e1si r\u00e1t\u00e1ja\u00a0 \u00e9rdemben meghaladja az Eur\u00f3pai Uni\u00f3 73,2 sz\u00e1zal\u00e9kos \u00e1tlag\u00e1t, de tov\u00e1bbi er\u0151fesz\u00edt\u00e9sekre van sz\u00fcks\u00e9g az egyik f\u0151 versenyt\u00e1rs cseh gazdas\u00e1g 79,9 sz\u00e1zal\u00e9kos r\u00e1t\u00e1j\u00e1nak el\u00e9r\u00e9s\u00e9hez. A magyar munkaer\u0151piac egyre ink\u00e1bb bele\u00fctk\u00f6zik a foglalkoztat\u00e1s tov\u00e1bbi b\u0151v\u00fcl\u00e9s\u00e9nek korl\u00e1tj\u00e1ba. A munkan\u00e9lk\u00fclis\u00e9g szinte egy\u00e1ltal\u00e1n nem, de a foglalkoztat\u00e1s is csak minim\u00e1lisan araszolva tud elmozdulni pozit\u00edv ir\u00e1nyba annak ellen\u00e9re, hogy a foglalkoztat\u00e1si r\u00e1ta m\u00e9g tov\u00e1bbi legal\u00e1bb 4 sz\u00e1zal\u00e9kponttal jav\u00edthat\u00f3 lenne \u00f6sszehasonl\u00edtva a jelenleg versenyk\u00e9pesebb uni\u00f3s tag\u00e1llamokkal. A m\u00e9g rendelkez\u00e9sre \u00e1ll\u00f3 munkaer\u0151 min\u0151s\u00e9ge azonban meglehet\u0151sen alacsony, m\u00e1r csak teljesen k\u00e9pzetlen munkaer\u0151 maradt szabadon a piacon, ez\u00e9rt szakpolitikai beavatkoz\u00e1s \u00e9s az oktat\u00e1sba minden eszk\u00f6zzel val\u00f3 bek\u00e9nyszer\u00edt\u00e9s n\u00e9lk\u00fcl nem v\u00e1rhat\u00f3 \u00e9rdemi el\u0151rel\u00e9p\u00e9s \u00e9s tov\u00e1bbi b\u0151v\u00fcl\u00e9s a magyar munkaer\u0151piacon &#8211; v\u00e9li az elemz\u0151.<\/p>\n<p>Forr\u00e1s: magyarnemzet.hu<\/p>\n","protected":false},"excerpt":{"rendered":"<p>Elemz\u0151k szerint a munkaer\u0151piac tel\u00edtetts\u00e9ge a b\u00e9remel\u00e9s \u00e9s a termel\u00e9kenys\u00e9get jav\u00edt\u00f3 beruh\u00e1z\u00e1sok ir\u00e1ny\u00e1ba tereli a v\u00e1llalati d\u00f6nt\u00e9shoz\u00f3kat. A munkan\u00e9lk\u00fclis\u00e9gi r\u00e1ta a tavaly \u00e1prilis-j\u00faniusi h\u00e1rom h\u00f3napos id\u0151szakban cs\u00f6kkent el\u0151sz\u00f6r 3,6 sz\u00e1zal\u00e9kra, az\u00f3ta mind\u00f6ssze k\u00e9tszer emelkedett 3,7, \u00e9s egyszer 3,8 sz\u00e1zal\u00e9kra. Virov\u00e1cz P\u00e9ter, az ING Bank vezet\u0151 elemz\u0151je szerint a jelenlegi munkaer\u0151piaci strukt\u00fara mellett a magyar gazdas\u00e1g [&hellip;]<\/p>\n","protected":false},"author":1,"featured_media":2360,"comment_status":"open","ping_status":"open","sticky":false,"template":"","format":"standard","meta":{"_monsterinsights_skip_tracking":false,"footnotes":""},"categories":[198,200],"tags":[],"class_list":["post-2831","post","type-post","status-publish","format-standard","has-post-thumbnail","hentry","category-gazdasag","category-munkaeropiac"],"aioseo_notices":[],"aioseo_head":"\n\t\t<!-- All in One SEO 5.0.0.1 - aioseo.com -->\n\t<meta name=\"description\" content=\"Elemz\u0151k szerint a munkaer\u0151piac tel\u00edtetts\u00e9ge a b\u00e9remel\u00e9s \u00e9s a termel\u00e9kenys\u00e9get jav\u00edt\u00f3 beruh\u00e1z\u00e1sok ir\u00e1ny\u00e1ba tereli a v\u00e1llalati d\u00f6nt\u00e9shoz\u00f3kat. A munkan\u00e9lk\u00fclis\u00e9gi r\u00e1ta a tavaly \u00e1prilis-j\u00faniusi h\u00e1rom h\u00f3napos id\u0151szakban cs\u00f6kkent el\u0151sz\u00f6r 3,6 sz\u00e1zal\u00e9kra, az\u00f3ta mind\u00f6ssze k\u00e9tszer emelkedett 3,7, \u00e9s egyszer 3,8 sz\u00e1zal\u00e9kra. Virov\u00e1cz P\u00e9ter, az ING Bank vezet\u0151 elemz\u0151je szerint a jelenlegi munkaer\u0151piaci strukt\u00fara mellett a magyar gazdas\u00e1g\" \/>\n\t<meta name=\"robots\" content=\"max-image-preview:large\" \/>\n\t<meta name=\"author\" content=\"Juh\u00e1sz P\u00e9ter\"\/>\n\t<link rel=\"canonical\" href=\"https:\/\/allasorias.hu\/hirek\/szurke-beremelesek-lesznek\/\" \/>\n\t<meta name=\"generator\" content=\"All in One SEO (AIOSEO) 5.0.0.1\" \/>\n\t\t<meta property=\"og:locale\" content=\"hu_HU\" \/>\n\t\t<meta property=\"og:site_name\" content=\"AllasOrias.hu | H\u00edrek-lapszemle | \u00dczleti h\u00edrek az \u00e1ll\u00e1s \u00e9s a munka vil\u00e1g\u00e1b\u00f3l\" \/>\n\t\t<meta property=\"og:type\" content=\"article\" \/>\n\t\t<meta property=\"og:title\" content=\"Sz\u00fcrke b\u00e9remel\u00e9sek lesznek? | AllasOrias.hu | H\u00edrek-lapszemle\" \/>\n\t\t<meta property=\"og:description\" content=\"Elemz\u0151k szerint a munkaer\u0151piac tel\u00edtetts\u00e9ge a b\u00e9remel\u00e9s \u00e9s a termel\u00e9kenys\u00e9get jav\u00edt\u00f3 beruh\u00e1z\u00e1sok ir\u00e1ny\u00e1ba tereli a v\u00e1llalati d\u00f6nt\u00e9shoz\u00f3kat. A munkan\u00e9lk\u00fclis\u00e9gi r\u00e1ta a tavaly \u00e1prilis-j\u00faniusi h\u00e1rom h\u00f3napos id\u0151szakban cs\u00f6kkent el\u0151sz\u00f6r 3,6 sz\u00e1zal\u00e9kra, az\u00f3ta mind\u00f6ssze k\u00e9tszer emelkedett 3,7, \u00e9s egyszer 3,8 sz\u00e1zal\u00e9kra. Virov\u00e1cz P\u00e9ter, az ING Bank vezet\u0151 elemz\u0151je szerint a jelenlegi munkaer\u0151piaci strukt\u00fara mellett a magyar gazdas\u00e1g\" \/>\n\t\t<meta property=\"og:url\" content=\"https:\/\/allasorias.hu\/hirek\/szurke-beremelesek-lesznek\/\" \/>\n\t\t<meta property=\"og:image\" content=\"https:\/\/allasorias.hu\/hirek\/wp-content\/uploads\/2018\/12\/career-111932_640.jpg\" \/>\n\t\t<meta property=\"og:image:secure_url\" content=\"https:\/\/allasorias.hu\/hirek\/wp-content\/uploads\/2018\/12\/career-111932_640.jpg\" \/>\n\t\t<meta property=\"og:image:width\" content=\"640\" \/>\n\t\t<meta property=\"og:image:height\" content=\"450\" \/>\n\t\t<meta property=\"article:published_time\" content=\"2019-04-30T08:20:48+00:00\" \/>\n\t\t<meta property=\"article:modified_time\" content=\"2019-04-30T08:20:48+00:00\" \/>\n\t\t<meta property=\"article:publisher\" content=\"https:\/\/www.facebook.com\/allasorias\" \/>\n\t\t<meta name=\"twitter:card\" content=\"summary_large_image\" \/>\n\t\t<meta name=\"twitter:title\" content=\"Sz\u00fcrke b\u00e9remel\u00e9sek lesznek? | AllasOrias.hu | H\u00edrek-lapszemle\" \/>\n\t\t<meta name=\"twitter:description\" content=\"Elemz\u0151k szerint a munkaer\u0151piac tel\u00edtetts\u00e9ge a b\u00e9remel\u00e9s \u00e9s a termel\u00e9kenys\u00e9get jav\u00edt\u00f3 beruh\u00e1z\u00e1sok ir\u00e1ny\u00e1ba tereli a v\u00e1llalati d\u00f6nt\u00e9shoz\u00f3kat. A munkan\u00e9lk\u00fclis\u00e9gi r\u00e1ta a tavaly \u00e1prilis-j\u00faniusi h\u00e1rom h\u00f3napos id\u0151szakban cs\u00f6kkent el\u0151sz\u00f6r 3,6 sz\u00e1zal\u00e9kra, az\u00f3ta mind\u00f6ssze k\u00e9tszer emelkedett 3,7, \u00e9s egyszer 3,8 sz\u00e1zal\u00e9kra. Virov\u00e1cz P\u00e9ter, az ING Bank vezet\u0151 elemz\u0151je szerint a jelenlegi munkaer\u0151piaci strukt\u00fara mellett a magyar gazdas\u00e1g\" \/>\n\t\t<meta name=\"twitter:image\" content=\"https:\/\/allasorias.hu\/hirek\/wp-content\/uploads\/2018\/12\/career-111932_640.jpg\" \/>\n\t\t<meta name=\"twitter:label1\" content=\"Written by\" \/>\n\t\t<meta name=\"twitter:data1\" content=\"Juh\u00e1sz P\u00e9ter\" \/>\n\t\t<meta name=\"twitter:label2\" content=\"Est. reading time\" \/>\n\t\t<meta name=\"twitter:data2\" content=\"3 minutes\" \/>\n\t\t<script type=\"application\/ld+json\" class=\"aioseo-schema\">\n\t\t\t{\"@context\":\"https:\\\/\\\/schema.org\",\"@graph\":[{\"@type\":\"Article\",\"@id\":\"https:\\\/\\\/allasorias.hu\\\/hirek\\\/szurke-beremelesek-lesznek\\\/#article\",\"name\":\"Sz\\u00fcrke b\\u00e9remel\\u00e9sek lesznek? | AllasOrias.hu | H\\u00edrek-lapszemle\",\"headline\":\"Sz\\u00fcrke b\\u00e9remel\\u00e9sek lesznek?\",\"author\":{\"@id\":\"https:\\\/\\\/allasorias.hu\\\/hirek\\\/author\\\/admin-allasorias\\\/#author\"},\"publisher\":{\"@id\":\"https:\\\/\\\/allasorias.hu\\\/hirek\\\/#organization\"},\"image\":{\"@type\":\"ImageObject\",\"url\":\"https:\\\/\\\/allasorias.hu\\\/hirek\\\/wp-content\\\/uploads\\\/2018\\\/12\\\/career-111932_640.jpg\",\"width\":640,\"height\":450},\"datePublished\":\"2019-04-30T08:20:48+02:00\",\"dateModified\":\"2019-04-30T08:20:48+02:00\",\"inLanguage\":\"hu-HU\",\"mainEntityOfPage\":{\"@id\":\"https:\\\/\\\/allasorias.hu\\\/hirek\\\/szurke-beremelesek-lesznek\\\/#webpage\"},\"isPartOf\":{\"@id\":\"https:\\\/\\\/allasorias.hu\\\/hirek\\\/szurke-beremelesek-lesznek\\\/#webpage\"},\"articleSection\":\"Gazdas\\u00e1g, Munkaer\\u0151piac\"},{\"@type\":\"BreadcrumbList\",\"@id\":\"https:\\\/\\\/allasorias.hu\\\/hirek\\\/szurke-beremelesek-lesznek\\\/#breadcrumblist\",\"itemListElement\":[{\"@type\":\"ListItem\",\"@id\":\"https:\\\/\\\/allasorias.hu\\\/hirek#listItem\",\"position\":1,\"name\":\"Home\",\"item\":\"https:\\\/\\\/allasorias.hu\\\/hirek\",\"nextItem\":{\"@type\":\"ListItem\",\"@id\":\"https:\\\/\\\/allasorias.hu\\\/hirek\\\/temak\\\/gazdasag\\\/#listItem\",\"name\":\"Gazdas\\u00e1g\"}},{\"@type\":\"ListItem\",\"@id\":\"https:\\\/\\\/allasorias.hu\\\/hirek\\\/temak\\\/gazdasag\\\/#listItem\",\"position\":2,\"name\":\"Gazdas\\u00e1g\",\"item\":\"https:\\\/\\\/allasorias.hu\\\/hirek\\\/temak\\\/gazdasag\\\/\",\"nextItem\":{\"@type\":\"ListItem\",\"@id\":\"https:\\\/\\\/allasorias.hu\\\/hirek\\\/szurke-beremelesek-lesznek\\\/#listItem\",\"name\":\"Sz\\u00fcrke b\\u00e9remel\\u00e9sek lesznek?\"},\"previousItem\":{\"@type\":\"ListItem\",\"@id\":\"https:\\\/\\\/allasorias.hu\\\/hirek#listItem\",\"name\":\"Home\"}},{\"@type\":\"ListItem\",\"@id\":\"https:\\\/\\\/allasorias.hu\\\/hirek\\\/szurke-beremelesek-lesznek\\\/#listItem\",\"position\":3,\"name\":\"Sz\\u00fcrke b\\u00e9remel\\u00e9sek lesznek?\",\"previousItem\":{\"@type\":\"ListItem\",\"@id\":\"https:\\\/\\\/allasorias.hu\\\/hirek\\\/temak\\\/gazdasag\\\/#listItem\",\"name\":\"Gazdas\\u00e1g\"}}]},{\"@type\":\"Organization\",\"@id\":\"https:\\\/\\\/allasorias.hu\\\/hirek\\\/#organization\",\"name\":\"AllasOrias.hu | H\\u00edrek-lapszemle\",\"description\":\"\\u00dczleti h\\u00edrek az \\u00e1ll\\u00e1s \\u00e9s a munka vil\\u00e1g\\u00e1b\\u00f3l\",\"url\":\"https:\\\/\\\/allasorias.hu\\\/hirek\\\/\",\"logo\":{\"@type\":\"ImageObject\",\"url\":\"https:\\\/\\\/allasorias.hu\\\/hirek\\\/wp-content\\\/uploads\\\/2022\\\/10\\\/allasorias_site_facebok_logo.png\",\"@id\":\"https:\\\/\\\/allasorias.hu\\\/hirek\\\/szurke-beremelesek-lesznek\\\/#organizationLogo\"},\"image\":{\"@id\":\"https:\\\/\\\/allasorias.hu\\\/hirek\\\/szurke-beremelesek-lesznek\\\/#organizationLogo\"},\"sameAs\":[\"https:\\\/\\\/www.facebook.com\\\/allasorias\",\"https:\\\/\\\/www.linkedin.com\\\/company\\\/allasorias\"]},{\"@type\":\"Person\",\"@id\":\"https:\\\/\\\/allasorias.hu\\\/hirek\\\/author\\\/admin-allasorias\\\/#author\",\"url\":\"https:\\\/\\\/allasorias.hu\\\/hirek\\\/author\\\/admin-allasorias\\\/\",\"name\":\"Juh\\u00e1sz P\\u00e9ter\",\"image\":{\"@type\":\"ImageObject\",\"@id\":\"https:\\\/\\\/allasorias.hu\\\/hirek\\\/szurke-beremelesek-lesznek\\\/#authorImage\",\"url\":\"https:\\\/\\\/secure.gravatar.com\\\/avatar\\\/36e6bcb83148978b992977cb0f54d22feb0cce8a0a849a9410532bb2623ba4c6?s=96&d=mm&r=g\",\"width\":96,\"height\":96,\"caption\":\"Juh\\u00e1sz P\\u00e9ter\"}},{\"@type\":\"WebPage\",\"@id\":\"https:\\\/\\\/allasorias.hu\\\/hirek\\\/szurke-beremelesek-lesznek\\\/#webpage\",\"url\":\"https:\\\/\\\/allasorias.hu\\\/hirek\\\/szurke-beremelesek-lesznek\\\/\",\"name\":\"Sz\\u00fcrke b\\u00e9remel\\u00e9sek lesznek? | AllasOrias.hu | H\\u00edrek-lapszemle\",\"description\":\"Elemz\\u0151k szerint a munkaer\\u0151piac tel\\u00edtetts\\u00e9ge a b\\u00e9remel\\u00e9s \\u00e9s a termel\\u00e9kenys\\u00e9get jav\\u00edt\\u00f3 beruh\\u00e1z\\u00e1sok ir\\u00e1ny\\u00e1ba tereli a v\\u00e1llalati d\\u00f6nt\\u00e9shoz\\u00f3kat. A munkan\\u00e9lk\\u00fclis\\u00e9gi r\\u00e1ta a tavaly \\u00e1prilis-j\\u00faniusi h\\u00e1rom h\\u00f3napos id\\u0151szakban cs\\u00f6kkent el\\u0151sz\\u00f6r 3,6 sz\\u00e1zal\\u00e9kra, az\\u00f3ta mind\\u00f6ssze k\\u00e9tszer emelkedett 3,7, \\u00e9s egyszer 3,8 sz\\u00e1zal\\u00e9kra. Virov\\u00e1cz P\\u00e9ter, az ING Bank vezet\\u0151 elemz\\u0151je szerint a jelenlegi munkaer\\u0151piaci strukt\\u00fara mellett a magyar gazdas\\u00e1g\",\"inLanguage\":\"hu-HU\",\"isPartOf\":{\"@id\":\"https:\\\/\\\/allasorias.hu\\\/hirek\\\/#website\"},\"breadcrumb\":{\"@id\":\"https:\\\/\\\/allasorias.hu\\\/hirek\\\/szurke-beremelesek-lesznek\\\/#breadcrumblist\"},\"author\":{\"@id\":\"https:\\\/\\\/allasorias.hu\\\/hirek\\\/author\\\/admin-allasorias\\\/#author\"},\"creator\":{\"@id\":\"https:\\\/\\\/allasorias.hu\\\/hirek\\\/author\\\/admin-allasorias\\\/#author\"},\"image\":{\"@type\":\"ImageObject\",\"url\":\"https:\\\/\\\/allasorias.hu\\\/hirek\\\/wp-content\\\/uploads\\\/2018\\\/12\\\/career-111932_640.jpg\",\"@id\":\"https:\\\/\\\/allasorias.hu\\\/hirek\\\/szurke-beremelesek-lesznek\\\/#mainImage\",\"width\":640,\"height\":450},\"primaryImageOfPage\":{\"@id\":\"https:\\\/\\\/allasorias.hu\\\/hirek\\\/szurke-beremelesek-lesznek\\\/#mainImage\"},\"datePublished\":\"2019-04-30T08:20:48+02:00\",\"dateModified\":\"2019-04-30T08:20:48+02:00\"},{\"@type\":\"WebSite\",\"@id\":\"https:\\\/\\\/allasorias.hu\\\/hirek\\\/#website\",\"url\":\"https:\\\/\\\/allasorias.hu\\\/hirek\\\/\",\"name\":\"AllasOrias.hu | H\\u00edrek-lapszemle\",\"description\":\"\\u00dczleti h\\u00edrek az \\u00e1ll\\u00e1s \\u00e9s a munka vil\\u00e1g\\u00e1b\\u00f3l\",\"inLanguage\":\"hu-HU\",\"publisher\":{\"@id\":\"https:\\\/\\\/allasorias.hu\\\/hirek\\\/#organization\"}}]}\n\t\t<\/script>\n\t\t<!-- All in One SEO -->\n\n","aioseo_head_json":{"title":"Sz\u00fcrke b\u00e9remel\u00e9sek lesznek? | AllasOrias.hu | H\u00edrek-lapszemle","description":"Elemz\u0151k szerint a munkaer\u0151piac tel\u00edtetts\u00e9ge a b\u00e9remel\u00e9s \u00e9s a termel\u00e9kenys\u00e9get jav\u00edt\u00f3 beruh\u00e1z\u00e1sok ir\u00e1ny\u00e1ba tereli a v\u00e1llalati d\u00f6nt\u00e9shoz\u00f3kat. A munkan\u00e9lk\u00fclis\u00e9gi r\u00e1ta a tavaly \u00e1prilis-j\u00faniusi h\u00e1rom h\u00f3napos id\u0151szakban cs\u00f6kkent el\u0151sz\u00f6r 3,6 sz\u00e1zal\u00e9kra, az\u00f3ta mind\u00f6ssze k\u00e9tszer emelkedett 3,7, \u00e9s egyszer 3,8 sz\u00e1zal\u00e9kra. Virov\u00e1cz P\u00e9ter, az ING Bank vezet\u0151 elemz\u0151je szerint a jelenlegi munkaer\u0151piaci strukt\u00fara mellett a magyar gazdas\u00e1g","canonical_url":"https:\/\/allasorias.hu\/hirek\/szurke-beremelesek-lesznek\/","robots":"max-image-preview:large","keywords":"","webmasterTools":{"miscellaneous":""},"schema":{"@context":"https:\/\/schema.org","@graph":[{"@type":"Article","@id":"https:\/\/allasorias.hu\/hirek\/szurke-beremelesek-lesznek\/#article","name":"Sz\u00fcrke b\u00e9remel\u00e9sek lesznek? | AllasOrias.hu | H\u00edrek-lapszemle","headline":"Sz\u00fcrke b\u00e9remel\u00e9sek lesznek?","author":{"@id":"https:\/\/allasorias.hu\/hirek\/author\/admin-allasorias\/#author"},"publisher":{"@id":"https:\/\/allasorias.hu\/hirek\/#organization"},"image":{"@type":"ImageObject","url":"https:\/\/allasorias.hu\/hirek\/wp-content\/uploads\/2018\/12\/career-111932_640.jpg","width":640,"height":450},"datePublished":"2019-04-30T08:20:48+02:00","dateModified":"2019-04-30T08:20:48+02:00","inLanguage":"hu-HU","mainEntityOfPage":{"@id":"https:\/\/allasorias.hu\/hirek\/szurke-beremelesek-lesznek\/#webpage"},"isPartOf":{"@id":"https:\/\/allasorias.hu\/hirek\/szurke-beremelesek-lesznek\/#webpage"},"articleSection":"Gazdas\u00e1g, Munkaer\u0151piac"},{"@type":"BreadcrumbList","@id":"https:\/\/allasorias.hu\/hirek\/szurke-beremelesek-lesznek\/#breadcrumblist","itemListElement":[{"@type":"ListItem","@id":"https:\/\/allasorias.hu\/hirek#listItem","position":1,"name":"Home","item":"https:\/\/allasorias.hu\/hirek","nextItem":{"@type":"ListItem","@id":"https:\/\/allasorias.hu\/hirek\/temak\/gazdasag\/#listItem","name":"Gazdas\u00e1g"}},{"@type":"ListItem","@id":"https:\/\/allasorias.hu\/hirek\/temak\/gazdasag\/#listItem","position":2,"name":"Gazdas\u00e1g","item":"https:\/\/allasorias.hu\/hirek\/temak\/gazdasag\/","nextItem":{"@type":"ListItem","@id":"https:\/\/allasorias.hu\/hirek\/szurke-beremelesek-lesznek\/#listItem","name":"Sz\u00fcrke b\u00e9remel\u00e9sek lesznek?"},"previousItem":{"@type":"ListItem","@id":"https:\/\/allasorias.hu\/hirek#listItem","name":"Home"}},{"@type":"ListItem","@id":"https:\/\/allasorias.hu\/hirek\/szurke-beremelesek-lesznek\/#listItem","position":3,"name":"Sz\u00fcrke b\u00e9remel\u00e9sek lesznek?","previousItem":{"@type":"ListItem","@id":"https:\/\/allasorias.hu\/hirek\/temak\/gazdasag\/#listItem","name":"Gazdas\u00e1g"}}]},{"@type":"Organization","@id":"https:\/\/allasorias.hu\/hirek\/#organization","name":"AllasOrias.hu | H\u00edrek-lapszemle","description":"\u00dczleti h\u00edrek az \u00e1ll\u00e1s \u00e9s a munka vil\u00e1g\u00e1b\u00f3l","url":"https:\/\/allasorias.hu\/hirek\/","logo":{"@type":"ImageObject","url":"https:\/\/allasorias.hu\/hirek\/wp-content\/uploads\/2022\/10\/allasorias_site_facebok_logo.png","@id":"https:\/\/allasorias.hu\/hirek\/szurke-beremelesek-lesznek\/#organizationLogo"},"image":{"@id":"https:\/\/allasorias.hu\/hirek\/szurke-beremelesek-lesznek\/#organizationLogo"},"sameAs":["https:\/\/www.facebook.com\/allasorias","https:\/\/www.linkedin.com\/company\/allasorias"]},{"@type":"Person","@id":"https:\/\/allasorias.hu\/hirek\/author\/admin-allasorias\/#author","url":"https:\/\/allasorias.hu\/hirek\/author\/admin-allasorias\/","name":"Juh\u00e1sz P\u00e9ter","image":{"@type":"ImageObject","@id":"https:\/\/allasorias.hu\/hirek\/szurke-beremelesek-lesznek\/#authorImage","url":"https:\/\/secure.gravatar.com\/avatar\/36e6bcb83148978b992977cb0f54d22feb0cce8a0a849a9410532bb2623ba4c6?s=96&d=mm&r=g","width":96,"height":96,"caption":"Juh\u00e1sz P\u00e9ter"}},{"@type":"WebPage","@id":"https:\/\/allasorias.hu\/hirek\/szurke-beremelesek-lesznek\/#webpage","url":"https:\/\/allasorias.hu\/hirek\/szurke-beremelesek-lesznek\/","name":"Sz\u00fcrke b\u00e9remel\u00e9sek lesznek? | AllasOrias.hu | H\u00edrek-lapszemle","description":"Elemz\u0151k szerint a munkaer\u0151piac tel\u00edtetts\u00e9ge a b\u00e9remel\u00e9s \u00e9s a termel\u00e9kenys\u00e9get jav\u00edt\u00f3 beruh\u00e1z\u00e1sok ir\u00e1ny\u00e1ba tereli a v\u00e1llalati d\u00f6nt\u00e9shoz\u00f3kat. A munkan\u00e9lk\u00fclis\u00e9gi r\u00e1ta a tavaly \u00e1prilis-j\u00faniusi h\u00e1rom h\u00f3napos id\u0151szakban cs\u00f6kkent el\u0151sz\u00f6r 3,6 sz\u00e1zal\u00e9kra, az\u00f3ta mind\u00f6ssze k\u00e9tszer emelkedett 3,7, \u00e9s egyszer 3,8 sz\u00e1zal\u00e9kra. Virov\u00e1cz P\u00e9ter, az ING Bank vezet\u0151 elemz\u0151je szerint a jelenlegi munkaer\u0151piaci strukt\u00fara mellett a magyar gazdas\u00e1g","inLanguage":"hu-HU","isPartOf":{"@id":"https:\/\/allasorias.hu\/hirek\/#website"},"breadcrumb":{"@id":"https:\/\/allasorias.hu\/hirek\/szurke-beremelesek-lesznek\/#breadcrumblist"},"author":{"@id":"https:\/\/allasorias.hu\/hirek\/author\/admin-allasorias\/#author"},"creator":{"@id":"https:\/\/allasorias.hu\/hirek\/author\/admin-allasorias\/#author"},"image":{"@type":"ImageObject","url":"https:\/\/allasorias.hu\/hirek\/wp-content\/uploads\/2018\/12\/career-111932_640.jpg","@id":"https:\/\/allasorias.hu\/hirek\/szurke-beremelesek-lesznek\/#mainImage","width":640,"height":450},"primaryImageOfPage":{"@id":"https:\/\/allasorias.hu\/hirek\/szurke-beremelesek-lesznek\/#mainImage"},"datePublished":"2019-04-30T08:20:48+02:00","dateModified":"2019-04-30T08:20:48+02:00"},{"@type":"WebSite","@id":"https:\/\/allasorias.hu\/hirek\/#website","url":"https:\/\/allasorias.hu\/hirek\/","name":"AllasOrias.hu | H\u00edrek-lapszemle","description":"\u00dczleti h\u00edrek az \u00e1ll\u00e1s \u00e9s a munka vil\u00e1g\u00e1b\u00f3l","inLanguage":"hu-HU","publisher":{"@id":"https:\/\/allasorias.hu\/hirek\/#organization"}}]},"og:locale":"hu_HU","og:site_name":"AllasOrias.hu | H\u00edrek-lapszemle | \u00dczleti h\u00edrek az \u00e1ll\u00e1s \u00e9s a munka vil\u00e1g\u00e1b\u00f3l","og:type":"article","og:title":"Sz\u00fcrke b\u00e9remel\u00e9sek lesznek? | AllasOrias.hu | H\u00edrek-lapszemle","og:description":"Elemz\u0151k szerint a munkaer\u0151piac tel\u00edtetts\u00e9ge a b\u00e9remel\u00e9s \u00e9s a termel\u00e9kenys\u00e9get jav\u00edt\u00f3 beruh\u00e1z\u00e1sok ir\u00e1ny\u00e1ba tereli a v\u00e1llalati d\u00f6nt\u00e9shoz\u00f3kat. A munkan\u00e9lk\u00fclis\u00e9gi r\u00e1ta a tavaly \u00e1prilis-j\u00faniusi h\u00e1rom h\u00f3napos id\u0151szakban cs\u00f6kkent el\u0151sz\u00f6r 3,6 sz\u00e1zal\u00e9kra, az\u00f3ta mind\u00f6ssze k\u00e9tszer emelkedett 3,7, \u00e9s egyszer 3,8 sz\u00e1zal\u00e9kra. Virov\u00e1cz P\u00e9ter, az ING Bank vezet\u0151 elemz\u0151je szerint a jelenlegi munkaer\u0151piaci strukt\u00fara mellett a magyar gazdas\u00e1g","og:url":"https:\/\/allasorias.hu\/hirek\/szurke-beremelesek-lesznek\/","og:image":"https:\/\/allasorias.hu\/hirek\/wp-content\/uploads\/2018\/12\/career-111932_640.jpg","og:image:secure_url":"https:\/\/allasorias.hu\/hirek\/wp-content\/uploads\/2018\/12\/career-111932_640.jpg","og:image:width":640,"og:image:height":450,"article:published_time":"2019-04-30T08:20:48+00:00","article:modified_time":"2019-04-30T08:20:48+00:00","article:publisher":"https:\/\/www.facebook.com\/allasorias","twitter:card":"summary_large_image","twitter:title":"Sz\u00fcrke b\u00e9remel\u00e9sek lesznek? | AllasOrias.hu | H\u00edrek-lapszemle","twitter:description":"Elemz\u0151k szerint a munkaer\u0151piac tel\u00edtetts\u00e9ge a b\u00e9remel\u00e9s \u00e9s a termel\u00e9kenys\u00e9get jav\u00edt\u00f3 beruh\u00e1z\u00e1sok ir\u00e1ny\u00e1ba tereli a v\u00e1llalati d\u00f6nt\u00e9shoz\u00f3kat. A munkan\u00e9lk\u00fclis\u00e9gi r\u00e1ta a tavaly \u00e1prilis-j\u00faniusi h\u00e1rom h\u00f3napos id\u0151szakban cs\u00f6kkent el\u0151sz\u00f6r 3,6 sz\u00e1zal\u00e9kra, az\u00f3ta mind\u00f6ssze k\u00e9tszer emelkedett 3,7, \u00e9s egyszer 3,8 sz\u00e1zal\u00e9kra. Virov\u00e1cz P\u00e9ter, az ING Bank vezet\u0151 elemz\u0151je szerint a jelenlegi munkaer\u0151piaci strukt\u00fara mellett a magyar gazdas\u00e1g","twitter:image":"https:\/\/allasorias.hu\/hirek\/wp-content\/uploads\/2018\/12\/career-111932_640.jpg","twitter:label1":"Written by","twitter:data1":"Juh\u00e1sz P\u00e9ter","twitter:label2":"Est. reading time","twitter:data2":"3 minutes"},"aioseo_meta_data":{"post_id":"2831","title":null,"description":null,"keywords":null,"keyphrases":null,"primary_term":null,"canonical_url":null,"og_title":null,"og_description":null,"og_object_type":"default","og_image_type":"default","og_image_url":null,"og_image_width":null,"og_image_height":null,"og_image_custom_url":null,"og_image_custom_fields":null,"og_video":null,"og_custom_url":null,"og_article_section":null,"og_article_tags":null,"twitter_use_og":false,"twitter_card":"default","twitter_image_type":"default","twitter_image_url":null,"twitter_image_custom_url":null,"twitter_image_custom_fields":null,"twitter_title":null,"twitter_description":null,"schema":{"blockGraphs":[],"customGraphs":[],"default":{"data":{"Article":[],"Course":[],"Dataset":[],"FAQPage":[],"Movie":[],"Person":[],"Product":[],"ProductReview":[],"Car":[],"Recipe":[],"Service":[],"SoftwareApplication":[],"WebPage":[]},"graphName":"","isEnabled":true},"graphs":[]},"schema_type":null,"schema_type_options":null,"pillar_content":false,"robots_default":true,"robots_noindex":false,"robots_noarchive":false,"robots_nosnippet":false,"robots_nofollow":false,"robots_noimageindex":false,"robots_noodp":false,"robots_notranslate":false,"robots_max_snippet":null,"robots_max_videopreview":null,"robots_max_imagepreview":"large","priority":null,"frequency":null,"location":null,"local_seo":null,"breadcrumb_settings":null,"limit_modified_date":false,"ai":null,"created":"2021-02-01 21:14:05","updated":"2025-10-02 11:13:49","seo_analyzer_scan_date":null,"focus_keyword":null,"additional_keywords":null,"truseo_locale":null},"aioseo_breadcrumb":"<div class=\"aioseo-breadcrumbs\"><span class=\"aioseo-breadcrumb\">\n\t\t\t<a href=\"https:\/\/allasorias.hu\/hirek\" title=\"Home\">Home<\/a>\n\t\t<\/span><span class=\"aioseo-breadcrumb-separator\">&raquo;<\/span><span class=\"aioseo-breadcrumb\">\n\t\t\t<a href=\"https:\/\/allasorias.hu\/hirek\/temak\/gazdasag\/\" title=\"Gazdas\u00e1g\">Gazdas\u00e1g<\/a>\n\t\t<\/span><span class=\"aioseo-breadcrumb-separator\">&raquo;<\/span><span class=\"aioseo-breadcrumb\">\n\t\t\tSz\u00fcrke b\u00e9remel\u00e9sek lesznek?\n\t\t<\/span><\/div>","aioseo_breadcrumb_json":[{"label":"Home","link":"https:\/\/allasorias.hu\/hirek"},{"label":"Gazdas\u00e1g","link":"https:\/\/allasorias.hu\/hirek\/temak\/gazdasag\/"},{"label":"Sz\u00fcrke b\u00e9remel\u00e9sek lesznek?","link":"https:\/\/allasorias.hu\/hirek\/szurke-beremelesek-lesznek\/"}],"_links":{"self":[{"href":"https:\/\/allasorias.hu\/hirek\/wp-json\/wp\/v2\/posts\/2831","targetHints":{"allow":["GET"]}}],"collection":[{"href":"https:\/\/allasorias.hu\/hirek\/wp-json\/wp\/v2\/posts"}],"about":[{"href":"https:\/\/allasorias.hu\/hirek\/wp-json\/wp\/v2\/types\/post"}],"author":[{"embeddable":true,"href":"https:\/\/allasorias.hu\/hirek\/wp-json\/wp\/v2\/users\/1"}],"replies":[{"embeddable":true,"href":"https:\/\/allasorias.hu\/hirek\/wp-json\/wp\/v2\/comments?post=2831"}],"version-history":[{"count":1,"href":"https:\/\/allasorias.hu\/hirek\/wp-json\/wp\/v2\/posts\/2831\/revisions"}],"predecessor-version":[{"id":2832,"href":"https:\/\/allasorias.hu\/hirek\/wp-json\/wp\/v2\/posts\/2831\/revisions\/2832"}],"wp:featuredmedia":[{"embeddable":true,"href":"https:\/\/allasorias.hu\/hirek\/wp-json\/wp\/v2\/media\/2360"}],"wp:attachment":[{"href":"https:\/\/allasorias.hu\/hirek\/wp-json\/wp\/v2\/media?parent=2831"}],"wp:term":[{"taxonomy":"category","embeddable":true,"href":"https:\/\/allasorias.hu\/hirek\/wp-json\/wp\/v2\/categories?post=2831"},{"taxonomy":"post_tag","embeddable":true,"href":"https:\/\/allasorias.hu\/hirek\/wp-json\/wp\/v2\/tags?post=2831"}],"curies":[{"name":"wp","href":"https:\/\/api.w.org\/{rel}","templated":true}]}}