{"id":2829,"date":"2019-04-30T08:17:00","date_gmt":"2019-04-30T08:17:00","guid":{"rendered":"https:\/\/allasorias.hu\/hirek\/?p=2829"},"modified":"2019-04-30T08:17:00","modified_gmt":"2019-04-30T08:17:00","slug":"munkaeropiaci-reformprogram-heves-megyeben-is","status":"publish","type":"post","link":"https:\/\/allasorias.hu\/hirek\/munkaeropiaci-reformprogram-heves-megyeben-is\/","title":{"rendered":"Munkaer\u0151piaci reformprogram Heves megy\u00e9ben is"},"content":{"rendered":"<p><strong>\u00c1ll\u00e1stalan vagy k\u00f6zfoglalkoztatott emberek \u00a0elhelyezked\u00e9s\u00e9t seg\u00edti a munkaad\u00f3k \u00e9s a korm\u00e1nyhivatalok foglalkoztat\u00e1si oszt\u00e1lyainak szorosabb egy\u00fcttm\u0171k\u00f6d\u00e9s\u00e9re \u00e9p\u00fcl\u0151 munkaer\u0151piaci reformprogram bevezet\u00e9se \u2013 mondta a P\u00e9nz\u00fcgyminiszt\u00e9rium foglalkoztat\u00e1spolitik\u00e1\u00e9rt \u00e9s v\u00e1llalati kapcsolatok\u00e9rt felel\u0151s \u00e1llamtitk\u00e1ra Egerben. Bod\u00f3 S\u00e1ndor a t\u00e9m\u00e1ban tartott egyeztet\u00e9st k\u00f6vet\u0151 sajt\u00f3t\u00e1j\u00e9koztat\u00f3n kiemelte: az orsz\u00e1g h\u00e1rom megy\u00e9j\u00e9ben \u2013 Hajd\u00fa-Bihar, Szabolcs-Szatm\u00e1r-Bereg \u00e9s Borsod-Aba\u00faj-Zempl\u00e9n megy\u00e9ben \u2013 m\u00e1r bevezetett \u00e9s az elm\u00falt id\u0151szakban minden v\u00e1rakoz\u00e1st fel\u00fclm\u00fal\u00f3 eredm\u00e9nyeket hozott program megval\u00f3s\u00edt\u00e1sa Heves megy\u00e9ben is k\u00f6z\u00f6s \u00e9rdeke a munkaad\u00f3knak, a munkav\u00e1llal\u00f3knak \u00e9s a korm\u00e1nyhivatalok foglalkoztat\u00e1si oszt\u00e1lyainak.<\/strong><\/p>\n<p>Heves megy\u00e9n bel\u00fcl jelent\u0151sek a ter\u00fcleti elt\u00e9r\u00e9sek, amelyek kiegyenl\u00edt\u00e9s\u00e9t \u00e9s a rendelkez\u00e9sre \u00e1ll\u00f3 munkaer\u0151tartal\u00e9kok hat\u00e9konyabb kiakn\u00e1z\u00e1s\u00e1t szolg\u00e1lja a kezdem\u00e9nyez\u00e9s kiterjeszt\u00e9se \u2013 fogalmazott az \u00e1llamtitk\u00e1r. A program r\u00e9sze az \u00e1ll\u00e1stalanokkal t\u00f6rt\u00e9n\u0151 szem\u00e9lyes kapcsolatfelv\u00e9tel \u00e9s a dolgozni v\u00e1gy\u00f3k k\u00e9pess\u00e9geinek, adotts\u00e1gainak felt\u00e9rk\u00e9pez\u00e9se, k\u00e9pz\u00e9s\u00fckkel munkav\u00e1llal\u00e1si es\u00e9lyeik jav\u00edt\u00e1sa. Emellett c\u00e9l az \u00e9rintettek \u00f6szt\u00f6nz\u00e9se a leg\u00e1lis, t\u00f6rv\u00e9nyes felt\u00e9telek szerinti munkav\u00e1llal\u00e1sra \u2013 h\u00fazta al\u00e1 az \u00e1llamtitk\u00e1r. Emellett a c\u00e9geket gyakornoki \u00e9s mentorprogramok t\u00e1mogat\u00e1s\u00e1val seg\u00edtik \u2013 jegyezte meg, kit\u00e9rve arra is, hogy a kezdem\u00e9nyez\u00e9sen bel\u00fcl kulcsfeladat h\u00e1rul a foglalkoztat\u00e1si oszt\u00e1lyokon dolgoz\u00f3kra, akik v\u00e1llalati kapcsolattart\u00f3k\u00e9nt a munkaad\u00f3kkal is k\u00f6zvetlen\u00fcl egy\u00fcttm\u0171k\u00f6dnek az ig\u00e9nyek \u00e9s lehet\u0151s\u00e9gek eredm\u00e9nyesebb egyeztet\u00e9se \u00e9rdek\u00e9ben. Bod\u00f3 S\u00e1ndor szerint a m\u00f3dszertant eddig bevezet\u0151 h\u00e1rom megy\u00e9ben m\u00e1r t\u00f6bb mint 10 ezer embert siker\u00fclt a versenyszf\u00e9r\u00e1ban elhelyezni. Hevesben az inakt\u00edvak sz\u00e1ma 14 ezer felett van, az \u00e9rintettek fel\u00e9nek sikeres munkaer\u0151-piaci integr\u00e1ci\u00f3j\u00e1t rem\u00e9lik a kezdem\u00e9nyez\u00e9st\u0151l.Jelezte: a program v\u00e1rhat\u00f3an n\u00e9h\u00e1ny h\u00f3napon bel\u00fcl az eg\u00e9sz orsz\u00e1got \u00e1tfogva v\u00e1lik majd teljess\u00e9. Pajt\u00f3k G\u00e1bor Heves megyei korm\u00e1nymegb\u00edzott elmondta, a megy\u00e9ben az orsz\u00e1gos \u00e1tlagot j\u00f3val fel\u00fclm\u00fal\u00f3 m\u00e9rt\u00e9kben b\u0151v\u00fclt az ipari termel\u00e9s az elm\u00falt k\u00e9t \u00e9vben. A foglalkoztatottak ar\u00e1nya jelenleg a hazai k\u00f6z\u00e9p\u00e9rt\u00e9knek megfelel\u0151 69 sz\u00e1zal\u00e9k.<\/p>\n<p>Forr\u00e1s: magyarnemzet.hu<\/p>\n","protected":false},"excerpt":{"rendered":"<p>\u00c1ll\u00e1stalan vagy k\u00f6zfoglalkoztatott emberek \u00a0elhelyezked\u00e9s\u00e9t seg\u00edti a munkaad\u00f3k \u00e9s a korm\u00e1nyhivatalok foglalkoztat\u00e1si oszt\u00e1lyainak szorosabb egy\u00fcttm\u0171k\u00f6d\u00e9s\u00e9re \u00e9p\u00fcl\u0151 munkaer\u0151piaci reformprogram bevezet\u00e9se \u2013 mondta a P\u00e9nz\u00fcgyminiszt\u00e9rium foglalkoztat\u00e1spolitik\u00e1\u00e9rt \u00e9s v\u00e1llalati kapcsolatok\u00e9rt felel\u0151s \u00e1llamtitk\u00e1ra Egerben. Bod\u00f3 S\u00e1ndor a t\u00e9m\u00e1ban tartott egyeztet\u00e9st k\u00f6vet\u0151 sajt\u00f3t\u00e1j\u00e9koztat\u00f3n kiemelte: az orsz\u00e1g h\u00e1rom megy\u00e9j\u00e9ben \u2013 Hajd\u00fa-Bihar, Szabolcs-Szatm\u00e1r-Bereg \u00e9s Borsod-Aba\u00faj-Zempl\u00e9n megy\u00e9ben \u2013 m\u00e1r bevezetett \u00e9s az elm\u00falt [&hellip;]<\/p>\n","protected":false},"author":1,"featured_media":2516,"comment_status":"open","ping_status":"open","sticky":false,"template":"","format":"standard","meta":{"_monsterinsights_skip_tracking":false,"footnotes":""},"categories":[1,200],"tags":[],"class_list":["post-2829","post","type-post","status-publish","format-standard","has-post-thumbnail","hentry","category-allaskereses","category-munkaeropiac"],"aioseo_notices":[],"aioseo_head":"\n\t\t<!-- All in One SEO 5.0.0.1 - aioseo.com -->\n\t<meta name=\"description\" content=\"\u00c1ll\u00e1stalan vagy k\u00f6zfoglalkoztatott emberek elhelyezked\u00e9s\u00e9t seg\u00edti a munkaad\u00f3k \u00e9s a korm\u00e1nyhivatalok foglalkoztat\u00e1si oszt\u00e1lyainak szorosabb egy\u00fcttm\u0171k\u00f6d\u00e9s\u00e9re \u00e9p\u00fcl\u0151 munkaer\u0151piaci reformprogram bevezet\u00e9se \u2013 mondta a P\u00e9nz\u00fcgyminiszt\u00e9rium foglalkoztat\u00e1spolitik\u00e1\u00e9rt \u00e9s v\u00e1llalati kapcsolatok\u00e9rt felel\u0151s \u00e1llamtitk\u00e1ra Egerben. Bod\u00f3 S\u00e1ndor a t\u00e9m\u00e1ban tartott egyeztet\u00e9st k\u00f6vet\u0151 sajt\u00f3t\u00e1j\u00e9koztat\u00f3n kiemelte: az orsz\u00e1g h\u00e1rom megy\u00e9j\u00e9ben \u2013 Hajd\u00fa-Bihar, Szabolcs-Szatm\u00e1r-Bereg \u00e9s Borsod-Aba\u00faj-Zempl\u00e9n megy\u00e9ben \u2013 m\u00e1r bevezetett \u00e9s az elm\u00falt\" \/>\n\t<meta name=\"robots\" content=\"max-image-preview:large\" \/>\n\t<meta name=\"author\" content=\"Juh\u00e1sz P\u00e9ter\"\/>\n\t<link rel=\"canonical\" href=\"https:\/\/allasorias.hu\/hirek\/munkaeropiaci-reformprogram-heves-megyeben-is\/\" \/>\n\t<meta name=\"generator\" content=\"All in One SEO (AIOSEO) 5.0.0.1\" \/>\n\t\t<meta property=\"og:locale\" content=\"hu_HU\" \/>\n\t\t<meta property=\"og:site_name\" content=\"AllasOrias.hu | H\u00edrek-lapszemle | \u00dczleti h\u00edrek az \u00e1ll\u00e1s \u00e9s a munka vil\u00e1g\u00e1b\u00f3l\" \/>\n\t\t<meta property=\"og:type\" content=\"article\" \/>\n\t\t<meta property=\"og:title\" content=\"Munkaer\u0151piaci reformprogram Heves megy\u00e9ben is | AllasOrias.hu | H\u00edrek-lapszemle\" \/>\n\t\t<meta property=\"og:description\" content=\"\u00c1ll\u00e1stalan vagy k\u00f6zfoglalkoztatott emberek elhelyezked\u00e9s\u00e9t seg\u00edti a munkaad\u00f3k \u00e9s a korm\u00e1nyhivatalok foglalkoztat\u00e1si oszt\u00e1lyainak szorosabb egy\u00fcttm\u0171k\u00f6d\u00e9s\u00e9re \u00e9p\u00fcl\u0151 munkaer\u0151piaci reformprogram bevezet\u00e9se \u2013 mondta a P\u00e9nz\u00fcgyminiszt\u00e9rium foglalkoztat\u00e1spolitik\u00e1\u00e9rt \u00e9s v\u00e1llalati kapcsolatok\u00e9rt felel\u0151s \u00e1llamtitk\u00e1ra Egerben. Bod\u00f3 S\u00e1ndor a t\u00e9m\u00e1ban tartott egyeztet\u00e9st k\u00f6vet\u0151 sajt\u00f3t\u00e1j\u00e9koztat\u00f3n kiemelte: az orsz\u00e1g h\u00e1rom megy\u00e9j\u00e9ben \u2013 Hajd\u00fa-Bihar, Szabolcs-Szatm\u00e1r-Bereg \u00e9s Borsod-Aba\u00faj-Zempl\u00e9n megy\u00e9ben \u2013 m\u00e1r bevezetett \u00e9s az elm\u00falt\" \/>\n\t\t<meta property=\"og:url\" content=\"https:\/\/allasorias.hu\/hirek\/munkaeropiaci-reformprogram-heves-megyeben-is\/\" \/>\n\t\t<meta property=\"og:image\" content=\"https:\/\/allasorias.hu\/hirek\/wp-content\/uploads\/2019\/02\/58ea7941dafb0.jpg\" \/>\n\t\t<meta property=\"og:image:secure_url\" content=\"https:\/\/allasorias.hu\/hirek\/wp-content\/uploads\/2019\/02\/58ea7941dafb0.jpg\" \/>\n\t\t<meta property=\"og:image:width\" content=\"800\" \/>\n\t\t<meta property=\"og:image:height\" content=\"480\" \/>\n\t\t<meta property=\"article:published_time\" content=\"2019-04-30T08:17:00+00:00\" \/>\n\t\t<meta property=\"article:modified_time\" content=\"2019-04-30T08:17:00+00:00\" \/>\n\t\t<meta property=\"article:publisher\" content=\"https:\/\/www.facebook.com\/allasorias\" \/>\n\t\t<meta name=\"twitter:card\" content=\"summary_large_image\" \/>\n\t\t<meta name=\"twitter:title\" content=\"Munkaer\u0151piaci reformprogram Heves megy\u00e9ben is | AllasOrias.hu | H\u00edrek-lapszemle\" \/>\n\t\t<meta name=\"twitter:description\" content=\"\u00c1ll\u00e1stalan vagy k\u00f6zfoglalkoztatott emberek elhelyezked\u00e9s\u00e9t seg\u00edti a munkaad\u00f3k \u00e9s a korm\u00e1nyhivatalok foglalkoztat\u00e1si oszt\u00e1lyainak szorosabb egy\u00fcttm\u0171k\u00f6d\u00e9s\u00e9re \u00e9p\u00fcl\u0151 munkaer\u0151piaci reformprogram bevezet\u00e9se \u2013 mondta a P\u00e9nz\u00fcgyminiszt\u00e9rium foglalkoztat\u00e1spolitik\u00e1\u00e9rt \u00e9s v\u00e1llalati kapcsolatok\u00e9rt felel\u0151s \u00e1llamtitk\u00e1ra Egerben. Bod\u00f3 S\u00e1ndor a t\u00e9m\u00e1ban tartott egyeztet\u00e9st k\u00f6vet\u0151 sajt\u00f3t\u00e1j\u00e9koztat\u00f3n kiemelte: az orsz\u00e1g h\u00e1rom megy\u00e9j\u00e9ben \u2013 Hajd\u00fa-Bihar, Szabolcs-Szatm\u00e1r-Bereg \u00e9s Borsod-Aba\u00faj-Zempl\u00e9n megy\u00e9ben \u2013 m\u00e1r bevezetett \u00e9s az elm\u00falt\" \/>\n\t\t<meta name=\"twitter:image\" content=\"https:\/\/allasorias.hu\/hirek\/wp-content\/uploads\/2019\/02\/58ea7941dafb0.jpg\" \/>\n\t\t<meta name=\"twitter:label1\" content=\"Written by\" \/>\n\t\t<meta name=\"twitter:data1\" content=\"Juh\u00e1sz P\u00e9ter\" \/>\n\t\t<meta name=\"twitter:label2\" content=\"Est. reading time\" \/>\n\t\t<meta name=\"twitter:data2\" content=\"2 minutes\" \/>\n\t\t<script type=\"application\/ld+json\" class=\"aioseo-schema\">\n\t\t\t{\"@context\":\"https:\\\/\\\/schema.org\",\"@graph\":[{\"@type\":\"Article\",\"@id\":\"https:\\\/\\\/allasorias.hu\\\/hirek\\\/munkaeropiaci-reformprogram-heves-megyeben-is\\\/#article\",\"name\":\"Munkaer\\u0151piaci reformprogram Heves megy\\u00e9ben is | AllasOrias.hu | H\\u00edrek-lapszemle\",\"headline\":\"Munkaer\\u0151piaci reformprogram Heves megy\\u00e9ben is\",\"author\":{\"@id\":\"https:\\\/\\\/allasorias.hu\\\/hirek\\\/author\\\/admin-allasorias\\\/#author\"},\"publisher\":{\"@id\":\"https:\\\/\\\/allasorias.hu\\\/hirek\\\/#organization\"},\"image\":{\"@type\":\"ImageObject\",\"url\":\"https:\\\/\\\/allasorias.hu\\\/hirek\\\/wp-content\\\/uploads\\\/2019\\\/02\\\/58ea7941dafb0.jpg\",\"width\":800,\"height\":480},\"datePublished\":\"2019-04-30T08:17:00+02:00\",\"dateModified\":\"2019-04-30T08:17:00+02:00\",\"inLanguage\":\"hu-HU\",\"mainEntityOfPage\":{\"@id\":\"https:\\\/\\\/allasorias.hu\\\/hirek\\\/munkaeropiaci-reformprogram-heves-megyeben-is\\\/#webpage\"},\"isPartOf\":{\"@id\":\"https:\\\/\\\/allasorias.hu\\\/hirek\\\/munkaeropiaci-reformprogram-heves-megyeben-is\\\/#webpage\"},\"articleSection\":\"\\u00c1ll\\u00e1skeres\\u00e9s, Munkaer\\u0151piac\"},{\"@type\":\"BreadcrumbList\",\"@id\":\"https:\\\/\\\/allasorias.hu\\\/hirek\\\/munkaeropiaci-reformprogram-heves-megyeben-is\\\/#breadcrumblist\",\"itemListElement\":[{\"@type\":\"ListItem\",\"@id\":\"https:\\\/\\\/allasorias.hu\\\/hirek#listItem\",\"position\":1,\"name\":\"Home\",\"item\":\"https:\\\/\\\/allasorias.hu\\\/hirek\",\"nextItem\":{\"@type\":\"ListItem\",\"@id\":\"https:\\\/\\\/allasorias.hu\\\/hirek\\\/temak\\\/allaskereses\\\/#listItem\",\"name\":\"\\u00c1ll\\u00e1skeres\\u00e9s\"}},{\"@type\":\"ListItem\",\"@id\":\"https:\\\/\\\/allasorias.hu\\\/hirek\\\/temak\\\/allaskereses\\\/#listItem\",\"position\":2,\"name\":\"\\u00c1ll\\u00e1skeres\\u00e9s\",\"item\":\"https:\\\/\\\/allasorias.hu\\\/hirek\\\/temak\\\/allaskereses\\\/\",\"nextItem\":{\"@type\":\"ListItem\",\"@id\":\"https:\\\/\\\/allasorias.hu\\\/hirek\\\/munkaeropiaci-reformprogram-heves-megyeben-is\\\/#listItem\",\"name\":\"Munkaer\\u0151piaci reformprogram Heves megy\\u00e9ben is\"},\"previousItem\":{\"@type\":\"ListItem\",\"@id\":\"https:\\\/\\\/allasorias.hu\\\/hirek#listItem\",\"name\":\"Home\"}},{\"@type\":\"ListItem\",\"@id\":\"https:\\\/\\\/allasorias.hu\\\/hirek\\\/munkaeropiaci-reformprogram-heves-megyeben-is\\\/#listItem\",\"position\":3,\"name\":\"Munkaer\\u0151piaci reformprogram Heves megy\\u00e9ben is\",\"previousItem\":{\"@type\":\"ListItem\",\"@id\":\"https:\\\/\\\/allasorias.hu\\\/hirek\\\/temak\\\/allaskereses\\\/#listItem\",\"name\":\"\\u00c1ll\\u00e1skeres\\u00e9s\"}}]},{\"@type\":\"Organization\",\"@id\":\"https:\\\/\\\/allasorias.hu\\\/hirek\\\/#organization\",\"name\":\"AllasOrias.hu | H\\u00edrek-lapszemle\",\"description\":\"\\u00dczleti h\\u00edrek az \\u00e1ll\\u00e1s \\u00e9s a munka vil\\u00e1g\\u00e1b\\u00f3l\",\"url\":\"https:\\\/\\\/allasorias.hu\\\/hirek\\\/\",\"logo\":{\"@type\":\"ImageObject\",\"url\":\"https:\\\/\\\/allasorias.hu\\\/hirek\\\/wp-content\\\/uploads\\\/2022\\\/10\\\/allasorias_site_facebok_logo.png\",\"@id\":\"https:\\\/\\\/allasorias.hu\\\/hirek\\\/munkaeropiaci-reformprogram-heves-megyeben-is\\\/#organizationLogo\"},\"image\":{\"@id\":\"https:\\\/\\\/allasorias.hu\\\/hirek\\\/munkaeropiaci-reformprogram-heves-megyeben-is\\\/#organizationLogo\"},\"sameAs\":[\"https:\\\/\\\/www.facebook.com\\\/allasorias\",\"https:\\\/\\\/www.linkedin.com\\\/company\\\/allasorias\"]},{\"@type\":\"Person\",\"@id\":\"https:\\\/\\\/allasorias.hu\\\/hirek\\\/author\\\/admin-allasorias\\\/#author\",\"url\":\"https:\\\/\\\/allasorias.hu\\\/hirek\\\/author\\\/admin-allasorias\\\/\",\"name\":\"Juh\\u00e1sz P\\u00e9ter\",\"image\":{\"@type\":\"ImageObject\",\"@id\":\"https:\\\/\\\/allasorias.hu\\\/hirek\\\/munkaeropiaci-reformprogram-heves-megyeben-is\\\/#authorImage\",\"url\":\"https:\\\/\\\/secure.gravatar.com\\\/avatar\\\/36e6bcb83148978b992977cb0f54d22feb0cce8a0a849a9410532bb2623ba4c6?s=96&d=mm&r=g\",\"width\":96,\"height\":96,\"caption\":\"Juh\\u00e1sz P\\u00e9ter\"}},{\"@type\":\"WebPage\",\"@id\":\"https:\\\/\\\/allasorias.hu\\\/hirek\\\/munkaeropiaci-reformprogram-heves-megyeben-is\\\/#webpage\",\"url\":\"https:\\\/\\\/allasorias.hu\\\/hirek\\\/munkaeropiaci-reformprogram-heves-megyeben-is\\\/\",\"name\":\"Munkaer\\u0151piaci reformprogram Heves megy\\u00e9ben is | AllasOrias.hu | H\\u00edrek-lapszemle\",\"description\":\"\\u00c1ll\\u00e1stalan vagy k\\u00f6zfoglalkoztatott emberek elhelyezked\\u00e9s\\u00e9t seg\\u00edti a munkaad\\u00f3k \\u00e9s a korm\\u00e1nyhivatalok foglalkoztat\\u00e1si oszt\\u00e1lyainak szorosabb egy\\u00fcttm\\u0171k\\u00f6d\\u00e9s\\u00e9re \\u00e9p\\u00fcl\\u0151 munkaer\\u0151piaci reformprogram bevezet\\u00e9se \\u2013 mondta a P\\u00e9nz\\u00fcgyminiszt\\u00e9rium foglalkoztat\\u00e1spolitik\\u00e1\\u00e9rt \\u00e9s v\\u00e1llalati kapcsolatok\\u00e9rt felel\\u0151s \\u00e1llamtitk\\u00e1ra Egerben. Bod\\u00f3 S\\u00e1ndor a t\\u00e9m\\u00e1ban tartott egyeztet\\u00e9st k\\u00f6vet\\u0151 sajt\\u00f3t\\u00e1j\\u00e9koztat\\u00f3n kiemelte: az orsz\\u00e1g h\\u00e1rom megy\\u00e9j\\u00e9ben \\u2013 Hajd\\u00fa-Bihar, Szabolcs-Szatm\\u00e1r-Bereg \\u00e9s Borsod-Aba\\u00faj-Zempl\\u00e9n megy\\u00e9ben \\u2013 m\\u00e1r bevezetett \\u00e9s az elm\\u00falt\",\"inLanguage\":\"hu-HU\",\"isPartOf\":{\"@id\":\"https:\\\/\\\/allasorias.hu\\\/hirek\\\/#website\"},\"breadcrumb\":{\"@id\":\"https:\\\/\\\/allasorias.hu\\\/hirek\\\/munkaeropiaci-reformprogram-heves-megyeben-is\\\/#breadcrumblist\"},\"author\":{\"@id\":\"https:\\\/\\\/allasorias.hu\\\/hirek\\\/author\\\/admin-allasorias\\\/#author\"},\"creator\":{\"@id\":\"https:\\\/\\\/allasorias.hu\\\/hirek\\\/author\\\/admin-allasorias\\\/#author\"},\"image\":{\"@type\":\"ImageObject\",\"url\":\"https:\\\/\\\/allasorias.hu\\\/hirek\\\/wp-content\\\/uploads\\\/2019\\\/02\\\/58ea7941dafb0.jpg\",\"@id\":\"https:\\\/\\\/allasorias.hu\\\/hirek\\\/munkaeropiaci-reformprogram-heves-megyeben-is\\\/#mainImage\",\"width\":800,\"height\":480},\"primaryImageOfPage\":{\"@id\":\"https:\\\/\\\/allasorias.hu\\\/hirek\\\/munkaeropiaci-reformprogram-heves-megyeben-is\\\/#mainImage\"},\"datePublished\":\"2019-04-30T08:17:00+02:00\",\"dateModified\":\"2019-04-30T08:17:00+02:00\"},{\"@type\":\"WebSite\",\"@id\":\"https:\\\/\\\/allasorias.hu\\\/hirek\\\/#website\",\"url\":\"https:\\\/\\\/allasorias.hu\\\/hirek\\\/\",\"name\":\"AllasOrias.hu | H\\u00edrek-lapszemle\",\"description\":\"\\u00dczleti h\\u00edrek az \\u00e1ll\\u00e1s \\u00e9s a munka vil\\u00e1g\\u00e1b\\u00f3l\",\"inLanguage\":\"hu-HU\",\"publisher\":{\"@id\":\"https:\\\/\\\/allasorias.hu\\\/hirek\\\/#organization\"}}]}\n\t\t<\/script>\n\t\t<!-- All in One SEO -->\n\n","aioseo_head_json":{"title":"Munkaer\u0151piaci reformprogram Heves megy\u00e9ben is | AllasOrias.hu | H\u00edrek-lapszemle","description":"\u00c1ll\u00e1stalan vagy k\u00f6zfoglalkoztatott emberek elhelyezked\u00e9s\u00e9t seg\u00edti a munkaad\u00f3k \u00e9s a korm\u00e1nyhivatalok foglalkoztat\u00e1si oszt\u00e1lyainak szorosabb egy\u00fcttm\u0171k\u00f6d\u00e9s\u00e9re \u00e9p\u00fcl\u0151 munkaer\u0151piaci reformprogram bevezet\u00e9se \u2013 mondta a P\u00e9nz\u00fcgyminiszt\u00e9rium foglalkoztat\u00e1spolitik\u00e1\u00e9rt \u00e9s v\u00e1llalati kapcsolatok\u00e9rt felel\u0151s \u00e1llamtitk\u00e1ra Egerben. Bod\u00f3 S\u00e1ndor a t\u00e9m\u00e1ban tartott egyeztet\u00e9st k\u00f6vet\u0151 sajt\u00f3t\u00e1j\u00e9koztat\u00f3n kiemelte: az orsz\u00e1g h\u00e1rom megy\u00e9j\u00e9ben \u2013 Hajd\u00fa-Bihar, Szabolcs-Szatm\u00e1r-Bereg \u00e9s Borsod-Aba\u00faj-Zempl\u00e9n megy\u00e9ben \u2013 m\u00e1r bevezetett \u00e9s az elm\u00falt","canonical_url":"https:\/\/allasorias.hu\/hirek\/munkaeropiaci-reformprogram-heves-megyeben-is\/","robots":"max-image-preview:large","keywords":"","webmasterTools":{"miscellaneous":""},"schema":{"@context":"https:\/\/schema.org","@graph":[{"@type":"Article","@id":"https:\/\/allasorias.hu\/hirek\/munkaeropiaci-reformprogram-heves-megyeben-is\/#article","name":"Munkaer\u0151piaci reformprogram Heves megy\u00e9ben is | AllasOrias.hu | H\u00edrek-lapszemle","headline":"Munkaer\u0151piaci reformprogram Heves megy\u00e9ben is","author":{"@id":"https:\/\/allasorias.hu\/hirek\/author\/admin-allasorias\/#author"},"publisher":{"@id":"https:\/\/allasorias.hu\/hirek\/#organization"},"image":{"@type":"ImageObject","url":"https:\/\/allasorias.hu\/hirek\/wp-content\/uploads\/2019\/02\/58ea7941dafb0.jpg","width":800,"height":480},"datePublished":"2019-04-30T08:17:00+02:00","dateModified":"2019-04-30T08:17:00+02:00","inLanguage":"hu-HU","mainEntityOfPage":{"@id":"https:\/\/allasorias.hu\/hirek\/munkaeropiaci-reformprogram-heves-megyeben-is\/#webpage"},"isPartOf":{"@id":"https:\/\/allasorias.hu\/hirek\/munkaeropiaci-reformprogram-heves-megyeben-is\/#webpage"},"articleSection":"\u00c1ll\u00e1skeres\u00e9s, Munkaer\u0151piac"},{"@type":"BreadcrumbList","@id":"https:\/\/allasorias.hu\/hirek\/munkaeropiaci-reformprogram-heves-megyeben-is\/#breadcrumblist","itemListElement":[{"@type":"ListItem","@id":"https:\/\/allasorias.hu\/hirek#listItem","position":1,"name":"Home","item":"https:\/\/allasorias.hu\/hirek","nextItem":{"@type":"ListItem","@id":"https:\/\/allasorias.hu\/hirek\/temak\/allaskereses\/#listItem","name":"\u00c1ll\u00e1skeres\u00e9s"}},{"@type":"ListItem","@id":"https:\/\/allasorias.hu\/hirek\/temak\/allaskereses\/#listItem","position":2,"name":"\u00c1ll\u00e1skeres\u00e9s","item":"https:\/\/allasorias.hu\/hirek\/temak\/allaskereses\/","nextItem":{"@type":"ListItem","@id":"https:\/\/allasorias.hu\/hirek\/munkaeropiaci-reformprogram-heves-megyeben-is\/#listItem","name":"Munkaer\u0151piaci reformprogram Heves megy\u00e9ben is"},"previousItem":{"@type":"ListItem","@id":"https:\/\/allasorias.hu\/hirek#listItem","name":"Home"}},{"@type":"ListItem","@id":"https:\/\/allasorias.hu\/hirek\/munkaeropiaci-reformprogram-heves-megyeben-is\/#listItem","position":3,"name":"Munkaer\u0151piaci reformprogram Heves megy\u00e9ben is","previousItem":{"@type":"ListItem","@id":"https:\/\/allasorias.hu\/hirek\/temak\/allaskereses\/#listItem","name":"\u00c1ll\u00e1skeres\u00e9s"}}]},{"@type":"Organization","@id":"https:\/\/allasorias.hu\/hirek\/#organization","name":"AllasOrias.hu | H\u00edrek-lapszemle","description":"\u00dczleti h\u00edrek az \u00e1ll\u00e1s \u00e9s a munka vil\u00e1g\u00e1b\u00f3l","url":"https:\/\/allasorias.hu\/hirek\/","logo":{"@type":"ImageObject","url":"https:\/\/allasorias.hu\/hirek\/wp-content\/uploads\/2022\/10\/allasorias_site_facebok_logo.png","@id":"https:\/\/allasorias.hu\/hirek\/munkaeropiaci-reformprogram-heves-megyeben-is\/#organizationLogo"},"image":{"@id":"https:\/\/allasorias.hu\/hirek\/munkaeropiaci-reformprogram-heves-megyeben-is\/#organizationLogo"},"sameAs":["https:\/\/www.facebook.com\/allasorias","https:\/\/www.linkedin.com\/company\/allasorias"]},{"@type":"Person","@id":"https:\/\/allasorias.hu\/hirek\/author\/admin-allasorias\/#author","url":"https:\/\/allasorias.hu\/hirek\/author\/admin-allasorias\/","name":"Juh\u00e1sz P\u00e9ter","image":{"@type":"ImageObject","@id":"https:\/\/allasorias.hu\/hirek\/munkaeropiaci-reformprogram-heves-megyeben-is\/#authorImage","url":"https:\/\/secure.gravatar.com\/avatar\/36e6bcb83148978b992977cb0f54d22feb0cce8a0a849a9410532bb2623ba4c6?s=96&d=mm&r=g","width":96,"height":96,"caption":"Juh\u00e1sz P\u00e9ter"}},{"@type":"WebPage","@id":"https:\/\/allasorias.hu\/hirek\/munkaeropiaci-reformprogram-heves-megyeben-is\/#webpage","url":"https:\/\/allasorias.hu\/hirek\/munkaeropiaci-reformprogram-heves-megyeben-is\/","name":"Munkaer\u0151piaci reformprogram Heves megy\u00e9ben is | AllasOrias.hu | H\u00edrek-lapszemle","description":"\u00c1ll\u00e1stalan vagy k\u00f6zfoglalkoztatott emberek elhelyezked\u00e9s\u00e9t seg\u00edti a munkaad\u00f3k \u00e9s a korm\u00e1nyhivatalok foglalkoztat\u00e1si oszt\u00e1lyainak szorosabb egy\u00fcttm\u0171k\u00f6d\u00e9s\u00e9re \u00e9p\u00fcl\u0151 munkaer\u0151piaci reformprogram bevezet\u00e9se \u2013 mondta a P\u00e9nz\u00fcgyminiszt\u00e9rium foglalkoztat\u00e1spolitik\u00e1\u00e9rt \u00e9s v\u00e1llalati kapcsolatok\u00e9rt felel\u0151s \u00e1llamtitk\u00e1ra Egerben. Bod\u00f3 S\u00e1ndor a t\u00e9m\u00e1ban tartott egyeztet\u00e9st k\u00f6vet\u0151 sajt\u00f3t\u00e1j\u00e9koztat\u00f3n kiemelte: az orsz\u00e1g h\u00e1rom megy\u00e9j\u00e9ben \u2013 Hajd\u00fa-Bihar, Szabolcs-Szatm\u00e1r-Bereg \u00e9s Borsod-Aba\u00faj-Zempl\u00e9n megy\u00e9ben \u2013 m\u00e1r bevezetett \u00e9s az elm\u00falt","inLanguage":"hu-HU","isPartOf":{"@id":"https:\/\/allasorias.hu\/hirek\/#website"},"breadcrumb":{"@id":"https:\/\/allasorias.hu\/hirek\/munkaeropiaci-reformprogram-heves-megyeben-is\/#breadcrumblist"},"author":{"@id":"https:\/\/allasorias.hu\/hirek\/author\/admin-allasorias\/#author"},"creator":{"@id":"https:\/\/allasorias.hu\/hirek\/author\/admin-allasorias\/#author"},"image":{"@type":"ImageObject","url":"https:\/\/allasorias.hu\/hirek\/wp-content\/uploads\/2019\/02\/58ea7941dafb0.jpg","@id":"https:\/\/allasorias.hu\/hirek\/munkaeropiaci-reformprogram-heves-megyeben-is\/#mainImage","width":800,"height":480},"primaryImageOfPage":{"@id":"https:\/\/allasorias.hu\/hirek\/munkaeropiaci-reformprogram-heves-megyeben-is\/#mainImage"},"datePublished":"2019-04-30T08:17:00+02:00","dateModified":"2019-04-30T08:17:00+02:00"},{"@type":"WebSite","@id":"https:\/\/allasorias.hu\/hirek\/#website","url":"https:\/\/allasorias.hu\/hirek\/","name":"AllasOrias.hu | H\u00edrek-lapszemle","description":"\u00dczleti h\u00edrek az \u00e1ll\u00e1s \u00e9s a munka vil\u00e1g\u00e1b\u00f3l","inLanguage":"hu-HU","publisher":{"@id":"https:\/\/allasorias.hu\/hirek\/#organization"}}]},"og:locale":"hu_HU","og:site_name":"AllasOrias.hu | H\u00edrek-lapszemle | \u00dczleti h\u00edrek az \u00e1ll\u00e1s \u00e9s a munka vil\u00e1g\u00e1b\u00f3l","og:type":"article","og:title":"Munkaer\u0151piaci reformprogram Heves megy\u00e9ben is | AllasOrias.hu | H\u00edrek-lapszemle","og:description":"\u00c1ll\u00e1stalan vagy k\u00f6zfoglalkoztatott emberek elhelyezked\u00e9s\u00e9t seg\u00edti a munkaad\u00f3k \u00e9s a korm\u00e1nyhivatalok foglalkoztat\u00e1si oszt\u00e1lyainak szorosabb egy\u00fcttm\u0171k\u00f6d\u00e9s\u00e9re \u00e9p\u00fcl\u0151 munkaer\u0151piaci reformprogram bevezet\u00e9se \u2013 mondta a P\u00e9nz\u00fcgyminiszt\u00e9rium foglalkoztat\u00e1spolitik\u00e1\u00e9rt \u00e9s v\u00e1llalati kapcsolatok\u00e9rt felel\u0151s \u00e1llamtitk\u00e1ra Egerben. Bod\u00f3 S\u00e1ndor a t\u00e9m\u00e1ban tartott egyeztet\u00e9st k\u00f6vet\u0151 sajt\u00f3t\u00e1j\u00e9koztat\u00f3n kiemelte: az orsz\u00e1g h\u00e1rom megy\u00e9j\u00e9ben \u2013 Hajd\u00fa-Bihar, Szabolcs-Szatm\u00e1r-Bereg \u00e9s Borsod-Aba\u00faj-Zempl\u00e9n megy\u00e9ben \u2013 m\u00e1r bevezetett \u00e9s az elm\u00falt","og:url":"https:\/\/allasorias.hu\/hirek\/munkaeropiaci-reformprogram-heves-megyeben-is\/","og:image":"https:\/\/allasorias.hu\/hirek\/wp-content\/uploads\/2019\/02\/58ea7941dafb0.jpg","og:image:secure_url":"https:\/\/allasorias.hu\/hirek\/wp-content\/uploads\/2019\/02\/58ea7941dafb0.jpg","og:image:width":800,"og:image:height":480,"article:published_time":"2019-04-30T08:17:00+00:00","article:modified_time":"2019-04-30T08:17:00+00:00","article:publisher":"https:\/\/www.facebook.com\/allasorias","twitter:card":"summary_large_image","twitter:title":"Munkaer\u0151piaci reformprogram Heves megy\u00e9ben is | AllasOrias.hu | H\u00edrek-lapszemle","twitter:description":"\u00c1ll\u00e1stalan vagy k\u00f6zfoglalkoztatott emberek elhelyezked\u00e9s\u00e9t seg\u00edti a munkaad\u00f3k \u00e9s a korm\u00e1nyhivatalok foglalkoztat\u00e1si oszt\u00e1lyainak szorosabb egy\u00fcttm\u0171k\u00f6d\u00e9s\u00e9re \u00e9p\u00fcl\u0151 munkaer\u0151piaci reformprogram bevezet\u00e9se \u2013 mondta a P\u00e9nz\u00fcgyminiszt\u00e9rium foglalkoztat\u00e1spolitik\u00e1\u00e9rt \u00e9s v\u00e1llalati kapcsolatok\u00e9rt felel\u0151s \u00e1llamtitk\u00e1ra Egerben. Bod\u00f3 S\u00e1ndor a t\u00e9m\u00e1ban tartott egyeztet\u00e9st k\u00f6vet\u0151 sajt\u00f3t\u00e1j\u00e9koztat\u00f3n kiemelte: az orsz\u00e1g h\u00e1rom megy\u00e9j\u00e9ben \u2013 Hajd\u00fa-Bihar, Szabolcs-Szatm\u00e1r-Bereg \u00e9s Borsod-Aba\u00faj-Zempl\u00e9n megy\u00e9ben \u2013 m\u00e1r bevezetett \u00e9s az elm\u00falt","twitter:image":"https:\/\/allasorias.hu\/hirek\/wp-content\/uploads\/2019\/02\/58ea7941dafb0.jpg","twitter:label1":"Written by","twitter:data1":"Juh\u00e1sz P\u00e9ter","twitter:label2":"Est. reading time","twitter:data2":"2 minutes"},"aioseo_meta_data":{"post_id":"2829","title":null,"description":null,"keywords":null,"keyphrases":null,"primary_term":null,"canonical_url":null,"og_title":null,"og_description":null,"og_object_type":"default","og_image_type":"default","og_image_url":null,"og_image_width":null,"og_image_height":null,"og_image_custom_url":null,"og_image_custom_fields":null,"og_video":null,"og_custom_url":null,"og_article_section":null,"og_article_tags":null,"twitter_use_og":false,"twitter_card":"default","twitter_image_type":"default","twitter_image_url":null,"twitter_image_custom_url":null,"twitter_image_custom_fields":null,"twitter_title":null,"twitter_description":null,"schema":{"blockGraphs":[],"customGraphs":[],"default":{"data":{"Article":[],"Course":[],"Dataset":[],"FAQPage":[],"Movie":[],"Person":[],"Product":[],"ProductReview":[],"Car":[],"Recipe":[],"Service":[],"SoftwareApplication":[],"WebPage":[]},"graphName":"","isEnabled":true},"graphs":[]},"schema_type":null,"schema_type_options":null,"pillar_content":false,"robots_default":true,"robots_noindex":false,"robots_noarchive":false,"robots_nosnippet":false,"robots_nofollow":false,"robots_noimageindex":false,"robots_noodp":false,"robots_notranslate":false,"robots_max_snippet":null,"robots_max_videopreview":null,"robots_max_imagepreview":"large","priority":null,"frequency":null,"location":null,"local_seo":null,"breadcrumb_settings":null,"limit_modified_date":false,"ai":null,"created":"2021-02-01 21:14:05","updated":"2025-10-02 11:11:23","seo_analyzer_scan_date":null,"focus_keyword":null,"additional_keywords":null,"truseo_locale":null},"aioseo_breadcrumb":"<div class=\"aioseo-breadcrumbs\"><span class=\"aioseo-breadcrumb\">\n\t\t\t<a href=\"https:\/\/allasorias.hu\/hirek\" title=\"Home\">Home<\/a>\n\t\t<\/span><span class=\"aioseo-breadcrumb-separator\">&raquo;<\/span><span class=\"aioseo-breadcrumb\">\n\t\t\t<a href=\"https:\/\/allasorias.hu\/hirek\/temak\/allaskereses\/\" title=\"\u00c1ll\u00e1skeres\u00e9s\">\u00c1ll\u00e1skeres\u00e9s<\/a>\n\t\t<\/span><span class=\"aioseo-breadcrumb-separator\">&raquo;<\/span><span class=\"aioseo-breadcrumb\">\n\t\t\tMunkaer\u0151piaci reformprogram Heves megy\u00e9ben is\n\t\t<\/span><\/div>","aioseo_breadcrumb_json":[{"label":"Home","link":"https:\/\/allasorias.hu\/hirek"},{"label":"\u00c1ll\u00e1skeres\u00e9s","link":"https:\/\/allasorias.hu\/hirek\/temak\/allaskereses\/"},{"label":"Munkaer\u0151piaci reformprogram Heves megy\u00e9ben is","link":"https:\/\/allasorias.hu\/hirek\/munkaeropiaci-reformprogram-heves-megyeben-is\/"}],"_links":{"self":[{"href":"https:\/\/allasorias.hu\/hirek\/wp-json\/wp\/v2\/posts\/2829","targetHints":{"allow":["GET"]}}],"collection":[{"href":"https:\/\/allasorias.hu\/hirek\/wp-json\/wp\/v2\/posts"}],"about":[{"href":"https:\/\/allasorias.hu\/hirek\/wp-json\/wp\/v2\/types\/post"}],"author":[{"embeddable":true,"href":"https:\/\/allasorias.hu\/hirek\/wp-json\/wp\/v2\/users\/1"}],"replies":[{"embeddable":true,"href":"https:\/\/allasorias.hu\/hirek\/wp-json\/wp\/v2\/comments?post=2829"}],"version-history":[{"count":1,"href":"https:\/\/allasorias.hu\/hirek\/wp-json\/wp\/v2\/posts\/2829\/revisions"}],"predecessor-version":[{"id":2830,"href":"https:\/\/allasorias.hu\/hirek\/wp-json\/wp\/v2\/posts\/2829\/revisions\/2830"}],"wp:featuredmedia":[{"embeddable":true,"href":"https:\/\/allasorias.hu\/hirek\/wp-json\/wp\/v2\/media\/2516"}],"wp:attachment":[{"href":"https:\/\/allasorias.hu\/hirek\/wp-json\/wp\/v2\/media?parent=2829"}],"wp:term":[{"taxonomy":"category","embeddable":true,"href":"https:\/\/allasorias.hu\/hirek\/wp-json\/wp\/v2\/categories?post=2829"},{"taxonomy":"post_tag","embeddable":true,"href":"https:\/\/allasorias.hu\/hirek\/wp-json\/wp\/v2\/tags?post=2829"}],"curies":[{"name":"wp","href":"https:\/\/api.w.org\/{rel}","templated":true}]}}