{"id":2806,"date":"2019-04-24T08:01:41","date_gmt":"2019-04-24T08:01:41","guid":{"rendered":"https:\/\/allasorias.hu\/hirek\/?p=2806"},"modified":"2019-04-24T08:01:41","modified_gmt":"2019-04-24T08:01:41","slug":"az-amerikai-nyugdijasoknak-sincs-elegendo-penzuk","status":"publish","type":"post","link":"https:\/\/allasorias.hu\/hirek\/az-amerikai-nyugdijasoknak-sincs-elegendo-penzuk\/","title":{"rendered":"Az amerikai nyugd\u00edjasoknak sincs elegend\u0151 p\u00e9nz\u00fck"},"content":{"rendered":"<p><strong>Az amerikai nyugd\u00edjasoknak is le kell mondaniuk a pihen\u00e9sr\u0151l, mert nincs elegend\u0151 p\u00e9nz\u00fck a pihen\u00e9sre \u00e9s dolgozni k\u00e9nyszer\u00fclnek. A szakadozott szoci\u00e1lis h\u00e1l\u00f3, a nem megfelel\u0151 nyugd\u00edjmegtakar\u00edt\u00e1si tervek \u00e9s az egekbe emelked\u0151 eg\u00e9szs\u00e9g\u00fcgyi k\u00f6lts\u00e9gek miatt egyre t\u00f6bb id\u0151s amerikai d\u00f6nt a munkav\u00e1llal\u00e1s mellett- \u00edrja a Bloomber h\u00edr\u00fcgyn\u00f6ks\u00e9g alapj\u00e1n a Portfolio.hu.<\/strong><\/p>\n<p>57 \u00e9v ut\u00e1n el\u0151sz\u00f6r a 65 \u00e9v felettiek munkaer\u0151piaci r\u00e9szv\u00e9teli ar\u00e1nya el\u00e9rte a 20%-ot. Ez az ar\u00e1nysz\u00e1m 1985-ben csup\u00e1n 10% volt. A nyugd\u00edjra jogosultak sz\u00e1m\u00e1ra neh\u00e9z \u00e9vek k\u00f6vetkeznek 65 \u00e9v felett, ugyanis Amerik\u00e1ban \u00e1tlagosan a kor\u00e1bbi j\u00f6vedelm\u00fck 40-50%-\u00e1t kapj\u00e1k meg nyugd\u00edjk\u00e9nt az emberek. Az \u00e1ltal\u00e1nos v\u00e9leked\u00e9s szerint nagyj\u00e1b\u00f3l 80%-os ar\u00e1nysz\u00e1mn\u00e1l \u00e1ll el\u0151 az a\u00a0 helyzet, hogy a nyugd\u00edjasoknak nem kell dolgozniuk a korhat\u00e1r el\u00e9r\u00e9se ut\u00e1n. Itthon m\u00e1rciusban jelent meg az \u00faj nyugd\u00edjszorz\u00f3kr\u00f3l sz\u00f3l\u00f3 rendelet, amelyek seg\u00edts\u00e9g\u00e9vel a ledolgozott \u00e9vekben szerzett j\u00f6vedelemhez igaz\u00edtj\u00e1k a havi nyugd\u00edjat. A napi.hu ez alapj\u00e1n kisz\u00e1molta, hogy egy most nyugd\u00edjba vonul\u00f3 ember mennyi p\u00e9nzre sz\u00e1m\u00edthat. A nyugd\u00edj term\u00e9szetesen att\u00f3l f\u00fcgg, hogy milyen volt az ember fizet\u00e9se \u2013 a fikt\u00edv p\u00e9ld\u00e1val azt n\u00e9zt\u00e9k meg, milyen nyugd\u00edjra sz\u00e1m\u00edthatna az, aki az elm\u00falt \u00e9vtizedekben mindig az aktu\u00e1lis \u00e1tlagb\u00e9rt kapta meg. Aki harminc \u00e9v munka ut\u00e1n ment nyugd\u00edjba, annak 147-150 ezer forint jutna, aki viszont 35 \u00e9v munkaviszonyt tud felmutatni, annak 158-161 ezer forint lehetne a havi j\u00e1rand\u00f3s\u00e1ga. Negyven \u00e9v munkaviszony ut\u00e1n m\u00e1r 173-177 ezer forint lehetne a havi \u00e1tlagnyugd\u00edj, 45 \u00e9v ut\u00e1n pedig 194-199 ezer forint j\u00e1rna. Enn\u00e9l az\u00e9rt val\u00f3sz\u00edn\u0171leg a legt\u00f6bben kevesebbet kapnak, hiszen az emberek t\u00f6bbs\u00e9ge most az \u00e1tlagfizet\u00e9sn\u00e9l kevesebbet keres, \u00e9s ez \u00edgy volt az elm\u00falt \u00e9vtizedek nagy r\u00e9sz\u00e9ben is. A KSH adatai szerint 2017-ben a nyugd\u00edjasok 31,6 sz\u00e1zal\u00e9ka havi 100 ezer forintn\u00e1l kevesebbet kapott, 66,6 sz\u00e1zal\u00e9kuknak pedig nem jutott havonta 140 ezer forint.<\/p>\n<p>Forr\u00e1s: hvg.hu<\/p>\n","protected":false},"excerpt":{"rendered":"<p>Az amerikai nyugd\u00edjasoknak is le kell mondaniuk a pihen\u00e9sr\u0151l, mert nincs elegend\u0151 p\u00e9nz\u00fck a pihen\u00e9sre \u00e9s dolgozni k\u00e9nyszer\u00fclnek. A szakadozott szoci\u00e1lis h\u00e1l\u00f3, a nem megfelel\u0151 nyugd\u00edjmegtakar\u00edt\u00e1si tervek \u00e9s az egekbe emelked\u0151 eg\u00e9szs\u00e9g\u00fcgyi k\u00f6lts\u00e9gek miatt egyre t\u00f6bb id\u0151s amerikai d\u00f6nt a munkav\u00e1llal\u00e1s mellett- \u00edrja a Bloomber h\u00edr\u00fcgyn\u00f6ks\u00e9g alapj\u00e1n a Portfolio.hu. 57 \u00e9v ut\u00e1n el\u0151sz\u00f6r a 65 [&hellip;]<\/p>\n","protected":false},"author":1,"featured_media":2500,"comment_status":"open","ping_status":"open","sticky":false,"template":"","format":"standard","meta":{"_monsterinsights_skip_tracking":false,"footnotes":""},"categories":[198,201],"tags":[],"class_list":["post-2806","post","type-post","status-publish","format-standard","has-post-thumbnail","hentry","category-gazdasag","category-kulfold"],"aioseo_notices":[],"aioseo_head":"\n\t\t<!-- All in One SEO 5.0.0.1 - aioseo.com -->\n\t<meta name=\"description\" content=\"Az amerikai nyugd\u00edjasoknak is le kell mondaniuk a pihen\u00e9sr\u0151l, mert nincs elegend\u0151 p\u00e9nz\u00fck a pihen\u00e9sre \u00e9s dolgozni k\u00e9nyszer\u00fclnek. A szakadozott szoci\u00e1lis h\u00e1l\u00f3, a nem megfelel\u0151 nyugd\u00edjmegtakar\u00edt\u00e1si tervek \u00e9s az egekbe emelked\u0151 eg\u00e9szs\u00e9g\u00fcgyi k\u00f6lts\u00e9gek miatt egyre t\u00f6bb id\u0151s amerikai d\u00f6nt a munkav\u00e1llal\u00e1s mellett- \u00edrja a Bloomber h\u00edr\u00fcgyn\u00f6ks\u00e9g alapj\u00e1n a Portfolio.hu. 57 \u00e9v ut\u00e1n el\u0151sz\u00f6r a 65\" \/>\n\t<meta name=\"robots\" content=\"max-image-preview:large\" \/>\n\t<meta name=\"author\" content=\"Juh\u00e1sz P\u00e9ter\"\/>\n\t<link rel=\"canonical\" href=\"https:\/\/allasorias.hu\/hirek\/az-amerikai-nyugdijasoknak-sincs-elegendo-penzuk\/\" \/>\n\t<meta name=\"generator\" content=\"All in One SEO (AIOSEO) 5.0.0.1\" \/>\n\t\t<meta property=\"og:locale\" content=\"hu_HU\" \/>\n\t\t<meta property=\"og:site_name\" content=\"AllasOrias.hu | H\u00edrek-lapszemle | \u00dczleti h\u00edrek az \u00e1ll\u00e1s \u00e9s a munka vil\u00e1g\u00e1b\u00f3l\" \/>\n\t\t<meta property=\"og:type\" content=\"article\" \/>\n\t\t<meta property=\"og:title\" content=\"Az amerikai nyugd\u00edjasoknak sincs elegend\u0151 p\u00e9nz\u00fck | AllasOrias.hu | H\u00edrek-lapszemle\" \/>\n\t\t<meta property=\"og:description\" content=\"Az amerikai nyugd\u00edjasoknak is le kell mondaniuk a pihen\u00e9sr\u0151l, mert nincs elegend\u0151 p\u00e9nz\u00fck a pihen\u00e9sre \u00e9s dolgozni k\u00e9nyszer\u00fclnek. A szakadozott szoci\u00e1lis h\u00e1l\u00f3, a nem megfelel\u0151 nyugd\u00edjmegtakar\u00edt\u00e1si tervek \u00e9s az egekbe emelked\u0151 eg\u00e9szs\u00e9g\u00fcgyi k\u00f6lts\u00e9gek miatt egyre t\u00f6bb id\u0151s amerikai d\u00f6nt a munkav\u00e1llal\u00e1s mellett- \u00edrja a Bloomber h\u00edr\u00fcgyn\u00f6ks\u00e9g alapj\u00e1n a Portfolio.hu. 57 \u00e9v ut\u00e1n el\u0151sz\u00f6r a 65\" \/>\n\t\t<meta property=\"og:url\" content=\"https:\/\/allasorias.hu\/hirek\/az-amerikai-nyugdijasoknak-sincs-elegendo-penzuk\/\" \/>\n\t\t<meta property=\"og:image\" content=\"https:\/\/allasorias.hu\/hirek\/wp-content\/uploads\/2019\/02\/old-age-164760_1280.jpg\" \/>\n\t\t<meta property=\"og:image:secure_url\" content=\"https:\/\/allasorias.hu\/hirek\/wp-content\/uploads\/2019\/02\/old-age-164760_1280.jpg\" \/>\n\t\t<meta property=\"og:image:width\" content=\"1280\" \/>\n\t\t<meta property=\"og:image:height\" content=\"853\" \/>\n\t\t<meta property=\"article:published_time\" content=\"2019-04-24T08:01:41+00:00\" \/>\n\t\t<meta property=\"article:modified_time\" content=\"2019-04-24T08:01:41+00:00\" \/>\n\t\t<meta property=\"article:publisher\" content=\"https:\/\/www.facebook.com\/allasorias\" \/>\n\t\t<meta name=\"twitter:card\" content=\"summary_large_image\" \/>\n\t\t<meta name=\"twitter:title\" content=\"Az amerikai nyugd\u00edjasoknak sincs elegend\u0151 p\u00e9nz\u00fck | AllasOrias.hu | H\u00edrek-lapszemle\" \/>\n\t\t<meta name=\"twitter:description\" content=\"Az amerikai nyugd\u00edjasoknak is le kell mondaniuk a pihen\u00e9sr\u0151l, mert nincs elegend\u0151 p\u00e9nz\u00fck a pihen\u00e9sre \u00e9s dolgozni k\u00e9nyszer\u00fclnek. A szakadozott szoci\u00e1lis h\u00e1l\u00f3, a nem megfelel\u0151 nyugd\u00edjmegtakar\u00edt\u00e1si tervek \u00e9s az egekbe emelked\u0151 eg\u00e9szs\u00e9g\u00fcgyi k\u00f6lts\u00e9gek miatt egyre t\u00f6bb id\u0151s amerikai d\u00f6nt a munkav\u00e1llal\u00e1s mellett- \u00edrja a Bloomber h\u00edr\u00fcgyn\u00f6ks\u00e9g alapj\u00e1n a Portfolio.hu. 57 \u00e9v ut\u00e1n el\u0151sz\u00f6r a 65\" \/>\n\t\t<meta name=\"twitter:image\" content=\"https:\/\/allasorias.hu\/hirek\/wp-content\/uploads\/2019\/02\/old-age-164760_1280.jpg\" \/>\n\t\t<meta name=\"twitter:label1\" content=\"Written by\" \/>\n\t\t<meta name=\"twitter:data1\" content=\"Juh\u00e1sz P\u00e9ter\" \/>\n\t\t<meta name=\"twitter:label2\" content=\"Est. reading time\" \/>\n\t\t<meta name=\"twitter:data2\" content=\"2 minutes\" \/>\n\t\t<script type=\"application\/ld+json\" class=\"aioseo-schema\">\n\t\t\t{\"@context\":\"https:\\\/\\\/schema.org\",\"@graph\":[{\"@type\":\"Article\",\"@id\":\"https:\\\/\\\/allasorias.hu\\\/hirek\\\/az-amerikai-nyugdijasoknak-sincs-elegendo-penzuk\\\/#article\",\"name\":\"Az amerikai nyugd\\u00edjasoknak sincs elegend\\u0151 p\\u00e9nz\\u00fck | AllasOrias.hu | H\\u00edrek-lapszemle\",\"headline\":\"Az amerikai nyugd\\u00edjasoknak sincs elegend\\u0151 p\\u00e9nz\\u00fck\",\"author\":{\"@id\":\"https:\\\/\\\/allasorias.hu\\\/hirek\\\/author\\\/admin-allasorias\\\/#author\"},\"publisher\":{\"@id\":\"https:\\\/\\\/allasorias.hu\\\/hirek\\\/#organization\"},\"image\":{\"@type\":\"ImageObject\",\"url\":\"https:\\\/\\\/allasorias.hu\\\/hirek\\\/wp-content\\\/uploads\\\/2019\\\/02\\\/old-age-164760_1280.jpg\",\"width\":1280,\"height\":853},\"datePublished\":\"2019-04-24T08:01:41+02:00\",\"dateModified\":\"2019-04-24T08:01:41+02:00\",\"inLanguage\":\"hu-HU\",\"mainEntityOfPage\":{\"@id\":\"https:\\\/\\\/allasorias.hu\\\/hirek\\\/az-amerikai-nyugdijasoknak-sincs-elegendo-penzuk\\\/#webpage\"},\"isPartOf\":{\"@id\":\"https:\\\/\\\/allasorias.hu\\\/hirek\\\/az-amerikai-nyugdijasoknak-sincs-elegendo-penzuk\\\/#webpage\"},\"articleSection\":\"Gazdas\\u00e1g, K\\u00fclf\\u00f6ld\"},{\"@type\":\"BreadcrumbList\",\"@id\":\"https:\\\/\\\/allasorias.hu\\\/hirek\\\/az-amerikai-nyugdijasoknak-sincs-elegendo-penzuk\\\/#breadcrumblist\",\"itemListElement\":[{\"@type\":\"ListItem\",\"@id\":\"https:\\\/\\\/allasorias.hu\\\/hirek#listItem\",\"position\":1,\"name\":\"Home\",\"item\":\"https:\\\/\\\/allasorias.hu\\\/hirek\",\"nextItem\":{\"@type\":\"ListItem\",\"@id\":\"https:\\\/\\\/allasorias.hu\\\/hirek\\\/temak\\\/gazdasag\\\/#listItem\",\"name\":\"Gazdas\\u00e1g\"}},{\"@type\":\"ListItem\",\"@id\":\"https:\\\/\\\/allasorias.hu\\\/hirek\\\/temak\\\/gazdasag\\\/#listItem\",\"position\":2,\"name\":\"Gazdas\\u00e1g\",\"item\":\"https:\\\/\\\/allasorias.hu\\\/hirek\\\/temak\\\/gazdasag\\\/\",\"nextItem\":{\"@type\":\"ListItem\",\"@id\":\"https:\\\/\\\/allasorias.hu\\\/hirek\\\/az-amerikai-nyugdijasoknak-sincs-elegendo-penzuk\\\/#listItem\",\"name\":\"Az amerikai nyugd\\u00edjasoknak sincs elegend\\u0151 p\\u00e9nz\\u00fck\"},\"previousItem\":{\"@type\":\"ListItem\",\"@id\":\"https:\\\/\\\/allasorias.hu\\\/hirek#listItem\",\"name\":\"Home\"}},{\"@type\":\"ListItem\",\"@id\":\"https:\\\/\\\/allasorias.hu\\\/hirek\\\/az-amerikai-nyugdijasoknak-sincs-elegendo-penzuk\\\/#listItem\",\"position\":3,\"name\":\"Az amerikai nyugd\\u00edjasoknak sincs elegend\\u0151 p\\u00e9nz\\u00fck\",\"previousItem\":{\"@type\":\"ListItem\",\"@id\":\"https:\\\/\\\/allasorias.hu\\\/hirek\\\/temak\\\/gazdasag\\\/#listItem\",\"name\":\"Gazdas\\u00e1g\"}}]},{\"@type\":\"Organization\",\"@id\":\"https:\\\/\\\/allasorias.hu\\\/hirek\\\/#organization\",\"name\":\"AllasOrias.hu | H\\u00edrek-lapszemle\",\"description\":\"\\u00dczleti h\\u00edrek az \\u00e1ll\\u00e1s \\u00e9s a munka vil\\u00e1g\\u00e1b\\u00f3l\",\"url\":\"https:\\\/\\\/allasorias.hu\\\/hirek\\\/\",\"logo\":{\"@type\":\"ImageObject\",\"url\":\"https:\\\/\\\/allasorias.hu\\\/hirek\\\/wp-content\\\/uploads\\\/2022\\\/10\\\/allasorias_site_facebok_logo.png\",\"@id\":\"https:\\\/\\\/allasorias.hu\\\/hirek\\\/az-amerikai-nyugdijasoknak-sincs-elegendo-penzuk\\\/#organizationLogo\"},\"image\":{\"@id\":\"https:\\\/\\\/allasorias.hu\\\/hirek\\\/az-amerikai-nyugdijasoknak-sincs-elegendo-penzuk\\\/#organizationLogo\"},\"sameAs\":[\"https:\\\/\\\/www.facebook.com\\\/allasorias\",\"https:\\\/\\\/www.linkedin.com\\\/company\\\/allasorias\"]},{\"@type\":\"Person\",\"@id\":\"https:\\\/\\\/allasorias.hu\\\/hirek\\\/author\\\/admin-allasorias\\\/#author\",\"url\":\"https:\\\/\\\/allasorias.hu\\\/hirek\\\/author\\\/admin-allasorias\\\/\",\"name\":\"Juh\\u00e1sz P\\u00e9ter\",\"image\":{\"@type\":\"ImageObject\",\"@id\":\"https:\\\/\\\/allasorias.hu\\\/hirek\\\/az-amerikai-nyugdijasoknak-sincs-elegendo-penzuk\\\/#authorImage\",\"url\":\"https:\\\/\\\/secure.gravatar.com\\\/avatar\\\/36e6bcb83148978b992977cb0f54d22feb0cce8a0a849a9410532bb2623ba4c6?s=96&d=mm&r=g\",\"width\":96,\"height\":96,\"caption\":\"Juh\\u00e1sz P\\u00e9ter\"}},{\"@type\":\"WebPage\",\"@id\":\"https:\\\/\\\/allasorias.hu\\\/hirek\\\/az-amerikai-nyugdijasoknak-sincs-elegendo-penzuk\\\/#webpage\",\"url\":\"https:\\\/\\\/allasorias.hu\\\/hirek\\\/az-amerikai-nyugdijasoknak-sincs-elegendo-penzuk\\\/\",\"name\":\"Az amerikai nyugd\\u00edjasoknak sincs elegend\\u0151 p\\u00e9nz\\u00fck | AllasOrias.hu | H\\u00edrek-lapszemle\",\"description\":\"Az amerikai nyugd\\u00edjasoknak is le kell mondaniuk a pihen\\u00e9sr\\u0151l, mert nincs elegend\\u0151 p\\u00e9nz\\u00fck a pihen\\u00e9sre \\u00e9s dolgozni k\\u00e9nyszer\\u00fclnek. A szakadozott szoci\\u00e1lis h\\u00e1l\\u00f3, a nem megfelel\\u0151 nyugd\\u00edjmegtakar\\u00edt\\u00e1si tervek \\u00e9s az egekbe emelked\\u0151 eg\\u00e9szs\\u00e9g\\u00fcgyi k\\u00f6lts\\u00e9gek miatt egyre t\\u00f6bb id\\u0151s amerikai d\\u00f6nt a munkav\\u00e1llal\\u00e1s mellett- \\u00edrja a Bloomber h\\u00edr\\u00fcgyn\\u00f6ks\\u00e9g alapj\\u00e1n a Portfolio.hu. 57 \\u00e9v ut\\u00e1n el\\u0151sz\\u00f6r a 65\",\"inLanguage\":\"hu-HU\",\"isPartOf\":{\"@id\":\"https:\\\/\\\/allasorias.hu\\\/hirek\\\/#website\"},\"breadcrumb\":{\"@id\":\"https:\\\/\\\/allasorias.hu\\\/hirek\\\/az-amerikai-nyugdijasoknak-sincs-elegendo-penzuk\\\/#breadcrumblist\"},\"author\":{\"@id\":\"https:\\\/\\\/allasorias.hu\\\/hirek\\\/author\\\/admin-allasorias\\\/#author\"},\"creator\":{\"@id\":\"https:\\\/\\\/allasorias.hu\\\/hirek\\\/author\\\/admin-allasorias\\\/#author\"},\"image\":{\"@type\":\"ImageObject\",\"url\":\"https:\\\/\\\/allasorias.hu\\\/hirek\\\/wp-content\\\/uploads\\\/2019\\\/02\\\/old-age-164760_1280.jpg\",\"@id\":\"https:\\\/\\\/allasorias.hu\\\/hirek\\\/az-amerikai-nyugdijasoknak-sincs-elegendo-penzuk\\\/#mainImage\",\"width\":1280,\"height\":853},\"primaryImageOfPage\":{\"@id\":\"https:\\\/\\\/allasorias.hu\\\/hirek\\\/az-amerikai-nyugdijasoknak-sincs-elegendo-penzuk\\\/#mainImage\"},\"datePublished\":\"2019-04-24T08:01:41+02:00\",\"dateModified\":\"2019-04-24T08:01:41+02:00\"},{\"@type\":\"WebSite\",\"@id\":\"https:\\\/\\\/allasorias.hu\\\/hirek\\\/#website\",\"url\":\"https:\\\/\\\/allasorias.hu\\\/hirek\\\/\",\"name\":\"AllasOrias.hu | H\\u00edrek-lapszemle\",\"description\":\"\\u00dczleti h\\u00edrek az \\u00e1ll\\u00e1s \\u00e9s a munka vil\\u00e1g\\u00e1b\\u00f3l\",\"inLanguage\":\"hu-HU\",\"publisher\":{\"@id\":\"https:\\\/\\\/allasorias.hu\\\/hirek\\\/#organization\"}}]}\n\t\t<\/script>\n\t\t<!-- All in One SEO -->\n\n","aioseo_head_json":{"title":"Az amerikai nyugd\u00edjasoknak sincs elegend\u0151 p\u00e9nz\u00fck | AllasOrias.hu | H\u00edrek-lapszemle","description":"Az amerikai nyugd\u00edjasoknak is le kell mondaniuk a pihen\u00e9sr\u0151l, mert nincs elegend\u0151 p\u00e9nz\u00fck a pihen\u00e9sre \u00e9s dolgozni k\u00e9nyszer\u00fclnek. A szakadozott szoci\u00e1lis h\u00e1l\u00f3, a nem megfelel\u0151 nyugd\u00edjmegtakar\u00edt\u00e1si tervek \u00e9s az egekbe emelked\u0151 eg\u00e9szs\u00e9g\u00fcgyi k\u00f6lts\u00e9gek miatt egyre t\u00f6bb id\u0151s amerikai d\u00f6nt a munkav\u00e1llal\u00e1s mellett- \u00edrja a Bloomber h\u00edr\u00fcgyn\u00f6ks\u00e9g alapj\u00e1n a Portfolio.hu. 57 \u00e9v ut\u00e1n el\u0151sz\u00f6r a 65","canonical_url":"https:\/\/allasorias.hu\/hirek\/az-amerikai-nyugdijasoknak-sincs-elegendo-penzuk\/","robots":"max-image-preview:large","keywords":"","webmasterTools":{"miscellaneous":""},"schema":{"@context":"https:\/\/schema.org","@graph":[{"@type":"Article","@id":"https:\/\/allasorias.hu\/hirek\/az-amerikai-nyugdijasoknak-sincs-elegendo-penzuk\/#article","name":"Az amerikai nyugd\u00edjasoknak sincs elegend\u0151 p\u00e9nz\u00fck | AllasOrias.hu | H\u00edrek-lapszemle","headline":"Az amerikai nyugd\u00edjasoknak sincs elegend\u0151 p\u00e9nz\u00fck","author":{"@id":"https:\/\/allasorias.hu\/hirek\/author\/admin-allasorias\/#author"},"publisher":{"@id":"https:\/\/allasorias.hu\/hirek\/#organization"},"image":{"@type":"ImageObject","url":"https:\/\/allasorias.hu\/hirek\/wp-content\/uploads\/2019\/02\/old-age-164760_1280.jpg","width":1280,"height":853},"datePublished":"2019-04-24T08:01:41+02:00","dateModified":"2019-04-24T08:01:41+02:00","inLanguage":"hu-HU","mainEntityOfPage":{"@id":"https:\/\/allasorias.hu\/hirek\/az-amerikai-nyugdijasoknak-sincs-elegendo-penzuk\/#webpage"},"isPartOf":{"@id":"https:\/\/allasorias.hu\/hirek\/az-amerikai-nyugdijasoknak-sincs-elegendo-penzuk\/#webpage"},"articleSection":"Gazdas\u00e1g, K\u00fclf\u00f6ld"},{"@type":"BreadcrumbList","@id":"https:\/\/allasorias.hu\/hirek\/az-amerikai-nyugdijasoknak-sincs-elegendo-penzuk\/#breadcrumblist","itemListElement":[{"@type":"ListItem","@id":"https:\/\/allasorias.hu\/hirek#listItem","position":1,"name":"Home","item":"https:\/\/allasorias.hu\/hirek","nextItem":{"@type":"ListItem","@id":"https:\/\/allasorias.hu\/hirek\/temak\/gazdasag\/#listItem","name":"Gazdas\u00e1g"}},{"@type":"ListItem","@id":"https:\/\/allasorias.hu\/hirek\/temak\/gazdasag\/#listItem","position":2,"name":"Gazdas\u00e1g","item":"https:\/\/allasorias.hu\/hirek\/temak\/gazdasag\/","nextItem":{"@type":"ListItem","@id":"https:\/\/allasorias.hu\/hirek\/az-amerikai-nyugdijasoknak-sincs-elegendo-penzuk\/#listItem","name":"Az amerikai nyugd\u00edjasoknak sincs elegend\u0151 p\u00e9nz\u00fck"},"previousItem":{"@type":"ListItem","@id":"https:\/\/allasorias.hu\/hirek#listItem","name":"Home"}},{"@type":"ListItem","@id":"https:\/\/allasorias.hu\/hirek\/az-amerikai-nyugdijasoknak-sincs-elegendo-penzuk\/#listItem","position":3,"name":"Az amerikai nyugd\u00edjasoknak sincs elegend\u0151 p\u00e9nz\u00fck","previousItem":{"@type":"ListItem","@id":"https:\/\/allasorias.hu\/hirek\/temak\/gazdasag\/#listItem","name":"Gazdas\u00e1g"}}]},{"@type":"Organization","@id":"https:\/\/allasorias.hu\/hirek\/#organization","name":"AllasOrias.hu | H\u00edrek-lapszemle","description":"\u00dczleti h\u00edrek az \u00e1ll\u00e1s \u00e9s a munka vil\u00e1g\u00e1b\u00f3l","url":"https:\/\/allasorias.hu\/hirek\/","logo":{"@type":"ImageObject","url":"https:\/\/allasorias.hu\/hirek\/wp-content\/uploads\/2022\/10\/allasorias_site_facebok_logo.png","@id":"https:\/\/allasorias.hu\/hirek\/az-amerikai-nyugdijasoknak-sincs-elegendo-penzuk\/#organizationLogo"},"image":{"@id":"https:\/\/allasorias.hu\/hirek\/az-amerikai-nyugdijasoknak-sincs-elegendo-penzuk\/#organizationLogo"},"sameAs":["https:\/\/www.facebook.com\/allasorias","https:\/\/www.linkedin.com\/company\/allasorias"]},{"@type":"Person","@id":"https:\/\/allasorias.hu\/hirek\/author\/admin-allasorias\/#author","url":"https:\/\/allasorias.hu\/hirek\/author\/admin-allasorias\/","name":"Juh\u00e1sz P\u00e9ter","image":{"@type":"ImageObject","@id":"https:\/\/allasorias.hu\/hirek\/az-amerikai-nyugdijasoknak-sincs-elegendo-penzuk\/#authorImage","url":"https:\/\/secure.gravatar.com\/avatar\/36e6bcb83148978b992977cb0f54d22feb0cce8a0a849a9410532bb2623ba4c6?s=96&d=mm&r=g","width":96,"height":96,"caption":"Juh\u00e1sz P\u00e9ter"}},{"@type":"WebPage","@id":"https:\/\/allasorias.hu\/hirek\/az-amerikai-nyugdijasoknak-sincs-elegendo-penzuk\/#webpage","url":"https:\/\/allasorias.hu\/hirek\/az-amerikai-nyugdijasoknak-sincs-elegendo-penzuk\/","name":"Az amerikai nyugd\u00edjasoknak sincs elegend\u0151 p\u00e9nz\u00fck | AllasOrias.hu | H\u00edrek-lapszemle","description":"Az amerikai nyugd\u00edjasoknak is le kell mondaniuk a pihen\u00e9sr\u0151l, mert nincs elegend\u0151 p\u00e9nz\u00fck a pihen\u00e9sre \u00e9s dolgozni k\u00e9nyszer\u00fclnek. A szakadozott szoci\u00e1lis h\u00e1l\u00f3, a nem megfelel\u0151 nyugd\u00edjmegtakar\u00edt\u00e1si tervek \u00e9s az egekbe emelked\u0151 eg\u00e9szs\u00e9g\u00fcgyi k\u00f6lts\u00e9gek miatt egyre t\u00f6bb id\u0151s amerikai d\u00f6nt a munkav\u00e1llal\u00e1s mellett- \u00edrja a Bloomber h\u00edr\u00fcgyn\u00f6ks\u00e9g alapj\u00e1n a Portfolio.hu. 57 \u00e9v ut\u00e1n el\u0151sz\u00f6r a 65","inLanguage":"hu-HU","isPartOf":{"@id":"https:\/\/allasorias.hu\/hirek\/#website"},"breadcrumb":{"@id":"https:\/\/allasorias.hu\/hirek\/az-amerikai-nyugdijasoknak-sincs-elegendo-penzuk\/#breadcrumblist"},"author":{"@id":"https:\/\/allasorias.hu\/hirek\/author\/admin-allasorias\/#author"},"creator":{"@id":"https:\/\/allasorias.hu\/hirek\/author\/admin-allasorias\/#author"},"image":{"@type":"ImageObject","url":"https:\/\/allasorias.hu\/hirek\/wp-content\/uploads\/2019\/02\/old-age-164760_1280.jpg","@id":"https:\/\/allasorias.hu\/hirek\/az-amerikai-nyugdijasoknak-sincs-elegendo-penzuk\/#mainImage","width":1280,"height":853},"primaryImageOfPage":{"@id":"https:\/\/allasorias.hu\/hirek\/az-amerikai-nyugdijasoknak-sincs-elegendo-penzuk\/#mainImage"},"datePublished":"2019-04-24T08:01:41+02:00","dateModified":"2019-04-24T08:01:41+02:00"},{"@type":"WebSite","@id":"https:\/\/allasorias.hu\/hirek\/#website","url":"https:\/\/allasorias.hu\/hirek\/","name":"AllasOrias.hu | H\u00edrek-lapszemle","description":"\u00dczleti h\u00edrek az \u00e1ll\u00e1s \u00e9s a munka vil\u00e1g\u00e1b\u00f3l","inLanguage":"hu-HU","publisher":{"@id":"https:\/\/allasorias.hu\/hirek\/#organization"}}]},"og:locale":"hu_HU","og:site_name":"AllasOrias.hu | H\u00edrek-lapszemle | \u00dczleti h\u00edrek az \u00e1ll\u00e1s \u00e9s a munka vil\u00e1g\u00e1b\u00f3l","og:type":"article","og:title":"Az amerikai nyugd\u00edjasoknak sincs elegend\u0151 p\u00e9nz\u00fck | AllasOrias.hu | H\u00edrek-lapszemle","og:description":"Az amerikai nyugd\u00edjasoknak is le kell mondaniuk a pihen\u00e9sr\u0151l, mert nincs elegend\u0151 p\u00e9nz\u00fck a pihen\u00e9sre \u00e9s dolgozni k\u00e9nyszer\u00fclnek. A szakadozott szoci\u00e1lis h\u00e1l\u00f3, a nem megfelel\u0151 nyugd\u00edjmegtakar\u00edt\u00e1si tervek \u00e9s az egekbe emelked\u0151 eg\u00e9szs\u00e9g\u00fcgyi k\u00f6lts\u00e9gek miatt egyre t\u00f6bb id\u0151s amerikai d\u00f6nt a munkav\u00e1llal\u00e1s mellett- \u00edrja a Bloomber h\u00edr\u00fcgyn\u00f6ks\u00e9g alapj\u00e1n a Portfolio.hu. 57 \u00e9v ut\u00e1n el\u0151sz\u00f6r a 65","og:url":"https:\/\/allasorias.hu\/hirek\/az-amerikai-nyugdijasoknak-sincs-elegendo-penzuk\/","og:image":"https:\/\/allasorias.hu\/hirek\/wp-content\/uploads\/2019\/02\/old-age-164760_1280.jpg","og:image:secure_url":"https:\/\/allasorias.hu\/hirek\/wp-content\/uploads\/2019\/02\/old-age-164760_1280.jpg","og:image:width":1280,"og:image:height":853,"article:published_time":"2019-04-24T08:01:41+00:00","article:modified_time":"2019-04-24T08:01:41+00:00","article:publisher":"https:\/\/www.facebook.com\/allasorias","twitter:card":"summary_large_image","twitter:title":"Az amerikai nyugd\u00edjasoknak sincs elegend\u0151 p\u00e9nz\u00fck | AllasOrias.hu | H\u00edrek-lapszemle","twitter:description":"Az amerikai nyugd\u00edjasoknak is le kell mondaniuk a pihen\u00e9sr\u0151l, mert nincs elegend\u0151 p\u00e9nz\u00fck a pihen\u00e9sre \u00e9s dolgozni k\u00e9nyszer\u00fclnek. A szakadozott szoci\u00e1lis h\u00e1l\u00f3, a nem megfelel\u0151 nyugd\u00edjmegtakar\u00edt\u00e1si tervek \u00e9s az egekbe emelked\u0151 eg\u00e9szs\u00e9g\u00fcgyi k\u00f6lts\u00e9gek miatt egyre t\u00f6bb id\u0151s amerikai d\u00f6nt a munkav\u00e1llal\u00e1s mellett- \u00edrja a Bloomber h\u00edr\u00fcgyn\u00f6ks\u00e9g alapj\u00e1n a Portfolio.hu. 57 \u00e9v ut\u00e1n el\u0151sz\u00f6r a 65","twitter:image":"https:\/\/allasorias.hu\/hirek\/wp-content\/uploads\/2019\/02\/old-age-164760_1280.jpg","twitter:label1":"Written by","twitter:data1":"Juh\u00e1sz P\u00e9ter","twitter:label2":"Est. reading time","twitter:data2":"2 minutes"},"aioseo_meta_data":{"post_id":"2806","title":null,"description":null,"keywords":null,"keyphrases":null,"primary_term":null,"canonical_url":null,"og_title":null,"og_description":null,"og_object_type":"default","og_image_type":"default","og_image_url":null,"og_image_width":null,"og_image_height":null,"og_image_custom_url":null,"og_image_custom_fields":null,"og_video":null,"og_custom_url":null,"og_article_section":null,"og_article_tags":null,"twitter_use_og":false,"twitter_card":"default","twitter_image_type":"default","twitter_image_url":null,"twitter_image_custom_url":null,"twitter_image_custom_fields":null,"twitter_title":null,"twitter_description":null,"schema":{"blockGraphs":[],"customGraphs":[],"default":{"data":{"Article":[],"Course":[],"Dataset":[],"FAQPage":[],"Movie":[],"Person":[],"Product":[],"ProductReview":[],"Car":[],"Recipe":[],"Service":[],"SoftwareApplication":[],"WebPage":[]},"graphName":"","isEnabled":true},"graphs":[],"defaultGraph":"","defaultPostTypeGraph":""},"schema_type":null,"schema_type_options":null,"pillar_content":false,"robots_default":true,"robots_noindex":false,"robots_noarchive":false,"robots_nosnippet":false,"robots_nofollow":false,"robots_noimageindex":false,"robots_noodp":false,"robots_notranslate":false,"robots_max_snippet":null,"robots_max_videopreview":null,"robots_max_imagepreview":"large","priority":null,"frequency":null,"location":null,"local_seo":null,"breadcrumb_settings":null,"limit_modified_date":false,"ai":null,"created":"2021-02-01 21:14:05","updated":"2025-10-02 11:10:19","seo_analyzer_scan_date":null,"focus_keyword":null,"additional_keywords":null,"truseo_locale":null},"aioseo_breadcrumb":"<div class=\"aioseo-breadcrumbs\"><span class=\"aioseo-breadcrumb\">\n\t\t\t<a href=\"https:\/\/allasorias.hu\/hirek\" title=\"Home\">Home<\/a>\n\t\t<\/span><span class=\"aioseo-breadcrumb-separator\">&raquo;<\/span><span class=\"aioseo-breadcrumb\">\n\t\t\t<a href=\"https:\/\/allasorias.hu\/hirek\/temak\/gazdasag\/\" title=\"Gazdas\u00e1g\">Gazdas\u00e1g<\/a>\n\t\t<\/span><span class=\"aioseo-breadcrumb-separator\">&raquo;<\/span><span class=\"aioseo-breadcrumb\">\n\t\t\tAz amerikai nyugd\u00edjasoknak sincs elegend\u0151 p\u00e9nz\u00fck\n\t\t<\/span><\/div>","aioseo_breadcrumb_json":[{"label":"Home","link":"https:\/\/allasorias.hu\/hirek"},{"label":"Gazdas\u00e1g","link":"https:\/\/allasorias.hu\/hirek\/temak\/gazdasag\/"},{"label":"Az amerikai nyugd\u00edjasoknak sincs elegend\u0151 p\u00e9nz\u00fck","link":"https:\/\/allasorias.hu\/hirek\/az-amerikai-nyugdijasoknak-sincs-elegendo-penzuk\/"}],"_links":{"self":[{"href":"https:\/\/allasorias.hu\/hirek\/wp-json\/wp\/v2\/posts\/2806","targetHints":{"allow":["GET"]}}],"collection":[{"href":"https:\/\/allasorias.hu\/hirek\/wp-json\/wp\/v2\/posts"}],"about":[{"href":"https:\/\/allasorias.hu\/hirek\/wp-json\/wp\/v2\/types\/post"}],"author":[{"embeddable":true,"href":"https:\/\/allasorias.hu\/hirek\/wp-json\/wp\/v2\/users\/1"}],"replies":[{"embeddable":true,"href":"https:\/\/allasorias.hu\/hirek\/wp-json\/wp\/v2\/comments?post=2806"}],"version-history":[{"count":1,"href":"https:\/\/allasorias.hu\/hirek\/wp-json\/wp\/v2\/posts\/2806\/revisions"}],"predecessor-version":[{"id":2807,"href":"https:\/\/allasorias.hu\/hirek\/wp-json\/wp\/v2\/posts\/2806\/revisions\/2807"}],"wp:featuredmedia":[{"embeddable":true,"href":"https:\/\/allasorias.hu\/hirek\/wp-json\/wp\/v2\/media\/2500"}],"wp:attachment":[{"href":"https:\/\/allasorias.hu\/hirek\/wp-json\/wp\/v2\/media?parent=2806"}],"wp:term":[{"taxonomy":"category","embeddable":true,"href":"https:\/\/allasorias.hu\/hirek\/wp-json\/wp\/v2\/categories?post=2806"},{"taxonomy":"post_tag","embeddable":true,"href":"https:\/\/allasorias.hu\/hirek\/wp-json\/wp\/v2\/tags?post=2806"}],"curies":[{"name":"wp","href":"https:\/\/api.w.org\/{rel}","templated":true}]}}