{"id":2803,"date":"2019-04-23T08:36:29","date_gmt":"2019-04-23T08:36:29","guid":{"rendered":"https:\/\/allasorias.hu\/hirek\/?p=2803"},"modified":"2019-04-23T08:36:29","modified_gmt":"2019-04-23T08:36:29","slug":"nem-ertenek-egyet-a-menedekkerok-oraberevel-az-osztrakok","status":"publish","type":"post","link":"https:\/\/allasorias.hu\/hirek\/nem-ertenek-egyet-a-menedekkerok-oraberevel-az-osztrakok\/","title":{"rendered":"Nem \u00e9rtenek egyet a mened\u00e9kk\u00e9r\u0151k \u00f3rab\u00e9r\u00e9vel az osztr\u00e1kok"},"content":{"rendered":"<p><strong>Irrit\u00e1lja az osztr\u00e1kokat az a javaslat, mely szerint egys\u00e9gesen kellene a mened\u00e9kk\u00e9r\u0151knek \u00f3rab\u00e9rt fizetni. Ausztria nyolc tartom\u00e1nya k\u00f6z\u00f6s \u00e1ll\u00e1sfoglal\u00e1sban k\u00e9rte Herbert Kickl bel\u00fcgyminisztert, hogy vonja vissza kor\u00e1bbi, a mened\u00e9kk\u00e9r\u0151k \u00f3rab\u00e9r\u00e9nek egys\u00e9ges\u00edt\u00e9s\u00e9re \u00e9s korl\u00e1toz\u00e1s\u00e1ra vonatkoz\u00f3 javaslat\u00e1t.<\/strong><\/p>\n<p>Herbert Kickl osztr\u00e1k szabads\u00e1gp\u00e1rti bel\u00fcgyminiszter javaslata szerint a j\u00f6v\u0151ben egys\u00e9gesen 1 eur\u00f3 50 centes \u00f3rab\u00e9rt kellene fizetni a mened\u00e9kk\u00e9r\u0151knek Ausztri\u00e1ban. Az id\u00e9n m\u00e1rciusban bejelentett kezdem\u00e9nyez\u00e9s\u00e9t indokolva a miniszter els\u0151sorban azt kifog\u00e1solta, hogy a mened\u00e9kk\u00e9r\u0151k helyenk\u00e9nt t\u00fal magas \u00f3rab\u00e9rt kapnak az \u00e1ltaluk v\u00e9gzett, t\u00f6bbnyire kiseg\u00edt\u0151 jelleg\u0171 munk\u00e1\u00e9rt. A t\u00e1rcavezet\u0151 ezzel egy\u00fctt azt is nehezm\u00e9nyezte, hogy a migr\u00e1nsok esetenk\u00e9nt jobban keresnek, mint a katonai, illetve a civil szolg\u00e1latot teljes\u00edt\u0151 osztr\u00e1kok: vannak olyan megb\u00edz\u00f3k, akik ak\u00e1r \u00f6t eur\u00f3n\u00e1l is t\u00f6bbet fizetnek nekik \u00f3r\u00e1nk\u00e9nt. Az orsz\u00e1gban a migr\u00e1nsok a mened\u00e9kk\u00e9relem beny\u00fajt\u00e1sa ut\u00e1n kiseg\u00edt\u0151 munk\u00e1sk\u00e9nt dolgozhatnak, emellett a mened\u00e9kk\u00e9r\u0151knek j\u00e1r\u00f3 alapell\u00e1t\u00e1st tov\u00e1bbra is megkapj\u00e1k, munk\u00e1jukat pedig \u00f3rab\u00e9rben fizetik. Az \u00f3rab\u00e9r \u00f6sszeg\u00e9t mindeddig a megb\u00edz\u00f3 \u00e1llap\u00edtotta meg. A mened\u00e9kk\u00e9r\u0151 \u2013 ha meg akarta tartani a neki j\u00e1r\u00f3 alapell\u00e1t\u00e1st is \u2013 a t\u00f6rv\u00e9ny szerint havonta legfeljebb 110 eur\u00f3t kereshetett, csal\u00e1dtagjai ut\u00e1n pedig tov\u00e1bbi 80 eur\u00f3t. A mostani bel\u00fcgyminiszteri javaslat azonban az \u00f3rab\u00e9r fels\u0151 hat\u00e1r\u00e1t is meghat\u00e1rozn\u00e1 mindenkire vonatkoz\u00f3an. Ausztria kilenc tartom\u00e1nya k\u00f6z\u00fcl nyolc b\u00edr\u00e1lja a kezdem\u00e9nyez\u00e9st. Szerint\u00fck az \u00f3rab\u00e9r cs\u00f6kkent\u00e9se elveszi majd a mened\u00e9kk\u00e9r\u0151k kedv\u00e9t a k\u00f6zhaszn\u00fa munk\u00e1t\u00f3l, azzal egy\u00fctt pedig az es\u00e9ly\u00fck is cs\u00f6kken, hogy megtanuljanak n\u00e9met\u00fcl, \u00e9s k\u00e9s\u0151bb bejussanak a munkaer\u0151piacra. B\u00e9cs szoci\u00e1lis tan\u00e1csnoka, Peter Hacker (SP\u00d6) kezdem\u00e9nyez\u00e9s\u00e9re a nyolc tartom\u00e1ny (Burgenland, K\u00e4rnten, Ober\u00f6sterreich, Salzburg, Steiermark, Tirol, Vorarlberg \u00e9s B\u00e9cs) k\u00f6z\u00f6s \u00e1ll\u00e1sfoglal\u00e1st fogalmazott meg, amelyben k\u00e9rt\u00e9k a javaslat visszavon\u00e1s\u00e1t, \u00e9s a kor\u00e1bbi gyakorlat megtart\u00e1s\u00e1t. A kisebbik koal\u00edci\u00f3s p\u00e1rt, az Osztr\u00e1k Szabads\u00e1gp\u00e1rt (FP\u00d6) frakci\u00f3vezet\u0151je, Johann Gudenus ugyanakkor abszurdnak \u00e9s minden objektivit\u00e1st n\u00e9lk\u00fcl\u00f6z\u0151nek nevezte a kritik\u00e1kat. Arra eml\u00e9keztetett, hogy a mened\u00e9kk\u00e9r\u0151k alapell\u00e1t\u00e1st, ezen bel\u00fcl \u00e9lelmet, sz\u00e1ll\u00e1st, orvosi ell\u00e1t\u00e1st kapnak, \u00edgy nem a k\u00f6zhaszn\u00fa munk\u00e1\u00e9rt kapott \u00f3rab\u00e9rb\u0151l tartj\u00e1k fenn magukat.<\/p>\n<p>Forr\u00e1s: adozona.hu<\/p>\n<p>&nbsp;<\/p>\n<p>&nbsp;<\/p>\n<p>&nbsp;<\/p>\n","protected":false},"excerpt":{"rendered":"<p>Irrit\u00e1lja az osztr\u00e1kokat az a javaslat, mely szerint egys\u00e9gesen kellene a mened\u00e9kk\u00e9r\u0151knek \u00f3rab\u00e9rt fizetni. Ausztria nyolc tartom\u00e1nya k\u00f6z\u00f6s \u00e1ll\u00e1sfoglal\u00e1sban k\u00e9rte Herbert Kickl bel\u00fcgyminisztert, hogy vonja vissza kor\u00e1bbi, a mened\u00e9kk\u00e9r\u0151k \u00f3rab\u00e9r\u00e9nek egys\u00e9ges\u00edt\u00e9s\u00e9re \u00e9s korl\u00e1toz\u00e1s\u00e1ra vonatkoz\u00f3 javaslat\u00e1t. Herbert Kickl osztr\u00e1k szabads\u00e1gp\u00e1rti bel\u00fcgyminiszter javaslata szerint a j\u00f6v\u0151ben egys\u00e9gesen 1 eur\u00f3 50 centes \u00f3rab\u00e9rt kellene fizetni a mened\u00e9kk\u00e9r\u0151knek Ausztri\u00e1ban. [&hellip;]<\/p>\n","protected":false},"author":1,"featured_media":2448,"comment_status":"open","ping_status":"open","sticky":false,"template":"","format":"standard","meta":{"_monsterinsights_skip_tracking":false,"footnotes":""},"categories":[198,201],"tags":[],"class_list":["post-2803","post","type-post","status-publish","format-standard","has-post-thumbnail","hentry","category-gazdasag","category-kulfold"],"aioseo_notices":[],"aioseo_head":"\n\t\t<!-- All in One SEO 5.0.0.1 - aioseo.com -->\n\t<meta name=\"description\" content=\"Irrit\u00e1lja az osztr\u00e1kokat az a javaslat, mely szerint egys\u00e9gesen kellene a mened\u00e9kk\u00e9r\u0151knek \u00f3rab\u00e9rt fizetni. Ausztria nyolc tartom\u00e1nya k\u00f6z\u00f6s \u00e1ll\u00e1sfoglal\u00e1sban k\u00e9rte Herbert Kickl bel\u00fcgyminisztert, hogy vonja vissza kor\u00e1bbi, a mened\u00e9kk\u00e9r\u0151k \u00f3rab\u00e9r\u00e9nek egys\u00e9ges\u00edt\u00e9s\u00e9re \u00e9s korl\u00e1toz\u00e1s\u00e1ra vonatkoz\u00f3 javaslat\u00e1t. Herbert Kickl osztr\u00e1k szabads\u00e1gp\u00e1rti bel\u00fcgyminiszter javaslata szerint a j\u00f6v\u0151ben egys\u00e9gesen 1 eur\u00f3 50 centes \u00f3rab\u00e9rt kellene fizetni a mened\u00e9kk\u00e9r\u0151knek Ausztri\u00e1ban.\" \/>\n\t<meta name=\"robots\" content=\"max-image-preview:large\" \/>\n\t<meta name=\"author\" content=\"Juh\u00e1sz P\u00e9ter\"\/>\n\t<link rel=\"canonical\" href=\"https:\/\/allasorias.hu\/hirek\/nem-ertenek-egyet-a-menedekkerok-oraberevel-az-osztrakok\/\" \/>\n\t<meta name=\"generator\" content=\"All in One SEO (AIOSEO) 5.0.0.1\" \/>\n\t\t<meta property=\"og:locale\" content=\"hu_HU\" \/>\n\t\t<meta property=\"og:site_name\" content=\"AllasOrias.hu | H\u00edrek-lapszemle | \u00dczleti h\u00edrek az \u00e1ll\u00e1s \u00e9s a munka vil\u00e1g\u00e1b\u00f3l\" \/>\n\t\t<meta property=\"og:type\" content=\"article\" \/>\n\t\t<meta property=\"og:title\" content=\"Nem \u00e9rtenek egyet a mened\u00e9kk\u00e9r\u0151k \u00f3rab\u00e9r\u00e9vel az osztr\u00e1kok | AllasOrias.hu | H\u00edrek-lapszemle\" \/>\n\t\t<meta property=\"og:description\" content=\"Irrit\u00e1lja az osztr\u00e1kokat az a javaslat, mely szerint egys\u00e9gesen kellene a mened\u00e9kk\u00e9r\u0151knek \u00f3rab\u00e9rt fizetni. Ausztria nyolc tartom\u00e1nya k\u00f6z\u00f6s \u00e1ll\u00e1sfoglal\u00e1sban k\u00e9rte Herbert Kickl bel\u00fcgyminisztert, hogy vonja vissza kor\u00e1bbi, a mened\u00e9kk\u00e9r\u0151k \u00f3rab\u00e9r\u00e9nek egys\u00e9ges\u00edt\u00e9s\u00e9re \u00e9s korl\u00e1toz\u00e1s\u00e1ra vonatkoz\u00f3 javaslat\u00e1t. Herbert Kickl osztr\u00e1k szabads\u00e1gp\u00e1rti bel\u00fcgyminiszter javaslata szerint a j\u00f6v\u0151ben egys\u00e9gesen 1 eur\u00f3 50 centes \u00f3rab\u00e9rt kellene fizetni a mened\u00e9kk\u00e9r\u0151knek Ausztri\u00e1ban.\" \/>\n\t\t<meta property=\"og:url\" content=\"https:\/\/allasorias.hu\/hirek\/nem-ertenek-egyet-a-menedekkerok-oraberevel-az-osztrakok\/\" \/>\n\t\t<meta property=\"og:image\" content=\"https:\/\/allasorias.hu\/hirek\/wp-content\/uploads\/2019\/01\/pexels-photo-1329061.jpeg\" \/>\n\t\t<meta property=\"og:image:secure_url\" content=\"https:\/\/allasorias.hu\/hirek\/wp-content\/uploads\/2019\/01\/pexels-photo-1329061.jpeg\" \/>\n\t\t<meta property=\"og:image:width\" content=\"640\" \/>\n\t\t<meta property=\"og:image:height\" content=\"427\" \/>\n\t\t<meta property=\"article:published_time\" content=\"2019-04-23T08:36:29+00:00\" \/>\n\t\t<meta property=\"article:modified_time\" content=\"2019-04-23T08:36:29+00:00\" \/>\n\t\t<meta property=\"article:publisher\" content=\"https:\/\/www.facebook.com\/allasorias\" \/>\n\t\t<meta name=\"twitter:card\" content=\"summary_large_image\" \/>\n\t\t<meta name=\"twitter:title\" content=\"Nem \u00e9rtenek egyet a mened\u00e9kk\u00e9r\u0151k \u00f3rab\u00e9r\u00e9vel az osztr\u00e1kok | AllasOrias.hu | H\u00edrek-lapszemle\" \/>\n\t\t<meta name=\"twitter:description\" content=\"Irrit\u00e1lja az osztr\u00e1kokat az a javaslat, mely szerint egys\u00e9gesen kellene a mened\u00e9kk\u00e9r\u0151knek \u00f3rab\u00e9rt fizetni. Ausztria nyolc tartom\u00e1nya k\u00f6z\u00f6s \u00e1ll\u00e1sfoglal\u00e1sban k\u00e9rte Herbert Kickl bel\u00fcgyminisztert, hogy vonja vissza kor\u00e1bbi, a mened\u00e9kk\u00e9r\u0151k \u00f3rab\u00e9r\u00e9nek egys\u00e9ges\u00edt\u00e9s\u00e9re \u00e9s korl\u00e1toz\u00e1s\u00e1ra vonatkoz\u00f3 javaslat\u00e1t. Herbert Kickl osztr\u00e1k szabads\u00e1gp\u00e1rti bel\u00fcgyminiszter javaslata szerint a j\u00f6v\u0151ben egys\u00e9gesen 1 eur\u00f3 50 centes \u00f3rab\u00e9rt kellene fizetni a mened\u00e9kk\u00e9r\u0151knek Ausztri\u00e1ban.\" \/>\n\t\t<meta name=\"twitter:image\" content=\"https:\/\/allasorias.hu\/hirek\/wp-content\/uploads\/2019\/01\/pexels-photo-1329061.jpeg\" \/>\n\t\t<meta name=\"twitter:label1\" content=\"Written by\" \/>\n\t\t<meta name=\"twitter:data1\" content=\"Juh\u00e1sz P\u00e9ter\" \/>\n\t\t<meta name=\"twitter:label2\" content=\"Est. reading time\" \/>\n\t\t<meta name=\"twitter:data2\" content=\"2 minutes\" \/>\n\t\t<script type=\"application\/ld+json\" class=\"aioseo-schema\">\n\t\t\t{\"@context\":\"https:\\\/\\\/schema.org\",\"@graph\":[{\"@type\":\"Article\",\"@id\":\"https:\\\/\\\/allasorias.hu\\\/hirek\\\/nem-ertenek-egyet-a-menedekkerok-oraberevel-az-osztrakok\\\/#article\",\"name\":\"Nem \\u00e9rtenek egyet a mened\\u00e9kk\\u00e9r\\u0151k \\u00f3rab\\u00e9r\\u00e9vel az osztr\\u00e1kok | AllasOrias.hu | H\\u00edrek-lapszemle\",\"headline\":\"Nem \\u00e9rtenek egyet a mened\\u00e9kk\\u00e9r\\u0151k \\u00f3rab\\u00e9r\\u00e9vel az osztr\\u00e1kok\",\"author\":{\"@id\":\"https:\\\/\\\/allasorias.hu\\\/hirek\\\/author\\\/admin-allasorias\\\/#author\"},\"publisher\":{\"@id\":\"https:\\\/\\\/allasorias.hu\\\/hirek\\\/#organization\"},\"image\":{\"@type\":\"ImageObject\",\"url\":\"https:\\\/\\\/allasorias.hu\\\/hirek\\\/wp-content\\\/uploads\\\/2019\\\/01\\\/pexels-photo-1329061.jpeg\",\"width\":640,\"height\":427},\"datePublished\":\"2019-04-23T08:36:29+02:00\",\"dateModified\":\"2019-04-23T08:36:29+02:00\",\"inLanguage\":\"hu-HU\",\"mainEntityOfPage\":{\"@id\":\"https:\\\/\\\/allasorias.hu\\\/hirek\\\/nem-ertenek-egyet-a-menedekkerok-oraberevel-az-osztrakok\\\/#webpage\"},\"isPartOf\":{\"@id\":\"https:\\\/\\\/allasorias.hu\\\/hirek\\\/nem-ertenek-egyet-a-menedekkerok-oraberevel-az-osztrakok\\\/#webpage\"},\"articleSection\":\"Gazdas\\u00e1g, K\\u00fclf\\u00f6ld\"},{\"@type\":\"BreadcrumbList\",\"@id\":\"https:\\\/\\\/allasorias.hu\\\/hirek\\\/nem-ertenek-egyet-a-menedekkerok-oraberevel-az-osztrakok\\\/#breadcrumblist\",\"itemListElement\":[{\"@type\":\"ListItem\",\"@id\":\"https:\\\/\\\/allasorias.hu\\\/hirek#listItem\",\"position\":1,\"name\":\"Home\",\"item\":\"https:\\\/\\\/allasorias.hu\\\/hirek\",\"nextItem\":{\"@type\":\"ListItem\",\"@id\":\"https:\\\/\\\/allasorias.hu\\\/hirek\\\/temak\\\/gazdasag\\\/#listItem\",\"name\":\"Gazdas\\u00e1g\"}},{\"@type\":\"ListItem\",\"@id\":\"https:\\\/\\\/allasorias.hu\\\/hirek\\\/temak\\\/gazdasag\\\/#listItem\",\"position\":2,\"name\":\"Gazdas\\u00e1g\",\"item\":\"https:\\\/\\\/allasorias.hu\\\/hirek\\\/temak\\\/gazdasag\\\/\",\"nextItem\":{\"@type\":\"ListItem\",\"@id\":\"https:\\\/\\\/allasorias.hu\\\/hirek\\\/nem-ertenek-egyet-a-menedekkerok-oraberevel-az-osztrakok\\\/#listItem\",\"name\":\"Nem \\u00e9rtenek egyet a mened\\u00e9kk\\u00e9r\\u0151k \\u00f3rab\\u00e9r\\u00e9vel az osztr\\u00e1kok\"},\"previousItem\":{\"@type\":\"ListItem\",\"@id\":\"https:\\\/\\\/allasorias.hu\\\/hirek#listItem\",\"name\":\"Home\"}},{\"@type\":\"ListItem\",\"@id\":\"https:\\\/\\\/allasorias.hu\\\/hirek\\\/nem-ertenek-egyet-a-menedekkerok-oraberevel-az-osztrakok\\\/#listItem\",\"position\":3,\"name\":\"Nem \\u00e9rtenek egyet a mened\\u00e9kk\\u00e9r\\u0151k \\u00f3rab\\u00e9r\\u00e9vel az osztr\\u00e1kok\",\"previousItem\":{\"@type\":\"ListItem\",\"@id\":\"https:\\\/\\\/allasorias.hu\\\/hirek\\\/temak\\\/gazdasag\\\/#listItem\",\"name\":\"Gazdas\\u00e1g\"}}]},{\"@type\":\"Organization\",\"@id\":\"https:\\\/\\\/allasorias.hu\\\/hirek\\\/#organization\",\"name\":\"AllasOrias.hu | H\\u00edrek-lapszemle\",\"description\":\"\\u00dczleti h\\u00edrek az \\u00e1ll\\u00e1s \\u00e9s a munka vil\\u00e1g\\u00e1b\\u00f3l\",\"url\":\"https:\\\/\\\/allasorias.hu\\\/hirek\\\/\",\"logo\":{\"@type\":\"ImageObject\",\"url\":\"https:\\\/\\\/allasorias.hu\\\/hirek\\\/wp-content\\\/uploads\\\/2022\\\/10\\\/allasorias_site_facebok_logo.png\",\"@id\":\"https:\\\/\\\/allasorias.hu\\\/hirek\\\/nem-ertenek-egyet-a-menedekkerok-oraberevel-az-osztrakok\\\/#organizationLogo\"},\"image\":{\"@id\":\"https:\\\/\\\/allasorias.hu\\\/hirek\\\/nem-ertenek-egyet-a-menedekkerok-oraberevel-az-osztrakok\\\/#organizationLogo\"},\"sameAs\":[\"https:\\\/\\\/www.facebook.com\\\/allasorias\",\"https:\\\/\\\/www.linkedin.com\\\/company\\\/allasorias\"]},{\"@type\":\"Person\",\"@id\":\"https:\\\/\\\/allasorias.hu\\\/hirek\\\/author\\\/admin-allasorias\\\/#author\",\"url\":\"https:\\\/\\\/allasorias.hu\\\/hirek\\\/author\\\/admin-allasorias\\\/\",\"name\":\"Juh\\u00e1sz P\\u00e9ter\",\"image\":{\"@type\":\"ImageObject\",\"@id\":\"https:\\\/\\\/allasorias.hu\\\/hirek\\\/nem-ertenek-egyet-a-menedekkerok-oraberevel-az-osztrakok\\\/#authorImage\",\"url\":\"https:\\\/\\\/secure.gravatar.com\\\/avatar\\\/36e6bcb83148978b992977cb0f54d22feb0cce8a0a849a9410532bb2623ba4c6?s=96&d=mm&r=g\",\"width\":96,\"height\":96,\"caption\":\"Juh\\u00e1sz P\\u00e9ter\"}},{\"@type\":\"WebPage\",\"@id\":\"https:\\\/\\\/allasorias.hu\\\/hirek\\\/nem-ertenek-egyet-a-menedekkerok-oraberevel-az-osztrakok\\\/#webpage\",\"url\":\"https:\\\/\\\/allasorias.hu\\\/hirek\\\/nem-ertenek-egyet-a-menedekkerok-oraberevel-az-osztrakok\\\/\",\"name\":\"Nem \\u00e9rtenek egyet a mened\\u00e9kk\\u00e9r\\u0151k \\u00f3rab\\u00e9r\\u00e9vel az osztr\\u00e1kok | AllasOrias.hu | H\\u00edrek-lapszemle\",\"description\":\"Irrit\\u00e1lja az osztr\\u00e1kokat az a javaslat, mely szerint egys\\u00e9gesen kellene a mened\\u00e9kk\\u00e9r\\u0151knek \\u00f3rab\\u00e9rt fizetni. Ausztria nyolc tartom\\u00e1nya k\\u00f6z\\u00f6s \\u00e1ll\\u00e1sfoglal\\u00e1sban k\\u00e9rte Herbert Kickl bel\\u00fcgyminisztert, hogy vonja vissza kor\\u00e1bbi, a mened\\u00e9kk\\u00e9r\\u0151k \\u00f3rab\\u00e9r\\u00e9nek egys\\u00e9ges\\u00edt\\u00e9s\\u00e9re \\u00e9s korl\\u00e1toz\\u00e1s\\u00e1ra vonatkoz\\u00f3 javaslat\\u00e1t. Herbert Kickl osztr\\u00e1k szabads\\u00e1gp\\u00e1rti bel\\u00fcgyminiszter javaslata szerint a j\\u00f6v\\u0151ben egys\\u00e9gesen 1 eur\\u00f3 50 centes \\u00f3rab\\u00e9rt kellene fizetni a mened\\u00e9kk\\u00e9r\\u0151knek Ausztri\\u00e1ban.\",\"inLanguage\":\"hu-HU\",\"isPartOf\":{\"@id\":\"https:\\\/\\\/allasorias.hu\\\/hirek\\\/#website\"},\"breadcrumb\":{\"@id\":\"https:\\\/\\\/allasorias.hu\\\/hirek\\\/nem-ertenek-egyet-a-menedekkerok-oraberevel-az-osztrakok\\\/#breadcrumblist\"},\"author\":{\"@id\":\"https:\\\/\\\/allasorias.hu\\\/hirek\\\/author\\\/admin-allasorias\\\/#author\"},\"creator\":{\"@id\":\"https:\\\/\\\/allasorias.hu\\\/hirek\\\/author\\\/admin-allasorias\\\/#author\"},\"image\":{\"@type\":\"ImageObject\",\"url\":\"https:\\\/\\\/allasorias.hu\\\/hirek\\\/wp-content\\\/uploads\\\/2019\\\/01\\\/pexels-photo-1329061.jpeg\",\"@id\":\"https:\\\/\\\/allasorias.hu\\\/hirek\\\/nem-ertenek-egyet-a-menedekkerok-oraberevel-az-osztrakok\\\/#mainImage\",\"width\":640,\"height\":427},\"primaryImageOfPage\":{\"@id\":\"https:\\\/\\\/allasorias.hu\\\/hirek\\\/nem-ertenek-egyet-a-menedekkerok-oraberevel-az-osztrakok\\\/#mainImage\"},\"datePublished\":\"2019-04-23T08:36:29+02:00\",\"dateModified\":\"2019-04-23T08:36:29+02:00\"},{\"@type\":\"WebSite\",\"@id\":\"https:\\\/\\\/allasorias.hu\\\/hirek\\\/#website\",\"url\":\"https:\\\/\\\/allasorias.hu\\\/hirek\\\/\",\"name\":\"AllasOrias.hu | H\\u00edrek-lapszemle\",\"description\":\"\\u00dczleti h\\u00edrek az \\u00e1ll\\u00e1s \\u00e9s a munka vil\\u00e1g\\u00e1b\\u00f3l\",\"inLanguage\":\"hu-HU\",\"publisher\":{\"@id\":\"https:\\\/\\\/allasorias.hu\\\/hirek\\\/#organization\"}}]}\n\t\t<\/script>\n\t\t<!-- All in One SEO -->\n\n","aioseo_head_json":{"title":"Nem \u00e9rtenek egyet a mened\u00e9kk\u00e9r\u0151k \u00f3rab\u00e9r\u00e9vel az osztr\u00e1kok | AllasOrias.hu | H\u00edrek-lapszemle","description":"Irrit\u00e1lja az osztr\u00e1kokat az a javaslat, mely szerint egys\u00e9gesen kellene a mened\u00e9kk\u00e9r\u0151knek \u00f3rab\u00e9rt fizetni. Ausztria nyolc tartom\u00e1nya k\u00f6z\u00f6s \u00e1ll\u00e1sfoglal\u00e1sban k\u00e9rte Herbert Kickl bel\u00fcgyminisztert, hogy vonja vissza kor\u00e1bbi, a mened\u00e9kk\u00e9r\u0151k \u00f3rab\u00e9r\u00e9nek egys\u00e9ges\u00edt\u00e9s\u00e9re \u00e9s korl\u00e1toz\u00e1s\u00e1ra vonatkoz\u00f3 javaslat\u00e1t. Herbert Kickl osztr\u00e1k szabads\u00e1gp\u00e1rti bel\u00fcgyminiszter javaslata szerint a j\u00f6v\u0151ben egys\u00e9gesen 1 eur\u00f3 50 centes \u00f3rab\u00e9rt kellene fizetni a mened\u00e9kk\u00e9r\u0151knek Ausztri\u00e1ban.","canonical_url":"https:\/\/allasorias.hu\/hirek\/nem-ertenek-egyet-a-menedekkerok-oraberevel-az-osztrakok\/","robots":"max-image-preview:large","keywords":"","webmasterTools":{"miscellaneous":""},"schema":{"@context":"https:\/\/schema.org","@graph":[{"@type":"Article","@id":"https:\/\/allasorias.hu\/hirek\/nem-ertenek-egyet-a-menedekkerok-oraberevel-az-osztrakok\/#article","name":"Nem \u00e9rtenek egyet a mened\u00e9kk\u00e9r\u0151k \u00f3rab\u00e9r\u00e9vel az osztr\u00e1kok | AllasOrias.hu | H\u00edrek-lapszemle","headline":"Nem \u00e9rtenek egyet a mened\u00e9kk\u00e9r\u0151k \u00f3rab\u00e9r\u00e9vel az osztr\u00e1kok","author":{"@id":"https:\/\/allasorias.hu\/hirek\/author\/admin-allasorias\/#author"},"publisher":{"@id":"https:\/\/allasorias.hu\/hirek\/#organization"},"image":{"@type":"ImageObject","url":"https:\/\/allasorias.hu\/hirek\/wp-content\/uploads\/2019\/01\/pexels-photo-1329061.jpeg","width":640,"height":427},"datePublished":"2019-04-23T08:36:29+02:00","dateModified":"2019-04-23T08:36:29+02:00","inLanguage":"hu-HU","mainEntityOfPage":{"@id":"https:\/\/allasorias.hu\/hirek\/nem-ertenek-egyet-a-menedekkerok-oraberevel-az-osztrakok\/#webpage"},"isPartOf":{"@id":"https:\/\/allasorias.hu\/hirek\/nem-ertenek-egyet-a-menedekkerok-oraberevel-az-osztrakok\/#webpage"},"articleSection":"Gazdas\u00e1g, K\u00fclf\u00f6ld"},{"@type":"BreadcrumbList","@id":"https:\/\/allasorias.hu\/hirek\/nem-ertenek-egyet-a-menedekkerok-oraberevel-az-osztrakok\/#breadcrumblist","itemListElement":[{"@type":"ListItem","@id":"https:\/\/allasorias.hu\/hirek#listItem","position":1,"name":"Home","item":"https:\/\/allasorias.hu\/hirek","nextItem":{"@type":"ListItem","@id":"https:\/\/allasorias.hu\/hirek\/temak\/gazdasag\/#listItem","name":"Gazdas\u00e1g"}},{"@type":"ListItem","@id":"https:\/\/allasorias.hu\/hirek\/temak\/gazdasag\/#listItem","position":2,"name":"Gazdas\u00e1g","item":"https:\/\/allasorias.hu\/hirek\/temak\/gazdasag\/","nextItem":{"@type":"ListItem","@id":"https:\/\/allasorias.hu\/hirek\/nem-ertenek-egyet-a-menedekkerok-oraberevel-az-osztrakok\/#listItem","name":"Nem \u00e9rtenek egyet a mened\u00e9kk\u00e9r\u0151k \u00f3rab\u00e9r\u00e9vel az osztr\u00e1kok"},"previousItem":{"@type":"ListItem","@id":"https:\/\/allasorias.hu\/hirek#listItem","name":"Home"}},{"@type":"ListItem","@id":"https:\/\/allasorias.hu\/hirek\/nem-ertenek-egyet-a-menedekkerok-oraberevel-az-osztrakok\/#listItem","position":3,"name":"Nem \u00e9rtenek egyet a mened\u00e9kk\u00e9r\u0151k \u00f3rab\u00e9r\u00e9vel az osztr\u00e1kok","previousItem":{"@type":"ListItem","@id":"https:\/\/allasorias.hu\/hirek\/temak\/gazdasag\/#listItem","name":"Gazdas\u00e1g"}}]},{"@type":"Organization","@id":"https:\/\/allasorias.hu\/hirek\/#organization","name":"AllasOrias.hu | H\u00edrek-lapszemle","description":"\u00dczleti h\u00edrek az \u00e1ll\u00e1s \u00e9s a munka vil\u00e1g\u00e1b\u00f3l","url":"https:\/\/allasorias.hu\/hirek\/","logo":{"@type":"ImageObject","url":"https:\/\/allasorias.hu\/hirek\/wp-content\/uploads\/2022\/10\/allasorias_site_facebok_logo.png","@id":"https:\/\/allasorias.hu\/hirek\/nem-ertenek-egyet-a-menedekkerok-oraberevel-az-osztrakok\/#organizationLogo"},"image":{"@id":"https:\/\/allasorias.hu\/hirek\/nem-ertenek-egyet-a-menedekkerok-oraberevel-az-osztrakok\/#organizationLogo"},"sameAs":["https:\/\/www.facebook.com\/allasorias","https:\/\/www.linkedin.com\/company\/allasorias"]},{"@type":"Person","@id":"https:\/\/allasorias.hu\/hirek\/author\/admin-allasorias\/#author","url":"https:\/\/allasorias.hu\/hirek\/author\/admin-allasorias\/","name":"Juh\u00e1sz P\u00e9ter","image":{"@type":"ImageObject","@id":"https:\/\/allasorias.hu\/hirek\/nem-ertenek-egyet-a-menedekkerok-oraberevel-az-osztrakok\/#authorImage","url":"https:\/\/secure.gravatar.com\/avatar\/36e6bcb83148978b992977cb0f54d22feb0cce8a0a849a9410532bb2623ba4c6?s=96&d=mm&r=g","width":96,"height":96,"caption":"Juh\u00e1sz P\u00e9ter"}},{"@type":"WebPage","@id":"https:\/\/allasorias.hu\/hirek\/nem-ertenek-egyet-a-menedekkerok-oraberevel-az-osztrakok\/#webpage","url":"https:\/\/allasorias.hu\/hirek\/nem-ertenek-egyet-a-menedekkerok-oraberevel-az-osztrakok\/","name":"Nem \u00e9rtenek egyet a mened\u00e9kk\u00e9r\u0151k \u00f3rab\u00e9r\u00e9vel az osztr\u00e1kok | AllasOrias.hu | H\u00edrek-lapszemle","description":"Irrit\u00e1lja az osztr\u00e1kokat az a javaslat, mely szerint egys\u00e9gesen kellene a mened\u00e9kk\u00e9r\u0151knek \u00f3rab\u00e9rt fizetni. Ausztria nyolc tartom\u00e1nya k\u00f6z\u00f6s \u00e1ll\u00e1sfoglal\u00e1sban k\u00e9rte Herbert Kickl bel\u00fcgyminisztert, hogy vonja vissza kor\u00e1bbi, a mened\u00e9kk\u00e9r\u0151k \u00f3rab\u00e9r\u00e9nek egys\u00e9ges\u00edt\u00e9s\u00e9re \u00e9s korl\u00e1toz\u00e1s\u00e1ra vonatkoz\u00f3 javaslat\u00e1t. Herbert Kickl osztr\u00e1k szabads\u00e1gp\u00e1rti bel\u00fcgyminiszter javaslata szerint a j\u00f6v\u0151ben egys\u00e9gesen 1 eur\u00f3 50 centes \u00f3rab\u00e9rt kellene fizetni a mened\u00e9kk\u00e9r\u0151knek Ausztri\u00e1ban.","inLanguage":"hu-HU","isPartOf":{"@id":"https:\/\/allasorias.hu\/hirek\/#website"},"breadcrumb":{"@id":"https:\/\/allasorias.hu\/hirek\/nem-ertenek-egyet-a-menedekkerok-oraberevel-az-osztrakok\/#breadcrumblist"},"author":{"@id":"https:\/\/allasorias.hu\/hirek\/author\/admin-allasorias\/#author"},"creator":{"@id":"https:\/\/allasorias.hu\/hirek\/author\/admin-allasorias\/#author"},"image":{"@type":"ImageObject","url":"https:\/\/allasorias.hu\/hirek\/wp-content\/uploads\/2019\/01\/pexels-photo-1329061.jpeg","@id":"https:\/\/allasorias.hu\/hirek\/nem-ertenek-egyet-a-menedekkerok-oraberevel-az-osztrakok\/#mainImage","width":640,"height":427},"primaryImageOfPage":{"@id":"https:\/\/allasorias.hu\/hirek\/nem-ertenek-egyet-a-menedekkerok-oraberevel-az-osztrakok\/#mainImage"},"datePublished":"2019-04-23T08:36:29+02:00","dateModified":"2019-04-23T08:36:29+02:00"},{"@type":"WebSite","@id":"https:\/\/allasorias.hu\/hirek\/#website","url":"https:\/\/allasorias.hu\/hirek\/","name":"AllasOrias.hu | H\u00edrek-lapszemle","description":"\u00dczleti h\u00edrek az \u00e1ll\u00e1s \u00e9s a munka vil\u00e1g\u00e1b\u00f3l","inLanguage":"hu-HU","publisher":{"@id":"https:\/\/allasorias.hu\/hirek\/#organization"}}]},"og:locale":"hu_HU","og:site_name":"AllasOrias.hu | H\u00edrek-lapszemle | \u00dczleti h\u00edrek az \u00e1ll\u00e1s \u00e9s a munka vil\u00e1g\u00e1b\u00f3l","og:type":"article","og:title":"Nem \u00e9rtenek egyet a mened\u00e9kk\u00e9r\u0151k \u00f3rab\u00e9r\u00e9vel az osztr\u00e1kok | AllasOrias.hu | H\u00edrek-lapszemle","og:description":"Irrit\u00e1lja az osztr\u00e1kokat az a javaslat, mely szerint egys\u00e9gesen kellene a mened\u00e9kk\u00e9r\u0151knek \u00f3rab\u00e9rt fizetni. Ausztria nyolc tartom\u00e1nya k\u00f6z\u00f6s \u00e1ll\u00e1sfoglal\u00e1sban k\u00e9rte Herbert Kickl bel\u00fcgyminisztert, hogy vonja vissza kor\u00e1bbi, a mened\u00e9kk\u00e9r\u0151k \u00f3rab\u00e9r\u00e9nek egys\u00e9ges\u00edt\u00e9s\u00e9re \u00e9s korl\u00e1toz\u00e1s\u00e1ra vonatkoz\u00f3 javaslat\u00e1t. Herbert Kickl osztr\u00e1k szabads\u00e1gp\u00e1rti bel\u00fcgyminiszter javaslata szerint a j\u00f6v\u0151ben egys\u00e9gesen 1 eur\u00f3 50 centes \u00f3rab\u00e9rt kellene fizetni a mened\u00e9kk\u00e9r\u0151knek Ausztri\u00e1ban.","og:url":"https:\/\/allasorias.hu\/hirek\/nem-ertenek-egyet-a-menedekkerok-oraberevel-az-osztrakok\/","og:image":"https:\/\/allasorias.hu\/hirek\/wp-content\/uploads\/2019\/01\/pexels-photo-1329061.jpeg","og:image:secure_url":"https:\/\/allasorias.hu\/hirek\/wp-content\/uploads\/2019\/01\/pexels-photo-1329061.jpeg","og:image:width":640,"og:image:height":427,"article:published_time":"2019-04-23T08:36:29+00:00","article:modified_time":"2019-04-23T08:36:29+00:00","article:publisher":"https:\/\/www.facebook.com\/allasorias","twitter:card":"summary_large_image","twitter:title":"Nem \u00e9rtenek egyet a mened\u00e9kk\u00e9r\u0151k \u00f3rab\u00e9r\u00e9vel az osztr\u00e1kok | AllasOrias.hu | H\u00edrek-lapszemle","twitter:description":"Irrit\u00e1lja az osztr\u00e1kokat az a javaslat, mely szerint egys\u00e9gesen kellene a mened\u00e9kk\u00e9r\u0151knek \u00f3rab\u00e9rt fizetni. Ausztria nyolc tartom\u00e1nya k\u00f6z\u00f6s \u00e1ll\u00e1sfoglal\u00e1sban k\u00e9rte Herbert Kickl bel\u00fcgyminisztert, hogy vonja vissza kor\u00e1bbi, a mened\u00e9kk\u00e9r\u0151k \u00f3rab\u00e9r\u00e9nek egys\u00e9ges\u00edt\u00e9s\u00e9re \u00e9s korl\u00e1toz\u00e1s\u00e1ra vonatkoz\u00f3 javaslat\u00e1t. Herbert Kickl osztr\u00e1k szabads\u00e1gp\u00e1rti bel\u00fcgyminiszter javaslata szerint a j\u00f6v\u0151ben egys\u00e9gesen 1 eur\u00f3 50 centes \u00f3rab\u00e9rt kellene fizetni a mened\u00e9kk\u00e9r\u0151knek Ausztri\u00e1ban.","twitter:image":"https:\/\/allasorias.hu\/hirek\/wp-content\/uploads\/2019\/01\/pexels-photo-1329061.jpeg","twitter:label1":"Written by","twitter:data1":"Juh\u00e1sz P\u00e9ter","twitter:label2":"Est. reading time","twitter:data2":"2 minutes"},"aioseo_meta_data":{"post_id":"2803","title":null,"description":null,"keywords":null,"keyphrases":null,"primary_term":null,"canonical_url":null,"og_title":null,"og_description":null,"og_object_type":"default","og_image_type":"default","og_image_url":null,"og_image_width":null,"og_image_height":null,"og_image_custom_url":null,"og_image_custom_fields":null,"og_video":null,"og_custom_url":null,"og_article_section":null,"og_article_tags":null,"twitter_use_og":false,"twitter_card":"default","twitter_image_type":"default","twitter_image_url":null,"twitter_image_custom_url":null,"twitter_image_custom_fields":null,"twitter_title":null,"twitter_description":null,"schema":{"blockGraphs":[],"customGraphs":[],"default":{"data":{"Article":[],"Course":[],"Dataset":[],"FAQPage":[],"Movie":[],"Person":[],"Product":[],"ProductReview":[],"Car":[],"Recipe":[],"Service":[],"SoftwareApplication":[],"WebPage":[]},"graphName":"","isEnabled":true},"graphs":[],"defaultGraph":"","defaultPostTypeGraph":""},"schema_type":null,"schema_type_options":null,"pillar_content":false,"robots_default":true,"robots_noindex":false,"robots_noarchive":false,"robots_nosnippet":false,"robots_nofollow":false,"robots_noimageindex":false,"robots_noodp":false,"robots_notranslate":false,"robots_max_snippet":null,"robots_max_videopreview":null,"robots_max_imagepreview":"large","priority":null,"frequency":null,"location":null,"local_seo":null,"breadcrumb_settings":null,"limit_modified_date":false,"ai":null,"created":"2021-02-01 21:14:05","updated":"2025-10-02 11:10:19","seo_analyzer_scan_date":null,"focus_keyword":null,"additional_keywords":null,"truseo_locale":null},"aioseo_breadcrumb":"<div class=\"aioseo-breadcrumbs\"><span class=\"aioseo-breadcrumb\">\n\t\t\t<a href=\"https:\/\/allasorias.hu\/hirek\" title=\"Home\">Home<\/a>\n\t\t<\/span><span class=\"aioseo-breadcrumb-separator\">&raquo;<\/span><span class=\"aioseo-breadcrumb\">\n\t\t\t<a href=\"https:\/\/allasorias.hu\/hirek\/temak\/gazdasag\/\" title=\"Gazdas\u00e1g\">Gazdas\u00e1g<\/a>\n\t\t<\/span><span class=\"aioseo-breadcrumb-separator\">&raquo;<\/span><span class=\"aioseo-breadcrumb\">\n\t\t\tNem \u00e9rtenek egyet a mened\u00e9kk\u00e9r\u0151k \u00f3rab\u00e9r\u00e9vel az osztr\u00e1kok\n\t\t<\/span><\/div>","aioseo_breadcrumb_json":[{"label":"Home","link":"https:\/\/allasorias.hu\/hirek"},{"label":"Gazdas\u00e1g","link":"https:\/\/allasorias.hu\/hirek\/temak\/gazdasag\/"},{"label":"Nem \u00e9rtenek egyet a mened\u00e9kk\u00e9r\u0151k \u00f3rab\u00e9r\u00e9vel az osztr\u00e1kok","link":"https:\/\/allasorias.hu\/hirek\/nem-ertenek-egyet-a-menedekkerok-oraberevel-az-osztrakok\/"}],"_links":{"self":[{"href":"https:\/\/allasorias.hu\/hirek\/wp-json\/wp\/v2\/posts\/2803","targetHints":{"allow":["GET"]}}],"collection":[{"href":"https:\/\/allasorias.hu\/hirek\/wp-json\/wp\/v2\/posts"}],"about":[{"href":"https:\/\/allasorias.hu\/hirek\/wp-json\/wp\/v2\/types\/post"}],"author":[{"embeddable":true,"href":"https:\/\/allasorias.hu\/hirek\/wp-json\/wp\/v2\/users\/1"}],"replies":[{"embeddable":true,"href":"https:\/\/allasorias.hu\/hirek\/wp-json\/wp\/v2\/comments?post=2803"}],"version-history":[{"count":1,"href":"https:\/\/allasorias.hu\/hirek\/wp-json\/wp\/v2\/posts\/2803\/revisions"}],"predecessor-version":[{"id":2804,"href":"https:\/\/allasorias.hu\/hirek\/wp-json\/wp\/v2\/posts\/2803\/revisions\/2804"}],"wp:featuredmedia":[{"embeddable":true,"href":"https:\/\/allasorias.hu\/hirek\/wp-json\/wp\/v2\/media\/2448"}],"wp:attachment":[{"href":"https:\/\/allasorias.hu\/hirek\/wp-json\/wp\/v2\/media?parent=2803"}],"wp:term":[{"taxonomy":"category","embeddable":true,"href":"https:\/\/allasorias.hu\/hirek\/wp-json\/wp\/v2\/categories?post=2803"},{"taxonomy":"post_tag","embeddable":true,"href":"https:\/\/allasorias.hu\/hirek\/wp-json\/wp\/v2\/tags?post=2803"}],"curies":[{"name":"wp","href":"https:\/\/api.w.org\/{rel}","templated":true}]}}