{"id":2801,"date":"2019-04-23T08:31:58","date_gmt":"2019-04-23T08:31:58","guid":{"rendered":"https:\/\/allasorias.hu\/hirek\/?p=2801"},"modified":"2019-04-23T08:31:58","modified_gmt":"2019-04-23T08:31:58","slug":"a-brexit-negativ-hatasai-tobben-mennek-mint-erkeznek","status":"publish","type":"post","link":"https:\/\/allasorias.hu\/hirek\/a-brexit-negativ-hatasai-tobben-mennek-mint-erkeznek\/","title":{"rendered":"A Brexit negat\u00edv hat\u00e1sai: t\u00f6bben mennek, mint \u00e9rkeznek"},"content":{"rendered":"<p><strong>Kev\u00e9s uni\u00f3s munkaer\u0151 \u00e9rkezik Nagy-Britanni\u00e1ba a Brexit n\u00e9pszavaz\u00e1s \u00f3ta. \u00a0A 2016 j\u00fanius\u00e1ban tartott referendumon a r\u00e9sztvev\u0151k sz\u0171k, 51,89 sz\u00e1zal\u00e9kos t\u00f6bbs\u00e9ge a kil\u00e9p\u00e9sre voksolt. A brit munkav\u00e1llal\u00f3i \u00e1llom\u00e1ny a n\u00e9pszavaz\u00e1s \u00f3ta t\u00f6bb mint egymilli\u00f3val b\u0151v\u00fclt, de a t\u00f6bbi EU-tagorsz\u00e1gb\u00f3l \u00e9rkez\u0151k nett\u00f3 hozz\u00e1j\u00e1rul\u00e1sa e n\u00f6veked\u00e9shez nem \u00e9rte el a 35 ezer f\u0151t ebben az id\u0151szakban.<\/strong><\/p>\n<p>Alok Sharma, a brit munka\u00fcgyi miniszt\u00e9rium foglalkoztat\u00e1si \u00e1llamtitk\u00e1ra a \u00a0The Daily Telegraph c\u00edm\u0171 konzervat\u00edv brit napilapnak nyilatkozott, melyben elmondta: az EU-n\u00e9pszavaz\u00e1s el\u0151tti k\u00e9t \u00e9vben t\u00f6bb mint 410 ezer k\u00fclf\u00f6ldi EU-munkav\u00e1llal\u00f3 \u00e9rkezett Nagy-Britanni\u00e1ba. Ez azt jelenti, hogy 2014 \u00e9s 2016 k\u00f6z\u00f6tt a brit foglalkoztat\u00e1s b\u0151v\u00fcl\u00e9s\u00e9nek t\u00f6bb mint 45 sz\u00e1zal\u00e9k\u00e1t az EU-t\u00e1rs\u00e1llamokb\u00f3l \u00e9rkez\u0151 munkav\u00e1llal\u00f3k adt\u00e1k. A meredek \u00edv\u0171 cs\u00f6kken\u00e9si folyamatot a hivatalos statisztikai kimutat\u00e1sok is jelzik. A brit statisztikai hivatal \u00a0\u00a0visszatekint\u0151 becsl\u00e9seinek legut\u00f3bbi kiad\u00e1sa szerint nett\u00f3 57 ezer f\u0151re \u2013 t\u00edz\u00e9vi m\u00e9lypontra \u2013 cs\u00f6kkent a tavalyi harmadik negyed\u00e9v v\u00e9g\u00e9ig terjed\u0151 egy \u00e9vben a tart\u00f3s letelep\u00fcl\u00e9si \u00e9s munkav\u00e1llal\u00e1si sz\u00e1nd\u00e9kkal Nagy-Britanni\u00e1ba \u00e9rkez\u0151 k\u00fclf\u00f6ldi EU-\u00e1llampolg\u00e1rok sz\u00e1ma, nem kis r\u00e9szben az\u00e9rt, mert a k\u00f6z\u00e9p- \u00e9s kelet-eur\u00f3pai EU-tagorsz\u00e1gok \u00e1llampolg\u00e1rai k\u00f6z\u00fcl t\u00f6bben t\u00e1voztak, mint ah\u00e1nyan \u00e9rkeztek. Az Eur\u00f3pai Uni\u00f3ba 2004-ben felvett nyolc k\u00f6z\u00e9p- \u00e9s kelet-eur\u00f3pai tag\u00e1llam, k\u00f6zt\u00fck Magyarorsz\u00e1g nagy-britanniai bev\u00e1ndorl\u00e1si m\u00e9rlege a teljes EU-adatsoron bel\u00fcl negat\u00edv: ezekb\u0151l az orsz\u00e1gokb\u00f3l 38 ezren \u00e9rkeztek, viszont 53 ezren t\u00e1voztak Nagy-Britanni\u00e1b\u00f3l, vagyis a keleti EU-tagorsz\u00e1gok nett\u00f3 bev\u00e1ndorl\u00e1si egyenlege m\u00ednusz 15 ezer volt a vizsg\u00e1lt tizenk\u00e9t havi id\u0151szakban. A teljes EU-bev\u00e1ndorl\u00e1si m\u00e9rlegen bel\u00fcl a k\u00f6z\u00e9p- \u00e9s kelet-eur\u00f3pai EU-orsz\u00e1gcsoport az egyetlen, amelynek a nett\u00f3 nagy-britanniai bev\u00e1ndorl\u00e1si egyenlege negat\u00edv.<\/p>\n<p>Forr\u00e1s: szakszervezetek.hu<\/p>\n","protected":false},"excerpt":{"rendered":"<p>Kev\u00e9s uni\u00f3s munkaer\u0151 \u00e9rkezik Nagy-Britanni\u00e1ba a Brexit n\u00e9pszavaz\u00e1s \u00f3ta. \u00a0A 2016 j\u00fanius\u00e1ban tartott referendumon a r\u00e9sztvev\u0151k sz\u0171k, 51,89 sz\u00e1zal\u00e9kos t\u00f6bbs\u00e9ge a kil\u00e9p\u00e9sre voksolt. A brit munkav\u00e1llal\u00f3i \u00e1llom\u00e1ny a n\u00e9pszavaz\u00e1s \u00f3ta t\u00f6bb mint egymilli\u00f3val b\u0151v\u00fclt, de a t\u00f6bbi EU-tagorsz\u00e1gb\u00f3l \u00e9rkez\u0151k nett\u00f3 hozz\u00e1j\u00e1rul\u00e1sa e n\u00f6veked\u00e9shez nem \u00e9rte el a 35 ezer f\u0151t ebben az id\u0151szakban. Alok Sharma, [&hellip;]<\/p>\n","protected":false},"author":1,"featured_media":2180,"comment_status":"open","ping_status":"open","sticky":false,"template":"","format":"standard","meta":{"_monsterinsights_skip_tracking":false,"footnotes":""},"categories":[198,201],"tags":[],"class_list":["post-2801","post","type-post","status-publish","format-standard","has-post-thumbnail","hentry","category-gazdasag","category-kulfold"],"aioseo_notices":[],"aioseo_head":"\n\t\t<!-- All in One SEO 5.0.0.1 - aioseo.com -->\n\t<meta name=\"description\" content=\"Kev\u00e9s uni\u00f3s munkaer\u0151 \u00e9rkezik Nagy-Britanni\u00e1ba a Brexit n\u00e9pszavaz\u00e1s \u00f3ta. A 2016 j\u00fanius\u00e1ban tartott referendumon a r\u00e9sztvev\u0151k sz\u0171k, 51,89 sz\u00e1zal\u00e9kos t\u00f6bbs\u00e9ge a kil\u00e9p\u00e9sre voksolt. A brit munkav\u00e1llal\u00f3i \u00e1llom\u00e1ny a n\u00e9pszavaz\u00e1s \u00f3ta t\u00f6bb mint egymilli\u00f3val b\u0151v\u00fclt, de a t\u00f6bbi EU-tagorsz\u00e1gb\u00f3l \u00e9rkez\u0151k nett\u00f3 hozz\u00e1j\u00e1rul\u00e1sa e n\u00f6veked\u00e9shez nem \u00e9rte el a 35 ezer f\u0151t ebben az id\u0151szakban. Alok Sharma,\" \/>\n\t<meta name=\"robots\" content=\"max-image-preview:large\" \/>\n\t<meta name=\"author\" content=\"Juh\u00e1sz P\u00e9ter\"\/>\n\t<link rel=\"canonical\" href=\"https:\/\/allasorias.hu\/hirek\/a-brexit-negativ-hatasai-tobben-mennek-mint-erkeznek\/\" \/>\n\t<meta name=\"generator\" content=\"All in One SEO (AIOSEO) 5.0.0.1\" \/>\n\t\t<meta property=\"og:locale\" content=\"hu_HU\" \/>\n\t\t<meta property=\"og:site_name\" content=\"AllasOrias.hu | H\u00edrek-lapszemle | \u00dczleti h\u00edrek az \u00e1ll\u00e1s \u00e9s a munka vil\u00e1g\u00e1b\u00f3l\" \/>\n\t\t<meta property=\"og:type\" content=\"article\" \/>\n\t\t<meta property=\"og:title\" content=\"A Brexit negat\u00edv hat\u00e1sai: t\u00f6bben mennek, mint \u00e9rkeznek | AllasOrias.hu | H\u00edrek-lapszemle\" \/>\n\t\t<meta property=\"og:description\" content=\"Kev\u00e9s uni\u00f3s munkaer\u0151 \u00e9rkezik Nagy-Britanni\u00e1ba a Brexit n\u00e9pszavaz\u00e1s \u00f3ta. A 2016 j\u00fanius\u00e1ban tartott referendumon a r\u00e9sztvev\u0151k sz\u0171k, 51,89 sz\u00e1zal\u00e9kos t\u00f6bbs\u00e9ge a kil\u00e9p\u00e9sre voksolt. A brit munkav\u00e1llal\u00f3i \u00e1llom\u00e1ny a n\u00e9pszavaz\u00e1s \u00f3ta t\u00f6bb mint egymilli\u00f3val b\u0151v\u00fclt, de a t\u00f6bbi EU-tagorsz\u00e1gb\u00f3l \u00e9rkez\u0151k nett\u00f3 hozz\u00e1j\u00e1rul\u00e1sa e n\u00f6veked\u00e9shez nem \u00e9rte el a 35 ezer f\u0151t ebben az id\u0151szakban. Alok Sharma,\" \/>\n\t\t<meta property=\"og:url\" content=\"https:\/\/allasorias.hu\/hirek\/a-brexit-negativ-hatasai-tobben-mennek-mint-erkeznek\/\" \/>\n\t\t<meta property=\"og:image\" content=\"https:\/\/allasorias.hu\/hirek\/wp-content\/uploads\/2018\/11\/brexit-referendum-uk-1468255044bIX.jpg\" \/>\n\t\t<meta property=\"og:image:secure_url\" content=\"https:\/\/allasorias.hu\/hirek\/wp-content\/uploads\/2018\/11\/brexit-referendum-uk-1468255044bIX.jpg\" \/>\n\t\t<meta property=\"og:image:width\" content=\"615\" \/>\n\t\t<meta property=\"og:image:height\" content=\"407\" \/>\n\t\t<meta property=\"article:published_time\" content=\"2019-04-23T08:31:58+00:00\" \/>\n\t\t<meta property=\"article:modified_time\" content=\"2019-04-23T08:31:58+00:00\" \/>\n\t\t<meta property=\"article:publisher\" content=\"https:\/\/www.facebook.com\/allasorias\" \/>\n\t\t<meta name=\"twitter:card\" content=\"summary_large_image\" \/>\n\t\t<meta name=\"twitter:title\" content=\"A Brexit negat\u00edv hat\u00e1sai: t\u00f6bben mennek, mint \u00e9rkeznek | AllasOrias.hu | H\u00edrek-lapszemle\" \/>\n\t\t<meta name=\"twitter:description\" content=\"Kev\u00e9s uni\u00f3s munkaer\u0151 \u00e9rkezik Nagy-Britanni\u00e1ba a Brexit n\u00e9pszavaz\u00e1s \u00f3ta. A 2016 j\u00fanius\u00e1ban tartott referendumon a r\u00e9sztvev\u0151k sz\u0171k, 51,89 sz\u00e1zal\u00e9kos t\u00f6bbs\u00e9ge a kil\u00e9p\u00e9sre voksolt. A brit munkav\u00e1llal\u00f3i \u00e1llom\u00e1ny a n\u00e9pszavaz\u00e1s \u00f3ta t\u00f6bb mint egymilli\u00f3val b\u0151v\u00fclt, de a t\u00f6bbi EU-tagorsz\u00e1gb\u00f3l \u00e9rkez\u0151k nett\u00f3 hozz\u00e1j\u00e1rul\u00e1sa e n\u00f6veked\u00e9shez nem \u00e9rte el a 35 ezer f\u0151t ebben az id\u0151szakban. Alok Sharma,\" \/>\n\t\t<meta name=\"twitter:image\" content=\"https:\/\/allasorias.hu\/hirek\/wp-content\/uploads\/2018\/11\/brexit-referendum-uk-1468255044bIX.jpg\" \/>\n\t\t<meta name=\"twitter:label1\" content=\"Written by\" \/>\n\t\t<meta name=\"twitter:data1\" content=\"Juh\u00e1sz P\u00e9ter\" \/>\n\t\t<meta name=\"twitter:label2\" content=\"Est. reading time\" \/>\n\t\t<meta name=\"twitter:data2\" content=\"2 minutes\" \/>\n\t\t<script type=\"application\/ld+json\" class=\"aioseo-schema\">\n\t\t\t{\"@context\":\"https:\\\/\\\/schema.org\",\"@graph\":[{\"@type\":\"Article\",\"@id\":\"https:\\\/\\\/allasorias.hu\\\/hirek\\\/a-brexit-negativ-hatasai-tobben-mennek-mint-erkeznek\\\/#article\",\"name\":\"A Brexit negat\\u00edv hat\\u00e1sai: t\\u00f6bben mennek, mint \\u00e9rkeznek | AllasOrias.hu | H\\u00edrek-lapszemle\",\"headline\":\"A Brexit negat\\u00edv hat\\u00e1sai: t\\u00f6bben mennek, mint \\u00e9rkeznek\",\"author\":{\"@id\":\"https:\\\/\\\/allasorias.hu\\\/hirek\\\/author\\\/admin-allasorias\\\/#author\"},\"publisher\":{\"@id\":\"https:\\\/\\\/allasorias.hu\\\/hirek\\\/#organization\"},\"image\":{\"@type\":\"ImageObject\",\"url\":\"https:\\\/\\\/allasorias.hu\\\/hirek\\\/wp-content\\\/uploads\\\/2018\\\/11\\\/brexit-referendum-uk-1468255044bIX.jpg\",\"width\":615,\"height\":407},\"datePublished\":\"2019-04-23T08:31:58+02:00\",\"dateModified\":\"2019-04-23T08:31:58+02:00\",\"inLanguage\":\"hu-HU\",\"mainEntityOfPage\":{\"@id\":\"https:\\\/\\\/allasorias.hu\\\/hirek\\\/a-brexit-negativ-hatasai-tobben-mennek-mint-erkeznek\\\/#webpage\"},\"isPartOf\":{\"@id\":\"https:\\\/\\\/allasorias.hu\\\/hirek\\\/a-brexit-negativ-hatasai-tobben-mennek-mint-erkeznek\\\/#webpage\"},\"articleSection\":\"Gazdas\\u00e1g, K\\u00fclf\\u00f6ld\"},{\"@type\":\"BreadcrumbList\",\"@id\":\"https:\\\/\\\/allasorias.hu\\\/hirek\\\/a-brexit-negativ-hatasai-tobben-mennek-mint-erkeznek\\\/#breadcrumblist\",\"itemListElement\":[{\"@type\":\"ListItem\",\"@id\":\"https:\\\/\\\/allasorias.hu\\\/hirek#listItem\",\"position\":1,\"name\":\"Home\",\"item\":\"https:\\\/\\\/allasorias.hu\\\/hirek\",\"nextItem\":{\"@type\":\"ListItem\",\"@id\":\"https:\\\/\\\/allasorias.hu\\\/hirek\\\/temak\\\/gazdasag\\\/#listItem\",\"name\":\"Gazdas\\u00e1g\"}},{\"@type\":\"ListItem\",\"@id\":\"https:\\\/\\\/allasorias.hu\\\/hirek\\\/temak\\\/gazdasag\\\/#listItem\",\"position\":2,\"name\":\"Gazdas\\u00e1g\",\"item\":\"https:\\\/\\\/allasorias.hu\\\/hirek\\\/temak\\\/gazdasag\\\/\",\"nextItem\":{\"@type\":\"ListItem\",\"@id\":\"https:\\\/\\\/allasorias.hu\\\/hirek\\\/a-brexit-negativ-hatasai-tobben-mennek-mint-erkeznek\\\/#listItem\",\"name\":\"A Brexit negat\\u00edv hat\\u00e1sai: t\\u00f6bben mennek, mint \\u00e9rkeznek\"},\"previousItem\":{\"@type\":\"ListItem\",\"@id\":\"https:\\\/\\\/allasorias.hu\\\/hirek#listItem\",\"name\":\"Home\"}},{\"@type\":\"ListItem\",\"@id\":\"https:\\\/\\\/allasorias.hu\\\/hirek\\\/a-brexit-negativ-hatasai-tobben-mennek-mint-erkeznek\\\/#listItem\",\"position\":3,\"name\":\"A Brexit negat\\u00edv hat\\u00e1sai: t\\u00f6bben mennek, mint \\u00e9rkeznek\",\"previousItem\":{\"@type\":\"ListItem\",\"@id\":\"https:\\\/\\\/allasorias.hu\\\/hirek\\\/temak\\\/gazdasag\\\/#listItem\",\"name\":\"Gazdas\\u00e1g\"}}]},{\"@type\":\"Organization\",\"@id\":\"https:\\\/\\\/allasorias.hu\\\/hirek\\\/#organization\",\"name\":\"AllasOrias.hu | H\\u00edrek-lapszemle\",\"description\":\"\\u00dczleti h\\u00edrek az \\u00e1ll\\u00e1s \\u00e9s a munka vil\\u00e1g\\u00e1b\\u00f3l\",\"url\":\"https:\\\/\\\/allasorias.hu\\\/hirek\\\/\",\"logo\":{\"@type\":\"ImageObject\",\"url\":\"https:\\\/\\\/allasorias.hu\\\/hirek\\\/wp-content\\\/uploads\\\/2022\\\/10\\\/allasorias_site_facebok_logo.png\",\"@id\":\"https:\\\/\\\/allasorias.hu\\\/hirek\\\/a-brexit-negativ-hatasai-tobben-mennek-mint-erkeznek\\\/#organizationLogo\"},\"image\":{\"@id\":\"https:\\\/\\\/allasorias.hu\\\/hirek\\\/a-brexit-negativ-hatasai-tobben-mennek-mint-erkeznek\\\/#organizationLogo\"},\"sameAs\":[\"https:\\\/\\\/www.facebook.com\\\/allasorias\",\"https:\\\/\\\/www.linkedin.com\\\/company\\\/allasorias\"]},{\"@type\":\"Person\",\"@id\":\"https:\\\/\\\/allasorias.hu\\\/hirek\\\/author\\\/admin-allasorias\\\/#author\",\"url\":\"https:\\\/\\\/allasorias.hu\\\/hirek\\\/author\\\/admin-allasorias\\\/\",\"name\":\"Juh\\u00e1sz P\\u00e9ter\",\"image\":{\"@type\":\"ImageObject\",\"@id\":\"https:\\\/\\\/allasorias.hu\\\/hirek\\\/a-brexit-negativ-hatasai-tobben-mennek-mint-erkeznek\\\/#authorImage\",\"url\":\"https:\\\/\\\/secure.gravatar.com\\\/avatar\\\/36e6bcb83148978b992977cb0f54d22feb0cce8a0a849a9410532bb2623ba4c6?s=96&d=mm&r=g\",\"width\":96,\"height\":96,\"caption\":\"Juh\\u00e1sz P\\u00e9ter\"}},{\"@type\":\"WebPage\",\"@id\":\"https:\\\/\\\/allasorias.hu\\\/hirek\\\/a-brexit-negativ-hatasai-tobben-mennek-mint-erkeznek\\\/#webpage\",\"url\":\"https:\\\/\\\/allasorias.hu\\\/hirek\\\/a-brexit-negativ-hatasai-tobben-mennek-mint-erkeznek\\\/\",\"name\":\"A Brexit negat\\u00edv hat\\u00e1sai: t\\u00f6bben mennek, mint \\u00e9rkeznek | AllasOrias.hu | H\\u00edrek-lapszemle\",\"description\":\"Kev\\u00e9s uni\\u00f3s munkaer\\u0151 \\u00e9rkezik Nagy-Britanni\\u00e1ba a Brexit n\\u00e9pszavaz\\u00e1s \\u00f3ta. A 2016 j\\u00fanius\\u00e1ban tartott referendumon a r\\u00e9sztvev\\u0151k sz\\u0171k, 51,89 sz\\u00e1zal\\u00e9kos t\\u00f6bbs\\u00e9ge a kil\\u00e9p\\u00e9sre voksolt. A brit munkav\\u00e1llal\\u00f3i \\u00e1llom\\u00e1ny a n\\u00e9pszavaz\\u00e1s \\u00f3ta t\\u00f6bb mint egymilli\\u00f3val b\\u0151v\\u00fclt, de a t\\u00f6bbi EU-tagorsz\\u00e1gb\\u00f3l \\u00e9rkez\\u0151k nett\\u00f3 hozz\\u00e1j\\u00e1rul\\u00e1sa e n\\u00f6veked\\u00e9shez nem \\u00e9rte el a 35 ezer f\\u0151t ebben az id\\u0151szakban. Alok Sharma,\",\"inLanguage\":\"hu-HU\",\"isPartOf\":{\"@id\":\"https:\\\/\\\/allasorias.hu\\\/hirek\\\/#website\"},\"breadcrumb\":{\"@id\":\"https:\\\/\\\/allasorias.hu\\\/hirek\\\/a-brexit-negativ-hatasai-tobben-mennek-mint-erkeznek\\\/#breadcrumblist\"},\"author\":{\"@id\":\"https:\\\/\\\/allasorias.hu\\\/hirek\\\/author\\\/admin-allasorias\\\/#author\"},\"creator\":{\"@id\":\"https:\\\/\\\/allasorias.hu\\\/hirek\\\/author\\\/admin-allasorias\\\/#author\"},\"image\":{\"@type\":\"ImageObject\",\"url\":\"https:\\\/\\\/allasorias.hu\\\/hirek\\\/wp-content\\\/uploads\\\/2018\\\/11\\\/brexit-referendum-uk-1468255044bIX.jpg\",\"@id\":\"https:\\\/\\\/allasorias.hu\\\/hirek\\\/a-brexit-negativ-hatasai-tobben-mennek-mint-erkeznek\\\/#mainImage\",\"width\":615,\"height\":407},\"primaryImageOfPage\":{\"@id\":\"https:\\\/\\\/allasorias.hu\\\/hirek\\\/a-brexit-negativ-hatasai-tobben-mennek-mint-erkeznek\\\/#mainImage\"},\"datePublished\":\"2019-04-23T08:31:58+02:00\",\"dateModified\":\"2019-04-23T08:31:58+02:00\"},{\"@type\":\"WebSite\",\"@id\":\"https:\\\/\\\/allasorias.hu\\\/hirek\\\/#website\",\"url\":\"https:\\\/\\\/allasorias.hu\\\/hirek\\\/\",\"name\":\"AllasOrias.hu | H\\u00edrek-lapszemle\",\"description\":\"\\u00dczleti h\\u00edrek az \\u00e1ll\\u00e1s \\u00e9s a munka vil\\u00e1g\\u00e1b\\u00f3l\",\"inLanguage\":\"hu-HU\",\"publisher\":{\"@id\":\"https:\\\/\\\/allasorias.hu\\\/hirek\\\/#organization\"}}]}\n\t\t<\/script>\n\t\t<!-- All in One SEO -->\n\n","aioseo_head_json":{"title":"A Brexit negat\u00edv hat\u00e1sai: t\u00f6bben mennek, mint \u00e9rkeznek | AllasOrias.hu | H\u00edrek-lapszemle","description":"Kev\u00e9s uni\u00f3s munkaer\u0151 \u00e9rkezik Nagy-Britanni\u00e1ba a Brexit n\u00e9pszavaz\u00e1s \u00f3ta. A 2016 j\u00fanius\u00e1ban tartott referendumon a r\u00e9sztvev\u0151k sz\u0171k, 51,89 sz\u00e1zal\u00e9kos t\u00f6bbs\u00e9ge a kil\u00e9p\u00e9sre voksolt. A brit munkav\u00e1llal\u00f3i \u00e1llom\u00e1ny a n\u00e9pszavaz\u00e1s \u00f3ta t\u00f6bb mint egymilli\u00f3val b\u0151v\u00fclt, de a t\u00f6bbi EU-tagorsz\u00e1gb\u00f3l \u00e9rkez\u0151k nett\u00f3 hozz\u00e1j\u00e1rul\u00e1sa e n\u00f6veked\u00e9shez nem \u00e9rte el a 35 ezer f\u0151t ebben az id\u0151szakban. Alok Sharma,","canonical_url":"https:\/\/allasorias.hu\/hirek\/a-brexit-negativ-hatasai-tobben-mennek-mint-erkeznek\/","robots":"max-image-preview:large","keywords":"","webmasterTools":{"miscellaneous":""},"schema":{"@context":"https:\/\/schema.org","@graph":[{"@type":"Article","@id":"https:\/\/allasorias.hu\/hirek\/a-brexit-negativ-hatasai-tobben-mennek-mint-erkeznek\/#article","name":"A Brexit negat\u00edv hat\u00e1sai: t\u00f6bben mennek, mint \u00e9rkeznek | AllasOrias.hu | H\u00edrek-lapszemle","headline":"A Brexit negat\u00edv hat\u00e1sai: t\u00f6bben mennek, mint \u00e9rkeznek","author":{"@id":"https:\/\/allasorias.hu\/hirek\/author\/admin-allasorias\/#author"},"publisher":{"@id":"https:\/\/allasorias.hu\/hirek\/#organization"},"image":{"@type":"ImageObject","url":"https:\/\/allasorias.hu\/hirek\/wp-content\/uploads\/2018\/11\/brexit-referendum-uk-1468255044bIX.jpg","width":615,"height":407},"datePublished":"2019-04-23T08:31:58+02:00","dateModified":"2019-04-23T08:31:58+02:00","inLanguage":"hu-HU","mainEntityOfPage":{"@id":"https:\/\/allasorias.hu\/hirek\/a-brexit-negativ-hatasai-tobben-mennek-mint-erkeznek\/#webpage"},"isPartOf":{"@id":"https:\/\/allasorias.hu\/hirek\/a-brexit-negativ-hatasai-tobben-mennek-mint-erkeznek\/#webpage"},"articleSection":"Gazdas\u00e1g, K\u00fclf\u00f6ld"},{"@type":"BreadcrumbList","@id":"https:\/\/allasorias.hu\/hirek\/a-brexit-negativ-hatasai-tobben-mennek-mint-erkeznek\/#breadcrumblist","itemListElement":[{"@type":"ListItem","@id":"https:\/\/allasorias.hu\/hirek#listItem","position":1,"name":"Home","item":"https:\/\/allasorias.hu\/hirek","nextItem":{"@type":"ListItem","@id":"https:\/\/allasorias.hu\/hirek\/temak\/gazdasag\/#listItem","name":"Gazdas\u00e1g"}},{"@type":"ListItem","@id":"https:\/\/allasorias.hu\/hirek\/temak\/gazdasag\/#listItem","position":2,"name":"Gazdas\u00e1g","item":"https:\/\/allasorias.hu\/hirek\/temak\/gazdasag\/","nextItem":{"@type":"ListItem","@id":"https:\/\/allasorias.hu\/hirek\/a-brexit-negativ-hatasai-tobben-mennek-mint-erkeznek\/#listItem","name":"A Brexit negat\u00edv hat\u00e1sai: t\u00f6bben mennek, mint \u00e9rkeznek"},"previousItem":{"@type":"ListItem","@id":"https:\/\/allasorias.hu\/hirek#listItem","name":"Home"}},{"@type":"ListItem","@id":"https:\/\/allasorias.hu\/hirek\/a-brexit-negativ-hatasai-tobben-mennek-mint-erkeznek\/#listItem","position":3,"name":"A Brexit negat\u00edv hat\u00e1sai: t\u00f6bben mennek, mint \u00e9rkeznek","previousItem":{"@type":"ListItem","@id":"https:\/\/allasorias.hu\/hirek\/temak\/gazdasag\/#listItem","name":"Gazdas\u00e1g"}}]},{"@type":"Organization","@id":"https:\/\/allasorias.hu\/hirek\/#organization","name":"AllasOrias.hu | H\u00edrek-lapszemle","description":"\u00dczleti h\u00edrek az \u00e1ll\u00e1s \u00e9s a munka vil\u00e1g\u00e1b\u00f3l","url":"https:\/\/allasorias.hu\/hirek\/","logo":{"@type":"ImageObject","url":"https:\/\/allasorias.hu\/hirek\/wp-content\/uploads\/2022\/10\/allasorias_site_facebok_logo.png","@id":"https:\/\/allasorias.hu\/hirek\/a-brexit-negativ-hatasai-tobben-mennek-mint-erkeznek\/#organizationLogo"},"image":{"@id":"https:\/\/allasorias.hu\/hirek\/a-brexit-negativ-hatasai-tobben-mennek-mint-erkeznek\/#organizationLogo"},"sameAs":["https:\/\/www.facebook.com\/allasorias","https:\/\/www.linkedin.com\/company\/allasorias"]},{"@type":"Person","@id":"https:\/\/allasorias.hu\/hirek\/author\/admin-allasorias\/#author","url":"https:\/\/allasorias.hu\/hirek\/author\/admin-allasorias\/","name":"Juh\u00e1sz P\u00e9ter","image":{"@type":"ImageObject","@id":"https:\/\/allasorias.hu\/hirek\/a-brexit-negativ-hatasai-tobben-mennek-mint-erkeznek\/#authorImage","url":"https:\/\/secure.gravatar.com\/avatar\/36e6bcb83148978b992977cb0f54d22feb0cce8a0a849a9410532bb2623ba4c6?s=96&d=mm&r=g","width":96,"height":96,"caption":"Juh\u00e1sz P\u00e9ter"}},{"@type":"WebPage","@id":"https:\/\/allasorias.hu\/hirek\/a-brexit-negativ-hatasai-tobben-mennek-mint-erkeznek\/#webpage","url":"https:\/\/allasorias.hu\/hirek\/a-brexit-negativ-hatasai-tobben-mennek-mint-erkeznek\/","name":"A Brexit negat\u00edv hat\u00e1sai: t\u00f6bben mennek, mint \u00e9rkeznek | AllasOrias.hu | H\u00edrek-lapszemle","description":"Kev\u00e9s uni\u00f3s munkaer\u0151 \u00e9rkezik Nagy-Britanni\u00e1ba a Brexit n\u00e9pszavaz\u00e1s \u00f3ta. A 2016 j\u00fanius\u00e1ban tartott referendumon a r\u00e9sztvev\u0151k sz\u0171k, 51,89 sz\u00e1zal\u00e9kos t\u00f6bbs\u00e9ge a kil\u00e9p\u00e9sre voksolt. A brit munkav\u00e1llal\u00f3i \u00e1llom\u00e1ny a n\u00e9pszavaz\u00e1s \u00f3ta t\u00f6bb mint egymilli\u00f3val b\u0151v\u00fclt, de a t\u00f6bbi EU-tagorsz\u00e1gb\u00f3l \u00e9rkez\u0151k nett\u00f3 hozz\u00e1j\u00e1rul\u00e1sa e n\u00f6veked\u00e9shez nem \u00e9rte el a 35 ezer f\u0151t ebben az id\u0151szakban. Alok Sharma,","inLanguage":"hu-HU","isPartOf":{"@id":"https:\/\/allasorias.hu\/hirek\/#website"},"breadcrumb":{"@id":"https:\/\/allasorias.hu\/hirek\/a-brexit-negativ-hatasai-tobben-mennek-mint-erkeznek\/#breadcrumblist"},"author":{"@id":"https:\/\/allasorias.hu\/hirek\/author\/admin-allasorias\/#author"},"creator":{"@id":"https:\/\/allasorias.hu\/hirek\/author\/admin-allasorias\/#author"},"image":{"@type":"ImageObject","url":"https:\/\/allasorias.hu\/hirek\/wp-content\/uploads\/2018\/11\/brexit-referendum-uk-1468255044bIX.jpg","@id":"https:\/\/allasorias.hu\/hirek\/a-brexit-negativ-hatasai-tobben-mennek-mint-erkeznek\/#mainImage","width":615,"height":407},"primaryImageOfPage":{"@id":"https:\/\/allasorias.hu\/hirek\/a-brexit-negativ-hatasai-tobben-mennek-mint-erkeznek\/#mainImage"},"datePublished":"2019-04-23T08:31:58+02:00","dateModified":"2019-04-23T08:31:58+02:00"},{"@type":"WebSite","@id":"https:\/\/allasorias.hu\/hirek\/#website","url":"https:\/\/allasorias.hu\/hirek\/","name":"AllasOrias.hu | H\u00edrek-lapszemle","description":"\u00dczleti h\u00edrek az \u00e1ll\u00e1s \u00e9s a munka vil\u00e1g\u00e1b\u00f3l","inLanguage":"hu-HU","publisher":{"@id":"https:\/\/allasorias.hu\/hirek\/#organization"}}]},"og:locale":"hu_HU","og:site_name":"AllasOrias.hu | H\u00edrek-lapszemle | \u00dczleti h\u00edrek az \u00e1ll\u00e1s \u00e9s a munka vil\u00e1g\u00e1b\u00f3l","og:type":"article","og:title":"A Brexit negat\u00edv hat\u00e1sai: t\u00f6bben mennek, mint \u00e9rkeznek | AllasOrias.hu | H\u00edrek-lapszemle","og:description":"Kev\u00e9s uni\u00f3s munkaer\u0151 \u00e9rkezik Nagy-Britanni\u00e1ba a Brexit n\u00e9pszavaz\u00e1s \u00f3ta. A 2016 j\u00fanius\u00e1ban tartott referendumon a r\u00e9sztvev\u0151k sz\u0171k, 51,89 sz\u00e1zal\u00e9kos t\u00f6bbs\u00e9ge a kil\u00e9p\u00e9sre voksolt. A brit munkav\u00e1llal\u00f3i \u00e1llom\u00e1ny a n\u00e9pszavaz\u00e1s \u00f3ta t\u00f6bb mint egymilli\u00f3val b\u0151v\u00fclt, de a t\u00f6bbi EU-tagorsz\u00e1gb\u00f3l \u00e9rkez\u0151k nett\u00f3 hozz\u00e1j\u00e1rul\u00e1sa e n\u00f6veked\u00e9shez nem \u00e9rte el a 35 ezer f\u0151t ebben az id\u0151szakban. Alok Sharma,","og:url":"https:\/\/allasorias.hu\/hirek\/a-brexit-negativ-hatasai-tobben-mennek-mint-erkeznek\/","og:image":"https:\/\/allasorias.hu\/hirek\/wp-content\/uploads\/2018\/11\/brexit-referendum-uk-1468255044bIX.jpg","og:image:secure_url":"https:\/\/allasorias.hu\/hirek\/wp-content\/uploads\/2018\/11\/brexit-referendum-uk-1468255044bIX.jpg","og:image:width":615,"og:image:height":407,"article:published_time":"2019-04-23T08:31:58+00:00","article:modified_time":"2019-04-23T08:31:58+00:00","article:publisher":"https:\/\/www.facebook.com\/allasorias","twitter:card":"summary_large_image","twitter:title":"A Brexit negat\u00edv hat\u00e1sai: t\u00f6bben mennek, mint \u00e9rkeznek | AllasOrias.hu | H\u00edrek-lapszemle","twitter:description":"Kev\u00e9s uni\u00f3s munkaer\u0151 \u00e9rkezik Nagy-Britanni\u00e1ba a Brexit n\u00e9pszavaz\u00e1s \u00f3ta. A 2016 j\u00fanius\u00e1ban tartott referendumon a r\u00e9sztvev\u0151k sz\u0171k, 51,89 sz\u00e1zal\u00e9kos t\u00f6bbs\u00e9ge a kil\u00e9p\u00e9sre voksolt. A brit munkav\u00e1llal\u00f3i \u00e1llom\u00e1ny a n\u00e9pszavaz\u00e1s \u00f3ta t\u00f6bb mint egymilli\u00f3val b\u0151v\u00fclt, de a t\u00f6bbi EU-tagorsz\u00e1gb\u00f3l \u00e9rkez\u0151k nett\u00f3 hozz\u00e1j\u00e1rul\u00e1sa e n\u00f6veked\u00e9shez nem \u00e9rte el a 35 ezer f\u0151t ebben az id\u0151szakban. Alok Sharma,","twitter:image":"https:\/\/allasorias.hu\/hirek\/wp-content\/uploads\/2018\/11\/brexit-referendum-uk-1468255044bIX.jpg","twitter:label1":"Written by","twitter:data1":"Juh\u00e1sz P\u00e9ter","twitter:label2":"Est. reading time","twitter:data2":"2 minutes"},"aioseo_meta_data":{"post_id":"2801","title":null,"description":null,"keywords":null,"keyphrases":null,"primary_term":null,"canonical_url":null,"og_title":null,"og_description":null,"og_object_type":"default","og_image_type":"default","og_image_url":null,"og_image_width":null,"og_image_height":null,"og_image_custom_url":null,"og_image_custom_fields":null,"og_video":null,"og_custom_url":null,"og_article_section":null,"og_article_tags":null,"twitter_use_og":false,"twitter_card":"default","twitter_image_type":"default","twitter_image_url":null,"twitter_image_custom_url":null,"twitter_image_custom_fields":null,"twitter_title":null,"twitter_description":null,"schema":{"blockGraphs":[],"customGraphs":[],"default":{"data":{"Article":[],"Course":[],"Dataset":[],"FAQPage":[],"Movie":[],"Person":[],"Product":[],"ProductReview":[],"Car":[],"Recipe":[],"Service":[],"SoftwareApplication":[],"WebPage":[]},"graphName":"","isEnabled":true},"graphs":[],"defaultGraph":"","defaultPostTypeGraph":""},"schema_type":null,"schema_type_options":null,"pillar_content":false,"robots_default":true,"robots_noindex":false,"robots_noarchive":false,"robots_nosnippet":false,"robots_nofollow":false,"robots_noimageindex":false,"robots_noodp":false,"robots_notranslate":false,"robots_max_snippet":null,"robots_max_videopreview":null,"robots_max_imagepreview":"large","priority":null,"frequency":null,"location":null,"local_seo":null,"breadcrumb_settings":null,"limit_modified_date":false,"ai":null,"created":"2021-02-01 21:14:05","updated":"2025-10-02 11:10:19","seo_analyzer_scan_date":null,"focus_keyword":null,"additional_keywords":null,"truseo_locale":null},"aioseo_breadcrumb":"<div class=\"aioseo-breadcrumbs\"><span class=\"aioseo-breadcrumb\">\n\t\t\t<a href=\"https:\/\/allasorias.hu\/hirek\" title=\"Home\">Home<\/a>\n\t\t<\/span><span class=\"aioseo-breadcrumb-separator\">&raquo;<\/span><span class=\"aioseo-breadcrumb\">\n\t\t\t<a href=\"https:\/\/allasorias.hu\/hirek\/temak\/gazdasag\/\" title=\"Gazdas\u00e1g\">Gazdas\u00e1g<\/a>\n\t\t<\/span><span class=\"aioseo-breadcrumb-separator\">&raquo;<\/span><span class=\"aioseo-breadcrumb\">\n\t\t\tA Brexit negat\u00edv hat\u00e1sai: t\u00f6bben mennek, mint \u00e9rkeznek\n\t\t<\/span><\/div>","aioseo_breadcrumb_json":[{"label":"Home","link":"https:\/\/allasorias.hu\/hirek"},{"label":"Gazdas\u00e1g","link":"https:\/\/allasorias.hu\/hirek\/temak\/gazdasag\/"},{"label":"A Brexit negat\u00edv hat\u00e1sai: t\u00f6bben mennek, mint \u00e9rkeznek","link":"https:\/\/allasorias.hu\/hirek\/a-brexit-negativ-hatasai-tobben-mennek-mint-erkeznek\/"}],"_links":{"self":[{"href":"https:\/\/allasorias.hu\/hirek\/wp-json\/wp\/v2\/posts\/2801","targetHints":{"allow":["GET"]}}],"collection":[{"href":"https:\/\/allasorias.hu\/hirek\/wp-json\/wp\/v2\/posts"}],"about":[{"href":"https:\/\/allasorias.hu\/hirek\/wp-json\/wp\/v2\/types\/post"}],"author":[{"embeddable":true,"href":"https:\/\/allasorias.hu\/hirek\/wp-json\/wp\/v2\/users\/1"}],"replies":[{"embeddable":true,"href":"https:\/\/allasorias.hu\/hirek\/wp-json\/wp\/v2\/comments?post=2801"}],"version-history":[{"count":1,"href":"https:\/\/allasorias.hu\/hirek\/wp-json\/wp\/v2\/posts\/2801\/revisions"}],"predecessor-version":[{"id":2802,"href":"https:\/\/allasorias.hu\/hirek\/wp-json\/wp\/v2\/posts\/2801\/revisions\/2802"}],"wp:featuredmedia":[{"embeddable":true,"href":"https:\/\/allasorias.hu\/hirek\/wp-json\/wp\/v2\/media\/2180"}],"wp:attachment":[{"href":"https:\/\/allasorias.hu\/hirek\/wp-json\/wp\/v2\/media?parent=2801"}],"wp:term":[{"taxonomy":"category","embeddable":true,"href":"https:\/\/allasorias.hu\/hirek\/wp-json\/wp\/v2\/categories?post=2801"},{"taxonomy":"post_tag","embeddable":true,"href":"https:\/\/allasorias.hu\/hirek\/wp-json\/wp\/v2\/tags?post=2801"}],"curies":[{"name":"wp","href":"https:\/\/api.w.org\/{rel}","templated":true}]}}