{"id":2799,"date":"2019-04-18T07:34:34","date_gmt":"2019-04-18T07:34:34","guid":{"rendered":"https:\/\/allasorias.hu\/hirek\/?p=2799"},"modified":"2019-04-23T08:30:53","modified_gmt":"2019-04-23T08:30:53","slug":"elonyben-a-tavmunka-kedvezni-a-dolgozoknak","status":"publish","type":"post","link":"https:\/\/allasorias.hu\/hirek\/elonyben-a-tavmunka-kedvezni-a-dolgozoknak\/","title":{"rendered":"El\u0151nyben a t\u00e1vmunka \u2013 kedvezni a dolgoz\u00f3knak"},"content":{"rendered":"<p><strong>A dolgoz\u00f3k kedvelik a t\u00e1vmunk\u00e1t, a munkaad\u00f3knak vannak fenntart\u00e1saik, p\u00e9ld\u00e1ul az, hogy kit\u00f6ltik-e a munkaidej\u00fcket, el\u00e9g hat\u00e9konyan v\u00e9gzik-e el a munk\u00e1jukat. A k\u00fclf\u00f6ldi tapasztalatok szerint a t\u00e1vmunka n\u00f6veli a termel\u00e9kenys\u00e9get, \u00e9s jelent\u0151sen, 40 sz\u00e1zal\u00e9kkal cs\u00f6kkenti az elv\u00e1ndorl\u00e1st. Ez a munkaer\u0151-hi\u00e1ny miatt nem megvetend\u0151 t\u00e9nyez\u0151. <\/strong><\/p>\n<p>Egy \u00faj EU-s ir\u00e1nyelv szerint a 12 \u00e9ven aluli gyerekek sz\u00fcleinek t\u00e1vmunka-lehet\u0151s\u00e9get kell majd biztos\u00edtani \u2013 kezdt\u00e9k a SME 2019 &#8211; F\u00f3kuszban a digitaliz\u00e1ci\u00f3 konferencia kerekasztal-besz\u00e9lget\u00e9s\u00e9n. A t\u00e1vmunk\u00e1ra lenne ig\u00e9ny a dolgoz\u00f3k r\u00e9sz\u00e9r\u0151l, vannak is r\u00e1 pozit\u00edv tapasztalatok, ahol j\u00f3l m\u0171k\u00f6dik \u2013 mondta el K\u00e1nai Andr\u00e1s j\u00f6v\u0151kutat\u00f3. A munkaer\u0151-piacon a munkav\u00e1llal\u00f3i oldalr\u00f3l borzaszt\u00f3 er\u0151s a nyom\u00e1s, az alkalmazottak ugyanis jelenleg k\u00f6nnyen \u00e1tmennek m\u00e1s c\u00e9ghez, ahol valamilyen szempontb\u00f3l kedvez\u0151bb felt\u00e9teleket biztos\u00edtanak nekik. P\u00e9ld\u00e1ul van t\u00e1vmunka \u2013 mondta el Pablo Fritz, a HILL International vezet\u0151 tan\u00e1csad\u00f3ja. Kov\u00e1cs \u00c1kos, a Vodafone v\u00e1llalatiterm\u00e9k-igazgat\u00f3ja szerint c\u00e9g\u00e9n\u00e9l m\u00e1r a munkaid\u0151 mintegy h\u00fasz sz\u00e1zal\u00e9k\u00e1t t\u00e1vmunk\u00e1ban t\u00f6ltik. Amihez persze meg kell lennie a megfelel\u0151 felt\u00e9teleknek, mint a biztons\u00e1gos internet, j\u00f3l m\u0171k\u00f6d\u0151 hordozhat\u00f3 sz\u00e1m\u00edt\u00f3g\u00e9p, egyes munkak\u00f6r\u00f6kben a telefon. A call centerekben p\u00e9ld\u00e1ul meg kell oldani, hogy az otthonr\u00f3l dolgoz\u00f3 koll\u00e9g\u00e1t ugyan\u00fagy tudj\u00e1k kapcsolni, mintha a c\u00e9g \u00e9p\u00fclet\u00e9ben lenne, \u00e9s ez ne legyen \u00e9szrevehet\u0151. Egy magyarorsz\u00e1gi v\u00e1llalati k\u00e9rd\u0151\u00edvre v\u00e1laszolva a v\u00e1laszad\u00f3k t\u00f6bb mint harmada nyilatkozott \u00fagy, hogy n\u00e1luk lehet\u0151s\u00e9g van t\u00e1vmunk\u00e1ra. Ehhez persze a vezet\u0151k pozit\u00edv hozz\u00e1\u00e1ll\u00e1s\u00e1ra is sz\u00fcks\u00e9g van. Sok n\u00f6veked\u0151 c\u00e9g ezzel nem tud foglalkozni, \u00f6r\u00fcl, ha az \u00fcgyfeleket egy\u00e1ltal\u00e1n ki tudja szolg\u00e1lni. Nem minden\u00fctt vannak az eredm\u00e9nyekkel kapcsolatos k\u00f6telmek, a munka napi 8 \u00f3r\u00e1r\u00f3l sz\u00f3l. Sok helyen nem tudj\u00e1k d\u00e9lel\u0151tt, mit csin\u00e1lnak majd d\u00e9lut\u00e1n. A v\u00e1llalatvezet\u0151k arra t\u00f6rekszenek, hogy a munkav\u00e1llal\u00f3k kit\u00f6lts\u00e9k munk\u00e1val a nekik kifizetett nyolc \u00f3r\u00e1t. Ha marad m\u00e9g id\u0151, csin\u00e1ljanak valami m\u00e1st \u2013 tartj\u00e1k. Lehet, hogy a v\u00e1llalatvezet\u0151knek megfelel\u0151 tan\u00e1csad\u00f3kat \u00e9rdemes alkalmazni, hogy a t\u00e1vmunka el\u0151nyeit \u00e9s h\u00e1tr\u00e1nyait ki tudj\u00e1k haszn\u00e1lni \u2013 mondta Pablo Fritz. A t\u00e1vmunka els\u0151sorban a fiatalabb gener\u00e1ci\u00f3kat \u00e9rinti, akik m\u00e1r a modern technik\u00e1t j\u00f3l ismerik \u00e9s azzal n\u0151ttek fel. De a t\u00f6bbi gener\u00e1ci\u00f3 is tanul\u00f3k\u00e9pes.<\/p>\n<p>Forr\u00e1s: privatbankar.hu<\/p>\n","protected":false},"excerpt":{"rendered":"<p>A dolgoz\u00f3k kedvelik a t\u00e1vmunk\u00e1t, a munkaad\u00f3knak vannak fenntart\u00e1saik, p\u00e9ld\u00e1ul az, hogy kit\u00f6ltik-e a munkaidej\u00fcket, el\u00e9g hat\u00e9konyan v\u00e9gzik-e el a munk\u00e1jukat. A k\u00fclf\u00f6ldi tapasztalatok szerint a t\u00e1vmunka n\u00f6veli a termel\u00e9kenys\u00e9get, \u00e9s jelent\u0151sen, 40 sz\u00e1zal\u00e9kkal cs\u00f6kkenti az elv\u00e1ndorl\u00e1st. Ez a munkaer\u0151-hi\u00e1ny miatt nem megvetend\u0151 t\u00e9nyez\u0151. Egy \u00faj EU-s ir\u00e1nyelv szerint a 12 \u00e9ven aluli gyerekek sz\u00fcleinek [&hellip;]<\/p>\n","protected":false},"author":1,"featured_media":2341,"comment_status":"open","ping_status":"open","sticky":false,"template":"","format":"standard","meta":{"_monsterinsights_skip_tracking":false,"footnotes":""},"categories":[1,200],"tags":[],"class_list":["post-2799","post","type-post","status-publish","format-standard","has-post-thumbnail","hentry","category-allaskereses","category-munkaeropiac"],"aioseo_notices":[],"aioseo_head":"\n\t\t<!-- All in One SEO 5.0.0.1 - aioseo.com -->\n\t<meta name=\"description\" content=\"A dolgoz\u00f3k kedvelik a t\u00e1vmunk\u00e1t, a munkaad\u00f3knak vannak fenntart\u00e1saik, p\u00e9ld\u00e1ul az, hogy kit\u00f6ltik-e a munkaidej\u00fcket, el\u00e9g hat\u00e9konyan v\u00e9gzik-e el a munk\u00e1jukat. A k\u00fclf\u00f6ldi tapasztalatok szerint a t\u00e1vmunka n\u00f6veli a termel\u00e9kenys\u00e9get, \u00e9s jelent\u0151sen, 40 sz\u00e1zal\u00e9kkal cs\u00f6kkenti az elv\u00e1ndorl\u00e1st. Ez a munkaer\u0151-hi\u00e1ny miatt nem megvetend\u0151 t\u00e9nyez\u0151. Egy \u00faj EU-s ir\u00e1nyelv szerint a 12 \u00e9ven aluli gyerekek sz\u00fcleinek\" \/>\n\t<meta name=\"robots\" content=\"max-image-preview:large\" \/>\n\t<meta name=\"author\" content=\"Juh\u00e1sz P\u00e9ter\"\/>\n\t<link rel=\"canonical\" href=\"https:\/\/allasorias.hu\/hirek\/elonyben-a-tavmunka-kedvezni-a-dolgozoknak\/\" \/>\n\t<meta name=\"generator\" content=\"All in One SEO (AIOSEO) 5.0.0.1\" \/>\n\t\t<meta property=\"og:locale\" content=\"hu_HU\" \/>\n\t\t<meta property=\"og:site_name\" content=\"AllasOrias.hu | H\u00edrek-lapszemle | \u00dczleti h\u00edrek az \u00e1ll\u00e1s \u00e9s a munka vil\u00e1g\u00e1b\u00f3l\" \/>\n\t\t<meta property=\"og:type\" content=\"article\" \/>\n\t\t<meta property=\"og:title\" content=\"El\u0151nyben a t\u00e1vmunka \u2013 kedvezni a dolgoz\u00f3knak | AllasOrias.hu | H\u00edrek-lapszemle\" \/>\n\t\t<meta property=\"og:description\" content=\"A dolgoz\u00f3k kedvelik a t\u00e1vmunk\u00e1t, a munkaad\u00f3knak vannak fenntart\u00e1saik, p\u00e9ld\u00e1ul az, hogy kit\u00f6ltik-e a munkaidej\u00fcket, el\u00e9g hat\u00e9konyan v\u00e9gzik-e el a munk\u00e1jukat. A k\u00fclf\u00f6ldi tapasztalatok szerint a t\u00e1vmunka n\u00f6veli a termel\u00e9kenys\u00e9get, \u00e9s jelent\u0151sen, 40 sz\u00e1zal\u00e9kkal cs\u00f6kkenti az elv\u00e1ndorl\u00e1st. Ez a munkaer\u0151-hi\u00e1ny miatt nem megvetend\u0151 t\u00e9nyez\u0151. Egy \u00faj EU-s ir\u00e1nyelv szerint a 12 \u00e9ven aluli gyerekek sz\u00fcleinek\" \/>\n\t\t<meta property=\"og:url\" content=\"https:\/\/allasorias.hu\/hirek\/elonyben-a-tavmunka-kedvezni-a-dolgozoknak\/\" \/>\n\t\t<meta property=\"og:image\" content=\"https:\/\/allasorias.hu\/hirek\/wp-content\/uploads\/2018\/12\/ipad-tablet-technology-touch.jpg\" \/>\n\t\t<meta property=\"og:image:secure_url\" content=\"https:\/\/allasorias.hu\/hirek\/wp-content\/uploads\/2018\/12\/ipad-tablet-technology-touch.jpg\" \/>\n\t\t<meta property=\"og:image:width\" content=\"900\" \/>\n\t\t<meta property=\"og:image:height\" content=\"600\" \/>\n\t\t<meta property=\"article:published_time\" content=\"2019-04-18T07:34:34+00:00\" \/>\n\t\t<meta property=\"article:modified_time\" content=\"2019-04-23T08:30:53+00:00\" \/>\n\t\t<meta property=\"article:publisher\" content=\"https:\/\/www.facebook.com\/allasorias\" \/>\n\t\t<meta name=\"twitter:card\" content=\"summary_large_image\" \/>\n\t\t<meta name=\"twitter:title\" content=\"El\u0151nyben a t\u00e1vmunka \u2013 kedvezni a dolgoz\u00f3knak | AllasOrias.hu | H\u00edrek-lapszemle\" \/>\n\t\t<meta name=\"twitter:description\" content=\"A dolgoz\u00f3k kedvelik a t\u00e1vmunk\u00e1t, a munkaad\u00f3knak vannak fenntart\u00e1saik, p\u00e9ld\u00e1ul az, hogy kit\u00f6ltik-e a munkaidej\u00fcket, el\u00e9g hat\u00e9konyan v\u00e9gzik-e el a munk\u00e1jukat. A k\u00fclf\u00f6ldi tapasztalatok szerint a t\u00e1vmunka n\u00f6veli a termel\u00e9kenys\u00e9get, \u00e9s jelent\u0151sen, 40 sz\u00e1zal\u00e9kkal cs\u00f6kkenti az elv\u00e1ndorl\u00e1st. Ez a munkaer\u0151-hi\u00e1ny miatt nem megvetend\u0151 t\u00e9nyez\u0151. Egy \u00faj EU-s ir\u00e1nyelv szerint a 12 \u00e9ven aluli gyerekek sz\u00fcleinek\" \/>\n\t\t<meta name=\"twitter:image\" content=\"https:\/\/allasorias.hu\/hirek\/wp-content\/uploads\/2018\/12\/ipad-tablet-technology-touch.jpg\" \/>\n\t\t<meta name=\"twitter:label1\" content=\"Written by\" \/>\n\t\t<meta name=\"twitter:data1\" content=\"Juh\u00e1sz P\u00e9ter\" \/>\n\t\t<meta name=\"twitter:label2\" content=\"Est. reading time\" \/>\n\t\t<meta name=\"twitter:data2\" content=\"2 minutes\" \/>\n\t\t<script type=\"application\/ld+json\" class=\"aioseo-schema\">\n\t\t\t{\"@context\":\"https:\\\/\\\/schema.org\",\"@graph\":[{\"@type\":\"Article\",\"@id\":\"https:\\\/\\\/allasorias.hu\\\/hirek\\\/elonyben-a-tavmunka-kedvezni-a-dolgozoknak\\\/#article\",\"name\":\"El\\u0151nyben a t\\u00e1vmunka \\u2013 kedvezni a dolgoz\\u00f3knak | AllasOrias.hu | H\\u00edrek-lapszemle\",\"headline\":\"El\\u0151nyben a t\\u00e1vmunka \\u2013 kedvezni a dolgoz\\u00f3knak\",\"author\":{\"@id\":\"https:\\\/\\\/allasorias.hu\\\/hirek\\\/author\\\/admin-allasorias\\\/#author\"},\"publisher\":{\"@id\":\"https:\\\/\\\/allasorias.hu\\\/hirek\\\/#organization\"},\"image\":{\"@type\":\"ImageObject\",\"url\":\"https:\\\/\\\/allasorias.hu\\\/hirek\\\/wp-content\\\/uploads\\\/2018\\\/12\\\/ipad-tablet-technology-touch.jpg\",\"width\":900,\"height\":600},\"datePublished\":\"2019-04-18T07:34:34+02:00\",\"dateModified\":\"2019-04-23T08:30:53+02:00\",\"inLanguage\":\"hu-HU\",\"commentCount\":1,\"mainEntityOfPage\":{\"@id\":\"https:\\\/\\\/allasorias.hu\\\/hirek\\\/elonyben-a-tavmunka-kedvezni-a-dolgozoknak\\\/#webpage\"},\"isPartOf\":{\"@id\":\"https:\\\/\\\/allasorias.hu\\\/hirek\\\/elonyben-a-tavmunka-kedvezni-a-dolgozoknak\\\/#webpage\"},\"articleSection\":\"\\u00c1ll\\u00e1skeres\\u00e9s, Munkaer\\u0151piac\"},{\"@type\":\"BreadcrumbList\",\"@id\":\"https:\\\/\\\/allasorias.hu\\\/hirek\\\/elonyben-a-tavmunka-kedvezni-a-dolgozoknak\\\/#breadcrumblist\",\"itemListElement\":[{\"@type\":\"ListItem\",\"@id\":\"https:\\\/\\\/allasorias.hu\\\/hirek#listItem\",\"position\":1,\"name\":\"Home\",\"item\":\"https:\\\/\\\/allasorias.hu\\\/hirek\",\"nextItem\":{\"@type\":\"ListItem\",\"@id\":\"https:\\\/\\\/allasorias.hu\\\/hirek\\\/temak\\\/allaskereses\\\/#listItem\",\"name\":\"\\u00c1ll\\u00e1skeres\\u00e9s\"}},{\"@type\":\"ListItem\",\"@id\":\"https:\\\/\\\/allasorias.hu\\\/hirek\\\/temak\\\/allaskereses\\\/#listItem\",\"position\":2,\"name\":\"\\u00c1ll\\u00e1skeres\\u00e9s\",\"item\":\"https:\\\/\\\/allasorias.hu\\\/hirek\\\/temak\\\/allaskereses\\\/\",\"nextItem\":{\"@type\":\"ListItem\",\"@id\":\"https:\\\/\\\/allasorias.hu\\\/hirek\\\/elonyben-a-tavmunka-kedvezni-a-dolgozoknak\\\/#listItem\",\"name\":\"El\\u0151nyben a t\\u00e1vmunka \\u2013 kedvezni a dolgoz\\u00f3knak\"},\"previousItem\":{\"@type\":\"ListItem\",\"@id\":\"https:\\\/\\\/allasorias.hu\\\/hirek#listItem\",\"name\":\"Home\"}},{\"@type\":\"ListItem\",\"@id\":\"https:\\\/\\\/allasorias.hu\\\/hirek\\\/elonyben-a-tavmunka-kedvezni-a-dolgozoknak\\\/#listItem\",\"position\":3,\"name\":\"El\\u0151nyben a t\\u00e1vmunka \\u2013 kedvezni a dolgoz\\u00f3knak\",\"previousItem\":{\"@type\":\"ListItem\",\"@id\":\"https:\\\/\\\/allasorias.hu\\\/hirek\\\/temak\\\/allaskereses\\\/#listItem\",\"name\":\"\\u00c1ll\\u00e1skeres\\u00e9s\"}}]},{\"@type\":\"Organization\",\"@id\":\"https:\\\/\\\/allasorias.hu\\\/hirek\\\/#organization\",\"name\":\"AllasOrias.hu | H\\u00edrek-lapszemle\",\"description\":\"\\u00dczleti h\\u00edrek az \\u00e1ll\\u00e1s \\u00e9s a munka vil\\u00e1g\\u00e1b\\u00f3l\",\"url\":\"https:\\\/\\\/allasorias.hu\\\/hirek\\\/\",\"logo\":{\"@type\":\"ImageObject\",\"url\":\"https:\\\/\\\/allasorias.hu\\\/hirek\\\/wp-content\\\/uploads\\\/2022\\\/10\\\/allasorias_site_facebok_logo.png\",\"@id\":\"https:\\\/\\\/allasorias.hu\\\/hirek\\\/elonyben-a-tavmunka-kedvezni-a-dolgozoknak\\\/#organizationLogo\"},\"image\":{\"@id\":\"https:\\\/\\\/allasorias.hu\\\/hirek\\\/elonyben-a-tavmunka-kedvezni-a-dolgozoknak\\\/#organizationLogo\"},\"sameAs\":[\"https:\\\/\\\/www.facebook.com\\\/allasorias\",\"https:\\\/\\\/www.linkedin.com\\\/company\\\/allasorias\"]},{\"@type\":\"Person\",\"@id\":\"https:\\\/\\\/allasorias.hu\\\/hirek\\\/author\\\/admin-allasorias\\\/#author\",\"url\":\"https:\\\/\\\/allasorias.hu\\\/hirek\\\/author\\\/admin-allasorias\\\/\",\"name\":\"Juh\\u00e1sz P\\u00e9ter\",\"image\":{\"@type\":\"ImageObject\",\"@id\":\"https:\\\/\\\/allasorias.hu\\\/hirek\\\/elonyben-a-tavmunka-kedvezni-a-dolgozoknak\\\/#authorImage\",\"url\":\"https:\\\/\\\/secure.gravatar.com\\\/avatar\\\/36e6bcb83148978b992977cb0f54d22feb0cce8a0a849a9410532bb2623ba4c6?s=96&d=mm&r=g\",\"width\":96,\"height\":96,\"caption\":\"Juh\\u00e1sz P\\u00e9ter\"}},{\"@type\":\"WebPage\",\"@id\":\"https:\\\/\\\/allasorias.hu\\\/hirek\\\/elonyben-a-tavmunka-kedvezni-a-dolgozoknak\\\/#webpage\",\"url\":\"https:\\\/\\\/allasorias.hu\\\/hirek\\\/elonyben-a-tavmunka-kedvezni-a-dolgozoknak\\\/\",\"name\":\"El\\u0151nyben a t\\u00e1vmunka \\u2013 kedvezni a dolgoz\\u00f3knak | AllasOrias.hu | H\\u00edrek-lapszemle\",\"description\":\"A dolgoz\\u00f3k kedvelik a t\\u00e1vmunk\\u00e1t, a munkaad\\u00f3knak vannak fenntart\\u00e1saik, p\\u00e9ld\\u00e1ul az, hogy kit\\u00f6ltik-e a munkaidej\\u00fcket, el\\u00e9g hat\\u00e9konyan v\\u00e9gzik-e el a munk\\u00e1jukat. A k\\u00fclf\\u00f6ldi tapasztalatok szerint a t\\u00e1vmunka n\\u00f6veli a termel\\u00e9kenys\\u00e9get, \\u00e9s jelent\\u0151sen, 40 sz\\u00e1zal\\u00e9kkal cs\\u00f6kkenti az elv\\u00e1ndorl\\u00e1st. Ez a munkaer\\u0151-hi\\u00e1ny miatt nem megvetend\\u0151 t\\u00e9nyez\\u0151. Egy \\u00faj EU-s ir\\u00e1nyelv szerint a 12 \\u00e9ven aluli gyerekek sz\\u00fcleinek\",\"inLanguage\":\"hu-HU\",\"isPartOf\":{\"@id\":\"https:\\\/\\\/allasorias.hu\\\/hirek\\\/#website\"},\"breadcrumb\":{\"@id\":\"https:\\\/\\\/allasorias.hu\\\/hirek\\\/elonyben-a-tavmunka-kedvezni-a-dolgozoknak\\\/#breadcrumblist\"},\"author\":{\"@id\":\"https:\\\/\\\/allasorias.hu\\\/hirek\\\/author\\\/admin-allasorias\\\/#author\"},\"creator\":{\"@id\":\"https:\\\/\\\/allasorias.hu\\\/hirek\\\/author\\\/admin-allasorias\\\/#author\"},\"image\":{\"@type\":\"ImageObject\",\"url\":\"https:\\\/\\\/allasorias.hu\\\/hirek\\\/wp-content\\\/uploads\\\/2018\\\/12\\\/ipad-tablet-technology-touch.jpg\",\"@id\":\"https:\\\/\\\/allasorias.hu\\\/hirek\\\/elonyben-a-tavmunka-kedvezni-a-dolgozoknak\\\/#mainImage\",\"width\":900,\"height\":600},\"primaryImageOfPage\":{\"@id\":\"https:\\\/\\\/allasorias.hu\\\/hirek\\\/elonyben-a-tavmunka-kedvezni-a-dolgozoknak\\\/#mainImage\"},\"datePublished\":\"2019-04-18T07:34:34+02:00\",\"dateModified\":\"2019-04-23T08:30:53+02:00\"},{\"@type\":\"WebSite\",\"@id\":\"https:\\\/\\\/allasorias.hu\\\/hirek\\\/#website\",\"url\":\"https:\\\/\\\/allasorias.hu\\\/hirek\\\/\",\"name\":\"AllasOrias.hu | H\\u00edrek-lapszemle\",\"description\":\"\\u00dczleti h\\u00edrek az \\u00e1ll\\u00e1s \\u00e9s a munka vil\\u00e1g\\u00e1b\\u00f3l\",\"inLanguage\":\"hu-HU\",\"publisher\":{\"@id\":\"https:\\\/\\\/allasorias.hu\\\/hirek\\\/#organization\"}}]}\n\t\t<\/script>\n\t\t<!-- All in One SEO -->\n\n","aioseo_head_json":{"title":"El\u0151nyben a t\u00e1vmunka \u2013 kedvezni a dolgoz\u00f3knak | AllasOrias.hu | H\u00edrek-lapszemle","description":"A dolgoz\u00f3k kedvelik a t\u00e1vmunk\u00e1t, a munkaad\u00f3knak vannak fenntart\u00e1saik, p\u00e9ld\u00e1ul az, hogy kit\u00f6ltik-e a munkaidej\u00fcket, el\u00e9g hat\u00e9konyan v\u00e9gzik-e el a munk\u00e1jukat. A k\u00fclf\u00f6ldi tapasztalatok szerint a t\u00e1vmunka n\u00f6veli a termel\u00e9kenys\u00e9get, \u00e9s jelent\u0151sen, 40 sz\u00e1zal\u00e9kkal cs\u00f6kkenti az elv\u00e1ndorl\u00e1st. Ez a munkaer\u0151-hi\u00e1ny miatt nem megvetend\u0151 t\u00e9nyez\u0151. Egy \u00faj EU-s ir\u00e1nyelv szerint a 12 \u00e9ven aluli gyerekek sz\u00fcleinek","canonical_url":"https:\/\/allasorias.hu\/hirek\/elonyben-a-tavmunka-kedvezni-a-dolgozoknak\/","robots":"max-image-preview:large","keywords":"","webmasterTools":{"miscellaneous":""},"schema":{"@context":"https:\/\/schema.org","@graph":[{"@type":"Article","@id":"https:\/\/allasorias.hu\/hirek\/elonyben-a-tavmunka-kedvezni-a-dolgozoknak\/#article","name":"El\u0151nyben a t\u00e1vmunka \u2013 kedvezni a dolgoz\u00f3knak | AllasOrias.hu | H\u00edrek-lapszemle","headline":"El\u0151nyben a t\u00e1vmunka \u2013 kedvezni a dolgoz\u00f3knak","author":{"@id":"https:\/\/allasorias.hu\/hirek\/author\/admin-allasorias\/#author"},"publisher":{"@id":"https:\/\/allasorias.hu\/hirek\/#organization"},"image":{"@type":"ImageObject","url":"https:\/\/allasorias.hu\/hirek\/wp-content\/uploads\/2018\/12\/ipad-tablet-technology-touch.jpg","width":900,"height":600},"datePublished":"2019-04-18T07:34:34+02:00","dateModified":"2019-04-23T08:30:53+02:00","inLanguage":"hu-HU","commentCount":1,"mainEntityOfPage":{"@id":"https:\/\/allasorias.hu\/hirek\/elonyben-a-tavmunka-kedvezni-a-dolgozoknak\/#webpage"},"isPartOf":{"@id":"https:\/\/allasorias.hu\/hirek\/elonyben-a-tavmunka-kedvezni-a-dolgozoknak\/#webpage"},"articleSection":"\u00c1ll\u00e1skeres\u00e9s, Munkaer\u0151piac"},{"@type":"BreadcrumbList","@id":"https:\/\/allasorias.hu\/hirek\/elonyben-a-tavmunka-kedvezni-a-dolgozoknak\/#breadcrumblist","itemListElement":[{"@type":"ListItem","@id":"https:\/\/allasorias.hu\/hirek#listItem","position":1,"name":"Home","item":"https:\/\/allasorias.hu\/hirek","nextItem":{"@type":"ListItem","@id":"https:\/\/allasorias.hu\/hirek\/temak\/allaskereses\/#listItem","name":"\u00c1ll\u00e1skeres\u00e9s"}},{"@type":"ListItem","@id":"https:\/\/allasorias.hu\/hirek\/temak\/allaskereses\/#listItem","position":2,"name":"\u00c1ll\u00e1skeres\u00e9s","item":"https:\/\/allasorias.hu\/hirek\/temak\/allaskereses\/","nextItem":{"@type":"ListItem","@id":"https:\/\/allasorias.hu\/hirek\/elonyben-a-tavmunka-kedvezni-a-dolgozoknak\/#listItem","name":"El\u0151nyben a t\u00e1vmunka \u2013 kedvezni a dolgoz\u00f3knak"},"previousItem":{"@type":"ListItem","@id":"https:\/\/allasorias.hu\/hirek#listItem","name":"Home"}},{"@type":"ListItem","@id":"https:\/\/allasorias.hu\/hirek\/elonyben-a-tavmunka-kedvezni-a-dolgozoknak\/#listItem","position":3,"name":"El\u0151nyben a t\u00e1vmunka \u2013 kedvezni a dolgoz\u00f3knak","previousItem":{"@type":"ListItem","@id":"https:\/\/allasorias.hu\/hirek\/temak\/allaskereses\/#listItem","name":"\u00c1ll\u00e1skeres\u00e9s"}}]},{"@type":"Organization","@id":"https:\/\/allasorias.hu\/hirek\/#organization","name":"AllasOrias.hu | H\u00edrek-lapszemle","description":"\u00dczleti h\u00edrek az \u00e1ll\u00e1s \u00e9s a munka vil\u00e1g\u00e1b\u00f3l","url":"https:\/\/allasorias.hu\/hirek\/","logo":{"@type":"ImageObject","url":"https:\/\/allasorias.hu\/hirek\/wp-content\/uploads\/2022\/10\/allasorias_site_facebok_logo.png","@id":"https:\/\/allasorias.hu\/hirek\/elonyben-a-tavmunka-kedvezni-a-dolgozoknak\/#organizationLogo"},"image":{"@id":"https:\/\/allasorias.hu\/hirek\/elonyben-a-tavmunka-kedvezni-a-dolgozoknak\/#organizationLogo"},"sameAs":["https:\/\/www.facebook.com\/allasorias","https:\/\/www.linkedin.com\/company\/allasorias"]},{"@type":"Person","@id":"https:\/\/allasorias.hu\/hirek\/author\/admin-allasorias\/#author","url":"https:\/\/allasorias.hu\/hirek\/author\/admin-allasorias\/","name":"Juh\u00e1sz P\u00e9ter","image":{"@type":"ImageObject","@id":"https:\/\/allasorias.hu\/hirek\/elonyben-a-tavmunka-kedvezni-a-dolgozoknak\/#authorImage","url":"https:\/\/secure.gravatar.com\/avatar\/36e6bcb83148978b992977cb0f54d22feb0cce8a0a849a9410532bb2623ba4c6?s=96&d=mm&r=g","width":96,"height":96,"caption":"Juh\u00e1sz P\u00e9ter"}},{"@type":"WebPage","@id":"https:\/\/allasorias.hu\/hirek\/elonyben-a-tavmunka-kedvezni-a-dolgozoknak\/#webpage","url":"https:\/\/allasorias.hu\/hirek\/elonyben-a-tavmunka-kedvezni-a-dolgozoknak\/","name":"El\u0151nyben a t\u00e1vmunka \u2013 kedvezni a dolgoz\u00f3knak | AllasOrias.hu | H\u00edrek-lapszemle","description":"A dolgoz\u00f3k kedvelik a t\u00e1vmunk\u00e1t, a munkaad\u00f3knak vannak fenntart\u00e1saik, p\u00e9ld\u00e1ul az, hogy kit\u00f6ltik-e a munkaidej\u00fcket, el\u00e9g hat\u00e9konyan v\u00e9gzik-e el a munk\u00e1jukat. A k\u00fclf\u00f6ldi tapasztalatok szerint a t\u00e1vmunka n\u00f6veli a termel\u00e9kenys\u00e9get, \u00e9s jelent\u0151sen, 40 sz\u00e1zal\u00e9kkal cs\u00f6kkenti az elv\u00e1ndorl\u00e1st. Ez a munkaer\u0151-hi\u00e1ny miatt nem megvetend\u0151 t\u00e9nyez\u0151. Egy \u00faj EU-s ir\u00e1nyelv szerint a 12 \u00e9ven aluli gyerekek sz\u00fcleinek","inLanguage":"hu-HU","isPartOf":{"@id":"https:\/\/allasorias.hu\/hirek\/#website"},"breadcrumb":{"@id":"https:\/\/allasorias.hu\/hirek\/elonyben-a-tavmunka-kedvezni-a-dolgozoknak\/#breadcrumblist"},"author":{"@id":"https:\/\/allasorias.hu\/hirek\/author\/admin-allasorias\/#author"},"creator":{"@id":"https:\/\/allasorias.hu\/hirek\/author\/admin-allasorias\/#author"},"image":{"@type":"ImageObject","url":"https:\/\/allasorias.hu\/hirek\/wp-content\/uploads\/2018\/12\/ipad-tablet-technology-touch.jpg","@id":"https:\/\/allasorias.hu\/hirek\/elonyben-a-tavmunka-kedvezni-a-dolgozoknak\/#mainImage","width":900,"height":600},"primaryImageOfPage":{"@id":"https:\/\/allasorias.hu\/hirek\/elonyben-a-tavmunka-kedvezni-a-dolgozoknak\/#mainImage"},"datePublished":"2019-04-18T07:34:34+02:00","dateModified":"2019-04-23T08:30:53+02:00"},{"@type":"WebSite","@id":"https:\/\/allasorias.hu\/hirek\/#website","url":"https:\/\/allasorias.hu\/hirek\/","name":"AllasOrias.hu | H\u00edrek-lapszemle","description":"\u00dczleti h\u00edrek az \u00e1ll\u00e1s \u00e9s a munka vil\u00e1g\u00e1b\u00f3l","inLanguage":"hu-HU","publisher":{"@id":"https:\/\/allasorias.hu\/hirek\/#organization"}}]},"og:locale":"hu_HU","og:site_name":"AllasOrias.hu | H\u00edrek-lapszemle | \u00dczleti h\u00edrek az \u00e1ll\u00e1s \u00e9s a munka vil\u00e1g\u00e1b\u00f3l","og:type":"article","og:title":"El\u0151nyben a t\u00e1vmunka \u2013 kedvezni a dolgoz\u00f3knak | AllasOrias.hu | H\u00edrek-lapszemle","og:description":"A dolgoz\u00f3k kedvelik a t\u00e1vmunk\u00e1t, a munkaad\u00f3knak vannak fenntart\u00e1saik, p\u00e9ld\u00e1ul az, hogy kit\u00f6ltik-e a munkaidej\u00fcket, el\u00e9g hat\u00e9konyan v\u00e9gzik-e el a munk\u00e1jukat. A k\u00fclf\u00f6ldi tapasztalatok szerint a t\u00e1vmunka n\u00f6veli a termel\u00e9kenys\u00e9get, \u00e9s jelent\u0151sen, 40 sz\u00e1zal\u00e9kkal cs\u00f6kkenti az elv\u00e1ndorl\u00e1st. Ez a munkaer\u0151-hi\u00e1ny miatt nem megvetend\u0151 t\u00e9nyez\u0151. Egy \u00faj EU-s ir\u00e1nyelv szerint a 12 \u00e9ven aluli gyerekek sz\u00fcleinek","og:url":"https:\/\/allasorias.hu\/hirek\/elonyben-a-tavmunka-kedvezni-a-dolgozoknak\/","og:image":"https:\/\/allasorias.hu\/hirek\/wp-content\/uploads\/2018\/12\/ipad-tablet-technology-touch.jpg","og:image:secure_url":"https:\/\/allasorias.hu\/hirek\/wp-content\/uploads\/2018\/12\/ipad-tablet-technology-touch.jpg","og:image:width":900,"og:image:height":600,"article:published_time":"2019-04-18T07:34:34+00:00","article:modified_time":"2019-04-23T08:30:53+00:00","article:publisher":"https:\/\/www.facebook.com\/allasorias","twitter:card":"summary_large_image","twitter:title":"El\u0151nyben a t\u00e1vmunka \u2013 kedvezni a dolgoz\u00f3knak | AllasOrias.hu | H\u00edrek-lapszemle","twitter:description":"A dolgoz\u00f3k kedvelik a t\u00e1vmunk\u00e1t, a munkaad\u00f3knak vannak fenntart\u00e1saik, p\u00e9ld\u00e1ul az, hogy kit\u00f6ltik-e a munkaidej\u00fcket, el\u00e9g hat\u00e9konyan v\u00e9gzik-e el a munk\u00e1jukat. A k\u00fclf\u00f6ldi tapasztalatok szerint a t\u00e1vmunka n\u00f6veli a termel\u00e9kenys\u00e9get, \u00e9s jelent\u0151sen, 40 sz\u00e1zal\u00e9kkal cs\u00f6kkenti az elv\u00e1ndorl\u00e1st. Ez a munkaer\u0151-hi\u00e1ny miatt nem megvetend\u0151 t\u00e9nyez\u0151. Egy \u00faj EU-s ir\u00e1nyelv szerint a 12 \u00e9ven aluli gyerekek sz\u00fcleinek","twitter:image":"https:\/\/allasorias.hu\/hirek\/wp-content\/uploads\/2018\/12\/ipad-tablet-technology-touch.jpg","twitter:label1":"Written by","twitter:data1":"Juh\u00e1sz P\u00e9ter","twitter:label2":"Est. reading time","twitter:data2":"2 minutes"},"aioseo_meta_data":{"post_id":"2799","title":null,"description":null,"keywords":null,"keyphrases":null,"primary_term":null,"canonical_url":null,"og_title":null,"og_description":null,"og_object_type":"default","og_image_type":"default","og_image_url":null,"og_image_width":null,"og_image_height":null,"og_image_custom_url":null,"og_image_custom_fields":null,"og_video":null,"og_custom_url":null,"og_article_section":null,"og_article_tags":null,"twitter_use_og":false,"twitter_card":"default","twitter_image_type":"default","twitter_image_url":null,"twitter_image_custom_url":null,"twitter_image_custom_fields":null,"twitter_title":null,"twitter_description":null,"schema":{"blockGraphs":[],"customGraphs":[],"default":{"data":{"Article":[],"Course":[],"Dataset":[],"FAQPage":[],"Movie":[],"Person":[],"Product":[],"ProductReview":[],"Car":[],"Recipe":[],"Service":[],"SoftwareApplication":[],"WebPage":[]},"graphName":"","isEnabled":true},"graphs":[],"defaultGraph":"","defaultPostTypeGraph":""},"schema_type":null,"schema_type_options":null,"pillar_content":false,"robots_default":true,"robots_noindex":false,"robots_noarchive":false,"robots_nosnippet":false,"robots_nofollow":false,"robots_noimageindex":false,"robots_noodp":false,"robots_notranslate":false,"robots_max_snippet":null,"robots_max_videopreview":null,"robots_max_imagepreview":"large","priority":null,"frequency":null,"location":null,"local_seo":null,"breadcrumb_settings":null,"limit_modified_date":false,"ai":null,"created":"2021-02-01 21:14:05","updated":"2025-10-02 11:10:19","seo_analyzer_scan_date":null,"focus_keyword":null,"additional_keywords":null,"truseo_locale":null},"aioseo_breadcrumb":"<div class=\"aioseo-breadcrumbs\"><span class=\"aioseo-breadcrumb\">\n\t\t\t<a href=\"https:\/\/allasorias.hu\/hirek\" title=\"Home\">Home<\/a>\n\t\t<\/span><span class=\"aioseo-breadcrumb-separator\">&raquo;<\/span><span class=\"aioseo-breadcrumb\">\n\t\t\t<a href=\"https:\/\/allasorias.hu\/hirek\/temak\/allaskereses\/\" title=\"\u00c1ll\u00e1skeres\u00e9s\">\u00c1ll\u00e1skeres\u00e9s<\/a>\n\t\t<\/span><span class=\"aioseo-breadcrumb-separator\">&raquo;<\/span><span class=\"aioseo-breadcrumb\">\n\t\t\tEl\u0151nyben a t\u00e1vmunka \u2013 kedvezni a dolgoz\u00f3knak\n\t\t<\/span><\/div>","aioseo_breadcrumb_json":[{"label":"Home","link":"https:\/\/allasorias.hu\/hirek"},{"label":"\u00c1ll\u00e1skeres\u00e9s","link":"https:\/\/allasorias.hu\/hirek\/temak\/allaskereses\/"},{"label":"El\u0151nyben a t\u00e1vmunka \u2013 kedvezni a dolgoz\u00f3knak","link":"https:\/\/allasorias.hu\/hirek\/elonyben-a-tavmunka-kedvezni-a-dolgozoknak\/"}],"_links":{"self":[{"href":"https:\/\/allasorias.hu\/hirek\/wp-json\/wp\/v2\/posts\/2799","targetHints":{"allow":["GET"]}}],"collection":[{"href":"https:\/\/allasorias.hu\/hirek\/wp-json\/wp\/v2\/posts"}],"about":[{"href":"https:\/\/allasorias.hu\/hirek\/wp-json\/wp\/v2\/types\/post"}],"author":[{"embeddable":true,"href":"https:\/\/allasorias.hu\/hirek\/wp-json\/wp\/v2\/users\/1"}],"replies":[{"embeddable":true,"href":"https:\/\/allasorias.hu\/hirek\/wp-json\/wp\/v2\/comments?post=2799"}],"version-history":[{"count":1,"href":"https:\/\/allasorias.hu\/hirek\/wp-json\/wp\/v2\/posts\/2799\/revisions"}],"predecessor-version":[{"id":2800,"href":"https:\/\/allasorias.hu\/hirek\/wp-json\/wp\/v2\/posts\/2799\/revisions\/2800"}],"wp:featuredmedia":[{"embeddable":true,"href":"https:\/\/allasorias.hu\/hirek\/wp-json\/wp\/v2\/media\/2341"}],"wp:attachment":[{"href":"https:\/\/allasorias.hu\/hirek\/wp-json\/wp\/v2\/media?parent=2799"}],"wp:term":[{"taxonomy":"category","embeddable":true,"href":"https:\/\/allasorias.hu\/hirek\/wp-json\/wp\/v2\/categories?post=2799"},{"taxonomy":"post_tag","embeddable":true,"href":"https:\/\/allasorias.hu\/hirek\/wp-json\/wp\/v2\/tags?post=2799"}],"curies":[{"name":"wp","href":"https:\/\/api.w.org\/{rel}","templated":true}]}}