{"id":2796,"date":"2019-04-18T07:29:07","date_gmt":"2019-04-18T07:29:07","guid":{"rendered":"https:\/\/allasorias.hu\/hirek\/?p=2796"},"modified":"2019-04-23T08:30:47","modified_gmt":"2019-04-23T08:30:47","slug":"tobb-ezer-embert-menesztett-a-volkswagen-szlovakiaban","status":"publish","type":"post","link":"https:\/\/allasorias.hu\/hirek\/tobb-ezer-embert-menesztett-a-volkswagen-szlovakiaban\/","title":{"rendered":"T\u00f6bb ezer embert menesztett a Volkswagen Szlov\u00e1ki\u00e1ban"},"content":{"rendered":"<p><strong>A szlov\u00e1kia Pozsony \u00a0Volkswagen \u00fczeme h\u00e1romezer f\u0151vel cs\u00f6kkenti a dolgoz\u00f3i sz\u00e1m\u00e1t, a mostani 14 800-r\u00f3l \u2013 jelentette be a v\u00e1llalat vez\u00e9rigazgat\u00f3ja, Oliver Grunberg a Reuters tud\u00f3s\u00edt\u00e1sa szerint. Arr\u00f3l m\u00e1r a t\u00e9len is keringtek h\u00edrek, hogy ekkora le\u00e9p\u00edt\u00e9s j\u00f6n, de a c\u00e9g most er\u0151s\u00edtette ezt meg. A sajt\u00f3t\u00e1j\u00e9koztat\u00f3n arr\u00f3l is besz\u00e1moltak: azoknak a munk\u00e1soknak is lassabban fog n\u0151ni a b\u00e9re, akik ott maradhatnak a c\u00e9gn\u00e9l. <\/strong><\/p>\n<p>A Volkswagen vil\u00e1gszerte pr\u00f3b\u00e1l sp\u00f3rolni a kiad\u00e1sain, a szlov\u00e1k \u00fczem most az egyik legsikeresebb akar lenni ebben. A vez\u00e9rigazgat\u00f3 szerint a c\u00e9l az, hogy 2020-ra 30 sz\u00e1zal\u00e9kkal n\u00f6velj\u00e9k az \u00fczem hat\u00e9konys\u00e1g\u00e1t, mint \u00f6t \u00e9vvel kor\u00e1bban, mint ahogy az a v\u00e1llalatcsoport k\u00f6zponti c\u00e9lkit\u0171z\u00e9seiben szerepel. \u00dczent a szakszervezeteknek is: \u201eSz\u00fcks\u00e9g van r\u00e1juk a VW versenyk\u00e9pess\u00e9g\u00e9nek n\u00f6vel\u00e9s\u00e9hez, tal\u00e1n ne k\u00e9t l\u00e9p\u00e9ssel j\u00e1rjanak el\u0151r\u00e9bb, hanem csak f\u00e9l l\u00e9p\u00e9ssel.\u201d<\/p>\n<p>Forr\u00e1s: hvg.hu<\/p>\n<p>&nbsp;<\/p>\n<p>&nbsp;<\/p>\n","protected":false},"excerpt":{"rendered":"<p>A szlov\u00e1kia Pozsony \u00a0Volkswagen \u00fczeme h\u00e1romezer f\u0151vel cs\u00f6kkenti a dolgoz\u00f3i sz\u00e1m\u00e1t, a mostani 14 800-r\u00f3l \u2013 jelentette be a v\u00e1llalat vez\u00e9rigazgat\u00f3ja, Oliver Grunberg a Reuters tud\u00f3s\u00edt\u00e1sa szerint. Arr\u00f3l m\u00e1r a t\u00e9len is keringtek h\u00edrek, hogy ekkora le\u00e9p\u00edt\u00e9s j\u00f6n, de a c\u00e9g most er\u0151s\u00edtette ezt meg. A sajt\u00f3t\u00e1j\u00e9koztat\u00f3n arr\u00f3l is besz\u00e1moltak: azoknak a munk\u00e1soknak is lassabban [&hellip;]<\/p>\n","protected":false},"author":1,"featured_media":2797,"comment_status":"open","ping_status":"open","sticky":false,"template":"","format":"standard","meta":{"_monsterinsights_skip_tracking":false,"footnotes":""},"categories":[198,201,200],"tags":[],"class_list":["post-2796","post","type-post","status-publish","format-standard","has-post-thumbnail","hentry","category-gazdasag","category-kulfold","category-munkaeropiac"],"aioseo_notices":[],"aioseo_head":"\n\t\t<!-- All in One SEO 5.0.0.1 - aioseo.com -->\n\t<meta name=\"description\" content=\"A szlov\u00e1kia Pozsony Volkswagen \u00fczeme h\u00e1romezer f\u0151vel cs\u00f6kkenti a dolgoz\u00f3i sz\u00e1m\u00e1t, a mostani 14 800-r\u00f3l \u2013 jelentette be a v\u00e1llalat vez\u00e9rigazgat\u00f3ja, Oliver Grunberg a Reuters tud\u00f3s\u00edt\u00e1sa szerint. Arr\u00f3l m\u00e1r a t\u00e9len is keringtek h\u00edrek, hogy ekkora le\u00e9p\u00edt\u00e9s j\u00f6n, de a c\u00e9g most er\u0151s\u00edtette ezt meg. A sajt\u00f3t\u00e1j\u00e9koztat\u00f3n arr\u00f3l is besz\u00e1moltak: azoknak a munk\u00e1soknak is lassabban\" \/>\n\t<meta name=\"robots\" content=\"max-image-preview:large\" \/>\n\t<meta name=\"author\" content=\"Juh\u00e1sz P\u00e9ter\"\/>\n\t<link rel=\"canonical\" href=\"https:\/\/allasorias.hu\/hirek\/tobb-ezer-embert-menesztett-a-volkswagen-szlovakiaban\/\" \/>\n\t<meta name=\"generator\" content=\"All in One SEO (AIOSEO) 5.0.0.1\" \/>\n\t\t<meta property=\"og:locale\" content=\"hu_HU\" \/>\n\t\t<meta property=\"og:site_name\" content=\"AllasOrias.hu | H\u00edrek-lapszemle | \u00dczleti h\u00edrek az \u00e1ll\u00e1s \u00e9s a munka vil\u00e1g\u00e1b\u00f3l\" \/>\n\t\t<meta property=\"og:type\" content=\"article\" \/>\n\t\t<meta property=\"og:title\" content=\"T\u00f6bb ezer embert menesztett a Volkswagen Szlov\u00e1ki\u00e1ban | AllasOrias.hu | H\u00edrek-lapszemle\" \/>\n\t\t<meta property=\"og:description\" content=\"A szlov\u00e1kia Pozsony Volkswagen \u00fczeme h\u00e1romezer f\u0151vel cs\u00f6kkenti a dolgoz\u00f3i sz\u00e1m\u00e1t, a mostani 14 800-r\u00f3l \u2013 jelentette be a v\u00e1llalat vez\u00e9rigazgat\u00f3ja, Oliver Grunberg a Reuters tud\u00f3s\u00edt\u00e1sa szerint. Arr\u00f3l m\u00e1r a t\u00e9len is keringtek h\u00edrek, hogy ekkora le\u00e9p\u00edt\u00e9s j\u00f6n, de a c\u00e9g most er\u0151s\u00edtette ezt meg. A sajt\u00f3t\u00e1j\u00e9koztat\u00f3n arr\u00f3l is besz\u00e1moltak: azoknak a munk\u00e1soknak is lassabban\" \/>\n\t\t<meta property=\"og:url\" content=\"https:\/\/allasorias.hu\/hirek\/tobb-ezer-embert-menesztett-a-volkswagen-szlovakiaban\/\" \/>\n\t\t<meta property=\"og:image\" content=\"https:\/\/allasorias.hu\/hirek\/wp-content\/uploads\/2019\/04\/vw_volkswagen_auto_car_vehicle_dare_automotive-493486.jpg\" \/>\n\t\t<meta property=\"og:image:secure_url\" content=\"https:\/\/allasorias.hu\/hirek\/wp-content\/uploads\/2019\/04\/vw_volkswagen_auto_car_vehicle_dare_automotive-493486.jpg\" \/>\n\t\t<meta property=\"og:image:width\" content=\"1200\" \/>\n\t\t<meta property=\"og:image:height\" content=\"800\" \/>\n\t\t<meta property=\"article:published_time\" content=\"2019-04-18T07:29:07+00:00\" \/>\n\t\t<meta property=\"article:modified_time\" content=\"2019-04-23T08:30:47+00:00\" \/>\n\t\t<meta property=\"article:publisher\" content=\"https:\/\/www.facebook.com\/allasorias\" \/>\n\t\t<meta name=\"twitter:card\" content=\"summary_large_image\" \/>\n\t\t<meta name=\"twitter:title\" content=\"T\u00f6bb ezer embert menesztett a Volkswagen Szlov\u00e1ki\u00e1ban | AllasOrias.hu | H\u00edrek-lapszemle\" \/>\n\t\t<meta name=\"twitter:description\" content=\"A szlov\u00e1kia Pozsony Volkswagen \u00fczeme h\u00e1romezer f\u0151vel cs\u00f6kkenti a dolgoz\u00f3i sz\u00e1m\u00e1t, a mostani 14 800-r\u00f3l \u2013 jelentette be a v\u00e1llalat vez\u00e9rigazgat\u00f3ja, Oliver Grunberg a Reuters tud\u00f3s\u00edt\u00e1sa szerint. Arr\u00f3l m\u00e1r a t\u00e9len is keringtek h\u00edrek, hogy ekkora le\u00e9p\u00edt\u00e9s j\u00f6n, de a c\u00e9g most er\u0151s\u00edtette ezt meg. A sajt\u00f3t\u00e1j\u00e9koztat\u00f3n arr\u00f3l is besz\u00e1moltak: azoknak a munk\u00e1soknak is lassabban\" \/>\n\t\t<meta name=\"twitter:image\" content=\"https:\/\/allasorias.hu\/hirek\/wp-content\/uploads\/2019\/04\/vw_volkswagen_auto_car_vehicle_dare_automotive-493486.jpg\" \/>\n\t\t<meta name=\"twitter:label1\" content=\"Written by\" \/>\n\t\t<meta name=\"twitter:data1\" content=\"Juh\u00e1sz P\u00e9ter\" \/>\n\t\t<meta name=\"twitter:label2\" content=\"Est. reading time\" \/>\n\t\t<meta name=\"twitter:data2\" content=\"1 minute\" \/>\n\t\t<script type=\"application\/ld+json\" class=\"aioseo-schema\">\n\t\t\t{\"@context\":\"https:\\\/\\\/schema.org\",\"@graph\":[{\"@type\":\"Article\",\"@id\":\"https:\\\/\\\/allasorias.hu\\\/hirek\\\/tobb-ezer-embert-menesztett-a-volkswagen-szlovakiaban\\\/#article\",\"name\":\"T\\u00f6bb ezer embert menesztett a Volkswagen Szlov\\u00e1ki\\u00e1ban | AllasOrias.hu | H\\u00edrek-lapszemle\",\"headline\":\"T\\u00f6bb ezer embert menesztett a Volkswagen Szlov\\u00e1ki\\u00e1ban\",\"author\":{\"@id\":\"https:\\\/\\\/allasorias.hu\\\/hirek\\\/author\\\/admin-allasorias\\\/#author\"},\"publisher\":{\"@id\":\"https:\\\/\\\/allasorias.hu\\\/hirek\\\/#organization\"},\"image\":{\"@type\":\"ImageObject\",\"url\":\"https:\\\/\\\/allasorias.hu\\\/hirek\\\/wp-content\\\/uploads\\\/2019\\\/04\\\/vw_volkswagen_auto_car_vehicle_dare_automotive-493486.jpg\",\"width\":1200,\"height\":800},\"datePublished\":\"2019-04-18T07:29:07+02:00\",\"dateModified\":\"2019-04-23T08:30:47+02:00\",\"inLanguage\":\"hu-HU\",\"mainEntityOfPage\":{\"@id\":\"https:\\\/\\\/allasorias.hu\\\/hirek\\\/tobb-ezer-embert-menesztett-a-volkswagen-szlovakiaban\\\/#webpage\"},\"isPartOf\":{\"@id\":\"https:\\\/\\\/allasorias.hu\\\/hirek\\\/tobb-ezer-embert-menesztett-a-volkswagen-szlovakiaban\\\/#webpage\"},\"articleSection\":\"Gazdas\\u00e1g, K\\u00fclf\\u00f6ld, Munkaer\\u0151piac\"},{\"@type\":\"BreadcrumbList\",\"@id\":\"https:\\\/\\\/allasorias.hu\\\/hirek\\\/tobb-ezer-embert-menesztett-a-volkswagen-szlovakiaban\\\/#breadcrumblist\",\"itemListElement\":[{\"@type\":\"ListItem\",\"@id\":\"https:\\\/\\\/allasorias.hu\\\/hirek#listItem\",\"position\":1,\"name\":\"Home\",\"item\":\"https:\\\/\\\/allasorias.hu\\\/hirek\",\"nextItem\":{\"@type\":\"ListItem\",\"@id\":\"https:\\\/\\\/allasorias.hu\\\/hirek\\\/temak\\\/gazdasag\\\/#listItem\",\"name\":\"Gazdas\\u00e1g\"}},{\"@type\":\"ListItem\",\"@id\":\"https:\\\/\\\/allasorias.hu\\\/hirek\\\/temak\\\/gazdasag\\\/#listItem\",\"position\":2,\"name\":\"Gazdas\\u00e1g\",\"item\":\"https:\\\/\\\/allasorias.hu\\\/hirek\\\/temak\\\/gazdasag\\\/\",\"nextItem\":{\"@type\":\"ListItem\",\"@id\":\"https:\\\/\\\/allasorias.hu\\\/hirek\\\/tobb-ezer-embert-menesztett-a-volkswagen-szlovakiaban\\\/#listItem\",\"name\":\"T\\u00f6bb ezer embert menesztett a Volkswagen Szlov\\u00e1ki\\u00e1ban\"},\"previousItem\":{\"@type\":\"ListItem\",\"@id\":\"https:\\\/\\\/allasorias.hu\\\/hirek#listItem\",\"name\":\"Home\"}},{\"@type\":\"ListItem\",\"@id\":\"https:\\\/\\\/allasorias.hu\\\/hirek\\\/tobb-ezer-embert-menesztett-a-volkswagen-szlovakiaban\\\/#listItem\",\"position\":3,\"name\":\"T\\u00f6bb ezer embert menesztett a Volkswagen Szlov\\u00e1ki\\u00e1ban\",\"previousItem\":{\"@type\":\"ListItem\",\"@id\":\"https:\\\/\\\/allasorias.hu\\\/hirek\\\/temak\\\/gazdasag\\\/#listItem\",\"name\":\"Gazdas\\u00e1g\"}}]},{\"@type\":\"Organization\",\"@id\":\"https:\\\/\\\/allasorias.hu\\\/hirek\\\/#organization\",\"name\":\"AllasOrias.hu | H\\u00edrek-lapszemle\",\"description\":\"\\u00dczleti h\\u00edrek az \\u00e1ll\\u00e1s \\u00e9s a munka vil\\u00e1g\\u00e1b\\u00f3l\",\"url\":\"https:\\\/\\\/allasorias.hu\\\/hirek\\\/\",\"logo\":{\"@type\":\"ImageObject\",\"url\":\"https:\\\/\\\/allasorias.hu\\\/hirek\\\/wp-content\\\/uploads\\\/2022\\\/10\\\/allasorias_site_facebok_logo.png\",\"@id\":\"https:\\\/\\\/allasorias.hu\\\/hirek\\\/tobb-ezer-embert-menesztett-a-volkswagen-szlovakiaban\\\/#organizationLogo\"},\"image\":{\"@id\":\"https:\\\/\\\/allasorias.hu\\\/hirek\\\/tobb-ezer-embert-menesztett-a-volkswagen-szlovakiaban\\\/#organizationLogo\"},\"sameAs\":[\"https:\\\/\\\/www.facebook.com\\\/allasorias\",\"https:\\\/\\\/www.linkedin.com\\\/company\\\/allasorias\"]},{\"@type\":\"Person\",\"@id\":\"https:\\\/\\\/allasorias.hu\\\/hirek\\\/author\\\/admin-allasorias\\\/#author\",\"url\":\"https:\\\/\\\/allasorias.hu\\\/hirek\\\/author\\\/admin-allasorias\\\/\",\"name\":\"Juh\\u00e1sz P\\u00e9ter\",\"image\":{\"@type\":\"ImageObject\",\"@id\":\"https:\\\/\\\/allasorias.hu\\\/hirek\\\/tobb-ezer-embert-menesztett-a-volkswagen-szlovakiaban\\\/#authorImage\",\"url\":\"https:\\\/\\\/secure.gravatar.com\\\/avatar\\\/36e6bcb83148978b992977cb0f54d22feb0cce8a0a849a9410532bb2623ba4c6?s=96&d=mm&r=g\",\"width\":96,\"height\":96,\"caption\":\"Juh\\u00e1sz P\\u00e9ter\"}},{\"@type\":\"WebPage\",\"@id\":\"https:\\\/\\\/allasorias.hu\\\/hirek\\\/tobb-ezer-embert-menesztett-a-volkswagen-szlovakiaban\\\/#webpage\",\"url\":\"https:\\\/\\\/allasorias.hu\\\/hirek\\\/tobb-ezer-embert-menesztett-a-volkswagen-szlovakiaban\\\/\",\"name\":\"T\\u00f6bb ezer embert menesztett a Volkswagen Szlov\\u00e1ki\\u00e1ban | AllasOrias.hu | H\\u00edrek-lapszemle\",\"description\":\"A szlov\\u00e1kia Pozsony Volkswagen \\u00fczeme h\\u00e1romezer f\\u0151vel cs\\u00f6kkenti a dolgoz\\u00f3i sz\\u00e1m\\u00e1t, a mostani 14 800-r\\u00f3l \\u2013 jelentette be a v\\u00e1llalat vez\\u00e9rigazgat\\u00f3ja, Oliver Grunberg a Reuters tud\\u00f3s\\u00edt\\u00e1sa szerint. Arr\\u00f3l m\\u00e1r a t\\u00e9len is keringtek h\\u00edrek, hogy ekkora le\\u00e9p\\u00edt\\u00e9s j\\u00f6n, de a c\\u00e9g most er\\u0151s\\u00edtette ezt meg. A sajt\\u00f3t\\u00e1j\\u00e9koztat\\u00f3n arr\\u00f3l is besz\\u00e1moltak: azoknak a munk\\u00e1soknak is lassabban\",\"inLanguage\":\"hu-HU\",\"isPartOf\":{\"@id\":\"https:\\\/\\\/allasorias.hu\\\/hirek\\\/#website\"},\"breadcrumb\":{\"@id\":\"https:\\\/\\\/allasorias.hu\\\/hirek\\\/tobb-ezer-embert-menesztett-a-volkswagen-szlovakiaban\\\/#breadcrumblist\"},\"author\":{\"@id\":\"https:\\\/\\\/allasorias.hu\\\/hirek\\\/author\\\/admin-allasorias\\\/#author\"},\"creator\":{\"@id\":\"https:\\\/\\\/allasorias.hu\\\/hirek\\\/author\\\/admin-allasorias\\\/#author\"},\"image\":{\"@type\":\"ImageObject\",\"url\":\"https:\\\/\\\/allasorias.hu\\\/hirek\\\/wp-content\\\/uploads\\\/2019\\\/04\\\/vw_volkswagen_auto_car_vehicle_dare_automotive-493486.jpg\",\"@id\":\"https:\\\/\\\/allasorias.hu\\\/hirek\\\/tobb-ezer-embert-menesztett-a-volkswagen-szlovakiaban\\\/#mainImage\",\"width\":1200,\"height\":800},\"primaryImageOfPage\":{\"@id\":\"https:\\\/\\\/allasorias.hu\\\/hirek\\\/tobb-ezer-embert-menesztett-a-volkswagen-szlovakiaban\\\/#mainImage\"},\"datePublished\":\"2019-04-18T07:29:07+02:00\",\"dateModified\":\"2019-04-23T08:30:47+02:00\"},{\"@type\":\"WebSite\",\"@id\":\"https:\\\/\\\/allasorias.hu\\\/hirek\\\/#website\",\"url\":\"https:\\\/\\\/allasorias.hu\\\/hirek\\\/\",\"name\":\"AllasOrias.hu | H\\u00edrek-lapszemle\",\"description\":\"\\u00dczleti h\\u00edrek az \\u00e1ll\\u00e1s \\u00e9s a munka vil\\u00e1g\\u00e1b\\u00f3l\",\"inLanguage\":\"hu-HU\",\"publisher\":{\"@id\":\"https:\\\/\\\/allasorias.hu\\\/hirek\\\/#organization\"}}]}\n\t\t<\/script>\n\t\t<!-- All in One SEO -->\n\n","aioseo_head_json":{"title":"T\u00f6bb ezer embert menesztett a Volkswagen Szlov\u00e1ki\u00e1ban | AllasOrias.hu | H\u00edrek-lapszemle","description":"A szlov\u00e1kia Pozsony Volkswagen \u00fczeme h\u00e1romezer f\u0151vel cs\u00f6kkenti a dolgoz\u00f3i sz\u00e1m\u00e1t, a mostani 14 800-r\u00f3l \u2013 jelentette be a v\u00e1llalat vez\u00e9rigazgat\u00f3ja, Oliver Grunberg a Reuters tud\u00f3s\u00edt\u00e1sa szerint. Arr\u00f3l m\u00e1r a t\u00e9len is keringtek h\u00edrek, hogy ekkora le\u00e9p\u00edt\u00e9s j\u00f6n, de a c\u00e9g most er\u0151s\u00edtette ezt meg. A sajt\u00f3t\u00e1j\u00e9koztat\u00f3n arr\u00f3l is besz\u00e1moltak: azoknak a munk\u00e1soknak is lassabban","canonical_url":"https:\/\/allasorias.hu\/hirek\/tobb-ezer-embert-menesztett-a-volkswagen-szlovakiaban\/","robots":"max-image-preview:large","keywords":"","webmasterTools":{"miscellaneous":""},"schema":{"@context":"https:\/\/schema.org","@graph":[{"@type":"Article","@id":"https:\/\/allasorias.hu\/hirek\/tobb-ezer-embert-menesztett-a-volkswagen-szlovakiaban\/#article","name":"T\u00f6bb ezer embert menesztett a Volkswagen Szlov\u00e1ki\u00e1ban | AllasOrias.hu | H\u00edrek-lapszemle","headline":"T\u00f6bb ezer embert menesztett a Volkswagen Szlov\u00e1ki\u00e1ban","author":{"@id":"https:\/\/allasorias.hu\/hirek\/author\/admin-allasorias\/#author"},"publisher":{"@id":"https:\/\/allasorias.hu\/hirek\/#organization"},"image":{"@type":"ImageObject","url":"https:\/\/allasorias.hu\/hirek\/wp-content\/uploads\/2019\/04\/vw_volkswagen_auto_car_vehicle_dare_automotive-493486.jpg","width":1200,"height":800},"datePublished":"2019-04-18T07:29:07+02:00","dateModified":"2019-04-23T08:30:47+02:00","inLanguage":"hu-HU","mainEntityOfPage":{"@id":"https:\/\/allasorias.hu\/hirek\/tobb-ezer-embert-menesztett-a-volkswagen-szlovakiaban\/#webpage"},"isPartOf":{"@id":"https:\/\/allasorias.hu\/hirek\/tobb-ezer-embert-menesztett-a-volkswagen-szlovakiaban\/#webpage"},"articleSection":"Gazdas\u00e1g, K\u00fclf\u00f6ld, Munkaer\u0151piac"},{"@type":"BreadcrumbList","@id":"https:\/\/allasorias.hu\/hirek\/tobb-ezer-embert-menesztett-a-volkswagen-szlovakiaban\/#breadcrumblist","itemListElement":[{"@type":"ListItem","@id":"https:\/\/allasorias.hu\/hirek#listItem","position":1,"name":"Home","item":"https:\/\/allasorias.hu\/hirek","nextItem":{"@type":"ListItem","@id":"https:\/\/allasorias.hu\/hirek\/temak\/gazdasag\/#listItem","name":"Gazdas\u00e1g"}},{"@type":"ListItem","@id":"https:\/\/allasorias.hu\/hirek\/temak\/gazdasag\/#listItem","position":2,"name":"Gazdas\u00e1g","item":"https:\/\/allasorias.hu\/hirek\/temak\/gazdasag\/","nextItem":{"@type":"ListItem","@id":"https:\/\/allasorias.hu\/hirek\/tobb-ezer-embert-menesztett-a-volkswagen-szlovakiaban\/#listItem","name":"T\u00f6bb ezer embert menesztett a Volkswagen Szlov\u00e1ki\u00e1ban"},"previousItem":{"@type":"ListItem","@id":"https:\/\/allasorias.hu\/hirek#listItem","name":"Home"}},{"@type":"ListItem","@id":"https:\/\/allasorias.hu\/hirek\/tobb-ezer-embert-menesztett-a-volkswagen-szlovakiaban\/#listItem","position":3,"name":"T\u00f6bb ezer embert menesztett a Volkswagen Szlov\u00e1ki\u00e1ban","previousItem":{"@type":"ListItem","@id":"https:\/\/allasorias.hu\/hirek\/temak\/gazdasag\/#listItem","name":"Gazdas\u00e1g"}}]},{"@type":"Organization","@id":"https:\/\/allasorias.hu\/hirek\/#organization","name":"AllasOrias.hu | H\u00edrek-lapszemle","description":"\u00dczleti h\u00edrek az \u00e1ll\u00e1s \u00e9s a munka vil\u00e1g\u00e1b\u00f3l","url":"https:\/\/allasorias.hu\/hirek\/","logo":{"@type":"ImageObject","url":"https:\/\/allasorias.hu\/hirek\/wp-content\/uploads\/2022\/10\/allasorias_site_facebok_logo.png","@id":"https:\/\/allasorias.hu\/hirek\/tobb-ezer-embert-menesztett-a-volkswagen-szlovakiaban\/#organizationLogo"},"image":{"@id":"https:\/\/allasorias.hu\/hirek\/tobb-ezer-embert-menesztett-a-volkswagen-szlovakiaban\/#organizationLogo"},"sameAs":["https:\/\/www.facebook.com\/allasorias","https:\/\/www.linkedin.com\/company\/allasorias"]},{"@type":"Person","@id":"https:\/\/allasorias.hu\/hirek\/author\/admin-allasorias\/#author","url":"https:\/\/allasorias.hu\/hirek\/author\/admin-allasorias\/","name":"Juh\u00e1sz P\u00e9ter","image":{"@type":"ImageObject","@id":"https:\/\/allasorias.hu\/hirek\/tobb-ezer-embert-menesztett-a-volkswagen-szlovakiaban\/#authorImage","url":"https:\/\/secure.gravatar.com\/avatar\/36e6bcb83148978b992977cb0f54d22feb0cce8a0a849a9410532bb2623ba4c6?s=96&d=mm&r=g","width":96,"height":96,"caption":"Juh\u00e1sz P\u00e9ter"}},{"@type":"WebPage","@id":"https:\/\/allasorias.hu\/hirek\/tobb-ezer-embert-menesztett-a-volkswagen-szlovakiaban\/#webpage","url":"https:\/\/allasorias.hu\/hirek\/tobb-ezer-embert-menesztett-a-volkswagen-szlovakiaban\/","name":"T\u00f6bb ezer embert menesztett a Volkswagen Szlov\u00e1ki\u00e1ban | AllasOrias.hu | H\u00edrek-lapszemle","description":"A szlov\u00e1kia Pozsony Volkswagen \u00fczeme h\u00e1romezer f\u0151vel cs\u00f6kkenti a dolgoz\u00f3i sz\u00e1m\u00e1t, a mostani 14 800-r\u00f3l \u2013 jelentette be a v\u00e1llalat vez\u00e9rigazgat\u00f3ja, Oliver Grunberg a Reuters tud\u00f3s\u00edt\u00e1sa szerint. Arr\u00f3l m\u00e1r a t\u00e9len is keringtek h\u00edrek, hogy ekkora le\u00e9p\u00edt\u00e9s j\u00f6n, de a c\u00e9g most er\u0151s\u00edtette ezt meg. A sajt\u00f3t\u00e1j\u00e9koztat\u00f3n arr\u00f3l is besz\u00e1moltak: azoknak a munk\u00e1soknak is lassabban","inLanguage":"hu-HU","isPartOf":{"@id":"https:\/\/allasorias.hu\/hirek\/#website"},"breadcrumb":{"@id":"https:\/\/allasorias.hu\/hirek\/tobb-ezer-embert-menesztett-a-volkswagen-szlovakiaban\/#breadcrumblist"},"author":{"@id":"https:\/\/allasorias.hu\/hirek\/author\/admin-allasorias\/#author"},"creator":{"@id":"https:\/\/allasorias.hu\/hirek\/author\/admin-allasorias\/#author"},"image":{"@type":"ImageObject","url":"https:\/\/allasorias.hu\/hirek\/wp-content\/uploads\/2019\/04\/vw_volkswagen_auto_car_vehicle_dare_automotive-493486.jpg","@id":"https:\/\/allasorias.hu\/hirek\/tobb-ezer-embert-menesztett-a-volkswagen-szlovakiaban\/#mainImage","width":1200,"height":800},"primaryImageOfPage":{"@id":"https:\/\/allasorias.hu\/hirek\/tobb-ezer-embert-menesztett-a-volkswagen-szlovakiaban\/#mainImage"},"datePublished":"2019-04-18T07:29:07+02:00","dateModified":"2019-04-23T08:30:47+02:00"},{"@type":"WebSite","@id":"https:\/\/allasorias.hu\/hirek\/#website","url":"https:\/\/allasorias.hu\/hirek\/","name":"AllasOrias.hu | H\u00edrek-lapszemle","description":"\u00dczleti h\u00edrek az \u00e1ll\u00e1s \u00e9s a munka vil\u00e1g\u00e1b\u00f3l","inLanguage":"hu-HU","publisher":{"@id":"https:\/\/allasorias.hu\/hirek\/#organization"}}]},"og:locale":"hu_HU","og:site_name":"AllasOrias.hu | H\u00edrek-lapszemle | \u00dczleti h\u00edrek az \u00e1ll\u00e1s \u00e9s a munka vil\u00e1g\u00e1b\u00f3l","og:type":"article","og:title":"T\u00f6bb ezer embert menesztett a Volkswagen Szlov\u00e1ki\u00e1ban | AllasOrias.hu | H\u00edrek-lapszemle","og:description":"A szlov\u00e1kia Pozsony Volkswagen \u00fczeme h\u00e1romezer f\u0151vel cs\u00f6kkenti a dolgoz\u00f3i sz\u00e1m\u00e1t, a mostani 14 800-r\u00f3l \u2013 jelentette be a v\u00e1llalat vez\u00e9rigazgat\u00f3ja, Oliver Grunberg a Reuters tud\u00f3s\u00edt\u00e1sa szerint. Arr\u00f3l m\u00e1r a t\u00e9len is keringtek h\u00edrek, hogy ekkora le\u00e9p\u00edt\u00e9s j\u00f6n, de a c\u00e9g most er\u0151s\u00edtette ezt meg. A sajt\u00f3t\u00e1j\u00e9koztat\u00f3n arr\u00f3l is besz\u00e1moltak: azoknak a munk\u00e1soknak is lassabban","og:url":"https:\/\/allasorias.hu\/hirek\/tobb-ezer-embert-menesztett-a-volkswagen-szlovakiaban\/","og:image":"https:\/\/allasorias.hu\/hirek\/wp-content\/uploads\/2019\/04\/vw_volkswagen_auto_car_vehicle_dare_automotive-493486.jpg","og:image:secure_url":"https:\/\/allasorias.hu\/hirek\/wp-content\/uploads\/2019\/04\/vw_volkswagen_auto_car_vehicle_dare_automotive-493486.jpg","og:image:width":1200,"og:image:height":800,"article:published_time":"2019-04-18T07:29:07+00:00","article:modified_time":"2019-04-23T08:30:47+00:00","article:publisher":"https:\/\/www.facebook.com\/allasorias","twitter:card":"summary_large_image","twitter:title":"T\u00f6bb ezer embert menesztett a Volkswagen Szlov\u00e1ki\u00e1ban | AllasOrias.hu | H\u00edrek-lapszemle","twitter:description":"A szlov\u00e1kia Pozsony Volkswagen \u00fczeme h\u00e1romezer f\u0151vel cs\u00f6kkenti a dolgoz\u00f3i sz\u00e1m\u00e1t, a mostani 14 800-r\u00f3l \u2013 jelentette be a v\u00e1llalat vez\u00e9rigazgat\u00f3ja, Oliver Grunberg a Reuters tud\u00f3s\u00edt\u00e1sa szerint. Arr\u00f3l m\u00e1r a t\u00e9len is keringtek h\u00edrek, hogy ekkora le\u00e9p\u00edt\u00e9s j\u00f6n, de a c\u00e9g most er\u0151s\u00edtette ezt meg. A sajt\u00f3t\u00e1j\u00e9koztat\u00f3n arr\u00f3l is besz\u00e1moltak: azoknak a munk\u00e1soknak is lassabban","twitter:image":"https:\/\/allasorias.hu\/hirek\/wp-content\/uploads\/2019\/04\/vw_volkswagen_auto_car_vehicle_dare_automotive-493486.jpg","twitter:label1":"Written by","twitter:data1":"Juh\u00e1sz P\u00e9ter","twitter:label2":"Est. reading time","twitter:data2":"1 minute"},"aioseo_meta_data":{"post_id":"2796","title":null,"description":null,"keywords":null,"keyphrases":null,"primary_term":null,"canonical_url":null,"og_title":null,"og_description":null,"og_object_type":"default","og_image_type":"default","og_image_url":null,"og_image_width":null,"og_image_height":null,"og_image_custom_url":null,"og_image_custom_fields":null,"og_video":null,"og_custom_url":null,"og_article_section":null,"og_article_tags":null,"twitter_use_og":false,"twitter_card":"default","twitter_image_type":"default","twitter_image_url":null,"twitter_image_custom_url":null,"twitter_image_custom_fields":null,"twitter_title":null,"twitter_description":null,"schema":{"blockGraphs":[],"customGraphs":[],"default":{"data":{"Article":[],"Course":[],"Dataset":[],"FAQPage":[],"Movie":[],"Person":[],"Product":[],"ProductReview":[],"Car":[],"Recipe":[],"Service":[],"SoftwareApplication":[],"WebPage":[]},"graphName":"","isEnabled":true},"graphs":[],"defaultGraph":"","defaultPostTypeGraph":""},"schema_type":null,"schema_type_options":null,"pillar_content":false,"robots_default":true,"robots_noindex":false,"robots_noarchive":false,"robots_nosnippet":false,"robots_nofollow":false,"robots_noimageindex":false,"robots_noodp":false,"robots_notranslate":false,"robots_max_snippet":null,"robots_max_videopreview":null,"robots_max_imagepreview":"large","priority":null,"frequency":null,"location":null,"local_seo":null,"breadcrumb_settings":null,"limit_modified_date":false,"ai":null,"created":"2021-02-01 21:14:05","updated":"2025-10-02 11:10:19","seo_analyzer_scan_date":null,"focus_keyword":null,"additional_keywords":null,"truseo_locale":null},"aioseo_breadcrumb":"<div class=\"aioseo-breadcrumbs\"><span class=\"aioseo-breadcrumb\">\n\t\t\t<a href=\"https:\/\/allasorias.hu\/hirek\" title=\"Home\">Home<\/a>\n\t\t<\/span><span class=\"aioseo-breadcrumb-separator\">&raquo;<\/span><span class=\"aioseo-breadcrumb\">\n\t\t\t<a href=\"https:\/\/allasorias.hu\/hirek\/temak\/gazdasag\/\" title=\"Gazdas\u00e1g\">Gazdas\u00e1g<\/a>\n\t\t<\/span><span class=\"aioseo-breadcrumb-separator\">&raquo;<\/span><span class=\"aioseo-breadcrumb\">\n\t\t\tT\u00f6bb ezer embert menesztett a Volkswagen Szlov\u00e1ki\u00e1ban\n\t\t<\/span><\/div>","aioseo_breadcrumb_json":[{"label":"Home","link":"https:\/\/allasorias.hu\/hirek"},{"label":"Gazdas\u00e1g","link":"https:\/\/allasorias.hu\/hirek\/temak\/gazdasag\/"},{"label":"T\u00f6bb ezer embert menesztett a Volkswagen Szlov\u00e1ki\u00e1ban","link":"https:\/\/allasorias.hu\/hirek\/tobb-ezer-embert-menesztett-a-volkswagen-szlovakiaban\/"}],"_links":{"self":[{"href":"https:\/\/allasorias.hu\/hirek\/wp-json\/wp\/v2\/posts\/2796","targetHints":{"allow":["GET"]}}],"collection":[{"href":"https:\/\/allasorias.hu\/hirek\/wp-json\/wp\/v2\/posts"}],"about":[{"href":"https:\/\/allasorias.hu\/hirek\/wp-json\/wp\/v2\/types\/post"}],"author":[{"embeddable":true,"href":"https:\/\/allasorias.hu\/hirek\/wp-json\/wp\/v2\/users\/1"}],"replies":[{"embeddable":true,"href":"https:\/\/allasorias.hu\/hirek\/wp-json\/wp\/v2\/comments?post=2796"}],"version-history":[{"count":1,"href":"https:\/\/allasorias.hu\/hirek\/wp-json\/wp\/v2\/posts\/2796\/revisions"}],"predecessor-version":[{"id":2798,"href":"https:\/\/allasorias.hu\/hirek\/wp-json\/wp\/v2\/posts\/2796\/revisions\/2798"}],"wp:featuredmedia":[{"embeddable":true,"href":"https:\/\/allasorias.hu\/hirek\/wp-json\/wp\/v2\/media\/2797"}],"wp:attachment":[{"href":"https:\/\/allasorias.hu\/hirek\/wp-json\/wp\/v2\/media?parent=2796"}],"wp:term":[{"taxonomy":"category","embeddable":true,"href":"https:\/\/allasorias.hu\/hirek\/wp-json\/wp\/v2\/categories?post=2796"},{"taxonomy":"post_tag","embeddable":true,"href":"https:\/\/allasorias.hu\/hirek\/wp-json\/wp\/v2\/tags?post=2796"}],"curies":[{"name":"wp","href":"https:\/\/api.w.org\/{rel}","templated":true}]}}