{"id":2788,"date":"2019-04-17T10:44:25","date_gmt":"2019-04-17T10:44:25","guid":{"rendered":"https:\/\/allasorias.hu\/hirek\/?p=2788"},"modified":"2019-04-17T10:44:25","modified_gmt":"2019-04-17T10:44:25","slug":"migracio-vagy-felzarkoztatas","status":"publish","type":"post","link":"https:\/\/allasorias.hu\/hirek\/migracio-vagy-felzarkoztatas\/","title":{"rendered":"Migr\u00e1ci\u00f3 vagy felz\u00e1rk\u00f3ztat\u00e1s?"},"content":{"rendered":"<p><strong>J\u00e1r\u00f3ka L\u00edvia, az Eur\u00f3pai Parlament Fidesz \u00e1ltal deleg\u00e1lt aleln\u00f6ke \u00a02011-ben, a magyar EU-eln\u00f6ks\u00e9g idej\u00e9n terjesztette el\u0151 az eur\u00f3pai roma keretstrat\u00e9gia sz\u00f6veg\u00e9t. A roma sz\u00e1rmaz\u00e1s\u00fa EP-k\u00e9pvisel\u0151 a napokban kritikus megjegyz\u00e9seket tett a strat\u00e9gia eur\u00f3pai megval\u00f3s\u00edt\u00e1s\u00e1val kapcsolatban, \u00e9s m\u00e9g az egy\u00e9bk\u00e9nt legt\u00f6bb eredm\u00e9nyt felmutat\u00f3 magyar felz\u00e1rk\u00f3ztat\u00e1spolitika sz\u00e1m\u00e1ra is vannak megfontoland\u00f3 meg\u00e1llap\u00edt\u00e1sai.<\/strong><\/p>\n<p>A szakember szerint nagyobb figyelmet kell szentelni a rom\u00e1k v\u00e9lem\u00e9ny\u00e9nek, \u00f6szt\u00f6n\u00f6zni az alulr\u00f3l szervez\u0151d\u0151 aktivit\u00e1st. V\u00e9lem\u00e9ny\u00e9re reag\u00e1lt kinevez\u00e9se alkalm\u00e1b\u00f3l Vecsei Mikl\u00f3s \u00faj felz\u00e1rk\u00f3z\u00e1si korm\u00e1nybiztos, aki a roma civilek bevon\u00e1s\u00e1t \u00edg\u00e9rte. Migr\u00e1ci\u00f3 vagy felz\u00e1rk\u00f3ztat\u00e1s \u2013 a v\u00e1laszt\u00f3knak ebben a k\u00e9rd\u00e9sben is d\u00f6nteni\u00fck kell m\u00e1jus 26-\u00e1n, erre figyelmeztetett J\u00e1r\u00f3ka L\u00edvia mellett t\u00f6bb korm\u00e1nyp\u00e1rti politikus. Set\u00e9t Jen\u0151 roma aktivista nyilatkozataiban el\u00edt\u00e9li J\u00e1r\u00f3ka L\u00edvia mondand\u00f3j\u00e1t, mert szerinte nem kell v\u00e1lasztani a m\u00e1s kontinensekr\u0151l t\u00f6megesen \u00e9rkez\u0151k befogad\u00e1sa \u00e9s a m\u00e9lyszeg\u00e9nys\u00e9gben \u00e9l\u0151k felz\u00e1rk\u00f3ztat\u00e1sa k\u00f6z\u00f6tt. Set\u00e9tet az elm\u00falt \u00e9vekben felkapta az ellenz\u00e9ki m\u00e9dia, a korm\u00e1ny \u00e9s a Fidesz eur\u00f3pai uni\u00f3s roma felz\u00e1rk\u00f3ztat\u00e1si t\u00f6rekv\u00e9seinek \u0151 lett a hangad\u00f3 roma ellendrukkere. J\u00e1r\u00f3ka szerint a nagy \u00e9s \u00e1ltal\u00e1nos \u00e1llami int\u00e9zked\u00e9sek \u2013 mint a k\u00f6zmunkaprogram vagy a tank\u00f6telezetts\u00e9g h\u00e1rom\u00e9ves korra lesz\u00e1ll\u00edt\u00e1sa, a k\u00f6z\u00e9tkeztet\u00e9s kiterjeszt\u00e9se \u2013 mind hozz\u00e1j\u00e1rultak a helyzet javul\u00e1s\u00e1hoz. Most a c\u00e9lzott felz\u00e1rk\u00f3z\u00e1si programok hat\u00e9konys\u00e1g\u00e1n kell jav\u00edtani, amelyhez \u00edg\u00e9retes l\u00e9p\u00e9s az \u00faj korm\u00e1nybiztos szem\u00e9lye \u00e9s a Bel\u00fcgyminiszt\u00e9rium szerepv\u00e1llal\u00e1sa. Ha a korm\u00e1nyzat bevonja a munk\u00e1ba azokat a roma szervezeteket, amelyeknek gyakorlati tapasztalataik vannak a felz\u00e1rk\u00f3ztat\u00e1sban, akkor tov\u00e1bbi jelent\u0151s eredm\u00e9nyek is v\u00e1rhat\u00f3k.<\/p>\n<p>Forr\u00e1s: magyarnemzet.hu<\/p>\n","protected":false},"excerpt":{"rendered":"<p>J\u00e1r\u00f3ka L\u00edvia, az Eur\u00f3pai Parlament Fidesz \u00e1ltal deleg\u00e1lt aleln\u00f6ke \u00a02011-ben, a magyar EU-eln\u00f6ks\u00e9g idej\u00e9n terjesztette el\u0151 az eur\u00f3pai roma keretstrat\u00e9gia sz\u00f6veg\u00e9t. A roma sz\u00e1rmaz\u00e1s\u00fa EP-k\u00e9pvisel\u0151 a napokban kritikus megjegyz\u00e9seket tett a strat\u00e9gia eur\u00f3pai megval\u00f3s\u00edt\u00e1s\u00e1val kapcsolatban, \u00e9s m\u00e9g az egy\u00e9bk\u00e9nt legt\u00f6bb eredm\u00e9nyt felmutat\u00f3 magyar felz\u00e1rk\u00f3ztat\u00e1spolitika sz\u00e1m\u00e1ra is vannak megfontoland\u00f3 meg\u00e1llap\u00edt\u00e1sai. A szakember szerint nagyobb figyelmet kell [&hellip;]<\/p>\n","protected":false},"author":1,"featured_media":2789,"comment_status":"open","ping_status":"open","sticky":false,"template":"","format":"standard","meta":{"_monsterinsights_skip_tracking":false,"_monsterinsights_sitenote_active":false,"_monsterinsights_sitenote_note":"","_monsterinsights_sitenote_category":0,"footnotes":""},"categories":[198,200],"tags":[],"class_list":["post-2788","post","type-post","status-publish","format-standard","has-post-thumbnail","hentry","category-gazdasag","category-munkaeropiac"],"aioseo_notices":[],"_links":{"self":[{"href":"https:\/\/allasorias.hu\/hirek\/wp-json\/wp\/v2\/posts\/2788","targetHints":{"allow":["GET"]}}],"collection":[{"href":"https:\/\/allasorias.hu\/hirek\/wp-json\/wp\/v2\/posts"}],"about":[{"href":"https:\/\/allasorias.hu\/hirek\/wp-json\/wp\/v2\/types\/post"}],"author":[{"embeddable":true,"href":"https:\/\/allasorias.hu\/hirek\/wp-json\/wp\/v2\/users\/1"}],"replies":[{"embeddable":true,"href":"https:\/\/allasorias.hu\/hirek\/wp-json\/wp\/v2\/comments?post=2788"}],"version-history":[{"count":1,"href":"https:\/\/allasorias.hu\/hirek\/wp-json\/wp\/v2\/posts\/2788\/revisions"}],"predecessor-version":[{"id":2790,"href":"https:\/\/allasorias.hu\/hirek\/wp-json\/wp\/v2\/posts\/2788\/revisions\/2790"}],"wp:featuredmedia":[{"embeddable":true,"href":"https:\/\/allasorias.hu\/hirek\/wp-json\/wp\/v2\/media\/2789"}],"wp:attachment":[{"href":"https:\/\/allasorias.hu\/hirek\/wp-json\/wp\/v2\/media?parent=2788"}],"wp:term":[{"taxonomy":"category","embeddable":true,"href":"https:\/\/allasorias.hu\/hirek\/wp-json\/wp\/v2\/categories?post=2788"},{"taxonomy":"post_tag","embeddable":true,"href":"https:\/\/allasorias.hu\/hirek\/wp-json\/wp\/v2\/tags?post=2788"}],"curies":[{"name":"wp","href":"https:\/\/api.w.org\/{rel}","templated":true}]}}