{"id":2785,"date":"2019-04-16T08:15:00","date_gmt":"2019-04-16T08:15:00","guid":{"rendered":"https:\/\/allasorias.hu\/hirek\/?p=2785"},"modified":"2019-04-16T08:15:00","modified_gmt":"2019-04-16T08:15:00","slug":"valtozas-lesz-a-munka-torvenykonyveben","status":"publish","type":"post","link":"https:\/\/allasorias.hu\/hirek\/valtozas-lesz-a-munka-torvenykonyveben\/","title":{"rendered":"V\u00e1ltoz\u00e1s lesz a munka t\u00f6rv\u00e9nyk\u00f6nyv\u00e9ben"},"content":{"rendered":"<p><strong>Az Eur\u00f3pai Uni\u00f3 ir\u00e1nyelvet fogadott el kor\u00e1bban a munka \u00e9s a mag\u00e1n\u00e9let \u00f6sszehangol\u00e1s\u00e1nak el\u0151seg\u00edt\u00e9se \u00e9rdek\u00e9ben azzal a c\u00e9llal, hogy a munkaer\u0151piaci es\u00e9lyegyenl\u0151s\u00e9g n\u00f6vekedjen, illetve az egyenl\u0151 b\u00e1n\u00e1sm\u00f3d k\u00f6vetelm\u00e9nye fokozottabban \u00a0\u00e9rv\u00e9nyre jusson. Az ir\u00e1nyelv jelenleg kihirdet\u00e9sre v\u00e1r, azt k\u00f6vet\u0151en a tag\u00e1llamoknak 3 \u00e9ven bel\u00fcl kell \u00e1tvenni\u00fck. <\/strong><\/p>\n<p>A szab\u00e1lyoz\u00e1s c\u00e9lja a rugalmas foglalkoztat\u00e1s kereteinek tov\u00e1bbi sz\u00e9les\u00edt\u00e9se, s ennek \u00e9rdek\u00e9ben az apas\u00e1gi, a sz\u00fcl\u0151i, \u00e9s a gondoz\u00f3i szabads\u00e1g megteremt\u00e9se, valamint a rugalmas foglalkoztat\u00e1s kereteinek b\u0151v\u00edt\u00e9se. Az apas\u00e1gi szabads\u00e1g az ap\u00e1k vagy \u2013 ha \u00e9s amilyen m\u00e9rt\u00e9kben a nemzeti jog elismeri \u2013 a vel\u00fck egyenjog\u00fa t\u00e1rssz\u00fcl\u0151k sz\u00e1m\u00e1ra a gyermek sz\u00fclet\u00e9se alkalm\u00e1val gondoz\u00e1s ny\u00fajt\u00e1sa c\u00e9lj\u00e1b\u00f3l biztos\u00edtott munkahelyi szabads\u00e1g. A sz\u00fcl\u0151i szabads\u00e1g a gyermek sz\u00fclet\u00e9se vagy \u00f6r\u00f6kbefogad\u00e1sa eset\u00e9n a gyermek gondoz\u00e1sa c\u00e9lj\u00e1b\u00f3l a sz\u00fcl\u0151knek biztos\u00edtott munkahelyi szabads\u00e1g. A gondoz\u00f3i szabads\u00e1g pedig az egyes tag\u00e1llamok \u00e1ltal meghat\u00e1rozott, a munkav\u00e1llal\u00f3knak abb\u00f3l a c\u00e9lb\u00f3l biztos\u00edtott munkahelyi szabads\u00e1g, hogy s\u00falyos eg\u00e9szs\u00e9g\u00fcgyi okb\u00f3l jelent\u0151s m\u00e9rt\u00e9k\u0171 gondoz\u00e1sra vagy t\u00e1mogat\u00e1sra szorul\u00f3 hozz\u00e1tartoz\u00f3juknak vagy a munkav\u00e1llal\u00f3val k\u00f6z\u00f6s h\u00e1ztart\u00e1sban \u00e9l\u0151 szem\u00e9lynek szem\u00e9lyes gondoz\u00e1st vagy t\u00e1mogat\u00e1st ny\u00fajtsanak. Gondoz\u00f3nak az min\u0151s\u00fcl, aki s\u00falyos eg\u00e9szs\u00e9g\u00fcgyi okb\u00f3l jelent\u0151s m\u00e9rt\u00e9k\u0171 gondoz\u00e1sra vagy t\u00e1mogat\u00e1sra szorul\u00f3 hozz\u00e1tartoz\u00f3j\u00e1nak vagy a munkav\u00e1llal\u00f3val k\u00f6z\u00f6s h\u00e1ztart\u00e1sban \u00e9l\u0151 szem\u00e9lynek szem\u00e9lyes gondoz\u00e1st vagy t\u00e1mogat\u00e1st ny\u00fajt. Ezzel \u00f6sszef\u00fcgg\u00e9sben hozz\u00e1tartoz\u00f3nak min\u0151s\u00fclnek a munkav\u00e1llal\u00f3 fia, l\u00e1nya, anyja, apja, h\u00e1zast\u00e1rsa vagy \u00e9lett\u00e1rsa, amennyiben a nemzeti jog elismeri az ilyen \u00e9lett\u00e1rsi viszonyt [az Mt. 294. \u00a7 (1) (b) elismeri]. Rrugalmas munkafelt\u00e9telek alatt azt \u00e9rti az ir\u00e1nyelv, hogy a munkav\u00e1llal\u00f3k sz\u00e1m\u00e1ra lehet\u0151s\u00e9get kell biztos\u00edtani arra, hogy \u00e1tszervezz\u00e9k munkarendj\u00fcket, t\u00f6bbek k\u00f6z\u00f6tt t\u00e1vmunka, rugalmas munkabeoszt\u00e1s vagy a munka\u00f3r\u00e1k sz\u00e1m\u00e1nak cs\u00f6kkent\u00e9se \u00fatj\u00e1n.<\/p>\n<p>Forr\u00e1s: adozona.hu<\/p>\n","protected":false},"excerpt":{"rendered":"<p>Az Eur\u00f3pai Uni\u00f3 ir\u00e1nyelvet fogadott el kor\u00e1bban a munka \u00e9s a mag\u00e1n\u00e9let \u00f6sszehangol\u00e1s\u00e1nak el\u0151seg\u00edt\u00e9se \u00e9rdek\u00e9ben azzal a c\u00e9llal, hogy a munkaer\u0151piaci es\u00e9lyegyenl\u0151s\u00e9g n\u00f6vekedjen, illetve az egyenl\u0151 b\u00e1n\u00e1sm\u00f3d k\u00f6vetelm\u00e9nye fokozottabban \u00a0\u00e9rv\u00e9nyre jusson. Az ir\u00e1nyelv jelenleg kihirdet\u00e9sre v\u00e1r, azt k\u00f6vet\u0151en a tag\u00e1llamoknak 3 \u00e9ven bel\u00fcl kell \u00e1tvenni\u00fck. A szab\u00e1lyoz\u00e1s c\u00e9lja a rugalmas foglalkoztat\u00e1s kereteinek tov\u00e1bbi sz\u00e9les\u00edt\u00e9se, s [&hellip;]<\/p>\n","protected":false},"author":1,"featured_media":2786,"comment_status":"open","ping_status":"open","sticky":false,"template":"","format":"standard","meta":{"_monsterinsights_skip_tracking":false,"footnotes":""},"categories":[198],"tags":[],"class_list":["post-2785","post","type-post","status-publish","format-standard","has-post-thumbnail","hentry","category-gazdasag"],"aioseo_notices":[],"aioseo_head":"\n\t\t<!-- All in One SEO 5.0.0.1 - aioseo.com -->\n\t<meta name=\"description\" content=\"Az Eur\u00f3pai Uni\u00f3 ir\u00e1nyelvet fogadott el kor\u00e1bban a munka \u00e9s a mag\u00e1n\u00e9let \u00f6sszehangol\u00e1s\u00e1nak el\u0151seg\u00edt\u00e9se \u00e9rdek\u00e9ben azzal a c\u00e9llal, hogy a munkaer\u0151piaci es\u00e9lyegyenl\u0151s\u00e9g n\u00f6vekedjen, illetve az egyenl\u0151 b\u00e1n\u00e1sm\u00f3d k\u00f6vetelm\u00e9nye fokozottabban \u00e9rv\u00e9nyre jusson. Az ir\u00e1nyelv jelenleg kihirdet\u00e9sre v\u00e1r, azt k\u00f6vet\u0151en a tag\u00e1llamoknak 3 \u00e9ven bel\u00fcl kell \u00e1tvenni\u00fck. A szab\u00e1lyoz\u00e1s c\u00e9lja a rugalmas foglalkoztat\u00e1s kereteinek tov\u00e1bbi sz\u00e9les\u00edt\u00e9se, s\" \/>\n\t<meta name=\"robots\" content=\"max-image-preview:large\" \/>\n\t<meta name=\"author\" content=\"Juh\u00e1sz P\u00e9ter\"\/>\n\t<link rel=\"canonical\" href=\"https:\/\/allasorias.hu\/hirek\/valtozas-lesz-a-munka-torvenykonyveben\/\" \/>\n\t<meta name=\"generator\" content=\"All in One SEO (AIOSEO) 5.0.0.1\" \/>\n\t\t<meta property=\"og:locale\" content=\"hu_HU\" \/>\n\t\t<meta property=\"og:site_name\" content=\"AllasOrias.hu | H\u00edrek-lapszemle | \u00dczleti h\u00edrek az \u00e1ll\u00e1s \u00e9s a munka vil\u00e1g\u00e1b\u00f3l\" \/>\n\t\t<meta property=\"og:type\" content=\"article\" \/>\n\t\t<meta property=\"og:title\" content=\"V\u00e1ltoz\u00e1s lesz a munka t\u00f6rv\u00e9nyk\u00f6nyv\u00e9ben | AllasOrias.hu | H\u00edrek-lapszemle\" \/>\n\t\t<meta property=\"og:description\" content=\"Az Eur\u00f3pai Uni\u00f3 ir\u00e1nyelvet fogadott el kor\u00e1bban a munka \u00e9s a mag\u00e1n\u00e9let \u00f6sszehangol\u00e1s\u00e1nak el\u0151seg\u00edt\u00e9se \u00e9rdek\u00e9ben azzal a c\u00e9llal, hogy a munkaer\u0151piaci es\u00e9lyegyenl\u0151s\u00e9g n\u00f6vekedjen, illetve az egyenl\u0151 b\u00e1n\u00e1sm\u00f3d k\u00f6vetelm\u00e9nye fokozottabban \u00e9rv\u00e9nyre jusson. Az ir\u00e1nyelv jelenleg kihirdet\u00e9sre v\u00e1r, azt k\u00f6vet\u0151en a tag\u00e1llamoknak 3 \u00e9ven bel\u00fcl kell \u00e1tvenni\u00fck. A szab\u00e1lyoz\u00e1s c\u00e9lja a rugalmas foglalkoztat\u00e1s kereteinek tov\u00e1bbi sz\u00e9les\u00edt\u00e9se, s\" \/>\n\t\t<meta property=\"og:url\" content=\"https:\/\/allasorias.hu\/hirek\/valtozas-lesz-a-munka-torvenykonyveben\/\" \/>\n\t\t<meta property=\"og:image\" content=\"https:\/\/allasorias.hu\/hirek\/wp-content\/uploads\/2019\/04\/blur-close-up-court-531970.jpg\" \/>\n\t\t<meta property=\"og:image:secure_url\" content=\"https:\/\/allasorias.hu\/hirek\/wp-content\/uploads\/2019\/04\/blur-close-up-court-531970.jpg\" \/>\n\t\t<meta property=\"og:image:width\" content=\"640\" \/>\n\t\t<meta property=\"og:image:height\" content=\"355\" \/>\n\t\t<meta property=\"article:published_time\" content=\"2019-04-16T08:15:00+00:00\" \/>\n\t\t<meta property=\"article:modified_time\" content=\"2019-04-16T08:15:00+00:00\" \/>\n\t\t<meta property=\"article:publisher\" content=\"https:\/\/www.facebook.com\/allasorias\" \/>\n\t\t<meta name=\"twitter:card\" content=\"summary_large_image\" \/>\n\t\t<meta name=\"twitter:title\" content=\"V\u00e1ltoz\u00e1s lesz a munka t\u00f6rv\u00e9nyk\u00f6nyv\u00e9ben | AllasOrias.hu | H\u00edrek-lapszemle\" \/>\n\t\t<meta name=\"twitter:description\" content=\"Az Eur\u00f3pai Uni\u00f3 ir\u00e1nyelvet fogadott el kor\u00e1bban a munka \u00e9s a mag\u00e1n\u00e9let \u00f6sszehangol\u00e1s\u00e1nak el\u0151seg\u00edt\u00e9se \u00e9rdek\u00e9ben azzal a c\u00e9llal, hogy a munkaer\u0151piaci es\u00e9lyegyenl\u0151s\u00e9g n\u00f6vekedjen, illetve az egyenl\u0151 b\u00e1n\u00e1sm\u00f3d k\u00f6vetelm\u00e9nye fokozottabban \u00e9rv\u00e9nyre jusson. Az ir\u00e1nyelv jelenleg kihirdet\u00e9sre v\u00e1r, azt k\u00f6vet\u0151en a tag\u00e1llamoknak 3 \u00e9ven bel\u00fcl kell \u00e1tvenni\u00fck. A szab\u00e1lyoz\u00e1s c\u00e9lja a rugalmas foglalkoztat\u00e1s kereteinek tov\u00e1bbi sz\u00e9les\u00edt\u00e9se, s\" \/>\n\t\t<meta name=\"twitter:image\" content=\"https:\/\/allasorias.hu\/hirek\/wp-content\/uploads\/2019\/04\/blur-close-up-court-531970.jpg\" \/>\n\t\t<meta name=\"twitter:label1\" content=\"Written by\" \/>\n\t\t<meta name=\"twitter:data1\" content=\"Juh\u00e1sz P\u00e9ter\" \/>\n\t\t<meta name=\"twitter:label2\" content=\"Est. reading time\" \/>\n\t\t<meta name=\"twitter:data2\" content=\"2 minutes\" \/>\n\t\t<script type=\"application\/ld+json\" class=\"aioseo-schema\">\n\t\t\t{\"@context\":\"https:\\\/\\\/schema.org\",\"@graph\":[{\"@type\":\"Article\",\"@id\":\"https:\\\/\\\/allasorias.hu\\\/hirek\\\/valtozas-lesz-a-munka-torvenykonyveben\\\/#article\",\"name\":\"V\\u00e1ltoz\\u00e1s lesz a munka t\\u00f6rv\\u00e9nyk\\u00f6nyv\\u00e9ben | AllasOrias.hu | H\\u00edrek-lapszemle\",\"headline\":\"V\\u00e1ltoz\\u00e1s lesz a munka t\\u00f6rv\\u00e9nyk\\u00f6nyv\\u00e9ben\",\"author\":{\"@id\":\"https:\\\/\\\/allasorias.hu\\\/hirek\\\/author\\\/admin-allasorias\\\/#author\"},\"publisher\":{\"@id\":\"https:\\\/\\\/allasorias.hu\\\/hirek\\\/#organization\"},\"image\":{\"@type\":\"ImageObject\",\"url\":\"https:\\\/\\\/allasorias.hu\\\/hirek\\\/wp-content\\\/uploads\\\/2019\\\/04\\\/blur-close-up-court-531970.jpg\",\"width\":640,\"height\":355},\"datePublished\":\"2019-04-16T08:15:00+02:00\",\"dateModified\":\"2019-04-16T08:15:00+02:00\",\"inLanguage\":\"hu-HU\",\"mainEntityOfPage\":{\"@id\":\"https:\\\/\\\/allasorias.hu\\\/hirek\\\/valtozas-lesz-a-munka-torvenykonyveben\\\/#webpage\"},\"isPartOf\":{\"@id\":\"https:\\\/\\\/allasorias.hu\\\/hirek\\\/valtozas-lesz-a-munka-torvenykonyveben\\\/#webpage\"},\"articleSection\":\"Gazdas\\u00e1g\"},{\"@type\":\"BreadcrumbList\",\"@id\":\"https:\\\/\\\/allasorias.hu\\\/hirek\\\/valtozas-lesz-a-munka-torvenykonyveben\\\/#breadcrumblist\",\"itemListElement\":[{\"@type\":\"ListItem\",\"@id\":\"https:\\\/\\\/allasorias.hu\\\/hirek#listItem\",\"position\":1,\"name\":\"Home\",\"item\":\"https:\\\/\\\/allasorias.hu\\\/hirek\",\"nextItem\":{\"@type\":\"ListItem\",\"@id\":\"https:\\\/\\\/allasorias.hu\\\/hirek\\\/temak\\\/gazdasag\\\/#listItem\",\"name\":\"Gazdas\\u00e1g\"}},{\"@type\":\"ListItem\",\"@id\":\"https:\\\/\\\/allasorias.hu\\\/hirek\\\/temak\\\/gazdasag\\\/#listItem\",\"position\":2,\"name\":\"Gazdas\\u00e1g\",\"item\":\"https:\\\/\\\/allasorias.hu\\\/hirek\\\/temak\\\/gazdasag\\\/\",\"nextItem\":{\"@type\":\"ListItem\",\"@id\":\"https:\\\/\\\/allasorias.hu\\\/hirek\\\/valtozas-lesz-a-munka-torvenykonyveben\\\/#listItem\",\"name\":\"V\\u00e1ltoz\\u00e1s lesz a munka t\\u00f6rv\\u00e9nyk\\u00f6nyv\\u00e9ben\"},\"previousItem\":{\"@type\":\"ListItem\",\"@id\":\"https:\\\/\\\/allasorias.hu\\\/hirek#listItem\",\"name\":\"Home\"}},{\"@type\":\"ListItem\",\"@id\":\"https:\\\/\\\/allasorias.hu\\\/hirek\\\/valtozas-lesz-a-munka-torvenykonyveben\\\/#listItem\",\"position\":3,\"name\":\"V\\u00e1ltoz\\u00e1s lesz a munka t\\u00f6rv\\u00e9nyk\\u00f6nyv\\u00e9ben\",\"previousItem\":{\"@type\":\"ListItem\",\"@id\":\"https:\\\/\\\/allasorias.hu\\\/hirek\\\/temak\\\/gazdasag\\\/#listItem\",\"name\":\"Gazdas\\u00e1g\"}}]},{\"@type\":\"Organization\",\"@id\":\"https:\\\/\\\/allasorias.hu\\\/hirek\\\/#organization\",\"name\":\"AllasOrias.hu | H\\u00edrek-lapszemle\",\"description\":\"\\u00dczleti h\\u00edrek az \\u00e1ll\\u00e1s \\u00e9s a munka vil\\u00e1g\\u00e1b\\u00f3l\",\"url\":\"https:\\\/\\\/allasorias.hu\\\/hirek\\\/\",\"logo\":{\"@type\":\"ImageObject\",\"url\":\"https:\\\/\\\/allasorias.hu\\\/hirek\\\/wp-content\\\/uploads\\\/2022\\\/10\\\/allasorias_site_facebok_logo.png\",\"@id\":\"https:\\\/\\\/allasorias.hu\\\/hirek\\\/valtozas-lesz-a-munka-torvenykonyveben\\\/#organizationLogo\"},\"image\":{\"@id\":\"https:\\\/\\\/allasorias.hu\\\/hirek\\\/valtozas-lesz-a-munka-torvenykonyveben\\\/#organizationLogo\"},\"sameAs\":[\"https:\\\/\\\/www.facebook.com\\\/allasorias\",\"https:\\\/\\\/www.linkedin.com\\\/company\\\/allasorias\"]},{\"@type\":\"Person\",\"@id\":\"https:\\\/\\\/allasorias.hu\\\/hirek\\\/author\\\/admin-allasorias\\\/#author\",\"url\":\"https:\\\/\\\/allasorias.hu\\\/hirek\\\/author\\\/admin-allasorias\\\/\",\"name\":\"Juh\\u00e1sz P\\u00e9ter\",\"image\":{\"@type\":\"ImageObject\",\"@id\":\"https:\\\/\\\/allasorias.hu\\\/hirek\\\/valtozas-lesz-a-munka-torvenykonyveben\\\/#authorImage\",\"url\":\"https:\\\/\\\/secure.gravatar.com\\\/avatar\\\/36e6bcb83148978b992977cb0f54d22feb0cce8a0a849a9410532bb2623ba4c6?s=96&d=mm&r=g\",\"width\":96,\"height\":96,\"caption\":\"Juh\\u00e1sz P\\u00e9ter\"}},{\"@type\":\"WebPage\",\"@id\":\"https:\\\/\\\/allasorias.hu\\\/hirek\\\/valtozas-lesz-a-munka-torvenykonyveben\\\/#webpage\",\"url\":\"https:\\\/\\\/allasorias.hu\\\/hirek\\\/valtozas-lesz-a-munka-torvenykonyveben\\\/\",\"name\":\"V\\u00e1ltoz\\u00e1s lesz a munka t\\u00f6rv\\u00e9nyk\\u00f6nyv\\u00e9ben | AllasOrias.hu | H\\u00edrek-lapszemle\",\"description\":\"Az Eur\\u00f3pai Uni\\u00f3 ir\\u00e1nyelvet fogadott el kor\\u00e1bban a munka \\u00e9s a mag\\u00e1n\\u00e9let \\u00f6sszehangol\\u00e1s\\u00e1nak el\\u0151seg\\u00edt\\u00e9se \\u00e9rdek\\u00e9ben azzal a c\\u00e9llal, hogy a munkaer\\u0151piaci es\\u00e9lyegyenl\\u0151s\\u00e9g n\\u00f6vekedjen, illetve az egyenl\\u0151 b\\u00e1n\\u00e1sm\\u00f3d k\\u00f6vetelm\\u00e9nye fokozottabban \\u00e9rv\\u00e9nyre jusson. Az ir\\u00e1nyelv jelenleg kihirdet\\u00e9sre v\\u00e1r, azt k\\u00f6vet\\u0151en a tag\\u00e1llamoknak 3 \\u00e9ven bel\\u00fcl kell \\u00e1tvenni\\u00fck. A szab\\u00e1lyoz\\u00e1s c\\u00e9lja a rugalmas foglalkoztat\\u00e1s kereteinek tov\\u00e1bbi sz\\u00e9les\\u00edt\\u00e9se, s\",\"inLanguage\":\"hu-HU\",\"isPartOf\":{\"@id\":\"https:\\\/\\\/allasorias.hu\\\/hirek\\\/#website\"},\"breadcrumb\":{\"@id\":\"https:\\\/\\\/allasorias.hu\\\/hirek\\\/valtozas-lesz-a-munka-torvenykonyveben\\\/#breadcrumblist\"},\"author\":{\"@id\":\"https:\\\/\\\/allasorias.hu\\\/hirek\\\/author\\\/admin-allasorias\\\/#author\"},\"creator\":{\"@id\":\"https:\\\/\\\/allasorias.hu\\\/hirek\\\/author\\\/admin-allasorias\\\/#author\"},\"image\":{\"@type\":\"ImageObject\",\"url\":\"https:\\\/\\\/allasorias.hu\\\/hirek\\\/wp-content\\\/uploads\\\/2019\\\/04\\\/blur-close-up-court-531970.jpg\",\"@id\":\"https:\\\/\\\/allasorias.hu\\\/hirek\\\/valtozas-lesz-a-munka-torvenykonyveben\\\/#mainImage\",\"width\":640,\"height\":355},\"primaryImageOfPage\":{\"@id\":\"https:\\\/\\\/allasorias.hu\\\/hirek\\\/valtozas-lesz-a-munka-torvenykonyveben\\\/#mainImage\"},\"datePublished\":\"2019-04-16T08:15:00+02:00\",\"dateModified\":\"2019-04-16T08:15:00+02:00\"},{\"@type\":\"WebSite\",\"@id\":\"https:\\\/\\\/allasorias.hu\\\/hirek\\\/#website\",\"url\":\"https:\\\/\\\/allasorias.hu\\\/hirek\\\/\",\"name\":\"AllasOrias.hu | H\\u00edrek-lapszemle\",\"description\":\"\\u00dczleti h\\u00edrek az \\u00e1ll\\u00e1s \\u00e9s a munka vil\\u00e1g\\u00e1b\\u00f3l\",\"inLanguage\":\"hu-HU\",\"publisher\":{\"@id\":\"https:\\\/\\\/allasorias.hu\\\/hirek\\\/#organization\"}}]}\n\t\t<\/script>\n\t\t<!-- All in One SEO -->\n\n","aioseo_head_json":{"title":"V\u00e1ltoz\u00e1s lesz a munka t\u00f6rv\u00e9nyk\u00f6nyv\u00e9ben | AllasOrias.hu | H\u00edrek-lapszemle","description":"Az Eur\u00f3pai Uni\u00f3 ir\u00e1nyelvet fogadott el kor\u00e1bban a munka \u00e9s a mag\u00e1n\u00e9let \u00f6sszehangol\u00e1s\u00e1nak el\u0151seg\u00edt\u00e9se \u00e9rdek\u00e9ben azzal a c\u00e9llal, hogy a munkaer\u0151piaci es\u00e9lyegyenl\u0151s\u00e9g n\u00f6vekedjen, illetve az egyenl\u0151 b\u00e1n\u00e1sm\u00f3d k\u00f6vetelm\u00e9nye fokozottabban \u00e9rv\u00e9nyre jusson. Az ir\u00e1nyelv jelenleg kihirdet\u00e9sre v\u00e1r, azt k\u00f6vet\u0151en a tag\u00e1llamoknak 3 \u00e9ven bel\u00fcl kell \u00e1tvenni\u00fck. A szab\u00e1lyoz\u00e1s c\u00e9lja a rugalmas foglalkoztat\u00e1s kereteinek tov\u00e1bbi sz\u00e9les\u00edt\u00e9se, s","canonical_url":"https:\/\/allasorias.hu\/hirek\/valtozas-lesz-a-munka-torvenykonyveben\/","robots":"max-image-preview:large","keywords":"","webmasterTools":{"miscellaneous":""},"schema":{"@context":"https:\/\/schema.org","@graph":[{"@type":"Article","@id":"https:\/\/allasorias.hu\/hirek\/valtozas-lesz-a-munka-torvenykonyveben\/#article","name":"V\u00e1ltoz\u00e1s lesz a munka t\u00f6rv\u00e9nyk\u00f6nyv\u00e9ben | AllasOrias.hu | H\u00edrek-lapszemle","headline":"V\u00e1ltoz\u00e1s lesz a munka t\u00f6rv\u00e9nyk\u00f6nyv\u00e9ben","author":{"@id":"https:\/\/allasorias.hu\/hirek\/author\/admin-allasorias\/#author"},"publisher":{"@id":"https:\/\/allasorias.hu\/hirek\/#organization"},"image":{"@type":"ImageObject","url":"https:\/\/allasorias.hu\/hirek\/wp-content\/uploads\/2019\/04\/blur-close-up-court-531970.jpg","width":640,"height":355},"datePublished":"2019-04-16T08:15:00+02:00","dateModified":"2019-04-16T08:15:00+02:00","inLanguage":"hu-HU","mainEntityOfPage":{"@id":"https:\/\/allasorias.hu\/hirek\/valtozas-lesz-a-munka-torvenykonyveben\/#webpage"},"isPartOf":{"@id":"https:\/\/allasorias.hu\/hirek\/valtozas-lesz-a-munka-torvenykonyveben\/#webpage"},"articleSection":"Gazdas\u00e1g"},{"@type":"BreadcrumbList","@id":"https:\/\/allasorias.hu\/hirek\/valtozas-lesz-a-munka-torvenykonyveben\/#breadcrumblist","itemListElement":[{"@type":"ListItem","@id":"https:\/\/allasorias.hu\/hirek#listItem","position":1,"name":"Home","item":"https:\/\/allasorias.hu\/hirek","nextItem":{"@type":"ListItem","@id":"https:\/\/allasorias.hu\/hirek\/temak\/gazdasag\/#listItem","name":"Gazdas\u00e1g"}},{"@type":"ListItem","@id":"https:\/\/allasorias.hu\/hirek\/temak\/gazdasag\/#listItem","position":2,"name":"Gazdas\u00e1g","item":"https:\/\/allasorias.hu\/hirek\/temak\/gazdasag\/","nextItem":{"@type":"ListItem","@id":"https:\/\/allasorias.hu\/hirek\/valtozas-lesz-a-munka-torvenykonyveben\/#listItem","name":"V\u00e1ltoz\u00e1s lesz a munka t\u00f6rv\u00e9nyk\u00f6nyv\u00e9ben"},"previousItem":{"@type":"ListItem","@id":"https:\/\/allasorias.hu\/hirek#listItem","name":"Home"}},{"@type":"ListItem","@id":"https:\/\/allasorias.hu\/hirek\/valtozas-lesz-a-munka-torvenykonyveben\/#listItem","position":3,"name":"V\u00e1ltoz\u00e1s lesz a munka t\u00f6rv\u00e9nyk\u00f6nyv\u00e9ben","previousItem":{"@type":"ListItem","@id":"https:\/\/allasorias.hu\/hirek\/temak\/gazdasag\/#listItem","name":"Gazdas\u00e1g"}}]},{"@type":"Organization","@id":"https:\/\/allasorias.hu\/hirek\/#organization","name":"AllasOrias.hu | H\u00edrek-lapszemle","description":"\u00dczleti h\u00edrek az \u00e1ll\u00e1s \u00e9s a munka vil\u00e1g\u00e1b\u00f3l","url":"https:\/\/allasorias.hu\/hirek\/","logo":{"@type":"ImageObject","url":"https:\/\/allasorias.hu\/hirek\/wp-content\/uploads\/2022\/10\/allasorias_site_facebok_logo.png","@id":"https:\/\/allasorias.hu\/hirek\/valtozas-lesz-a-munka-torvenykonyveben\/#organizationLogo"},"image":{"@id":"https:\/\/allasorias.hu\/hirek\/valtozas-lesz-a-munka-torvenykonyveben\/#organizationLogo"},"sameAs":["https:\/\/www.facebook.com\/allasorias","https:\/\/www.linkedin.com\/company\/allasorias"]},{"@type":"Person","@id":"https:\/\/allasorias.hu\/hirek\/author\/admin-allasorias\/#author","url":"https:\/\/allasorias.hu\/hirek\/author\/admin-allasorias\/","name":"Juh\u00e1sz P\u00e9ter","image":{"@type":"ImageObject","@id":"https:\/\/allasorias.hu\/hirek\/valtozas-lesz-a-munka-torvenykonyveben\/#authorImage","url":"https:\/\/secure.gravatar.com\/avatar\/36e6bcb83148978b992977cb0f54d22feb0cce8a0a849a9410532bb2623ba4c6?s=96&d=mm&r=g","width":96,"height":96,"caption":"Juh\u00e1sz P\u00e9ter"}},{"@type":"WebPage","@id":"https:\/\/allasorias.hu\/hirek\/valtozas-lesz-a-munka-torvenykonyveben\/#webpage","url":"https:\/\/allasorias.hu\/hirek\/valtozas-lesz-a-munka-torvenykonyveben\/","name":"V\u00e1ltoz\u00e1s lesz a munka t\u00f6rv\u00e9nyk\u00f6nyv\u00e9ben | AllasOrias.hu | H\u00edrek-lapszemle","description":"Az Eur\u00f3pai Uni\u00f3 ir\u00e1nyelvet fogadott el kor\u00e1bban a munka \u00e9s a mag\u00e1n\u00e9let \u00f6sszehangol\u00e1s\u00e1nak el\u0151seg\u00edt\u00e9se \u00e9rdek\u00e9ben azzal a c\u00e9llal, hogy a munkaer\u0151piaci es\u00e9lyegyenl\u0151s\u00e9g n\u00f6vekedjen, illetve az egyenl\u0151 b\u00e1n\u00e1sm\u00f3d k\u00f6vetelm\u00e9nye fokozottabban \u00e9rv\u00e9nyre jusson. Az ir\u00e1nyelv jelenleg kihirdet\u00e9sre v\u00e1r, azt k\u00f6vet\u0151en a tag\u00e1llamoknak 3 \u00e9ven bel\u00fcl kell \u00e1tvenni\u00fck. A szab\u00e1lyoz\u00e1s c\u00e9lja a rugalmas foglalkoztat\u00e1s kereteinek tov\u00e1bbi sz\u00e9les\u00edt\u00e9se, s","inLanguage":"hu-HU","isPartOf":{"@id":"https:\/\/allasorias.hu\/hirek\/#website"},"breadcrumb":{"@id":"https:\/\/allasorias.hu\/hirek\/valtozas-lesz-a-munka-torvenykonyveben\/#breadcrumblist"},"author":{"@id":"https:\/\/allasorias.hu\/hirek\/author\/admin-allasorias\/#author"},"creator":{"@id":"https:\/\/allasorias.hu\/hirek\/author\/admin-allasorias\/#author"},"image":{"@type":"ImageObject","url":"https:\/\/allasorias.hu\/hirek\/wp-content\/uploads\/2019\/04\/blur-close-up-court-531970.jpg","@id":"https:\/\/allasorias.hu\/hirek\/valtozas-lesz-a-munka-torvenykonyveben\/#mainImage","width":640,"height":355},"primaryImageOfPage":{"@id":"https:\/\/allasorias.hu\/hirek\/valtozas-lesz-a-munka-torvenykonyveben\/#mainImage"},"datePublished":"2019-04-16T08:15:00+02:00","dateModified":"2019-04-16T08:15:00+02:00"},{"@type":"WebSite","@id":"https:\/\/allasorias.hu\/hirek\/#website","url":"https:\/\/allasorias.hu\/hirek\/","name":"AllasOrias.hu | H\u00edrek-lapszemle","description":"\u00dczleti h\u00edrek az \u00e1ll\u00e1s \u00e9s a munka vil\u00e1g\u00e1b\u00f3l","inLanguage":"hu-HU","publisher":{"@id":"https:\/\/allasorias.hu\/hirek\/#organization"}}]},"og:locale":"hu_HU","og:site_name":"AllasOrias.hu | H\u00edrek-lapszemle | \u00dczleti h\u00edrek az \u00e1ll\u00e1s \u00e9s a munka vil\u00e1g\u00e1b\u00f3l","og:type":"article","og:title":"V\u00e1ltoz\u00e1s lesz a munka t\u00f6rv\u00e9nyk\u00f6nyv\u00e9ben | AllasOrias.hu | H\u00edrek-lapszemle","og:description":"Az Eur\u00f3pai Uni\u00f3 ir\u00e1nyelvet fogadott el kor\u00e1bban a munka \u00e9s a mag\u00e1n\u00e9let \u00f6sszehangol\u00e1s\u00e1nak el\u0151seg\u00edt\u00e9se \u00e9rdek\u00e9ben azzal a c\u00e9llal, hogy a munkaer\u0151piaci es\u00e9lyegyenl\u0151s\u00e9g n\u00f6vekedjen, illetve az egyenl\u0151 b\u00e1n\u00e1sm\u00f3d k\u00f6vetelm\u00e9nye fokozottabban \u00e9rv\u00e9nyre jusson. Az ir\u00e1nyelv jelenleg kihirdet\u00e9sre v\u00e1r, azt k\u00f6vet\u0151en a tag\u00e1llamoknak 3 \u00e9ven bel\u00fcl kell \u00e1tvenni\u00fck. A szab\u00e1lyoz\u00e1s c\u00e9lja a rugalmas foglalkoztat\u00e1s kereteinek tov\u00e1bbi sz\u00e9les\u00edt\u00e9se, s","og:url":"https:\/\/allasorias.hu\/hirek\/valtozas-lesz-a-munka-torvenykonyveben\/","og:image":"https:\/\/allasorias.hu\/hirek\/wp-content\/uploads\/2019\/04\/blur-close-up-court-531970.jpg","og:image:secure_url":"https:\/\/allasorias.hu\/hirek\/wp-content\/uploads\/2019\/04\/blur-close-up-court-531970.jpg","og:image:width":640,"og:image:height":355,"article:published_time":"2019-04-16T08:15:00+00:00","article:modified_time":"2019-04-16T08:15:00+00:00","article:publisher":"https:\/\/www.facebook.com\/allasorias","twitter:card":"summary_large_image","twitter:title":"V\u00e1ltoz\u00e1s lesz a munka t\u00f6rv\u00e9nyk\u00f6nyv\u00e9ben | AllasOrias.hu | H\u00edrek-lapszemle","twitter:description":"Az Eur\u00f3pai Uni\u00f3 ir\u00e1nyelvet fogadott el kor\u00e1bban a munka \u00e9s a mag\u00e1n\u00e9let \u00f6sszehangol\u00e1s\u00e1nak el\u0151seg\u00edt\u00e9se \u00e9rdek\u00e9ben azzal a c\u00e9llal, hogy a munkaer\u0151piaci es\u00e9lyegyenl\u0151s\u00e9g n\u00f6vekedjen, illetve az egyenl\u0151 b\u00e1n\u00e1sm\u00f3d k\u00f6vetelm\u00e9nye fokozottabban \u00e9rv\u00e9nyre jusson. Az ir\u00e1nyelv jelenleg kihirdet\u00e9sre v\u00e1r, azt k\u00f6vet\u0151en a tag\u00e1llamoknak 3 \u00e9ven bel\u00fcl kell \u00e1tvenni\u00fck. A szab\u00e1lyoz\u00e1s c\u00e9lja a rugalmas foglalkoztat\u00e1s kereteinek tov\u00e1bbi sz\u00e9les\u00edt\u00e9se, s","twitter:image":"https:\/\/allasorias.hu\/hirek\/wp-content\/uploads\/2019\/04\/blur-close-up-court-531970.jpg","twitter:label1":"Written by","twitter:data1":"Juh\u00e1sz P\u00e9ter","twitter:label2":"Est. reading time","twitter:data2":"2 minutes"},"aioseo_meta_data":{"post_id":"2785","title":null,"description":null,"keywords":null,"keyphrases":null,"primary_term":null,"canonical_url":null,"og_title":null,"og_description":null,"og_object_type":"default","og_image_type":"default","og_image_url":null,"og_image_width":null,"og_image_height":null,"og_image_custom_url":null,"og_image_custom_fields":null,"og_video":null,"og_custom_url":null,"og_article_section":null,"og_article_tags":null,"twitter_use_og":false,"twitter_card":"default","twitter_image_type":"default","twitter_image_url":null,"twitter_image_custom_url":null,"twitter_image_custom_fields":null,"twitter_title":null,"twitter_description":null,"schema":{"blockGraphs":[],"customGraphs":[],"default":{"data":{"Article":[],"Course":[],"Dataset":[],"FAQPage":[],"Movie":[],"Person":[],"Product":[],"ProductReview":[],"Car":[],"Recipe":[],"Service":[],"SoftwareApplication":[],"WebPage":[]},"graphName":"","isEnabled":true},"graphs":[],"defaultGraph":"","defaultPostTypeGraph":""},"schema_type":null,"schema_type_options":null,"pillar_content":false,"robots_default":true,"robots_noindex":false,"robots_noarchive":false,"robots_nosnippet":false,"robots_nofollow":false,"robots_noimageindex":false,"robots_noodp":false,"robots_notranslate":false,"robots_max_snippet":null,"robots_max_videopreview":null,"robots_max_imagepreview":"large","priority":null,"frequency":null,"location":null,"local_seo":null,"breadcrumb_settings":null,"limit_modified_date":false,"ai":null,"created":"2021-02-01 21:14:05","updated":"2025-10-02 11:04:36","seo_analyzer_scan_date":null,"focus_keyword":null,"additional_keywords":null,"truseo_locale":null},"aioseo_breadcrumb":"<div class=\"aioseo-breadcrumbs\"><span class=\"aioseo-breadcrumb\">\n\t\t\t<a href=\"https:\/\/allasorias.hu\/hirek\" title=\"Home\">Home<\/a>\n\t\t<\/span><span class=\"aioseo-breadcrumb-separator\">&raquo;<\/span><span class=\"aioseo-breadcrumb\">\n\t\t\t<a href=\"https:\/\/allasorias.hu\/hirek\/temak\/gazdasag\/\" title=\"Gazdas\u00e1g\">Gazdas\u00e1g<\/a>\n\t\t<\/span><span class=\"aioseo-breadcrumb-separator\">&raquo;<\/span><span class=\"aioseo-breadcrumb\">\n\t\t\tV\u00e1ltoz\u00e1s lesz a munka t\u00f6rv\u00e9nyk\u00f6nyv\u00e9ben\n\t\t<\/span><\/div>","aioseo_breadcrumb_json":[{"label":"Home","link":"https:\/\/allasorias.hu\/hirek"},{"label":"Gazdas\u00e1g","link":"https:\/\/allasorias.hu\/hirek\/temak\/gazdasag\/"},{"label":"V\u00e1ltoz\u00e1s lesz a munka t\u00f6rv\u00e9nyk\u00f6nyv\u00e9ben","link":"https:\/\/allasorias.hu\/hirek\/valtozas-lesz-a-munka-torvenykonyveben\/"}],"_links":{"self":[{"href":"https:\/\/allasorias.hu\/hirek\/wp-json\/wp\/v2\/posts\/2785","targetHints":{"allow":["GET"]}}],"collection":[{"href":"https:\/\/allasorias.hu\/hirek\/wp-json\/wp\/v2\/posts"}],"about":[{"href":"https:\/\/allasorias.hu\/hirek\/wp-json\/wp\/v2\/types\/post"}],"author":[{"embeddable":true,"href":"https:\/\/allasorias.hu\/hirek\/wp-json\/wp\/v2\/users\/1"}],"replies":[{"embeddable":true,"href":"https:\/\/allasorias.hu\/hirek\/wp-json\/wp\/v2\/comments?post=2785"}],"version-history":[{"count":1,"href":"https:\/\/allasorias.hu\/hirek\/wp-json\/wp\/v2\/posts\/2785\/revisions"}],"predecessor-version":[{"id":2787,"href":"https:\/\/allasorias.hu\/hirek\/wp-json\/wp\/v2\/posts\/2785\/revisions\/2787"}],"wp:featuredmedia":[{"embeddable":true,"href":"https:\/\/allasorias.hu\/hirek\/wp-json\/wp\/v2\/media\/2786"}],"wp:attachment":[{"href":"https:\/\/allasorias.hu\/hirek\/wp-json\/wp\/v2\/media?parent=2785"}],"wp:term":[{"taxonomy":"category","embeddable":true,"href":"https:\/\/allasorias.hu\/hirek\/wp-json\/wp\/v2\/categories?post=2785"},{"taxonomy":"post_tag","embeddable":true,"href":"https:\/\/allasorias.hu\/hirek\/wp-json\/wp\/v2\/tags?post=2785"}],"curies":[{"name":"wp","href":"https:\/\/api.w.org\/{rel}","templated":true}]}}