{"id":2783,"date":"2019-04-16T08:10:53","date_gmt":"2019-04-16T08:10:53","guid":{"rendered":"https:\/\/allasorias.hu\/hirek\/?p=2783"},"modified":"2019-04-16T08:10:53","modified_gmt":"2019-04-16T08:10:53","slug":"drasztikusan-csokken-a-kozfoglalkoztatas","status":"publish","type":"post","link":"https:\/\/allasorias.hu\/hirek\/drasztikusan-csokken-a-kozfoglalkoztatas\/","title":{"rendered":"Drasztikusan cs\u00f6kken a k\u00f6zfoglalkoztat\u00e1s"},"content":{"rendered":"<p><strong>A Bel\u00fcgyminiszt\u00e9rium legfrissebb, febru\u00e1ri adatai szerint \u00e1tlagosan 117 800 f\u0151 vett r\u00e9szt a k\u00f6zmunkaprogramokban. Egy \u00e9v alatt t\u00f6bb mint 23 sz\u00e1zal\u00e9kkal cs\u00f6kkent a k\u00f6zfoglalkoztatottak sz\u00e1ma, 2018 febru\u00e1rja \u00f3ta 36 ezren tal\u00e1ltak \u00e1ll\u00e1st az els\u0151dleges munkaer\u0151piacon. <\/strong><\/p>\n<p>A k\u00f6zmunk\u00e1sok d\u00f6nt\u0151 t\u00f6bbs\u00e9ge, t\u00f6bb mint fele tov\u00e1bbra is az \u00e9szak-magyarorsz\u00e1gi \u00e9s az \u00e9szak-alf\u00f6ldi r\u00e9gi\u00f3kban tal\u00e1lhat\u00f3. A legnagyobb javul\u00e1s egy \u00e9v alatt a D\u00e9l-Alf\u00f6ld\u00f6n k\u00f6vetkezett be, a h\u00e1rom megy\u00e9ben 27 sz\u00e1zal\u00e9kkal dolgoztak kevesebben a k\u00f6zfoglalkoztat\u00e1sban, mint 2018 febru\u00e1rj\u00e1ban. Az iskolai v\u00e9gzetts\u00e9g alapj\u00e1n pedig az l\u00e1that\u00f3, szinte elt\u0171nt a fels\u0151fok\u00fa v\u00e9gzetts\u00e9g\u0171 k\u00f6zmunk\u00e1s, sz\u00e1muk m\u00e1r a k\u00e9tezer f\u0151t sem \u00e9ri el, egy \u00e9v alatt felez\u0151d\u00f6tt a l\u00e9tsz\u00e1muk. A legt\u00f6bben szakmunk\u00e1s \u00e9s k\u00f6z\u00e9pfok\u00fa v\u00e9gzetts\u00e9ggel tudtak elhelyezkedni az els\u0151dleges munkaer\u0151piacon, ugyanakkor a nyolc \u00e1ltal\u00e1nost befejez\u0151k l\u00e9tsz\u00e1m\u00e1ban is h\u00faszsz\u00e1zal\u00e9kos cs\u00f6kken\u00e9st m\u00e9rt a bel\u00fcgyi t\u00e1rca. A k\u00f6zmunk\u00e1sok k\u00f6zel hatvan sz\u00e1zal\u00e9ka mind\u00f6ssze legfeljebb nyolc \u00e1ltal\u00e1nos iskolai v\u00e9gzetts\u00e9g\u0171. Febru\u00e1r utols\u00f3 napj\u00e1n 265 \u00e9s f\u00e9l ezer \u00e1ll\u00e1skeres\u0151t tartottak nyilv\u00e1n, amely az el\u0151z\u0151 h\u00f3naphoz k\u00e9pest 4,5 sz\u00e1zal\u00e9kos, 11 300 f\u0151s emelked\u00e9st, m\u00edg 2018 azonos id\u0151szak\u00e1hoz k\u00e9pest 4,9 sz\u00e1zal\u00e9kos, vagyis 13 700 f\u0151s cs\u00f6kken\u00e9st jelent.<\/p>\n<p>Forr\u00e1s: magyarnemzet.hu<\/p>\n","protected":false},"excerpt":{"rendered":"<p>A Bel\u00fcgyminiszt\u00e9rium legfrissebb, febru\u00e1ri adatai szerint \u00e1tlagosan 117 800 f\u0151 vett r\u00e9szt a k\u00f6zmunkaprogramokban. Egy \u00e9v alatt t\u00f6bb mint 23 sz\u00e1zal\u00e9kkal cs\u00f6kkent a k\u00f6zfoglalkoztatottak sz\u00e1ma, 2018 febru\u00e1rja \u00f3ta 36 ezren tal\u00e1ltak \u00e1ll\u00e1st az els\u0151dleges munkaer\u0151piacon. A k\u00f6zmunk\u00e1sok d\u00f6nt\u0151 t\u00f6bbs\u00e9ge, t\u00f6bb mint fele tov\u00e1bbra is az \u00e9szak-magyarorsz\u00e1gi \u00e9s az \u00e9szak-alf\u00f6ldi r\u00e9gi\u00f3kban tal\u00e1lhat\u00f3. A legnagyobb javul\u00e1s egy [&hellip;]<\/p>\n","protected":false},"author":1,"featured_media":2248,"comment_status":"open","ping_status":"open","sticky":false,"template":"","format":"standard","meta":{"_monsterinsights_skip_tracking":false,"_monsterinsights_sitenote_active":false,"_monsterinsights_sitenote_note":"","_monsterinsights_sitenote_category":0,"footnotes":""},"categories":[198,200],"tags":[],"class_list":["post-2783","post","type-post","status-publish","format-standard","has-post-thumbnail","hentry","category-gazdasag","category-munkaeropiac"],"aioseo_notices":[],"_links":{"self":[{"href":"https:\/\/allasorias.hu\/hirek\/wp-json\/wp\/v2\/posts\/2783","targetHints":{"allow":["GET"]}}],"collection":[{"href":"https:\/\/allasorias.hu\/hirek\/wp-json\/wp\/v2\/posts"}],"about":[{"href":"https:\/\/allasorias.hu\/hirek\/wp-json\/wp\/v2\/types\/post"}],"author":[{"embeddable":true,"href":"https:\/\/allasorias.hu\/hirek\/wp-json\/wp\/v2\/users\/1"}],"replies":[{"embeddable":true,"href":"https:\/\/allasorias.hu\/hirek\/wp-json\/wp\/v2\/comments?post=2783"}],"version-history":[{"count":1,"href":"https:\/\/allasorias.hu\/hirek\/wp-json\/wp\/v2\/posts\/2783\/revisions"}],"predecessor-version":[{"id":2784,"href":"https:\/\/allasorias.hu\/hirek\/wp-json\/wp\/v2\/posts\/2783\/revisions\/2784"}],"wp:featuredmedia":[{"embeddable":true,"href":"https:\/\/allasorias.hu\/hirek\/wp-json\/wp\/v2\/media\/2248"}],"wp:attachment":[{"href":"https:\/\/allasorias.hu\/hirek\/wp-json\/wp\/v2\/media?parent=2783"}],"wp:term":[{"taxonomy":"category","embeddable":true,"href":"https:\/\/allasorias.hu\/hirek\/wp-json\/wp\/v2\/categories?post=2783"},{"taxonomy":"post_tag","embeddable":true,"href":"https:\/\/allasorias.hu\/hirek\/wp-json\/wp\/v2\/tags?post=2783"}],"curies":[{"name":"wp","href":"https:\/\/api.w.org\/{rel}","templated":true}]}}