{"id":2780,"date":"2019-04-15T08:45:10","date_gmt":"2019-04-15T08:45:10","guid":{"rendered":"https:\/\/allasorias.hu\/hirek\/?p=2780"},"modified":"2019-04-15T08:45:10","modified_gmt":"2019-04-15T08:45:10","slug":"kemeny-valtozasok-a-munkahelyeken-ki-lesz-a-vesztes","status":"publish","type":"post","link":"https:\/\/allasorias.hu\/hirek\/kemeny-valtozasok-a-munkahelyeken-ki-lesz-a-vesztes\/","title":{"rendered":"Kem\u00e9ny v\u00e1ltoz\u00e1sok a munkahelyeken- ki lesz a vesztes ?"},"content":{"rendered":"<p><strong>A munkaer\u0151piacon zajlik a harc a soft \u00e9s technikai kompetenci\u00e1k\u00e9rt, a vezet\u0151k\u00f6n nagy a nyom\u00e1s, \u00faj technol\u00f3gi\u00e1k alkalmaz\u00e1s\u00e1val pr\u00f3b\u00e1lj\u00e1k k\u00f6nny\u00edteni a munkav\u00e1llal\u00f3k helyzet\u00e9t, azonban ennek ellen\u00e9re az alkalmazottak kem\u00e9nyebben dolgoznak, mint valaha.<\/strong><\/p>\n<p>Josh Bersin, a vil\u00e1g egyik legelismertebb ipari elemz\u0151je a londoni UNLEASH konferenci\u00e1n besz\u00e9lt a c\u00e9gek \u00e9s munkav\u00e1llal\u00f3k kih\u00edv\u00e1sair\u00f3l. Elmondta: az m\u00e1r nem \u00fajdons\u00e1g, hogy a HR vil\u00e1g\u00e1ban van helye \u00e9s l\u00e9tjogosults\u00e1ga a technol\u00f3gi\u00e1nak, amely hozz\u00e1j\u00e1rul a teljes\u00edtm\u00e9ny n\u00f6vel\u00e9s\u00e9hez. A c\u00e9gek vez\u00e9rigazgat\u00f3inak 83%-a radik\u00e1lis v\u00e1ltoz\u00e1st v\u00e1r a mesters\u00e9ges intelligencia haszn\u00e1lat\u00e1t\u00f3l az elk\u00f6vetkezend\u0151 3 \u00e9vben. 41%-uk robotiz\u00e1ci\u00f3t is tervez bevezetni a szolg\u00e1ltat\u00e1si vagy termel\u00e9si szektorban. Mindez term\u00e9szetesen a produktivit\u00e1s n\u00f6vel\u00e9s\u00e9t, fel\u00e9leszt\u00e9s\u00e9t szolg\u00e1lja. De mi lesz a dolgoz\u00f3kkal ? A sz\u00e1mok alapj\u00e1n az USA-ban 2011 \u00f3ta lassul a produktivit\u00e1s. Pedig az alkalmazottak egyre ink\u00e1bb t\u00falterheltek: egy \u00e1tlagos okostelefon haszn\u00e1l\u00f3 naponta 150-szer veszi k\u00e9zbe a telefonj\u00e1t, az amerikai popul\u00e1ci\u00f3 40%-a \u00fagy gondolja, hogy lehetetlen egyens\u00falyt teremteni a munka \u00e9s a mag\u00e1n\u00e9let k\u00f6z\u00f6tt. A c\u00e9geknek csak kevesebb, mint 16%-a tervezi egyszer\u0171s\u00edteni a munkak\u00f6r\u00fclm\u00e9nyeket \u00e9s ez\u00e1ltal cs\u00f6kkenteni a munkahelyi stresszt. A HR technol\u00f3gi\u00e1k piaca \u00f3ri\u00e1si m\u00e9rt\u00e9kben n\u0151, hiszen a term\u00e9keikkel a dolgoz\u00f3k j\u00f3ll\u00e9t\u00e9t, elk\u00f6telez\u0151d\u00e9s\u00e9nek stabiliz\u00e1l\u00e1s\u00e1t \u00e9s term\u00e9szetesen a m\u00e9g nagyobb produktivit\u00e1st seg\u00edten\u00e9k el\u0151. Vagyis a digit\u00e1lis eszk\u00f6z\u00f6k \u00e9s alkalmaz\u00e1sok kifejezetten a munka \u00e9s a munkak\u00f6rnyezet jav\u00edt\u00e1s\u00e1ra t\u00f6rekszenek: m\u00e1r a wellbeing applik\u00e1ci\u00f3k \u00e9s az energetiz\u00e1l\u00e1s kifinomultabb tervez\u00e9se is megjelent. A 2008-as v\u00e1ls\u00e1g \u00f3ta drasztikusan n\u0151 ezeknek a divatos term\u00e9keknek a jelent\u0151s\u00e9ge. Bersin el\u0151ad\u00e1s\u00e1ban egy amerikai mond\u00e1st id\u00e9zett: m\u00edg az eur\u00f3pai ember elmegy vak\u00e1ci\u00f3ra, addig egy amerikai let\u00f6lt egy \u00fajabb applik\u00e1ci\u00f3t&#8230;.. \u00c9s ez m\u00e1r t\u00e9nyleg a sz\u00e9p \u00faj vil\u00e1g. Kit\u00e9rt arra is, egyre er\u0151teljesebb a szakad\u00e9k a c\u00e9gek profit \u00e9hs\u00e9ge \u00e9s a munkav\u00e1llal\u00f3k \u00e9letmin\u0151s\u00e9ge k\u00f6z\u00f6tt. A Millenium gener\u00e1ci\u00f3 tagjai egyre er\u0151teljesebben \u00e9rzik \u00e9s \u00e9rtik a technol\u00f3giai \u00faj\u00edt\u00e1sok jelent\u0151s\u00e9g\u00e9t, \u00e9s ennek megfelel\u0151en \u00e9lnek is a lehet\u0151s\u00e9gekkel. Nem v\u00e9letlen\u00fcl szaporodik a digit\u00e1lis nom\u00e1dok sz\u00e1ma a vil\u00e1gban. Ezt a tendenci\u00e1t er\u0151s\u00edti az a longitudin\u00e1lis felm\u00e9r\u00e9s is, amely szerint 1840 \u00f3ta az \u00e9letkil\u00e1t\u00e1sok minden \u00e9vben 3 h\u00f3nappal n\u0151nek, vagyis a milleniumi nemzed\u00e9k 50%-a m\u00e1r j\u00f3 es\u00e9llyel meg\u00e9ri a 100. sz\u00fclet\u00e9snapj\u00e1t. \u0150k m\u00e1r tudatosan haszn\u00e1lj\u00e1k az eszk\u00f6z\u00f6ket, hossz\u00fa t\u00e1vban gondolkoznak \u00e9s a sz\u00e1mukra legmegfelel\u0151bb m\u00f3don alak\u00edtj\u00e1k az \u00e9let\u00fcket. Bersin szerint nem is vel\u00fck van gond. A nagy k\u00e9rd\u00e9s, hogy mi van, pontosabban mi lesz az X \u00e9s az Y, illetve a m\u00e9g id\u0151sebb gener\u00e1ci\u00f3kkal.<\/p>\n<p>Forr\u00e1s: portfolio.hu<\/p>\n","protected":false},"excerpt":{"rendered":"<p>A munkaer\u0151piacon zajlik a harc a soft \u00e9s technikai kompetenci\u00e1k\u00e9rt, a vezet\u0151k\u00f6n nagy a nyom\u00e1s, \u00faj technol\u00f3gi\u00e1k alkalmaz\u00e1s\u00e1val pr\u00f3b\u00e1lj\u00e1k k\u00f6nny\u00edteni a munkav\u00e1llal\u00f3k helyzet\u00e9t, azonban ennek ellen\u00e9re az alkalmazottak kem\u00e9nyebben dolgoznak, mint valaha. Josh Bersin, a vil\u00e1g egyik legelismertebb ipari elemz\u0151je a londoni UNLEASH konferenci\u00e1n besz\u00e9lt a c\u00e9gek \u00e9s munkav\u00e1llal\u00f3k kih\u00edv\u00e1sair\u00f3l. Elmondta: az m\u00e1r nem \u00fajdons\u00e1g, [&hellip;]<\/p>\n","protected":false},"author":1,"featured_media":2057,"comment_status":"open","ping_status":"open","sticky":false,"template":"","format":"standard","meta":{"_monsterinsights_skip_tracking":false,"footnotes":""},"categories":[198,200],"tags":[],"class_list":["post-2780","post","type-post","status-publish","format-standard","has-post-thumbnail","hentry","category-gazdasag","category-munkaeropiac"],"aioseo_notices":[],"aioseo_head":"\n\t\t<!-- All in One SEO 5.0.0.1 - aioseo.com -->\n\t<meta name=\"description\" content=\"A munkaer\u0151piacon zajlik a harc a soft \u00e9s technikai kompetenci\u00e1k\u00e9rt, a vezet\u0151k\u00f6n nagy a nyom\u00e1s, \u00faj technol\u00f3gi\u00e1k alkalmaz\u00e1s\u00e1val pr\u00f3b\u00e1lj\u00e1k k\u00f6nny\u00edteni a munkav\u00e1llal\u00f3k helyzet\u00e9t, azonban ennek ellen\u00e9re az alkalmazottak kem\u00e9nyebben dolgoznak, mint valaha. Josh Bersin, a vil\u00e1g egyik legelismertebb ipari elemz\u0151je a londoni UNLEASH konferenci\u00e1n besz\u00e9lt a c\u00e9gek \u00e9s munkav\u00e1llal\u00f3k kih\u00edv\u00e1sair\u00f3l. Elmondta: az m\u00e1r nem \u00fajdons\u00e1g,\" \/>\n\t<meta name=\"robots\" content=\"max-image-preview:large\" \/>\n\t<meta name=\"author\" content=\"Juh\u00e1sz P\u00e9ter\"\/>\n\t<link rel=\"canonical\" href=\"https:\/\/allasorias.hu\/hirek\/kemeny-valtozasok-a-munkahelyeken-ki-lesz-a-vesztes\/\" \/>\n\t<meta name=\"generator\" content=\"All in One SEO (AIOSEO) 5.0.0.1\" \/>\n\t\t<meta property=\"og:locale\" content=\"hu_HU\" \/>\n\t\t<meta property=\"og:site_name\" content=\"AllasOrias.hu | H\u00edrek-lapszemle | \u00dczleti h\u00edrek az \u00e1ll\u00e1s \u00e9s a munka vil\u00e1g\u00e1b\u00f3l\" \/>\n\t\t<meta property=\"og:type\" content=\"article\" \/>\n\t\t<meta property=\"og:title\" content=\"Kem\u00e9ny v\u00e1ltoz\u00e1sok a munkahelyeken- ki lesz a vesztes ? | AllasOrias.hu | H\u00edrek-lapszemle\" \/>\n\t\t<meta property=\"og:description\" content=\"A munkaer\u0151piacon zajlik a harc a soft \u00e9s technikai kompetenci\u00e1k\u00e9rt, a vezet\u0151k\u00f6n nagy a nyom\u00e1s, \u00faj technol\u00f3gi\u00e1k alkalmaz\u00e1s\u00e1val pr\u00f3b\u00e1lj\u00e1k k\u00f6nny\u00edteni a munkav\u00e1llal\u00f3k helyzet\u00e9t, azonban ennek ellen\u00e9re az alkalmazottak kem\u00e9nyebben dolgoznak, mint valaha. Josh Bersin, a vil\u00e1g egyik legelismertebb ipari elemz\u0151je a londoni UNLEASH konferenci\u00e1n besz\u00e9lt a c\u00e9gek \u00e9s munkav\u00e1llal\u00f3k kih\u00edv\u00e1sair\u00f3l. Elmondta: az m\u00e1r nem \u00fajdons\u00e1g,\" \/>\n\t\t<meta property=\"og:url\" content=\"https:\/\/allasorias.hu\/hirek\/kemeny-valtozasok-a-munkahelyeken-ki-lesz-a-vesztes\/\" \/>\n\t\t<meta property=\"og:image\" content=\"https:\/\/allasorias.hu\/hirek\/wp-content\/uploads\/2018\/10\/lead_370.jpg\" \/>\n\t\t<meta property=\"og:image:secure_url\" content=\"https:\/\/allasorias.hu\/hirek\/wp-content\/uploads\/2018\/10\/lead_370.jpg\" \/>\n\t\t<meta property=\"og:image:width\" content=\"349\" \/>\n\t\t<meta property=\"og:image:height\" content=\"230\" \/>\n\t\t<meta property=\"article:published_time\" content=\"2019-04-15T08:45:10+00:00\" \/>\n\t\t<meta property=\"article:modified_time\" content=\"2019-04-15T08:45:10+00:00\" \/>\n\t\t<meta property=\"article:publisher\" content=\"https:\/\/www.facebook.com\/allasorias\" \/>\n\t\t<meta name=\"twitter:card\" content=\"summary_large_image\" \/>\n\t\t<meta name=\"twitter:title\" content=\"Kem\u00e9ny v\u00e1ltoz\u00e1sok a munkahelyeken- ki lesz a vesztes ? | AllasOrias.hu | H\u00edrek-lapszemle\" \/>\n\t\t<meta name=\"twitter:description\" content=\"A munkaer\u0151piacon zajlik a harc a soft \u00e9s technikai kompetenci\u00e1k\u00e9rt, a vezet\u0151k\u00f6n nagy a nyom\u00e1s, \u00faj technol\u00f3gi\u00e1k alkalmaz\u00e1s\u00e1val pr\u00f3b\u00e1lj\u00e1k k\u00f6nny\u00edteni a munkav\u00e1llal\u00f3k helyzet\u00e9t, azonban ennek ellen\u00e9re az alkalmazottak kem\u00e9nyebben dolgoznak, mint valaha. Josh Bersin, a vil\u00e1g egyik legelismertebb ipari elemz\u0151je a londoni UNLEASH konferenci\u00e1n besz\u00e9lt a c\u00e9gek \u00e9s munkav\u00e1llal\u00f3k kih\u00edv\u00e1sair\u00f3l. Elmondta: az m\u00e1r nem \u00fajdons\u00e1g,\" \/>\n\t\t<meta name=\"twitter:image\" content=\"https:\/\/allasorias.hu\/hirek\/wp-content\/uploads\/2018\/10\/lead_370.jpg\" \/>\n\t\t<meta name=\"twitter:label1\" content=\"Written by\" \/>\n\t\t<meta name=\"twitter:data1\" content=\"Juh\u00e1sz P\u00e9ter\" \/>\n\t\t<meta name=\"twitter:label2\" content=\"Est. reading time\" \/>\n\t\t<meta name=\"twitter:data2\" content=\"3 minutes\" \/>\n\t\t<script type=\"application\/ld+json\" class=\"aioseo-schema\">\n\t\t\t{\"@context\":\"https:\\\/\\\/schema.org\",\"@graph\":[{\"@type\":\"Article\",\"@id\":\"https:\\\/\\\/allasorias.hu\\\/hirek\\\/kemeny-valtozasok-a-munkahelyeken-ki-lesz-a-vesztes\\\/#article\",\"name\":\"Kem\\u00e9ny v\\u00e1ltoz\\u00e1sok a munkahelyeken- ki lesz a vesztes ? | AllasOrias.hu | H\\u00edrek-lapszemle\",\"headline\":\"Kem\\u00e9ny v\\u00e1ltoz\\u00e1sok a munkahelyeken- ki lesz a vesztes ?\",\"author\":{\"@id\":\"https:\\\/\\\/allasorias.hu\\\/hirek\\\/author\\\/admin-allasorias\\\/#author\"},\"publisher\":{\"@id\":\"https:\\\/\\\/allasorias.hu\\\/hirek\\\/#organization\"},\"image\":{\"@type\":\"ImageObject\",\"url\":\"https:\\\/\\\/allasorias.hu\\\/hirek\\\/wp-content\\\/uploads\\\/2018\\\/10\\\/lead_370.jpg\",\"width\":349,\"height\":230},\"datePublished\":\"2019-04-15T08:45:10+02:00\",\"dateModified\":\"2019-04-15T08:45:10+02:00\",\"inLanguage\":\"hu-HU\",\"mainEntityOfPage\":{\"@id\":\"https:\\\/\\\/allasorias.hu\\\/hirek\\\/kemeny-valtozasok-a-munkahelyeken-ki-lesz-a-vesztes\\\/#webpage\"},\"isPartOf\":{\"@id\":\"https:\\\/\\\/allasorias.hu\\\/hirek\\\/kemeny-valtozasok-a-munkahelyeken-ki-lesz-a-vesztes\\\/#webpage\"},\"articleSection\":\"Gazdas\\u00e1g, Munkaer\\u0151piac\"},{\"@type\":\"BreadcrumbList\",\"@id\":\"https:\\\/\\\/allasorias.hu\\\/hirek\\\/kemeny-valtozasok-a-munkahelyeken-ki-lesz-a-vesztes\\\/#breadcrumblist\",\"itemListElement\":[{\"@type\":\"ListItem\",\"@id\":\"https:\\\/\\\/allasorias.hu\\\/hirek#listItem\",\"position\":1,\"name\":\"Home\",\"item\":\"https:\\\/\\\/allasorias.hu\\\/hirek\",\"nextItem\":{\"@type\":\"ListItem\",\"@id\":\"https:\\\/\\\/allasorias.hu\\\/hirek\\\/temak\\\/gazdasag\\\/#listItem\",\"name\":\"Gazdas\\u00e1g\"}},{\"@type\":\"ListItem\",\"@id\":\"https:\\\/\\\/allasorias.hu\\\/hirek\\\/temak\\\/gazdasag\\\/#listItem\",\"position\":2,\"name\":\"Gazdas\\u00e1g\",\"item\":\"https:\\\/\\\/allasorias.hu\\\/hirek\\\/temak\\\/gazdasag\\\/\",\"nextItem\":{\"@type\":\"ListItem\",\"@id\":\"https:\\\/\\\/allasorias.hu\\\/hirek\\\/kemeny-valtozasok-a-munkahelyeken-ki-lesz-a-vesztes\\\/#listItem\",\"name\":\"Kem\\u00e9ny v\\u00e1ltoz\\u00e1sok a munkahelyeken- ki lesz a vesztes ?\"},\"previousItem\":{\"@type\":\"ListItem\",\"@id\":\"https:\\\/\\\/allasorias.hu\\\/hirek#listItem\",\"name\":\"Home\"}},{\"@type\":\"ListItem\",\"@id\":\"https:\\\/\\\/allasorias.hu\\\/hirek\\\/kemeny-valtozasok-a-munkahelyeken-ki-lesz-a-vesztes\\\/#listItem\",\"position\":3,\"name\":\"Kem\\u00e9ny v\\u00e1ltoz\\u00e1sok a munkahelyeken- ki lesz a vesztes ?\",\"previousItem\":{\"@type\":\"ListItem\",\"@id\":\"https:\\\/\\\/allasorias.hu\\\/hirek\\\/temak\\\/gazdasag\\\/#listItem\",\"name\":\"Gazdas\\u00e1g\"}}]},{\"@type\":\"Organization\",\"@id\":\"https:\\\/\\\/allasorias.hu\\\/hirek\\\/#organization\",\"name\":\"AllasOrias.hu | H\\u00edrek-lapszemle\",\"description\":\"\\u00dczleti h\\u00edrek az \\u00e1ll\\u00e1s \\u00e9s a munka vil\\u00e1g\\u00e1b\\u00f3l\",\"url\":\"https:\\\/\\\/allasorias.hu\\\/hirek\\\/\",\"logo\":{\"@type\":\"ImageObject\",\"url\":\"https:\\\/\\\/allasorias.hu\\\/hirek\\\/wp-content\\\/uploads\\\/2022\\\/10\\\/allasorias_site_facebok_logo.png\",\"@id\":\"https:\\\/\\\/allasorias.hu\\\/hirek\\\/kemeny-valtozasok-a-munkahelyeken-ki-lesz-a-vesztes\\\/#organizationLogo\"},\"image\":{\"@id\":\"https:\\\/\\\/allasorias.hu\\\/hirek\\\/kemeny-valtozasok-a-munkahelyeken-ki-lesz-a-vesztes\\\/#organizationLogo\"},\"sameAs\":[\"https:\\\/\\\/www.facebook.com\\\/allasorias\",\"https:\\\/\\\/www.linkedin.com\\\/company\\\/allasorias\"]},{\"@type\":\"Person\",\"@id\":\"https:\\\/\\\/allasorias.hu\\\/hirek\\\/author\\\/admin-allasorias\\\/#author\",\"url\":\"https:\\\/\\\/allasorias.hu\\\/hirek\\\/author\\\/admin-allasorias\\\/\",\"name\":\"Juh\\u00e1sz P\\u00e9ter\",\"image\":{\"@type\":\"ImageObject\",\"@id\":\"https:\\\/\\\/allasorias.hu\\\/hirek\\\/kemeny-valtozasok-a-munkahelyeken-ki-lesz-a-vesztes\\\/#authorImage\",\"url\":\"https:\\\/\\\/secure.gravatar.com\\\/avatar\\\/36e6bcb83148978b992977cb0f54d22feb0cce8a0a849a9410532bb2623ba4c6?s=96&d=mm&r=g\",\"width\":96,\"height\":96,\"caption\":\"Juh\\u00e1sz P\\u00e9ter\"}},{\"@type\":\"WebPage\",\"@id\":\"https:\\\/\\\/allasorias.hu\\\/hirek\\\/kemeny-valtozasok-a-munkahelyeken-ki-lesz-a-vesztes\\\/#webpage\",\"url\":\"https:\\\/\\\/allasorias.hu\\\/hirek\\\/kemeny-valtozasok-a-munkahelyeken-ki-lesz-a-vesztes\\\/\",\"name\":\"Kem\\u00e9ny v\\u00e1ltoz\\u00e1sok a munkahelyeken- ki lesz a vesztes ? | AllasOrias.hu | H\\u00edrek-lapszemle\",\"description\":\"A munkaer\\u0151piacon zajlik a harc a soft \\u00e9s technikai kompetenci\\u00e1k\\u00e9rt, a vezet\\u0151k\\u00f6n nagy a nyom\\u00e1s, \\u00faj technol\\u00f3gi\\u00e1k alkalmaz\\u00e1s\\u00e1val pr\\u00f3b\\u00e1lj\\u00e1k k\\u00f6nny\\u00edteni a munkav\\u00e1llal\\u00f3k helyzet\\u00e9t, azonban ennek ellen\\u00e9re az alkalmazottak kem\\u00e9nyebben dolgoznak, mint valaha. Josh Bersin, a vil\\u00e1g egyik legelismertebb ipari elemz\\u0151je a londoni UNLEASH konferenci\\u00e1n besz\\u00e9lt a c\\u00e9gek \\u00e9s munkav\\u00e1llal\\u00f3k kih\\u00edv\\u00e1sair\\u00f3l. Elmondta: az m\\u00e1r nem \\u00fajdons\\u00e1g,\",\"inLanguage\":\"hu-HU\",\"isPartOf\":{\"@id\":\"https:\\\/\\\/allasorias.hu\\\/hirek\\\/#website\"},\"breadcrumb\":{\"@id\":\"https:\\\/\\\/allasorias.hu\\\/hirek\\\/kemeny-valtozasok-a-munkahelyeken-ki-lesz-a-vesztes\\\/#breadcrumblist\"},\"author\":{\"@id\":\"https:\\\/\\\/allasorias.hu\\\/hirek\\\/author\\\/admin-allasorias\\\/#author\"},\"creator\":{\"@id\":\"https:\\\/\\\/allasorias.hu\\\/hirek\\\/author\\\/admin-allasorias\\\/#author\"},\"image\":{\"@type\":\"ImageObject\",\"url\":\"https:\\\/\\\/allasorias.hu\\\/hirek\\\/wp-content\\\/uploads\\\/2018\\\/10\\\/lead_370.jpg\",\"@id\":\"https:\\\/\\\/allasorias.hu\\\/hirek\\\/kemeny-valtozasok-a-munkahelyeken-ki-lesz-a-vesztes\\\/#mainImage\",\"width\":349,\"height\":230},\"primaryImageOfPage\":{\"@id\":\"https:\\\/\\\/allasorias.hu\\\/hirek\\\/kemeny-valtozasok-a-munkahelyeken-ki-lesz-a-vesztes\\\/#mainImage\"},\"datePublished\":\"2019-04-15T08:45:10+02:00\",\"dateModified\":\"2019-04-15T08:45:10+02:00\"},{\"@type\":\"WebSite\",\"@id\":\"https:\\\/\\\/allasorias.hu\\\/hirek\\\/#website\",\"url\":\"https:\\\/\\\/allasorias.hu\\\/hirek\\\/\",\"name\":\"AllasOrias.hu | H\\u00edrek-lapszemle\",\"description\":\"\\u00dczleti h\\u00edrek az \\u00e1ll\\u00e1s \\u00e9s a munka vil\\u00e1g\\u00e1b\\u00f3l\",\"inLanguage\":\"hu-HU\",\"publisher\":{\"@id\":\"https:\\\/\\\/allasorias.hu\\\/hirek\\\/#organization\"}}]}\n\t\t<\/script>\n\t\t<!-- All in One SEO -->\n\n","aioseo_head_json":{"title":"Kem\u00e9ny v\u00e1ltoz\u00e1sok a munkahelyeken- ki lesz a vesztes ? | AllasOrias.hu | H\u00edrek-lapszemle","description":"A munkaer\u0151piacon zajlik a harc a soft \u00e9s technikai kompetenci\u00e1k\u00e9rt, a vezet\u0151k\u00f6n nagy a nyom\u00e1s, \u00faj technol\u00f3gi\u00e1k alkalmaz\u00e1s\u00e1val pr\u00f3b\u00e1lj\u00e1k k\u00f6nny\u00edteni a munkav\u00e1llal\u00f3k helyzet\u00e9t, azonban ennek ellen\u00e9re az alkalmazottak kem\u00e9nyebben dolgoznak, mint valaha. Josh Bersin, a vil\u00e1g egyik legelismertebb ipari elemz\u0151je a londoni UNLEASH konferenci\u00e1n besz\u00e9lt a c\u00e9gek \u00e9s munkav\u00e1llal\u00f3k kih\u00edv\u00e1sair\u00f3l. Elmondta: az m\u00e1r nem \u00fajdons\u00e1g,","canonical_url":"https:\/\/allasorias.hu\/hirek\/kemeny-valtozasok-a-munkahelyeken-ki-lesz-a-vesztes\/","robots":"max-image-preview:large","keywords":"","webmasterTools":{"miscellaneous":""},"schema":{"@context":"https:\/\/schema.org","@graph":[{"@type":"Article","@id":"https:\/\/allasorias.hu\/hirek\/kemeny-valtozasok-a-munkahelyeken-ki-lesz-a-vesztes\/#article","name":"Kem\u00e9ny v\u00e1ltoz\u00e1sok a munkahelyeken- ki lesz a vesztes ? | AllasOrias.hu | H\u00edrek-lapszemle","headline":"Kem\u00e9ny v\u00e1ltoz\u00e1sok a munkahelyeken- ki lesz a vesztes ?","author":{"@id":"https:\/\/allasorias.hu\/hirek\/author\/admin-allasorias\/#author"},"publisher":{"@id":"https:\/\/allasorias.hu\/hirek\/#organization"},"image":{"@type":"ImageObject","url":"https:\/\/allasorias.hu\/hirek\/wp-content\/uploads\/2018\/10\/lead_370.jpg","width":349,"height":230},"datePublished":"2019-04-15T08:45:10+02:00","dateModified":"2019-04-15T08:45:10+02:00","inLanguage":"hu-HU","mainEntityOfPage":{"@id":"https:\/\/allasorias.hu\/hirek\/kemeny-valtozasok-a-munkahelyeken-ki-lesz-a-vesztes\/#webpage"},"isPartOf":{"@id":"https:\/\/allasorias.hu\/hirek\/kemeny-valtozasok-a-munkahelyeken-ki-lesz-a-vesztes\/#webpage"},"articleSection":"Gazdas\u00e1g, Munkaer\u0151piac"},{"@type":"BreadcrumbList","@id":"https:\/\/allasorias.hu\/hirek\/kemeny-valtozasok-a-munkahelyeken-ki-lesz-a-vesztes\/#breadcrumblist","itemListElement":[{"@type":"ListItem","@id":"https:\/\/allasorias.hu\/hirek#listItem","position":1,"name":"Home","item":"https:\/\/allasorias.hu\/hirek","nextItem":{"@type":"ListItem","@id":"https:\/\/allasorias.hu\/hirek\/temak\/gazdasag\/#listItem","name":"Gazdas\u00e1g"}},{"@type":"ListItem","@id":"https:\/\/allasorias.hu\/hirek\/temak\/gazdasag\/#listItem","position":2,"name":"Gazdas\u00e1g","item":"https:\/\/allasorias.hu\/hirek\/temak\/gazdasag\/","nextItem":{"@type":"ListItem","@id":"https:\/\/allasorias.hu\/hirek\/kemeny-valtozasok-a-munkahelyeken-ki-lesz-a-vesztes\/#listItem","name":"Kem\u00e9ny v\u00e1ltoz\u00e1sok a munkahelyeken- ki lesz a vesztes ?"},"previousItem":{"@type":"ListItem","@id":"https:\/\/allasorias.hu\/hirek#listItem","name":"Home"}},{"@type":"ListItem","@id":"https:\/\/allasorias.hu\/hirek\/kemeny-valtozasok-a-munkahelyeken-ki-lesz-a-vesztes\/#listItem","position":3,"name":"Kem\u00e9ny v\u00e1ltoz\u00e1sok a munkahelyeken- ki lesz a vesztes ?","previousItem":{"@type":"ListItem","@id":"https:\/\/allasorias.hu\/hirek\/temak\/gazdasag\/#listItem","name":"Gazdas\u00e1g"}}]},{"@type":"Organization","@id":"https:\/\/allasorias.hu\/hirek\/#organization","name":"AllasOrias.hu | H\u00edrek-lapszemle","description":"\u00dczleti h\u00edrek az \u00e1ll\u00e1s \u00e9s a munka vil\u00e1g\u00e1b\u00f3l","url":"https:\/\/allasorias.hu\/hirek\/","logo":{"@type":"ImageObject","url":"https:\/\/allasorias.hu\/hirek\/wp-content\/uploads\/2022\/10\/allasorias_site_facebok_logo.png","@id":"https:\/\/allasorias.hu\/hirek\/kemeny-valtozasok-a-munkahelyeken-ki-lesz-a-vesztes\/#organizationLogo"},"image":{"@id":"https:\/\/allasorias.hu\/hirek\/kemeny-valtozasok-a-munkahelyeken-ki-lesz-a-vesztes\/#organizationLogo"},"sameAs":["https:\/\/www.facebook.com\/allasorias","https:\/\/www.linkedin.com\/company\/allasorias"]},{"@type":"Person","@id":"https:\/\/allasorias.hu\/hirek\/author\/admin-allasorias\/#author","url":"https:\/\/allasorias.hu\/hirek\/author\/admin-allasorias\/","name":"Juh\u00e1sz P\u00e9ter","image":{"@type":"ImageObject","@id":"https:\/\/allasorias.hu\/hirek\/kemeny-valtozasok-a-munkahelyeken-ki-lesz-a-vesztes\/#authorImage","url":"https:\/\/secure.gravatar.com\/avatar\/36e6bcb83148978b992977cb0f54d22feb0cce8a0a849a9410532bb2623ba4c6?s=96&d=mm&r=g","width":96,"height":96,"caption":"Juh\u00e1sz P\u00e9ter"}},{"@type":"WebPage","@id":"https:\/\/allasorias.hu\/hirek\/kemeny-valtozasok-a-munkahelyeken-ki-lesz-a-vesztes\/#webpage","url":"https:\/\/allasorias.hu\/hirek\/kemeny-valtozasok-a-munkahelyeken-ki-lesz-a-vesztes\/","name":"Kem\u00e9ny v\u00e1ltoz\u00e1sok a munkahelyeken- ki lesz a vesztes ? | AllasOrias.hu | H\u00edrek-lapszemle","description":"A munkaer\u0151piacon zajlik a harc a soft \u00e9s technikai kompetenci\u00e1k\u00e9rt, a vezet\u0151k\u00f6n nagy a nyom\u00e1s, \u00faj technol\u00f3gi\u00e1k alkalmaz\u00e1s\u00e1val pr\u00f3b\u00e1lj\u00e1k k\u00f6nny\u00edteni a munkav\u00e1llal\u00f3k helyzet\u00e9t, azonban ennek ellen\u00e9re az alkalmazottak kem\u00e9nyebben dolgoznak, mint valaha. Josh Bersin, a vil\u00e1g egyik legelismertebb ipari elemz\u0151je a londoni UNLEASH konferenci\u00e1n besz\u00e9lt a c\u00e9gek \u00e9s munkav\u00e1llal\u00f3k kih\u00edv\u00e1sair\u00f3l. Elmondta: az m\u00e1r nem \u00fajdons\u00e1g,","inLanguage":"hu-HU","isPartOf":{"@id":"https:\/\/allasorias.hu\/hirek\/#website"},"breadcrumb":{"@id":"https:\/\/allasorias.hu\/hirek\/kemeny-valtozasok-a-munkahelyeken-ki-lesz-a-vesztes\/#breadcrumblist"},"author":{"@id":"https:\/\/allasorias.hu\/hirek\/author\/admin-allasorias\/#author"},"creator":{"@id":"https:\/\/allasorias.hu\/hirek\/author\/admin-allasorias\/#author"},"image":{"@type":"ImageObject","url":"https:\/\/allasorias.hu\/hirek\/wp-content\/uploads\/2018\/10\/lead_370.jpg","@id":"https:\/\/allasorias.hu\/hirek\/kemeny-valtozasok-a-munkahelyeken-ki-lesz-a-vesztes\/#mainImage","width":349,"height":230},"primaryImageOfPage":{"@id":"https:\/\/allasorias.hu\/hirek\/kemeny-valtozasok-a-munkahelyeken-ki-lesz-a-vesztes\/#mainImage"},"datePublished":"2019-04-15T08:45:10+02:00","dateModified":"2019-04-15T08:45:10+02:00"},{"@type":"WebSite","@id":"https:\/\/allasorias.hu\/hirek\/#website","url":"https:\/\/allasorias.hu\/hirek\/","name":"AllasOrias.hu | H\u00edrek-lapszemle","description":"\u00dczleti h\u00edrek az \u00e1ll\u00e1s \u00e9s a munka vil\u00e1g\u00e1b\u00f3l","inLanguage":"hu-HU","publisher":{"@id":"https:\/\/allasorias.hu\/hirek\/#organization"}}]},"og:locale":"hu_HU","og:site_name":"AllasOrias.hu | H\u00edrek-lapszemle | \u00dczleti h\u00edrek az \u00e1ll\u00e1s \u00e9s a munka vil\u00e1g\u00e1b\u00f3l","og:type":"article","og:title":"Kem\u00e9ny v\u00e1ltoz\u00e1sok a munkahelyeken- ki lesz a vesztes ? | AllasOrias.hu | H\u00edrek-lapszemle","og:description":"A munkaer\u0151piacon zajlik a harc a soft \u00e9s technikai kompetenci\u00e1k\u00e9rt, a vezet\u0151k\u00f6n nagy a nyom\u00e1s, \u00faj technol\u00f3gi\u00e1k alkalmaz\u00e1s\u00e1val pr\u00f3b\u00e1lj\u00e1k k\u00f6nny\u00edteni a munkav\u00e1llal\u00f3k helyzet\u00e9t, azonban ennek ellen\u00e9re az alkalmazottak kem\u00e9nyebben dolgoznak, mint valaha. Josh Bersin, a vil\u00e1g egyik legelismertebb ipari elemz\u0151je a londoni UNLEASH konferenci\u00e1n besz\u00e9lt a c\u00e9gek \u00e9s munkav\u00e1llal\u00f3k kih\u00edv\u00e1sair\u00f3l. Elmondta: az m\u00e1r nem \u00fajdons\u00e1g,","og:url":"https:\/\/allasorias.hu\/hirek\/kemeny-valtozasok-a-munkahelyeken-ki-lesz-a-vesztes\/","og:image":"https:\/\/allasorias.hu\/hirek\/wp-content\/uploads\/2018\/10\/lead_370.jpg","og:image:secure_url":"https:\/\/allasorias.hu\/hirek\/wp-content\/uploads\/2018\/10\/lead_370.jpg","og:image:width":349,"og:image:height":230,"article:published_time":"2019-04-15T08:45:10+00:00","article:modified_time":"2019-04-15T08:45:10+00:00","article:publisher":"https:\/\/www.facebook.com\/allasorias","twitter:card":"summary_large_image","twitter:title":"Kem\u00e9ny v\u00e1ltoz\u00e1sok a munkahelyeken- ki lesz a vesztes ? | AllasOrias.hu | H\u00edrek-lapszemle","twitter:description":"A munkaer\u0151piacon zajlik a harc a soft \u00e9s technikai kompetenci\u00e1k\u00e9rt, a vezet\u0151k\u00f6n nagy a nyom\u00e1s, \u00faj technol\u00f3gi\u00e1k alkalmaz\u00e1s\u00e1val pr\u00f3b\u00e1lj\u00e1k k\u00f6nny\u00edteni a munkav\u00e1llal\u00f3k helyzet\u00e9t, azonban ennek ellen\u00e9re az alkalmazottak kem\u00e9nyebben dolgoznak, mint valaha. Josh Bersin, a vil\u00e1g egyik legelismertebb ipari elemz\u0151je a londoni UNLEASH konferenci\u00e1n besz\u00e9lt a c\u00e9gek \u00e9s munkav\u00e1llal\u00f3k kih\u00edv\u00e1sair\u00f3l. Elmondta: az m\u00e1r nem \u00fajdons\u00e1g,","twitter:image":"https:\/\/allasorias.hu\/hirek\/wp-content\/uploads\/2018\/10\/lead_370.jpg","twitter:label1":"Written by","twitter:data1":"Juh\u00e1sz P\u00e9ter","twitter:label2":"Est. reading time","twitter:data2":"3 minutes"},"aioseo_meta_data":{"post_id":"2780","title":null,"description":null,"keywords":null,"keyphrases":null,"primary_term":null,"canonical_url":null,"og_title":null,"og_description":null,"og_object_type":"default","og_image_type":"default","og_image_url":null,"og_image_width":null,"og_image_height":null,"og_image_custom_url":null,"og_image_custom_fields":null,"og_video":null,"og_custom_url":null,"og_article_section":null,"og_article_tags":null,"twitter_use_og":false,"twitter_card":"default","twitter_image_type":"default","twitter_image_url":null,"twitter_image_custom_url":null,"twitter_image_custom_fields":null,"twitter_title":null,"twitter_description":null,"schema":{"blockGraphs":[],"customGraphs":[],"default":{"data":{"Article":[],"Course":[],"Dataset":[],"FAQPage":[],"Movie":[],"Person":[],"Product":[],"ProductReview":[],"Car":[],"Recipe":[],"Service":[],"SoftwareApplication":[],"WebPage":[]},"graphName":"","isEnabled":true},"graphs":[],"defaultGraph":"","defaultPostTypeGraph":""},"schema_type":null,"schema_type_options":null,"pillar_content":false,"robots_default":true,"robots_noindex":false,"robots_noarchive":false,"robots_nosnippet":false,"robots_nofollow":false,"robots_noimageindex":false,"robots_noodp":false,"robots_notranslate":false,"robots_max_snippet":null,"robots_max_videopreview":null,"robots_max_imagepreview":"large","priority":null,"frequency":null,"location":null,"local_seo":null,"breadcrumb_settings":null,"limit_modified_date":false,"ai":null,"created":"2021-02-01 21:14:05","updated":"2025-10-02 11:04:36","seo_analyzer_scan_date":null,"focus_keyword":null,"additional_keywords":null,"truseo_locale":null},"aioseo_breadcrumb":"<div class=\"aioseo-breadcrumbs\"><span class=\"aioseo-breadcrumb\">\n\t\t\t<a href=\"https:\/\/allasorias.hu\/hirek\" title=\"Home\">Home<\/a>\n\t\t<\/span><span class=\"aioseo-breadcrumb-separator\">&raquo;<\/span><span class=\"aioseo-breadcrumb\">\n\t\t\t<a href=\"https:\/\/allasorias.hu\/hirek\/temak\/gazdasag\/\" title=\"Gazdas\u00e1g\">Gazdas\u00e1g<\/a>\n\t\t<\/span><span class=\"aioseo-breadcrumb-separator\">&raquo;<\/span><span class=\"aioseo-breadcrumb\">\n\t\t\tKem\u00e9ny v\u00e1ltoz\u00e1sok a munkahelyeken- ki lesz a vesztes ?\n\t\t<\/span><\/div>","aioseo_breadcrumb_json":[{"label":"Home","link":"https:\/\/allasorias.hu\/hirek"},{"label":"Gazdas\u00e1g","link":"https:\/\/allasorias.hu\/hirek\/temak\/gazdasag\/"},{"label":"Kem\u00e9ny v\u00e1ltoz\u00e1sok a munkahelyeken- ki lesz a vesztes ?","link":"https:\/\/allasorias.hu\/hirek\/kemeny-valtozasok-a-munkahelyeken-ki-lesz-a-vesztes\/"}],"_links":{"self":[{"href":"https:\/\/allasorias.hu\/hirek\/wp-json\/wp\/v2\/posts\/2780","targetHints":{"allow":["GET"]}}],"collection":[{"href":"https:\/\/allasorias.hu\/hirek\/wp-json\/wp\/v2\/posts"}],"about":[{"href":"https:\/\/allasorias.hu\/hirek\/wp-json\/wp\/v2\/types\/post"}],"author":[{"embeddable":true,"href":"https:\/\/allasorias.hu\/hirek\/wp-json\/wp\/v2\/users\/1"}],"replies":[{"embeddable":true,"href":"https:\/\/allasorias.hu\/hirek\/wp-json\/wp\/v2\/comments?post=2780"}],"version-history":[{"count":1,"href":"https:\/\/allasorias.hu\/hirek\/wp-json\/wp\/v2\/posts\/2780\/revisions"}],"predecessor-version":[{"id":2781,"href":"https:\/\/allasorias.hu\/hirek\/wp-json\/wp\/v2\/posts\/2780\/revisions\/2781"}],"wp:featuredmedia":[{"embeddable":true,"href":"https:\/\/allasorias.hu\/hirek\/wp-json\/wp\/v2\/media\/2057"}],"wp:attachment":[{"href":"https:\/\/allasorias.hu\/hirek\/wp-json\/wp\/v2\/media?parent=2780"}],"wp:term":[{"taxonomy":"category","embeddable":true,"href":"https:\/\/allasorias.hu\/hirek\/wp-json\/wp\/v2\/categories?post=2780"},{"taxonomy":"post_tag","embeddable":true,"href":"https:\/\/allasorias.hu\/hirek\/wp-json\/wp\/v2\/tags?post=2780"}],"curies":[{"name":"wp","href":"https:\/\/api.w.org\/{rel}","templated":true}]}}