{"id":2778,"date":"2019-04-15T08:42:28","date_gmt":"2019-04-15T08:42:28","guid":{"rendered":"https:\/\/allasorias.hu\/hirek\/?p=2778"},"modified":"2019-04-15T08:42:28","modified_gmt":"2019-04-15T08:42:28","slug":"megoldjak-a-munkaerohianyt","status":"publish","type":"post","link":"https:\/\/allasorias.hu\/hirek\/megoldjak-a-munkaerohianyt\/","title":{"rendered":"Megoldj\u00e1k a munkaer\u0151hi\u00e1nyt?"},"content":{"rendered":"<p><strong>Forrong val\u00f3s\u00e1ggal a munkaer\u0151piac, azok a c\u00e9gek tudnak ebb\u0151l a helyzetb\u0151l j\u00f3l kij\u00f6nni, akik el\u0151sz\u00f6r ismerik fel a helyzet komolys\u00e1g\u00e1t, \u00e9s el\u0151sz\u00f6r \u00e1llnak el\u0151 az \u00faj kih\u00edv\u00e1sokra v\u00e1laszt ad\u00f3 megold\u00e1sokkal. Azon c\u00e9gek versenyel\u0151nye ugyanis m\u00e1r most \u00e9rezhet\u0151, akik az \u00e9len j\u00e1rnak a szervezetfejleszt\u00e9sben, \u00e9s haszn\u00e1lj\u00e1k a modern kor HR-v\u00edvm\u00e1nyait. <\/strong><\/p>\n<p>A Portfolio m\u00e1jus 23-i HR Revolution 2019 konferenci\u00e1j\u00e1n a legt\u00f6bb hazai \u00e1gazat cs\u00facsvezet\u0151je, \u00e9s HR-szakembere jelen lesz, hogy megvitass\u00e1k a lassan kritikus m\u00e9reteket \u00f6lt\u0151 probl\u00e9m\u00e1t, ami alapjaiban vesz\u00e9lyezteti a hazai v\u00e1llalatok versenyk\u00e9pess\u00e9g\u00e9t. A sz\u00e1mos szektorra jellemz\u0151 \u00e1gazati szint\u0171 munkaer\u0151hi\u00e1ny, \u00e9s a nyom\u00e1ban j\u00e1r\u00f3 er\u0151teljes b\u00e9rnyom\u00e1s; az \u00fczleti folyamatok felgyorsul\u00e1sa; a digitaliz\u00e1ci\u00f3; vagy \u00e9pp a munkav\u00e1llal\u00f3k sz\u00fcks\u00e9gletek szintj\u00e9n jelentkez\u0151 ig\u00e9nyeinek drasztikus v\u00e1ltoz\u00e1sa; mind-mind \u00faj kih\u00edv\u00e1sok el\u00e9 \u00e1ll\u00edtj\u00e1k a HR-szakembereket, akik mindink\u00e1bb szomjazz\u00e1k a v\u00e1llalatvezet\u00e9s, illetve tulajdonosok visszajelz\u00e9seit. F\u0151k\u00e9nt, hogy az egyes HR ter\u00fcletek k\u00f6z\u00f6tt er\u0151teljesen m\u00f3dosulnak a hangs\u00falyok is, a szakembereknek nagyobb felel\u0151ss\u00e9get kell v\u00e1llalniuk olyan feladatokban, mint a toborz\u00e1s, a munkaer\u0151-megtart\u00e1s, a c\u00e9gen bel\u00fcli tehets\u00e9ggondoz\u00e1s, a munk\u00e1ltat\u00f3i m\u00e1rka \u00e9p\u00edt\u00e9se, vagy \u00e9pp a digitaliz\u00e1ci\u00f3 nyom\u00e1n sz\u00fclet\u0151 \u00faj munkak\u00f6r\u00f6k kialak\u00edt\u00e1sa \u00e9s beilleszt\u00e9se az \u00faj \u00fczleti modellekbe.<\/p>\n<p>Forr\u00e1s: portfolio.hu<\/p>\n<p>&nbsp;<\/p>\n","protected":false},"excerpt":{"rendered":"<p>Forrong val\u00f3s\u00e1ggal a munkaer\u0151piac, azok a c\u00e9gek tudnak ebb\u0151l a helyzetb\u0151l j\u00f3l kij\u00f6nni, akik el\u0151sz\u00f6r ismerik fel a helyzet komolys\u00e1g\u00e1t, \u00e9s el\u0151sz\u00f6r \u00e1llnak el\u0151 az \u00faj kih\u00edv\u00e1sokra v\u00e1laszt ad\u00f3 megold\u00e1sokkal. Azon c\u00e9gek versenyel\u0151nye ugyanis m\u00e1r most \u00e9rezhet\u0151, akik az \u00e9len j\u00e1rnak a szervezetfejleszt\u00e9sben, \u00e9s haszn\u00e1lj\u00e1k a modern kor HR-v\u00edvm\u00e1nyait. A Portfolio m\u00e1jus 23-i HR Revolution [&hellip;]<\/p>\n","protected":false},"author":1,"featured_media":2101,"comment_status":"open","ping_status":"open","sticky":false,"template":"","format":"standard","meta":{"_monsterinsights_skip_tracking":false,"footnotes":""},"categories":[1,200],"tags":[],"class_list":["post-2778","post","type-post","status-publish","format-standard","has-post-thumbnail","hentry","category-allaskereses","category-munkaeropiac"],"aioseo_notices":[],"aioseo_head":"\n\t\t<!-- All in One SEO 5.0.0.1 - aioseo.com -->\n\t<meta name=\"description\" content=\"Forrong val\u00f3s\u00e1ggal a munkaer\u0151piac, azok a c\u00e9gek tudnak ebb\u0151l a helyzetb\u0151l j\u00f3l kij\u00f6nni, akik el\u0151sz\u00f6r ismerik fel a helyzet komolys\u00e1g\u00e1t, \u00e9s el\u0151sz\u00f6r \u00e1llnak el\u0151 az \u00faj kih\u00edv\u00e1sokra v\u00e1laszt ad\u00f3 megold\u00e1sokkal. Azon c\u00e9gek versenyel\u0151nye ugyanis m\u00e1r most \u00e9rezhet\u0151, akik az \u00e9len j\u00e1rnak a szervezetfejleszt\u00e9sben, \u00e9s haszn\u00e1lj\u00e1k a modern kor HR-v\u00edvm\u00e1nyait. A Portfolio m\u00e1jus 23-i HR Revolution\" \/>\n\t<meta name=\"robots\" content=\"max-image-preview:large\" \/>\n\t<meta name=\"author\" content=\"Juh\u00e1sz P\u00e9ter\"\/>\n\t<link rel=\"canonical\" href=\"https:\/\/allasorias.hu\/hirek\/megoldjak-a-munkaerohianyt\/\" \/>\n\t<meta name=\"generator\" content=\"All in One SEO (AIOSEO) 5.0.0.1\" \/>\n\t\t<meta property=\"og:locale\" content=\"hu_HU\" \/>\n\t\t<meta property=\"og:site_name\" content=\"AllasOrias.hu | H\u00edrek-lapszemle | \u00dczleti h\u00edrek az \u00e1ll\u00e1s \u00e9s a munka vil\u00e1g\u00e1b\u00f3l\" \/>\n\t\t<meta property=\"og:type\" content=\"article\" \/>\n\t\t<meta property=\"og:title\" content=\"Megoldj\u00e1k a munkaer\u0151hi\u00e1nyt? | AllasOrias.hu | H\u00edrek-lapszemle\" \/>\n\t\t<meta property=\"og:description\" content=\"Forrong val\u00f3s\u00e1ggal a munkaer\u0151piac, azok a c\u00e9gek tudnak ebb\u0151l a helyzetb\u0151l j\u00f3l kij\u00f6nni, akik el\u0151sz\u00f6r ismerik fel a helyzet komolys\u00e1g\u00e1t, \u00e9s el\u0151sz\u00f6r \u00e1llnak el\u0151 az \u00faj kih\u00edv\u00e1sokra v\u00e1laszt ad\u00f3 megold\u00e1sokkal. Azon c\u00e9gek versenyel\u0151nye ugyanis m\u00e1r most \u00e9rezhet\u0151, akik az \u00e9len j\u00e1rnak a szervezetfejleszt\u00e9sben, \u00e9s haszn\u00e1lj\u00e1k a modern kor HR-v\u00edvm\u00e1nyait. A Portfolio m\u00e1jus 23-i HR Revolution\" \/>\n\t\t<meta property=\"og:url\" content=\"https:\/\/allasorias.hu\/hirek\/megoldjak-a-munkaerohianyt\/\" \/>\n\t\t<meta property=\"og:image\" content=\"https:\/\/allasorias.hu\/hirek\/wp-content\/uploads\/2018\/11\/turn-on-2925962_640.jpg\" \/>\n\t\t<meta property=\"og:image:secure_url\" content=\"https:\/\/allasorias.hu\/hirek\/wp-content\/uploads\/2018\/11\/turn-on-2925962_640.jpg\" \/>\n\t\t<meta property=\"og:image:width\" content=\"640\" \/>\n\t\t<meta property=\"og:image:height\" content=\"400\" \/>\n\t\t<meta property=\"article:published_time\" content=\"2019-04-15T08:42:28+00:00\" \/>\n\t\t<meta property=\"article:modified_time\" content=\"2019-04-15T08:42:28+00:00\" \/>\n\t\t<meta property=\"article:publisher\" content=\"https:\/\/www.facebook.com\/allasorias\" \/>\n\t\t<meta name=\"twitter:card\" content=\"summary_large_image\" \/>\n\t\t<meta name=\"twitter:title\" content=\"Megoldj\u00e1k a munkaer\u0151hi\u00e1nyt? | AllasOrias.hu | H\u00edrek-lapszemle\" \/>\n\t\t<meta name=\"twitter:description\" content=\"Forrong val\u00f3s\u00e1ggal a munkaer\u0151piac, azok a c\u00e9gek tudnak ebb\u0151l a helyzetb\u0151l j\u00f3l kij\u00f6nni, akik el\u0151sz\u00f6r ismerik fel a helyzet komolys\u00e1g\u00e1t, \u00e9s el\u0151sz\u00f6r \u00e1llnak el\u0151 az \u00faj kih\u00edv\u00e1sokra v\u00e1laszt ad\u00f3 megold\u00e1sokkal. Azon c\u00e9gek versenyel\u0151nye ugyanis m\u00e1r most \u00e9rezhet\u0151, akik az \u00e9len j\u00e1rnak a szervezetfejleszt\u00e9sben, \u00e9s haszn\u00e1lj\u00e1k a modern kor HR-v\u00edvm\u00e1nyait. A Portfolio m\u00e1jus 23-i HR Revolution\" \/>\n\t\t<meta name=\"twitter:image\" content=\"https:\/\/allasorias.hu\/hirek\/wp-content\/uploads\/2018\/11\/turn-on-2925962_640.jpg\" \/>\n\t\t<meta name=\"twitter:label1\" content=\"Written by\" \/>\n\t\t<meta name=\"twitter:data1\" content=\"Juh\u00e1sz P\u00e9ter\" \/>\n\t\t<meta name=\"twitter:label2\" content=\"Est. reading time\" \/>\n\t\t<meta name=\"twitter:data2\" content=\"1 minute\" \/>\n\t\t<script type=\"application\/ld+json\" class=\"aioseo-schema\">\n\t\t\t{\"@context\":\"https:\\\/\\\/schema.org\",\"@graph\":[{\"@type\":\"Article\",\"@id\":\"https:\\\/\\\/allasorias.hu\\\/hirek\\\/megoldjak-a-munkaerohianyt\\\/#article\",\"name\":\"Megoldj\\u00e1k a munkaer\\u0151hi\\u00e1nyt? | AllasOrias.hu | H\\u00edrek-lapszemle\",\"headline\":\"Megoldj\\u00e1k a munkaer\\u0151hi\\u00e1nyt?\",\"author\":{\"@id\":\"https:\\\/\\\/allasorias.hu\\\/hirek\\\/author\\\/admin-allasorias\\\/#author\"},\"publisher\":{\"@id\":\"https:\\\/\\\/allasorias.hu\\\/hirek\\\/#organization\"},\"image\":{\"@type\":\"ImageObject\",\"url\":\"https:\\\/\\\/allasorias.hu\\\/hirek\\\/wp-content\\\/uploads\\\/2018\\\/11\\\/turn-on-2925962_640.jpg\",\"width\":640,\"height\":400},\"datePublished\":\"2019-04-15T08:42:28+02:00\",\"dateModified\":\"2019-04-15T08:42:28+02:00\",\"inLanguage\":\"hu-HU\",\"mainEntityOfPage\":{\"@id\":\"https:\\\/\\\/allasorias.hu\\\/hirek\\\/megoldjak-a-munkaerohianyt\\\/#webpage\"},\"isPartOf\":{\"@id\":\"https:\\\/\\\/allasorias.hu\\\/hirek\\\/megoldjak-a-munkaerohianyt\\\/#webpage\"},\"articleSection\":\"\\u00c1ll\\u00e1skeres\\u00e9s, Munkaer\\u0151piac\"},{\"@type\":\"BreadcrumbList\",\"@id\":\"https:\\\/\\\/allasorias.hu\\\/hirek\\\/megoldjak-a-munkaerohianyt\\\/#breadcrumblist\",\"itemListElement\":[{\"@type\":\"ListItem\",\"@id\":\"https:\\\/\\\/allasorias.hu\\\/hirek#listItem\",\"position\":1,\"name\":\"Home\",\"item\":\"https:\\\/\\\/allasorias.hu\\\/hirek\",\"nextItem\":{\"@type\":\"ListItem\",\"@id\":\"https:\\\/\\\/allasorias.hu\\\/hirek\\\/temak\\\/allaskereses\\\/#listItem\",\"name\":\"\\u00c1ll\\u00e1skeres\\u00e9s\"}},{\"@type\":\"ListItem\",\"@id\":\"https:\\\/\\\/allasorias.hu\\\/hirek\\\/temak\\\/allaskereses\\\/#listItem\",\"position\":2,\"name\":\"\\u00c1ll\\u00e1skeres\\u00e9s\",\"item\":\"https:\\\/\\\/allasorias.hu\\\/hirek\\\/temak\\\/allaskereses\\\/\",\"nextItem\":{\"@type\":\"ListItem\",\"@id\":\"https:\\\/\\\/allasorias.hu\\\/hirek\\\/megoldjak-a-munkaerohianyt\\\/#listItem\",\"name\":\"Megoldj\\u00e1k a munkaer\\u0151hi\\u00e1nyt?\"},\"previousItem\":{\"@type\":\"ListItem\",\"@id\":\"https:\\\/\\\/allasorias.hu\\\/hirek#listItem\",\"name\":\"Home\"}},{\"@type\":\"ListItem\",\"@id\":\"https:\\\/\\\/allasorias.hu\\\/hirek\\\/megoldjak-a-munkaerohianyt\\\/#listItem\",\"position\":3,\"name\":\"Megoldj\\u00e1k a munkaer\\u0151hi\\u00e1nyt?\",\"previousItem\":{\"@type\":\"ListItem\",\"@id\":\"https:\\\/\\\/allasorias.hu\\\/hirek\\\/temak\\\/allaskereses\\\/#listItem\",\"name\":\"\\u00c1ll\\u00e1skeres\\u00e9s\"}}]},{\"@type\":\"Organization\",\"@id\":\"https:\\\/\\\/allasorias.hu\\\/hirek\\\/#organization\",\"name\":\"AllasOrias.hu | H\\u00edrek-lapszemle\",\"description\":\"\\u00dczleti h\\u00edrek az \\u00e1ll\\u00e1s \\u00e9s a munka vil\\u00e1g\\u00e1b\\u00f3l\",\"url\":\"https:\\\/\\\/allasorias.hu\\\/hirek\\\/\",\"logo\":{\"@type\":\"ImageObject\",\"url\":\"https:\\\/\\\/allasorias.hu\\\/hirek\\\/wp-content\\\/uploads\\\/2022\\\/10\\\/allasorias_site_facebok_logo.png\",\"@id\":\"https:\\\/\\\/allasorias.hu\\\/hirek\\\/megoldjak-a-munkaerohianyt\\\/#organizationLogo\"},\"image\":{\"@id\":\"https:\\\/\\\/allasorias.hu\\\/hirek\\\/megoldjak-a-munkaerohianyt\\\/#organizationLogo\"},\"sameAs\":[\"https:\\\/\\\/www.facebook.com\\\/allasorias\",\"https:\\\/\\\/www.linkedin.com\\\/company\\\/allasorias\"]},{\"@type\":\"Person\",\"@id\":\"https:\\\/\\\/allasorias.hu\\\/hirek\\\/author\\\/admin-allasorias\\\/#author\",\"url\":\"https:\\\/\\\/allasorias.hu\\\/hirek\\\/author\\\/admin-allasorias\\\/\",\"name\":\"Juh\\u00e1sz P\\u00e9ter\",\"image\":{\"@type\":\"ImageObject\",\"@id\":\"https:\\\/\\\/allasorias.hu\\\/hirek\\\/megoldjak-a-munkaerohianyt\\\/#authorImage\",\"url\":\"https:\\\/\\\/secure.gravatar.com\\\/avatar\\\/36e6bcb83148978b992977cb0f54d22feb0cce8a0a849a9410532bb2623ba4c6?s=96&d=mm&r=g\",\"width\":96,\"height\":96,\"caption\":\"Juh\\u00e1sz P\\u00e9ter\"}},{\"@type\":\"WebPage\",\"@id\":\"https:\\\/\\\/allasorias.hu\\\/hirek\\\/megoldjak-a-munkaerohianyt\\\/#webpage\",\"url\":\"https:\\\/\\\/allasorias.hu\\\/hirek\\\/megoldjak-a-munkaerohianyt\\\/\",\"name\":\"Megoldj\\u00e1k a munkaer\\u0151hi\\u00e1nyt? | AllasOrias.hu | H\\u00edrek-lapszemle\",\"description\":\"Forrong val\\u00f3s\\u00e1ggal a munkaer\\u0151piac, azok a c\\u00e9gek tudnak ebb\\u0151l a helyzetb\\u0151l j\\u00f3l kij\\u00f6nni, akik el\\u0151sz\\u00f6r ismerik fel a helyzet komolys\\u00e1g\\u00e1t, \\u00e9s el\\u0151sz\\u00f6r \\u00e1llnak el\\u0151 az \\u00faj kih\\u00edv\\u00e1sokra v\\u00e1laszt ad\\u00f3 megold\\u00e1sokkal. Azon c\\u00e9gek versenyel\\u0151nye ugyanis m\\u00e1r most \\u00e9rezhet\\u0151, akik az \\u00e9len j\\u00e1rnak a szervezetfejleszt\\u00e9sben, \\u00e9s haszn\\u00e1lj\\u00e1k a modern kor HR-v\\u00edvm\\u00e1nyait. A Portfolio m\\u00e1jus 23-i HR Revolution\",\"inLanguage\":\"hu-HU\",\"isPartOf\":{\"@id\":\"https:\\\/\\\/allasorias.hu\\\/hirek\\\/#website\"},\"breadcrumb\":{\"@id\":\"https:\\\/\\\/allasorias.hu\\\/hirek\\\/megoldjak-a-munkaerohianyt\\\/#breadcrumblist\"},\"author\":{\"@id\":\"https:\\\/\\\/allasorias.hu\\\/hirek\\\/author\\\/admin-allasorias\\\/#author\"},\"creator\":{\"@id\":\"https:\\\/\\\/allasorias.hu\\\/hirek\\\/author\\\/admin-allasorias\\\/#author\"},\"image\":{\"@type\":\"ImageObject\",\"url\":\"https:\\\/\\\/allasorias.hu\\\/hirek\\\/wp-content\\\/uploads\\\/2018\\\/11\\\/turn-on-2925962_640.jpg\",\"@id\":\"https:\\\/\\\/allasorias.hu\\\/hirek\\\/megoldjak-a-munkaerohianyt\\\/#mainImage\",\"width\":640,\"height\":400},\"primaryImageOfPage\":{\"@id\":\"https:\\\/\\\/allasorias.hu\\\/hirek\\\/megoldjak-a-munkaerohianyt\\\/#mainImage\"},\"datePublished\":\"2019-04-15T08:42:28+02:00\",\"dateModified\":\"2019-04-15T08:42:28+02:00\"},{\"@type\":\"WebSite\",\"@id\":\"https:\\\/\\\/allasorias.hu\\\/hirek\\\/#website\",\"url\":\"https:\\\/\\\/allasorias.hu\\\/hirek\\\/\",\"name\":\"AllasOrias.hu | H\\u00edrek-lapszemle\",\"description\":\"\\u00dczleti h\\u00edrek az \\u00e1ll\\u00e1s \\u00e9s a munka vil\\u00e1g\\u00e1b\\u00f3l\",\"inLanguage\":\"hu-HU\",\"publisher\":{\"@id\":\"https:\\\/\\\/allasorias.hu\\\/hirek\\\/#organization\"}}]}\n\t\t<\/script>\n\t\t<!-- All in One SEO -->\n\n","aioseo_head_json":{"title":"Megoldj\u00e1k a munkaer\u0151hi\u00e1nyt? | AllasOrias.hu | H\u00edrek-lapszemle","description":"Forrong val\u00f3s\u00e1ggal a munkaer\u0151piac, azok a c\u00e9gek tudnak ebb\u0151l a helyzetb\u0151l j\u00f3l kij\u00f6nni, akik el\u0151sz\u00f6r ismerik fel a helyzet komolys\u00e1g\u00e1t, \u00e9s el\u0151sz\u00f6r \u00e1llnak el\u0151 az \u00faj kih\u00edv\u00e1sokra v\u00e1laszt ad\u00f3 megold\u00e1sokkal. Azon c\u00e9gek versenyel\u0151nye ugyanis m\u00e1r most \u00e9rezhet\u0151, akik az \u00e9len j\u00e1rnak a szervezetfejleszt\u00e9sben, \u00e9s haszn\u00e1lj\u00e1k a modern kor HR-v\u00edvm\u00e1nyait. A Portfolio m\u00e1jus 23-i HR Revolution","canonical_url":"https:\/\/allasorias.hu\/hirek\/megoldjak-a-munkaerohianyt\/","robots":"max-image-preview:large","keywords":"","webmasterTools":{"miscellaneous":""},"schema":{"@context":"https:\/\/schema.org","@graph":[{"@type":"Article","@id":"https:\/\/allasorias.hu\/hirek\/megoldjak-a-munkaerohianyt\/#article","name":"Megoldj\u00e1k a munkaer\u0151hi\u00e1nyt? | AllasOrias.hu | H\u00edrek-lapszemle","headline":"Megoldj\u00e1k a munkaer\u0151hi\u00e1nyt?","author":{"@id":"https:\/\/allasorias.hu\/hirek\/author\/admin-allasorias\/#author"},"publisher":{"@id":"https:\/\/allasorias.hu\/hirek\/#organization"},"image":{"@type":"ImageObject","url":"https:\/\/allasorias.hu\/hirek\/wp-content\/uploads\/2018\/11\/turn-on-2925962_640.jpg","width":640,"height":400},"datePublished":"2019-04-15T08:42:28+02:00","dateModified":"2019-04-15T08:42:28+02:00","inLanguage":"hu-HU","mainEntityOfPage":{"@id":"https:\/\/allasorias.hu\/hirek\/megoldjak-a-munkaerohianyt\/#webpage"},"isPartOf":{"@id":"https:\/\/allasorias.hu\/hirek\/megoldjak-a-munkaerohianyt\/#webpage"},"articleSection":"\u00c1ll\u00e1skeres\u00e9s, Munkaer\u0151piac"},{"@type":"BreadcrumbList","@id":"https:\/\/allasorias.hu\/hirek\/megoldjak-a-munkaerohianyt\/#breadcrumblist","itemListElement":[{"@type":"ListItem","@id":"https:\/\/allasorias.hu\/hirek#listItem","position":1,"name":"Home","item":"https:\/\/allasorias.hu\/hirek","nextItem":{"@type":"ListItem","@id":"https:\/\/allasorias.hu\/hirek\/temak\/allaskereses\/#listItem","name":"\u00c1ll\u00e1skeres\u00e9s"}},{"@type":"ListItem","@id":"https:\/\/allasorias.hu\/hirek\/temak\/allaskereses\/#listItem","position":2,"name":"\u00c1ll\u00e1skeres\u00e9s","item":"https:\/\/allasorias.hu\/hirek\/temak\/allaskereses\/","nextItem":{"@type":"ListItem","@id":"https:\/\/allasorias.hu\/hirek\/megoldjak-a-munkaerohianyt\/#listItem","name":"Megoldj\u00e1k a munkaer\u0151hi\u00e1nyt?"},"previousItem":{"@type":"ListItem","@id":"https:\/\/allasorias.hu\/hirek#listItem","name":"Home"}},{"@type":"ListItem","@id":"https:\/\/allasorias.hu\/hirek\/megoldjak-a-munkaerohianyt\/#listItem","position":3,"name":"Megoldj\u00e1k a munkaer\u0151hi\u00e1nyt?","previousItem":{"@type":"ListItem","@id":"https:\/\/allasorias.hu\/hirek\/temak\/allaskereses\/#listItem","name":"\u00c1ll\u00e1skeres\u00e9s"}}]},{"@type":"Organization","@id":"https:\/\/allasorias.hu\/hirek\/#organization","name":"AllasOrias.hu | H\u00edrek-lapszemle","description":"\u00dczleti h\u00edrek az \u00e1ll\u00e1s \u00e9s a munka vil\u00e1g\u00e1b\u00f3l","url":"https:\/\/allasorias.hu\/hirek\/","logo":{"@type":"ImageObject","url":"https:\/\/allasorias.hu\/hirek\/wp-content\/uploads\/2022\/10\/allasorias_site_facebok_logo.png","@id":"https:\/\/allasorias.hu\/hirek\/megoldjak-a-munkaerohianyt\/#organizationLogo"},"image":{"@id":"https:\/\/allasorias.hu\/hirek\/megoldjak-a-munkaerohianyt\/#organizationLogo"},"sameAs":["https:\/\/www.facebook.com\/allasorias","https:\/\/www.linkedin.com\/company\/allasorias"]},{"@type":"Person","@id":"https:\/\/allasorias.hu\/hirek\/author\/admin-allasorias\/#author","url":"https:\/\/allasorias.hu\/hirek\/author\/admin-allasorias\/","name":"Juh\u00e1sz P\u00e9ter","image":{"@type":"ImageObject","@id":"https:\/\/allasorias.hu\/hirek\/megoldjak-a-munkaerohianyt\/#authorImage","url":"https:\/\/secure.gravatar.com\/avatar\/36e6bcb83148978b992977cb0f54d22feb0cce8a0a849a9410532bb2623ba4c6?s=96&d=mm&r=g","width":96,"height":96,"caption":"Juh\u00e1sz P\u00e9ter"}},{"@type":"WebPage","@id":"https:\/\/allasorias.hu\/hirek\/megoldjak-a-munkaerohianyt\/#webpage","url":"https:\/\/allasorias.hu\/hirek\/megoldjak-a-munkaerohianyt\/","name":"Megoldj\u00e1k a munkaer\u0151hi\u00e1nyt? | AllasOrias.hu | H\u00edrek-lapszemle","description":"Forrong val\u00f3s\u00e1ggal a munkaer\u0151piac, azok a c\u00e9gek tudnak ebb\u0151l a helyzetb\u0151l j\u00f3l kij\u00f6nni, akik el\u0151sz\u00f6r ismerik fel a helyzet komolys\u00e1g\u00e1t, \u00e9s el\u0151sz\u00f6r \u00e1llnak el\u0151 az \u00faj kih\u00edv\u00e1sokra v\u00e1laszt ad\u00f3 megold\u00e1sokkal. Azon c\u00e9gek versenyel\u0151nye ugyanis m\u00e1r most \u00e9rezhet\u0151, akik az \u00e9len j\u00e1rnak a szervezetfejleszt\u00e9sben, \u00e9s haszn\u00e1lj\u00e1k a modern kor HR-v\u00edvm\u00e1nyait. A Portfolio m\u00e1jus 23-i HR Revolution","inLanguage":"hu-HU","isPartOf":{"@id":"https:\/\/allasorias.hu\/hirek\/#website"},"breadcrumb":{"@id":"https:\/\/allasorias.hu\/hirek\/megoldjak-a-munkaerohianyt\/#breadcrumblist"},"author":{"@id":"https:\/\/allasorias.hu\/hirek\/author\/admin-allasorias\/#author"},"creator":{"@id":"https:\/\/allasorias.hu\/hirek\/author\/admin-allasorias\/#author"},"image":{"@type":"ImageObject","url":"https:\/\/allasorias.hu\/hirek\/wp-content\/uploads\/2018\/11\/turn-on-2925962_640.jpg","@id":"https:\/\/allasorias.hu\/hirek\/megoldjak-a-munkaerohianyt\/#mainImage","width":640,"height":400},"primaryImageOfPage":{"@id":"https:\/\/allasorias.hu\/hirek\/megoldjak-a-munkaerohianyt\/#mainImage"},"datePublished":"2019-04-15T08:42:28+02:00","dateModified":"2019-04-15T08:42:28+02:00"},{"@type":"WebSite","@id":"https:\/\/allasorias.hu\/hirek\/#website","url":"https:\/\/allasorias.hu\/hirek\/","name":"AllasOrias.hu | H\u00edrek-lapszemle","description":"\u00dczleti h\u00edrek az \u00e1ll\u00e1s \u00e9s a munka vil\u00e1g\u00e1b\u00f3l","inLanguage":"hu-HU","publisher":{"@id":"https:\/\/allasorias.hu\/hirek\/#organization"}}]},"og:locale":"hu_HU","og:site_name":"AllasOrias.hu | H\u00edrek-lapszemle | \u00dczleti h\u00edrek az \u00e1ll\u00e1s \u00e9s a munka vil\u00e1g\u00e1b\u00f3l","og:type":"article","og:title":"Megoldj\u00e1k a munkaer\u0151hi\u00e1nyt? | AllasOrias.hu | H\u00edrek-lapszemle","og:description":"Forrong val\u00f3s\u00e1ggal a munkaer\u0151piac, azok a c\u00e9gek tudnak ebb\u0151l a helyzetb\u0151l j\u00f3l kij\u00f6nni, akik el\u0151sz\u00f6r ismerik fel a helyzet komolys\u00e1g\u00e1t, \u00e9s el\u0151sz\u00f6r \u00e1llnak el\u0151 az \u00faj kih\u00edv\u00e1sokra v\u00e1laszt ad\u00f3 megold\u00e1sokkal. Azon c\u00e9gek versenyel\u0151nye ugyanis m\u00e1r most \u00e9rezhet\u0151, akik az \u00e9len j\u00e1rnak a szervezetfejleszt\u00e9sben, \u00e9s haszn\u00e1lj\u00e1k a modern kor HR-v\u00edvm\u00e1nyait. A Portfolio m\u00e1jus 23-i HR Revolution","og:url":"https:\/\/allasorias.hu\/hirek\/megoldjak-a-munkaerohianyt\/","og:image":"https:\/\/allasorias.hu\/hirek\/wp-content\/uploads\/2018\/11\/turn-on-2925962_640.jpg","og:image:secure_url":"https:\/\/allasorias.hu\/hirek\/wp-content\/uploads\/2018\/11\/turn-on-2925962_640.jpg","og:image:width":640,"og:image:height":400,"article:published_time":"2019-04-15T08:42:28+00:00","article:modified_time":"2019-04-15T08:42:28+00:00","article:publisher":"https:\/\/www.facebook.com\/allasorias","twitter:card":"summary_large_image","twitter:title":"Megoldj\u00e1k a munkaer\u0151hi\u00e1nyt? | AllasOrias.hu | H\u00edrek-lapszemle","twitter:description":"Forrong val\u00f3s\u00e1ggal a munkaer\u0151piac, azok a c\u00e9gek tudnak ebb\u0151l a helyzetb\u0151l j\u00f3l kij\u00f6nni, akik el\u0151sz\u00f6r ismerik fel a helyzet komolys\u00e1g\u00e1t, \u00e9s el\u0151sz\u00f6r \u00e1llnak el\u0151 az \u00faj kih\u00edv\u00e1sokra v\u00e1laszt ad\u00f3 megold\u00e1sokkal. Azon c\u00e9gek versenyel\u0151nye ugyanis m\u00e1r most \u00e9rezhet\u0151, akik az \u00e9len j\u00e1rnak a szervezetfejleszt\u00e9sben, \u00e9s haszn\u00e1lj\u00e1k a modern kor HR-v\u00edvm\u00e1nyait. A Portfolio m\u00e1jus 23-i HR Revolution","twitter:image":"https:\/\/allasorias.hu\/hirek\/wp-content\/uploads\/2018\/11\/turn-on-2925962_640.jpg","twitter:label1":"Written by","twitter:data1":"Juh\u00e1sz P\u00e9ter","twitter:label2":"Est. reading time","twitter:data2":"1 minute"},"aioseo_meta_data":{"post_id":"2778","title":null,"description":null,"keywords":null,"keyphrases":null,"primary_term":null,"canonical_url":null,"og_title":null,"og_description":null,"og_object_type":"default","og_image_type":"default","og_image_url":null,"og_image_width":null,"og_image_height":null,"og_image_custom_url":null,"og_image_custom_fields":null,"og_video":null,"og_custom_url":null,"og_article_section":null,"og_article_tags":null,"twitter_use_og":false,"twitter_card":"default","twitter_image_type":"default","twitter_image_url":null,"twitter_image_custom_url":null,"twitter_image_custom_fields":null,"twitter_title":null,"twitter_description":null,"schema":{"blockGraphs":[],"customGraphs":[],"default":{"data":{"Article":[],"Course":[],"Dataset":[],"FAQPage":[],"Movie":[],"Person":[],"Product":[],"ProductReview":[],"Car":[],"Recipe":[],"Service":[],"SoftwareApplication":[],"WebPage":[]},"graphName":"","isEnabled":true},"graphs":[]},"schema_type":null,"schema_type_options":null,"pillar_content":false,"robots_default":true,"robots_noindex":false,"robots_noarchive":false,"robots_nosnippet":false,"robots_nofollow":false,"robots_noimageindex":false,"robots_noodp":false,"robots_notranslate":false,"robots_max_snippet":null,"robots_max_videopreview":null,"robots_max_imagepreview":"large","priority":null,"frequency":null,"location":null,"local_seo":null,"breadcrumb_settings":null,"limit_modified_date":false,"ai":null,"created":"2021-02-01 21:14:05","updated":"2025-10-02 11:04:36","seo_analyzer_scan_date":null,"focus_keyword":null,"additional_keywords":null,"truseo_locale":null},"aioseo_breadcrumb":"<div class=\"aioseo-breadcrumbs\"><span class=\"aioseo-breadcrumb\">\n\t\t\t<a href=\"https:\/\/allasorias.hu\/hirek\" title=\"Home\">Home<\/a>\n\t\t<\/span><span class=\"aioseo-breadcrumb-separator\">&raquo;<\/span><span class=\"aioseo-breadcrumb\">\n\t\t\t<a href=\"https:\/\/allasorias.hu\/hirek\/temak\/allaskereses\/\" title=\"\u00c1ll\u00e1skeres\u00e9s\">\u00c1ll\u00e1skeres\u00e9s<\/a>\n\t\t<\/span><span class=\"aioseo-breadcrumb-separator\">&raquo;<\/span><span class=\"aioseo-breadcrumb\">\n\t\t\tMegoldj\u00e1k a munkaer\u0151hi\u00e1nyt?\n\t\t<\/span><\/div>","aioseo_breadcrumb_json":[{"label":"Home","link":"https:\/\/allasorias.hu\/hirek"},{"label":"\u00c1ll\u00e1skeres\u00e9s","link":"https:\/\/allasorias.hu\/hirek\/temak\/allaskereses\/"},{"label":"Megoldj\u00e1k a munkaer\u0151hi\u00e1nyt?","link":"https:\/\/allasorias.hu\/hirek\/megoldjak-a-munkaerohianyt\/"}],"_links":{"self":[{"href":"https:\/\/allasorias.hu\/hirek\/wp-json\/wp\/v2\/posts\/2778","targetHints":{"allow":["GET"]}}],"collection":[{"href":"https:\/\/allasorias.hu\/hirek\/wp-json\/wp\/v2\/posts"}],"about":[{"href":"https:\/\/allasorias.hu\/hirek\/wp-json\/wp\/v2\/types\/post"}],"author":[{"embeddable":true,"href":"https:\/\/allasorias.hu\/hirek\/wp-json\/wp\/v2\/users\/1"}],"replies":[{"embeddable":true,"href":"https:\/\/allasorias.hu\/hirek\/wp-json\/wp\/v2\/comments?post=2778"}],"version-history":[{"count":1,"href":"https:\/\/allasorias.hu\/hirek\/wp-json\/wp\/v2\/posts\/2778\/revisions"}],"predecessor-version":[{"id":2779,"href":"https:\/\/allasorias.hu\/hirek\/wp-json\/wp\/v2\/posts\/2778\/revisions\/2779"}],"wp:featuredmedia":[{"embeddable":true,"href":"https:\/\/allasorias.hu\/hirek\/wp-json\/wp\/v2\/media\/2101"}],"wp:attachment":[{"href":"https:\/\/allasorias.hu\/hirek\/wp-json\/wp\/v2\/media?parent=2778"}],"wp:term":[{"taxonomy":"category","embeddable":true,"href":"https:\/\/allasorias.hu\/hirek\/wp-json\/wp\/v2\/categories?post=2778"},{"taxonomy":"post_tag","embeddable":true,"href":"https:\/\/allasorias.hu\/hirek\/wp-json\/wp\/v2\/tags?post=2778"}],"curies":[{"name":"wp","href":"https:\/\/api.w.org\/{rel}","templated":true}]}}